{"id":124076,"date":"2025-02-17T09:50:17","date_gmt":"2025-02-17T11:50:17","guid":{"rendered":"https:\/\/www.boxrepsol.com\/?p=124076"},"modified":"2025-02-17T09:50:18","modified_gmt":"2025-02-17T11:50:18","slug":"la-primera-moto-campeona-de-toni-bou-nueva-estrella-de-la-exposicion-box-repsol-en-el-museo-de-la-moto","status":"publish","type":"post","link":"https:\/\/www.boxrepsol.com\/es\/trial\/la-primera-moto-campeona-de-toni-bou-nueva-estrella-de-la-exposicion-box-repsol-en-el-museo-de-la-moto\/","title":{"rendered":"La primera moto campeona de Toni Bou, nueva estrella de la exposici\u00f3n Box Repsol en el Museo de la Moto"},"content":{"rendered":"<figure class=\"wp-block-post-featured-image\"><img loading=\"lazy\" decoding=\"async\" width=\"1200\" height=\"675\" src=\"https:\/\/bxrepsol.s3.eu-west-1.amazonaws.com\/static\/2025\/02\/17093951\/Toni_Bou_Museo_de_la_moto.jpg\" class=\"attachment-post-thumbnail size-post-thumbnail wp-post-image\" alt=\"\" style=\"object-fit:cover;\" srcset=\"https:\/\/bxrepsol.s3.eu-west-1.amazonaws.com\/static\/2025\/02\/17093951\/Toni_Bou_Museo_de_la_moto.jpg 1200w, https:\/\/bxrepsol.s3.eu-west-1.amazonaws.com\/static\/2025\/02\/17093951\/Toni_Bou_Museo_de_la_moto-300x169.jpg 300w, https:\/\/bxrepsol.s3.eu-west-1.amazonaws.com\/static\/2025\/02\/17093951\/Toni_Bou_Museo_de_la_moto-1024x576.jpg 1024w, https:\/\/bxrepsol.s3.eu-west-1.amazonaws.com\/static\/2025\/02\/17093951\/Toni_Bou_Museo_de_la_moto-768x432.jpg 768w\" sizes=\"auto, (max-width: 1200px) 100vw, 1200px\" \/><\/figure>\n\n\n<p>La exposici\u00f3n Box Repsol del Museo de la Moto Made in Spain tiene una nueva moto ic\u00f3nica: la Montesa Cota 4RT con la que Toni Bou logr\u00f3 su primer mundial en el a\u00f1o 2007 con los colores del equipo Repsol Honda. Una moto con la que, con apenas 20 a\u00f1os, Bou conquist\u00f3 el t\u00edtulo en su debut en el equipo. Es la protagonista del fulgurante inicio de la incomparable carrera del piloto de Piera, primera piedra de un palmar\u00e9s sin precedentes que le ha llevado a ser una de las figuras m\u00e1s importantes del deporte de nuestro pa\u00eds.<\/p>\n\n\n\n<figure class=\"wp-block-embed is-type-video is-provider-youtube wp-block-embed-youtube wp-embed-aspect-16-9 wp-has-aspect-ratio\"><div class=\"wp-block-embed__wrapper\">\n<iframe loading=\"lazy\" title=\"La primera moto campeona de Toni Bou, expuesta en el Museo de la Moto\" width=\"500\" height=\"281\" src=\"https:\/\/www.youtube.com\/embed\/M-oUYmJIMnA?feature=oembed\" frameborder=\"0\" allow=\"accelerometer; autoplay; clipboard-write; encrypted-media; gyroscope; picture-in-picture; web-share\" referrerpolicy=\"strict-origin-when-cross-origin\" allowfullscreen><\/iframe>\n<\/div><\/figure>\n\n\n\n<p>Es adem\u00e1s la segunda moto de Bou que se puede ver en la exposici\u00f3n de Alcal\u00e1 de Henares, pues los amantes del motor tambi\u00e9n pueden admirar la Montesa Cota 4RT con la que Bou alcanz\u00f3 el a\u00f1o pasado nada menos que 36 Campeonatos del Mundo.<\/p>\n\n\n\n<p>Esta ic\u00f3nica moto puede admirarse junto a otras m\u00e1quinas m\u00edticas como la Honda NSR 500 de Mick Doohan de 1995, la Derbi de 50cc de \u00c1ngel Nieto de 1971 o la Honda RC213V de Marc M\u00e1rquez de 2019 con la que Repsol ha desarrollado sus combustibles renovables. Todo ello, en una experiencia inmersiva y educativa para rendir homenaje a la cultura motera en Espa\u00f1a y resaltar la importancia de Repsol en el sector. Un espacio dedicado a los patrocinios de la compa\u00f1\u00eda multienerg\u00e9tica en MotoGP, Trial y Raids, que se puede visitar todos los fines de semana. La compra de entradas est\u00e1 disponible a trav\u00e9s de <a href=\"https:\/\/motosmadeinspain.com\/\">su p\u00e1gina web<\/a> o de forma presencial.<\/p>\n","protected":false},"excerpt":{"rendered":"<p>La exposici\u00f3n Box Repsol que acoge el Museo de la Moto de Alcal\u00e1 de Henares suma una nueva moto campeona a su cartel de lujo: la Cota 4RT con la que Toni Bou logr\u00f3 el primero de sus 36 t\u00edtulos de Campe\u00f3n del Mundo<\/p>\n","protected":false},"author":43146,"featured_media":124077,"comment_status":"open","ping_status":"closed","sticky":false,"template":"","format":"standard","meta":{"footnotes":""},"categories":[23],"tags":[381,380,21],"class_list":["post-124076","post","type-post","status-publish","format-standard","hentry","category-trial","tag-eventos","tag-novedades","tag-toni-bou"],"yoast_head":"<!-- This site is optimized with the Yoast SEO plugin v27.3 - https:\/\/yoast.com\/product\/yoast-seo-wordpress\/ -->\n<title>La primera moto campeona de Toni Bou, nueva estrella de la exposici\u00f3n Box Repsol en el Museo de la Moto - Box Repsol<\/title>\n<link rel=\"canonical\" href=\"https:\/\/www.boxrepsol.com\/es\/trial\/la-primera-moto-campeona-de-toni-bou-nueva-estrella-de-la-exposicion-box-repsol-en-el-museo-de-la-moto\/\" \/>\n<meta property=\"og:locale\" content=\"es_ES\" \/>\n<meta property=\"og:type\" content=\"article\" \/>\n<meta property=\"og:title\" content=\"La primera moto campeona de Toni Bou, nueva estrella de la exposici\u00f3n Box Repsol en el Museo de la Moto - Box Repsol\" \/>\n<meta property=\"og:description\" content=\"La exposici\u00f3n Box Repsol que acoge el Museo de la Moto de Alcal\u00e1 de Henares suma una nueva moto campeona a su cartel de lujo: la Cota 4RT con la que Toni Bou logr\u00f3 el primero de sus 36 t\u00edtulos de Campe\u00f3n del Mundo\" \/>\n<meta property=\"og:url\" content=\"https:\/\/www.boxrepsol.com\/es\/trial\/la-primera-moto-campeona-de-toni-bou-nueva-estrella-de-la-exposicion-box-repsol-en-el-museo-de-la-moto\/\" \/>\n<meta property=\"og:site_name\" content=\"Box Repsol\" \/>\n<meta property=\"article:publisher\" content=\"https:\/\/www.facebook.com\/BoxRepsol\" \/>\n<meta property=\"article:author\" content=\"https:\/\/www.facebook.com\/BoxRepsol\/\" \/>\n<meta property=\"article:published_time\" content=\"2025-02-17T11:50:17+00:00\" \/>\n<meta property=\"article:modified_time\" content=\"2025-02-17T11:50:18+00:00\" \/>\n<meta property=\"og:image\" content=\"https:\/\/bxrepsol.s3.eu-west-1.amazonaws.com\/static\/2025\/02\/17093951\/Toni_Bou_Museo_de_la_moto.jpg\" \/>\n\t<meta property=\"og:image:width\" content=\"1200\" \/>\n\t<meta property=\"og:image:height\" content=\"675\" \/>\n\t<meta property=\"og:image:type\" content=\"image\/jpeg\" \/>\n<meta name=\"author\" content=\"Redacci\u00f3n Box Repsol\" \/>\n<meta name=\"twitter:card\" content=\"summary_large_image\" \/>\n<meta name=\"twitter:creator\" content=\"@https:\/\/twitter.com\/box_repsol\" \/>\n<meta name=\"twitter:site\" content=\"@box_repsol\" \/>\n<meta name=\"twitter:label1\" content=\"Written by\" \/>\n\t<meta name=\"twitter:data1\" content=\"Redacci\u00f3n Box Repsol\" \/>\n\t<meta name=\"twitter:label2\" content=\"Est. reading time\" \/>\n\t<meta name=\"twitter:data2\" content=\"1 minuto\" \/>\n<script type=\"application\/ld+json\" class=\"yoast-schema-graph\">{\"@context\":\"https:\\\/\\\/schema.org\",\"@graph\":[{\"@type\":\"Article\",\"@id\":\"https:\\\/\\\/www.boxrepsol.com\\\/es\\\/trial\\\/la-primera-moto-campeona-de-toni-bou-nueva-estrella-de-la-exposicion-box-repsol-en-el-museo-de-la-moto\\\/#article\",\"isPartOf\":{\"@id\":\"https:\\\/\\\/www.boxrepsol.com\\\/es\\\/trial\\\/la-primera-moto-campeona-de-toni-bou-nueva-estrella-de-la-exposicion-box-repsol-en-el-museo-de-la-moto\\\/\"},\"author\":{\"name\":\"Redacci\u00f3n Box Repsol\",\"@id\":\"https:\\\/\\\/www.boxrepsol.com\\\/es\\\/#\\\/schema\\\/person\\\/c5c2138f2cca251b0ad92b7086bb60b7\"},\"headline\":\"La primera moto campeona de Toni Bou, nueva estrella de la exposici\u00f3n Box Repsol en el Museo de la Moto\",\"datePublished\":\"2025-02-17T11:50:17+00:00\",\"dateModified\":\"2025-02-17T11:50:18+00:00\",\"mainEntityOfPage\":{\"@id\":\"https:\\\/\\\/www.boxrepsol.com\\\/es\\\/trial\\\/la-primera-moto-campeona-de-toni-bou-nueva-estrella-de-la-exposicion-box-repsol-en-el-museo-de-la-moto\\\/\"},\"wordCount\":299,\"commentCount\":0,\"publisher\":{\"@id\":\"https:\\\/\\\/www.boxrepsol.com\\\/es\\\/#organization\"},\"image\":{\"@id\":\"https:\\\/\\\/www.boxrepsol.com\\\/es\\\/trial\\\/la-primera-moto-campeona-de-toni-bou-nueva-estrella-de-la-exposicion-box-repsol-en-el-museo-de-la-moto\\\/#primaryimage\"},\"thumbnailUrl\":\"https:\\\/\\\/bxrepsol.s3.eu-west-1.amazonaws.com\\\/static\\\/2025\\\/02\\\/17093951\\\/Toni_Bou_Museo_de_la_moto.jpg\",\"keywords\":[\"Eventos\",\"Novedades\",\"Toni Bou\"],\"articleSection\":[\"Trial\"],\"inLanguage\":\"es\",\"potentialAction\":[{\"@type\":\"CommentAction\",\"name\":\"Comment\",\"target\":[\"https:\\\/\\\/www.boxrepsol.com\\\/es\\\/trial\\\/la-primera-moto-campeona-de-toni-bou-nueva-estrella-de-la-exposicion-box-repsol-en-el-museo-de-la-moto\\\/#respond\"]}]},{\"@type\":\"WebPage\",\"@id\":\"https:\\\/\\\/www.boxrepsol.com\\\/es\\\/trial\\\/la-primera-moto-campeona-de-toni-bou-nueva-estrella-de-la-exposicion-box-repsol-en-el-museo-de-la-moto\\\/\",\"url\":\"https:\\\/\\\/www.boxrepsol.com\\\/es\\\/trial\\\/la-primera-moto-campeona-de-toni-bou-nueva-estrella-de-la-exposicion-box-repsol-en-el-museo-de-la-moto\\\/\",\"name\":\"La primera moto campeona de Toni Bou, nueva estrella de la exposici\u00f3n Box Repsol en el Museo de la Moto - Box Repsol\",\"isPartOf\":{\"@id\":\"https:\\\/\\\/www.boxrepsol.com\\\/es\\\/#website\"},\"primaryImageOfPage\":{\"@id\":\"https:\\\/\\\/www.boxrepsol.com\\\/es\\\/trial\\\/la-primera-moto-campeona-de-toni-bou-nueva-estrella-de-la-exposicion-box-repsol-en-el-museo-de-la-moto\\\/#primaryimage\"},\"image\":{\"@id\":\"https:\\\/\\\/www.boxrepsol.com\\\/es\\\/trial\\\/la-primera-moto-campeona-de-toni-bou-nueva-estrella-de-la-exposicion-box-repsol-en-el-museo-de-la-moto\\\/#primaryimage\"},\"thumbnailUrl\":\"https:\\\/\\\/bxrepsol.s3.eu-west-1.amazonaws.com\\\/static\\\/2025\\\/02\\\/17093951\\\/Toni_Bou_Museo_de_la_moto.jpg\",\"datePublished\":\"2025-02-17T11:50:17+00:00\",\"dateModified\":\"2025-02-17T11:50:18+00:00\",\"breadcrumb\":{\"@id\":\"https:\\\/\\\/www.boxrepsol.com\\\/es\\\/trial\\\/la-primera-moto-campeona-de-toni-bou-nueva-estrella-de-la-exposicion-box-repsol-en-el-museo-de-la-moto\\\/#breadcrumb\"},\"inLanguage\":\"es\",\"potentialAction\":[{\"@type\":\"ReadAction\",\"target\":[\"https:\\\/\\\/www.boxrepsol.com\\\/es\\\/trial\\\/la-primera-moto-campeona-de-toni-bou-nueva-estrella-de-la-exposicion-box-repsol-en-el-museo-de-la-moto\\\/\"]}]},{\"@type\":\"ImageObject\",\"inLanguage\":\"es\",\"@id\":\"https:\\\/\\\/www.boxrepsol.com\\\/es\\\/trial\\\/la-primera-moto-campeona-de-toni-bou-nueva-estrella-de-la-exposicion-box-repsol-en-el-museo-de-la-moto\\\/#primaryimage\",\"url\":\"https:\\\/\\\/bxrepsol.s3.eu-west-1.amazonaws.com\\\/static\\\/2025\\\/02\\\/17093951\\\/Toni_Bou_Museo_de_la_moto.jpg\",\"contentUrl\":\"https:\\\/\\\/bxrepsol.s3.eu-west-1.amazonaws.com\\\/static\\\/2025\\\/02\\\/17093951\\\/Toni_Bou_Museo_de_la_moto.jpg\",\"width\":1200,\"height\":675},{\"@type\":\"BreadcrumbList\",\"@id\":\"https:\\\/\\\/www.boxrepsol.com\\\/es\\\/trial\\\/la-primera-moto-campeona-de-toni-bou-nueva-estrella-de-la-exposicion-box-repsol-en-el-museo-de-la-moto\\\/#breadcrumb\",\"itemListElement\":[{\"@type\":\"ListItem\",\"position\":1,\"name\":\"Home\",\"item\":\"https:\\\/\\\/www.boxrepsol.com\\\/es\\\/\"},{\"@type\":\"ListItem\",\"position\":2,\"name\":\"La primera moto campeona de Toni Bou, nueva estrella de la exposici\u00f3n Box Repsol en el Museo de la Moto\"}]},{\"@type\":\"WebSite\",\"@id\":\"https:\\\/\\\/www.boxrepsol.com\\\/es\\\/#website\",\"url\":\"https:\\\/\\\/www.boxrepsol.com\\\/es\\\/\",\"name\":\"Box Repsol\",\"description\":\"Box Repsol Site\",\"publisher\":{\"@id\":\"https:\\\/\\\/www.boxrepsol.com\\\/es\\\/#organization\"},\"potentialAction\":[{\"@type\":\"SearchAction\",\"target\":{\"@type\":\"EntryPoint\",\"urlTemplate\":\"https:\\\/\\\/www.boxrepsol.com\\\/es\\\/?s={search_term_string}\"},\"query-input\":{\"@type\":\"PropertyValueSpecification\",\"valueRequired\":true,\"valueName\":\"search_term_string\"}}],\"inLanguage\":\"es\"},{\"@type\":\"Organization\",\"@id\":\"https:\\\/\\\/www.boxrepsol.com\\\/es\\\/#organization\",\"name\":\"Box Repsol\",\"url\":\"https:\\\/\\\/www.boxrepsol.com\\\/es\\\/\",\"logo\":{\"@type\":\"ImageObject\",\"inLanguage\":\"es\",\"@id\":\"https:\\\/\\\/www.boxrepsol.com\\\/es\\\/#\\\/schema\\\/logo\\\/image\\\/\",\"url\":\"https:\\\/\\\/bxrepsol.s3.eu-west-1.amazonaws.com\\\/static\\\/2025\\\/07\\\/30083337\\\/favicon-96x96-1.png\",\"contentUrl\":\"https:\\\/\\\/bxrepsol.s3.eu-west-1.amazonaws.com\\\/static\\\/2025\\\/07\\\/30083337\\\/favicon-96x96-1.png\",\"width\":96,\"height\":96,\"caption\":\"Box Repsol\"},\"image\":{\"@id\":\"https:\\\/\\\/www.boxrepsol.com\\\/es\\\/#\\\/schema\\\/logo\\\/image\\\/\"},\"sameAs\":[\"https:\\\/\\\/www.facebook.com\\\/BoxRepsol\",\"https:\\\/\\\/x.com\\\/box_repsol\",\"http:\\\/\\\/instagram.com\\\/box_repsol\",\"https:\\\/\\\/www.youtube.com\\\/user\\\/RepsolCompeticion\",\"https:\\\/\\\/www.flickr.com\\\/photos\\\/box_repsol\\\/\"]},{\"@type\":\"Person\",\"@id\":\"https:\\\/\\\/www.boxrepsol.com\\\/es\\\/#\\\/schema\\\/person\\\/c5c2138f2cca251b0ad92b7086bb60b7\",\"name\":\"Redacci\u00f3n Box Repsol\",\"image\":{\"@type\":\"ImageObject\",\"inLanguage\":\"es\",\"@id\":\"https:\\\/\\\/secure.gravatar.com\\\/avatar\\\/adf7b77e38b4419baf32c7e9c21dde01f4e40df611f0978e3006fc4ba0aaab7e?s=96&d=mm&r=g\",\"url\":\"https:\\\/\\\/secure.gravatar.com\\\/avatar\\\/adf7b77e38b4419baf32c7e9c21dde01f4e40df611f0978e3006fc4ba0aaab7e?s=96&d=mm&r=g\",\"contentUrl\":\"https:\\\/\\\/secure.gravatar.com\\\/avatar\\\/adf7b77e38b4419baf32c7e9c21dde01f4e40df611f0978e3006fc4ba0aaab7e?s=96&d=mm&r=g\",\"caption\":\"Redacci\u00f3n Box Repsol\"},\"description\":\"Box Repsol lo forma un equipo de periodistas, community managers, dise\u00f1adores y fot\u00f3grafos con m\u00e1s de 20 a\u00f1os de experiencia en el mundo del motorsport. Hemos vivido el primer mundial de un espa\u00f1ol en la categor\u00eda reina de motociclismo con \u00c1lex Crivill\u00e9, estuvimos en las victorias de Pedrosa y los t\u00edtulos de M\u00e1rquez, acompa\u00f1amos en \u00c1frica a Nani Roma y Marc Coma en sus conquistas del Dakar y hemos vibrado con los t\u00edtulos de Toni Bou en Trial. Adem\u00e1s, en nuestro equipo contamos con expertos en el mundo de las dos y cuatro ruedas tanto de la calle y las carreteras, como de los circuitos. Periodistas que han trabajado en revistas y publicaciones para hacerte llegar desde rutas y consejos de mantenimiento, a curiosidades y trucos de pilotaje.\",\"sameAs\":[\"https:\\\/\\\/www.facebook.com\\\/BoxRepsol\\\/\",\"https:\\\/\\\/www.instagram.com\\\/box_repsol\\\/\",\"https:\\\/\\\/x.com\\\/https:\\\/\\\/twitter.com\\\/box_repsol\",\"https:\\\/\\\/www.youtube.com\\\/@Boxrepsol\"],\"url\":\"https:\\\/\\\/www.boxrepsol.com\\\/es\\\/author\\\/redaccion-box-repsol\\\/\"}]}<\/script>\n<!-- \/ Yoast SEO plugin. -->","yoast_head_json":{"title":"La primera moto campeona de Toni Bou, nueva estrella de la exposici\u00f3n Box Repsol en el Museo de la Moto - Box Repsol","canonical":"https:\/\/www.boxrepsol.com\/es\/trial\/la-primera-moto-campeona-de-toni-bou-nueva-estrella-de-la-exposicion-box-repsol-en-el-museo-de-la-moto\/","og_locale":"es_ES","og_type":"article","og_title":"La primera moto campeona de Toni Bou, nueva estrella de la exposici\u00f3n Box Repsol en el Museo de la Moto - Box Repsol","og_description":"La exposici\u00f3n Box Repsol que acoge el Museo de la Moto de Alcal\u00e1 de Henares suma una nueva moto campeona a su cartel de lujo: la Cota 4RT con la que Toni Bou logr\u00f3 el primero de sus 36 t\u00edtulos de Campe\u00f3n del Mundo","og_url":"https:\/\/www.boxrepsol.com\/es\/trial\/la-primera-moto-campeona-de-toni-bou-nueva-estrella-de-la-exposicion-box-repsol-en-el-museo-de-la-moto\/","og_site_name":"Box Repsol","article_publisher":"https:\/\/www.facebook.com\/BoxRepsol","article_author":"https:\/\/www.facebook.com\/BoxRepsol\/","article_published_time":"2025-02-17T11:50:17+00:00","article_modified_time":"2025-02-17T11:50:18+00:00","og_image":[{"width":1200,"height":675,"url":"https:\/\/bxrepsol.s3.eu-west-1.amazonaws.com\/static\/2025\/02\/17093951\/Toni_Bou_Museo_de_la_moto.jpg","type":"image\/jpeg"}],"author":"Redacci\u00f3n Box Repsol","twitter_card":"summary_large_image","twitter_creator":"@https:\/\/twitter.com\/box_repsol","twitter_site":"@box_repsol","twitter_misc":{"Written by":"Redacci\u00f3n Box Repsol","Est. reading time":"1 minuto"},"schema":{"@context":"https:\/\/schema.org","@graph":[{"@type":"Article","@id":"https:\/\/www.boxrepsol.com\/es\/trial\/la-primera-moto-campeona-de-toni-bou-nueva-estrella-de-la-exposicion-box-repsol-en-el-museo-de-la-moto\/#article","isPartOf":{"@id":"https:\/\/www.boxrepsol.com\/es\/trial\/la-primera-moto-campeona-de-toni-bou-nueva-estrella-de-la-exposicion-box-repsol-en-el-museo-de-la-moto\/"},"author":{"name":"Redacci\u00f3n Box Repsol","@id":"https:\/\/www.boxrepsol.com\/es\/#\/schema\/person\/c5c2138f2cca251b0ad92b7086bb60b7"},"headline":"La primera moto campeona de Toni Bou, nueva estrella de la exposici\u00f3n Box Repsol en el Museo de la Moto","datePublished":"2025-02-17T11:50:17+00:00","dateModified":"2025-02-17T11:50:18+00:00","mainEntityOfPage":{"@id":"https:\/\/www.boxrepsol.com\/es\/trial\/la-primera-moto-campeona-de-toni-bou-nueva-estrella-de-la-exposicion-box-repsol-en-el-museo-de-la-moto\/"},"wordCount":299,"commentCount":0,"publisher":{"@id":"https:\/\/www.boxrepsol.com\/es\/#organization"},"image":{"@id":"https:\/\/www.boxrepsol.com\/es\/trial\/la-primera-moto-campeona-de-toni-bou-nueva-estrella-de-la-exposicion-box-repsol-en-el-museo-de-la-moto\/#primaryimage"},"thumbnailUrl":"https:\/\/bxrepsol.s3.eu-west-1.amazonaws.com\/static\/2025\/02\/17093951\/Toni_Bou_Museo_de_la_moto.jpg","keywords":["Eventos","Novedades","Toni Bou"],"articleSection":["Trial"],"inLanguage":"es","potentialAction":[{"@type":"CommentAction","name":"Comment","target":["https:\/\/www.boxrepsol.com\/es\/trial\/la-primera-moto-campeona-de-toni-bou-nueva-estrella-de-la-exposicion-box-repsol-en-el-museo-de-la-moto\/#respond"]}]},{"@type":"WebPage","@id":"https:\/\/www.boxrepsol.com\/es\/trial\/la-primera-moto-campeona-de-toni-bou-nueva-estrella-de-la-exposicion-box-repsol-en-el-museo-de-la-moto\/","url":"https:\/\/www.boxrepsol.com\/es\/trial\/la-primera-moto-campeona-de-toni-bou-nueva-estrella-de-la-exposicion-box-repsol-en-el-museo-de-la-moto\/","name":"La primera moto campeona de Toni Bou, nueva estrella de la exposici\u00f3n Box Repsol en el Museo de la Moto - Box Repsol","isPartOf":{"@id":"https:\/\/www.boxrepsol.com\/es\/#website"},"primaryImageOfPage":{"@id":"https:\/\/www.boxrepsol.com\/es\/trial\/la-primera-moto-campeona-de-toni-bou-nueva-estrella-de-la-exposicion-box-repsol-en-el-museo-de-la-moto\/#primaryimage"},"image":{"@id":"https:\/\/www.boxrepsol.com\/es\/trial\/la-primera-moto-campeona-de-toni-bou-nueva-estrella-de-la-exposicion-box-repsol-en-el-museo-de-la-moto\/#primaryimage"},"thumbnailUrl":"https:\/\/bxrepsol.s3.eu-west-1.amazonaws.com\/static\/2025\/02\/17093951\/Toni_Bou_Museo_de_la_moto.jpg","datePublished":"2025-02-17T11:50:17+00:00","dateModified":"2025-02-17T11:50:18+00:00","breadcrumb":{"@id":"https:\/\/www.boxrepsol.com\/es\/trial\/la-primera-moto-campeona-de-toni-bou-nueva-estrella-de-la-exposicion-box-repsol-en-el-museo-de-la-moto\/#breadcrumb"},"inLanguage":"es","potentialAction":[{"@type":"ReadAction","target":["https:\/\/www.boxrepsol.com\/es\/trial\/la-primera-moto-campeona-de-toni-bou-nueva-estrella-de-la-exposicion-box-repsol-en-el-museo-de-la-moto\/"]}]},{"@type":"ImageObject","inLanguage":"es","@id":"https:\/\/www.boxrepsol.com\/es\/trial\/la-primera-moto-campeona-de-toni-bou-nueva-estrella-de-la-exposicion-box-repsol-en-el-museo-de-la-moto\/#primaryimage","url":"https:\/\/bxrepsol.s3.eu-west-1.amazonaws.com\/static\/2025\/02\/17093951\/Toni_Bou_Museo_de_la_moto.jpg","contentUrl":"https:\/\/bxrepsol.s3.eu-west-1.amazonaws.com\/static\/2025\/02\/17093951\/Toni_Bou_Museo_de_la_moto.jpg","width":1200,"height":675},{"@type":"BreadcrumbList","@id":"https:\/\/www.boxrepsol.com\/es\/trial\/la-primera-moto-campeona-de-toni-bou-nueva-estrella-de-la-exposicion-box-repsol-en-el-museo-de-la-moto\/#breadcrumb","itemListElement":[{"@type":"ListItem","position":1,"name":"Home","item":"https:\/\/www.boxrepsol.com\/es\/"},{"@type":"ListItem","position":2,"name":"La primera moto campeona de Toni Bou, nueva estrella de la exposici\u00f3n Box Repsol en el Museo de la Moto"}]},{"@type":"WebSite","@id":"https:\/\/www.boxrepsol.com\/es\/#website","url":"https:\/\/www.boxrepsol.com\/es\/","name":"Box Repsol","description":"Box Repsol Site","publisher":{"@id":"https:\/\/www.boxrepsol.com\/es\/#organization"},"potentialAction":[{"@type":"SearchAction","target":{"@type":"EntryPoint","urlTemplate":"https:\/\/www.boxrepsol.com\/es\/?s={search_term_string}"},"query-input":{"@type":"PropertyValueSpecification","valueRequired":true,"valueName":"search_term_string"}}],"inLanguage":"es"},{"@type":"Organization","@id":"https:\/\/www.boxrepsol.com\/es\/#organization","name":"Box Repsol","url":"https:\/\/www.boxrepsol.com\/es\/","logo":{"@type":"ImageObject","inLanguage":"es","@id":"https:\/\/www.boxrepsol.com\/es\/#\/schema\/logo\/image\/","url":"https:\/\/bxrepsol.s3.eu-west-1.amazonaws.com\/static\/2025\/07\/30083337\/favicon-96x96-1.png","contentUrl":"https:\/\/bxrepsol.s3.eu-west-1.amazonaws.com\/static\/2025\/07\/30083337\/favicon-96x96-1.png","width":96,"height":96,"caption":"Box Repsol"},"image":{"@id":"https:\/\/www.boxrepsol.com\/es\/#\/schema\/logo\/image\/"},"sameAs":["https:\/\/www.facebook.com\/BoxRepsol","https:\/\/x.com\/box_repsol","http:\/\/instagram.com\/box_repsol","https:\/\/www.youtube.com\/user\/RepsolCompeticion","https:\/\/www.flickr.com\/photos\/box_repsol\/"]},{"@type":"Person","@id":"https:\/\/www.boxrepsol.com\/es\/#\/schema\/person\/c5c2138f2cca251b0ad92b7086bb60b7","name":"Redacci\u00f3n Box Repsol","image":{"@type":"ImageObject","inLanguage":"es","@id":"https:\/\/secure.gravatar.com\/avatar\/adf7b77e38b4419baf32c7e9c21dde01f4e40df611f0978e3006fc4ba0aaab7e?s=96&d=mm&r=g","url":"https:\/\/secure.gravatar.com\/avatar\/adf7b77e38b4419baf32c7e9c21dde01f4e40df611f0978e3006fc4ba0aaab7e?s=96&d=mm&r=g","contentUrl":"https:\/\/secure.gravatar.com\/avatar\/adf7b77e38b4419baf32c7e9c21dde01f4e40df611f0978e3006fc4ba0aaab7e?s=96&d=mm&r=g","caption":"Redacci\u00f3n Box Repsol"},"description":"Box Repsol lo forma un equipo de periodistas, community managers, dise\u00f1adores y fot\u00f3grafos con m\u00e1s de 20 a\u00f1os de experiencia en el mundo del motorsport. Hemos vivido el primer mundial de un espa\u00f1ol en la categor\u00eda reina de motociclismo con \u00c1lex Crivill\u00e9, estuvimos en las victorias de Pedrosa y los t\u00edtulos de M\u00e1rquez, acompa\u00f1amos en \u00c1frica a Nani Roma y Marc Coma en sus conquistas del Dakar y hemos vibrado con los t\u00edtulos de Toni Bou en Trial. Adem\u00e1s, en nuestro equipo contamos con expertos en el mundo de las dos y cuatro ruedas tanto de la calle y las carreteras, como de los circuitos. Periodistas que han trabajado en revistas y publicaciones para hacerte llegar desde rutas y consejos de mantenimiento, a curiosidades y trucos de pilotaje.","sameAs":["https:\/\/www.facebook.com\/BoxRepsol\/","https:\/\/www.instagram.com\/box_repsol\/","https:\/\/x.com\/https:\/\/twitter.com\/box_repsol","https:\/\/www.youtube.com\/@Boxrepsol"],"url":"https:\/\/www.boxrepsol.com\/es\/author\/redaccion-box-repsol\/"}]}},"_links":{"self":[{"href":"https:\/\/www.boxrepsol.com\/es\/wp-json\/wp\/v2\/posts\/124076","targetHints":{"allow":["GET"]}}],"collection":[{"href":"https:\/\/www.boxrepsol.com\/es\/wp-json\/wp\/v2\/posts"}],"about":[{"href":"https:\/\/www.boxrepsol.com\/es\/wp-json\/wp\/v2\/types\/post"}],"author":[{"embeddable":true,"href":"https:\/\/www.boxrepsol.com\/es\/wp-json\/wp\/v2\/users\/43146"}],"replies":[{"embeddable":true,"href":"https:\/\/www.boxrepsol.com\/es\/wp-json\/wp\/v2\/comments?post=124076"}],"version-history":[{"count":1,"href":"https:\/\/www.boxrepsol.com\/es\/wp-json\/wp\/v2\/posts\/124076\/revisions"}],"predecessor-version":[{"id":124079,"href":"https:\/\/www.boxrepsol.com\/es\/wp-json\/wp\/v2\/posts\/124076\/revisions\/124079"}],"wp:featuredmedia":[{"embeddable":true,"href":"https:\/\/www.boxrepsol.com\/es\/wp-json\/wp\/v2\/media\/124077"}],"wp:attachment":[{"href":"https:\/\/www.boxrepsol.com\/es\/wp-json\/wp\/v2\/media?parent=124076"}],"wp:term":[{"taxonomy":"category","embeddable":true,"href":"https:\/\/www.boxrepsol.com\/es\/wp-json\/wp\/v2\/categories?post=124076"},{"taxonomy":"post_tag","embeddable":true,"href":"https:\/\/www.boxrepsol.com\/es\/wp-json\/wp\/v2\/tags?post=124076"}],"curies":[{"name":"wp","href":"https:\/\/api.w.org\/{rel}","templated":true}]}}