{"id":123846,"date":"2025-02-07T07:24:16","date_gmt":"2025-02-07T09:24:16","guid":{"rendered":"https:\/\/www.boxrepsol.com\/?p=123846"},"modified":"2025-06-26T06:39:32","modified_gmt":"2025-06-26T08:39:32","slug":"mejores-motos-electricas","status":"publish","type":"post","link":"https:\/\/www.boxrepsol.com\/es\/vive-tu-moto\/mejores-motos-electricas\/","title":{"rendered":"Las mejores motos el\u00e9ctricas de cada segmento"},"content":{"rendered":"<figure class=\"wp-block-post-featured-image\"><img loading=\"lazy\" decoding=\"async\" width=\"1200\" height=\"600\" src=\"https:\/\/bxrepsol.s3.eu-west-1.amazonaws.com\/static\/2025\/02\/06121525\/Foto-1-apertura-1-1-1.jpg\" class=\"attachment-post-thumbnail size-post-thumbnail wp-post-image\" alt=\"Moto el\u00e9ctrica negra circulando por una carretera\" style=\"object-fit:cover;\" srcset=\"https:\/\/bxrepsol.s3.eu-west-1.amazonaws.com\/static\/2025\/02\/06121525\/Foto-1-apertura-1-1-1.jpg 1200w, https:\/\/bxrepsol.s3.eu-west-1.amazonaws.com\/static\/2025\/02\/06121525\/Foto-1-apertura-1-1-1-300x150.jpg 300w, https:\/\/bxrepsol.s3.eu-west-1.amazonaws.com\/static\/2025\/02\/06121525\/Foto-1-apertura-1-1-1-1024x512.jpg 1024w, https:\/\/bxrepsol.s3.eu-west-1.amazonaws.com\/static\/2025\/02\/06121525\/Foto-1-apertura-1-1-1-768x384.jpg 768w\" sizes=\"auto, (max-width: 1200px) 100vw, 1200px\" \/><\/figure>\n\n\n<p>Sin tener en cuenta los cerca de 2.500 ciclomotores el\u00e9ctricos que se matricularon en Espa\u00f1a durante 2024, el n\u00famero de <strong>matriculaciones de motos el\u00e9ctricas en ese mismo periodo ascendi\u00f3 a 5.407 unidades<\/strong>. Este dato refleja que de cada 100 unidades que se vendieron en nuestro pa\u00eds, cerca de 3 de ellas fueron el\u00e9ctricas, una cifra no demasiado elevada, pero que indica que estas motos tienen una presencia considerable en nuestro mercado.<\/p>\n\n\n\n<p>Cierto es que la mayor\u00eda de los modelos electrificados que aparecen en las primeras posiciones de la lista de matriculaciones de 2024 son modelos \u201cequivalentes\u201d a <a href=\"https:\/\/www.boxrepsol.com\/es\/vive-tu-moto\/motos-electricas-125\/\">motos de 125 cc<\/a> y entre los 10 primeros solo aparece uno que se puede considerar como de \u201calta cilindrada\u201d. Sin embargo, a partir de ah\u00ed,<strong> las motos \u201cel\u00e9ctricas\u201d grandes ya tienen una mayor presencia,<\/strong> aquellas que para conducirse requieren estar en posesi\u00f3n de los permisos A2, hasta 35 kW, y A, sin l\u00edmite de potencia.<\/p>\n\n\n\n<figure class=\"wp-block-image size-full is-resized\"><img loading=\"lazy\" decoding=\"async\" width=\"600\" height=\"400\" src=\"https:\/\/bxrepsol.s3.eu-west-1.amazonaws.com\/static\/2025\/02\/06123541\/Foto-2-1.jpg\" alt=\"Motorista de pie circulando encima de una moto azul el\u00e9ctrica\" class=\"wp-image-123849\" style=\"object-fit:cover;width:600px;height:400px\" srcset=\"https:\/\/bxrepsol.s3.eu-west-1.amazonaws.com\/static\/2025\/02\/06123541\/Foto-2-1.jpg 600w, https:\/\/bxrepsol.s3.eu-west-1.amazonaws.com\/static\/2025\/02\/06123541\/Foto-2-1-300x200.jpg 300w\" sizes=\"auto, (max-width: 600px) 100vw, 600px\" \/><\/figure>\n\n\n\n<p><\/p>\n\n\n\n<div id=\"ez-toc-container\" class=\"ez-toc-v2_0_82_2 counter-hierarchy ez-toc-counter ez-toc-grey ez-toc-container-direction\">\n<div class=\"ez-toc-title-container\">\n<p class=\"ez-toc-title\" style=\"cursor:inherit\">\u00cdndice<\/p>\n<span class=\"ez-toc-title-toggle\"><a href=\"#\" class=\"ez-toc-pull-right ez-toc-btn ez-toc-btn-xs ez-toc-btn-default ez-toc-toggle\" aria-label=\"Toggle Table of Content\"><span class=\"ez-toc-js-icon-con\"><span class=\"\"><span class=\"eztoc-hide\" style=\"display:none;\">Toggle<\/span><span class=\"ez-toc-icon-toggle-span\"><svg style=\"fill: #999;color:#999\" xmlns=\"http:\/\/www.w3.org\/2000\/svg\" class=\"list-377408\" width=\"20px\" height=\"20px\" viewBox=\"0 0 24 24\" fill=\"none\"><path d=\"M6 6H4v2h2V6zm14 0H8v2h12V6zM4 11h2v2H4v-2zm16 0H8v2h12v-2zM4 16h2v2H4v-2zm16 0H8v2h12v-2z\" fill=\"currentColor\"><\/path><\/svg><svg style=\"fill: #999;color:#999\" class=\"arrow-unsorted-368013\" xmlns=\"http:\/\/www.w3.org\/2000\/svg\" width=\"10px\" height=\"10px\" viewBox=\"0 0 24 24\" version=\"1.2\" baseProfile=\"tiny\"><path d=\"M18.2 9.3l-6.2-6.3-6.2 6.3c-.2.2-.3.4-.3.7s.1.5.3.7c.2.2.4.3.7.3h11c.3 0 .5-.1.7-.3.2-.2.3-.5.3-.7s-.1-.5-.3-.7zM5.8 14.7l6.2 6.3 6.2-6.3c.2-.2.3-.5.3-.7s-.1-.5-.3-.7c-.2-.2-.4-.3-.7-.3h-11c-.3 0-.5.1-.7.3-.2.2-.3.5-.3.7s.1.5.3.7z\"\/><\/svg><\/span><\/span><\/span><\/a><\/span><\/div>\n<nav><ul class='ez-toc-list ez-toc-list-level-1 ' ><li class='ez-toc-page-1 ez-toc-heading-level-2'><a class=\"ez-toc-link ez-toc-heading-1\" href=\"https:\/\/www.boxrepsol.com\/es\/vive-tu-moto\/mejores-motos-electricas\/#%C2%BFPor_que_elegir_una_moto_electrica\" >\u00bfPor qu\u00e9 elegir una moto el\u00e9ctrica?<\/a><\/li><li class='ez-toc-page-1 ez-toc-heading-level-2'><a class=\"ez-toc-link ez-toc-heading-2\" href=\"https:\/\/www.boxrepsol.com\/es\/vive-tu-moto\/mejores-motos-electricas\/#Mejores_motos_electricas_calidad_precio\" >Mejores motos el\u00e9ctricas calidad precio<\/a><ul class='ez-toc-list-level-3' ><li class='ez-toc-heading-level-3'><a class=\"ez-toc-link ez-toc-heading-3\" href=\"https:\/\/www.boxrepsol.com\/es\/vive-tu-moto\/mejores-motos-electricas\/#BMW_MOTORRAD\" >BMW MOTORRAD<\/a><\/li><li class='ez-toc-page-1 ez-toc-heading-level-3'><a class=\"ez-toc-link ez-toc-heading-4\" href=\"https:\/\/www.boxrepsol.com\/es\/vive-tu-moto\/mejores-motos-electricas\/#HARLEY-DAVIDSON_LiveWire\" >HARLEY-DAVIDSON (LiveWire)<\/a><\/li><li class='ez-toc-page-1 ez-toc-heading-level-3'><a class=\"ez-toc-link ez-toc-heading-5\" href=\"https:\/\/www.boxrepsol.com\/es\/vive-tu-moto\/mejores-motos-electricas\/#DUCATI\" >DUCATI<\/a><\/li><li class='ez-toc-page-1 ez-toc-heading-level-3'><a class=\"ez-toc-link ez-toc-heading-6\" href=\"https:\/\/www.boxrepsol.com\/es\/vive-tu-moto\/mejores-motos-electricas\/#KAWASAKI\" >KAWASAKI<\/a><\/li><li class='ez-toc-page-1 ez-toc-heading-level-3'><a class=\"ez-toc-link ez-toc-heading-7\" href=\"https:\/\/www.boxrepsol.com\/es\/vive-tu-moto\/mejores-motos-electricas\/#TRIUMPH\" >TRIUMPH<\/a><\/li><li class='ez-toc-page-1 ez-toc-heading-level-3'><a class=\"ez-toc-link ez-toc-heading-8\" href=\"https:\/\/www.boxrepsol.com\/es\/vive-tu-moto\/mejores-motos-electricas\/#FLYING_FLEA_ROYAL_ENFIELD\" >FLYING FLEA (ROYAL ENFIELD)<\/a><\/li><li class='ez-toc-page-1 ez-toc-heading-level-3'><a class=\"ez-toc-link ez-toc-heading-9\" href=\"https:\/\/www.boxrepsol.com\/es\/vive-tu-moto\/mejores-motos-electricas\/#ZERO\" >ZERO<\/a><\/li><li class='ez-toc-page-1 ez-toc-heading-level-3'><a class=\"ez-toc-link ez-toc-heading-10\" href=\"https:\/\/www.boxrepsol.com\/es\/vive-tu-moto\/mejores-motos-electricas\/#ARC\" >ARC<\/a><\/li><li class='ez-toc-page-1 ez-toc-heading-level-3'><a class=\"ez-toc-link ez-toc-heading-11\" href=\"https:\/\/www.boxrepsol.com\/es\/vive-tu-moto\/mejores-motos-electricas\/#DAMON\" >DAMON<\/a><\/li><li class='ez-toc-page-1 ez-toc-heading-level-3'><a class=\"ez-toc-link ez-toc-heading-12\" href=\"https:\/\/www.boxrepsol.com\/es\/vive-tu-moto\/mejores-motos-electricas\/#LIGHTNING\" >LIGHTNING<\/a><\/li><li class='ez-toc-page-1 ez-toc-heading-level-3'><a class=\"ez-toc-link ez-toc-heading-13\" href=\"https:\/\/www.boxrepsol.com\/es\/vive-tu-moto\/mejores-motos-electricas\/#VERGE\" >VERGE<\/a><\/li><\/ul><\/li><li class='ez-toc-page-1 ez-toc-heading-level-2'><a class=\"ez-toc-link ez-toc-heading-14\" href=\"https:\/\/www.boxrepsol.com\/es\/vive-tu-moto\/mejores-motos-electricas\/#Futuro_de_la_movilidad_electrica_en_motos\" >Futuro de la movilidad el\u00e9ctrica en motos<\/a><\/li><\/ul><\/nav><\/div>\n<h2 class=\"wp-block-heading\"><span class=\"ez-toc-section\" id=\"%C2%BFPor_que_elegir_una_moto_electrica\"><\/span><strong>\u00bfPor qu\u00e9 elegir una moto el\u00e9ctrica?<\/strong><span class=\"ez-toc-section-end\"><\/span><\/h2>\n\n\n\n<ul class=\"wp-block-list\">\n<li><strong>El precio de venta de una moto <\/strong><strong>el\u00e9ctrica nueva es m\u00e1s alto<\/strong> si se compara al de un modelo equivalente que utiliza motor de combusti\u00f3n. Tambi\u00e9n es cierto que los precios actuales de algunas motos el\u00e9ctricas se han rebajado en comparaci\u00f3n con los de a\u00f1os anteriores.<\/li>\n\n\n\n<li>Una vez adquiridas, <strong>el <\/strong><a href=\"https:\/\/www.boxrepsol.com\/es\/vive-tu-moto\/hago-mantenimiento-general-moto\/\"><strong>gasto de mantenimiento de las motos<\/strong><\/a><strong> <\/strong><strong>el\u00e9ctricas es m\u00e1s bajo<\/strong>. Su motor no necesita mantenimiento y la mayor parte de la inversi\u00f3n que requieren est\u00e1 en elementos consumibles como los frenos, los <a href=\"https:\/\/www.boxrepsol.com\/es\/tecnologia\/como-cuando-cambiar-ruedas-moto\/\">neum\u00e1ticos<\/a> o la transmisi\u00f3n secundaria.<\/li>\n\n\n\n<li><strong>El consumo por kil\u00f3metro es claramente m\u00e1s bajo.<\/strong> No es igual en todas las motos, pero desplazarse con una el\u00e9ctrica es entre 3 y 5 veces m\u00e1s econ\u00f3mico que si lo hacemos con una de gasolina. La diferencia puede ser a\u00fan mayor si la electricidad que se emplea para recargarla procede de una instalaci\u00f3n fotovoltaica (placas solares).&nbsp;&nbsp;&nbsp;<\/li>\n\n\n\n<li>La gran aceleraci\u00f3n de las motos el\u00e9ctricas no est\u00e1 al alcance de muchas motos con motor de combusti\u00f3n. Realizar los 0-100 km\/h en solo 3,5 segundos parece una cosa f\u00e1cil para muchas de ellas.<\/li>\n<\/ul>\n\n\n\n<figure class=\"wp-block-image size-full is-resized\"><img loading=\"lazy\" decoding=\"async\" width=\"600\" height=\"400\" src=\"https:\/\/bxrepsol.s3.eu-west-1.amazonaws.com\/static\/2025\/02\/06124346\/Foto-3.png\" alt=\"Motorista circulando una moto el\u00e9ctrica amarilla\" class=\"wp-image-123851\" style=\"object-fit:cover;width:600px;height:400px\" srcset=\"https:\/\/bxrepsol.s3.eu-west-1.amazonaws.com\/static\/2025\/02\/06124346\/Foto-3.png 600w, https:\/\/bxrepsol.s3.eu-west-1.amazonaws.com\/static\/2025\/02\/06124346\/Foto-3-300x200.png 300w\" sizes=\"auto, (max-width: 600px) 100vw, 600px\" \/><\/figure>\n\n\n\n<p><\/p>\n\n\n\n<ul class=\"wp-block-list\">\n<li>Sus <strong>nulas emisiones<\/strong> las convierten en veh\u00edculos perfectos para moverse dentro de zonas de bajas emisiones o de alto valor hist\u00f3rico gracias a su <a href=\"https:\/\/www.boxrepsol.com\/es\/tecnologia\/distintivo-ambiental-motos\/\">etiqueta medioambiental<\/a> \u201cECO\u201d.<\/li>\n\n\n\n<li>Al ser tan silenciosas y \u201climpias\u201d, son perfectas para ser utilizadas por los distintos cuerpos de polic\u00eda que por su trabajo deben acceder a parques y reservas naturales. Del mismo modo, al no hacer ruido facilitan y hacen m\u00e1s efectivas algunas labores policiales como redadas, detenciones, etc. Por su baja rumorosidad pueden ser igualmente interesantes para el ej\u00e9rcito.<\/li>\n\n\n\n<li>La <a href=\"https:\/\/www.boxrepsol.com\/es\/tecnologia\/la-autonomia-una-moto-electrica\/\">autonom\u00eda de una moto el\u00e9ctrica<\/a> es inferior a la de una moto de gasolina. Al realizar trayectos largos, para alargar su autonom\u00eda requieren practicar una <a href=\"https:\/\/www.boxrepsol.com\/es\/vive-tu-moto\/conduccion-eficiente-en-moto\/\">conducci\u00f3n eficiente<\/a>, sin mantener velocidades muy elevadas y utilizando los modos de conducci\u00f3n que menos bater\u00eda consumen<strong>. Muchas regeneran energ\u00eda y recargan la bater\u00eda en frenadas,<\/strong> por lo que es conveniente aprovechar esta funci\u00f3n siempre que sea posible.<\/li>\n\n\n\n<li>Por lo general, el peso de una moto \u201cel\u00e9ctrica\u201d es superior al de una moto de combusti\u00f3n similar. Aunque cada vez las bater\u00edas son m\u00e1s ligeras, siguen siendo elementos de peso elevado.&nbsp; &nbsp;&nbsp;<\/li>\n<\/ul>\n\n\n\n<p><\/p>\n\n\n\n<figure class=\"wp-block-gallery has-nested-images columns-default is-cropped wp-block-gallery-1 is-layout-flex wp-block-gallery-is-layout-flex\">\n<figure class=\"wp-block-image size-large\"><img loading=\"lazy\" decoding=\"async\" width=\"600\" height=\"400\" data-id=\"123853\" src=\"https:\/\/bxrepsol.s3.eu-west-1.amazonaws.com\/static\/2025\/02\/06124558\/Foto-4.jpg\" alt=\"\" class=\"wp-image-123853\" srcset=\"https:\/\/bxrepsol.s3.eu-west-1.amazonaws.com\/static\/2025\/02\/06124558\/Foto-4.jpg 600w, https:\/\/bxrepsol.s3.eu-west-1.amazonaws.com\/static\/2025\/02\/06124558\/Foto-4-300x200.jpg 300w\" sizes=\"auto, (max-width: 600px) 100vw, 600px\" \/><\/figure>\n\n\n\n<figure class=\"wp-block-image size-large\"><img loading=\"lazy\" decoding=\"async\" width=\"600\" height=\"400\" data-id=\"123855\" src=\"https:\/\/bxrepsol.s3.eu-west-1.amazonaws.com\/static\/2025\/02\/06124720\/Foto-7.jpg\" alt=\"\" class=\"wp-image-123855\" srcset=\"https:\/\/bxrepsol.s3.eu-west-1.amazonaws.com\/static\/2025\/02\/06124720\/Foto-7.jpg 600w, https:\/\/bxrepsol.s3.eu-west-1.amazonaws.com\/static\/2025\/02\/06124720\/Foto-7-300x200.jpg 300w\" sizes=\"auto, (max-width: 600px) 100vw, 600px\" \/><\/figure>\n<\/figure>\n\n\n\n<p><\/p>\n\n\n\n<h2 class=\"wp-block-heading\"><span class=\"ez-toc-section\" id=\"Mejores_motos_electricas_calidad_precio\"><\/span><strong>Mejores motos el\u00e9ctricas calidad precio<\/strong><span class=\"ez-toc-section-end\"><\/span><\/h2>\n\n\n\n<p><\/p>\n\n\n\n<h3 class=\"wp-block-heading\"><span class=\"ez-toc-section\" id=\"BMW_MOTORRAD\"><\/span><strong>BMW MOTORRAD<\/strong><span class=\"ez-toc-section-end\"><\/span><\/h3>\n\n\n\n<p>El gran fabricante alem\u00e1n comenz\u00f3 su andadura en el campo de las <strong>motos el\u00e9ctricas<\/strong> en 2014 con el maxiscooter C Evolution y con ello <strong>se puede decir que fue el pionero<\/strong>. Ahora se ha erigido como la marca l\u00edder en este \u00e1mbito gracias a las buenas cifras de ventas del CE 04, un scooter de categor\u00eda intermedia que se comercializa tanto en <strong>versi\u00f3n limitada para los carnets A1 y B,<\/strong> como en una libre para el <a href=\"https:\/\/www.boxrepsol.com\/es\/cultura-motera\/carne-a2-10-consejos-para-afrontarlo-facilmente\/\">permiso A2.<\/a> El CE 04 destaca por un dise\u00f1o original y futurista, con un paquete de bater\u00edas de dise\u00f1o plano que se va situada bajo los pies del conductor. El motor incluye refrigeraci\u00f3n l\u00edquida y cuenta con frenada regenerativa, control de tracci\u00f3n y una conectividad muy avanzada con gran pantalla TFT de 10,25\u201d. Seg\u00fan datos declarados, acelera de 0-50 km\/h en 2,6 segundos y se puede recargar al 80% en 65 minutos.<\/p>\n\n\n\n<figure class=\"wp-block-image size-full is-resized\"><img loading=\"lazy\" decoding=\"async\" width=\"600\" height=\"400\" src=\"https:\/\/bxrepsol.s3.eu-west-1.amazonaws.com\/static\/2025\/02\/06124941\/Foto-8-BMW-CE-04.jpg\" alt=\"Moto el\u00e9ctrica BMW MOTORRAD blanca\" class=\"wp-image-123857\" style=\"object-fit:cover;width:600px;height:400px\" srcset=\"https:\/\/bxrepsol.s3.eu-west-1.amazonaws.com\/static\/2025\/02\/06124941\/Foto-8-BMW-CE-04.jpg 600w, https:\/\/bxrepsol.s3.eu-west-1.amazonaws.com\/static\/2025\/02\/06124941\/Foto-8-BMW-CE-04-300x200.jpg 300w\" sizes=\"auto, (max-width: 600px) 100vw, 600px\" \/><\/figure>\n\n\n\n<p><strong>BMW CE 04: Precio:<\/strong> 12.075 \u20ac; <strong>Potencia:<\/strong> 15\/42 CV; <strong>Peso:<\/strong> 231 kg; <strong>Autonom\u00eda combinada:<\/strong> 130 km; <strong>Velocidad m\u00e1xima: <\/strong>120 km\/h<\/p>\n\n\n\n<p><\/p>\n\n\n\n<h3 class=\"wp-block-heading\"><span class=\"ez-toc-section\" id=\"HARLEY-DAVIDSON_LiveWire\"><\/span><strong>HARLEY-DAVIDSON (LiveWire)<\/strong><span class=\"ez-toc-section-end\"><\/span><\/h3>\n\n\n\n<p>Para introducirse en el campo de las motos el\u00e9ctricas, el legendario fabricante de Estados Unidos ha creado la marca LiveWire, con presencia en el mercado desde 2019, aunque en 2014 mostr\u00f3 al mundo su primer prototipo. Recientemente ha presentado la <strong>S2 Del Mar<\/strong>, una moto de tipo naked que en muy poco tiempo <strong>se ha convertido en uno de los modelos electrificados m\u00e1s deseados<\/strong>. Incluye chasis de aluminio, suspensiones Showa, frenos Brembo y llantas de 19\u201d de di\u00e1metro, adem\u00e1s de una electr\u00f3nica muy avanzada, con <a href=\"https:\/\/www.boxrepsol.com\/es\/tecnologia\/unidad-de-medicion-inercial\/\">IMU Bosch<\/a> de 6 ejes. Consigue acelerar de 0-100 km\/h en solo 3,0 seg.<\/p>\n\n\n\n<figure class=\"wp-block-image size-full is-resized\"><img loading=\"lazy\" decoding=\"async\" width=\"600\" height=\"400\" src=\"https:\/\/bxrepsol.s3.eu-west-1.amazonaws.com\/static\/2025\/02\/06125027\/Foto-9-LiveWire-S2-Del-Mar-1.jpg\" alt=\"Moto el\u00e9ctrica Harley Davidson LiveWire S2 Del Mar \" class=\"wp-image-123861\" style=\"object-fit:cover;width:600px;height:400px\" srcset=\"https:\/\/bxrepsol.s3.eu-west-1.amazonaws.com\/static\/2025\/02\/06125027\/Foto-9-LiveWire-S2-Del-Mar-1.jpg 600w, https:\/\/bxrepsol.s3.eu-west-1.amazonaws.com\/static\/2025\/02\/06125027\/Foto-9-LiveWire-S2-Del-Mar-1-300x200.jpg 300w\" sizes=\"auto, (max-width: 600px) 100vw, 600px\" \/><\/figure>\n\n\n\n<p><strong>LiveWire S2 Del Mar: Precio:<\/strong> 19.451 \u20ac; <strong>Potencia:<\/strong> 83 CV; <strong>Peso:<\/strong> 198 kg; <strong>Autonom\u00eda combinada:<\/strong> 181 km; <strong>Velocidad m\u00e1xima:<\/strong> 163 km\/h<\/p>\n\n\n\n<p><\/p>\n\n\n\n<h3 class=\"wp-block-heading\"><span class=\"ez-toc-section\" id=\"DUCATI\"><\/span><strong>DUCATI<\/strong><span class=\"ez-toc-section-end\"><\/span><\/h3>\n\n\n\n<p>De cara al p\u00fablico, la andadura de Ducati en el tema de las motos el\u00e9ctricas se centra en la <strong>V21L<\/strong>, un prototipo que se utiliza en la <strong>Copa del Mundo FIM Enel MotoE<\/strong>. Sin embargo, corre el rumor de que Ducati est\u00e1 aprovechando esa magn\u00edfica experiencia para desarrollar una superdeportiva de calle que pondr\u00e1 a la venta en un futuro cercano. Su principal desaf\u00edo es el de conseguir que el peso y la autonom\u00eda de su modelo electrificado sean equiparables a los de sus modelos de gasolina, sin descuidar en ning\u00fan momento la inconfundible personalidad de la marca. Para ello, del continuo desarrollo de la V21L se est\u00e1 encargando el Departamento de Ducati Corse junto con el equipo de Investigaci\u00f3n y Desarrollo de la marca italiana. <strong>Su motor incluye un sistema de refrigeraci\u00f3n muy avanzado<\/strong> y entrega mucha potencia, pero de manera muy constante para que pueda ser dosificada. Por supuesto, cuenta con una electr\u00f3nica del m\u00e1s alto nivel. En la parte ciclo combina elementos de aluminio, con otro realizados en fibra de carbono e incluye componentes de alta gama en frenos y suspensiones. Pensando en la competici\u00f3n, cuenta con un <strong>sistema que consigue una recarga del 80% en solo 45 minutos.<\/strong><strong><\/strong><\/p>\n\n\n\n<figure class=\"wp-block-image size-full is-resized\"><img loading=\"lazy\" decoding=\"async\" width=\"600\" height=\"400\" src=\"https:\/\/bxrepsol.s3.eu-west-1.amazonaws.com\/static\/2025\/02\/06125135\/Foto-10-Ducati-V21L.jpg\" alt=\"Moto el\u00e9ctrica ducati V21L negra en un circuito\" class=\"wp-image-123863\" style=\"object-fit:cover;width:600px;height:400px\" srcset=\"https:\/\/bxrepsol.s3.eu-west-1.amazonaws.com\/static\/2025\/02\/06125135\/Foto-10-Ducati-V21L.jpg 600w, https:\/\/bxrepsol.s3.eu-west-1.amazonaws.com\/static\/2025\/02\/06125135\/Foto-10-Ducati-V21L-300x200.jpg 300w\" sizes=\"auto, (max-width: 600px) 100vw, 600px\" \/><\/figure>\n\n\n\n<p><strong>Ducati V21L. Precio:<\/strong> N.D. \u20ac; <strong>Potencia:<\/strong> 150 CV; <strong>Peso:<\/strong> 225 kg; <strong>Autonom\u00eda combinada:<\/strong> N.D. km; <strong>Velocidad m\u00e1xima:<\/strong> 275 km\/h<\/p>\n\n\n\n<p><\/p>\n\n\n\n<h3 class=\"wp-block-heading\"><span class=\"ez-toc-section\" id=\"KAWASAKI\"><\/span><strong>KAWASAKI<\/strong><span class=\"ez-toc-section-end\"><\/span><\/h3>\n\n\n\n<p>La firma japonesa ha entrado en el mercado de las motos el\u00e9ctricas hace relativamente poco tiempo con la <strong>Ninja e-1 y la Z e-1<\/strong>, dos modelos que comparten la misma base, pero con enfoques distintos. Como se puede entender por sus denominaciones, la Ninja es una deportiva y la Z es una naked. Aunque de acuerdo con sus caracter\u00edsticas ambas se catalogan como motos, est\u00e1n dise\u00f1adas para encajar en la categor\u00eda de equivalentes a 125 cc, por lo que <a href=\"https:\/\/www.boxrepsol.com\/es\/cultura-motera\/carnet-moto-a1\/\">pueden ser conducidas con el carnet A1<\/a> desde los 16 a\u00f1os y el B con tres a\u00f1os de antig\u00fcedad. Cuentan con transmisi\u00f3n secundaria por cadena de eslabones y un <strong>bot\u00f3n \u201cE-boost\u201d que incrementa la potencia temporalmente hasta 12 CV<\/strong> durante 15 segundos. En este tiempo la velocidad m\u00e1xima se incrementa hasta 97 km\/h. Incluyen dos bater\u00edas de 1,5 kWh y un peso de 11,5 kg cada una. La autonom\u00eda media declarada es de 73 km.<\/p>\n\n\n\n<figure class=\"wp-block-image size-full is-resized\"><img loading=\"lazy\" decoding=\"async\" width=\"600\" height=\"400\" src=\"https:\/\/bxrepsol.s3.eu-west-1.amazonaws.com\/static\/2025\/02\/06125232\/Foto-11-Kawasaki-Ninja-e-1.jpg\" alt=\"Moto el\u00e9ctrica Kawasaki Ninja e-1 verde y blanca \" class=\"wp-image-123865\" style=\"object-fit:cover;width:600px;height:400px\" srcset=\"https:\/\/bxrepsol.s3.eu-west-1.amazonaws.com\/static\/2025\/02\/06125232\/Foto-11-Kawasaki-Ninja-e-1.jpg 600w, https:\/\/bxrepsol.s3.eu-west-1.amazonaws.com\/static\/2025\/02\/06125232\/Foto-11-Kawasaki-Ninja-e-1-300x200.jpg 300w\" sizes=\"auto, (max-width: 600px) 100vw, 600px\" \/><\/figure>\n\n\n\n<p><strong>Kawasaki Z e-1\/Ninja e-1:<\/strong> <strong>Precio:<\/strong> 8.450\/9.050 \u20ac; <strong>Potencia:<\/strong> 12 CV; <strong>Peso:<\/strong> 135\/140 kg; <strong>Autonom\u00eda combinada:<\/strong> 73 km; <strong>Velocidad m\u00e1xima:<\/strong> 97 km\/h<\/p>\n\n\n\n<p><\/p>\n\n\n\n<h3 class=\"wp-block-heading\"><span class=\"ez-toc-section\" id=\"TRIUMPH\"><\/span><strong>TRIUMPH<\/strong><span class=\"ez-toc-section-end\"><\/span><\/h3>\n\n\n\n<p>La firma de Hinckley ha mostrado un prototipo electrificado hace muy poco tiempo. Lo ha bautizado como <strong>Proyecto TE-1<\/strong> y para desarrollarlo ha contado con la colaboraci\u00f3n de Williams Advanced Engineering, Integral Powertrain Ltd. y la Universidad de Warwick. Aunque lo ha presentado como futuro proyecto, su aspecto es ya como el de una moto de calle y cuenta con todos los aditamentos necesarios para ser homologada. Adem\u00e1s, resulta atractiva a la vista y en su dise\u00f1o incluye rasgos caracter\u00edsticos de la marca inglesa. Al ser todav\u00eda un prototipo, Triumph no ha revelado apenas datos sobre ella, pero s\u00ed ha anunciado que se trata de una moto potente con un buen comportamiento din\u00e1mico. Destacables son el robusto chasis de aluminio, el basculante monobrazo y la transmisi\u00f3n secundaria por correa dentada, adem\u00e1s de las suspensiones \u00d6hlins y los frenos Brembo.<\/p>\n\n\n\n<figure class=\"wp-block-image size-full is-resized\"><img loading=\"lazy\" decoding=\"async\" width=\"600\" height=\"400\" src=\"https:\/\/bxrepsol.s3.eu-west-1.amazonaws.com\/static\/2025\/02\/06130805\/Foto-12-Triumph-Proyecto-TE-1.jpg\" alt=\"Moto el\u00e9ctrica Triumph Proyecto TE-1 gris\" class=\"wp-image-123867\" style=\"object-fit:cover;width:600px;height:400px\" srcset=\"https:\/\/bxrepsol.s3.eu-west-1.amazonaws.com\/static\/2025\/02\/06130805\/Foto-12-Triumph-Proyecto-TE-1.jpg 600w, https:\/\/bxrepsol.s3.eu-west-1.amazonaws.com\/static\/2025\/02\/06130805\/Foto-12-Triumph-Proyecto-TE-1-300x200.jpg 300w\" sizes=\"auto, (max-width: 600px) 100vw, 600px\" \/><\/figure>\n\n\n\n<p><strong>Proyecto Triumph TE-1: Precio:<\/strong> N.D. \u20ac; <strong>Potencia:<\/strong> N.D. CV; <strong>Peso:<\/strong> N.D. kg; <strong>Autonom\u00eda combinada:<\/strong> N.D. km; <strong>Velocidad m\u00e1xima:<\/strong> N.D. km\/h<\/p>\n\n\n\n<p><\/p>\n\n\n\n<h3 class=\"wp-block-heading\"><span class=\"ez-toc-section\" id=\"FLYING_FLEA_ROYAL_ENFIELD\"><\/span><strong>FLYING FLEA (ROYAL ENFIELD)<\/strong><span class=\"ez-toc-section-end\"><\/span><\/h3>\n\n\n\n<p>La firma india Royal Enfield ha creado la marca Flying Flea para entrar en el <strong>campo de la movilidad electrificada<\/strong>. Adem\u00e1s, ha confirmado que durante 2026 llegar\u00e1n a las tiendas dos <strong>modelos bautizados como C6 y S6<\/strong>, el primero de dise\u00f1o cl\u00e1sico y el segundo de tipo scrambler. En ambos han sabido mezclar con maestr\u00eda detalles futuristas con aspectos cl\u00e1sicos muy t\u00edpicos de las Royal Enfield. Flying Flea, que traducido al espa\u00f1ol significa \u201c<em>Pulga Voladora<\/em>\u201d, es una denominaci\u00f3n que Royal Enfield ha recuperado y que utiliz\u00f3 en tiempos de guerra para dar nombre a un modelo dise\u00f1ado para ser lanzado en paraca\u00eddas desde un avi\u00f3n. Las dos versiones cuentan con un chasis de aluminio que delante se apoya en una llamativa <a href=\"https:\/\/www.boxrepsol.com\/es\/tecnologia\/horquilla-moto-que-es-y-como-funciona\/\">horquilla de paralelogramos<\/a> de tipo <em>Girder<\/em> que recuerda a las Royal Enfield de hace un siglo. Todav\u00eda no han sido revelados muchos datos sobre ellas, pero s\u00ed se sabe que contar\u00e1n con frenada regenerativa, una electr\u00f3nica muy avanzada, <a href=\"https:\/\/www.boxrepsol.com\/es\/cultura-motera\/frenos-abs-en-moto\/\">sistema ABS<\/a>, asistencia en curva, control autom\u00e1tico de velocidad y una gran pantalla TFT t\u00e1ctil con una conectividad de \u00faltima generaci\u00f3n.<\/p>\n\n\n\n<figure class=\"wp-block-image size-full\"><img loading=\"lazy\" decoding=\"async\" width=\"600\" height=\"400\" src=\"https:\/\/bxrepsol.s3.eu-west-1.amazonaws.com\/static\/2025\/02\/06130911\/Foto-13-Flying-Flea-C6-1.jpeg\" alt=\"Moto el\u00e9ctrica Flying Flea C6\/S6 negra \" class=\"wp-image-123871\" srcset=\"https:\/\/bxrepsol.s3.eu-west-1.amazonaws.com\/static\/2025\/02\/06130911\/Foto-13-Flying-Flea-C6-1.jpeg 600w, https:\/\/bxrepsol.s3.eu-west-1.amazonaws.com\/static\/2025\/02\/06130911\/Foto-13-Flying-Flea-C6-1-300x200.jpeg 300w\" sizes=\"auto, (max-width: 600px) 100vw, 600px\" \/><\/figure>\n\n\n\n<p><strong>Flying Flea C6\/S6: Precio:<\/strong> N.D. \u20ac; <strong>Potencia:<\/strong> N.D. CV; <strong>Peso:<\/strong> N.D. kg; <strong>Autonom\u00eda combinada:<\/strong> N.D. km; <strong>Velocidad m\u00e1xima:<\/strong> N.D. km\/h<\/p>\n\n\n\n<p><\/p>\n\n\n\n<h3 class=\"wp-block-heading\"><span class=\"ez-toc-section\" id=\"ZERO\"><\/span><strong>ZERO<\/strong><span class=\"ez-toc-section-end\"><\/span><\/h3>\n\n\n\n<p><strong>Zero Motorcycles<\/strong> es una <strong>marca estadounidense de motos <\/strong><strong>el\u00e9ctricas<\/strong> de alto rendimiento que fue <strong>fundada en 2006<\/strong> por un ingeniero que trabaj\u00f3 en la NASA. Se trata de una firma pionera que va por delante del resto en muchos aspectos y que ofrece una gama de modelos muy completa y variada. Produce motos naked, sport-turismo, deportivas, trail e incluso de tipo enduro y supermotard. Todas est\u00e1n dotadas con un motor con tecnolog\u00eda patentada Z-Force, frenada regenerativa y conectividad de vanguardia. Tambi\u00e9n destacan por contar con potentes bater\u00edas de carga r\u00e1pida, grandes autonom\u00edas, modos de potencia personalizables y dise\u00f1os modernos realizados en torno a ligeros chasis de aluminio. Con todo esto Zero se ha erigido como la <strong>marca l\u00edder entre las motos el\u00e9ctricas,<\/strong> con presencia en m\u00e1s de 30 pa\u00edses, Espa\u00f1a incluida. Sus motos est\u00e1n en continua evoluci\u00f3n y entre todas destaca una trail que se ofrece en versiones DS (equivalente a 125 cc), DSR (con especificaciones A2) y DSR\/X (sin limitaci\u00f3n para el carnet A). En los tres casos ofrece un dise\u00f1o avanzado enfocado a la aventura, destacando las suspensiones de calidad de recorridos generosos y las llantas de radios preparadas para montar neum\u00e1ticos sin c\u00e1mara de tipo mixto. <strong>Zero anuncia para DSR\/X hasta 288 km de autonom\u00eda y 180 km\/h de velocidad m\u00e1xima.<\/strong><\/p>\n\n\n\n<figure class=\"wp-block-image size-full is-resized\"><img loading=\"lazy\" decoding=\"async\" width=\"600\" height=\"400\" src=\"https:\/\/bxrepsol.s3.eu-west-1.amazonaws.com\/static\/2025\/02\/06131148\/Foto-14-Zero-DSRX.jpg\" alt=\"Moto el\u00e9ctrica Zero DSR\/X negra\" class=\"wp-image-123873\" style=\"object-fit:cover;width:600px;height:400px\" srcset=\"https:\/\/bxrepsol.s3.eu-west-1.amazonaws.com\/static\/2025\/02\/06131148\/Foto-14-Zero-DSRX.jpg 600w, https:\/\/bxrepsol.s3.eu-west-1.amazonaws.com\/static\/2025\/02\/06131148\/Foto-14-Zero-DSRX-300x200.jpg 300w\" sizes=\"auto, (max-width: 600px) 100vw, 600px\" \/><\/figure>\n\n\n\n<p><strong>Zero DSR\/X:<\/strong> <strong>Precio:<\/strong> 23.895 \u20ac; <strong>Potencia:<\/strong> 100 CV; <strong>Peso:<\/strong> 247 kg; <strong>Autonom\u00eda combinada:<\/strong> 288 km; <strong>Velocidad m\u00e1xima:<\/strong> 180 km\/h<\/p>\n\n\n\n<p><\/p>\n\n\n\n<h3 class=\"wp-block-heading\"><span class=\"ez-toc-section\" id=\"ARC\"><\/span><strong>ARC<\/strong><span class=\"ez-toc-section-end\"><\/span><\/h3>\n\n\n\n<p><strong>Marca inglesa de motos el\u00e9ctricas fundada en 2018<\/strong>. Su moto m\u00e1s representativa es la Vector, mostrada ese mismo a\u00f1o y que ya ha recibido varias evoluciones. Se present\u00f3 como la moto el\u00e9ctrica m\u00e1s avanzada y futurista del momento. Con un <strong>precio de 90.000 libras esterlinas (cerca de 108.000 euros),<\/strong> utiliza componentes muy exclusivos de \u00d6hlins, Brembo y BST, y su parte ciclo est\u00e1 realizada en fibra de carbono, incluyendo los basculantes delantero y trasero. Otra caracter\u00edstica llamativa es que para pilotarla hay que ponerse casco y chaqueta espec\u00edficos que incluyen el avanzado sistema \u201cHuman Machine Interface\u201d que nos acercan a una nueva dimensi\u00f3n durante la conducci\u00f3n y que ha sido desarrollado en colaboraci\u00f3n con las firmas Zenith y Origin. La Vector anuncia solo 220 kg, un peso muy por debajo del de otras superdeportivas semejantes. Entre sus datos declarados, tambi\u00e9n <strong>destacan los 3,2 segundos que invierte en pasar de 0-100 km\/h o los 200 km\/h de velocidad m\u00e1xima.<\/strong> Las celdas de su bater\u00eda han sido desarrolladas pensando en maximizar la simplicidad, en reducir tama\u00f1o y peso, y en lograr una gran autonom\u00eda. La marca anuncia <strong>200 km en uso urbano y 120 km en autopista<\/strong>, todo un logro teniendo en cuenta las espectaculares prestaciones de esta superbike. Otro dato relevante es que permiten ser cargadas en un punto de <strong>carga r\u00e1pido en solo 40 minutos.<\/strong><\/p>\n\n\n\n<figure class=\"wp-block-image size-full is-resized\"><img loading=\"lazy\" decoding=\"async\" width=\"600\" height=\"400\" src=\"https:\/\/bxrepsol.s3.eu-west-1.amazonaws.com\/static\/2025\/02\/06131227\/Foto-15-Arc-Vector.jpg\" alt=\"Moto el\u00e9ctrica Arc Vector roja y negra\" class=\"wp-image-123875\" style=\"object-fit:cover;width:600px;height:400px\" srcset=\"https:\/\/bxrepsol.s3.eu-west-1.amazonaws.com\/static\/2025\/02\/06131227\/Foto-15-Arc-Vector.jpg 600w, https:\/\/bxrepsol.s3.eu-west-1.amazonaws.com\/static\/2025\/02\/06131227\/Foto-15-Arc-Vector-300x200.jpg 300w\" sizes=\"auto, (max-width: 600px) 100vw, 600px\" \/><\/figure>\n\n\n\n<p><strong>Arc Vector:<\/strong> <strong>Precio:<\/strong> 108.000 \u20ac; <strong>Potencia:<\/strong> 129 CV; <strong>Peso:<\/strong> 240 kg; <strong>Autonom\u00eda combinada:<\/strong>225 &nbsp;km; <strong>Velocidad m\u00e1xima:<\/strong> 200 km\/h<\/p>\n\n\n\n<p><\/p>\n\n\n\n<h3 class=\"wp-block-heading\"><span class=\"ez-toc-section\" id=\"DAMON\"><\/span><strong>DAMON<\/strong><span class=\"ez-toc-section-end\"><\/span><\/h3>\n\n\n\n<p><strong>Damon Motorcycles<\/strong> es una marca canadiense especializada en la fabricaci\u00f3n de <strong>motos el\u00e9ctricas deportivas.<\/strong> Su moto insignia es la Hypersport, un modelo que por dise\u00f1o deja claras cu\u00e1les son sus intenciones. Tambi\u00e9n sus cifras declaradas son de esc\u00e1ndalo, como confirman los 203 CV de potencia m\u00e1xima y los menos de 3 segundos que necesita para pasar de 0 a 100 km\/h. Aun as\u00ed, <strong>anuncia una autonom\u00eda de 320 km en uso combinado y de hasta 480 km en uso a ritmo tranquilo,<\/strong> algo que no tiene que ser nada f\u00e1cil de acuerdo con su estampa. De todos modos, cuenta con un sistema que modifica la altura de los estribos y de los semimanillares con solo pulsar un bot\u00f3n, porque seg\u00fan los responsables del proyecto \u201cning\u00fan piloto, carretera o situaci\u00f3n son siempre los mismos\u201d. <strong>El precio de la exclusiva versi\u00f3n Premier est\u00e1 fijado en 45.000 $ (43.400 \u20ac)<\/strong> y cuenta con frenos Brembo \u201cpata negra\u201d, suspensiones \u00d6hlins y basculante de fibra de carbono. Incorpora un sistema de seguridad denominado CoPilot que ha sido patentado por Damon Motorcycles que informa al piloto de todo lo que ocurre a su alrededor gracias a una c\u00e1mara trasera y a un radar delantero. Cuando el sistema detecta algo extra\u00f1o <strong>advierte al piloto iluminando una tira de LED<\/strong> situada en borde superior de la c\u00fapula y haciendo que los semimanillares vibren. Tambi\u00e9n de serie incluye un sistema de conectividad 4G con almacenamiento de datos.<\/p>\n\n\n\n<figure class=\"wp-block-image size-full is-resized\"><img loading=\"lazy\" decoding=\"async\" width=\"600\" height=\"400\" src=\"https:\/\/bxrepsol.s3.eu-west-1.amazonaws.com\/static\/2025\/02\/06131321\/Foto-16-Damon-Hypersport-Premier.jpg\" alt=\"Moto el\u00e9trica Damon Hypersport Premier amarilla cargando\" class=\"wp-image-123877\" style=\"object-fit:cover;width:600px;height:400px\" srcset=\"https:\/\/bxrepsol.s3.eu-west-1.amazonaws.com\/static\/2025\/02\/06131321\/Foto-16-Damon-Hypersport-Premier.jpg 600w, https:\/\/bxrepsol.s3.eu-west-1.amazonaws.com\/static\/2025\/02\/06131321\/Foto-16-Damon-Hypersport-Premier-300x200.jpg 300w\" sizes=\"auto, (max-width: 600px) 100vw, 600px\" \/><\/figure>\n\n\n\n<p><strong>Damon Hypersport Premier: Precio:<\/strong> 43.400 \u20ac; <strong>Potencia: <\/strong>204 CV; <strong>Peso:<\/strong> kg; <strong>Autonom\u00eda combinada:<\/strong> 200 km; <strong>Velocidad m\u00e1xima:<\/strong> 200 km\/h<\/p>\n\n\n\n<p><\/p>\n\n\n\n<h3 class=\"wp-block-heading\"><span class=\"ez-toc-section\" id=\"LIGHTNING\"><\/span><strong>LIGHTNING<\/strong><span class=\"ez-toc-section-end\"><\/span><\/h3>\n\n\n\n<p><strong>Lightning Motorcycle Corporation<\/strong> es una firma estadounidense con base en la ciudad californiana de San Jos\u00e9. Fue fundada en 2006 y desde entonces se ha confirmado como una de las <strong>marcas de motos el\u00e9ctricas que m\u00e1s apuesta por la deportividad<\/strong> de sus modelos y sus altas prestaciones. De hecho, ostenta el record oficial de <strong>velocidad m\u00e1xima alcanzada por una moto el\u00e9ctrica con 347 km\/h<\/strong>, lograda en el Lago Salado de Bonneville en 2011. <strong>La LS-218 es su modelo culmen<\/strong> y se trata de una aut\u00e9ntica superbike que impresiona por su aspecto, por sus excelentes acabados y por la calidad de los componentes de su parte ciclo, procedentes de \u00d6hlins y Brembo. Tambi\u00e9n destacan el chasis de doble viga y el subchasis realizados en aluminio mecanizado. Est\u00e1 claro que en Lightning no han escatimado lo m\u00e1s m\u00ednimo a la hora de desarrollarla<strong>. Declara 244 CV y una autonom\u00eda superior a 160 km en momentos de m\u00e1xima exigencia.<\/strong><\/p>\n\n\n\n<figure class=\"wp-block-image size-full is-resized\"><img loading=\"lazy\" decoding=\"async\" width=\"600\" height=\"400\" src=\"https:\/\/bxrepsol.s3.eu-west-1.amazonaws.com\/static\/2025\/02\/06131420\/Foto-17-Lightning-LS-218.jpg\" alt=\"Moto el\u00e9ctrica Lightning LS-218 azul\" class=\"wp-image-123879\" style=\"object-fit:cover;width:600px;height:400px\" srcset=\"https:\/\/bxrepsol.s3.eu-west-1.amazonaws.com\/static\/2025\/02\/06131420\/Foto-17-Lightning-LS-218.jpg 600w, https:\/\/bxrepsol.s3.eu-west-1.amazonaws.com\/static\/2025\/02\/06131420\/Foto-17-Lightning-LS-218-300x200.jpg 300w\" sizes=\"auto, (max-width: 600px) 100vw, 600px\" \/><\/figure>\n\n\n\n<p><strong>Lightning LS-218: Precio:<\/strong> \u20ac; <strong>Potencia:<\/strong> 244 CV; <strong>Peso:<\/strong> 224,5 kg; <strong>Autonom\u00eda combinada:<\/strong> 302km; <strong>Velocidad m\u00e1xima:<\/strong> km\/h<\/p>\n\n\n\n<p><\/p>\n\n\n\n<h3 class=\"wp-block-heading\"><span class=\"ez-toc-section\" id=\"VERGE\"><\/span><strong>VERGE<\/strong><span class=\"ez-toc-section-end\"><\/span><\/h3>\n\n\n\n<p><strong>Verge Motorcycles<\/strong> es una empresa perteneciente al Grupo finland\u00e9s RMK Vehicle Corporation. Su primera moto el\u00e9ctrica ha sido bautizada como TS (las iniciales de Teemu Sukkio, su creador) y la ha desarrollado en tres versiones con los objetivos de que sea simple, funcional y \u00fanica en cuanto a dise\u00f1o. Es una moto estilizada en su parte central gracias a que el motor el\u00e9ctrico est\u00e1 situado en el interior de la llanta trasera, lo que&nbsp; permite que esta carezca de buje. Tambi\u00e9n incluye un sistema regenerativo que aprovecha parte de la energ\u00eda de la frenada para recargar la bater\u00eda. <strong>La TS Ultra, la versi\u00f3n m\u00e1s potente, anuncia 204 CV y un par m\u00e1ximo muy elevado<\/strong>. Ofrece una autonom\u00eda de 200 km en autopista y de 375 km en ciudad, unas cifras interesantes. La marca declara que solo necesita 2,5 segundos para pasar de 0-100 km\/h. En la parte ciclo cuenta con un chasis de tipo multitubular, junto a componentes procedentes de \u00d6hlins y Brembo. El peso del conjunto es de 200 kg y su precio se ha fijado en 24.990 euros. La Verge TS ya est\u00e1 a la venta y se puede reservar en la web de RMK Vehicles. <strong>Los precios oscilan entre los 31.179 \u20ac de la TS Pro y los 55.329 del a TS Ultra.<\/strong><\/p>\n\n\n\n<figure class=\"wp-block-image size-full\"><img loading=\"lazy\" decoding=\"async\" width=\"600\" height=\"400\" src=\"https:\/\/bxrepsol.s3.eu-west-1.amazonaws.com\/static\/2025\/02\/06131532\/Foto-18-Verge-TS-Ultra.jpg\" alt=\"Moto el\u00e9ctrica Verge TS Ultra naranja\" class=\"wp-image-123881\" srcset=\"https:\/\/bxrepsol.s3.eu-west-1.amazonaws.com\/static\/2025\/02\/06131532\/Foto-18-Verge-TS-Ultra.jpg 600w, https:\/\/bxrepsol.s3.eu-west-1.amazonaws.com\/static\/2025\/02\/06131532\/Foto-18-Verge-TS-Ultra-300x200.jpg 300w\" sizes=\"auto, (max-width: 600px) 100vw, 600px\" \/><\/figure>\n\n\n\n<p><strong>Verge TS Ultra: Precio:<\/strong> 55.329 \u20ac; <strong>Potencia:<\/strong> 204 CV; <strong>Peso:<\/strong> kg; <strong>Autonom\u00eda combinada:<\/strong> 375 km; <strong>Velocidad m\u00e1xima:<\/strong> 200 km\/h<\/p>\n\n\n\n<p><\/p>\n\n\n\n<h2 class=\"wp-block-heading\"><span class=\"ez-toc-section\" id=\"Futuro_de_la_movilidad_electrica_en_motos\"><\/span><strong>Futuro de la movilidad el\u00e9ctrica en motos<\/strong><span class=\"ez-toc-section-end\"><\/span><\/h2>\n\n\n\n<p>No es un secreto que \u00faltimamente <strong>todas las grandes marcas est\u00e1n invirtiendo muchos esfuerzos en el desarrollo de modelos el\u00e9ctricos<\/strong>, aunque por ahora solo BMW, Harley-Davidson y Kawasaki se ha atrevido a poner en el mercado motos empujadas por un motor s\u00edncrono de imanes permanentes. Los dem\u00e1s, aunque alguno si comercializa scooter peque\u00f1os, todav\u00eda no han dado el paso al segmento de las motos grandes. Sin embargo, todo apunta a que, en los pr\u00f3ximos a\u00f1os, el n\u00famero de nuevos modelos y de prototipos el\u00e9ctricos que van a ir presentando las grandes marcas va a ser elevado.<\/p>\n\n\n\n<figure class=\"wp-block-image size-full is-resized\"><img loading=\"lazy\" decoding=\"async\" width=\"600\" height=\"400\" src=\"https:\/\/bxrepsol.s3.eu-west-1.amazonaws.com\/static\/2025\/02\/06131634\/Foto-5.jpg\" alt=\"Moto Bmw el\u00e9ctrica circulando por la calle\" class=\"wp-image-123883\" style=\"object-fit:cover;width:600px;height:400px\" srcset=\"https:\/\/bxrepsol.s3.eu-west-1.amazonaws.com\/static\/2025\/02\/06131634\/Foto-5.jpg 600w, https:\/\/bxrepsol.s3.eu-west-1.amazonaws.com\/static\/2025\/02\/06131634\/Foto-5-300x200.jpg 300w\" sizes=\"auto, (max-width: 600px) 100vw, 600px\" \/><\/figure>\n\n\n\n<p>Al hilo de las principales firmas, conviene se\u00f1alar que <strong>Ducati fabrica las motos que se utilizan en la Copa del Mundo FIM Enel MotoE desde 2023<\/strong>, con lo que esta ser\u00e1 la tercera temporada en la que la marca italiana sea la protagonista indiscutible de la citada Copa. En 2025, el Mundial de motos el\u00e9ctricas se va a disputar coincidiendo con 7 citas del <strong>Campeonato del Mundo de MotoGP<\/strong>, con dos carreras en cada una de ellas, sumando un total de 14. La Ducati V21L que se utiliza en estas carreras es una moto fabricada para uso exclusivo en circuito y todav\u00eda no hay noticias acerca de si la marca italiana va a desarrollar una variante que pueda ser matriculada. Lo que s\u00ed es indiscutible es que, gracias este campeonato, Ducati est\u00e1 adquiriendo una experiencia que, a buen seguro, le ayudar\u00e1 en un futuro a la hora de fabricar motos \u201cel\u00e9ctricas\u201d para la calle.<\/p>\n\n\n\n<figure class=\"wp-block-image size-full is-resized\"><img loading=\"lazy\" decoding=\"async\" width=\"600\" height=\"400\" src=\"https:\/\/bxrepsol.s3.eu-west-1.amazonaws.com\/static\/2025\/02\/06131646\/Foto-6.jpg\" alt=\"Moto el\u00e9ctrica ducati en un circuito\" class=\"wp-image-123885\" style=\"object-fit:cover;width:600px;height:400px\" srcset=\"https:\/\/bxrepsol.s3.eu-west-1.amazonaws.com\/static\/2025\/02\/06131646\/Foto-6.jpg 600w, https:\/\/bxrepsol.s3.eu-west-1.amazonaws.com\/static\/2025\/02\/06131646\/Foto-6-300x200.jpg 300w\" sizes=\"auto, (max-width: 600px) 100vw, 600px\" \/><\/figure>\n\n\n\n<p>Aprovechando este vac\u00edo y antes de que todas las grandes marcas pasen a la acci\u00f3n, en los \u00faltimos a\u00f1os han surgido unos cuantos <strong>\u201cpeque\u00f1os\u201d fabricantes especializados en motos <\/strong><strong>el\u00e9ctricas de altas prestaciones<\/strong>. Un ejemplo que seguir es la estadounidense <strong>Zero Motorcycles,<\/strong> una marca muy consolidada en el mundo de las motos \u201cel\u00e9ctricas\u201d. Otras que est\u00e1n sorprendiendo por la solidez que han adquirido y por la calidad de sus productos son firmas como <strong>Arc, Damon, Lighting o Verge<\/strong>, entre otras. Lo que queda claro es que el campo de las motos el\u00e9ctricas de altas prestaciones est\u00e1 evolucionando muy r\u00e1pido y lo que hoy es v\u00e1lido y actual, en muy poco tiempo se queda desfasado, por lo que los fabricantes invierten mucho dinero en desarrollo y a nada que piensan m\u00e1s de la cuenta en algo \u201cse les pasa el arroz\u201d y tienen que volver a empezar. Donde m\u00e1s trabajo queda por hacer es en el peso y la autonom\u00eda. Tambi\u00e9n se pone mucho empe\u00f1o en <strong>rebajar el tiempo de recarga de la bater\u00eda<\/strong> y en que los puntos de recarga sean cada vez m\u00e1s convencionales. Por supuesto, dinamismo y comportamiento son tambi\u00e9n muy importantes, y como podr\u00e1s leer a continuaci\u00f3n, y al igual que sucede con los modelos empujados por motores de combusti\u00f3n, en el mundo de las motos el\u00e9ctricas se emplean distintos estilos tanto en estructuras de parte ciclo, como en lo que concierne a configuraciones de motor y dise\u00f1os. Por estos motivos vamos a hacer un repaso a c\u00f3mo se encuentra el tema en este momento en el segmento de las motos el\u00e9ctricas de altas prestaciones y qu\u00e9 modelos son los m\u00e1s representativos.<\/p>\n","protected":false},"excerpt":{"rendered":"<p>Aunque a\u00fan queda camino por recorrer, todo indica que la movilidad el\u00e9ctrica va a ganar presencia en el futuro y que el modelo de negocio va a cambiar mucho en lo referente al mundo de la moto. Y ya no hablamos de un futuro lejano, sino de pr\u00f3ximo.<\/p>\n","protected":false},"author":41267,"featured_media":123847,"comment_status":"open","ping_status":"closed","sticky":false,"template":"","format":"standard","meta":{"footnotes":""},"categories":[122],"tags":[591,380,382],"class_list":["post-123846","post","type-post","status-publish","format-standard","hentry","category-vive-tu-moto","tag-energias-y-movilidad","tag-novedades","tag-reviews-de-motos"],"yoast_head":"<!-- This site is optimized with the Yoast SEO plugin v27.3 - https:\/\/yoast.com\/product\/yoast-seo-wordpress\/ -->\n<title>Las mejores motos el\u00e9ctricas para este 2025 - Box Repsol<\/title>\n<meta name=\"description\" content=\"Descubre las mejores motos el\u00e9ctricas de 2025: modelos destacados, precios, autonom\u00eda y consejos para elegir tu opci\u00f3n ideal.\" \/>\n<link rel=\"canonical\" href=\"https:\/\/www.boxrepsol.com\/es\/vive-tu-moto\/mejores-motos-electricas\/\" \/>\n<meta property=\"og:locale\" content=\"es_ES\" \/>\n<meta property=\"og:type\" content=\"article\" \/>\n<meta property=\"og:title\" content=\"Las mejores motos el\u00e9ctricas para este 2025 - Box Repsol\" \/>\n<meta property=\"og:description\" content=\"Descubre las mejores motos el\u00e9ctricas de 2025: modelos destacados, precios, autonom\u00eda y consejos para elegir tu opci\u00f3n ideal.\" \/>\n<meta property=\"og:url\" content=\"https:\/\/www.boxrepsol.com\/es\/vive-tu-moto\/mejores-motos-electricas\/\" \/>\n<meta property=\"og:site_name\" content=\"Box Repsol\" \/>\n<meta property=\"article:publisher\" content=\"https:\/\/www.facebook.com\/BoxRepsol\" \/>\n<meta property=\"article:published_time\" content=\"2025-02-07T09:24:16+00:00\" \/>\n<meta property=\"article:modified_time\" content=\"2025-06-26T08:39:32+00:00\" \/>\n<meta property=\"og:image\" content=\"https:\/\/bxrepsol.s3.eu-west-1.amazonaws.com\/static\/2025\/02\/06121525\/Foto-1-apertura-1-1-1.jpg\" \/>\n\t<meta property=\"og:image:width\" content=\"1200\" \/>\n\t<meta property=\"og:image:height\" content=\"600\" \/>\n\t<meta property=\"og:image:type\" content=\"image\/jpeg\" \/>\n<meta name=\"author\" content=\"V\u00edctor Gancedo\" \/>\n<meta name=\"twitter:card\" content=\"summary_large_image\" \/>\n<meta name=\"twitter:creator\" content=\"@box_repsol\" \/>\n<meta name=\"twitter:site\" content=\"@box_repsol\" \/>\n<meta name=\"twitter:label1\" content=\"Written by\" \/>\n\t<meta name=\"twitter:data1\" content=\"V\u00edctor Gancedo\" \/>\n\t<meta name=\"twitter:label2\" content=\"Est. reading time\" \/>\n\t<meta name=\"twitter:data2\" content=\"17 minutos\" \/>\n<script type=\"application\/ld+json\" class=\"yoast-schema-graph\">{\"@context\":\"https:\\\/\\\/schema.org\",\"@graph\":[{\"@type\":\"Article\",\"@id\":\"https:\\\/\\\/www.boxrepsol.com\\\/es\\\/vive-tu-moto\\\/mejores-motos-electricas\\\/#article\",\"isPartOf\":{\"@id\":\"https:\\\/\\\/www.boxrepsol.com\\\/es\\\/vive-tu-moto\\\/mejores-motos-electricas\\\/\"},\"author\":{\"name\":\"V\u00edctor Gancedo\",\"@id\":\"https:\\\/\\\/www.boxrepsol.com\\\/es\\\/#\\\/schema\\\/person\\\/40c28bf318bbbe8fe3848b194b7385ca\"},\"headline\":\"Las mejores motos el\u00e9ctricas de cada segmento\",\"datePublished\":\"2025-02-07T09:24:16+00:00\",\"dateModified\":\"2025-06-26T08:39:32+00:00\",\"mainEntityOfPage\":{\"@id\":\"https:\\\/\\\/www.boxrepsol.com\\\/es\\\/vive-tu-moto\\\/mejores-motos-electricas\\\/\"},\"wordCount\":3444,\"commentCount\":0,\"publisher\":{\"@id\":\"https:\\\/\\\/www.boxrepsol.com\\\/es\\\/#organization\"},\"image\":{\"@id\":\"https:\\\/\\\/www.boxrepsol.com\\\/es\\\/vive-tu-moto\\\/mejores-motos-electricas\\\/#primaryimage\"},\"thumbnailUrl\":\"https:\\\/\\\/bxrepsol.s3.eu-west-1.amazonaws.com\\\/static\\\/2025\\\/02\\\/06121525\\\/Foto-1-apertura-1-1-1.jpg\",\"keywords\":[\"energ\u00edas y movilidad\",\"Novedades\",\"Reviews de motos\"],\"articleSection\":[\"Vive tu moto\"],\"inLanguage\":\"es\",\"potentialAction\":[{\"@type\":\"CommentAction\",\"name\":\"Comment\",\"target\":[\"https:\\\/\\\/www.boxrepsol.com\\\/es\\\/vive-tu-moto\\\/mejores-motos-electricas\\\/#respond\"]}]},{\"@type\":\"WebPage\",\"@id\":\"https:\\\/\\\/www.boxrepsol.com\\\/es\\\/vive-tu-moto\\\/mejores-motos-electricas\\\/\",\"url\":\"https:\\\/\\\/www.boxrepsol.com\\\/es\\\/vive-tu-moto\\\/mejores-motos-electricas\\\/\",\"name\":\"Las mejores motos el\u00e9ctricas para este 2025 - Box Repsol\",\"isPartOf\":{\"@id\":\"https:\\\/\\\/www.boxrepsol.com\\\/es\\\/#website\"},\"primaryImageOfPage\":{\"@id\":\"https:\\\/\\\/www.boxrepsol.com\\\/es\\\/vive-tu-moto\\\/mejores-motos-electricas\\\/#primaryimage\"},\"image\":{\"@id\":\"https:\\\/\\\/www.boxrepsol.com\\\/es\\\/vive-tu-moto\\\/mejores-motos-electricas\\\/#primaryimage\"},\"thumbnailUrl\":\"https:\\\/\\\/bxrepsol.s3.eu-west-1.amazonaws.com\\\/static\\\/2025\\\/02\\\/06121525\\\/Foto-1-apertura-1-1-1.jpg\",\"datePublished\":\"2025-02-07T09:24:16+00:00\",\"dateModified\":\"2025-06-26T08:39:32+00:00\",\"description\":\"Descubre las mejores motos el\u00e9ctricas de 2025: modelos destacados, precios, autonom\u00eda y consejos para elegir tu opci\u00f3n ideal.\",\"breadcrumb\":{\"@id\":\"https:\\\/\\\/www.boxrepsol.com\\\/es\\\/vive-tu-moto\\\/mejores-motos-electricas\\\/#breadcrumb\"},\"inLanguage\":\"es\",\"potentialAction\":[{\"@type\":\"ReadAction\",\"target\":[\"https:\\\/\\\/www.boxrepsol.com\\\/es\\\/vive-tu-moto\\\/mejores-motos-electricas\\\/\"]}]},{\"@type\":\"ImageObject\",\"inLanguage\":\"es\",\"@id\":\"https:\\\/\\\/www.boxrepsol.com\\\/es\\\/vive-tu-moto\\\/mejores-motos-electricas\\\/#primaryimage\",\"url\":\"https:\\\/\\\/bxrepsol.s3.eu-west-1.amazonaws.com\\\/static\\\/2025\\\/02\\\/06121525\\\/Foto-1-apertura-1-1-1.jpg\",\"contentUrl\":\"https:\\\/\\\/bxrepsol.s3.eu-west-1.amazonaws.com\\\/static\\\/2025\\\/02\\\/06121525\\\/Foto-1-apertura-1-1-1.jpg\",\"width\":1200,\"height\":600,\"caption\":\"Moto el\u00e9ctrica negra circulando por una carretera\"},{\"@type\":\"BreadcrumbList\",\"@id\":\"https:\\\/\\\/www.boxrepsol.com\\\/es\\\/vive-tu-moto\\\/mejores-motos-electricas\\\/#breadcrumb\",\"itemListElement\":[{\"@type\":\"ListItem\",\"position\":1,\"name\":\"Home\",\"item\":\"https:\\\/\\\/www.boxrepsol.com\\\/es\\\/\"},{\"@type\":\"ListItem\",\"position\":2,\"name\":\"Las mejores motos el\u00e9ctricas de cada segmento\"}]},{\"@type\":\"WebSite\",\"@id\":\"https:\\\/\\\/www.boxrepsol.com\\\/es\\\/#website\",\"url\":\"https:\\\/\\\/www.boxrepsol.com\\\/es\\\/\",\"name\":\"Box Repsol\",\"description\":\"Box Repsol Site\",\"publisher\":{\"@id\":\"https:\\\/\\\/www.boxrepsol.com\\\/es\\\/#organization\"},\"potentialAction\":[{\"@type\":\"SearchAction\",\"target\":{\"@type\":\"EntryPoint\",\"urlTemplate\":\"https:\\\/\\\/www.boxrepsol.com\\\/es\\\/?s={search_term_string}\"},\"query-input\":{\"@type\":\"PropertyValueSpecification\",\"valueRequired\":true,\"valueName\":\"search_term_string\"}}],\"inLanguage\":\"es\"},{\"@type\":\"Organization\",\"@id\":\"https:\\\/\\\/www.boxrepsol.com\\\/es\\\/#organization\",\"name\":\"Box Repsol\",\"url\":\"https:\\\/\\\/www.boxrepsol.com\\\/es\\\/\",\"logo\":{\"@type\":\"ImageObject\",\"inLanguage\":\"es\",\"@id\":\"https:\\\/\\\/www.boxrepsol.com\\\/es\\\/#\\\/schema\\\/logo\\\/image\\\/\",\"url\":\"https:\\\/\\\/bxrepsol.s3.eu-west-1.amazonaws.com\\\/static\\\/2025\\\/07\\\/30083337\\\/favicon-96x96-1.png\",\"contentUrl\":\"https:\\\/\\\/bxrepsol.s3.eu-west-1.amazonaws.com\\\/static\\\/2025\\\/07\\\/30083337\\\/favicon-96x96-1.png\",\"width\":96,\"height\":96,\"caption\":\"Box Repsol\"},\"image\":{\"@id\":\"https:\\\/\\\/www.boxrepsol.com\\\/es\\\/#\\\/schema\\\/logo\\\/image\\\/\"},\"sameAs\":[\"https:\\\/\\\/www.facebook.com\\\/BoxRepsol\",\"https:\\\/\\\/x.com\\\/box_repsol\",\"http:\\\/\\\/instagram.com\\\/box_repsol\",\"https:\\\/\\\/www.youtube.com\\\/user\\\/RepsolCompeticion\",\"https:\\\/\\\/www.flickr.com\\\/photos\\\/box_repsol\\\/\"]},{\"@type\":\"Person\",\"@id\":\"https:\\\/\\\/www.boxrepsol.com\\\/es\\\/#\\\/schema\\\/person\\\/40c28bf318bbbe8fe3848b194b7385ca\",\"name\":\"V\u00edctor Gancedo\",\"image\":{\"@type\":\"ImageObject\",\"inLanguage\":\"es\",\"@id\":\"https:\\\/\\\/secure.gravatar.com\\\/avatar\\\/cd1439a66fca5d3425cd2a7b13f32cd43e25022a0436c1235ef2a28e14fa660a?s=96&d=mm&r=g\",\"url\":\"https:\\\/\\\/secure.gravatar.com\\\/avatar\\\/cd1439a66fca5d3425cd2a7b13f32cd43e25022a0436c1235ef2a28e14fa660a?s=96&d=mm&r=g\",\"contentUrl\":\"https:\\\/\\\/secure.gravatar.com\\\/avatar\\\/cd1439a66fca5d3425cd2a7b13f32cd43e25022a0436c1235ef2a28e14fa660a?s=96&d=mm&r=g\",\"caption\":\"V\u00edctor Gancedo\"},\"description\":\"Periodista especializado en el mundo de las motos, V\u00edctor ha probado pr\u00e1cticamente todas las que han salido al mercado desde 1990. En su larga trayectoria, ha desempe\u00f1ado cargos como los de Jefe de Pruebas de la revista Motociclismo o Responsable de Pruebas del \u00c1rea de Motos del Grupo Motorpress-Ib\u00e9rica, hoy llamado Sport Life Ib\u00e9rica, al cual sigue vinculado.\",\"sameAs\":[\"https:\\\/\\\/www.instagram.com\\\/vfgancedo\"],\"url\":\"https:\\\/\\\/www.boxrepsol.com\\\/es\\\/author\\\/victor_gancedo\\\/\"}]}<\/script>\n<!-- \/ Yoast SEO plugin. -->","yoast_head_json":{"title":"Las mejores motos el\u00e9ctricas para este 2025 - Box Repsol","description":"Descubre las mejores motos el\u00e9ctricas de 2025: modelos destacados, precios, autonom\u00eda y consejos para elegir tu opci\u00f3n ideal.","canonical":"https:\/\/www.boxrepsol.com\/es\/vive-tu-moto\/mejores-motos-electricas\/","og_locale":"es_ES","og_type":"article","og_title":"Las mejores motos el\u00e9ctricas para este 2025 - Box Repsol","og_description":"Descubre las mejores motos el\u00e9ctricas de 2025: modelos destacados, precios, autonom\u00eda y consejos para elegir tu opci\u00f3n ideal.","og_url":"https:\/\/www.boxrepsol.com\/es\/vive-tu-moto\/mejores-motos-electricas\/","og_site_name":"Box Repsol","article_publisher":"https:\/\/www.facebook.com\/BoxRepsol","article_published_time":"2025-02-07T09:24:16+00:00","article_modified_time":"2025-06-26T08:39:32+00:00","og_image":[{"width":1200,"height":600,"url":"https:\/\/bxrepsol.s3.eu-west-1.amazonaws.com\/static\/2025\/02\/06121525\/Foto-1-apertura-1-1-1.jpg","type":"image\/jpeg"}],"author":"V\u00edctor Gancedo","twitter_card":"summary_large_image","twitter_creator":"@box_repsol","twitter_site":"@box_repsol","twitter_misc":{"Written by":"V\u00edctor Gancedo","Est. reading time":"17 minutos"},"schema":{"@context":"https:\/\/schema.org","@graph":[{"@type":"Article","@id":"https:\/\/www.boxrepsol.com\/es\/vive-tu-moto\/mejores-motos-electricas\/#article","isPartOf":{"@id":"https:\/\/www.boxrepsol.com\/es\/vive-tu-moto\/mejores-motos-electricas\/"},"author":{"name":"V\u00edctor Gancedo","@id":"https:\/\/www.boxrepsol.com\/es\/#\/schema\/person\/40c28bf318bbbe8fe3848b194b7385ca"},"headline":"Las mejores motos el\u00e9ctricas de cada segmento","datePublished":"2025-02-07T09:24:16+00:00","dateModified":"2025-06-26T08:39:32+00:00","mainEntityOfPage":{"@id":"https:\/\/www.boxrepsol.com\/es\/vive-tu-moto\/mejores-motos-electricas\/"},"wordCount":3444,"commentCount":0,"publisher":{"@id":"https:\/\/www.boxrepsol.com\/es\/#organization"},"image":{"@id":"https:\/\/www.boxrepsol.com\/es\/vive-tu-moto\/mejores-motos-electricas\/#primaryimage"},"thumbnailUrl":"https:\/\/bxrepsol.s3.eu-west-1.amazonaws.com\/static\/2025\/02\/06121525\/Foto-1-apertura-1-1-1.jpg","keywords":["energ\u00edas y movilidad","Novedades","Reviews de motos"],"articleSection":["Vive tu moto"],"inLanguage":"es","potentialAction":[{"@type":"CommentAction","name":"Comment","target":["https:\/\/www.boxrepsol.com\/es\/vive-tu-moto\/mejores-motos-electricas\/#respond"]}]},{"@type":"WebPage","@id":"https:\/\/www.boxrepsol.com\/es\/vive-tu-moto\/mejores-motos-electricas\/","url":"https:\/\/www.boxrepsol.com\/es\/vive-tu-moto\/mejores-motos-electricas\/","name":"Las mejores motos el\u00e9ctricas para este 2025 - Box Repsol","isPartOf":{"@id":"https:\/\/www.boxrepsol.com\/es\/#website"},"primaryImageOfPage":{"@id":"https:\/\/www.boxrepsol.com\/es\/vive-tu-moto\/mejores-motos-electricas\/#primaryimage"},"image":{"@id":"https:\/\/www.boxrepsol.com\/es\/vive-tu-moto\/mejores-motos-electricas\/#primaryimage"},"thumbnailUrl":"https:\/\/bxrepsol.s3.eu-west-1.amazonaws.com\/static\/2025\/02\/06121525\/Foto-1-apertura-1-1-1.jpg","datePublished":"2025-02-07T09:24:16+00:00","dateModified":"2025-06-26T08:39:32+00:00","description":"Descubre las mejores motos el\u00e9ctricas de 2025: modelos destacados, precios, autonom\u00eda y consejos para elegir tu opci\u00f3n ideal.","breadcrumb":{"@id":"https:\/\/www.boxrepsol.com\/es\/vive-tu-moto\/mejores-motos-electricas\/#breadcrumb"},"inLanguage":"es","potentialAction":[{"@type":"ReadAction","target":["https:\/\/www.boxrepsol.com\/es\/vive-tu-moto\/mejores-motos-electricas\/"]}]},{"@type":"ImageObject","inLanguage":"es","@id":"https:\/\/www.boxrepsol.com\/es\/vive-tu-moto\/mejores-motos-electricas\/#primaryimage","url":"https:\/\/bxrepsol.s3.eu-west-1.amazonaws.com\/static\/2025\/02\/06121525\/Foto-1-apertura-1-1-1.jpg","contentUrl":"https:\/\/bxrepsol.s3.eu-west-1.amazonaws.com\/static\/2025\/02\/06121525\/Foto-1-apertura-1-1-1.jpg","width":1200,"height":600,"caption":"Moto el\u00e9ctrica negra circulando por una carretera"},{"@type":"BreadcrumbList","@id":"https:\/\/www.boxrepsol.com\/es\/vive-tu-moto\/mejores-motos-electricas\/#breadcrumb","itemListElement":[{"@type":"ListItem","position":1,"name":"Home","item":"https:\/\/www.boxrepsol.com\/es\/"},{"@type":"ListItem","position":2,"name":"Las mejores motos el\u00e9ctricas de cada segmento"}]},{"@type":"WebSite","@id":"https:\/\/www.boxrepsol.com\/es\/#website","url":"https:\/\/www.boxrepsol.com\/es\/","name":"Box Repsol","description":"Box Repsol Site","publisher":{"@id":"https:\/\/www.boxrepsol.com\/es\/#organization"},"potentialAction":[{"@type":"SearchAction","target":{"@type":"EntryPoint","urlTemplate":"https:\/\/www.boxrepsol.com\/es\/?s={search_term_string}"},"query-input":{"@type":"PropertyValueSpecification","valueRequired":true,"valueName":"search_term_string"}}],"inLanguage":"es"},{"@type":"Organization","@id":"https:\/\/www.boxrepsol.com\/es\/#organization","name":"Box Repsol","url":"https:\/\/www.boxrepsol.com\/es\/","logo":{"@type":"ImageObject","inLanguage":"es","@id":"https:\/\/www.boxrepsol.com\/es\/#\/schema\/logo\/image\/","url":"https:\/\/bxrepsol.s3.eu-west-1.amazonaws.com\/static\/2025\/07\/30083337\/favicon-96x96-1.png","contentUrl":"https:\/\/bxrepsol.s3.eu-west-1.amazonaws.com\/static\/2025\/07\/30083337\/favicon-96x96-1.png","width":96,"height":96,"caption":"Box Repsol"},"image":{"@id":"https:\/\/www.boxrepsol.com\/es\/#\/schema\/logo\/image\/"},"sameAs":["https:\/\/www.facebook.com\/BoxRepsol","https:\/\/x.com\/box_repsol","http:\/\/instagram.com\/box_repsol","https:\/\/www.youtube.com\/user\/RepsolCompeticion","https:\/\/www.flickr.com\/photos\/box_repsol\/"]},{"@type":"Person","@id":"https:\/\/www.boxrepsol.com\/es\/#\/schema\/person\/40c28bf318bbbe8fe3848b194b7385ca","name":"V\u00edctor Gancedo","image":{"@type":"ImageObject","inLanguage":"es","@id":"https:\/\/secure.gravatar.com\/avatar\/cd1439a66fca5d3425cd2a7b13f32cd43e25022a0436c1235ef2a28e14fa660a?s=96&d=mm&r=g","url":"https:\/\/secure.gravatar.com\/avatar\/cd1439a66fca5d3425cd2a7b13f32cd43e25022a0436c1235ef2a28e14fa660a?s=96&d=mm&r=g","contentUrl":"https:\/\/secure.gravatar.com\/avatar\/cd1439a66fca5d3425cd2a7b13f32cd43e25022a0436c1235ef2a28e14fa660a?s=96&d=mm&r=g","caption":"V\u00edctor Gancedo"},"description":"Periodista especializado en el mundo de las motos, V\u00edctor ha probado pr\u00e1cticamente todas las que han salido al mercado desde 1990. En su larga trayectoria, ha desempe\u00f1ado cargos como los de Jefe de Pruebas de la revista Motociclismo o Responsable de Pruebas del \u00c1rea de Motos del Grupo Motorpress-Ib\u00e9rica, hoy llamado Sport Life Ib\u00e9rica, al cual sigue vinculado.","sameAs":["https:\/\/www.instagram.com\/vfgancedo"],"url":"https:\/\/www.boxrepsol.com\/es\/author\/victor_gancedo\/"}]}},"_links":{"self":[{"href":"https:\/\/www.boxrepsol.com\/es\/wp-json\/wp\/v2\/posts\/123846","targetHints":{"allow":["GET"]}}],"collection":[{"href":"https:\/\/www.boxrepsol.com\/es\/wp-json\/wp\/v2\/posts"}],"about":[{"href":"https:\/\/www.boxrepsol.com\/es\/wp-json\/wp\/v2\/types\/post"}],"author":[{"embeddable":true,"href":"https:\/\/www.boxrepsol.com\/es\/wp-json\/wp\/v2\/users\/41267"}],"replies":[{"embeddable":true,"href":"https:\/\/www.boxrepsol.com\/es\/wp-json\/wp\/v2\/comments?post=123846"}],"version-history":[{"count":6,"href":"https:\/\/www.boxrepsol.com\/es\/wp-json\/wp\/v2\/posts\/123846\/revisions"}],"predecessor-version":[{"id":124064,"href":"https:\/\/www.boxrepsol.com\/es\/wp-json\/wp\/v2\/posts\/123846\/revisions\/124064"}],"wp:featuredmedia":[{"embeddable":true,"href":"https:\/\/www.boxrepsol.com\/es\/wp-json\/wp\/v2\/media\/123847"}],"wp:attachment":[{"href":"https:\/\/www.boxrepsol.com\/es\/wp-json\/wp\/v2\/media?parent=123846"}],"wp:term":[{"taxonomy":"category","embeddable":true,"href":"https:\/\/www.boxrepsol.com\/es\/wp-json\/wp\/v2\/categories?post=123846"},{"taxonomy":"post_tag","embeddable":true,"href":"https:\/\/www.boxrepsol.com\/es\/wp-json\/wp\/v2\/tags?post=123846"}],"curies":[{"name":"wp","href":"https:\/\/api.w.org\/{rel}","templated":true}]}}