{"id":123577,"date":"2025-01-23T13:11:00","date_gmt":"2025-01-23T15:11:00","guid":{"rendered":"https:\/\/www.boxrepsol.com\/?p=123577"},"modified":"2025-02-04T12:22:00","modified_gmt":"2025-02-04T14:22:00","slug":"como-calcular-impuesto-matriculacion","status":"publish","type":"post","link":"https:\/\/www.boxrepsol.com\/es\/cultura-motera\/como-calcular-impuesto-matriculacion\/","title":{"rendered":"\u00bfC\u00f3mo calcular el impuesto de matriculaci\u00f3n?"},"content":{"rendered":"<figure class=\"wp-block-post-featured-image\"><img loading=\"lazy\" decoding=\"async\" width=\"1280\" height=\"600\" src=\"https:\/\/bxrepsol.s3.eu-west-1.amazonaws.com\/static\/2025\/01\/22151955\/photoshop-1.jpg\" class=\"attachment-post-thumbnail size-post-thumbnail wp-post-image\" alt=\"\" style=\"object-fit:cover;\" srcset=\"https:\/\/bxrepsol.s3.eu-west-1.amazonaws.com\/static\/2025\/01\/22151955\/photoshop-1.jpg 1280w, https:\/\/bxrepsol.s3.eu-west-1.amazonaws.com\/static\/2025\/01\/22151955\/photoshop-1-300x141.jpg 300w, https:\/\/bxrepsol.s3.eu-west-1.amazonaws.com\/static\/2025\/01\/22151955\/photoshop-1-1024x480.jpg 1024w, https:\/\/bxrepsol.s3.eu-west-1.amazonaws.com\/static\/2025\/01\/22151955\/photoshop-1-768x360.jpg 768w\" sizes=\"auto, (max-width: 1280px) 100vw, 1280px\" \/><\/figure>\n\n\n<p><\/p>\n\n\n\n<div id=\"ez-toc-container\" class=\"ez-toc-v2_0_82_2 counter-hierarchy ez-toc-counter ez-toc-grey ez-toc-container-direction\">\n<div class=\"ez-toc-title-container\">\n<p class=\"ez-toc-title\" style=\"cursor:inherit\">\u00cdndice<\/p>\n<span class=\"ez-toc-title-toggle\"><a href=\"#\" class=\"ez-toc-pull-right ez-toc-btn ez-toc-btn-xs ez-toc-btn-default ez-toc-toggle\" aria-label=\"Toggle Table of Content\"><span class=\"ez-toc-js-icon-con\"><span class=\"\"><span class=\"eztoc-hide\" style=\"display:none;\">Toggle<\/span><span class=\"ez-toc-icon-toggle-span\"><svg style=\"fill: #999;color:#999\" xmlns=\"http:\/\/www.w3.org\/2000\/svg\" class=\"list-377408\" width=\"20px\" height=\"20px\" viewBox=\"0 0 24 24\" fill=\"none\"><path d=\"M6 6H4v2h2V6zm14 0H8v2h12V6zM4 11h2v2H4v-2zm16 0H8v2h12v-2zM4 16h2v2H4v-2zm16 0H8v2h12v-2z\" fill=\"currentColor\"><\/path><\/svg><svg style=\"fill: #999;color:#999\" class=\"arrow-unsorted-368013\" xmlns=\"http:\/\/www.w3.org\/2000\/svg\" width=\"10px\" height=\"10px\" viewBox=\"0 0 24 24\" version=\"1.2\" baseProfile=\"tiny\"><path d=\"M18.2 9.3l-6.2-6.3-6.2 6.3c-.2.2-.3.4-.3.7s.1.5.3.7c.2.2.4.3.7.3h11c.3 0 .5-.1.7-.3.2-.2.3-.5.3-.7s-.1-.5-.3-.7zM5.8 14.7l6.2 6.3 6.2-6.3c.2-.2.3-.5.3-.7s-.1-.5-.3-.7c-.2-.2-.4-.3-.7-.3h-11c-.3 0-.5.1-.7.3-.2.2-.3.5-.3.7s.1.5.3.7z\"\/><\/svg><\/span><\/span><\/span><\/a><\/span><\/div>\n<nav><ul class='ez-toc-list ez-toc-list-level-1 ' ><li class='ez-toc-page-1 ez-toc-heading-level-2'><a class=\"ez-toc-link ez-toc-heading-1\" href=\"https:\/\/www.boxrepsol.com\/es\/cultura-motera\/como-calcular-impuesto-matriculacion\/#%C2%BFQue_es_el_impuesto_de_matriculacion\" >\u00bfQu\u00e9 es el impuesto de matriculaci\u00f3n?<\/a><\/li><li class='ez-toc-page-1 ez-toc-heading-level-2'><a class=\"ez-toc-link ez-toc-heading-2\" href=\"https:\/\/www.boxrepsol.com\/es\/cultura-motera\/como-calcular-impuesto-matriculacion\/#%C2%BFQue_factores_tiene_en_cuenta_el_impuesto_de_matriculacion\" >\u00bfQu\u00e9 factores tiene en cuenta el impuesto de matriculaci\u00f3n?<\/a><\/li><li class='ez-toc-page-1 ez-toc-heading-level-2'><a class=\"ez-toc-link ez-toc-heading-3\" href=\"https:\/\/www.boxrepsol.com\/es\/cultura-motera\/como-calcular-impuesto-matriculacion\/#Calcular_el_impuesto_de_matriculacion\" >Calcular el impuesto de matriculaci\u00f3n<\/a><ul class='ez-toc-list-level-3' ><li class='ez-toc-heading-level-3'><a class=\"ez-toc-link ez-toc-heading-4\" href=\"https:\/\/www.boxrepsol.com\/es\/cultura-motera\/como-calcular-impuesto-matriculacion\/#Exenciones_y_bonificaciones\" >Exenciones y bonificaciones<\/a><\/li><\/ul><\/li><li class='ez-toc-page-1 ez-toc-heading-level-2'><a class=\"ez-toc-link ez-toc-heading-5\" href=\"https:\/\/www.boxrepsol.com\/es\/cultura-motera\/como-calcular-impuesto-matriculacion\/#Preguntas_frecuentes_sobre_el_impuesto_de_matriculacion\" >Preguntas frecuentes sobre el impuesto de matriculaci\u00f3n<\/a><ul class='ez-toc-list-level-3' ><li class='ez-toc-heading-level-3'><a class=\"ez-toc-link ez-toc-heading-6\" href=\"https:\/\/www.boxrepsol.com\/es\/cultura-motera\/como-calcular-impuesto-matriculacion\/#%C2%BFQue_pasa_si_no_pago_el_impuesto_de_circulacion\" >\u00bfQu\u00e9 pasa si no pago el impuesto de circulaci\u00f3n?<\/a><\/li><li class='ez-toc-page-1 ez-toc-heading-level-3'><a class=\"ez-toc-link ez-toc-heading-7\" href=\"https:\/\/www.boxrepsol.com\/es\/cultura-motera\/como-calcular-impuesto-matriculacion\/#%C2%BFSe_puede_reclamar_un_calculo_incorrecto\" >\u00bfSe puede reclamar un c\u00e1lculo incorrecto?<\/a><\/li><\/ul><\/li><\/ul><\/nav><\/div>\n<h2 class=\"wp-block-heading has-text-align-left\"><span class=\"ez-toc-section\" id=\"%C2%BFQue_es_el_impuesto_de_matriculacion\"><\/span><strong>\u00bfQu\u00e9 es el impuesto de matriculaci\u00f3n?<\/strong><span class=\"ez-toc-section-end\"><\/span><\/h2>\n\n\n\n<p class=\"has-text-align-left\">El impuesto de matriculaci\u00f3n es una <strong>tasa que se paga por cualquier veh\u00edculo matriculado<\/strong> y <strong>se aplica sobre el precio de venta<\/strong> de dicho veh\u00edculo. Se aplica por igual a coche y a motos, aunque durante un corto periodo de tiempo un vac\u00edo legal fruto de una laxa redacci\u00f3n del texto de la ley permiti\u00f3 que las motos quedaran exentas de tributar, aunque la Administraci\u00f3n subsan\u00f3 unos meses despu\u00e9s ese vac\u00edo y <strong>desde 2008 afecta por igual a todos los veh\u00edculos.<\/strong><\/p>\n\n\n\n<p><\/p>\n\n\n\n<figure class=\"wp-block-image size-full\"><img loading=\"lazy\" decoding=\"async\" width=\"600\" height=\"400\" src=\"https:\/\/bxrepsol.s3.eu-west-1.amazonaws.com\/static\/2025\/01\/22152427\/photoshop-4-1.jpg\" alt=\"Tr\u00e1fico en autov\u00eda\" class=\"wp-image-123596\" srcset=\"https:\/\/bxrepsol.s3.eu-west-1.amazonaws.com\/static\/2025\/01\/22152427\/photoshop-4-1.jpg 600w, https:\/\/bxrepsol.s3.eu-west-1.amazonaws.com\/static\/2025\/01\/22152427\/photoshop-4-1-300x200.jpg 300w\" sizes=\"auto, (max-width: 600px) 100vw, 600px\" \/><\/figure>\n\n\n\n<p><\/p>\n\n\n\n<h2 class=\"wp-block-heading\"><span class=\"ez-toc-section\" id=\"%C2%BFQue_factores_tiene_en_cuenta_el_impuesto_de_matriculacion\"><\/span><strong>\u00bfQu\u00e9 factores tiene en cuenta el impuesto de matriculaci\u00f3n?<\/strong><span class=\"ez-toc-section-end\"><\/span><\/h2>\n\n\n\n<p>Precisamente, desde ese a\u00f1o <strong>la recaudaci\u00f3n de este impuesto pas\u00f3 a ser competencia de las Comunidades Aut\u00f3nomas<\/strong>, aunque en este caso sin que existan diferencias en el tipo que se aplica en las diferentes Autonom\u00edas del Estado, por lo que no puede haber ventajas fiscales en este concepto, como s\u00ed ocurre con otras formas de recaudaci\u00f3n.<\/p>\n\n\n\n<p>Antes, este tipo de impuesto estaba relacionado con las caracter\u00edsticas del veh\u00edculo, los llamados \u201ccaballos fiscales\u201d, pero desde que se puso en marcha la <strong>Ley de Calidad del Aire en 2006<\/strong>, el impuesto de matriculaci\u00f3n ha quedado <strong>vinculado al nivel de emisiones<\/strong> del veh\u00edculo, pues el esp\u00edritu de dicha ley dicta <strong>\u201cque pague m\u00e1s quien m\u00e1s contamina\u201d.<\/strong><\/p>\n\n\n\n<p>Adem\u00e1s, el criterio del impuesto <strong>evoluciona con los tiempos y se adapta a las nuevas exigencias<\/strong>, lo que obliga a los fabricantes a extremar al m\u00e1ximo el desarrollo de sus motores en busca no solo de una <strong>mayor eficacia<\/strong> <strong>energ\u00e9tica<\/strong>, sino tambi\u00e9n unos propulsores menos contaminantes y m\u00e1s respetuosos con el medioambiente.<\/p>\n\n\n\n<p><\/p>\n\n\n\n<figure class=\"wp-block-image size-full\"><img loading=\"lazy\" decoding=\"async\" width=\"600\" height=\"400\" src=\"https:\/\/bxrepsol.s3.eu-west-1.amazonaws.com\/static\/2025\/01\/23115042\/photoshop-2.png\" alt=\"C\u00e1lculo del impuesto\" class=\"wp-image-123607\" srcset=\"https:\/\/bxrepsol.s3.eu-west-1.amazonaws.com\/static\/2025\/01\/23115042\/photoshop-2.png 600w, https:\/\/bxrepsol.s3.eu-west-1.amazonaws.com\/static\/2025\/01\/23115042\/photoshop-2-300x200.png 300w\" sizes=\"auto, (max-width: 600px) 100vw, 600px\" \/><\/figure>\n\n\n\n<p><\/p>\n\n\n\n<h2 class=\"wp-block-heading\"><span class=\"ez-toc-section\" id=\"Calcular_el_impuesto_de_matriculacion\"><\/span><strong>Calcular el impuesto de matriculaci\u00f3n<\/strong><span class=\"ez-toc-section-end\"><\/span><\/h2>\n\n\n\n<p>Desde 2024 hay un nuevo impuesto de matriculaci\u00f3n que responde a las crecientes <strong>exigencias en materia medioambiental y de emisiones contaminantes <\/strong>que se aplican a los nuevos veh\u00edculos.<\/p>\n\n\n\n<p>De esta forma, las tasas del impuesto quedan <strong>distribuidas<\/strong> de la siguiente manera:<\/p>\n\n\n\n<ul class=\"wp-block-list\">\n<li>Los veh\u00edculos que emiten <strong>hasta 120 gr CO2\/km<\/strong> est\u00e1n exentos de tributar.<\/li>\n\n\n\n<li>Los veh\u00edculos que emiten <strong>entre 121 y hasta 159 gr CO2\/km<\/strong> pagan un impuesto del 4,75%.<\/li>\n\n\n\n<li>Los veh\u00edculos que emiten <strong>entre 160 y 199 gr CO2\/km<\/strong> pagan un 9,75 %.<\/li>\n\n\n\n<li>Los veh\u00edculos cuyas emisiones <strong>superan los 200 gr CO2\/km<\/strong>, tributan un 14,75%.<\/li>\n<\/ul>\n\n\n\n<figure class=\"wp-block-image size-full\"><img loading=\"lazy\" decoding=\"async\" width=\"600\" height=\"400\" src=\"https:\/\/bxrepsol.s3.eu-west-1.amazonaws.com\/static\/2025\/01\/22152348\/photoshop-3-1.jpg\" alt=\"C\u00e1lculo del impuesto 2\" class=\"wp-image-123594\" srcset=\"https:\/\/bxrepsol.s3.eu-west-1.amazonaws.com\/static\/2025\/01\/22152348\/photoshop-3-1.jpg 600w, https:\/\/bxrepsol.s3.eu-west-1.amazonaws.com\/static\/2025\/01\/22152348\/photoshop-3-1-300x200.jpg 300w\" sizes=\"auto, (max-width: 600px) 100vw, 600px\" \/><\/figure>\n\n\n\n<p><\/p>\n\n\n\n<h3 class=\"wp-block-heading\"><span class=\"ez-toc-section\" id=\"Exenciones_y_bonificaciones\"><\/span><strong>Exenciones y bonificaciones<\/strong><span class=\"ez-toc-section-end\"><\/span><\/h3>\n\n\n\n<p>Efectivamente, hay algunos casos en los que <strong>se contemplan excepciones<\/strong> en la aplicaci\u00f3n de este impuesto. Se trata de los <strong>veh\u00edculos el\u00e9ctricos<\/strong>, los <strong>h\u00edbridos enchufables<\/strong>, y los <strong>propulsados por hidr\u00f3geno<\/strong>. Tambi\u00e9n est\u00e1n exentos determinados veh\u00edculos <strong>destinados a usos espec\u00edficos<\/strong>, como ambulancias, veh\u00edculos de bomberos, coches f\u00fanebres, los taxis, coches de autoescuela, los veh\u00edculos de alquiler, as\u00ed <strong>como veh\u00edculos destinados a personas con movilidad reducida<\/strong>.<\/p>\n\n\n\n<p>Para poder llevarse a cabo esa exenci\u00f3n deben darse los siguientes <strong>requisitos<\/strong>:<\/p>\n\n\n\n<ul class=\"wp-block-list\">\n<li>Que hayan transcurrido al menos&nbsp;<strong>cuatro a\u00f1os&nbsp;desde la matriculaci\u00f3n<\/strong> <strong>de otro veh\u00edculo<\/strong> en id\u00e9nticas condiciones (en el cu\u00e1l tampoco hayan pagado el impuesto de matriculaci\u00f3n), salvo en caso de siniestro total que est\u00e9 debidamente acreditado.<\/li>\n\n\n\n<li><strong>Que no se venda<\/strong> durante los cuatro a\u00f1os posteriores a su matriculaci\u00f3n.<\/li>\n<\/ul>\n\n\n\n<p>Los <a href=\"https:\/\/www.boxrepsol.com\/es\/vive-tu-moto\/nuevo-reglamento-vehiculos-historicos\/\"><strong>veh\u00edculos<\/strong> <strong>hist\u00f3ricos<\/strong><\/a>, cuyo requisito es haber alcanzado ya los 30 a\u00f1os de antig\u00fcedad, tambi\u00e9n est\u00e1n <strong>exentos<\/strong> de tributar este impuesto.<\/p>\n\n\n\n<p>Las familias numerosas disfrutan de una&nbsp;<strong>bonificaci\u00f3n&nbsp;del 50 %<\/strong> en el pago del impuesto de matriculaci\u00f3n.<\/p>\n\n\n\n<p>Las autocaravanas tambi\u00e9n gozan de una <strong>reducci\u00f3n del 30 % en el impuesto de matriculaci\u00f3n.<\/strong><\/p>\n\n\n\n<figure class=\"wp-block-image size-full\"><img loading=\"lazy\" decoding=\"async\" width=\"600\" height=\"400\" src=\"https:\/\/bxrepsol.s3.eu-west-1.amazonaws.com\/static\/2025\/01\/23114748\/car-service-repair-maintenance-concept-mechanic-writing-clipboard-workshop-warehouse-technician-doing-checklist-repair-machine-car-detailing.png\" alt=\"C\u00e1lculo del impuesto 3\" class=\"wp-image-123605\" srcset=\"https:\/\/bxrepsol.s3.eu-west-1.amazonaws.com\/static\/2025\/01\/23114748\/car-service-repair-maintenance-concept-mechanic-writing-clipboard-workshop-warehouse-technician-doing-checklist-repair-machine-car-detailing.png 600w, https:\/\/bxrepsol.s3.eu-west-1.amazonaws.com\/static\/2025\/01\/23114748\/car-service-repair-maintenance-concept-mechanic-writing-clipboard-workshop-warehouse-technician-doing-checklist-repair-machine-car-detailing-300x200.png 300w\" sizes=\"auto, (max-width: 600px) 100vw, 600px\" \/><\/figure>\n\n\n\n<p><\/p>\n\n\n\n<h2 class=\"wp-block-heading\"><span class=\"ez-toc-section\" id=\"Preguntas_frecuentes_sobre_el_impuesto_de_matriculacion\"><\/span><strong>Preguntas frecuentes sobre el impuesto de matriculaci\u00f3n<\/strong><span class=\"ez-toc-section-end\"><\/span><\/h2>\n\n\n\n<h3 class=\"wp-block-heading\"><span class=\"ez-toc-section\" id=\"%C2%BFQue_pasa_si_no_pago_el_impuesto_de_circulacion\"><\/span><strong>\u00bfQu\u00e9 pasa si no pago el impuesto de circulaci\u00f3n<\/strong>?<span class=\"ez-toc-section-end\"><\/span><\/h3>\n\n\n\n<p>El pago de este tributo forma parte del proceso de matriculaci\u00f3n de tu veh\u00edculo, y por tanto <strong>es obligatorio<\/strong>. Si no abonas esta tasa, no se <a href=\"https:\/\/www.boxrepsol.com\/es\/cultura-motera\/como-matricular-una-moto-nueva\/\">matricular\u00e1<\/a>, y por tanto <strong>no podr\u00e1s circular<\/strong> con tu moto. Y si llegaras a hacer uso de ella,&nbsp;conducir un veh\u00edculo sin matr\u00edcula, con la&nbsp;matr\u00edcula no visible&nbsp;o&nbsp;ilegible&nbsp;est\u00e1 <strong>sancionado con una multa de&nbsp;200 euros<\/strong>.<\/p>\n\n\n\n<p>M\u00e1s a\u00fan, Aquellos que no realicen la matriculaci\u00f3n en el mes correspondiente&nbsp;deber\u00e1n pagar una <strong>multa adicional<\/strong>.<\/p>\n\n\n\n<h3 class=\"wp-block-heading\"><span class=\"ez-toc-section\" id=\"%C2%BFSe_puede_reclamar_un_calculo_incorrecto\"><\/span><strong>\u00bfSe puede reclamar un c\u00e1lculo incorrecto?<\/strong><span class=\"ez-toc-section-end\"><\/span><\/h3>\n\n\n\n<p>Como cualquier otra gesti\u00f3n que se realice ante la Administraci\u00f3n P\u00fablica, este <a href=\"https:\/\/www.boxrepsol.com\/es\/vive-tu-moto\/impuestos-de-motos-estas-son-las-motos-que-menos-y-mas-pagan\/\">impuesto<\/a> est\u00e1 <strong>sujeto a la posibilidad de reclamar o subsanar errores<\/strong> en su aplicaci\u00f3n, pero es una <strong>posibilidad realmente an\u00f3mala<\/strong> porque es el fabricante de tu moto el que certifica la homologaci\u00f3n de la misma, y en ella se registra el nivel de emisiones, y por tanto el tramo de impuesto que se ha de aplicar en el momento de su matriculaci\u00f3n.<\/p>\n\n\n\n<figure class=\"wp-block-image size-full\"><img loading=\"lazy\" decoding=\"async\" width=\"600\" height=\"400\" src=\"https:\/\/bxrepsol.s3.eu-west-1.amazonaws.com\/static\/2025\/01\/22152326\/photoshop-5-1.jpg\" alt=\"Moto en circulaci\u00f3n\n\" class=\"wp-image-123592\" srcset=\"https:\/\/bxrepsol.s3.eu-west-1.amazonaws.com\/static\/2025\/01\/22152326\/photoshop-5-1.jpg 600w, https:\/\/bxrepsol.s3.eu-west-1.amazonaws.com\/static\/2025\/01\/22152326\/photoshop-5-1-300x200.jpg 300w\" sizes=\"auto, (max-width: 600px) 100vw, 600px\" \/><\/figure>\n\n\n\n<p>Un error en ese momento s\u00f3lo puede plantearse como un <strong>fallo en el momento de aplicar la tasa<\/strong> que le corresponde, y en ese caso siempre cabe la posibilidad de reclamar la <strong>devoluci\u00f3n<\/strong>, en caso de aplicarse un tipo excesivo, o <strong>subsanar su carencia<\/strong>, en el caso contrario.<\/p>\n","protected":false},"excerpt":{"rendered":"<p>Dentro de las tasas e impuestos que estamos obligados a pagar, el impuesto de matriculaci\u00f3n es uno de los m\u00e1s comunes en la vida de cualquier usuario de veh\u00edculos, y su cuant\u00eda depender\u00e1 no s\u00f3lo de tipo de veh\u00edculo que usamos, sino tambi\u00e9n de su nivel de emisiones.<\/p>\n","protected":false},"author":41268,"featured_media":123583,"comment_status":"open","ping_status":"closed","sticky":false,"template":"","format":"standard","meta":{"footnotes":""},"categories":[160],"tags":[425],"class_list":["post-123577","post","type-post","status-publish","format-standard","hentry","category-cultura-motera","tag-consejos-de-trafico"],"yoast_head":"<!-- This site is optimized with the Yoast SEO plugin v27.3 - https:\/\/yoast.com\/product\/yoast-seo-wordpress\/ -->\n<title>C\u00f3mo calcular el impuesto de matriculaci\u00f3n: Gu\u00eda 2025 - Box Repsol<\/title>\n<meta name=\"description\" content=\"Aprende a calcular el impuesto de matriculaci\u00f3n en 2024: gu\u00eda paso a paso, ejemplos pr\u00e1cticos y consejos para aprovechar exenciones y bonificaciones.\" \/>\n<link rel=\"canonical\" href=\"https:\/\/www.boxrepsol.com\/es\/cultura-motera\/como-calcular-impuesto-matriculacion\/\" \/>\n<meta property=\"og:locale\" content=\"es_ES\" \/>\n<meta property=\"og:type\" content=\"article\" \/>\n<meta property=\"og:title\" content=\"C\u00f3mo calcular el impuesto de matriculaci\u00f3n: Gu\u00eda 2025 - Box Repsol\" \/>\n<meta property=\"og:description\" content=\"Aprende a calcular el impuesto de matriculaci\u00f3n en 2024: gu\u00eda paso a paso, ejemplos pr\u00e1cticos y consejos para aprovechar exenciones y bonificaciones.\" \/>\n<meta property=\"og:url\" content=\"https:\/\/www.boxrepsol.com\/es\/cultura-motera\/como-calcular-impuesto-matriculacion\/\" \/>\n<meta property=\"og:site_name\" content=\"Box Repsol\" \/>\n<meta property=\"article:publisher\" content=\"https:\/\/www.facebook.com\/BoxRepsol\" \/>\n<meta property=\"article:published_time\" content=\"2025-01-23T15:11:00+00:00\" \/>\n<meta property=\"article:modified_time\" content=\"2025-02-04T14:22:00+00:00\" \/>\n<meta property=\"og:image\" content=\"https:\/\/bxrepsol.s3.eu-west-1.amazonaws.com\/static\/2025\/01\/22151955\/photoshop-1.jpg\" \/>\n\t<meta property=\"og:image:width\" content=\"1280\" \/>\n\t<meta property=\"og:image:height\" content=\"600\" \/>\n\t<meta property=\"og:image:type\" content=\"image\/jpeg\" \/>\n<meta name=\"author\" content=\"Juan Pedro de la Torre\" \/>\n<meta name=\"twitter:card\" content=\"summary_large_image\" \/>\n<meta name=\"twitter:creator\" content=\"@https:\/\/twitter.com\/JPdelaTorre1965\" \/>\n<meta name=\"twitter:site\" content=\"@box_repsol\" \/>\n<meta name=\"twitter:label1\" content=\"Written by\" \/>\n\t<meta name=\"twitter:data1\" content=\"Juan Pedro de la Torre\" \/>\n\t<meta name=\"twitter:label2\" content=\"Est. reading time\" \/>\n\t<meta name=\"twitter:data2\" content=\"4 minutos\" \/>\n<script type=\"application\/ld+json\" class=\"yoast-schema-graph\">{\"@context\":\"https:\\\/\\\/schema.org\",\"@graph\":[{\"@type\":\"Article\",\"@id\":\"https:\\\/\\\/www.boxrepsol.com\\\/es\\\/cultura-motera\\\/como-calcular-impuesto-matriculacion\\\/#article\",\"isPartOf\":{\"@id\":\"https:\\\/\\\/www.boxrepsol.com\\\/es\\\/cultura-motera\\\/como-calcular-impuesto-matriculacion\\\/\"},\"author\":{\"name\":\"Juan Pedro de la Torre\",\"@id\":\"https:\\\/\\\/www.boxrepsol.com\\\/es\\\/#\\\/schema\\\/person\\\/26abce1d675df22d63ac9e9d5f23e4aa\"},\"headline\":\"\u00bfC\u00f3mo calcular el impuesto de matriculaci\u00f3n?\",\"datePublished\":\"2025-01-23T15:11:00+00:00\",\"dateModified\":\"2025-02-04T14:22:00+00:00\",\"mainEntityOfPage\":{\"@id\":\"https:\\\/\\\/www.boxrepsol.com\\\/es\\\/cultura-motera\\\/como-calcular-impuesto-matriculacion\\\/\"},\"wordCount\":861,\"commentCount\":0,\"publisher\":{\"@id\":\"https:\\\/\\\/www.boxrepsol.com\\\/es\\\/#organization\"},\"image\":{\"@id\":\"https:\\\/\\\/www.boxrepsol.com\\\/es\\\/cultura-motera\\\/como-calcular-impuesto-matriculacion\\\/#primaryimage\"},\"thumbnailUrl\":\"https:\\\/\\\/bxrepsol.s3.eu-west-1.amazonaws.com\\\/static\\\/2025\\\/01\\\/22151955\\\/photoshop-1.jpg\",\"keywords\":[\"Consejos tr\u00e1fico\"],\"articleSection\":[\"Cultura Motera\"],\"inLanguage\":\"es\",\"potentialAction\":[{\"@type\":\"CommentAction\",\"name\":\"Comment\",\"target\":[\"https:\\\/\\\/www.boxrepsol.com\\\/es\\\/cultura-motera\\\/como-calcular-impuesto-matriculacion\\\/#respond\"]}]},{\"@type\":\"WebPage\",\"@id\":\"https:\\\/\\\/www.boxrepsol.com\\\/es\\\/cultura-motera\\\/como-calcular-impuesto-matriculacion\\\/\",\"url\":\"https:\\\/\\\/www.boxrepsol.com\\\/es\\\/cultura-motera\\\/como-calcular-impuesto-matriculacion\\\/\",\"name\":\"C\u00f3mo calcular el impuesto de matriculaci\u00f3n: Gu\u00eda 2025 - Box Repsol\",\"isPartOf\":{\"@id\":\"https:\\\/\\\/www.boxrepsol.com\\\/es\\\/#website\"},\"primaryImageOfPage\":{\"@id\":\"https:\\\/\\\/www.boxrepsol.com\\\/es\\\/cultura-motera\\\/como-calcular-impuesto-matriculacion\\\/#primaryimage\"},\"image\":{\"@id\":\"https:\\\/\\\/www.boxrepsol.com\\\/es\\\/cultura-motera\\\/como-calcular-impuesto-matriculacion\\\/#primaryimage\"},\"thumbnailUrl\":\"https:\\\/\\\/bxrepsol.s3.eu-west-1.amazonaws.com\\\/static\\\/2025\\\/01\\\/22151955\\\/photoshop-1.jpg\",\"datePublished\":\"2025-01-23T15:11:00+00:00\",\"dateModified\":\"2025-02-04T14:22:00+00:00\",\"description\":\"Aprende a calcular el impuesto de matriculaci\u00f3n en 2024: gu\u00eda paso a paso, ejemplos pr\u00e1cticos y consejos para aprovechar exenciones y bonificaciones.\",\"breadcrumb\":{\"@id\":\"https:\\\/\\\/www.boxrepsol.com\\\/es\\\/cultura-motera\\\/como-calcular-impuesto-matriculacion\\\/#breadcrumb\"},\"inLanguage\":\"es\",\"potentialAction\":[{\"@type\":\"ReadAction\",\"target\":[\"https:\\\/\\\/www.boxrepsol.com\\\/es\\\/cultura-motera\\\/como-calcular-impuesto-matriculacion\\\/\"]}]},{\"@type\":\"ImageObject\",\"inLanguage\":\"es\",\"@id\":\"https:\\\/\\\/www.boxrepsol.com\\\/es\\\/cultura-motera\\\/como-calcular-impuesto-matriculacion\\\/#primaryimage\",\"url\":\"https:\\\/\\\/bxrepsol.s3.eu-west-1.amazonaws.com\\\/static\\\/2025\\\/01\\\/22151955\\\/photoshop-1.jpg\",\"contentUrl\":\"https:\\\/\\\/bxrepsol.s3.eu-west-1.amazonaws.com\\\/static\\\/2025\\\/01\\\/22151955\\\/photoshop-1.jpg\",\"width\":1280,\"height\":600,\"caption\":\"car model,calculator and coins on white table\"},{\"@type\":\"BreadcrumbList\",\"@id\":\"https:\\\/\\\/www.boxrepsol.com\\\/es\\\/cultura-motera\\\/como-calcular-impuesto-matriculacion\\\/#breadcrumb\",\"itemListElement\":[{\"@type\":\"ListItem\",\"position\":1,\"name\":\"Home\",\"item\":\"https:\\\/\\\/www.boxrepsol.com\\\/es\\\/\"},{\"@type\":\"ListItem\",\"position\":2,\"name\":\"\u00bfC\u00f3mo calcular el impuesto de matriculaci\u00f3n?\"}]},{\"@type\":\"WebSite\",\"@id\":\"https:\\\/\\\/www.boxrepsol.com\\\/es\\\/#website\",\"url\":\"https:\\\/\\\/www.boxrepsol.com\\\/es\\\/\",\"name\":\"Box Repsol\",\"description\":\"Box Repsol Site\",\"publisher\":{\"@id\":\"https:\\\/\\\/www.boxrepsol.com\\\/es\\\/#organization\"},\"potentialAction\":[{\"@type\":\"SearchAction\",\"target\":{\"@type\":\"EntryPoint\",\"urlTemplate\":\"https:\\\/\\\/www.boxrepsol.com\\\/es\\\/?s={search_term_string}\"},\"query-input\":{\"@type\":\"PropertyValueSpecification\",\"valueRequired\":true,\"valueName\":\"search_term_string\"}}],\"inLanguage\":\"es\"},{\"@type\":\"Organization\",\"@id\":\"https:\\\/\\\/www.boxrepsol.com\\\/es\\\/#organization\",\"name\":\"Box Repsol\",\"url\":\"https:\\\/\\\/www.boxrepsol.com\\\/es\\\/\",\"logo\":{\"@type\":\"ImageObject\",\"inLanguage\":\"es\",\"@id\":\"https:\\\/\\\/www.boxrepsol.com\\\/es\\\/#\\\/schema\\\/logo\\\/image\\\/\",\"url\":\"https:\\\/\\\/bxrepsol.s3.eu-west-1.amazonaws.com\\\/static\\\/2025\\\/07\\\/30083337\\\/favicon-96x96-1.png\",\"contentUrl\":\"https:\\\/\\\/bxrepsol.s3.eu-west-1.amazonaws.com\\\/static\\\/2025\\\/07\\\/30083337\\\/favicon-96x96-1.png\",\"width\":96,\"height\":96,\"caption\":\"Box Repsol\"},\"image\":{\"@id\":\"https:\\\/\\\/www.boxrepsol.com\\\/es\\\/#\\\/schema\\\/logo\\\/image\\\/\"},\"sameAs\":[\"https:\\\/\\\/www.facebook.com\\\/BoxRepsol\",\"https:\\\/\\\/x.com\\\/box_repsol\",\"http:\\\/\\\/instagram.com\\\/box_repsol\",\"https:\\\/\\\/www.youtube.com\\\/user\\\/RepsolCompeticion\",\"https:\\\/\\\/www.flickr.com\\\/photos\\\/box_repsol\\\/\"]},{\"@type\":\"Person\",\"@id\":\"https:\\\/\\\/www.boxrepsol.com\\\/es\\\/#\\\/schema\\\/person\\\/26abce1d675df22d63ac9e9d5f23e4aa\",\"name\":\"Juan Pedro de la Torre\",\"image\":{\"@type\":\"ImageObject\",\"inLanguage\":\"es\",\"@id\":\"https:\\\/\\\/secure.gravatar.com\\\/avatar\\\/e81f780ee2930d7be330cb34304decf0e9bc66bec0158805a0fe2726f4517224?s=96&d=mm&r=g\",\"url\":\"https:\\\/\\\/secure.gravatar.com\\\/avatar\\\/e81f780ee2930d7be330cb34304decf0e9bc66bec0158805a0fe2726f4517224?s=96&d=mm&r=g\",\"contentUrl\":\"https:\\\/\\\/secure.gravatar.com\\\/avatar\\\/e81f780ee2930d7be330cb34304decf0e9bc66bec0158805a0fe2726f4517224?s=96&d=mm&r=g\",\"caption\":\"Juan Pedro de la Torre\"},\"description\":\"Se inici\u00f3 en el diario Marca en 1988 y posteriormente pas\u00f3 a la revista Motociclismo, donde llegar\u00eda a ser director de deporte. Despu\u00e9s fue editor y director de Motoworld.es y Sport Bikes y colabor\u00f3 con varios medios. Adem\u00e1s, ha publicado una docena de libros y actualmente trabaja como colaborador para Motociclismo, El Confidencial y Box Repsol.\",\"sameAs\":[\"https:\\\/\\\/x.com\\\/https:\\\/\\\/twitter.com\\\/JPdelaTorre1965\",\"https:\\\/\\\/youtube.com\\\/@juanpedrodelatorremotoworld\"],\"url\":\"https:\\\/\\\/www.boxrepsol.com\\\/es\\\/author\\\/juanpedro_delatorre\\\/\"}]}<\/script>\n<!-- \/ Yoast SEO plugin. -->","yoast_head_json":{"title":"C\u00f3mo calcular el impuesto de matriculaci\u00f3n: Gu\u00eda 2025 - Box Repsol","description":"Aprende a calcular el impuesto de matriculaci\u00f3n en 2024: gu\u00eda paso a paso, ejemplos pr\u00e1cticos y consejos para aprovechar exenciones y bonificaciones.","canonical":"https:\/\/www.boxrepsol.com\/es\/cultura-motera\/como-calcular-impuesto-matriculacion\/","og_locale":"es_ES","og_type":"article","og_title":"C\u00f3mo calcular el impuesto de matriculaci\u00f3n: Gu\u00eda 2025 - Box Repsol","og_description":"Aprende a calcular el impuesto de matriculaci\u00f3n en 2024: gu\u00eda paso a paso, ejemplos pr\u00e1cticos y consejos para aprovechar exenciones y bonificaciones.","og_url":"https:\/\/www.boxrepsol.com\/es\/cultura-motera\/como-calcular-impuesto-matriculacion\/","og_site_name":"Box Repsol","article_publisher":"https:\/\/www.facebook.com\/BoxRepsol","article_published_time":"2025-01-23T15:11:00+00:00","article_modified_time":"2025-02-04T14:22:00+00:00","og_image":[{"width":1280,"height":600,"url":"https:\/\/bxrepsol.s3.eu-west-1.amazonaws.com\/static\/2025\/01\/22151955\/photoshop-1.jpg","type":"image\/jpeg"}],"author":"Juan Pedro de la Torre","twitter_card":"summary_large_image","twitter_creator":"@https:\/\/twitter.com\/JPdelaTorre1965","twitter_site":"@box_repsol","twitter_misc":{"Written by":"Juan Pedro de la Torre","Est. reading time":"4 minutos"},"schema":{"@context":"https:\/\/schema.org","@graph":[{"@type":"Article","@id":"https:\/\/www.boxrepsol.com\/es\/cultura-motera\/como-calcular-impuesto-matriculacion\/#article","isPartOf":{"@id":"https:\/\/www.boxrepsol.com\/es\/cultura-motera\/como-calcular-impuesto-matriculacion\/"},"author":{"name":"Juan Pedro de la Torre","@id":"https:\/\/www.boxrepsol.com\/es\/#\/schema\/person\/26abce1d675df22d63ac9e9d5f23e4aa"},"headline":"\u00bfC\u00f3mo calcular el impuesto de matriculaci\u00f3n?","datePublished":"2025-01-23T15:11:00+00:00","dateModified":"2025-02-04T14:22:00+00:00","mainEntityOfPage":{"@id":"https:\/\/www.boxrepsol.com\/es\/cultura-motera\/como-calcular-impuesto-matriculacion\/"},"wordCount":861,"commentCount":0,"publisher":{"@id":"https:\/\/www.boxrepsol.com\/es\/#organization"},"image":{"@id":"https:\/\/www.boxrepsol.com\/es\/cultura-motera\/como-calcular-impuesto-matriculacion\/#primaryimage"},"thumbnailUrl":"https:\/\/bxrepsol.s3.eu-west-1.amazonaws.com\/static\/2025\/01\/22151955\/photoshop-1.jpg","keywords":["Consejos tr\u00e1fico"],"articleSection":["Cultura Motera"],"inLanguage":"es","potentialAction":[{"@type":"CommentAction","name":"Comment","target":["https:\/\/www.boxrepsol.com\/es\/cultura-motera\/como-calcular-impuesto-matriculacion\/#respond"]}]},{"@type":"WebPage","@id":"https:\/\/www.boxrepsol.com\/es\/cultura-motera\/como-calcular-impuesto-matriculacion\/","url":"https:\/\/www.boxrepsol.com\/es\/cultura-motera\/como-calcular-impuesto-matriculacion\/","name":"C\u00f3mo calcular el impuesto de matriculaci\u00f3n: Gu\u00eda 2025 - Box Repsol","isPartOf":{"@id":"https:\/\/www.boxrepsol.com\/es\/#website"},"primaryImageOfPage":{"@id":"https:\/\/www.boxrepsol.com\/es\/cultura-motera\/como-calcular-impuesto-matriculacion\/#primaryimage"},"image":{"@id":"https:\/\/www.boxrepsol.com\/es\/cultura-motera\/como-calcular-impuesto-matriculacion\/#primaryimage"},"thumbnailUrl":"https:\/\/bxrepsol.s3.eu-west-1.amazonaws.com\/static\/2025\/01\/22151955\/photoshop-1.jpg","datePublished":"2025-01-23T15:11:00+00:00","dateModified":"2025-02-04T14:22:00+00:00","description":"Aprende a calcular el impuesto de matriculaci\u00f3n en 2024: gu\u00eda paso a paso, ejemplos pr\u00e1cticos y consejos para aprovechar exenciones y bonificaciones.","breadcrumb":{"@id":"https:\/\/www.boxrepsol.com\/es\/cultura-motera\/como-calcular-impuesto-matriculacion\/#breadcrumb"},"inLanguage":"es","potentialAction":[{"@type":"ReadAction","target":["https:\/\/www.boxrepsol.com\/es\/cultura-motera\/como-calcular-impuesto-matriculacion\/"]}]},{"@type":"ImageObject","inLanguage":"es","@id":"https:\/\/www.boxrepsol.com\/es\/cultura-motera\/como-calcular-impuesto-matriculacion\/#primaryimage","url":"https:\/\/bxrepsol.s3.eu-west-1.amazonaws.com\/static\/2025\/01\/22151955\/photoshop-1.jpg","contentUrl":"https:\/\/bxrepsol.s3.eu-west-1.amazonaws.com\/static\/2025\/01\/22151955\/photoshop-1.jpg","width":1280,"height":600,"caption":"car model,calculator and coins on white table"},{"@type":"BreadcrumbList","@id":"https:\/\/www.boxrepsol.com\/es\/cultura-motera\/como-calcular-impuesto-matriculacion\/#breadcrumb","itemListElement":[{"@type":"ListItem","position":1,"name":"Home","item":"https:\/\/www.boxrepsol.com\/es\/"},{"@type":"ListItem","position":2,"name":"\u00bfC\u00f3mo calcular el impuesto de matriculaci\u00f3n?"}]},{"@type":"WebSite","@id":"https:\/\/www.boxrepsol.com\/es\/#website","url":"https:\/\/www.boxrepsol.com\/es\/","name":"Box Repsol","description":"Box Repsol Site","publisher":{"@id":"https:\/\/www.boxrepsol.com\/es\/#organization"},"potentialAction":[{"@type":"SearchAction","target":{"@type":"EntryPoint","urlTemplate":"https:\/\/www.boxrepsol.com\/es\/?s={search_term_string}"},"query-input":{"@type":"PropertyValueSpecification","valueRequired":true,"valueName":"search_term_string"}}],"inLanguage":"es"},{"@type":"Organization","@id":"https:\/\/www.boxrepsol.com\/es\/#organization","name":"Box Repsol","url":"https:\/\/www.boxrepsol.com\/es\/","logo":{"@type":"ImageObject","inLanguage":"es","@id":"https:\/\/www.boxrepsol.com\/es\/#\/schema\/logo\/image\/","url":"https:\/\/bxrepsol.s3.eu-west-1.amazonaws.com\/static\/2025\/07\/30083337\/favicon-96x96-1.png","contentUrl":"https:\/\/bxrepsol.s3.eu-west-1.amazonaws.com\/static\/2025\/07\/30083337\/favicon-96x96-1.png","width":96,"height":96,"caption":"Box Repsol"},"image":{"@id":"https:\/\/www.boxrepsol.com\/es\/#\/schema\/logo\/image\/"},"sameAs":["https:\/\/www.facebook.com\/BoxRepsol","https:\/\/x.com\/box_repsol","http:\/\/instagram.com\/box_repsol","https:\/\/www.youtube.com\/user\/RepsolCompeticion","https:\/\/www.flickr.com\/photos\/box_repsol\/"]},{"@type":"Person","@id":"https:\/\/www.boxrepsol.com\/es\/#\/schema\/person\/26abce1d675df22d63ac9e9d5f23e4aa","name":"Juan Pedro de la Torre","image":{"@type":"ImageObject","inLanguage":"es","@id":"https:\/\/secure.gravatar.com\/avatar\/e81f780ee2930d7be330cb34304decf0e9bc66bec0158805a0fe2726f4517224?s=96&d=mm&r=g","url":"https:\/\/secure.gravatar.com\/avatar\/e81f780ee2930d7be330cb34304decf0e9bc66bec0158805a0fe2726f4517224?s=96&d=mm&r=g","contentUrl":"https:\/\/secure.gravatar.com\/avatar\/e81f780ee2930d7be330cb34304decf0e9bc66bec0158805a0fe2726f4517224?s=96&d=mm&r=g","caption":"Juan Pedro de la Torre"},"description":"Se inici\u00f3 en el diario Marca en 1988 y posteriormente pas\u00f3 a la revista Motociclismo, donde llegar\u00eda a ser director de deporte. Despu\u00e9s fue editor y director de Motoworld.es y Sport Bikes y colabor\u00f3 con varios medios. Adem\u00e1s, ha publicado una docena de libros y actualmente trabaja como colaborador para Motociclismo, El Confidencial y Box Repsol.","sameAs":["https:\/\/x.com\/https:\/\/twitter.com\/JPdelaTorre1965","https:\/\/youtube.com\/@juanpedrodelatorremotoworld"],"url":"https:\/\/www.boxrepsol.com\/es\/author\/juanpedro_delatorre\/"}]}},"_links":{"self":[{"href":"https:\/\/www.boxrepsol.com\/es\/wp-json\/wp\/v2\/posts\/123577","targetHints":{"allow":["GET"]}}],"collection":[{"href":"https:\/\/www.boxrepsol.com\/es\/wp-json\/wp\/v2\/posts"}],"about":[{"href":"https:\/\/www.boxrepsol.com\/es\/wp-json\/wp\/v2\/types\/post"}],"author":[{"embeddable":true,"href":"https:\/\/www.boxrepsol.com\/es\/wp-json\/wp\/v2\/users\/41268"}],"replies":[{"embeddable":true,"href":"https:\/\/www.boxrepsol.com\/es\/wp-json\/wp\/v2\/comments?post=123577"}],"version-history":[{"count":11,"href":"https:\/\/www.boxrepsol.com\/es\/wp-json\/wp\/v2\/posts\/123577\/revisions"}],"predecessor-version":[{"id":123799,"href":"https:\/\/www.boxrepsol.com\/es\/wp-json\/wp\/v2\/posts\/123577\/revisions\/123799"}],"wp:featuredmedia":[{"embeddable":true,"href":"https:\/\/www.boxrepsol.com\/es\/wp-json\/wp\/v2\/media\/123583"}],"wp:attachment":[{"href":"https:\/\/www.boxrepsol.com\/es\/wp-json\/wp\/v2\/media?parent=123577"}],"wp:term":[{"taxonomy":"category","embeddable":true,"href":"https:\/\/www.boxrepsol.com\/es\/wp-json\/wp\/v2\/categories?post=123577"},{"taxonomy":"post_tag","embeddable":true,"href":"https:\/\/www.boxrepsol.com\/es\/wp-json\/wp\/v2\/tags?post=123577"}],"curies":[{"name":"wp","href":"https:\/\/api.w.org\/{rel}","templated":true}]}}