{"id":123508,"date":"2025-01-17T21:31:20","date_gmt":"2025-01-17T23:31:20","guid":{"rendered":"https:\/\/www.boxrepsol.com\/?p=123508"},"modified":"2025-01-18T17:14:24","modified_gmt":"2025-01-18T19:14:24","slug":"resultados-y-resumen-del-x-trial-de-clermont-ferrand-2025","status":"publish","type":"post","link":"https:\/\/www.boxrepsol.com\/es\/trial\/resultados-y-resumen-del-x-trial-de-clermont-ferrand-2025\/","title":{"rendered":"Resultados y resumen del X-Trial de Clermont-Ferrand 2025"},"content":{"rendered":"<figure class=\"wp-block-post-featured-image\"><img loading=\"lazy\" decoding=\"async\" width=\"1200\" height=\"600\" src=\"https:\/\/bxrepsol.s3.eu-west-1.amazonaws.com\/static\/2025\/01\/17213030\/Toni-ok.jpg\" class=\"attachment-post-thumbnail size-post-thumbnail wp-post-image\" alt=\"Toni Bou gana el X-Trial de Clermont-Ferrand 2025\" style=\"object-fit:cover;\" srcset=\"https:\/\/bxrepsol.s3.eu-west-1.amazonaws.com\/static\/2025\/01\/17213030\/Toni-ok.jpg 1200w, https:\/\/bxrepsol.s3.eu-west-1.amazonaws.com\/static\/2025\/01\/17213030\/Toni-ok-300x150.jpg 300w, https:\/\/bxrepsol.s3.eu-west-1.amazonaws.com\/static\/2025\/01\/17213030\/Toni-ok-1024x512.jpg 1024w, https:\/\/bxrepsol.s3.eu-west-1.amazonaws.com\/static\/2025\/01\/17213030\/Toni-ok-768x384.jpg 768w\" sizes=\"auto, (max-width: 1200px) 100vw, 1200px\" \/><\/figure>\n\n\n<p>La primera prueba de X-Trial disputada en Clermont-Ferrand ya es historia. Tras una bonita lucha entre <strong>Toni Bou <\/strong>y <strong>Jaime Busto<\/strong>, la ciudad francesa se ha rendido ante el <strong>36 veces campe\u00f3n del mundo<\/strong>, que ha vuelto a demostrar en la recta final porque sigue siendo el mejor de la disciplina. As\u00ed pues, tras un inicio algo dudoso en Madrid, el piloto de Piera <strong>recupera definitivamente el liderato<\/strong> de la general del mundial indoor tras dos victorias consecutivas en Francia: <a href=\"https:\/\/www.boxrepsol.com\/es\/trial\/resultados-y-resumen-del-x-trial-de-chambery-2025\/\">Chambery<\/a> y Clermont-Ferrand. <\/p>\n\n\n\n<p>Con la primera parte de la prueba en juego, r\u00e1pidamente <strong>Toni se ha desmarcado<\/strong> junto a <strong>Busto <\/strong>en la lucha por las primeras posiciones. No ha tenido tanta suerte <strong>Gabri Marcelli<\/strong>, que con un cinco en la primera zona, se ha complicado mucho el pase directo a la final. El subcampe\u00f3n del mundo del a\u00f1o pasado lo ha intentado hasta el \u00faltimo suspiro, pero finalmente se ha visto obligado a pasar por el <strong>&#8216;Last Chance&#8217; <\/strong>por segunda vez esta temporada.<\/p>\n\n\n\n<div id=\"ez-toc-container\" class=\"ez-toc-v2_0_82_2 counter-hierarchy ez-toc-counter ez-toc-grey ez-toc-container-direction\">\n<div class=\"ez-toc-title-container\">\n<p class=\"ez-toc-title\" style=\"cursor:inherit\">\u00cdndice<\/p>\n<span class=\"ez-toc-title-toggle\"><a href=\"#\" class=\"ez-toc-pull-right ez-toc-btn ez-toc-btn-xs ez-toc-btn-default ez-toc-toggle\" aria-label=\"Toggle Table of Content\"><span class=\"ez-toc-js-icon-con\"><span class=\"\"><span class=\"eztoc-hide\" style=\"display:none;\">Toggle<\/span><span class=\"ez-toc-icon-toggle-span\"><svg style=\"fill: #999;color:#999\" xmlns=\"http:\/\/www.w3.org\/2000\/svg\" class=\"list-377408\" width=\"20px\" height=\"20px\" viewBox=\"0 0 24 24\" fill=\"none\"><path d=\"M6 6H4v2h2V6zm14 0H8v2h12V6zM4 11h2v2H4v-2zm16 0H8v2h12v-2zM4 16h2v2H4v-2zm16 0H8v2h12v-2z\" fill=\"currentColor\"><\/path><\/svg><svg style=\"fill: #999;color:#999\" class=\"arrow-unsorted-368013\" xmlns=\"http:\/\/www.w3.org\/2000\/svg\" width=\"10px\" height=\"10px\" viewBox=\"0 0 24 24\" version=\"1.2\" baseProfile=\"tiny\"><path d=\"M18.2 9.3l-6.2-6.3-6.2 6.3c-.2.2-.3.4-.3.7s.1.5.3.7c.2.2.4.3.7.3h11c.3 0 .5-.1.7-.3.2-.2.3-.5.3-.7s-.1-.5-.3-.7zM5.8 14.7l6.2 6.3 6.2-6.3c.2-.2.3-.5.3-.7s-.1-.5-.3-.7c-.2-.2-.4-.3-.7-.3h-11c-.3 0-.5.1-.7.3-.2.2-.3.5-.3.7s.1.5.3.7z\"\/><\/svg><\/span><\/span><\/span><\/a><\/span><\/div>\n<nav><ul class='ez-toc-list ez-toc-list-level-1 ' ><ul class='ez-toc-list-level-3' ><li class='ez-toc-heading-level-3'><a class=\"ez-toc-link ez-toc-heading-1\" href=\"https:\/\/www.boxrepsol.com\/es\/trial\/resultados-y-resumen-del-x-trial-de-clermont-ferrand-2025\/#Toni_Bou_suma_su_segundo_triunfo_y_se_afianza_en_el_liderato\" >Toni Bou suma su segundo triunfo y se afianza en el liderato<\/a><\/li><li class='ez-toc-page-1 ez-toc-heading-level-3'><a class=\"ez-toc-link ez-toc-heading-2\" href=\"https:\/\/www.boxrepsol.com\/es\/trial\/resultados-y-resumen-del-x-trial-de-clermont-ferrand-2025\/#Clasificacion_X-Trial_Clermont-Ferrand\" >Clasificaci\u00f3n X-Trial Clermont-Ferrand<\/a><\/li><li class='ez-toc-page-1 ez-toc-heading-level-3'><a class=\"ez-toc-link ez-toc-heading-3\" href=\"https:\/\/www.boxrepsol.com\/es\/trial\/resultados-y-resumen-del-x-trial-de-clermont-ferrand-2025\/#Clasificacion_general_X-Trial\" >Clasificaci\u00f3n general X-Trial<\/a><\/li><\/ul><\/li><li class='ez-toc-page-1 ez-toc-heading-level-2'><a class=\"ez-toc-link ez-toc-heading-4\" href=\"https:\/\/www.boxrepsol.com\/es\/trial\/resultados-y-resumen-del-x-trial-de-clermont-ferrand-2025\/#Declaraciones\" >Declaraciones<\/a><ul class='ez-toc-list-level-3' ><li class='ez-toc-heading-level-3'><a class=\"ez-toc-link ez-toc-heading-5\" href=\"https:\/\/www.boxrepsol.com\/es\/trial\/resultados-y-resumen-del-x-trial-de-clermont-ferrand-2025\/#Toni_Bou\" >Toni Bou<\/a><\/li><li class='ez-toc-page-1 ez-toc-heading-level-3'><a class=\"ez-toc-link ez-toc-heading-6\" href=\"https:\/\/www.boxrepsol.com\/es\/trial\/resultados-y-resumen-del-x-trial-de-clermont-ferrand-2025\/#Gabriel_Marcelli\" >Gabriel Marcelli<\/a><\/li><\/ul><\/li><\/ul><\/nav><\/div>\n<h3 class=\"wp-block-heading\"><span class=\"ez-toc-section\" id=\"Toni_Bou_suma_su_segundo_triunfo_y_se_afianza_en_el_liderato\"><\/span><strong>Toni Bou suma su segundo triunfo y se afianza en el liderato<\/strong><span class=\"ez-toc-section-end\"><\/span><\/h3>\n\n\n\n<p>Ya en la final, <strong>Toni Bou<\/strong> ha partido en tercera posici\u00f3n tras ver como su m\u00e1ximo rival, <strong>Jaime Busto<\/strong>, consegu\u00eda un mejor tiempo en la Super Pole. Sin embargo, el piloto vasco ha cometido un error en la primera zona de la final que Toni ha sabido aprovechar de buen comienzo para coger un liderato que no ha vuelto a dejar hasta el final de la prueba. El del <strong>Repsol Honda HRC <\/strong>no ha cometido ning\u00fan error de bulto en ninguna de las seis zonas y se ha alzado as\u00ed con su segunda victoria del curso 2025.<\/p>\n\n\n\n<p>La suerte no ha sonre\u00eddo tanto en el otro lado del equipo, y es que <strong>Gabriel Marcelli<\/strong> no ha podido materializar el pase a la final en la repesca. El gallego no se ha quedado lejos de <strong>Adam Raga<\/strong>, pero no ha podido batir al veterano piloto catal\u00e1n para ser el cuarto piloto finalista y se ha tenido que conformar finalmente <strong>con la quinta posici\u00f3n<\/strong> general en Clermont-Ferrand.<\/p>\n\n\n\n<p>Tras estas dos pruebas consecutivas en tierras francesas, el mundial de X-Trial viajar\u00e1 de vuelta hasta <strong>Espa\u00f1a <\/strong>para disputar la cuarta prueba de la temporada <strong>en Barcelona<\/strong>. Esta tendr\u00e1 lugar en dos semanas (<strong>02 de febrero<\/strong>) en el <strong>Palau Sant Jordi<\/strong> de la capital catalana. <\/p>\n\n\n\n<h3 class=\"wp-block-heading\"><span class=\"ez-toc-section\" id=\"Clasificacion_X-Trial_Clermont-Ferrand\"><\/span><strong>Clasificaci\u00f3n X-Trial Clermont-Ferrand<\/strong><span class=\"ez-toc-section-end\"><\/span><\/h3>\n\n\n\n<figure class=\"wp-block-table is-style-stripes\"><table><tbody><tr><td><strong>PILOTO<\/strong><\/td><td><strong>EQUIPO<\/strong><\/td><td><strong>PUNTOS<\/strong><\/td><\/tr><tr><td><strong>1. Toni Bou<\/strong><\/td><td><strong>REPSOL HONDA<\/strong><\/td><td><strong>20<\/strong><\/td><\/tr><tr><td>2. Jaime Busto<\/td><td>GASGAS<\/td><td>15<\/td><\/tr><tr><td>3. Adam Raga<\/td><td>SHERCO<\/td><td>12<\/td><\/tr><tr><td>4. Beno\u00eet Bincaz<\/td><td>SHERCO<\/td><td>9<\/td><\/tr><tr><td><strong>5.<\/strong> <strong>Gabri Marcelli<\/strong><\/td><td><strong>REPSOL HONDA<\/strong><\/td><td><strong>6<\/strong><\/td><\/tr><tr><td>6. Matteo Grattarola<\/td><td>BETA<\/td><td>4<\/td><\/tr><tr><td>7. Hugo Dufrese<\/td><td>BETA<\/td><td>2<\/td><\/tr><tr><td>8. Billy Green<\/td><td>SCORPA<\/td><td>1<\/td><\/tr><\/tbody><\/table><\/figure>\n\n\n\n<p><\/p>\n\n\n\n<h3 class=\"wp-block-heading\"><span class=\"ez-toc-section\" id=\"Clasificacion_general_X-Trial\"><\/span><strong>Clasificaci\u00f3n general X-Trial<\/strong><span class=\"ez-toc-section-end\"><\/span><\/h3>\n\n\n\n<figure class=\"wp-block-table is-style-stripes\"><table><tbody><tr><td><strong>PILOTO<\/strong><\/td><td><strong>EQUIPO<\/strong><\/td><td><strong>PUNTOS<\/strong><\/td><\/tr><tr><td><strong>1. Toni Bou<\/strong><\/td><td><strong>REPSOL HONDA<\/strong><\/td><td><strong>55<\/strong><\/td><\/tr><tr><td>2. Jaime Busto<\/td><td>GASGAS<\/td><td>50<\/td><\/tr><tr><td>3. Adam Raga<\/td><td>SHERCO<\/td><td>33<\/td><\/tr><tr><td><strong>4. Gabri Marcelli<\/strong><\/td><td><strong>REPSOL HONDA<\/strong><\/td><td><strong>24<\/strong><\/td><\/tr><tr><td>5.  Beno\u00eet Bincaz<\/td><td>SHERCO<\/td><td>24<\/td><\/tr><tr><td>6. Matteo Grattarola<\/td><td>BETA<\/td><td>4<\/td><\/tr><tr><td>7. Lorenzo Gandola<\/td><td>BETA<\/td><td>4<\/td><\/tr><tr><td>8. Sondre Haga<\/td><td>GASGAS<\/td><td>4<\/td><\/tr><tr><td>9. Hugo Dufrese<\/td><td>BETA<\/td><td>4<\/td><\/tr><tr><td>10. Jack Peace<\/td><td>SHERCO<\/td><td>2<\/td><\/tr><tr><td>11. Billy Green<\/td><td>SCORPA<\/td><td>1<\/td><\/tr><tr><td>12. Harry Hemingway<\/td><td>BETA<\/td><td>1<\/td><\/tr><tr><td>13. Miquel Gelabert<\/td><td>VERTIGO<\/td><td>1<\/td><\/tr><\/tbody><\/table><\/figure>\n\n\n\n<p><\/p>\n\n\n\n<div id=\"ce4c016c-35ee-49a8-add0-8bf49dde8997\" class=\"br-slider-box\"><div class=\"wp-block-create-block-repsol-carousel br-slider\"><a target=\"_blank\" href=\"https:\/\/bxrepsol.s3.eu-west-1.amazonaws.com\/static\/2025\/01\/18171235\/Recap1.jpg\" data-index=\"0\" rel=\"noopener\"><img decoding=\"async\" src=\"https:\/\/bxrepsol.s3.eu-west-1.amazonaws.com\/static\/2025\/01\/18171235\/Recap1.jpg\"\/><\/a><a target=\"_blank\" href=\"https:\/\/bxrepsol.s3.eu-west-1.amazonaws.com\/static\/2025\/01\/18171244\/Recap5.jpg\" data-index=\"1\" rel=\"noopener\"><img decoding=\"async\" src=\"https:\/\/bxrepsol.s3.eu-west-1.amazonaws.com\/static\/2025\/01\/18171244\/Recap5.jpg\"\/><\/a><a target=\"_blank\" href=\"https:\/\/bxrepsol.s3.eu-west-1.amazonaws.com\/static\/2025\/01\/18171240\/Recap2.jpg\" data-index=\"2\" rel=\"noopener\"><img decoding=\"async\" src=\"https:\/\/bxrepsol.s3.eu-west-1.amazonaws.com\/static\/2025\/01\/18171240\/Recap2.jpg\"\/><\/a><a target=\"_blank\" href=\"https:\/\/bxrepsol.s3.eu-west-1.amazonaws.com\/static\/2025\/01\/18171241\/Recap3.jpg\" data-index=\"3\" rel=\"noopener\"><img decoding=\"async\" src=\"https:\/\/bxrepsol.s3.eu-west-1.amazonaws.com\/static\/2025\/01\/18171241\/Recap3.jpg\"\/><\/a><a target=\"_blank\" href=\"https:\/\/bxrepsol.s3.eu-west-1.amazonaws.com\/static\/2025\/01\/18171243\/Recap4.jpg\" data-index=\"4\" rel=\"noopener\"><img decoding=\"async\" src=\"https:\/\/bxrepsol.s3.eu-west-1.amazonaws.com\/static\/2025\/01\/18171243\/Recap4.jpg\"\/><\/a><\/div><div class=\"br-slider-buttons\"><button class=\"arrow rds-icon arrow--left rds-icon-Arrow_left\"><\/button><button class=\"arrow rds-icon arrow--right rds-icon-Arrow_right\"><\/button><\/div><\/div>\n\n\n\n<p><\/p>\n\n\n\n<h2 class=\"wp-block-heading\"><span class=\"ez-toc-section\" id=\"Declaraciones\"><\/span><strong>Declaraciones<\/strong><span class=\"ez-toc-section-end\"><\/span><\/h2>\n\n\n\n<h3 class=\"wp-block-heading\"><span class=\"ez-toc-section\" id=\"Toni_Bou\"><\/span><strong>Toni Bou<\/strong><span class=\"ez-toc-section-end\"><\/span><\/h3>\n\n\n\n<p>\u00abHoy ha sido una carrera de mucha cabeza, en la que hemos tenido que ir con mucho cuidado y sin arriesgar demasiado desde la primera vuelta, porque un error pod\u00eda dejarnos sin opciones. La final ha estado muy apretada desde el principio, con Jaime y Adam muy fuertes, as\u00ed que no lo han puesto nada f\u00e1cil. Estoy contento con el trabajo del equipo; hemos sabido darle la vuelta a la situaci\u00f3n despu\u00e9s del comienzo que tuvimos. Ahora ya estamos enfocados en Barcelona, que ser\u00e1, como siempre, una carrera especial en casa\u00bb.<\/p>\n\n\n\n<h3 class=\"wp-block-heading\"><span class=\"ez-toc-section\" id=\"Gabriel_Marcelli\"><\/span><strong>Gabriel Marcelli<\/strong><span class=\"ez-toc-section-end\"><\/span><\/h3>\n\n\n\n<p>\u00abHoy las cosas no han salido como esper\u00e1bamos. Comet\u00ed un error en la primera zona de la primera vuelta que condicion\u00f3 toda la carrera. Creo que no he pilotado mal, pero en triales como este, un peque\u00f1o error te deja fuera de la final. Una quinta plaza no es nuestro objetivo, y el campeonato empieza a complicarse. Sin embargo, la pr\u00f3xima prueba es en Barcelona, donde esperamos reconducir la situaci\u00f3n y volver al podio\u00bb.<\/p>\n","protected":false},"excerpt":{"rendered":"<p>Segunda victoria de Toni Bou en 2025. El multicampe\u00f3n del mundo ha asegurado el triunfo en la final y se coloca l\u00edder en solitario del mundial bajo techo. <\/p>\n","protected":false},"author":43146,"featured_media":123520,"comment_status":"open","ping_status":"closed","sticky":false,"template":"","format":"standard","meta":{"footnotes":""},"categories":[23],"tags":[203,21,540,542],"class_list":["post-123508","post","type-post","status-publish","format-standard","hentry","category-trial","tag-gabri-marcelli","tag-toni-bou","tag-x-trial-2025","tag-x-trial-clermont-ferrand"],"yoast_head":"<!-- This site is optimized with the Yoast SEO plugin v27.3 - https:\/\/yoast.com\/product\/yoast-seo-wordpress\/ -->\n<title>Resultados y resumen del X-Trial de Clermont-Ferrand 2025 - Box Repsol<\/title>\n<meta name=\"description\" content=\"Resultados y resumen del X-Trial de Clermont-Ferrand con victoria final de Toni Bou, la segunda de la temporada 2025.\" \/>\n<link rel=\"canonical\" href=\"https:\/\/www.boxrepsol.com\/es\/trial\/resultados-y-resumen-del-x-trial-de-clermont-ferrand-2025\/\" \/>\n<meta property=\"og:locale\" content=\"es_ES\" \/>\n<meta property=\"og:type\" content=\"article\" \/>\n<meta property=\"og:title\" content=\"Resultados y resumen del X-Trial de Clermont-Ferrand 2025 - Box Repsol\" \/>\n<meta property=\"og:description\" content=\"Resultados y resumen del X-Trial de Clermont-Ferrand con victoria final de Toni Bou, la segunda de la temporada 2025.\" \/>\n<meta property=\"og:url\" content=\"https:\/\/www.boxrepsol.com\/es\/trial\/resultados-y-resumen-del-x-trial-de-clermont-ferrand-2025\/\" \/>\n<meta property=\"og:site_name\" content=\"Box Repsol\" \/>\n<meta property=\"article:publisher\" content=\"https:\/\/www.facebook.com\/BoxRepsol\" \/>\n<meta property=\"article:author\" content=\"https:\/\/www.facebook.com\/BoxRepsol\/\" \/>\n<meta property=\"article:published_time\" content=\"2025-01-17T23:31:20+00:00\" \/>\n<meta property=\"article:modified_time\" content=\"2025-01-18T19:14:24+00:00\" \/>\n<meta property=\"og:image\" content=\"https:\/\/bxrepsol.s3.eu-west-1.amazonaws.com\/static\/2025\/01\/17213030\/Toni-ok.jpg\" \/>\n\t<meta property=\"og:image:width\" content=\"1200\" \/>\n\t<meta property=\"og:image:height\" content=\"600\" \/>\n\t<meta property=\"og:image:type\" content=\"image\/jpeg\" \/>\n<meta name=\"author\" content=\"Redacci\u00f3n Box Repsol\" \/>\n<meta name=\"twitter:card\" content=\"summary_large_image\" \/>\n<meta name=\"twitter:creator\" content=\"@https:\/\/twitter.com\/box_repsol\" \/>\n<meta name=\"twitter:site\" content=\"@box_repsol\" \/>\n<meta name=\"twitter:label1\" content=\"Written by\" \/>\n\t<meta name=\"twitter:data1\" content=\"Redacci\u00f3n Box Repsol\" \/>\n\t<meta name=\"twitter:label2\" content=\"Est. reading time\" \/>\n\t<meta name=\"twitter:data2\" content=\"3 minutos\" \/>\n<script type=\"application\/ld+json\" class=\"yoast-schema-graph\">{\"@context\":\"https:\\\/\\\/schema.org\",\"@graph\":[{\"@type\":\"Article\",\"@id\":\"https:\\\/\\\/www.boxrepsol.com\\\/es\\\/trial\\\/resultados-y-resumen-del-x-trial-de-clermont-ferrand-2025\\\/#article\",\"isPartOf\":{\"@id\":\"https:\\\/\\\/www.boxrepsol.com\\\/es\\\/trial\\\/resultados-y-resumen-del-x-trial-de-clermont-ferrand-2025\\\/\"},\"author\":{\"name\":\"Redacci\u00f3n Box Repsol\",\"@id\":\"https:\\\/\\\/www.boxrepsol.com\\\/es\\\/#\\\/schema\\\/person\\\/c5c2138f2cca251b0ad92b7086bb60b7\"},\"headline\":\"Resultados y resumen del X-Trial de Clermont-Ferrand 2025\",\"datePublished\":\"2025-01-17T23:31:20+00:00\",\"dateModified\":\"2025-01-18T19:14:24+00:00\",\"mainEntityOfPage\":{\"@id\":\"https:\\\/\\\/www.boxrepsol.com\\\/es\\\/trial\\\/resultados-y-resumen-del-x-trial-de-clermont-ferrand-2025\\\/\"},\"wordCount\":662,\"commentCount\":0,\"publisher\":{\"@id\":\"https:\\\/\\\/www.boxrepsol.com\\\/es\\\/#organization\"},\"image\":{\"@id\":\"https:\\\/\\\/www.boxrepsol.com\\\/es\\\/trial\\\/resultados-y-resumen-del-x-trial-de-clermont-ferrand-2025\\\/#primaryimage\"},\"thumbnailUrl\":\"https:\\\/\\\/bxrepsol.s3.eu-west-1.amazonaws.com\\\/static\\\/2025\\\/01\\\/17213030\\\/Toni-ok.jpg\",\"keywords\":[\"Gabri Marcelli\",\"Toni Bou\",\"X-Trial 2025\",\"X-Trial Clermont-Ferrand\"],\"articleSection\":[\"Trial\"],\"inLanguage\":\"es\",\"potentialAction\":[{\"@type\":\"CommentAction\",\"name\":\"Comment\",\"target\":[\"https:\\\/\\\/www.boxrepsol.com\\\/es\\\/trial\\\/resultados-y-resumen-del-x-trial-de-clermont-ferrand-2025\\\/#respond\"]}]},{\"@type\":\"WebPage\",\"@id\":\"https:\\\/\\\/www.boxrepsol.com\\\/es\\\/trial\\\/resultados-y-resumen-del-x-trial-de-clermont-ferrand-2025\\\/\",\"url\":\"https:\\\/\\\/www.boxrepsol.com\\\/es\\\/trial\\\/resultados-y-resumen-del-x-trial-de-clermont-ferrand-2025\\\/\",\"name\":\"Resultados y resumen del X-Trial de Clermont-Ferrand 2025 - Box Repsol\",\"isPartOf\":{\"@id\":\"https:\\\/\\\/www.boxrepsol.com\\\/es\\\/#website\"},\"primaryImageOfPage\":{\"@id\":\"https:\\\/\\\/www.boxrepsol.com\\\/es\\\/trial\\\/resultados-y-resumen-del-x-trial-de-clermont-ferrand-2025\\\/#primaryimage\"},\"image\":{\"@id\":\"https:\\\/\\\/www.boxrepsol.com\\\/es\\\/trial\\\/resultados-y-resumen-del-x-trial-de-clermont-ferrand-2025\\\/#primaryimage\"},\"thumbnailUrl\":\"https:\\\/\\\/bxrepsol.s3.eu-west-1.amazonaws.com\\\/static\\\/2025\\\/01\\\/17213030\\\/Toni-ok.jpg\",\"datePublished\":\"2025-01-17T23:31:20+00:00\",\"dateModified\":\"2025-01-18T19:14:24+00:00\",\"description\":\"Resultados y resumen del X-Trial de Clermont-Ferrand con victoria final de Toni Bou, la segunda de la temporada 2025.\",\"breadcrumb\":{\"@id\":\"https:\\\/\\\/www.boxrepsol.com\\\/es\\\/trial\\\/resultados-y-resumen-del-x-trial-de-clermont-ferrand-2025\\\/#breadcrumb\"},\"inLanguage\":\"es\",\"potentialAction\":[{\"@type\":\"ReadAction\",\"target\":[\"https:\\\/\\\/www.boxrepsol.com\\\/es\\\/trial\\\/resultados-y-resumen-del-x-trial-de-clermont-ferrand-2025\\\/\"]}]},{\"@type\":\"ImageObject\",\"inLanguage\":\"es\",\"@id\":\"https:\\\/\\\/www.boxrepsol.com\\\/es\\\/trial\\\/resultados-y-resumen-del-x-trial-de-clermont-ferrand-2025\\\/#primaryimage\",\"url\":\"https:\\\/\\\/bxrepsol.s3.eu-west-1.amazonaws.com\\\/static\\\/2025\\\/01\\\/17213030\\\/Toni-ok.jpg\",\"contentUrl\":\"https:\\\/\\\/bxrepsol.s3.eu-west-1.amazonaws.com\\\/static\\\/2025\\\/01\\\/17213030\\\/Toni-ok.jpg\",\"width\":1200,\"height\":600,\"caption\":\"Toni Bou gana el X-Trial de Clermont-Ferrand 2025\"},{\"@type\":\"BreadcrumbList\",\"@id\":\"https:\\\/\\\/www.boxrepsol.com\\\/es\\\/trial\\\/resultados-y-resumen-del-x-trial-de-clermont-ferrand-2025\\\/#breadcrumb\",\"itemListElement\":[{\"@type\":\"ListItem\",\"position\":1,\"name\":\"Home\",\"item\":\"https:\\\/\\\/www.boxrepsol.com\\\/es\\\/\"},{\"@type\":\"ListItem\",\"position\":2,\"name\":\"Resultados y resumen del X-Trial de Clermont-Ferrand 2025\"}]},{\"@type\":\"WebSite\",\"@id\":\"https:\\\/\\\/www.boxrepsol.com\\\/es\\\/#website\",\"url\":\"https:\\\/\\\/www.boxrepsol.com\\\/es\\\/\",\"name\":\"Box Repsol\",\"description\":\"Box Repsol Site\",\"publisher\":{\"@id\":\"https:\\\/\\\/www.boxrepsol.com\\\/es\\\/#organization\"},\"potentialAction\":[{\"@type\":\"SearchAction\",\"target\":{\"@type\":\"EntryPoint\",\"urlTemplate\":\"https:\\\/\\\/www.boxrepsol.com\\\/es\\\/?s={search_term_string}\"},\"query-input\":{\"@type\":\"PropertyValueSpecification\",\"valueRequired\":true,\"valueName\":\"search_term_string\"}}],\"inLanguage\":\"es\"},{\"@type\":\"Organization\",\"@id\":\"https:\\\/\\\/www.boxrepsol.com\\\/es\\\/#organization\",\"name\":\"Box Repsol\",\"url\":\"https:\\\/\\\/www.boxrepsol.com\\\/es\\\/\",\"logo\":{\"@type\":\"ImageObject\",\"inLanguage\":\"es\",\"@id\":\"https:\\\/\\\/www.boxrepsol.com\\\/es\\\/#\\\/schema\\\/logo\\\/image\\\/\",\"url\":\"https:\\\/\\\/bxrepsol.s3.eu-west-1.amazonaws.com\\\/static\\\/2025\\\/07\\\/30083337\\\/favicon-96x96-1.png\",\"contentUrl\":\"https:\\\/\\\/bxrepsol.s3.eu-west-1.amazonaws.com\\\/static\\\/2025\\\/07\\\/30083337\\\/favicon-96x96-1.png\",\"width\":96,\"height\":96,\"caption\":\"Box Repsol\"},\"image\":{\"@id\":\"https:\\\/\\\/www.boxrepsol.com\\\/es\\\/#\\\/schema\\\/logo\\\/image\\\/\"},\"sameAs\":[\"https:\\\/\\\/www.facebook.com\\\/BoxRepsol\",\"https:\\\/\\\/x.com\\\/box_repsol\",\"http:\\\/\\\/instagram.com\\\/box_repsol\",\"https:\\\/\\\/www.youtube.com\\\/user\\\/RepsolCompeticion\",\"https:\\\/\\\/www.flickr.com\\\/photos\\\/box_repsol\\\/\"]},{\"@type\":\"Person\",\"@id\":\"https:\\\/\\\/www.boxrepsol.com\\\/es\\\/#\\\/schema\\\/person\\\/c5c2138f2cca251b0ad92b7086bb60b7\",\"name\":\"Redacci\u00f3n Box Repsol\",\"image\":{\"@type\":\"ImageObject\",\"inLanguage\":\"es\",\"@id\":\"https:\\\/\\\/secure.gravatar.com\\\/avatar\\\/adf7b77e38b4419baf32c7e9c21dde01f4e40df611f0978e3006fc4ba0aaab7e?s=96&d=mm&r=g\",\"url\":\"https:\\\/\\\/secure.gravatar.com\\\/avatar\\\/adf7b77e38b4419baf32c7e9c21dde01f4e40df611f0978e3006fc4ba0aaab7e?s=96&d=mm&r=g\",\"contentUrl\":\"https:\\\/\\\/secure.gravatar.com\\\/avatar\\\/adf7b77e38b4419baf32c7e9c21dde01f4e40df611f0978e3006fc4ba0aaab7e?s=96&d=mm&r=g\",\"caption\":\"Redacci\u00f3n Box Repsol\"},\"description\":\"Box Repsol lo forma un equipo de periodistas, community managers, dise\u00f1adores y fot\u00f3grafos con m\u00e1s de 20 a\u00f1os de experiencia en el mundo del motorsport. Hemos vivido el primer mundial de un espa\u00f1ol en la categor\u00eda reina de motociclismo con \u00c1lex Crivill\u00e9, estuvimos en las victorias de Pedrosa y los t\u00edtulos de M\u00e1rquez, acompa\u00f1amos en \u00c1frica a Nani Roma y Marc Coma en sus conquistas del Dakar y hemos vibrado con los t\u00edtulos de Toni Bou en Trial. Adem\u00e1s, en nuestro equipo contamos con expertos en el mundo de las dos y cuatro ruedas tanto de la calle y las carreteras, como de los circuitos. Periodistas que han trabajado en revistas y publicaciones para hacerte llegar desde rutas y consejos de mantenimiento, a curiosidades y trucos de pilotaje.\",\"sameAs\":[\"https:\\\/\\\/www.facebook.com\\\/BoxRepsol\\\/\",\"https:\\\/\\\/www.instagram.com\\\/box_repsol\\\/\",\"https:\\\/\\\/x.com\\\/https:\\\/\\\/twitter.com\\\/box_repsol\",\"https:\\\/\\\/www.youtube.com\\\/@Boxrepsol\"],\"url\":\"https:\\\/\\\/www.boxrepsol.com\\\/es\\\/author\\\/redaccion-box-repsol\\\/\"}]}<\/script>\n<!-- \/ Yoast SEO plugin. -->","yoast_head_json":{"title":"Resultados y resumen del X-Trial de Clermont-Ferrand 2025 - Box Repsol","description":"Resultados y resumen del X-Trial de Clermont-Ferrand con victoria final de Toni Bou, la segunda de la temporada 2025.","canonical":"https:\/\/www.boxrepsol.com\/es\/trial\/resultados-y-resumen-del-x-trial-de-clermont-ferrand-2025\/","og_locale":"es_ES","og_type":"article","og_title":"Resultados y resumen del X-Trial de Clermont-Ferrand 2025 - Box Repsol","og_description":"Resultados y resumen del X-Trial de Clermont-Ferrand con victoria final de Toni Bou, la segunda de la temporada 2025.","og_url":"https:\/\/www.boxrepsol.com\/es\/trial\/resultados-y-resumen-del-x-trial-de-clermont-ferrand-2025\/","og_site_name":"Box Repsol","article_publisher":"https:\/\/www.facebook.com\/BoxRepsol","article_author":"https:\/\/www.facebook.com\/BoxRepsol\/","article_published_time":"2025-01-17T23:31:20+00:00","article_modified_time":"2025-01-18T19:14:24+00:00","og_image":[{"width":1200,"height":600,"url":"https:\/\/bxrepsol.s3.eu-west-1.amazonaws.com\/static\/2025\/01\/17213030\/Toni-ok.jpg","type":"image\/jpeg"}],"author":"Redacci\u00f3n Box Repsol","twitter_card":"summary_large_image","twitter_creator":"@https:\/\/twitter.com\/box_repsol","twitter_site":"@box_repsol","twitter_misc":{"Written by":"Redacci\u00f3n Box Repsol","Est. reading time":"3 minutos"},"schema":{"@context":"https:\/\/schema.org","@graph":[{"@type":"Article","@id":"https:\/\/www.boxrepsol.com\/es\/trial\/resultados-y-resumen-del-x-trial-de-clermont-ferrand-2025\/#article","isPartOf":{"@id":"https:\/\/www.boxrepsol.com\/es\/trial\/resultados-y-resumen-del-x-trial-de-clermont-ferrand-2025\/"},"author":{"name":"Redacci\u00f3n Box Repsol","@id":"https:\/\/www.boxrepsol.com\/es\/#\/schema\/person\/c5c2138f2cca251b0ad92b7086bb60b7"},"headline":"Resultados y resumen del X-Trial de Clermont-Ferrand 2025","datePublished":"2025-01-17T23:31:20+00:00","dateModified":"2025-01-18T19:14:24+00:00","mainEntityOfPage":{"@id":"https:\/\/www.boxrepsol.com\/es\/trial\/resultados-y-resumen-del-x-trial-de-clermont-ferrand-2025\/"},"wordCount":662,"commentCount":0,"publisher":{"@id":"https:\/\/www.boxrepsol.com\/es\/#organization"},"image":{"@id":"https:\/\/www.boxrepsol.com\/es\/trial\/resultados-y-resumen-del-x-trial-de-clermont-ferrand-2025\/#primaryimage"},"thumbnailUrl":"https:\/\/bxrepsol.s3.eu-west-1.amazonaws.com\/static\/2025\/01\/17213030\/Toni-ok.jpg","keywords":["Gabri Marcelli","Toni Bou","X-Trial 2025","X-Trial Clermont-Ferrand"],"articleSection":["Trial"],"inLanguage":"es","potentialAction":[{"@type":"CommentAction","name":"Comment","target":["https:\/\/www.boxrepsol.com\/es\/trial\/resultados-y-resumen-del-x-trial-de-clermont-ferrand-2025\/#respond"]}]},{"@type":"WebPage","@id":"https:\/\/www.boxrepsol.com\/es\/trial\/resultados-y-resumen-del-x-trial-de-clermont-ferrand-2025\/","url":"https:\/\/www.boxrepsol.com\/es\/trial\/resultados-y-resumen-del-x-trial-de-clermont-ferrand-2025\/","name":"Resultados y resumen del X-Trial de Clermont-Ferrand 2025 - Box Repsol","isPartOf":{"@id":"https:\/\/www.boxrepsol.com\/es\/#website"},"primaryImageOfPage":{"@id":"https:\/\/www.boxrepsol.com\/es\/trial\/resultados-y-resumen-del-x-trial-de-clermont-ferrand-2025\/#primaryimage"},"image":{"@id":"https:\/\/www.boxrepsol.com\/es\/trial\/resultados-y-resumen-del-x-trial-de-clermont-ferrand-2025\/#primaryimage"},"thumbnailUrl":"https:\/\/bxrepsol.s3.eu-west-1.amazonaws.com\/static\/2025\/01\/17213030\/Toni-ok.jpg","datePublished":"2025-01-17T23:31:20+00:00","dateModified":"2025-01-18T19:14:24+00:00","description":"Resultados y resumen del X-Trial de Clermont-Ferrand con victoria final de Toni Bou, la segunda de la temporada 2025.","breadcrumb":{"@id":"https:\/\/www.boxrepsol.com\/es\/trial\/resultados-y-resumen-del-x-trial-de-clermont-ferrand-2025\/#breadcrumb"},"inLanguage":"es","potentialAction":[{"@type":"ReadAction","target":["https:\/\/www.boxrepsol.com\/es\/trial\/resultados-y-resumen-del-x-trial-de-clermont-ferrand-2025\/"]}]},{"@type":"ImageObject","inLanguage":"es","@id":"https:\/\/www.boxrepsol.com\/es\/trial\/resultados-y-resumen-del-x-trial-de-clermont-ferrand-2025\/#primaryimage","url":"https:\/\/bxrepsol.s3.eu-west-1.amazonaws.com\/static\/2025\/01\/17213030\/Toni-ok.jpg","contentUrl":"https:\/\/bxrepsol.s3.eu-west-1.amazonaws.com\/static\/2025\/01\/17213030\/Toni-ok.jpg","width":1200,"height":600,"caption":"Toni Bou gana el X-Trial de Clermont-Ferrand 2025"},{"@type":"BreadcrumbList","@id":"https:\/\/www.boxrepsol.com\/es\/trial\/resultados-y-resumen-del-x-trial-de-clermont-ferrand-2025\/#breadcrumb","itemListElement":[{"@type":"ListItem","position":1,"name":"Home","item":"https:\/\/www.boxrepsol.com\/es\/"},{"@type":"ListItem","position":2,"name":"Resultados y resumen del X-Trial de Clermont-Ferrand 2025"}]},{"@type":"WebSite","@id":"https:\/\/www.boxrepsol.com\/es\/#website","url":"https:\/\/www.boxrepsol.com\/es\/","name":"Box Repsol","description":"Box Repsol Site","publisher":{"@id":"https:\/\/www.boxrepsol.com\/es\/#organization"},"potentialAction":[{"@type":"SearchAction","target":{"@type":"EntryPoint","urlTemplate":"https:\/\/www.boxrepsol.com\/es\/?s={search_term_string}"},"query-input":{"@type":"PropertyValueSpecification","valueRequired":true,"valueName":"search_term_string"}}],"inLanguage":"es"},{"@type":"Organization","@id":"https:\/\/www.boxrepsol.com\/es\/#organization","name":"Box Repsol","url":"https:\/\/www.boxrepsol.com\/es\/","logo":{"@type":"ImageObject","inLanguage":"es","@id":"https:\/\/www.boxrepsol.com\/es\/#\/schema\/logo\/image\/","url":"https:\/\/bxrepsol.s3.eu-west-1.amazonaws.com\/static\/2025\/07\/30083337\/favicon-96x96-1.png","contentUrl":"https:\/\/bxrepsol.s3.eu-west-1.amazonaws.com\/static\/2025\/07\/30083337\/favicon-96x96-1.png","width":96,"height":96,"caption":"Box Repsol"},"image":{"@id":"https:\/\/www.boxrepsol.com\/es\/#\/schema\/logo\/image\/"},"sameAs":["https:\/\/www.facebook.com\/BoxRepsol","https:\/\/x.com\/box_repsol","http:\/\/instagram.com\/box_repsol","https:\/\/www.youtube.com\/user\/RepsolCompeticion","https:\/\/www.flickr.com\/photos\/box_repsol\/"]},{"@type":"Person","@id":"https:\/\/www.boxrepsol.com\/es\/#\/schema\/person\/c5c2138f2cca251b0ad92b7086bb60b7","name":"Redacci\u00f3n Box Repsol","image":{"@type":"ImageObject","inLanguage":"es","@id":"https:\/\/secure.gravatar.com\/avatar\/adf7b77e38b4419baf32c7e9c21dde01f4e40df611f0978e3006fc4ba0aaab7e?s=96&d=mm&r=g","url":"https:\/\/secure.gravatar.com\/avatar\/adf7b77e38b4419baf32c7e9c21dde01f4e40df611f0978e3006fc4ba0aaab7e?s=96&d=mm&r=g","contentUrl":"https:\/\/secure.gravatar.com\/avatar\/adf7b77e38b4419baf32c7e9c21dde01f4e40df611f0978e3006fc4ba0aaab7e?s=96&d=mm&r=g","caption":"Redacci\u00f3n Box Repsol"},"description":"Box Repsol lo forma un equipo de periodistas, community managers, dise\u00f1adores y fot\u00f3grafos con m\u00e1s de 20 a\u00f1os de experiencia en el mundo del motorsport. Hemos vivido el primer mundial de un espa\u00f1ol en la categor\u00eda reina de motociclismo con \u00c1lex Crivill\u00e9, estuvimos en las victorias de Pedrosa y los t\u00edtulos de M\u00e1rquez, acompa\u00f1amos en \u00c1frica a Nani Roma y Marc Coma en sus conquistas del Dakar y hemos vibrado con los t\u00edtulos de Toni Bou en Trial. Adem\u00e1s, en nuestro equipo contamos con expertos en el mundo de las dos y cuatro ruedas tanto de la calle y las carreteras, como de los circuitos. Periodistas que han trabajado en revistas y publicaciones para hacerte llegar desde rutas y consejos de mantenimiento, a curiosidades y trucos de pilotaje.","sameAs":["https:\/\/www.facebook.com\/BoxRepsol\/","https:\/\/www.instagram.com\/box_repsol\/","https:\/\/x.com\/https:\/\/twitter.com\/box_repsol","https:\/\/www.youtube.com\/@Boxrepsol"],"url":"https:\/\/www.boxrepsol.com\/es\/author\/redaccion-box-repsol\/"}]}},"_links":{"self":[{"href":"https:\/\/www.boxrepsol.com\/es\/wp-json\/wp\/v2\/posts\/123508","targetHints":{"allow":["GET"]}}],"collection":[{"href":"https:\/\/www.boxrepsol.com\/es\/wp-json\/wp\/v2\/posts"}],"about":[{"href":"https:\/\/www.boxrepsol.com\/es\/wp-json\/wp\/v2\/types\/post"}],"author":[{"embeddable":true,"href":"https:\/\/www.boxrepsol.com\/es\/wp-json\/wp\/v2\/users\/43146"}],"replies":[{"embeddable":true,"href":"https:\/\/www.boxrepsol.com\/es\/wp-json\/wp\/v2\/comments?post=123508"}],"version-history":[{"count":12,"href":"https:\/\/www.boxrepsol.com\/es\/wp-json\/wp\/v2\/posts\/123508\/revisions"}],"predecessor-version":[{"id":123656,"href":"https:\/\/www.boxrepsol.com\/es\/wp-json\/wp\/v2\/posts\/123508\/revisions\/123656"}],"wp:featuredmedia":[{"embeddable":true,"href":"https:\/\/www.boxrepsol.com\/es\/wp-json\/wp\/v2\/media\/123520"}],"wp:attachment":[{"href":"https:\/\/www.boxrepsol.com\/es\/wp-json\/wp\/v2\/media?parent=123508"}],"wp:term":[{"taxonomy":"category","embeddable":true,"href":"https:\/\/www.boxrepsol.com\/es\/wp-json\/wp\/v2\/categories?post=123508"},{"taxonomy":"post_tag","embeddable":true,"href":"https:\/\/www.boxrepsol.com\/es\/wp-json\/wp\/v2\/tags?post=123508"}],"curies":[{"name":"wp","href":"https:\/\/api.w.org\/{rel}","templated":true}]}}