{"id":123360,"date":"2025-01-15T16:59:39","date_gmt":"2025-01-15T18:59:39","guid":{"rendered":"https:\/\/www.boxrepsol.com\/?p=123360"},"modified":"2025-06-26T05:59:06","modified_gmt":"2025-06-26T07:59:06","slug":"que-son-las-luces-adaptativas","status":"publish","type":"post","link":"https:\/\/www.boxrepsol.com\/es\/tecnologia\/que-son-las-luces-adaptativas\/","title":{"rendered":"Luces adaptativas: \u00bfqu\u00e9 son y para qu\u00e9 sirven?"},"content":{"rendered":"<figure class=\"wp-block-post-featured-image\"><img loading=\"lazy\" decoding=\"async\" width=\"1200\" height=\"600\" src=\"https:\/\/bxrepsol.s3.eu-west-1.amazonaws.com\/static\/2025\/01\/15162455\/Foto-1-apertura-1.png\" class=\"attachment-post-thumbnail size-post-thumbnail wp-post-image\" alt=\"\" style=\"object-fit:cover;\" srcset=\"https:\/\/bxrepsol.s3.eu-west-1.amazonaws.com\/static\/2025\/01\/15162455\/Foto-1-apertura-1.png 1200w, https:\/\/bxrepsol.s3.eu-west-1.amazonaws.com\/static\/2025\/01\/15162455\/Foto-1-apertura-1-300x150.png 300w, https:\/\/bxrepsol.s3.eu-west-1.amazonaws.com\/static\/2025\/01\/15162455\/Foto-1-apertura-1-1024x512.png 1024w, https:\/\/bxrepsol.s3.eu-west-1.amazonaws.com\/static\/2025\/01\/15162455\/Foto-1-apertura-1-768x384.png 768w\" sizes=\"auto, (max-width: 1200px) 100vw, 1200px\" \/><\/figure>\n\n\n<p><\/p>\n\n\n\n<div id=\"ez-toc-container\" class=\"ez-toc-v2_0_82_2 counter-hierarchy ez-toc-counter ez-toc-grey ez-toc-container-direction\">\n<div class=\"ez-toc-title-container\">\n<p class=\"ez-toc-title\" style=\"cursor:inherit\">\u00cdndice<\/p>\n<span class=\"ez-toc-title-toggle\"><a href=\"#\" class=\"ez-toc-pull-right ez-toc-btn ez-toc-btn-xs ez-toc-btn-default ez-toc-toggle\" aria-label=\"Toggle Table of Content\"><span class=\"ez-toc-js-icon-con\"><span class=\"\"><span class=\"eztoc-hide\" style=\"display:none;\">Toggle<\/span><span class=\"ez-toc-icon-toggle-span\"><svg style=\"fill: #999;color:#999\" xmlns=\"http:\/\/www.w3.org\/2000\/svg\" class=\"list-377408\" width=\"20px\" height=\"20px\" viewBox=\"0 0 24 24\" fill=\"none\"><path d=\"M6 6H4v2h2V6zm14 0H8v2h12V6zM4 11h2v2H4v-2zm16 0H8v2h12v-2zM4 16h2v2H4v-2zm16 0H8v2h12v-2z\" fill=\"currentColor\"><\/path><\/svg><svg style=\"fill: #999;color:#999\" class=\"arrow-unsorted-368013\" xmlns=\"http:\/\/www.w3.org\/2000\/svg\" width=\"10px\" height=\"10px\" viewBox=\"0 0 24 24\" version=\"1.2\" baseProfile=\"tiny\"><path d=\"M18.2 9.3l-6.2-6.3-6.2 6.3c-.2.2-.3.4-.3.7s.1.5.3.7c.2.2.4.3.7.3h11c.3 0 .5-.1.7-.3.2-.2.3-.5.3-.7s-.1-.5-.3-.7zM5.8 14.7l6.2 6.3 6.2-6.3c.2-.2.3-.5.3-.7s-.1-.5-.3-.7c-.2-.2-.4-.3-.7-.3h-11c-.3 0-.5.1-.7.3-.2.2-.3.5-.3.7s.1.5.3.7z\"\/><\/svg><\/span><\/span><\/span><\/a><\/span><\/div>\n<nav><ul class='ez-toc-list ez-toc-list-level-1 ' ><li class='ez-toc-page-1 ez-toc-heading-level-2'><a class=\"ez-toc-link ez-toc-heading-1\" href=\"https:\/\/www.boxrepsol.com\/es\/tecnologia\/que-son-las-luces-adaptativas\/#%C2%BFQue_son_las_luces_adaptativas\" >\u00bfQu\u00e9 son las luces adaptativas?<\/a><\/li><li class='ez-toc-page-1 ez-toc-heading-level-2'><a class=\"ez-toc-link ez-toc-heading-2\" href=\"https:\/\/www.boxrepsol.com\/es\/tecnologia\/que-son-las-luces-adaptativas\/#%C2%BFComo_funcionan_las_luces_adaptativas_de_una_moto\" >\u00bfC\u00f3mo funcionan las luces adaptativas de una moto?<\/a><\/li><li class='ez-toc-page-1 ez-toc-heading-level-2'><a class=\"ez-toc-link ez-toc-heading-3\" href=\"https:\/\/www.boxrepsol.com\/es\/tecnologia\/que-son-las-luces-adaptativas\/#Tipos_de_luces_adaptativas\" >Tipos de luces adaptativas<\/a><\/li><li class='ez-toc-page-1 ez-toc-heading-level-2'><a class=\"ez-toc-link ez-toc-heading-4\" href=\"https:\/\/www.boxrepsol.com\/es\/tecnologia\/que-son-las-luces-adaptativas\/#%C2%BFQue_ventajas_aportan_a_una_moto_las_luces_adaptativas\" >\u00bfQu\u00e9 ventajas aportan a una moto las luces adaptativas?<\/a><\/li><li class='ez-toc-page-1 ez-toc-heading-level-2'><a class=\"ez-toc-link ez-toc-heading-5\" href=\"https:\/\/www.boxrepsol.com\/es\/tecnologia\/que-son-las-luces-adaptativas\/#%C2%BFQue_normativa_deben_cumplir_las_luces_adaptativas\" >\u00bfQu\u00e9 normativa deben cumplir las luces adaptativas?<\/a><\/li><\/ul><\/nav><\/div>\n<h2 class=\"wp-block-heading\"><span class=\"ez-toc-section\" id=\"%C2%BFQue_son_las_luces_adaptativas\"><\/span><strong>\u00bfQu\u00e9 son las luces adaptativas?<\/strong><span class=\"ez-toc-section-end\"><\/span><\/h2>\n\n\n\n<p>Muchas <a href=\"https:\/\/www.boxrepsol.com\/es\/cultura-motera\/las-motos-mas-potentes-del-mercado\/\">motos de \u00faltima generaci\u00f3n de alta cilindrada<\/a> incluyen las llamadas luces adaptativas, que <strong>mejoran ostensiblemente la iluminaci\u00f3n<\/strong> y que son un <strong>gran aporte a la <\/strong><a href=\"https:\/\/www.boxrepsol.com\/es\/cultura-motera\/seguridad-pasiva-vs-activa\/\"><strong>seguridad activa<\/strong><\/a> al conducir de noche o en t\u00faneles.<\/p>\n\n\n\n<p>La tecnolog\u00eda que incorporan las motos ha evolucionado mucho en los \u00faltimos a\u00f1os y uno de los avances m\u00e1s importantes que han recibido algunas se ha producido en <strong>el sistema de alumbrado<\/strong>. No son pocos los modelos que de serie incorporan las que popularmente se conocen como luces adaptativas, aunque al <strong>regularse de manera autom\u00e1tica<\/strong>, tambi\u00e9n pueden denominarse \u201c<strong>autoadaptativas\u201d<\/strong>.<\/p>\n\n\n\n<p>Se llaman as\u00ed porque son capaces de <strong>modificar la orientaci\u00f3n del haz de luz<\/strong> del faro o los faros <strong>dependiendo de la inclinaci\u00f3n en las curvas y de los movimientos frontales<\/strong> que se producen al frenar o acelerar. En la <strong>actualidad se incluyen de serie en <\/strong><a href=\"https:\/\/www.boxrepsol.com\/es\/vive-tu-moto\/mejores-motos-de-trail\/\"><strong>modelos de trail<\/strong><\/a><strong> y de turismo de alta cilindrada<\/strong> y en algunos casos se ofrecen en opci\u00f3n en motos de cilindradas intermedias.<\/p>\n\n\n\n<figure class=\"wp-block-image size-large\"><img loading=\"lazy\" decoding=\"async\" width=\"1024\" height=\"740\" src=\"https:\/\/bxrepsol.s3.eu-west-1.amazonaws.com\/static\/2025\/01\/15163900\/Foto-2-1-1024x740.jpg\" alt=\"Ejemplo de luces adaptativas\" class=\"wp-image-123363\" srcset=\"https:\/\/bxrepsol.s3.eu-west-1.amazonaws.com\/static\/2025\/01\/15163900\/Foto-2-1-1024x740.jpg 1024w, https:\/\/bxrepsol.s3.eu-west-1.amazonaws.com\/static\/2025\/01\/15163900\/Foto-2-1-300x217.jpg 300w, https:\/\/bxrepsol.s3.eu-west-1.amazonaws.com\/static\/2025\/01\/15163900\/Foto-2-1-768x555.jpg 768w, https:\/\/bxrepsol.s3.eu-west-1.amazonaws.com\/static\/2025\/01\/15163900\/Foto-2-1-1536x1110.jpg 1536w, https:\/\/bxrepsol.s3.eu-west-1.amazonaws.com\/static\/2025\/01\/15163900\/Foto-2-1.jpg 2019w\" sizes=\"auto, (max-width: 1024px) 100vw, 1024px\" \/><\/figure>\n\n\n\n<p>Las luces adaptativas se adecuan autom\u00e1ticamente a las distintas condiciones de la conducci\u00f3n, <strong>modificando la direcci\u00f3n y el \u00e1ngulo del haz de luz, e incluso su intensidad<\/strong>, con el objetivo de mejorar la visibilidad en todo momento y, muy especialmente, a la hora de negociar las curvas<\/p>\n\n\n\n<h2 class=\"wp-block-heading\"><span class=\"ez-toc-section\" id=\"%C2%BFComo_funcionan_las_luces_adaptativas_de_una_moto\"><\/span><strong>\u00bfC\u00f3mo funcionan las luces adaptativas de una moto?<\/strong><span class=\"ez-toc-section-end\"><\/span><\/h2>\n\n\n\n<p>Dependiendo de cada moto y de su fabricante, algunas motos incorporan este tipo de tecnolog\u00eda <strong>en el grupo \u00f3ptico principal<\/strong> y otras, sin embargo, la incluyen en <strong>faros supletorios acoplados a ambos laterales<\/strong>. Estos no van siempre encendidos, y se activan al inclinar la moto y se apagan cuando esta recupera la verticalidad. Adem\u00e1s, solo se enciende la del faro que va colocado en el lado del interior de la curva con la intenci\u00f3n de <strong>iluminar el borde interno de la carretera<\/strong> o arc\u00e9n, y la cuneta. Incluso <strong>la intensidad<\/strong> de la iluminaci\u00f3n que <strong>produce aumenta cuanto mayor es el grado de inclinaci\u00f3n<\/strong>. Por este motivo tambi\u00e9n se conocen como luces de alumbrado en curva, cuneteras o \u201c<em>cornering lights<\/em>\u201d.<\/p>\n\n\n\n<figure class=\"wp-block-image size-large\"><img loading=\"lazy\" decoding=\"async\" width=\"1024\" height=\"288\" src=\"https:\/\/bxrepsol.s3.eu-west-1.amazonaws.com\/static\/2025\/01\/15163954\/Foto-3-1-1024x288.jpg\" alt=\"Moto con luces adaptativas\" class=\"wp-image-123365\" srcset=\"https:\/\/bxrepsol.s3.eu-west-1.amazonaws.com\/static\/2025\/01\/15163954\/Foto-3-1-1024x288.jpg 1024w, https:\/\/bxrepsol.s3.eu-west-1.amazonaws.com\/static\/2025\/01\/15163954\/Foto-3-1-300x84.jpg 300w, https:\/\/bxrepsol.s3.eu-west-1.amazonaws.com\/static\/2025\/01\/15163954\/Foto-3-1-768x216.jpg 768w, https:\/\/bxrepsol.s3.eu-west-1.amazonaws.com\/static\/2025\/01\/15163954\/Foto-3-1-1536x432.jpg 1536w, https:\/\/bxrepsol.s3.eu-west-1.amazonaws.com\/static\/2025\/01\/15163954\/Foto-3-1.jpg 1920w\" sizes=\"auto, (max-width: 1024px) 100vw, 1024px\" \/><\/figure>\n\n\n\n<p><\/p>\n\n\n\n<h2 class=\"wp-block-heading\"><span class=\"ez-toc-section\" id=\"Tipos_de_luces_adaptativas\"><\/span><strong>Tipos de luces adaptativas<\/strong><span class=\"ez-toc-section-end\"><\/span><\/h2>\n\n\n\n<p><strong>En algunas motos se combinan movimientos<\/strong> del grupo \u00f3ptico principal con las luces de alumbrado en curva. De este modo <strong>se garantiza una buena iluminaci\u00f3n de la carretera cuando la moto se hunde de delante<\/strong> al frenar antes de entrar en un viraje, durante el paso por curva y al levantarse tras acelerar al salir.<\/p>\n\n\n\n<p>Para todo esto <strong>la moto debe disponer de <\/strong><a href=\"https:\/\/www.boxrepsol.com\/es\/tecnologia\/unidad-de-medicion-inercial\/\"><strong>IMU<\/strong> o unidad de medici\u00f3n inercial<\/a> y de varios sensores colocados en puntos estrat\u00e9gicos de la moto. Incluso hay algunas que aprovechan la <strong>informaci\u00f3n de los sensores<\/strong> <strong>del control de tracci\u00f3n<\/strong> y de las suspensiones electr\u00f3nicas o semiactivas.<\/p>\n\n\n\n<figure class=\"wp-block-image size-full\"><img loading=\"lazy\" decoding=\"async\" width=\"600\" height=\"400\" src=\"https:\/\/bxrepsol.s3.eu-west-1.amazonaws.com\/static\/2025\/01\/15164015\/Foto-4-1.jpg\" alt=\"IMU - Unidad de medici\u00f3n inercial\" class=\"wp-image-123367\" srcset=\"https:\/\/bxrepsol.s3.eu-west-1.amazonaws.com\/static\/2025\/01\/15164015\/Foto-4-1.jpg 600w, https:\/\/bxrepsol.s3.eu-west-1.amazonaws.com\/static\/2025\/01\/15164015\/Foto-4-1-300x200.jpg 300w\" sizes=\"auto, (max-width: 600px) 100vw, 600px\" \/><\/figure>\n\n\n\n<p><\/p>\n\n\n\n<h2 class=\"wp-block-heading\"><span class=\"ez-toc-section\" id=\"%C2%BFQue_ventajas_aportan_a_una_moto_las_luces_adaptativas\"><\/span><strong>\u00bfQu\u00e9 ventajas aportan a una moto las luces adaptativas?<\/strong><span class=\"ez-toc-section-end\"><\/span><\/h2>\n\n\n\n<p>Estas luces <strong>proporcionan una iluminaci\u00f3n m\u00e1s eficiente y precisa<\/strong>, dos aspectos que permiten realizar una conducci\u00f3n m\u00e1s relajada y c\u00f3moda. Al iluminar mejor la carretera <strong>se conduce con menos tensi\u00f3n<\/strong>, siendo <strong>un aporte indiscutible a la seguridad<\/strong>. Gracias a las luces adaptativas <strong>se puede reaccionar m\u00e1s r\u00e1pido<\/strong> ante imprevistos, ayudando a detectar obst\u00e1culos y otros peligros en la carretera con mayor anticipaci\u00f3n.<\/p>\n\n\n\n<p>Tambi\u00e9n <strong>se visualiza mejor el trazado de la carretera y sus l\u00edneas<\/strong>, y <strong>el campo de visi\u00f3n es m\u00e1s amplio<\/strong>, permitiendo ver con claridad ciertas zonas que con un alumbrado tradicional quedan a oscuras. Est\u00e1 claro que las luces adaptativas permiten <strong>viajar de noche con mayor tranquilidad<\/strong>, contribuyendo a que conducir por carreteras oscuras sea menos cansado y que llegue a ser, incluso, entretenido.<\/p>\n\n\n\n<figure class=\"wp-block-image size-large\"><img loading=\"lazy\" decoding=\"async\" width=\"1024\" height=\"568\" src=\"https:\/\/bxrepsol.s3.eu-west-1.amazonaws.com\/static\/2025\/01\/15164044\/Foto-5-1024x568.jpg\" alt=\"Luces adaptativas en carretera \" class=\"wp-image-123369\" srcset=\"https:\/\/bxrepsol.s3.eu-west-1.amazonaws.com\/static\/2025\/01\/15164044\/Foto-5-1024x568.jpg 1024w, https:\/\/bxrepsol.s3.eu-west-1.amazonaws.com\/static\/2025\/01\/15164044\/Foto-5-300x166.jpg 300w, https:\/\/bxrepsol.s3.eu-west-1.amazonaws.com\/static\/2025\/01\/15164044\/Foto-5-768x426.jpg 768w, https:\/\/bxrepsol.s3.eu-west-1.amazonaws.com\/static\/2025\/01\/15164044\/Foto-5.jpg 1280w\" sizes=\"auto, (max-width: 1024px) 100vw, 1024px\" \/><\/figure>\n\n\n\n<p><\/p>\n\n\n\n<h2 class=\"wp-block-heading\"><span class=\"ez-toc-section\" id=\"%C2%BFQue_normativa_deben_cumplir_las_luces_adaptativas\"><\/span><strong>\u00bfQu\u00e9 normativa deben cumplir las luces adaptativas?<\/strong><span class=\"ez-toc-section-end\"><\/span><\/h2>\n\n\n\n<p>Aparte de <strong>haber sido convenientemente homologadas<\/strong> con arreglo a los Reglamentos de la <strong>CEPE<\/strong> (Comisi\u00f3n Econ\u00f3mica para Europa de las Naciones Unidas), seg\u00fan el Bolet\u00edn Oficial del Estado, las luces supletorias de alumbrado en curva deber\u00e1n apagarse autom\u00e1ticamente cuando la<strong> iluminaci\u00f3n<\/strong> producida por las condiciones de iluminaci\u00f3n <strong>ambiente sea superior a 7.000 Lux<\/strong> (lx). Por otro lado, deben <strong>cumplir <\/strong>todos los<strong> requisitos de posici\u00f3n, visibilidad geom\u00e9trica, intensidad, colorimetr\u00eda y fotometr\u00eda<\/strong>. Por supuesto, no pueden molestar, <strong>ni deslumbrar a otros usuarios<\/strong> de la misma v\u00eda.<\/p>\n\n\n\n<p>Debido a la exigente legislaci\u00f3n espa\u00f1ola en lo referente a las reformas en los veh\u00edculos, <strong>es complicado instalar en una moto un sistema de luces adaptivas procedente de la industria auxiliar<\/strong>. Sin embargo, <strong>existe alg\u00fan kit homologado<\/strong> para ser utilizado en Europa, por lo que instalarlo no debe traducirse en un problema a la hora de tener que pasar la <a href=\"mailto:https:\/\/www.boxrepsol.com\/es\/vive-tu-moto\/hago-mantenimiento-general-moto\/\">ITV<\/a>. S\u00ed es cierto que este tipo de kit <strong>son sencillos<\/strong> en cierta medida y <strong>su funcionamiento es menos preciso<\/strong> que el de las luces adaptativas que montan de serie las motos modernas provistas de IMU. <\/p>\n\n\n\n<figure class=\"wp-block-image size-large\"><img loading=\"lazy\" decoding=\"async\" width=\"1024\" height=\"1024\" src=\"https:\/\/bxrepsol.s3.eu-west-1.amazonaws.com\/static\/2025\/01\/15164100\/Foto-6-1024x1024.jpg\" alt=\"Luces adaptativas de una moto\" class=\"wp-image-123371\" srcset=\"https:\/\/bxrepsol.s3.eu-west-1.amazonaws.com\/static\/2025\/01\/15164100\/Foto-6-1024x1024.jpg 1024w, https:\/\/bxrepsol.s3.eu-west-1.amazonaws.com\/static\/2025\/01\/15164100\/Foto-6-300x300.jpg 300w, https:\/\/bxrepsol.s3.eu-west-1.amazonaws.com\/static\/2025\/01\/15164100\/Foto-6-150x150.jpg 150w, https:\/\/bxrepsol.s3.eu-west-1.amazonaws.com\/static\/2025\/01\/15164100\/Foto-6-768x768.jpg 768w, https:\/\/bxrepsol.s3.eu-west-1.amazonaws.com\/static\/2025\/01\/15164100\/Foto-6.jpg 1200w\" sizes=\"auto, (max-width: 1024px) 100vw, 1024px\" \/><\/figure>\n\n\n\n<p><\/p>\n","protected":false},"excerpt":{"rendered":"<p>Las luces adaptativas est\u00e1n revolucionando la seguridad y la experiencia al volante. Este sistema avanzado de iluminaci\u00f3n se ajusta de manera inteligente a las condiciones de la carretera y del entorno, ofreci\u00e9ndote una conducci\u00f3n m\u00e1s c\u00f3moda y segura, incluso en las situaciones m\u00e1s desafiantes.<\/p>\n","protected":false},"author":41267,"featured_media":123361,"comment_status":"open","ping_status":"closed","sticky":false,"template":"","format":"standard","meta":{"footnotes":""},"categories":[3],"tags":[588,390],"class_list":["post-123360","post","type-post","status-publish","format-standard","hentry","category-tecnologia","tag-mecanica","tag-partes-de-la-moto"],"yoast_head":"<!-- This site is optimized with the Yoast SEO plugin v27.3 - https:\/\/yoast.com\/product\/yoast-seo-wordpress\/ -->\n<title>Luces adaptativas: qu\u00e9 son y c\u00f3mo funcionan - Box Repsol<\/title>\n<meta name=\"description\" content=\"Descubre qu\u00e9 son las luces adaptativas, c\u00f3mo funcionan y por qu\u00e9 mejoran la seguridad y comodidad al conducir. Tecnolog\u00eda clave en la iluminaci\u00f3n vial.\" \/>\n<link rel=\"canonical\" href=\"https:\/\/www.boxrepsol.com\/es\/tecnologia\/que-son-las-luces-adaptativas\/\" \/>\n<meta property=\"og:locale\" content=\"es_ES\" \/>\n<meta property=\"og:type\" content=\"article\" \/>\n<meta property=\"og:title\" content=\"Luces adaptativas: qu\u00e9 son y c\u00f3mo funcionan - Box Repsol\" \/>\n<meta property=\"og:description\" content=\"Descubre qu\u00e9 son las luces adaptativas, c\u00f3mo funcionan y por qu\u00e9 mejoran la seguridad y comodidad al conducir. Tecnolog\u00eda clave en la iluminaci\u00f3n vial.\" \/>\n<meta property=\"og:url\" content=\"https:\/\/www.boxrepsol.com\/es\/tecnologia\/que-son-las-luces-adaptativas\/\" \/>\n<meta property=\"og:site_name\" content=\"Box Repsol\" \/>\n<meta property=\"article:publisher\" content=\"https:\/\/www.facebook.com\/BoxRepsol\" \/>\n<meta property=\"article:published_time\" content=\"2025-01-15T18:59:39+00:00\" \/>\n<meta property=\"article:modified_time\" content=\"2025-06-26T07:59:06+00:00\" \/>\n<meta property=\"og:image\" content=\"https:\/\/bxrepsol.s3.eu-west-1.amazonaws.com\/static\/2025\/01\/15162455\/Foto-1-apertura-1.png\" \/>\n\t<meta property=\"og:image:width\" content=\"1200\" \/>\n\t<meta property=\"og:image:height\" content=\"600\" \/>\n\t<meta property=\"og:image:type\" content=\"image\/png\" \/>\n<meta name=\"author\" content=\"V\u00edctor Gancedo\" \/>\n<meta name=\"twitter:card\" content=\"summary_large_image\" \/>\n<meta name=\"twitter:creator\" content=\"@box_repsol\" \/>\n<meta name=\"twitter:site\" content=\"@box_repsol\" \/>\n<meta name=\"twitter:label1\" content=\"Written by\" \/>\n\t<meta name=\"twitter:data1\" content=\"V\u00edctor Gancedo\" \/>\n\t<meta name=\"twitter:label2\" content=\"Est. reading time\" \/>\n\t<meta name=\"twitter:data2\" content=\"4 minutos\" \/>\n<script type=\"application\/ld+json\" class=\"yoast-schema-graph\">{\"@context\":\"https:\\\/\\\/schema.org\",\"@graph\":[{\"@type\":\"Article\",\"@id\":\"https:\\\/\\\/www.boxrepsol.com\\\/es\\\/tecnologia\\\/que-son-las-luces-adaptativas\\\/#article\",\"isPartOf\":{\"@id\":\"https:\\\/\\\/www.boxrepsol.com\\\/es\\\/tecnologia\\\/que-son-las-luces-adaptativas\\\/\"},\"author\":{\"name\":\"V\u00edctor Gancedo\",\"@id\":\"https:\\\/\\\/www.boxrepsol.com\\\/es\\\/#\\\/schema\\\/person\\\/40c28bf318bbbe8fe3848b194b7385ca\"},\"headline\":\"Luces adaptativas: \u00bfqu\u00e9 son y para qu\u00e9 sirven?\",\"datePublished\":\"2025-01-15T18:59:39+00:00\",\"dateModified\":\"2025-06-26T07:59:06+00:00\",\"mainEntityOfPage\":{\"@id\":\"https:\\\/\\\/www.boxrepsol.com\\\/es\\\/tecnologia\\\/que-son-las-luces-adaptativas\\\/\"},\"wordCount\":834,\"commentCount\":0,\"publisher\":{\"@id\":\"https:\\\/\\\/www.boxrepsol.com\\\/es\\\/#organization\"},\"image\":{\"@id\":\"https:\\\/\\\/www.boxrepsol.com\\\/es\\\/tecnologia\\\/que-son-las-luces-adaptativas\\\/#primaryimage\"},\"thumbnailUrl\":\"https:\\\/\\\/bxrepsol.s3.eu-west-1.amazonaws.com\\\/static\\\/2025\\\/01\\\/15162455\\\/Foto-1-apertura-1.png\",\"keywords\":[\"mec\u00e1nica\",\"Partes de la moto\"],\"articleSection\":[\"Tecnologia\"],\"inLanguage\":\"es\",\"potentialAction\":[{\"@type\":\"CommentAction\",\"name\":\"Comment\",\"target\":[\"https:\\\/\\\/www.boxrepsol.com\\\/es\\\/tecnologia\\\/que-son-las-luces-adaptativas\\\/#respond\"]}]},{\"@type\":\"WebPage\",\"@id\":\"https:\\\/\\\/www.boxrepsol.com\\\/es\\\/tecnologia\\\/que-son-las-luces-adaptativas\\\/\",\"url\":\"https:\\\/\\\/www.boxrepsol.com\\\/es\\\/tecnologia\\\/que-son-las-luces-adaptativas\\\/\",\"name\":\"Luces adaptativas: qu\u00e9 son y c\u00f3mo funcionan - Box Repsol\",\"isPartOf\":{\"@id\":\"https:\\\/\\\/www.boxrepsol.com\\\/es\\\/#website\"},\"primaryImageOfPage\":{\"@id\":\"https:\\\/\\\/www.boxrepsol.com\\\/es\\\/tecnologia\\\/que-son-las-luces-adaptativas\\\/#primaryimage\"},\"image\":{\"@id\":\"https:\\\/\\\/www.boxrepsol.com\\\/es\\\/tecnologia\\\/que-son-las-luces-adaptativas\\\/#primaryimage\"},\"thumbnailUrl\":\"https:\\\/\\\/bxrepsol.s3.eu-west-1.amazonaws.com\\\/static\\\/2025\\\/01\\\/15162455\\\/Foto-1-apertura-1.png\",\"datePublished\":\"2025-01-15T18:59:39+00:00\",\"dateModified\":\"2025-06-26T07:59:06+00:00\",\"description\":\"Descubre qu\u00e9 son las luces adaptativas, c\u00f3mo funcionan y por qu\u00e9 mejoran la seguridad y comodidad al conducir. Tecnolog\u00eda clave en la iluminaci\u00f3n vial.\",\"breadcrumb\":{\"@id\":\"https:\\\/\\\/www.boxrepsol.com\\\/es\\\/tecnologia\\\/que-son-las-luces-adaptativas\\\/#breadcrumb\"},\"inLanguage\":\"es\",\"potentialAction\":[{\"@type\":\"ReadAction\",\"target\":[\"https:\\\/\\\/www.boxrepsol.com\\\/es\\\/tecnologia\\\/que-son-las-luces-adaptativas\\\/\"]}]},{\"@type\":\"ImageObject\",\"inLanguage\":\"es\",\"@id\":\"https:\\\/\\\/www.boxrepsol.com\\\/es\\\/tecnologia\\\/que-son-las-luces-adaptativas\\\/#primaryimage\",\"url\":\"https:\\\/\\\/bxrepsol.s3.eu-west-1.amazonaws.com\\\/static\\\/2025\\\/01\\\/15162455\\\/Foto-1-apertura-1.png\",\"contentUrl\":\"https:\\\/\\\/bxrepsol.s3.eu-west-1.amazonaws.com\\\/static\\\/2025\\\/01\\\/15162455\\\/Foto-1-apertura-1.png\",\"width\":1200,\"height\":600},{\"@type\":\"BreadcrumbList\",\"@id\":\"https:\\\/\\\/www.boxrepsol.com\\\/es\\\/tecnologia\\\/que-son-las-luces-adaptativas\\\/#breadcrumb\",\"itemListElement\":[{\"@type\":\"ListItem\",\"position\":1,\"name\":\"Home\",\"item\":\"https:\\\/\\\/www.boxrepsol.com\\\/es\\\/\"},{\"@type\":\"ListItem\",\"position\":2,\"name\":\"Luces adaptativas: \u00bfqu\u00e9 son y para qu\u00e9 sirven?\"}]},{\"@type\":\"WebSite\",\"@id\":\"https:\\\/\\\/www.boxrepsol.com\\\/es\\\/#website\",\"url\":\"https:\\\/\\\/www.boxrepsol.com\\\/es\\\/\",\"name\":\"Box Repsol\",\"description\":\"Box Repsol Site\",\"publisher\":{\"@id\":\"https:\\\/\\\/www.boxrepsol.com\\\/es\\\/#organization\"},\"potentialAction\":[{\"@type\":\"SearchAction\",\"target\":{\"@type\":\"EntryPoint\",\"urlTemplate\":\"https:\\\/\\\/www.boxrepsol.com\\\/es\\\/?s={search_term_string}\"},\"query-input\":{\"@type\":\"PropertyValueSpecification\",\"valueRequired\":true,\"valueName\":\"search_term_string\"}}],\"inLanguage\":\"es\"},{\"@type\":\"Organization\",\"@id\":\"https:\\\/\\\/www.boxrepsol.com\\\/es\\\/#organization\",\"name\":\"Box Repsol\",\"url\":\"https:\\\/\\\/www.boxrepsol.com\\\/es\\\/\",\"logo\":{\"@type\":\"ImageObject\",\"inLanguage\":\"es\",\"@id\":\"https:\\\/\\\/www.boxrepsol.com\\\/es\\\/#\\\/schema\\\/logo\\\/image\\\/\",\"url\":\"https:\\\/\\\/bxrepsol.s3.eu-west-1.amazonaws.com\\\/static\\\/2025\\\/07\\\/30083337\\\/favicon-96x96-1.png\",\"contentUrl\":\"https:\\\/\\\/bxrepsol.s3.eu-west-1.amazonaws.com\\\/static\\\/2025\\\/07\\\/30083337\\\/favicon-96x96-1.png\",\"width\":96,\"height\":96,\"caption\":\"Box Repsol\"},\"image\":{\"@id\":\"https:\\\/\\\/www.boxrepsol.com\\\/es\\\/#\\\/schema\\\/logo\\\/image\\\/\"},\"sameAs\":[\"https:\\\/\\\/www.facebook.com\\\/BoxRepsol\",\"https:\\\/\\\/x.com\\\/box_repsol\",\"http:\\\/\\\/instagram.com\\\/box_repsol\",\"https:\\\/\\\/www.youtube.com\\\/user\\\/RepsolCompeticion\",\"https:\\\/\\\/www.flickr.com\\\/photos\\\/box_repsol\\\/\"]},{\"@type\":\"Person\",\"@id\":\"https:\\\/\\\/www.boxrepsol.com\\\/es\\\/#\\\/schema\\\/person\\\/40c28bf318bbbe8fe3848b194b7385ca\",\"name\":\"V\u00edctor Gancedo\",\"image\":{\"@type\":\"ImageObject\",\"inLanguage\":\"es\",\"@id\":\"https:\\\/\\\/secure.gravatar.com\\\/avatar\\\/cd1439a66fca5d3425cd2a7b13f32cd43e25022a0436c1235ef2a28e14fa660a?s=96&d=mm&r=g\",\"url\":\"https:\\\/\\\/secure.gravatar.com\\\/avatar\\\/cd1439a66fca5d3425cd2a7b13f32cd43e25022a0436c1235ef2a28e14fa660a?s=96&d=mm&r=g\",\"contentUrl\":\"https:\\\/\\\/secure.gravatar.com\\\/avatar\\\/cd1439a66fca5d3425cd2a7b13f32cd43e25022a0436c1235ef2a28e14fa660a?s=96&d=mm&r=g\",\"caption\":\"V\u00edctor Gancedo\"},\"description\":\"Periodista especializado en el mundo de las motos, V\u00edctor ha probado pr\u00e1cticamente todas las que han salido al mercado desde 1990. En su larga trayectoria, ha desempe\u00f1ado cargos como los de Jefe de Pruebas de la revista Motociclismo o Responsable de Pruebas del \u00c1rea de Motos del Grupo Motorpress-Ib\u00e9rica, hoy llamado Sport Life Ib\u00e9rica, al cual sigue vinculado.\",\"sameAs\":[\"https:\\\/\\\/www.instagram.com\\\/vfgancedo\"],\"url\":\"https:\\\/\\\/www.boxrepsol.com\\\/es\\\/author\\\/victor_gancedo\\\/\"}]}<\/script>\n<!-- \/ Yoast SEO plugin. -->","yoast_head_json":{"title":"Luces adaptativas: qu\u00e9 son y c\u00f3mo funcionan - Box Repsol","description":"Descubre qu\u00e9 son las luces adaptativas, c\u00f3mo funcionan y por qu\u00e9 mejoran la seguridad y comodidad al conducir. Tecnolog\u00eda clave en la iluminaci\u00f3n vial.","canonical":"https:\/\/www.boxrepsol.com\/es\/tecnologia\/que-son-las-luces-adaptativas\/","og_locale":"es_ES","og_type":"article","og_title":"Luces adaptativas: qu\u00e9 son y c\u00f3mo funcionan - Box Repsol","og_description":"Descubre qu\u00e9 son las luces adaptativas, c\u00f3mo funcionan y por qu\u00e9 mejoran la seguridad y comodidad al conducir. Tecnolog\u00eda clave en la iluminaci\u00f3n vial.","og_url":"https:\/\/www.boxrepsol.com\/es\/tecnologia\/que-son-las-luces-adaptativas\/","og_site_name":"Box Repsol","article_publisher":"https:\/\/www.facebook.com\/BoxRepsol","article_published_time":"2025-01-15T18:59:39+00:00","article_modified_time":"2025-06-26T07:59:06+00:00","og_image":[{"width":1200,"height":600,"url":"https:\/\/bxrepsol.s3.eu-west-1.amazonaws.com\/static\/2025\/01\/15162455\/Foto-1-apertura-1.png","type":"image\/png"}],"author":"V\u00edctor Gancedo","twitter_card":"summary_large_image","twitter_creator":"@box_repsol","twitter_site":"@box_repsol","twitter_misc":{"Written by":"V\u00edctor Gancedo","Est. reading time":"4 minutos"},"schema":{"@context":"https:\/\/schema.org","@graph":[{"@type":"Article","@id":"https:\/\/www.boxrepsol.com\/es\/tecnologia\/que-son-las-luces-adaptativas\/#article","isPartOf":{"@id":"https:\/\/www.boxrepsol.com\/es\/tecnologia\/que-son-las-luces-adaptativas\/"},"author":{"name":"V\u00edctor Gancedo","@id":"https:\/\/www.boxrepsol.com\/es\/#\/schema\/person\/40c28bf318bbbe8fe3848b194b7385ca"},"headline":"Luces adaptativas: \u00bfqu\u00e9 son y para qu\u00e9 sirven?","datePublished":"2025-01-15T18:59:39+00:00","dateModified":"2025-06-26T07:59:06+00:00","mainEntityOfPage":{"@id":"https:\/\/www.boxrepsol.com\/es\/tecnologia\/que-son-las-luces-adaptativas\/"},"wordCount":834,"commentCount":0,"publisher":{"@id":"https:\/\/www.boxrepsol.com\/es\/#organization"},"image":{"@id":"https:\/\/www.boxrepsol.com\/es\/tecnologia\/que-son-las-luces-adaptativas\/#primaryimage"},"thumbnailUrl":"https:\/\/bxrepsol.s3.eu-west-1.amazonaws.com\/static\/2025\/01\/15162455\/Foto-1-apertura-1.png","keywords":["mec\u00e1nica","Partes de la moto"],"articleSection":["Tecnologia"],"inLanguage":"es","potentialAction":[{"@type":"CommentAction","name":"Comment","target":["https:\/\/www.boxrepsol.com\/es\/tecnologia\/que-son-las-luces-adaptativas\/#respond"]}]},{"@type":"WebPage","@id":"https:\/\/www.boxrepsol.com\/es\/tecnologia\/que-son-las-luces-adaptativas\/","url":"https:\/\/www.boxrepsol.com\/es\/tecnologia\/que-son-las-luces-adaptativas\/","name":"Luces adaptativas: qu\u00e9 son y c\u00f3mo funcionan - Box Repsol","isPartOf":{"@id":"https:\/\/www.boxrepsol.com\/es\/#website"},"primaryImageOfPage":{"@id":"https:\/\/www.boxrepsol.com\/es\/tecnologia\/que-son-las-luces-adaptativas\/#primaryimage"},"image":{"@id":"https:\/\/www.boxrepsol.com\/es\/tecnologia\/que-son-las-luces-adaptativas\/#primaryimage"},"thumbnailUrl":"https:\/\/bxrepsol.s3.eu-west-1.amazonaws.com\/static\/2025\/01\/15162455\/Foto-1-apertura-1.png","datePublished":"2025-01-15T18:59:39+00:00","dateModified":"2025-06-26T07:59:06+00:00","description":"Descubre qu\u00e9 son las luces adaptativas, c\u00f3mo funcionan y por qu\u00e9 mejoran la seguridad y comodidad al conducir. Tecnolog\u00eda clave en la iluminaci\u00f3n vial.","breadcrumb":{"@id":"https:\/\/www.boxrepsol.com\/es\/tecnologia\/que-son-las-luces-adaptativas\/#breadcrumb"},"inLanguage":"es","potentialAction":[{"@type":"ReadAction","target":["https:\/\/www.boxrepsol.com\/es\/tecnologia\/que-son-las-luces-adaptativas\/"]}]},{"@type":"ImageObject","inLanguage":"es","@id":"https:\/\/www.boxrepsol.com\/es\/tecnologia\/que-son-las-luces-adaptativas\/#primaryimage","url":"https:\/\/bxrepsol.s3.eu-west-1.amazonaws.com\/static\/2025\/01\/15162455\/Foto-1-apertura-1.png","contentUrl":"https:\/\/bxrepsol.s3.eu-west-1.amazonaws.com\/static\/2025\/01\/15162455\/Foto-1-apertura-1.png","width":1200,"height":600},{"@type":"BreadcrumbList","@id":"https:\/\/www.boxrepsol.com\/es\/tecnologia\/que-son-las-luces-adaptativas\/#breadcrumb","itemListElement":[{"@type":"ListItem","position":1,"name":"Home","item":"https:\/\/www.boxrepsol.com\/es\/"},{"@type":"ListItem","position":2,"name":"Luces adaptativas: \u00bfqu\u00e9 son y para qu\u00e9 sirven?"}]},{"@type":"WebSite","@id":"https:\/\/www.boxrepsol.com\/es\/#website","url":"https:\/\/www.boxrepsol.com\/es\/","name":"Box Repsol","description":"Box Repsol Site","publisher":{"@id":"https:\/\/www.boxrepsol.com\/es\/#organization"},"potentialAction":[{"@type":"SearchAction","target":{"@type":"EntryPoint","urlTemplate":"https:\/\/www.boxrepsol.com\/es\/?s={search_term_string}"},"query-input":{"@type":"PropertyValueSpecification","valueRequired":true,"valueName":"search_term_string"}}],"inLanguage":"es"},{"@type":"Organization","@id":"https:\/\/www.boxrepsol.com\/es\/#organization","name":"Box Repsol","url":"https:\/\/www.boxrepsol.com\/es\/","logo":{"@type":"ImageObject","inLanguage":"es","@id":"https:\/\/www.boxrepsol.com\/es\/#\/schema\/logo\/image\/","url":"https:\/\/bxrepsol.s3.eu-west-1.amazonaws.com\/static\/2025\/07\/30083337\/favicon-96x96-1.png","contentUrl":"https:\/\/bxrepsol.s3.eu-west-1.amazonaws.com\/static\/2025\/07\/30083337\/favicon-96x96-1.png","width":96,"height":96,"caption":"Box Repsol"},"image":{"@id":"https:\/\/www.boxrepsol.com\/es\/#\/schema\/logo\/image\/"},"sameAs":["https:\/\/www.facebook.com\/BoxRepsol","https:\/\/x.com\/box_repsol","http:\/\/instagram.com\/box_repsol","https:\/\/www.youtube.com\/user\/RepsolCompeticion","https:\/\/www.flickr.com\/photos\/box_repsol\/"]},{"@type":"Person","@id":"https:\/\/www.boxrepsol.com\/es\/#\/schema\/person\/40c28bf318bbbe8fe3848b194b7385ca","name":"V\u00edctor Gancedo","image":{"@type":"ImageObject","inLanguage":"es","@id":"https:\/\/secure.gravatar.com\/avatar\/cd1439a66fca5d3425cd2a7b13f32cd43e25022a0436c1235ef2a28e14fa660a?s=96&d=mm&r=g","url":"https:\/\/secure.gravatar.com\/avatar\/cd1439a66fca5d3425cd2a7b13f32cd43e25022a0436c1235ef2a28e14fa660a?s=96&d=mm&r=g","contentUrl":"https:\/\/secure.gravatar.com\/avatar\/cd1439a66fca5d3425cd2a7b13f32cd43e25022a0436c1235ef2a28e14fa660a?s=96&d=mm&r=g","caption":"V\u00edctor Gancedo"},"description":"Periodista especializado en el mundo de las motos, V\u00edctor ha probado pr\u00e1cticamente todas las que han salido al mercado desde 1990. En su larga trayectoria, ha desempe\u00f1ado cargos como los de Jefe de Pruebas de la revista Motociclismo o Responsable de Pruebas del \u00c1rea de Motos del Grupo Motorpress-Ib\u00e9rica, hoy llamado Sport Life Ib\u00e9rica, al cual sigue vinculado.","sameAs":["https:\/\/www.instagram.com\/vfgancedo"],"url":"https:\/\/www.boxrepsol.com\/es\/author\/victor_gancedo\/"}]}},"_links":{"self":[{"href":"https:\/\/www.boxrepsol.com\/es\/wp-json\/wp\/v2\/posts\/123360","targetHints":{"allow":["GET"]}}],"collection":[{"href":"https:\/\/www.boxrepsol.com\/es\/wp-json\/wp\/v2\/posts"}],"about":[{"href":"https:\/\/www.boxrepsol.com\/es\/wp-json\/wp\/v2\/types\/post"}],"author":[{"embeddable":true,"href":"https:\/\/www.boxrepsol.com\/es\/wp-json\/wp\/v2\/users\/41267"}],"replies":[{"embeddable":true,"href":"https:\/\/www.boxrepsol.com\/es\/wp-json\/wp\/v2\/comments?post=123360"}],"version-history":[{"count":3,"href":"https:\/\/www.boxrepsol.com\/es\/wp-json\/wp\/v2\/posts\/123360\/revisions"}],"predecessor-version":[{"id":123379,"href":"https:\/\/www.boxrepsol.com\/es\/wp-json\/wp\/v2\/posts\/123360\/revisions\/123379"}],"wp:featuredmedia":[{"embeddable":true,"href":"https:\/\/www.boxrepsol.com\/es\/wp-json\/wp\/v2\/media\/123361"}],"wp:attachment":[{"href":"https:\/\/www.boxrepsol.com\/es\/wp-json\/wp\/v2\/media?parent=123360"}],"wp:term":[{"taxonomy":"category","embeddable":true,"href":"https:\/\/www.boxrepsol.com\/es\/wp-json\/wp\/v2\/categories?post=123360"},{"taxonomy":"post_tag","embeddable":true,"href":"https:\/\/www.boxrepsol.com\/es\/wp-json\/wp\/v2\/tags?post=123360"}],"curies":[{"name":"wp","href":"https:\/\/api.w.org\/{rel}","templated":true}]}}