{"id":123319,"date":"2025-01-04T19:40:00","date_gmt":"2025-01-04T21:40:00","guid":{"rendered":"https:\/\/www.boxrepsol.com\/?p=123319"},"modified":"2025-01-14T13:46:41","modified_gmt":"2025-01-14T15:46:41","slug":"el-combustible-renovable-de-repsol-sube-a-lo-mas-alto-del-rally-dakar-con-la-victoria-y-el-liderato-de-seth-quintero","status":"publish","type":"post","link":"https:\/\/www.boxrepsol.com\/es\/rally\/el-combustible-renovable-de-repsol-sube-a-lo-mas-alto-del-rally-dakar-con-la-victoria-y-el-liderato-de-seth-quintero\/","title":{"rendered":"El combustible renovable de Repsol sube a lo m\u00e1s alto del Rally Dakar con la victoria y el liderato de Seth Quintero"},"content":{"rendered":"<figure class=\"wp-block-post-featured-image\"><img loading=\"lazy\" decoding=\"async\" width=\"1200\" height=\"600\" src=\"https:\/\/bxrepsol.s3.eu-west-1.amazonaws.com\/static\/2025\/01\/14114615\/MM_250104_Dakar_4763compr-scaled-1.jpg\" class=\"attachment-post-thumbnail size-post-thumbnail wp-post-image\" alt=\"\" style=\"object-fit:cover;\" srcset=\"https:\/\/bxrepsol.s3.eu-west-1.amazonaws.com\/static\/2025\/01\/14114615\/MM_250104_Dakar_4763compr-scaled-1.jpg 1200w, https:\/\/bxrepsol.s3.eu-west-1.amazonaws.com\/static\/2025\/01\/14114615\/MM_250104_Dakar_4763compr-scaled-1-300x150.jpg 300w, https:\/\/bxrepsol.s3.eu-west-1.amazonaws.com\/static\/2025\/01\/14114615\/MM_250104_Dakar_4763compr-scaled-1-1024x512.jpg 1024w, https:\/\/bxrepsol.s3.eu-west-1.amazonaws.com\/static\/2025\/01\/14114615\/MM_250104_Dakar_4763compr-scaled-1-768x384.jpg 768w\" sizes=\"auto, (max-width: 1200px) 100vw, 1200px\" \/><\/figure>\n\n\n<p>Esta ma\u00f1ana ha arrancado la primera etapa del Rally Dakar 2025 con una especial de 413 kil\u00f3metros, donde Seth Quintero ha conseguido la segunda victoria de etapa en el Dakar con los combustibles renovables Repsol, \u00fanicamente logrado anteriormente por su compa\u00f1ero, Lucas Moraes, en la etapa 3 de la pasada edici\u00f3n.<\/p>\n\n\n\n<p>El piloto estadounidense del Toyota Gazoo Racing ha concluido la primera etapa en la segunda posici\u00f3n provisional, justo detr\u00e1s del franc\u00e9s Guerlain Chicherit. No obstante, tras la revisi\u00f3n del recorrido realizado, los comisarios del rally han decidido otorgar la primera posici\u00f3n a Seth Quintero. El americano, en el kil\u00f3metro 330 de la etapa, se ha detenido para socorrer a Laia Sanz tras sufrir un accidente, por lo que la organizaci\u00f3n ha decidido devolverle el tiempo perdido durante su parada.<\/p>\n\n\n\n<p>Con este resultado, Seth Quintero es ahora l\u00edder con una ventaja de 55 segundos sobre el segundo clasificado y ser\u00e1 el encargado de abrir pista en la etapa de ma\u00f1ana, la especial de 48H, una de las m\u00e1s decisivas en el desarrollo de la competici\u00f3n.<\/p>\n\n\n\n<p><\/p>\n\n\n\n<div id=\"ac7abe1e-c732-4f83-8d32-c3956d68d077\" class=\"br-slider-box\"><div class=\"wp-block-create-block-repsol-carousel br-slider\"><a target=\"_blank\" href=\"https:\/\/bxrepsol.s3.eu-west-1.amazonaws.com\/static\/2025\/01\/14114614\/IMG_3780-scaled-1.jpg\" data-index=\"0\" rel=\"noopener\"><img decoding=\"async\" src=\"https:\/\/bxrepsol.s3.eu-west-1.amazonaws.com\/static\/2025\/01\/14114614\/IMG_3780-scaled-1.jpg\"\/><\/a><a target=\"_blank\" href=\"https:\/\/bxrepsol.s3.eu-west-1.amazonaws.com\/static\/2025\/01\/14114611\/DX2_3702-scaled-1.jpg\" data-index=\"1\" rel=\"noopener\"><img decoding=\"async\" src=\"https:\/\/bxrepsol.s3.eu-west-1.amazonaws.com\/static\/2025\/01\/14114611\/DX2_3702-scaled-1.jpg\"\/><\/a><a target=\"_blank\" href=\"https:\/\/bxrepsol.s3.eu-west-1.amazonaws.com\/static\/2025\/01\/14114607\/DakarRally2025_fotMarcinKin_250104_00089-scaled-1.jpg\" data-index=\"2\" rel=\"noopener\"><img decoding=\"async\" src=\"https:\/\/bxrepsol.s3.eu-west-1.amazonaws.com\/static\/2025\/01\/14114607\/DakarRally2025_fotMarcinKin_250104_00089-scaled-1.jpg\"\/><\/a><a target=\"_blank\" href=\"https:\/\/bxrepsol.s3.eu-west-1.amazonaws.com\/static\/2025\/01\/14114604\/DakarRally2025_fotMarcinKin_250104_00007-scaled-1.jpg\" data-index=\"3\" rel=\"noopener\"><img decoding=\"async\" src=\"https:\/\/bxrepsol.s3.eu-west-1.amazonaws.com\/static\/2025\/01\/14114604\/DakarRally2025_fotMarcinKin_250104_00007-scaled-1.jpg\"\/><\/a><a target=\"_blank\" href=\"https:\/\/bxrepsol.s3.eu-west-1.amazonaws.com\/static\/2025\/01\/14114601\/DakarRally2025_fotMarcinKin_250104_00004-scaled-1.jpg\" data-index=\"4\" rel=\"noopener\"><img decoding=\"async\" src=\"https:\/\/bxrepsol.s3.eu-west-1.amazonaws.com\/static\/2025\/01\/14114601\/DakarRally2025_fotMarcinKin_250104_00004-scaled-1.jpg\"\/><\/a><\/div><div class=\"br-slider-buttons\"><button class=\"arrow rds-icon arrow--left rds-icon-Arrow_left\"><\/button><button class=\"arrow rds-icon arrow--right rds-icon-Arrow_right\"><\/button><\/div><\/div>\n\n\n\n<p>El equipo Toyota Gazoo Racing, con Seth Quintero y Lucas Moraes a los mandos, utilizan una gasolina con un 70% de materiales de origen renovable, un carburante que comenzaron a utilizar en la pasada edici\u00f3n del Rally Dakar y que forma parte de una alianza tecnol\u00f3gica con Toyota Gazoo Racing que nace de una voluntad conjunta por usar la alta competici\u00f3n como el banco de pruebas con el que evolucionar hacia nuevos productos cada vez m\u00e1s eficientes, como el combustible renovable y el lubricante renovable.<\/p>\n\n\n\n<p>El resto de los pilotos Repsol tambi\u00e9n han completado una buena actuaci\u00f3n en el inicio del Rally Dakar: Jo\u00e3o Ferreira ha sido sexto, seguido de Lucas Moraes en la s\u00e9ptima plaza. Isidre Esteve, por su lado, ha cerrado el d\u00eda en la 69\u00aa posici\u00f3n, afectado por una gripe, pero motivado por seguir avanzando en el transcurso de las etapas.<\/p>\n","protected":false},"excerpt":{"rendered":"<p>El piloto del Toyota Gazoo Racing se hace con la victoria de la primera etapa del Rally Dakar 2025, la segunda lograda con los combustibles renovables de Repsol y permitiendo liderar el rally m\u00e1s duro del planeta en el inicio de la nueva alianza tecnol\u00f3gica entre Toyota y Repsol. <\/p>\n","protected":false},"author":43146,"featured_media":123330,"comment_status":"open","ping_status":"closed","sticky":false,"template":"","format":"standard","meta":{"footnotes":""},"categories":[27],"tags":[],"class_list":["post-123319","post","type-post","status-publish","format-standard","hentry","category-rally"],"yoast_head":"<!-- This site is optimized with the Yoast SEO plugin v27.3 - https:\/\/yoast.com\/product\/yoast-seo-wordpress\/ -->\n<title>El combustible renovable de Repsol sube a lo m\u00e1s alto del Rally Dakar con la victoria y el liderato de Seth Quintero - Box Repsol<\/title>\n<link rel=\"canonical\" href=\"https:\/\/www.boxrepsol.com\/es\/rally\/el-combustible-renovable-de-repsol-sube-a-lo-mas-alto-del-rally-dakar-con-la-victoria-y-el-liderato-de-seth-quintero\/\" \/>\n<meta property=\"og:locale\" content=\"es_ES\" \/>\n<meta property=\"og:type\" content=\"article\" \/>\n<meta property=\"og:title\" content=\"El combustible renovable de Repsol sube a lo m\u00e1s alto del Rally Dakar con la victoria y el liderato de Seth Quintero - Box Repsol\" \/>\n<meta property=\"og:description\" content=\"El piloto del Toyota Gazoo Racing se hace con la victoria de la primera etapa del Rally Dakar 2025, la segunda lograda con los combustibles renovables de Repsol y permitiendo liderar el rally m\u00e1s duro del planeta en el inicio de la nueva alianza tecnol\u00f3gica entre Toyota y Repsol.\" \/>\n<meta property=\"og:url\" content=\"https:\/\/www.boxrepsol.com\/es\/rally\/el-combustible-renovable-de-repsol-sube-a-lo-mas-alto-del-rally-dakar-con-la-victoria-y-el-liderato-de-seth-quintero\/\" \/>\n<meta property=\"og:site_name\" content=\"Box Repsol\" \/>\n<meta property=\"article:publisher\" content=\"https:\/\/www.facebook.com\/BoxRepsol\" \/>\n<meta property=\"article:author\" content=\"https:\/\/www.facebook.com\/BoxRepsol\/\" \/>\n<meta property=\"article:published_time\" content=\"2025-01-04T21:40:00+00:00\" \/>\n<meta property=\"article:modified_time\" content=\"2025-01-14T15:46:41+00:00\" \/>\n<meta property=\"og:image\" content=\"https:\/\/bxrepsol.s3.eu-west-1.amazonaws.com\/static\/2025\/01\/14114615\/MM_250104_Dakar_4763compr-scaled-1.jpg\" \/>\n\t<meta property=\"og:image:width\" content=\"1200\" \/>\n\t<meta property=\"og:image:height\" content=\"600\" \/>\n\t<meta property=\"og:image:type\" content=\"image\/jpeg\" \/>\n<meta name=\"author\" content=\"Redacci\u00f3n Box Repsol\" \/>\n<meta name=\"twitter:card\" content=\"summary_large_image\" \/>\n<meta name=\"twitter:creator\" content=\"@https:\/\/twitter.com\/box_repsol\" \/>\n<meta name=\"twitter:site\" content=\"@box_repsol\" \/>\n<meta name=\"twitter:label1\" content=\"Written by\" \/>\n\t<meta name=\"twitter:data1\" content=\"Redacci\u00f3n Box Repsol\" \/>\n\t<meta name=\"twitter:label2\" content=\"Est. reading time\" \/>\n\t<meta name=\"twitter:data2\" content=\"2 minutos\" \/>\n<script type=\"application\/ld+json\" class=\"yoast-schema-graph\">{\"@context\":\"https:\\\/\\\/schema.org\",\"@graph\":[{\"@type\":\"Article\",\"@id\":\"https:\\\/\\\/www.boxrepsol.com\\\/es\\\/rally\\\/el-combustible-renovable-de-repsol-sube-a-lo-mas-alto-del-rally-dakar-con-la-victoria-y-el-liderato-de-seth-quintero\\\/#article\",\"isPartOf\":{\"@id\":\"https:\\\/\\\/www.boxrepsol.com\\\/es\\\/rally\\\/el-combustible-renovable-de-repsol-sube-a-lo-mas-alto-del-rally-dakar-con-la-victoria-y-el-liderato-de-seth-quintero\\\/\"},\"author\":{\"name\":\"Redacci\u00f3n Box Repsol\",\"@id\":\"https:\\\/\\\/www.boxrepsol.com\\\/es\\\/#\\\/schema\\\/person\\\/c5c2138f2cca251b0ad92b7086bb60b7\"},\"headline\":\"El combustible renovable de Repsol sube a lo m\u00e1s alto del Rally Dakar con la victoria y el liderato de Seth Quintero\",\"datePublished\":\"2025-01-04T21:40:00+00:00\",\"dateModified\":\"2025-01-14T15:46:41+00:00\",\"mainEntityOfPage\":{\"@id\":\"https:\\\/\\\/www.boxrepsol.com\\\/es\\\/rally\\\/el-combustible-renovable-de-repsol-sube-a-lo-mas-alto-del-rally-dakar-con-la-victoria-y-el-liderato-de-seth-quintero\\\/\"},\"wordCount\":360,\"commentCount\":0,\"publisher\":{\"@id\":\"https:\\\/\\\/www.boxrepsol.com\\\/es\\\/#organization\"},\"image\":{\"@id\":\"https:\\\/\\\/www.boxrepsol.com\\\/es\\\/rally\\\/el-combustible-renovable-de-repsol-sube-a-lo-mas-alto-del-rally-dakar-con-la-victoria-y-el-liderato-de-seth-quintero\\\/#primaryimage\"},\"thumbnailUrl\":\"https:\\\/\\\/bxrepsol.s3.eu-west-1.amazonaws.com\\\/static\\\/2025\\\/01\\\/14114615\\\/MM_250104_Dakar_4763compr-scaled-1.jpg\",\"articleSection\":[\"Rally\"],\"inLanguage\":\"es\",\"potentialAction\":[{\"@type\":\"CommentAction\",\"name\":\"Comment\",\"target\":[\"https:\\\/\\\/www.boxrepsol.com\\\/es\\\/rally\\\/el-combustible-renovable-de-repsol-sube-a-lo-mas-alto-del-rally-dakar-con-la-victoria-y-el-liderato-de-seth-quintero\\\/#respond\"]}]},{\"@type\":\"WebPage\",\"@id\":\"https:\\\/\\\/www.boxrepsol.com\\\/es\\\/rally\\\/el-combustible-renovable-de-repsol-sube-a-lo-mas-alto-del-rally-dakar-con-la-victoria-y-el-liderato-de-seth-quintero\\\/\",\"url\":\"https:\\\/\\\/www.boxrepsol.com\\\/es\\\/rally\\\/el-combustible-renovable-de-repsol-sube-a-lo-mas-alto-del-rally-dakar-con-la-victoria-y-el-liderato-de-seth-quintero\\\/\",\"name\":\"El combustible renovable de Repsol sube a lo m\u00e1s alto del Rally Dakar con la victoria y el liderato de Seth Quintero - Box Repsol\",\"isPartOf\":{\"@id\":\"https:\\\/\\\/www.boxrepsol.com\\\/es\\\/#website\"},\"primaryImageOfPage\":{\"@id\":\"https:\\\/\\\/www.boxrepsol.com\\\/es\\\/rally\\\/el-combustible-renovable-de-repsol-sube-a-lo-mas-alto-del-rally-dakar-con-la-victoria-y-el-liderato-de-seth-quintero\\\/#primaryimage\"},\"image\":{\"@id\":\"https:\\\/\\\/www.boxrepsol.com\\\/es\\\/rally\\\/el-combustible-renovable-de-repsol-sube-a-lo-mas-alto-del-rally-dakar-con-la-victoria-y-el-liderato-de-seth-quintero\\\/#primaryimage\"},\"thumbnailUrl\":\"https:\\\/\\\/bxrepsol.s3.eu-west-1.amazonaws.com\\\/static\\\/2025\\\/01\\\/14114615\\\/MM_250104_Dakar_4763compr-scaled-1.jpg\",\"datePublished\":\"2025-01-04T21:40:00+00:00\",\"dateModified\":\"2025-01-14T15:46:41+00:00\",\"breadcrumb\":{\"@id\":\"https:\\\/\\\/www.boxrepsol.com\\\/es\\\/rally\\\/el-combustible-renovable-de-repsol-sube-a-lo-mas-alto-del-rally-dakar-con-la-victoria-y-el-liderato-de-seth-quintero\\\/#breadcrumb\"},\"inLanguage\":\"es\",\"potentialAction\":[{\"@type\":\"ReadAction\",\"target\":[\"https:\\\/\\\/www.boxrepsol.com\\\/es\\\/rally\\\/el-combustible-renovable-de-repsol-sube-a-lo-mas-alto-del-rally-dakar-con-la-victoria-y-el-liderato-de-seth-quintero\\\/\"]}]},{\"@type\":\"ImageObject\",\"inLanguage\":\"es\",\"@id\":\"https:\\\/\\\/www.boxrepsol.com\\\/es\\\/rally\\\/el-combustible-renovable-de-repsol-sube-a-lo-mas-alto-del-rally-dakar-con-la-victoria-y-el-liderato-de-seth-quintero\\\/#primaryimage\",\"url\":\"https:\\\/\\\/bxrepsol.s3.eu-west-1.amazonaws.com\\\/static\\\/2025\\\/01\\\/14114615\\\/MM_250104_Dakar_4763compr-scaled-1.jpg\",\"contentUrl\":\"https:\\\/\\\/bxrepsol.s3.eu-west-1.amazonaws.com\\\/static\\\/2025\\\/01\\\/14114615\\\/MM_250104_Dakar_4763compr-scaled-1.jpg\",\"width\":1200,\"height\":600},{\"@type\":\"BreadcrumbList\",\"@id\":\"https:\\\/\\\/www.boxrepsol.com\\\/es\\\/rally\\\/el-combustible-renovable-de-repsol-sube-a-lo-mas-alto-del-rally-dakar-con-la-victoria-y-el-liderato-de-seth-quintero\\\/#breadcrumb\",\"itemListElement\":[{\"@type\":\"ListItem\",\"position\":1,\"name\":\"Home\",\"item\":\"https:\\\/\\\/www.boxrepsol.com\\\/es\\\/\"},{\"@type\":\"ListItem\",\"position\":2,\"name\":\"El combustible renovable de Repsol sube a lo m\u00e1s alto del Rally Dakar con la victoria y el liderato de Seth Quintero\"}]},{\"@type\":\"WebSite\",\"@id\":\"https:\\\/\\\/www.boxrepsol.com\\\/es\\\/#website\",\"url\":\"https:\\\/\\\/www.boxrepsol.com\\\/es\\\/\",\"name\":\"Box Repsol\",\"description\":\"Box Repsol Site\",\"publisher\":{\"@id\":\"https:\\\/\\\/www.boxrepsol.com\\\/es\\\/#organization\"},\"potentialAction\":[{\"@type\":\"SearchAction\",\"target\":{\"@type\":\"EntryPoint\",\"urlTemplate\":\"https:\\\/\\\/www.boxrepsol.com\\\/es\\\/?s={search_term_string}\"},\"query-input\":{\"@type\":\"PropertyValueSpecification\",\"valueRequired\":true,\"valueName\":\"search_term_string\"}}],\"inLanguage\":\"es\"},{\"@type\":\"Organization\",\"@id\":\"https:\\\/\\\/www.boxrepsol.com\\\/es\\\/#organization\",\"name\":\"Box Repsol\",\"url\":\"https:\\\/\\\/www.boxrepsol.com\\\/es\\\/\",\"logo\":{\"@type\":\"ImageObject\",\"inLanguage\":\"es\",\"@id\":\"https:\\\/\\\/www.boxrepsol.com\\\/es\\\/#\\\/schema\\\/logo\\\/image\\\/\",\"url\":\"https:\\\/\\\/bxrepsol.s3.eu-west-1.amazonaws.com\\\/static\\\/2025\\\/07\\\/30083337\\\/favicon-96x96-1.png\",\"contentUrl\":\"https:\\\/\\\/bxrepsol.s3.eu-west-1.amazonaws.com\\\/static\\\/2025\\\/07\\\/30083337\\\/favicon-96x96-1.png\",\"width\":96,\"height\":96,\"caption\":\"Box Repsol\"},\"image\":{\"@id\":\"https:\\\/\\\/www.boxrepsol.com\\\/es\\\/#\\\/schema\\\/logo\\\/image\\\/\"},\"sameAs\":[\"https:\\\/\\\/www.facebook.com\\\/BoxRepsol\",\"https:\\\/\\\/x.com\\\/box_repsol\",\"http:\\\/\\\/instagram.com\\\/box_repsol\",\"https:\\\/\\\/www.youtube.com\\\/user\\\/RepsolCompeticion\",\"https:\\\/\\\/www.flickr.com\\\/photos\\\/box_repsol\\\/\"]},{\"@type\":\"Person\",\"@id\":\"https:\\\/\\\/www.boxrepsol.com\\\/es\\\/#\\\/schema\\\/person\\\/c5c2138f2cca251b0ad92b7086bb60b7\",\"name\":\"Redacci\u00f3n Box Repsol\",\"image\":{\"@type\":\"ImageObject\",\"inLanguage\":\"es\",\"@id\":\"https:\\\/\\\/secure.gravatar.com\\\/avatar\\\/adf7b77e38b4419baf32c7e9c21dde01f4e40df611f0978e3006fc4ba0aaab7e?s=96&d=mm&r=g\",\"url\":\"https:\\\/\\\/secure.gravatar.com\\\/avatar\\\/adf7b77e38b4419baf32c7e9c21dde01f4e40df611f0978e3006fc4ba0aaab7e?s=96&d=mm&r=g\",\"contentUrl\":\"https:\\\/\\\/secure.gravatar.com\\\/avatar\\\/adf7b77e38b4419baf32c7e9c21dde01f4e40df611f0978e3006fc4ba0aaab7e?s=96&d=mm&r=g\",\"caption\":\"Redacci\u00f3n Box Repsol\"},\"description\":\"Box Repsol lo forma un equipo de periodistas, community managers, dise\u00f1adores y fot\u00f3grafos con m\u00e1s de 20 a\u00f1os de experiencia en el mundo del motorsport. Hemos vivido el primer mundial de un espa\u00f1ol en la categor\u00eda reina de motociclismo con \u00c1lex Crivill\u00e9, estuvimos en las victorias de Pedrosa y los t\u00edtulos de M\u00e1rquez, acompa\u00f1amos en \u00c1frica a Nani Roma y Marc Coma en sus conquistas del Dakar y hemos vibrado con los t\u00edtulos de Toni Bou en Trial. Adem\u00e1s, en nuestro equipo contamos con expertos en el mundo de las dos y cuatro ruedas tanto de la calle y las carreteras, como de los circuitos. Periodistas que han trabajado en revistas y publicaciones para hacerte llegar desde rutas y consejos de mantenimiento, a curiosidades y trucos de pilotaje.\",\"sameAs\":[\"https:\\\/\\\/www.facebook.com\\\/BoxRepsol\\\/\",\"https:\\\/\\\/www.instagram.com\\\/box_repsol\\\/\",\"https:\\\/\\\/x.com\\\/https:\\\/\\\/twitter.com\\\/box_repsol\",\"https:\\\/\\\/www.youtube.com\\\/@Boxrepsol\"],\"url\":\"https:\\\/\\\/www.boxrepsol.com\\\/es\\\/author\\\/redaccion-box-repsol\\\/\"}]}<\/script>\n<!-- \/ Yoast SEO plugin. -->","yoast_head_json":{"title":"El combustible renovable de Repsol sube a lo m\u00e1s alto del Rally Dakar con la victoria y el liderato de Seth Quintero - Box Repsol","canonical":"https:\/\/www.boxrepsol.com\/es\/rally\/el-combustible-renovable-de-repsol-sube-a-lo-mas-alto-del-rally-dakar-con-la-victoria-y-el-liderato-de-seth-quintero\/","og_locale":"es_ES","og_type":"article","og_title":"El combustible renovable de Repsol sube a lo m\u00e1s alto del Rally Dakar con la victoria y el liderato de Seth Quintero - Box Repsol","og_description":"El piloto del Toyota Gazoo Racing se hace con la victoria de la primera etapa del Rally Dakar 2025, la segunda lograda con los combustibles renovables de Repsol y permitiendo liderar el rally m\u00e1s duro del planeta en el inicio de la nueva alianza tecnol\u00f3gica entre Toyota y Repsol.","og_url":"https:\/\/www.boxrepsol.com\/es\/rally\/el-combustible-renovable-de-repsol-sube-a-lo-mas-alto-del-rally-dakar-con-la-victoria-y-el-liderato-de-seth-quintero\/","og_site_name":"Box Repsol","article_publisher":"https:\/\/www.facebook.com\/BoxRepsol","article_author":"https:\/\/www.facebook.com\/BoxRepsol\/","article_published_time":"2025-01-04T21:40:00+00:00","article_modified_time":"2025-01-14T15:46:41+00:00","og_image":[{"width":1200,"height":600,"url":"https:\/\/bxrepsol.s3.eu-west-1.amazonaws.com\/static\/2025\/01\/14114615\/MM_250104_Dakar_4763compr-scaled-1.jpg","type":"image\/jpeg"}],"author":"Redacci\u00f3n Box Repsol","twitter_card":"summary_large_image","twitter_creator":"@https:\/\/twitter.com\/box_repsol","twitter_site":"@box_repsol","twitter_misc":{"Written by":"Redacci\u00f3n Box Repsol","Est. reading time":"2 minutos"},"schema":{"@context":"https:\/\/schema.org","@graph":[{"@type":"Article","@id":"https:\/\/www.boxrepsol.com\/es\/rally\/el-combustible-renovable-de-repsol-sube-a-lo-mas-alto-del-rally-dakar-con-la-victoria-y-el-liderato-de-seth-quintero\/#article","isPartOf":{"@id":"https:\/\/www.boxrepsol.com\/es\/rally\/el-combustible-renovable-de-repsol-sube-a-lo-mas-alto-del-rally-dakar-con-la-victoria-y-el-liderato-de-seth-quintero\/"},"author":{"name":"Redacci\u00f3n Box Repsol","@id":"https:\/\/www.boxrepsol.com\/es\/#\/schema\/person\/c5c2138f2cca251b0ad92b7086bb60b7"},"headline":"El combustible renovable de Repsol sube a lo m\u00e1s alto del Rally Dakar con la victoria y el liderato de Seth Quintero","datePublished":"2025-01-04T21:40:00+00:00","dateModified":"2025-01-14T15:46:41+00:00","mainEntityOfPage":{"@id":"https:\/\/www.boxrepsol.com\/es\/rally\/el-combustible-renovable-de-repsol-sube-a-lo-mas-alto-del-rally-dakar-con-la-victoria-y-el-liderato-de-seth-quintero\/"},"wordCount":360,"commentCount":0,"publisher":{"@id":"https:\/\/www.boxrepsol.com\/es\/#organization"},"image":{"@id":"https:\/\/www.boxrepsol.com\/es\/rally\/el-combustible-renovable-de-repsol-sube-a-lo-mas-alto-del-rally-dakar-con-la-victoria-y-el-liderato-de-seth-quintero\/#primaryimage"},"thumbnailUrl":"https:\/\/bxrepsol.s3.eu-west-1.amazonaws.com\/static\/2025\/01\/14114615\/MM_250104_Dakar_4763compr-scaled-1.jpg","articleSection":["Rally"],"inLanguage":"es","potentialAction":[{"@type":"CommentAction","name":"Comment","target":["https:\/\/www.boxrepsol.com\/es\/rally\/el-combustible-renovable-de-repsol-sube-a-lo-mas-alto-del-rally-dakar-con-la-victoria-y-el-liderato-de-seth-quintero\/#respond"]}]},{"@type":"WebPage","@id":"https:\/\/www.boxrepsol.com\/es\/rally\/el-combustible-renovable-de-repsol-sube-a-lo-mas-alto-del-rally-dakar-con-la-victoria-y-el-liderato-de-seth-quintero\/","url":"https:\/\/www.boxrepsol.com\/es\/rally\/el-combustible-renovable-de-repsol-sube-a-lo-mas-alto-del-rally-dakar-con-la-victoria-y-el-liderato-de-seth-quintero\/","name":"El combustible renovable de Repsol sube a lo m\u00e1s alto del Rally Dakar con la victoria y el liderato de Seth Quintero - Box Repsol","isPartOf":{"@id":"https:\/\/www.boxrepsol.com\/es\/#website"},"primaryImageOfPage":{"@id":"https:\/\/www.boxrepsol.com\/es\/rally\/el-combustible-renovable-de-repsol-sube-a-lo-mas-alto-del-rally-dakar-con-la-victoria-y-el-liderato-de-seth-quintero\/#primaryimage"},"image":{"@id":"https:\/\/www.boxrepsol.com\/es\/rally\/el-combustible-renovable-de-repsol-sube-a-lo-mas-alto-del-rally-dakar-con-la-victoria-y-el-liderato-de-seth-quintero\/#primaryimage"},"thumbnailUrl":"https:\/\/bxrepsol.s3.eu-west-1.amazonaws.com\/static\/2025\/01\/14114615\/MM_250104_Dakar_4763compr-scaled-1.jpg","datePublished":"2025-01-04T21:40:00+00:00","dateModified":"2025-01-14T15:46:41+00:00","breadcrumb":{"@id":"https:\/\/www.boxrepsol.com\/es\/rally\/el-combustible-renovable-de-repsol-sube-a-lo-mas-alto-del-rally-dakar-con-la-victoria-y-el-liderato-de-seth-quintero\/#breadcrumb"},"inLanguage":"es","potentialAction":[{"@type":"ReadAction","target":["https:\/\/www.boxrepsol.com\/es\/rally\/el-combustible-renovable-de-repsol-sube-a-lo-mas-alto-del-rally-dakar-con-la-victoria-y-el-liderato-de-seth-quintero\/"]}]},{"@type":"ImageObject","inLanguage":"es","@id":"https:\/\/www.boxrepsol.com\/es\/rally\/el-combustible-renovable-de-repsol-sube-a-lo-mas-alto-del-rally-dakar-con-la-victoria-y-el-liderato-de-seth-quintero\/#primaryimage","url":"https:\/\/bxrepsol.s3.eu-west-1.amazonaws.com\/static\/2025\/01\/14114615\/MM_250104_Dakar_4763compr-scaled-1.jpg","contentUrl":"https:\/\/bxrepsol.s3.eu-west-1.amazonaws.com\/static\/2025\/01\/14114615\/MM_250104_Dakar_4763compr-scaled-1.jpg","width":1200,"height":600},{"@type":"BreadcrumbList","@id":"https:\/\/www.boxrepsol.com\/es\/rally\/el-combustible-renovable-de-repsol-sube-a-lo-mas-alto-del-rally-dakar-con-la-victoria-y-el-liderato-de-seth-quintero\/#breadcrumb","itemListElement":[{"@type":"ListItem","position":1,"name":"Home","item":"https:\/\/www.boxrepsol.com\/es\/"},{"@type":"ListItem","position":2,"name":"El combustible renovable de Repsol sube a lo m\u00e1s alto del Rally Dakar con la victoria y el liderato de Seth Quintero"}]},{"@type":"WebSite","@id":"https:\/\/www.boxrepsol.com\/es\/#website","url":"https:\/\/www.boxrepsol.com\/es\/","name":"Box Repsol","description":"Box Repsol Site","publisher":{"@id":"https:\/\/www.boxrepsol.com\/es\/#organization"},"potentialAction":[{"@type":"SearchAction","target":{"@type":"EntryPoint","urlTemplate":"https:\/\/www.boxrepsol.com\/es\/?s={search_term_string}"},"query-input":{"@type":"PropertyValueSpecification","valueRequired":true,"valueName":"search_term_string"}}],"inLanguage":"es"},{"@type":"Organization","@id":"https:\/\/www.boxrepsol.com\/es\/#organization","name":"Box Repsol","url":"https:\/\/www.boxrepsol.com\/es\/","logo":{"@type":"ImageObject","inLanguage":"es","@id":"https:\/\/www.boxrepsol.com\/es\/#\/schema\/logo\/image\/","url":"https:\/\/bxrepsol.s3.eu-west-1.amazonaws.com\/static\/2025\/07\/30083337\/favicon-96x96-1.png","contentUrl":"https:\/\/bxrepsol.s3.eu-west-1.amazonaws.com\/static\/2025\/07\/30083337\/favicon-96x96-1.png","width":96,"height":96,"caption":"Box Repsol"},"image":{"@id":"https:\/\/www.boxrepsol.com\/es\/#\/schema\/logo\/image\/"},"sameAs":["https:\/\/www.facebook.com\/BoxRepsol","https:\/\/x.com\/box_repsol","http:\/\/instagram.com\/box_repsol","https:\/\/www.youtube.com\/user\/RepsolCompeticion","https:\/\/www.flickr.com\/photos\/box_repsol\/"]},{"@type":"Person","@id":"https:\/\/www.boxrepsol.com\/es\/#\/schema\/person\/c5c2138f2cca251b0ad92b7086bb60b7","name":"Redacci\u00f3n Box Repsol","image":{"@type":"ImageObject","inLanguage":"es","@id":"https:\/\/secure.gravatar.com\/avatar\/adf7b77e38b4419baf32c7e9c21dde01f4e40df611f0978e3006fc4ba0aaab7e?s=96&d=mm&r=g","url":"https:\/\/secure.gravatar.com\/avatar\/adf7b77e38b4419baf32c7e9c21dde01f4e40df611f0978e3006fc4ba0aaab7e?s=96&d=mm&r=g","contentUrl":"https:\/\/secure.gravatar.com\/avatar\/adf7b77e38b4419baf32c7e9c21dde01f4e40df611f0978e3006fc4ba0aaab7e?s=96&d=mm&r=g","caption":"Redacci\u00f3n Box Repsol"},"description":"Box Repsol lo forma un equipo de periodistas, community managers, dise\u00f1adores y fot\u00f3grafos con m\u00e1s de 20 a\u00f1os de experiencia en el mundo del motorsport. Hemos vivido el primer mundial de un espa\u00f1ol en la categor\u00eda reina de motociclismo con \u00c1lex Crivill\u00e9, estuvimos en las victorias de Pedrosa y los t\u00edtulos de M\u00e1rquez, acompa\u00f1amos en \u00c1frica a Nani Roma y Marc Coma en sus conquistas del Dakar y hemos vibrado con los t\u00edtulos de Toni Bou en Trial. Adem\u00e1s, en nuestro equipo contamos con expertos en el mundo de las dos y cuatro ruedas tanto de la calle y las carreteras, como de los circuitos. Periodistas que han trabajado en revistas y publicaciones para hacerte llegar desde rutas y consejos de mantenimiento, a curiosidades y trucos de pilotaje.","sameAs":["https:\/\/www.facebook.com\/BoxRepsol\/","https:\/\/www.instagram.com\/box_repsol\/","https:\/\/x.com\/https:\/\/twitter.com\/box_repsol","https:\/\/www.youtube.com\/@Boxrepsol"],"url":"https:\/\/www.boxrepsol.com\/es\/author\/redaccion-box-repsol\/"}]}},"_links":{"self":[{"href":"https:\/\/www.boxrepsol.com\/es\/wp-json\/wp\/v2\/posts\/123319","targetHints":{"allow":["GET"]}}],"collection":[{"href":"https:\/\/www.boxrepsol.com\/es\/wp-json\/wp\/v2\/posts"}],"about":[{"href":"https:\/\/www.boxrepsol.com\/es\/wp-json\/wp\/v2\/types\/post"}],"author":[{"embeddable":true,"href":"https:\/\/www.boxrepsol.com\/es\/wp-json\/wp\/v2\/users\/43146"}],"replies":[{"embeddable":true,"href":"https:\/\/www.boxrepsol.com\/es\/wp-json\/wp\/v2\/comments?post=123319"}],"version-history":[{"count":2,"href":"https:\/\/www.boxrepsol.com\/es\/wp-json\/wp\/v2\/posts\/123319\/revisions"}],"predecessor-version":[{"id":123333,"href":"https:\/\/www.boxrepsol.com\/es\/wp-json\/wp\/v2\/posts\/123319\/revisions\/123333"}],"wp:featuredmedia":[{"embeddable":true,"href":"https:\/\/www.boxrepsol.com\/es\/wp-json\/wp\/v2\/media\/123330"}],"wp:attachment":[{"href":"https:\/\/www.boxrepsol.com\/es\/wp-json\/wp\/v2\/media?parent=123319"}],"wp:term":[{"taxonomy":"category","embeddable":true,"href":"https:\/\/www.boxrepsol.com\/es\/wp-json\/wp\/v2\/categories?post=123319"},{"taxonomy":"post_tag","embeddable":true,"href":"https:\/\/www.boxrepsol.com\/es\/wp-json\/wp\/v2\/tags?post=123319"}],"curies":[{"name":"wp","href":"https:\/\/api.w.org\/{rel}","templated":true}]}}