{"id":123229,"date":"2025-01-11T19:00:26","date_gmt":"2025-01-11T21:00:26","guid":{"rendered":"https:\/\/www.boxrepsol.com\/?p=123229"},"modified":"2025-01-17T13:42:47","modified_gmt":"2025-01-17T15:42:47","slug":"resultados-y-resumen-del-x-trial-de-chambery-2025","status":"publish","type":"post","link":"https:\/\/www.boxrepsol.com\/es\/trial\/resultados-y-resumen-del-x-trial-de-chambery-2025\/","title":{"rendered":"Resultados y resumen del X-Trial de Chamb\u00e9ry 2025"},"content":{"rendered":"<figure class=\"wp-block-post-featured-image\"><img loading=\"lazy\" decoding=\"async\" width=\"1200\" height=\"600\" src=\"https:\/\/bxrepsol.s3.eu-west-1.amazonaws.com\/static\/2025\/01\/11190003\/WhatsApp-Image-2025-01-11-at-21.53.24.png\" class=\"attachment-post-thumbnail size-post-thumbnail wp-post-image\" alt=\"\" style=\"object-fit:cover;\" srcset=\"https:\/\/bxrepsol.s3.eu-west-1.amazonaws.com\/static\/2025\/01\/11190003\/WhatsApp-Image-2025-01-11-at-21.53.24.png 1200w, https:\/\/bxrepsol.s3.eu-west-1.amazonaws.com\/static\/2025\/01\/11190003\/WhatsApp-Image-2025-01-11-at-21.53.24-300x150.png 300w, https:\/\/bxrepsol.s3.eu-west-1.amazonaws.com\/static\/2025\/01\/11190003\/WhatsApp-Image-2025-01-11-at-21.53.24-1024x512.png 1024w, https:\/\/bxrepsol.s3.eu-west-1.amazonaws.com\/static\/2025\/01\/11190003\/WhatsApp-Image-2025-01-11-at-21.53.24-768x384.png 768w\" sizes=\"auto, (max-width: 1200px) 100vw, 1200px\" \/><\/figure>\n\n\n<p>El campeonato sobre techo de trial ha regresado la acci\u00f3n con la primera prueba del a\u00f1o en <strong>Chamb\u00e9ry<\/strong>, Francia. Tras la primera ronda de la temporada de <strong>X-Trial<\/strong> en Madrid, el pasado mes de diciembre, los del Repsol Honda HRC de trial han llegado a Francia con el claro objetivo de mejorar sus sensaciones ante el nuevo formato de la competici\u00f3n, trasladado en dos posiciones de podio.<\/p>\n\n\n\n<p>En el paso por la Qualy, primera toma de contacto de la noche, Toni Bou y Gabriel Marcelli han cosechado un buen resultado que les ha permitido pasar directos a la final, junto al piloto Adam Raga. Tras el denominado &#8216;Last Chance&#8217;, Jaime Busto ha logrado colarse en la final junto a sus m\u00e1ximos rivales. <\/p>\n\n\n\n<div id=\"ez-toc-container\" class=\"ez-toc-v2_0_82_2 counter-hierarchy ez-toc-counter ez-toc-grey ez-toc-container-direction\">\n<div class=\"ez-toc-title-container\">\n<p class=\"ez-toc-title\" style=\"cursor:inherit\">\u00cdndice<\/p>\n<span class=\"ez-toc-title-toggle\"><a href=\"#\" class=\"ez-toc-pull-right ez-toc-btn ez-toc-btn-xs ez-toc-btn-default ez-toc-toggle\" aria-label=\"Toggle Table of Content\"><span class=\"ez-toc-js-icon-con\"><span class=\"\"><span class=\"eztoc-hide\" style=\"display:none;\">Toggle<\/span><span class=\"ez-toc-icon-toggle-span\"><svg style=\"fill: #999;color:#999\" xmlns=\"http:\/\/www.w3.org\/2000\/svg\" class=\"list-377408\" width=\"20px\" height=\"20px\" viewBox=\"0 0 24 24\" fill=\"none\"><path d=\"M6 6H4v2h2V6zm14 0H8v2h12V6zM4 11h2v2H4v-2zm16 0H8v2h12v-2zM4 16h2v2H4v-2zm16 0H8v2h12v-2z\" fill=\"currentColor\"><\/path><\/svg><svg style=\"fill: #999;color:#999\" class=\"arrow-unsorted-368013\" xmlns=\"http:\/\/www.w3.org\/2000\/svg\" width=\"10px\" height=\"10px\" viewBox=\"0 0 24 24\" version=\"1.2\" baseProfile=\"tiny\"><path d=\"M18.2 9.3l-6.2-6.3-6.2 6.3c-.2.2-.3.4-.3.7s.1.5.3.7c.2.2.4.3.7.3h11c.3 0 .5-.1.7-.3.2-.2.3-.5.3-.7s-.1-.5-.3-.7zM5.8 14.7l6.2 6.3 6.2-6.3c.2-.2.3-.5.3-.7s-.1-.5-.3-.7c-.2-.2-.4-.3-.7-.3h-11c-.3 0-.5.1-.7.3-.2.2-.3.5-.3.7s.1.5.3.7z\"\/><\/svg><\/span><\/span><\/span><\/a><\/span><\/div>\n<nav><ul class='ez-toc-list ez-toc-list-level-1 ' ><ul class='ez-toc-list-level-3' ><li class='ez-toc-heading-level-3'><a class=\"ez-toc-link ez-toc-heading-1\" href=\"https:\/\/www.boxrepsol.com\/es\/trial\/resultados-y-resumen-del-x-trial-de-chambery-2025\/#Noche_positiva_para_los_pilotos_del_Repsol_Honda_HRC\" >Noche positiva para los pilotos del Repsol Honda HRC<\/a><\/li><\/ul><\/li><li class='ez-toc-page-1 ez-toc-heading-level-2'><a class=\"ez-toc-link ez-toc-heading-2\" href=\"https:\/\/www.boxrepsol.com\/es\/trial\/resultados-y-resumen-del-x-trial-de-chambery-2025\/#Clasificacion_X-Trial_Chambery\" >Clasificaci\u00f3n X-Trial Chamb\u00e9ry<\/a><\/li><li class='ez-toc-page-1 ez-toc-heading-level-2'><a class=\"ez-toc-link ez-toc-heading-3\" href=\"https:\/\/www.boxrepsol.com\/es\/trial\/resultados-y-resumen-del-x-trial-de-chambery-2025\/#Clasificacion_general_X-Trial\" >Clasificaci\u00f3n general X-Trial<\/a><\/li><li class='ez-toc-page-1 ez-toc-heading-level-2'><a class=\"ez-toc-link ez-toc-heading-4\" href=\"https:\/\/www.boxrepsol.com\/es\/trial\/resultados-y-resumen-del-x-trial-de-chambery-2025\/#Declaraciones\" >Declaraciones<\/a><ul class='ez-toc-list-level-3' ><li class='ez-toc-heading-level-3'><a class=\"ez-toc-link ez-toc-heading-5\" href=\"https:\/\/www.boxrepsol.com\/es\/trial\/resultados-y-resumen-del-x-trial-de-chambery-2025\/#Toni_Bou\" >Toni Bou<\/a><\/li><li class='ez-toc-page-1 ez-toc-heading-level-3'><a class=\"ez-toc-link ez-toc-heading-6\" href=\"https:\/\/www.boxrepsol.com\/es\/trial\/resultados-y-resumen-del-x-trial-de-chambery-2025\/#Gabri_Marcelli\" >Gabri Marcelli<\/a><\/li><\/ul><\/li><\/ul><\/nav><\/div>\n<h3 class=\"wp-block-heading\"><span class=\"ez-toc-section\" id=\"Noche_positiva_para_los_pilotos_del_Repsol_Honda_HRC\"><\/span><strong>Noche positiva para los pilotos del Repsol Honda HRC <\/strong><span class=\"ez-toc-section-end\"><\/span><\/h3>\n\n\n\n<p><strong>Toni Bou<\/strong> ha iniciado la ronda final con uno solo punto de penalizaci\u00f3n sobre sus rivales, los cuales se anotaban 5 puntos. El del <strong>Repsol Honda HRC <\/strong>ha seguido demostrando su alto nivel en el resto de sectores y, ha logrado as\u00ed, quitarse el sabor agridulce que le dej\u00f3 la prueba madrile\u00f1a con una<strong> nueva victoria <\/strong>en su palmar\u00e9s. <\/p>\n\n\n\n<p>Por su parte, <strong>Gabriel Marcelli<\/strong> ha dado un paso adelante respecto a la \u00faltima prueba, consiguiendo desde el inicio hacerse un hueco en la apretada ronda final. El piloto gallego ha luchado hasta los \u00faltimos compases y finalmente ha cerrado la noche con una<strong> tercera posici\u00f3n<\/strong>, siendo este el primer podio de la temporada para el gallego. <\/p>\n\n\n\n<p>La pr\u00f3xima ronda tendr\u00e1 lugar la pr\u00f3xima semana. Sin apenas tiempo para descansar, el campeonato volver\u00e1 a Francia con una tercera ronda disputada en <strong>Clermont-Ferrand<\/strong>, el viernes <strong>17 de enero<\/strong>.<\/p>\n\n\n\n<h2 class=\"wp-block-heading\"><span class=\"ez-toc-section\" id=\"Clasificacion_X-Trial_Chambery\"><\/span><strong>Clasificaci\u00f3n X-Trial Chamb\u00e9ry<\/strong><span class=\"ez-toc-section-end\"><\/span><\/h2>\n\n\n\n<figure class=\"wp-block-table is-style-stripes\"><table><tbody><tr><td><strong>PILOTO<\/strong><\/td><td><strong>EQUIPO<\/strong><\/td><td><strong>PUNTOS<\/strong><\/td><\/tr><tr><td><strong>1. Toni Bou<\/strong><\/td><td><strong>REPSOL HONDA<\/strong><\/td><td><strong>20<\/strong><\/td><\/tr><tr><td>2. Jaime Busto<\/td><td>GASGAS<\/td><td>15<\/td><\/tr><tr><td><strong>3. Gabri Marcelli<\/strong><\/td><td><strong>REPSOL HONDA<\/strong><\/td><td><strong>12<\/strong><\/td><\/tr><tr><td>4. Adam Raga<\/td><td>SHERCO<\/td><td>9<\/td><\/tr><tr><td>5. Beno\u00eet Bincaz<\/td><td>SHERCO<\/td><td>6<\/td><\/tr><tr><td>6. Lorenzo Gandola<\/td><td>BETA<\/td><td>4<\/td><\/tr><tr><td>7. Hugo Dufrese<\/td><td>BETA<\/td><td>2<\/td><\/tr><tr><td>8. Harry Hemingway<\/td><td>BETA<\/td><td>1<\/td><\/tr><\/tbody><\/table><\/figure>\n\n\n\n<p><\/p>\n\n\n\n<h2 class=\"wp-block-heading\"><span class=\"ez-toc-section\" id=\"Clasificacion_general_X-Trial\"><\/span><strong>Clasificaci\u00f3n general X-Trial<\/strong><span class=\"ez-toc-section-end\"><\/span><\/h2>\n\n\n\n<figure class=\"wp-block-table is-style-stripes\"><table><tbody><tr><td><strong>PILOTO<\/strong><\/td><td><strong>EQUIPO<\/strong><\/td><td><strong>PUNTOS<\/strong><\/td><\/tr><tr><td><strong>1. Toni Bou<\/strong><\/td><td><strong>REPSOL HONDA<\/strong><\/td><td><strong>35<\/strong><\/td><\/tr><tr><td>2. Jaime Busto<\/td><td>GASGAS<\/td><td>35<\/td><\/tr><tr><td>3. Adam Raga<\/td><td>SHERCO<\/td><td>21<\/td><\/tr><tr><td><strong>4. Gabri Marcelli<\/strong><\/td><td><strong>REPSOL HONDA<\/strong><\/td><td><strong>18<\/strong><\/td><\/tr><tr><td>5.  Beno\u00eet Bincaz<\/td><td>SHERCO<\/td><td>15<\/td><\/tr><tr><td>6. Sondre Haga<\/td><td>GASGAS<\/td><td>4<\/td><\/tr><tr><td>7. Lorenzo Gandola<\/td><td>BETA<\/td><td>4<\/td><\/tr><tr><td>8. Hugo Dufrese<\/td><td>BETA<\/td><td>2<\/td><\/tr><tr><td>9. Jack Peace<\/td><td>SHERCO<\/td><td>2<\/td><\/tr><tr><td>10. Miquel Gelabert<\/td><td>VERTIGO<\/td><td>1<\/td><\/tr><tr><td>11. Harry Hemingway<\/td><td>BETA<\/td><td>1<\/td><\/tr><\/tbody><\/table><\/figure>\n\n\n\n<p><\/p>\n\n\n\n<h2 class=\"wp-block-heading\"><span class=\"ez-toc-section\" id=\"Declaraciones\"><\/span><strong>Declaraciones<\/strong><span class=\"ez-toc-section-end\"><\/span><\/h2>\n\n\n\n<h3 class=\"wp-block-heading\"><span class=\"ez-toc-section\" id=\"Toni_Bou\"><\/span><strong>Toni Bou<\/strong><span class=\"ez-toc-section-end\"><\/span><\/h3>\n\n\n\n<p>\u00abHoy estoy muy contento creo que despu\u00e9s de la ronda en Madrid todo el equipo merec\u00edamos este resultado. Hemos trabajado much\u00edsimo estas semanas y se ha visto reflejado. La carrera ha ido muy bien y ha sido una final incre\u00edble. Me he notado s\u00faper c\u00f3modo desde el principio y sabemos que este es el camino a seguir. Agradecer al equipo por todo el trabajo que han hecho despu\u00e9s de Madrid para estar aqu\u00ed a tope\u00bb.<\/p>\n\n\n\n<h3 class=\"wp-block-heading\"><span class=\"ez-toc-section\" id=\"Gabri_Marcelli\"><\/span><strong>Gabri Marcelli<\/strong><span class=\"ez-toc-section-end\"><\/span><\/h3>\n\n\n\n<p>\u00abEstoy contento con el resultado de hoy. Llevaba un par de carreras en las que no terminaba de encontrarme muy bien y volver al podio es s\u00faper positivo, aunque siempre buscamos un poco m\u00e1s. La carrera ha ido bien, he hecho una buena primera vuelta y he conseguido clasificarme para la final. Ha sido un buen fin de semana y quiero dar las gracias al equipo por su trabajo\u201d.<\/p>\n","protected":false},"excerpt":{"rendered":"<p>Los pilotos del Repsol Honda HRC se suben al podio en la primera prueba del a\u00f1o en la disciplina de X-Trial<\/p>\n","protected":false},"author":43146,"featured_media":123232,"comment_status":"open","ping_status":"closed","sticky":false,"template":"","format":"standard","meta":{"footnotes":""},"categories":[23],"tags":[203,21,541,540],"class_list":["post-123229","post","type-post","status-publish","format-standard","hentry","category-trial","tag-gabri-marcelli","tag-toni-bou","tag-trial-chambery","tag-x-trial-2025"],"yoast_head":"<!-- This site is optimized with the Yoast SEO plugin v27.3 - https:\/\/yoast.com\/product\/yoast-seo-wordpress\/ -->\n<title>Resultados y resumen del X-Trial de Chamb\u00e9ry 2025 - Box Repsol<\/title>\n<link rel=\"canonical\" href=\"https:\/\/www.boxrepsol.com\/es\/trial\/resultados-y-resumen-del-x-trial-de-chambery-2025\/\" \/>\n<meta property=\"og:locale\" content=\"es_ES\" \/>\n<meta property=\"og:type\" content=\"article\" \/>\n<meta property=\"og:title\" content=\"Resultados y resumen del X-Trial de Chamb\u00e9ry 2025 - Box Repsol\" \/>\n<meta property=\"og:description\" content=\"Los pilotos del Repsol Honda HRC se suben al podio en la primera prueba del a\u00f1o en la disciplina de X-Trial\" \/>\n<meta property=\"og:url\" content=\"https:\/\/www.boxrepsol.com\/es\/trial\/resultados-y-resumen-del-x-trial-de-chambery-2025\/\" \/>\n<meta property=\"og:site_name\" content=\"Box Repsol\" \/>\n<meta property=\"article:publisher\" content=\"https:\/\/www.facebook.com\/BoxRepsol\" \/>\n<meta property=\"article:author\" content=\"https:\/\/www.facebook.com\/BoxRepsol\/\" \/>\n<meta property=\"article:published_time\" content=\"2025-01-11T21:00:26+00:00\" \/>\n<meta property=\"article:modified_time\" content=\"2025-01-17T15:42:47+00:00\" \/>\n<meta property=\"og:image\" content=\"https:\/\/bxrepsol.s3.eu-west-1.amazonaws.com\/static\/2025\/01\/11190003\/WhatsApp-Image-2025-01-11-at-21.53.24.png\" \/>\n\t<meta property=\"og:image:width\" content=\"1200\" \/>\n\t<meta property=\"og:image:height\" content=\"600\" \/>\n\t<meta property=\"og:image:type\" content=\"image\/png\" \/>\n<meta name=\"author\" content=\"Redacci\u00f3n Box Repsol\" \/>\n<meta name=\"twitter:card\" content=\"summary_large_image\" \/>\n<meta name=\"twitter:creator\" content=\"@https:\/\/twitter.com\/box_repsol\" \/>\n<meta name=\"twitter:site\" content=\"@box_repsol\" \/>\n<meta name=\"twitter:label1\" content=\"Written by\" \/>\n\t<meta name=\"twitter:data1\" content=\"Redacci\u00f3n Box Repsol\" \/>\n\t<meta name=\"twitter:label2\" content=\"Est. reading time\" \/>\n\t<meta name=\"twitter:data2\" content=\"2 minutos\" \/>\n<script type=\"application\/ld+json\" class=\"yoast-schema-graph\">{\"@context\":\"https:\\\/\\\/schema.org\",\"@graph\":[{\"@type\":\"Article\",\"@id\":\"https:\\\/\\\/www.boxrepsol.com\\\/es\\\/trial\\\/resultados-y-resumen-del-x-trial-de-chambery-2025\\\/#article\",\"isPartOf\":{\"@id\":\"https:\\\/\\\/www.boxrepsol.com\\\/es\\\/trial\\\/resultados-y-resumen-del-x-trial-de-chambery-2025\\\/\"},\"author\":{\"name\":\"Redacci\u00f3n Box Repsol\",\"@id\":\"https:\\\/\\\/www.boxrepsol.com\\\/es\\\/#\\\/schema\\\/person\\\/c5c2138f2cca251b0ad92b7086bb60b7\"},\"headline\":\"Resultados y resumen del X-Trial de Chamb\u00e9ry 2025\",\"datePublished\":\"2025-01-11T21:00:26+00:00\",\"dateModified\":\"2025-01-17T15:42:47+00:00\",\"mainEntityOfPage\":{\"@id\":\"https:\\\/\\\/www.boxrepsol.com\\\/es\\\/trial\\\/resultados-y-resumen-del-x-trial-de-chambery-2025\\\/\"},\"wordCount\":530,\"commentCount\":0,\"publisher\":{\"@id\":\"https:\\\/\\\/www.boxrepsol.com\\\/es\\\/#organization\"},\"image\":{\"@id\":\"https:\\\/\\\/www.boxrepsol.com\\\/es\\\/trial\\\/resultados-y-resumen-del-x-trial-de-chambery-2025\\\/#primaryimage\"},\"thumbnailUrl\":\"https:\\\/\\\/bxrepsol.s3.eu-west-1.amazonaws.com\\\/static\\\/2025\\\/01\\\/11190003\\\/WhatsApp-Image-2025-01-11-at-21.53.24.png\",\"keywords\":[\"Gabri Marcelli\",\"Toni Bou\",\"Trial Chamb\u00e9ry\",\"X-Trial 2025\"],\"articleSection\":[\"Trial\"],\"inLanguage\":\"es\",\"potentialAction\":[{\"@type\":\"CommentAction\",\"name\":\"Comment\",\"target\":[\"https:\\\/\\\/www.boxrepsol.com\\\/es\\\/trial\\\/resultados-y-resumen-del-x-trial-de-chambery-2025\\\/#respond\"]}]},{\"@type\":\"WebPage\",\"@id\":\"https:\\\/\\\/www.boxrepsol.com\\\/es\\\/trial\\\/resultados-y-resumen-del-x-trial-de-chambery-2025\\\/\",\"url\":\"https:\\\/\\\/www.boxrepsol.com\\\/es\\\/trial\\\/resultados-y-resumen-del-x-trial-de-chambery-2025\\\/\",\"name\":\"Resultados y resumen del X-Trial de Chamb\u00e9ry 2025 - Box Repsol\",\"isPartOf\":{\"@id\":\"https:\\\/\\\/www.boxrepsol.com\\\/es\\\/#website\"},\"primaryImageOfPage\":{\"@id\":\"https:\\\/\\\/www.boxrepsol.com\\\/es\\\/trial\\\/resultados-y-resumen-del-x-trial-de-chambery-2025\\\/#primaryimage\"},\"image\":{\"@id\":\"https:\\\/\\\/www.boxrepsol.com\\\/es\\\/trial\\\/resultados-y-resumen-del-x-trial-de-chambery-2025\\\/#primaryimage\"},\"thumbnailUrl\":\"https:\\\/\\\/bxrepsol.s3.eu-west-1.amazonaws.com\\\/static\\\/2025\\\/01\\\/11190003\\\/WhatsApp-Image-2025-01-11-at-21.53.24.png\",\"datePublished\":\"2025-01-11T21:00:26+00:00\",\"dateModified\":\"2025-01-17T15:42:47+00:00\",\"breadcrumb\":{\"@id\":\"https:\\\/\\\/www.boxrepsol.com\\\/es\\\/trial\\\/resultados-y-resumen-del-x-trial-de-chambery-2025\\\/#breadcrumb\"},\"inLanguage\":\"es\",\"potentialAction\":[{\"@type\":\"ReadAction\",\"target\":[\"https:\\\/\\\/www.boxrepsol.com\\\/es\\\/trial\\\/resultados-y-resumen-del-x-trial-de-chambery-2025\\\/\"]}]},{\"@type\":\"ImageObject\",\"inLanguage\":\"es\",\"@id\":\"https:\\\/\\\/www.boxrepsol.com\\\/es\\\/trial\\\/resultados-y-resumen-del-x-trial-de-chambery-2025\\\/#primaryimage\",\"url\":\"https:\\\/\\\/bxrepsol.s3.eu-west-1.amazonaws.com\\\/static\\\/2025\\\/01\\\/11190003\\\/WhatsApp-Image-2025-01-11-at-21.53.24.png\",\"contentUrl\":\"https:\\\/\\\/bxrepsol.s3.eu-west-1.amazonaws.com\\\/static\\\/2025\\\/01\\\/11190003\\\/WhatsApp-Image-2025-01-11-at-21.53.24.png\",\"width\":1200,\"height\":600},{\"@type\":\"BreadcrumbList\",\"@id\":\"https:\\\/\\\/www.boxrepsol.com\\\/es\\\/trial\\\/resultados-y-resumen-del-x-trial-de-chambery-2025\\\/#breadcrumb\",\"itemListElement\":[{\"@type\":\"ListItem\",\"position\":1,\"name\":\"Home\",\"item\":\"https:\\\/\\\/www.boxrepsol.com\\\/es\\\/\"},{\"@type\":\"ListItem\",\"position\":2,\"name\":\"Resultados y resumen del X-Trial de Chamb\u00e9ry 2025\"}]},{\"@type\":\"WebSite\",\"@id\":\"https:\\\/\\\/www.boxrepsol.com\\\/es\\\/#website\",\"url\":\"https:\\\/\\\/www.boxrepsol.com\\\/es\\\/\",\"name\":\"Box Repsol\",\"description\":\"Box Repsol Site\",\"publisher\":{\"@id\":\"https:\\\/\\\/www.boxrepsol.com\\\/es\\\/#organization\"},\"potentialAction\":[{\"@type\":\"SearchAction\",\"target\":{\"@type\":\"EntryPoint\",\"urlTemplate\":\"https:\\\/\\\/www.boxrepsol.com\\\/es\\\/?s={search_term_string}\"},\"query-input\":{\"@type\":\"PropertyValueSpecification\",\"valueRequired\":true,\"valueName\":\"search_term_string\"}}],\"inLanguage\":\"es\"},{\"@type\":\"Organization\",\"@id\":\"https:\\\/\\\/www.boxrepsol.com\\\/es\\\/#organization\",\"name\":\"Box Repsol\",\"url\":\"https:\\\/\\\/www.boxrepsol.com\\\/es\\\/\",\"logo\":{\"@type\":\"ImageObject\",\"inLanguage\":\"es\",\"@id\":\"https:\\\/\\\/www.boxrepsol.com\\\/es\\\/#\\\/schema\\\/logo\\\/image\\\/\",\"url\":\"https:\\\/\\\/bxrepsol.s3.eu-west-1.amazonaws.com\\\/static\\\/2025\\\/07\\\/30083337\\\/favicon-96x96-1.png\",\"contentUrl\":\"https:\\\/\\\/bxrepsol.s3.eu-west-1.amazonaws.com\\\/static\\\/2025\\\/07\\\/30083337\\\/favicon-96x96-1.png\",\"width\":96,\"height\":96,\"caption\":\"Box Repsol\"},\"image\":{\"@id\":\"https:\\\/\\\/www.boxrepsol.com\\\/es\\\/#\\\/schema\\\/logo\\\/image\\\/\"},\"sameAs\":[\"https:\\\/\\\/www.facebook.com\\\/BoxRepsol\",\"https:\\\/\\\/x.com\\\/box_repsol\",\"http:\\\/\\\/instagram.com\\\/box_repsol\",\"https:\\\/\\\/www.youtube.com\\\/user\\\/RepsolCompeticion\",\"https:\\\/\\\/www.flickr.com\\\/photos\\\/box_repsol\\\/\"]},{\"@type\":\"Person\",\"@id\":\"https:\\\/\\\/www.boxrepsol.com\\\/es\\\/#\\\/schema\\\/person\\\/c5c2138f2cca251b0ad92b7086bb60b7\",\"name\":\"Redacci\u00f3n Box Repsol\",\"image\":{\"@type\":\"ImageObject\",\"inLanguage\":\"es\",\"@id\":\"https:\\\/\\\/secure.gravatar.com\\\/avatar\\\/adf7b77e38b4419baf32c7e9c21dde01f4e40df611f0978e3006fc4ba0aaab7e?s=96&d=mm&r=g\",\"url\":\"https:\\\/\\\/secure.gravatar.com\\\/avatar\\\/adf7b77e38b4419baf32c7e9c21dde01f4e40df611f0978e3006fc4ba0aaab7e?s=96&d=mm&r=g\",\"contentUrl\":\"https:\\\/\\\/secure.gravatar.com\\\/avatar\\\/adf7b77e38b4419baf32c7e9c21dde01f4e40df611f0978e3006fc4ba0aaab7e?s=96&d=mm&r=g\",\"caption\":\"Redacci\u00f3n Box Repsol\"},\"description\":\"Box Repsol lo forma un equipo de periodistas, community managers, dise\u00f1adores y fot\u00f3grafos con m\u00e1s de 20 a\u00f1os de experiencia en el mundo del motorsport. Hemos vivido el primer mundial de un espa\u00f1ol en la categor\u00eda reina de motociclismo con \u00c1lex Crivill\u00e9, estuvimos en las victorias de Pedrosa y los t\u00edtulos de M\u00e1rquez, acompa\u00f1amos en \u00c1frica a Nani Roma y Marc Coma en sus conquistas del Dakar y hemos vibrado con los t\u00edtulos de Toni Bou en Trial. Adem\u00e1s, en nuestro equipo contamos con expertos en el mundo de las dos y cuatro ruedas tanto de la calle y las carreteras, como de los circuitos. Periodistas que han trabajado en revistas y publicaciones para hacerte llegar desde rutas y consejos de mantenimiento, a curiosidades y trucos de pilotaje.\",\"sameAs\":[\"https:\\\/\\\/www.facebook.com\\\/BoxRepsol\\\/\",\"https:\\\/\\\/www.instagram.com\\\/box_repsol\\\/\",\"https:\\\/\\\/x.com\\\/https:\\\/\\\/twitter.com\\\/box_repsol\",\"https:\\\/\\\/www.youtube.com\\\/@Boxrepsol\"],\"url\":\"https:\\\/\\\/www.boxrepsol.com\\\/es\\\/author\\\/redaccion-box-repsol\\\/\"}]}<\/script>\n<!-- \/ Yoast SEO plugin. -->","yoast_head_json":{"title":"Resultados y resumen del X-Trial de Chamb\u00e9ry 2025 - Box Repsol","canonical":"https:\/\/www.boxrepsol.com\/es\/trial\/resultados-y-resumen-del-x-trial-de-chambery-2025\/","og_locale":"es_ES","og_type":"article","og_title":"Resultados y resumen del X-Trial de Chamb\u00e9ry 2025 - Box Repsol","og_description":"Los pilotos del Repsol Honda HRC se suben al podio en la primera prueba del a\u00f1o en la disciplina de X-Trial","og_url":"https:\/\/www.boxrepsol.com\/es\/trial\/resultados-y-resumen-del-x-trial-de-chambery-2025\/","og_site_name":"Box Repsol","article_publisher":"https:\/\/www.facebook.com\/BoxRepsol","article_author":"https:\/\/www.facebook.com\/BoxRepsol\/","article_published_time":"2025-01-11T21:00:26+00:00","article_modified_time":"2025-01-17T15:42:47+00:00","og_image":[{"width":1200,"height":600,"url":"https:\/\/bxrepsol.s3.eu-west-1.amazonaws.com\/static\/2025\/01\/11190003\/WhatsApp-Image-2025-01-11-at-21.53.24.png","type":"image\/png"}],"author":"Redacci\u00f3n Box Repsol","twitter_card":"summary_large_image","twitter_creator":"@https:\/\/twitter.com\/box_repsol","twitter_site":"@box_repsol","twitter_misc":{"Written by":"Redacci\u00f3n Box Repsol","Est. reading time":"2 minutos"},"schema":{"@context":"https:\/\/schema.org","@graph":[{"@type":"Article","@id":"https:\/\/www.boxrepsol.com\/es\/trial\/resultados-y-resumen-del-x-trial-de-chambery-2025\/#article","isPartOf":{"@id":"https:\/\/www.boxrepsol.com\/es\/trial\/resultados-y-resumen-del-x-trial-de-chambery-2025\/"},"author":{"name":"Redacci\u00f3n Box Repsol","@id":"https:\/\/www.boxrepsol.com\/es\/#\/schema\/person\/c5c2138f2cca251b0ad92b7086bb60b7"},"headline":"Resultados y resumen del X-Trial de Chamb\u00e9ry 2025","datePublished":"2025-01-11T21:00:26+00:00","dateModified":"2025-01-17T15:42:47+00:00","mainEntityOfPage":{"@id":"https:\/\/www.boxrepsol.com\/es\/trial\/resultados-y-resumen-del-x-trial-de-chambery-2025\/"},"wordCount":530,"commentCount":0,"publisher":{"@id":"https:\/\/www.boxrepsol.com\/es\/#organization"},"image":{"@id":"https:\/\/www.boxrepsol.com\/es\/trial\/resultados-y-resumen-del-x-trial-de-chambery-2025\/#primaryimage"},"thumbnailUrl":"https:\/\/bxrepsol.s3.eu-west-1.amazonaws.com\/static\/2025\/01\/11190003\/WhatsApp-Image-2025-01-11-at-21.53.24.png","keywords":["Gabri Marcelli","Toni Bou","Trial Chamb\u00e9ry","X-Trial 2025"],"articleSection":["Trial"],"inLanguage":"es","potentialAction":[{"@type":"CommentAction","name":"Comment","target":["https:\/\/www.boxrepsol.com\/es\/trial\/resultados-y-resumen-del-x-trial-de-chambery-2025\/#respond"]}]},{"@type":"WebPage","@id":"https:\/\/www.boxrepsol.com\/es\/trial\/resultados-y-resumen-del-x-trial-de-chambery-2025\/","url":"https:\/\/www.boxrepsol.com\/es\/trial\/resultados-y-resumen-del-x-trial-de-chambery-2025\/","name":"Resultados y resumen del X-Trial de Chamb\u00e9ry 2025 - Box Repsol","isPartOf":{"@id":"https:\/\/www.boxrepsol.com\/es\/#website"},"primaryImageOfPage":{"@id":"https:\/\/www.boxrepsol.com\/es\/trial\/resultados-y-resumen-del-x-trial-de-chambery-2025\/#primaryimage"},"image":{"@id":"https:\/\/www.boxrepsol.com\/es\/trial\/resultados-y-resumen-del-x-trial-de-chambery-2025\/#primaryimage"},"thumbnailUrl":"https:\/\/bxrepsol.s3.eu-west-1.amazonaws.com\/static\/2025\/01\/11190003\/WhatsApp-Image-2025-01-11-at-21.53.24.png","datePublished":"2025-01-11T21:00:26+00:00","dateModified":"2025-01-17T15:42:47+00:00","breadcrumb":{"@id":"https:\/\/www.boxrepsol.com\/es\/trial\/resultados-y-resumen-del-x-trial-de-chambery-2025\/#breadcrumb"},"inLanguage":"es","potentialAction":[{"@type":"ReadAction","target":["https:\/\/www.boxrepsol.com\/es\/trial\/resultados-y-resumen-del-x-trial-de-chambery-2025\/"]}]},{"@type":"ImageObject","inLanguage":"es","@id":"https:\/\/www.boxrepsol.com\/es\/trial\/resultados-y-resumen-del-x-trial-de-chambery-2025\/#primaryimage","url":"https:\/\/bxrepsol.s3.eu-west-1.amazonaws.com\/static\/2025\/01\/11190003\/WhatsApp-Image-2025-01-11-at-21.53.24.png","contentUrl":"https:\/\/bxrepsol.s3.eu-west-1.amazonaws.com\/static\/2025\/01\/11190003\/WhatsApp-Image-2025-01-11-at-21.53.24.png","width":1200,"height":600},{"@type":"BreadcrumbList","@id":"https:\/\/www.boxrepsol.com\/es\/trial\/resultados-y-resumen-del-x-trial-de-chambery-2025\/#breadcrumb","itemListElement":[{"@type":"ListItem","position":1,"name":"Home","item":"https:\/\/www.boxrepsol.com\/es\/"},{"@type":"ListItem","position":2,"name":"Resultados y resumen del X-Trial de Chamb\u00e9ry 2025"}]},{"@type":"WebSite","@id":"https:\/\/www.boxrepsol.com\/es\/#website","url":"https:\/\/www.boxrepsol.com\/es\/","name":"Box Repsol","description":"Box Repsol Site","publisher":{"@id":"https:\/\/www.boxrepsol.com\/es\/#organization"},"potentialAction":[{"@type":"SearchAction","target":{"@type":"EntryPoint","urlTemplate":"https:\/\/www.boxrepsol.com\/es\/?s={search_term_string}"},"query-input":{"@type":"PropertyValueSpecification","valueRequired":true,"valueName":"search_term_string"}}],"inLanguage":"es"},{"@type":"Organization","@id":"https:\/\/www.boxrepsol.com\/es\/#organization","name":"Box Repsol","url":"https:\/\/www.boxrepsol.com\/es\/","logo":{"@type":"ImageObject","inLanguage":"es","@id":"https:\/\/www.boxrepsol.com\/es\/#\/schema\/logo\/image\/","url":"https:\/\/bxrepsol.s3.eu-west-1.amazonaws.com\/static\/2025\/07\/30083337\/favicon-96x96-1.png","contentUrl":"https:\/\/bxrepsol.s3.eu-west-1.amazonaws.com\/static\/2025\/07\/30083337\/favicon-96x96-1.png","width":96,"height":96,"caption":"Box Repsol"},"image":{"@id":"https:\/\/www.boxrepsol.com\/es\/#\/schema\/logo\/image\/"},"sameAs":["https:\/\/www.facebook.com\/BoxRepsol","https:\/\/x.com\/box_repsol","http:\/\/instagram.com\/box_repsol","https:\/\/www.youtube.com\/user\/RepsolCompeticion","https:\/\/www.flickr.com\/photos\/box_repsol\/"]},{"@type":"Person","@id":"https:\/\/www.boxrepsol.com\/es\/#\/schema\/person\/c5c2138f2cca251b0ad92b7086bb60b7","name":"Redacci\u00f3n Box Repsol","image":{"@type":"ImageObject","inLanguage":"es","@id":"https:\/\/secure.gravatar.com\/avatar\/adf7b77e38b4419baf32c7e9c21dde01f4e40df611f0978e3006fc4ba0aaab7e?s=96&d=mm&r=g","url":"https:\/\/secure.gravatar.com\/avatar\/adf7b77e38b4419baf32c7e9c21dde01f4e40df611f0978e3006fc4ba0aaab7e?s=96&d=mm&r=g","contentUrl":"https:\/\/secure.gravatar.com\/avatar\/adf7b77e38b4419baf32c7e9c21dde01f4e40df611f0978e3006fc4ba0aaab7e?s=96&d=mm&r=g","caption":"Redacci\u00f3n Box Repsol"},"description":"Box Repsol lo forma un equipo de periodistas, community managers, dise\u00f1adores y fot\u00f3grafos con m\u00e1s de 20 a\u00f1os de experiencia en el mundo del motorsport. Hemos vivido el primer mundial de un espa\u00f1ol en la categor\u00eda reina de motociclismo con \u00c1lex Crivill\u00e9, estuvimos en las victorias de Pedrosa y los t\u00edtulos de M\u00e1rquez, acompa\u00f1amos en \u00c1frica a Nani Roma y Marc Coma en sus conquistas del Dakar y hemos vibrado con los t\u00edtulos de Toni Bou en Trial. Adem\u00e1s, en nuestro equipo contamos con expertos en el mundo de las dos y cuatro ruedas tanto de la calle y las carreteras, como de los circuitos. Periodistas que han trabajado en revistas y publicaciones para hacerte llegar desde rutas y consejos de mantenimiento, a curiosidades y trucos de pilotaje.","sameAs":["https:\/\/www.facebook.com\/BoxRepsol\/","https:\/\/www.instagram.com\/box_repsol\/","https:\/\/x.com\/https:\/\/twitter.com\/box_repsol","https:\/\/www.youtube.com\/@Boxrepsol"],"url":"https:\/\/www.boxrepsol.com\/es\/author\/redaccion-box-repsol\/"}]}},"_links":{"self":[{"href":"https:\/\/www.boxrepsol.com\/es\/wp-json\/wp\/v2\/posts\/123229","targetHints":{"allow":["GET"]}}],"collection":[{"href":"https:\/\/www.boxrepsol.com\/es\/wp-json\/wp\/v2\/posts"}],"about":[{"href":"https:\/\/www.boxrepsol.com\/es\/wp-json\/wp\/v2\/types\/post"}],"author":[{"embeddable":true,"href":"https:\/\/www.boxrepsol.com\/es\/wp-json\/wp\/v2\/users\/43146"}],"replies":[{"embeddable":true,"href":"https:\/\/www.boxrepsol.com\/es\/wp-json\/wp\/v2\/comments?post=123229"}],"version-history":[{"count":8,"href":"https:\/\/www.boxrepsol.com\/es\/wp-json\/wp\/v2\/posts\/123229\/revisions"}],"predecessor-version":[{"id":123318,"href":"https:\/\/www.boxrepsol.com\/es\/wp-json\/wp\/v2\/posts\/123229\/revisions\/123318"}],"wp:featuredmedia":[{"embeddable":true,"href":"https:\/\/www.boxrepsol.com\/es\/wp-json\/wp\/v2\/media\/123232"}],"wp:attachment":[{"href":"https:\/\/www.boxrepsol.com\/es\/wp-json\/wp\/v2\/media?parent=123229"}],"wp:term":[{"taxonomy":"category","embeddable":true,"href":"https:\/\/www.boxrepsol.com\/es\/wp-json\/wp\/v2\/categories?post=123229"},{"taxonomy":"post_tag","embeddable":true,"href":"https:\/\/www.boxrepsol.com\/es\/wp-json\/wp\/v2\/tags?post=123229"}],"curies":[{"name":"wp","href":"https:\/\/api.w.org\/{rel}","templated":true}]}}