{"id":123218,"date":"2025-01-10T10:50:28","date_gmt":"2025-01-10T12:50:28","guid":{"rendered":"https:\/\/www.boxrepsol.com\/?p=123218"},"modified":"2025-02-12T07:42:36","modified_gmt":"2025-02-12T09:42:36","slug":"itv-desfavorable-causas-y-plazos","status":"publish","type":"post","link":"https:\/\/www.boxrepsol.com\/es\/vive-tu-moto\/itv-desfavorable-causas-y-plazos\/","title":{"rendered":"ITV desfavorable: qu\u00e9 significa, causas, y c\u00f3mo solucionarlo"},"content":{"rendered":"<figure class=\"wp-block-post-featured-image\"><img loading=\"lazy\" decoding=\"async\" width=\"1200\" height=\"600\" src=\"https:\/\/bxrepsol.s3.eu-west-1.amazonaws.com\/static\/2025\/01\/10092956\/mechanic-preparing-check-list.png\" class=\"attachment-post-thumbnail size-post-thumbnail wp-post-image\" alt=\"Imagen de un trabajador de una ITV\" style=\"object-fit:cover;\" srcset=\"https:\/\/bxrepsol.s3.eu-west-1.amazonaws.com\/static\/2025\/01\/10092956\/mechanic-preparing-check-list.png 1200w, https:\/\/bxrepsol.s3.eu-west-1.amazonaws.com\/static\/2025\/01\/10092956\/mechanic-preparing-check-list-300x150.png 300w, https:\/\/bxrepsol.s3.eu-west-1.amazonaws.com\/static\/2025\/01\/10092956\/mechanic-preparing-check-list-1024x512.png 1024w, https:\/\/bxrepsol.s3.eu-west-1.amazonaws.com\/static\/2025\/01\/10092956\/mechanic-preparing-check-list-768x384.png 768w\" sizes=\"auto, (max-width: 1200px) 100vw, 1200px\" \/><\/figure>\n\n\n<p><strong>Cualquier propietario de un veh\u00edculo<\/strong>, ya sea coche o moto, ya sabe sobradamente que cada cierto tiempo tiene que acudir a una estaci\u00f3n de ITV para <strong>pasar la Inspecci\u00f3n T\u00e9cnica de Veh\u00edculos, <\/strong>un examen que hay que realizar a nuestra moto de forma peri\u00f3dica para confirmar que se encuentra en <strong>condiciones \u00f3ptimas<\/strong> <strong>para circular<\/strong>.<\/p>\n\n\n\n<p>Aunque la revisi\u00f3n resulte <strong>favorable<\/strong>, es decir, que nuestro veh\u00edculo haya superado el examen, <strong>puede que se detecten<\/strong> <strong>fallos leves<\/strong>, de menor importancia, que quedan se\u00f1alados en el informe que nos entregan pero que <strong>no incapacitan a nuestro veh\u00edculo<\/strong> <strong>para circular<\/strong>. Sin embargo, cuando estos fallos reciben la consideraci\u00f3n de graves o muy graves, la estaci\u00f3n de la ITV emitir\u00e1 un informe desfavorable.<\/p>\n\n\n\n<figure class=\"wp-block-image size-full\"><img loading=\"lazy\" decoding=\"async\" width=\"600\" height=\"400\" src=\"https:\/\/bxrepsol.s3.eu-west-1.amazonaws.com\/static\/2025\/01\/10104055\/Propuesta-foto-2.png\" alt=\"Imagen de dos mec\u00e1nicos trabajando en un veh\u00edculo\" class=\"wp-image-123221\" srcset=\"https:\/\/bxrepsol.s3.eu-west-1.amazonaws.com\/static\/2025\/01\/10104055\/Propuesta-foto-2.png 600w, https:\/\/bxrepsol.s3.eu-west-1.amazonaws.com\/static\/2025\/01\/10104055\/Propuesta-foto-2-300x200.png 300w\" sizes=\"auto, (max-width: 600px) 100vw, 600px\" \/><\/figure>\n\n\n\n<p><\/p>\n\n\n\n<div id=\"ez-toc-container\" class=\"ez-toc-v2_0_82_2 counter-hierarchy ez-toc-counter ez-toc-grey ez-toc-container-direction\">\n<div class=\"ez-toc-title-container\">\n<p class=\"ez-toc-title\" style=\"cursor:inherit\">\u00cdndice<\/p>\n<span class=\"ez-toc-title-toggle\"><a href=\"#\" class=\"ez-toc-pull-right ez-toc-btn ez-toc-btn-xs ez-toc-btn-default ez-toc-toggle\" aria-label=\"Toggle Table of Content\"><span class=\"ez-toc-js-icon-con\"><span class=\"\"><span class=\"eztoc-hide\" style=\"display:none;\">Toggle<\/span><span class=\"ez-toc-icon-toggle-span\"><svg style=\"fill: #999;color:#999\" xmlns=\"http:\/\/www.w3.org\/2000\/svg\" class=\"list-377408\" width=\"20px\" height=\"20px\" viewBox=\"0 0 24 24\" fill=\"none\"><path d=\"M6 6H4v2h2V6zm14 0H8v2h12V6zM4 11h2v2H4v-2zm16 0H8v2h12v-2zM4 16h2v2H4v-2zm16 0H8v2h12v-2z\" fill=\"currentColor\"><\/path><\/svg><svg style=\"fill: #999;color:#999\" class=\"arrow-unsorted-368013\" xmlns=\"http:\/\/www.w3.org\/2000\/svg\" width=\"10px\" height=\"10px\" viewBox=\"0 0 24 24\" version=\"1.2\" baseProfile=\"tiny\"><path d=\"M18.2 9.3l-6.2-6.3-6.2 6.3c-.2.2-.3.4-.3.7s.1.5.3.7c.2.2.4.3.7.3h11c.3 0 .5-.1.7-.3.2-.2.3-.5.3-.7s-.1-.5-.3-.7zM5.8 14.7l6.2 6.3 6.2-6.3c.2-.2.3-.5.3-.7s-.1-.5-.3-.7c-.2-.2-.4-.3-.7-.3h-11c-.3 0-.5.1-.7.3-.2.2-.3.5-.3.7s.1.5.3.7z\"\/><\/svg><\/span><\/span><\/span><\/a><\/span><\/div>\n<nav><ul class='ez-toc-list ez-toc-list-level-1 ' ><li class='ez-toc-page-1 ez-toc-heading-level-2'><a class=\"ez-toc-link ez-toc-heading-1\" href=\"https:\/\/www.boxrepsol.com\/es\/vive-tu-moto\/itv-desfavorable-causas-y-plazos\/#%C2%BFQue_significa_un_resultado_desfavorable_en_la_ITV\" >\u00bfQu\u00e9 significa un resultado desfavorable en la ITV?<\/a><\/li><li class='ez-toc-page-1 ez-toc-heading-level-2'><a class=\"ez-toc-link ez-toc-heading-2\" href=\"https:\/\/www.boxrepsol.com\/es\/vive-tu-moto\/itv-desfavorable-causas-y-plazos\/#Plazo_para_solventar_una_ITV_desfavorable\" >Plazo para solventar una ITV desfavorable<\/a><\/li><li class='ez-toc-page-1 ez-toc-heading-level-2'><a class=\"ez-toc-link ez-toc-heading-3\" href=\"https:\/\/www.boxrepsol.com\/es\/vive-tu-moto\/itv-desfavorable-causas-y-plazos\/#Causas_mas_comunes_de_una_ITV_desfavorable\" >Causas m\u00e1s comunes de una ITV desfavorable<\/a><\/li><li class='ez-toc-page-1 ez-toc-heading-level-2'><a class=\"ez-toc-link ez-toc-heading-4\" href=\"https:\/\/www.boxrepsol.com\/es\/vive-tu-moto\/itv-desfavorable-causas-y-plazos\/#Multas_y_sanciones_por_circular_con_ITV_desfavorable\" >Multas y sanciones por circular con ITV desfavorable<\/a><\/li><\/ul><\/nav><\/div>\n<h2 class=\"wp-block-heading\"><span class=\"ez-toc-section\" id=\"%C2%BFQue_significa_un_resultado_desfavorable_en_la_ITV\"><\/span><strong>\u00bfQu\u00e9 significa un resultado desfavorable en la ITV?<\/strong><span class=\"ez-toc-section-end\"><\/span><\/h2>\n\n\n\n<p>De esta forma, cuando las circunstancias hacen que nuestra moto reciba una <strong>ITV desfavorable<\/strong>, estamos <strong>obligados a subsanar los fallos<\/strong> en un periodo de tiempo determinado si queremos seguir circulando con ella. En este caso, <strong>una ITV desfavorable nos inhabilita para circular por v\u00edas p\u00fablicas, salvo para acudir a un taller<\/strong> donde subsanar los fallos observados y despu\u00e9s dirigirse de nuevo a la estaci\u00f3n de ITV para una nueva revisi\u00f3n.<\/p>\n\n\n\n<h2 class=\"wp-block-heading\"><span class=\"ez-toc-section\" id=\"Plazo_para_solventar_una_ITV_desfavorable\"><\/span><strong>Plazo para solventar una ITV desfavorable<\/strong><span class=\"ez-toc-section-end\"><\/span><\/h2>\n\n\n\n<p>En este caso, la reglamentaci\u00f3n concede un <strong>m\u00e1ximo de dos meses para someter el veh\u00edculo a una nueva revisi\u00f3n<\/strong>, un plazo de tiempo que se considera m\u00e1s que suficiente para resolver los problemas que hayan sido detectados. Sin embargo, este plazo de tiempo <strong>no siempre es el mismo<\/strong>.<\/p>\n\n\n\n<p>Hay comunidades aut\u00f3nomas, como la <strong>Regi\u00f3n de Murcia o la Comunidad de Madrid, donde el plazo es inferior<\/strong>: siete d\u00edas en Murcia y quince en Madrid. Otras, como Arag\u00f3n o Andaluc\u00eda, s\u00ed admiten ese plazo m\u00e1ximo legal de dos meses.<\/p>\n\n\n\n<p>Por tanto, <strong>hay que pasar obligatoriamente por un taller certificado<\/strong> que asegure que la reparaci\u00f3n ha sido totalmente efectiva y nuestra moto podr\u00e1 superar una nueva revisi\u00f3n. <strong>No basta con una reparaci\u00f3n casera<\/strong>, sino que tiene que estar respaldada por un profesional.<\/p>\n\n\n\n<figure class=\"wp-block-image size-full\"><img loading=\"lazy\" decoding=\"async\" width=\"600\" height=\"400\" src=\"https:\/\/bxrepsol.s3.eu-west-1.amazonaws.com\/static\/2025\/01\/10104121\/Propuesta-foto-3.png\" alt=\"Imagen de unos neum\u00e1ticos en un taller ITV\" class=\"wp-image-123223\" srcset=\"https:\/\/bxrepsol.s3.eu-west-1.amazonaws.com\/static\/2025\/01\/10104121\/Propuesta-foto-3.png 600w, https:\/\/bxrepsol.s3.eu-west-1.amazonaws.com\/static\/2025\/01\/10104121\/Propuesta-foto-3-300x200.png 300w\" sizes=\"auto, (max-width: 600px) 100vw, 600px\" \/><\/figure>\n\n\n\n<p><\/p>\n\n\n\n<h2 class=\"wp-block-heading\"><span class=\"ez-toc-section\" id=\"Causas_mas_comunes_de_una_ITV_desfavorable\"><\/span><strong>Causas m\u00e1s comunes de una ITV desfavorable<\/strong><span class=\"ez-toc-section-end\"><\/span><\/h2>\n\n\n\n<p>Por lo general, la consideraci\u00f3n de fallos graves o muy graves tiene una <strong>relaci\u00f3n directa con razones de seguridad<\/strong>. Por ejemplo, un fallo en el <a href=\"mailto:https:\/\/www.boxrepsol.com\/es\/cultura-motera\/sistema-frenos-de-una-moto\/\">sistema de frenos<\/a>, <a href=\"mailto:https:\/\/www.boxrepsol.com\/es\/tecnologia\/como-cuando-cambiar-ruedas-moto\/\">neum\u00e1ticos en mal estado<\/a> o con medidas diferentes a las homologadas que figuran en la <a href=\"mailto:https:\/\/www.boxrepsol.com\/es\/vive-tu-moto\/ficha-tecnica-moto-que-es\/\">ficha t\u00e9cnica del veh\u00edculo<\/a>, o un espejo retrovisor roto, pueden ser considerados como defectos graves. Por el contrario, si hay una bombilla fundida, dicho defecto se <strong>detalla en el informe con car\u00e1cter leve<\/strong>, recibiendo la <strong>advertencia<\/strong> del inspector para su sustituci\u00f3n a la mayor brevedad.<\/p>\n\n\n\n<p>Tambi\u00e9n <strong>superar el nivel de emisiones contaminantes o el nivel sonoro del escape<\/strong>, es considerado como <strong>defecto grave<\/strong>. Y <strong>es m\u00e1s frecuente que se d\u00e9 en las motos <\/strong>de lo que se pueda pensar, especialmente el tema del nivel sonoro, porque es de lo m\u00e1s habitual que los usuarios modifiquen el escape de su moto colocando otro diferente al escape de serie, para ganar m\u00e1s potencia o para obtener un sonido m\u00e1s rotundo. <strong>Emplear piezas y accesorios que no son de serie<\/strong> puede ser un riesgo si no se tiene la certeza de que se trata de elementos debidamente homologados y que, por tanto, podr\u00e1n superar sin ning\u00fan tipo de trabas <a href=\"https:\/\/www.boxrepsol.com\/es\/vive-tu-moto\/cuando-debe-pasar-una-moto-la-primera-itv\/\">la revisi\u00f3n de la ITV<\/a>.&nbsp;<\/p>\n\n\n\n<figure class=\"wp-block-image size-full\"><img loading=\"lazy\" decoding=\"async\" width=\"600\" height=\"400\" src=\"https:\/\/bxrepsol.s3.eu-west-1.amazonaws.com\/static\/2025\/01\/10104142\/Propuesta-foto-1.png\" alt=\"Trabajador de una ITV \" class=\"wp-image-123225\" srcset=\"https:\/\/bxrepsol.s3.eu-west-1.amazonaws.com\/static\/2025\/01\/10104142\/Propuesta-foto-1.png 600w, https:\/\/bxrepsol.s3.eu-west-1.amazonaws.com\/static\/2025\/01\/10104142\/Propuesta-foto-1-300x200.png 300w\" sizes=\"auto, (max-width: 600px) 100vw, 600px\" \/><\/figure>\n\n\n\n<p><\/p>\n\n\n\n<h2 class=\"wp-block-heading\"><span class=\"ez-toc-section\" id=\"Multas_y_sanciones_por_circular_con_ITV_desfavorable\"><\/span><strong>Multas y sanciones por circular con ITV desfavorable<\/strong><span class=\"ez-toc-section-end\"><\/span><\/h2>\n\n\n\n<p><strong>Carecer de la obligatoria ITV<\/strong> cuando deber\u00eda haberse pasado <strong>es motivo de multa<\/strong>, independientemente de que tu moto puede recibir un informe favorable o no. Las motos, como todos los veh\u00edculos, <strong>deber\u00e1n pasar la ITV por primera vez a los cuatro a\u00f1os de su <\/strong><a href=\"mailto:https:\/\/www.boxrepsol.com\/es\/cultura-motera\/como-matricular-una-moto-nueva\/\"><strong>matriculaci\u00f3n<\/strong><\/a>, y posteriormente someterse a la revisi\u00f3n peri\u00f3dica <strong>cada dos a\u00f1os<\/strong>, hasta alcanzar la d\u00e9cada de antig\u00fcedad, momento en el que las revisiones alcanzan <strong>car\u00e1cter anual<\/strong>.<\/p>\n\n\n\n<p>Si no has pasado la ITV en el plazo que tendr\u00edas que haberlo hecho, te expones <a href=\"https:\/\/www.boxrepsol.com\/es\/vive-tu-moto\/como-saber-si-tengo-multas\/\">a una <strong>multa<\/strong><\/a><strong> de 200 euros<\/strong>, si los agentes de la autoridad te paran y comprueban tu documentaci\u00f3n.<\/p>\n\n\n\n<p>Igualmente, <strong>circular con una ITV desfavorable<\/strong> sin estar desplaz\u00e1ndose a un taller para subsanar los defectos, supone una <strong>multa de 200 euros.<\/strong><\/p>\n\n\n\n<p>Aqu\u00ed <strong>la legislaci\u00f3n es muy restrictiva<\/strong> con las motos en comparaci\u00f3n con los autom\u00f3viles. Si un coche recibe una ITV desfavorable, se permite circular con \u00e9l exclusivamente para llevarlo a un taller para repararlo. Sin embargo, en las motos la respuesta es tajante, porque no permite abandonar la estaci\u00f3n de ITV circulando con la moto.<\/p>\n\n\n\n<p>Se exige que esta <strong>se desplace hasta el taller en gr\u00faa o remolque<\/strong>, y de nuevo, cuando vuelva a presentarse en la estaci\u00f3n de la ITV para la nueva revisi\u00f3n una vez subsanado el problema, el desplazamiento sea por el mismo medio, gr\u00faa o remolque.<\/p>\n\n\n\n<p>Se argumenta que es un <strong>riesgo muy elevado<\/strong> desplazarse en moto con una ITV desfavorable, algo que debe resultar igual de peligroso en el caso de un autom\u00f3vil. Pero en el caso de la moto te arriesgas a que, por este hecho, circular con una ITV desfavorable, aunque sea para desplazarse a un taller, puedas ser sancionado con una <strong>multa de 500 euros y la inmovilizaci\u00f3n de la moto.<\/strong><\/p>\n\n\n\n<p><\/p>\n","protected":false},"excerpt":{"rendered":"<p>La ITV es una inspecci\u00f3n peri\u00f3dica a la que hay que someter a todos los veh\u00edculos. Si por alguna causa no se supera y se declara desfavorable, tienes que estar listo para subsanar el problema si quieres seguir circulando.<\/p>\n","protected":false},"author":41268,"featured_media":123219,"comment_status":"open","ping_status":"closed","sticky":false,"template":"","format":"standard","meta":{"footnotes":""},"categories":[122],"tags":[387],"class_list":["post-123218","post","type-post","status-publish","format-standard","hentry","category-vive-tu-moto","tag-motor"],"yoast_head":"<!-- This site is optimized with the Yoast SEO plugin v27.3 - https:\/\/yoast.com\/product\/yoast-seo-wordpress\/ -->\n<title>ITV desfavorable: causas, plazos y que hacer - Box Repsol<\/title>\n<meta name=\"description\" content=\"\u00bfITV desfavorable? Descubre qu\u00e9 significa, las causas comunes, plazos, multas y c\u00f3mo solucionarlo para evitar problemas legales y econ\u00f3micos\" \/>\n<link rel=\"canonical\" href=\"https:\/\/www.boxrepsol.com\/es\/vive-tu-moto\/itv-desfavorable-causas-y-plazos\/\" \/>\n<meta property=\"og:locale\" content=\"es_ES\" \/>\n<meta property=\"og:type\" content=\"article\" \/>\n<meta property=\"og:title\" content=\"ITV desfavorable: causas, plazos y que hacer - Box Repsol\" \/>\n<meta property=\"og:description\" content=\"\u00bfITV desfavorable? Descubre qu\u00e9 significa, las causas comunes, plazos, multas y c\u00f3mo solucionarlo para evitar problemas legales y econ\u00f3micos\" \/>\n<meta property=\"og:url\" content=\"https:\/\/www.boxrepsol.com\/es\/vive-tu-moto\/itv-desfavorable-causas-y-plazos\/\" \/>\n<meta property=\"og:site_name\" content=\"Box Repsol\" \/>\n<meta property=\"article:publisher\" content=\"https:\/\/www.facebook.com\/BoxRepsol\" \/>\n<meta property=\"article:published_time\" content=\"2025-01-10T12:50:28+00:00\" \/>\n<meta property=\"article:modified_time\" content=\"2025-02-12T09:42:36+00:00\" \/>\n<meta property=\"og:image\" content=\"https:\/\/bxrepsol.s3.eu-west-1.amazonaws.com\/static\/2025\/01\/10092956\/mechanic-preparing-check-list.png\" \/>\n\t<meta property=\"og:image:width\" content=\"1200\" \/>\n\t<meta property=\"og:image:height\" content=\"600\" \/>\n\t<meta property=\"og:image:type\" content=\"image\/png\" \/>\n<meta name=\"author\" content=\"Juan Pedro de la Torre\" \/>\n<meta name=\"twitter:card\" content=\"summary_large_image\" \/>\n<meta name=\"twitter:creator\" content=\"@https:\/\/twitter.com\/JPdelaTorre1965\" \/>\n<meta name=\"twitter:site\" content=\"@box_repsol\" \/>\n<meta name=\"twitter:label1\" content=\"Written by\" \/>\n\t<meta name=\"twitter:data1\" content=\"Juan Pedro de la Torre\" \/>\n\t<meta name=\"twitter:label2\" content=\"Est. reading time\" \/>\n\t<meta name=\"twitter:data2\" content=\"5 minutos\" \/>\n<script type=\"application\/ld+json\" class=\"yoast-schema-graph\">{\"@context\":\"https:\\\/\\\/schema.org\",\"@graph\":[{\"@type\":\"Article\",\"@id\":\"https:\\\/\\\/www.boxrepsol.com\\\/es\\\/vive-tu-moto\\\/itv-desfavorable-causas-y-plazos\\\/#article\",\"isPartOf\":{\"@id\":\"https:\\\/\\\/www.boxrepsol.com\\\/es\\\/vive-tu-moto\\\/itv-desfavorable-causas-y-plazos\\\/\"},\"author\":{\"name\":\"Juan Pedro de la Torre\",\"@id\":\"https:\\\/\\\/www.boxrepsol.com\\\/es\\\/#\\\/schema\\\/person\\\/26abce1d675df22d63ac9e9d5f23e4aa\"},\"headline\":\"ITV desfavorable: qu\u00e9 significa, causas, y c\u00f3mo solucionarlo\",\"datePublished\":\"2025-01-10T12:50:28+00:00\",\"dateModified\":\"2025-02-12T09:42:36+00:00\",\"mainEntityOfPage\":{\"@id\":\"https:\\\/\\\/www.boxrepsol.com\\\/es\\\/vive-tu-moto\\\/itv-desfavorable-causas-y-plazos\\\/\"},\"wordCount\":923,\"commentCount\":0,\"publisher\":{\"@id\":\"https:\\\/\\\/www.boxrepsol.com\\\/es\\\/#organization\"},\"image\":{\"@id\":\"https:\\\/\\\/www.boxrepsol.com\\\/es\\\/vive-tu-moto\\\/itv-desfavorable-causas-y-plazos\\\/#primaryimage\"},\"thumbnailUrl\":\"https:\\\/\\\/bxrepsol.s3.eu-west-1.amazonaws.com\\\/static\\\/2025\\\/01\\\/10092956\\\/mechanic-preparing-check-list.png\",\"keywords\":[\"Motor\"],\"articleSection\":[\"Vive tu moto\"],\"inLanguage\":\"es\",\"potentialAction\":[{\"@type\":\"CommentAction\",\"name\":\"Comment\",\"target\":[\"https:\\\/\\\/www.boxrepsol.com\\\/es\\\/vive-tu-moto\\\/itv-desfavorable-causas-y-plazos\\\/#respond\"]}]},{\"@type\":\"WebPage\",\"@id\":\"https:\\\/\\\/www.boxrepsol.com\\\/es\\\/vive-tu-moto\\\/itv-desfavorable-causas-y-plazos\\\/\",\"url\":\"https:\\\/\\\/www.boxrepsol.com\\\/es\\\/vive-tu-moto\\\/itv-desfavorable-causas-y-plazos\\\/\",\"name\":\"ITV desfavorable: causas, plazos y que hacer - Box Repsol\",\"isPartOf\":{\"@id\":\"https:\\\/\\\/www.boxrepsol.com\\\/es\\\/#website\"},\"primaryImageOfPage\":{\"@id\":\"https:\\\/\\\/www.boxrepsol.com\\\/es\\\/vive-tu-moto\\\/itv-desfavorable-causas-y-plazos\\\/#primaryimage\"},\"image\":{\"@id\":\"https:\\\/\\\/www.boxrepsol.com\\\/es\\\/vive-tu-moto\\\/itv-desfavorable-causas-y-plazos\\\/#primaryimage\"},\"thumbnailUrl\":\"https:\\\/\\\/bxrepsol.s3.eu-west-1.amazonaws.com\\\/static\\\/2025\\\/01\\\/10092956\\\/mechanic-preparing-check-list.png\",\"datePublished\":\"2025-01-10T12:50:28+00:00\",\"dateModified\":\"2025-02-12T09:42:36+00:00\",\"description\":\"\u00bfITV desfavorable? Descubre qu\u00e9 significa, las causas comunes, plazos, multas y c\u00f3mo solucionarlo para evitar problemas legales y econ\u00f3micos\",\"breadcrumb\":{\"@id\":\"https:\\\/\\\/www.boxrepsol.com\\\/es\\\/vive-tu-moto\\\/itv-desfavorable-causas-y-plazos\\\/#breadcrumb\"},\"inLanguage\":\"es\",\"potentialAction\":[{\"@type\":\"ReadAction\",\"target\":[\"https:\\\/\\\/www.boxrepsol.com\\\/es\\\/vive-tu-moto\\\/itv-desfavorable-causas-y-plazos\\\/\"]}]},{\"@type\":\"ImageObject\",\"inLanguage\":\"es\",\"@id\":\"https:\\\/\\\/www.boxrepsol.com\\\/es\\\/vive-tu-moto\\\/itv-desfavorable-causas-y-plazos\\\/#primaryimage\",\"url\":\"https:\\\/\\\/bxrepsol.s3.eu-west-1.amazonaws.com\\\/static\\\/2025\\\/01\\\/10092956\\\/mechanic-preparing-check-list.png\",\"contentUrl\":\"https:\\\/\\\/bxrepsol.s3.eu-west-1.amazonaws.com\\\/static\\\/2025\\\/01\\\/10092956\\\/mechanic-preparing-check-list.png\",\"width\":1200,\"height\":600,\"caption\":\"Imagen de un trabajador de una ITV\"},{\"@type\":\"BreadcrumbList\",\"@id\":\"https:\\\/\\\/www.boxrepsol.com\\\/es\\\/vive-tu-moto\\\/itv-desfavorable-causas-y-plazos\\\/#breadcrumb\",\"itemListElement\":[{\"@type\":\"ListItem\",\"position\":1,\"name\":\"Home\",\"item\":\"https:\\\/\\\/www.boxrepsol.com\\\/es\\\/\"},{\"@type\":\"ListItem\",\"position\":2,\"name\":\"ITV desfavorable: qu\u00e9 significa, causas, y c\u00f3mo solucionarlo\"}]},{\"@type\":\"WebSite\",\"@id\":\"https:\\\/\\\/www.boxrepsol.com\\\/es\\\/#website\",\"url\":\"https:\\\/\\\/www.boxrepsol.com\\\/es\\\/\",\"name\":\"Box Repsol\",\"description\":\"Box Repsol Site\",\"publisher\":{\"@id\":\"https:\\\/\\\/www.boxrepsol.com\\\/es\\\/#organization\"},\"potentialAction\":[{\"@type\":\"SearchAction\",\"target\":{\"@type\":\"EntryPoint\",\"urlTemplate\":\"https:\\\/\\\/www.boxrepsol.com\\\/es\\\/?s={search_term_string}\"},\"query-input\":{\"@type\":\"PropertyValueSpecification\",\"valueRequired\":true,\"valueName\":\"search_term_string\"}}],\"inLanguage\":\"es\"},{\"@type\":\"Organization\",\"@id\":\"https:\\\/\\\/www.boxrepsol.com\\\/es\\\/#organization\",\"name\":\"Box Repsol\",\"url\":\"https:\\\/\\\/www.boxrepsol.com\\\/es\\\/\",\"logo\":{\"@type\":\"ImageObject\",\"inLanguage\":\"es\",\"@id\":\"https:\\\/\\\/www.boxrepsol.com\\\/es\\\/#\\\/schema\\\/logo\\\/image\\\/\",\"url\":\"https:\\\/\\\/bxrepsol.s3.eu-west-1.amazonaws.com\\\/static\\\/2025\\\/07\\\/30083337\\\/favicon-96x96-1.png\",\"contentUrl\":\"https:\\\/\\\/bxrepsol.s3.eu-west-1.amazonaws.com\\\/static\\\/2025\\\/07\\\/30083337\\\/favicon-96x96-1.png\",\"width\":96,\"height\":96,\"caption\":\"Box Repsol\"},\"image\":{\"@id\":\"https:\\\/\\\/www.boxrepsol.com\\\/es\\\/#\\\/schema\\\/logo\\\/image\\\/\"},\"sameAs\":[\"https:\\\/\\\/www.facebook.com\\\/BoxRepsol\",\"https:\\\/\\\/x.com\\\/box_repsol\",\"http:\\\/\\\/instagram.com\\\/box_repsol\",\"https:\\\/\\\/www.youtube.com\\\/user\\\/RepsolCompeticion\",\"https:\\\/\\\/www.flickr.com\\\/photos\\\/box_repsol\\\/\"]},{\"@type\":\"Person\",\"@id\":\"https:\\\/\\\/www.boxrepsol.com\\\/es\\\/#\\\/schema\\\/person\\\/26abce1d675df22d63ac9e9d5f23e4aa\",\"name\":\"Juan Pedro de la Torre\",\"image\":{\"@type\":\"ImageObject\",\"inLanguage\":\"es\",\"@id\":\"https:\\\/\\\/secure.gravatar.com\\\/avatar\\\/e81f780ee2930d7be330cb34304decf0e9bc66bec0158805a0fe2726f4517224?s=96&d=mm&r=g\",\"url\":\"https:\\\/\\\/secure.gravatar.com\\\/avatar\\\/e81f780ee2930d7be330cb34304decf0e9bc66bec0158805a0fe2726f4517224?s=96&d=mm&r=g\",\"contentUrl\":\"https:\\\/\\\/secure.gravatar.com\\\/avatar\\\/e81f780ee2930d7be330cb34304decf0e9bc66bec0158805a0fe2726f4517224?s=96&d=mm&r=g\",\"caption\":\"Juan Pedro de la Torre\"},\"description\":\"Se inici\u00f3 en el diario Marca en 1988 y posteriormente pas\u00f3 a la revista Motociclismo, donde llegar\u00eda a ser director de deporte. Despu\u00e9s fue editor y director de Motoworld.es y Sport Bikes y colabor\u00f3 con varios medios. Adem\u00e1s, ha publicado una docena de libros y actualmente trabaja como colaborador para Motociclismo, El Confidencial y Box Repsol.\",\"sameAs\":[\"https:\\\/\\\/x.com\\\/https:\\\/\\\/twitter.com\\\/JPdelaTorre1965\",\"https:\\\/\\\/youtube.com\\\/@juanpedrodelatorremotoworld\"],\"url\":\"https:\\\/\\\/www.boxrepsol.com\\\/es\\\/author\\\/juanpedro_delatorre\\\/\"}]}<\/script>\n<!-- \/ Yoast SEO plugin. -->","yoast_head_json":{"title":"ITV desfavorable: causas, plazos y que hacer - Box Repsol","description":"\u00bfITV desfavorable? Descubre qu\u00e9 significa, las causas comunes, plazos, multas y c\u00f3mo solucionarlo para evitar problemas legales y econ\u00f3micos","canonical":"https:\/\/www.boxrepsol.com\/es\/vive-tu-moto\/itv-desfavorable-causas-y-plazos\/","og_locale":"es_ES","og_type":"article","og_title":"ITV desfavorable: causas, plazos y que hacer - Box Repsol","og_description":"\u00bfITV desfavorable? Descubre qu\u00e9 significa, las causas comunes, plazos, multas y c\u00f3mo solucionarlo para evitar problemas legales y econ\u00f3micos","og_url":"https:\/\/www.boxrepsol.com\/es\/vive-tu-moto\/itv-desfavorable-causas-y-plazos\/","og_site_name":"Box Repsol","article_publisher":"https:\/\/www.facebook.com\/BoxRepsol","article_published_time":"2025-01-10T12:50:28+00:00","article_modified_time":"2025-02-12T09:42:36+00:00","og_image":[{"width":1200,"height":600,"url":"https:\/\/bxrepsol.s3.eu-west-1.amazonaws.com\/static\/2025\/01\/10092956\/mechanic-preparing-check-list.png","type":"image\/png"}],"author":"Juan Pedro de la Torre","twitter_card":"summary_large_image","twitter_creator":"@https:\/\/twitter.com\/JPdelaTorre1965","twitter_site":"@box_repsol","twitter_misc":{"Written by":"Juan Pedro de la Torre","Est. reading time":"5 minutos"},"schema":{"@context":"https:\/\/schema.org","@graph":[{"@type":"Article","@id":"https:\/\/www.boxrepsol.com\/es\/vive-tu-moto\/itv-desfavorable-causas-y-plazos\/#article","isPartOf":{"@id":"https:\/\/www.boxrepsol.com\/es\/vive-tu-moto\/itv-desfavorable-causas-y-plazos\/"},"author":{"name":"Juan Pedro de la Torre","@id":"https:\/\/www.boxrepsol.com\/es\/#\/schema\/person\/26abce1d675df22d63ac9e9d5f23e4aa"},"headline":"ITV desfavorable: qu\u00e9 significa, causas, y c\u00f3mo solucionarlo","datePublished":"2025-01-10T12:50:28+00:00","dateModified":"2025-02-12T09:42:36+00:00","mainEntityOfPage":{"@id":"https:\/\/www.boxrepsol.com\/es\/vive-tu-moto\/itv-desfavorable-causas-y-plazos\/"},"wordCount":923,"commentCount":0,"publisher":{"@id":"https:\/\/www.boxrepsol.com\/es\/#organization"},"image":{"@id":"https:\/\/www.boxrepsol.com\/es\/vive-tu-moto\/itv-desfavorable-causas-y-plazos\/#primaryimage"},"thumbnailUrl":"https:\/\/bxrepsol.s3.eu-west-1.amazonaws.com\/static\/2025\/01\/10092956\/mechanic-preparing-check-list.png","keywords":["Motor"],"articleSection":["Vive tu moto"],"inLanguage":"es","potentialAction":[{"@type":"CommentAction","name":"Comment","target":["https:\/\/www.boxrepsol.com\/es\/vive-tu-moto\/itv-desfavorable-causas-y-plazos\/#respond"]}]},{"@type":"WebPage","@id":"https:\/\/www.boxrepsol.com\/es\/vive-tu-moto\/itv-desfavorable-causas-y-plazos\/","url":"https:\/\/www.boxrepsol.com\/es\/vive-tu-moto\/itv-desfavorable-causas-y-plazos\/","name":"ITV desfavorable: causas, plazos y que hacer - Box Repsol","isPartOf":{"@id":"https:\/\/www.boxrepsol.com\/es\/#website"},"primaryImageOfPage":{"@id":"https:\/\/www.boxrepsol.com\/es\/vive-tu-moto\/itv-desfavorable-causas-y-plazos\/#primaryimage"},"image":{"@id":"https:\/\/www.boxrepsol.com\/es\/vive-tu-moto\/itv-desfavorable-causas-y-plazos\/#primaryimage"},"thumbnailUrl":"https:\/\/bxrepsol.s3.eu-west-1.amazonaws.com\/static\/2025\/01\/10092956\/mechanic-preparing-check-list.png","datePublished":"2025-01-10T12:50:28+00:00","dateModified":"2025-02-12T09:42:36+00:00","description":"\u00bfITV desfavorable? Descubre qu\u00e9 significa, las causas comunes, plazos, multas y c\u00f3mo solucionarlo para evitar problemas legales y econ\u00f3micos","breadcrumb":{"@id":"https:\/\/www.boxrepsol.com\/es\/vive-tu-moto\/itv-desfavorable-causas-y-plazos\/#breadcrumb"},"inLanguage":"es","potentialAction":[{"@type":"ReadAction","target":["https:\/\/www.boxrepsol.com\/es\/vive-tu-moto\/itv-desfavorable-causas-y-plazos\/"]}]},{"@type":"ImageObject","inLanguage":"es","@id":"https:\/\/www.boxrepsol.com\/es\/vive-tu-moto\/itv-desfavorable-causas-y-plazos\/#primaryimage","url":"https:\/\/bxrepsol.s3.eu-west-1.amazonaws.com\/static\/2025\/01\/10092956\/mechanic-preparing-check-list.png","contentUrl":"https:\/\/bxrepsol.s3.eu-west-1.amazonaws.com\/static\/2025\/01\/10092956\/mechanic-preparing-check-list.png","width":1200,"height":600,"caption":"Imagen de un trabajador de una ITV"},{"@type":"BreadcrumbList","@id":"https:\/\/www.boxrepsol.com\/es\/vive-tu-moto\/itv-desfavorable-causas-y-plazos\/#breadcrumb","itemListElement":[{"@type":"ListItem","position":1,"name":"Home","item":"https:\/\/www.boxrepsol.com\/es\/"},{"@type":"ListItem","position":2,"name":"ITV desfavorable: qu\u00e9 significa, causas, y c\u00f3mo solucionarlo"}]},{"@type":"WebSite","@id":"https:\/\/www.boxrepsol.com\/es\/#website","url":"https:\/\/www.boxrepsol.com\/es\/","name":"Box Repsol","description":"Box Repsol Site","publisher":{"@id":"https:\/\/www.boxrepsol.com\/es\/#organization"},"potentialAction":[{"@type":"SearchAction","target":{"@type":"EntryPoint","urlTemplate":"https:\/\/www.boxrepsol.com\/es\/?s={search_term_string}"},"query-input":{"@type":"PropertyValueSpecification","valueRequired":true,"valueName":"search_term_string"}}],"inLanguage":"es"},{"@type":"Organization","@id":"https:\/\/www.boxrepsol.com\/es\/#organization","name":"Box Repsol","url":"https:\/\/www.boxrepsol.com\/es\/","logo":{"@type":"ImageObject","inLanguage":"es","@id":"https:\/\/www.boxrepsol.com\/es\/#\/schema\/logo\/image\/","url":"https:\/\/bxrepsol.s3.eu-west-1.amazonaws.com\/static\/2025\/07\/30083337\/favicon-96x96-1.png","contentUrl":"https:\/\/bxrepsol.s3.eu-west-1.amazonaws.com\/static\/2025\/07\/30083337\/favicon-96x96-1.png","width":96,"height":96,"caption":"Box Repsol"},"image":{"@id":"https:\/\/www.boxrepsol.com\/es\/#\/schema\/logo\/image\/"},"sameAs":["https:\/\/www.facebook.com\/BoxRepsol","https:\/\/x.com\/box_repsol","http:\/\/instagram.com\/box_repsol","https:\/\/www.youtube.com\/user\/RepsolCompeticion","https:\/\/www.flickr.com\/photos\/box_repsol\/"]},{"@type":"Person","@id":"https:\/\/www.boxrepsol.com\/es\/#\/schema\/person\/26abce1d675df22d63ac9e9d5f23e4aa","name":"Juan Pedro de la Torre","image":{"@type":"ImageObject","inLanguage":"es","@id":"https:\/\/secure.gravatar.com\/avatar\/e81f780ee2930d7be330cb34304decf0e9bc66bec0158805a0fe2726f4517224?s=96&d=mm&r=g","url":"https:\/\/secure.gravatar.com\/avatar\/e81f780ee2930d7be330cb34304decf0e9bc66bec0158805a0fe2726f4517224?s=96&d=mm&r=g","contentUrl":"https:\/\/secure.gravatar.com\/avatar\/e81f780ee2930d7be330cb34304decf0e9bc66bec0158805a0fe2726f4517224?s=96&d=mm&r=g","caption":"Juan Pedro de la Torre"},"description":"Se inici\u00f3 en el diario Marca en 1988 y posteriormente pas\u00f3 a la revista Motociclismo, donde llegar\u00eda a ser director de deporte. Despu\u00e9s fue editor y director de Motoworld.es y Sport Bikes y colabor\u00f3 con varios medios. Adem\u00e1s, ha publicado una docena de libros y actualmente trabaja como colaborador para Motociclismo, El Confidencial y Box Repsol.","sameAs":["https:\/\/x.com\/https:\/\/twitter.com\/JPdelaTorre1965","https:\/\/youtube.com\/@juanpedrodelatorremotoworld"],"url":"https:\/\/www.boxrepsol.com\/es\/author\/juanpedro_delatorre\/"}]}},"_links":{"self":[{"href":"https:\/\/www.boxrepsol.com\/es\/wp-json\/wp\/v2\/posts\/123218","targetHints":{"allow":["GET"]}}],"collection":[{"href":"https:\/\/www.boxrepsol.com\/es\/wp-json\/wp\/v2\/posts"}],"about":[{"href":"https:\/\/www.boxrepsol.com\/es\/wp-json\/wp\/v2\/types\/post"}],"author":[{"embeddable":true,"href":"https:\/\/www.boxrepsol.com\/es\/wp-json\/wp\/v2\/users\/41268"}],"replies":[{"embeddable":true,"href":"https:\/\/www.boxrepsol.com\/es\/wp-json\/wp\/v2\/comments?post=123218"}],"version-history":[{"count":3,"href":"https:\/\/www.boxrepsol.com\/es\/wp-json\/wp\/v2\/posts\/123218\/revisions"}],"predecessor-version":[{"id":124059,"href":"https:\/\/www.boxrepsol.com\/es\/wp-json\/wp\/v2\/posts\/123218\/revisions\/124059"}],"wp:featuredmedia":[{"embeddable":true,"href":"https:\/\/www.boxrepsol.com\/es\/wp-json\/wp\/v2\/media\/123219"}],"wp:attachment":[{"href":"https:\/\/www.boxrepsol.com\/es\/wp-json\/wp\/v2\/media?parent=123218"}],"wp:term":[{"taxonomy":"category","embeddable":true,"href":"https:\/\/www.boxrepsol.com\/es\/wp-json\/wp\/v2\/categories?post=123218"},{"taxonomy":"post_tag","embeddable":true,"href":"https:\/\/www.boxrepsol.com\/es\/wp-json\/wp\/v2\/tags?post=123218"}],"curies":[{"name":"wp","href":"https:\/\/api.w.org\/{rel}","templated":true}]}}