{"id":123049,"date":"2024-12-21T19:10:47","date_gmt":"2024-12-21T21:10:47","guid":{"rendered":"https:\/\/www.boxrepsol.com\/?p=123049"},"modified":"2024-12-22T09:37:19","modified_gmt":"2024-12-22T11:37:19","slug":"resultados-y-resumen-del-x-trial-de-madrid-2025","status":"publish","type":"post","link":"https:\/\/www.boxrepsol.com\/es\/trial\/resultados-y-resumen-del-x-trial-de-madrid-2025\/","title":{"rendered":"Resultados y resumen del X-Trial de Madrid 2025"},"content":{"rendered":"<figure class=\"wp-block-post-featured-image\"><img loading=\"lazy\" decoding=\"async\" width=\"1200\" height=\"650\" src=\"https:\/\/bxrepsol.s3.eu-west-1.amazonaws.com\/static\/2024\/12\/22090848\/Noti-Portada-web.jpg\" class=\"attachment-post-thumbnail size-post-thumbnail wp-post-image\" alt=\"Resultados X-Trial Madrid 2025 (web)\" style=\"object-fit:cover;\" srcset=\"https:\/\/bxrepsol.s3.eu-west-1.amazonaws.com\/static\/2024\/12\/22090848\/Noti-Portada-web.jpg 1200w, https:\/\/bxrepsol.s3.eu-west-1.amazonaws.com\/static\/2024\/12\/22090848\/Noti-Portada-web-300x163.jpg 300w, https:\/\/bxrepsol.s3.eu-west-1.amazonaws.com\/static\/2024\/12\/22090848\/Noti-Portada-web-1024x555.jpg 1024w, https:\/\/bxrepsol.s3.eu-west-1.amazonaws.com\/static\/2024\/12\/22090848\/Noti-Portada-web-768x416.jpg 768w\" sizes=\"auto, (max-width: 1200px) 100vw, 1200px\" \/><\/figure>\n\n\n<p>El <strong>campeonato<\/strong> <strong>de X-Trial <\/strong>no descansa y ya ha puesto en marcha la<strong> temporada 2025<\/strong>. Aunque la fecha y el nuevo formato han alterado el calendario habitual, el Repsol Honda HRC ha vuelto a sumar un nuevo podio, con <strong>Toni Bou<\/strong> como protagonista. El vigente campe\u00f3n del mundo de la disciplina bajo techo no ha tenido dificultades para colocarse l\u00edder <strong>ya desde la Q1<\/strong>, pero ha acabado cediendo una posici\u00f3n en la final tras un malentendido con el reglamento de la primera zona. <strong>Gabriel Marcelli<\/strong>, por su parte, se ha quedado muy cerca de pasar a la final (hasta en dos ocasiones) y se ha tenido que conformar con la quinta plaza.<\/p>\n\n\n\n<p>Con el nuevo formato de<strong> Q1 + Last Chance<\/strong> que sustituye a las dos vueltas habituales anteriores, la final est\u00e1 compuesta por cuatro pilotos (tres pasan directos y uno en el repechaje). Con todo, <strong>Toni <\/strong>ha liderado sin fisuras, <strong>incluso en la Super Pole<\/strong> realizada tras la repesca: el m\u00e1s r\u00e1pido de esta mini prueba extra, sale cuarto en todas las zonas disputadas en la final. Pero la ventaja de ver antes a sus rivales competir no ha acabado de traerle la mejor de las suertes y ha tenido que remar a contracorriente para sumar la P2 final. <\/p>\n\n\n\n<p>Tras estos primeros resultados de la temporada,<strong> Toni Bou<\/strong> arranca segundo, tras Jaime Busto, la clasificaci\u00f3n general del Mundial bajo techo. Por detr\u00e1s del 36 veces campe\u00f3n del mundo se colocan Adam Raga, Beno\u00eet Bincaz y <strong>Gabri Marcelli<\/strong>.<\/p>\n\n\n\n<p>Con esta primera cita del mundial de<strong> X-Trial<\/strong> <strong>2025<\/strong>, se cierra este a\u00f1o natural de 2024 a nivel internacional. La segunda prueba del mundial indoor se disputar\u00e1 en <strong>Chamb\u00e9ry, Francia<\/strong>, el pr\u00f3ximo s\u00e1bado <strong>11 de enero<\/strong>. <\/p>\n\n\n\n<p><\/p>\n\n\n\n<div id=\"ez-toc-container\" class=\"ez-toc-v2_0_82_2 counter-hierarchy ez-toc-counter ez-toc-grey ez-toc-container-direction\">\n<div class=\"ez-toc-title-container\">\n<p class=\"ez-toc-title\" style=\"cursor:inherit\">\u00cdndice<\/p>\n<span class=\"ez-toc-title-toggle\"><a href=\"#\" class=\"ez-toc-pull-right ez-toc-btn ez-toc-btn-xs ez-toc-btn-default ez-toc-toggle\" aria-label=\"Toggle Table of Content\"><span class=\"ez-toc-js-icon-con\"><span class=\"\"><span class=\"eztoc-hide\" style=\"display:none;\">Toggle<\/span><span class=\"ez-toc-icon-toggle-span\"><svg style=\"fill: #999;color:#999\" xmlns=\"http:\/\/www.w3.org\/2000\/svg\" class=\"list-377408\" width=\"20px\" height=\"20px\" viewBox=\"0 0 24 24\" fill=\"none\"><path d=\"M6 6H4v2h2V6zm14 0H8v2h12V6zM4 11h2v2H4v-2zm16 0H8v2h12v-2zM4 16h2v2H4v-2zm16 0H8v2h12v-2z\" fill=\"currentColor\"><\/path><\/svg><svg style=\"fill: #999;color:#999\" class=\"arrow-unsorted-368013\" xmlns=\"http:\/\/www.w3.org\/2000\/svg\" width=\"10px\" height=\"10px\" viewBox=\"0 0 24 24\" version=\"1.2\" baseProfile=\"tiny\"><path d=\"M18.2 9.3l-6.2-6.3-6.2 6.3c-.2.2-.3.4-.3.7s.1.5.3.7c.2.2.4.3.7.3h11c.3 0 .5-.1.7-.3.2-.2.3-.5.3-.7s-.1-.5-.3-.7zM5.8 14.7l6.2 6.3 6.2-6.3c.2-.2.3-.5.3-.7s-.1-.5-.3-.7c-.2-.2-.4-.3-.7-.3h-11c-.3 0-.5.1-.7.3-.2.2-.3.5-.3.7s.1.5.3.7z\"\/><\/svg><\/span><\/span><\/span><\/a><\/span><\/div>\n<nav><ul class='ez-toc-list ez-toc-list-level-1 ' ><li class='ez-toc-page-1 ez-toc-heading-level-2'><a class=\"ez-toc-link ez-toc-heading-1\" href=\"https:\/\/www.boxrepsol.com\/es\/trial\/resultados-y-resumen-del-x-trial-de-madrid-2025\/#El_Repsol_Honda_arranca_el_2025_con_un_podio\" >El Repsol Honda arranca el 2025 con un podio<\/a><ul class='ez-toc-list-level-3' ><li class='ez-toc-heading-level-3'><a class=\"ez-toc-link ez-toc-heading-2\" href=\"https:\/\/www.boxrepsol.com\/es\/trial\/resultados-y-resumen-del-x-trial-de-madrid-2025\/#Clasificacion_X-Trial_Madrid\" >Clasificaci\u00f3n X-Trial Madrid<\/a><\/li><li class='ez-toc-page-1 ez-toc-heading-level-3'><a class=\"ez-toc-link ez-toc-heading-3\" href=\"https:\/\/www.boxrepsol.com\/es\/trial\/resultados-y-resumen-del-x-trial-de-madrid-2025\/#Clasificacion_general_X-Trial\" >Clasificaci\u00f3n general X-Trial<\/a><\/li><li class='ez-toc-page-1 ez-toc-heading-level-3'><a class=\"ez-toc-link ez-toc-heading-4\" href=\"https:\/\/www.boxrepsol.com\/es\/trial\/resultados-y-resumen-del-x-trial-de-madrid-2025\/#Toni_Bou\" >Toni Bou<\/a><\/li><li class='ez-toc-page-1 ez-toc-heading-level-3'><a class=\"ez-toc-link ez-toc-heading-5\" href=\"https:\/\/www.boxrepsol.com\/es\/trial\/resultados-y-resumen-del-x-trial-de-madrid-2025\/#Gabri_Marcelli\" >Gabri Marcelli<\/a><\/li><\/ul><\/li><\/ul><\/nav><\/div>\n<h2 class=\"wp-block-heading\"><span class=\"ez-toc-section\" id=\"El_Repsol_Honda_arranca_el_2025_con_un_podio\"><\/span><strong>El Repsol Honda arranca el 2025 con un podio<\/strong><span class=\"ez-toc-section-end\"><\/span><\/h2>\n\n\n\n<p>El <strong>equipo<\/strong> <strong>Repsol Honda de Trial<\/strong> ha vuelto a la competici\u00f3n internacional sumando un podio en Madrid. El cambio de reglamento no ha acabado de dar suerte a los dos pilotos de la <strong>Montesa Cota 4RT<\/strong>, que han podido merecer m\u00e1s de lo conseguido finalmente.<\/p>\n\n\n\n<p><strong>Toni Bou<\/strong> ha ido de m\u00e1s a menos. El doble campe\u00f3n del mundo de 2024 ha arrancado de forma impoluta la prueba madrile\u00f1a: <strong>primera posici\u00f3n en Q1 y en Super pole<\/strong> con mucha superioridad. Ya en la final, Toni ha sufrido un malentendido en la primera zona tras haber deliberado sobre ella en el briefing matinal y, aunque podr\u00eda no haberlo sumado, se le ha acabado por otorgar un cinco. Tras reclamar a los jueces, la decisi\u00f3n no ha cambiado y Toni, fruto de la situaci\u00f3n, ha cometido alg\u00fan error m\u00e1s que lo ha llevado <strong>hasta la P4<\/strong>. Por suerte, el piloto del Repsol Honda ha conseguido recuperar <strong>dos posiciones en la \u00faltima zona <\/strong>para sumar una plata nada sencilla. <\/p>\n\n\n\n<p>Por lo que se refiere a <strong>Gabri Marcelli<\/strong>, ha tenido que pasar por la repesca tras quedarse <strong>a un solo punto de penalizaci\u00f3n<\/strong> de pasar de forma directa a la final. Tanto es as\u00ed, que el piloto gallego se ha visto obligado a pugnar por la cuarta y \u00faltima plaza finalista <strong>en el Last Chance<\/strong> de este nuevo formato indoor, pero no ha podido batir a <strong>Beno\u00eet Bincaz<\/strong> y se ha tenido que conformar<strong> con la P2<\/strong> en el repechaje, que se traduce <strong>en la P5 de la clasificaci\u00f3n final<\/strong> en Madrid. <\/p>\n\n\n\n<p><\/p>\n\n\n\n<h3 class=\"wp-block-heading\"><span class=\"ez-toc-section\" id=\"Clasificacion_X-Trial_Madrid\"><\/span><strong>Clasificaci\u00f3n X-Trial Madrid<\/strong><span class=\"ez-toc-section-end\"><\/span><\/h3>\n\n\n\n<figure class=\"wp-block-table is-style-stripes\"><table><tbody><tr><td><strong>PILOTO<\/strong><\/td><td><strong>EQUIPO<\/strong><\/td><td><strong>PUNTOS<\/strong><\/td><\/tr><tr><td>1. Jaime Busto<\/td><td>GASGAS<\/td><td>20<\/td><\/tr><tr><td><strong>2. Toni Bou<\/strong><\/td><td><strong>REPSOL HONDA<\/strong><\/td><td><strong>15<\/strong><\/td><\/tr><tr><td>3. Adam Raga<\/td><td>SHERCO<\/td><td>12<\/td><\/tr><tr><td>4. Beno\u00eet Bincaz<\/td><td>SHERCO<\/td><td>9<\/td><\/tr><tr><td><strong>5. Gabri Marcelli<\/strong><\/td><td><strong>REPSOL HONDA<\/strong><\/td><td><strong>6<\/strong><\/td><\/tr><tr><td>6. Sondre Haga<\/td><td>GASGAS<\/td><td>4<\/td><\/tr><tr><td>7. Jack Peace<\/td><td>SHERCO<\/td><td>2<\/td><\/tr><tr><td>8. Miquel Gelabert<\/td><td>VERTIGO<\/td><td>1<\/td><\/tr><\/tbody><\/table><\/figure>\n\n\n\n<p><\/p>\n\n\n\n<h3 class=\"wp-block-heading\"><span class=\"ez-toc-section\" id=\"Clasificacion_general_X-Trial\"><\/span><strong>Clasificaci\u00f3n general X-Trial<\/strong><span class=\"ez-toc-section-end\"><\/span><\/h3>\n\n\n\n<figure class=\"wp-block-table is-style-stripes\"><table><tbody><tr><td><strong>PILOTO<\/strong><\/td><td><strong>EQUIPO<\/strong><\/td><td><strong>PUNTOS<\/strong><\/td><\/tr><tr><td>1. Jaime Busto<\/td><td>GASGAS<\/td><td>20<\/td><\/tr><tr><td><strong>2. Toni Bou<\/strong><\/td><td><strong>REPSOL HONDA<\/strong><\/td><td><strong>15<\/strong><\/td><\/tr><tr><td>3. Adam Raga<\/td><td>SHERCO<\/td><td>12<\/td><\/tr><tr><td>4. Beno\u00eet Bincaz<\/td><td>SHERCO<\/td><td>9<\/td><\/tr><tr><td><strong>5. Gabri Marcelli<\/strong><\/td><td><strong>REPSOL HONDA<\/strong><\/td><td><strong>6<\/strong><\/td><\/tr><tr><td>6. Sondre Haga<\/td><td>GASGAS<\/td><td>4<\/td><\/tr><tr><td>7. Jack Peace<\/td><td>SHERCO<\/td><td>2<\/td><\/tr><tr><td>8. Miquel Gelabert<\/td><td>VERTIGO<\/td><td>1<\/td><\/tr><\/tbody><\/table><\/figure>\n\n\n\n<div id=\"bce8853d-bbc9-457c-bb6f-3ef2e90df61f\" class=\"br-slider-box\"><div class=\"wp-block-create-block-repsol-carousel br-slider\"><a target=\"_blank\" href=\"https:\/\/bxrepsol.s3.eu-west-1.amazonaws.com\/static\/2024\/12\/22093412\/Carrusel-1.jpg\" data-index=\"0\" rel=\"noopener\"><img decoding=\"async\" src=\"https:\/\/bxrepsol.s3.eu-west-1.amazonaws.com\/static\/2024\/12\/22093412\/Carrusel-1.jpg\"\/><\/a><a target=\"_blank\" href=\"https:\/\/bxrepsol.s3.eu-west-1.amazonaws.com\/static\/2024\/12\/22093434\/Carrusel-4.jpg\" data-index=\"1\" rel=\"noopener\"><img decoding=\"async\" src=\"https:\/\/bxrepsol.s3.eu-west-1.amazonaws.com\/static\/2024\/12\/22093434\/Carrusel-4.jpg\"\/><\/a><a target=\"_blank\" href=\"https:\/\/bxrepsol.s3.eu-west-1.amazonaws.com\/static\/2024\/12\/22093426\/Carrusel-2.jpg\" data-index=\"2\" rel=\"noopener\"><img decoding=\"async\" src=\"https:\/\/bxrepsol.s3.eu-west-1.amazonaws.com\/static\/2024\/12\/22093426\/Carrusel-2.jpg\"\/><\/a><a target=\"_blank\" href=\"https:\/\/bxrepsol.s3.eu-west-1.amazonaws.com\/static\/2024\/12\/22093430\/Carrusel-3.jpg\" data-index=\"3\" rel=\"noopener\"><img decoding=\"async\" src=\"https:\/\/bxrepsol.s3.eu-west-1.amazonaws.com\/static\/2024\/12\/22093430\/Carrusel-3.jpg\"\/><\/a><a target=\"_blank\" href=\"https:\/\/bxrepsol.s3.eu-west-1.amazonaws.com\/static\/2024\/12\/22093437\/Carrusel-5.jpg\" data-index=\"4\" rel=\"noopener\"><img decoding=\"async\" src=\"https:\/\/bxrepsol.s3.eu-west-1.amazonaws.com\/static\/2024\/12\/22093437\/Carrusel-5.jpg\"\/><\/a><\/div><div class=\"br-slider-buttons\"><button class=\"arrow rds-icon arrow--left rds-icon-Arrow_left\"><\/button><button class=\"arrow rds-icon arrow--right rds-icon-Arrow_right\"><\/button><\/div><\/div>\n\n\n\n<p><\/p>\n\n\n\n<p><\/p>\n\n\n\n<p><\/p>\n\n\n\n<h3 class=\"wp-block-heading\"><span class=\"ez-toc-section\" id=\"Toni_Bou\"><\/span><strong>Toni Bou<\/strong><span class=\"ez-toc-section-end\"><\/span><\/h3>\n\n\n\n<p>\u00abHa sido un d\u00eda extra\u00f1o. Hemos ganado la primera vuelta y la Super Pole, adem\u00e1s de conseguir un cero en la primera zona de la final, pero me han acabado poniendo un cinco. Nos hab\u00edan dicho que pod\u00edamos saltarnos la parte final, pero parece que ha habido un malentendido y no era as\u00ed. Es una l\u00e1stima porque de haber sumado un cero ah\u00ed habr\u00edamos tenido muchas m\u00e1s opciones de ganar, pero la realidad es que a partir de esa primera zona he perdido algo los nervios y las cosas no han salido bien. Estas cosas pasan y hay que aprender de ellas. Por suerte, en el \u00faltimo instante hemos podido recuperarnos para acabar firmando la segunda plaza\u00bb.<\/p>\n\n\n\n<h3 class=\"wp-block-heading\"><span class=\"ez-toc-section\" id=\"Gabri_Marcelli\"><\/span><strong>Gabri Marcelli<\/strong><span class=\"ez-toc-section-end\"><\/span><\/h3>\n\n\n\n<p>\u00abNo estoy muy contento con el pilotaje que he mostrado hoy y el resultado final no es el que esper\u00e1bamos. Este nuevo formato ha sido algo nuevo para nosotros y no han salido las cosas como quer\u00edamos. Tenemos trabajo por delante, as\u00ed que tocar\u00e1 aprender de los errores y, si el formato se mantiene, tendremos que adaptarnos y ser m\u00e1s precisos con nuestra estrategia. Pensamos ya en Chamb\u00e9ry, donde seguro que las cosas salen mejor. Hoy me he notado algo nervioso, as\u00ed que espero poder soltarme m\u00e1s para la segunda prueba y estar en la final\u00bb.<\/p>\n","protected":false},"excerpt":{"rendered":"<p>Primer podio de la temporada de X-Trial 2025 para el Repsol Honda HRC. Toni Bou fue segundo y Gabri Marcelli quinto en una prueba que experiment\u00f3 por primera vez un nuevo formato de competici\u00f3n.<\/p>\n","protected":false},"author":43146,"featured_media":123073,"comment_status":"open","ping_status":"closed","sticky":false,"template":"","format":"standard","meta":{"footnotes":""},"categories":[23],"tags":[203,21,540],"class_list":["post-123049","post","type-post","status-publish","format-standard","hentry","category-trial","tag-gabri-marcelli","tag-toni-bou","tag-x-trial-2025"],"yoast_head":"<!-- This site is optimized with the Yoast SEO plugin v27.3 - https:\/\/yoast.com\/product\/yoast-seo-wordpress\/ -->\n<title>Resultados y resumen del X-Trial de Madrid 2025 - Box Repsol<\/title>\n<link rel=\"canonical\" href=\"https:\/\/www.boxrepsol.com\/es\/trial\/resultados-y-resumen-del-x-trial-de-madrid-2025\/\" \/>\n<meta property=\"og:locale\" content=\"es_ES\" \/>\n<meta property=\"og:type\" content=\"article\" \/>\n<meta property=\"og:title\" content=\"Resultados y resumen del X-Trial de Madrid 2025 - Box Repsol\" \/>\n<meta property=\"og:description\" content=\"Primer podio de la temporada de X-Trial 2025 para el Repsol Honda HRC. Toni Bou fue segundo y Gabri Marcelli quinto en una prueba que experiment\u00f3 por primera vez un nuevo formato de competici\u00f3n.\" \/>\n<meta property=\"og:url\" content=\"https:\/\/www.boxrepsol.com\/es\/trial\/resultados-y-resumen-del-x-trial-de-madrid-2025\/\" \/>\n<meta property=\"og:site_name\" content=\"Box Repsol\" \/>\n<meta property=\"article:publisher\" content=\"https:\/\/www.facebook.com\/BoxRepsol\" \/>\n<meta property=\"article:author\" content=\"https:\/\/www.facebook.com\/BoxRepsol\/\" \/>\n<meta property=\"article:published_time\" content=\"2024-12-21T21:10:47+00:00\" \/>\n<meta property=\"article:modified_time\" content=\"2024-12-22T11:37:19+00:00\" \/>\n<meta property=\"og:image\" content=\"https:\/\/bxrepsol.s3.eu-west-1.amazonaws.com\/static\/2024\/12\/22090848\/Noti-Portada-web.jpg\" \/>\n\t<meta property=\"og:image:width\" content=\"1200\" \/>\n\t<meta property=\"og:image:height\" content=\"650\" \/>\n\t<meta property=\"og:image:type\" content=\"image\/jpeg\" \/>\n<meta name=\"author\" content=\"Redacci\u00f3n Box Repsol\" \/>\n<meta name=\"twitter:card\" content=\"summary_large_image\" \/>\n<meta name=\"twitter:creator\" content=\"@https:\/\/twitter.com\/box_repsol\" \/>\n<meta name=\"twitter:site\" content=\"@box_repsol\" \/>\n<meta name=\"twitter:label1\" content=\"Written by\" \/>\n\t<meta name=\"twitter:data1\" content=\"Redacci\u00f3n Box Repsol\" \/>\n\t<meta name=\"twitter:label2\" content=\"Est. reading time\" \/>\n\t<meta name=\"twitter:data2\" content=\"4 minutos\" \/>\n<script type=\"application\/ld+json\" class=\"yoast-schema-graph\">{\"@context\":\"https:\\\/\\\/schema.org\",\"@graph\":[{\"@type\":\"Article\",\"@id\":\"https:\\\/\\\/www.boxrepsol.com\\\/es\\\/trial\\\/resultados-y-resumen-del-x-trial-de-madrid-2025\\\/#article\",\"isPartOf\":{\"@id\":\"https:\\\/\\\/www.boxrepsol.com\\\/es\\\/trial\\\/resultados-y-resumen-del-x-trial-de-madrid-2025\\\/\"},\"author\":{\"name\":\"Redacci\u00f3n Box Repsol\",\"@id\":\"https:\\\/\\\/www.boxrepsol.com\\\/es\\\/#\\\/schema\\\/person\\\/c5c2138f2cca251b0ad92b7086bb60b7\"},\"headline\":\"Resultados y resumen del X-Trial de Madrid 2025\",\"datePublished\":\"2024-12-21T21:10:47+00:00\",\"dateModified\":\"2024-12-22T11:37:19+00:00\",\"mainEntityOfPage\":{\"@id\":\"https:\\\/\\\/www.boxrepsol.com\\\/es\\\/trial\\\/resultados-y-resumen-del-x-trial-de-madrid-2025\\\/\"},\"wordCount\":874,\"commentCount\":0,\"publisher\":{\"@id\":\"https:\\\/\\\/www.boxrepsol.com\\\/es\\\/#organization\"},\"image\":{\"@id\":\"https:\\\/\\\/www.boxrepsol.com\\\/es\\\/trial\\\/resultados-y-resumen-del-x-trial-de-madrid-2025\\\/#primaryimage\"},\"thumbnailUrl\":\"https:\\\/\\\/bxrepsol.s3.eu-west-1.amazonaws.com\\\/static\\\/2024\\\/12\\\/22090848\\\/Noti-Portada-web.jpg\",\"keywords\":[\"Gabri Marcelli\",\"Toni Bou\",\"X-Trial 2025\"],\"articleSection\":[\"Trial\"],\"inLanguage\":\"es\",\"potentialAction\":[{\"@type\":\"CommentAction\",\"name\":\"Comment\",\"target\":[\"https:\\\/\\\/www.boxrepsol.com\\\/es\\\/trial\\\/resultados-y-resumen-del-x-trial-de-madrid-2025\\\/#respond\"]}]},{\"@type\":\"WebPage\",\"@id\":\"https:\\\/\\\/www.boxrepsol.com\\\/es\\\/trial\\\/resultados-y-resumen-del-x-trial-de-madrid-2025\\\/\",\"url\":\"https:\\\/\\\/www.boxrepsol.com\\\/es\\\/trial\\\/resultados-y-resumen-del-x-trial-de-madrid-2025\\\/\",\"name\":\"Resultados y resumen del X-Trial de Madrid 2025 - Box Repsol\",\"isPartOf\":{\"@id\":\"https:\\\/\\\/www.boxrepsol.com\\\/es\\\/#website\"},\"primaryImageOfPage\":{\"@id\":\"https:\\\/\\\/www.boxrepsol.com\\\/es\\\/trial\\\/resultados-y-resumen-del-x-trial-de-madrid-2025\\\/#primaryimage\"},\"image\":{\"@id\":\"https:\\\/\\\/www.boxrepsol.com\\\/es\\\/trial\\\/resultados-y-resumen-del-x-trial-de-madrid-2025\\\/#primaryimage\"},\"thumbnailUrl\":\"https:\\\/\\\/bxrepsol.s3.eu-west-1.amazonaws.com\\\/static\\\/2024\\\/12\\\/22090848\\\/Noti-Portada-web.jpg\",\"datePublished\":\"2024-12-21T21:10:47+00:00\",\"dateModified\":\"2024-12-22T11:37:19+00:00\",\"breadcrumb\":{\"@id\":\"https:\\\/\\\/www.boxrepsol.com\\\/es\\\/trial\\\/resultados-y-resumen-del-x-trial-de-madrid-2025\\\/#breadcrumb\"},\"inLanguage\":\"es\",\"potentialAction\":[{\"@type\":\"ReadAction\",\"target\":[\"https:\\\/\\\/www.boxrepsol.com\\\/es\\\/trial\\\/resultados-y-resumen-del-x-trial-de-madrid-2025\\\/\"]}]},{\"@type\":\"ImageObject\",\"inLanguage\":\"es\",\"@id\":\"https:\\\/\\\/www.boxrepsol.com\\\/es\\\/trial\\\/resultados-y-resumen-del-x-trial-de-madrid-2025\\\/#primaryimage\",\"url\":\"https:\\\/\\\/bxrepsol.s3.eu-west-1.amazonaws.com\\\/static\\\/2024\\\/12\\\/22090848\\\/Noti-Portada-web.jpg\",\"contentUrl\":\"https:\\\/\\\/bxrepsol.s3.eu-west-1.amazonaws.com\\\/static\\\/2024\\\/12\\\/22090848\\\/Noti-Portada-web.jpg\",\"width\":1200,\"height\":650,\"caption\":\"Resultados X-Trial Madrid 2025 (web)\"},{\"@type\":\"BreadcrumbList\",\"@id\":\"https:\\\/\\\/www.boxrepsol.com\\\/es\\\/trial\\\/resultados-y-resumen-del-x-trial-de-madrid-2025\\\/#breadcrumb\",\"itemListElement\":[{\"@type\":\"ListItem\",\"position\":1,\"name\":\"Home\",\"item\":\"https:\\\/\\\/www.boxrepsol.com\\\/es\\\/\"},{\"@type\":\"ListItem\",\"position\":2,\"name\":\"Resultados y resumen del X-Trial de Madrid 2025\"}]},{\"@type\":\"WebSite\",\"@id\":\"https:\\\/\\\/www.boxrepsol.com\\\/es\\\/#website\",\"url\":\"https:\\\/\\\/www.boxrepsol.com\\\/es\\\/\",\"name\":\"Box Repsol\",\"description\":\"Box Repsol Site\",\"publisher\":{\"@id\":\"https:\\\/\\\/www.boxrepsol.com\\\/es\\\/#organization\"},\"potentialAction\":[{\"@type\":\"SearchAction\",\"target\":{\"@type\":\"EntryPoint\",\"urlTemplate\":\"https:\\\/\\\/www.boxrepsol.com\\\/es\\\/?s={search_term_string}\"},\"query-input\":{\"@type\":\"PropertyValueSpecification\",\"valueRequired\":true,\"valueName\":\"search_term_string\"}}],\"inLanguage\":\"es\"},{\"@type\":\"Organization\",\"@id\":\"https:\\\/\\\/www.boxrepsol.com\\\/es\\\/#organization\",\"name\":\"Box Repsol\",\"url\":\"https:\\\/\\\/www.boxrepsol.com\\\/es\\\/\",\"logo\":{\"@type\":\"ImageObject\",\"inLanguage\":\"es\",\"@id\":\"https:\\\/\\\/www.boxrepsol.com\\\/es\\\/#\\\/schema\\\/logo\\\/image\\\/\",\"url\":\"https:\\\/\\\/bxrepsol.s3.eu-west-1.amazonaws.com\\\/static\\\/2025\\\/07\\\/30083337\\\/favicon-96x96-1.png\",\"contentUrl\":\"https:\\\/\\\/bxrepsol.s3.eu-west-1.amazonaws.com\\\/static\\\/2025\\\/07\\\/30083337\\\/favicon-96x96-1.png\",\"width\":96,\"height\":96,\"caption\":\"Box Repsol\"},\"image\":{\"@id\":\"https:\\\/\\\/www.boxrepsol.com\\\/es\\\/#\\\/schema\\\/logo\\\/image\\\/\"},\"sameAs\":[\"https:\\\/\\\/www.facebook.com\\\/BoxRepsol\",\"https:\\\/\\\/x.com\\\/box_repsol\",\"http:\\\/\\\/instagram.com\\\/box_repsol\",\"https:\\\/\\\/www.youtube.com\\\/user\\\/RepsolCompeticion\",\"https:\\\/\\\/www.flickr.com\\\/photos\\\/box_repsol\\\/\"]},{\"@type\":\"Person\",\"@id\":\"https:\\\/\\\/www.boxrepsol.com\\\/es\\\/#\\\/schema\\\/person\\\/c5c2138f2cca251b0ad92b7086bb60b7\",\"name\":\"Redacci\u00f3n Box Repsol\",\"image\":{\"@type\":\"ImageObject\",\"inLanguage\":\"es\",\"@id\":\"https:\\\/\\\/secure.gravatar.com\\\/avatar\\\/adf7b77e38b4419baf32c7e9c21dde01f4e40df611f0978e3006fc4ba0aaab7e?s=96&d=mm&r=g\",\"url\":\"https:\\\/\\\/secure.gravatar.com\\\/avatar\\\/adf7b77e38b4419baf32c7e9c21dde01f4e40df611f0978e3006fc4ba0aaab7e?s=96&d=mm&r=g\",\"contentUrl\":\"https:\\\/\\\/secure.gravatar.com\\\/avatar\\\/adf7b77e38b4419baf32c7e9c21dde01f4e40df611f0978e3006fc4ba0aaab7e?s=96&d=mm&r=g\",\"caption\":\"Redacci\u00f3n Box Repsol\"},\"description\":\"Box Repsol lo forma un equipo de periodistas, community managers, dise\u00f1adores y fot\u00f3grafos con m\u00e1s de 20 a\u00f1os de experiencia en el mundo del motorsport. Hemos vivido el primer mundial de un espa\u00f1ol en la categor\u00eda reina de motociclismo con \u00c1lex Crivill\u00e9, estuvimos en las victorias de Pedrosa y los t\u00edtulos de M\u00e1rquez, acompa\u00f1amos en \u00c1frica a Nani Roma y Marc Coma en sus conquistas del Dakar y hemos vibrado con los t\u00edtulos de Toni Bou en Trial. Adem\u00e1s, en nuestro equipo contamos con expertos en el mundo de las dos y cuatro ruedas tanto de la calle y las carreteras, como de los circuitos. Periodistas que han trabajado en revistas y publicaciones para hacerte llegar desde rutas y consejos de mantenimiento, a curiosidades y trucos de pilotaje.\",\"sameAs\":[\"https:\\\/\\\/www.facebook.com\\\/BoxRepsol\\\/\",\"https:\\\/\\\/www.instagram.com\\\/box_repsol\\\/\",\"https:\\\/\\\/x.com\\\/https:\\\/\\\/twitter.com\\\/box_repsol\",\"https:\\\/\\\/www.youtube.com\\\/@Boxrepsol\"],\"url\":\"https:\\\/\\\/www.boxrepsol.com\\\/es\\\/author\\\/redaccion-box-repsol\\\/\"}]}<\/script>\n<!-- \/ Yoast SEO plugin. -->","yoast_head_json":{"title":"Resultados y resumen del X-Trial de Madrid 2025 - Box Repsol","canonical":"https:\/\/www.boxrepsol.com\/es\/trial\/resultados-y-resumen-del-x-trial-de-madrid-2025\/","og_locale":"es_ES","og_type":"article","og_title":"Resultados y resumen del X-Trial de Madrid 2025 - Box Repsol","og_description":"Primer podio de la temporada de X-Trial 2025 para el Repsol Honda HRC. Toni Bou fue segundo y Gabri Marcelli quinto en una prueba que experiment\u00f3 por primera vez un nuevo formato de competici\u00f3n.","og_url":"https:\/\/www.boxrepsol.com\/es\/trial\/resultados-y-resumen-del-x-trial-de-madrid-2025\/","og_site_name":"Box Repsol","article_publisher":"https:\/\/www.facebook.com\/BoxRepsol","article_author":"https:\/\/www.facebook.com\/BoxRepsol\/","article_published_time":"2024-12-21T21:10:47+00:00","article_modified_time":"2024-12-22T11:37:19+00:00","og_image":[{"width":1200,"height":650,"url":"https:\/\/bxrepsol.s3.eu-west-1.amazonaws.com\/static\/2024\/12\/22090848\/Noti-Portada-web.jpg","type":"image\/jpeg"}],"author":"Redacci\u00f3n Box Repsol","twitter_card":"summary_large_image","twitter_creator":"@https:\/\/twitter.com\/box_repsol","twitter_site":"@box_repsol","twitter_misc":{"Written by":"Redacci\u00f3n Box Repsol","Est. reading time":"4 minutos"},"schema":{"@context":"https:\/\/schema.org","@graph":[{"@type":"Article","@id":"https:\/\/www.boxrepsol.com\/es\/trial\/resultados-y-resumen-del-x-trial-de-madrid-2025\/#article","isPartOf":{"@id":"https:\/\/www.boxrepsol.com\/es\/trial\/resultados-y-resumen-del-x-trial-de-madrid-2025\/"},"author":{"name":"Redacci\u00f3n Box Repsol","@id":"https:\/\/www.boxrepsol.com\/es\/#\/schema\/person\/c5c2138f2cca251b0ad92b7086bb60b7"},"headline":"Resultados y resumen del X-Trial de Madrid 2025","datePublished":"2024-12-21T21:10:47+00:00","dateModified":"2024-12-22T11:37:19+00:00","mainEntityOfPage":{"@id":"https:\/\/www.boxrepsol.com\/es\/trial\/resultados-y-resumen-del-x-trial-de-madrid-2025\/"},"wordCount":874,"commentCount":0,"publisher":{"@id":"https:\/\/www.boxrepsol.com\/es\/#organization"},"image":{"@id":"https:\/\/www.boxrepsol.com\/es\/trial\/resultados-y-resumen-del-x-trial-de-madrid-2025\/#primaryimage"},"thumbnailUrl":"https:\/\/bxrepsol.s3.eu-west-1.amazonaws.com\/static\/2024\/12\/22090848\/Noti-Portada-web.jpg","keywords":["Gabri Marcelli","Toni Bou","X-Trial 2025"],"articleSection":["Trial"],"inLanguage":"es","potentialAction":[{"@type":"CommentAction","name":"Comment","target":["https:\/\/www.boxrepsol.com\/es\/trial\/resultados-y-resumen-del-x-trial-de-madrid-2025\/#respond"]}]},{"@type":"WebPage","@id":"https:\/\/www.boxrepsol.com\/es\/trial\/resultados-y-resumen-del-x-trial-de-madrid-2025\/","url":"https:\/\/www.boxrepsol.com\/es\/trial\/resultados-y-resumen-del-x-trial-de-madrid-2025\/","name":"Resultados y resumen del X-Trial de Madrid 2025 - Box Repsol","isPartOf":{"@id":"https:\/\/www.boxrepsol.com\/es\/#website"},"primaryImageOfPage":{"@id":"https:\/\/www.boxrepsol.com\/es\/trial\/resultados-y-resumen-del-x-trial-de-madrid-2025\/#primaryimage"},"image":{"@id":"https:\/\/www.boxrepsol.com\/es\/trial\/resultados-y-resumen-del-x-trial-de-madrid-2025\/#primaryimage"},"thumbnailUrl":"https:\/\/bxrepsol.s3.eu-west-1.amazonaws.com\/static\/2024\/12\/22090848\/Noti-Portada-web.jpg","datePublished":"2024-12-21T21:10:47+00:00","dateModified":"2024-12-22T11:37:19+00:00","breadcrumb":{"@id":"https:\/\/www.boxrepsol.com\/es\/trial\/resultados-y-resumen-del-x-trial-de-madrid-2025\/#breadcrumb"},"inLanguage":"es","potentialAction":[{"@type":"ReadAction","target":["https:\/\/www.boxrepsol.com\/es\/trial\/resultados-y-resumen-del-x-trial-de-madrid-2025\/"]}]},{"@type":"ImageObject","inLanguage":"es","@id":"https:\/\/www.boxrepsol.com\/es\/trial\/resultados-y-resumen-del-x-trial-de-madrid-2025\/#primaryimage","url":"https:\/\/bxrepsol.s3.eu-west-1.amazonaws.com\/static\/2024\/12\/22090848\/Noti-Portada-web.jpg","contentUrl":"https:\/\/bxrepsol.s3.eu-west-1.amazonaws.com\/static\/2024\/12\/22090848\/Noti-Portada-web.jpg","width":1200,"height":650,"caption":"Resultados X-Trial Madrid 2025 (web)"},{"@type":"BreadcrumbList","@id":"https:\/\/www.boxrepsol.com\/es\/trial\/resultados-y-resumen-del-x-trial-de-madrid-2025\/#breadcrumb","itemListElement":[{"@type":"ListItem","position":1,"name":"Home","item":"https:\/\/www.boxrepsol.com\/es\/"},{"@type":"ListItem","position":2,"name":"Resultados y resumen del X-Trial de Madrid 2025"}]},{"@type":"WebSite","@id":"https:\/\/www.boxrepsol.com\/es\/#website","url":"https:\/\/www.boxrepsol.com\/es\/","name":"Box Repsol","description":"Box Repsol Site","publisher":{"@id":"https:\/\/www.boxrepsol.com\/es\/#organization"},"potentialAction":[{"@type":"SearchAction","target":{"@type":"EntryPoint","urlTemplate":"https:\/\/www.boxrepsol.com\/es\/?s={search_term_string}"},"query-input":{"@type":"PropertyValueSpecification","valueRequired":true,"valueName":"search_term_string"}}],"inLanguage":"es"},{"@type":"Organization","@id":"https:\/\/www.boxrepsol.com\/es\/#organization","name":"Box Repsol","url":"https:\/\/www.boxrepsol.com\/es\/","logo":{"@type":"ImageObject","inLanguage":"es","@id":"https:\/\/www.boxrepsol.com\/es\/#\/schema\/logo\/image\/","url":"https:\/\/bxrepsol.s3.eu-west-1.amazonaws.com\/static\/2025\/07\/30083337\/favicon-96x96-1.png","contentUrl":"https:\/\/bxrepsol.s3.eu-west-1.amazonaws.com\/static\/2025\/07\/30083337\/favicon-96x96-1.png","width":96,"height":96,"caption":"Box Repsol"},"image":{"@id":"https:\/\/www.boxrepsol.com\/es\/#\/schema\/logo\/image\/"},"sameAs":["https:\/\/www.facebook.com\/BoxRepsol","https:\/\/x.com\/box_repsol","http:\/\/instagram.com\/box_repsol","https:\/\/www.youtube.com\/user\/RepsolCompeticion","https:\/\/www.flickr.com\/photos\/box_repsol\/"]},{"@type":"Person","@id":"https:\/\/www.boxrepsol.com\/es\/#\/schema\/person\/c5c2138f2cca251b0ad92b7086bb60b7","name":"Redacci\u00f3n Box Repsol","image":{"@type":"ImageObject","inLanguage":"es","@id":"https:\/\/secure.gravatar.com\/avatar\/adf7b77e38b4419baf32c7e9c21dde01f4e40df611f0978e3006fc4ba0aaab7e?s=96&d=mm&r=g","url":"https:\/\/secure.gravatar.com\/avatar\/adf7b77e38b4419baf32c7e9c21dde01f4e40df611f0978e3006fc4ba0aaab7e?s=96&d=mm&r=g","contentUrl":"https:\/\/secure.gravatar.com\/avatar\/adf7b77e38b4419baf32c7e9c21dde01f4e40df611f0978e3006fc4ba0aaab7e?s=96&d=mm&r=g","caption":"Redacci\u00f3n Box Repsol"},"description":"Box Repsol lo forma un equipo de periodistas, community managers, dise\u00f1adores y fot\u00f3grafos con m\u00e1s de 20 a\u00f1os de experiencia en el mundo del motorsport. Hemos vivido el primer mundial de un espa\u00f1ol en la categor\u00eda reina de motociclismo con \u00c1lex Crivill\u00e9, estuvimos en las victorias de Pedrosa y los t\u00edtulos de M\u00e1rquez, acompa\u00f1amos en \u00c1frica a Nani Roma y Marc Coma en sus conquistas del Dakar y hemos vibrado con los t\u00edtulos de Toni Bou en Trial. Adem\u00e1s, en nuestro equipo contamos con expertos en el mundo de las dos y cuatro ruedas tanto de la calle y las carreteras, como de los circuitos. Periodistas que han trabajado en revistas y publicaciones para hacerte llegar desde rutas y consejos de mantenimiento, a curiosidades y trucos de pilotaje.","sameAs":["https:\/\/www.facebook.com\/BoxRepsol\/","https:\/\/www.instagram.com\/box_repsol\/","https:\/\/x.com\/https:\/\/twitter.com\/box_repsol","https:\/\/www.youtube.com\/@Boxrepsol"],"url":"https:\/\/www.boxrepsol.com\/es\/author\/redaccion-box-repsol\/"}]}},"_links":{"self":[{"href":"https:\/\/www.boxrepsol.com\/es\/wp-json\/wp\/v2\/posts\/123049","targetHints":{"allow":["GET"]}}],"collection":[{"href":"https:\/\/www.boxrepsol.com\/es\/wp-json\/wp\/v2\/posts"}],"about":[{"href":"https:\/\/www.boxrepsol.com\/es\/wp-json\/wp\/v2\/types\/post"}],"author":[{"embeddable":true,"href":"https:\/\/www.boxrepsol.com\/es\/wp-json\/wp\/v2\/users\/43146"}],"replies":[{"embeddable":true,"href":"https:\/\/www.boxrepsol.com\/es\/wp-json\/wp\/v2\/comments?post=123049"}],"version-history":[{"count":21,"href":"https:\/\/www.boxrepsol.com\/es\/wp-json\/wp\/v2\/posts\/123049\/revisions"}],"predecessor-version":[{"id":123089,"href":"https:\/\/www.boxrepsol.com\/es\/wp-json\/wp\/v2\/posts\/123049\/revisions\/123089"}],"wp:featuredmedia":[{"embeddable":true,"href":"https:\/\/www.boxrepsol.com\/es\/wp-json\/wp\/v2\/media\/123073"}],"wp:attachment":[{"href":"https:\/\/www.boxrepsol.com\/es\/wp-json\/wp\/v2\/media?parent=123049"}],"wp:term":[{"taxonomy":"category","embeddable":true,"href":"https:\/\/www.boxrepsol.com\/es\/wp-json\/wp\/v2\/categories?post=123049"},{"taxonomy":"post_tag","embeddable":true,"href":"https:\/\/www.boxrepsol.com\/es\/wp-json\/wp\/v2\/tags?post=123049"}],"curies":[{"name":"wp","href":"https:\/\/api.w.org\/{rel}","templated":true}]}}