{"id":122801,"date":"2024-12-11T13:46:58","date_gmt":"2024-12-11T15:46:58","guid":{"rendered":"https:\/\/www.boxrepsol.com\/?p=122801"},"modified":"2025-06-25T09:22:44","modified_gmt":"2025-06-25T11:22:44","slug":"motos-electricas-125","status":"publish","type":"post","link":"https:\/\/www.boxrepsol.com\/es\/vive-tu-moto\/motos-electricas-125\/","title":{"rendered":"Motos el\u00e9ctricas de 125 en 2025"},"content":{"rendered":"<figure class=\"wp-block-post-featured-image\"><img loading=\"lazy\" decoding=\"async\" width=\"1200\" height=\"750\" src=\"https:\/\/bxrepsol.s3.eu-west-1.amazonaws.com\/static\/2024\/12\/11131724\/Foto-1-apertura.png\" class=\"attachment-post-thumbnail size-post-thumbnail wp-post-image\" alt=\"Imagen de dos personas con motos de 125cc el\u00e9ctricas\" style=\"object-fit:cover;\" srcset=\"https:\/\/bxrepsol.s3.eu-west-1.amazonaws.com\/static\/2024\/12\/11131724\/Foto-1-apertura.png 1200w, https:\/\/bxrepsol.s3.eu-west-1.amazonaws.com\/static\/2024\/12\/11131724\/Foto-1-apertura-300x188.png 300w, https:\/\/bxrepsol.s3.eu-west-1.amazonaws.com\/static\/2024\/12\/11131724\/Foto-1-apertura-1024x640.png 1024w, https:\/\/bxrepsol.s3.eu-west-1.amazonaws.com\/static\/2024\/12\/11131724\/Foto-1-apertura-768x480.png 768w\" sizes=\"auto, (max-width: 1200px) 100vw, 1200px\" \/><\/figure>\n\n\n<p>Al igual que los <strong>modelos de 125 cc<\/strong> dotados con motor de combusti\u00f3n, la ley dice que las motos el\u00e9ctricas equivalentes a 125 cc <strong>no pueden superar los 11 kW (15 CV) de potencia m\u00e1xima<\/strong>. Del mismo modo, y como cualquier modelo de 125 cc, para circular con una moto el\u00e9ctrica de este tipo es obligatorio que disponga de la correspondiente <strong>matr\u00edcula con fondo blanco<\/strong> y que posea, como m\u00ednimo, <strong>seguro<\/strong> <strong>obligatorio<\/strong> y, en el caso de que tenga m\u00e1s de cuatro a\u00f1os, la <a href=\"https:\/\/www.boxrepsol.com\/es\/vive-tu-moto\/cuando-debe-pasar-una-moto-la-primera-itv\/\"><strong>ITV en vigor<\/strong><\/a>.<\/p>\n\n\n\n<p>Por supuesto, para circular con una moto el\u00e9ctrica, el conductor y el posible pasajero est\u00e1n obligados a utilizar un <strong>casco homologado<\/strong>, y es recomendable que tambi\u00e9n vayan protegidos con chaqueta espec\u00edfica, <a href=\"https:\/\/www.boxrepsol.com\/es\/cultura-motera\/los-mejores-guantes-de-verano-para-moto\/\">guantes<\/a>, pantalones largos y calzado cerrado.<\/p>\n\n\n\n<div id=\"ez-toc-container\" class=\"ez-toc-v2_0_82_2 counter-hierarchy ez-toc-counter ez-toc-grey ez-toc-container-direction\">\n<div class=\"ez-toc-title-container\">\n<p class=\"ez-toc-title\" style=\"cursor:inherit\">\u00cdndice<\/p>\n<span class=\"ez-toc-title-toggle\"><a href=\"#\" class=\"ez-toc-pull-right ez-toc-btn ez-toc-btn-xs ez-toc-btn-default ez-toc-toggle\" aria-label=\"Toggle Table of Content\"><span class=\"ez-toc-js-icon-con\"><span class=\"\"><span class=\"eztoc-hide\" style=\"display:none;\">Toggle<\/span><span class=\"ez-toc-icon-toggle-span\"><svg style=\"fill: #999;color:#999\" xmlns=\"http:\/\/www.w3.org\/2000\/svg\" class=\"list-377408\" width=\"20px\" height=\"20px\" viewBox=\"0 0 24 24\" fill=\"none\"><path d=\"M6 6H4v2h2V6zm14 0H8v2h12V6zM4 11h2v2H4v-2zm16 0H8v2h12v-2zM4 16h2v2H4v-2zm16 0H8v2h12v-2z\" fill=\"currentColor\"><\/path><\/svg><svg style=\"fill: #999;color:#999\" class=\"arrow-unsorted-368013\" xmlns=\"http:\/\/www.w3.org\/2000\/svg\" width=\"10px\" height=\"10px\" viewBox=\"0 0 24 24\" version=\"1.2\" baseProfile=\"tiny\"><path d=\"M18.2 9.3l-6.2-6.3-6.2 6.3c-.2.2-.3.4-.3.7s.1.5.3.7c.2.2.4.3.7.3h11c.3 0 .5-.1.7-.3.2-.2.3-.5.3-.7s-.1-.5-.3-.7zM5.8 14.7l6.2 6.3 6.2-6.3c.2-.2.3-.5.3-.7s-.1-.5-.3-.7c-.2-.2-.4-.3-.7-.3h-11c-.3 0-.5.1-.7.3-.2.2-.3.5-.3.7s.1.5.3.7z\"\/><\/svg><\/span><\/span><\/span><\/a><\/span><\/div>\n<nav><ul class='ez-toc-list ez-toc-list-level-1 ' ><li class='ez-toc-page-1 ez-toc-heading-level-2'><a class=\"ez-toc-link ez-toc-heading-1\" href=\"https:\/\/www.boxrepsol.com\/es\/vive-tu-moto\/motos-electricas-125\/#%C2%BFPor_que_comprar_una_moto_electrica_de_125\" >\u00bfPor qu\u00e9 comprar una moto el\u00e9ctrica de 125?<\/a><\/li><li class='ez-toc-page-1 ez-toc-heading-level-2'><a class=\"ez-toc-link ez-toc-heading-2\" href=\"https:\/\/www.boxrepsol.com\/es\/vive-tu-moto\/motos-electricas-125\/#Ayudas_para_comprar_una_moto_electrica_de_125\" >Ayudas para comprar una moto el\u00e9ctrica de 125<\/a><\/li><li class='ez-toc-page-1 ez-toc-heading-level-2'><a class=\"ez-toc-link ez-toc-heading-3\" href=\"https:\/\/www.boxrepsol.com\/es\/vive-tu-moto\/motos-electricas-125\/#Las_mejores_motos_electricas_de_125\" >Las mejores motos el\u00e9ctricas de 125<\/a><ul class='ez-toc-list-level-3' ><li class='ez-toc-heading-level-3'><a class=\"ez-toc-link ez-toc-heading-4\" href=\"https:\/\/www.boxrepsol.com\/es\/vive-tu-moto\/motos-electricas-125\/#1_Silence_S01_1024_unidades\" >1. Silence S01 (1.024 unidades):<\/a><\/li><li class='ez-toc-page-1 ez-toc-heading-level-3'><a class=\"ez-toc-link ez-toc-heading-5\" href=\"https:\/\/www.boxrepsol.com\/es\/vive-tu-moto\/motos-electricas-125\/#2_SEAT_MO_344_unidades\" >2. SEAT MO (344 unidades)<\/a><\/li><li class='ez-toc-page-1 ez-toc-heading-level-3'><a class=\"ez-toc-link ez-toc-heading-6\" href=\"https:\/\/www.boxrepsol.com\/es\/vive-tu-moto\/motos-electricas-125\/#3_Horwin_EK3_201_unidades\" >3. Horwin EK3 (201 unidades)<\/a><\/li><li class='ez-toc-page-1 ez-toc-heading-level-3'><a class=\"ez-toc-link ez-toc-heading-7\" href=\"https:\/\/www.boxrepsol.com\/es\/vive-tu-moto\/motos-electricas-125\/#4_Segway_E300SE_200_unidades\" >4. Segway E300SE (200 unidades)<\/a><\/li><li class='ez-toc-page-1 ez-toc-heading-level-3'><a class=\"ez-toc-link ez-toc-heading-8\" href=\"https:\/\/www.boxrepsol.com\/es\/vive-tu-moto\/motos-electricas-125\/#5_Velca_ONE_199_unidades\" >5. Velca ONE (199 unidades)<\/a><\/li><li class='ez-toc-page-1 ez-toc-heading-level-3'><a class=\"ez-toc-link ez-toc-heading-9\" href=\"https:\/\/www.boxrepsol.com\/es\/vive-tu-moto\/motos-electricas-125\/#6_BMW_CE_02_152_unidades\" >6. BMW CE 02 (152 unidades)<\/a><\/li><li class='ez-toc-page-1 ez-toc-heading-level-3'><a class=\"ez-toc-link ez-toc-heading-10\" href=\"https:\/\/www.boxrepsol.com\/es\/vive-tu-moto\/motos-electricas-125\/#7_Silence_S02_119_unidades\" >7. Silence S02 (119 unidades)<\/a><\/li><li class='ez-toc-page-1 ez-toc-heading-level-3'><a class=\"ez-toc-link ez-toc-heading-11\" href=\"https:\/\/www.boxrepsol.com\/es\/vive-tu-moto\/motos-electricas-125\/#8_Efun_PUSA_5_103_unidades\" >8. Efun PUSA 5&nbsp; (103 unidades)<\/a><\/li><li class='ez-toc-page-1 ez-toc-heading-level-3'><a class=\"ez-toc-link ez-toc-heading-12\" href=\"https:\/\/www.boxrepsol.com\/es\/vive-tu-moto\/motos-electricas-125\/#9_Super_Soco_TC_MAX_95_unidades\" >9. Super Soco TC MAX (95 unidades)<\/a><\/li><li class='ez-toc-page-1 ez-toc-heading-level-3'><a class=\"ez-toc-link ez-toc-heading-13\" href=\"https:\/\/www.boxrepsol.com\/es\/vive-tu-moto\/motos-electricas-125\/#10_Arena_VT3\" >10. Arena VT3<\/a><\/li><\/ul><\/li><li class='ez-toc-page-1 ez-toc-heading-level-2'><a class=\"ez-toc-link ez-toc-heading-14\" href=\"https:\/\/www.boxrepsol.com\/es\/vive-tu-moto\/motos-electricas-125\/#Preguntas_frecuentes_sobre_las_motos_electricas_de_125\" >Preguntas frecuentes sobre las motos el\u00e9ctricas de 125<\/a><ul class='ez-toc-list-level-3' ><li class='ez-toc-heading-level-3'><a class=\"ez-toc-link ez-toc-heading-15\" href=\"https:\/\/www.boxrepsol.com\/es\/vive-tu-moto\/motos-electricas-125\/#%C2%BFCual_es_la_edad_minima_y_que_tipo_de_carnet_se_necesita_para_conducir_una_125_electrica\" >\u00bfCu\u00e1l es la edad m\u00ednima y qu\u00e9 tipo de carnet se necesita para conducir una 125 el\u00e9ctrica?<\/a><\/li><li class='ez-toc-page-1 ez-toc-heading-level-3'><a class=\"ez-toc-link ez-toc-heading-16\" href=\"https:\/\/www.boxrepsol.com\/es\/vive-tu-moto\/motos-electricas-125\/#%C2%BFCuanto_tiempo_puede_durar_una_moto_electrica_y_cuanto_cuesta_su_carga\" >\u00bfCu\u00e1nto tiempo puede durar una moto el\u00e9ctrica y cu\u00e1nto cuesta su carga?<\/a><\/li><li class='ez-toc-page-1 ez-toc-heading-level-3'><a class=\"ez-toc-link ez-toc-heading-17\" href=\"https:\/\/www.boxrepsol.com\/es\/vive-tu-moto\/motos-electricas-125\/#%C2%BFQue_autonomia_tiene_un_modelo_electrico_equivalente_a_125_cc\" >\u00bfQu\u00e9 autonom\u00eda tiene un modelo el\u00e9ctrico equivalente a 125 cc?<\/a><\/li><\/ul><\/li><\/ul><\/nav><\/div>\n<h2 class=\"wp-block-heading\"><span class=\"ez-toc-section\" id=\"%C2%BFPor_que_comprar_una_moto_electrica_de_125\"><\/span><strong>\u00bfPor qu\u00e9 comprar una moto el\u00e9ctrica de 125?<\/strong><span class=\"ez-toc-section-end\"><\/span><\/h2>\n\n\n\n<p>Si tenemos en consideraci\u00f3n que una moto de 125 cc con motor de combusti\u00f3n consume en torno a <strong>3 litros\/100 km<\/strong> y que esto supone un coste de unos 4,5 \u20ac, hay que se\u00f1alar que una <a href=\"https:\/\/www.boxrepsol.com\/es\/tecnologia\/ventajas-desventajas-las-motos-electricas\/\">moto el\u00e9ctrica<\/a> puede recorrer esa misma distancia por <strong>1 \u20ac<\/strong> aproximadamente.<\/p>\n\n\n\n<p>Dicho de otro modo, <strong>una moto de estas caracter\u00edsticas puede recorrer unos 450 km<\/strong> con lo que una de gasolina recorre 100 km. Estas cifras son orientativas, porque dependen de si la <a href=\"https:\/\/www.boxrepsol.com\/es\/tecnologia\/modos-de-carga-para-una-moto-electrica\/\">recarga de la moto<\/a> se realiza en un cargador p\u00fablico o si se hace en una <strong>fuente de electricidad<\/strong> <strong>privada o dom\u00e9stica<\/strong>. Y si esta proviene de un sistema de energ\u00eda fotovoltaica con<strong> placas solares<\/strong>, la diferencia a favor de la moto el\u00e9ctrica puede ser mucho mayor.<\/p>\n\n\n\n<p>Otra consideraci\u00f3n positiva de las motos el\u00e9ctricas son los <a href=\"https:\/\/www.boxrepsol.com\/es\/vive-tu-moto\/hago-mantenimiento-general-moto\/\"><strong>gastos de mantenimiento<\/strong><\/a>. En cuanto a \u201cconsumibles\u201d como pueden ser los neum\u00e1ticos o los frenos el gasto es similar, pero en lo referente a aceites, filtros, buj\u00eda, transmisi\u00f3n, etc., <strong>el coste de una moto el\u00e9ctrica es claramente inferior <\/strong>e incluso pr\u00e1cticamente nulo.<\/p>\n\n\n\n<figure class=\"wp-block-image size-full\"><img loading=\"lazy\" decoding=\"async\" width=\"600\" height=\"400\" src=\"https:\/\/bxrepsol.s3.eu-west-1.amazonaws.com\/static\/2024\/12\/11132006\/Foto-5-1.png\" alt=\"Imagen moto 125 el\u00e9ctrica\" class=\"wp-image-122804\" srcset=\"https:\/\/bxrepsol.s3.eu-west-1.amazonaws.com\/static\/2024\/12\/11132006\/Foto-5-1.png 600w, https:\/\/bxrepsol.s3.eu-west-1.amazonaws.com\/static\/2024\/12\/11132006\/Foto-5-1-300x200.png 300w\" sizes=\"auto, (max-width: 600px) 100vw, 600px\" \/><\/figure>\n\n\n\n<p>Las prestaciones que ofrecen son otro aspecto que inclinan la balanza hacia los modelos electrificados. Por lo general, ofrecen una <strong>buena<\/strong> <strong>aceleraci\u00f3n<\/strong> desde salida en parado claramente superior a la de los modelos de gasolina, e incluso ya hay algunos que <strong>alcanzan velocidades m\u00e1ximas<\/strong> <strong>m\u00e1s altas<\/strong>.<\/p>\n\n\n\n<p>Al respecto, hay que recordar que <strong>la mayor\u00eda est\u00e1n limitados en velocidad<\/strong>, porque cuanto mayor es esta, m\u00e1s alto es el consumo de bater\u00eda y, en consecuencia, <strong>se<\/strong> <strong>reduce la autonom\u00eda<\/strong> de manera considerable.<\/p>\n\n\n\n<p>Adem\u00e1s, son m\u00e1s <strong>limpias y silenciosas al desplazarse<\/strong> y con ellas est\u00e1 permitido acceder a zonas de bajes emisiones sin restricciones (ZBE). Tambi\u00e9n <strong>pagan menos impuestos de matriculaci\u00f3n<\/strong> <strong>y circulaci\u00f3n<\/strong>, llegando a estar bonificadas con hasta el 100 por ciento por algunas administraciones.<\/p>\n\n\n\n<h2 class=\"wp-block-heading\"><span class=\"ez-toc-section\" id=\"Ayudas_para_comprar_una_moto_electrica_de_125\"><\/span><strong>Ayudas para comprar una moto el\u00e9ctrica de 125<\/strong><span class=\"ez-toc-section-end\"><\/span><\/h2>\n\n\n\n<p>Hace ya un tiempo que el Gobierno aprob\u00f3 una <strong>deducci\u00f3n del 15% en el IRPF<\/strong> en la declaraci\u00f3n de la renta del a\u00f1o siguiente a la compra de un veh\u00edculo el\u00e9ctrico. De este modo, si una moto el\u00e9ctrica equivalente a <strong>125 cc cuesta 5.000 euros<\/strong>, el propietario se puede deducir 750\u20ac.<\/p>\n\n\n\n<figure class=\"wp-block-image size-full\"><img loading=\"lazy\" decoding=\"async\" width=\"600\" height=\"400\" src=\"https:\/\/bxrepsol.s3.eu-west-1.amazonaws.com\/static\/2024\/12\/11132107\/Foto-6-2.png\" alt=\"\" class=\"wp-image-122806\" srcset=\"https:\/\/bxrepsol.s3.eu-west-1.amazonaws.com\/static\/2024\/12\/11132107\/Foto-6-2.png 600w, https:\/\/bxrepsol.s3.eu-west-1.amazonaws.com\/static\/2024\/12\/11132107\/Foto-6-2-300x200.png 300w\" sizes=\"auto, (max-width: 600px) 100vw, 600px\" \/><\/figure>\n\n\n\n<p>Por otro lado, hay municipios que mediante incentivos pretenden fomentar la <strong>movilidad eficiente y sostenible.<\/strong> Es el caso de la Comunidad de Madrid y el <strong><a href=\"https:\/\/www.idae.es\/ayudas-y-financiacion\/para-movilidad-y-vehiculos\/programa-moves-iii\">Programa MOVES III<\/a><\/strong> (hasta el 31 de diciembre de 2024) que subvenciona la compra de motocicletas y triciclos el\u00e9ctricos de las categor\u00edas <strong>L3e, L4e y L6e.<\/strong><\/p>\n\n\n\n<p>A grandes rasgos, esto quiere decir que <strong>deben superar la categor\u00eda de ciclomotor<\/strong>, alcanzar velocidades de <strong>m\u00e1s de 45 km\/h<\/strong>, poseer m\u00e1s de 70 km de autonom\u00eda, no superar los 1.000 kg de peso y no costar m\u00e1s de 12.100 euros.<\/p>\n\n\n\n<p>Si se cumplen los requisitos descritos, la subvenci\u00f3n que ofrece el <strong>Programa Moves III<\/strong> es de 1.300 \u20ac si se entrega una moto \u201cvieja\u201d para achatarrar, o de 1.100 \u20ac si no se proporciona ninguna. De este modo, una moto el\u00e9ctrica de 5.000 \u20ac puede costar <strong>menos de 3.000 \u20ac<\/strong> si se suman las dos ayudas, los que supone un descuento superior al 40%.<\/p>\n\n\n\n<h2 class=\"wp-block-heading\"><span class=\"ez-toc-section\" id=\"Las_mejores_motos_electricas_de_125\"><\/span><strong>Las mejores motos el\u00e9ctricas de 125<\/strong><span class=\"ez-toc-section-end\"><\/span><\/h2>\n\n\n\n<p>De acuerdo con las cifras de <strong>matriculaciones de motos el\u00e9ctricas<\/strong>, en el acumulado de enero a octubre de 2024, las mejores motos el\u00e9ctricas en Espa\u00f1a son las siguientes:<\/p>\n\n\n\n<h3 class=\"wp-block-heading\"><span class=\"ez-toc-section\" id=\"1_Silence_S01_1024_unidades\"><\/span><strong>1. Silence S01<\/strong> (1.024 unidades):<span class=\"ez-toc-section-end\"><\/span><\/h3>\n\n\n\n<p>Modelo que se comercializa en <strong>versiones<\/strong> <strong>normal y \u201cplus\u201d<\/strong>, cuyos precios de partida son <strong>3.200 y 4.370<\/strong> \u20ac, respectivamente. Ambas versiones son pr\u00e1cticamente iguales por fuera, y las diferencias est\u00e1n en el rendimiento y en la autonom\u00eda.<\/p>\n\n\n\n<p>La m\u00e1s b\u00e1sica anuncia <strong>100 km\/h de velocidad m\u00e1xima y 133 km de autonom\u00eda<\/strong>, y la S01+ declara la misma autonom\u00eda, pero con una velocidad de 110 km\/h y una aceleraci\u00f3n superior.<\/p>\n\n\n\n<p>Se trata de un <strong>scooter con llantas de 15\u201d y 14\u201d de di\u00e1metro<\/strong>, con freno de disco en cada eje con sistema combinado y un gran hueco bajo el asiento con capacidad para dos cascos integrales. Entre las dos versiones, en los 10 primeros meses de 2024 se han matriculado 1.024 unidades, <strong>triplicando casi la cifra del segundo modelo m\u00e1s vendido.<\/strong><\/p>\n\n\n\n<figure class=\"wp-block-image size-full\"><img loading=\"lazy\" decoding=\"async\" width=\"600\" height=\"400\" src=\"https:\/\/bxrepsol.s3.eu-west-1.amazonaws.com\/static\/2024\/12\/11132223\/Foto-8-Silence-S01.png\" alt=\"\" class=\"wp-image-122808\" srcset=\"https:\/\/bxrepsol.s3.eu-west-1.amazonaws.com\/static\/2024\/12\/11132223\/Foto-8-Silence-S01.png 600w, https:\/\/bxrepsol.s3.eu-west-1.amazonaws.com\/static\/2024\/12\/11132223\/Foto-8-Silence-S01-300x200.png 300w\" sizes=\"auto, (max-width: 600px) 100vw, 600px\" \/><\/figure>\n\n\n\n<h3 class=\"wp-block-heading\"><span class=\"ez-toc-section\" id=\"2_SEAT_MO_344_unidades\"><\/span><strong>2. SEAT MO<\/strong> (344 unidades)<span class=\"ez-toc-section-end\"><\/span><\/h3>\n\n\n\n<p>Aunque se vende con el anagrama de<strong> SEAT<\/strong> en su carrocer\u00eda y se comercializa en los concesionarios de la marca de coches, realmente el SEAT MO es el Silence SC01 y ambos se fabrican en la misma factor\u00eda de Barcelona.<\/p>\n\n\n\n<p>Esto nos da una idea del dominio que tiene la <a href=\"https:\/\/www.boxrepsol.com\/es\/cultura-motera\/marcas-de-motos-espanolas\/\">marca espa\u00f1ola<\/a> Silence en el sector de las motos el\u00e9ctricas, porque, adem\u00e1s de dominar nuestro mercado, tambi\u00e9n es la <strong>firma l\u00edder en Europa<\/strong>. El SEAT MO se distingue del SC01 en las decoraciones escogidas para su carrocer\u00eda.<\/p>\n\n\n\n<figure class=\"wp-block-image size-full\"><img loading=\"lazy\" decoding=\"async\" width=\"600\" height=\"400\" src=\"https:\/\/bxrepsol.s3.eu-west-1.amazonaws.com\/static\/2024\/12\/11132430\/Foto-9-Seat-Moprueba.jpg\" alt=\"\" class=\"wp-image-122810\" srcset=\"https:\/\/bxrepsol.s3.eu-west-1.amazonaws.com\/static\/2024\/12\/11132430\/Foto-9-Seat-Moprueba.jpg 600w, https:\/\/bxrepsol.s3.eu-west-1.amazonaws.com\/static\/2024\/12\/11132430\/Foto-9-Seat-Moprueba-300x200.jpg 300w\" sizes=\"auto, (max-width: 600px) 100vw, 600px\" \/><\/figure>\n\n\n\n<h3 class=\"wp-block-heading\"><span class=\"ez-toc-section\" id=\"3_Horwin_EK3_201_unidades\"><\/span><strong>3. Horwin EK3<\/strong> (201 unidades)<span class=\"ez-toc-section-end\"><\/span><\/h3>\n\n\n\n<p>Este modelo de <strong>scooter alcanza 95 km\/h <\/strong>y la versi\u00f3n m\u00e1s b\u00e1sica posee una <strong>autonom\u00eda media de 90 km. <\/strong>Destaca por un tama\u00f1o compactoy por las l\u00edneas suaves de su carrocer\u00eda. Su precio est\u00e1 fijado en <strong>3.750<\/strong> \u20ac, aunque existe la posibilidad de adquirirlo con <strong>dos bater\u00edas<\/strong> (4.950 \u20ac). Cuenta con llanta de 14\u201d y 13\u201d de di\u00e1metro, dos frenos de disco con sistema combinado y llave de contacto de proximidad.<\/p>\n\n\n\n<figure class=\"wp-block-image size-full\"><img loading=\"lazy\" decoding=\"async\" width=\"600\" height=\"400\" src=\"https:\/\/bxrepsol.s3.eu-west-1.amazonaws.com\/static\/2024\/12\/11132455\/Foto-10-Horwin-EK3.png\" alt=\"\" class=\"wp-image-122812\" srcset=\"https:\/\/bxrepsol.s3.eu-west-1.amazonaws.com\/static\/2024\/12\/11132455\/Foto-10-Horwin-EK3.png 600w, https:\/\/bxrepsol.s3.eu-west-1.amazonaws.com\/static\/2024\/12\/11132455\/Foto-10-Horwin-EK3-300x200.png 300w\" sizes=\"auto, (max-width: 600px) 100vw, 600px\" \/><\/figure>\n\n\n\n<h3 class=\"wp-block-heading\"><span class=\"ez-toc-section\" id=\"4_Segway_E300SE_200_unidades\"><\/span><strong>4. Segway E300SE<\/strong> (200 unidades)<span class=\"ez-toc-section-end\"><\/span><\/h3>\n\n\n\n<p>En muy poco tiempo, la firma norteamericana Segway se ha afianzado en el mercado de las motos el\u00e9ctricas con un<strong> scooter de dise\u00f1o<\/strong> <strong>tradicional<\/strong> y llantas de 12\u201d, que brilla por la <strong>calidad de sus acabados<\/strong> y por su buena dotaci\u00f3n.<\/p>\n\n\n\n<p>Aprovechando la <strong>larga<\/strong> <strong>experiencia<\/strong> en el campo de la movilidad electrificada de la marca, este modelo declara una autonom\u00eda de 130 km y una velocidad m\u00e1xima de 105 km\/h.<\/p>\n\n\n\n<p>De origen viene <strong>equipado con<\/strong> <strong>dos bater\u00edas<\/strong>, pero se le puede incorporar una tercera que aumenta su autonom\u00eda en un 50% y que se vende por separado. Est\u00e1 dotado con <a href=\"https:\/\/www.boxrepsol.com\/es\/cultura-motera\/frenos-abs-en-moto\/\">ABS<\/a> de doble canal y un sistema de control de tracci\u00f3n, dos grandes aportes a la seguridad durante la conducci\u00f3n. <strong>Su precio es de 4.799 \u20ac.<\/strong><\/p>\n\n\n\n<figure class=\"wp-block-image size-full\"><img loading=\"lazy\" decoding=\"async\" width=\"600\" height=\"400\" src=\"https:\/\/bxrepsol.s3.eu-west-1.amazonaws.com\/static\/2024\/12\/11132527\/Foto-11-Segway-E300SE.png\" alt=\"\" class=\"wp-image-122814\" srcset=\"https:\/\/bxrepsol.s3.eu-west-1.amazonaws.com\/static\/2024\/12\/11132527\/Foto-11-Segway-E300SE.png 600w, https:\/\/bxrepsol.s3.eu-west-1.amazonaws.com\/static\/2024\/12\/11132527\/Foto-11-Segway-E300SE-300x200.png 300w\" sizes=\"auto, (max-width: 600px) 100vw, 600px\" \/><\/figure>\n\n\n\n<h3 class=\"wp-block-heading\"><span class=\"ez-toc-section\" id=\"5_Velca_ONE_199_unidades\"><\/span><strong>5. Velca ONE<\/strong> (199 unidades)<span class=\"ez-toc-section-end\"><\/span><\/h3>\n\n\n\n<p>La <strong>marca de motos espa\u00f1ola Velca<\/strong> ha irrumpido con fuerza en el mercado con un scooter que ha roto barreras en lo referente a <strong>velocidad m\u00e1xima y autonom\u00eda<\/strong>, con 125 km\/h y 220 km, respectivamente.<\/p>\n\n\n\n<p>Con un precio de partidas de <strong>6.490<\/strong> \u20ac, el ONE posee un dise\u00f1o realmente atractivo y anuncia un peso de solo 103 kg, una cifra contenida para un modelo el\u00e9ctrico. Cuenta con llantas de 13\u201d en ambos ejes y ABS de doble canal. Ofrece <strong>3 a\u00f1os de garant\u00eda y un buen servicio postventa.<\/strong><\/p>\n\n\n\n<figure class=\"wp-block-image size-full\"><img loading=\"lazy\" decoding=\"async\" width=\"600\" height=\"400\" src=\"https:\/\/bxrepsol.s3.eu-west-1.amazonaws.com\/static\/2024\/12\/11133821\/Foto-12-Velca-ONEprueba.jpg\" alt=\"\" class=\"wp-image-122816\" srcset=\"https:\/\/bxrepsol.s3.eu-west-1.amazonaws.com\/static\/2024\/12\/11133821\/Foto-12-Velca-ONEprueba.jpg 600w, https:\/\/bxrepsol.s3.eu-west-1.amazonaws.com\/static\/2024\/12\/11133821\/Foto-12-Velca-ONEprueba-300x200.jpg 300w\" sizes=\"auto, (max-width: 600px) 100vw, 600px\" \/><\/figure>\n\n\n\n<h3 class=\"wp-block-heading\"><span class=\"ez-toc-section\" id=\"6_BMW_CE_02_152_unidades\"><\/span><strong>6. BMW CE 02<\/strong> (152 unidades)<span class=\"ez-toc-section-end\"><\/span><\/h3>\n\n\n\n<p>Tras el sofisticado CE 04, la firma alemana BMW ha puesto en escena el CE 02, un <strong>modelo el\u00e9ctrico m\u00e1s sencillo<\/strong> y de precio m\u00e1s contenido. Se comercializa tanto en versi\u00f3n <a href=\"https:\/\/www.boxrepsol.com\/es\/vive-tu-moto\/todo-lo-que-necesitas-saber-sobre-ciclomotores-en-espana\/\">ciclomotor<\/a>, como en versi\u00f3n equivalente a 125 cc, con un precio que parte de 8.425 \u20ac.<\/p>\n\n\n\n<p>Posee un <strong>dise\u00f1o original<\/strong> que no pasa inadvertido, en el que destacan unas grandes llantas de 14\u201d calzadas con gruesos neum\u00e1ticos y la horquilla invertida con <a href=\"https:\/\/www.boxrepsol.com\/es\/cultura-motera\/que-es-una-tija-moto\/\">doble tija<\/a>. Cuenta con marcha atr\u00e1s, ABS de un canal y llave de contacto de proximidad. Para la versi\u00f3n de 15 CV se anuncian 95 km de autonom\u00eda.<\/p>\n\n\n\n<figure class=\"wp-block-image size-full\"><img loading=\"lazy\" decoding=\"async\" width=\"600\" height=\"400\" src=\"https:\/\/bxrepsol.s3.eu-west-1.amazonaws.com\/static\/2024\/12\/11133848\/Foto-13-BMW-CE-02.png\" alt=\"\" class=\"wp-image-122818\" srcset=\"https:\/\/bxrepsol.s3.eu-west-1.amazonaws.com\/static\/2024\/12\/11133848\/Foto-13-BMW-CE-02.png 600w, https:\/\/bxrepsol.s3.eu-west-1.amazonaws.com\/static\/2024\/12\/11133848\/Foto-13-BMW-CE-02-300x200.png 300w\" sizes=\"auto, (max-width: 600px) 100vw, 600px\" \/><\/figure>\n\n\n\n<h3 class=\"wp-block-heading\"><span class=\"ez-toc-section\" id=\"7_Silence_S02_119_unidades\"><\/span><strong>7. Silence S02<\/strong> (119 unidades)<span class=\"ez-toc-section-end\"><\/span><\/h3>\n\n\n\n<p>El dominio de la <strong>marca espa\u00f1ola Silence<\/strong> en este segmento queda m\u00e1s que claro con las cifras de ventas del S01 y el SEAT MO, pero a\u00fan es mayor si a\u00f1adimos las del S02.<\/p>\n\n\n\n<p>Este scooter en versi\u00f3n L3e (equivalente a 125 cc) declara <strong>90 km\/h de velocidad m\u00e1xima y 133 km de autonom\u00eda<\/strong> y su precio est\u00e1 fijado a partir de<strong> 2.980<\/strong> \u20ac, lo que confirma su <strong>car\u00e1cter<\/strong> <strong>econ\u00f3mico<\/strong>. Cuenta con plataforma plana para los pies del conductor, muy \u00fatil en uso urbano.<\/p>\n\n\n\n<figure class=\"wp-block-image size-full\"><img loading=\"lazy\" decoding=\"async\" width=\"600\" height=\"400\" src=\"https:\/\/bxrepsol.s3.eu-west-1.amazonaws.com\/static\/2024\/12\/11133930\/Foto-14-Silence-S02.png\" alt=\"\" class=\"wp-image-122820\" srcset=\"https:\/\/bxrepsol.s3.eu-west-1.amazonaws.com\/static\/2024\/12\/11133930\/Foto-14-Silence-S02.png 600w, https:\/\/bxrepsol.s3.eu-west-1.amazonaws.com\/static\/2024\/12\/11133930\/Foto-14-Silence-S02-300x200.png 300w\" sizes=\"auto, (max-width: 600px) 100vw, 600px\" \/><\/figure>\n\n\n\n<h3 class=\"wp-block-heading\"><span class=\"ez-toc-section\" id=\"8_Efun_PUSA_5_103_unidades\"><\/span><strong>8. Efun PUSA 5<\/strong>&nbsp; (103 unidades)<span class=\"ez-toc-section-end\"><\/span><\/h3>\n\n\n\n<p>Con un <strong>dise\u00f1o<\/strong> <strong>cl\u00e1sico<\/strong> inspirado en las <a href=\"https:\/\/www.boxrepsol.com\/es\/cultura-motera\/motos-tipo-vespa\/\">motos tipo Vespa<\/a>, el Efun PUSA 5 se ha hecho un hueco en el mercado gracias a su atractivo y a un <strong>precio de solo 2.790 \u20ac.<\/strong><\/p>\n\n\n\n<p>Sus <strong>100 km de autonom\u00eda y 90 km\/h<\/strong> de velocidad m\u00e1xima confirman que se trata de un modelo interesante que mantiene la l\u00ednea de sus rivales m\u00e1s directos. Incluye ba\u00fal trasero de serie y ofrece una <strong>garant\u00eda de 5 a\u00f1os o 50.000 km<\/strong> (incluida la bater\u00eda), con la posibilidad de extenderla hasta 8 a\u00f1os.<\/p>\n\n\n\n<figure class=\"wp-block-image size-full\"><img loading=\"lazy\" decoding=\"async\" width=\"600\" height=\"400\" src=\"https:\/\/bxrepsol.s3.eu-west-1.amazonaws.com\/static\/2024\/12\/11134045\/Foto-15-Efun-PUSA-5.png\" alt=\"\" class=\"wp-image-122822\" srcset=\"https:\/\/bxrepsol.s3.eu-west-1.amazonaws.com\/static\/2024\/12\/11134045\/Foto-15-Efun-PUSA-5.png 600w, https:\/\/bxrepsol.s3.eu-west-1.amazonaws.com\/static\/2024\/12\/11134045\/Foto-15-Efun-PUSA-5-300x200.png 300w\" sizes=\"auto, (max-width: 600px) 100vw, 600px\" \/><\/figure>\n\n\n\n<h3 class=\"wp-block-heading\"><span class=\"ez-toc-section\" id=\"9_Super_Soco_TC_MAX_95_unidades\"><\/span><strong>9. Super Soco TC MAX<\/strong> (95 unidades)<span class=\"ez-toc-section-end\"><\/span><\/h3>\n\n\n\n<p>La <strong>TC MAX<\/strong> se desmarca de la t\u00f3nica m\u00e1s habitual en este segmento con un dise\u00f1o semejante al de una <strong>moto tradicional<\/strong>. De este modo posee un motor colocado en el centro del conjunto, transmisi\u00f3n secundaria por correa dentada, <a href=\"https:\/\/www.boxrepsol.com\/es\/tecnologia\/horquilla-moto-que-es-y-como-funciona\/\">horquilla invertida<\/a>, amortiguador central y llantas de 17\u201d de di\u00e1metro. Declara <strong>92 km de autonom\u00eda y 95 km\/h de velocidad m\u00e1xima<\/strong>. Su precio, fijado en <strong>4.449<\/strong> \u20ac, es otro de sus grandes atractivos.<\/p>\n\n\n\n<figure class=\"wp-block-image size-full\"><img loading=\"lazy\" decoding=\"async\" width=\"600\" height=\"400\" src=\"https:\/\/bxrepsol.s3.eu-west-1.amazonaws.com\/static\/2024\/12\/11134101\/Foto-16-Super-Soco-TC-MAX.png\" alt=\"\" class=\"wp-image-122824\" srcset=\"https:\/\/bxrepsol.s3.eu-west-1.amazonaws.com\/static\/2024\/12\/11134101\/Foto-16-Super-Soco-TC-MAX.png 600w, https:\/\/bxrepsol.s3.eu-west-1.amazonaws.com\/static\/2024\/12\/11134101\/Foto-16-Super-Soco-TC-MAX-300x200.png 300w\" sizes=\"auto, (max-width: 600px) 100vw, 600px\" \/><\/figure>\n\n\n\n<h3 class=\"wp-block-heading\"><span class=\"ez-toc-section\" id=\"10_Arena_VT3\"><\/span><strong>10. Arena VT3<\/strong><span class=\"ez-toc-section-end\"><\/span><\/h3>\n\n\n\n<p><strong>Scooter de origen asi\u00e1tico<\/strong> que puede incorporar <strong>hasta dos bater\u00edas<\/strong>, anunciando 100 km de autonom\u00eda con una o 140 km con dos, y precios de <strong>3.500 y 4.500<\/strong> \u20ac, respectivamente.<\/p>\n\n\n\n<p>En ambos casos, la <strong>velocidad m\u00e1xima es de 90 km\/h.<\/strong> Est\u00e1 equipado con pantalla TFT, toma de corriente USB-C, alumbrado LED y alarma con mando a distancia. Cuenta con frenos de discos en ambos ejes con sistema de frenada combinada.<\/p>\n\n\n\n<figure class=\"wp-block-image size-full\"><img loading=\"lazy\" decoding=\"async\" width=\"600\" height=\"400\" src=\"https:\/\/bxrepsol.s3.eu-west-1.amazonaws.com\/static\/2024\/12\/11134217\/Foto-17-Arena-VT3.jpg\" alt=\"\" class=\"wp-image-122826\" srcset=\"https:\/\/bxrepsol.s3.eu-west-1.amazonaws.com\/static\/2024\/12\/11134217\/Foto-17-Arena-VT3.jpg 600w, https:\/\/bxrepsol.s3.eu-west-1.amazonaws.com\/static\/2024\/12\/11134217\/Foto-17-Arena-VT3-300x200.jpg 300w\" sizes=\"auto, (max-width: 600px) 100vw, 600px\" \/><\/figure>\n\n\n\n<h2 class=\"wp-block-heading\"><span class=\"ez-toc-section\" id=\"Preguntas_frecuentes_sobre_las_motos_electricas_de_125\"><\/span><strong>Preguntas frecuentes sobre las motos el\u00e9ctricas de 125<\/strong><span class=\"ez-toc-section-end\"><\/span><\/h2>\n\n\n\n<h3 class=\"wp-block-heading\"><span class=\"ez-toc-section\" id=\"%C2%BFCual_es_la_edad_minima_y_que_tipo_de_carnet_se_necesita_para_conducir_una_125_electrica\"><\/span><strong>\u00bfCu\u00e1l es la edad m\u00ednima y qu\u00e9 tipo de carnet se necesita para conducir una 125 el\u00e9ctrica?<\/strong><span class=\"ez-toc-section-end\"><\/span><\/h3>\n\n\n\n<p>Seg\u00fan la legislaci\u00f3n vigente, existen varias opciones para poder <strong>conducir motos el\u00e9ctricas equivalentes a 125 cc<\/strong>. Por un lado, pueden ser utilizadas a partir de los 16 a\u00f1os por conductores que est\u00e9n en posesi\u00f3n del <a href=\"https:\/\/www.boxrepsol.com\/es\/cultura-motera\/carnet-moto-a1\/\"><strong>carnet A1<\/strong><\/a>.<\/p>\n\n\n\n<p>Por otro lado, pueden ser conducidas por <strong>usuarios en posesi\u00f3n del carnet B de coche<\/strong> con m\u00e1s de tres a\u00f1os de antig\u00fcedad, lo que quiere decir que pueden hacerlo, como m\u00ednimo, a partir de los 21 a\u00f1os.<\/p>\n\n\n\n<p>Y, por supuesto, las pueden llevar todos aquellos que dispongan de los <strong>permisos A2 o A<\/strong>, que se pueden obtener a partir de los 18 o 20 a\u00f1os, respectivamente.<\/p>\n\n\n\n<figure class=\"wp-block-image size-full\"><img loading=\"lazy\" decoding=\"async\" width=\"600\" height=\"400\" src=\"https:\/\/bxrepsol.s3.eu-west-1.amazonaws.com\/static\/2024\/12\/11134338\/Foto-2prueba.jpg\" alt=\"\" class=\"wp-image-122828\" srcset=\"https:\/\/bxrepsol.s3.eu-west-1.amazonaws.com\/static\/2024\/12\/11134338\/Foto-2prueba.jpg 600w, https:\/\/bxrepsol.s3.eu-west-1.amazonaws.com\/static\/2024\/12\/11134338\/Foto-2prueba-300x200.jpg 300w\" sizes=\"auto, (max-width: 600px) 100vw, 600px\" \/><\/figure>\n\n\n\n<p>Es cierto que la <strong>Direcci\u00f3n General de Tr\u00e1fico (DGT)<\/strong> est\u00e1 pensando en hacer <a href=\"https:\/\/www.boxrepsol.com\/es\/vive-tu-moto\/nueva-normativa-dgt\/\">cambios en la normativa<\/a> que pueden afectar a utilizar el carnet B para conducir motos de hasta 125 cc, incluidas las el\u00e9ctricas equivalentes. Se rumorea que, adem\u00e1s de 3 a\u00f1os de antig\u00fcedad del permiso, los que quieran conducir este tipo de motos con el carnet B deber\u00e1n hacer un <strong>curso espec\u00edfico obligatorio<\/strong>.<\/p>\n\n\n\n<p>Hay que dejar claro que con el <strong>carnet AM,<\/strong> el de ciclomotor, no se pueden conducir motos el\u00e9ctricas de 11 kW. Con este permiso solo se pueden utilizar las que est\u00e9n homologadas como <strong>ciclomotores<\/strong> y, como tales, dispongan de placa de matr\u00edcula con fondo amarillo.<\/p>\n\n\n\n<h3 class=\"wp-block-heading\"><span class=\"ez-toc-section\" id=\"%C2%BFCuanto_tiempo_puede_durar_una_moto_electrica_y_cuanto_cuesta_su_carga\"><\/span><strong>\u00bfCu\u00e1nto tiempo puede durar una moto el\u00e9ctrica y cu\u00e1nto cuesta su carga?<\/strong><span class=\"ez-toc-section-end\"><\/span><\/h3>\n\n\n\n<p>Una de las mayores preocupaciones a la hora de comprar una moto el\u00e9ctrica es el <strong>tiempo que puede durar en \u00f3ptimas condiciones<\/strong>. Las motos de este tipo no llevan muchos a\u00f1os entre nosotros y la electrificaci\u00f3n es un tema que est\u00e1 avanzando continuamente, por lo que <strong>no es f\u00e1cil confirmar cu\u00e1ntos a\u00f1os pueden durar.<\/strong><\/p>\n\n\n\n<p>Por lo que se puede saber hasta ahora, y dependiendo del uso y los cuidados, es que una <a href=\"https:\/\/www.boxrepsol.com\/es\/tecnologia\/cual-es-la-mejor-bateria-para-moto\/\"><strong>bater\u00eda de litio<\/strong><\/a> de una moto el\u00e9ctrica puede durar <strong>hasta 8 a\u00f1os a su m\u00e1xima capacidad<\/strong> e incluso m\u00e1s, y luego no se muere de golpe, sino que se puede seguir utilizando con capacidades que rondan el 80%.<\/p>\n\n\n\n<p>La <strong>sustituci\u00f3n de la bater\u00eda<\/strong> por una nueva puede suponer un desembolso que oscila entre <strong>700 y 1.000 \u20ac,<\/strong> aunque en la actualidad existen empresas que las reacondicionan por una tercera parte de lo que puede costar una nueva.<\/p>\n\n\n\n<figure class=\"wp-block-image size-full\"><img loading=\"lazy\" decoding=\"async\" width=\"600\" height=\"400\" src=\"https:\/\/bxrepsol.s3.eu-west-1.amazonaws.com\/static\/2024\/12\/11134403\/Foto-3-1.png\" alt=\"\" class=\"wp-image-122830\" srcset=\"https:\/\/bxrepsol.s3.eu-west-1.amazonaws.com\/static\/2024\/12\/11134403\/Foto-3-1.png 600w, https:\/\/bxrepsol.s3.eu-west-1.amazonaws.com\/static\/2024\/12\/11134403\/Foto-3-1-300x200.png 300w\" sizes=\"auto, (max-width: 600px) 100vw, 600px\" \/><\/figure>\n\n\n\n<p>Con respecto a un <strong>motor el\u00e9ctrico<\/strong>, su duraci\u00f3n es f\u00e1cil que <strong>supere los 100.000 km<\/strong> sin problemas, una cifra muy dif\u00edcil de alcanzar para un modelo de 125 cc con motor de combusti\u00f3n y, menos a\u00fan, sin ninguna aver\u00eda que haya que subsanar.<\/p>\n\n\n\n<p>Como ocurre con el resto de los veh\u00edculos, la <strong>fiabilidad y la longevidad<\/strong> dependen en buena medida del fabricante que las ha producido, por lo que este es un factor que se debe tener en cuenta al adquirir una moto de estas caracter\u00edsticas.<\/p>\n\n\n\n<p>Si detr\u00e1s de un modelo el\u00e9ctrico hay una gran firma, es muy probable que su duraci\u00f3n sea mayor. En este caso, se habr\u00e1n invertido m\u00e1s medios para su desarrollo, e incluso es posible que algunos de sus componentes los comparta con otro modelo de su misma marca, por lo que muy probablemente su fiabilidad ser\u00e1 superior. Adem\u00e1s, que est\u00e9 <strong>fabricado por una marca importante garantiza un buen servicio postventa<\/strong>, algo que siempre se debe tener en cuenta.<\/p>\n\n\n\n<p>En lo que a la <strong>vida \u00fatil de la bater\u00eda se refiere<\/strong>, existen varias dudas e interrogantes. Primeramente, se ha de considerar el <strong>n\u00famero de ciclos de carga y descarga<\/strong>, un detalle que suele ser comunicado por el <a href=\"https:\/\/www.boxrepsol.com\/es\/cultura-motera\/mejores-marcas-de-motos\/\">fabricante de la moto<\/a>. De este modo, si se conoce el tipo de uso al que va a ser destinado la moto y la autonom\u00eda que consigue con una carga, se puede hacer un c\u00e1lculo del tiempo aproximado que durar\u00e1 la bater\u00eda con su m\u00e1xima capacidad.<\/p>\n\n\n\n<figure class=\"wp-block-image size-full\"><img loading=\"lazy\" decoding=\"async\" width=\"600\" height=\"400\" src=\"https:\/\/bxrepsol.s3.eu-west-1.amazonaws.com\/static\/2024\/12\/11134420\/Foto-4-1.png\" alt=\"\" class=\"wp-image-122832\" srcset=\"https:\/\/bxrepsol.s3.eu-west-1.amazonaws.com\/static\/2024\/12\/11134420\/Foto-4-1.png 600w, https:\/\/bxrepsol.s3.eu-west-1.amazonaws.com\/static\/2024\/12\/11134420\/Foto-4-1-300x200.png 300w\" sizes=\"auto, (max-width: 600px) 100vw, 600px\" \/><\/figure>\n\n\n\n<p>Adem\u00e1s de seguir las recomendaciones de cada fabricante en cuanto al mantenimiento, existen algunos procedimientos que pueden alargar la vida de una bater\u00eda.<\/p>\n\n\n\n<p>No es bueno apurar su carga en exceso y no es recomendable que esta descienda del 20%. Igualmente, es aconsejable utilizar siempre un <strong>cargador adecuado<\/strong> y <strong>desconectarlo<\/strong> una vez que la bater\u00eda alcance su carga m\u00e1xima.<\/p>\n\n\n\n<p>Por otro lado, las <strong>temperaturas extremas<\/strong> <strong>de fr\u00edo o calor pueden perjudicar<\/strong> al buen estado de la bater\u00eda, por lo que se debe tratar de no dejar el veh\u00edculo a la intemperie durante mucho tiempo y guardarlo habitualmente en alg\u00fan lugar cerrado. En el caso de motos que se utilicen poco, es aconsejable cargar la bater\u00eda, por lo menos, una vez al mes, y as\u00ed no permitir que se descargue del todo.<\/p>\n\n\n\n<h3 class=\"wp-block-heading\"><span class=\"ez-toc-section\" id=\"%C2%BFQue_autonomia_tiene_un_modelo_electrico_equivalente_a_125_cc\"><\/span><strong>\u00bfQu\u00e9 autonom\u00eda tiene un modelo el\u00e9ctrico equivalente a 125 cc?<\/strong><span class=\"ez-toc-section-end\"><\/span><\/h3>\n\n\n\n<p>Ante una <strong>oferta tan amplia y variada<\/strong> de motos el\u00e9ctricas equivalentes a 125 cc no se puede generalizar y, por tanto, <strong>no todas coinciden en la autonom\u00eda<\/strong>.<\/p>\n\n\n\n<p>De acuerdo con las cifras declaradas por los fabricantes, la autonom\u00eda de una moto de esta categor\u00eda <strong>oscila entre 50 y 250 km<\/strong>. Incluso en un mismo modelo algunas marcas, ofrecen la posibilidad de adquirirlo con una o con dos bater\u00edas, por lo que se puede duplicar en el caso de elegir la segunda opci\u00f3n.<\/p>\n\n\n\n<p>De la misma manera, como en todos los veh\u00edculos el\u00e9ctricos, la <strong>autonom\u00eda depende<\/strong> <strong>del tipo de conducci\u00f3n<\/strong> que se practique y de cu\u00e1nto se gira el acelerador. Tambi\u00e9n, la temperatura ambiental puede afectar a la autonom\u00eda, y en climas fr\u00edos o muy c\u00e1lidos, se puede ver reducida de manera considerable con respecto a la declarada.<\/p>\n\n\n\n<p>Asimismo, <strong>muchos modelos ofrecen varios modos de motor<\/strong> que modifican la entrega de potencia y la velocidad m\u00e1xima, y dependiendo que se utilice, la autonom\u00eda ser\u00e1 mayor o menor.<\/p>\n","protected":false},"excerpt":{"rendered":"<p>Las motos el\u00e9ctricas equivalentes a 125 cc cada vez son m\u00e1s populares en nuestras ciudades. Adem\u00e1s de econ\u00f3micas, son una soluci\u00f3n sostenible y eficiente para el transporte urbano. Por este motivo, la oferta de este tipo de veh\u00edculos es muy amplia y la variedad muy extensa.<\/p>\n","protected":false},"author":41267,"featured_media":122802,"comment_status":"open","ping_status":"closed","sticky":false,"template":"","format":"standard","meta":{"footnotes":""},"categories":[122],"tags":[591,380,382],"class_list":["post-122801","post","type-post","status-publish","format-standard","hentry","category-vive-tu-moto","tag-energias-y-movilidad","tag-novedades","tag-reviews-de-motos"],"yoast_head":"<!-- This site is optimized with the Yoast SEO plugin v27.3 - https:\/\/yoast.com\/product\/yoast-seo-wordpress\/ -->\n<title>Las mejores motos el\u00e9ctricas de 125cc - Box Repsol<\/title>\n<meta name=\"description\" content=\"Descubre las mejores motos el\u00e9ctricas de 125cc: rendimiento, autonom\u00eda y estilo para moverte de forma sostenible en la ciudad.\" \/>\n<link rel=\"canonical\" href=\"https:\/\/www.boxrepsol.com\/es\/vive-tu-moto\/motos-electricas-125\/\" \/>\n<meta property=\"og:locale\" content=\"es_ES\" \/>\n<meta property=\"og:type\" content=\"article\" \/>\n<meta property=\"og:title\" content=\"Las mejores motos el\u00e9ctricas de 125cc - Box Repsol\" \/>\n<meta property=\"og:description\" content=\"Descubre las mejores motos el\u00e9ctricas de 125cc: rendimiento, autonom\u00eda y estilo para moverte de forma sostenible en la ciudad.\" \/>\n<meta property=\"og:url\" content=\"https:\/\/www.boxrepsol.com\/es\/vive-tu-moto\/motos-electricas-125\/\" \/>\n<meta property=\"og:site_name\" content=\"Box Repsol\" \/>\n<meta property=\"article:publisher\" content=\"https:\/\/www.facebook.com\/BoxRepsol\" \/>\n<meta property=\"article:published_time\" content=\"2024-12-11T15:46:58+00:00\" \/>\n<meta property=\"article:modified_time\" content=\"2025-06-25T11:22:44+00:00\" \/>\n<meta property=\"og:image\" content=\"https:\/\/bxrepsol.s3.eu-west-1.amazonaws.com\/static\/2024\/12\/11131724\/Foto-1-apertura.png\" \/>\n\t<meta property=\"og:image:width\" content=\"1200\" \/>\n\t<meta property=\"og:image:height\" content=\"750\" \/>\n\t<meta property=\"og:image:type\" content=\"image\/png\" \/>\n<meta name=\"author\" content=\"V\u00edctor Gancedo\" \/>\n<meta name=\"twitter:card\" content=\"summary_large_image\" \/>\n<meta name=\"twitter:creator\" content=\"@box_repsol\" \/>\n<meta name=\"twitter:site\" content=\"@box_repsol\" \/>\n<meta name=\"twitter:label1\" content=\"Written by\" \/>\n\t<meta name=\"twitter:data1\" content=\"V\u00edctor Gancedo\" \/>\n\t<meta name=\"twitter:label2\" content=\"Est. reading time\" \/>\n\t<meta name=\"twitter:data2\" content=\"14 minutos\" \/>\n<script type=\"application\/ld+json\" class=\"yoast-schema-graph\">{\"@context\":\"https:\\\/\\\/schema.org\",\"@graph\":[{\"@type\":\"Article\",\"@id\":\"https:\\\/\\\/www.boxrepsol.com\\\/es\\\/vive-tu-moto\\\/motos-electricas-125\\\/#article\",\"isPartOf\":{\"@id\":\"https:\\\/\\\/www.boxrepsol.com\\\/es\\\/vive-tu-moto\\\/motos-electricas-125\\\/\"},\"author\":{\"name\":\"V\u00edctor Gancedo\",\"@id\":\"https:\\\/\\\/www.boxrepsol.com\\\/es\\\/#\\\/schema\\\/person\\\/40c28bf318bbbe8fe3848b194b7385ca\"},\"headline\":\"Motos el\u00e9ctricas de 125 en 2025\",\"datePublished\":\"2024-12-11T15:46:58+00:00\",\"dateModified\":\"2025-06-25T11:22:44+00:00\",\"mainEntityOfPage\":{\"@id\":\"https:\\\/\\\/www.boxrepsol.com\\\/es\\\/vive-tu-moto\\\/motos-electricas-125\\\/\"},\"wordCount\":2720,\"commentCount\":0,\"publisher\":{\"@id\":\"https:\\\/\\\/www.boxrepsol.com\\\/es\\\/#organization\"},\"image\":{\"@id\":\"https:\\\/\\\/www.boxrepsol.com\\\/es\\\/vive-tu-moto\\\/motos-electricas-125\\\/#primaryimage\"},\"thumbnailUrl\":\"https:\\\/\\\/bxrepsol.s3.eu-west-1.amazonaws.com\\\/static\\\/2024\\\/12\\\/11131724\\\/Foto-1-apertura.png\",\"keywords\":[\"energ\u00edas y movilidad\",\"Novedades\",\"Reviews de motos\"],\"articleSection\":[\"Vive tu moto\"],\"inLanguage\":\"es\",\"potentialAction\":[{\"@type\":\"CommentAction\",\"name\":\"Comment\",\"target\":[\"https:\\\/\\\/www.boxrepsol.com\\\/es\\\/vive-tu-moto\\\/motos-electricas-125\\\/#respond\"]}]},{\"@type\":\"WebPage\",\"@id\":\"https:\\\/\\\/www.boxrepsol.com\\\/es\\\/vive-tu-moto\\\/motos-electricas-125\\\/\",\"url\":\"https:\\\/\\\/www.boxrepsol.com\\\/es\\\/vive-tu-moto\\\/motos-electricas-125\\\/\",\"name\":\"Las mejores motos el\u00e9ctricas de 125cc - Box Repsol\",\"isPartOf\":{\"@id\":\"https:\\\/\\\/www.boxrepsol.com\\\/es\\\/#website\"},\"primaryImageOfPage\":{\"@id\":\"https:\\\/\\\/www.boxrepsol.com\\\/es\\\/vive-tu-moto\\\/motos-electricas-125\\\/#primaryimage\"},\"image\":{\"@id\":\"https:\\\/\\\/www.boxrepsol.com\\\/es\\\/vive-tu-moto\\\/motos-electricas-125\\\/#primaryimage\"},\"thumbnailUrl\":\"https:\\\/\\\/bxrepsol.s3.eu-west-1.amazonaws.com\\\/static\\\/2024\\\/12\\\/11131724\\\/Foto-1-apertura.png\",\"datePublished\":\"2024-12-11T15:46:58+00:00\",\"dateModified\":\"2025-06-25T11:22:44+00:00\",\"description\":\"Descubre las mejores motos el\u00e9ctricas de 125cc: rendimiento, autonom\u00eda y estilo para moverte de forma sostenible en la ciudad.\",\"breadcrumb\":{\"@id\":\"https:\\\/\\\/www.boxrepsol.com\\\/es\\\/vive-tu-moto\\\/motos-electricas-125\\\/#breadcrumb\"},\"inLanguage\":\"es\",\"potentialAction\":[{\"@type\":\"ReadAction\",\"target\":[\"https:\\\/\\\/www.boxrepsol.com\\\/es\\\/vive-tu-moto\\\/motos-electricas-125\\\/\"]}]},{\"@type\":\"ImageObject\",\"inLanguage\":\"es\",\"@id\":\"https:\\\/\\\/www.boxrepsol.com\\\/es\\\/vive-tu-moto\\\/motos-electricas-125\\\/#primaryimage\",\"url\":\"https:\\\/\\\/bxrepsol.s3.eu-west-1.amazonaws.com\\\/static\\\/2024\\\/12\\\/11131724\\\/Foto-1-apertura.png\",\"contentUrl\":\"https:\\\/\\\/bxrepsol.s3.eu-west-1.amazonaws.com\\\/static\\\/2024\\\/12\\\/11131724\\\/Foto-1-apertura.png\",\"width\":1200,\"height\":750,\"caption\":\"Imagen de dos personas con motos de 125cc el\u00e9ctricas\"},{\"@type\":\"BreadcrumbList\",\"@id\":\"https:\\\/\\\/www.boxrepsol.com\\\/es\\\/vive-tu-moto\\\/motos-electricas-125\\\/#breadcrumb\",\"itemListElement\":[{\"@type\":\"ListItem\",\"position\":1,\"name\":\"Home\",\"item\":\"https:\\\/\\\/www.boxrepsol.com\\\/es\\\/\"},{\"@type\":\"ListItem\",\"position\":2,\"name\":\"Motos el\u00e9ctricas de 125 en 2025\"}]},{\"@type\":\"WebSite\",\"@id\":\"https:\\\/\\\/www.boxrepsol.com\\\/es\\\/#website\",\"url\":\"https:\\\/\\\/www.boxrepsol.com\\\/es\\\/\",\"name\":\"Box Repsol\",\"description\":\"Box Repsol Site\",\"publisher\":{\"@id\":\"https:\\\/\\\/www.boxrepsol.com\\\/es\\\/#organization\"},\"potentialAction\":[{\"@type\":\"SearchAction\",\"target\":{\"@type\":\"EntryPoint\",\"urlTemplate\":\"https:\\\/\\\/www.boxrepsol.com\\\/es\\\/?s={search_term_string}\"},\"query-input\":{\"@type\":\"PropertyValueSpecification\",\"valueRequired\":true,\"valueName\":\"search_term_string\"}}],\"inLanguage\":\"es\"},{\"@type\":\"Organization\",\"@id\":\"https:\\\/\\\/www.boxrepsol.com\\\/es\\\/#organization\",\"name\":\"Box Repsol\",\"url\":\"https:\\\/\\\/www.boxrepsol.com\\\/es\\\/\",\"logo\":{\"@type\":\"ImageObject\",\"inLanguage\":\"es\",\"@id\":\"https:\\\/\\\/www.boxrepsol.com\\\/es\\\/#\\\/schema\\\/logo\\\/image\\\/\",\"url\":\"https:\\\/\\\/bxrepsol.s3.eu-west-1.amazonaws.com\\\/static\\\/2025\\\/07\\\/30083337\\\/favicon-96x96-1.png\",\"contentUrl\":\"https:\\\/\\\/bxrepsol.s3.eu-west-1.amazonaws.com\\\/static\\\/2025\\\/07\\\/30083337\\\/favicon-96x96-1.png\",\"width\":96,\"height\":96,\"caption\":\"Box Repsol\"},\"image\":{\"@id\":\"https:\\\/\\\/www.boxrepsol.com\\\/es\\\/#\\\/schema\\\/logo\\\/image\\\/\"},\"sameAs\":[\"https:\\\/\\\/www.facebook.com\\\/BoxRepsol\",\"https:\\\/\\\/x.com\\\/box_repsol\",\"http:\\\/\\\/instagram.com\\\/box_repsol\",\"https:\\\/\\\/www.youtube.com\\\/user\\\/RepsolCompeticion\",\"https:\\\/\\\/www.flickr.com\\\/photos\\\/box_repsol\\\/\"]},{\"@type\":\"Person\",\"@id\":\"https:\\\/\\\/www.boxrepsol.com\\\/es\\\/#\\\/schema\\\/person\\\/40c28bf318bbbe8fe3848b194b7385ca\",\"name\":\"V\u00edctor Gancedo\",\"image\":{\"@type\":\"ImageObject\",\"inLanguage\":\"es\",\"@id\":\"https:\\\/\\\/secure.gravatar.com\\\/avatar\\\/cd1439a66fca5d3425cd2a7b13f32cd43e25022a0436c1235ef2a28e14fa660a?s=96&d=mm&r=g\",\"url\":\"https:\\\/\\\/secure.gravatar.com\\\/avatar\\\/cd1439a66fca5d3425cd2a7b13f32cd43e25022a0436c1235ef2a28e14fa660a?s=96&d=mm&r=g\",\"contentUrl\":\"https:\\\/\\\/secure.gravatar.com\\\/avatar\\\/cd1439a66fca5d3425cd2a7b13f32cd43e25022a0436c1235ef2a28e14fa660a?s=96&d=mm&r=g\",\"caption\":\"V\u00edctor Gancedo\"},\"description\":\"Periodista especializado en el mundo de las motos, V\u00edctor ha probado pr\u00e1cticamente todas las que han salido al mercado desde 1990. En su larga trayectoria, ha desempe\u00f1ado cargos como los de Jefe de Pruebas de la revista Motociclismo o Responsable de Pruebas del \u00c1rea de Motos del Grupo Motorpress-Ib\u00e9rica, hoy llamado Sport Life Ib\u00e9rica, al cual sigue vinculado.\",\"sameAs\":[\"https:\\\/\\\/www.instagram.com\\\/vfgancedo\"],\"url\":\"https:\\\/\\\/www.boxrepsol.com\\\/es\\\/author\\\/victor_gancedo\\\/\"}]}<\/script>\n<!-- \/ Yoast SEO plugin. -->","yoast_head_json":{"title":"Las mejores motos el\u00e9ctricas de 125cc - Box Repsol","description":"Descubre las mejores motos el\u00e9ctricas de 125cc: rendimiento, autonom\u00eda y estilo para moverte de forma sostenible en la ciudad.","canonical":"https:\/\/www.boxrepsol.com\/es\/vive-tu-moto\/motos-electricas-125\/","og_locale":"es_ES","og_type":"article","og_title":"Las mejores motos el\u00e9ctricas de 125cc - Box Repsol","og_description":"Descubre las mejores motos el\u00e9ctricas de 125cc: rendimiento, autonom\u00eda y estilo para moverte de forma sostenible en la ciudad.","og_url":"https:\/\/www.boxrepsol.com\/es\/vive-tu-moto\/motos-electricas-125\/","og_site_name":"Box Repsol","article_publisher":"https:\/\/www.facebook.com\/BoxRepsol","article_published_time":"2024-12-11T15:46:58+00:00","article_modified_time":"2025-06-25T11:22:44+00:00","og_image":[{"width":1200,"height":750,"url":"https:\/\/bxrepsol.s3.eu-west-1.amazonaws.com\/static\/2024\/12\/11131724\/Foto-1-apertura.png","type":"image\/png"}],"author":"V\u00edctor Gancedo","twitter_card":"summary_large_image","twitter_creator":"@box_repsol","twitter_site":"@box_repsol","twitter_misc":{"Written by":"V\u00edctor Gancedo","Est. reading time":"14 minutos"},"schema":{"@context":"https:\/\/schema.org","@graph":[{"@type":"Article","@id":"https:\/\/www.boxrepsol.com\/es\/vive-tu-moto\/motos-electricas-125\/#article","isPartOf":{"@id":"https:\/\/www.boxrepsol.com\/es\/vive-tu-moto\/motos-electricas-125\/"},"author":{"name":"V\u00edctor Gancedo","@id":"https:\/\/www.boxrepsol.com\/es\/#\/schema\/person\/40c28bf318bbbe8fe3848b194b7385ca"},"headline":"Motos el\u00e9ctricas de 125 en 2025","datePublished":"2024-12-11T15:46:58+00:00","dateModified":"2025-06-25T11:22:44+00:00","mainEntityOfPage":{"@id":"https:\/\/www.boxrepsol.com\/es\/vive-tu-moto\/motos-electricas-125\/"},"wordCount":2720,"commentCount":0,"publisher":{"@id":"https:\/\/www.boxrepsol.com\/es\/#organization"},"image":{"@id":"https:\/\/www.boxrepsol.com\/es\/vive-tu-moto\/motos-electricas-125\/#primaryimage"},"thumbnailUrl":"https:\/\/bxrepsol.s3.eu-west-1.amazonaws.com\/static\/2024\/12\/11131724\/Foto-1-apertura.png","keywords":["energ\u00edas y movilidad","Novedades","Reviews de motos"],"articleSection":["Vive tu moto"],"inLanguage":"es","potentialAction":[{"@type":"CommentAction","name":"Comment","target":["https:\/\/www.boxrepsol.com\/es\/vive-tu-moto\/motos-electricas-125\/#respond"]}]},{"@type":"WebPage","@id":"https:\/\/www.boxrepsol.com\/es\/vive-tu-moto\/motos-electricas-125\/","url":"https:\/\/www.boxrepsol.com\/es\/vive-tu-moto\/motos-electricas-125\/","name":"Las mejores motos el\u00e9ctricas de 125cc - Box Repsol","isPartOf":{"@id":"https:\/\/www.boxrepsol.com\/es\/#website"},"primaryImageOfPage":{"@id":"https:\/\/www.boxrepsol.com\/es\/vive-tu-moto\/motos-electricas-125\/#primaryimage"},"image":{"@id":"https:\/\/www.boxrepsol.com\/es\/vive-tu-moto\/motos-electricas-125\/#primaryimage"},"thumbnailUrl":"https:\/\/bxrepsol.s3.eu-west-1.amazonaws.com\/static\/2024\/12\/11131724\/Foto-1-apertura.png","datePublished":"2024-12-11T15:46:58+00:00","dateModified":"2025-06-25T11:22:44+00:00","description":"Descubre las mejores motos el\u00e9ctricas de 125cc: rendimiento, autonom\u00eda y estilo para moverte de forma sostenible en la ciudad.","breadcrumb":{"@id":"https:\/\/www.boxrepsol.com\/es\/vive-tu-moto\/motos-electricas-125\/#breadcrumb"},"inLanguage":"es","potentialAction":[{"@type":"ReadAction","target":["https:\/\/www.boxrepsol.com\/es\/vive-tu-moto\/motos-electricas-125\/"]}]},{"@type":"ImageObject","inLanguage":"es","@id":"https:\/\/www.boxrepsol.com\/es\/vive-tu-moto\/motos-electricas-125\/#primaryimage","url":"https:\/\/bxrepsol.s3.eu-west-1.amazonaws.com\/static\/2024\/12\/11131724\/Foto-1-apertura.png","contentUrl":"https:\/\/bxrepsol.s3.eu-west-1.amazonaws.com\/static\/2024\/12\/11131724\/Foto-1-apertura.png","width":1200,"height":750,"caption":"Imagen de dos personas con motos de 125cc el\u00e9ctricas"},{"@type":"BreadcrumbList","@id":"https:\/\/www.boxrepsol.com\/es\/vive-tu-moto\/motos-electricas-125\/#breadcrumb","itemListElement":[{"@type":"ListItem","position":1,"name":"Home","item":"https:\/\/www.boxrepsol.com\/es\/"},{"@type":"ListItem","position":2,"name":"Motos el\u00e9ctricas de 125 en 2025"}]},{"@type":"WebSite","@id":"https:\/\/www.boxrepsol.com\/es\/#website","url":"https:\/\/www.boxrepsol.com\/es\/","name":"Box Repsol","description":"Box Repsol Site","publisher":{"@id":"https:\/\/www.boxrepsol.com\/es\/#organization"},"potentialAction":[{"@type":"SearchAction","target":{"@type":"EntryPoint","urlTemplate":"https:\/\/www.boxrepsol.com\/es\/?s={search_term_string}"},"query-input":{"@type":"PropertyValueSpecification","valueRequired":true,"valueName":"search_term_string"}}],"inLanguage":"es"},{"@type":"Organization","@id":"https:\/\/www.boxrepsol.com\/es\/#organization","name":"Box Repsol","url":"https:\/\/www.boxrepsol.com\/es\/","logo":{"@type":"ImageObject","inLanguage":"es","@id":"https:\/\/www.boxrepsol.com\/es\/#\/schema\/logo\/image\/","url":"https:\/\/bxrepsol.s3.eu-west-1.amazonaws.com\/static\/2025\/07\/30083337\/favicon-96x96-1.png","contentUrl":"https:\/\/bxrepsol.s3.eu-west-1.amazonaws.com\/static\/2025\/07\/30083337\/favicon-96x96-1.png","width":96,"height":96,"caption":"Box Repsol"},"image":{"@id":"https:\/\/www.boxrepsol.com\/es\/#\/schema\/logo\/image\/"},"sameAs":["https:\/\/www.facebook.com\/BoxRepsol","https:\/\/x.com\/box_repsol","http:\/\/instagram.com\/box_repsol","https:\/\/www.youtube.com\/user\/RepsolCompeticion","https:\/\/www.flickr.com\/photos\/box_repsol\/"]},{"@type":"Person","@id":"https:\/\/www.boxrepsol.com\/es\/#\/schema\/person\/40c28bf318bbbe8fe3848b194b7385ca","name":"V\u00edctor Gancedo","image":{"@type":"ImageObject","inLanguage":"es","@id":"https:\/\/secure.gravatar.com\/avatar\/cd1439a66fca5d3425cd2a7b13f32cd43e25022a0436c1235ef2a28e14fa660a?s=96&d=mm&r=g","url":"https:\/\/secure.gravatar.com\/avatar\/cd1439a66fca5d3425cd2a7b13f32cd43e25022a0436c1235ef2a28e14fa660a?s=96&d=mm&r=g","contentUrl":"https:\/\/secure.gravatar.com\/avatar\/cd1439a66fca5d3425cd2a7b13f32cd43e25022a0436c1235ef2a28e14fa660a?s=96&d=mm&r=g","caption":"V\u00edctor Gancedo"},"description":"Periodista especializado en el mundo de las motos, V\u00edctor ha probado pr\u00e1cticamente todas las que han salido al mercado desde 1990. En su larga trayectoria, ha desempe\u00f1ado cargos como los de Jefe de Pruebas de la revista Motociclismo o Responsable de Pruebas del \u00c1rea de Motos del Grupo Motorpress-Ib\u00e9rica, hoy llamado Sport Life Ib\u00e9rica, al cual sigue vinculado.","sameAs":["https:\/\/www.instagram.com\/vfgancedo"],"url":"https:\/\/www.boxrepsol.com\/es\/author\/victor_gancedo\/"}]}},"_links":{"self":[{"href":"https:\/\/www.boxrepsol.com\/es\/wp-json\/wp\/v2\/posts\/122801","targetHints":{"allow":["GET"]}}],"collection":[{"href":"https:\/\/www.boxrepsol.com\/es\/wp-json\/wp\/v2\/posts"}],"about":[{"href":"https:\/\/www.boxrepsol.com\/es\/wp-json\/wp\/v2\/types\/post"}],"author":[{"embeddable":true,"href":"https:\/\/www.boxrepsol.com\/es\/wp-json\/wp\/v2\/users\/41267"}],"replies":[{"embeddable":true,"href":"https:\/\/www.boxrepsol.com\/es\/wp-json\/wp\/v2\/comments?post=122801"}],"version-history":[{"count":3,"href":"https:\/\/www.boxrepsol.com\/es\/wp-json\/wp\/v2\/posts\/122801\/revisions"}],"predecessor-version":[{"id":123501,"href":"https:\/\/www.boxrepsol.com\/es\/wp-json\/wp\/v2\/posts\/122801\/revisions\/123501"}],"wp:featuredmedia":[{"embeddable":true,"href":"https:\/\/www.boxrepsol.com\/es\/wp-json\/wp\/v2\/media\/122802"}],"wp:attachment":[{"href":"https:\/\/www.boxrepsol.com\/es\/wp-json\/wp\/v2\/media?parent=122801"}],"wp:term":[{"taxonomy":"category","embeddable":true,"href":"https:\/\/www.boxrepsol.com\/es\/wp-json\/wp\/v2\/categories?post=122801"},{"taxonomy":"post_tag","embeddable":true,"href":"https:\/\/www.boxrepsol.com\/es\/wp-json\/wp\/v2\/tags?post=122801"}],"curies":[{"name":"wp","href":"https:\/\/api.w.org\/{rel}","templated":true}]}}