{"id":122215,"date":"2024-11-16T14:06:30","date_gmt":"2024-11-16T16:06:30","guid":{"rendered":"https:\/\/www.boxrepsol.com\/?p=122215"},"modified":"2024-11-17T12:22:15","modified_gmt":"2024-11-17T14:22:15","slug":"resultados-la-carrera-sprint-del-gp-solidario-de-motogp-2024","status":"publish","type":"post","link":"https:\/\/www.boxrepsol.com\/es\/motogp\/resultados-la-carrera-sprint-del-gp-solidario-de-motogp-2024\/","title":{"rendered":"Resultados de la carrera sprint del GP Solidario de MotoGP"},"content":{"rendered":"<figure class=\"wp-block-post-featured-image\"><img loading=\"lazy\" decoding=\"async\" width=\"1200\" height=\"650\" src=\"https:\/\/bxrepsol.s3.eu-west-1.amazonaws.com\/static\/2024\/11\/16133812\/NotiWebSprint.jpg\" class=\"attachment-post-thumbnail size-post-thumbnail wp-post-image\" alt=\"Repsol Honda, s\u00e1bado, GP Solidario (web)\" style=\"object-fit:cover;\" srcset=\"https:\/\/bxrepsol.s3.eu-west-1.amazonaws.com\/static\/2024\/11\/16133812\/NotiWebSprint.jpg 1200w, https:\/\/bxrepsol.s3.eu-west-1.amazonaws.com\/static\/2024\/11\/16133812\/NotiWebSprint-300x163.jpg 300w, https:\/\/bxrepsol.s3.eu-west-1.amazonaws.com\/static\/2024\/11\/16133812\/NotiWebSprint-1024x555.jpg 1024w, https:\/\/bxrepsol.s3.eu-west-1.amazonaws.com\/static\/2024\/11\/16133812\/NotiWebSprint-768x416.jpg 768w\" sizes=\"auto, (max-width: 1200px) 100vw, 1200px\" \/><\/figure>\n\n\n<p>Victoria de <strong>&#8216;Pecco&#8217; Bagnaia<\/strong> en el Circuit de Barcelona-Catalunya, la s\u00e9ptima de 2024 al sprint. El italiano ha salido bien desde la Pole Position y ha podido liderar toda la carrera de principio a fin. <\/p>\n\n\n\n<p>Por detr\u00e1s, la lucha por la plata se ha decidido en la \u00faltima vuelta en favor de su compa\u00f1ero <strong>Enea Bastianini<\/strong>.<strong> Jorge Mart\u00edn<\/strong> ha completado las posiciones de podio, pero tendr\u00e1 que esperar a ma\u00f1ana para coronarse campe\u00f3n. <\/p>\n\n\n\n<p>Inicio de carrera accidentado con el toque entre M. M\u00e1rquez y Pedro Acosta como plato principal. El de Cervera ha podido continuar, pero no el de GasGas, que ha perdido todo el carenado tras el impacto. A ra\u00edz de ello, el grupo ha empezado a estirarse, con &#8216;Pecco&#8217; implementando un ritmo fuerte y constante.<\/p>\n\n\n\n<p>Ya en el tramo final y con el triunfo decidido en favor del bicampe\u00f3n del mundo de MotoGP, la lucha por la P2 se ha intensificado entre <strong>Mart\u00edn, Bastianini, A. Espargar\u00f3 y A. M\u00e1rquez<\/strong>. De hecho, esta no ha sido la \u00fanica pugna bonita en el \u00faltimo tercio de carrera: <strong>Morbidelli, M. M\u00e1rquez, Bezzecchi y Binder<\/strong>, pelearon por las \u00faltimas cuatro posiciones de puntos, cogiendo la bandera a cuadros en este mismo orden para completar el Top 9. <\/p>\n\n\n\n<p><\/p>\n\n\n\n<div id=\"ez-toc-container\" class=\"ez-toc-v2_0_82_2 counter-hierarchy ez-toc-counter ez-toc-grey ez-toc-container-direction\">\n<div class=\"ez-toc-title-container\">\n<p class=\"ez-toc-title\" style=\"cursor:inherit\">\u00cdndice<\/p>\n<span class=\"ez-toc-title-toggle\"><a href=\"#\" class=\"ez-toc-pull-right ez-toc-btn ez-toc-btn-xs ez-toc-btn-default ez-toc-toggle\" aria-label=\"Toggle Table of Content\"><span class=\"ez-toc-js-icon-con\"><span class=\"\"><span class=\"eztoc-hide\" style=\"display:none;\">Toggle<\/span><span class=\"ez-toc-icon-toggle-span\"><svg style=\"fill: #999;color:#999\" xmlns=\"http:\/\/www.w3.org\/2000\/svg\" class=\"list-377408\" width=\"20px\" height=\"20px\" viewBox=\"0 0 24 24\" fill=\"none\"><path d=\"M6 6H4v2h2V6zm14 0H8v2h12V6zM4 11h2v2H4v-2zm16 0H8v2h12v-2zM4 16h2v2H4v-2zm16 0H8v2h12v-2z\" fill=\"currentColor\"><\/path><\/svg><svg style=\"fill: #999;color:#999\" class=\"arrow-unsorted-368013\" xmlns=\"http:\/\/www.w3.org\/2000\/svg\" width=\"10px\" height=\"10px\" viewBox=\"0 0 24 24\" version=\"1.2\" baseProfile=\"tiny\"><path d=\"M18.2 9.3l-6.2-6.3-6.2 6.3c-.2.2-.3.4-.3.7s.1.5.3.7c.2.2.4.3.7.3h11c.3 0 .5-.1.7-.3.2-.2.3-.5.3-.7s-.1-.5-.3-.7zM5.8 14.7l6.2 6.3 6.2-6.3c.2-.2.3-.5.3-.7s-.1-.5-.3-.7c-.2-.2-.4-.3-.7-.3h-11c-.3 0-.5.1-.7.3-.2.2-.3.5-.3.7s.1.5.3.7z\"\/><\/svg><\/span><\/span><\/span><\/a><\/span><\/div>\n<nav><ul class='ez-toc-list ez-toc-list-level-1 ' ><li class='ez-toc-page-1 ez-toc-heading-level-2'><a class=\"ez-toc-link ez-toc-heading-1\" href=\"https:\/\/www.boxrepsol.com\/es\/motogp\/resultados-la-carrera-sprint-del-gp-solidario-de-motogp-2024\/#Top_15_al_Sprint_para_el_Repsol_Honda_en_Montmelo\" >Top 15 al Sprint para el Repsol Honda en Montmel\u00f3<\/a><\/li><li class='ez-toc-page-1 ez-toc-heading-level-2'><a class=\"ez-toc-link ez-toc-heading-2\" href=\"https:\/\/www.boxrepsol.com\/es\/motogp\/resultados-la-carrera-sprint-del-gp-solidario-de-motogp-2024\/#Resultados_de_la_carrera_sprint_GP_Solidario_12_vueltas\" >Resultados de la carrera sprint: GP Solidario (12 vueltas)<\/a><\/li><li class='ez-toc-page-1 ez-toc-heading-level-2'><a class=\"ez-toc-link ez-toc-heading-3\" href=\"https:\/\/www.boxrepsol.com\/es\/motogp\/resultados-la-carrera-sprint-del-gp-solidario-de-motogp-2024\/#Clasificacion_General\" >Clasificaci\u00f3n General<\/a><\/li><li class='ez-toc-page-1 ez-toc-heading-level-2'><a class=\"ez-toc-link ez-toc-heading-4\" href=\"https:\/\/www.boxrepsol.com\/es\/motogp\/resultados-la-carrera-sprint-del-gp-solidario-de-motogp-2024\/#Declaraciones\" >Declaraciones<\/a><ul class='ez-toc-list-level-3' ><li class='ez-toc-heading-level-3'><a class=\"ez-toc-link ez-toc-heading-5\" href=\"https:\/\/www.boxrepsol.com\/es\/motogp\/resultados-la-carrera-sprint-del-gp-solidario-de-motogp-2024\/#Joan_Mir\" >Joan Mir<\/a><\/li><li class='ez-toc-page-1 ez-toc-heading-level-3'><a class=\"ez-toc-link ez-toc-heading-6\" href=\"https:\/\/www.boxrepsol.com\/es\/motogp\/resultados-la-carrera-sprint-del-gp-solidario-de-motogp-2024\/#Luca_Marini\" >Luca Marini<\/a><\/li><\/ul><\/li><\/ul><\/nav><\/div>\n<h2 class=\"wp-block-heading\"><span class=\"ez-toc-section\" id=\"Top_15_al_Sprint_para_el_Repsol_Honda_en_Montmelo\"><\/span><strong>Top 15 al Sprint para el Repsol Honda en Montmel\u00f3<\/strong><span class=\"ez-toc-section-end\"><\/span><\/h2>\n\n\n\n<p>Decimotercera posici\u00f3n para<strong> Joan Mir <\/strong>para completar una carrera al sprint de m\u00e1s a menos en el Circuit de Barcelona-Catalunya. El balear ha salido bien para auparse hasta la P11, posici\u00f3n en la que ha rodado gran parte de la carrera. Sin embargo, en el tramo final ha perdido algo de fuelle con relaci\u00f3n al grupo que encabezaba y Johann Zarco y Maverick Vi\u00f1ales lo han sobrepasado. <\/p>\n\n\n\n<p>Su compa\u00f1ero de escuadra, <strong>Luca Marini<\/strong>, tambi\u00e9n ha realizado una buena salida pero no ha podido remontar m\u00e1s que una posici\u00f3n para acabar completando este \u00faltimo Sprint del a\u00f1o cerrando las posiciones de Top 15. <\/p>\n\n\n\n<p>Ma\u00f1ana <strong>a las 14.00 hora local<\/strong>, arrancar\u00e1 la vig\u00e9sima y \u00faltima carrera de la <a href=\"https:\/\/www.boxrepsol.com\/es\/calendario-gp\/calendario-motogp-2024\/\">temporada 2024<\/a> de MotoGP.<\/p>\n\n\n\n<p><\/p>\n\n\n\n<p><\/p>\n\n\n\n<h2 class=\"wp-block-heading\"><span class=\"ez-toc-section\" id=\"Resultados_de_la_carrera_sprint_GP_Solidario_12_vueltas\"><\/span><strong>Resultados de la carrera sprint: GP Solidario (12 vueltas)<\/strong><span class=\"ez-toc-section-end\"><\/span><\/h2>\n\n\n\n<figure class=\"wp-block-table is-style-stripes\"><table><tbody><tr><td><strong>PILOTO<\/strong><\/td><td><strong>EQUIPO<\/strong><\/td><td><strong>TIEMPO<\/strong><\/td><\/tr><tr><td>1. &#8216;Pecco&#8217; Bagnaia<\/td><td>DUCATI<\/td><td>20:03.173<\/td><\/tr><tr><td>2. Enea Bastianini<\/td><td>DUCATI<\/td><td>+0.942<\/td><\/tr><tr><td>3. Jorge Mart\u00edn<\/td><td>DUCATI<\/td><td>+1.270<\/td><\/tr><tr><td>4. Aleix Espargar\u00f3<\/td><td>APRILIA<\/td><td>+1.857<\/td><\/tr><tr><td>5. \u00c1lex M\u00e1rquez<\/td><td>DUCATI<\/td><td>+1.942<\/td><\/tr><tr><td>6. Franco Morbidelli<\/td><td>DUCATI<\/td><td>+5.263<\/td><\/tr><tr><td>7. Marc M\u00e1rquez<\/td><td>DUCATI<\/td><td>+5.303<\/td><\/tr><tr><td>8. Marco Bezzecchi<\/td><td>DUCATI<\/td><td>+5.507<\/td><\/tr><tr><td>9. Brad Binder<\/td><td>KTM<\/td><td>+5.573<\/td><\/tr><tr><td>10. Fabio Quartararo<\/td><td>YAMAHA<\/td><td>+5.937<\/td><\/tr><tr><td>11. Johann Zarco<\/td><td>HONDA<\/td><td>+7.413<\/td><\/tr><tr><td>12. Maverick Vi\u00f1ales<\/td><td>APRILIA<\/td><td>+8.344<\/td><\/tr><tr><td><strong>13. Joan Mir<\/strong><\/td><td><strong>REPSOL HONDA<\/strong><\/td><td><strong>+9.387<\/strong><\/td><\/tr><tr><td>14. Ra\u00fal Fern\u00e1ndez<\/td><td>APRILIA<\/td><td>+9.652<\/td><\/tr><tr><td><strong>15. Luca Marini<\/strong><\/td><td><strong>REPSOL HONDA<\/strong><\/td><td><strong>+11.838<\/strong><\/td><\/tr><tr><td>16. \u00c0lex Rins<\/td><td>YAMAHA<\/td><td>+13.217<\/td><\/tr><tr><td>17. Takaaki Nakagami<\/td><td>HONDA<\/td><td>+17.017<\/td><\/tr><tr><td>18. Miguel Oliveira<\/td><td>APRILIA<\/td><td>+17.746<\/td><\/tr><tr><td>19. Jack Miller<\/td><td>KTM<\/td><td>+18.533<\/td><\/tr><tr><td>20. Augusto Fern\u00e1ndez<\/td><td>GASGAS<\/td><td>+20.153<\/td><\/tr><tr><td>21. Michele Pirro<\/td><td>DUCATI<\/td><td>+20.547<\/td><\/tr><tr><td>22. Stefan Bradl <\/td><td>HONDA<\/td><td>+24.604<\/td><\/tr><\/tbody><\/table><\/figure>\n\n\n\n<p><\/p>\n\n\n\n<h2 class=\"wp-block-heading\"><span class=\"ez-toc-section\" id=\"Clasificacion_General\"><\/span><strong>Clasificaci\u00f3n General<\/strong><span class=\"ez-toc-section-end\"><\/span><\/h2>\n\n\n\n<figure class=\"wp-block-table is-style-stripes\"><table><tbody><tr><td><strong>PILOTO<\/strong><\/td><td><strong>EQUIPO<\/strong><\/td><td><strong>PUNTOS<\/strong><\/td><\/tr><tr><td>1. Jorge Mart\u00edn<\/td><td>DUCATI<\/td><td>492<\/td><\/tr><tr><td>2.  &#8216;Pecco&#8217; Bagnaia<\/td><td>DUCATI<\/td><td>473<\/td><\/tr><tr><td>3. Enea Bastianini<\/td><td>DUCATI<\/td><td>377<\/td><\/tr><tr><td>4. Marc M\u00e1rquez<\/td><td>DUCATI<\/td><td>372<\/td><\/tr><tr><td>5. Pedro Acosta<\/td><td>GASGAS<\/td><td>209<\/td><\/tr><tr><td>6. Brad Binder<\/td><td>KTM<\/td><td>207<\/td><\/tr><tr><td>7.  Maverick Vi\u00f1ales<\/td><td>APRILIA<\/td><td>189<\/td><\/tr><tr><td>8. Fabio Di Giannantonio<\/td><td>DUCATI<\/td><td>165<\/td><\/tr><tr><td>9. Franco Morbidelli<\/td><td>DUCATI<\/td><td>165<\/td><\/tr><tr><td>10. \u00c1lex M\u00e1rquez<\/td><td>APRILIA<\/td><td>160<\/td><\/tr><tr><td>11. Aleix Espargar\u00f3<\/td><td>DUCATI<\/td><td>152<\/td><\/tr><tr><td>12. Marco Bezzecchi<\/td><td>DUCATI<\/td><td>146<\/td><\/tr><tr><td>13. Fabio Quartararo<\/td><td>YAMAHA<\/td><td>108<\/td><\/tr><tr><td>14. Jack Miller<\/td><td>KTM<\/td><td>84<\/td><\/tr><tr><td>15. Miguel Oliveira<\/td><td>APRILIA<\/td><td>71<\/td><\/tr><tr><td>16. Ra\u00fal Fern\u00e1ndez<\/td><td>APRILIA<\/td><td>66<\/td><\/tr><tr><td>17. Johann Zarco<\/td><td>HONDA<\/td><td>53<\/td><\/tr><tr><td>18. \u00c0lex Rins<\/td><td>HONDA<\/td><td>31<\/td><\/tr><tr><td>19. Takaaki Nakagami<\/td><td>YAMAHA<\/td><td>31<\/td><\/tr><tr><td>20. Augusto Fern\u00e1ndez<\/td><td>GASGAS<\/td><td>27<\/td><\/tr><tr><td><strong>21. Joan Mir<\/strong><\/td><td><strong>REPSOL HONDA<\/strong><\/td><td><strong>21<\/strong><\/td><\/tr><tr><td><strong>22. Luca Marini<\/strong><\/td><td><strong>REPSOL HONDA<\/strong><\/td><td><strong>1<\/strong>4<\/td><\/tr><tr><td>23. Pol Espargar\u00f3<\/td><td>KTM<\/td><td>12<\/td><\/tr><tr><td>24. Dani Pedrosa<\/td><td>KTM<\/td><td>7<\/td><\/tr><tr><td>25. Stefan Bradl<\/td><td>HONDA<\/td><td>2<\/td><\/tr><tr><td>26. Remy Gardner<\/td><td>YAMAHA<\/td><td>0<\/td><\/tr><tr><td>27. Andrea Iannone<\/td><td>DUCATI<\/td><td>0<\/td><\/tr><tr><td>28. Lorenzo Savadori<\/td><td>APRILIA<\/td><td>0<\/td><\/tr><tr><td>29. Michele Pirro<\/td><td>DUCATI<\/td><td>0<\/td><\/tr><\/tbody><\/table><\/figure>\n\n\n\n<p><\/p>\n\n\n\n<div id=\"580aa666-087b-46ea-90bb-c1939d2b75f6\" class=\"br-slider-box\"><div class=\"wp-block-create-block-repsol-carousel br-slider\"><a target=\"_blank\" href=\"https:\/\/bxrepsol.s3.eu-west-1.amazonaws.com\/static\/2024\/11\/16150403\/Recap5-1.jpg\" data-index=\"0\" rel=\"noopener\"><img decoding=\"async\" src=\"https:\/\/bxrepsol.s3.eu-west-1.amazonaws.com\/static\/2024\/11\/16150403\/Recap5-1.jpg\"\/><\/a><a target=\"_blank\" href=\"https:\/\/bxrepsol.s3.eu-west-1.amazonaws.com\/static\/2024\/11\/16150401\/Recap4-1.jpg\" data-index=\"1\" rel=\"noopener\"><img decoding=\"async\" src=\"https:\/\/bxrepsol.s3.eu-west-1.amazonaws.com\/static\/2024\/11\/16150401\/Recap4-1.jpg\"\/><\/a><a target=\"_blank\" href=\"https:\/\/bxrepsol.s3.eu-west-1.amazonaws.com\/static\/2024\/11\/16150349\/Recap1-1.jpg\" data-index=\"2\" rel=\"noopener\"><img decoding=\"async\" src=\"https:\/\/bxrepsol.s3.eu-west-1.amazonaws.com\/static\/2024\/11\/16150349\/Recap1-1.jpg\"\/><\/a><a target=\"_blank\" href=\"https:\/\/bxrepsol.s3.eu-west-1.amazonaws.com\/static\/2024\/11\/16150428\/Recap6.png\" data-index=\"3\" rel=\"noopener\"><img decoding=\"async\" src=\"https:\/\/bxrepsol.s3.eu-west-1.amazonaws.com\/static\/2024\/11\/16150428\/Recap6.png\"\/><\/a><a target=\"_blank\" href=\"https:\/\/bxrepsol.s3.eu-west-1.amazonaws.com\/static\/2024\/11\/16150355\/Recap3-1.jpg\" data-index=\"4\" rel=\"noopener\"><img decoding=\"async\" src=\"https:\/\/bxrepsol.s3.eu-west-1.amazonaws.com\/static\/2024\/11\/16150355\/Recap3-1.jpg\"\/><\/a><\/div><div class=\"br-slider-buttons\"><button class=\"arrow rds-icon arrow--left rds-icon-Arrow_left\"><\/button><button class=\"arrow rds-icon arrow--right rds-icon-Arrow_right\"><\/button><\/div><\/div>\n\n\n\n<p><\/p>\n\n\n\n<h2 class=\"wp-block-heading\"><span class=\"ez-toc-section\" id=\"Declaraciones\"><\/span><strong>Declaraciones<\/strong><span class=\"ez-toc-section-end\"><\/span><\/h2>\n\n\n\n<h3 class=\"wp-block-heading\"><span class=\"ez-toc-section\" id=\"Joan_Mir\"><\/span><strong>Joan Mir<\/strong><span class=\"ez-toc-section-end\"><\/span><\/h3>\n\n\n\n<p>\u00abHoy he tenido un d\u00eda positivo y eso es en lo que tenemos que centrarnos, ya que hemos dado un paso adelante. Esta ma\u00f1ana he cometido algunos peque\u00f1os errores en la vuelta que nos han costado la Q2, pero sinceramente ha sido un gran impulso ser as\u00ed de competitivos despu\u00e9s de algunas carreras duras en Asia. En la carrera he podido hacer una gran salida, situ\u00e1ndome entre los diez primeros en la primera vuelta. Desafortunadamente, hemos sufrido las mismas vibraciones del resto del a\u00f1o, as\u00ed que en este sentido hemos retrocedido. Pero sinceramente, estoy contento porque este fin de semana he podido ver d\u00f3nde hemos mejorado la moto a lo largo del a\u00f1o. Un d\u00eda m\u00e1s, \u00a1una oportunidad m\u00e1s de acabar bien!\u00bb.<\/p>\n\n\n\n<h3 class=\"wp-block-heading\"><span class=\"ez-toc-section\" id=\"Luca_Marini\"><\/span><strong>Luca Marini<\/strong><span class=\"ez-toc-section-end\"><\/span><\/h3>\n\n\n\n<p>\u00abEsperaba un poco m\u00e1s de la carrera de hoy. Sobre todo en la salida, no he podido aprovechar el agarre extra del neum\u00e1tico para atacar. Despu\u00e9s de las dos primeras vueltas mi ritmo ha sido bueno, por lo que necesitamos encontrar m\u00e1s tracci\u00f3n trasera para girar mejor. Hay trabajo por hacer, pero vemos que hay espacio para hacerlo y seguiremos intent\u00e1ndolo hasta la carrera final de ma\u00f1ana. Volver a Barcelona nos permite comprobar la diferencia que hemos marcado a lo largo del a\u00f1o, lo cual es muy positivo\u00bb.<\/p>\n","protected":false},"excerpt":{"rendered":"<p>Triunfo claro al sprint de &#8216;Pecco&#8217; Bagnaia para alargar la pelea por el t\u00edtulo hasta ma\u00f1ana. Enea Bastianini y Jorge Mart\u00edn, tras una bonita pelea, completan el podio.<\/p>\n","protected":false},"author":43146,"featured_media":122226,"comment_status":"open","ping_status":"closed","sticky":false,"template":"","format":"standard","meta":{"footnotes":""},"categories":[4],"tags":[271,422,434],"class_list":["post-122215","post","type-post","status-publish","format-standard","hentry","category-motogp","tag-joan-mir","tag-luca-marini","tag-motogp-2024"],"yoast_head":"<!-- This site is optimized with the Yoast SEO plugin v27.3 - https:\/\/yoast.com\/product\/yoast-seo-wordpress\/ -->\n<title>Resultados de la carrera sprint del GP Solidario de MotoGP - Box Repsol<\/title>\n<meta name=\"description\" content=\"Cr\u00f3nica y resultados de la carrera sprint del GP Solidario de MotoGP 2024, disputada en el Circuit de Barcelona-Catalunya.\" \/>\n<link rel=\"canonical\" href=\"https:\/\/www.boxrepsol.com\/es\/motogp\/resultados-la-carrera-sprint-del-gp-solidario-de-motogp-2024\/\" \/>\n<meta property=\"og:locale\" content=\"es_ES\" \/>\n<meta property=\"og:type\" content=\"article\" \/>\n<meta property=\"og:title\" content=\"Resultados de la carrera sprint del GP Solidario de MotoGP - Box Repsol\" \/>\n<meta property=\"og:description\" content=\"Cr\u00f3nica y resultados de la carrera sprint del GP Solidario de MotoGP 2024, disputada en el Circuit de Barcelona-Catalunya.\" \/>\n<meta property=\"og:url\" content=\"https:\/\/www.boxrepsol.com\/es\/motogp\/resultados-la-carrera-sprint-del-gp-solidario-de-motogp-2024\/\" \/>\n<meta property=\"og:site_name\" content=\"Box Repsol\" \/>\n<meta property=\"article:publisher\" content=\"https:\/\/www.facebook.com\/BoxRepsol\" \/>\n<meta property=\"article:author\" content=\"https:\/\/www.facebook.com\/BoxRepsol\/\" \/>\n<meta property=\"article:published_time\" content=\"2024-11-16T16:06:30+00:00\" \/>\n<meta property=\"article:modified_time\" content=\"2024-11-17T14:22:15+00:00\" \/>\n<meta property=\"og:image\" content=\"https:\/\/bxrepsol.s3.eu-west-1.amazonaws.com\/static\/2024\/11\/16133812\/NotiWebSprint.jpg\" \/>\n\t<meta property=\"og:image:width\" content=\"1200\" \/>\n\t<meta property=\"og:image:height\" content=\"650\" \/>\n\t<meta property=\"og:image:type\" content=\"image\/jpeg\" \/>\n<meta name=\"author\" content=\"Redacci\u00f3n Box Repsol\" \/>\n<meta name=\"twitter:card\" content=\"summary_large_image\" \/>\n<meta name=\"twitter:creator\" content=\"@https:\/\/twitter.com\/box_repsol\" \/>\n<meta name=\"twitter:site\" content=\"@box_repsol\" \/>\n<meta name=\"twitter:label1\" content=\"Written by\" \/>\n\t<meta name=\"twitter:data1\" content=\"Redacci\u00f3n Box Repsol\" \/>\n\t<meta name=\"twitter:label2\" content=\"Est. reading time\" \/>\n\t<meta name=\"twitter:data2\" content=\"4 minutos\" \/>\n<script type=\"application\/ld+json\" class=\"yoast-schema-graph\">{\"@context\":\"https:\\\/\\\/schema.org\",\"@graph\":[{\"@type\":\"Article\",\"@id\":\"https:\\\/\\\/www.boxrepsol.com\\\/es\\\/motogp\\\/resultados-la-carrera-sprint-del-gp-solidario-de-motogp-2024\\\/#article\",\"isPartOf\":{\"@id\":\"https:\\\/\\\/www.boxrepsol.com\\\/es\\\/motogp\\\/resultados-la-carrera-sprint-del-gp-solidario-de-motogp-2024\\\/\"},\"author\":{\"name\":\"Redacci\u00f3n Box Repsol\",\"@id\":\"https:\\\/\\\/www.boxrepsol.com\\\/es\\\/#\\\/schema\\\/person\\\/c5c2138f2cca251b0ad92b7086bb60b7\"},\"headline\":\"Resultados de la carrera sprint del GP Solidario de MotoGP\",\"datePublished\":\"2024-11-16T16:06:30+00:00\",\"dateModified\":\"2024-11-17T14:22:15+00:00\",\"mainEntityOfPage\":{\"@id\":\"https:\\\/\\\/www.boxrepsol.com\\\/es\\\/motogp\\\/resultados-la-carrera-sprint-del-gp-solidario-de-motogp-2024\\\/\"},\"wordCount\":786,\"commentCount\":0,\"publisher\":{\"@id\":\"https:\\\/\\\/www.boxrepsol.com\\\/es\\\/#organization\"},\"image\":{\"@id\":\"https:\\\/\\\/www.boxrepsol.com\\\/es\\\/motogp\\\/resultados-la-carrera-sprint-del-gp-solidario-de-motogp-2024\\\/#primaryimage\"},\"thumbnailUrl\":\"https:\\\/\\\/bxrepsol.s3.eu-west-1.amazonaws.com\\\/static\\\/2024\\\/11\\\/16133812\\\/NotiWebSprint.jpg\",\"keywords\":[\"Joan Mir\",\"Luca Marini\",\"MotoGP 2024\"],\"articleSection\":[\"MotoGP\"],\"inLanguage\":\"es\",\"potentialAction\":[{\"@type\":\"CommentAction\",\"name\":\"Comment\",\"target\":[\"https:\\\/\\\/www.boxrepsol.com\\\/es\\\/motogp\\\/resultados-la-carrera-sprint-del-gp-solidario-de-motogp-2024\\\/#respond\"]}]},{\"@type\":\"WebPage\",\"@id\":\"https:\\\/\\\/www.boxrepsol.com\\\/es\\\/motogp\\\/resultados-la-carrera-sprint-del-gp-solidario-de-motogp-2024\\\/\",\"url\":\"https:\\\/\\\/www.boxrepsol.com\\\/es\\\/motogp\\\/resultados-la-carrera-sprint-del-gp-solidario-de-motogp-2024\\\/\",\"name\":\"Resultados de la carrera sprint del GP Solidario de MotoGP - Box Repsol\",\"isPartOf\":{\"@id\":\"https:\\\/\\\/www.boxrepsol.com\\\/es\\\/#website\"},\"primaryImageOfPage\":{\"@id\":\"https:\\\/\\\/www.boxrepsol.com\\\/es\\\/motogp\\\/resultados-la-carrera-sprint-del-gp-solidario-de-motogp-2024\\\/#primaryimage\"},\"image\":{\"@id\":\"https:\\\/\\\/www.boxrepsol.com\\\/es\\\/motogp\\\/resultados-la-carrera-sprint-del-gp-solidario-de-motogp-2024\\\/#primaryimage\"},\"thumbnailUrl\":\"https:\\\/\\\/bxrepsol.s3.eu-west-1.amazonaws.com\\\/static\\\/2024\\\/11\\\/16133812\\\/NotiWebSprint.jpg\",\"datePublished\":\"2024-11-16T16:06:30+00:00\",\"dateModified\":\"2024-11-17T14:22:15+00:00\",\"description\":\"Cr\u00f3nica y resultados de la carrera sprint del GP Solidario de MotoGP 2024, disputada en el Circuit de Barcelona-Catalunya.\",\"breadcrumb\":{\"@id\":\"https:\\\/\\\/www.boxrepsol.com\\\/es\\\/motogp\\\/resultados-la-carrera-sprint-del-gp-solidario-de-motogp-2024\\\/#breadcrumb\"},\"inLanguage\":\"es\",\"potentialAction\":[{\"@type\":\"ReadAction\",\"target\":[\"https:\\\/\\\/www.boxrepsol.com\\\/es\\\/motogp\\\/resultados-la-carrera-sprint-del-gp-solidario-de-motogp-2024\\\/\"]}]},{\"@type\":\"ImageObject\",\"inLanguage\":\"es\",\"@id\":\"https:\\\/\\\/www.boxrepsol.com\\\/es\\\/motogp\\\/resultados-la-carrera-sprint-del-gp-solidario-de-motogp-2024\\\/#primaryimage\",\"url\":\"https:\\\/\\\/bxrepsol.s3.eu-west-1.amazonaws.com\\\/static\\\/2024\\\/11\\\/16133812\\\/NotiWebSprint.jpg\",\"contentUrl\":\"https:\\\/\\\/bxrepsol.s3.eu-west-1.amazonaws.com\\\/static\\\/2024\\\/11\\\/16133812\\\/NotiWebSprint.jpg\",\"width\":1200,\"height\":650,\"caption\":\"Repsol Honda, s\u00e1bado, GP Solidario (web)\"},{\"@type\":\"BreadcrumbList\",\"@id\":\"https:\\\/\\\/www.boxrepsol.com\\\/es\\\/motogp\\\/resultados-la-carrera-sprint-del-gp-solidario-de-motogp-2024\\\/#breadcrumb\",\"itemListElement\":[{\"@type\":\"ListItem\",\"position\":1,\"name\":\"Home\",\"item\":\"https:\\\/\\\/www.boxrepsol.com\\\/es\\\/\"},{\"@type\":\"ListItem\",\"position\":2,\"name\":\"Resultados de la carrera sprint del GP Solidario de MotoGP\"}]},{\"@type\":\"WebSite\",\"@id\":\"https:\\\/\\\/www.boxrepsol.com\\\/es\\\/#website\",\"url\":\"https:\\\/\\\/www.boxrepsol.com\\\/es\\\/\",\"name\":\"Box Repsol\",\"description\":\"Box Repsol Site\",\"publisher\":{\"@id\":\"https:\\\/\\\/www.boxrepsol.com\\\/es\\\/#organization\"},\"potentialAction\":[{\"@type\":\"SearchAction\",\"target\":{\"@type\":\"EntryPoint\",\"urlTemplate\":\"https:\\\/\\\/www.boxrepsol.com\\\/es\\\/?s={search_term_string}\"},\"query-input\":{\"@type\":\"PropertyValueSpecification\",\"valueRequired\":true,\"valueName\":\"search_term_string\"}}],\"inLanguage\":\"es\"},{\"@type\":\"Organization\",\"@id\":\"https:\\\/\\\/www.boxrepsol.com\\\/es\\\/#organization\",\"name\":\"Box Repsol\",\"url\":\"https:\\\/\\\/www.boxrepsol.com\\\/es\\\/\",\"logo\":{\"@type\":\"ImageObject\",\"inLanguage\":\"es\",\"@id\":\"https:\\\/\\\/www.boxrepsol.com\\\/es\\\/#\\\/schema\\\/logo\\\/image\\\/\",\"url\":\"https:\\\/\\\/bxrepsol.s3.eu-west-1.amazonaws.com\\\/static\\\/2025\\\/07\\\/30083337\\\/favicon-96x96-1.png\",\"contentUrl\":\"https:\\\/\\\/bxrepsol.s3.eu-west-1.amazonaws.com\\\/static\\\/2025\\\/07\\\/30083337\\\/favicon-96x96-1.png\",\"width\":96,\"height\":96,\"caption\":\"Box Repsol\"},\"image\":{\"@id\":\"https:\\\/\\\/www.boxrepsol.com\\\/es\\\/#\\\/schema\\\/logo\\\/image\\\/\"},\"sameAs\":[\"https:\\\/\\\/www.facebook.com\\\/BoxRepsol\",\"https:\\\/\\\/x.com\\\/box_repsol\",\"http:\\\/\\\/instagram.com\\\/box_repsol\",\"https:\\\/\\\/www.youtube.com\\\/user\\\/RepsolCompeticion\",\"https:\\\/\\\/www.flickr.com\\\/photos\\\/box_repsol\\\/\"]},{\"@type\":\"Person\",\"@id\":\"https:\\\/\\\/www.boxrepsol.com\\\/es\\\/#\\\/schema\\\/person\\\/c5c2138f2cca251b0ad92b7086bb60b7\",\"name\":\"Redacci\u00f3n Box Repsol\",\"image\":{\"@type\":\"ImageObject\",\"inLanguage\":\"es\",\"@id\":\"https:\\\/\\\/secure.gravatar.com\\\/avatar\\\/adf7b77e38b4419baf32c7e9c21dde01f4e40df611f0978e3006fc4ba0aaab7e?s=96&d=mm&r=g\",\"url\":\"https:\\\/\\\/secure.gravatar.com\\\/avatar\\\/adf7b77e38b4419baf32c7e9c21dde01f4e40df611f0978e3006fc4ba0aaab7e?s=96&d=mm&r=g\",\"contentUrl\":\"https:\\\/\\\/secure.gravatar.com\\\/avatar\\\/adf7b77e38b4419baf32c7e9c21dde01f4e40df611f0978e3006fc4ba0aaab7e?s=96&d=mm&r=g\",\"caption\":\"Redacci\u00f3n Box Repsol\"},\"description\":\"Box Repsol lo forma un equipo de periodistas, community managers, dise\u00f1adores y fot\u00f3grafos con m\u00e1s de 20 a\u00f1os de experiencia en el mundo del motorsport. Hemos vivido el primer mundial de un espa\u00f1ol en la categor\u00eda reina de motociclismo con \u00c1lex Crivill\u00e9, estuvimos en las victorias de Pedrosa y los t\u00edtulos de M\u00e1rquez, acompa\u00f1amos en \u00c1frica a Nani Roma y Marc Coma en sus conquistas del Dakar y hemos vibrado con los t\u00edtulos de Toni Bou en Trial. Adem\u00e1s, en nuestro equipo contamos con expertos en el mundo de las dos y cuatro ruedas tanto de la calle y las carreteras, como de los circuitos. Periodistas que han trabajado en revistas y publicaciones para hacerte llegar desde rutas y consejos de mantenimiento, a curiosidades y trucos de pilotaje.\",\"sameAs\":[\"https:\\\/\\\/www.facebook.com\\\/BoxRepsol\\\/\",\"https:\\\/\\\/www.instagram.com\\\/box_repsol\\\/\",\"https:\\\/\\\/x.com\\\/https:\\\/\\\/twitter.com\\\/box_repsol\",\"https:\\\/\\\/www.youtube.com\\\/@Boxrepsol\"],\"url\":\"https:\\\/\\\/www.boxrepsol.com\\\/es\\\/author\\\/redaccion-box-repsol\\\/\"}]}<\/script>\n<!-- \/ Yoast SEO plugin. -->","yoast_head_json":{"title":"Resultados de la carrera sprint del GP Solidario de MotoGP - Box Repsol","description":"Cr\u00f3nica y resultados de la carrera sprint del GP Solidario de MotoGP 2024, disputada en el Circuit de Barcelona-Catalunya.","canonical":"https:\/\/www.boxrepsol.com\/es\/motogp\/resultados-la-carrera-sprint-del-gp-solidario-de-motogp-2024\/","og_locale":"es_ES","og_type":"article","og_title":"Resultados de la carrera sprint del GP Solidario de MotoGP - Box Repsol","og_description":"Cr\u00f3nica y resultados de la carrera sprint del GP Solidario de MotoGP 2024, disputada en el Circuit de Barcelona-Catalunya.","og_url":"https:\/\/www.boxrepsol.com\/es\/motogp\/resultados-la-carrera-sprint-del-gp-solidario-de-motogp-2024\/","og_site_name":"Box Repsol","article_publisher":"https:\/\/www.facebook.com\/BoxRepsol","article_author":"https:\/\/www.facebook.com\/BoxRepsol\/","article_published_time":"2024-11-16T16:06:30+00:00","article_modified_time":"2024-11-17T14:22:15+00:00","og_image":[{"width":1200,"height":650,"url":"https:\/\/bxrepsol.s3.eu-west-1.amazonaws.com\/static\/2024\/11\/16133812\/NotiWebSprint.jpg","type":"image\/jpeg"}],"author":"Redacci\u00f3n Box Repsol","twitter_card":"summary_large_image","twitter_creator":"@https:\/\/twitter.com\/box_repsol","twitter_site":"@box_repsol","twitter_misc":{"Written by":"Redacci\u00f3n Box Repsol","Est. reading time":"4 minutos"},"schema":{"@context":"https:\/\/schema.org","@graph":[{"@type":"Article","@id":"https:\/\/www.boxrepsol.com\/es\/motogp\/resultados-la-carrera-sprint-del-gp-solidario-de-motogp-2024\/#article","isPartOf":{"@id":"https:\/\/www.boxrepsol.com\/es\/motogp\/resultados-la-carrera-sprint-del-gp-solidario-de-motogp-2024\/"},"author":{"name":"Redacci\u00f3n Box Repsol","@id":"https:\/\/www.boxrepsol.com\/es\/#\/schema\/person\/c5c2138f2cca251b0ad92b7086bb60b7"},"headline":"Resultados de la carrera sprint del GP Solidario de MotoGP","datePublished":"2024-11-16T16:06:30+00:00","dateModified":"2024-11-17T14:22:15+00:00","mainEntityOfPage":{"@id":"https:\/\/www.boxrepsol.com\/es\/motogp\/resultados-la-carrera-sprint-del-gp-solidario-de-motogp-2024\/"},"wordCount":786,"commentCount":0,"publisher":{"@id":"https:\/\/www.boxrepsol.com\/es\/#organization"},"image":{"@id":"https:\/\/www.boxrepsol.com\/es\/motogp\/resultados-la-carrera-sprint-del-gp-solidario-de-motogp-2024\/#primaryimage"},"thumbnailUrl":"https:\/\/bxrepsol.s3.eu-west-1.amazonaws.com\/static\/2024\/11\/16133812\/NotiWebSprint.jpg","keywords":["Joan Mir","Luca Marini","MotoGP 2024"],"articleSection":["MotoGP"],"inLanguage":"es","potentialAction":[{"@type":"CommentAction","name":"Comment","target":["https:\/\/www.boxrepsol.com\/es\/motogp\/resultados-la-carrera-sprint-del-gp-solidario-de-motogp-2024\/#respond"]}]},{"@type":"WebPage","@id":"https:\/\/www.boxrepsol.com\/es\/motogp\/resultados-la-carrera-sprint-del-gp-solidario-de-motogp-2024\/","url":"https:\/\/www.boxrepsol.com\/es\/motogp\/resultados-la-carrera-sprint-del-gp-solidario-de-motogp-2024\/","name":"Resultados de la carrera sprint del GP Solidario de MotoGP - Box Repsol","isPartOf":{"@id":"https:\/\/www.boxrepsol.com\/es\/#website"},"primaryImageOfPage":{"@id":"https:\/\/www.boxrepsol.com\/es\/motogp\/resultados-la-carrera-sprint-del-gp-solidario-de-motogp-2024\/#primaryimage"},"image":{"@id":"https:\/\/www.boxrepsol.com\/es\/motogp\/resultados-la-carrera-sprint-del-gp-solidario-de-motogp-2024\/#primaryimage"},"thumbnailUrl":"https:\/\/bxrepsol.s3.eu-west-1.amazonaws.com\/static\/2024\/11\/16133812\/NotiWebSprint.jpg","datePublished":"2024-11-16T16:06:30+00:00","dateModified":"2024-11-17T14:22:15+00:00","description":"Cr\u00f3nica y resultados de la carrera sprint del GP Solidario de MotoGP 2024, disputada en el Circuit de Barcelona-Catalunya.","breadcrumb":{"@id":"https:\/\/www.boxrepsol.com\/es\/motogp\/resultados-la-carrera-sprint-del-gp-solidario-de-motogp-2024\/#breadcrumb"},"inLanguage":"es","potentialAction":[{"@type":"ReadAction","target":["https:\/\/www.boxrepsol.com\/es\/motogp\/resultados-la-carrera-sprint-del-gp-solidario-de-motogp-2024\/"]}]},{"@type":"ImageObject","inLanguage":"es","@id":"https:\/\/www.boxrepsol.com\/es\/motogp\/resultados-la-carrera-sprint-del-gp-solidario-de-motogp-2024\/#primaryimage","url":"https:\/\/bxrepsol.s3.eu-west-1.amazonaws.com\/static\/2024\/11\/16133812\/NotiWebSprint.jpg","contentUrl":"https:\/\/bxrepsol.s3.eu-west-1.amazonaws.com\/static\/2024\/11\/16133812\/NotiWebSprint.jpg","width":1200,"height":650,"caption":"Repsol Honda, s\u00e1bado, GP Solidario (web)"},{"@type":"BreadcrumbList","@id":"https:\/\/www.boxrepsol.com\/es\/motogp\/resultados-la-carrera-sprint-del-gp-solidario-de-motogp-2024\/#breadcrumb","itemListElement":[{"@type":"ListItem","position":1,"name":"Home","item":"https:\/\/www.boxrepsol.com\/es\/"},{"@type":"ListItem","position":2,"name":"Resultados de la carrera sprint del GP Solidario de MotoGP"}]},{"@type":"WebSite","@id":"https:\/\/www.boxrepsol.com\/es\/#website","url":"https:\/\/www.boxrepsol.com\/es\/","name":"Box Repsol","description":"Box Repsol Site","publisher":{"@id":"https:\/\/www.boxrepsol.com\/es\/#organization"},"potentialAction":[{"@type":"SearchAction","target":{"@type":"EntryPoint","urlTemplate":"https:\/\/www.boxrepsol.com\/es\/?s={search_term_string}"},"query-input":{"@type":"PropertyValueSpecification","valueRequired":true,"valueName":"search_term_string"}}],"inLanguage":"es"},{"@type":"Organization","@id":"https:\/\/www.boxrepsol.com\/es\/#organization","name":"Box Repsol","url":"https:\/\/www.boxrepsol.com\/es\/","logo":{"@type":"ImageObject","inLanguage":"es","@id":"https:\/\/www.boxrepsol.com\/es\/#\/schema\/logo\/image\/","url":"https:\/\/bxrepsol.s3.eu-west-1.amazonaws.com\/static\/2025\/07\/30083337\/favicon-96x96-1.png","contentUrl":"https:\/\/bxrepsol.s3.eu-west-1.amazonaws.com\/static\/2025\/07\/30083337\/favicon-96x96-1.png","width":96,"height":96,"caption":"Box Repsol"},"image":{"@id":"https:\/\/www.boxrepsol.com\/es\/#\/schema\/logo\/image\/"},"sameAs":["https:\/\/www.facebook.com\/BoxRepsol","https:\/\/x.com\/box_repsol","http:\/\/instagram.com\/box_repsol","https:\/\/www.youtube.com\/user\/RepsolCompeticion","https:\/\/www.flickr.com\/photos\/box_repsol\/"]},{"@type":"Person","@id":"https:\/\/www.boxrepsol.com\/es\/#\/schema\/person\/c5c2138f2cca251b0ad92b7086bb60b7","name":"Redacci\u00f3n Box Repsol","image":{"@type":"ImageObject","inLanguage":"es","@id":"https:\/\/secure.gravatar.com\/avatar\/adf7b77e38b4419baf32c7e9c21dde01f4e40df611f0978e3006fc4ba0aaab7e?s=96&d=mm&r=g","url":"https:\/\/secure.gravatar.com\/avatar\/adf7b77e38b4419baf32c7e9c21dde01f4e40df611f0978e3006fc4ba0aaab7e?s=96&d=mm&r=g","contentUrl":"https:\/\/secure.gravatar.com\/avatar\/adf7b77e38b4419baf32c7e9c21dde01f4e40df611f0978e3006fc4ba0aaab7e?s=96&d=mm&r=g","caption":"Redacci\u00f3n Box Repsol"},"description":"Box Repsol lo forma un equipo de periodistas, community managers, dise\u00f1adores y fot\u00f3grafos con m\u00e1s de 20 a\u00f1os de experiencia en el mundo del motorsport. Hemos vivido el primer mundial de un espa\u00f1ol en la categor\u00eda reina de motociclismo con \u00c1lex Crivill\u00e9, estuvimos en las victorias de Pedrosa y los t\u00edtulos de M\u00e1rquez, acompa\u00f1amos en \u00c1frica a Nani Roma y Marc Coma en sus conquistas del Dakar y hemos vibrado con los t\u00edtulos de Toni Bou en Trial. Adem\u00e1s, en nuestro equipo contamos con expertos en el mundo de las dos y cuatro ruedas tanto de la calle y las carreteras, como de los circuitos. Periodistas que han trabajado en revistas y publicaciones para hacerte llegar desde rutas y consejos de mantenimiento, a curiosidades y trucos de pilotaje.","sameAs":["https:\/\/www.facebook.com\/BoxRepsol\/","https:\/\/www.instagram.com\/box_repsol\/","https:\/\/x.com\/https:\/\/twitter.com\/box_repsol","https:\/\/www.youtube.com\/@Boxrepsol"],"url":"https:\/\/www.boxrepsol.com\/es\/author\/redaccion-box-repsol\/"}]}},"_links":{"self":[{"href":"https:\/\/www.boxrepsol.com\/es\/wp-json\/wp\/v2\/posts\/122215","targetHints":{"allow":["GET"]}}],"collection":[{"href":"https:\/\/www.boxrepsol.com\/es\/wp-json\/wp\/v2\/posts"}],"about":[{"href":"https:\/\/www.boxrepsol.com\/es\/wp-json\/wp\/v2\/types\/post"}],"author":[{"embeddable":true,"href":"https:\/\/www.boxrepsol.com\/es\/wp-json\/wp\/v2\/users\/43146"}],"replies":[{"embeddable":true,"href":"https:\/\/www.boxrepsol.com\/es\/wp-json\/wp\/v2\/comments?post=122215"}],"version-history":[{"count":10,"href":"https:\/\/www.boxrepsol.com\/es\/wp-json\/wp\/v2\/posts\/122215\/revisions"}],"predecessor-version":[{"id":122283,"href":"https:\/\/www.boxrepsol.com\/es\/wp-json\/wp\/v2\/posts\/122215\/revisions\/122283"}],"wp:featuredmedia":[{"embeddable":true,"href":"https:\/\/www.boxrepsol.com\/es\/wp-json\/wp\/v2\/media\/122226"}],"wp:attachment":[{"href":"https:\/\/www.boxrepsol.com\/es\/wp-json\/wp\/v2\/media?parent=122215"}],"wp:term":[{"taxonomy":"category","embeddable":true,"href":"https:\/\/www.boxrepsol.com\/es\/wp-json\/wp\/v2\/categories?post=122215"},{"taxonomy":"post_tag","embeddable":true,"href":"https:\/\/www.boxrepsol.com\/es\/wp-json\/wp\/v2\/tags?post=122215"}],"curies":[{"name":"wp","href":"https:\/\/api.w.org\/{rel}","templated":true}]}}