{"id":122180,"date":"2024-11-16T09:03:07","date_gmt":"2024-11-16T11:03:07","guid":{"rendered":"https:\/\/www.boxrepsol.com\/?p=122180"},"modified":"2024-11-21T05:40:25","modified_gmt":"2024-11-21T07:40:25","slug":"resultados-de-los-entrenamientos-cronometrados-del-gp-solidario-de-motogp-2024","status":"publish","type":"post","link":"https:\/\/www.boxrepsol.com\/es\/motogp\/resultados-de-los-entrenamientos-cronometrados-del-gp-solidario-de-motogp-2024\/","title":{"rendered":"Resultados de la clasificaci\u00f3n del GP Solidario de MotoGP"},"content":{"rendered":"<figure class=\"wp-block-post-featured-image\"><img loading=\"lazy\" decoding=\"async\" width=\"1200\" height=\"650\" src=\"https:\/\/bxrepsol.s3.eu-west-1.amazonaws.com\/static\/2024\/11\/16090050\/NotiQualyWeb.jpg\" class=\"attachment-post-thumbnail size-post-thumbnail wp-post-image\" alt=\"Joan Mir, s\u00e1bado, GP Solidario (web)\" style=\"object-fit:cover;\" srcset=\"https:\/\/bxrepsol.s3.eu-west-1.amazonaws.com\/static\/2024\/11\/16090050\/NotiQualyWeb.jpg 1200w, https:\/\/bxrepsol.s3.eu-west-1.amazonaws.com\/static\/2024\/11\/16090050\/NotiQualyWeb-300x163.jpg 300w, https:\/\/bxrepsol.s3.eu-west-1.amazonaws.com\/static\/2024\/11\/16090050\/NotiQualyWeb-1024x555.jpg 1024w, https:\/\/bxrepsol.s3.eu-west-1.amazonaws.com\/static\/2024\/11\/16090050\/NotiQualyWeb-768x416.jpg 768w\" sizes=\"auto, (max-width: 1200px) 100vw, 1200px\" \/><\/figure>\n\n\n<p>Sexta Pole Position del a\u00f1o para un <strong>&#8216;Pecco&#8217; Bagnaia<\/strong> que ha demostrado estar un paso por delante del resto, tal y como ya evidenci\u00f3 durante la jornada del viernes. El italiano ha tenido que esperar hasta el \u00faltimo momento tras las intentonas de <strong>Aleix Espargar\u00f3<\/strong>, pero finalmente el de Aprilia se ha tenido que conformar con la P2. <strong>Marc M\u00e1rquez<\/strong> completa la primera fila. <\/p>\n\n\n\n<p>Tras un <strong>FP2<\/strong> ajustado y con hasta veinte pilotos en menos de un segundo, la <strong>Q1 <\/strong>se presentaba igualada y con muchos aspirantes a las dos posiciones de repesca. Tanto fue as\u00ed que apenas unas mil\u00e9simas han separado a varios pilotos de la segunda posici\u00f3n de acceso, entre ellos <strong>Joan Mir<\/strong>. <\/p>\n\n\n\n<p>Con la segunda y definitiva sesi\u00f3n clasificatoria ya en marcha, los grandes favoritos han asomado la cabeza de buen comienzo, con <strong>&#8216;Pecco&#8217;<\/strong> como l\u00edder de la sesi\u00f3n y con <strong>M. M\u00e1rquez<\/strong> y <strong>Mart\u00edn<\/strong> tras \u00e9l. Con el paso por boxes y el consecuente cambio de neum\u00e1ticos, el propio <strong>&#8216;Pecco&#8217;<\/strong> ha vuelto a rebajar su propio tiempo para asegurar la Pole Position, aunque Aleix se ha quedado a nada de arrebat\u00e1rselo. <\/p>\n\n\n\n<p>Tras el <strong>Top3<\/strong>, la segunda fila de parrilla la forman <strong>Jorge Mart\u00edn, Franco Morbidelli y Pedro Acosta<\/strong>. El resto de pilotos que formaron parte de la Q2: <strong>Maverick Vi\u00f1ales, Enea Bastianini, Marco Bezzecchi, Fabio Quartararo, \u00c1lex M\u00e1rquez y Johann Zarco<\/strong>.<\/p>\n\n\n\n<div id=\"ez-toc-container\" class=\"ez-toc-v2_0_82_2 counter-hierarchy ez-toc-counter ez-toc-grey ez-toc-container-direction\">\n<div class=\"ez-toc-title-container\">\n<p class=\"ez-toc-title\" style=\"cursor:inherit\">\u00cdndice<\/p>\n<span class=\"ez-toc-title-toggle\"><a href=\"#\" class=\"ez-toc-pull-right ez-toc-btn ez-toc-btn-xs ez-toc-btn-default ez-toc-toggle\" aria-label=\"Toggle Table of Content\"><span class=\"ez-toc-js-icon-con\"><span class=\"\"><span class=\"eztoc-hide\" style=\"display:none;\">Toggle<\/span><span class=\"ez-toc-icon-toggle-span\"><svg style=\"fill: #999;color:#999\" xmlns=\"http:\/\/www.w3.org\/2000\/svg\" class=\"list-377408\" width=\"20px\" height=\"20px\" viewBox=\"0 0 24 24\" fill=\"none\"><path d=\"M6 6H4v2h2V6zm14 0H8v2h12V6zM4 11h2v2H4v-2zm16 0H8v2h12v-2zM4 16h2v2H4v-2zm16 0H8v2h12v-2z\" fill=\"currentColor\"><\/path><\/svg><svg style=\"fill: #999;color:#999\" class=\"arrow-unsorted-368013\" xmlns=\"http:\/\/www.w3.org\/2000\/svg\" width=\"10px\" height=\"10px\" viewBox=\"0 0 24 24\" version=\"1.2\" baseProfile=\"tiny\"><path d=\"M18.2 9.3l-6.2-6.3-6.2 6.3c-.2.2-.3.4-.3.7s.1.5.3.7c.2.2.4.3.7.3h11c.3 0 .5-.1.7-.3.2-.2.3-.5.3-.7s-.1-.5-.3-.7zM5.8 14.7l6.2 6.3 6.2-6.3c.2-.2.3-.5.3-.7s-.1-.5-.3-.7c-.2-.2-.4-.3-.7-.3h-11c-.3 0-.5.1-.7.3-.2.2-.3.5-.3.7s.1.5.3.7z\"\/><\/svg><\/span><\/span><\/span><\/a><\/span><\/div>\n<nav><ul class='ez-toc-list ez-toc-list-level-1 ' ><li class='ez-toc-page-1 ez-toc-heading-level-2'><a class=\"ez-toc-link ez-toc-heading-1\" href=\"https:\/\/www.boxrepsol.com\/es\/motogp\/resultados-de-los-entrenamientos-cronometrados-del-gp-solidario-de-motogp-2024\/#28_milesimas_separan_a_Joan_Mir_de_la_Q2\" >28 mil\u00e9simas separan a Joan Mir de la Q2<\/a><\/li><li class='ez-toc-page-1 ez-toc-heading-level-2'><a class=\"ez-toc-link ez-toc-heading-2\" href=\"https:\/\/www.boxrepsol.com\/es\/motogp\/resultados-de-los-entrenamientos-cronometrados-del-gp-solidario-de-motogp-2024\/#Clasificacion_de_los_entrenamientos_cronometrados_del_GP_Solidario\" >Clasificaci\u00f3n de los entrenamientos cronometrados del GP Solidario<\/a><\/li><\/ul><\/nav><\/div>\n<h2 class=\"wp-block-heading\"><span class=\"ez-toc-section\" id=\"28_milesimas_separan_a_Joan_Mir_de_la_Q2\"><\/span><strong>28 mil\u00e9simas separan a Joan Mir de la Q2<\/strong><span class=\"ez-toc-section-end\"><\/span><\/h2>\n\n\n\n<p>Buena sesi\u00f3n clasificatoria para el equipo <strong>Repsol Honda<\/strong> en el Circuit de Barcelona-Catalunya. Por un lado. <strong>Joan Mir<\/strong>, se ha quedado a un suspiro de conseguir el pase a la Q2 y firma as\u00ed su mejor calificaci\u00f3n de la temporada (<strong>P13<\/strong>). <strong>Luca Marini<\/strong>, por su parte, ha sido una d\u00e9cima m\u00e1s lento que su compa\u00f1ero y saldr\u00e1 desde la <strong>P16 <\/strong>de la parrilla. Antes, en el <strong>FP2<\/strong>, ambos trabajaron el ritmo para la carrera al sprint y finalizaron en <strong>P19 <\/strong>y <strong>P20<\/strong> respectivamente. <\/p>\n\n\n\n<p><strong>Joan Mir<\/strong>, tras la estela de Franco Morbidelli desde el inicio, apenas ha tardado dos vueltas en rebajar su mejor tiempo conseguido durante la jornada del viernes. El balear, que se fue al suelo <a href=\"https:\/\/www.boxrepsol.com\/es\/motogp\/resultados-de-los-entrenamientos-del-gp-solidario-de-motogp-2024\/\">al final de la Practice<\/a> mientras intentaba rebajar su <strong>1:40.125<\/strong>, se ha colocado apenas unas mil\u00e9simas por detr\u00e1s de su compa\u00f1ero Luca en la primera tanda de Q1. Tras el paso por boxes, el #36 ha podido cuadrar una gran vuelta y se ha quedado <strong>a tan solo 28 mil\u00e9simas <\/strong>del corte de la Q2, marcado por<strong> Fabio Quartararo<\/strong>. El mejor tiempo del piloto del Repsol Honda ha sido de <strong>1:39:432<\/strong>, rebajando incluso el conseguido en el Gran Premio de Catalunya de hace unos meses. <\/p>\n\n\n\n<p>Por su parte, <strong>Luca Marini<\/strong>, tambi\u00e9n ha aprovechado la primera salida a pista de la Q1 para situarse en la pelea del Top 2. El italiano ha sido un poco m\u00e1s veloz que Joan de inicio, pero tras el cambio de goma no ha podido mejorar tanto como su compa\u00f1ero, dejando su mejor vuelta en <strong>1:39.619<\/strong>, su crono m\u00e1s r\u00e1pido del fin de semana. <\/p>\n\n\n\n<p>La\u00a0<strong>carrera al sprint <\/strong>en el trazado de Barcelona-Catalunya tendr\u00e1 lugar a las\u00a0<strong>15:00 (CEST)<\/strong>.<\/p>\n\n\n\n<p><\/p>\n\n\n\n<h2 class=\"wp-block-heading\"><span class=\"ez-toc-section\" id=\"Clasificacion_de_los_entrenamientos_cronometrados_del_GP_Solidario\"><\/span><strong>Clasificaci\u00f3n de los entrenamientos cronometrados del GP Solidario <\/strong><span class=\"ez-toc-section-end\"><\/span><\/h2>\n\n\n\n<figure class=\"wp-block-table is-style-stripes\"><table><tbody><tr><td><strong>PILOTO<\/strong><\/td><td><strong>EQUIPO<\/strong><\/td><td><strong>TIEMPO<\/strong><\/td><\/tr><tr><td>1. &#8216;Pecco&#8217; Bagnaia<\/td><td>DUCATI<\/td><td>1:38.641<\/td><\/tr><tr><td>2. Aleix Espargar\u00f3<\/td><td>APRILIA<\/td><td>+0.055<\/td><\/tr><tr><td>3. Marc M\u00e1rquez<\/td><td>DUCATI<\/td><td>+0.157<\/td><\/tr><tr><td>4. Jorge Mart\u00edn<\/td><td>DUCATI<\/td><td>+0.208<\/td><\/tr><tr><td>5. Franco Morbidelli<\/td><td>DUCATI<\/td><td>+0.245<\/td><\/tr><tr><td>6. Pedro Acosta<\/td><td>GASGAS<\/td><td>+0.308<\/td><\/tr><tr><td>7. Maverick Vi\u00f1ales<\/td><td>APRILIA<\/td><td>+0.351<\/td><\/tr><tr><td>8. Enea Bastianini<\/td><td>DUCATI<\/td><td>+0.437<\/td><\/tr><tr><td>9. Marco Bezzecchi<\/td><td>DUCATI<\/td><td>+0.480<\/td><\/tr><tr><td>10. Fabio Quartararo<\/td><td>YAMAHA<\/td><td>+0.568<\/td><\/tr><tr><td>11. \u00c1lex M\u00e1rquez<\/td><td>DUCATI<\/td><td>+0.611<\/td><\/tr><tr><td>12. Johann Zarco<\/td><td>HONDA<\/td><td>+0.853<\/td><\/tr><tr><td><strong>13. Joan Mir<\/strong><\/td><td><strong>REPSOL HONDA<\/strong><\/td><td><strong>*+0.287<\/strong><\/td><\/tr><tr><td>14. Miguel Oliveira<\/td><td>APRILIA<\/td><td>*+0.342<\/td><\/tr><tr><td>15. \u00c0lex Rins<\/td><td>YAMAHA<\/td><td>*+0.414<\/td><\/tr><tr><td><strong>16. Luca Marini<\/strong><\/td><td><strong>REPSOL HONDA<\/strong><\/td><td><strong>*+0.474<\/strong><\/td><\/tr><tr><td>17. Ra\u00fal Fern\u00e1ndez<\/td><td>APRILIA<\/td><td>*+0.500<\/td><\/tr><tr><td>18. Brad Binder<\/td><td>KTM<\/td><td>*+0.533<\/td><\/tr><tr><td>19. Jack Miller<\/td><td>KTM<\/td><td>*+0.604<\/td><\/tr><tr><td>20. Takaaki Nakagami<\/td><td>HONDA<\/td><td>*+0.648<\/td><\/tr><tr><td>21. Augusto Fern\u00e1ndez<\/td><td>GASGAS<\/td><td>*+1.021<\/td><\/tr><tr><td>22. Michele Pirro<\/td><td>DUCATI<\/td><td>*+1.107<\/td><\/tr><tr><td>23. Stefan Bradl<\/td><td>HONDA<\/td><td>*+1.278<\/td><\/tr><\/tbody><\/table><figcaption class=\"wp-element-caption\">*Diferencia respecto al mejor tiempo de la Q1<\/figcaption><\/figure>\n","protected":false},"excerpt":{"rendered":"<p>Pole Position de &#8216;Pecco&#8217; Bagnaia -la sexta-, con Aleix Espargar\u00f3 y Marc M\u00e1rquez en primera fila. Jorge Mart\u00edn se ha tenido que conformar con la cuarta plaza.<\/p>\n","protected":false},"author":43146,"featured_media":122203,"comment_status":"open","ping_status":"closed","sticky":false,"template":"","format":"standard","meta":{"footnotes":""},"categories":[4],"tags":[535,271,422,434],"class_list":["post-122180","post","type-post","status-publish","format-standard","hentry","category-motogp","tag-gp-solidario","tag-joan-mir","tag-luca-marini","tag-motogp-2024"],"yoast_head":"<!-- This site is optimized with the Yoast SEO plugin v27.3 - https:\/\/yoast.com\/product\/yoast-seo-wordpress\/ -->\n<title>Resultados de los entrenamientos cronometrados del GP Solidario de MotoGP - Box Repsol<\/title>\n<meta name=\"description\" content=\"Cr\u00f3nica y resultados de los entrenamientos cronometrados del GP Solidario de MotoGP, disputado en el Circuit de Barcelona-Catalunya.\" \/>\n<link rel=\"canonical\" href=\"https:\/\/www.boxrepsol.com\/es\/motogp\/resultados-de-los-entrenamientos-cronometrados-del-gp-solidario-de-motogp-2024\/\" \/>\n<meta property=\"og:locale\" content=\"es_ES\" \/>\n<meta property=\"og:type\" content=\"article\" \/>\n<meta property=\"og:title\" content=\"Resultados de los entrenamientos cronometrados del GP Solidario de MotoGP - Box Repsol\" \/>\n<meta property=\"og:description\" content=\"Cr\u00f3nica y resultados de los entrenamientos cronometrados del GP Solidario de MotoGP, disputado en el Circuit de Barcelona-Catalunya.\" \/>\n<meta property=\"og:url\" content=\"https:\/\/www.boxrepsol.com\/es\/motogp\/resultados-de-los-entrenamientos-cronometrados-del-gp-solidario-de-motogp-2024\/\" \/>\n<meta property=\"og:site_name\" content=\"Box Repsol\" \/>\n<meta property=\"article:publisher\" content=\"https:\/\/www.facebook.com\/BoxRepsol\" \/>\n<meta property=\"article:author\" content=\"https:\/\/www.facebook.com\/BoxRepsol\/\" \/>\n<meta property=\"article:published_time\" content=\"2024-11-16T11:03:07+00:00\" \/>\n<meta property=\"article:modified_time\" content=\"2024-11-21T07:40:25+00:00\" \/>\n<meta property=\"og:image\" content=\"https:\/\/bxrepsol.s3.eu-west-1.amazonaws.com\/static\/2024\/11\/16090050\/NotiQualyWeb.jpg\" \/>\n\t<meta property=\"og:image:width\" content=\"1200\" \/>\n\t<meta property=\"og:image:height\" content=\"650\" \/>\n\t<meta property=\"og:image:type\" content=\"image\/jpeg\" \/>\n<meta name=\"author\" content=\"Redacci\u00f3n Box Repsol\" \/>\n<meta name=\"twitter:card\" content=\"summary_large_image\" \/>\n<meta name=\"twitter:creator\" content=\"@https:\/\/twitter.com\/box_repsol\" \/>\n<meta name=\"twitter:site\" content=\"@box_repsol\" \/>\n<meta name=\"twitter:label1\" content=\"Written by\" \/>\n\t<meta name=\"twitter:data1\" content=\"Redacci\u00f3n Box Repsol\" \/>\n\t<meta name=\"twitter:label2\" content=\"Est. reading time\" \/>\n\t<meta name=\"twitter:data2\" content=\"3 minutos\" \/>\n<script type=\"application\/ld+json\" class=\"yoast-schema-graph\">{\"@context\":\"https:\\\/\\\/schema.org\",\"@graph\":[{\"@type\":\"Article\",\"@id\":\"https:\\\/\\\/www.boxrepsol.com\\\/es\\\/motogp\\\/resultados-de-los-entrenamientos-cronometrados-del-gp-solidario-de-motogp-2024\\\/#article\",\"isPartOf\":{\"@id\":\"https:\\\/\\\/www.boxrepsol.com\\\/es\\\/motogp\\\/resultados-de-los-entrenamientos-cronometrados-del-gp-solidario-de-motogp-2024\\\/\"},\"author\":{\"name\":\"Redacci\u00f3n Box Repsol\",\"@id\":\"https:\\\/\\\/www.boxrepsol.com\\\/es\\\/#\\\/schema\\\/person\\\/c5c2138f2cca251b0ad92b7086bb60b7\"},\"headline\":\"Resultados de la clasificaci\u00f3n del GP Solidario de MotoGP\",\"datePublished\":\"2024-11-16T11:03:07+00:00\",\"dateModified\":\"2024-11-21T07:40:25+00:00\",\"mainEntityOfPage\":{\"@id\":\"https:\\\/\\\/www.boxrepsol.com\\\/es\\\/motogp\\\/resultados-de-los-entrenamientos-cronometrados-del-gp-solidario-de-motogp-2024\\\/\"},\"wordCount\":644,\"commentCount\":0,\"publisher\":{\"@id\":\"https:\\\/\\\/www.boxrepsol.com\\\/es\\\/#organization\"},\"image\":{\"@id\":\"https:\\\/\\\/www.boxrepsol.com\\\/es\\\/motogp\\\/resultados-de-los-entrenamientos-cronometrados-del-gp-solidario-de-motogp-2024\\\/#primaryimage\"},\"thumbnailUrl\":\"https:\\\/\\\/bxrepsol.s3.eu-west-1.amazonaws.com\\\/static\\\/2024\\\/11\\\/16090050\\\/NotiQualyWeb.jpg\",\"keywords\":[\"GP Solidario\",\"Joan Mir\",\"Luca Marini\",\"MotoGP 2024\"],\"articleSection\":[\"MotoGP\"],\"inLanguage\":\"es\",\"potentialAction\":[{\"@type\":\"CommentAction\",\"name\":\"Comment\",\"target\":[\"https:\\\/\\\/www.boxrepsol.com\\\/es\\\/motogp\\\/resultados-de-los-entrenamientos-cronometrados-del-gp-solidario-de-motogp-2024\\\/#respond\"]}]},{\"@type\":\"WebPage\",\"@id\":\"https:\\\/\\\/www.boxrepsol.com\\\/es\\\/motogp\\\/resultados-de-los-entrenamientos-cronometrados-del-gp-solidario-de-motogp-2024\\\/\",\"url\":\"https:\\\/\\\/www.boxrepsol.com\\\/es\\\/motogp\\\/resultados-de-los-entrenamientos-cronometrados-del-gp-solidario-de-motogp-2024\\\/\",\"name\":\"Resultados de los entrenamientos cronometrados del GP Solidario de MotoGP - Box Repsol\",\"isPartOf\":{\"@id\":\"https:\\\/\\\/www.boxrepsol.com\\\/es\\\/#website\"},\"primaryImageOfPage\":{\"@id\":\"https:\\\/\\\/www.boxrepsol.com\\\/es\\\/motogp\\\/resultados-de-los-entrenamientos-cronometrados-del-gp-solidario-de-motogp-2024\\\/#primaryimage\"},\"image\":{\"@id\":\"https:\\\/\\\/www.boxrepsol.com\\\/es\\\/motogp\\\/resultados-de-los-entrenamientos-cronometrados-del-gp-solidario-de-motogp-2024\\\/#primaryimage\"},\"thumbnailUrl\":\"https:\\\/\\\/bxrepsol.s3.eu-west-1.amazonaws.com\\\/static\\\/2024\\\/11\\\/16090050\\\/NotiQualyWeb.jpg\",\"datePublished\":\"2024-11-16T11:03:07+00:00\",\"dateModified\":\"2024-11-21T07:40:25+00:00\",\"description\":\"Cr\u00f3nica y resultados de los entrenamientos cronometrados del GP Solidario de MotoGP, disputado en el Circuit de Barcelona-Catalunya.\",\"breadcrumb\":{\"@id\":\"https:\\\/\\\/www.boxrepsol.com\\\/es\\\/motogp\\\/resultados-de-los-entrenamientos-cronometrados-del-gp-solidario-de-motogp-2024\\\/#breadcrumb\"},\"inLanguage\":\"es\",\"potentialAction\":[{\"@type\":\"ReadAction\",\"target\":[\"https:\\\/\\\/www.boxrepsol.com\\\/es\\\/motogp\\\/resultados-de-los-entrenamientos-cronometrados-del-gp-solidario-de-motogp-2024\\\/\"]}]},{\"@type\":\"ImageObject\",\"inLanguage\":\"es\",\"@id\":\"https:\\\/\\\/www.boxrepsol.com\\\/es\\\/motogp\\\/resultados-de-los-entrenamientos-cronometrados-del-gp-solidario-de-motogp-2024\\\/#primaryimage\",\"url\":\"https:\\\/\\\/bxrepsol.s3.eu-west-1.amazonaws.com\\\/static\\\/2024\\\/11\\\/16090050\\\/NotiQualyWeb.jpg\",\"contentUrl\":\"https:\\\/\\\/bxrepsol.s3.eu-west-1.amazonaws.com\\\/static\\\/2024\\\/11\\\/16090050\\\/NotiQualyWeb.jpg\",\"width\":1200,\"height\":650,\"caption\":\"Joan Mir, s\u00e1bado, GP Solidario (web)\"},{\"@type\":\"BreadcrumbList\",\"@id\":\"https:\\\/\\\/www.boxrepsol.com\\\/es\\\/motogp\\\/resultados-de-los-entrenamientos-cronometrados-del-gp-solidario-de-motogp-2024\\\/#breadcrumb\",\"itemListElement\":[{\"@type\":\"ListItem\",\"position\":1,\"name\":\"Home\",\"item\":\"https:\\\/\\\/www.boxrepsol.com\\\/es\\\/\"},{\"@type\":\"ListItem\",\"position\":2,\"name\":\"Resultados de la clasificaci\u00f3n del GP Solidario de MotoGP\"}]},{\"@type\":\"WebSite\",\"@id\":\"https:\\\/\\\/www.boxrepsol.com\\\/es\\\/#website\",\"url\":\"https:\\\/\\\/www.boxrepsol.com\\\/es\\\/\",\"name\":\"Box Repsol\",\"description\":\"Box Repsol Site\",\"publisher\":{\"@id\":\"https:\\\/\\\/www.boxrepsol.com\\\/es\\\/#organization\"},\"potentialAction\":[{\"@type\":\"SearchAction\",\"target\":{\"@type\":\"EntryPoint\",\"urlTemplate\":\"https:\\\/\\\/www.boxrepsol.com\\\/es\\\/?s={search_term_string}\"},\"query-input\":{\"@type\":\"PropertyValueSpecification\",\"valueRequired\":true,\"valueName\":\"search_term_string\"}}],\"inLanguage\":\"es\"},{\"@type\":\"Organization\",\"@id\":\"https:\\\/\\\/www.boxrepsol.com\\\/es\\\/#organization\",\"name\":\"Box Repsol\",\"url\":\"https:\\\/\\\/www.boxrepsol.com\\\/es\\\/\",\"logo\":{\"@type\":\"ImageObject\",\"inLanguage\":\"es\",\"@id\":\"https:\\\/\\\/www.boxrepsol.com\\\/es\\\/#\\\/schema\\\/logo\\\/image\\\/\",\"url\":\"https:\\\/\\\/bxrepsol.s3.eu-west-1.amazonaws.com\\\/static\\\/2025\\\/07\\\/30083337\\\/favicon-96x96-1.png\",\"contentUrl\":\"https:\\\/\\\/bxrepsol.s3.eu-west-1.amazonaws.com\\\/static\\\/2025\\\/07\\\/30083337\\\/favicon-96x96-1.png\",\"width\":96,\"height\":96,\"caption\":\"Box Repsol\"},\"image\":{\"@id\":\"https:\\\/\\\/www.boxrepsol.com\\\/es\\\/#\\\/schema\\\/logo\\\/image\\\/\"},\"sameAs\":[\"https:\\\/\\\/www.facebook.com\\\/BoxRepsol\",\"https:\\\/\\\/x.com\\\/box_repsol\",\"http:\\\/\\\/instagram.com\\\/box_repsol\",\"https:\\\/\\\/www.youtube.com\\\/user\\\/RepsolCompeticion\",\"https:\\\/\\\/www.flickr.com\\\/photos\\\/box_repsol\\\/\"]},{\"@type\":\"Person\",\"@id\":\"https:\\\/\\\/www.boxrepsol.com\\\/es\\\/#\\\/schema\\\/person\\\/c5c2138f2cca251b0ad92b7086bb60b7\",\"name\":\"Redacci\u00f3n Box Repsol\",\"image\":{\"@type\":\"ImageObject\",\"inLanguage\":\"es\",\"@id\":\"https:\\\/\\\/secure.gravatar.com\\\/avatar\\\/adf7b77e38b4419baf32c7e9c21dde01f4e40df611f0978e3006fc4ba0aaab7e?s=96&d=mm&r=g\",\"url\":\"https:\\\/\\\/secure.gravatar.com\\\/avatar\\\/adf7b77e38b4419baf32c7e9c21dde01f4e40df611f0978e3006fc4ba0aaab7e?s=96&d=mm&r=g\",\"contentUrl\":\"https:\\\/\\\/secure.gravatar.com\\\/avatar\\\/adf7b77e38b4419baf32c7e9c21dde01f4e40df611f0978e3006fc4ba0aaab7e?s=96&d=mm&r=g\",\"caption\":\"Redacci\u00f3n Box Repsol\"},\"description\":\"Box Repsol lo forma un equipo de periodistas, community managers, dise\u00f1adores y fot\u00f3grafos con m\u00e1s de 20 a\u00f1os de experiencia en el mundo del motorsport. Hemos vivido el primer mundial de un espa\u00f1ol en la categor\u00eda reina de motociclismo con \u00c1lex Crivill\u00e9, estuvimos en las victorias de Pedrosa y los t\u00edtulos de M\u00e1rquez, acompa\u00f1amos en \u00c1frica a Nani Roma y Marc Coma en sus conquistas del Dakar y hemos vibrado con los t\u00edtulos de Toni Bou en Trial. Adem\u00e1s, en nuestro equipo contamos con expertos en el mundo de las dos y cuatro ruedas tanto de la calle y las carreteras, como de los circuitos. Periodistas que han trabajado en revistas y publicaciones para hacerte llegar desde rutas y consejos de mantenimiento, a curiosidades y trucos de pilotaje.\",\"sameAs\":[\"https:\\\/\\\/www.facebook.com\\\/BoxRepsol\\\/\",\"https:\\\/\\\/www.instagram.com\\\/box_repsol\\\/\",\"https:\\\/\\\/x.com\\\/https:\\\/\\\/twitter.com\\\/box_repsol\",\"https:\\\/\\\/www.youtube.com\\\/@Boxrepsol\"],\"url\":\"https:\\\/\\\/www.boxrepsol.com\\\/es\\\/author\\\/redaccion-box-repsol\\\/\"}]}<\/script>\n<!-- \/ Yoast SEO plugin. -->","yoast_head_json":{"title":"Resultados de los entrenamientos cronometrados del GP Solidario de MotoGP - Box Repsol","description":"Cr\u00f3nica y resultados de los entrenamientos cronometrados del GP Solidario de MotoGP, disputado en el Circuit de Barcelona-Catalunya.","canonical":"https:\/\/www.boxrepsol.com\/es\/motogp\/resultados-de-los-entrenamientos-cronometrados-del-gp-solidario-de-motogp-2024\/","og_locale":"es_ES","og_type":"article","og_title":"Resultados de los entrenamientos cronometrados del GP Solidario de MotoGP - Box Repsol","og_description":"Cr\u00f3nica y resultados de los entrenamientos cronometrados del GP Solidario de MotoGP, disputado en el Circuit de Barcelona-Catalunya.","og_url":"https:\/\/www.boxrepsol.com\/es\/motogp\/resultados-de-los-entrenamientos-cronometrados-del-gp-solidario-de-motogp-2024\/","og_site_name":"Box Repsol","article_publisher":"https:\/\/www.facebook.com\/BoxRepsol","article_author":"https:\/\/www.facebook.com\/BoxRepsol\/","article_published_time":"2024-11-16T11:03:07+00:00","article_modified_time":"2024-11-21T07:40:25+00:00","og_image":[{"width":1200,"height":650,"url":"https:\/\/bxrepsol.s3.eu-west-1.amazonaws.com\/static\/2024\/11\/16090050\/NotiQualyWeb.jpg","type":"image\/jpeg"}],"author":"Redacci\u00f3n Box Repsol","twitter_card":"summary_large_image","twitter_creator":"@https:\/\/twitter.com\/box_repsol","twitter_site":"@box_repsol","twitter_misc":{"Written by":"Redacci\u00f3n Box Repsol","Est. reading time":"3 minutos"},"schema":{"@context":"https:\/\/schema.org","@graph":[{"@type":"Article","@id":"https:\/\/www.boxrepsol.com\/es\/motogp\/resultados-de-los-entrenamientos-cronometrados-del-gp-solidario-de-motogp-2024\/#article","isPartOf":{"@id":"https:\/\/www.boxrepsol.com\/es\/motogp\/resultados-de-los-entrenamientos-cronometrados-del-gp-solidario-de-motogp-2024\/"},"author":{"name":"Redacci\u00f3n Box Repsol","@id":"https:\/\/www.boxrepsol.com\/es\/#\/schema\/person\/c5c2138f2cca251b0ad92b7086bb60b7"},"headline":"Resultados de la clasificaci\u00f3n del GP Solidario de MotoGP","datePublished":"2024-11-16T11:03:07+00:00","dateModified":"2024-11-21T07:40:25+00:00","mainEntityOfPage":{"@id":"https:\/\/www.boxrepsol.com\/es\/motogp\/resultados-de-los-entrenamientos-cronometrados-del-gp-solidario-de-motogp-2024\/"},"wordCount":644,"commentCount":0,"publisher":{"@id":"https:\/\/www.boxrepsol.com\/es\/#organization"},"image":{"@id":"https:\/\/www.boxrepsol.com\/es\/motogp\/resultados-de-los-entrenamientos-cronometrados-del-gp-solidario-de-motogp-2024\/#primaryimage"},"thumbnailUrl":"https:\/\/bxrepsol.s3.eu-west-1.amazonaws.com\/static\/2024\/11\/16090050\/NotiQualyWeb.jpg","keywords":["GP Solidario","Joan Mir","Luca Marini","MotoGP 2024"],"articleSection":["MotoGP"],"inLanguage":"es","potentialAction":[{"@type":"CommentAction","name":"Comment","target":["https:\/\/www.boxrepsol.com\/es\/motogp\/resultados-de-los-entrenamientos-cronometrados-del-gp-solidario-de-motogp-2024\/#respond"]}]},{"@type":"WebPage","@id":"https:\/\/www.boxrepsol.com\/es\/motogp\/resultados-de-los-entrenamientos-cronometrados-del-gp-solidario-de-motogp-2024\/","url":"https:\/\/www.boxrepsol.com\/es\/motogp\/resultados-de-los-entrenamientos-cronometrados-del-gp-solidario-de-motogp-2024\/","name":"Resultados de los entrenamientos cronometrados del GP Solidario de MotoGP - Box Repsol","isPartOf":{"@id":"https:\/\/www.boxrepsol.com\/es\/#website"},"primaryImageOfPage":{"@id":"https:\/\/www.boxrepsol.com\/es\/motogp\/resultados-de-los-entrenamientos-cronometrados-del-gp-solidario-de-motogp-2024\/#primaryimage"},"image":{"@id":"https:\/\/www.boxrepsol.com\/es\/motogp\/resultados-de-los-entrenamientos-cronometrados-del-gp-solidario-de-motogp-2024\/#primaryimage"},"thumbnailUrl":"https:\/\/bxrepsol.s3.eu-west-1.amazonaws.com\/static\/2024\/11\/16090050\/NotiQualyWeb.jpg","datePublished":"2024-11-16T11:03:07+00:00","dateModified":"2024-11-21T07:40:25+00:00","description":"Cr\u00f3nica y resultados de los entrenamientos cronometrados del GP Solidario de MotoGP, disputado en el Circuit de Barcelona-Catalunya.","breadcrumb":{"@id":"https:\/\/www.boxrepsol.com\/es\/motogp\/resultados-de-los-entrenamientos-cronometrados-del-gp-solidario-de-motogp-2024\/#breadcrumb"},"inLanguage":"es","potentialAction":[{"@type":"ReadAction","target":["https:\/\/www.boxrepsol.com\/es\/motogp\/resultados-de-los-entrenamientos-cronometrados-del-gp-solidario-de-motogp-2024\/"]}]},{"@type":"ImageObject","inLanguage":"es","@id":"https:\/\/www.boxrepsol.com\/es\/motogp\/resultados-de-los-entrenamientos-cronometrados-del-gp-solidario-de-motogp-2024\/#primaryimage","url":"https:\/\/bxrepsol.s3.eu-west-1.amazonaws.com\/static\/2024\/11\/16090050\/NotiQualyWeb.jpg","contentUrl":"https:\/\/bxrepsol.s3.eu-west-1.amazonaws.com\/static\/2024\/11\/16090050\/NotiQualyWeb.jpg","width":1200,"height":650,"caption":"Joan Mir, s\u00e1bado, GP Solidario (web)"},{"@type":"BreadcrumbList","@id":"https:\/\/www.boxrepsol.com\/es\/motogp\/resultados-de-los-entrenamientos-cronometrados-del-gp-solidario-de-motogp-2024\/#breadcrumb","itemListElement":[{"@type":"ListItem","position":1,"name":"Home","item":"https:\/\/www.boxrepsol.com\/es\/"},{"@type":"ListItem","position":2,"name":"Resultados de la clasificaci\u00f3n del GP Solidario de MotoGP"}]},{"@type":"WebSite","@id":"https:\/\/www.boxrepsol.com\/es\/#website","url":"https:\/\/www.boxrepsol.com\/es\/","name":"Box Repsol","description":"Box Repsol Site","publisher":{"@id":"https:\/\/www.boxrepsol.com\/es\/#organization"},"potentialAction":[{"@type":"SearchAction","target":{"@type":"EntryPoint","urlTemplate":"https:\/\/www.boxrepsol.com\/es\/?s={search_term_string}"},"query-input":{"@type":"PropertyValueSpecification","valueRequired":true,"valueName":"search_term_string"}}],"inLanguage":"es"},{"@type":"Organization","@id":"https:\/\/www.boxrepsol.com\/es\/#organization","name":"Box Repsol","url":"https:\/\/www.boxrepsol.com\/es\/","logo":{"@type":"ImageObject","inLanguage":"es","@id":"https:\/\/www.boxrepsol.com\/es\/#\/schema\/logo\/image\/","url":"https:\/\/bxrepsol.s3.eu-west-1.amazonaws.com\/static\/2025\/07\/30083337\/favicon-96x96-1.png","contentUrl":"https:\/\/bxrepsol.s3.eu-west-1.amazonaws.com\/static\/2025\/07\/30083337\/favicon-96x96-1.png","width":96,"height":96,"caption":"Box Repsol"},"image":{"@id":"https:\/\/www.boxrepsol.com\/es\/#\/schema\/logo\/image\/"},"sameAs":["https:\/\/www.facebook.com\/BoxRepsol","https:\/\/x.com\/box_repsol","http:\/\/instagram.com\/box_repsol","https:\/\/www.youtube.com\/user\/RepsolCompeticion","https:\/\/www.flickr.com\/photos\/box_repsol\/"]},{"@type":"Person","@id":"https:\/\/www.boxrepsol.com\/es\/#\/schema\/person\/c5c2138f2cca251b0ad92b7086bb60b7","name":"Redacci\u00f3n Box Repsol","image":{"@type":"ImageObject","inLanguage":"es","@id":"https:\/\/secure.gravatar.com\/avatar\/adf7b77e38b4419baf32c7e9c21dde01f4e40df611f0978e3006fc4ba0aaab7e?s=96&d=mm&r=g","url":"https:\/\/secure.gravatar.com\/avatar\/adf7b77e38b4419baf32c7e9c21dde01f4e40df611f0978e3006fc4ba0aaab7e?s=96&d=mm&r=g","contentUrl":"https:\/\/secure.gravatar.com\/avatar\/adf7b77e38b4419baf32c7e9c21dde01f4e40df611f0978e3006fc4ba0aaab7e?s=96&d=mm&r=g","caption":"Redacci\u00f3n Box Repsol"},"description":"Box Repsol lo forma un equipo de periodistas, community managers, dise\u00f1adores y fot\u00f3grafos con m\u00e1s de 20 a\u00f1os de experiencia en el mundo del motorsport. Hemos vivido el primer mundial de un espa\u00f1ol en la categor\u00eda reina de motociclismo con \u00c1lex Crivill\u00e9, estuvimos en las victorias de Pedrosa y los t\u00edtulos de M\u00e1rquez, acompa\u00f1amos en \u00c1frica a Nani Roma y Marc Coma en sus conquistas del Dakar y hemos vibrado con los t\u00edtulos de Toni Bou en Trial. Adem\u00e1s, en nuestro equipo contamos con expertos en el mundo de las dos y cuatro ruedas tanto de la calle y las carreteras, como de los circuitos. Periodistas que han trabajado en revistas y publicaciones para hacerte llegar desde rutas y consejos de mantenimiento, a curiosidades y trucos de pilotaje.","sameAs":["https:\/\/www.facebook.com\/BoxRepsol\/","https:\/\/www.instagram.com\/box_repsol\/","https:\/\/x.com\/https:\/\/twitter.com\/box_repsol","https:\/\/www.youtube.com\/@Boxrepsol"],"url":"https:\/\/www.boxrepsol.com\/es\/author\/redaccion-box-repsol\/"}]}},"_links":{"self":[{"href":"https:\/\/www.boxrepsol.com\/es\/wp-json\/wp\/v2\/posts\/122180","targetHints":{"allow":["GET"]}}],"collection":[{"href":"https:\/\/www.boxrepsol.com\/es\/wp-json\/wp\/v2\/posts"}],"about":[{"href":"https:\/\/www.boxrepsol.com\/es\/wp-json\/wp\/v2\/types\/post"}],"author":[{"embeddable":true,"href":"https:\/\/www.boxrepsol.com\/es\/wp-json\/wp\/v2\/users\/43146"}],"replies":[{"embeddable":true,"href":"https:\/\/www.boxrepsol.com\/es\/wp-json\/wp\/v2\/comments?post=122180"}],"version-history":[{"count":9,"href":"https:\/\/www.boxrepsol.com\/es\/wp-json\/wp\/v2\/posts\/122180\/revisions"}],"predecessor-version":[{"id":122205,"href":"https:\/\/www.boxrepsol.com\/es\/wp-json\/wp\/v2\/posts\/122180\/revisions\/122205"}],"wp:featuredmedia":[{"embeddable":true,"href":"https:\/\/www.boxrepsol.com\/es\/wp-json\/wp\/v2\/media\/122203"}],"wp:attachment":[{"href":"https:\/\/www.boxrepsol.com\/es\/wp-json\/wp\/v2\/media?parent=122180"}],"wp:term":[{"taxonomy":"category","embeddable":true,"href":"https:\/\/www.boxrepsol.com\/es\/wp-json\/wp\/v2\/categories?post=122180"},{"taxonomy":"post_tag","embeddable":true,"href":"https:\/\/www.boxrepsol.com\/es\/wp-json\/wp\/v2\/tags?post=122180"}],"curies":[{"name":"wp","href":"https:\/\/api.w.org\/{rel}","templated":true}]}}