{"id":122100,"date":"2024-11-11T08:53:44","date_gmt":"2024-11-11T10:53:44","guid":{"rendered":"https:\/\/www.boxrepsol.com\/?p=122100"},"modified":"2024-11-11T09:20:02","modified_gmt":"2024-11-11T11:20:02","slug":"horarios-y-donde-ver-el-gp-solidario-barcelona","status":"publish","type":"post","link":"https:\/\/www.boxrepsol.com\/es\/motogp\/horarios-y-donde-ver-el-gp-solidario-barcelona\/","title":{"rendered":"GP Solidario MotoGP 2024: horarios, fechas y c\u00f3mo verlo gratis en directo"},"content":{"rendered":"<figure class=\"wp-block-post-featured-image\"><img loading=\"lazy\" decoding=\"async\" width=\"1200\" height=\"650\" src=\"https:\/\/bxrepsol.s3.eu-west-1.amazonaws.com\/static\/2024\/11\/11085310\/307145302_RB_8948.jpg\" class=\"attachment-post-thumbnail size-post-thumbnail wp-post-image\" alt=\"#RacingForValencia\" style=\"object-fit:cover;\" srcset=\"https:\/\/bxrepsol.s3.eu-west-1.amazonaws.com\/static\/2024\/11\/11085310\/307145302_RB_8948.jpg 1200w, https:\/\/bxrepsol.s3.eu-west-1.amazonaws.com\/static\/2024\/11\/11085310\/307145302_RB_8948-300x163.jpg 300w, https:\/\/bxrepsol.s3.eu-west-1.amazonaws.com\/static\/2024\/11\/11085310\/307145302_RB_8948-1024x555.jpg 1024w, https:\/\/bxrepsol.s3.eu-west-1.amazonaws.com\/static\/2024\/11\/11085310\/307145302_RB_8948-768x416.jpg 768w\" sizes=\"auto, (max-width: 1200px) 100vw, 1200px\" \/><\/figure>\n\n\n<h2 class=\"wp-block-heading\"><strong>El GP de Valencia se cancela y MotoGP anuncia el GP solidario de Barcelona<\/strong><\/h2>\n\n\n\n<p>El Mundial de MotoGP confirm\u00f3 hace diez d\u00edas que la \u00faltima ronda de la<strong> temporada 2024<\/strong> no tendr\u00eda lugar en el Circuit Ricardo Tormo<strong> tras los da\u00f1os sufridos por la DANA<\/strong> en los aleda\u00f1os de la capital valenciana. Con todo, DORNA anunci\u00f3 la semana pasada la que ser\u00e1 la sede de la vig\u00e9sima y \u00faltima cita del curso: <strong>el Circuit de Barcelona-Catalunya<\/strong>.<\/p>\n\n\n\n<p><strong>Como muestra de solidaridad<\/strong> con el pueblo valenciano, la cita se llamar\u00e1 <strong>Gran Premio Solidario de Barcelona<\/strong> y todo el dinero que se recoja a lo largo de los tres d\u00edas <strong>ser\u00e1 destinado a los afectados por el temporal<\/strong> sufrido en las \u00faltimas semanas en la Comunitat Valenciana. <\/p>\n\n\n\n<h3 class=\"wp-block-heading\"><strong>DAZN emite gratis y en directo el Gran Premio Solidario de Barcelona <\/strong><\/h3>\n\n\n\n<p>La plataforma de DAZN, tal y como ya determin\u00f3 al inicio de la temporada, ofrece este a\u00f1o <strong>los&nbsp;Grandes Premios nacionales&nbsp;de manera&nbsp;gratuita<\/strong>&nbsp;para llegar a nuevos p\u00fablicos. Toda la acci\u00f3n en pista de este GP Solidario, tanto los entrenamientos libres como las sesiones clasificatorias y las carreras del domingo, <strong>se podr\u00e1n ver de manera gratuita en su plataforma<\/strong>.<\/p>\n\n\n\n<p>Para poder disfrutar de todo el contenido sin coste alguno, <strong>los usuarios deber\u00e1n&nbsp;registrarse en la plataforma de<\/strong> <strong>DAZN<\/strong>&nbsp;sin tener que suscribirse a ning\u00fan plan obligatoriamente.<\/p>\n\n\n\n<h3 class=\"wp-block-heading\"><strong>Movistar + y otras plataformas tambi\u00e9n ofrecen el GP solidario<\/strong><\/h3>\n\n\n\n<p>Si no sabes c\u00f3mo <strong>ver MotoGP sin DAZN<\/strong>, existen varias alternativas, una de ellas es seguir la competici\u00f3n de forma ininterrumpida desde <strong>Movistar+<\/strong>, contratando el paquete Motor o Deportes Total. Adem\u00e1s, gracias a los acuerdos de DAZN con plataformas como <strong>Amazon Prime Video, Yoigo, Orange TV, M\u00e1sM\u00f3vil, Virgin Telco y Telecable<\/strong>, puedes disfrutar de toda la MotoGP en vivo y en directo a trav\u00e9s de estos operadores.<\/p>\n\n\n\n<h3 class=\"wp-block-heading\"><strong>Sigue en directo el GP Solidario de MotoGP 2024 en abierto<\/strong><\/h3>\n\n\n\n<p>Tal y como comentamos a principio de a\u00f1o, <strong>Atresmedia TV emitir\u00e1 en abierto el \u00faltimo fin de semana de MotoGP en 2024.&nbsp;<\/strong>Las carreras del domingo de MotoGP, Moto2 y Moto3 se podr\u00e1n seguir por&nbsp;<strong>La Sexta<\/strong>, mientras que a trav\u00e9s de&nbsp;<strong>MEGA<\/strong>&nbsp;se podr\u00e1 ver la acci\u00f3n en pista del s\u00e1bado, tanto las sesiones clasificatorias como&nbsp;<a href=\"https:\/\/www.boxrepsol.com\/es\/motogp\/carreras-al-sprint-la-evolucion-de-motogp\/\">la carrera al sprint<\/a>&nbsp;de la categor\u00eda reina.<\/p>\n\n\n\n<h3 class=\"wp-block-heading\"><strong>C\u00f3mo ver MotoGP en directo a trav\u00e9s de su web<\/strong><\/h3>\n\n\n\n<p>Por si lo desconoc\u00edas, Dorna, el organizador del Mundial de MotoGP, tambi\u00e9n dispone de su propia plataforma. A trav\u00e9s de ella, los aficionados podr\u00e1n seguir la competici\u00f3n gracias a las aplicaciones como su web de \u201c<a href=\"https:\/\/www.motogp.com\/es\" target=\"_blank\" rel=\"noreferrer noopener\"><strong>motogp.com<\/strong><\/a>\u201d.<\/p>\n\n\n\n<p>En esta web, <strong>se retransmiten en vivo todos los entrenamientos y carreras<\/strong>, sin anuncios, sumado a otra lista de contenidos exclusivos, tanto en ingl\u00e9s como en espa\u00f1ol.<\/p>\n\n\n\n<h3 class=\"wp-block-heading\"><strong>MotoGP live del GP Solidario de Barcelona 2024 en Box Repsol<\/strong><\/h3>\n\n\n\n<p><strong>\u00a1Aviso a los fan\u00e1ticos del motor!<\/strong> No os olvid\u00e9is que <strong>desde Box Repsol<\/strong> tambi\u00e9n te contamos el minuto a minuto del <strong>directo del GP solidario de Barcelona<\/strong>. En todo momento, dispondr\u00e1s de la informaci\u00f3n necesaria para estar al corriente de lo que ocurre en Montmel\u00f3.<\/p>\n\n\n\n<p>Igualmente, a trav\u00e9s de redes como <strong>\u2018<\/strong><a href=\"https:\/\/x.com\/box_repsol\"><strong>X<\/strong><\/a><strong>\u2019 <\/strong>(antiguo Twitter), <a href=\"https:\/\/instagram.com\/box_repsol\"><strong>Instagram<\/strong><\/a>, <a href=\"https:\/\/www.facebook.com\/BoxRepsol\/\"><strong>Facebook<\/strong><\/a><strong> <\/strong>y <a href=\"https:\/\/www.youtube.com\/c\/Boxrepsol\"><strong>YouTube<\/strong><\/a> se ofrecer\u00e1n los resultados de todas las sesiones en las tres categor\u00edas, adem\u00e1s de subir las mejores im\u00e1genes de lo \u00faltimo sucedido en pista.<\/p>\n\n\n\n<p>Si accedes <strong>a la <\/strong><a href=\"https:\/\/www.boxrepsol.com\/es\/app-box-repsol\/\"><strong>App de Box Repsol<\/strong><\/a>, dispondr\u00e1s de todos los horarios, clasificaciones y de un \u2018vuelta a vuelta\u2019 en directo de las carreras de las tres disciplinas.<\/p>\n\n\n\n<h2 class=\"wp-block-heading\"><strong>Horarios del GP Solidario de MotoGP 2024 (Hora CEST)<\/strong><\/h2>\n\n\n\n<p>El GP Solidario ser\u00e1 la prueba final a la que se someter\u00e1n los pilotos para cerrar la temporada y en la que se decidir\u00e1 el t\u00edtulo de campe\u00f3n del mundo. Se acab\u00f3 la gira asi\u00e1tica, as\u00ed que, si resides en Espa\u00f1a, <strong>se acab\u00f3 madrugar para ver las carreras del Mundial de MotoGP.<\/strong><\/p>\n\n\n\n<p>Los primeros entrenamientos libres tendr\u00e1n lugar el viernes 15 de noviembre a partir de las <strong>09:00h<\/strong> (hora espa\u00f1ola) con la categor\u00eda de <strong>Moto3<\/strong>.<\/p>\n\n\n\n<p>La primera carrera del domingo dar\u00e1 comienzo <strong>a partir de las 11:00h con Moto3<\/strong>, le coger\u00e1 el relevo <strong>Moto2<\/strong> a las <strong>12:15h<\/strong> y se cerrar\u00e1 la temporada con el plato fuerte, la categor\u00eda reina, a partir de las <strong>14:00h<\/strong>.<\/p>\n\n\n\n<p><strong>VIERNES 15 DE NOVIEMBRE<\/strong><\/p>\n\n\n\n<p>09:00h &#8211; 09:35h Moto3 FP<\/p>\n\n\n\n<p>09:50h &#8211; 10:30h Moto2 FP<\/p>\n\n\n\n<p>10:45h &#8211; 11:30h MotoGP FP1<\/p>\n\n\n\n<p>13:15h &#8211; 13:50h Moto3 P1<\/p>\n\n\n\n<p>14:05h &#8211; 14:45h Moto2 P1<\/p>\n\n\n\n<p>15:00h &#8211; 16:00h MotoGP Practice<\/p>\n\n\n\n<p><strong>S\u00c1BADO 16 DE NOVIEMBRE<\/strong><\/p>\n\n\n\n<p>08:40h &#8211; 09:10h Moto3 P2<\/p>\n\n\n\n<p>09:25h &#8211; 09:55h Moto2 P2<\/p>\n\n\n\n<p>10:10h &#8211; 10:40h MotoGP FP2<\/p>\n\n\n\n<p>10:50h &#8211; 11:05h MotoGP Q1<\/p>\n\n\n\n<p>11:15 &#8211; 11:30h MotoGP Q2<\/p>\n\n\n\n<p>12:50h &#8211; 13:05h Moto3 Q1<\/p>\n\n\n\n<p>13:15h &#8211; 13:30 h Moto3 Q2<\/p>\n\n\n\n<p>13:45h &#8211; 14:00h Moto2 Q1<\/p>\n\n\n\n<p>14:10h &#8211; 14:25h Moto2 Q2<\/p>\n\n\n\n<p>15:00h MotoGP Carrera Sprint (12 vueltas)<\/p>\n\n\n\n<p><strong>DOMINGO 17 DE NOVIEMBRE<\/strong><\/p>\n\n\n\n<p>09:40h &#8211; 09:50h MotoGP Warm Up<\/p>\n\n\n\n<p>10:00 \u2013 10:40 MotoGP Rider Fan Parade<\/p>\n\n\n\n<p>11:00h Race Moto3 (18 vueltas)<\/p>\n\n\n\n<p>12:15h Race Moto2 (21 vueltas)<\/p>\n\n\n\n<p>14:00h Race MotoGP (24 vueltas)<\/p>\n\n\n\n<p><\/p>\n\n\n\n<h3 class=\"wp-block-heading\"><strong>HORARIOS GP SOLIDARIO EN COLOMBIA<\/strong><\/h3>\n\n\n\n<p><strong>S\u00c1BADO 16<\/strong><\/p>\n\n\n\n<p>09:00h Sprint Race MotoGP<\/p>\n\n\n\n<p><strong>DOMINGO 17<\/strong><\/p>\n\n\n\n<p>05:00h&nbsp; Race Moto3<\/p>\n\n\n\n<p>06:15h Race Moto2<\/p>\n\n\n\n<p>08:00h Race MotoGP<\/p>\n\n\n\n<h3 class=\"wp-block-heading\"><strong>HORARIOS GP SOLIDARIO EN M\u00c9XICO<\/strong><\/h3>\n\n\n\n<p><strong>S\u00c1BADO 16<\/strong><\/p>\n\n\n\n<p>08:00h&nbsp; Sprint Race MotoGP<\/p>\n\n\n\n<p><strong>DOMINGO 17<\/strong><\/p>\n\n\n\n<p>04:00h&nbsp; Race Moto3<\/p>\n\n\n\n<p>05:15h Race Moto2<\/p>\n\n\n\n<p>07:00h Race MotoGP<\/p>\n\n\n\n<h3 class=\"wp-block-heading\"><strong>HORARIOS GP SOLIDARIO EN CHILE<\/strong><\/h3>\n\n\n\n<p><strong>S\u00c1BADO 16<\/strong><\/p>\n\n\n\n<p>11:00h Sprint Race MotoGP<\/p>\n\n\n\n<p><strong>DOMINGO 17<\/strong><\/p>\n\n\n\n<p>07:00h&nbsp; Race Moto3<\/p>\n\n\n\n<p>08:15h&nbsp; Race Moto2<\/p>\n\n\n\n<p>10:00h&nbsp; Race MotoGP<\/p>\n\n\n\n<h3 class=\"wp-block-heading\"><strong>HORARIOS GP SOLIDARIO EN ARGENTINA Y URUGUAY<\/strong><\/h3>\n\n\n\n<p><strong>S\u00c1BADO 16<\/strong><\/p>\n\n\n\n<p>11:00h&nbsp; Sprint Race MotoGP<\/p>\n\n\n\n<p><strong>DOMINGO 17<\/strong><\/p>\n\n\n\n<p>07:00h Race Moto3<\/p>\n\n\n\n<p>08:15h Race Moto2<\/p>\n\n\n\n<p>10:00h Race&nbsp; MotoGP<\/p>\n\n\n\n<h2 class=\"wp-block-heading\"><strong>El \u00faltimo baile para el Repsol Honda<\/strong><\/h2>\n\n\n\n<p>Las consecuencias que el paso de la DANA ha dejado por la Comunitat Valenciana han obligado <strong>a cambiar la sede de la \u00faltima cita de 2024<\/strong>. Con todo, el <a href=\"https:\/\/www.boxrepsol.com\/es\/motogp\/las-16-curiosidades-del-circuito-montmelo\/\">Circuit de Barcelona-Catalunya<\/a> acoger\u00e1 el desenlace de la temporada, siendo la primera vez en la historia que se disputan <strong>dos Grandes Premios del mismo curso en el trazado catal\u00e1n<\/strong>. La ronda ha sido bautizada como <strong>GP Solidario de Barcelona<\/strong>.<\/p>\n\n\n\n<p>Por otro lado, <strong>los <\/strong><a href=\"https:\/\/www.boxrepsol.com\/es\/motogp\/resultados-del-gp-de-malasia-de-motogp-2024\/\"><strong>resultados del Gran Premio de Malasia<\/strong><\/a><strong> <\/strong>en clave Repsol Honda fue positivo, aunque podr\u00eda haber acabado con algo m\u00e1s de fortuna. <strong>Luca Marini<\/strong> volvi\u00f3 a puntuar y suma ya cuatro Grandes Premios consecutivos <strong>en el Top 15<\/strong>. De hecho, desde la disputa de la Emilia Romagna, el italiano solo se ha quedado sin puntos en Indonesia, evidenciando una clara mejor\u00eda en su rendimiento en carrera.<\/p>\n\n\n\n<p>Por su parte, <strong>Joan Mir <\/strong>no pudo acompa\u00f1ar a Luca, ya que se fue al suelo en la vuelta cinco, cuando rodaba junto al italiano en el grupo que peleaba por la zona de puntos. Antes, el s\u00e1bado, ambos finalizaron la carrera al sprint de forma conjunta, en <strong>P15<\/strong> y <strong>P16<\/strong> respectivamente.<\/p>\n\n\n\n<p>Repasando el rendimiento de ambos en las citas correspondientes <strong>al desenlace de la temporada<\/strong>, <strong>Luca<\/strong> tiene un s\u00e9ptimo como mejor resultado en la categor\u00eda reina, mientras que <strong>Joan<\/strong> sabe lo que es subirse al podio (fue segundo en sus dos primeras temporadas de Moto3).<\/p>\n","protected":false},"excerpt":{"rendered":"<p>El Circuit de Barcelona-Catalunya acoger\u00e1 finalmente el \u00faltimo GP de la temporada. Tras la delicada situaci\u00f3n que vive la Comunitat Valenciana por las inundaciones, la \u00faltima cita del calendario de MotoGP no tendr\u00e1 lugar en el Ricardo Tormo. Ser\u00e1 Montmel\u00f3, por tanto, la que acoja el que ya se ha bautizado como el \u2018GP Solidario\u2019, para poner el broche final al mundial de motociclismo de 2024.<\/p>\n","protected":false},"author":43146,"featured_media":122105,"comment_status":"open","ping_status":"closed","sticky":false,"template":"","format":"standard","meta":{"footnotes":""},"categories":[4],"tags":[],"class_list":["post-122100","post","type-post","status-publish","format-standard","hentry","category-motogp"],"yoast_head":"<!-- This site is optimized with the Yoast SEO plugin v27.3 - https:\/\/yoast.com\/product\/yoast-seo-wordpress\/ -->\n<title>GP Solidario de Barcelona 2024: fechas y c\u00f3mo verlo gratis en TV - Box Repsol<\/title>\n<link rel=\"canonical\" href=\"https:\/\/www.boxrepsol.com\/es\/motogp\/horarios-y-donde-ver-el-gp-solidario-barcelona\/\" \/>\n<meta property=\"og:locale\" content=\"es_ES\" \/>\n<meta property=\"og:type\" content=\"article\" \/>\n<meta property=\"og:title\" content=\"GP Solidario de Barcelona 2024: fechas y c\u00f3mo verlo gratis en TV - Box Repsol\" \/>\n<meta property=\"og:description\" content=\"El Circuit de Barcelona-Catalunya acoger\u00e1 finalmente el \u00faltimo GP de la temporada. Tras la delicada situaci\u00f3n que vive la Comunitat Valenciana por las inundaciones, la \u00faltima cita del calendario de MotoGP no tendr\u00e1 lugar en el Ricardo Tormo. Ser\u00e1 Montmel\u00f3, por tanto, la que acoja el que ya se ha bautizado como el \u2018GP Solidario\u2019, para poner el broche final al mundial de motociclismo de 2024.\" \/>\n<meta property=\"og:url\" content=\"https:\/\/www.boxrepsol.com\/es\/motogp\/horarios-y-donde-ver-el-gp-solidario-barcelona\/\" \/>\n<meta property=\"og:site_name\" content=\"Box Repsol\" \/>\n<meta property=\"article:publisher\" content=\"https:\/\/www.facebook.com\/BoxRepsol\" \/>\n<meta property=\"article:author\" content=\"https:\/\/www.facebook.com\/BoxRepsol\/\" \/>\n<meta property=\"article:published_time\" content=\"2024-11-11T10:53:44+00:00\" \/>\n<meta property=\"article:modified_time\" content=\"2024-11-11T11:20:02+00:00\" \/>\n<meta property=\"og:image\" content=\"https:\/\/bxrepsol.s3.eu-west-1.amazonaws.com\/static\/2024\/11\/11085310\/307145302_RB_8948.jpg\" \/>\n\t<meta property=\"og:image:width\" content=\"1200\" \/>\n\t<meta property=\"og:image:height\" content=\"650\" \/>\n\t<meta property=\"og:image:type\" content=\"image\/jpeg\" \/>\n<meta name=\"author\" content=\"Redacci\u00f3n Box Repsol\" \/>\n<meta name=\"twitter:card\" content=\"summary_large_image\" \/>\n<meta name=\"twitter:creator\" content=\"@https:\/\/twitter.com\/box_repsol\" \/>\n<meta name=\"twitter:site\" content=\"@box_repsol\" \/>\n<meta name=\"twitter:label1\" content=\"Written by\" \/>\n\t<meta name=\"twitter:data1\" content=\"Redacci\u00f3n Box Repsol\" \/>\n\t<meta name=\"twitter:label2\" content=\"Est. reading time\" \/>\n\t<meta name=\"twitter:data2\" content=\"6 minutos\" \/>\n<script type=\"application\/ld+json\" class=\"yoast-schema-graph\">{\"@context\":\"https:\\\/\\\/schema.org\",\"@graph\":[{\"@type\":\"Article\",\"@id\":\"https:\\\/\\\/www.boxrepsol.com\\\/es\\\/motogp\\\/horarios-y-donde-ver-el-gp-solidario-barcelona\\\/#article\",\"isPartOf\":{\"@id\":\"https:\\\/\\\/www.boxrepsol.com\\\/es\\\/motogp\\\/horarios-y-donde-ver-el-gp-solidario-barcelona\\\/\"},\"author\":{\"name\":\"Redacci\u00f3n Box Repsol\",\"@id\":\"https:\\\/\\\/www.boxrepsol.com\\\/es\\\/#\\\/schema\\\/person\\\/c5c2138f2cca251b0ad92b7086bb60b7\"},\"headline\":\"GP Solidario MotoGP 2024: horarios, fechas y c\u00f3mo verlo gratis en directo\",\"datePublished\":\"2024-11-11T10:53:44+00:00\",\"dateModified\":\"2024-11-11T11:20:02+00:00\",\"mainEntityOfPage\":{\"@id\":\"https:\\\/\\\/www.boxrepsol.com\\\/es\\\/motogp\\\/horarios-y-donde-ver-el-gp-solidario-barcelona\\\/\"},\"wordCount\":1218,\"commentCount\":0,\"publisher\":{\"@id\":\"https:\\\/\\\/www.boxrepsol.com\\\/es\\\/#organization\"},\"image\":{\"@id\":\"https:\\\/\\\/www.boxrepsol.com\\\/es\\\/motogp\\\/horarios-y-donde-ver-el-gp-solidario-barcelona\\\/#primaryimage\"},\"thumbnailUrl\":\"https:\\\/\\\/bxrepsol.s3.eu-west-1.amazonaws.com\\\/static\\\/2024\\\/11\\\/11085310\\\/307145302_RB_8948.jpg\",\"articleSection\":[\"MotoGP\"],\"inLanguage\":\"es\",\"potentialAction\":[{\"@type\":\"CommentAction\",\"name\":\"Comment\",\"target\":[\"https:\\\/\\\/www.boxrepsol.com\\\/es\\\/motogp\\\/horarios-y-donde-ver-el-gp-solidario-barcelona\\\/#respond\"]}]},{\"@type\":\"WebPage\",\"@id\":\"https:\\\/\\\/www.boxrepsol.com\\\/es\\\/motogp\\\/horarios-y-donde-ver-el-gp-solidario-barcelona\\\/\",\"url\":\"https:\\\/\\\/www.boxrepsol.com\\\/es\\\/motogp\\\/horarios-y-donde-ver-el-gp-solidario-barcelona\\\/\",\"name\":\"GP Solidario de Barcelona 2024: fechas y c\u00f3mo verlo gratis en TV - Box Repsol\",\"isPartOf\":{\"@id\":\"https:\\\/\\\/www.boxrepsol.com\\\/es\\\/#website\"},\"primaryImageOfPage\":{\"@id\":\"https:\\\/\\\/www.boxrepsol.com\\\/es\\\/motogp\\\/horarios-y-donde-ver-el-gp-solidario-barcelona\\\/#primaryimage\"},\"image\":{\"@id\":\"https:\\\/\\\/www.boxrepsol.com\\\/es\\\/motogp\\\/horarios-y-donde-ver-el-gp-solidario-barcelona\\\/#primaryimage\"},\"thumbnailUrl\":\"https:\\\/\\\/bxrepsol.s3.eu-west-1.amazonaws.com\\\/static\\\/2024\\\/11\\\/11085310\\\/307145302_RB_8948.jpg\",\"datePublished\":\"2024-11-11T10:53:44+00:00\",\"dateModified\":\"2024-11-11T11:20:02+00:00\",\"breadcrumb\":{\"@id\":\"https:\\\/\\\/www.boxrepsol.com\\\/es\\\/motogp\\\/horarios-y-donde-ver-el-gp-solidario-barcelona\\\/#breadcrumb\"},\"inLanguage\":\"es\",\"potentialAction\":[{\"@type\":\"ReadAction\",\"target\":[\"https:\\\/\\\/www.boxrepsol.com\\\/es\\\/motogp\\\/horarios-y-donde-ver-el-gp-solidario-barcelona\\\/\"]}]},{\"@type\":\"ImageObject\",\"inLanguage\":\"es\",\"@id\":\"https:\\\/\\\/www.boxrepsol.com\\\/es\\\/motogp\\\/horarios-y-donde-ver-el-gp-solidario-barcelona\\\/#primaryimage\",\"url\":\"https:\\\/\\\/bxrepsol.s3.eu-west-1.amazonaws.com\\\/static\\\/2024\\\/11\\\/11085310\\\/307145302_RB_8948.jpg\",\"contentUrl\":\"https:\\\/\\\/bxrepsol.s3.eu-west-1.amazonaws.com\\\/static\\\/2024\\\/11\\\/11085310\\\/307145302_RB_8948.jpg\",\"width\":1200,\"height\":650,\"caption\":\"#RacingForValencia\"},{\"@type\":\"BreadcrumbList\",\"@id\":\"https:\\\/\\\/www.boxrepsol.com\\\/es\\\/motogp\\\/horarios-y-donde-ver-el-gp-solidario-barcelona\\\/#breadcrumb\",\"itemListElement\":[{\"@type\":\"ListItem\",\"position\":1,\"name\":\"Home\",\"item\":\"https:\\\/\\\/www.boxrepsol.com\\\/es\\\/\"},{\"@type\":\"ListItem\",\"position\":2,\"name\":\"GP Solidario MotoGP 2024: horarios, fechas y c\u00f3mo verlo gratis en directo\"}]},{\"@type\":\"WebSite\",\"@id\":\"https:\\\/\\\/www.boxrepsol.com\\\/es\\\/#website\",\"url\":\"https:\\\/\\\/www.boxrepsol.com\\\/es\\\/\",\"name\":\"Box Repsol\",\"description\":\"Box Repsol Site\",\"publisher\":{\"@id\":\"https:\\\/\\\/www.boxrepsol.com\\\/es\\\/#organization\"},\"potentialAction\":[{\"@type\":\"SearchAction\",\"target\":{\"@type\":\"EntryPoint\",\"urlTemplate\":\"https:\\\/\\\/www.boxrepsol.com\\\/es\\\/?s={search_term_string}\"},\"query-input\":{\"@type\":\"PropertyValueSpecification\",\"valueRequired\":true,\"valueName\":\"search_term_string\"}}],\"inLanguage\":\"es\"},{\"@type\":\"Organization\",\"@id\":\"https:\\\/\\\/www.boxrepsol.com\\\/es\\\/#organization\",\"name\":\"Box Repsol\",\"url\":\"https:\\\/\\\/www.boxrepsol.com\\\/es\\\/\",\"logo\":{\"@type\":\"ImageObject\",\"inLanguage\":\"es\",\"@id\":\"https:\\\/\\\/www.boxrepsol.com\\\/es\\\/#\\\/schema\\\/logo\\\/image\\\/\",\"url\":\"https:\\\/\\\/bxrepsol.s3.eu-west-1.amazonaws.com\\\/static\\\/2025\\\/07\\\/30083337\\\/favicon-96x96-1.png\",\"contentUrl\":\"https:\\\/\\\/bxrepsol.s3.eu-west-1.amazonaws.com\\\/static\\\/2025\\\/07\\\/30083337\\\/favicon-96x96-1.png\",\"width\":96,\"height\":96,\"caption\":\"Box Repsol\"},\"image\":{\"@id\":\"https:\\\/\\\/www.boxrepsol.com\\\/es\\\/#\\\/schema\\\/logo\\\/image\\\/\"},\"sameAs\":[\"https:\\\/\\\/www.facebook.com\\\/BoxRepsol\",\"https:\\\/\\\/x.com\\\/box_repsol\",\"http:\\\/\\\/instagram.com\\\/box_repsol\",\"https:\\\/\\\/www.youtube.com\\\/user\\\/RepsolCompeticion\",\"https:\\\/\\\/www.flickr.com\\\/photos\\\/box_repsol\\\/\"]},{\"@type\":\"Person\",\"@id\":\"https:\\\/\\\/www.boxrepsol.com\\\/es\\\/#\\\/schema\\\/person\\\/c5c2138f2cca251b0ad92b7086bb60b7\",\"name\":\"Redacci\u00f3n Box Repsol\",\"image\":{\"@type\":\"ImageObject\",\"inLanguage\":\"es\",\"@id\":\"https:\\\/\\\/secure.gravatar.com\\\/avatar\\\/adf7b77e38b4419baf32c7e9c21dde01f4e40df611f0978e3006fc4ba0aaab7e?s=96&d=mm&r=g\",\"url\":\"https:\\\/\\\/secure.gravatar.com\\\/avatar\\\/adf7b77e38b4419baf32c7e9c21dde01f4e40df611f0978e3006fc4ba0aaab7e?s=96&d=mm&r=g\",\"contentUrl\":\"https:\\\/\\\/secure.gravatar.com\\\/avatar\\\/adf7b77e38b4419baf32c7e9c21dde01f4e40df611f0978e3006fc4ba0aaab7e?s=96&d=mm&r=g\",\"caption\":\"Redacci\u00f3n Box Repsol\"},\"description\":\"Box Repsol lo forma un equipo de periodistas, community managers, dise\u00f1adores y fot\u00f3grafos con m\u00e1s de 20 a\u00f1os de experiencia en el mundo del motorsport. Hemos vivido el primer mundial de un espa\u00f1ol en la categor\u00eda reina de motociclismo con \u00c1lex Crivill\u00e9, estuvimos en las victorias de Pedrosa y los t\u00edtulos de M\u00e1rquez, acompa\u00f1amos en \u00c1frica a Nani Roma y Marc Coma en sus conquistas del Dakar y hemos vibrado con los t\u00edtulos de Toni Bou en Trial. Adem\u00e1s, en nuestro equipo contamos con expertos en el mundo de las dos y cuatro ruedas tanto de la calle y las carreteras, como de los circuitos. Periodistas que han trabajado en revistas y publicaciones para hacerte llegar desde rutas y consejos de mantenimiento, a curiosidades y trucos de pilotaje.\",\"sameAs\":[\"https:\\\/\\\/www.facebook.com\\\/BoxRepsol\\\/\",\"https:\\\/\\\/www.instagram.com\\\/box_repsol\\\/\",\"https:\\\/\\\/x.com\\\/https:\\\/\\\/twitter.com\\\/box_repsol\",\"https:\\\/\\\/www.youtube.com\\\/@Boxrepsol\"],\"url\":\"https:\\\/\\\/www.boxrepsol.com\\\/es\\\/author\\\/redaccion-box-repsol\\\/\"}]}<\/script>\n<!-- \/ Yoast SEO plugin. -->","yoast_head_json":{"title":"GP Solidario de Barcelona 2024: fechas y c\u00f3mo verlo gratis en TV - Box Repsol","canonical":"https:\/\/www.boxrepsol.com\/es\/motogp\/horarios-y-donde-ver-el-gp-solidario-barcelona\/","og_locale":"es_ES","og_type":"article","og_title":"GP Solidario de Barcelona 2024: fechas y c\u00f3mo verlo gratis en TV - Box Repsol","og_description":"El Circuit de Barcelona-Catalunya acoger\u00e1 finalmente el \u00faltimo GP de la temporada. Tras la delicada situaci\u00f3n que vive la Comunitat Valenciana por las inundaciones, la \u00faltima cita del calendario de MotoGP no tendr\u00e1 lugar en el Ricardo Tormo. Ser\u00e1 Montmel\u00f3, por tanto, la que acoja el que ya se ha bautizado como el \u2018GP Solidario\u2019, para poner el broche final al mundial de motociclismo de 2024.","og_url":"https:\/\/www.boxrepsol.com\/es\/motogp\/horarios-y-donde-ver-el-gp-solidario-barcelona\/","og_site_name":"Box Repsol","article_publisher":"https:\/\/www.facebook.com\/BoxRepsol","article_author":"https:\/\/www.facebook.com\/BoxRepsol\/","article_published_time":"2024-11-11T10:53:44+00:00","article_modified_time":"2024-11-11T11:20:02+00:00","og_image":[{"width":1200,"height":650,"url":"https:\/\/bxrepsol.s3.eu-west-1.amazonaws.com\/static\/2024\/11\/11085310\/307145302_RB_8948.jpg","type":"image\/jpeg"}],"author":"Redacci\u00f3n Box Repsol","twitter_card":"summary_large_image","twitter_creator":"@https:\/\/twitter.com\/box_repsol","twitter_site":"@box_repsol","twitter_misc":{"Written by":"Redacci\u00f3n Box Repsol","Est. reading time":"6 minutos"},"schema":{"@context":"https:\/\/schema.org","@graph":[{"@type":"Article","@id":"https:\/\/www.boxrepsol.com\/es\/motogp\/horarios-y-donde-ver-el-gp-solidario-barcelona\/#article","isPartOf":{"@id":"https:\/\/www.boxrepsol.com\/es\/motogp\/horarios-y-donde-ver-el-gp-solidario-barcelona\/"},"author":{"name":"Redacci\u00f3n Box Repsol","@id":"https:\/\/www.boxrepsol.com\/es\/#\/schema\/person\/c5c2138f2cca251b0ad92b7086bb60b7"},"headline":"GP Solidario MotoGP 2024: horarios, fechas y c\u00f3mo verlo gratis en directo","datePublished":"2024-11-11T10:53:44+00:00","dateModified":"2024-11-11T11:20:02+00:00","mainEntityOfPage":{"@id":"https:\/\/www.boxrepsol.com\/es\/motogp\/horarios-y-donde-ver-el-gp-solidario-barcelona\/"},"wordCount":1218,"commentCount":0,"publisher":{"@id":"https:\/\/www.boxrepsol.com\/es\/#organization"},"image":{"@id":"https:\/\/www.boxrepsol.com\/es\/motogp\/horarios-y-donde-ver-el-gp-solidario-barcelona\/#primaryimage"},"thumbnailUrl":"https:\/\/bxrepsol.s3.eu-west-1.amazonaws.com\/static\/2024\/11\/11085310\/307145302_RB_8948.jpg","articleSection":["MotoGP"],"inLanguage":"es","potentialAction":[{"@type":"CommentAction","name":"Comment","target":["https:\/\/www.boxrepsol.com\/es\/motogp\/horarios-y-donde-ver-el-gp-solidario-barcelona\/#respond"]}]},{"@type":"WebPage","@id":"https:\/\/www.boxrepsol.com\/es\/motogp\/horarios-y-donde-ver-el-gp-solidario-barcelona\/","url":"https:\/\/www.boxrepsol.com\/es\/motogp\/horarios-y-donde-ver-el-gp-solidario-barcelona\/","name":"GP Solidario de Barcelona 2024: fechas y c\u00f3mo verlo gratis en TV - Box Repsol","isPartOf":{"@id":"https:\/\/www.boxrepsol.com\/es\/#website"},"primaryImageOfPage":{"@id":"https:\/\/www.boxrepsol.com\/es\/motogp\/horarios-y-donde-ver-el-gp-solidario-barcelona\/#primaryimage"},"image":{"@id":"https:\/\/www.boxrepsol.com\/es\/motogp\/horarios-y-donde-ver-el-gp-solidario-barcelona\/#primaryimage"},"thumbnailUrl":"https:\/\/bxrepsol.s3.eu-west-1.amazonaws.com\/static\/2024\/11\/11085310\/307145302_RB_8948.jpg","datePublished":"2024-11-11T10:53:44+00:00","dateModified":"2024-11-11T11:20:02+00:00","breadcrumb":{"@id":"https:\/\/www.boxrepsol.com\/es\/motogp\/horarios-y-donde-ver-el-gp-solidario-barcelona\/#breadcrumb"},"inLanguage":"es","potentialAction":[{"@type":"ReadAction","target":["https:\/\/www.boxrepsol.com\/es\/motogp\/horarios-y-donde-ver-el-gp-solidario-barcelona\/"]}]},{"@type":"ImageObject","inLanguage":"es","@id":"https:\/\/www.boxrepsol.com\/es\/motogp\/horarios-y-donde-ver-el-gp-solidario-barcelona\/#primaryimage","url":"https:\/\/bxrepsol.s3.eu-west-1.amazonaws.com\/static\/2024\/11\/11085310\/307145302_RB_8948.jpg","contentUrl":"https:\/\/bxrepsol.s3.eu-west-1.amazonaws.com\/static\/2024\/11\/11085310\/307145302_RB_8948.jpg","width":1200,"height":650,"caption":"#RacingForValencia"},{"@type":"BreadcrumbList","@id":"https:\/\/www.boxrepsol.com\/es\/motogp\/horarios-y-donde-ver-el-gp-solidario-barcelona\/#breadcrumb","itemListElement":[{"@type":"ListItem","position":1,"name":"Home","item":"https:\/\/www.boxrepsol.com\/es\/"},{"@type":"ListItem","position":2,"name":"GP Solidario MotoGP 2024: horarios, fechas y c\u00f3mo verlo gratis en directo"}]},{"@type":"WebSite","@id":"https:\/\/www.boxrepsol.com\/es\/#website","url":"https:\/\/www.boxrepsol.com\/es\/","name":"Box Repsol","description":"Box Repsol Site","publisher":{"@id":"https:\/\/www.boxrepsol.com\/es\/#organization"},"potentialAction":[{"@type":"SearchAction","target":{"@type":"EntryPoint","urlTemplate":"https:\/\/www.boxrepsol.com\/es\/?s={search_term_string}"},"query-input":{"@type":"PropertyValueSpecification","valueRequired":true,"valueName":"search_term_string"}}],"inLanguage":"es"},{"@type":"Organization","@id":"https:\/\/www.boxrepsol.com\/es\/#organization","name":"Box Repsol","url":"https:\/\/www.boxrepsol.com\/es\/","logo":{"@type":"ImageObject","inLanguage":"es","@id":"https:\/\/www.boxrepsol.com\/es\/#\/schema\/logo\/image\/","url":"https:\/\/bxrepsol.s3.eu-west-1.amazonaws.com\/static\/2025\/07\/30083337\/favicon-96x96-1.png","contentUrl":"https:\/\/bxrepsol.s3.eu-west-1.amazonaws.com\/static\/2025\/07\/30083337\/favicon-96x96-1.png","width":96,"height":96,"caption":"Box Repsol"},"image":{"@id":"https:\/\/www.boxrepsol.com\/es\/#\/schema\/logo\/image\/"},"sameAs":["https:\/\/www.facebook.com\/BoxRepsol","https:\/\/x.com\/box_repsol","http:\/\/instagram.com\/box_repsol","https:\/\/www.youtube.com\/user\/RepsolCompeticion","https:\/\/www.flickr.com\/photos\/box_repsol\/"]},{"@type":"Person","@id":"https:\/\/www.boxrepsol.com\/es\/#\/schema\/person\/c5c2138f2cca251b0ad92b7086bb60b7","name":"Redacci\u00f3n Box Repsol","image":{"@type":"ImageObject","inLanguage":"es","@id":"https:\/\/secure.gravatar.com\/avatar\/adf7b77e38b4419baf32c7e9c21dde01f4e40df611f0978e3006fc4ba0aaab7e?s=96&d=mm&r=g","url":"https:\/\/secure.gravatar.com\/avatar\/adf7b77e38b4419baf32c7e9c21dde01f4e40df611f0978e3006fc4ba0aaab7e?s=96&d=mm&r=g","contentUrl":"https:\/\/secure.gravatar.com\/avatar\/adf7b77e38b4419baf32c7e9c21dde01f4e40df611f0978e3006fc4ba0aaab7e?s=96&d=mm&r=g","caption":"Redacci\u00f3n Box Repsol"},"description":"Box Repsol lo forma un equipo de periodistas, community managers, dise\u00f1adores y fot\u00f3grafos con m\u00e1s de 20 a\u00f1os de experiencia en el mundo del motorsport. Hemos vivido el primer mundial de un espa\u00f1ol en la categor\u00eda reina de motociclismo con \u00c1lex Crivill\u00e9, estuvimos en las victorias de Pedrosa y los t\u00edtulos de M\u00e1rquez, acompa\u00f1amos en \u00c1frica a Nani Roma y Marc Coma en sus conquistas del Dakar y hemos vibrado con los t\u00edtulos de Toni Bou en Trial. Adem\u00e1s, en nuestro equipo contamos con expertos en el mundo de las dos y cuatro ruedas tanto de la calle y las carreteras, como de los circuitos. Periodistas que han trabajado en revistas y publicaciones para hacerte llegar desde rutas y consejos de mantenimiento, a curiosidades y trucos de pilotaje.","sameAs":["https:\/\/www.facebook.com\/BoxRepsol\/","https:\/\/www.instagram.com\/box_repsol\/","https:\/\/x.com\/https:\/\/twitter.com\/box_repsol","https:\/\/www.youtube.com\/@Boxrepsol"],"url":"https:\/\/www.boxrepsol.com\/es\/author\/redaccion-box-repsol\/"}]}},"_links":{"self":[{"href":"https:\/\/www.boxrepsol.com\/es\/wp-json\/wp\/v2\/posts\/122100","targetHints":{"allow":["GET"]}}],"collection":[{"href":"https:\/\/www.boxrepsol.com\/es\/wp-json\/wp\/v2\/posts"}],"about":[{"href":"https:\/\/www.boxrepsol.com\/es\/wp-json\/wp\/v2\/types\/post"}],"author":[{"embeddable":true,"href":"https:\/\/www.boxrepsol.com\/es\/wp-json\/wp\/v2\/users\/43146"}],"replies":[{"embeddable":true,"href":"https:\/\/www.boxrepsol.com\/es\/wp-json\/wp\/v2\/comments?post=122100"}],"version-history":[{"count":6,"href":"https:\/\/www.boxrepsol.com\/es\/wp-json\/wp\/v2\/posts\/122100\/revisions"}],"predecessor-version":[{"id":122111,"href":"https:\/\/www.boxrepsol.com\/es\/wp-json\/wp\/v2\/posts\/122100\/revisions\/122111"}],"wp:featuredmedia":[{"embeddable":true,"href":"https:\/\/www.boxrepsol.com\/es\/wp-json\/wp\/v2\/media\/122105"}],"wp:attachment":[{"href":"https:\/\/www.boxrepsol.com\/es\/wp-json\/wp\/v2\/media?parent=122100"}],"wp:term":[{"taxonomy":"category","embeddable":true,"href":"https:\/\/www.boxrepsol.com\/es\/wp-json\/wp\/v2\/categories?post=122100"},{"taxonomy":"post_tag","embeddable":true,"href":"https:\/\/www.boxrepsol.com\/es\/wp-json\/wp\/v2\/tags?post=122100"}],"curies":[{"name":"wp","href":"https:\/\/api.w.org\/{rel}","templated":true}]}}