{"id":121637,"date":"2024-10-26T15:37:48","date_gmt":"2024-10-26T17:37:48","guid":{"rendered":"https:\/\/www.boxrepsol.com\/?p=121637"},"modified":"2024-10-27T09:39:00","modified_gmt":"2024-10-27T11:39:00","slug":"resultados-y-resumen-del-x-trial-de-tallinn-2024","status":"publish","type":"post","link":"https:\/\/www.boxrepsol.com\/es\/trial\/resultados-y-resumen-del-x-trial-de-tallinn-2024\/","title":{"rendered":"Resultados y resumen del X-Trial de Tallinn 2024"},"content":{"rendered":"<figure class=\"wp-block-post-featured-image\"><img loading=\"lazy\" decoding=\"async\" width=\"1200\" height=\"650\" src=\"https:\/\/bxrepsol.s3.eu-west-1.amazonaws.com\/static\/2024\/10\/26153704\/xxxxx.jpg\" class=\"attachment-post-thumbnail size-post-thumbnail wp-post-image\" alt=\"Resultados y resumen del X-Trial de Tallinn 2024\" style=\"object-fit:cover;\" srcset=\"https:\/\/bxrepsol.s3.eu-west-1.amazonaws.com\/static\/2024\/10\/26153704\/xxxxx.jpg 1200w, https:\/\/bxrepsol.s3.eu-west-1.amazonaws.com\/static\/2024\/10\/26153704\/xxxxx-300x163.jpg 300w, https:\/\/bxrepsol.s3.eu-west-1.amazonaws.com\/static\/2024\/10\/26153704\/xxxxx-1024x555.jpg 1024w, https:\/\/bxrepsol.s3.eu-west-1.amazonaws.com\/static\/2024\/10\/26153704\/xxxxx-768x416.jpg 768w\" sizes=\"auto, (max-width: 1200px) 100vw, 1200px\" \/><\/figure>\n\n\n<p>La pen\u00faltima cita de la temporada de trial <em>indoor<\/em> ha tenido lugar en<strong> Tallinn, Estonia<\/strong>. Tras la proclamaci\u00f3n de<strong> Toni Bou<\/strong> como <a href=\"https:\/\/www.boxrepsol.com\/es\/trial\/toni-bou-logra-su-36o-titulo-de-campeon-del-mundo\/\">campe\u00f3n del mundo<\/a> en la cita anterior, <a href=\"https:\/\/www.boxrepsol.com\/es\/trial\/resumen-y-resultados-del-x-trial-de-andorra-2024\/\">disputada en Andorra<\/a>, el catal\u00e1n ha sorprendido a todos qued\u00e1ndose fuera de la final <strong>tras m\u00e1s de seis a\u00f1os siendo un fijo <\/strong>del Top 3. Por su parte, <strong>Gabriel Marcelli<\/strong>, ha conseguido una meritoria <strong>segunda plaza<\/strong> tras pelear con <strong>Jaime Busto<\/strong> por la victoria hasta la \u00faltima zona de la final.<\/p>\n\n\n\n<p>Tras un inicio muy igualado, <strong>la prueba se ha ajustado a\u00fan m\u00e1s<\/strong> en la segunda vuelta, lo que ha hecho que el pase a la final se decidiera pr\u00e1cticamente sobre la bocina.<strong> La regularidad de Gabri<\/strong>, que se ha metido en la pugna del<strong> Top 3 <\/strong>sin problema, se ha visto contrastada <strong>por un error inesperado de Toni<\/strong>, que ha sumado un cinco en una zona donde todos sus rivales han pasado limpios y que le ha hecho quedarse definitivamente fuera de la final. <\/p>\n\n\n\n<p>En definitiva, <strong>Tallinn se estrena<\/strong> en el panorama internacional ofreciendo un buen espect\u00e1culo bajo techo pero sin tener a los dos pilotos del <strong>Repsol Honda <\/strong>en el podio. Eso s\u00ed, ambos tendr\u00e1n una \u00faltima prueba de fuego este 2024 para tratar de sumar un nuevo doblete.<\/p>\n\n\n\n<p><\/p>\n\n\n\n<p><\/p>\n\n\n\n<div id=\"ez-toc-container\" class=\"ez-toc-v2_0_82_2 counter-hierarchy ez-toc-counter ez-toc-grey ez-toc-container-direction\">\n<div class=\"ez-toc-title-container\">\n<p class=\"ez-toc-title\" style=\"cursor:inherit\">\u00cdndice<\/p>\n<span class=\"ez-toc-title-toggle\"><a href=\"#\" class=\"ez-toc-pull-right ez-toc-btn ez-toc-btn-xs ez-toc-btn-default ez-toc-toggle\" aria-label=\"Toggle Table of Content\"><span class=\"ez-toc-js-icon-con\"><span class=\"\"><span class=\"eztoc-hide\" style=\"display:none;\">Toggle<\/span><span class=\"ez-toc-icon-toggle-span\"><svg style=\"fill: #999;color:#999\" xmlns=\"http:\/\/www.w3.org\/2000\/svg\" class=\"list-377408\" width=\"20px\" height=\"20px\" viewBox=\"0 0 24 24\" fill=\"none\"><path d=\"M6 6H4v2h2V6zm14 0H8v2h12V6zM4 11h2v2H4v-2zm16 0H8v2h12v-2zM4 16h2v2H4v-2zm16 0H8v2h12v-2z\" fill=\"currentColor\"><\/path><\/svg><svg style=\"fill: #999;color:#999\" class=\"arrow-unsorted-368013\" xmlns=\"http:\/\/www.w3.org\/2000\/svg\" width=\"10px\" height=\"10px\" viewBox=\"0 0 24 24\" version=\"1.2\" baseProfile=\"tiny\"><path d=\"M18.2 9.3l-6.2-6.3-6.2 6.3c-.2.2-.3.4-.3.7s.1.5.3.7c.2.2.4.3.7.3h11c.3 0 .5-.1.7-.3.2-.2.3-.5.3-.7s-.1-.5-.3-.7zM5.8 14.7l6.2 6.3 6.2-6.3c.2-.2.3-.5.3-.7s-.1-.5-.3-.7c-.2-.2-.4-.3-.7-.3h-11c-.3 0-.5.1-.7.3-.2.2-.3.5-.3.7s.1.5.3.7z\"\/><\/svg><\/span><\/span><\/span><\/a><\/span><\/div>\n<nav><ul class='ez-toc-list ez-toc-list-level-1 ' ><li class='ez-toc-page-1 ez-toc-heading-level-2'><a class=\"ez-toc-link ez-toc-heading-1\" href=\"https:\/\/www.boxrepsol.com\/es\/trial\/resultados-y-resumen-del-x-trial-de-tallinn-2024\/#El_Repsol_Honda_suma_un_nuevo_podio\" >El Repsol Honda suma un nuevo podio<\/a><\/li><li class='ez-toc-page-1 ez-toc-heading-level-2'><a class=\"ez-toc-link ez-toc-heading-2\" href=\"https:\/\/www.boxrepsol.com\/es\/trial\/resultados-y-resumen-del-x-trial-de-tallinn-2024\/#Clasificacion_X-Trial_Tallinn\" >Clasificaci\u00f3n X-Trial Tallinn<\/a><\/li><li class='ez-toc-page-1 ez-toc-heading-level-2'><a class=\"ez-toc-link ez-toc-heading-3\" href=\"https:\/\/www.boxrepsol.com\/es\/trial\/resultados-y-resumen-del-x-trial-de-tallinn-2024\/#Clasificacion_General_X-Trial\" >Clasificaci\u00f3n General X-Trial<\/a><\/li><li class='ez-toc-page-1 ez-toc-heading-level-2'><a class=\"ez-toc-link ez-toc-heading-4\" href=\"https:\/\/www.boxrepsol.com\/es\/trial\/resultados-y-resumen-del-x-trial-de-tallinn-2024\/#Declaraciones\" >Declaraciones<\/a><ul class='ez-toc-list-level-3' ><li class='ez-toc-heading-level-3'><a class=\"ez-toc-link ez-toc-heading-5\" href=\"https:\/\/www.boxrepsol.com\/es\/trial\/resultados-y-resumen-del-x-trial-de-tallinn-2024\/#Toni_Bou\" >Toni Bou<\/a><\/li><li class='ez-toc-page-1 ez-toc-heading-level-3'><a class=\"ez-toc-link ez-toc-heading-6\" href=\"https:\/\/www.boxrepsol.com\/es\/trial\/resultados-y-resumen-del-x-trial-de-tallinn-2024\/#Gabriel_Marcelli\" >Gabriel Marcelli<\/a><\/li><\/ul><\/li><\/ul><\/nav><\/div>\n<h2 class=\"wp-block-heading\"><span class=\"ez-toc-section\" id=\"El_Repsol_Honda_suma_un_nuevo_podio\"><\/span><strong>El Repsol Honda suma un nuevo podio<\/strong><span class=\"ez-toc-section-end\"><\/span><\/h2>\n\n\n\n<p>Tras la segunda posici\u00f3n de <strong>Gabri Marcelli<\/strong> en Tallinn, el Repsol Honda sigue sumando podios en la disciplina bajo techo. No hubo doblete esta vez en las posiciones de privilegio, pero al menos el gallego estuvo muy cerca de robarle el triunfo a<strong> Jaime Busto<\/strong>, que eso s\u00ed, coge algo de ventaja en la pugna por el subcampeonato antes de encarar la \u00faltima cita de la temporada. Esta tendr\u00e1 lugar en <strong>Pamplona <\/strong>el pr\u00f3ximo <strong>16 de noviembre<\/strong>.<\/p>\n\n\n\n<p>En la primera vuelta, la prueba se ha mantenido muy igualada en cabeza: tanto Toni como Gabri, e incluso Jaime, han sumado <strong>un total de 5 puntos<\/strong> de penalizaci\u00f3n. De hecho, el cuarto clasificado en ese momento, <strong>Benoit Bincaz<\/strong>, sumaba tan solo <strong>seis<\/strong>, por lo que se preve\u00eda una segunda vuelta muy emocionante e igualada con cuatro pilotos <strong>en apenas un punto de diferencia<\/strong>. <\/p>\n\n\n\n<p>Ya en la segunda pasada, la igualdad ha crecido a\u00fan m\u00e1s, con hasta cuatro pilotos pasando limpias las cinco zonas y con Bincaz sumando una \u00fanica unidad de penalizaci\u00f3n. Bajo sorpresa, ninguno de ellos ha sido <strong>Toni Bou<\/strong>, que ha cometido un error en la zona 3 que lo ha dejado cuarto en el c\u00f3mputo global y, por tanto, fuera de la final a tres.<\/p>\n\n\n\n<p>Con <strong>Busto<\/strong> y <strong>Bincaz<\/strong> como rivales en la tercera y definitiva fase, <strong>Marcelli<\/strong> ha peleado de t\u00fa a t\u00fa con el piloto de GasGas por el triunfo en un bonito duelo que se ha decidido en las \u00faltimas zonas en favor del piloto vasco. <\/p>\n\n\n\n<p><\/p>\n\n\n\n<h2 class=\"wp-block-heading\"><span class=\"ez-toc-section\" id=\"Clasificacion_X-Trial_Tallinn\"><\/span><strong>Clasificaci\u00f3n X-Trial Tallinn<\/strong><span class=\"ez-toc-section-end\"><\/span><\/h2>\n\n\n\n<figure class=\"wp-block-table is-style-stripes\"><table><tbody><tr><td><strong>PILOTO<\/strong><\/td><td><strong>EQUIPO<\/strong><\/td><td><strong>PUNTOS<\/strong><\/td><\/tr><tr><td>1. Jaime Busto<\/td><td>GASGAS<\/td><td>21<\/td><\/tr><tr><td><strong>2. Gabri Marcelli<\/strong><\/td><td><strong>REPSOL HONDA<\/strong><\/td><td><strong>15<\/strong><\/td><\/tr><tr><td>3. Benoit Bincaz<\/td><td>SHERCO<\/td><td>12<\/td><\/tr><tr><td><strong>4. Toni Bou<\/strong><\/td><td><strong>REPSOL HONDA<\/strong><\/td><td><strong>9<\/strong><\/td><\/tr><tr><td>5. Adam Raga<\/td><td>SHERCO<\/td><td>6<\/td><\/tr><tr><td>6. Miquel Gelabert<\/td><td>VERTIGO<\/td><td>4<\/td><\/tr><tr><td>7. Hugo Dufrese<\/td><td>GASGAS<\/td><td>2<\/td><\/tr><tr><td>8. Jack Peace<\/td><td>SHERCO<\/td><td>1<\/td><\/tr><\/tbody><\/table><\/figure>\n\n\n\n<p><\/p>\n\n\n\n<h2 class=\"wp-block-heading\"><span class=\"ez-toc-section\" id=\"Clasificacion_General_X-Trial\"><\/span><strong>Clasificaci\u00f3n General X-Trial<\/strong><span class=\"ez-toc-section-end\"><\/span><\/h2>\n\n\n\n<figure class=\"wp-block-table is-style-stripes\"><table><tbody><tr><td><strong>PILOTO<\/strong><\/td><td><strong>EQUIPO<\/strong><\/td><td><strong>PUNTOS<\/strong><\/td><\/tr><tr><td><strong>1. Toni Bou<\/strong><\/td><td><strong>REPSOL HONDA<\/strong><\/td><td><strong>116<\/strong><\/td><\/tr><tr><td>2. Jaime Busto<\/td><td>GASGAS<\/td><td>89<\/td><\/tr><tr><td><strong>3. Gabri Marcelli<\/strong><\/td><td><strong>REPSOL HONDA<\/strong><\/td><td><strong>83<\/strong><\/td><\/tr><tr><td>4. Toby Martyn<\/td><td>MONTESA<\/td><td>40<\/td><\/tr><tr><td>5. Beno\u00eet Bincaz<\/td><td>SHERCO<\/td><td>36<\/td><\/tr><tr><td>6. Adam Raga<\/td><td>SHERCO<\/td><td>29<\/td><\/tr><tr><td>7. Matteo Grattarola<\/td><td>BETA <\/td><td>15<\/td><\/tr><tr><td>8. Miquel Gelabert<\/td><td>VERTIGO<\/td><td>4<\/td><\/tr><tr><td>9. Ga\u00ebl Chatagno<\/td><td>EMOTION<\/td><td>4<\/td><\/tr><tr><td>10. Hugo Dufrese<\/td><td>GASGAS<\/td><td>3<\/td><\/tr><tr><td>11. Sondre Haga<\/td><td>GASGAS<\/td><td>2<\/td><\/tr><tr><td>12. Aniol Gelabert<\/td><td>TRRS<\/td><td>2<\/td><\/tr><tr><td>13. Jack Peace<\/td><td>SHERCO<\/td><td>1<\/td><\/tr><tr><td>14. No\u00e9 Pretalli<\/td><td>GASGAS<\/td><td>1<\/td><\/tr><tr><td>15. T\u00e9o Colairo<\/td><td>BETA<\/td><td>1<\/td><\/tr><\/tbody><\/table><\/figure>\n\n\n\n<h2 class=\"wp-block-heading\"><span class=\"ez-toc-section\" id=\"Declaraciones\"><\/span><strong>Declaraciones<\/strong><span class=\"ez-toc-section-end\"><\/span><\/h2>\n\n\n\n<h3 class=\"wp-block-heading\"><span class=\"ez-toc-section\" id=\"Toni_Bou\"><\/span><strong>Toni Bou<\/strong><span class=\"ez-toc-section-end\"><\/span><\/h3>\n\n\n\n<p>\u00abNos hemos quedado fuera de la final por un peque\u00f1o error en la zona tres de la vuelta dos. Con los triales m\u00e1s sencillos cualquier peque\u00f1o detalle te deja fuera y son cosas que pueden pasar. Hemos intentado salvarlo, pero no ha podido ser. Nos quedamos con que, por suerte, conseguimos el mundial en la anterior carrera en Andorra y no nos jug\u00e1bamos nada aqu\u00ed. Afrontamos la \u00faltima cita en Pamplona con muchas ganas e intentaremos mejorar y no cometer estos errores para poder volver a lo m\u00e1s alto\u00bb.<\/p>\n\n\n\n<h3 class=\"wp-block-heading\"><span class=\"ez-toc-section\" id=\"Gabriel_Marcelli\"><\/span><strong>Gabriel Marcelli <\/strong><span class=\"ez-toc-section-end\"><\/span><\/h3>\n\n\n\n<p>\u00abLa verdad es que me he notado bien sobre la moto durante toda la jornada, pero quiz\u00e1s no he terminado de estar tan fino como en Andorra. Hemos estado luchando por la victoria hasta el final y se nos ha escapado por un solo punto. La parte positiva es que cada carrera estoy m\u00e1s cerca de conseguir el triunfo, as\u00ed que continuamos luchando en la misma l\u00ednea. Estamos a seis puntos de Jaime en la general, por lo que ser\u00e1 importante dar nuestro 100% en Pamplona para tener opciones de conseguir el subcampeonato\u00bb.<\/p>\n","protected":false},"excerpt":{"rendered":"<p>La pen\u00faltima cita de la temporada de trial indoor ha tenido lugar en Tallinn, Estonia. Tras la proclamaci\u00f3n de Toni Bou como campe\u00f3n del mundo en la cita anterior, disputada en Andorra, el catal\u00e1n ha sorprendido a todos qued\u00e1ndose fuera de la final tras m\u00e1s de seis a\u00f1os siendo un fijo del Top 3. Por [&hellip;]<\/p>\n","protected":false},"author":43146,"featured_media":121647,"comment_status":"open","ping_status":"closed","sticky":false,"template":"","format":"standard","meta":{"footnotes":""},"categories":[23],"tags":[306,347,21,435],"class_list":["post-121637","post","type-post","status-publish","format-standard","hentry","category-trial","tag-gabriel-marcelli","tag-repsol-honda","tag-toni-bou","tag-x-trial-2024"],"yoast_head":"<!-- This site is optimized with the Yoast SEO plugin v27.3 - https:\/\/yoast.com\/product\/yoast-seo-wordpress\/ -->\n<title>Resultados y resumen del X-Trial de Tallinn 2024 - Box Repsol<\/title>\n<meta name=\"description\" content=\"Consulta aqu\u00ed los resultados y el resumen de la carrera del X-Trial de Tallinn 2024, donde Gabri Marcelli ha sumado una nueva plata y Toni Bou ha sido cuarto\" \/>\n<link rel=\"canonical\" href=\"https:\/\/www.boxrepsol.com\/es\/trial\/resultados-y-resumen-del-x-trial-de-tallinn-2024\/\" \/>\n<meta property=\"og:locale\" content=\"es_ES\" \/>\n<meta property=\"og:type\" content=\"article\" \/>\n<meta property=\"og:title\" content=\"Resultados y resumen del X-Trial de Tallinn 2024 - Box Repsol\" \/>\n<meta property=\"og:description\" content=\"Consulta aqu\u00ed los resultados y el resumen de la carrera del X-Trial de Tallinn 2024, donde Gabri Marcelli ha sumado una nueva plata y Toni Bou ha sido cuarto\" \/>\n<meta property=\"og:url\" content=\"https:\/\/www.boxrepsol.com\/es\/trial\/resultados-y-resumen-del-x-trial-de-tallinn-2024\/\" \/>\n<meta property=\"og:site_name\" content=\"Box Repsol\" \/>\n<meta property=\"article:publisher\" content=\"https:\/\/www.facebook.com\/BoxRepsol\" \/>\n<meta property=\"article:author\" content=\"https:\/\/www.facebook.com\/BoxRepsol\/\" \/>\n<meta property=\"article:published_time\" content=\"2024-10-26T17:37:48+00:00\" \/>\n<meta property=\"article:modified_time\" content=\"2024-10-27T11:39:00+00:00\" \/>\n<meta property=\"og:image\" content=\"https:\/\/bxrepsol.s3.eu-west-1.amazonaws.com\/static\/2024\/10\/26153704\/xxxxx.jpg\" \/>\n\t<meta property=\"og:image:width\" content=\"1200\" \/>\n\t<meta property=\"og:image:height\" content=\"650\" \/>\n\t<meta property=\"og:image:type\" content=\"image\/jpeg\" \/>\n<meta name=\"author\" content=\"Redacci\u00f3n Box Repsol\" \/>\n<meta name=\"twitter:card\" content=\"summary_large_image\" \/>\n<meta name=\"twitter:creator\" content=\"@https:\/\/twitter.com\/box_repsol\" \/>\n<meta name=\"twitter:site\" content=\"@box_repsol\" \/>\n<meta name=\"twitter:label1\" content=\"Written by\" \/>\n\t<meta name=\"twitter:data1\" content=\"Redacci\u00f3n Box Repsol\" \/>\n\t<meta name=\"twitter:label2\" content=\"Est. reading time\" \/>\n\t<meta name=\"twitter:data2\" content=\"4 minutos\" \/>\n<script type=\"application\/ld+json\" class=\"yoast-schema-graph\">{\"@context\":\"https:\\\/\\\/schema.org\",\"@graph\":[{\"@type\":\"Article\",\"@id\":\"https:\\\/\\\/www.boxrepsol.com\\\/es\\\/trial\\\/resultados-y-resumen-del-x-trial-de-tallinn-2024\\\/#article\",\"isPartOf\":{\"@id\":\"https:\\\/\\\/www.boxrepsol.com\\\/es\\\/trial\\\/resultados-y-resumen-del-x-trial-de-tallinn-2024\\\/\"},\"author\":{\"name\":\"Redacci\u00f3n Box Repsol\",\"@id\":\"https:\\\/\\\/www.boxrepsol.com\\\/es\\\/#\\\/schema\\\/person\\\/c5c2138f2cca251b0ad92b7086bb60b7\"},\"headline\":\"Resultados y resumen del X-Trial de Tallinn 2024\",\"datePublished\":\"2024-10-26T17:37:48+00:00\",\"dateModified\":\"2024-10-27T11:39:00+00:00\",\"mainEntityOfPage\":{\"@id\":\"https:\\\/\\\/www.boxrepsol.com\\\/es\\\/trial\\\/resultados-y-resumen-del-x-trial-de-tallinn-2024\\\/\"},\"wordCount\":772,\"commentCount\":0,\"publisher\":{\"@id\":\"https:\\\/\\\/www.boxrepsol.com\\\/es\\\/#organization\"},\"image\":{\"@id\":\"https:\\\/\\\/www.boxrepsol.com\\\/es\\\/trial\\\/resultados-y-resumen-del-x-trial-de-tallinn-2024\\\/#primaryimage\"},\"thumbnailUrl\":\"https:\\\/\\\/bxrepsol.s3.eu-west-1.amazonaws.com\\\/static\\\/2024\\\/10\\\/26153704\\\/xxxxx.jpg\",\"keywords\":[\"Gabriel Marcelli\",\"Repsol Honda\",\"Toni Bou\",\"X-Trial 2024\"],\"articleSection\":[\"Trial\"],\"inLanguage\":\"es\",\"potentialAction\":[{\"@type\":\"CommentAction\",\"name\":\"Comment\",\"target\":[\"https:\\\/\\\/www.boxrepsol.com\\\/es\\\/trial\\\/resultados-y-resumen-del-x-trial-de-tallinn-2024\\\/#respond\"]}]},{\"@type\":\"WebPage\",\"@id\":\"https:\\\/\\\/www.boxrepsol.com\\\/es\\\/trial\\\/resultados-y-resumen-del-x-trial-de-tallinn-2024\\\/\",\"url\":\"https:\\\/\\\/www.boxrepsol.com\\\/es\\\/trial\\\/resultados-y-resumen-del-x-trial-de-tallinn-2024\\\/\",\"name\":\"Resultados y resumen del X-Trial de Tallinn 2024 - Box Repsol\",\"isPartOf\":{\"@id\":\"https:\\\/\\\/www.boxrepsol.com\\\/es\\\/#website\"},\"primaryImageOfPage\":{\"@id\":\"https:\\\/\\\/www.boxrepsol.com\\\/es\\\/trial\\\/resultados-y-resumen-del-x-trial-de-tallinn-2024\\\/#primaryimage\"},\"image\":{\"@id\":\"https:\\\/\\\/www.boxrepsol.com\\\/es\\\/trial\\\/resultados-y-resumen-del-x-trial-de-tallinn-2024\\\/#primaryimage\"},\"thumbnailUrl\":\"https:\\\/\\\/bxrepsol.s3.eu-west-1.amazonaws.com\\\/static\\\/2024\\\/10\\\/26153704\\\/xxxxx.jpg\",\"datePublished\":\"2024-10-26T17:37:48+00:00\",\"dateModified\":\"2024-10-27T11:39:00+00:00\",\"description\":\"Consulta aqu\u00ed los resultados y el resumen de la carrera del X-Trial de Tallinn 2024, donde Gabri Marcelli ha sumado una nueva plata y Toni Bou ha sido cuarto\",\"breadcrumb\":{\"@id\":\"https:\\\/\\\/www.boxrepsol.com\\\/es\\\/trial\\\/resultados-y-resumen-del-x-trial-de-tallinn-2024\\\/#breadcrumb\"},\"inLanguage\":\"es\",\"potentialAction\":[{\"@type\":\"ReadAction\",\"target\":[\"https:\\\/\\\/www.boxrepsol.com\\\/es\\\/trial\\\/resultados-y-resumen-del-x-trial-de-tallinn-2024\\\/\"]}]},{\"@type\":\"ImageObject\",\"inLanguage\":\"es\",\"@id\":\"https:\\\/\\\/www.boxrepsol.com\\\/es\\\/trial\\\/resultados-y-resumen-del-x-trial-de-tallinn-2024\\\/#primaryimage\",\"url\":\"https:\\\/\\\/bxrepsol.s3.eu-west-1.amazonaws.com\\\/static\\\/2024\\\/10\\\/26153704\\\/xxxxx.jpg\",\"contentUrl\":\"https:\\\/\\\/bxrepsol.s3.eu-west-1.amazonaws.com\\\/static\\\/2024\\\/10\\\/26153704\\\/xxxxx.jpg\",\"width\":1200,\"height\":650,\"caption\":\"Resultados y resumen del X-Trial de Tallinn 2024\"},{\"@type\":\"BreadcrumbList\",\"@id\":\"https:\\\/\\\/www.boxrepsol.com\\\/es\\\/trial\\\/resultados-y-resumen-del-x-trial-de-tallinn-2024\\\/#breadcrumb\",\"itemListElement\":[{\"@type\":\"ListItem\",\"position\":1,\"name\":\"Home\",\"item\":\"https:\\\/\\\/www.boxrepsol.com\\\/es\\\/\"},{\"@type\":\"ListItem\",\"position\":2,\"name\":\"Resultados y resumen del X-Trial de Tallinn 2024\"}]},{\"@type\":\"WebSite\",\"@id\":\"https:\\\/\\\/www.boxrepsol.com\\\/es\\\/#website\",\"url\":\"https:\\\/\\\/www.boxrepsol.com\\\/es\\\/\",\"name\":\"Box Repsol\",\"description\":\"Box Repsol Site\",\"publisher\":{\"@id\":\"https:\\\/\\\/www.boxrepsol.com\\\/es\\\/#organization\"},\"potentialAction\":[{\"@type\":\"SearchAction\",\"target\":{\"@type\":\"EntryPoint\",\"urlTemplate\":\"https:\\\/\\\/www.boxrepsol.com\\\/es\\\/?s={search_term_string}\"},\"query-input\":{\"@type\":\"PropertyValueSpecification\",\"valueRequired\":true,\"valueName\":\"search_term_string\"}}],\"inLanguage\":\"es\"},{\"@type\":\"Organization\",\"@id\":\"https:\\\/\\\/www.boxrepsol.com\\\/es\\\/#organization\",\"name\":\"Box Repsol\",\"url\":\"https:\\\/\\\/www.boxrepsol.com\\\/es\\\/\",\"logo\":{\"@type\":\"ImageObject\",\"inLanguage\":\"es\",\"@id\":\"https:\\\/\\\/www.boxrepsol.com\\\/es\\\/#\\\/schema\\\/logo\\\/image\\\/\",\"url\":\"https:\\\/\\\/bxrepsol.s3.eu-west-1.amazonaws.com\\\/static\\\/2025\\\/07\\\/30083337\\\/favicon-96x96-1.png\",\"contentUrl\":\"https:\\\/\\\/bxrepsol.s3.eu-west-1.amazonaws.com\\\/static\\\/2025\\\/07\\\/30083337\\\/favicon-96x96-1.png\",\"width\":96,\"height\":96,\"caption\":\"Box Repsol\"},\"image\":{\"@id\":\"https:\\\/\\\/www.boxrepsol.com\\\/es\\\/#\\\/schema\\\/logo\\\/image\\\/\"},\"sameAs\":[\"https:\\\/\\\/www.facebook.com\\\/BoxRepsol\",\"https:\\\/\\\/x.com\\\/box_repsol\",\"http:\\\/\\\/instagram.com\\\/box_repsol\",\"https:\\\/\\\/www.youtube.com\\\/user\\\/RepsolCompeticion\",\"https:\\\/\\\/www.flickr.com\\\/photos\\\/box_repsol\\\/\"]},{\"@type\":\"Person\",\"@id\":\"https:\\\/\\\/www.boxrepsol.com\\\/es\\\/#\\\/schema\\\/person\\\/c5c2138f2cca251b0ad92b7086bb60b7\",\"name\":\"Redacci\u00f3n Box Repsol\",\"image\":{\"@type\":\"ImageObject\",\"inLanguage\":\"es\",\"@id\":\"https:\\\/\\\/secure.gravatar.com\\\/avatar\\\/adf7b77e38b4419baf32c7e9c21dde01f4e40df611f0978e3006fc4ba0aaab7e?s=96&d=mm&r=g\",\"url\":\"https:\\\/\\\/secure.gravatar.com\\\/avatar\\\/adf7b77e38b4419baf32c7e9c21dde01f4e40df611f0978e3006fc4ba0aaab7e?s=96&d=mm&r=g\",\"contentUrl\":\"https:\\\/\\\/secure.gravatar.com\\\/avatar\\\/adf7b77e38b4419baf32c7e9c21dde01f4e40df611f0978e3006fc4ba0aaab7e?s=96&d=mm&r=g\",\"caption\":\"Redacci\u00f3n Box Repsol\"},\"description\":\"Box Repsol lo forma un equipo de periodistas, community managers, dise\u00f1adores y fot\u00f3grafos con m\u00e1s de 20 a\u00f1os de experiencia en el mundo del motorsport. Hemos vivido el primer mundial de un espa\u00f1ol en la categor\u00eda reina de motociclismo con \u00c1lex Crivill\u00e9, estuvimos en las victorias de Pedrosa y los t\u00edtulos de M\u00e1rquez, acompa\u00f1amos en \u00c1frica a Nani Roma y Marc Coma en sus conquistas del Dakar y hemos vibrado con los t\u00edtulos de Toni Bou en Trial. Adem\u00e1s, en nuestro equipo contamos con expertos en el mundo de las dos y cuatro ruedas tanto de la calle y las carreteras, como de los circuitos. Periodistas que han trabajado en revistas y publicaciones para hacerte llegar desde rutas y consejos de mantenimiento, a curiosidades y trucos de pilotaje.\",\"sameAs\":[\"https:\\\/\\\/www.facebook.com\\\/BoxRepsol\\\/\",\"https:\\\/\\\/www.instagram.com\\\/box_repsol\\\/\",\"https:\\\/\\\/x.com\\\/https:\\\/\\\/twitter.com\\\/box_repsol\",\"https:\\\/\\\/www.youtube.com\\\/@Boxrepsol\"],\"url\":\"https:\\\/\\\/www.boxrepsol.com\\\/es\\\/author\\\/redaccion-box-repsol\\\/\"}]}<\/script>\n<!-- \/ Yoast SEO plugin. -->","yoast_head_json":{"title":"Resultados y resumen del X-Trial de Tallinn 2024 - Box Repsol","description":"Consulta aqu\u00ed los resultados y el resumen de la carrera del X-Trial de Tallinn 2024, donde Gabri Marcelli ha sumado una nueva plata y Toni Bou ha sido cuarto","canonical":"https:\/\/www.boxrepsol.com\/es\/trial\/resultados-y-resumen-del-x-trial-de-tallinn-2024\/","og_locale":"es_ES","og_type":"article","og_title":"Resultados y resumen del X-Trial de Tallinn 2024 - Box Repsol","og_description":"Consulta aqu\u00ed los resultados y el resumen de la carrera del X-Trial de Tallinn 2024, donde Gabri Marcelli ha sumado una nueva plata y Toni Bou ha sido cuarto","og_url":"https:\/\/www.boxrepsol.com\/es\/trial\/resultados-y-resumen-del-x-trial-de-tallinn-2024\/","og_site_name":"Box Repsol","article_publisher":"https:\/\/www.facebook.com\/BoxRepsol","article_author":"https:\/\/www.facebook.com\/BoxRepsol\/","article_published_time":"2024-10-26T17:37:48+00:00","article_modified_time":"2024-10-27T11:39:00+00:00","og_image":[{"width":1200,"height":650,"url":"https:\/\/bxrepsol.s3.eu-west-1.amazonaws.com\/static\/2024\/10\/26153704\/xxxxx.jpg","type":"image\/jpeg"}],"author":"Redacci\u00f3n Box Repsol","twitter_card":"summary_large_image","twitter_creator":"@https:\/\/twitter.com\/box_repsol","twitter_site":"@box_repsol","twitter_misc":{"Written by":"Redacci\u00f3n Box Repsol","Est. reading time":"4 minutos"},"schema":{"@context":"https:\/\/schema.org","@graph":[{"@type":"Article","@id":"https:\/\/www.boxrepsol.com\/es\/trial\/resultados-y-resumen-del-x-trial-de-tallinn-2024\/#article","isPartOf":{"@id":"https:\/\/www.boxrepsol.com\/es\/trial\/resultados-y-resumen-del-x-trial-de-tallinn-2024\/"},"author":{"name":"Redacci\u00f3n Box Repsol","@id":"https:\/\/www.boxrepsol.com\/es\/#\/schema\/person\/c5c2138f2cca251b0ad92b7086bb60b7"},"headline":"Resultados y resumen del X-Trial de Tallinn 2024","datePublished":"2024-10-26T17:37:48+00:00","dateModified":"2024-10-27T11:39:00+00:00","mainEntityOfPage":{"@id":"https:\/\/www.boxrepsol.com\/es\/trial\/resultados-y-resumen-del-x-trial-de-tallinn-2024\/"},"wordCount":772,"commentCount":0,"publisher":{"@id":"https:\/\/www.boxrepsol.com\/es\/#organization"},"image":{"@id":"https:\/\/www.boxrepsol.com\/es\/trial\/resultados-y-resumen-del-x-trial-de-tallinn-2024\/#primaryimage"},"thumbnailUrl":"https:\/\/bxrepsol.s3.eu-west-1.amazonaws.com\/static\/2024\/10\/26153704\/xxxxx.jpg","keywords":["Gabriel Marcelli","Repsol Honda","Toni Bou","X-Trial 2024"],"articleSection":["Trial"],"inLanguage":"es","potentialAction":[{"@type":"CommentAction","name":"Comment","target":["https:\/\/www.boxrepsol.com\/es\/trial\/resultados-y-resumen-del-x-trial-de-tallinn-2024\/#respond"]}]},{"@type":"WebPage","@id":"https:\/\/www.boxrepsol.com\/es\/trial\/resultados-y-resumen-del-x-trial-de-tallinn-2024\/","url":"https:\/\/www.boxrepsol.com\/es\/trial\/resultados-y-resumen-del-x-trial-de-tallinn-2024\/","name":"Resultados y resumen del X-Trial de Tallinn 2024 - Box Repsol","isPartOf":{"@id":"https:\/\/www.boxrepsol.com\/es\/#website"},"primaryImageOfPage":{"@id":"https:\/\/www.boxrepsol.com\/es\/trial\/resultados-y-resumen-del-x-trial-de-tallinn-2024\/#primaryimage"},"image":{"@id":"https:\/\/www.boxrepsol.com\/es\/trial\/resultados-y-resumen-del-x-trial-de-tallinn-2024\/#primaryimage"},"thumbnailUrl":"https:\/\/bxrepsol.s3.eu-west-1.amazonaws.com\/static\/2024\/10\/26153704\/xxxxx.jpg","datePublished":"2024-10-26T17:37:48+00:00","dateModified":"2024-10-27T11:39:00+00:00","description":"Consulta aqu\u00ed los resultados y el resumen de la carrera del X-Trial de Tallinn 2024, donde Gabri Marcelli ha sumado una nueva plata y Toni Bou ha sido cuarto","breadcrumb":{"@id":"https:\/\/www.boxrepsol.com\/es\/trial\/resultados-y-resumen-del-x-trial-de-tallinn-2024\/#breadcrumb"},"inLanguage":"es","potentialAction":[{"@type":"ReadAction","target":["https:\/\/www.boxrepsol.com\/es\/trial\/resultados-y-resumen-del-x-trial-de-tallinn-2024\/"]}]},{"@type":"ImageObject","inLanguage":"es","@id":"https:\/\/www.boxrepsol.com\/es\/trial\/resultados-y-resumen-del-x-trial-de-tallinn-2024\/#primaryimage","url":"https:\/\/bxrepsol.s3.eu-west-1.amazonaws.com\/static\/2024\/10\/26153704\/xxxxx.jpg","contentUrl":"https:\/\/bxrepsol.s3.eu-west-1.amazonaws.com\/static\/2024\/10\/26153704\/xxxxx.jpg","width":1200,"height":650,"caption":"Resultados y resumen del X-Trial de Tallinn 2024"},{"@type":"BreadcrumbList","@id":"https:\/\/www.boxrepsol.com\/es\/trial\/resultados-y-resumen-del-x-trial-de-tallinn-2024\/#breadcrumb","itemListElement":[{"@type":"ListItem","position":1,"name":"Home","item":"https:\/\/www.boxrepsol.com\/es\/"},{"@type":"ListItem","position":2,"name":"Resultados y resumen del X-Trial de Tallinn 2024"}]},{"@type":"WebSite","@id":"https:\/\/www.boxrepsol.com\/es\/#website","url":"https:\/\/www.boxrepsol.com\/es\/","name":"Box Repsol","description":"Box Repsol Site","publisher":{"@id":"https:\/\/www.boxrepsol.com\/es\/#organization"},"potentialAction":[{"@type":"SearchAction","target":{"@type":"EntryPoint","urlTemplate":"https:\/\/www.boxrepsol.com\/es\/?s={search_term_string}"},"query-input":{"@type":"PropertyValueSpecification","valueRequired":true,"valueName":"search_term_string"}}],"inLanguage":"es"},{"@type":"Organization","@id":"https:\/\/www.boxrepsol.com\/es\/#organization","name":"Box Repsol","url":"https:\/\/www.boxrepsol.com\/es\/","logo":{"@type":"ImageObject","inLanguage":"es","@id":"https:\/\/www.boxrepsol.com\/es\/#\/schema\/logo\/image\/","url":"https:\/\/bxrepsol.s3.eu-west-1.amazonaws.com\/static\/2025\/07\/30083337\/favicon-96x96-1.png","contentUrl":"https:\/\/bxrepsol.s3.eu-west-1.amazonaws.com\/static\/2025\/07\/30083337\/favicon-96x96-1.png","width":96,"height":96,"caption":"Box Repsol"},"image":{"@id":"https:\/\/www.boxrepsol.com\/es\/#\/schema\/logo\/image\/"},"sameAs":["https:\/\/www.facebook.com\/BoxRepsol","https:\/\/x.com\/box_repsol","http:\/\/instagram.com\/box_repsol","https:\/\/www.youtube.com\/user\/RepsolCompeticion","https:\/\/www.flickr.com\/photos\/box_repsol\/"]},{"@type":"Person","@id":"https:\/\/www.boxrepsol.com\/es\/#\/schema\/person\/c5c2138f2cca251b0ad92b7086bb60b7","name":"Redacci\u00f3n Box Repsol","image":{"@type":"ImageObject","inLanguage":"es","@id":"https:\/\/secure.gravatar.com\/avatar\/adf7b77e38b4419baf32c7e9c21dde01f4e40df611f0978e3006fc4ba0aaab7e?s=96&d=mm&r=g","url":"https:\/\/secure.gravatar.com\/avatar\/adf7b77e38b4419baf32c7e9c21dde01f4e40df611f0978e3006fc4ba0aaab7e?s=96&d=mm&r=g","contentUrl":"https:\/\/secure.gravatar.com\/avatar\/adf7b77e38b4419baf32c7e9c21dde01f4e40df611f0978e3006fc4ba0aaab7e?s=96&d=mm&r=g","caption":"Redacci\u00f3n Box Repsol"},"description":"Box Repsol lo forma un equipo de periodistas, community managers, dise\u00f1adores y fot\u00f3grafos con m\u00e1s de 20 a\u00f1os de experiencia en el mundo del motorsport. Hemos vivido el primer mundial de un espa\u00f1ol en la categor\u00eda reina de motociclismo con \u00c1lex Crivill\u00e9, estuvimos en las victorias de Pedrosa y los t\u00edtulos de M\u00e1rquez, acompa\u00f1amos en \u00c1frica a Nani Roma y Marc Coma en sus conquistas del Dakar y hemos vibrado con los t\u00edtulos de Toni Bou en Trial. Adem\u00e1s, en nuestro equipo contamos con expertos en el mundo de las dos y cuatro ruedas tanto de la calle y las carreteras, como de los circuitos. Periodistas que han trabajado en revistas y publicaciones para hacerte llegar desde rutas y consejos de mantenimiento, a curiosidades y trucos de pilotaje.","sameAs":["https:\/\/www.facebook.com\/BoxRepsol\/","https:\/\/www.instagram.com\/box_repsol\/","https:\/\/x.com\/https:\/\/twitter.com\/box_repsol","https:\/\/www.youtube.com\/@Boxrepsol"],"url":"https:\/\/www.boxrepsol.com\/es\/author\/redaccion-box-repsol\/"}]}},"_links":{"self":[{"href":"https:\/\/www.boxrepsol.com\/es\/wp-json\/wp\/v2\/posts\/121637","targetHints":{"allow":["GET"]}}],"collection":[{"href":"https:\/\/www.boxrepsol.com\/es\/wp-json\/wp\/v2\/posts"}],"about":[{"href":"https:\/\/www.boxrepsol.com\/es\/wp-json\/wp\/v2\/types\/post"}],"author":[{"embeddable":true,"href":"https:\/\/www.boxrepsol.com\/es\/wp-json\/wp\/v2\/users\/43146"}],"replies":[{"embeddable":true,"href":"https:\/\/www.boxrepsol.com\/es\/wp-json\/wp\/v2\/comments?post=121637"}],"version-history":[{"count":18,"href":"https:\/\/www.boxrepsol.com\/es\/wp-json\/wp\/v2\/posts\/121637\/revisions"}],"predecessor-version":[{"id":121698,"href":"https:\/\/www.boxrepsol.com\/es\/wp-json\/wp\/v2\/posts\/121637\/revisions\/121698"}],"wp:featuredmedia":[{"embeddable":true,"href":"https:\/\/www.boxrepsol.com\/es\/wp-json\/wp\/v2\/media\/121647"}],"wp:attachment":[{"href":"https:\/\/www.boxrepsol.com\/es\/wp-json\/wp\/v2\/media?parent=121637"}],"wp:term":[{"taxonomy":"category","embeddable":true,"href":"https:\/\/www.boxrepsol.com\/es\/wp-json\/wp\/v2\/categories?post=121637"},{"taxonomy":"post_tag","embeddable":true,"href":"https:\/\/www.boxrepsol.com\/es\/wp-json\/wp\/v2\/tags?post=121637"}],"curies":[{"name":"wp","href":"https:\/\/api.w.org\/{rel}","templated":true}]}}