{"id":121394,"date":"2024-10-19T02:56:13","date_gmt":"2024-10-19T04:56:13","guid":{"rendered":"https:\/\/www.boxrepsol.com\/?p=121394"},"modified":"2025-06-26T08:02:56","modified_gmt":"2025-06-26T10:02:56","slug":"resultados-de-la-carrera-sprint-del-gp-de-australia-de-motogp-2024","status":"publish","type":"post","link":"https:\/\/www.boxrepsol.com\/es\/motogp\/resultados-de-la-carrera-sprint-del-gp-de-australia-de-motogp-2024\/","title":{"rendered":"Resultados de la carrera sprint del GP de Australia de MotoGP"},"content":{"rendered":"<figure class=\"wp-block-post-featured-image\"><img loading=\"lazy\" decoding=\"async\" width=\"1200\" height=\"675\" src=\"https:\/\/bxrepsol.s3.eu-west-1.amazonaws.com\/static\/2024\/10\/19030737\/293110033_RB_9063.png\" class=\"attachment-post-thumbnail size-post-thumbnail wp-post-image\" alt=\"Luca Marini, s\u00e1bado, Australia (web 2)\" style=\"object-fit:cover;\" srcset=\"https:\/\/bxrepsol.s3.eu-west-1.amazonaws.com\/static\/2024\/10\/19030737\/293110033_RB_9063.png 1200w, https:\/\/bxrepsol.s3.eu-west-1.amazonaws.com\/static\/2024\/10\/19030737\/293110033_RB_9063-300x169.png 300w, https:\/\/bxrepsol.s3.eu-west-1.amazonaws.com\/static\/2024\/10\/19030737\/293110033_RB_9063-1024x576.png 1024w, https:\/\/bxrepsol.s3.eu-west-1.amazonaws.com\/static\/2024\/10\/19030737\/293110033_RB_9063-768x432.png 768w\" sizes=\"auto, (max-width: 1200px) 100vw, 1200px\" \/><\/figure>\n\n\n<p>La primera carrera del <strong>Gran Premio de Australia<\/strong>, la carrera sprint de MotoGP, ha visto un nuevo <strong>triunfo del l\u00edder del Mundial, Jorge Mart\u00edn<\/strong>. El piloto espa\u00f1ol ya hab\u00eda logrado la pole position en los <a href=\"https:\/\/www.boxrepsol.com\/es\/motogp\/resultados-de-la-clasificacion-del-gp-de-australia-de-motogp-2024\/\">entrenamientos cronometrados<\/a> de esta ma\u00f1ana y, en carrera, no ha dado opci\u00f3n a sus rivales, liderando desde la primera curva hasta la bandera de cuadros.<\/p>\n\n\n\n<p>Tras \u00e9l ha terminado <strong>Marc M\u00e1rquez<\/strong>, que part\u00eda segundo en la parrilla pero al que un error en la primera curva de la primera vuelta, le ha llevado hasta la octava posici\u00f3n, desde donde ha tenido que remontar para sumar otro nuevo podio. <strong>Tercero<\/strong> en las plazas de honor ha sido <strong>Enea Bastianini<\/strong>, remontando tambi\u00e9n desde la d\u00e9cima posici\u00f3n de la parrilla.<\/p>\n\n\n\n<p><strong>\u2018Pecco\u2019 Bagnaia<\/strong> ha sido cuarto y cede ahora 16 puntos en la clasificaci\u00f3n general respecto a Mart\u00edn. Han completado la zona de puntos Di Giannantonio, Morbidelli, Ra\u00fal Fern\u00e1ndez, Aleix Espargar\u00f3 y Augusto Fern\u00e1ndez.<\/p>\n\n\n\n<div id=\"ez-toc-container\" class=\"ez-toc-v2_0_82_2 counter-hierarchy ez-toc-counter ez-toc-grey ez-toc-container-direction\">\n<div class=\"ez-toc-title-container\">\n<p class=\"ez-toc-title\" style=\"cursor:inherit\">\u00cdndice<\/p>\n<span class=\"ez-toc-title-toggle\"><a href=\"#\" class=\"ez-toc-pull-right ez-toc-btn ez-toc-btn-xs ez-toc-btn-default ez-toc-toggle\" aria-label=\"Toggle Table of Content\"><span class=\"ez-toc-js-icon-con\"><span class=\"\"><span class=\"eztoc-hide\" style=\"display:none;\">Toggle<\/span><span class=\"ez-toc-icon-toggle-span\"><svg style=\"fill: #999;color:#999\" xmlns=\"http:\/\/www.w3.org\/2000\/svg\" class=\"list-377408\" width=\"20px\" height=\"20px\" viewBox=\"0 0 24 24\" fill=\"none\"><path d=\"M6 6H4v2h2V6zm14 0H8v2h12V6zM4 11h2v2H4v-2zm16 0H8v2h12v-2zM4 16h2v2H4v-2zm16 0H8v2h12v-2z\" fill=\"currentColor\"><\/path><\/svg><svg style=\"fill: #999;color:#999\" class=\"arrow-unsorted-368013\" xmlns=\"http:\/\/www.w3.org\/2000\/svg\" width=\"10px\" height=\"10px\" viewBox=\"0 0 24 24\" version=\"1.2\" baseProfile=\"tiny\"><path d=\"M18.2 9.3l-6.2-6.3-6.2 6.3c-.2.2-.3.4-.3.7s.1.5.3.7c.2.2.4.3.7.3h11c.3 0 .5-.1.7-.3.2-.2.3-.5.3-.7s-.1-.5-.3-.7zM5.8 14.7l6.2 6.3 6.2-6.3c.2-.2.3-.5.3-.7s-.1-.5-.3-.7c-.2-.2-.4-.3-.7-.3h-11c-.3 0-.5.1-.7.3-.2.2-.3.5-.3.7s.1.5.3.7z\"\/><\/svg><\/span><\/span><\/span><\/a><\/span><\/div>\n<nav><ul class='ez-toc-list ez-toc-list-level-1 ' ><li class='ez-toc-page-1 ez-toc-heading-level-2'><a class=\"ez-toc-link ez-toc-heading-1\" href=\"https:\/\/www.boxrepsol.com\/es\/motogp\/resultados-de-la-carrera-sprint-del-gp-de-australia-de-motogp-2024\/#68_milesimas_separan_a_Luca_Marini_de_los_puntos\" >68 mil\u00e9simas separan a Luca Marini de los puntos<\/a><\/li><li class='ez-toc-page-1 ez-toc-heading-level-2'><a class=\"ez-toc-link ez-toc-heading-2\" href=\"https:\/\/www.boxrepsol.com\/es\/motogp\/resultados-de-la-carrera-sprint-del-gp-de-australia-de-motogp-2024\/#Resultados_de_la_carrera_sprint_GP_de_Australia_13_vueltas\" >Resultados de la carrera sprint: GP de Australia (13 vueltas)<\/a><\/li><li class='ez-toc-page-1 ez-toc-heading-level-2'><a class=\"ez-toc-link ez-toc-heading-3\" href=\"https:\/\/www.boxrepsol.com\/es\/motogp\/resultados-de-la-carrera-sprint-del-gp-de-australia-de-motogp-2024\/#Clasificacion_General\" >Clasificaci\u00f3n General<\/a><\/li><li class='ez-toc-page-1 ez-toc-heading-level-2'><a class=\"ez-toc-link ez-toc-heading-4\" href=\"https:\/\/www.boxrepsol.com\/es\/motogp\/resultados-de-la-carrera-sprint-del-gp-de-australia-de-motogp-2024\/#Declaraciones\" >Declaraciones<\/a><\/li><\/ul><\/nav><\/div>\n<h2 class=\"wp-block-heading\"><span class=\"ez-toc-section\" id=\"68_milesimas_separan_a_Luca_Marini_de_los_puntos\"><\/span><strong><br><br>68 mil\u00e9simas separan a Luca Marini de los puntos<\/strong><span class=\"ez-toc-section-end\"><\/span><\/h2>\n\n\n\n<p><strong>D\u00e9cimo <\/strong>en la carrera de hoy ha sido <strong>Luca Marini<\/strong>. El piloto del <strong>equipo Repsol Honda<\/strong> ha completado un s\u00f3lido s\u00e1bado en <strong>Phillip Island<\/strong>. Tras unos positivos entrenamientos, en carrera ha logrado mantener su ritmo y luchar en un grupo cuatro pilotos en el que ha acabado segundo, qued\u00e1ndose a las puertas de la zona de puntos.<\/p>\n\n\n\n<p>Su compa\u00f1ero de equipo, <strong>Joan Mir<\/strong>, tambi\u00e9n ha tenido una carrera de supervivencia que ha completado en <strong>decimotercera posici\u00f3n<\/strong>. El piloto del equipo <strong>Repsol Honda<\/strong> part\u00eda decimoctavo y, a pesar de las dif\u00edciles condiciones en Australia que han llevado hasta siete pilotos al suelo, ha logrado completar la carrera y pasar en decimotercera posici\u00f3n bajo la bandera de cuadros.<\/p>\n\n\n\n<p>Ma\u00f1ana a las 5 am -las 14.00 hora local-, decimos\u00e9ptima carrera de la <a href=\"https:\/\/www.boxrepsol.com\/es\/calendario-gp\/calendario-motogp-2024\/\">temporada<\/a>.<\/p>\n\n\n\n<h2 class=\"wp-block-heading\"><span class=\"ez-toc-section\" id=\"Resultados_de_la_carrera_sprint_GP_de_Australia_13_vueltas\"><\/span><strong>Resultados de la carrera sprint: GP de Australia (13 vueltas)<\/strong><span class=\"ez-toc-section-end\"><\/span><\/h2>\n\n\n\n<figure class=\"wp-block-table is-style-stripes\"><table><tbody><tr><td><strong>PILOTO<\/strong><\/td><td><strong>EQUIPO<\/strong><\/td><td><strong>TIEMPO<\/strong><\/td><\/tr><tr><td>1. Jorge Mart\u00edn<\/td><td>DUCATI<\/td><td>19&#8217;13.301<\/td><\/tr><tr><td>2. Marc M\u00e1rquez<\/td><td>DUCATI<\/td><td>+1.520<\/td><\/tr><tr><td>3. Enea Bastianini<\/td><td>DUCATI<\/td><td>+4.368<\/td><\/tr><tr><td>4. &#8216;Pecco&#8217; Bagnaia<\/td><td>DUCATI<\/td><td>+6.879<\/td><\/tr><tr><td>5. Fabio Di Giannantonio<\/td><td>DUCATI<\/td><td>+7.905<\/td><\/tr><tr><td>6. Franco Morbidelli<\/td><td>DUCATI<\/td><td>+9.623<\/td><\/tr><tr><td>7. Ra\u00fal Fern\u00e1ndez<\/td><td>APRILIA<\/td><td>+15.249<\/td><\/tr><tr><td>8. Aleix Espargar\u00f3<\/td><td>APRILIA<\/td><td>+19.280<\/td><\/tr><tr><td>9. Augusto Fern\u00e1ndez<\/td><td>GASGAS<\/td><td>+21.126<\/td><\/tr><tr><td><strong>10. Luca Marini<\/strong><\/td><td><strong>REPSOL HONDA<\/strong><\/td><td><strong>+21.194<\/strong><\/td><\/tr><tr><td>11. Fabio Quartararo<\/td><td>YAMAHA<\/td><td>+21.379<\/td><\/tr><tr><td>12. \u00c1lex Rins<\/td><td>YAMAHA<\/td><td>+21.483<\/td><\/tr><tr><td><strong>13. Joan Mir<\/strong><\/td><td><strong>REPSOL HONDA<\/strong><\/td><td><strong>+23.528<\/strong><\/td><\/tr><tr><td>14. Takaaki Nakagami<\/td><td>HONDA<\/td><td>+34.055<\/td><\/tr><tr><td>15. Lorenzo Savadori<\/td><td>APRILIA<\/td><td>+38.324<\/td><\/tr><\/tbody><\/table><\/figure>\n\n\n\n<p><\/p>\n\n\n\n<h2 class=\"wp-block-heading\"><span class=\"ez-toc-section\" id=\"Clasificacion_General\"><\/span><strong>Clasificaci\u00f3n General<\/strong><span class=\"ez-toc-section-end\"><\/span><\/h2>\n\n\n\n<figure class=\"wp-block-table is-style-stripes\"><table><tbody><tr><td><strong>PILOTO<\/strong><\/td><td><strong>EQUIPO<\/strong><\/td><td><strong>PUNTOS<\/strong><\/td><\/tr><tr><td>1. Jorge Mart\u00edn<\/td><td>DUCATI<\/td><td>404<\/td><\/tr><tr><td>2.  &#8216;Pecco&#8217; Bagnaia<\/td><td>DUCATI<\/td><td>388<\/td><\/tr><tr><td>3. Marc M\u00e1rquez<\/td><td>DUCATI<\/td><td>320<\/td><\/tr><tr><td>4. Enea Bastianini<\/td><td>DUCATI<\/td><td>320<\/td><\/tr><tr><td>5. Brad Binder<\/td><td>KTM<\/td><td>183<\/td><\/tr><tr><td>6. Pedro Acosta<\/td><td>GASGAS<\/td><td>181<\/td><\/tr><tr><td>7.  Maverick Vi\u00f1ales<\/td><td>APRILIA<\/td><td>163<\/td><\/tr><tr><td>8. Franco Morbidelli<\/td><td>APRILIA<\/td><td>140<\/td><\/tr><tr><td>9. Fabio Di Giannantonio<\/td><td>DUCATI<\/td><td>139<\/td><\/tr><tr><td>10. Aleix Espargar\u00f3<\/td><td>APRILIA<\/td><td>136<\/td><\/tr><tr><td>11. Marco Bezzecchi<\/td><td>DUCATI<\/td><td>134<\/td><\/tr><tr><td>12. \u00c1lex M\u00e1rquez<\/td><td>DUCATI<\/td><td>124<\/td><\/tr><tr><td>13. Fabio Quartararo<\/td><td>YAMAHA<\/td><td>86<\/td><\/tr><tr><td>14. Miguel Oliveira<\/td><td>APRILIA<\/td><td>71<\/td><\/tr><tr><td>15. Jack Miller<\/td><td>KTM<\/td><td>66<\/td><\/tr><tr><td>16. Ra\u00fal Fern\u00e1ndez<\/td><td>APRILIA<\/td><td>59<\/td><\/tr><tr><td>17. Johann Zarco<\/td><td>HONDA<\/td><td>36<\/td><\/tr><tr><td>18. Takaaki Nakagami<\/td><td>HONDA<\/td><td>28<\/td><\/tr><tr><td>19. Augusto Fern\u00e1ndez<\/td><td>GASGAS<\/td><td>21<\/td><\/tr><tr><td>20. \u00c1lex Rins<\/td><td>YAMAHA<\/td><td>20<\/td><\/tr><tr><td><strong>21. Joan Mir<\/strong><\/td><td><strong>GASGAS<\/strong><\/td><td><strong>20<\/strong><\/td><\/tr><tr><td>22. Pol Espargar\u00f3<\/td><td>KTM<\/td><td>12<\/td><\/tr><tr><td><strong>23. Luca Marini<\/strong><\/td><td><strong>REPSOL HONDA<\/strong><\/td><td><strong>7<\/strong><\/td><\/tr><tr><td>24. Dani Pedrosa<\/td><td>KTM<\/td><td>7<\/td><\/tr><tr><td>25. Stefan Bradl<\/td><td>HONDA<\/td><td>2<\/td><\/tr><\/tbody><\/table><\/figure>\n\n\n\n<div id=\"aa0b5be1-81ed-462e-a915-fb48084136c2\" class=\"br-slider-box\"><div class=\"wp-block-create-block-repsol-carousel br-slider\"><a target=\"_blank\" href=\"https:\/\/bxrepsol.s3.eu-west-1.amazonaws.com\/static\/2024\/10\/19044115\/293105247_RB_8875-scaled.jpg\" data-index=\"0\" rel=\"noopener\"><img decoding=\"async\" src=\"https:\/\/bxrepsol.s3.eu-west-1.amazonaws.com\/static\/2024\/10\/19044115\/293105247_RB_8875-scaled.jpg\"\/><\/a><a target=\"_blank\" href=\"https:\/\/bxrepsol.s3.eu-west-1.amazonaws.com\/static\/2024\/10\/19044121\/293110033_RB_9063-scaled.jpg\" data-index=\"1\" rel=\"noopener\"><img decoding=\"async\" src=\"https:\/\/bxrepsol.s3.eu-west-1.amazonaws.com\/static\/2024\/10\/19044121\/293110033_RB_9063-scaled.jpg\"\/><\/a><a target=\"_blank\" href=\"https:\/\/bxrepsol.s3.eu-west-1.amazonaws.com\/static\/2024\/10\/19044126\/293150252_RB_9618-scaled.jpg\" data-index=\"2\" rel=\"noopener\"><img decoding=\"async\" src=\"https:\/\/bxrepsol.s3.eu-west-1.amazonaws.com\/static\/2024\/10\/19044126\/293150252_RB_9618-scaled.jpg\"\/><\/a><a target=\"_blank\" href=\"https:\/\/bxrepsol.s3.eu-west-1.amazonaws.com\/static\/2024\/10\/19044131\/293150720_RB_9785-scaled.jpg\" data-index=\"3\" rel=\"noopener\"><img decoding=\"async\" src=\"https:\/\/bxrepsol.s3.eu-west-1.amazonaws.com\/static\/2024\/10\/19044131\/293150720_RB_9785-scaled.jpg\"\/><\/a><a target=\"_blank\" href=\"https:\/\/bxrepsol.s3.eu-west-1.amazonaws.com\/static\/2024\/10\/19044135\/293151948_RB_0152-scaled.jpg\" data-index=\"4\" rel=\"noopener\"><img decoding=\"async\" src=\"https:\/\/bxrepsol.s3.eu-west-1.amazonaws.com\/static\/2024\/10\/19044135\/293151948_RB_0152-scaled.jpg\"\/><\/a><\/div><div class=\"br-slider-buttons\"><button class=\"arrow rds-icon arrow--left rds-icon-Arrow_left\"><\/button><button class=\"arrow rds-icon arrow--right rds-icon-Arrow_right\"><\/button><\/div><\/div>\n\n\n\n<h2 class=\"wp-block-heading\"><span class=\"ez-toc-section\" id=\"Declaraciones\"><\/span><strong>Declaraciones<\/strong><span class=\"ez-toc-section-end\"><\/span><\/h2>\n\n\n\n<p><strong>Joan Mir:<br><\/strong>\u00abHa sido uno de esos d\u00edas en los que las cosas no han acabado de salir. Ayer era muy optimista para hoy, porque las sensaciones con la moto eran mejores de lo que esper\u00e1bamos, pero con el viento y la baja temperatura, no he logrado recuperar esas sensaciones. Hemos cambiado un poco los reglajes y probablemente esto no nos ha ayudado, porque no consegu\u00eda empujar. Cuando las cosas est\u00e1n as\u00ed, es mejor asegurar, obtener datos, traer la moto y a m\u00ed mismo de vuelta al box y revisar todo con el equipo. Ma\u00f1ana es un nuevo d\u00eda, las condiciones parecen mejores y, como hemos visto, pueden pasar muchas cosas, as\u00ed que vamos a por ello como siempre\u00bb.<\/p>\n\n\n\n<p><strong>Luca Marini:<br><\/strong>\u00abEstoy muy contento de haberme clasificado en 13\u00aa posici\u00f3n, era una situaci\u00f3n complicada y hemos sabido aprovecharla. La Sprint de hoy ha sido el momento m\u00e1s dif\u00edcil que hemos tenido en todo el fin de semana; mis sensaciones no eran muy buenas, y he necesitado demasiadas vueltas para calentar el neum\u00e1tico trasero. A mitad de carrera me he sentido mejor y he empezado a progresar. Tenemos que mejorar nuestras sensaciones con el neum\u00e1tico blando trasero, tenemos mucho movimiento en el flanco del neum\u00e1tico en estos momentos. Incluso as\u00ed, hemos logrado un buen resultado al final de la Sprint, as\u00ed que \u00a1a disfrutar m\u00e1s ma\u00f1ana!\u00bb.<\/p>\n","protected":false},"excerpt":{"rendered":"<p>Jorge Mart\u00edn se exhibe en Phillip Island con una inapelable victoria en la carrera sprint.<\/p>\n","protected":false},"author":43146,"featured_media":121409,"comment_status":"open","ping_status":"open","sticky":false,"template":"","format":"standard","meta":{"footnotes":""},"categories":[4],"tags":[333,93,271,422,434],"class_list":["post-121394","post","type-post","status-publish","format-standard","hentry","category-motogp","tag-competicion","tag-gp-de-australia","tag-joan-mir","tag-luca-marini","tag-motogp-2024"],"yoast_head":"<!-- This site is optimized with the Yoast SEO plugin v27.3 - https:\/\/yoast.com\/product\/yoast-seo-wordpress\/ -->\n<title>Resultados de la carrera sprint del GP de Australia de MotoGP - Box Repsol<\/title>\n<meta name=\"description\" content=\"Cr\u00f3nica y resultados la carrera sprint del GP de Australia de MotoGP 2024, celebrado en Phillip Island.\" \/>\n<link rel=\"canonical\" href=\"https:\/\/www.boxrepsol.com\/es\/motogp\/resultados-de-la-carrera-sprint-del-gp-de-australia-de-motogp-2024\/\" \/>\n<meta property=\"og:locale\" content=\"es_ES\" \/>\n<meta property=\"og:type\" content=\"article\" \/>\n<meta property=\"og:title\" content=\"Resultados de la carrera sprint del GP de Australia de MotoGP - Box Repsol\" \/>\n<meta property=\"og:description\" content=\"Cr\u00f3nica y resultados la carrera sprint del GP de Australia de MotoGP 2024, celebrado en Phillip Island.\" \/>\n<meta property=\"og:url\" content=\"https:\/\/www.boxrepsol.com\/es\/motogp\/resultados-de-la-carrera-sprint-del-gp-de-australia-de-motogp-2024\/\" \/>\n<meta property=\"og:site_name\" content=\"Box Repsol\" \/>\n<meta property=\"article:publisher\" content=\"https:\/\/www.facebook.com\/BoxRepsol\" \/>\n<meta property=\"article:author\" content=\"https:\/\/www.facebook.com\/BoxRepsol\/\" \/>\n<meta property=\"article:published_time\" content=\"2024-10-19T04:56:13+00:00\" \/>\n<meta property=\"article:modified_time\" content=\"2025-06-26T10:02:56+00:00\" \/>\n<meta property=\"og:image\" content=\"https:\/\/bxrepsol.s3.eu-west-1.amazonaws.com\/static\/2024\/10\/19030737\/293110033_RB_9063.png\" \/>\n\t<meta property=\"og:image:width\" content=\"1200\" \/>\n\t<meta property=\"og:image:height\" content=\"675\" \/>\n\t<meta property=\"og:image:type\" content=\"image\/png\" \/>\n<meta name=\"author\" content=\"Redacci\u00f3n Box Repsol\" \/>\n<meta name=\"twitter:card\" content=\"summary_large_image\" \/>\n<meta name=\"twitter:creator\" content=\"@https:\/\/twitter.com\/box_repsol\" \/>\n<meta name=\"twitter:site\" content=\"@box_repsol\" \/>\n<meta name=\"twitter:label1\" content=\"Written by\" \/>\n\t<meta name=\"twitter:data1\" content=\"Redacci\u00f3n Box Repsol\" \/>\n\t<meta name=\"twitter:label2\" content=\"Est. reading time\" \/>\n\t<meta name=\"twitter:data2\" content=\"3 minutos\" \/>\n<script type=\"application\/ld+json\" class=\"yoast-schema-graph\">{\"@context\":\"https:\\\/\\\/schema.org\",\"@graph\":[{\"@type\":\"Article\",\"@id\":\"https:\\\/\\\/www.boxrepsol.com\\\/es\\\/motogp\\\/resultados-de-la-carrera-sprint-del-gp-de-australia-de-motogp-2024\\\/#article\",\"isPartOf\":{\"@id\":\"https:\\\/\\\/www.boxrepsol.com\\\/es\\\/motogp\\\/resultados-de-la-carrera-sprint-del-gp-de-australia-de-motogp-2024\\\/\"},\"author\":{\"name\":\"Redacci\u00f3n Box Repsol\",\"@id\":\"https:\\\/\\\/www.boxrepsol.com\\\/es\\\/#\\\/schema\\\/person\\\/c5c2138f2cca251b0ad92b7086bb60b7\"},\"headline\":\"Resultados de la carrera sprint del GP de Australia de MotoGP\",\"datePublished\":\"2024-10-19T04:56:13+00:00\",\"dateModified\":\"2025-06-26T10:02:56+00:00\",\"mainEntityOfPage\":{\"@id\":\"https:\\\/\\\/www.boxrepsol.com\\\/es\\\/motogp\\\/resultados-de-la-carrera-sprint-del-gp-de-australia-de-motogp-2024\\\/\"},\"wordCount\":726,\"commentCount\":0,\"publisher\":{\"@id\":\"https:\\\/\\\/www.boxrepsol.com\\\/es\\\/#organization\"},\"image\":{\"@id\":\"https:\\\/\\\/www.boxrepsol.com\\\/es\\\/motogp\\\/resultados-de-la-carrera-sprint-del-gp-de-australia-de-motogp-2024\\\/#primaryimage\"},\"thumbnailUrl\":\"https:\\\/\\\/bxrepsol.s3.eu-west-1.amazonaws.com\\\/static\\\/2024\\\/10\\\/19030737\\\/293110033_RB_9063.png\",\"keywords\":[\"Competici\u00f3n\",\"GP de Australia\",\"Joan Mir\",\"Luca Marini\",\"MotoGP 2024\"],\"articleSection\":[\"MotoGP\"],\"inLanguage\":\"es\",\"potentialAction\":[{\"@type\":\"CommentAction\",\"name\":\"Comment\",\"target\":[\"https:\\\/\\\/www.boxrepsol.com\\\/es\\\/motogp\\\/resultados-de-la-carrera-sprint-del-gp-de-australia-de-motogp-2024\\\/#respond\"]}]},{\"@type\":\"WebPage\",\"@id\":\"https:\\\/\\\/www.boxrepsol.com\\\/es\\\/motogp\\\/resultados-de-la-carrera-sprint-del-gp-de-australia-de-motogp-2024\\\/\",\"url\":\"https:\\\/\\\/www.boxrepsol.com\\\/es\\\/motogp\\\/resultados-de-la-carrera-sprint-del-gp-de-australia-de-motogp-2024\\\/\",\"name\":\"Resultados de la carrera sprint del GP de Australia de MotoGP - Box Repsol\",\"isPartOf\":{\"@id\":\"https:\\\/\\\/www.boxrepsol.com\\\/es\\\/#website\"},\"primaryImageOfPage\":{\"@id\":\"https:\\\/\\\/www.boxrepsol.com\\\/es\\\/motogp\\\/resultados-de-la-carrera-sprint-del-gp-de-australia-de-motogp-2024\\\/#primaryimage\"},\"image\":{\"@id\":\"https:\\\/\\\/www.boxrepsol.com\\\/es\\\/motogp\\\/resultados-de-la-carrera-sprint-del-gp-de-australia-de-motogp-2024\\\/#primaryimage\"},\"thumbnailUrl\":\"https:\\\/\\\/bxrepsol.s3.eu-west-1.amazonaws.com\\\/static\\\/2024\\\/10\\\/19030737\\\/293110033_RB_9063.png\",\"datePublished\":\"2024-10-19T04:56:13+00:00\",\"dateModified\":\"2025-06-26T10:02:56+00:00\",\"description\":\"Cr\u00f3nica y resultados la carrera sprint del GP de Australia de MotoGP 2024, celebrado en Phillip Island.\",\"breadcrumb\":{\"@id\":\"https:\\\/\\\/www.boxrepsol.com\\\/es\\\/motogp\\\/resultados-de-la-carrera-sprint-del-gp-de-australia-de-motogp-2024\\\/#breadcrumb\"},\"inLanguage\":\"es\",\"potentialAction\":[{\"@type\":\"ReadAction\",\"target\":[\"https:\\\/\\\/www.boxrepsol.com\\\/es\\\/motogp\\\/resultados-de-la-carrera-sprint-del-gp-de-australia-de-motogp-2024\\\/\"]}]},{\"@type\":\"ImageObject\",\"inLanguage\":\"es\",\"@id\":\"https:\\\/\\\/www.boxrepsol.com\\\/es\\\/motogp\\\/resultados-de-la-carrera-sprint-del-gp-de-australia-de-motogp-2024\\\/#primaryimage\",\"url\":\"https:\\\/\\\/bxrepsol.s3.eu-west-1.amazonaws.com\\\/static\\\/2024\\\/10\\\/19030737\\\/293110033_RB_9063.png\",\"contentUrl\":\"https:\\\/\\\/bxrepsol.s3.eu-west-1.amazonaws.com\\\/static\\\/2024\\\/10\\\/19030737\\\/293110033_RB_9063.png\",\"width\":1200,\"height\":675,\"caption\":\"Luca Marini, s\u00e1bado, Australia (web 2)\"},{\"@type\":\"BreadcrumbList\",\"@id\":\"https:\\\/\\\/www.boxrepsol.com\\\/es\\\/motogp\\\/resultados-de-la-carrera-sprint-del-gp-de-australia-de-motogp-2024\\\/#breadcrumb\",\"itemListElement\":[{\"@type\":\"ListItem\",\"position\":1,\"name\":\"Home\",\"item\":\"https:\\\/\\\/www.boxrepsol.com\\\/es\\\/\"},{\"@type\":\"ListItem\",\"position\":2,\"name\":\"Resultados de la carrera sprint del GP de Australia de MotoGP\"}]},{\"@type\":\"WebSite\",\"@id\":\"https:\\\/\\\/www.boxrepsol.com\\\/es\\\/#website\",\"url\":\"https:\\\/\\\/www.boxrepsol.com\\\/es\\\/\",\"name\":\"Box Repsol\",\"description\":\"Box Repsol Site\",\"publisher\":{\"@id\":\"https:\\\/\\\/www.boxrepsol.com\\\/es\\\/#organization\"},\"potentialAction\":[{\"@type\":\"SearchAction\",\"target\":{\"@type\":\"EntryPoint\",\"urlTemplate\":\"https:\\\/\\\/www.boxrepsol.com\\\/es\\\/?s={search_term_string}\"},\"query-input\":{\"@type\":\"PropertyValueSpecification\",\"valueRequired\":true,\"valueName\":\"search_term_string\"}}],\"inLanguage\":\"es\"},{\"@type\":\"Organization\",\"@id\":\"https:\\\/\\\/www.boxrepsol.com\\\/es\\\/#organization\",\"name\":\"Box Repsol\",\"url\":\"https:\\\/\\\/www.boxrepsol.com\\\/es\\\/\",\"logo\":{\"@type\":\"ImageObject\",\"inLanguage\":\"es\",\"@id\":\"https:\\\/\\\/www.boxrepsol.com\\\/es\\\/#\\\/schema\\\/logo\\\/image\\\/\",\"url\":\"https:\\\/\\\/bxrepsol.s3.eu-west-1.amazonaws.com\\\/static\\\/2025\\\/07\\\/30083337\\\/favicon-96x96-1.png\",\"contentUrl\":\"https:\\\/\\\/bxrepsol.s3.eu-west-1.amazonaws.com\\\/static\\\/2025\\\/07\\\/30083337\\\/favicon-96x96-1.png\",\"width\":96,\"height\":96,\"caption\":\"Box Repsol\"},\"image\":{\"@id\":\"https:\\\/\\\/www.boxrepsol.com\\\/es\\\/#\\\/schema\\\/logo\\\/image\\\/\"},\"sameAs\":[\"https:\\\/\\\/www.facebook.com\\\/BoxRepsol\",\"https:\\\/\\\/x.com\\\/box_repsol\",\"http:\\\/\\\/instagram.com\\\/box_repsol\",\"https:\\\/\\\/www.youtube.com\\\/user\\\/RepsolCompeticion\",\"https:\\\/\\\/www.flickr.com\\\/photos\\\/box_repsol\\\/\"]},{\"@type\":\"Person\",\"@id\":\"https:\\\/\\\/www.boxrepsol.com\\\/es\\\/#\\\/schema\\\/person\\\/c5c2138f2cca251b0ad92b7086bb60b7\",\"name\":\"Redacci\u00f3n Box Repsol\",\"image\":{\"@type\":\"ImageObject\",\"inLanguage\":\"es\",\"@id\":\"https:\\\/\\\/secure.gravatar.com\\\/avatar\\\/adf7b77e38b4419baf32c7e9c21dde01f4e40df611f0978e3006fc4ba0aaab7e?s=96&d=mm&r=g\",\"url\":\"https:\\\/\\\/secure.gravatar.com\\\/avatar\\\/adf7b77e38b4419baf32c7e9c21dde01f4e40df611f0978e3006fc4ba0aaab7e?s=96&d=mm&r=g\",\"contentUrl\":\"https:\\\/\\\/secure.gravatar.com\\\/avatar\\\/adf7b77e38b4419baf32c7e9c21dde01f4e40df611f0978e3006fc4ba0aaab7e?s=96&d=mm&r=g\",\"caption\":\"Redacci\u00f3n Box Repsol\"},\"description\":\"Box Repsol lo forma un equipo de periodistas, community managers, dise\u00f1adores y fot\u00f3grafos con m\u00e1s de 20 a\u00f1os de experiencia en el mundo del motorsport. Hemos vivido el primer mundial de un espa\u00f1ol en la categor\u00eda reina de motociclismo con \u00c1lex Crivill\u00e9, estuvimos en las victorias de Pedrosa y los t\u00edtulos de M\u00e1rquez, acompa\u00f1amos en \u00c1frica a Nani Roma y Marc Coma en sus conquistas del Dakar y hemos vibrado con los t\u00edtulos de Toni Bou en Trial. Adem\u00e1s, en nuestro equipo contamos con expertos en el mundo de las dos y cuatro ruedas tanto de la calle y las carreteras, como de los circuitos. Periodistas que han trabajado en revistas y publicaciones para hacerte llegar desde rutas y consejos de mantenimiento, a curiosidades y trucos de pilotaje.\",\"sameAs\":[\"https:\\\/\\\/www.facebook.com\\\/BoxRepsol\\\/\",\"https:\\\/\\\/www.instagram.com\\\/box_repsol\\\/\",\"https:\\\/\\\/x.com\\\/https:\\\/\\\/twitter.com\\\/box_repsol\",\"https:\\\/\\\/www.youtube.com\\\/@Boxrepsol\"],\"url\":\"https:\\\/\\\/www.boxrepsol.com\\\/es\\\/author\\\/redaccion-box-repsol\\\/\"}]}<\/script>\n<!-- \/ Yoast SEO plugin. -->","yoast_head_json":{"title":"Resultados de la carrera sprint del GP de Australia de MotoGP - Box Repsol","description":"Cr\u00f3nica y resultados la carrera sprint del GP de Australia de MotoGP 2024, celebrado en Phillip Island.","canonical":"https:\/\/www.boxrepsol.com\/es\/motogp\/resultados-de-la-carrera-sprint-del-gp-de-australia-de-motogp-2024\/","og_locale":"es_ES","og_type":"article","og_title":"Resultados de la carrera sprint del GP de Australia de MotoGP - Box Repsol","og_description":"Cr\u00f3nica y resultados la carrera sprint del GP de Australia de MotoGP 2024, celebrado en Phillip Island.","og_url":"https:\/\/www.boxrepsol.com\/es\/motogp\/resultados-de-la-carrera-sprint-del-gp-de-australia-de-motogp-2024\/","og_site_name":"Box Repsol","article_publisher":"https:\/\/www.facebook.com\/BoxRepsol","article_author":"https:\/\/www.facebook.com\/BoxRepsol\/","article_published_time":"2024-10-19T04:56:13+00:00","article_modified_time":"2025-06-26T10:02:56+00:00","og_image":[{"width":1200,"height":675,"url":"https:\/\/bxrepsol.s3.eu-west-1.amazonaws.com\/static\/2024\/10\/19030737\/293110033_RB_9063.png","type":"image\/png"}],"author":"Redacci\u00f3n Box Repsol","twitter_card":"summary_large_image","twitter_creator":"@https:\/\/twitter.com\/box_repsol","twitter_site":"@box_repsol","twitter_misc":{"Written by":"Redacci\u00f3n Box Repsol","Est. reading time":"3 minutos"},"schema":{"@context":"https:\/\/schema.org","@graph":[{"@type":"Article","@id":"https:\/\/www.boxrepsol.com\/es\/motogp\/resultados-de-la-carrera-sprint-del-gp-de-australia-de-motogp-2024\/#article","isPartOf":{"@id":"https:\/\/www.boxrepsol.com\/es\/motogp\/resultados-de-la-carrera-sprint-del-gp-de-australia-de-motogp-2024\/"},"author":{"name":"Redacci\u00f3n Box Repsol","@id":"https:\/\/www.boxrepsol.com\/es\/#\/schema\/person\/c5c2138f2cca251b0ad92b7086bb60b7"},"headline":"Resultados de la carrera sprint del GP de Australia de MotoGP","datePublished":"2024-10-19T04:56:13+00:00","dateModified":"2025-06-26T10:02:56+00:00","mainEntityOfPage":{"@id":"https:\/\/www.boxrepsol.com\/es\/motogp\/resultados-de-la-carrera-sprint-del-gp-de-australia-de-motogp-2024\/"},"wordCount":726,"commentCount":0,"publisher":{"@id":"https:\/\/www.boxrepsol.com\/es\/#organization"},"image":{"@id":"https:\/\/www.boxrepsol.com\/es\/motogp\/resultados-de-la-carrera-sprint-del-gp-de-australia-de-motogp-2024\/#primaryimage"},"thumbnailUrl":"https:\/\/bxrepsol.s3.eu-west-1.amazonaws.com\/static\/2024\/10\/19030737\/293110033_RB_9063.png","keywords":["Competici\u00f3n","GP de Australia","Joan Mir","Luca Marini","MotoGP 2024"],"articleSection":["MotoGP"],"inLanguage":"es","potentialAction":[{"@type":"CommentAction","name":"Comment","target":["https:\/\/www.boxrepsol.com\/es\/motogp\/resultados-de-la-carrera-sprint-del-gp-de-australia-de-motogp-2024\/#respond"]}]},{"@type":"WebPage","@id":"https:\/\/www.boxrepsol.com\/es\/motogp\/resultados-de-la-carrera-sprint-del-gp-de-australia-de-motogp-2024\/","url":"https:\/\/www.boxrepsol.com\/es\/motogp\/resultados-de-la-carrera-sprint-del-gp-de-australia-de-motogp-2024\/","name":"Resultados de la carrera sprint del GP de Australia de MotoGP - Box Repsol","isPartOf":{"@id":"https:\/\/www.boxrepsol.com\/es\/#website"},"primaryImageOfPage":{"@id":"https:\/\/www.boxrepsol.com\/es\/motogp\/resultados-de-la-carrera-sprint-del-gp-de-australia-de-motogp-2024\/#primaryimage"},"image":{"@id":"https:\/\/www.boxrepsol.com\/es\/motogp\/resultados-de-la-carrera-sprint-del-gp-de-australia-de-motogp-2024\/#primaryimage"},"thumbnailUrl":"https:\/\/bxrepsol.s3.eu-west-1.amazonaws.com\/static\/2024\/10\/19030737\/293110033_RB_9063.png","datePublished":"2024-10-19T04:56:13+00:00","dateModified":"2025-06-26T10:02:56+00:00","description":"Cr\u00f3nica y resultados la carrera sprint del GP de Australia de MotoGP 2024, celebrado en Phillip Island.","breadcrumb":{"@id":"https:\/\/www.boxrepsol.com\/es\/motogp\/resultados-de-la-carrera-sprint-del-gp-de-australia-de-motogp-2024\/#breadcrumb"},"inLanguage":"es","potentialAction":[{"@type":"ReadAction","target":["https:\/\/www.boxrepsol.com\/es\/motogp\/resultados-de-la-carrera-sprint-del-gp-de-australia-de-motogp-2024\/"]}]},{"@type":"ImageObject","inLanguage":"es","@id":"https:\/\/www.boxrepsol.com\/es\/motogp\/resultados-de-la-carrera-sprint-del-gp-de-australia-de-motogp-2024\/#primaryimage","url":"https:\/\/bxrepsol.s3.eu-west-1.amazonaws.com\/static\/2024\/10\/19030737\/293110033_RB_9063.png","contentUrl":"https:\/\/bxrepsol.s3.eu-west-1.amazonaws.com\/static\/2024\/10\/19030737\/293110033_RB_9063.png","width":1200,"height":675,"caption":"Luca Marini, s\u00e1bado, Australia (web 2)"},{"@type":"BreadcrumbList","@id":"https:\/\/www.boxrepsol.com\/es\/motogp\/resultados-de-la-carrera-sprint-del-gp-de-australia-de-motogp-2024\/#breadcrumb","itemListElement":[{"@type":"ListItem","position":1,"name":"Home","item":"https:\/\/www.boxrepsol.com\/es\/"},{"@type":"ListItem","position":2,"name":"Resultados de la carrera sprint del GP de Australia de MotoGP"}]},{"@type":"WebSite","@id":"https:\/\/www.boxrepsol.com\/es\/#website","url":"https:\/\/www.boxrepsol.com\/es\/","name":"Box Repsol","description":"Box Repsol Site","publisher":{"@id":"https:\/\/www.boxrepsol.com\/es\/#organization"},"potentialAction":[{"@type":"SearchAction","target":{"@type":"EntryPoint","urlTemplate":"https:\/\/www.boxrepsol.com\/es\/?s={search_term_string}"},"query-input":{"@type":"PropertyValueSpecification","valueRequired":true,"valueName":"search_term_string"}}],"inLanguage":"es"},{"@type":"Organization","@id":"https:\/\/www.boxrepsol.com\/es\/#organization","name":"Box Repsol","url":"https:\/\/www.boxrepsol.com\/es\/","logo":{"@type":"ImageObject","inLanguage":"es","@id":"https:\/\/www.boxrepsol.com\/es\/#\/schema\/logo\/image\/","url":"https:\/\/bxrepsol.s3.eu-west-1.amazonaws.com\/static\/2025\/07\/30083337\/favicon-96x96-1.png","contentUrl":"https:\/\/bxrepsol.s3.eu-west-1.amazonaws.com\/static\/2025\/07\/30083337\/favicon-96x96-1.png","width":96,"height":96,"caption":"Box Repsol"},"image":{"@id":"https:\/\/www.boxrepsol.com\/es\/#\/schema\/logo\/image\/"},"sameAs":["https:\/\/www.facebook.com\/BoxRepsol","https:\/\/x.com\/box_repsol","http:\/\/instagram.com\/box_repsol","https:\/\/www.youtube.com\/user\/RepsolCompeticion","https:\/\/www.flickr.com\/photos\/box_repsol\/"]},{"@type":"Person","@id":"https:\/\/www.boxrepsol.com\/es\/#\/schema\/person\/c5c2138f2cca251b0ad92b7086bb60b7","name":"Redacci\u00f3n Box Repsol","image":{"@type":"ImageObject","inLanguage":"es","@id":"https:\/\/secure.gravatar.com\/avatar\/adf7b77e38b4419baf32c7e9c21dde01f4e40df611f0978e3006fc4ba0aaab7e?s=96&d=mm&r=g","url":"https:\/\/secure.gravatar.com\/avatar\/adf7b77e38b4419baf32c7e9c21dde01f4e40df611f0978e3006fc4ba0aaab7e?s=96&d=mm&r=g","contentUrl":"https:\/\/secure.gravatar.com\/avatar\/adf7b77e38b4419baf32c7e9c21dde01f4e40df611f0978e3006fc4ba0aaab7e?s=96&d=mm&r=g","caption":"Redacci\u00f3n Box Repsol"},"description":"Box Repsol lo forma un equipo de periodistas, community managers, dise\u00f1adores y fot\u00f3grafos con m\u00e1s de 20 a\u00f1os de experiencia en el mundo del motorsport. Hemos vivido el primer mundial de un espa\u00f1ol en la categor\u00eda reina de motociclismo con \u00c1lex Crivill\u00e9, estuvimos en las victorias de Pedrosa y los t\u00edtulos de M\u00e1rquez, acompa\u00f1amos en \u00c1frica a Nani Roma y Marc Coma en sus conquistas del Dakar y hemos vibrado con los t\u00edtulos de Toni Bou en Trial. Adem\u00e1s, en nuestro equipo contamos con expertos en el mundo de las dos y cuatro ruedas tanto de la calle y las carreteras, como de los circuitos. Periodistas que han trabajado en revistas y publicaciones para hacerte llegar desde rutas y consejos de mantenimiento, a curiosidades y trucos de pilotaje.","sameAs":["https:\/\/www.facebook.com\/BoxRepsol\/","https:\/\/www.instagram.com\/box_repsol\/","https:\/\/x.com\/https:\/\/twitter.com\/box_repsol","https:\/\/www.youtube.com\/@Boxrepsol"],"url":"https:\/\/www.boxrepsol.com\/es\/author\/redaccion-box-repsol\/"}]}},"_links":{"self":[{"href":"https:\/\/www.boxrepsol.com\/es\/wp-json\/wp\/v2\/posts\/121394","targetHints":{"allow":["GET"]}}],"collection":[{"href":"https:\/\/www.boxrepsol.com\/es\/wp-json\/wp\/v2\/posts"}],"about":[{"href":"https:\/\/www.boxrepsol.com\/es\/wp-json\/wp\/v2\/types\/post"}],"author":[{"embeddable":true,"href":"https:\/\/www.boxrepsol.com\/es\/wp-json\/wp\/v2\/users\/43146"}],"replies":[{"embeddable":true,"href":"https:\/\/www.boxrepsol.com\/es\/wp-json\/wp\/v2\/comments?post=121394"}],"version-history":[{"count":8,"href":"https:\/\/www.boxrepsol.com\/es\/wp-json\/wp\/v2\/posts\/121394\/revisions"}],"predecessor-version":[{"id":121435,"href":"https:\/\/www.boxrepsol.com\/es\/wp-json\/wp\/v2\/posts\/121394\/revisions\/121435"}],"wp:featuredmedia":[{"embeddable":true,"href":"https:\/\/www.boxrepsol.com\/es\/wp-json\/wp\/v2\/media\/121409"}],"wp:attachment":[{"href":"https:\/\/www.boxrepsol.com\/es\/wp-json\/wp\/v2\/media?parent=121394"}],"wp:term":[{"taxonomy":"category","embeddable":true,"href":"https:\/\/www.boxrepsol.com\/es\/wp-json\/wp\/v2\/categories?post=121394"},{"taxonomy":"post_tag","embeddable":true,"href":"https:\/\/www.boxrepsol.com\/es\/wp-json\/wp\/v2\/tags?post=121394"}],"curies":[{"name":"wp","href":"https:\/\/api.w.org\/{rel}","templated":true}]}}