{"id":120361,"date":"2024-10-03T10:10:26","date_gmt":"2024-10-03T12:10:26","guid":{"rendered":"https:\/\/www.boxrepsol.com\/?p=120361"},"modified":"2024-10-03T10:14:14","modified_gmt":"2024-10-03T12:14:14","slug":"pegatina-itv-moto","status":"publish","type":"post","link":"https:\/\/www.boxrepsol.com\/es\/cultura-motera\/pegatina-itv-moto\/","title":{"rendered":"\u00bfD\u00f3nde poner la pegatina de la ITV en la moto?"},"content":{"rendered":"<figure class=\"wp-block-post-featured-image\"><img loading=\"lazy\" decoding=\"async\" width=\"1280\" height=\"650\" src=\"https:\/\/bxrepsol.s3.eu-west-1.amazonaws.com\/static\/2024\/10\/03101334\/Portada-2.jpg\" class=\"attachment-post-thumbnail size-post-thumbnail wp-post-image\" alt=\"\" style=\"object-fit:cover;\" srcset=\"https:\/\/bxrepsol.s3.eu-west-1.amazonaws.com\/static\/2024\/10\/03101334\/Portada-2.jpg 1280w, https:\/\/bxrepsol.s3.eu-west-1.amazonaws.com\/static\/2024\/10\/03101334\/Portada-2-300x152.jpg 300w, https:\/\/bxrepsol.s3.eu-west-1.amazonaws.com\/static\/2024\/10\/03101334\/Portada-2-1024x520.jpg 1024w, https:\/\/bxrepsol.s3.eu-west-1.amazonaws.com\/static\/2024\/10\/03101334\/Portada-2-768x390.jpg 768w\" sizes=\"auto, (max-width: 1280px) 100vw, 1280px\" \/><\/figure>\n\n\n<p>La normativa establece que <strong>todos los veh\u00edculos<\/strong> se someten a la <a href=\"https:\/\/www.boxrepsol.com\/es\/vive-tu-moto\/cuando-debe-pasar-una-moto-la-primera-itv\/\">primera inspecci\u00f3n de la ITV<\/a> <strong>a los cuatro a\u00f1os<\/strong> de su primera matriculaci\u00f3n. A partir de entonces, en las motos, la inspecci\u00f3n es <strong>obligatoria cada dos a\u00f1os<\/strong>. Los turismos, por su parte, han de pasarla a <strong>partir de los 10 a\u00f1os, de forma anual.<\/strong><\/p>\n\n\n\n<div id=\"ez-toc-container\" class=\"ez-toc-v2_0_82_2 counter-hierarchy ez-toc-counter ez-toc-grey ez-toc-container-direction\">\n<div class=\"ez-toc-title-container\">\n<p class=\"ez-toc-title\" style=\"cursor:inherit\">\u00cdndice<\/p>\n<span class=\"ez-toc-title-toggle\"><a href=\"#\" class=\"ez-toc-pull-right ez-toc-btn ez-toc-btn-xs ez-toc-btn-default ez-toc-toggle\" aria-label=\"Toggle Table of Content\"><span class=\"ez-toc-js-icon-con\"><span class=\"\"><span class=\"eztoc-hide\" style=\"display:none;\">Toggle<\/span><span class=\"ez-toc-icon-toggle-span\"><svg style=\"fill: #999;color:#999\" xmlns=\"http:\/\/www.w3.org\/2000\/svg\" class=\"list-377408\" width=\"20px\" height=\"20px\" viewBox=\"0 0 24 24\" fill=\"none\"><path d=\"M6 6H4v2h2V6zm14 0H8v2h12V6zM4 11h2v2H4v-2zm16 0H8v2h12v-2zM4 16h2v2H4v-2zm16 0H8v2h12v-2z\" fill=\"currentColor\"><\/path><\/svg><svg style=\"fill: #999;color:#999\" class=\"arrow-unsorted-368013\" xmlns=\"http:\/\/www.w3.org\/2000\/svg\" width=\"10px\" height=\"10px\" viewBox=\"0 0 24 24\" version=\"1.2\" baseProfile=\"tiny\"><path d=\"M18.2 9.3l-6.2-6.3-6.2 6.3c-.2.2-.3.4-.3.7s.1.5.3.7c.2.2.4.3.7.3h11c.3 0 .5-.1.7-.3.2-.2.3-.5.3-.7s-.1-.5-.3-.7zM5.8 14.7l6.2 6.3 6.2-6.3c.2-.2.3-.5.3-.7s-.1-.5-.3-.7c-.2-.2-.4-.3-.7-.3h-11c-.3 0-.5.1-.7.3-.2.2-.3.5-.3.7s.1.5.3.7z\"\/><\/svg><\/span><\/span><\/span><\/a><\/span><\/div>\n<nav><ul class='ez-toc-list ez-toc-list-level-1 ' ><li class='ez-toc-page-1 ez-toc-heading-level-2'><a class=\"ez-toc-link ez-toc-heading-1\" href=\"https:\/\/www.boxrepsol.com\/es\/cultura-motera\/pegatina-itv-moto\/#%C2%BFQue_informacion_ofrece_la_pegatina_de_la_ITV_para_moto\" >\u00bfQu\u00e9 informaci\u00f3n ofrece la pegatina de la ITV para moto?<\/a><\/li><li class='ez-toc-page-1 ez-toc-heading-level-2'><a class=\"ez-toc-link ez-toc-heading-2\" href=\"https:\/\/www.boxrepsol.com\/es\/cultura-motera\/pegatina-itv-moto\/#%C2%BFDonde_poner_la_pegatina_de_la_ITV_en_una_moto\" >\u00bfD\u00f3nde poner la pegatina de la ITV en una moto?<\/a><\/li><li class='ez-toc-page-1 ez-toc-heading-level-2'><a class=\"ez-toc-link ez-toc-heading-3\" href=\"https:\/\/www.boxrepsol.com\/es\/cultura-motera\/pegatina-itv-moto\/#%C2%BFEs_obligatorio_llevar_la_pegatina_de_la_ITV\" >\u00bfEs obligatorio llevar la pegatina de la ITV?<\/a><ul class='ez-toc-list-level-3' ><li class='ez-toc-heading-level-3'><a class=\"ez-toc-link ez-toc-heading-4\" href=\"https:\/\/www.boxrepsol.com\/es\/cultura-motera\/pegatina-itv-moto\/#Multa_por_no_llevar_la_pegatina_de_la_ITV\" >Multa por no llevar la pegatina de la ITV<\/a><\/li><\/ul><\/li><\/ul><\/nav><\/div>\n<h2 class=\"wp-block-heading\"><span class=\"ez-toc-section\" id=\"%C2%BFQue_informacion_ofrece_la_pegatina_de_la_ITV_para_moto\"><\/span><strong>\u00bfQu\u00e9 informaci\u00f3n ofrece la pegatina de la ITV para moto?<\/strong><span class=\"ez-toc-section-end\"><\/span><\/h2>\n\n\n\n<p>El hecho de portar la pegatina representa que tu moto ha superado satisfactoriamente la revisi\u00f3n <strong>y que est\u00e1 apta para circular<\/strong> libremente por las v\u00edas p\u00fablicas. Este adhesivo <strong>cambia de color anualmente<\/strong> y se indica el a\u00f1o y el mes en el que debes pasar la siguiente revisi\u00f3n. Igualmente, en la ficha t\u00e9cnica de tu moto se reflejar\u00e1 la <strong>fecha de la validez de la \u00faltima ITV<\/strong> superada.<\/p>\n\n\n\n<p>En la inspecci\u00f3n, los t\u00e9cnicos <strong>revisan todos los detalles de seguridad de la moto<\/strong> y su estado general. Se comprueba la condici\u00f3n del alumbrado delantero y trasero, los intermitentes, <a href=\"https:\/\/www.boxrepsol.com\/es\/tecnologia\/catadioptrico-de-moto\/\">los catadi\u00f3ptricos<\/a>, el manillar, las manetas, los frenos, los neum\u00e1ticos, los espejos retrovisores, las suspensiones, as\u00ed como <a href=\"https:\/\/www.boxrepsol.com\/es\/tecnologia\/carenado-moto-que-es\/\">el carenado<\/a>, si la moto contara con este elemento. Hay dos aspectos en los que los t\u00e9cnicos inciden especialmente: <strong>la <\/strong><a href=\"https:\/\/www.boxrepsol.com\/es\/vive-tu-moto\/diferencias-entre-la-normativa-euro-4-y-la-normativa-euro-5-sostenibilidad-del-motor\/\"><strong>emisi\u00f3n de gases<\/strong><\/a><strong> y el nivel sonoro<\/strong>.<\/p>\n\n\n\n<figure class=\"wp-block-image size-full\"><img loading=\"lazy\" decoding=\"async\" width=\"600\" height=\"400\" src=\"https:\/\/bxrepsol.s3.eu-west-1.amazonaws.com\/static\/2024\/10\/03100706\/ITV-1.jpg\" alt=\"ITV de moto\" class=\"wp-image-120368\" srcset=\"https:\/\/bxrepsol.s3.eu-west-1.amazonaws.com\/static\/2024\/10\/03100706\/ITV-1.jpg 600w, https:\/\/bxrepsol.s3.eu-west-1.amazonaws.com\/static\/2024\/10\/03100706\/ITV-1-300x200.jpg 300w\" sizes=\"auto, (max-width: 600px) 100vw, 600px\" \/><\/figure>\n\n\n\n<p><\/p>\n\n\n\n<h2 class=\"wp-block-heading\"><span class=\"ez-toc-section\" id=\"%C2%BFDonde_poner_la_pegatina_de_la_ITV_en_una_moto\"><\/span><strong>\u00bfD\u00f3nde poner la pegatina de la ITV en una moto?<\/strong><span class=\"ez-toc-section-end\"><\/span><\/h2>\n\n\n\n<p>El Reglamento General de Veh\u00edculos establece que la ubicaci\u00f3n de la pegatina de la ITV es <strong>en el&nbsp;\u00e1ngulo superior derecho del parabrisas<\/strong>, siempre en la&nbsp;parte interior, cuando la pegatina sea autoadhesiva y la moto cuente con una pantalla o carenado donde fijarla. Evidentemente, la redacci\u00f3n de este art\u00edculo se ha planteado pensando exclusivamente en los turismos, olvidando que no todas las motos cuentan con un parabrisas.<\/p>\n\n\n\n<p>En caso contrario, las estaciones de ITV facilitan una pegatina que se fija en el exterior, como cualquier otro adhesivo. Sin embargo, <strong>el Reglamento&nbsp;no especifica&nbsp;claramente una ubicaci\u00f3n<\/strong> cuando no se puede fijar en la zona establecida. Esta falta de precisi\u00f3n genera dudas entre los usuarios y provoca muchas confusiones.<\/p>\n\n\n\n<figure class=\"wp-block-image size-full\"><img loading=\"lazy\" decoding=\"async\" width=\"600\" height=\"400\" src=\"https:\/\/bxrepsol.s3.eu-west-1.amazonaws.com\/static\/2024\/10\/03101343\/itv-4.jpg\" alt=\"\" class=\"wp-image-120381\" srcset=\"https:\/\/bxrepsol.s3.eu-west-1.amazonaws.com\/static\/2024\/10\/03101343\/itv-4.jpg 600w, https:\/\/bxrepsol.s3.eu-west-1.amazonaws.com\/static\/2024\/10\/03101343\/itv-4-300x200.jpg 300w\" sizes=\"auto, (max-width: 600px) 100vw, 600px\" \/><\/figure>\n\n\n\n<p>Por ello se han dado <strong>como v\u00e1lidas otras ubicaciones<\/strong> en diferentes lugares de la motocicleta:<\/p>\n\n\n\n<p>&#8211; El lateral derecho del <strong>guardabarros trasero<\/strong>.<\/p>\n\n\n\n<p>&#8211; El <strong>carenado frontal<\/strong> (si lo hubiera).<\/p>\n\n\n\n<p>&#8211; Sobre <a href=\"https:\/\/www.boxrepsol.com\/es\/tecnologia\/basculante-moto-usos-y-tipos\/\"><strong>el basculante<\/strong><\/a>, o en las botellas de la suspensi\u00f3n delantera.<\/p>\n\n\n\n<p>&#8211; <strong>En cualquier parte del chasis<\/strong>, mientras sea bien visible.<\/p>\n\n\n\n<p>Por lo general, es preferible situar la pegatina <strong>en el lado derecho<\/strong>. Tambi\u00e9n es importante evitar su colocaci\u00f3n en lugares donde la pegatina <strong>quede expuesta al desgaste<\/strong> \u2013por el rozamiento con las piernas u otra parte del cuerpo, por ejemplo- y su consiguiente deterioro, o donde pueda desprenderse con el uso del veh\u00edculo.<\/p>\n\n\n\n<h2 class=\"wp-block-heading\"><span class=\"ez-toc-section\" id=\"%C2%BFEs_obligatorio_llevar_la_pegatina_de_la_ITV\"><\/span><strong>\u00bfEs obligatorio llevar la pegatina de la ITV?<\/strong><span class=\"ez-toc-section-end\"><\/span><\/h2>\n\n\n\n<p><strong>S\u00ed, es obligatorio<\/strong>. La pegatina es una prueba visual de que la moto ha superado la ITV y cumple con los requisitos de seguridad y emisiones exigidos. <strong>Circular sin ella puede implicar <\/strong><a href=\"https:\/\/www.boxrepsol.com\/es\/vive-tu-moto\/como-saber-si-tengo-multas\/\"><strong>multas y sanciones<\/strong><\/a>, aunque hayas superado satisfactoriamente la inspecci\u00f3n. De hecho, no s\u00f3lo es indispensable llevarla, sino que&nbsp;adem\u00e1s <strong>debe estar en un lugar visible<\/strong>.<\/p>\n\n\n\n<figure class=\"wp-block-image size-full\"><img loading=\"lazy\" decoding=\"async\" width=\"600\" height=\"400\" src=\"https:\/\/bxrepsol.s3.eu-west-1.amazonaws.com\/static\/2024\/10\/03100818\/itv-angel-nieto-1.jpg\" alt=\"\" class=\"wp-image-120372\" srcset=\"https:\/\/bxrepsol.s3.eu-west-1.amazonaws.com\/static\/2024\/10\/03100818\/itv-angel-nieto-1.jpg 600w, https:\/\/bxrepsol.s3.eu-west-1.amazonaws.com\/static\/2024\/10\/03100818\/itv-angel-nieto-1-300x200.jpg 300w\" sizes=\"auto, (max-width: 600px) 100vw, 600px\" \/><\/figure>\n\n\n\n<p>La ambig\u00fcedad en la norma sobre la fijaci\u00f3n de la pegatina de la ITV en la moto hace que su ubicaci\u00f3n <strong>la decida el propietario<\/strong>. \u00c9ste puede seguir su criterio, aunque la prioridad sea que se encuentre en un lugar visible<\/p>\n\n\n\n<h3 class=\"wp-block-heading\"><span class=\"ez-toc-section\" id=\"Multa_por_no_llevar_la_pegatina_de_la_ITV\"><\/span><strong>Multa por no llevar la pegatina de la ITV<\/strong><span class=\"ez-toc-section-end\"><\/span><\/h3>\n\n\n\n<p>En este contexto, existen dos sanciones importantes para los propietarios de veh\u00edculos:<\/p>\n\n\n\n<ul class=\"wp-block-list\">\n<li>La multa por no tener visible la pegatina de la ITV var\u00eda <strong>entre 80 y 100 euros<\/strong>.<\/li>\n\n\n\n<li>La multa por llevar <strong>varias pegatinas de la ITV pegadas asciende a 200 euros<\/strong>, ya que solo debe exhibirse la m\u00e1s reciente.<\/li>\n<\/ul>\n\n\n\n<figure class=\"wp-block-image size-full\"><img loading=\"lazy\" decoding=\"async\" width=\"600\" height=\"400\" src=\"https:\/\/bxrepsol.s3.eu-west-1.amazonaws.com\/static\/2024\/10\/03100844\/itv2.jpg\" alt=\"ITV moto 3\" class=\"wp-image-120376\" srcset=\"https:\/\/bxrepsol.s3.eu-west-1.amazonaws.com\/static\/2024\/10\/03100844\/itv2.jpg 600w, https:\/\/bxrepsol.s3.eu-west-1.amazonaws.com\/static\/2024\/10\/03100844\/itv2-300x200.jpg 300w\" sizes=\"auto, (max-width: 600px) 100vw, 600px\" \/><\/figure>\n\n\n\n<p>Ambas sanciones son de car\u00e1cter administrativo, <strong>consideradas leves<\/strong>, no implican la <a href=\"https:\/\/www.boxrepsol.com\/es\/vive-tu-moto\/como-recuperar-puntos-del-carnet\/\">p\u00e9rdida de puntos<\/a> y siempre recaen sobre el titular del veh\u00edculo, no sobre el conductor.<\/p>\n","protected":false},"excerpt":{"rendered":"<p>La Inspecci\u00f3n T\u00e9cnica de Veh\u00edculos (ITV) es un tr\u00e1mite que cualquier veh\u00edculo, ya sea coche o moto, tiene que pasar. Por este motivo, es importante saber que la pegatina identificativa de haber superado la revisi\u00f3n debe estar en un lugar bien visible para evitar posibles sanciones.<\/p>\n","protected":false},"author":41268,"featured_media":120379,"comment_status":"open","ping_status":"open","sticky":false,"template":"","format":"standard","meta":{"footnotes":""},"categories":[160],"tags":[425,346],"class_list":["post-120361","post","type-post","status-publish","format-standard","hentry","category-cultura-motera","tag-consejos-de-trafico","tag-seguridad"],"yoast_head":"<!-- This site is optimized with the Yoast SEO plugin v27.3 - https:\/\/yoast.com\/product\/yoast-seo-wordpress\/ -->\n<title>Pegatina itv moto: \u00bfD\u00f3nde colocarla? - Box Repsol<\/title>\n<meta name=\"description\" content=\"Todo sobre la pegatina de la ITV para motos: \u00bfd\u00f3nde y c\u00f3mo colocarla correctamente? Aseg\u00farate de cumplir con las normativas y evita problemas en la carretera.\" \/>\n<link rel=\"canonical\" href=\"https:\/\/www.boxrepsol.com\/es\/cultura-motera\/pegatina-itv-moto\/\" \/>\n<meta property=\"og:locale\" content=\"es_ES\" \/>\n<meta property=\"og:type\" content=\"article\" \/>\n<meta property=\"og:title\" content=\"Pegatina itv moto: \u00bfD\u00f3nde colocarla? - Box Repsol\" \/>\n<meta property=\"og:description\" content=\"Todo sobre la pegatina de la ITV para motos: \u00bfd\u00f3nde y c\u00f3mo colocarla correctamente? Aseg\u00farate de cumplir con las normativas y evita problemas en la carretera.\" \/>\n<meta property=\"og:url\" content=\"https:\/\/www.boxrepsol.com\/es\/cultura-motera\/pegatina-itv-moto\/\" \/>\n<meta property=\"og:site_name\" content=\"Box Repsol\" \/>\n<meta property=\"article:publisher\" content=\"https:\/\/www.facebook.com\/BoxRepsol\" \/>\n<meta property=\"article:published_time\" content=\"2024-10-03T12:10:26+00:00\" \/>\n<meta property=\"article:modified_time\" content=\"2024-10-03T12:14:14+00:00\" \/>\n<meta property=\"og:image\" content=\"https:\/\/bxrepsol.s3.eu-west-1.amazonaws.com\/static\/2024\/10\/03101334\/Portada-2.jpg\" \/>\n\t<meta property=\"og:image:width\" content=\"1280\" \/>\n\t<meta property=\"og:image:height\" content=\"650\" \/>\n\t<meta property=\"og:image:type\" content=\"image\/jpeg\" \/>\n<meta name=\"author\" content=\"Juan Pedro de la Torre\" \/>\n<meta name=\"twitter:card\" content=\"summary_large_image\" \/>\n<meta name=\"twitter:creator\" content=\"@https:\/\/twitter.com\/JPdelaTorre1965\" \/>\n<meta name=\"twitter:site\" content=\"@box_repsol\" \/>\n<meta name=\"twitter:label1\" content=\"Written by\" \/>\n\t<meta name=\"twitter:data1\" content=\"Juan Pedro de la Torre\" \/>\n\t<meta name=\"twitter:label2\" content=\"Est. reading time\" \/>\n\t<meta name=\"twitter:data2\" content=\"3 minutos\" \/>\n<script type=\"application\/ld+json\" class=\"yoast-schema-graph\">{\"@context\":\"https:\\\/\\\/schema.org\",\"@graph\":[{\"@type\":\"Article\",\"@id\":\"https:\\\/\\\/www.boxrepsol.com\\\/es\\\/cultura-motera\\\/pegatina-itv-moto\\\/#article\",\"isPartOf\":{\"@id\":\"https:\\\/\\\/www.boxrepsol.com\\\/es\\\/cultura-motera\\\/pegatina-itv-moto\\\/\"},\"author\":{\"name\":\"Juan Pedro de la Torre\",\"@id\":\"https:\\\/\\\/www.boxrepsol.com\\\/es\\\/#\\\/schema\\\/person\\\/26abce1d675df22d63ac9e9d5f23e4aa\"},\"headline\":\"\u00bfD\u00f3nde poner la pegatina de la ITV en la moto?\",\"datePublished\":\"2024-10-03T12:10:26+00:00\",\"dateModified\":\"2024-10-03T12:14:14+00:00\",\"mainEntityOfPage\":{\"@id\":\"https:\\\/\\\/www.boxrepsol.com\\\/es\\\/cultura-motera\\\/pegatina-itv-moto\\\/\"},\"wordCount\":688,\"commentCount\":0,\"publisher\":{\"@id\":\"https:\\\/\\\/www.boxrepsol.com\\\/es\\\/#organization\"},\"image\":{\"@id\":\"https:\\\/\\\/www.boxrepsol.com\\\/es\\\/cultura-motera\\\/pegatina-itv-moto\\\/#primaryimage\"},\"thumbnailUrl\":\"https:\\\/\\\/bxrepsol.s3.eu-west-1.amazonaws.com\\\/static\\\/2024\\\/10\\\/03101334\\\/Portada-2.jpg\",\"keywords\":[\"Consejos tr\u00e1fico\",\"Seguridad\"],\"articleSection\":[\"Cultura Motera\"],\"inLanguage\":\"es\",\"potentialAction\":[{\"@type\":\"CommentAction\",\"name\":\"Comment\",\"target\":[\"https:\\\/\\\/www.boxrepsol.com\\\/es\\\/cultura-motera\\\/pegatina-itv-moto\\\/#respond\"]}]},{\"@type\":\"WebPage\",\"@id\":\"https:\\\/\\\/www.boxrepsol.com\\\/es\\\/cultura-motera\\\/pegatina-itv-moto\\\/\",\"url\":\"https:\\\/\\\/www.boxrepsol.com\\\/es\\\/cultura-motera\\\/pegatina-itv-moto\\\/\",\"name\":\"Pegatina itv moto: \u00bfD\u00f3nde colocarla? - Box Repsol\",\"isPartOf\":{\"@id\":\"https:\\\/\\\/www.boxrepsol.com\\\/es\\\/#website\"},\"primaryImageOfPage\":{\"@id\":\"https:\\\/\\\/www.boxrepsol.com\\\/es\\\/cultura-motera\\\/pegatina-itv-moto\\\/#primaryimage\"},\"image\":{\"@id\":\"https:\\\/\\\/www.boxrepsol.com\\\/es\\\/cultura-motera\\\/pegatina-itv-moto\\\/#primaryimage\"},\"thumbnailUrl\":\"https:\\\/\\\/bxrepsol.s3.eu-west-1.amazonaws.com\\\/static\\\/2024\\\/10\\\/03101334\\\/Portada-2.jpg\",\"datePublished\":\"2024-10-03T12:10:26+00:00\",\"dateModified\":\"2024-10-03T12:14:14+00:00\",\"description\":\"Todo sobre la pegatina de la ITV para motos: \u00bfd\u00f3nde y c\u00f3mo colocarla correctamente? Aseg\u00farate de cumplir con las normativas y evita problemas en la carretera.\",\"breadcrumb\":{\"@id\":\"https:\\\/\\\/www.boxrepsol.com\\\/es\\\/cultura-motera\\\/pegatina-itv-moto\\\/#breadcrumb\"},\"inLanguage\":\"es\",\"potentialAction\":[{\"@type\":\"ReadAction\",\"target\":[\"https:\\\/\\\/www.boxrepsol.com\\\/es\\\/cultura-motera\\\/pegatina-itv-moto\\\/\"]}]},{\"@type\":\"ImageObject\",\"inLanguage\":\"es\",\"@id\":\"https:\\\/\\\/www.boxrepsol.com\\\/es\\\/cultura-motera\\\/pegatina-itv-moto\\\/#primaryimage\",\"url\":\"https:\\\/\\\/bxrepsol.s3.eu-west-1.amazonaws.com\\\/static\\\/2024\\\/10\\\/03101334\\\/Portada-2.jpg\",\"contentUrl\":\"https:\\\/\\\/bxrepsol.s3.eu-west-1.amazonaws.com\\\/static\\\/2024\\\/10\\\/03101334\\\/Portada-2.jpg\",\"width\":1280,\"height\":650},{\"@type\":\"BreadcrumbList\",\"@id\":\"https:\\\/\\\/www.boxrepsol.com\\\/es\\\/cultura-motera\\\/pegatina-itv-moto\\\/#breadcrumb\",\"itemListElement\":[{\"@type\":\"ListItem\",\"position\":1,\"name\":\"Home\",\"item\":\"https:\\\/\\\/www.boxrepsol.com\\\/es\\\/\"},{\"@type\":\"ListItem\",\"position\":2,\"name\":\"\u00bfD\u00f3nde poner la pegatina de la ITV en la moto?\"}]},{\"@type\":\"WebSite\",\"@id\":\"https:\\\/\\\/www.boxrepsol.com\\\/es\\\/#website\",\"url\":\"https:\\\/\\\/www.boxrepsol.com\\\/es\\\/\",\"name\":\"Box Repsol\",\"description\":\"Box Repsol Site\",\"publisher\":{\"@id\":\"https:\\\/\\\/www.boxrepsol.com\\\/es\\\/#organization\"},\"potentialAction\":[{\"@type\":\"SearchAction\",\"target\":{\"@type\":\"EntryPoint\",\"urlTemplate\":\"https:\\\/\\\/www.boxrepsol.com\\\/es\\\/?s={search_term_string}\"},\"query-input\":{\"@type\":\"PropertyValueSpecification\",\"valueRequired\":true,\"valueName\":\"search_term_string\"}}],\"inLanguage\":\"es\"},{\"@type\":\"Organization\",\"@id\":\"https:\\\/\\\/www.boxrepsol.com\\\/es\\\/#organization\",\"name\":\"Box Repsol\",\"url\":\"https:\\\/\\\/www.boxrepsol.com\\\/es\\\/\",\"logo\":{\"@type\":\"ImageObject\",\"inLanguage\":\"es\",\"@id\":\"https:\\\/\\\/www.boxrepsol.com\\\/es\\\/#\\\/schema\\\/logo\\\/image\\\/\",\"url\":\"https:\\\/\\\/bxrepsol.s3.eu-west-1.amazonaws.com\\\/static\\\/2025\\\/07\\\/30083337\\\/favicon-96x96-1.png\",\"contentUrl\":\"https:\\\/\\\/bxrepsol.s3.eu-west-1.amazonaws.com\\\/static\\\/2025\\\/07\\\/30083337\\\/favicon-96x96-1.png\",\"width\":96,\"height\":96,\"caption\":\"Box Repsol\"},\"image\":{\"@id\":\"https:\\\/\\\/www.boxrepsol.com\\\/es\\\/#\\\/schema\\\/logo\\\/image\\\/\"},\"sameAs\":[\"https:\\\/\\\/www.facebook.com\\\/BoxRepsol\",\"https:\\\/\\\/x.com\\\/box_repsol\",\"http:\\\/\\\/instagram.com\\\/box_repsol\",\"https:\\\/\\\/www.youtube.com\\\/user\\\/RepsolCompeticion\",\"https:\\\/\\\/www.flickr.com\\\/photos\\\/box_repsol\\\/\"]},{\"@type\":\"Person\",\"@id\":\"https:\\\/\\\/www.boxrepsol.com\\\/es\\\/#\\\/schema\\\/person\\\/26abce1d675df22d63ac9e9d5f23e4aa\",\"name\":\"Juan Pedro de la Torre\",\"image\":{\"@type\":\"ImageObject\",\"inLanguage\":\"es\",\"@id\":\"https:\\\/\\\/secure.gravatar.com\\\/avatar\\\/e81f780ee2930d7be330cb34304decf0e9bc66bec0158805a0fe2726f4517224?s=96&d=mm&r=g\",\"url\":\"https:\\\/\\\/secure.gravatar.com\\\/avatar\\\/e81f780ee2930d7be330cb34304decf0e9bc66bec0158805a0fe2726f4517224?s=96&d=mm&r=g\",\"contentUrl\":\"https:\\\/\\\/secure.gravatar.com\\\/avatar\\\/e81f780ee2930d7be330cb34304decf0e9bc66bec0158805a0fe2726f4517224?s=96&d=mm&r=g\",\"caption\":\"Juan Pedro de la Torre\"},\"description\":\"Se inici\u00f3 en el diario Marca en 1988 y posteriormente pas\u00f3 a la revista Motociclismo, donde llegar\u00eda a ser director de deporte. Despu\u00e9s fue editor y director de Motoworld.es y Sport Bikes y colabor\u00f3 con varios medios. Adem\u00e1s, ha publicado una docena de libros y actualmente trabaja como colaborador para Motociclismo, El Confidencial y Box Repsol.\",\"sameAs\":[\"https:\\\/\\\/x.com\\\/https:\\\/\\\/twitter.com\\\/JPdelaTorre1965\",\"https:\\\/\\\/youtube.com\\\/@juanpedrodelatorremotoworld\"],\"url\":\"https:\\\/\\\/www.boxrepsol.com\\\/es\\\/author\\\/juanpedro_delatorre\\\/\"}]}<\/script>\n<!-- \/ Yoast SEO plugin. -->","yoast_head_json":{"title":"Pegatina itv moto: \u00bfD\u00f3nde colocarla? - Box Repsol","description":"Todo sobre la pegatina de la ITV para motos: \u00bfd\u00f3nde y c\u00f3mo colocarla correctamente? Aseg\u00farate de cumplir con las normativas y evita problemas en la carretera.","canonical":"https:\/\/www.boxrepsol.com\/es\/cultura-motera\/pegatina-itv-moto\/","og_locale":"es_ES","og_type":"article","og_title":"Pegatina itv moto: \u00bfD\u00f3nde colocarla? - Box Repsol","og_description":"Todo sobre la pegatina de la ITV para motos: \u00bfd\u00f3nde y c\u00f3mo colocarla correctamente? Aseg\u00farate de cumplir con las normativas y evita problemas en la carretera.","og_url":"https:\/\/www.boxrepsol.com\/es\/cultura-motera\/pegatina-itv-moto\/","og_site_name":"Box Repsol","article_publisher":"https:\/\/www.facebook.com\/BoxRepsol","article_published_time":"2024-10-03T12:10:26+00:00","article_modified_time":"2024-10-03T12:14:14+00:00","og_image":[{"width":1280,"height":650,"url":"https:\/\/bxrepsol.s3.eu-west-1.amazonaws.com\/static\/2024\/10\/03101334\/Portada-2.jpg","type":"image\/jpeg"}],"author":"Juan Pedro de la Torre","twitter_card":"summary_large_image","twitter_creator":"@https:\/\/twitter.com\/JPdelaTorre1965","twitter_site":"@box_repsol","twitter_misc":{"Written by":"Juan Pedro de la Torre","Est. reading time":"3 minutos"},"schema":{"@context":"https:\/\/schema.org","@graph":[{"@type":"Article","@id":"https:\/\/www.boxrepsol.com\/es\/cultura-motera\/pegatina-itv-moto\/#article","isPartOf":{"@id":"https:\/\/www.boxrepsol.com\/es\/cultura-motera\/pegatina-itv-moto\/"},"author":{"name":"Juan Pedro de la Torre","@id":"https:\/\/www.boxrepsol.com\/es\/#\/schema\/person\/26abce1d675df22d63ac9e9d5f23e4aa"},"headline":"\u00bfD\u00f3nde poner la pegatina de la ITV en la moto?","datePublished":"2024-10-03T12:10:26+00:00","dateModified":"2024-10-03T12:14:14+00:00","mainEntityOfPage":{"@id":"https:\/\/www.boxrepsol.com\/es\/cultura-motera\/pegatina-itv-moto\/"},"wordCount":688,"commentCount":0,"publisher":{"@id":"https:\/\/www.boxrepsol.com\/es\/#organization"},"image":{"@id":"https:\/\/www.boxrepsol.com\/es\/cultura-motera\/pegatina-itv-moto\/#primaryimage"},"thumbnailUrl":"https:\/\/bxrepsol.s3.eu-west-1.amazonaws.com\/static\/2024\/10\/03101334\/Portada-2.jpg","keywords":["Consejos tr\u00e1fico","Seguridad"],"articleSection":["Cultura Motera"],"inLanguage":"es","potentialAction":[{"@type":"CommentAction","name":"Comment","target":["https:\/\/www.boxrepsol.com\/es\/cultura-motera\/pegatina-itv-moto\/#respond"]}]},{"@type":"WebPage","@id":"https:\/\/www.boxrepsol.com\/es\/cultura-motera\/pegatina-itv-moto\/","url":"https:\/\/www.boxrepsol.com\/es\/cultura-motera\/pegatina-itv-moto\/","name":"Pegatina itv moto: \u00bfD\u00f3nde colocarla? - Box Repsol","isPartOf":{"@id":"https:\/\/www.boxrepsol.com\/es\/#website"},"primaryImageOfPage":{"@id":"https:\/\/www.boxrepsol.com\/es\/cultura-motera\/pegatina-itv-moto\/#primaryimage"},"image":{"@id":"https:\/\/www.boxrepsol.com\/es\/cultura-motera\/pegatina-itv-moto\/#primaryimage"},"thumbnailUrl":"https:\/\/bxrepsol.s3.eu-west-1.amazonaws.com\/static\/2024\/10\/03101334\/Portada-2.jpg","datePublished":"2024-10-03T12:10:26+00:00","dateModified":"2024-10-03T12:14:14+00:00","description":"Todo sobre la pegatina de la ITV para motos: \u00bfd\u00f3nde y c\u00f3mo colocarla correctamente? Aseg\u00farate de cumplir con las normativas y evita problemas en la carretera.","breadcrumb":{"@id":"https:\/\/www.boxrepsol.com\/es\/cultura-motera\/pegatina-itv-moto\/#breadcrumb"},"inLanguage":"es","potentialAction":[{"@type":"ReadAction","target":["https:\/\/www.boxrepsol.com\/es\/cultura-motera\/pegatina-itv-moto\/"]}]},{"@type":"ImageObject","inLanguage":"es","@id":"https:\/\/www.boxrepsol.com\/es\/cultura-motera\/pegatina-itv-moto\/#primaryimage","url":"https:\/\/bxrepsol.s3.eu-west-1.amazonaws.com\/static\/2024\/10\/03101334\/Portada-2.jpg","contentUrl":"https:\/\/bxrepsol.s3.eu-west-1.amazonaws.com\/static\/2024\/10\/03101334\/Portada-2.jpg","width":1280,"height":650},{"@type":"BreadcrumbList","@id":"https:\/\/www.boxrepsol.com\/es\/cultura-motera\/pegatina-itv-moto\/#breadcrumb","itemListElement":[{"@type":"ListItem","position":1,"name":"Home","item":"https:\/\/www.boxrepsol.com\/es\/"},{"@type":"ListItem","position":2,"name":"\u00bfD\u00f3nde poner la pegatina de la ITV en la moto?"}]},{"@type":"WebSite","@id":"https:\/\/www.boxrepsol.com\/es\/#website","url":"https:\/\/www.boxrepsol.com\/es\/","name":"Box Repsol","description":"Box Repsol Site","publisher":{"@id":"https:\/\/www.boxrepsol.com\/es\/#organization"},"potentialAction":[{"@type":"SearchAction","target":{"@type":"EntryPoint","urlTemplate":"https:\/\/www.boxrepsol.com\/es\/?s={search_term_string}"},"query-input":{"@type":"PropertyValueSpecification","valueRequired":true,"valueName":"search_term_string"}}],"inLanguage":"es"},{"@type":"Organization","@id":"https:\/\/www.boxrepsol.com\/es\/#organization","name":"Box Repsol","url":"https:\/\/www.boxrepsol.com\/es\/","logo":{"@type":"ImageObject","inLanguage":"es","@id":"https:\/\/www.boxrepsol.com\/es\/#\/schema\/logo\/image\/","url":"https:\/\/bxrepsol.s3.eu-west-1.amazonaws.com\/static\/2025\/07\/30083337\/favicon-96x96-1.png","contentUrl":"https:\/\/bxrepsol.s3.eu-west-1.amazonaws.com\/static\/2025\/07\/30083337\/favicon-96x96-1.png","width":96,"height":96,"caption":"Box Repsol"},"image":{"@id":"https:\/\/www.boxrepsol.com\/es\/#\/schema\/logo\/image\/"},"sameAs":["https:\/\/www.facebook.com\/BoxRepsol","https:\/\/x.com\/box_repsol","http:\/\/instagram.com\/box_repsol","https:\/\/www.youtube.com\/user\/RepsolCompeticion","https:\/\/www.flickr.com\/photos\/box_repsol\/"]},{"@type":"Person","@id":"https:\/\/www.boxrepsol.com\/es\/#\/schema\/person\/26abce1d675df22d63ac9e9d5f23e4aa","name":"Juan Pedro de la Torre","image":{"@type":"ImageObject","inLanguage":"es","@id":"https:\/\/secure.gravatar.com\/avatar\/e81f780ee2930d7be330cb34304decf0e9bc66bec0158805a0fe2726f4517224?s=96&d=mm&r=g","url":"https:\/\/secure.gravatar.com\/avatar\/e81f780ee2930d7be330cb34304decf0e9bc66bec0158805a0fe2726f4517224?s=96&d=mm&r=g","contentUrl":"https:\/\/secure.gravatar.com\/avatar\/e81f780ee2930d7be330cb34304decf0e9bc66bec0158805a0fe2726f4517224?s=96&d=mm&r=g","caption":"Juan Pedro de la Torre"},"description":"Se inici\u00f3 en el diario Marca en 1988 y posteriormente pas\u00f3 a la revista Motociclismo, donde llegar\u00eda a ser director de deporte. Despu\u00e9s fue editor y director de Motoworld.es y Sport Bikes y colabor\u00f3 con varios medios. Adem\u00e1s, ha publicado una docena de libros y actualmente trabaja como colaborador para Motociclismo, El Confidencial y Box Repsol.","sameAs":["https:\/\/x.com\/https:\/\/twitter.com\/JPdelaTorre1965","https:\/\/youtube.com\/@juanpedrodelatorremotoworld"],"url":"https:\/\/www.boxrepsol.com\/es\/author\/juanpedro_delatorre\/"}]}},"_links":{"self":[{"href":"https:\/\/www.boxrepsol.com\/es\/wp-json\/wp\/v2\/posts\/120361","targetHints":{"allow":["GET"]}}],"collection":[{"href":"https:\/\/www.boxrepsol.com\/es\/wp-json\/wp\/v2\/posts"}],"about":[{"href":"https:\/\/www.boxrepsol.com\/es\/wp-json\/wp\/v2\/types\/post"}],"author":[{"embeddable":true,"href":"https:\/\/www.boxrepsol.com\/es\/wp-json\/wp\/v2\/users\/41268"}],"replies":[{"embeddable":true,"href":"https:\/\/www.boxrepsol.com\/es\/wp-json\/wp\/v2\/comments?post=120361"}],"version-history":[{"count":6,"href":"https:\/\/www.boxrepsol.com\/es\/wp-json\/wp\/v2\/posts\/120361\/revisions"}],"predecessor-version":[{"id":120384,"href":"https:\/\/www.boxrepsol.com\/es\/wp-json\/wp\/v2\/posts\/120361\/revisions\/120384"}],"wp:featuredmedia":[{"embeddable":true,"href":"https:\/\/www.boxrepsol.com\/es\/wp-json\/wp\/v2\/media\/120379"}],"wp:attachment":[{"href":"https:\/\/www.boxrepsol.com\/es\/wp-json\/wp\/v2\/media?parent=120361"}],"wp:term":[{"taxonomy":"category","embeddable":true,"href":"https:\/\/www.boxrepsol.com\/es\/wp-json\/wp\/v2\/categories?post=120361"},{"taxonomy":"post_tag","embeddable":true,"href":"https:\/\/www.boxrepsol.com\/es\/wp-json\/wp\/v2\/tags?post=120361"}],"curies":[{"name":"wp","href":"https:\/\/api.w.org\/{rel}","templated":true}]}}