{"id":119881,"date":"2024-09-22T10:36:30","date_gmt":"2024-09-22T12:36:30","guid":{"rendered":"https:\/\/www.boxrepsol.com\/?p=119881"},"modified":"2025-06-27T06:47:51","modified_gmt":"2025-06-27T08:47:51","slug":"resultados-del-gp-de-la-emilia-romagna-de-motogp-2024","status":"publish","type":"post","link":"https:\/\/www.boxrepsol.com\/es\/motogp\/resultados-del-gp-de-la-emilia-romagna-de-motogp-2024\/","title":{"rendered":"Resultados del GP de la Emilia Romagna de MotoGP 2024"},"content":{"rendered":"<figure class=\"wp-block-post-featured-image\"><img loading=\"lazy\" decoding=\"async\" width=\"1250\" height=\"650\" src=\"https:\/\/bxrepsol.s3.eu-west-1.amazonaws.com\/static\/2024\/09\/22103621\/Joan_Mir_Luca_Marini_Emilia_Romagna_2024.jpg\" class=\"attachment-post-thumbnail size-post-thumbnail wp-post-image\" alt=\"\" style=\"object-fit:cover;\" srcset=\"https:\/\/bxrepsol.s3.eu-west-1.amazonaws.com\/static\/2024\/09\/22103621\/Joan_Mir_Luca_Marini_Emilia_Romagna_2024.jpg 1250w, https:\/\/bxrepsol.s3.eu-west-1.amazonaws.com\/static\/2024\/09\/22103621\/Joan_Mir_Luca_Marini_Emilia_Romagna_2024-300x156.jpg 300w, https:\/\/bxrepsol.s3.eu-west-1.amazonaws.com\/static\/2024\/09\/22103621\/Joan_Mir_Luca_Marini_Emilia_Romagna_2024-1024x532.jpg 1024w, https:\/\/bxrepsol.s3.eu-west-1.amazonaws.com\/static\/2024\/09\/22103621\/Joan_Mir_Luca_Marini_Emilia_Romagna_2024-768x399.jpg 768w\" sizes=\"auto, (max-width: 1250px) 100vw, 1250px\" \/><\/figure>\n\n\n<p>El <strong>Gran Premio de Emilia Romagna<\/strong> ha ofrecido grandes emociones hasta la \u00faltima vuelta, en la que <strong>Enea Bastianini ha logrado hacerse con el triunfo<\/strong>. El italiano ha sumado la victoria n\u00famero 100 de Ducati en la categor\u00eda reina y asegurar el t\u00edtulo de constructores para la f\u00e1brica de Bolonia por tercer a\u00f1o consecutivo, cuando todav\u00eda quedan 6 carreras para terminar la temporada.<\/p>\n\n\n\n<p>Importante <strong>segunda posici\u00f3n para Jorge Mart\u00edn<\/strong>, que ha liderado toda la carrera, hasta que ha sido superado en el \u00faltimo giro por Bastianini. Sin embargo, una <strong>ca\u00edda de \u2018Pecco\u2019 Bagnaia<\/strong> cuando rodaba en solitario en tercera posici\u00f3n, tratando de recuperar terreno sobre los primeros, le permite al espa\u00f1ol ampliar su liderato en la clasificaci\u00f3n general.<\/p>\n\n\n\n<p>La ca\u00edda de Bagnaia ha permitido a <strong>Marc M\u00e1rquez<\/strong> subir de nuevo al podio de Misano, en <strong>tercera posici\u00f3n<\/strong>. Tras \u00e9l, han completado el top-10 Bezzechi, Morbidelli, Vi\u00f1ales, Quartararo, Espargar\u00f3, \u00c1lex M\u00e1rquez y Miguel Oliveira.<\/p>\n\n\n\n<h2 class=\"wp-block-heading\"><strong><strong>Buen trabajo del equipo Repsol Honda<\/strong><\/strong><\/h2>\n\n\n\n<p>Paso adelante de Joan Mir y Luca Marini hoy en Misano. Los <strong>pilotos del equipo Repsol Honda<\/strong> han logrado seguir progresando y mejorar sus resultados de ayer, terminando ambos en la zona de puntos.<\/p>\n\n\n\n<p><strong>Joan Mir<\/strong>, que part\u00eda desde la decimosexta posici\u00f3n, ha ganado un par de posiciones en la salida, aunque no ha logrado mantener el ritmo en la primera mitad de carrera y ha ca\u00eddo hasta la decimoctava posici\u00f3n. Vuelta a vuelta, Mir ha logrado recuperar terreno, entrar en la zona de puntos, y pasar bajo la bandera de cuadros en una positiva <strong>und\u00e9cima plaza<\/strong>.<\/p>\n\n\n\n<p>En el otro lado del box, carrera de menos a m\u00e1s tambi\u00e9n para <strong>Luca Marini<\/strong>. Pese a no hacer una buena salida, ha logrado mantener el ritmo, recuperar terreno y remontar desde la vig\u00e9simo primera posici\u00f3n que ocupaba en la segunda vuelta, a la <strong>decimosegunda al cruzar la meta<\/strong>. Pr\u00f3xima cita del Mundial, la semana que viene en Indonesia, primera prueba del tramo final del campeonato que inicia su periplo por Asia, antes de regresar a Europa para la \u00faltima carrera del <a href=\"https:\/\/www.boxrepsol.com\/es\/calendario-gp\/calendario-motogp-2024\/\">calendario <\/a>en Valencia, el 17 de noviembre.<\/p>\n\n\n\n<p><\/p>\n\n\n\n<h2 class=\"wp-block-heading\"><strong>Resultados de la carrera: GP de Emilia Romagna GP (27 vueltas<\/strong>)<\/h2>\n\n\n\n<figure class=\"wp-block-table is-style-stripes\"><table><tbody><tr><td><strong>PILOTO<\/strong><\/td><td><strong>EQUIPO<\/strong><\/td><td><strong>TIEMPO<\/strong><\/td><\/tr><tr><td>1. Enea Bastianini<\/td><td>DUCATI<\/td><td>41&#8217;14.653<\/td><\/tr><tr><td>2. Jorge Mart\u00edn<\/td><td>DUCATI<\/td><td>+5.002<\/td><\/tr><tr><td>3. Marc M\u00e1rquez<\/td><td>DUCATI<\/td><td>+7.848<\/td><\/tr><tr><td>4. Marco Bezzecchi<\/td><td>DUCATI<\/td><td>+9.200<\/td><\/tr><tr><td>5. Franco Morbidelli<\/td><td>DUCATI<\/td><td>+13.601<\/td><\/tr><tr><td>6. Maverick Vi\u00f1ales<\/td><td>APRILIA<\/td><td>+15.484<\/td><\/tr><tr><td>7. Fabio Quartararo<\/td><td>YAMAHA<\/td><td>+20.922<\/td><\/tr><tr><td>8. Aleix Espargar\u00f3<\/td><td>APRILIA<\/td><td>+22.795<\/td><\/tr><tr><td>9. \u00c1lex M\u00e1rquez<\/td><td>DUCATI<\/td><td>+27.704<\/td><\/tr><tr><td>10. Miguel Oliveira<\/td><td>APRILIA<\/td><td>+31.891<\/td><\/tr><tr><td><strong>11. Joan Mir<\/strong><\/td><td>REPSOL HONDA<\/td><td>+33.062<\/td><\/tr><tr><td><strong>12. Luca Marini<\/strong><\/td><td>REPSOL HONDA<\/td><td>+35.411<\/td><\/tr><tr><td>13. Ra\u00fal Fern\u00e1ndez<\/td><td>APRILIA<\/td><td>+36.335<\/td><\/tr><tr><td>14. Fabio Di Giannantonio<\/td><td>DUCATI<\/td><td>+37.395<\/td><\/tr><tr><td>15. Johann Zarco<\/td><td>HONDA<\/td><td>+38.909<\/td><\/tr><tr><td>16. Jack Miller<\/td><td>KTM<\/td><td>+40.454<\/td><\/tr><tr><td>17. Takaaki Nakagami<\/td><td>HONDA<\/td><td>+46.394<\/td><\/tr><tr><td>18. Augusto Fern\u00e1ndez<\/td><td>GAS GAS<\/td><td>+47.755<\/td><\/tr><tr><td>19. Brad Binder<\/td><td>KTM<\/td><td>+1&#8217;25.918<\/td><\/tr><\/tbody><\/table><\/figure>\n\n\n\n<p><\/p>\n\n\n\n<h2 class=\"wp-block-heading\"><strong>Clasificaci\u00f3n general<\/strong><\/h2>\n\n\n\n<figure class=\"wp-block-table is-style-stripes\"><table><tbody><tr><td><strong>PILOTO<\/strong><\/td><td><strong>EQUIPO<\/strong><\/td><td><strong>PUNTOS<\/strong><\/td><\/tr><tr><td>1. Jorge Mart\u00edn<\/td><td>DUCATI<\/td><td>341<\/td><\/tr><tr><td>2.  &#8216;Pecco&#8217; Bagnaia<\/td><td>DUCATI<\/td><td>317<\/td><\/tr><tr><td>3. Enea Bastianini<\/td><td>DUCATI<\/td><td>282<\/td><\/tr><tr><td>4. Marc M\u00e1rquez<\/td><td>DUCATI<\/td><td>281<\/td><\/tr><tr><td>5. Brad Binder<\/td><td>KTM<\/td><td>165<\/td><\/tr><tr><td>6. Pedro Acosta<\/td><td>GASGAS<\/td><td>157<\/td><\/tr><tr><td>7.  Maverick Vi\u00f1ales<\/td><td>APRILIA<\/td><td>149<\/td><\/tr><tr><td>8. Aleix Espargar\u00f3<\/td><td>APRILIA<\/td><td>127<\/td><\/tr><tr><td>9. \u00c1lex M\u00e1rquez<\/td><td>DUCATI<\/td><td>121<\/td><\/tr><tr><td>10. Fabio Di Giannantonio<\/td><td>DUCATI<\/td><td>121<\/td><\/tr><tr><td>11. Marco Bezzecchi<\/td><td>DUCATI<\/td><td>108<\/td><\/tr><tr><td>12. Franco Morbidelli<\/td><td>DUCATI<\/td><td>102<\/td><\/tr><tr><td>13. Fabio Quartararo<\/td><td>YAMAHA<\/td><td>73<\/td><\/tr><tr><td>14. Miguel Oliveira<\/td><td>APRILIA<\/td><td>71<\/td><\/tr><tr><td>15. Jack Miller<\/td><td>KTM<\/td><td>58<\/td><\/tr><tr><td>16. Ra\u00fal Fern\u00e1ndez<\/td><td>APRILIA<\/td><td>49<\/td><\/tr><tr><td>17. Johann Zarco<\/td><td>HONDA<\/td><td>22<\/td><\/tr><tr><td>18. Takaaki Nakagami<\/td><td>HONDA<\/td><td>21<\/td><\/tr><tr><td><strong>19. Joan Mir<\/strong><\/td><td><strong>REPSOL HONDA<\/strong><\/td><td><strong>20<\/strong><\/td><\/tr><tr><td>20. Augusto Fern\u00e1ndez<\/td><td>GAS GAS<\/td><td>20<\/td><\/tr><tr><td>21. \u00c1lex Rins<\/td><td>YAMAHA<\/td><td>15<\/td><\/tr><tr><td>22. Pol Espargar\u00f3<\/td><td>KTM<\/td><td>12<\/td><\/tr><tr><td>23. Dani Pedrosa<\/td><td>KTM<\/td><td>7<\/td><\/tr><tr><td><strong>24. Luca Marini<\/strong><\/td><td><strong>REPSOL HONDA<\/strong><\/td><td><strong>5<\/strong><\/td><\/tr><tr><td>25. Stefan Bradl<\/td><td>HONDA<\/td><td>2<\/td><\/tr><\/tbody><\/table><\/figure>\n\n\n\n<p><\/p>\n\n\n\n<div id=\"9d45343e-ca1b-4847-81d5-8f5e1adabe54\" class=\"br-slider-box\"><div class=\"wp-block-create-block-repsol-carousel br-slider\"><a target=\"_blank\" href=\"https:\/\/bxrepsol.s3.eu-west-1.amazonaws.com\/static\/2024\/09\/22131048\/266125334_RB_9814-scaled.jpg\" data-index=\"0\" rel=\"noopener\"><img decoding=\"async\" src=\"https:\/\/bxrepsol.s3.eu-west-1.amazonaws.com\/static\/2024\/09\/22131048\/266125334_RB_9814-scaled.jpg\"\/><\/a><a target=\"_blank\" href=\"https:\/\/bxrepsol.s3.eu-west-1.amazonaws.com\/static\/2024\/09\/22103621\/Joan_Mir_Luca_Marini_Emilia_Romagna_2024.jpg\" data-index=\"1\" rel=\"noopener\"><img decoding=\"async\" src=\"https:\/\/bxrepsol.s3.eu-west-1.amazonaws.com\/static\/2024\/09\/22103621\/Joan_Mir_Luca_Marini_Emilia_Romagna_2024.jpg\"\/><\/a><a target=\"_blank\" href=\"https:\/\/bxrepsol.s3.eu-west-1.amazonaws.com\/static\/2024\/09\/22131012\/266131011_RB_0199-scaled.jpg\" data-index=\"2\" rel=\"noopener\"><img decoding=\"async\" src=\"https:\/\/bxrepsol.s3.eu-west-1.amazonaws.com\/static\/2024\/09\/22131012\/266131011_RB_0199-scaled.jpg\"\/><\/a><a target=\"_blank\" href=\"https:\/\/bxrepsol.s3.eu-west-1.amazonaws.com\/static\/2024\/09\/22131017\/266132433_RB_0451-scaled.jpg\" data-index=\"3\" rel=\"noopener\"><img decoding=\"async\" src=\"https:\/\/bxrepsol.s3.eu-west-1.amazonaws.com\/static\/2024\/09\/22131017\/266132433_RB_0451-scaled.jpg\"\/><\/a><a target=\"_blank\" href=\"https:\/\/bxrepsol.s3.eu-west-1.amazonaws.com\/static\/2024\/09\/22131022\/266132130_RB_0369-2-scaled.jpg\" data-index=\"4\" rel=\"noopener\"><img decoding=\"async\" src=\"https:\/\/bxrepsol.s3.eu-west-1.amazonaws.com\/static\/2024\/09\/22131022\/266132130_RB_0369-2-scaled.jpg\"\/><\/a><\/div><div class=\"br-slider-buttons\"><button class=\"arrow rds-icon arrow--left rds-icon-Arrow_left\"><\/button><button class=\"arrow rds-icon arrow--right rds-icon-Arrow_right\"><\/button><\/div><\/div>\n\n\n\n<h2 class=\"wp-block-heading\"><strong>Declaraciones<\/strong><\/h2>\n\n\n\n<h3 class=\"wp-block-heading\"><strong>Joan Mir<\/strong><\/h3>\n\n\n\n<p>\u00abHa sido una carrera muy buena; la primera vez que he podido pilotar y disfrutar de la moto. He hecho una buena salida, pero Ra\u00fal [Fern\u00e1ndez] ha sido muy optimista en las primeras curvas, as\u00ed que me he ido largo y he ca\u00eddo al \u00faltimo puesto. Luego he agachado la cabeza y he empezado a adelantar, sobre todo en la segunda mitad de la prueba. No solo por los adelantamientos, sino tambi\u00e9n por los tiempos, que han sido los mismos que los de los diez primeros. El und\u00e9cimo puesto es un buen resultado para el lugar del que venimos y es muy bueno ver las mejoras que se han producido a lo largo del fin de semana. Tambi\u00e9n tengo que dar las gracias a mi equipo por su esfuerzo este fin de semana \u2013el primero en Misano\u2013, han hecho un buen trabajo para mejorar las sensaciones durante la noche. Es alentador y nos da \u00e1nimos a todos de cara a Asia\u00bb.<\/p>\n\n\n\n<h3 class=\"wp-block-heading\"><strong>Luca Marini<\/strong><\/h3>\n\n\n\n<p>\u00abEstoy muy contento con este fin de semana. Lo he disfrutado al m\u00e1ximo y puedo sacar muchas conclusiones positivas. Hemos encontrado un buen paquete con las mejoras que han hecho los japoneses; todos los ingenieros se han esforzado mucho y ahora empezamos a verlo en los resultados. Las tres primeras vueltas, siguen siendo bastante complicadas con el neum\u00e1tico trasero, tenemos que trabajar en ello porque, incluso saliendo decimoquintos, nos falta algo en esos giros iniciales y eso nos impide luchar con los dem\u00e1s. La nueva aerodin\u00e1mica ha ayudado mucho, pero tambi\u00e9n hemos mejorado muchas otras peque\u00f1as \u00e1reas en las \u00faltimas salidas. Podemos ir a Indonesia con optimismo para seguir as\u00ed. Gracias a todos los miembros del equipo, que han trabajado duro y han estado concentrados todo el a\u00f1o\u00bb.<\/p>\n","protected":false},"excerpt":{"rendered":"<p>Enea Bastianini logra la victoria con un pol\u00e9mico adelantamiento en la \u00faltima vuelta sobre Jorge Mart\u00edn, que ampl\u00eda su ventaja sobre Bagnaia, que se ha ca\u00eddo<\/p>\n","protected":false},"author":43146,"featured_media":119893,"comment_status":"open","ping_status":"open","sticky":false,"template":"","format":"standard","meta":{"footnotes":""},"categories":[4],"tags":[333,512,271,422,434],"class_list":["post-119881","post","type-post","status-publish","format-standard","hentry","category-motogp","tag-competicion","tag-emilia-romagna-gp-2","tag-joan-mir","tag-luca-marini","tag-motogp-2024"],"yoast_head":"<!-- This site is optimized with the Yoast SEO plugin v27.3 - https:\/\/yoast.com\/product\/yoast-seo-wordpress\/ -->\n<title>Resultados del GP de la Emilia Romagna de MotoGP 2024 - Box Repsol<\/title>\n<meta name=\"description\" content=\"Resultados de la 14a prueba del Mundial de MotoGP 2024, el GP de la Emilia Romagna.\" \/>\n<link rel=\"canonical\" href=\"https:\/\/www.boxrepsol.com\/es\/motogp\/resultados-del-gp-de-la-emilia-romagna-de-motogp-2024\/\" \/>\n<meta property=\"og:locale\" content=\"es_ES\" \/>\n<meta property=\"og:type\" content=\"article\" \/>\n<meta property=\"og:title\" content=\"Resultados del GP de la Emilia Romagna de MotoGP 2024 - Box Repsol\" \/>\n<meta property=\"og:description\" content=\"Resultados de la 14a prueba del Mundial de MotoGP 2024, el GP de la Emilia Romagna.\" \/>\n<meta property=\"og:url\" content=\"https:\/\/www.boxrepsol.com\/es\/motogp\/resultados-del-gp-de-la-emilia-romagna-de-motogp-2024\/\" \/>\n<meta property=\"og:site_name\" content=\"Box Repsol\" \/>\n<meta property=\"article:publisher\" content=\"https:\/\/www.facebook.com\/BoxRepsol\" \/>\n<meta property=\"article:author\" content=\"https:\/\/www.facebook.com\/BoxRepsol\/\" \/>\n<meta property=\"article:published_time\" content=\"2024-09-22T12:36:30+00:00\" \/>\n<meta property=\"article:modified_time\" content=\"2025-06-27T08:47:51+00:00\" \/>\n<meta property=\"og:image\" content=\"https:\/\/bxrepsol.s3.eu-west-1.amazonaws.com\/static\/2024\/09\/22103621\/Joan_Mir_Luca_Marini_Emilia_Romagna_2024.jpg\" \/>\n\t<meta property=\"og:image:width\" content=\"1250\" \/>\n\t<meta property=\"og:image:height\" content=\"650\" \/>\n\t<meta property=\"og:image:type\" content=\"image\/jpeg\" \/>\n<meta name=\"author\" content=\"Redacci\u00f3n Box Repsol\" \/>\n<meta name=\"twitter:card\" content=\"summary_large_image\" \/>\n<meta name=\"twitter:creator\" content=\"@https:\/\/twitter.com\/box_repsol\" \/>\n<meta name=\"twitter:site\" content=\"@box_repsol\" \/>\n<meta name=\"twitter:label1\" content=\"Written by\" \/>\n\t<meta name=\"twitter:data1\" content=\"Redacci\u00f3n Box Repsol\" \/>\n\t<meta name=\"twitter:label2\" content=\"Est. reading time\" \/>\n\t<meta name=\"twitter:data2\" content=\"4 minutos\" \/>\n<script type=\"application\/ld+json\" class=\"yoast-schema-graph\">{\"@context\":\"https:\\\/\\\/schema.org\",\"@graph\":[{\"@type\":\"Article\",\"@id\":\"https:\\\/\\\/www.boxrepsol.com\\\/es\\\/motogp\\\/resultados-del-gp-de-la-emilia-romagna-de-motogp-2024\\\/#article\",\"isPartOf\":{\"@id\":\"https:\\\/\\\/www.boxrepsol.com\\\/es\\\/motogp\\\/resultados-del-gp-de-la-emilia-romagna-de-motogp-2024\\\/\"},\"author\":{\"name\":\"Redacci\u00f3n Box Repsol\",\"@id\":\"https:\\\/\\\/www.boxrepsol.com\\\/es\\\/#\\\/schema\\\/person\\\/c5c2138f2cca251b0ad92b7086bb60b7\"},\"headline\":\"Resultados del GP de la Emilia Romagna de MotoGP 2024\",\"datePublished\":\"2024-09-22T12:36:30+00:00\",\"dateModified\":\"2025-06-27T08:47:51+00:00\",\"mainEntityOfPage\":{\"@id\":\"https:\\\/\\\/www.boxrepsol.com\\\/es\\\/motogp\\\/resultados-del-gp-de-la-emilia-romagna-de-motogp-2024\\\/\"},\"wordCount\":858,\"commentCount\":0,\"publisher\":{\"@id\":\"https:\\\/\\\/www.boxrepsol.com\\\/es\\\/#organization\"},\"image\":{\"@id\":\"https:\\\/\\\/www.boxrepsol.com\\\/es\\\/motogp\\\/resultados-del-gp-de-la-emilia-romagna-de-motogp-2024\\\/#primaryimage\"},\"thumbnailUrl\":\"https:\\\/\\\/bxrepsol.s3.eu-west-1.amazonaws.com\\\/static\\\/2024\\\/09\\\/22103621\\\/Joan_Mir_Luca_Marini_Emilia_Romagna_2024.jpg\",\"keywords\":[\"Competici\u00f3n\",\"Emilia Romagna GP\",\"Joan Mir\",\"Luca Marini\",\"MotoGP 2024\"],\"articleSection\":[\"MotoGP\"],\"inLanguage\":\"es\",\"potentialAction\":[{\"@type\":\"CommentAction\",\"name\":\"Comment\",\"target\":[\"https:\\\/\\\/www.boxrepsol.com\\\/es\\\/motogp\\\/resultados-del-gp-de-la-emilia-romagna-de-motogp-2024\\\/#respond\"]}]},{\"@type\":\"WebPage\",\"@id\":\"https:\\\/\\\/www.boxrepsol.com\\\/es\\\/motogp\\\/resultados-del-gp-de-la-emilia-romagna-de-motogp-2024\\\/\",\"url\":\"https:\\\/\\\/www.boxrepsol.com\\\/es\\\/motogp\\\/resultados-del-gp-de-la-emilia-romagna-de-motogp-2024\\\/\",\"name\":\"Resultados del GP de la Emilia Romagna de MotoGP 2024 - Box Repsol\",\"isPartOf\":{\"@id\":\"https:\\\/\\\/www.boxrepsol.com\\\/es\\\/#website\"},\"primaryImageOfPage\":{\"@id\":\"https:\\\/\\\/www.boxrepsol.com\\\/es\\\/motogp\\\/resultados-del-gp-de-la-emilia-romagna-de-motogp-2024\\\/#primaryimage\"},\"image\":{\"@id\":\"https:\\\/\\\/www.boxrepsol.com\\\/es\\\/motogp\\\/resultados-del-gp-de-la-emilia-romagna-de-motogp-2024\\\/#primaryimage\"},\"thumbnailUrl\":\"https:\\\/\\\/bxrepsol.s3.eu-west-1.amazonaws.com\\\/static\\\/2024\\\/09\\\/22103621\\\/Joan_Mir_Luca_Marini_Emilia_Romagna_2024.jpg\",\"datePublished\":\"2024-09-22T12:36:30+00:00\",\"dateModified\":\"2025-06-27T08:47:51+00:00\",\"description\":\"Resultados de la 14a prueba del Mundial de MotoGP 2024, el GP de la Emilia Romagna.\",\"breadcrumb\":{\"@id\":\"https:\\\/\\\/www.boxrepsol.com\\\/es\\\/motogp\\\/resultados-del-gp-de-la-emilia-romagna-de-motogp-2024\\\/#breadcrumb\"},\"inLanguage\":\"es\",\"potentialAction\":[{\"@type\":\"ReadAction\",\"target\":[\"https:\\\/\\\/www.boxrepsol.com\\\/es\\\/motogp\\\/resultados-del-gp-de-la-emilia-romagna-de-motogp-2024\\\/\"]}]},{\"@type\":\"ImageObject\",\"inLanguage\":\"es\",\"@id\":\"https:\\\/\\\/www.boxrepsol.com\\\/es\\\/motogp\\\/resultados-del-gp-de-la-emilia-romagna-de-motogp-2024\\\/#primaryimage\",\"url\":\"https:\\\/\\\/bxrepsol.s3.eu-west-1.amazonaws.com\\\/static\\\/2024\\\/09\\\/22103621\\\/Joan_Mir_Luca_Marini_Emilia_Romagna_2024.jpg\",\"contentUrl\":\"https:\\\/\\\/bxrepsol.s3.eu-west-1.amazonaws.com\\\/static\\\/2024\\\/09\\\/22103621\\\/Joan_Mir_Luca_Marini_Emilia_Romagna_2024.jpg\",\"width\":1250,\"height\":650},{\"@type\":\"BreadcrumbList\",\"@id\":\"https:\\\/\\\/www.boxrepsol.com\\\/es\\\/motogp\\\/resultados-del-gp-de-la-emilia-romagna-de-motogp-2024\\\/#breadcrumb\",\"itemListElement\":[{\"@type\":\"ListItem\",\"position\":1,\"name\":\"Home\",\"item\":\"https:\\\/\\\/www.boxrepsol.com\\\/es\\\/\"},{\"@type\":\"ListItem\",\"position\":2,\"name\":\"Resultados del GP de la Emilia Romagna de MotoGP 2024\"}]},{\"@type\":\"WebSite\",\"@id\":\"https:\\\/\\\/www.boxrepsol.com\\\/es\\\/#website\",\"url\":\"https:\\\/\\\/www.boxrepsol.com\\\/es\\\/\",\"name\":\"Box Repsol\",\"description\":\"Box Repsol Site\",\"publisher\":{\"@id\":\"https:\\\/\\\/www.boxrepsol.com\\\/es\\\/#organization\"},\"potentialAction\":[{\"@type\":\"SearchAction\",\"target\":{\"@type\":\"EntryPoint\",\"urlTemplate\":\"https:\\\/\\\/www.boxrepsol.com\\\/es\\\/?s={search_term_string}\"},\"query-input\":{\"@type\":\"PropertyValueSpecification\",\"valueRequired\":true,\"valueName\":\"search_term_string\"}}],\"inLanguage\":\"es\"},{\"@type\":\"Organization\",\"@id\":\"https:\\\/\\\/www.boxrepsol.com\\\/es\\\/#organization\",\"name\":\"Box Repsol\",\"url\":\"https:\\\/\\\/www.boxrepsol.com\\\/es\\\/\",\"logo\":{\"@type\":\"ImageObject\",\"inLanguage\":\"es\",\"@id\":\"https:\\\/\\\/www.boxrepsol.com\\\/es\\\/#\\\/schema\\\/logo\\\/image\\\/\",\"url\":\"https:\\\/\\\/bxrepsol.s3.eu-west-1.amazonaws.com\\\/static\\\/2025\\\/07\\\/30083337\\\/favicon-96x96-1.png\",\"contentUrl\":\"https:\\\/\\\/bxrepsol.s3.eu-west-1.amazonaws.com\\\/static\\\/2025\\\/07\\\/30083337\\\/favicon-96x96-1.png\",\"width\":96,\"height\":96,\"caption\":\"Box Repsol\"},\"image\":{\"@id\":\"https:\\\/\\\/www.boxrepsol.com\\\/es\\\/#\\\/schema\\\/logo\\\/image\\\/\"},\"sameAs\":[\"https:\\\/\\\/www.facebook.com\\\/BoxRepsol\",\"https:\\\/\\\/x.com\\\/box_repsol\",\"http:\\\/\\\/instagram.com\\\/box_repsol\",\"https:\\\/\\\/www.youtube.com\\\/user\\\/RepsolCompeticion\",\"https:\\\/\\\/www.flickr.com\\\/photos\\\/box_repsol\\\/\"]},{\"@type\":\"Person\",\"@id\":\"https:\\\/\\\/www.boxrepsol.com\\\/es\\\/#\\\/schema\\\/person\\\/c5c2138f2cca251b0ad92b7086bb60b7\",\"name\":\"Redacci\u00f3n Box Repsol\",\"image\":{\"@type\":\"ImageObject\",\"inLanguage\":\"es\",\"@id\":\"https:\\\/\\\/secure.gravatar.com\\\/avatar\\\/adf7b77e38b4419baf32c7e9c21dde01f4e40df611f0978e3006fc4ba0aaab7e?s=96&d=mm&r=g\",\"url\":\"https:\\\/\\\/secure.gravatar.com\\\/avatar\\\/adf7b77e38b4419baf32c7e9c21dde01f4e40df611f0978e3006fc4ba0aaab7e?s=96&d=mm&r=g\",\"contentUrl\":\"https:\\\/\\\/secure.gravatar.com\\\/avatar\\\/adf7b77e38b4419baf32c7e9c21dde01f4e40df611f0978e3006fc4ba0aaab7e?s=96&d=mm&r=g\",\"caption\":\"Redacci\u00f3n Box Repsol\"},\"description\":\"Box Repsol lo forma un equipo de periodistas, community managers, dise\u00f1adores y fot\u00f3grafos con m\u00e1s de 20 a\u00f1os de experiencia en el mundo del motorsport. Hemos vivido el primer mundial de un espa\u00f1ol en la categor\u00eda reina de motociclismo con \u00c1lex Crivill\u00e9, estuvimos en las victorias de Pedrosa y los t\u00edtulos de M\u00e1rquez, acompa\u00f1amos en \u00c1frica a Nani Roma y Marc Coma en sus conquistas del Dakar y hemos vibrado con los t\u00edtulos de Toni Bou en Trial. Adem\u00e1s, en nuestro equipo contamos con expertos en el mundo de las dos y cuatro ruedas tanto de la calle y las carreteras, como de los circuitos. Periodistas que han trabajado en revistas y publicaciones para hacerte llegar desde rutas y consejos de mantenimiento, a curiosidades y trucos de pilotaje.\",\"sameAs\":[\"https:\\\/\\\/www.facebook.com\\\/BoxRepsol\\\/\",\"https:\\\/\\\/www.instagram.com\\\/box_repsol\\\/\",\"https:\\\/\\\/x.com\\\/https:\\\/\\\/twitter.com\\\/box_repsol\",\"https:\\\/\\\/www.youtube.com\\\/@Boxrepsol\"],\"url\":\"https:\\\/\\\/www.boxrepsol.com\\\/es\\\/author\\\/redaccion-box-repsol\\\/\"}]}<\/script>\n<!-- \/ Yoast SEO plugin. -->","yoast_head_json":{"title":"Resultados del GP de la Emilia Romagna de MotoGP 2024 - Box Repsol","description":"Resultados de la 14a prueba del Mundial de MotoGP 2024, el GP de la Emilia Romagna.","canonical":"https:\/\/www.boxrepsol.com\/es\/motogp\/resultados-del-gp-de-la-emilia-romagna-de-motogp-2024\/","og_locale":"es_ES","og_type":"article","og_title":"Resultados del GP de la Emilia Romagna de MotoGP 2024 - Box Repsol","og_description":"Resultados de la 14a prueba del Mundial de MotoGP 2024, el GP de la Emilia Romagna.","og_url":"https:\/\/www.boxrepsol.com\/es\/motogp\/resultados-del-gp-de-la-emilia-romagna-de-motogp-2024\/","og_site_name":"Box Repsol","article_publisher":"https:\/\/www.facebook.com\/BoxRepsol","article_author":"https:\/\/www.facebook.com\/BoxRepsol\/","article_published_time":"2024-09-22T12:36:30+00:00","article_modified_time":"2025-06-27T08:47:51+00:00","og_image":[{"width":1250,"height":650,"url":"https:\/\/bxrepsol.s3.eu-west-1.amazonaws.com\/static\/2024\/09\/22103621\/Joan_Mir_Luca_Marini_Emilia_Romagna_2024.jpg","type":"image\/jpeg"}],"author":"Redacci\u00f3n Box Repsol","twitter_card":"summary_large_image","twitter_creator":"@https:\/\/twitter.com\/box_repsol","twitter_site":"@box_repsol","twitter_misc":{"Written by":"Redacci\u00f3n Box Repsol","Est. reading time":"4 minutos"},"schema":{"@context":"https:\/\/schema.org","@graph":[{"@type":"Article","@id":"https:\/\/www.boxrepsol.com\/es\/motogp\/resultados-del-gp-de-la-emilia-romagna-de-motogp-2024\/#article","isPartOf":{"@id":"https:\/\/www.boxrepsol.com\/es\/motogp\/resultados-del-gp-de-la-emilia-romagna-de-motogp-2024\/"},"author":{"name":"Redacci\u00f3n Box Repsol","@id":"https:\/\/www.boxrepsol.com\/es\/#\/schema\/person\/c5c2138f2cca251b0ad92b7086bb60b7"},"headline":"Resultados del GP de la Emilia Romagna de MotoGP 2024","datePublished":"2024-09-22T12:36:30+00:00","dateModified":"2025-06-27T08:47:51+00:00","mainEntityOfPage":{"@id":"https:\/\/www.boxrepsol.com\/es\/motogp\/resultados-del-gp-de-la-emilia-romagna-de-motogp-2024\/"},"wordCount":858,"commentCount":0,"publisher":{"@id":"https:\/\/www.boxrepsol.com\/es\/#organization"},"image":{"@id":"https:\/\/www.boxrepsol.com\/es\/motogp\/resultados-del-gp-de-la-emilia-romagna-de-motogp-2024\/#primaryimage"},"thumbnailUrl":"https:\/\/bxrepsol.s3.eu-west-1.amazonaws.com\/static\/2024\/09\/22103621\/Joan_Mir_Luca_Marini_Emilia_Romagna_2024.jpg","keywords":["Competici\u00f3n","Emilia Romagna GP","Joan Mir","Luca Marini","MotoGP 2024"],"articleSection":["MotoGP"],"inLanguage":"es","potentialAction":[{"@type":"CommentAction","name":"Comment","target":["https:\/\/www.boxrepsol.com\/es\/motogp\/resultados-del-gp-de-la-emilia-romagna-de-motogp-2024\/#respond"]}]},{"@type":"WebPage","@id":"https:\/\/www.boxrepsol.com\/es\/motogp\/resultados-del-gp-de-la-emilia-romagna-de-motogp-2024\/","url":"https:\/\/www.boxrepsol.com\/es\/motogp\/resultados-del-gp-de-la-emilia-romagna-de-motogp-2024\/","name":"Resultados del GP de la Emilia Romagna de MotoGP 2024 - Box Repsol","isPartOf":{"@id":"https:\/\/www.boxrepsol.com\/es\/#website"},"primaryImageOfPage":{"@id":"https:\/\/www.boxrepsol.com\/es\/motogp\/resultados-del-gp-de-la-emilia-romagna-de-motogp-2024\/#primaryimage"},"image":{"@id":"https:\/\/www.boxrepsol.com\/es\/motogp\/resultados-del-gp-de-la-emilia-romagna-de-motogp-2024\/#primaryimage"},"thumbnailUrl":"https:\/\/bxrepsol.s3.eu-west-1.amazonaws.com\/static\/2024\/09\/22103621\/Joan_Mir_Luca_Marini_Emilia_Romagna_2024.jpg","datePublished":"2024-09-22T12:36:30+00:00","dateModified":"2025-06-27T08:47:51+00:00","description":"Resultados de la 14a prueba del Mundial de MotoGP 2024, el GP de la Emilia Romagna.","breadcrumb":{"@id":"https:\/\/www.boxrepsol.com\/es\/motogp\/resultados-del-gp-de-la-emilia-romagna-de-motogp-2024\/#breadcrumb"},"inLanguage":"es","potentialAction":[{"@type":"ReadAction","target":["https:\/\/www.boxrepsol.com\/es\/motogp\/resultados-del-gp-de-la-emilia-romagna-de-motogp-2024\/"]}]},{"@type":"ImageObject","inLanguage":"es","@id":"https:\/\/www.boxrepsol.com\/es\/motogp\/resultados-del-gp-de-la-emilia-romagna-de-motogp-2024\/#primaryimage","url":"https:\/\/bxrepsol.s3.eu-west-1.amazonaws.com\/static\/2024\/09\/22103621\/Joan_Mir_Luca_Marini_Emilia_Romagna_2024.jpg","contentUrl":"https:\/\/bxrepsol.s3.eu-west-1.amazonaws.com\/static\/2024\/09\/22103621\/Joan_Mir_Luca_Marini_Emilia_Romagna_2024.jpg","width":1250,"height":650},{"@type":"BreadcrumbList","@id":"https:\/\/www.boxrepsol.com\/es\/motogp\/resultados-del-gp-de-la-emilia-romagna-de-motogp-2024\/#breadcrumb","itemListElement":[{"@type":"ListItem","position":1,"name":"Home","item":"https:\/\/www.boxrepsol.com\/es\/"},{"@type":"ListItem","position":2,"name":"Resultados del GP de la Emilia Romagna de MotoGP 2024"}]},{"@type":"WebSite","@id":"https:\/\/www.boxrepsol.com\/es\/#website","url":"https:\/\/www.boxrepsol.com\/es\/","name":"Box Repsol","description":"Box Repsol Site","publisher":{"@id":"https:\/\/www.boxrepsol.com\/es\/#organization"},"potentialAction":[{"@type":"SearchAction","target":{"@type":"EntryPoint","urlTemplate":"https:\/\/www.boxrepsol.com\/es\/?s={search_term_string}"},"query-input":{"@type":"PropertyValueSpecification","valueRequired":true,"valueName":"search_term_string"}}],"inLanguage":"es"},{"@type":"Organization","@id":"https:\/\/www.boxrepsol.com\/es\/#organization","name":"Box Repsol","url":"https:\/\/www.boxrepsol.com\/es\/","logo":{"@type":"ImageObject","inLanguage":"es","@id":"https:\/\/www.boxrepsol.com\/es\/#\/schema\/logo\/image\/","url":"https:\/\/bxrepsol.s3.eu-west-1.amazonaws.com\/static\/2025\/07\/30083337\/favicon-96x96-1.png","contentUrl":"https:\/\/bxrepsol.s3.eu-west-1.amazonaws.com\/static\/2025\/07\/30083337\/favicon-96x96-1.png","width":96,"height":96,"caption":"Box Repsol"},"image":{"@id":"https:\/\/www.boxrepsol.com\/es\/#\/schema\/logo\/image\/"},"sameAs":["https:\/\/www.facebook.com\/BoxRepsol","https:\/\/x.com\/box_repsol","http:\/\/instagram.com\/box_repsol","https:\/\/www.youtube.com\/user\/RepsolCompeticion","https:\/\/www.flickr.com\/photos\/box_repsol\/"]},{"@type":"Person","@id":"https:\/\/www.boxrepsol.com\/es\/#\/schema\/person\/c5c2138f2cca251b0ad92b7086bb60b7","name":"Redacci\u00f3n Box Repsol","image":{"@type":"ImageObject","inLanguage":"es","@id":"https:\/\/secure.gravatar.com\/avatar\/adf7b77e38b4419baf32c7e9c21dde01f4e40df611f0978e3006fc4ba0aaab7e?s=96&d=mm&r=g","url":"https:\/\/secure.gravatar.com\/avatar\/adf7b77e38b4419baf32c7e9c21dde01f4e40df611f0978e3006fc4ba0aaab7e?s=96&d=mm&r=g","contentUrl":"https:\/\/secure.gravatar.com\/avatar\/adf7b77e38b4419baf32c7e9c21dde01f4e40df611f0978e3006fc4ba0aaab7e?s=96&d=mm&r=g","caption":"Redacci\u00f3n Box Repsol"},"description":"Box Repsol lo forma un equipo de periodistas, community managers, dise\u00f1adores y fot\u00f3grafos con m\u00e1s de 20 a\u00f1os de experiencia en el mundo del motorsport. Hemos vivido el primer mundial de un espa\u00f1ol en la categor\u00eda reina de motociclismo con \u00c1lex Crivill\u00e9, estuvimos en las victorias de Pedrosa y los t\u00edtulos de M\u00e1rquez, acompa\u00f1amos en \u00c1frica a Nani Roma y Marc Coma en sus conquistas del Dakar y hemos vibrado con los t\u00edtulos de Toni Bou en Trial. Adem\u00e1s, en nuestro equipo contamos con expertos en el mundo de las dos y cuatro ruedas tanto de la calle y las carreteras, como de los circuitos. Periodistas que han trabajado en revistas y publicaciones para hacerte llegar desde rutas y consejos de mantenimiento, a curiosidades y trucos de pilotaje.","sameAs":["https:\/\/www.facebook.com\/BoxRepsol\/","https:\/\/www.instagram.com\/box_repsol\/","https:\/\/x.com\/https:\/\/twitter.com\/box_repsol","https:\/\/www.youtube.com\/@Boxrepsol"],"url":"https:\/\/www.boxrepsol.com\/es\/author\/redaccion-box-repsol\/"}]}},"_links":{"self":[{"href":"https:\/\/www.boxrepsol.com\/es\/wp-json\/wp\/v2\/posts\/119881","targetHints":{"allow":["GET"]}}],"collection":[{"href":"https:\/\/www.boxrepsol.com\/es\/wp-json\/wp\/v2\/posts"}],"about":[{"href":"https:\/\/www.boxrepsol.com\/es\/wp-json\/wp\/v2\/types\/post"}],"author":[{"embeddable":true,"href":"https:\/\/www.boxrepsol.com\/es\/wp-json\/wp\/v2\/users\/43146"}],"replies":[{"embeddable":true,"href":"https:\/\/www.boxrepsol.com\/es\/wp-json\/wp\/v2\/comments?post=119881"}],"version-history":[{"count":5,"href":"https:\/\/www.boxrepsol.com\/es\/wp-json\/wp\/v2\/posts\/119881\/revisions"}],"predecessor-version":[{"id":119914,"href":"https:\/\/www.boxrepsol.com\/es\/wp-json\/wp\/v2\/posts\/119881\/revisions\/119914"}],"wp:featuredmedia":[{"embeddable":true,"href":"https:\/\/www.boxrepsol.com\/es\/wp-json\/wp\/v2\/media\/119893"}],"wp:attachment":[{"href":"https:\/\/www.boxrepsol.com\/es\/wp-json\/wp\/v2\/media?parent=119881"}],"wp:term":[{"taxonomy":"category","embeddable":true,"href":"https:\/\/www.boxrepsol.com\/es\/wp-json\/wp\/v2\/categories?post=119881"},{"taxonomy":"post_tag","embeddable":true,"href":"https:\/\/www.boxrepsol.com\/es\/wp-json\/wp\/v2\/tags?post=119881"}],"curies":[{"name":"wp","href":"https:\/\/api.w.org\/{rel}","templated":true}]}}