{"id":119845,"date":"2024-09-21T11:46:02","date_gmt":"2024-09-21T13:46:02","guid":{"rendered":"https:\/\/www.boxrepsol.com\/sin-categorizar\/resultados-de-la-carrera-sprint-del-gp-de-la-emilia-romagna-de-motogp-2024\/"},"modified":"2024-10-01T05:57:03","modified_gmt":"2024-10-01T07:57:03","slug":"2024-emilia-romagna-gp-qualifying-results-2","status":"publish","type":"post","link":"https:\/\/www.boxrepsol.com\/es\/motogp\/2024-emilia-romagna-gp-qualifying-results-2\/","title":{"rendered":"Resultados de la carrera sprint del GP de la Emilia Romagna de MotoGP 2024"},"content":{"rendered":"<figure class=\"wp-block-post-featured-image\"><img loading=\"lazy\" decoding=\"async\" width=\"2560\" height=\"1707\" src=\"https:\/\/bxrepsol.s3.eu-west-1.amazonaws.com\/static\/2024\/09\/21111605\/265103333_A1J9410-scaled.jpg\" class=\"attachment-post-thumbnail size-post-thumbnail wp-post-image\" alt=\"\" style=\"object-fit:cover;\" srcset=\"https:\/\/bxrepsol.s3.eu-west-1.amazonaws.com\/static\/2024\/09\/21111605\/265103333_A1J9410-scaled.jpg 2560w, https:\/\/bxrepsol.s3.eu-west-1.amazonaws.com\/static\/2024\/09\/21111605\/265103333_A1J9410-300x200.jpg 300w, https:\/\/bxrepsol.s3.eu-west-1.amazonaws.com\/static\/2024\/09\/21111605\/265103333_A1J9410-1024x683.jpg 1024w, https:\/\/bxrepsol.s3.eu-west-1.amazonaws.com\/static\/2024\/09\/21111605\/265103333_A1J9410-768x512.jpg 768w, https:\/\/bxrepsol.s3.eu-west-1.amazonaws.com\/static\/2024\/09\/21111605\/265103333_A1J9410-1536x1024.jpg 1536w, https:\/\/bxrepsol.s3.eu-west-1.amazonaws.com\/static\/2024\/09\/21111605\/265103333_A1J9410-2048x1365.jpg 2048w\" sizes=\"auto, (max-width: 2560px) 100vw, 2560px\" \/><\/figure>\n\n\n<p>La&nbsp;<strong>carrera al sprint&nbsp;<\/strong>ha empezado con una muy buena salida de&nbsp;<strong>Jorge Mart\u00edn,<\/strong>&nbsp;que se ha colocado l\u00edder, seguido de cerca por&nbsp;<strong>Brad Binder&nbsp;<\/strong>que sal\u00eda un poco m\u00e1s atr\u00e1s.<strong>&nbsp;Marc M\u00e1rquez<\/strong>&nbsp;tambi\u00e9n ha salido muy bien y se ha colocado 5\u00ba, saliendo desde P7.&nbsp;<strong>Pedro Acosta y Marco Bezzecchi<\/strong>, despu\u00e9s de una muy buena salida, han ido perdido posiciones.<\/p>\n\n\n\n<p>En las primeras curvas&nbsp;<strong>Mart\u00edn&nbsp;<\/strong>ha conseguido distanciarse de&nbsp;<strong>Bagnaia&nbsp;<\/strong>y le ha sacado m\u00e1s de medio segundo, mientras que&nbsp;<strong>Binder&nbsp;<\/strong>perd\u00eda las posiciones ganadas en la salida. \u2018<strong>Pecco<\/strong>\u2018 ha reaccionado a la gran distancia que estaba ganando Mart\u00edn y, vuelta r\u00e1pida tras vuelta r\u00e1pida, ha conseguido acercarse y adelantarle a falta de 6 vueltas para el final, despu\u00e9s de que el piloto de la&nbsp;<strong>Ducati Pramac<\/strong>&nbsp;se fuera largo.<\/p>\n\n\n\n<p><strong>Enea Bastianini&nbsp;<\/strong>no ha podido seguir el ritmo de los dos l\u00edderes del Mundial y ha finalizado en&nbsp;<strong>tercera&nbsp;<\/strong>posici\u00f3n. Un poco m\u00e1s retrasado rodaba solo&nbsp;<strong>Marc M\u00e1rquez<\/strong>, quien ha ido recuperando posiciones hasta llegar a la&nbsp;<strong>cuarta<\/strong>. Las&nbsp;<strong>KTM&nbsp;<\/strong>de P<strong>edro Acosta y Brad Binder<\/strong>&nbsp;han finalizado detr\u00e1s de las Ducati, con un&nbsp;<strong>Fabio Quartararo&nbsp;<\/strong>en&nbsp;<strong>s\u00e9ptima&nbsp;<\/strong>posici\u00f3n, reafirmando las mejoras de la marca japonesa.<\/p>\n\n\n\n<p>La carrera del&nbsp;<strong>domingo&nbsp;<\/strong>tendr\u00e1 lugar a las<strong>&nbsp;13h (CEST).<\/strong><\/p>\n\n\n\n<h2 class=\"wp-block-heading\"><strong>Final agridulce para el Repsol Honda<\/strong><\/h2>\n\n\n\n<p><strong>Joan Mir&nbsp;<\/strong>y&nbsp;<strong>Luca Marini&nbsp;<\/strong>part\u00edan en parrilla de salida des de la&nbsp;<strong>15 y 16 posici\u00f3n<\/strong>. Tras una salida limpia, han luchado respectuosamente con la otra Honda de&nbsp;<strong>Johann Zarco&nbsp;<\/strong>por entrar en la zona de puntos. Los compa\u00f1eros del equipo Repsol Honda han rodado juntos, realizando trabajo en equipo, y han sido las&nbsp;<strong>Hondas mejor posicionadas<\/strong>&nbsp;en carrera.<\/p>\n\n\n\n<p>A falta de&nbsp;<strong>3<\/strong>&nbsp;vueltas del final,&nbsp;<strong>Joan Mir<\/strong>&nbsp;ha sido penalizado con una&nbsp;<strong>Long Lap<\/strong>&nbsp;por exceder los&nbsp;<strong>l\u00edmites de pista<\/strong>&nbsp;y la ha cumplido en la \u00faltima vuelta, provocando que el mallorqu\u00edn finalizara en&nbsp;<strong>\u00faltima posici\u00f3n<\/strong>. Su compa\u00f1ero,&nbsp;<strong>Luca Marini<\/strong>, ha seguido luchando con&nbsp;<strong>Zarco&nbsp;<\/strong>y la&nbsp;<strong>Aprilia&nbsp;<\/strong>de&nbsp;<strong>Ra\u00fal Fern\u00e1ndez<\/strong>&nbsp;y ha finalizado la carrera al sprint en&nbsp;<strong>P16<\/strong>.<\/p>\n\n\n\n<h2 class=\"wp-block-heading\"><strong>Resultados de la carrera sprint: GP de la Emilia Romagna (13 vueltas<\/strong>)<\/h2>\n\n\n\n<p><\/p>\n\n\n\n<figure class=\"wp-block-table is-style-stripes\"><table><tbody><tr><td><strong>PILOTO<\/strong><\/td><td><strong>EQUIPO<\/strong><\/td><td><strong>TIEMPO<\/strong><\/td><\/tr><tr><td>1. &#8216;Pecco&#8217; Bagnaia<\/td><td>DUCATI<\/td><td>19:50.237<\/td><\/tr><tr><td>2. Jorge Mart\u00edn<\/td><td>DUCATI<\/td><td>+0.285<\/td><\/tr><tr><td>3. Enea Bastianini<\/td><td>DUCATI<\/td><td>+1.319<\/td><\/tr><tr><td>4. Marc M\u00e1rquez<\/td><td>DUCATI<\/td><td>+5.386<\/td><\/tr><tr><td>5. Pedro Acosta<\/td><td>GASGAS<\/td><td>+6.580<\/td><\/tr><tr><td>6. Brad Binder<\/td><td>KTM<\/td><td>+8.143<\/td><\/tr><tr><td>7. Fabio Quartararo<\/td><td>YAMAHA<\/td><td>+8.405<\/td><\/tr><tr><td>8. Marco Bezzecchi<\/td><td>DUCATI<\/td><td>+8.965<\/td><\/tr><tr><td>9. Franco Morbidelli<\/td><td>DUCATI<\/td><td>+9.271<\/td><\/tr><tr><td>10. Maverick Vi\u00f1ales<\/td><td>APRILIA<\/td><td>+9.538<\/td><\/tr><tr><td>11. Miguel Oliveira<\/td><td>APRILIA<\/td><td>+11.542<\/td><\/tr><tr><td>12. Aleix Espargar\u00f3<\/td><td>APRILIA<\/td><td>+12.049<\/td><\/tr><tr><td>13. Fabio Di Giannantonio<\/td><td>DUCATI<\/td><td>+14.819<\/td><\/tr><tr><td>14. \u00c1lex M\u00e1rquez<\/td><td>DUCATI<\/td><td>+16.566<\/td><\/tr><tr><td>15. Jack Miller<\/td><td>KTM<\/td><td>+19.411<\/td><\/tr><tr><td><strong>16. Luca Marini<\/strong><\/td><td><strong>REPSOL HONDA<\/strong><\/td><td><strong>+20.101<\/strong><\/td><\/tr><tr><td>17. Johann Zarco<\/td><td>HONDA<\/td><td>+20.598<\/td><\/tr><tr><td><strong>18. Ra\u00fal Fern\u00e1ndez<\/strong><\/td><td><strong>REPSOL HONDA<\/strong><\/td><td><strong>+20.742<\/strong><\/td><\/tr><tr><td>19. Takaaki Nakagami<\/td><td>HONDA<\/td><td>+25.394<\/td><\/tr><tr><td>20. Augusto Fern\u00e1ndez<\/td><td>GASGAS<\/td><td>+25.431<\/td><\/tr><tr><td>21. Joan Mir<\/td><td>REPSOL HONDA<\/td><td>+27.208<\/td><\/tr><\/tbody><\/table><\/figure>\n\n\n\n<p><\/p>\n\n\n\n<h2 class=\"wp-block-heading\"><strong>General Standings<\/strong><\/h2>\n\n\n\n<figure class=\"wp-block-table is-style-stripes\"><table><tbody><tr><td><strong>RIDER<\/strong><\/td><td><strong>TEAM<\/strong><\/td><td><strong>POINTS<\/strong><\/td><\/tr><tr><td>1. Jorge Mart\u00edn<\/td><td>DUCATI<\/td><td>321<\/td><\/tr><tr><td>2.  &#8216;Pecco&#8217; Bagnaia<\/td><td>DUCATI<\/td><td>317<\/td><\/tr><tr><td>3. Marc M\u00e1rquez<\/td><td>DUCATI<\/td><td>265<\/td><\/tr><tr><td>4. Enea Bastianini<\/td><td>DUCATI<\/td><td>257<\/td><\/tr><tr><td>5. Brad Binder<\/td><td>KTM<\/td><td>165<\/td><\/tr><tr><td>6. Pedro Acosta<\/td><td>GASGAS<\/td><td>157<\/td><\/tr><tr><td>7.  Maverick Vi\u00f1ales<\/td><td>APRILIA<\/td><td>139<\/td><\/tr><tr><td>8. Fabio Di Giannantonio<\/td><td>DUCATI<\/td><td>119<\/td><\/tr><tr><td>9. Aleix Espargar\u00f3<\/td><td>APRILIA<\/td><td>119<\/td><\/tr><tr><td>10. \u00c1lex M\u00e1rquez<\/td><td>DUCATI<\/td><td>114<\/td><\/tr><tr><td>11. Marco Bezzecchi<\/td><td>DUCATI<\/td><td>95<\/td><\/tr><tr><td>12. Franco Morbidelli<\/td><td>DUCATI<\/td><td>91<\/td><\/tr><tr><td>13. Miguel Oliveira<\/td><td>APRILIA<\/td><td>65<\/td><\/tr><tr><td>14. Fabio Quartararo<\/td><td>YAMAHA<\/td><td>64<\/td><\/tr><tr><td>15. Jack Miller<\/td><td>KTM<\/td><td>58<\/td><\/tr><tr><td>16. Ra\u00fal Fern\u00e1ndez<\/td><td>APRILIA<\/td><td>46<\/td><\/tr><tr><td>17. Takaaki Nakagami<\/td><td>HONDA<\/td><td>21<\/td><\/tr><tr><td>18. Johann Zarco<\/td><td>HONDA<\/td><td>21<\/td><\/tr><tr><td>19<strong>. <\/strong>Augusto Fern\u00e1ndez<\/td><td>GASGAS<\/td><td>20<\/td><\/tr><tr><td>20. \u00c1lex Rins<\/td><td>YAMAHA<\/td><td>15<\/td><\/tr><tr><td><strong>21. Joan Mir<\/strong><\/td><td><strong>REPSOL HONDA<\/strong><\/td><td>15<\/td><\/tr><tr><td>22. Pol Espargar\u00f3<\/td><td>KTM<\/td><td>12<\/td><\/tr><tr><td>23. Dani Pedrosa<\/td><td>KTM<\/td><td>7<\/td><\/tr><tr><td>24<strong>. <\/strong>Stefan Bradl<\/td><td>HONDA<\/td><td>2<\/td><\/tr><tr><td><strong>25. Luca Marini<\/strong><\/td><td><strong>REPSOL HONDA<\/strong><\/td><td><strong>1<\/strong><\/td><\/tr><\/tbody><\/table><\/figure>\n\n\n\n<div id=\"35240175-8adc-4c3f-81a6-f1fbfe813c87\" class=\"br-slider-box\"><div class=\"wp-block-create-block-repsol-carousel br-slider\"><a target=\"_blank\" href=\"https:\/\/bxrepsol.s3.eu-west-1.amazonaws.com\/static\/2024\/09\/21132851\/265150405_RB_7830-scaled.jpg\" data-index=\"0\" rel=\"noopener\"><img decoding=\"async\" src=\"https:\/\/bxrepsol.s3.eu-west-1.amazonaws.com\/static\/2024\/09\/21132851\/265150405_RB_7830-scaled.jpg\"\/><\/a><a target=\"_blank\" href=\"https:\/\/bxrepsol.s3.eu-west-1.amazonaws.com\/static\/2024\/09\/21132906\/265103333_A1J9410-1-scaled.jpg\" data-index=\"1\" rel=\"noopener\"><img decoding=\"async\" src=\"https:\/\/bxrepsol.s3.eu-west-1.amazonaws.com\/static\/2024\/09\/21132906\/265103333_A1J9410-1-scaled.jpg\"\/><\/a><a target=\"_blank\" href=\"https:\/\/bxrepsol.s3.eu-west-1.amazonaws.com\/static\/2024\/09\/21132912\/265102816_A1J9119-scaled.jpg\" data-index=\"2\" rel=\"noopener\"><img decoding=\"async\" src=\"https:\/\/bxrepsol.s3.eu-west-1.amazonaws.com\/static\/2024\/09\/21132912\/265102816_A1J9119-scaled.jpg\"\/><\/a><a target=\"_blank\" href=\"https:\/\/bxrepsol.s3.eu-west-1.amazonaws.com\/static\/2024\/09\/21132921\/265102513_A1J9066-scaled.jpg\" data-index=\"3\" rel=\"noopener\"><img decoding=\"async\" src=\"https:\/\/bxrepsol.s3.eu-west-1.amazonaws.com\/static\/2024\/09\/21132921\/265102513_A1J9066-scaled.jpg\"\/><\/a><a target=\"_blank\" href=\"https:\/\/bxrepsol.s3.eu-west-1.amazonaws.com\/static\/2024\/09\/21132946\/265101316_A934788-scaled.jpg\" data-index=\"4\" rel=\"noopener\"><img decoding=\"async\" src=\"https:\/\/bxrepsol.s3.eu-west-1.amazonaws.com\/static\/2024\/09\/21132946\/265101316_A934788-scaled.jpg\"\/><\/a><\/div><div class=\"br-slider-buttons\"><button class=\"arrow rds-icon arrow--left rds-icon-Arrow_left\"><\/button><button class=\"arrow rds-icon arrow--right rds-icon-Arrow_right\"><\/button><\/div><\/div>\n\n\n\n<p><\/p>\n\n\n\n<h2 class=\"wp-block-heading\"><strong>Statements<\/strong><\/h2>\n\n\n\n<h3 class=\"wp-block-heading\">Joan Mir<\/h3>\n\n\n\n<p>\u201cOverall it has been a positive day where we have found something. In the morning and in Q1 we made a good step not just with fast lap but with the overall pace as well. On my second Q1 exit I think we could have achieved a bit more and I was hoping for more after seeing how strong we were. Happy for this. Of course we can\u2019t be happy with the Sprint race. The vibration we had was very high and I got the long lap from running wide at Turn 11. We have to check everything very well to stop this happening again, I finished the Sprint to get more data about this situation.\u201d<\/p>\n\n\n\n<h3 class=\"wp-block-heading\">Luca Marini<\/h3>\n\n\n\n<p>\u201cTaking 15th in Quali is a good step for us, it\u2019s been a positive Saturday overall. In the Sprint at turn eight I had a huge moment, and I had to run wide, but I went really wide! I lost a second here and then the others overtook me. We need to explore the first lap of the race because I think we can find something more, especially with making the most of the rear tyre. The new package has improved our corner entry and turning, which is positive, and we need to stay focused on this and not the small things that can happen in a race. I am satisfied with the job that the Japanese are doing.\u201d<\/p>\n","protected":false},"excerpt":{"rendered":"<p>Nueva victoria al sprint para \u2018Pecco\u2019 Bagnaia, seguido por Jorge Mart\u00edn y Enea Bastianini.<\/p>\n","protected":false},"author":43146,"featured_media":119841,"comment_status":"open","ping_status":"open","sticky":false,"template":"","format":"standard","meta":{"footnotes":""},"categories":[4],"tags":[512,271,422,434],"class_list":["post-119845","post","type-post","status-publish","format-standard","hentry","category-motogp","tag-emilia-romagna-gp-2","tag-joan-mir","tag-luca-marini","tag-motogp-2024"],"yoast_head":"<!-- This site is optimized with the Yoast SEO plugin v27.3 - https:\/\/yoast.com\/product\/yoast-seo-wordpress\/ -->\n<title>Resultados de la carrera sprint del GP de la Emilia Romagna de MotoGP 2024 - Box Repsol<\/title>\n<meta name=\"description\" content=\"Qualifying results for the 2024 Emilia Romagna GP, held at Misano (13 laps)\" \/>\n<link rel=\"canonical\" href=\"https:\/\/www.boxrepsol.com\/es\/motogp\/2024-emilia-romagna-gp-qualifying-results-2\/\" \/>\n<meta property=\"og:locale\" content=\"es_ES\" \/>\n<meta property=\"og:type\" content=\"article\" \/>\n<meta property=\"og:title\" content=\"Resultados de la carrera sprint del GP de la Emilia Romagna de MotoGP 2024 - Box Repsol\" \/>\n<meta property=\"og:description\" content=\"Qualifying results for the 2024 Emilia Romagna GP, held at Misano (13 laps)\" \/>\n<meta property=\"og:url\" content=\"https:\/\/www.boxrepsol.com\/es\/motogp\/2024-emilia-romagna-gp-qualifying-results-2\/\" \/>\n<meta property=\"og:site_name\" content=\"Box Repsol\" \/>\n<meta property=\"article:publisher\" content=\"https:\/\/www.facebook.com\/BoxRepsol\" \/>\n<meta property=\"article:author\" content=\"https:\/\/www.facebook.com\/BoxRepsol\/\" \/>\n<meta property=\"article:published_time\" content=\"2024-09-21T13:46:02+00:00\" \/>\n<meta property=\"article:modified_time\" content=\"2024-10-01T07:57:03+00:00\" \/>\n<meta property=\"og:image\" content=\"https:\/\/bxrepsol.s3.eu-west-1.amazonaws.com\/static\/2024\/09\/21111605\/265103333_A1J9410-scaled.jpg\" \/>\n\t<meta property=\"og:image:width\" content=\"2560\" \/>\n\t<meta property=\"og:image:height\" content=\"1707\" \/>\n\t<meta property=\"og:image:type\" content=\"image\/jpeg\" \/>\n<meta name=\"author\" content=\"Redacci\u00f3n Box Repsol\" \/>\n<meta name=\"twitter:card\" content=\"summary_large_image\" \/>\n<meta name=\"twitter:creator\" content=\"@https:\/\/twitter.com\/box_repsol\" \/>\n<meta name=\"twitter:site\" content=\"@box_repsol\" \/>\n<meta name=\"twitter:label1\" content=\"Written by\" \/>\n\t<meta name=\"twitter:data1\" content=\"Redacci\u00f3n Box Repsol\" \/>\n\t<meta name=\"twitter:label2\" content=\"Est. reading time\" \/>\n\t<meta name=\"twitter:data2\" content=\"4 minutos\" \/>\n<script type=\"application\/ld+json\" class=\"yoast-schema-graph\">{\"@context\":\"https:\\\/\\\/schema.org\",\"@graph\":[{\"@type\":\"Article\",\"@id\":\"https:\\\/\\\/www.boxrepsol.com\\\/es\\\/motogp\\\/2024-emilia-romagna-gp-qualifying-results-2\\\/#article\",\"isPartOf\":{\"@id\":\"https:\\\/\\\/www.boxrepsol.com\\\/es\\\/motogp\\\/2024-emilia-romagna-gp-qualifying-results-2\\\/\"},\"author\":{\"name\":\"Redacci\u00f3n Box Repsol\",\"@id\":\"https:\\\/\\\/www.boxrepsol.com\\\/es\\\/#\\\/schema\\\/person\\\/c5c2138f2cca251b0ad92b7086bb60b7\"},\"headline\":\"Resultados de la carrera sprint del GP de la Emilia Romagna de MotoGP 2024\",\"datePublished\":\"2024-09-21T13:46:02+00:00\",\"dateModified\":\"2024-10-01T07:57:03+00:00\",\"mainEntityOfPage\":{\"@id\":\"https:\\\/\\\/www.boxrepsol.com\\\/es\\\/motogp\\\/2024-emilia-romagna-gp-qualifying-results-2\\\/\"},\"wordCount\":850,\"commentCount\":0,\"publisher\":{\"@id\":\"https:\\\/\\\/www.boxrepsol.com\\\/es\\\/#organization\"},\"image\":{\"@id\":\"https:\\\/\\\/www.boxrepsol.com\\\/es\\\/motogp\\\/2024-emilia-romagna-gp-qualifying-results-2\\\/#primaryimage\"},\"thumbnailUrl\":\"https:\\\/\\\/bxrepsol.s3.eu-west-1.amazonaws.com\\\/static\\\/2024\\\/09\\\/21111605\\\/265103333_A1J9410-scaled.jpg\",\"keywords\":[\"Emilia Romagna GP\",\"Joan Mir\",\"Luca Marini\",\"MotoGP 2024\"],\"articleSection\":[\"MotoGP\"],\"inLanguage\":\"es\",\"potentialAction\":[{\"@type\":\"CommentAction\",\"name\":\"Comment\",\"target\":[\"https:\\\/\\\/www.boxrepsol.com\\\/es\\\/motogp\\\/2024-emilia-romagna-gp-qualifying-results-2\\\/#respond\"]}]},{\"@type\":\"WebPage\",\"@id\":\"https:\\\/\\\/www.boxrepsol.com\\\/es\\\/motogp\\\/2024-emilia-romagna-gp-qualifying-results-2\\\/\",\"url\":\"https:\\\/\\\/www.boxrepsol.com\\\/es\\\/motogp\\\/2024-emilia-romagna-gp-qualifying-results-2\\\/\",\"name\":\"Resultados de la carrera sprint del GP de la Emilia Romagna de MotoGP 2024 - Box Repsol\",\"isPartOf\":{\"@id\":\"https:\\\/\\\/www.boxrepsol.com\\\/es\\\/#website\"},\"primaryImageOfPage\":{\"@id\":\"https:\\\/\\\/www.boxrepsol.com\\\/es\\\/motogp\\\/2024-emilia-romagna-gp-qualifying-results-2\\\/#primaryimage\"},\"image\":{\"@id\":\"https:\\\/\\\/www.boxrepsol.com\\\/es\\\/motogp\\\/2024-emilia-romagna-gp-qualifying-results-2\\\/#primaryimage\"},\"thumbnailUrl\":\"https:\\\/\\\/bxrepsol.s3.eu-west-1.amazonaws.com\\\/static\\\/2024\\\/09\\\/21111605\\\/265103333_A1J9410-scaled.jpg\",\"datePublished\":\"2024-09-21T13:46:02+00:00\",\"dateModified\":\"2024-10-01T07:57:03+00:00\",\"description\":\"Qualifying results for the 2024 Emilia Romagna GP, held at Misano (13 laps)\",\"breadcrumb\":{\"@id\":\"https:\\\/\\\/www.boxrepsol.com\\\/es\\\/motogp\\\/2024-emilia-romagna-gp-qualifying-results-2\\\/#breadcrumb\"},\"inLanguage\":\"es\",\"potentialAction\":[{\"@type\":\"ReadAction\",\"target\":[\"https:\\\/\\\/www.boxrepsol.com\\\/es\\\/motogp\\\/2024-emilia-romagna-gp-qualifying-results-2\\\/\"]}]},{\"@type\":\"ImageObject\",\"inLanguage\":\"es\",\"@id\":\"https:\\\/\\\/www.boxrepsol.com\\\/es\\\/motogp\\\/2024-emilia-romagna-gp-qualifying-results-2\\\/#primaryimage\",\"url\":\"https:\\\/\\\/bxrepsol.s3.eu-west-1.amazonaws.com\\\/static\\\/2024\\\/09\\\/21111605\\\/265103333_A1J9410-scaled.jpg\",\"contentUrl\":\"https:\\\/\\\/bxrepsol.s3.eu-west-1.amazonaws.com\\\/static\\\/2024\\\/09\\\/21111605\\\/265103333_A1J9410-scaled.jpg\",\"width\":2560,\"height\":1707},{\"@type\":\"BreadcrumbList\",\"@id\":\"https:\\\/\\\/www.boxrepsol.com\\\/es\\\/motogp\\\/2024-emilia-romagna-gp-qualifying-results-2\\\/#breadcrumb\",\"itemListElement\":[{\"@type\":\"ListItem\",\"position\":1,\"name\":\"Home\",\"item\":\"https:\\\/\\\/www.boxrepsol.com\\\/es\\\/\"},{\"@type\":\"ListItem\",\"position\":2,\"name\":\"Resultados de la carrera sprint del GP de la Emilia Romagna de MotoGP 2024\"}]},{\"@type\":\"WebSite\",\"@id\":\"https:\\\/\\\/www.boxrepsol.com\\\/es\\\/#website\",\"url\":\"https:\\\/\\\/www.boxrepsol.com\\\/es\\\/\",\"name\":\"Box Repsol\",\"description\":\"Box Repsol Site\",\"publisher\":{\"@id\":\"https:\\\/\\\/www.boxrepsol.com\\\/es\\\/#organization\"},\"potentialAction\":[{\"@type\":\"SearchAction\",\"target\":{\"@type\":\"EntryPoint\",\"urlTemplate\":\"https:\\\/\\\/www.boxrepsol.com\\\/es\\\/?s={search_term_string}\"},\"query-input\":{\"@type\":\"PropertyValueSpecification\",\"valueRequired\":true,\"valueName\":\"search_term_string\"}}],\"inLanguage\":\"es\"},{\"@type\":\"Organization\",\"@id\":\"https:\\\/\\\/www.boxrepsol.com\\\/es\\\/#organization\",\"name\":\"Box Repsol\",\"url\":\"https:\\\/\\\/www.boxrepsol.com\\\/es\\\/\",\"logo\":{\"@type\":\"ImageObject\",\"inLanguage\":\"es\",\"@id\":\"https:\\\/\\\/www.boxrepsol.com\\\/es\\\/#\\\/schema\\\/logo\\\/image\\\/\",\"url\":\"https:\\\/\\\/bxrepsol.s3.eu-west-1.amazonaws.com\\\/static\\\/2025\\\/07\\\/30083337\\\/favicon-96x96-1.png\",\"contentUrl\":\"https:\\\/\\\/bxrepsol.s3.eu-west-1.amazonaws.com\\\/static\\\/2025\\\/07\\\/30083337\\\/favicon-96x96-1.png\",\"width\":96,\"height\":96,\"caption\":\"Box Repsol\"},\"image\":{\"@id\":\"https:\\\/\\\/www.boxrepsol.com\\\/es\\\/#\\\/schema\\\/logo\\\/image\\\/\"},\"sameAs\":[\"https:\\\/\\\/www.facebook.com\\\/BoxRepsol\",\"https:\\\/\\\/x.com\\\/box_repsol\",\"http:\\\/\\\/instagram.com\\\/box_repsol\",\"https:\\\/\\\/www.youtube.com\\\/user\\\/RepsolCompeticion\",\"https:\\\/\\\/www.flickr.com\\\/photos\\\/box_repsol\\\/\"]},{\"@type\":\"Person\",\"@id\":\"https:\\\/\\\/www.boxrepsol.com\\\/es\\\/#\\\/schema\\\/person\\\/c5c2138f2cca251b0ad92b7086bb60b7\",\"name\":\"Redacci\u00f3n Box Repsol\",\"image\":{\"@type\":\"ImageObject\",\"inLanguage\":\"es\",\"@id\":\"https:\\\/\\\/secure.gravatar.com\\\/avatar\\\/adf7b77e38b4419baf32c7e9c21dde01f4e40df611f0978e3006fc4ba0aaab7e?s=96&d=mm&r=g\",\"url\":\"https:\\\/\\\/secure.gravatar.com\\\/avatar\\\/adf7b77e38b4419baf32c7e9c21dde01f4e40df611f0978e3006fc4ba0aaab7e?s=96&d=mm&r=g\",\"contentUrl\":\"https:\\\/\\\/secure.gravatar.com\\\/avatar\\\/adf7b77e38b4419baf32c7e9c21dde01f4e40df611f0978e3006fc4ba0aaab7e?s=96&d=mm&r=g\",\"caption\":\"Redacci\u00f3n Box Repsol\"},\"description\":\"Box Repsol lo forma un equipo de periodistas, community managers, dise\u00f1adores y fot\u00f3grafos con m\u00e1s de 20 a\u00f1os de experiencia en el mundo del motorsport. Hemos vivido el primer mundial de un espa\u00f1ol en la categor\u00eda reina de motociclismo con \u00c1lex Crivill\u00e9, estuvimos en las victorias de Pedrosa y los t\u00edtulos de M\u00e1rquez, acompa\u00f1amos en \u00c1frica a Nani Roma y Marc Coma en sus conquistas del Dakar y hemos vibrado con los t\u00edtulos de Toni Bou en Trial. Adem\u00e1s, en nuestro equipo contamos con expertos en el mundo de las dos y cuatro ruedas tanto de la calle y las carreteras, como de los circuitos. Periodistas que han trabajado en revistas y publicaciones para hacerte llegar desde rutas y consejos de mantenimiento, a curiosidades y trucos de pilotaje.\",\"sameAs\":[\"https:\\\/\\\/www.facebook.com\\\/BoxRepsol\\\/\",\"https:\\\/\\\/www.instagram.com\\\/box_repsol\\\/\",\"https:\\\/\\\/x.com\\\/https:\\\/\\\/twitter.com\\\/box_repsol\",\"https:\\\/\\\/www.youtube.com\\\/@Boxrepsol\"],\"url\":\"https:\\\/\\\/www.boxrepsol.com\\\/es\\\/author\\\/redaccion-box-repsol\\\/\"}]}<\/script>\n<!-- \/ Yoast SEO plugin. -->","yoast_head_json":{"title":"Resultados de la carrera sprint del GP de la Emilia Romagna de MotoGP 2024 - Box Repsol","description":"Qualifying results for the 2024 Emilia Romagna GP, held at Misano (13 laps)","canonical":"https:\/\/www.boxrepsol.com\/es\/motogp\/2024-emilia-romagna-gp-qualifying-results-2\/","og_locale":"es_ES","og_type":"article","og_title":"Resultados de la carrera sprint del GP de la Emilia Romagna de MotoGP 2024 - Box Repsol","og_description":"Qualifying results for the 2024 Emilia Romagna GP, held at Misano (13 laps)","og_url":"https:\/\/www.boxrepsol.com\/es\/motogp\/2024-emilia-romagna-gp-qualifying-results-2\/","og_site_name":"Box Repsol","article_publisher":"https:\/\/www.facebook.com\/BoxRepsol","article_author":"https:\/\/www.facebook.com\/BoxRepsol\/","article_published_time":"2024-09-21T13:46:02+00:00","article_modified_time":"2024-10-01T07:57:03+00:00","og_image":[{"width":2560,"height":1707,"url":"https:\/\/bxrepsol.s3.eu-west-1.amazonaws.com\/static\/2024\/09\/21111605\/265103333_A1J9410-scaled.jpg","type":"image\/jpeg"}],"author":"Redacci\u00f3n Box Repsol","twitter_card":"summary_large_image","twitter_creator":"@https:\/\/twitter.com\/box_repsol","twitter_site":"@box_repsol","twitter_misc":{"Written by":"Redacci\u00f3n Box Repsol","Est. reading time":"4 minutos"},"schema":{"@context":"https:\/\/schema.org","@graph":[{"@type":"Article","@id":"https:\/\/www.boxrepsol.com\/es\/motogp\/2024-emilia-romagna-gp-qualifying-results-2\/#article","isPartOf":{"@id":"https:\/\/www.boxrepsol.com\/es\/motogp\/2024-emilia-romagna-gp-qualifying-results-2\/"},"author":{"name":"Redacci\u00f3n Box Repsol","@id":"https:\/\/www.boxrepsol.com\/es\/#\/schema\/person\/c5c2138f2cca251b0ad92b7086bb60b7"},"headline":"Resultados de la carrera sprint del GP de la Emilia Romagna de MotoGP 2024","datePublished":"2024-09-21T13:46:02+00:00","dateModified":"2024-10-01T07:57:03+00:00","mainEntityOfPage":{"@id":"https:\/\/www.boxrepsol.com\/es\/motogp\/2024-emilia-romagna-gp-qualifying-results-2\/"},"wordCount":850,"commentCount":0,"publisher":{"@id":"https:\/\/www.boxrepsol.com\/es\/#organization"},"image":{"@id":"https:\/\/www.boxrepsol.com\/es\/motogp\/2024-emilia-romagna-gp-qualifying-results-2\/#primaryimage"},"thumbnailUrl":"https:\/\/bxrepsol.s3.eu-west-1.amazonaws.com\/static\/2024\/09\/21111605\/265103333_A1J9410-scaled.jpg","keywords":["Emilia Romagna GP","Joan Mir","Luca Marini","MotoGP 2024"],"articleSection":["MotoGP"],"inLanguage":"es","potentialAction":[{"@type":"CommentAction","name":"Comment","target":["https:\/\/www.boxrepsol.com\/es\/motogp\/2024-emilia-romagna-gp-qualifying-results-2\/#respond"]}]},{"@type":"WebPage","@id":"https:\/\/www.boxrepsol.com\/es\/motogp\/2024-emilia-romagna-gp-qualifying-results-2\/","url":"https:\/\/www.boxrepsol.com\/es\/motogp\/2024-emilia-romagna-gp-qualifying-results-2\/","name":"Resultados de la carrera sprint del GP de la Emilia Romagna de MotoGP 2024 - Box Repsol","isPartOf":{"@id":"https:\/\/www.boxrepsol.com\/es\/#website"},"primaryImageOfPage":{"@id":"https:\/\/www.boxrepsol.com\/es\/motogp\/2024-emilia-romagna-gp-qualifying-results-2\/#primaryimage"},"image":{"@id":"https:\/\/www.boxrepsol.com\/es\/motogp\/2024-emilia-romagna-gp-qualifying-results-2\/#primaryimage"},"thumbnailUrl":"https:\/\/bxrepsol.s3.eu-west-1.amazonaws.com\/static\/2024\/09\/21111605\/265103333_A1J9410-scaled.jpg","datePublished":"2024-09-21T13:46:02+00:00","dateModified":"2024-10-01T07:57:03+00:00","description":"Qualifying results for the 2024 Emilia Romagna GP, held at Misano (13 laps)","breadcrumb":{"@id":"https:\/\/www.boxrepsol.com\/es\/motogp\/2024-emilia-romagna-gp-qualifying-results-2\/#breadcrumb"},"inLanguage":"es","potentialAction":[{"@type":"ReadAction","target":["https:\/\/www.boxrepsol.com\/es\/motogp\/2024-emilia-romagna-gp-qualifying-results-2\/"]}]},{"@type":"ImageObject","inLanguage":"es","@id":"https:\/\/www.boxrepsol.com\/es\/motogp\/2024-emilia-romagna-gp-qualifying-results-2\/#primaryimage","url":"https:\/\/bxrepsol.s3.eu-west-1.amazonaws.com\/static\/2024\/09\/21111605\/265103333_A1J9410-scaled.jpg","contentUrl":"https:\/\/bxrepsol.s3.eu-west-1.amazonaws.com\/static\/2024\/09\/21111605\/265103333_A1J9410-scaled.jpg","width":2560,"height":1707},{"@type":"BreadcrumbList","@id":"https:\/\/www.boxrepsol.com\/es\/motogp\/2024-emilia-romagna-gp-qualifying-results-2\/#breadcrumb","itemListElement":[{"@type":"ListItem","position":1,"name":"Home","item":"https:\/\/www.boxrepsol.com\/es\/"},{"@type":"ListItem","position":2,"name":"Resultados de la carrera sprint del GP de la Emilia Romagna de MotoGP 2024"}]},{"@type":"WebSite","@id":"https:\/\/www.boxrepsol.com\/es\/#website","url":"https:\/\/www.boxrepsol.com\/es\/","name":"Box Repsol","description":"Box Repsol Site","publisher":{"@id":"https:\/\/www.boxrepsol.com\/es\/#organization"},"potentialAction":[{"@type":"SearchAction","target":{"@type":"EntryPoint","urlTemplate":"https:\/\/www.boxrepsol.com\/es\/?s={search_term_string}"},"query-input":{"@type":"PropertyValueSpecification","valueRequired":true,"valueName":"search_term_string"}}],"inLanguage":"es"},{"@type":"Organization","@id":"https:\/\/www.boxrepsol.com\/es\/#organization","name":"Box Repsol","url":"https:\/\/www.boxrepsol.com\/es\/","logo":{"@type":"ImageObject","inLanguage":"es","@id":"https:\/\/www.boxrepsol.com\/es\/#\/schema\/logo\/image\/","url":"https:\/\/bxrepsol.s3.eu-west-1.amazonaws.com\/static\/2025\/07\/30083337\/favicon-96x96-1.png","contentUrl":"https:\/\/bxrepsol.s3.eu-west-1.amazonaws.com\/static\/2025\/07\/30083337\/favicon-96x96-1.png","width":96,"height":96,"caption":"Box Repsol"},"image":{"@id":"https:\/\/www.boxrepsol.com\/es\/#\/schema\/logo\/image\/"},"sameAs":["https:\/\/www.facebook.com\/BoxRepsol","https:\/\/x.com\/box_repsol","http:\/\/instagram.com\/box_repsol","https:\/\/www.youtube.com\/user\/RepsolCompeticion","https:\/\/www.flickr.com\/photos\/box_repsol\/"]},{"@type":"Person","@id":"https:\/\/www.boxrepsol.com\/es\/#\/schema\/person\/c5c2138f2cca251b0ad92b7086bb60b7","name":"Redacci\u00f3n Box Repsol","image":{"@type":"ImageObject","inLanguage":"es","@id":"https:\/\/secure.gravatar.com\/avatar\/adf7b77e38b4419baf32c7e9c21dde01f4e40df611f0978e3006fc4ba0aaab7e?s=96&d=mm&r=g","url":"https:\/\/secure.gravatar.com\/avatar\/adf7b77e38b4419baf32c7e9c21dde01f4e40df611f0978e3006fc4ba0aaab7e?s=96&d=mm&r=g","contentUrl":"https:\/\/secure.gravatar.com\/avatar\/adf7b77e38b4419baf32c7e9c21dde01f4e40df611f0978e3006fc4ba0aaab7e?s=96&d=mm&r=g","caption":"Redacci\u00f3n Box Repsol"},"description":"Box Repsol lo forma un equipo de periodistas, community managers, dise\u00f1adores y fot\u00f3grafos con m\u00e1s de 20 a\u00f1os de experiencia en el mundo del motorsport. Hemos vivido el primer mundial de un espa\u00f1ol en la categor\u00eda reina de motociclismo con \u00c1lex Crivill\u00e9, estuvimos en las victorias de Pedrosa y los t\u00edtulos de M\u00e1rquez, acompa\u00f1amos en \u00c1frica a Nani Roma y Marc Coma en sus conquistas del Dakar y hemos vibrado con los t\u00edtulos de Toni Bou en Trial. Adem\u00e1s, en nuestro equipo contamos con expertos en el mundo de las dos y cuatro ruedas tanto de la calle y las carreteras, como de los circuitos. Periodistas que han trabajado en revistas y publicaciones para hacerte llegar desde rutas y consejos de mantenimiento, a curiosidades y trucos de pilotaje.","sameAs":["https:\/\/www.facebook.com\/BoxRepsol\/","https:\/\/www.instagram.com\/box_repsol\/","https:\/\/x.com\/https:\/\/twitter.com\/box_repsol","https:\/\/www.youtube.com\/@Boxrepsol"],"url":"https:\/\/www.boxrepsol.com\/es\/author\/redaccion-box-repsol\/"}]}},"_links":{"self":[{"href":"https:\/\/www.boxrepsol.com\/es\/wp-json\/wp\/v2\/posts\/119845","targetHints":{"allow":["GET"]}}],"collection":[{"href":"https:\/\/www.boxrepsol.com\/es\/wp-json\/wp\/v2\/posts"}],"about":[{"href":"https:\/\/www.boxrepsol.com\/es\/wp-json\/wp\/v2\/types\/post"}],"author":[{"embeddable":true,"href":"https:\/\/www.boxrepsol.com\/es\/wp-json\/wp\/v2\/users\/43146"}],"replies":[{"embeddable":true,"href":"https:\/\/www.boxrepsol.com\/es\/wp-json\/wp\/v2\/comments?post=119845"}],"version-history":[{"count":6,"href":"https:\/\/www.boxrepsol.com\/es\/wp-json\/wp\/v2\/posts\/119845\/revisions"}],"predecessor-version":[{"id":119887,"href":"https:\/\/www.boxrepsol.com\/es\/wp-json\/wp\/v2\/posts\/119845\/revisions\/119887"}],"wp:featuredmedia":[{"embeddable":true,"href":"https:\/\/www.boxrepsol.com\/es\/wp-json\/wp\/v2\/media\/119841"}],"wp:attachment":[{"href":"https:\/\/www.boxrepsol.com\/es\/wp-json\/wp\/v2\/media?parent=119845"}],"wp:term":[{"taxonomy":"category","embeddable":true,"href":"https:\/\/www.boxrepsol.com\/es\/wp-json\/wp\/v2\/categories?post=119845"},{"taxonomy":"post_tag","embeddable":true,"href":"https:\/\/www.boxrepsol.com\/es\/wp-json\/wp\/v2\/tags?post=119845"}],"curies":[{"name":"wp","href":"https:\/\/api.w.org\/{rel}","templated":true}]}}