{"id":119823,"date":"2024-09-21T07:40:07","date_gmt":"2024-09-21T09:40:07","guid":{"rendered":"https:\/\/www.boxrepsol.com\/sin-categorizar\/resultados-de-la-clasificacion-del-gp-de-la-emilia-romagna-de-motogp-2024\/"},"modified":"2024-09-22T08:51:24","modified_gmt":"2024-09-22T10:51:24","slug":"2024-emilia-romagna-gp-qualifying-results","status":"publish","type":"post","link":"https:\/\/www.boxrepsol.com\/es\/motogp\/2024-emilia-romagna-gp-qualifying-results\/","title":{"rendered":"Resultados de la clasificaci\u00f3n del GP de la Emilia Romagna de MotoGP 2024"},"content":{"rendered":"<figure class=\"wp-block-post-featured-image\"><img loading=\"lazy\" decoding=\"async\" width=\"2560\" height=\"1706\" src=\"https:\/\/bxrepsol.s3.eu-west-1.amazonaws.com\/static\/2024\/09\/21072643\/264150829_A932802-scaled.jpg\" class=\"attachment-post-thumbnail size-post-thumbnail wp-post-image\" alt=\"\" style=\"object-fit:cover;\" srcset=\"https:\/\/bxrepsol.s3.eu-west-1.amazonaws.com\/static\/2024\/09\/21072643\/264150829_A932802-scaled.jpg 2560w, https:\/\/bxrepsol.s3.eu-west-1.amazonaws.com\/static\/2024\/09\/21072643\/264150829_A932802-300x200.jpg 300w, https:\/\/bxrepsol.s3.eu-west-1.amazonaws.com\/static\/2024\/09\/21072643\/264150829_A932802-1024x683.jpg 1024w, https:\/\/bxrepsol.s3.eu-west-1.amazonaws.com\/static\/2024\/09\/21072643\/264150829_A932802-768x512.jpg 768w, https:\/\/bxrepsol.s3.eu-west-1.amazonaws.com\/static\/2024\/09\/21072643\/264150829_A932802-1536x1024.jpg 1536w, https:\/\/bxrepsol.s3.eu-west-1.amazonaws.com\/static\/2024\/09\/21072643\/264150829_A932802-2048x1365.jpg 2048w\" sizes=\"auto, (max-width: 2560px) 100vw, 2560px\" \/><\/figure>\n\n\n<p><strong>Pole Position<\/strong>&nbsp;y&nbsp;<strong>r\u00e9cord del circuito&nbsp;<\/strong>para el&nbsp;<strong>italiano \u2018Pecco\u2019 Bagnaia,<\/strong>&nbsp;con una vuelta de infarto de 1:30:031. El italiano consigue su&nbsp;<strong>vig\u00e9sima pole&nbsp;<\/strong>en el fin de semana que cumple&nbsp;<strong>100 grandes premios&nbsp;<\/strong>en&nbsp;<strong>MotoGP<\/strong>. Las&nbsp;<strong>Ducatis&nbsp;<\/strong>de<strong>&nbsp;Jorge Mart\u00edn y Enea Bastianini&nbsp;<\/strong>completan la primera l\u00ednea de salida para la parrilla.<\/p>\n\n\n\n<p>La jornada ha empezado con una&nbsp;<strong>FP2<\/strong>&nbsp;sorprendente, tras el dominio del rookie de Mazarr\u00f3n&nbsp;<strong>Pedro Acosta<\/strong>, seguido de cerca por la&nbsp;<strong>Yamaha&nbsp;<\/strong>de&nbsp;<strong>Fabio Quartararo<\/strong>, que demuestra que la marca japonesa ha dado un paso hacia adelante este fin de semana en el circuito de&nbsp;<strong>Misano Marco Simoncell<\/strong>i. El vigente campe\u00f3n, \u2018<strong>Pecco\u2019 Bagnaia&nbsp;<\/strong>ha sido tercero.<\/p>\n\n\n\n<p>La baja temperatura del asfalto al inicio de la sesi\u00f3n ha provocado que los tiempos no se mejoraran e incluso se han producido varias ca\u00eddas de los pilotos de Gresini.&nbsp;<strong>\u00c1lex M\u00e1rquez&nbsp;<\/strong>no ha podido conseguir el pase a Q2, y&nbsp;<strong>Marc M\u00e1rquez<\/strong>&nbsp;ya en la Q2, que ha podido volver al box pero se ha quedado sin tiempo suficiente para mejorar su tiempo y saldr\u00e1 en&nbsp;<strong>7\u00aa posici\u00f3n<\/strong>.<\/p>\n\n\n\n<p>Al inicio de la segunda parte de la Q2,&nbsp;<strong>Jorge Mart\u00edn&nbsp;<\/strong>ha rodado en un tiempo de 1:30:245 que parec\u00eda insuperable, hasta que el<strong>&nbsp;#1&nbsp;<\/strong>de Ducati ha conseguido su tiempo r\u00e9cord. La segunda&nbsp;<strong>Ducati&nbsp;<\/strong>oficial,&nbsp;<strong>Enea Bastianini<\/strong>, no se ha hecho ver durante el fin de semana pero ha conseguido colarse en primera l\u00ednea de parrilla. El Top 5 lo completan las&nbsp;<strong>KTM&nbsp;<\/strong>de&nbsp;<strong>Brad Binder y Pedro Acosta&nbsp;<\/strong>que tambi\u00e9n han dado un paso hacia adelante.<\/p>\n\n\n\n<p>La<strong>&nbsp;carrera al Sprint<\/strong>&nbsp;tendr\u00e1 lugar en unas pocas horas, a las&nbsp;<strong>15h (CEST)<\/strong>, en el circuito de Misano Marco Simoncelli.<\/p>\n\n\n\n<h2 class=\"wp-block-heading\"><strong>Pasito hacia adelante para el Repsol Honda<\/strong><\/h2>\n\n\n\n<p>El buen trabajo constante de la jornada del viernes ha dado sus frutos para&nbsp;<strong>Joan Mir&nbsp;<\/strong>y<strong>&nbsp;Luca Marini.<\/strong>&nbsp;A pesar de conseguir&nbsp;<strong>P16&nbsp;<\/strong>y<strong>&nbsp;P17<\/strong>&nbsp;respectivamente en la&nbsp;<strong>segunda Free Practice&nbsp;<\/strong>de esta ma\u00f1ana, la velocidad ha incrementado en ambos pilotos y han conseguido recortar tiempo a los pilotos delanteros. Los del&nbsp;<strong>Repsol Honda<\/strong>&nbsp;han finalizado la sesi\u00f3n matinal a&nbsp;<strong>menos de un segundo<\/strong>&nbsp;del tiempo del l\u00edder&nbsp;<strong>Pedro Acosta<\/strong>.<\/p>\n\n\n\n<p>La sesi\u00f3n clasificatoria ha empezado con buen pie para&nbsp;<strong>Joan Mir,<\/strong>&nbsp;quien se ha colocado en posiciones delanteras, pero finalmente se ha quedado a las puertas del pase a la Q2. Una vuelta de 1:31:428 ha convertido al&nbsp;<strong>#10 del Repsol Honda<\/strong>&nbsp;como&nbsp;<strong>la mejor Honda<\/strong>&nbsp;<strong>clasificada<\/strong>, con una&nbsp;<strong>15a<\/strong>&nbsp;posici\u00f3n en parrilla. Un puesto m\u00e1s retrasado partir\u00e1 el&nbsp;<strong>#36<\/strong>, quien con un crono de 1:31:350 partir\u00e1 desde la&nbsp;<strong>16a<\/strong>&nbsp;posici\u00f3n.<\/p>\n\n\n\n<h2 class=\"wp-block-heading\"><strong>Clasificaci\u00f3n de la clasificaci\u00f3n del GP de la Emilia Romagna 2024<\/strong><\/h2>\n\n\n\n<p><\/p>\n\n\n\n<figure class=\"wp-block-table is-style-stripes\"><table><tbody><tr><td><strong>PILOTO<\/strong><\/td><td><strong>EQUIPO<\/strong><\/td><td><strong>TIEMPO<\/strong><\/td><\/tr><tr><td>1. &#8216;Pecco&#8217; Bagnaia<\/td><td>DUCATI<\/td><td>01:30.031<\/td><\/tr><tr><td>2. Jorge Mart\u00edn<\/td><td>DUCATI<\/td><td>+0.214<\/td><\/tr><tr><td>3. Enea Bastianini<\/td><td>DUCATI<\/td><td>+0.533<\/td><\/tr><tr><td>4. Brad Binder<\/td><td>KTM<\/td><td>+0.605<\/td><\/tr><tr><td>5. Pedro Acosta<\/td><td>GASGAS<\/td><td>+0.700<\/td><\/tr><tr><td>6. Marco Bezzecchi<\/td><td>DUCATI<\/td><td>+0.806<\/td><\/tr><tr><td>7. Marc M\u00e1rquez <\/td><td>DUCATI<\/td><td>+0.849<\/td><\/tr><tr><td>8. Maverick Vi\u00f1ales<\/td><td>APRILIA<\/td><td>+0.878<\/td><\/tr><tr><td>9. Fabio Quartararo<\/td><td>YAMAHA<\/td><td>+0.890<\/td><\/tr><tr><td>10. Franco Morbidelli<\/td><td>DUCATI<\/td><td>+0.901<\/td><\/tr><tr><td>11. Aleix Espargar\u00f3<\/td><td>APRILIA<\/td><td>+1.006<\/td><\/tr><tr><td>12. Miguel Oliveira<\/td><td>APRILIA<\/td><td>+1.083<\/td><\/tr><tr><td>13. Fabio Di Giannantonio<\/td><td>DUCATI<\/td><td>+0.215*<\/td><\/tr><tr><td>14. Ra\u00fal Fern\u00e1ndez<\/td><td>APRILIA<\/td><td>+0.332*<\/td><\/tr><tr><td><strong>15. Luca Marini<\/strong><\/td><td><strong>REPSOL HONDA<\/strong><\/td><td><strong>+0.358*<\/strong><\/td><\/tr><tr><td><strong>16. Joan Mir<\/strong><\/td><td><strong>REPSOL HONDA<\/strong><\/td><td><strong>+0.380*<\/strong><\/td><\/tr><tr><td>17.<strong> <\/strong>Johann Zarco<\/td><td>HONDA<\/td><td>+0.431*<\/td><\/tr><tr><td>18. Augusto Fern\u00e1ndez<\/td><td>GASGAS<\/td><td><strong>+<\/strong>0.484*<\/td><\/tr><tr><td>19. Jack Miller<\/td><td>KTM<\/td><td>+0.625*<\/td><\/tr><tr><td>20. Takaaki Nakagami<\/td><td>HONDA<\/td><td>+0.921*<\/td><\/tr><tr><td>21.<strong> <\/strong>\u00c1lex M\u00e1rquez<\/td><td>DUCATI<\/td><td>+1.262*<\/td><\/tr><tr><td>NC. \u00c1lex Rins<\/td><td>YAMAHA<\/td><td><\/td><\/tr><tr><td><\/td><td><\/td><td><\/td><\/tr><\/tbody><\/table><\/figure>\n","protected":false},"excerpt":{"rendered":"<p>Nueva Pole Position para \u2018Pecco\u2019 Bagnaia, con una primera l\u00ednea totalmente dominada por las Ducati GP 24.<\/p>\n","protected":false},"author":43146,"featured_media":119817,"comment_status":"open","ping_status":"open","sticky":false,"template":"","format":"standard","meta":{"footnotes":""},"categories":[4],"tags":[50,492,271,422,434],"class_list":["post-119823","post","type-post","status-publish","format-standard","hentry","category-motogp","tag-equipo-repsol-honda","tag-gp-emilia-romagna","tag-joan-mir","tag-luca-marini","tag-motogp-2024"],"yoast_head":"<!-- This site is optimized with the Yoast SEO plugin v27.3 - https:\/\/yoast.com\/product\/yoast-seo-wordpress\/ -->\n<title>Resultados de la clasificaci\u00f3n del GP de la Emilia Romagna de MotoGP 2024 - Box Repsol<\/title>\n<meta name=\"description\" content=\"Qualifying results for the 2024 Emilia Romagna GP, held at Misano.\" \/>\n<link rel=\"canonical\" href=\"https:\/\/www.boxrepsol.com\/es\/motogp\/2024-emilia-romagna-gp-qualifying-results\/\" \/>\n<meta property=\"og:locale\" content=\"es_ES\" \/>\n<meta property=\"og:type\" content=\"article\" \/>\n<meta property=\"og:title\" content=\"Resultados de la clasificaci\u00f3n del GP de la Emilia Romagna de MotoGP 2024 - Box Repsol\" \/>\n<meta property=\"og:description\" content=\"Qualifying results for the 2024 Emilia Romagna GP, held at Misano.\" \/>\n<meta property=\"og:url\" content=\"https:\/\/www.boxrepsol.com\/es\/motogp\/2024-emilia-romagna-gp-qualifying-results\/\" \/>\n<meta property=\"og:site_name\" content=\"Box Repsol\" \/>\n<meta property=\"article:publisher\" content=\"https:\/\/www.facebook.com\/BoxRepsol\" \/>\n<meta property=\"article:author\" content=\"https:\/\/www.facebook.com\/BoxRepsol\/\" \/>\n<meta property=\"article:published_time\" content=\"2024-09-21T09:40:07+00:00\" \/>\n<meta property=\"article:modified_time\" content=\"2024-09-22T10:51:24+00:00\" \/>\n<meta property=\"og:image\" content=\"https:\/\/bxrepsol.s3.eu-west-1.amazonaws.com\/static\/2024\/09\/21072643\/264150829_A932802-scaled.jpg\" \/>\n\t<meta property=\"og:image:width\" content=\"2560\" \/>\n\t<meta property=\"og:image:height\" content=\"1706\" \/>\n\t<meta property=\"og:image:type\" content=\"image\/jpeg\" \/>\n<meta name=\"author\" content=\"Redacci\u00f3n Box Repsol\" \/>\n<meta name=\"twitter:card\" content=\"summary_large_image\" \/>\n<meta name=\"twitter:creator\" content=\"@https:\/\/twitter.com\/box_repsol\" \/>\n<meta name=\"twitter:site\" content=\"@box_repsol\" \/>\n<meta name=\"twitter:label1\" content=\"Written by\" \/>\n\t<meta name=\"twitter:data1\" content=\"Redacci\u00f3n Box Repsol\" \/>\n\t<meta name=\"twitter:label2\" content=\"Est. reading time\" \/>\n\t<meta name=\"twitter:data2\" content=\"3 minutos\" \/>\n<script type=\"application\/ld+json\" class=\"yoast-schema-graph\">{\"@context\":\"https:\\\/\\\/schema.org\",\"@graph\":[{\"@type\":\"Article\",\"@id\":\"https:\\\/\\\/www.boxrepsol.com\\\/es\\\/motogp\\\/2024-emilia-romagna-gp-qualifying-results\\\/#article\",\"isPartOf\":{\"@id\":\"https:\\\/\\\/www.boxrepsol.com\\\/es\\\/motogp\\\/2024-emilia-romagna-gp-qualifying-results\\\/\"},\"author\":{\"name\":\"Redacci\u00f3n Box Repsol\",\"@id\":\"https:\\\/\\\/www.boxrepsol.com\\\/es\\\/#\\\/schema\\\/person\\\/c5c2138f2cca251b0ad92b7086bb60b7\"},\"headline\":\"Resultados de la clasificaci\u00f3n del GP de la Emilia Romagna de MotoGP 2024\",\"datePublished\":\"2024-09-21T09:40:07+00:00\",\"dateModified\":\"2024-09-22T10:51:24+00:00\",\"mainEntityOfPage\":{\"@id\":\"https:\\\/\\\/www.boxrepsol.com\\\/es\\\/motogp\\\/2024-emilia-romagna-gp-qualifying-results\\\/\"},\"wordCount\":612,\"commentCount\":0,\"publisher\":{\"@id\":\"https:\\\/\\\/www.boxrepsol.com\\\/es\\\/#organization\"},\"image\":{\"@id\":\"https:\\\/\\\/www.boxrepsol.com\\\/es\\\/motogp\\\/2024-emilia-romagna-gp-qualifying-results\\\/#primaryimage\"},\"thumbnailUrl\":\"https:\\\/\\\/bxrepsol.s3.eu-west-1.amazonaws.com\\\/static\\\/2024\\\/09\\\/21072643\\\/264150829_A932802-scaled.jpg\",\"keywords\":[\"Equipo Repsol Honda\",\"GP Emilia Romagna\",\"Joan Mir\",\"Luca Marini\",\"MotoGP 2024\"],\"articleSection\":[\"MotoGP\"],\"inLanguage\":\"es\",\"potentialAction\":[{\"@type\":\"CommentAction\",\"name\":\"Comment\",\"target\":[\"https:\\\/\\\/www.boxrepsol.com\\\/es\\\/motogp\\\/2024-emilia-romagna-gp-qualifying-results\\\/#respond\"]}]},{\"@type\":\"WebPage\",\"@id\":\"https:\\\/\\\/www.boxrepsol.com\\\/es\\\/motogp\\\/2024-emilia-romagna-gp-qualifying-results\\\/\",\"url\":\"https:\\\/\\\/www.boxrepsol.com\\\/es\\\/motogp\\\/2024-emilia-romagna-gp-qualifying-results\\\/\",\"name\":\"Resultados de la clasificaci\u00f3n del GP de la Emilia Romagna de MotoGP 2024 - Box Repsol\",\"isPartOf\":{\"@id\":\"https:\\\/\\\/www.boxrepsol.com\\\/es\\\/#website\"},\"primaryImageOfPage\":{\"@id\":\"https:\\\/\\\/www.boxrepsol.com\\\/es\\\/motogp\\\/2024-emilia-romagna-gp-qualifying-results\\\/#primaryimage\"},\"image\":{\"@id\":\"https:\\\/\\\/www.boxrepsol.com\\\/es\\\/motogp\\\/2024-emilia-romagna-gp-qualifying-results\\\/#primaryimage\"},\"thumbnailUrl\":\"https:\\\/\\\/bxrepsol.s3.eu-west-1.amazonaws.com\\\/static\\\/2024\\\/09\\\/21072643\\\/264150829_A932802-scaled.jpg\",\"datePublished\":\"2024-09-21T09:40:07+00:00\",\"dateModified\":\"2024-09-22T10:51:24+00:00\",\"description\":\"Qualifying results for the 2024 Emilia Romagna GP, held at Misano.\",\"breadcrumb\":{\"@id\":\"https:\\\/\\\/www.boxrepsol.com\\\/es\\\/motogp\\\/2024-emilia-romagna-gp-qualifying-results\\\/#breadcrumb\"},\"inLanguage\":\"es\",\"potentialAction\":[{\"@type\":\"ReadAction\",\"target\":[\"https:\\\/\\\/www.boxrepsol.com\\\/es\\\/motogp\\\/2024-emilia-romagna-gp-qualifying-results\\\/\"]}]},{\"@type\":\"ImageObject\",\"inLanguage\":\"es\",\"@id\":\"https:\\\/\\\/www.boxrepsol.com\\\/es\\\/motogp\\\/2024-emilia-romagna-gp-qualifying-results\\\/#primaryimage\",\"url\":\"https:\\\/\\\/bxrepsol.s3.eu-west-1.amazonaws.com\\\/static\\\/2024\\\/09\\\/21072643\\\/264150829_A932802-scaled.jpg\",\"contentUrl\":\"https:\\\/\\\/bxrepsol.s3.eu-west-1.amazonaws.com\\\/static\\\/2024\\\/09\\\/21072643\\\/264150829_A932802-scaled.jpg\",\"width\":2560,\"height\":1706},{\"@type\":\"BreadcrumbList\",\"@id\":\"https:\\\/\\\/www.boxrepsol.com\\\/es\\\/motogp\\\/2024-emilia-romagna-gp-qualifying-results\\\/#breadcrumb\",\"itemListElement\":[{\"@type\":\"ListItem\",\"position\":1,\"name\":\"Home\",\"item\":\"https:\\\/\\\/www.boxrepsol.com\\\/es\\\/\"},{\"@type\":\"ListItem\",\"position\":2,\"name\":\"Resultados de la clasificaci\u00f3n del GP de la Emilia Romagna de MotoGP 2024\"}]},{\"@type\":\"WebSite\",\"@id\":\"https:\\\/\\\/www.boxrepsol.com\\\/es\\\/#website\",\"url\":\"https:\\\/\\\/www.boxrepsol.com\\\/es\\\/\",\"name\":\"Box Repsol\",\"description\":\"Box Repsol Site\",\"publisher\":{\"@id\":\"https:\\\/\\\/www.boxrepsol.com\\\/es\\\/#organization\"},\"potentialAction\":[{\"@type\":\"SearchAction\",\"target\":{\"@type\":\"EntryPoint\",\"urlTemplate\":\"https:\\\/\\\/www.boxrepsol.com\\\/es\\\/?s={search_term_string}\"},\"query-input\":{\"@type\":\"PropertyValueSpecification\",\"valueRequired\":true,\"valueName\":\"search_term_string\"}}],\"inLanguage\":\"es\"},{\"@type\":\"Organization\",\"@id\":\"https:\\\/\\\/www.boxrepsol.com\\\/es\\\/#organization\",\"name\":\"Box Repsol\",\"url\":\"https:\\\/\\\/www.boxrepsol.com\\\/es\\\/\",\"logo\":{\"@type\":\"ImageObject\",\"inLanguage\":\"es\",\"@id\":\"https:\\\/\\\/www.boxrepsol.com\\\/es\\\/#\\\/schema\\\/logo\\\/image\\\/\",\"url\":\"https:\\\/\\\/bxrepsol.s3.eu-west-1.amazonaws.com\\\/static\\\/2025\\\/07\\\/30083337\\\/favicon-96x96-1.png\",\"contentUrl\":\"https:\\\/\\\/bxrepsol.s3.eu-west-1.amazonaws.com\\\/static\\\/2025\\\/07\\\/30083337\\\/favicon-96x96-1.png\",\"width\":96,\"height\":96,\"caption\":\"Box Repsol\"},\"image\":{\"@id\":\"https:\\\/\\\/www.boxrepsol.com\\\/es\\\/#\\\/schema\\\/logo\\\/image\\\/\"},\"sameAs\":[\"https:\\\/\\\/www.facebook.com\\\/BoxRepsol\",\"https:\\\/\\\/x.com\\\/box_repsol\",\"http:\\\/\\\/instagram.com\\\/box_repsol\",\"https:\\\/\\\/www.youtube.com\\\/user\\\/RepsolCompeticion\",\"https:\\\/\\\/www.flickr.com\\\/photos\\\/box_repsol\\\/\"]},{\"@type\":\"Person\",\"@id\":\"https:\\\/\\\/www.boxrepsol.com\\\/es\\\/#\\\/schema\\\/person\\\/c5c2138f2cca251b0ad92b7086bb60b7\",\"name\":\"Redacci\u00f3n Box Repsol\",\"image\":{\"@type\":\"ImageObject\",\"inLanguage\":\"es\",\"@id\":\"https:\\\/\\\/secure.gravatar.com\\\/avatar\\\/adf7b77e38b4419baf32c7e9c21dde01f4e40df611f0978e3006fc4ba0aaab7e?s=96&d=mm&r=g\",\"url\":\"https:\\\/\\\/secure.gravatar.com\\\/avatar\\\/adf7b77e38b4419baf32c7e9c21dde01f4e40df611f0978e3006fc4ba0aaab7e?s=96&d=mm&r=g\",\"contentUrl\":\"https:\\\/\\\/secure.gravatar.com\\\/avatar\\\/adf7b77e38b4419baf32c7e9c21dde01f4e40df611f0978e3006fc4ba0aaab7e?s=96&d=mm&r=g\",\"caption\":\"Redacci\u00f3n Box Repsol\"},\"description\":\"Box Repsol lo forma un equipo de periodistas, community managers, dise\u00f1adores y fot\u00f3grafos con m\u00e1s de 20 a\u00f1os de experiencia en el mundo del motorsport. Hemos vivido el primer mundial de un espa\u00f1ol en la categor\u00eda reina de motociclismo con \u00c1lex Crivill\u00e9, estuvimos en las victorias de Pedrosa y los t\u00edtulos de M\u00e1rquez, acompa\u00f1amos en \u00c1frica a Nani Roma y Marc Coma en sus conquistas del Dakar y hemos vibrado con los t\u00edtulos de Toni Bou en Trial. Adem\u00e1s, en nuestro equipo contamos con expertos en el mundo de las dos y cuatro ruedas tanto de la calle y las carreteras, como de los circuitos. Periodistas que han trabajado en revistas y publicaciones para hacerte llegar desde rutas y consejos de mantenimiento, a curiosidades y trucos de pilotaje.\",\"sameAs\":[\"https:\\\/\\\/www.facebook.com\\\/BoxRepsol\\\/\",\"https:\\\/\\\/www.instagram.com\\\/box_repsol\\\/\",\"https:\\\/\\\/x.com\\\/https:\\\/\\\/twitter.com\\\/box_repsol\",\"https:\\\/\\\/www.youtube.com\\\/@Boxrepsol\"],\"url\":\"https:\\\/\\\/www.boxrepsol.com\\\/es\\\/author\\\/redaccion-box-repsol\\\/\"}]}<\/script>\n<!-- \/ Yoast SEO plugin. -->","yoast_head_json":{"title":"Resultados de la clasificaci\u00f3n del GP de la Emilia Romagna de MotoGP 2024 - Box Repsol","description":"Qualifying results for the 2024 Emilia Romagna GP, held at Misano.","canonical":"https:\/\/www.boxrepsol.com\/es\/motogp\/2024-emilia-romagna-gp-qualifying-results\/","og_locale":"es_ES","og_type":"article","og_title":"Resultados de la clasificaci\u00f3n del GP de la Emilia Romagna de MotoGP 2024 - Box Repsol","og_description":"Qualifying results for the 2024 Emilia Romagna GP, held at Misano.","og_url":"https:\/\/www.boxrepsol.com\/es\/motogp\/2024-emilia-romagna-gp-qualifying-results\/","og_site_name":"Box Repsol","article_publisher":"https:\/\/www.facebook.com\/BoxRepsol","article_author":"https:\/\/www.facebook.com\/BoxRepsol\/","article_published_time":"2024-09-21T09:40:07+00:00","article_modified_time":"2024-09-22T10:51:24+00:00","og_image":[{"width":2560,"height":1706,"url":"https:\/\/bxrepsol.s3.eu-west-1.amazonaws.com\/static\/2024\/09\/21072643\/264150829_A932802-scaled.jpg","type":"image\/jpeg"}],"author":"Redacci\u00f3n Box Repsol","twitter_card":"summary_large_image","twitter_creator":"@https:\/\/twitter.com\/box_repsol","twitter_site":"@box_repsol","twitter_misc":{"Written by":"Redacci\u00f3n Box Repsol","Est. reading time":"3 minutos"},"schema":{"@context":"https:\/\/schema.org","@graph":[{"@type":"Article","@id":"https:\/\/www.boxrepsol.com\/es\/motogp\/2024-emilia-romagna-gp-qualifying-results\/#article","isPartOf":{"@id":"https:\/\/www.boxrepsol.com\/es\/motogp\/2024-emilia-romagna-gp-qualifying-results\/"},"author":{"name":"Redacci\u00f3n Box Repsol","@id":"https:\/\/www.boxrepsol.com\/es\/#\/schema\/person\/c5c2138f2cca251b0ad92b7086bb60b7"},"headline":"Resultados de la clasificaci\u00f3n del GP de la Emilia Romagna de MotoGP 2024","datePublished":"2024-09-21T09:40:07+00:00","dateModified":"2024-09-22T10:51:24+00:00","mainEntityOfPage":{"@id":"https:\/\/www.boxrepsol.com\/es\/motogp\/2024-emilia-romagna-gp-qualifying-results\/"},"wordCount":612,"commentCount":0,"publisher":{"@id":"https:\/\/www.boxrepsol.com\/es\/#organization"},"image":{"@id":"https:\/\/www.boxrepsol.com\/es\/motogp\/2024-emilia-romagna-gp-qualifying-results\/#primaryimage"},"thumbnailUrl":"https:\/\/bxrepsol.s3.eu-west-1.amazonaws.com\/static\/2024\/09\/21072643\/264150829_A932802-scaled.jpg","keywords":["Equipo Repsol Honda","GP Emilia Romagna","Joan Mir","Luca Marini","MotoGP 2024"],"articleSection":["MotoGP"],"inLanguage":"es","potentialAction":[{"@type":"CommentAction","name":"Comment","target":["https:\/\/www.boxrepsol.com\/es\/motogp\/2024-emilia-romagna-gp-qualifying-results\/#respond"]}]},{"@type":"WebPage","@id":"https:\/\/www.boxrepsol.com\/es\/motogp\/2024-emilia-romagna-gp-qualifying-results\/","url":"https:\/\/www.boxrepsol.com\/es\/motogp\/2024-emilia-romagna-gp-qualifying-results\/","name":"Resultados de la clasificaci\u00f3n del GP de la Emilia Romagna de MotoGP 2024 - Box Repsol","isPartOf":{"@id":"https:\/\/www.boxrepsol.com\/es\/#website"},"primaryImageOfPage":{"@id":"https:\/\/www.boxrepsol.com\/es\/motogp\/2024-emilia-romagna-gp-qualifying-results\/#primaryimage"},"image":{"@id":"https:\/\/www.boxrepsol.com\/es\/motogp\/2024-emilia-romagna-gp-qualifying-results\/#primaryimage"},"thumbnailUrl":"https:\/\/bxrepsol.s3.eu-west-1.amazonaws.com\/static\/2024\/09\/21072643\/264150829_A932802-scaled.jpg","datePublished":"2024-09-21T09:40:07+00:00","dateModified":"2024-09-22T10:51:24+00:00","description":"Qualifying results for the 2024 Emilia Romagna GP, held at Misano.","breadcrumb":{"@id":"https:\/\/www.boxrepsol.com\/es\/motogp\/2024-emilia-romagna-gp-qualifying-results\/#breadcrumb"},"inLanguage":"es","potentialAction":[{"@type":"ReadAction","target":["https:\/\/www.boxrepsol.com\/es\/motogp\/2024-emilia-romagna-gp-qualifying-results\/"]}]},{"@type":"ImageObject","inLanguage":"es","@id":"https:\/\/www.boxrepsol.com\/es\/motogp\/2024-emilia-romagna-gp-qualifying-results\/#primaryimage","url":"https:\/\/bxrepsol.s3.eu-west-1.amazonaws.com\/static\/2024\/09\/21072643\/264150829_A932802-scaled.jpg","contentUrl":"https:\/\/bxrepsol.s3.eu-west-1.amazonaws.com\/static\/2024\/09\/21072643\/264150829_A932802-scaled.jpg","width":2560,"height":1706},{"@type":"BreadcrumbList","@id":"https:\/\/www.boxrepsol.com\/es\/motogp\/2024-emilia-romagna-gp-qualifying-results\/#breadcrumb","itemListElement":[{"@type":"ListItem","position":1,"name":"Home","item":"https:\/\/www.boxrepsol.com\/es\/"},{"@type":"ListItem","position":2,"name":"Resultados de la clasificaci\u00f3n del GP de la Emilia Romagna de MotoGP 2024"}]},{"@type":"WebSite","@id":"https:\/\/www.boxrepsol.com\/es\/#website","url":"https:\/\/www.boxrepsol.com\/es\/","name":"Box Repsol","description":"Box Repsol Site","publisher":{"@id":"https:\/\/www.boxrepsol.com\/es\/#organization"},"potentialAction":[{"@type":"SearchAction","target":{"@type":"EntryPoint","urlTemplate":"https:\/\/www.boxrepsol.com\/es\/?s={search_term_string}"},"query-input":{"@type":"PropertyValueSpecification","valueRequired":true,"valueName":"search_term_string"}}],"inLanguage":"es"},{"@type":"Organization","@id":"https:\/\/www.boxrepsol.com\/es\/#organization","name":"Box Repsol","url":"https:\/\/www.boxrepsol.com\/es\/","logo":{"@type":"ImageObject","inLanguage":"es","@id":"https:\/\/www.boxrepsol.com\/es\/#\/schema\/logo\/image\/","url":"https:\/\/bxrepsol.s3.eu-west-1.amazonaws.com\/static\/2025\/07\/30083337\/favicon-96x96-1.png","contentUrl":"https:\/\/bxrepsol.s3.eu-west-1.amazonaws.com\/static\/2025\/07\/30083337\/favicon-96x96-1.png","width":96,"height":96,"caption":"Box Repsol"},"image":{"@id":"https:\/\/www.boxrepsol.com\/es\/#\/schema\/logo\/image\/"},"sameAs":["https:\/\/www.facebook.com\/BoxRepsol","https:\/\/x.com\/box_repsol","http:\/\/instagram.com\/box_repsol","https:\/\/www.youtube.com\/user\/RepsolCompeticion","https:\/\/www.flickr.com\/photos\/box_repsol\/"]},{"@type":"Person","@id":"https:\/\/www.boxrepsol.com\/es\/#\/schema\/person\/c5c2138f2cca251b0ad92b7086bb60b7","name":"Redacci\u00f3n Box Repsol","image":{"@type":"ImageObject","inLanguage":"es","@id":"https:\/\/secure.gravatar.com\/avatar\/adf7b77e38b4419baf32c7e9c21dde01f4e40df611f0978e3006fc4ba0aaab7e?s=96&d=mm&r=g","url":"https:\/\/secure.gravatar.com\/avatar\/adf7b77e38b4419baf32c7e9c21dde01f4e40df611f0978e3006fc4ba0aaab7e?s=96&d=mm&r=g","contentUrl":"https:\/\/secure.gravatar.com\/avatar\/adf7b77e38b4419baf32c7e9c21dde01f4e40df611f0978e3006fc4ba0aaab7e?s=96&d=mm&r=g","caption":"Redacci\u00f3n Box Repsol"},"description":"Box Repsol lo forma un equipo de periodistas, community managers, dise\u00f1adores y fot\u00f3grafos con m\u00e1s de 20 a\u00f1os de experiencia en el mundo del motorsport. Hemos vivido el primer mundial de un espa\u00f1ol en la categor\u00eda reina de motociclismo con \u00c1lex Crivill\u00e9, estuvimos en las victorias de Pedrosa y los t\u00edtulos de M\u00e1rquez, acompa\u00f1amos en \u00c1frica a Nani Roma y Marc Coma en sus conquistas del Dakar y hemos vibrado con los t\u00edtulos de Toni Bou en Trial. Adem\u00e1s, en nuestro equipo contamos con expertos en el mundo de las dos y cuatro ruedas tanto de la calle y las carreteras, como de los circuitos. Periodistas que han trabajado en revistas y publicaciones para hacerte llegar desde rutas y consejos de mantenimiento, a curiosidades y trucos de pilotaje.","sameAs":["https:\/\/www.facebook.com\/BoxRepsol\/","https:\/\/www.instagram.com\/box_repsol\/","https:\/\/x.com\/https:\/\/twitter.com\/box_repsol","https:\/\/www.youtube.com\/@Boxrepsol"],"url":"https:\/\/www.boxrepsol.com\/es\/author\/redaccion-box-repsol\/"}]}},"_links":{"self":[{"href":"https:\/\/www.boxrepsol.com\/es\/wp-json\/wp\/v2\/posts\/119823","targetHints":{"allow":["GET"]}}],"collection":[{"href":"https:\/\/www.boxrepsol.com\/es\/wp-json\/wp\/v2\/posts"}],"about":[{"href":"https:\/\/www.boxrepsol.com\/es\/wp-json\/wp\/v2\/types\/post"}],"author":[{"embeddable":true,"href":"https:\/\/www.boxrepsol.com\/es\/wp-json\/wp\/v2\/users\/43146"}],"replies":[{"embeddable":true,"href":"https:\/\/www.boxrepsol.com\/es\/wp-json\/wp\/v2\/comments?post=119823"}],"version-history":[{"count":7,"href":"https:\/\/www.boxrepsol.com\/es\/wp-json\/wp\/v2\/posts\/119823\/revisions"}],"predecessor-version":[{"id":119878,"href":"https:\/\/www.boxrepsol.com\/es\/wp-json\/wp\/v2\/posts\/119823\/revisions\/119878"}],"wp:featuredmedia":[{"embeddable":true,"href":"https:\/\/www.boxrepsol.com\/es\/wp-json\/wp\/v2\/media\/119817"}],"wp:attachment":[{"href":"https:\/\/www.boxrepsol.com\/es\/wp-json\/wp\/v2\/media?parent=119823"}],"wp:term":[{"taxonomy":"category","embeddable":true,"href":"https:\/\/www.boxrepsol.com\/es\/wp-json\/wp\/v2\/categories?post=119823"},{"taxonomy":"post_tag","embeddable":true,"href":"https:\/\/www.boxrepsol.com\/es\/wp-json\/wp\/v2\/tags?post=119823"}],"curies":[{"name":"wp","href":"https:\/\/api.w.org\/{rel}","templated":true}]}}