{"id":119768,"date":"2024-09-20T12:22:26","date_gmt":"2024-09-20T14:22:26","guid":{"rendered":"https:\/\/www.boxrepsol.com\/?p=119768"},"modified":"2025-06-27T06:23:52","modified_gmt":"2025-06-27T08:23:52","slug":"resultados-de-los-entrenamientos-del-gp-de-la-emilia-romagna-motogp-2024","status":"publish","type":"post","link":"https:\/\/www.boxrepsol.com\/es\/motogp\/resultados-de-los-entrenamientos-del-gp-de-la-emilia-romagna-motogp-2024\/","title":{"rendered":"Resultados de los entrenamientos del GP de la Emilia Romagna MotoGP 2024"},"content":{"rendered":"\n<p><\/p>\n\n\n<figure class=\"wp-block-post-featured-image\"><img loading=\"lazy\" decoding=\"async\" width=\"2560\" height=\"1707\" src=\"https:\/\/bxrepsol.s3.eu-west-1.amazonaws.com\/static\/2024\/09\/20114652\/264112938_A931887-1-scaled.jpg\" class=\"attachment-post-thumbnail size-post-thumbnail wp-post-image\" alt=\"\" style=\"object-fit:cover;\" srcset=\"https:\/\/bxrepsol.s3.eu-west-1.amazonaws.com\/static\/2024\/09\/20114652\/264112938_A931887-1-scaled.jpg 2560w, https:\/\/bxrepsol.s3.eu-west-1.amazonaws.com\/static\/2024\/09\/20114652\/264112938_A931887-1-300x200.jpg 300w, https:\/\/bxrepsol.s3.eu-west-1.amazonaws.com\/static\/2024\/09\/20114652\/264112938_A931887-1-1024x683.jpg 1024w, https:\/\/bxrepsol.s3.eu-west-1.amazonaws.com\/static\/2024\/09\/20114652\/264112938_A931887-1-768x512.jpg 768w, https:\/\/bxrepsol.s3.eu-west-1.amazonaws.com\/static\/2024\/09\/20114652\/264112938_A931887-1-1536x1024.jpg 1536w, https:\/\/bxrepsol.s3.eu-west-1.amazonaws.com\/static\/2024\/09\/20114652\/264112938_A931887-1-2048x1365.jpg 2048w\" sizes=\"auto, (max-width: 2560px) 100vw, 2560px\" \/><\/figure>\n\n\n<p>El circuito de <strong>Misano Marco Simoncelli<\/strong> acoge este fin de semana el segundo fin de semana de carreras del Mundial de <strong>MotoGP<\/strong>, esta vez, en el <strong>Gran Premio Pramac dell&#8217;Emilia-Romagna.<\/strong> Tras los <strong>tests <\/strong>realizados el lunes pasado en este mismo trazado, los pilotos llegan con mucha informaci\u00f3n y bagaje a esta nueva cita italiana.<\/p>\n\n\n\n<p>El piloto m\u00e1s r\u00e1pido del d\u00eda ha sido &#8216;<strong>Pecco&#8217; Bagnaia<\/strong> con un <strong>1:30.286,<\/strong> el nuevo r\u00e9cord de la pista. <strong>Jorge Mart\u00edn y Marc M\u00e1rquez <\/strong>le han seguido de cerca. Las Ducatis oficiales se han ido alternando el liderazgo durante todas las sesiones de entrenamientos, con un <strong>Enea Bastianini cuarto<\/strong>, pero la <strong>Yamaha <\/strong>de <strong>Fabio Quartararo<\/strong> ha sido la gran sorpresa, consiguiendo colocarse en <strong>5a posici\u00f3n<\/strong> y el pase directo a Q2. Las Aprilia de<strong> Maverick Vi\u00f1ales y Aleix Espargar\u00f3, <\/strong>junto a la <strong>KTM <\/strong>del rookie <strong>Pedro Acosta<\/strong>, completan el Top 8 y consiguen tambi\u00e9n el pase directo. Gran paso adelante de la Honda de <strong>Johann Zarco<\/strong>, que ha conseguido acabar la jornada en 12a posici\u00f3n. <\/p>\n\n\n\n<p>Las condiciones de pista han cambiado mucho entre el <strong>Free Practice y la Practice 1.<\/strong> Esta ma\u00f1ana, con una pista h\u00fameda y delicada, <strong>Marc M\u00e1rquez <\/strong>ha sido el m\u00e1s r\u00e1pido con un <strong>1:32.082<\/strong>, seguido por<strong> Jorge Mart\u00edn<\/strong> a 0.063 segundos. Mientras que por la tarde<strong> &#8216;Pecco&#8217; Bagnaia<\/strong> ha vuelto a imponer su ritmo.<\/p>\n\n\n\n<p>Las <strong>ca\u00eddas <\/strong>de <strong>Brad Binder, Enea Bastianini, Fabio Di Giannantonio y Jorg\u00e9 Mart\u00edn<\/strong> justo en los \u00faltimos impases de la <strong>Practice<\/strong> han provocado un seguido de banderas amarillas que han impedido que los tiempos se rebajaran.<\/p>\n\n\n\n<p><\/p>\n\n\n\n<div id=\"ez-toc-container\" class=\"ez-toc-v2_0_82_2 counter-hierarchy ez-toc-counter ez-toc-grey ez-toc-container-direction\">\n<div class=\"ez-toc-title-container\">\n<p class=\"ez-toc-title\" style=\"cursor:inherit\">\u00cdndice<\/p>\n<span class=\"ez-toc-title-toggle\"><a href=\"#\" class=\"ez-toc-pull-right ez-toc-btn ez-toc-btn-xs ez-toc-btn-default ez-toc-toggle\" aria-label=\"Toggle Table of Content\"><span class=\"ez-toc-js-icon-con\"><span class=\"\"><span class=\"eztoc-hide\" style=\"display:none;\">Toggle<\/span><span class=\"ez-toc-icon-toggle-span\"><svg style=\"fill: #999;color:#999\" xmlns=\"http:\/\/www.w3.org\/2000\/svg\" class=\"list-377408\" width=\"20px\" height=\"20px\" viewBox=\"0 0 24 24\" fill=\"none\"><path d=\"M6 6H4v2h2V6zm14 0H8v2h12V6zM4 11h2v2H4v-2zm16 0H8v2h12v-2zM4 16h2v2H4v-2zm16 0H8v2h12v-2z\" fill=\"currentColor\"><\/path><\/svg><svg style=\"fill: #999;color:#999\" class=\"arrow-unsorted-368013\" xmlns=\"http:\/\/www.w3.org\/2000\/svg\" width=\"10px\" height=\"10px\" viewBox=\"0 0 24 24\" version=\"1.2\" baseProfile=\"tiny\"><path d=\"M18.2 9.3l-6.2-6.3-6.2 6.3c-.2.2-.3.4-.3.7s.1.5.3.7c.2.2.4.3.7.3h11c.3 0 .5-.1.7-.3.2-.2.3-.5.3-.7s-.1-.5-.3-.7zM5.8 14.7l6.2 6.3 6.2-6.3c.2-.2.3-.5.3-.7s-.1-.5-.3-.7c-.2-.2-.4-.3-.7-.3h-11c-.3 0-.5.1-.7.3-.2.2-.3.5-.3.7s.1.5.3.7z\"\/><\/svg><\/span><\/span><\/span><\/a><\/span><\/div>\n<nav><ul class='ez-toc-list ez-toc-list-level-1 ' ><li class='ez-toc-page-1 ez-toc-heading-level-2'><a class=\"ez-toc-link ez-toc-heading-1\" href=\"https:\/\/www.boxrepsol.com\/es\/motogp\/resultados-de-los-entrenamientos-del-gp-de-la-emilia-romagna-motogp-2024\/#Joan_Mir_y_Luca_Marini_estan_de_vuelta\" >Joan Mir y Luca Marini est\u00e1n de vuelta<\/a><\/li><li class='ez-toc-page-1 ez-toc-heading-level-2'><a class=\"ez-toc-link ez-toc-heading-2\" href=\"https:\/\/www.boxrepsol.com\/es\/motogp\/resultados-de-los-entrenamientos-del-gp-de-la-emilia-romagna-motogp-2024\/#Clasificacion_de_los_entrenamientos_del_GP_de_la_Emilia_Romagna_2024\" >Clasificaci\u00f3n de los entrenamientos del GP de la Emilia Romagna 2024<\/a><\/li><li class='ez-toc-page-1 ez-toc-heading-level-2'><a class=\"ez-toc-link ez-toc-heading-3\" href=\"https:\/\/www.boxrepsol.com\/es\/motogp\/resultados-de-los-entrenamientos-del-gp-de-la-emilia-romagna-motogp-2024\/#Declaraciones\" >Declaraciones<\/a><ul class='ez-toc-list-level-3' ><li class='ez-toc-heading-level-3'><a class=\"ez-toc-link ez-toc-heading-4\" href=\"https:\/\/www.boxrepsol.com\/es\/motogp\/resultados-de-los-entrenamientos-del-gp-de-la-emilia-romagna-motogp-2024\/#Joan_Mir\" >Joan Mir<\/a><\/li><li class='ez-toc-page-1 ez-toc-heading-level-3'><a class=\"ez-toc-link ez-toc-heading-5\" href=\"https:\/\/www.boxrepsol.com\/es\/motogp\/resultados-de-los-entrenamientos-del-gp-de-la-emilia-romagna-motogp-2024\/#Luca_Marini\" >Luca Marini<\/a><\/li><\/ul><\/li><\/ul><\/nav><\/div>\n<h2 class=\"wp-block-heading\"><span class=\"ez-toc-section\" id=\"Joan_Mir_y_Luca_Marini_estan_de_vuelta\"><\/span><strong>Joan Mir y Luca Marini est\u00e1n de vuelta <\/strong><span class=\"ez-toc-section-end\"><\/span><\/h2>\n\n\n\n<p>Vuelta a la normalidad para el <strong>Repsol Honda<\/strong> con ambos pilotos de vuelta en pista, listos para seguir trabajando. Hoy ha sido una jornada s\u00f3lida, sin ca\u00eddas y de muchas pruebas en tandas largas para ambos pilotos.<\/p>\n\n\n\n<p>En la sesi\u00f3n matinal del <strong>Free Practice<\/strong>, <strong>Joan Mir<\/strong> ha conseguido<strong> P20<\/strong>, y <strong>Luca Marini P17<\/strong>. <strong>Marini <\/strong>ha sido la Honda <strong>m\u00e1s r\u00e1pida en el Free Practice<\/strong>, consiguiendo la 17a posici\u00f3n con un tiempo de 01:33.390.<\/p>\n\n\n\n<p>Por la tarde, en la <strong>Practice 1 <\/strong>el objetivo de los pilotos del Repsol Honda ha sido realizar tandas largas para recopilar informaci\u00f3n. <strong>Luca Marini<\/strong> ha sido el piloto que m\u00e1s vueltas ha realizado, un total de<strong> 26<\/strong>, <strong>Joan Mir<\/strong>, por su lado, ha realizado<strong> 24 vueltas<\/strong>. El catal\u00e1n ha finalizado la sesi\u00f3n en <strong>P18<\/strong> y el italiano en <strong>P19<\/strong>. Ambos pilotos han mejorado las posiciones a lo largo de la jornada de hoy, pero tocar\u00e1 seguir trabajando de cara a la qualy.<\/p>\n\n\n\n<p>Ma\u00f1ana, s\u00e1bado 21 de septiembre, la acci\u00f3n en pista para los pilotos de la categor\u00eda reina empezar\u00e1 a las <strong>10:10h<\/strong> [CEST] con la<strong> Free Practice Nr. 2<\/strong> y seguidamente las sesiones clasificatorias. El plato fuerte del s\u00e1bado ser\u00e1 a las <strong>15h<\/strong> [CEST] con la <strong>carrera al Sprint<\/strong> de <strong>13 vueltas.<\/strong><\/p>\n\n\n\n<p><\/p>\n\n\n\n<h2 class=\"wp-block-heading\"><span class=\"ez-toc-section\" id=\"Clasificacion_de_los_entrenamientos_del_GP_de_la_Emilia_Romagna_2024\"><\/span><strong>Clasificaci\u00f3n de los entrenamientos del GP de la Emilia Romagna 2024<\/strong><span class=\"ez-toc-section-end\"><\/span><\/h2>\n\n\n\n<p><\/p>\n\n\n\n<figure class=\"wp-block-table is-style-stripes\"><table><tbody><tr><td><strong>PILOTO<\/strong><\/td><td><strong>EQUIPO<\/strong><\/td><td><strong>TIEMPO<\/strong><\/td><\/tr><tr><td>1. &#8216;Pecco&#8217; Bagnaia<\/td><td>DUCATI<\/td><td>01:30.286<\/td><\/tr><tr><td>2. Jorge Mart\u00edn<\/td><td>DUCATI<\/td><td>+0.198<\/td><\/tr><tr><td>3. Marc M\u00e1rquez<\/td><td>DUCATI<\/td><td>+0.299<\/td><\/tr><tr><td>4. Enea Bastianini<\/td><td>DUCATI<\/td><td>+0.321<\/td><\/tr><tr><td>5. Fabio Quartararo<\/td><td>YAMAHA<\/td><td>+0.600<\/td><\/tr><tr><td>6. Franco Borbidelli<\/td><td>DUCATI<\/td><td>+0.646<\/td><\/tr><tr><td>7. Marco Bezzecchi<\/td><td>DUCATI<\/td><td>+0.678<\/td><\/tr><tr><td>8. Maverick Vi\u00f1ales<\/td><td>APRILIA<\/td><td>+0.704<\/td><\/tr><tr><td>9. Pedro Acosta<\/td><td>GASGAS<\/td><td>+0.705<\/td><\/tr><tr><td>10. Aleix Espargar\u00f3<\/td><td>APRILIA<\/td><td>+0.881<\/td><\/tr><tr><td>11. Jack Miller<\/td><td>KTM<\/td><td>+0.931<\/td><\/tr><tr><td>12. Johann Zarco<\/td><td>HONDA<\/td><td>+0.964<\/td><\/tr><tr><td>13. Fabio Di Giannantonio<\/td><td>DUCATI<\/td><td>+1.107<\/td><\/tr><tr><td>14. \u00c1lex M\u00e1rquez<\/td><td>DUCATI<\/td><td>+1.227<\/td><\/tr><tr><td>15. Brad Binder<\/td><td>KTM<\/td><td>+1.362<\/td><\/tr><tr><td>16.<strong> <\/strong>Miguel Oliveira<\/td><td>APRILIA<\/td><td>+1.382<\/td><\/tr><tr><td>17.<strong> <\/strong>Ra\u00fal Fern\u00e1ndez<\/td><td>APRILIA<\/td><td>+1.434<\/td><\/tr><tr><td><strong>18. Luca Marini<\/strong><\/td><td><strong>REPSOL HONDA<\/strong><\/td><td><strong>+1.479<\/strong><\/td><\/tr><tr><td><strong>19. Joan Mir<\/strong><\/td><td><strong>REPSOL HONDA<\/strong><\/td><td><strong>+1.638<\/strong><\/td><\/tr><tr><td>20. Augusto Fern\u00e1ndez<\/td><td>GASGAS<\/td><td>+1.814<\/td><\/tr><tr><td>21.<strong> <\/strong>Takaaki Nakagami<\/td><td>HONDA<\/td><td>+1.924<\/td><\/tr><tr><td>NC. \u00c1lex Rins<\/td><td>YAMAHA<\/td><td><\/td><\/tr><tr><td><\/td><td><\/td><td><\/td><\/tr><\/tbody><\/table><\/figure>\n\n\n\n<div id=\"052af068-453c-4e04-ada3-036af273348a\" class=\"br-slider-box\"><div class=\"wp-block-create-block-repsol-carousel br-slider\"><a target=\"_blank\" href=\"https:\/\/bxrepsol.s3.eu-west-1.amazonaws.com\/static\/2024\/09\/20132545\/264112659_RB24747-1-scaled.jpg\" data-index=\"0\" rel=\"noopener\"><img decoding=\"async\" src=\"https:\/\/bxrepsol.s3.eu-west-1.amazonaws.com\/static\/2024\/09\/20132545\/264112659_RB24747-1-scaled.jpg\"\/><\/a><a target=\"_blank\" href=\"https:\/\/bxrepsol.s3.eu-west-1.amazonaws.com\/static\/2024\/09\/20132520\/264113039_RB24826-scaled.jpg\" data-index=\"1\" rel=\"noopener\"><img decoding=\"async\" src=\"https:\/\/bxrepsol.s3.eu-west-1.amazonaws.com\/static\/2024\/09\/20132520\/264113039_RB24826-scaled.jpg\"\/><\/a><a target=\"_blank\" href=\"https:\/\/bxrepsol.s3.eu-west-1.amazonaws.com\/static\/2024\/09\/20132454\/264112938_A931887-3-scaled.jpg\" data-index=\"2\" rel=\"noopener\"><img decoding=\"async\" src=\"https:\/\/bxrepsol.s3.eu-west-1.amazonaws.com\/static\/2024\/09\/20132454\/264112938_A931887-3-scaled.jpg\"\/><\/a><a target=\"_blank\" href=\"https:\/\/bxrepsol.s3.eu-west-1.amazonaws.com\/static\/2024\/09\/20132448\/264154903_RB_3910-1-scaled.jpg\" data-index=\"3\" rel=\"noopener\"><img decoding=\"async\" src=\"https:\/\/bxrepsol.s3.eu-west-1.amazonaws.com\/static\/2024\/09\/20132448\/264154903_RB_3910-1-scaled.jpg\"\/><\/a><a target=\"_blank\" href=\"https:\/\/bxrepsol.s3.eu-west-1.amazonaws.com\/static\/2024\/09\/20132442\/264155625_RB_4151-1-scaled.jpg\" data-index=\"4\" rel=\"noopener\"><img decoding=\"async\" src=\"https:\/\/bxrepsol.s3.eu-west-1.amazonaws.com\/static\/2024\/09\/20132442\/264155625_RB_4151-1-scaled.jpg\"\/><\/a><\/div><div class=\"br-slider-buttons\"><button class=\"arrow rds-icon arrow--left rds-icon-Arrow_left\"><\/button><button class=\"arrow rds-icon arrow--right rds-icon-Arrow_right\"><\/button><\/div><\/div>\n\n\n\n<p><\/p>\n\n\n\n<h2 class=\"wp-block-heading\"><span class=\"ez-toc-section\" id=\"Declaraciones\"><\/span><strong>Declaraciones<\/strong><span class=\"ez-toc-section-end\"><\/span><\/h2>\n\n\n\n<h3 class=\"wp-block-heading\"><span class=\"ez-toc-section\" id=\"Joan_Mir\"><\/span>Joan Mir<span class=\"ez-toc-section-end\"><\/span><\/h3>\n\n\n\n<p>\u201cHoy han habido algunas cosas positivas, creo que parte del nuevo paquete puede ayudarnos a ser m\u00e1s competitivos a corto plazo. Por desgracia, todav\u00eda hay problemas con las vibraciones que tenemos que solucionar. Estamos bastante lejos, es cierto, pero creo que una vez superado este problema de vibraciones, tenemos algunas piezas que nos ayudar\u00e1n mucho. Hay trabajo por hacer y tenemos que estar concentrados este fin de semana para solucionar estos problemas\u201d.<\/p>\n\n\n\n<p><\/p>\n\n\n\n<h3 class=\"wp-block-heading\"><span class=\"ez-toc-section\" id=\"Luca_Marini\"><\/span>Luca Marini<span class=\"ez-toc-section-end\"><\/span><\/h3>\n\n\n\n<p>\u201cHemos podido mejorar nuestro tiempo por vuelta ya que el estado del circuito es muy bueno a pesar de toda la lluvia. Si comparamos la distancia que nos separa de los pilotos de cabeza entre el fin de semana pasado y este, creo que nuestro nuevo paquete nos ha dado unas d\u00e9cimas. Hoy se trataba de confirmar todo lo del test porque ya me siento en buena forma y soy capaz de empujar de verdad. Todo lo que hemos probado ha sido positivo y ahora nos centraremos en dar m\u00e1s vueltas para entenderlo todo en profundidad\u201d.<\/p>\n","protected":false},"excerpt":{"rendered":"<p>&#8216;Pecco&#8217; Bagnaia lidera la primera jornada de entrenamientos con Jorge Mart\u00edn y Marc M\u00e1rquez a su estela.<\/p>\n","protected":false},"author":43146,"featured_media":119771,"comment_status":"open","ping_status":"open","sticky":false,"template":"","format":"standard","meta":{"footnotes":""},"categories":[4],"tags":[333,492,271,422,434],"class_list":["post-119768","post","type-post","status-publish","format-standard","hentry","category-motogp","tag-competicion","tag-gp-emilia-romagna","tag-joan-mir","tag-luca-marini","tag-motogp-2024"],"yoast_head":"<!-- This site is optimized with the Yoast SEO plugin v27.3 - https:\/\/yoast.com\/product\/yoast-seo-wordpress\/ -->\n<title>Resultados de los entrenamientos del GP de la Emilia Romagna MotoGP 2024 - Box Repsol<\/title>\n<meta name=\"description\" content=\"Cr\u00f3nica y resultados de los entrenamientos del GP de la Emilia Romagna de MotoGP, disputado en Misano.\" \/>\n<link rel=\"canonical\" href=\"https:\/\/www.boxrepsol.com\/es\/motogp\/resultados-de-los-entrenamientos-del-gp-de-la-emilia-romagna-motogp-2024\/\" \/>\n<meta property=\"og:locale\" content=\"es_ES\" \/>\n<meta property=\"og:type\" content=\"article\" \/>\n<meta property=\"og:title\" content=\"Resultados de los entrenamientos del GP de la Emilia Romagna MotoGP 2024 - Box Repsol\" \/>\n<meta property=\"og:description\" content=\"Cr\u00f3nica y resultados de los entrenamientos del GP de la Emilia Romagna de MotoGP, disputado en Misano.\" \/>\n<meta property=\"og:url\" content=\"https:\/\/www.boxrepsol.com\/es\/motogp\/resultados-de-los-entrenamientos-del-gp-de-la-emilia-romagna-motogp-2024\/\" \/>\n<meta property=\"og:site_name\" content=\"Box Repsol\" \/>\n<meta property=\"article:publisher\" content=\"https:\/\/www.facebook.com\/BoxRepsol\" \/>\n<meta property=\"article:author\" content=\"https:\/\/www.facebook.com\/BoxRepsol\/\" \/>\n<meta property=\"article:published_time\" content=\"2024-09-20T14:22:26+00:00\" \/>\n<meta property=\"article:modified_time\" content=\"2025-06-27T08:23:52+00:00\" \/>\n<meta property=\"og:image\" content=\"https:\/\/bxrepsol.s3.eu-west-1.amazonaws.com\/static\/2024\/09\/20114652\/264112938_A931887-1-scaled.jpg\" \/>\n\t<meta property=\"og:image:width\" content=\"2560\" \/>\n\t<meta property=\"og:image:height\" content=\"1707\" \/>\n\t<meta property=\"og:image:type\" content=\"image\/jpeg\" \/>\n<meta name=\"author\" content=\"Redacci\u00f3n Box Repsol\" \/>\n<meta name=\"twitter:card\" content=\"summary_large_image\" \/>\n<meta name=\"twitter:creator\" content=\"@https:\/\/twitter.com\/box_repsol\" \/>\n<meta name=\"twitter:site\" content=\"@box_repsol\" \/>\n<meta name=\"twitter:label1\" content=\"Written by\" \/>\n\t<meta name=\"twitter:data1\" content=\"Redacci\u00f3n Box Repsol\" \/>\n\t<meta name=\"twitter:label2\" content=\"Est. reading time\" \/>\n\t<meta name=\"twitter:data2\" content=\"4 minutos\" \/>\n<script type=\"application\/ld+json\" class=\"yoast-schema-graph\">{\"@context\":\"https:\\\/\\\/schema.org\",\"@graph\":[{\"@type\":\"Article\",\"@id\":\"https:\\\/\\\/www.boxrepsol.com\\\/es\\\/motogp\\\/resultados-de-los-entrenamientos-del-gp-de-la-emilia-romagna-motogp-2024\\\/#article\",\"isPartOf\":{\"@id\":\"https:\\\/\\\/www.boxrepsol.com\\\/es\\\/motogp\\\/resultados-de-los-entrenamientos-del-gp-de-la-emilia-romagna-motogp-2024\\\/\"},\"author\":{\"name\":\"Redacci\u00f3n Box Repsol\",\"@id\":\"https:\\\/\\\/www.boxrepsol.com\\\/es\\\/#\\\/schema\\\/person\\\/c5c2138f2cca251b0ad92b7086bb60b7\"},\"headline\":\"Resultados de los entrenamientos del GP de la Emilia Romagna MotoGP 2024\",\"datePublished\":\"2024-09-20T14:22:26+00:00\",\"dateModified\":\"2025-06-27T08:23:52+00:00\",\"mainEntityOfPage\":{\"@id\":\"https:\\\/\\\/www.boxrepsol.com\\\/es\\\/motogp\\\/resultados-de-los-entrenamientos-del-gp-de-la-emilia-romagna-motogp-2024\\\/\"},\"wordCount\":776,\"commentCount\":0,\"publisher\":{\"@id\":\"https:\\\/\\\/www.boxrepsol.com\\\/es\\\/#organization\"},\"image\":{\"@id\":\"https:\\\/\\\/www.boxrepsol.com\\\/es\\\/motogp\\\/resultados-de-los-entrenamientos-del-gp-de-la-emilia-romagna-motogp-2024\\\/#primaryimage\"},\"thumbnailUrl\":\"https:\\\/\\\/bxrepsol.s3.eu-west-1.amazonaws.com\\\/static\\\/2024\\\/09\\\/20114652\\\/264112938_A931887-1-scaled.jpg\",\"keywords\":[\"Competici\u00f3n\",\"GP Emilia Romagna\",\"Joan Mir\",\"Luca Marini\",\"MotoGP 2024\"],\"articleSection\":[\"MotoGP\"],\"inLanguage\":\"es\",\"potentialAction\":[{\"@type\":\"CommentAction\",\"name\":\"Comment\",\"target\":[\"https:\\\/\\\/www.boxrepsol.com\\\/es\\\/motogp\\\/resultados-de-los-entrenamientos-del-gp-de-la-emilia-romagna-motogp-2024\\\/#respond\"]}]},{\"@type\":\"WebPage\",\"@id\":\"https:\\\/\\\/www.boxrepsol.com\\\/es\\\/motogp\\\/resultados-de-los-entrenamientos-del-gp-de-la-emilia-romagna-motogp-2024\\\/\",\"url\":\"https:\\\/\\\/www.boxrepsol.com\\\/es\\\/motogp\\\/resultados-de-los-entrenamientos-del-gp-de-la-emilia-romagna-motogp-2024\\\/\",\"name\":\"Resultados de los entrenamientos del GP de la Emilia Romagna MotoGP 2024 - Box Repsol\",\"isPartOf\":{\"@id\":\"https:\\\/\\\/www.boxrepsol.com\\\/es\\\/#website\"},\"primaryImageOfPage\":{\"@id\":\"https:\\\/\\\/www.boxrepsol.com\\\/es\\\/motogp\\\/resultados-de-los-entrenamientos-del-gp-de-la-emilia-romagna-motogp-2024\\\/#primaryimage\"},\"image\":{\"@id\":\"https:\\\/\\\/www.boxrepsol.com\\\/es\\\/motogp\\\/resultados-de-los-entrenamientos-del-gp-de-la-emilia-romagna-motogp-2024\\\/#primaryimage\"},\"thumbnailUrl\":\"https:\\\/\\\/bxrepsol.s3.eu-west-1.amazonaws.com\\\/static\\\/2024\\\/09\\\/20114652\\\/264112938_A931887-1-scaled.jpg\",\"datePublished\":\"2024-09-20T14:22:26+00:00\",\"dateModified\":\"2025-06-27T08:23:52+00:00\",\"description\":\"Cr\u00f3nica y resultados de los entrenamientos del GP de la Emilia Romagna de MotoGP, disputado en Misano.\",\"breadcrumb\":{\"@id\":\"https:\\\/\\\/www.boxrepsol.com\\\/es\\\/motogp\\\/resultados-de-los-entrenamientos-del-gp-de-la-emilia-romagna-motogp-2024\\\/#breadcrumb\"},\"inLanguage\":\"es\",\"potentialAction\":[{\"@type\":\"ReadAction\",\"target\":[\"https:\\\/\\\/www.boxrepsol.com\\\/es\\\/motogp\\\/resultados-de-los-entrenamientos-del-gp-de-la-emilia-romagna-motogp-2024\\\/\"]}]},{\"@type\":\"ImageObject\",\"inLanguage\":\"es\",\"@id\":\"https:\\\/\\\/www.boxrepsol.com\\\/es\\\/motogp\\\/resultados-de-los-entrenamientos-del-gp-de-la-emilia-romagna-motogp-2024\\\/#primaryimage\",\"url\":\"https:\\\/\\\/bxrepsol.s3.eu-west-1.amazonaws.com\\\/static\\\/2024\\\/09\\\/20114652\\\/264112938_A931887-1-scaled.jpg\",\"contentUrl\":\"https:\\\/\\\/bxrepsol.s3.eu-west-1.amazonaws.com\\\/static\\\/2024\\\/09\\\/20114652\\\/264112938_A931887-1-scaled.jpg\",\"width\":2560,\"height\":1707},{\"@type\":\"BreadcrumbList\",\"@id\":\"https:\\\/\\\/www.boxrepsol.com\\\/es\\\/motogp\\\/resultados-de-los-entrenamientos-del-gp-de-la-emilia-romagna-motogp-2024\\\/#breadcrumb\",\"itemListElement\":[{\"@type\":\"ListItem\",\"position\":1,\"name\":\"Home\",\"item\":\"https:\\\/\\\/www.boxrepsol.com\\\/es\\\/\"},{\"@type\":\"ListItem\",\"position\":2,\"name\":\"Resultados de los entrenamientos del GP de la Emilia Romagna MotoGP 2024\"}]},{\"@type\":\"WebSite\",\"@id\":\"https:\\\/\\\/www.boxrepsol.com\\\/es\\\/#website\",\"url\":\"https:\\\/\\\/www.boxrepsol.com\\\/es\\\/\",\"name\":\"Box Repsol\",\"description\":\"Box Repsol Site\",\"publisher\":{\"@id\":\"https:\\\/\\\/www.boxrepsol.com\\\/es\\\/#organization\"},\"potentialAction\":[{\"@type\":\"SearchAction\",\"target\":{\"@type\":\"EntryPoint\",\"urlTemplate\":\"https:\\\/\\\/www.boxrepsol.com\\\/es\\\/?s={search_term_string}\"},\"query-input\":{\"@type\":\"PropertyValueSpecification\",\"valueRequired\":true,\"valueName\":\"search_term_string\"}}],\"inLanguage\":\"es\"},{\"@type\":\"Organization\",\"@id\":\"https:\\\/\\\/www.boxrepsol.com\\\/es\\\/#organization\",\"name\":\"Box Repsol\",\"url\":\"https:\\\/\\\/www.boxrepsol.com\\\/es\\\/\",\"logo\":{\"@type\":\"ImageObject\",\"inLanguage\":\"es\",\"@id\":\"https:\\\/\\\/www.boxrepsol.com\\\/es\\\/#\\\/schema\\\/logo\\\/image\\\/\",\"url\":\"https:\\\/\\\/bxrepsol.s3.eu-west-1.amazonaws.com\\\/static\\\/2025\\\/07\\\/30083337\\\/favicon-96x96-1.png\",\"contentUrl\":\"https:\\\/\\\/bxrepsol.s3.eu-west-1.amazonaws.com\\\/static\\\/2025\\\/07\\\/30083337\\\/favicon-96x96-1.png\",\"width\":96,\"height\":96,\"caption\":\"Box Repsol\"},\"image\":{\"@id\":\"https:\\\/\\\/www.boxrepsol.com\\\/es\\\/#\\\/schema\\\/logo\\\/image\\\/\"},\"sameAs\":[\"https:\\\/\\\/www.facebook.com\\\/BoxRepsol\",\"https:\\\/\\\/x.com\\\/box_repsol\",\"http:\\\/\\\/instagram.com\\\/box_repsol\",\"https:\\\/\\\/www.youtube.com\\\/user\\\/RepsolCompeticion\",\"https:\\\/\\\/www.flickr.com\\\/photos\\\/box_repsol\\\/\"]},{\"@type\":\"Person\",\"@id\":\"https:\\\/\\\/www.boxrepsol.com\\\/es\\\/#\\\/schema\\\/person\\\/c5c2138f2cca251b0ad92b7086bb60b7\",\"name\":\"Redacci\u00f3n Box Repsol\",\"image\":{\"@type\":\"ImageObject\",\"inLanguage\":\"es\",\"@id\":\"https:\\\/\\\/secure.gravatar.com\\\/avatar\\\/adf7b77e38b4419baf32c7e9c21dde01f4e40df611f0978e3006fc4ba0aaab7e?s=96&d=mm&r=g\",\"url\":\"https:\\\/\\\/secure.gravatar.com\\\/avatar\\\/adf7b77e38b4419baf32c7e9c21dde01f4e40df611f0978e3006fc4ba0aaab7e?s=96&d=mm&r=g\",\"contentUrl\":\"https:\\\/\\\/secure.gravatar.com\\\/avatar\\\/adf7b77e38b4419baf32c7e9c21dde01f4e40df611f0978e3006fc4ba0aaab7e?s=96&d=mm&r=g\",\"caption\":\"Redacci\u00f3n Box Repsol\"},\"description\":\"Box Repsol lo forma un equipo de periodistas, community managers, dise\u00f1adores y fot\u00f3grafos con m\u00e1s de 20 a\u00f1os de experiencia en el mundo del motorsport. Hemos vivido el primer mundial de un espa\u00f1ol en la categor\u00eda reina de motociclismo con \u00c1lex Crivill\u00e9, estuvimos en las victorias de Pedrosa y los t\u00edtulos de M\u00e1rquez, acompa\u00f1amos en \u00c1frica a Nani Roma y Marc Coma en sus conquistas del Dakar y hemos vibrado con los t\u00edtulos de Toni Bou en Trial. Adem\u00e1s, en nuestro equipo contamos con expertos en el mundo de las dos y cuatro ruedas tanto de la calle y las carreteras, como de los circuitos. Periodistas que han trabajado en revistas y publicaciones para hacerte llegar desde rutas y consejos de mantenimiento, a curiosidades y trucos de pilotaje.\",\"sameAs\":[\"https:\\\/\\\/www.facebook.com\\\/BoxRepsol\\\/\",\"https:\\\/\\\/www.instagram.com\\\/box_repsol\\\/\",\"https:\\\/\\\/x.com\\\/https:\\\/\\\/twitter.com\\\/box_repsol\",\"https:\\\/\\\/www.youtube.com\\\/@Boxrepsol\"],\"url\":\"https:\\\/\\\/www.boxrepsol.com\\\/es\\\/author\\\/redaccion-box-repsol\\\/\"}]}<\/script>\n<!-- \/ Yoast SEO plugin. -->","yoast_head_json":{"title":"Resultados de los entrenamientos del GP de la Emilia Romagna MotoGP 2024 - Box Repsol","description":"Cr\u00f3nica y resultados de los entrenamientos del GP de la Emilia Romagna de MotoGP, disputado en Misano.","canonical":"https:\/\/www.boxrepsol.com\/es\/motogp\/resultados-de-los-entrenamientos-del-gp-de-la-emilia-romagna-motogp-2024\/","og_locale":"es_ES","og_type":"article","og_title":"Resultados de los entrenamientos del GP de la Emilia Romagna MotoGP 2024 - Box Repsol","og_description":"Cr\u00f3nica y resultados de los entrenamientos del GP de la Emilia Romagna de MotoGP, disputado en Misano.","og_url":"https:\/\/www.boxrepsol.com\/es\/motogp\/resultados-de-los-entrenamientos-del-gp-de-la-emilia-romagna-motogp-2024\/","og_site_name":"Box Repsol","article_publisher":"https:\/\/www.facebook.com\/BoxRepsol","article_author":"https:\/\/www.facebook.com\/BoxRepsol\/","article_published_time":"2024-09-20T14:22:26+00:00","article_modified_time":"2025-06-27T08:23:52+00:00","og_image":[{"width":2560,"height":1707,"url":"https:\/\/bxrepsol.s3.eu-west-1.amazonaws.com\/static\/2024\/09\/20114652\/264112938_A931887-1-scaled.jpg","type":"image\/jpeg"}],"author":"Redacci\u00f3n Box Repsol","twitter_card":"summary_large_image","twitter_creator":"@https:\/\/twitter.com\/box_repsol","twitter_site":"@box_repsol","twitter_misc":{"Written by":"Redacci\u00f3n Box Repsol","Est. reading time":"4 minutos"},"schema":{"@context":"https:\/\/schema.org","@graph":[{"@type":"Article","@id":"https:\/\/www.boxrepsol.com\/es\/motogp\/resultados-de-los-entrenamientos-del-gp-de-la-emilia-romagna-motogp-2024\/#article","isPartOf":{"@id":"https:\/\/www.boxrepsol.com\/es\/motogp\/resultados-de-los-entrenamientos-del-gp-de-la-emilia-romagna-motogp-2024\/"},"author":{"name":"Redacci\u00f3n Box Repsol","@id":"https:\/\/www.boxrepsol.com\/es\/#\/schema\/person\/c5c2138f2cca251b0ad92b7086bb60b7"},"headline":"Resultados de los entrenamientos del GP de la Emilia Romagna MotoGP 2024","datePublished":"2024-09-20T14:22:26+00:00","dateModified":"2025-06-27T08:23:52+00:00","mainEntityOfPage":{"@id":"https:\/\/www.boxrepsol.com\/es\/motogp\/resultados-de-los-entrenamientos-del-gp-de-la-emilia-romagna-motogp-2024\/"},"wordCount":776,"commentCount":0,"publisher":{"@id":"https:\/\/www.boxrepsol.com\/es\/#organization"},"image":{"@id":"https:\/\/www.boxrepsol.com\/es\/motogp\/resultados-de-los-entrenamientos-del-gp-de-la-emilia-romagna-motogp-2024\/#primaryimage"},"thumbnailUrl":"https:\/\/bxrepsol.s3.eu-west-1.amazonaws.com\/static\/2024\/09\/20114652\/264112938_A931887-1-scaled.jpg","keywords":["Competici\u00f3n","GP Emilia Romagna","Joan Mir","Luca Marini","MotoGP 2024"],"articleSection":["MotoGP"],"inLanguage":"es","potentialAction":[{"@type":"CommentAction","name":"Comment","target":["https:\/\/www.boxrepsol.com\/es\/motogp\/resultados-de-los-entrenamientos-del-gp-de-la-emilia-romagna-motogp-2024\/#respond"]}]},{"@type":"WebPage","@id":"https:\/\/www.boxrepsol.com\/es\/motogp\/resultados-de-los-entrenamientos-del-gp-de-la-emilia-romagna-motogp-2024\/","url":"https:\/\/www.boxrepsol.com\/es\/motogp\/resultados-de-los-entrenamientos-del-gp-de-la-emilia-romagna-motogp-2024\/","name":"Resultados de los entrenamientos del GP de la Emilia Romagna MotoGP 2024 - Box Repsol","isPartOf":{"@id":"https:\/\/www.boxrepsol.com\/es\/#website"},"primaryImageOfPage":{"@id":"https:\/\/www.boxrepsol.com\/es\/motogp\/resultados-de-los-entrenamientos-del-gp-de-la-emilia-romagna-motogp-2024\/#primaryimage"},"image":{"@id":"https:\/\/www.boxrepsol.com\/es\/motogp\/resultados-de-los-entrenamientos-del-gp-de-la-emilia-romagna-motogp-2024\/#primaryimage"},"thumbnailUrl":"https:\/\/bxrepsol.s3.eu-west-1.amazonaws.com\/static\/2024\/09\/20114652\/264112938_A931887-1-scaled.jpg","datePublished":"2024-09-20T14:22:26+00:00","dateModified":"2025-06-27T08:23:52+00:00","description":"Cr\u00f3nica y resultados de los entrenamientos del GP de la Emilia Romagna de MotoGP, disputado en Misano.","breadcrumb":{"@id":"https:\/\/www.boxrepsol.com\/es\/motogp\/resultados-de-los-entrenamientos-del-gp-de-la-emilia-romagna-motogp-2024\/#breadcrumb"},"inLanguage":"es","potentialAction":[{"@type":"ReadAction","target":["https:\/\/www.boxrepsol.com\/es\/motogp\/resultados-de-los-entrenamientos-del-gp-de-la-emilia-romagna-motogp-2024\/"]}]},{"@type":"ImageObject","inLanguage":"es","@id":"https:\/\/www.boxrepsol.com\/es\/motogp\/resultados-de-los-entrenamientos-del-gp-de-la-emilia-romagna-motogp-2024\/#primaryimage","url":"https:\/\/bxrepsol.s3.eu-west-1.amazonaws.com\/static\/2024\/09\/20114652\/264112938_A931887-1-scaled.jpg","contentUrl":"https:\/\/bxrepsol.s3.eu-west-1.amazonaws.com\/static\/2024\/09\/20114652\/264112938_A931887-1-scaled.jpg","width":2560,"height":1707},{"@type":"BreadcrumbList","@id":"https:\/\/www.boxrepsol.com\/es\/motogp\/resultados-de-los-entrenamientos-del-gp-de-la-emilia-romagna-motogp-2024\/#breadcrumb","itemListElement":[{"@type":"ListItem","position":1,"name":"Home","item":"https:\/\/www.boxrepsol.com\/es\/"},{"@type":"ListItem","position":2,"name":"Resultados de los entrenamientos del GP de la Emilia Romagna MotoGP 2024"}]},{"@type":"WebSite","@id":"https:\/\/www.boxrepsol.com\/es\/#website","url":"https:\/\/www.boxrepsol.com\/es\/","name":"Box Repsol","description":"Box Repsol Site","publisher":{"@id":"https:\/\/www.boxrepsol.com\/es\/#organization"},"potentialAction":[{"@type":"SearchAction","target":{"@type":"EntryPoint","urlTemplate":"https:\/\/www.boxrepsol.com\/es\/?s={search_term_string}"},"query-input":{"@type":"PropertyValueSpecification","valueRequired":true,"valueName":"search_term_string"}}],"inLanguage":"es"},{"@type":"Organization","@id":"https:\/\/www.boxrepsol.com\/es\/#organization","name":"Box Repsol","url":"https:\/\/www.boxrepsol.com\/es\/","logo":{"@type":"ImageObject","inLanguage":"es","@id":"https:\/\/www.boxrepsol.com\/es\/#\/schema\/logo\/image\/","url":"https:\/\/bxrepsol.s3.eu-west-1.amazonaws.com\/static\/2025\/07\/30083337\/favicon-96x96-1.png","contentUrl":"https:\/\/bxrepsol.s3.eu-west-1.amazonaws.com\/static\/2025\/07\/30083337\/favicon-96x96-1.png","width":96,"height":96,"caption":"Box Repsol"},"image":{"@id":"https:\/\/www.boxrepsol.com\/es\/#\/schema\/logo\/image\/"},"sameAs":["https:\/\/www.facebook.com\/BoxRepsol","https:\/\/x.com\/box_repsol","http:\/\/instagram.com\/box_repsol","https:\/\/www.youtube.com\/user\/RepsolCompeticion","https:\/\/www.flickr.com\/photos\/box_repsol\/"]},{"@type":"Person","@id":"https:\/\/www.boxrepsol.com\/es\/#\/schema\/person\/c5c2138f2cca251b0ad92b7086bb60b7","name":"Redacci\u00f3n Box Repsol","image":{"@type":"ImageObject","inLanguage":"es","@id":"https:\/\/secure.gravatar.com\/avatar\/adf7b77e38b4419baf32c7e9c21dde01f4e40df611f0978e3006fc4ba0aaab7e?s=96&d=mm&r=g","url":"https:\/\/secure.gravatar.com\/avatar\/adf7b77e38b4419baf32c7e9c21dde01f4e40df611f0978e3006fc4ba0aaab7e?s=96&d=mm&r=g","contentUrl":"https:\/\/secure.gravatar.com\/avatar\/adf7b77e38b4419baf32c7e9c21dde01f4e40df611f0978e3006fc4ba0aaab7e?s=96&d=mm&r=g","caption":"Redacci\u00f3n Box Repsol"},"description":"Box Repsol lo forma un equipo de periodistas, community managers, dise\u00f1adores y fot\u00f3grafos con m\u00e1s de 20 a\u00f1os de experiencia en el mundo del motorsport. Hemos vivido el primer mundial de un espa\u00f1ol en la categor\u00eda reina de motociclismo con \u00c1lex Crivill\u00e9, estuvimos en las victorias de Pedrosa y los t\u00edtulos de M\u00e1rquez, acompa\u00f1amos en \u00c1frica a Nani Roma y Marc Coma en sus conquistas del Dakar y hemos vibrado con los t\u00edtulos de Toni Bou en Trial. Adem\u00e1s, en nuestro equipo contamos con expertos en el mundo de las dos y cuatro ruedas tanto de la calle y las carreteras, como de los circuitos. Periodistas que han trabajado en revistas y publicaciones para hacerte llegar desde rutas y consejos de mantenimiento, a curiosidades y trucos de pilotaje.","sameAs":["https:\/\/www.facebook.com\/BoxRepsol\/","https:\/\/www.instagram.com\/box_repsol\/","https:\/\/x.com\/https:\/\/twitter.com\/box_repsol","https:\/\/www.youtube.com\/@Boxrepsol"],"url":"https:\/\/www.boxrepsol.com\/es\/author\/redaccion-box-repsol\/"}]}},"_links":{"self":[{"href":"https:\/\/www.boxrepsol.com\/es\/wp-json\/wp\/v2\/posts\/119768","targetHints":{"allow":["GET"]}}],"collection":[{"href":"https:\/\/www.boxrepsol.com\/es\/wp-json\/wp\/v2\/posts"}],"about":[{"href":"https:\/\/www.boxrepsol.com\/es\/wp-json\/wp\/v2\/types\/post"}],"author":[{"embeddable":true,"href":"https:\/\/www.boxrepsol.com\/es\/wp-json\/wp\/v2\/users\/43146"}],"replies":[{"embeddable":true,"href":"https:\/\/www.boxrepsol.com\/es\/wp-json\/wp\/v2\/comments?post=119768"}],"version-history":[{"count":10,"href":"https:\/\/www.boxrepsol.com\/es\/wp-json\/wp\/v2\/posts\/119768\/revisions"}],"predecessor-version":[{"id":119815,"href":"https:\/\/www.boxrepsol.com\/es\/wp-json\/wp\/v2\/posts\/119768\/revisions\/119815"}],"wp:featuredmedia":[{"embeddable":true,"href":"https:\/\/www.boxrepsol.com\/es\/wp-json\/wp\/v2\/media\/119771"}],"wp:attachment":[{"href":"https:\/\/www.boxrepsol.com\/es\/wp-json\/wp\/v2\/media?parent=119768"}],"wp:term":[{"taxonomy":"category","embeddable":true,"href":"https:\/\/www.boxrepsol.com\/es\/wp-json\/wp\/v2\/categories?post=119768"},{"taxonomy":"post_tag","embeddable":true,"href":"https:\/\/www.boxrepsol.com\/es\/wp-json\/wp\/v2\/tags?post=119768"}],"curies":[{"name":"wp","href":"https:\/\/api.w.org\/{rel}","templated":true}]}}