{"id":119759,"date":"2024-09-20T08:19:31","date_gmt":"2024-09-20T10:19:31","guid":{"rendered":"https:\/\/www.boxrepsol.com\/?p=119759"},"modified":"2025-06-26T06:12:30","modified_gmt":"2025-06-26T08:12:30","slug":"nueva-normativa-dgt","status":"publish","type":"post","link":"https:\/\/www.boxrepsol.com\/es\/vive-tu-moto\/nueva-normativa-dgt\/","title":{"rendered":"Nuevas normas de la DGT para 2024"},"content":{"rendered":"<figure class=\"wp-block-post-featured-image\"><img loading=\"lazy\" decoding=\"async\" width=\"1280\" height=\"650\" src=\"https:\/\/bxrepsol.s3.eu-west-1.amazonaws.com\/static\/2024\/09\/19140259\/Aleja_1.png\" class=\"attachment-post-thumbnail size-post-thumbnail wp-post-image\" alt=\"\" style=\"object-fit:cover;\" srcset=\"https:\/\/bxrepsol.s3.eu-west-1.amazonaws.com\/static\/2024\/09\/19140259\/Aleja_1.png 1280w, https:\/\/bxrepsol.s3.eu-west-1.amazonaws.com\/static\/2024\/09\/19140259\/Aleja_1-300x152.png 300w, https:\/\/bxrepsol.s3.eu-west-1.amazonaws.com\/static\/2024\/09\/19140259\/Aleja_1-1024x520.png 1024w, https:\/\/bxrepsol.s3.eu-west-1.amazonaws.com\/static\/2024\/09\/19140259\/Aleja_1-768x390.png 768w\" sizes=\"auto, (max-width: 1280px) 100vw, 1280px\" \/><\/figure>\n\n\n<div id=\"ez-toc-container\" class=\"ez-toc-v2_0_82_2 counter-hierarchy ez-toc-counter ez-toc-grey ez-toc-container-direction\">\n<div class=\"ez-toc-title-container\">\n<p class=\"ez-toc-title\" style=\"cursor:inherit\">\u00cdndice<\/p>\n<span class=\"ez-toc-title-toggle\"><a href=\"#\" class=\"ez-toc-pull-right ez-toc-btn ez-toc-btn-xs ez-toc-btn-default ez-toc-toggle\" aria-label=\"Toggle Table of Content\"><span class=\"ez-toc-js-icon-con\"><span class=\"\"><span class=\"eztoc-hide\" style=\"display:none;\">Toggle<\/span><span class=\"ez-toc-icon-toggle-span\"><svg style=\"fill: #999;color:#999\" xmlns=\"http:\/\/www.w3.org\/2000\/svg\" class=\"list-377408\" width=\"20px\" height=\"20px\" viewBox=\"0 0 24 24\" fill=\"none\"><path d=\"M6 6H4v2h2V6zm14 0H8v2h12V6zM4 11h2v2H4v-2zm16 0H8v2h12v-2zM4 16h2v2H4v-2zm16 0H8v2h12v-2z\" fill=\"currentColor\"><\/path><\/svg><svg style=\"fill: #999;color:#999\" class=\"arrow-unsorted-368013\" xmlns=\"http:\/\/www.w3.org\/2000\/svg\" width=\"10px\" height=\"10px\" viewBox=\"0 0 24 24\" version=\"1.2\" baseProfile=\"tiny\"><path d=\"M18.2 9.3l-6.2-6.3-6.2 6.3c-.2.2-.3.4-.3.7s.1.5.3.7c.2.2.4.3.7.3h11c.3 0 .5-.1.7-.3.2-.2.3-.5.3-.7s-.1-.5-.3-.7zM5.8 14.7l6.2 6.3 6.2-6.3c.2-.2.3-.5.3-.7s-.1-.5-.3-.7c-.2-.2-.4-.3-.7-.3h-11c-.3 0-.5.1-.7.3-.2.2-.3.5-.3.7s.1.5.3.7z\"\/><\/svg><\/span><\/span><\/span><\/a><\/span><\/div>\n<nav><ul class='ez-toc-list ez-toc-list-level-1 ' ><li class='ez-toc-page-1 ez-toc-heading-level-2'><a class=\"ez-toc-link ez-toc-heading-1\" href=\"https:\/\/www.boxrepsol.com\/es\/vive-tu-moto\/nueva-normativa-dgt\/#Nuevas_Normas_de_circulacion_en_2024\" >Nuevas Normas de circulaci\u00f3n en 2024<\/a><ul class='ez-toc-list-level-3' ><li class='ez-toc-heading-level-3'><a class=\"ez-toc-link ez-toc-heading-2\" href=\"https:\/\/www.boxrepsol.com\/es\/vive-tu-moto\/nueva-normativa-dgt\/#Normativa_ZBE\" >Normativa ZBE<\/a><\/li><li class='ez-toc-page-1 ez-toc-heading-level-3'><a class=\"ez-toc-link ez-toc-heading-3\" href=\"https:\/\/www.boxrepsol.com\/es\/vive-tu-moto\/nueva-normativa-dgt\/#Nueva_normativa_para_ciclistas\" >Nueva normativa para ciclistas<\/a><\/li><li class='ez-toc-page-1 ez-toc-heading-level-3'><a class=\"ez-toc-link ez-toc-heading-4\" href=\"https:\/\/www.boxrepsol.com\/es\/vive-tu-moto\/nueva-normativa-dgt\/#Normativa_de_circulacion_para_motoristas\" >Normativa de circulaci\u00f3n para motoristas<\/a><\/li><li class='ez-toc-page-1 ez-toc-heading-level-3'><a class=\"ez-toc-link ez-toc-heading-5\" href=\"https:\/\/www.boxrepsol.com\/es\/vive-tu-moto\/nueva-normativa-dgt\/#Normativa_para_las_MVP\" >Normativa para las MVP<\/a><\/li><li class='ez-toc-page-1 ez-toc-heading-level-3'><a class=\"ez-toc-link ez-toc-heading-6\" href=\"https:\/\/www.boxrepsol.com\/es\/vive-tu-moto\/nueva-normativa-dgt\/#Nuevos_limites_en_las_tasas_de_alcoholemia\" >Nuevos l\u00edmites en las tasas de alcoholemia<\/a><\/li><li class='ez-toc-page-1 ez-toc-heading-level-3'><a class=\"ez-toc-link ez-toc-heading-7\" href=\"https:\/\/www.boxrepsol.com\/es\/vive-tu-moto\/nueva-normativa-dgt\/#Nueva_senalizacion\" >Nueva se\u00f1alizaci\u00f3n<\/a><\/li><li class='ez-toc-page-1 ez-toc-heading-level-3'><a class=\"ez-toc-link ez-toc-heading-8\" href=\"https:\/\/www.boxrepsol.com\/es\/vive-tu-moto\/nueva-normativa-dgt\/#Novedades_en_carreteras_de_peajes\" >Novedades en carreteras de peajes<\/a><\/li><li class='ez-toc-page-1 ez-toc-heading-level-3'><a class=\"ez-toc-link ez-toc-heading-9\" href=\"https:\/\/www.boxrepsol.com\/es\/vive-tu-moto\/nueva-normativa-dgt\/#Renovacion_de_permisos_de_circulacion\" >Renovaci\u00f3n de permisos de circulaci\u00f3n<\/a><\/li><\/ul><\/li><li class='ez-toc-page-1 ez-toc-heading-level-2'><a class=\"ez-toc-link ez-toc-heading-10\" href=\"https:\/\/www.boxrepsol.com\/es\/vive-tu-moto\/nueva-normativa-dgt\/#%C2%BFCuando_entran_en_vigor_estas_nuevas_normativas_de_la_DGT\" >\u00bfCu\u00e1ndo entran en vigor estas nuevas normativas de la DGT?<\/a><\/li><\/ul><\/nav><\/div>\n<h2 class=\"wp-block-heading\"><span class=\"ez-toc-section\" id=\"Nuevas_Normas_de_circulacion_en_2024\"><\/span><strong>Nuevas Normas de circulaci\u00f3n en 2024<\/strong><span class=\"ez-toc-section-end\"><\/span><\/h2>\n\n\n\n<p>El problema de movilidad derivado de la pandemia <strong>exig\u00eda una adaptaci\u00f3n de las normas de circulaci\u00f3n.<\/strong> Adem\u00e1s, para conseguir eficacia en la lucha contra el aumento de siniestros, la DGT vio necesario introducir una serie de medidas que contribuyeran a reducir el n\u00famero de v\u00edctimas mortales.<\/p>\n\n\n\n<p>La bater\u00eda de medidas es muy amplia y variada, lo que lleva a <strong>una implantaci\u00f3n progresiva entre 2024 y 2025.<\/strong> Se ver\u00e1n afectadas: la nueva normativa de Zonas de Bajas Emisiones (ZBE), las nuevas medidas relativas a los motoristas y ciclistas, como sectores m\u00e1s vulnerables, la nueva tasa de alcohol permitida, la nueva se\u00f1alizaci\u00f3n, la renovaci\u00f3n de permisos de conducci\u00f3n para conductores de edad avanzada, y diferentes medidas sobre tasa de peaje en autopista y autov\u00eda.<\/p>\n\n\n\n<h3 class=\"wp-block-heading\"><span class=\"ez-toc-section\" id=\"Normativa_ZBE\"><\/span><strong>Normativa ZBE<\/strong><span class=\"ez-toc-section-end\"><\/span><\/h3>\n\n\n\n<p>La ley que regula las <strong>ZBA<\/strong> a nivel nacional fue aprobada en 2021, y obligaba a los municipios de m\u00e1s de 50.000 habitantes a <strong>crear zonas espec\u00edficas de este tipo<\/strong>. En enero de 2023, se otorg\u00f3 un plazo de 18 meses para su implantaci\u00f3n, y a partir de junio de 2024, cumplido dicho plazo, 33 municipios han sido denunciados por no haberlas implementado.<\/p>\n\n\n\n<p>Algunas ciudades, como Madrid y Barcelona, han incrementado sus disposiciones al respecto. En Madrid ya no se puede circular sin <a href=\"https:\/\/www.boxrepsol.com\/es\/tecnologia\/distintivo-ambiental-motos\/\">etiqueta medioambiental<\/a> \u2013antes se pod\u00eda hacer fuera del per\u00edmetro de la M-30-, ni en Barcelona, en d\u00edas laborables de 7 a 18 horas, con una <strong>ampliaci\u00f3n de las restricciones a partir de 2025.<\/strong><\/p>\n\n\n\n<h3 class=\"wp-block-heading\"><span class=\"ez-toc-section\" id=\"Nueva_normativa_para_ciclistas\"><\/span><strong>Nueva normativa para ciclistas<\/strong><span class=\"ez-toc-section-end\"><\/span><\/h3>\n\n\n\n<p>Los ciclistas tambi\u00e9n se van a ver afectados por las nuevas medidas, entre ellas, la eliminaci\u00f3n de la excepci\u00f3n de no llevar casco&nbsp;en pendientes ascendentes prolongadas.<\/p>\n\n\n\n<p>Adem\u00e1s, tendr\u00e1n la <strong>obligaci\u00f3n de llevar elementos luminosos y\/o retro reflectantes<\/strong> de noche o en condiciones de baja visibilidad.<\/p>\n\n\n\n<p>Para mejorar su seguridad, como usuarios de la v\u00eda especialmente vulnerables, los dem\u00e1s conductores deber\u00e1n tener nuevas consideraciones a la hora de los adelantamientos en carretera: <strong>reducir la velocidad en al menos 20 km\/h\u00a0menos del l\u00edmite de la v\u00eda,<\/strong> y mantener una\u00a0separaci\u00f3n lateral m\u00ednima de 1,5 metros, pudiendo cambiar de carril en algunos casos.<\/p>\n\n\n\n<h3 class=\"wp-block-heading\"><span class=\"ez-toc-section\" id=\"Normativa_de_circulacion_para_motoristas\"><\/span><strong>Normativa de circulaci\u00f3n para motoristas<\/strong><span class=\"ez-toc-section-end\"><\/span><\/h3>\n\n\n\n<p>Finalmente, se implanta el <strong>uso obligatorio de&nbsp;guantes y <\/strong><a href=\"https:\/\/www.boxrepsol.com\/es\/cultura-motera\/tipos-de-cascos-de-motos-cual-te-va-mejor\/\"><strong>cascos integrales<\/strong><\/a> homologados&nbsp;por la Uni\u00f3n Europea, y la realizaci\u00f3n de un&nbsp;curso especial para motos de m\u00e1s de 125 cc.<\/p>\n\n\n\n<p>M\u00e1s a\u00fan, <strong>se aprueba la\u00a0circulaci\u00f3n por el arc\u00e9n<\/strong>, bajo tres premisas: que sea en situaciones de congesti\u00f3n del tr\u00e1fico; que no se superen los 30 km\/h; y que se priorice el paso de veh\u00edculos que ya deben circular por el arc\u00e9n, como las bicicletas.<\/p>\n\n\n\n<h3 class=\"wp-block-heading\"><span class=\"ez-toc-section\" id=\"Normativa_para_las_MVP\"><\/span><strong>Normativa para las MVP<\/strong><span class=\"ez-toc-section-end\"><\/span><\/h3>\n\n\n\n<p>Los <strong>Veh\u00edculos de Movilidad Personal (MVP),<\/strong> fundamentalmente patinetes el\u00e9ctricos, han irrumpido como un medio de transporte en el tr\u00e1fico urbano de una forma creciente y descontrolada, y la <strong>DGT est\u00e1 intentando regular y poner orden en este tipo de veh\u00edculos<\/strong>. Ya en 2022 entr\u00f3 en vigor una primera partida normas, y ahora esta regulaci\u00f3n se va a ver reforzada con otras medidas:&nbsp;<\/p>\n\n\n\n<ul class=\"wp-block-list\">\n<li>Prohibici\u00f3n de consumo de alcohol cuando se va a usar este veh\u00edculo.<\/li>\n\n\n\n<li>Prohibici\u00f3n del uso de auriculares.<\/li>\n\n\n\n<li>Prohibici\u00f3n de circular por carreteras (s\u00f3lo pueden emplearse en el entorno urbano de una ciudad.<\/li>\n\n\n\n<li>Prohibici\u00f3n de circular por aceras.<\/li>\n\n\n\n<li>L\u00edmite m\u00e1ximo de velocidad de 25 km\/h.<\/li>\n\n\n\n<li>Uso obligatorio del casco.<\/li>\n\n\n\n<li>Tener al menos 16 a\u00f1os.<\/li>\n<\/ul>\n\n\n\n<p>Tambi\u00e9n se est\u00e1 planteando la <strong>creaci\u00f3n de cursos de formaci\u00f3n y capacitaci\u00f3n gratuitos<\/strong> para usuarios de patinetes el\u00e9ctricos, con el fin de que adquieran los conocimientos b\u00e1sicos en materia de circulaci\u00f3n y seguridad vial.<\/p>\n\n\n\n<figure class=\"wp-block-image size-full\"><img loading=\"lazy\" decoding=\"async\" width=\"1024\" height=\"678\" src=\"https:\/\/bxrepsol.s3.eu-west-1.amazonaws.com\/static\/2024\/09\/19141007\/patinte-electrico.jpg\" alt=\"Imagen de dos personas circulando con patinete el\u00e9ctrico\" class=\"wp-image-119764\" srcset=\"https:\/\/bxrepsol.s3.eu-west-1.amazonaws.com\/static\/2024\/09\/19141007\/patinte-electrico.jpg 1024w, https:\/\/bxrepsol.s3.eu-west-1.amazonaws.com\/static\/2024\/09\/19141007\/patinte-electrico-300x199.jpg 300w, https:\/\/bxrepsol.s3.eu-west-1.amazonaws.com\/static\/2024\/09\/19141007\/patinte-electrico-768x509.jpg 768w\" sizes=\"auto, (max-width: 1024px) 100vw, 1024px\" \/><\/figure>\n\n\n\n<h3 class=\"wp-block-heading\"><span class=\"ez-toc-section\" id=\"Nuevos_limites_en_las_tasas_de_alcoholemia\"><\/span><strong>Nuevos l\u00edmites en las tasas de alcoholemia<\/strong><span class=\"ez-toc-section-end\"><\/span><\/h3>\n\n\n\n<p>El consumo excesivo de alcohol es una de las causas de numerosos siniestros. Para prevenirlos, <strong>se ha decidido revisar las tasas permitidas<\/strong>, que se equiparan con el l\u00edmite establecido para profesionales del transporte y conductores noveles. Estas nuevas tasas ser\u00e1n:&nbsp;<\/p>\n\n\n\n<p>0,20 g\/l de alcohol por litro de sangre (actualmente es de 0,30 g\/l)<\/p>\n\n\n\n<p>0,10 mg\/l de aire aspirado (actualmente de 0,15 mg\/l)<\/p>\n\n\n\n<figure class=\"wp-block-image size-large\"><img loading=\"lazy\" decoding=\"async\" width=\"1024\" height=\"683\" src=\"https:\/\/bxrepsol.s3.eu-west-1.amazonaws.com\/static\/2024\/09\/19140713\/controles-alcohol-droga.jpg_362978292-1024x683.jpg\" alt=\"Imagen de se\u00f1al de control de alcohol y drogas\" class=\"wp-image-119762\" srcset=\"https:\/\/bxrepsol.s3.eu-west-1.amazonaws.com\/static\/2024\/09\/19140713\/controles-alcohol-droga.jpg_362978292-1024x683.jpg 1024w, https:\/\/bxrepsol.s3.eu-west-1.amazonaws.com\/static\/2024\/09\/19140713\/controles-alcohol-droga.jpg_362978292-300x200.jpg 300w, https:\/\/bxrepsol.s3.eu-west-1.amazonaws.com\/static\/2024\/09\/19140713\/controles-alcohol-droga.jpg_362978292-768x512.jpg 768w, https:\/\/bxrepsol.s3.eu-west-1.amazonaws.com\/static\/2024\/09\/19140713\/controles-alcohol-droga.jpg_362978292.jpg 1110w\" sizes=\"auto, (max-width: 1024px) 100vw, 1024px\" \/><\/figure>\n\n\n\n<h3 class=\"wp-block-heading\"><span class=\"ez-toc-section\" id=\"Nueva_senalizacion\"><\/span><strong>Nueva se\u00f1alizaci\u00f3n<\/strong><span class=\"ez-toc-section-end\"><\/span><\/h3>\n\n\n\n<p>Otra derivada de los nuevos tiempos es la <strong>introducci\u00f3n de una serie de se\u00f1ales que antes no exist\u00edan.<\/strong> Se present\u00f3 un borrador en 2022 que fue aprobado en el verano de 2023, y ahora se han incorporado. Las m\u00e1s destacadas son las siguientes:<\/p>\n\n\n\n<p><strong>R-118<\/strong>:&nbsp;prohibici\u00f3n de acceso a la zona o v\u00eda a los Veh\u00edculos de Movilidad Personal (patinetes, fundamentalmente).<\/p>\n\n\n\n<p><strong>R-120:<\/strong> prohibici\u00f3n de acceso a veh\u00edculos en funci\u00f3n de su distintivo ambiental.<\/p>\n\n\n\n<p><strong>P-35:<\/strong> peligro por la proximidad de un tramo con confluencia y bifurcaci\u00f3n del tr\u00e1fico, donde los veh\u00edculos puedan cruzar sus trayectorias.<\/p>\n\n\n\n<p><strong>P-24a:<\/strong> peligro por la proximidad de animales en libertad (jabal\u00edes, fauna salvaje, etc.).<\/p>\n\n\n\n<p>Otra parte de la se\u00f1alizaci\u00f3n se ha renovado para hacerla m\u00e1s legible o modificar su dise\u00f1o debido a la obsolescencia. La P-33, de p\u00e9rdida de visibilidad por niebla o nieve o la P-8, que mostraba una vieja locomotora y ahora su imagen tiene una m\u00e1s moderna. La P-21, de proximidad de zona escolar, ahora tiene perspectiva de g\u00e9nero y luce a una ni\u00f1a guiando a un ni\u00f1o.<\/p>\n\n\n\n<h3 class=\"wp-block-heading\"><span class=\"ez-toc-section\" id=\"Novedades_en_carreteras_de_peajes\"><\/span><strong>Novedades en carreteras de peajes<\/strong><span class=\"ez-toc-section-end\"><\/span><\/h3>\n\n\n\n<p>Durante los \u00faltimos a\u00f1os, el Gobierno ha liberado de peajes algunas autopistas estatales al final de su periodo de concesi\u00f3n. Sin embargo, la Uni\u00f3n Europea planteaba la <strong>necesidad de establecer otro sistema en autov\u00edas<\/strong>, con el objetivo de financiar parte de los gastos de mantenimiento de la red de carreteras; una cuesti\u00f3n que ha generado discusiones y muchas pol\u00e9micas.<\/p>\n\n\n\n<p>Sin embargo, el Gobierno ha conseguido que la UE desista de esta exigencia, al menos, de momento, y <strong>la Red de Autov\u00edas del Estado va a permanecer libre de peajes.<\/strong><\/p>\n\n\n\n<h3 class=\"wp-block-heading\"><span class=\"ez-toc-section\" id=\"Renovacion_de_permisos_de_circulacion\"><\/span><strong>Renovaci\u00f3n de permisos de circulaci\u00f3n<\/strong><span class=\"ez-toc-section-end\"><\/span><\/h3>\n\n\n\n<p>Se ha establecido la reducci\u00f3n de la validez del <strong>permiso de conducir para mayores de 65 y 70 a\u00f1os,<\/strong> con el objetivo de poder&nbsp;evaluar mejor las capacidades psicomotrices de las personas de m\u00e1s edad. Los mayores de 65 a\u00f1os ya tienen que <strong>renovar su carnet cada 5 a\u00f1os y no cada 10.<\/strong><\/p>\n\n\n\n<p>Adem\u00e1s, los mayores de 70 a\u00f1os ver\u00edan reducido ese plazo de&nbsp;<strong>vigencia de su permiso de conducir a s\u00f3lo los 2 a\u00f1os.<\/strong> De esta forma, tendr\u00e1n que pasar por el tr\u00e1mite del reconocimiento m\u00e9dico cada 24 meses, con el fin de reevaluar sus capacidades f\u00edsicas.<\/p>\n\n\n\n<h2 class=\"wp-block-heading\"><span class=\"ez-toc-section\" id=\"%C2%BFCuando_entran_en_vigor_estas_nuevas_normativas_de_la_DGT\"><\/span><strong>\u00bfCu\u00e1ndo entran en vigor estas nuevas normativas de la DGT?<\/strong><span class=\"ez-toc-section-end\"><\/span><\/h2>\n\n\n\n<p><strong>Hay algunas normas ya aprobadas y otras que llegar\u00e1n en 2025,<\/strong> pero lo que es seguro es que en el pr\u00f3ximo a\u00f1o contaremos ya con un Reglamento General de Circulaci\u00f3n completamente renovado y actualizado.<\/p>\n","protected":false},"excerpt":{"rendered":"<p>La Direcci\u00f3n General de Tr\u00e1fico (DGT) lleva tiempo trabajando en la modificaci\u00f3n del Reglamento General de Circulaci\u00f3n, en un intento de adaptar la normativa a la realidad cotidiana. La nueva regulaci\u00f3n entrar\u00e1 en vigor a lo largo de 2024 y 2025.<\/p>\n","protected":false},"author":41268,"featured_media":119760,"comment_status":"open","ping_status":"open","sticky":false,"template":"","format":"standard","meta":{"footnotes":""},"categories":[122],"tags":[585,346],"class_list":["post-119759","post","type-post","status-publish","format-standard","hentry","category-vive-tu-moto","tag-conduccion","tag-seguridad"],"yoast_head":"<!-- This site is optimized with the Yoast SEO plugin v27.3 - https:\/\/yoast.com\/product\/yoast-seo-wordpress\/ -->\n<title>Nuevas normas de la DGT para 2024: \u00bfCu\u00e1ndo entran en vigor? - Box Repsol<\/title>\n<link rel=\"canonical\" href=\"https:\/\/www.boxrepsol.com\/es\/vive-tu-moto\/nueva-normativa-dgt\/\" \/>\n<meta property=\"og:locale\" content=\"es_ES\" \/>\n<meta property=\"og:type\" content=\"article\" \/>\n<meta property=\"og:title\" content=\"Nuevas normas de la DGT para 2024: \u00bfCu\u00e1ndo entran en vigor? - Box Repsol\" \/>\n<meta property=\"og:description\" content=\"La Direcci\u00f3n General de Tr\u00e1fico (DGT) lleva tiempo trabajando en la modificaci\u00f3n del Reglamento General de Circulaci\u00f3n, en un intento de adaptar la normativa a la realidad cotidiana. La nueva regulaci\u00f3n entrar\u00e1 en vigor a lo largo de 2024 y 2025.\" \/>\n<meta property=\"og:url\" content=\"https:\/\/www.boxrepsol.com\/es\/vive-tu-moto\/nueva-normativa-dgt\/\" \/>\n<meta property=\"og:site_name\" content=\"Box Repsol\" \/>\n<meta property=\"article:publisher\" content=\"https:\/\/www.facebook.com\/BoxRepsol\" \/>\n<meta property=\"article:published_time\" content=\"2024-09-20T10:19:31+00:00\" \/>\n<meta property=\"article:modified_time\" content=\"2025-06-26T08:12:30+00:00\" \/>\n<meta property=\"og:image\" content=\"https:\/\/bxrepsol.s3.eu-west-1.amazonaws.com\/static\/2024\/09\/19140259\/Aleja_1.png\" \/>\n\t<meta property=\"og:image:width\" content=\"1280\" \/>\n\t<meta property=\"og:image:height\" content=\"650\" \/>\n\t<meta property=\"og:image:type\" content=\"image\/png\" \/>\n<meta name=\"author\" content=\"Juan Pedro de la Torre\" \/>\n<meta name=\"twitter:card\" content=\"summary_large_image\" \/>\n<meta name=\"twitter:creator\" content=\"@https:\/\/twitter.com\/JPdelaTorre1965\" \/>\n<meta name=\"twitter:site\" content=\"@box_repsol\" \/>\n<meta name=\"twitter:label1\" content=\"Written by\" \/>\n\t<meta name=\"twitter:data1\" content=\"Juan Pedro de la Torre\" \/>\n\t<meta name=\"twitter:label2\" content=\"Est. reading time\" \/>\n\t<meta name=\"twitter:data2\" content=\"6 minutos\" \/>\n<script type=\"application\/ld+json\" class=\"yoast-schema-graph\">{\"@context\":\"https:\\\/\\\/schema.org\",\"@graph\":[{\"@type\":\"Article\",\"@id\":\"https:\\\/\\\/www.boxrepsol.com\\\/es\\\/vive-tu-moto\\\/nueva-normativa-dgt\\\/#article\",\"isPartOf\":{\"@id\":\"https:\\\/\\\/www.boxrepsol.com\\\/es\\\/vive-tu-moto\\\/nueva-normativa-dgt\\\/\"},\"author\":{\"name\":\"Juan Pedro de la Torre\",\"@id\":\"https:\\\/\\\/www.boxrepsol.com\\\/es\\\/#\\\/schema\\\/person\\\/26abce1d675df22d63ac9e9d5f23e4aa\"},\"headline\":\"Nuevas normas de la DGT para 2024\",\"datePublished\":\"2024-09-20T10:19:31+00:00\",\"dateModified\":\"2025-06-26T08:12:30+00:00\",\"mainEntityOfPage\":{\"@id\":\"https:\\\/\\\/www.boxrepsol.com\\\/es\\\/vive-tu-moto\\\/nueva-normativa-dgt\\\/\"},\"wordCount\":1186,\"commentCount\":0,\"publisher\":{\"@id\":\"https:\\\/\\\/www.boxrepsol.com\\\/es\\\/#organization\"},\"image\":{\"@id\":\"https:\\\/\\\/www.boxrepsol.com\\\/es\\\/vive-tu-moto\\\/nueva-normativa-dgt\\\/#primaryimage\"},\"thumbnailUrl\":\"https:\\\/\\\/bxrepsol.s3.eu-west-1.amazonaws.com\\\/static\\\/2024\\\/09\\\/19140259\\\/Aleja_1.png\",\"keywords\":[\"conducci\u00f3n\",\"Seguridad\"],\"articleSection\":[\"Vive tu moto\"],\"inLanguage\":\"es\",\"potentialAction\":[{\"@type\":\"CommentAction\",\"name\":\"Comment\",\"target\":[\"https:\\\/\\\/www.boxrepsol.com\\\/es\\\/vive-tu-moto\\\/nueva-normativa-dgt\\\/#respond\"]}]},{\"@type\":\"WebPage\",\"@id\":\"https:\\\/\\\/www.boxrepsol.com\\\/es\\\/vive-tu-moto\\\/nueva-normativa-dgt\\\/\",\"url\":\"https:\\\/\\\/www.boxrepsol.com\\\/es\\\/vive-tu-moto\\\/nueva-normativa-dgt\\\/\",\"name\":\"Nuevas normas de la DGT para 2024: \u00bfCu\u00e1ndo entran en vigor? - Box Repsol\",\"isPartOf\":{\"@id\":\"https:\\\/\\\/www.boxrepsol.com\\\/es\\\/#website\"},\"primaryImageOfPage\":{\"@id\":\"https:\\\/\\\/www.boxrepsol.com\\\/es\\\/vive-tu-moto\\\/nueva-normativa-dgt\\\/#primaryimage\"},\"image\":{\"@id\":\"https:\\\/\\\/www.boxrepsol.com\\\/es\\\/vive-tu-moto\\\/nueva-normativa-dgt\\\/#primaryimage\"},\"thumbnailUrl\":\"https:\\\/\\\/bxrepsol.s3.eu-west-1.amazonaws.com\\\/static\\\/2024\\\/09\\\/19140259\\\/Aleja_1.png\",\"datePublished\":\"2024-09-20T10:19:31+00:00\",\"dateModified\":\"2025-06-26T08:12:30+00:00\",\"breadcrumb\":{\"@id\":\"https:\\\/\\\/www.boxrepsol.com\\\/es\\\/vive-tu-moto\\\/nueva-normativa-dgt\\\/#breadcrumb\"},\"inLanguage\":\"es\",\"potentialAction\":[{\"@type\":\"ReadAction\",\"target\":[\"https:\\\/\\\/www.boxrepsol.com\\\/es\\\/vive-tu-moto\\\/nueva-normativa-dgt\\\/\"]}]},{\"@type\":\"ImageObject\",\"inLanguage\":\"es\",\"@id\":\"https:\\\/\\\/www.boxrepsol.com\\\/es\\\/vive-tu-moto\\\/nueva-normativa-dgt\\\/#primaryimage\",\"url\":\"https:\\\/\\\/bxrepsol.s3.eu-west-1.amazonaws.com\\\/static\\\/2024\\\/09\\\/19140259\\\/Aleja_1.png\",\"contentUrl\":\"https:\\\/\\\/bxrepsol.s3.eu-west-1.amazonaws.com\\\/static\\\/2024\\\/09\\\/19140259\\\/Aleja_1.png\",\"width\":1280,\"height\":650},{\"@type\":\"BreadcrumbList\",\"@id\":\"https:\\\/\\\/www.boxrepsol.com\\\/es\\\/vive-tu-moto\\\/nueva-normativa-dgt\\\/#breadcrumb\",\"itemListElement\":[{\"@type\":\"ListItem\",\"position\":1,\"name\":\"Home\",\"item\":\"https:\\\/\\\/www.boxrepsol.com\\\/es\\\/\"},{\"@type\":\"ListItem\",\"position\":2,\"name\":\"Nuevas normas de la DGT para 2024\"}]},{\"@type\":\"WebSite\",\"@id\":\"https:\\\/\\\/www.boxrepsol.com\\\/es\\\/#website\",\"url\":\"https:\\\/\\\/www.boxrepsol.com\\\/es\\\/\",\"name\":\"Box Repsol\",\"description\":\"Box Repsol Site\",\"publisher\":{\"@id\":\"https:\\\/\\\/www.boxrepsol.com\\\/es\\\/#organization\"},\"potentialAction\":[{\"@type\":\"SearchAction\",\"target\":{\"@type\":\"EntryPoint\",\"urlTemplate\":\"https:\\\/\\\/www.boxrepsol.com\\\/es\\\/?s={search_term_string}\"},\"query-input\":{\"@type\":\"PropertyValueSpecification\",\"valueRequired\":true,\"valueName\":\"search_term_string\"}}],\"inLanguage\":\"es\"},{\"@type\":\"Organization\",\"@id\":\"https:\\\/\\\/www.boxrepsol.com\\\/es\\\/#organization\",\"name\":\"Box Repsol\",\"url\":\"https:\\\/\\\/www.boxrepsol.com\\\/es\\\/\",\"logo\":{\"@type\":\"ImageObject\",\"inLanguage\":\"es\",\"@id\":\"https:\\\/\\\/www.boxrepsol.com\\\/es\\\/#\\\/schema\\\/logo\\\/image\\\/\",\"url\":\"https:\\\/\\\/bxrepsol.s3.eu-west-1.amazonaws.com\\\/static\\\/2025\\\/07\\\/30083337\\\/favicon-96x96-1.png\",\"contentUrl\":\"https:\\\/\\\/bxrepsol.s3.eu-west-1.amazonaws.com\\\/static\\\/2025\\\/07\\\/30083337\\\/favicon-96x96-1.png\",\"width\":96,\"height\":96,\"caption\":\"Box Repsol\"},\"image\":{\"@id\":\"https:\\\/\\\/www.boxrepsol.com\\\/es\\\/#\\\/schema\\\/logo\\\/image\\\/\"},\"sameAs\":[\"https:\\\/\\\/www.facebook.com\\\/BoxRepsol\",\"https:\\\/\\\/x.com\\\/box_repsol\",\"http:\\\/\\\/instagram.com\\\/box_repsol\",\"https:\\\/\\\/www.youtube.com\\\/user\\\/RepsolCompeticion\",\"https:\\\/\\\/www.flickr.com\\\/photos\\\/box_repsol\\\/\"]},{\"@type\":\"Person\",\"@id\":\"https:\\\/\\\/www.boxrepsol.com\\\/es\\\/#\\\/schema\\\/person\\\/26abce1d675df22d63ac9e9d5f23e4aa\",\"name\":\"Juan Pedro de la Torre\",\"image\":{\"@type\":\"ImageObject\",\"inLanguage\":\"es\",\"@id\":\"https:\\\/\\\/secure.gravatar.com\\\/avatar\\\/e81f780ee2930d7be330cb34304decf0e9bc66bec0158805a0fe2726f4517224?s=96&d=mm&r=g\",\"url\":\"https:\\\/\\\/secure.gravatar.com\\\/avatar\\\/e81f780ee2930d7be330cb34304decf0e9bc66bec0158805a0fe2726f4517224?s=96&d=mm&r=g\",\"contentUrl\":\"https:\\\/\\\/secure.gravatar.com\\\/avatar\\\/e81f780ee2930d7be330cb34304decf0e9bc66bec0158805a0fe2726f4517224?s=96&d=mm&r=g\",\"caption\":\"Juan Pedro de la Torre\"},\"description\":\"Se inici\u00f3 en el diario Marca en 1988 y posteriormente pas\u00f3 a la revista Motociclismo, donde llegar\u00eda a ser director de deporte. Despu\u00e9s fue editor y director de Motoworld.es y Sport Bikes y colabor\u00f3 con varios medios. Adem\u00e1s, ha publicado una docena de libros y actualmente trabaja como colaborador para Motociclismo, El Confidencial y Box Repsol.\",\"sameAs\":[\"https:\\\/\\\/x.com\\\/https:\\\/\\\/twitter.com\\\/JPdelaTorre1965\",\"https:\\\/\\\/youtube.com\\\/@juanpedrodelatorremotoworld\"],\"url\":\"https:\\\/\\\/www.boxrepsol.com\\\/es\\\/author\\\/juanpedro_delatorre\\\/\"}]}<\/script>\n<!-- \/ Yoast SEO plugin. -->","yoast_head_json":{"title":"Nuevas normas de la DGT para 2024: \u00bfCu\u00e1ndo entran en vigor? - Box Repsol","canonical":"https:\/\/www.boxrepsol.com\/es\/vive-tu-moto\/nueva-normativa-dgt\/","og_locale":"es_ES","og_type":"article","og_title":"Nuevas normas de la DGT para 2024: \u00bfCu\u00e1ndo entran en vigor? - Box Repsol","og_description":"La Direcci\u00f3n General de Tr\u00e1fico (DGT) lleva tiempo trabajando en la modificaci\u00f3n del Reglamento General de Circulaci\u00f3n, en un intento de adaptar la normativa a la realidad cotidiana. La nueva regulaci\u00f3n entrar\u00e1 en vigor a lo largo de 2024 y 2025.","og_url":"https:\/\/www.boxrepsol.com\/es\/vive-tu-moto\/nueva-normativa-dgt\/","og_site_name":"Box Repsol","article_publisher":"https:\/\/www.facebook.com\/BoxRepsol","article_published_time":"2024-09-20T10:19:31+00:00","article_modified_time":"2025-06-26T08:12:30+00:00","og_image":[{"width":1280,"height":650,"url":"https:\/\/bxrepsol.s3.eu-west-1.amazonaws.com\/static\/2024\/09\/19140259\/Aleja_1.png","type":"image\/png"}],"author":"Juan Pedro de la Torre","twitter_card":"summary_large_image","twitter_creator":"@https:\/\/twitter.com\/JPdelaTorre1965","twitter_site":"@box_repsol","twitter_misc":{"Written by":"Juan Pedro de la Torre","Est. reading time":"6 minutos"},"schema":{"@context":"https:\/\/schema.org","@graph":[{"@type":"Article","@id":"https:\/\/www.boxrepsol.com\/es\/vive-tu-moto\/nueva-normativa-dgt\/#article","isPartOf":{"@id":"https:\/\/www.boxrepsol.com\/es\/vive-tu-moto\/nueva-normativa-dgt\/"},"author":{"name":"Juan Pedro de la Torre","@id":"https:\/\/www.boxrepsol.com\/es\/#\/schema\/person\/26abce1d675df22d63ac9e9d5f23e4aa"},"headline":"Nuevas normas de la DGT para 2024","datePublished":"2024-09-20T10:19:31+00:00","dateModified":"2025-06-26T08:12:30+00:00","mainEntityOfPage":{"@id":"https:\/\/www.boxrepsol.com\/es\/vive-tu-moto\/nueva-normativa-dgt\/"},"wordCount":1186,"commentCount":0,"publisher":{"@id":"https:\/\/www.boxrepsol.com\/es\/#organization"},"image":{"@id":"https:\/\/www.boxrepsol.com\/es\/vive-tu-moto\/nueva-normativa-dgt\/#primaryimage"},"thumbnailUrl":"https:\/\/bxrepsol.s3.eu-west-1.amazonaws.com\/static\/2024\/09\/19140259\/Aleja_1.png","keywords":["conducci\u00f3n","Seguridad"],"articleSection":["Vive tu moto"],"inLanguage":"es","potentialAction":[{"@type":"CommentAction","name":"Comment","target":["https:\/\/www.boxrepsol.com\/es\/vive-tu-moto\/nueva-normativa-dgt\/#respond"]}]},{"@type":"WebPage","@id":"https:\/\/www.boxrepsol.com\/es\/vive-tu-moto\/nueva-normativa-dgt\/","url":"https:\/\/www.boxrepsol.com\/es\/vive-tu-moto\/nueva-normativa-dgt\/","name":"Nuevas normas de la DGT para 2024: \u00bfCu\u00e1ndo entran en vigor? - Box Repsol","isPartOf":{"@id":"https:\/\/www.boxrepsol.com\/es\/#website"},"primaryImageOfPage":{"@id":"https:\/\/www.boxrepsol.com\/es\/vive-tu-moto\/nueva-normativa-dgt\/#primaryimage"},"image":{"@id":"https:\/\/www.boxrepsol.com\/es\/vive-tu-moto\/nueva-normativa-dgt\/#primaryimage"},"thumbnailUrl":"https:\/\/bxrepsol.s3.eu-west-1.amazonaws.com\/static\/2024\/09\/19140259\/Aleja_1.png","datePublished":"2024-09-20T10:19:31+00:00","dateModified":"2025-06-26T08:12:30+00:00","breadcrumb":{"@id":"https:\/\/www.boxrepsol.com\/es\/vive-tu-moto\/nueva-normativa-dgt\/#breadcrumb"},"inLanguage":"es","potentialAction":[{"@type":"ReadAction","target":["https:\/\/www.boxrepsol.com\/es\/vive-tu-moto\/nueva-normativa-dgt\/"]}]},{"@type":"ImageObject","inLanguage":"es","@id":"https:\/\/www.boxrepsol.com\/es\/vive-tu-moto\/nueva-normativa-dgt\/#primaryimage","url":"https:\/\/bxrepsol.s3.eu-west-1.amazonaws.com\/static\/2024\/09\/19140259\/Aleja_1.png","contentUrl":"https:\/\/bxrepsol.s3.eu-west-1.amazonaws.com\/static\/2024\/09\/19140259\/Aleja_1.png","width":1280,"height":650},{"@type":"BreadcrumbList","@id":"https:\/\/www.boxrepsol.com\/es\/vive-tu-moto\/nueva-normativa-dgt\/#breadcrumb","itemListElement":[{"@type":"ListItem","position":1,"name":"Home","item":"https:\/\/www.boxrepsol.com\/es\/"},{"@type":"ListItem","position":2,"name":"Nuevas normas de la DGT para 2024"}]},{"@type":"WebSite","@id":"https:\/\/www.boxrepsol.com\/es\/#website","url":"https:\/\/www.boxrepsol.com\/es\/","name":"Box Repsol","description":"Box Repsol Site","publisher":{"@id":"https:\/\/www.boxrepsol.com\/es\/#organization"},"potentialAction":[{"@type":"SearchAction","target":{"@type":"EntryPoint","urlTemplate":"https:\/\/www.boxrepsol.com\/es\/?s={search_term_string}"},"query-input":{"@type":"PropertyValueSpecification","valueRequired":true,"valueName":"search_term_string"}}],"inLanguage":"es"},{"@type":"Organization","@id":"https:\/\/www.boxrepsol.com\/es\/#organization","name":"Box Repsol","url":"https:\/\/www.boxrepsol.com\/es\/","logo":{"@type":"ImageObject","inLanguage":"es","@id":"https:\/\/www.boxrepsol.com\/es\/#\/schema\/logo\/image\/","url":"https:\/\/bxrepsol.s3.eu-west-1.amazonaws.com\/static\/2025\/07\/30083337\/favicon-96x96-1.png","contentUrl":"https:\/\/bxrepsol.s3.eu-west-1.amazonaws.com\/static\/2025\/07\/30083337\/favicon-96x96-1.png","width":96,"height":96,"caption":"Box Repsol"},"image":{"@id":"https:\/\/www.boxrepsol.com\/es\/#\/schema\/logo\/image\/"},"sameAs":["https:\/\/www.facebook.com\/BoxRepsol","https:\/\/x.com\/box_repsol","http:\/\/instagram.com\/box_repsol","https:\/\/www.youtube.com\/user\/RepsolCompeticion","https:\/\/www.flickr.com\/photos\/box_repsol\/"]},{"@type":"Person","@id":"https:\/\/www.boxrepsol.com\/es\/#\/schema\/person\/26abce1d675df22d63ac9e9d5f23e4aa","name":"Juan Pedro de la Torre","image":{"@type":"ImageObject","inLanguage":"es","@id":"https:\/\/secure.gravatar.com\/avatar\/e81f780ee2930d7be330cb34304decf0e9bc66bec0158805a0fe2726f4517224?s=96&d=mm&r=g","url":"https:\/\/secure.gravatar.com\/avatar\/e81f780ee2930d7be330cb34304decf0e9bc66bec0158805a0fe2726f4517224?s=96&d=mm&r=g","contentUrl":"https:\/\/secure.gravatar.com\/avatar\/e81f780ee2930d7be330cb34304decf0e9bc66bec0158805a0fe2726f4517224?s=96&d=mm&r=g","caption":"Juan Pedro de la Torre"},"description":"Se inici\u00f3 en el diario Marca en 1988 y posteriormente pas\u00f3 a la revista Motociclismo, donde llegar\u00eda a ser director de deporte. Despu\u00e9s fue editor y director de Motoworld.es y Sport Bikes y colabor\u00f3 con varios medios. Adem\u00e1s, ha publicado una docena de libros y actualmente trabaja como colaborador para Motociclismo, El Confidencial y Box Repsol.","sameAs":["https:\/\/x.com\/https:\/\/twitter.com\/JPdelaTorre1965","https:\/\/youtube.com\/@juanpedrodelatorremotoworld"],"url":"https:\/\/www.boxrepsol.com\/es\/author\/juanpedro_delatorre\/"}]}},"_links":{"self":[{"href":"https:\/\/www.boxrepsol.com\/es\/wp-json\/wp\/v2\/posts\/119759","targetHints":{"allow":["GET"]}}],"collection":[{"href":"https:\/\/www.boxrepsol.com\/es\/wp-json\/wp\/v2\/posts"}],"about":[{"href":"https:\/\/www.boxrepsol.com\/es\/wp-json\/wp\/v2\/types\/post"}],"author":[{"embeddable":true,"href":"https:\/\/www.boxrepsol.com\/es\/wp-json\/wp\/v2\/users\/41268"}],"replies":[{"embeddable":true,"href":"https:\/\/www.boxrepsol.com\/es\/wp-json\/wp\/v2\/comments?post=119759"}],"version-history":[{"count":2,"href":"https:\/\/www.boxrepsol.com\/es\/wp-json\/wp\/v2\/posts\/119759\/revisions"}],"predecessor-version":[{"id":119767,"href":"https:\/\/www.boxrepsol.com\/es\/wp-json\/wp\/v2\/posts\/119759\/revisions\/119767"}],"wp:featuredmedia":[{"embeddable":true,"href":"https:\/\/www.boxrepsol.com\/es\/wp-json\/wp\/v2\/media\/119760"}],"wp:attachment":[{"href":"https:\/\/www.boxrepsol.com\/es\/wp-json\/wp\/v2\/media?parent=119759"}],"wp:term":[{"taxonomy":"category","embeddable":true,"href":"https:\/\/www.boxrepsol.com\/es\/wp-json\/wp\/v2\/categories?post=119759"},{"taxonomy":"post_tag","embeddable":true,"href":"https:\/\/www.boxrepsol.com\/es\/wp-json\/wp\/v2\/tags?post=119759"}],"curies":[{"name":"wp","href":"https:\/\/api.w.org\/{rel}","templated":true}]}}