{"id":119722,"date":"2024-09-15T12:57:33","date_gmt":"2024-09-15T14:57:33","guid":{"rendered":"https:\/\/www.boxrepsol.com\/?p=119722"},"modified":"2025-07-24T06:44:18","modified_gmt":"2025-07-24T08:44:18","slug":"resultados-y-resumen-del-trialgp-de-espana-2024","status":"publish","type":"post","link":"https:\/\/www.boxrepsol.com\/es\/trial\/resultados-y-resumen-del-trialgp-de-espana-2024\/","title":{"rendered":"Resultados y resumen del TrialGP de Espa\u00f1a 2024"},"content":{"rendered":"<figure class=\"wp-block-post-featured-image\"><img loading=\"lazy\" decoding=\"async\" width=\"1280\" height=\"650\" src=\"https:\/\/bxrepsol.s3.eu-west-1.amazonaws.com\/static\/2024\/09\/16051101\/TrialGP24_r12_Repsol-Podio_203067_ps.png\" class=\"attachment-post-thumbnail size-post-thumbnail wp-post-image\" alt=\"\" style=\"object-fit:cover;\" srcset=\"https:\/\/bxrepsol.s3.eu-west-1.amazonaws.com\/static\/2024\/09\/16051101\/TrialGP24_r12_Repsol-Podio_203067_ps.png 1280w, https:\/\/bxrepsol.s3.eu-west-1.amazonaws.com\/static\/2024\/09\/16051101\/TrialGP24_r12_Repsol-Podio_203067_ps-300x152.png 300w, https:\/\/bxrepsol.s3.eu-west-1.amazonaws.com\/static\/2024\/09\/16051101\/TrialGP24_r12_Repsol-Podio_203067_ps-1024x520.png 1024w, https:\/\/bxrepsol.s3.eu-west-1.amazonaws.com\/static\/2024\/09\/16051101\/TrialGP24_r12_Repsol-Podio_203067_ps-768x390.png 768w\" sizes=\"auto, (max-width: 1280px) 100vw, 1280px\" \/><\/figure>\n\n\n<p>La disciplina <em>outdoor<\/em><strong> de Trial pone su fin hoy a la temporada 2024 con un doblete del equipo Repsol Honda <\/strong>en la general del mundial. <\/p>\n\n\n\n<p>Tras la consecuci\u00f3n de un nuevo t\u00edtulo para Toni Bou en Cahors, en la cita anterior del calendario, <strong>Gabri Marcelli<\/strong> se ha hecho con el <strong>subcampeonato<\/strong>, logrando as\u00ed su mejor posici\u00f3n en TrialGP. <\/p>\n\n\n\n<p>La \u00faltima cita disputada en Ripoll ha finalizado con un nuevo podio completado por Toni Bou, Jaime Busto y Gabri Marcelli. <\/p>\n\n\n\n<h3 class=\"wp-block-heading\"><strong>Campeonato y subcampeonato para el equipo Repsol Honda<\/strong><\/h3>\n\n\n\n<p><strong>Toni Bou<\/strong> y <strong>Gabri Marcelli <\/strong>han vuelto a brillar en la disciplina <em>outdoor<\/em> de Trial. La prueba disputada en Ripoll (Catalu\u00f1a) ha mostrado la cara m\u00e1s competitiva del trial. 7 puntos de diferencia separaban al segundo clasificado, Gabri Marcelli, de su perseguidor, Jaime Busto.<\/p>\n\n\n\n<p>Tras dos d\u00edas intensos de acci\u00f3n, Gabri Marcelli ha conseguido afianzar su ventaja en la general, logrando dos terceros puestos que le han valido para ser, por primera vez, subcampe\u00f3n del mundo. <\/p>\n\n\n\n<p><strong>Toni Bou<\/strong>, por su parte, ha mantenido su potencial al m\u00e1s alto nivel logrando dos nuevas victorias para su temporada 2024. El reci\u00e9n proclamado campe\u00f3n del mundo ha terminado la \u00faltima cita el a\u00f1o de TrialGP de la mejor manera posible con un <strong>pleno de victorias<\/strong>.<\/p>\n\n\n\n<p>TrialGP da por finalizada su temporada, pero los pilotos del equipo Repsol Honda seguir\u00e1n luchando en la disciplina <strong>indoor <\/strong>de Trial en Andorra el pr\u00f3ximo<strong> 5 de octubre<\/strong>. <\/p>\n\n\n\n<h2 class=\"wp-block-heading\"><strong>Clasificaci\u00f3n General<\/strong><\/h2>\n\n\n\n<p><\/p>\n\n\n\n<figure class=\"wp-block-table is-style-stripes\"><table><tbody><tr><td><strong>PILOTO<\/strong><\/td><td><strong>EQUIPO<\/strong><\/td><td><strong>PUNTOS<\/strong><\/td><\/tr><tr><td><strong>1. Toni Bou<\/strong><\/td><td><strong>REPSOL HONDA<\/strong><\/td><td><strong>237<\/strong><\/td><\/tr><tr><td><strong>2. Gabriel Marcelli<\/strong><\/td><td><strong>REPSOL HONDA<\/strong><\/td><td><strong>180<\/strong><\/td><\/tr><tr><td>2. Jaime Busto<\/td><td>GASGAS<\/td><td>177<\/td><\/tr><tr><td>4. Adam Raga<\/td><td>SHERCO<\/td><td>151<\/td><\/tr><tr><td>5. Matteo Grattarola<\/td><td>BETA<\/td><td>132<\/td><\/tr><tr><td>6. Jorge Casales<\/td><td>TRRS<\/td><td>107<\/td><\/tr><tr><td>7. Miquel Gelabert<\/td><td>VERTIGO<\/td><td>107<\/td><\/tr><tr><td>8. Aniol Gelabert<\/td><td>TRRS<\/td><td>102<\/td><\/tr><tr><td>9. Beno\u00eet Bincaz<\/td><td>SHERCO<\/td><td>82<\/td><\/tr><tr><td>10. Hugo Dufrese<\/td><td>HONDA<\/td><td>76<\/td><\/tr><tr><td>11. Toby Martyn <\/td><td>GASGAS<\/td><td>63<\/td><\/tr><tr><td>12. Luca Petrella<\/td><td>GASGAS<\/td><td>49<\/td><\/tr><tr><td>13. Lorenzo Gandola<\/td><td>BETA<\/td><td>42<\/td><\/tr><\/tbody><\/table><\/figure>\n\n\n\n<p><\/p>\n\n\n\n<h2 class=\"wp-block-heading\"><strong>Declaraciones<\/strong><\/h2>\n\n\n\n<h3 class=\"wp-block-heading\"><strong>Toni Bou<\/strong><\/h3>\n\n\n\n<p>\u00abLa temporada ha terminado de la mejor manera con dos victorias en la carrera de casa, Adem\u00e1s, el equipo ha conseguido el doblete en el campeonato por lo que no se puede pedir m\u00e1s. El balance de la temporada es muy bueno, he conseguido la victoria en todas las carreras menos en la segunda ronda de Italia, por lo que darle las gracias al equipo por el gran trabajo. Tambi\u00e9n aprovecho para darle la enhorabuena a mi compa\u00f1ero Gabri por su segunda posici\u00f3n en el campeonato. Ha sido un gran a\u00f1o para nosotros\u201d.<\/p>\n\n\n\n<h3 class=\"wp-block-heading\"><strong>Gabri Marcelli<\/strong><\/h3>\n\n\n\n<p>\u00abEstoy s\u00faper contento por haber conseguido el subcampeonato. Ha sido un a\u00f1o muy positivo para nosotros con algunos errores, pero al final hemos conseguido el objetivo que nos marcamos a principios del 2024. El equipo lo ha dado todo hasta el final, hemos aprendido en cada carrera y estoy muy agradecido a todos por el gran trabajo. Todav\u00eda nos queda rematar el Mundial de X-Trial, pero ya estamos con la vista puesta en el a\u00f1o que viene donde buscaremos dar un paso m\u00e1s\u201d.<\/p>\n","protected":false},"excerpt":{"rendered":"<p>Toni Bou cierra la temporada con dos nuevas victorias y Gabri Marcelli logra el subcampeonato de la disciplina outdoor <\/p>\n","protected":false},"author":43146,"featured_media":119728,"comment_status":"open","ping_status":"open","sticky":false,"template":"","format":"standard","meta":{"footnotes":""},"categories":[23],"tags":[203,21,305],"class_list":["post-119722","post","type-post","status-publish","format-standard","hentry","category-trial","tag-gabri-marcelli","tag-toni-bou","tag-trialgp"],"yoast_head":"<!-- This site is optimized with the Yoast SEO plugin v27.3 - https:\/\/yoast.com\/product\/yoast-seo-wordpress\/ -->\n<title>Resultados y resumen del TrialGP de Espa\u00f1a 2024 - Box Repsol<\/title>\n<link rel=\"canonical\" href=\"https:\/\/www.boxrepsol.com\/es\/trial\/resultados-y-resumen-del-trialgp-de-espana-2024\/\" \/>\n<meta property=\"og:locale\" content=\"es_ES\" \/>\n<meta property=\"og:type\" content=\"article\" \/>\n<meta property=\"og:title\" content=\"Resultados y resumen del TrialGP de Espa\u00f1a 2024 - Box Repsol\" \/>\n<meta property=\"og:description\" content=\"Toni Bou cierra la temporada con dos nuevas victorias y Gabri Marcelli logra el subcampeonato de la disciplina outdoor\" \/>\n<meta property=\"og:url\" content=\"https:\/\/www.boxrepsol.com\/es\/trial\/resultados-y-resumen-del-trialgp-de-espana-2024\/\" \/>\n<meta property=\"og:site_name\" content=\"Box Repsol\" \/>\n<meta property=\"article:publisher\" content=\"https:\/\/www.facebook.com\/BoxRepsol\" \/>\n<meta property=\"article:author\" content=\"https:\/\/www.facebook.com\/BoxRepsol\/\" \/>\n<meta property=\"article:published_time\" content=\"2024-09-15T14:57:33+00:00\" \/>\n<meta property=\"article:modified_time\" content=\"2025-07-24T08:44:18+00:00\" \/>\n<meta property=\"og:image\" content=\"https:\/\/bxrepsol.s3.eu-west-1.amazonaws.com\/static\/2024\/09\/16051101\/TrialGP24_r12_Repsol-Podio_203067_ps.png\" \/>\n\t<meta property=\"og:image:width\" content=\"1280\" \/>\n\t<meta property=\"og:image:height\" content=\"650\" \/>\n\t<meta property=\"og:image:type\" content=\"image\/png\" \/>\n<meta name=\"author\" content=\"Redacci\u00f3n Box Repsol\" \/>\n<meta name=\"twitter:card\" content=\"summary_large_image\" \/>\n<meta name=\"twitter:creator\" content=\"@https:\/\/twitter.com\/box_repsol\" \/>\n<meta name=\"twitter:site\" content=\"@box_repsol\" \/>\n<meta name=\"twitter:label1\" content=\"Written by\" \/>\n\t<meta name=\"twitter:data1\" content=\"Redacci\u00f3n Box Repsol\" \/>\n\t<meta name=\"twitter:label2\" content=\"Est. reading time\" \/>\n\t<meta name=\"twitter:data2\" content=\"2 minutos\" \/>\n<script type=\"application\/ld+json\" class=\"yoast-schema-graph\">{\"@context\":\"https:\\\/\\\/schema.org\",\"@graph\":[{\"@type\":\"Article\",\"@id\":\"https:\\\/\\\/www.boxrepsol.com\\\/es\\\/trial\\\/resultados-y-resumen-del-trialgp-de-espana-2024\\\/#article\",\"isPartOf\":{\"@id\":\"https:\\\/\\\/www.boxrepsol.com\\\/es\\\/trial\\\/resultados-y-resumen-del-trialgp-de-espana-2024\\\/\"},\"author\":{\"name\":\"Redacci\u00f3n Box Repsol\",\"@id\":\"https:\\\/\\\/www.boxrepsol.com\\\/es\\\/#\\\/schema\\\/person\\\/c5c2138f2cca251b0ad92b7086bb60b7\"},\"headline\":\"Resultados y resumen del TrialGP de Espa\u00f1a 2024\",\"datePublished\":\"2024-09-15T14:57:33+00:00\",\"dateModified\":\"2025-07-24T08:44:18+00:00\",\"mainEntityOfPage\":{\"@id\":\"https:\\\/\\\/www.boxrepsol.com\\\/es\\\/trial\\\/resultados-y-resumen-del-trialgp-de-espana-2024\\\/\"},\"wordCount\":494,\"commentCount\":0,\"publisher\":{\"@id\":\"https:\\\/\\\/www.boxrepsol.com\\\/es\\\/#organization\"},\"image\":{\"@id\":\"https:\\\/\\\/www.boxrepsol.com\\\/es\\\/trial\\\/resultados-y-resumen-del-trialgp-de-espana-2024\\\/#primaryimage\"},\"thumbnailUrl\":\"https:\\\/\\\/bxrepsol.s3.eu-west-1.amazonaws.com\\\/static\\\/2024\\\/09\\\/16051101\\\/TrialGP24_r12_Repsol-Podio_203067_ps.png\",\"keywords\":[\"Gabri Marcelli\",\"Toni Bou\",\"TrialGP\"],\"articleSection\":[\"Trial\"],\"inLanguage\":\"es\",\"potentialAction\":[{\"@type\":\"CommentAction\",\"name\":\"Comment\",\"target\":[\"https:\\\/\\\/www.boxrepsol.com\\\/es\\\/trial\\\/resultados-y-resumen-del-trialgp-de-espana-2024\\\/#respond\"]}]},{\"@type\":\"WebPage\",\"@id\":\"https:\\\/\\\/www.boxrepsol.com\\\/es\\\/trial\\\/resultados-y-resumen-del-trialgp-de-espana-2024\\\/\",\"url\":\"https:\\\/\\\/www.boxrepsol.com\\\/es\\\/trial\\\/resultados-y-resumen-del-trialgp-de-espana-2024\\\/\",\"name\":\"Resultados y resumen del TrialGP de Espa\u00f1a 2024 - Box Repsol\",\"isPartOf\":{\"@id\":\"https:\\\/\\\/www.boxrepsol.com\\\/es\\\/#website\"},\"primaryImageOfPage\":{\"@id\":\"https:\\\/\\\/www.boxrepsol.com\\\/es\\\/trial\\\/resultados-y-resumen-del-trialgp-de-espana-2024\\\/#primaryimage\"},\"image\":{\"@id\":\"https:\\\/\\\/www.boxrepsol.com\\\/es\\\/trial\\\/resultados-y-resumen-del-trialgp-de-espana-2024\\\/#primaryimage\"},\"thumbnailUrl\":\"https:\\\/\\\/bxrepsol.s3.eu-west-1.amazonaws.com\\\/static\\\/2024\\\/09\\\/16051101\\\/TrialGP24_r12_Repsol-Podio_203067_ps.png\",\"datePublished\":\"2024-09-15T14:57:33+00:00\",\"dateModified\":\"2025-07-24T08:44:18+00:00\",\"breadcrumb\":{\"@id\":\"https:\\\/\\\/www.boxrepsol.com\\\/es\\\/trial\\\/resultados-y-resumen-del-trialgp-de-espana-2024\\\/#breadcrumb\"},\"inLanguage\":\"es\",\"potentialAction\":[{\"@type\":\"ReadAction\",\"target\":[\"https:\\\/\\\/www.boxrepsol.com\\\/es\\\/trial\\\/resultados-y-resumen-del-trialgp-de-espana-2024\\\/\"]}]},{\"@type\":\"ImageObject\",\"inLanguage\":\"es\",\"@id\":\"https:\\\/\\\/www.boxrepsol.com\\\/es\\\/trial\\\/resultados-y-resumen-del-trialgp-de-espana-2024\\\/#primaryimage\",\"url\":\"https:\\\/\\\/bxrepsol.s3.eu-west-1.amazonaws.com\\\/static\\\/2024\\\/09\\\/16051101\\\/TrialGP24_r12_Repsol-Podio_203067_ps.png\",\"contentUrl\":\"https:\\\/\\\/bxrepsol.s3.eu-west-1.amazonaws.com\\\/static\\\/2024\\\/09\\\/16051101\\\/TrialGP24_r12_Repsol-Podio_203067_ps.png\",\"width\":1280,\"height\":650},{\"@type\":\"BreadcrumbList\",\"@id\":\"https:\\\/\\\/www.boxrepsol.com\\\/es\\\/trial\\\/resultados-y-resumen-del-trialgp-de-espana-2024\\\/#breadcrumb\",\"itemListElement\":[{\"@type\":\"ListItem\",\"position\":1,\"name\":\"Home\",\"item\":\"https:\\\/\\\/www.boxrepsol.com\\\/es\\\/\"},{\"@type\":\"ListItem\",\"position\":2,\"name\":\"Resultados y resumen del TrialGP de Espa\u00f1a 2024\"}]},{\"@type\":\"WebSite\",\"@id\":\"https:\\\/\\\/www.boxrepsol.com\\\/es\\\/#website\",\"url\":\"https:\\\/\\\/www.boxrepsol.com\\\/es\\\/\",\"name\":\"Box Repsol\",\"description\":\"Box Repsol Site\",\"publisher\":{\"@id\":\"https:\\\/\\\/www.boxrepsol.com\\\/es\\\/#organization\"},\"potentialAction\":[{\"@type\":\"SearchAction\",\"target\":{\"@type\":\"EntryPoint\",\"urlTemplate\":\"https:\\\/\\\/www.boxrepsol.com\\\/es\\\/?s={search_term_string}\"},\"query-input\":{\"@type\":\"PropertyValueSpecification\",\"valueRequired\":true,\"valueName\":\"search_term_string\"}}],\"inLanguage\":\"es\"},{\"@type\":\"Organization\",\"@id\":\"https:\\\/\\\/www.boxrepsol.com\\\/es\\\/#organization\",\"name\":\"Box Repsol\",\"url\":\"https:\\\/\\\/www.boxrepsol.com\\\/es\\\/\",\"logo\":{\"@type\":\"ImageObject\",\"inLanguage\":\"es\",\"@id\":\"https:\\\/\\\/www.boxrepsol.com\\\/es\\\/#\\\/schema\\\/logo\\\/image\\\/\",\"url\":\"https:\\\/\\\/bxrepsol.s3.eu-west-1.amazonaws.com\\\/static\\\/2025\\\/07\\\/30083337\\\/favicon-96x96-1.png\",\"contentUrl\":\"https:\\\/\\\/bxrepsol.s3.eu-west-1.amazonaws.com\\\/static\\\/2025\\\/07\\\/30083337\\\/favicon-96x96-1.png\",\"width\":96,\"height\":96,\"caption\":\"Box Repsol\"},\"image\":{\"@id\":\"https:\\\/\\\/www.boxrepsol.com\\\/es\\\/#\\\/schema\\\/logo\\\/image\\\/\"},\"sameAs\":[\"https:\\\/\\\/www.facebook.com\\\/BoxRepsol\",\"https:\\\/\\\/x.com\\\/box_repsol\",\"http:\\\/\\\/instagram.com\\\/box_repsol\",\"https:\\\/\\\/www.youtube.com\\\/user\\\/RepsolCompeticion\",\"https:\\\/\\\/www.flickr.com\\\/photos\\\/box_repsol\\\/\"]},{\"@type\":\"Person\",\"@id\":\"https:\\\/\\\/www.boxrepsol.com\\\/es\\\/#\\\/schema\\\/person\\\/c5c2138f2cca251b0ad92b7086bb60b7\",\"name\":\"Redacci\u00f3n Box Repsol\",\"image\":{\"@type\":\"ImageObject\",\"inLanguage\":\"es\",\"@id\":\"https:\\\/\\\/secure.gravatar.com\\\/avatar\\\/adf7b77e38b4419baf32c7e9c21dde01f4e40df611f0978e3006fc4ba0aaab7e?s=96&d=mm&r=g\",\"url\":\"https:\\\/\\\/secure.gravatar.com\\\/avatar\\\/adf7b77e38b4419baf32c7e9c21dde01f4e40df611f0978e3006fc4ba0aaab7e?s=96&d=mm&r=g\",\"contentUrl\":\"https:\\\/\\\/secure.gravatar.com\\\/avatar\\\/adf7b77e38b4419baf32c7e9c21dde01f4e40df611f0978e3006fc4ba0aaab7e?s=96&d=mm&r=g\",\"caption\":\"Redacci\u00f3n Box Repsol\"},\"description\":\"Box Repsol lo forma un equipo de periodistas, community managers, dise\u00f1adores y fot\u00f3grafos con m\u00e1s de 20 a\u00f1os de experiencia en el mundo del motorsport. Hemos vivido el primer mundial de un espa\u00f1ol en la categor\u00eda reina de motociclismo con \u00c1lex Crivill\u00e9, estuvimos en las victorias de Pedrosa y los t\u00edtulos de M\u00e1rquez, acompa\u00f1amos en \u00c1frica a Nani Roma y Marc Coma en sus conquistas del Dakar y hemos vibrado con los t\u00edtulos de Toni Bou en Trial. Adem\u00e1s, en nuestro equipo contamos con expertos en el mundo de las dos y cuatro ruedas tanto de la calle y las carreteras, como de los circuitos. Periodistas que han trabajado en revistas y publicaciones para hacerte llegar desde rutas y consejos de mantenimiento, a curiosidades y trucos de pilotaje.\",\"sameAs\":[\"https:\\\/\\\/www.facebook.com\\\/BoxRepsol\\\/\",\"https:\\\/\\\/www.instagram.com\\\/box_repsol\\\/\",\"https:\\\/\\\/x.com\\\/https:\\\/\\\/twitter.com\\\/box_repsol\",\"https:\\\/\\\/www.youtube.com\\\/@Boxrepsol\"],\"url\":\"https:\\\/\\\/www.boxrepsol.com\\\/es\\\/author\\\/redaccion-box-repsol\\\/\"}]}<\/script>\n<!-- \/ Yoast SEO plugin. -->","yoast_head_json":{"title":"Resultados y resumen del TrialGP de Espa\u00f1a 2024 - Box Repsol","canonical":"https:\/\/www.boxrepsol.com\/es\/trial\/resultados-y-resumen-del-trialgp-de-espana-2024\/","og_locale":"es_ES","og_type":"article","og_title":"Resultados y resumen del TrialGP de Espa\u00f1a 2024 - Box Repsol","og_description":"Toni Bou cierra la temporada con dos nuevas victorias y Gabri Marcelli logra el subcampeonato de la disciplina outdoor","og_url":"https:\/\/www.boxrepsol.com\/es\/trial\/resultados-y-resumen-del-trialgp-de-espana-2024\/","og_site_name":"Box Repsol","article_publisher":"https:\/\/www.facebook.com\/BoxRepsol","article_author":"https:\/\/www.facebook.com\/BoxRepsol\/","article_published_time":"2024-09-15T14:57:33+00:00","article_modified_time":"2025-07-24T08:44:18+00:00","og_image":[{"width":1280,"height":650,"url":"https:\/\/bxrepsol.s3.eu-west-1.amazonaws.com\/static\/2024\/09\/16051101\/TrialGP24_r12_Repsol-Podio_203067_ps.png","type":"image\/png"}],"author":"Redacci\u00f3n Box Repsol","twitter_card":"summary_large_image","twitter_creator":"@https:\/\/twitter.com\/box_repsol","twitter_site":"@box_repsol","twitter_misc":{"Written by":"Redacci\u00f3n Box Repsol","Est. reading time":"2 minutos"},"schema":{"@context":"https:\/\/schema.org","@graph":[{"@type":"Article","@id":"https:\/\/www.boxrepsol.com\/es\/trial\/resultados-y-resumen-del-trialgp-de-espana-2024\/#article","isPartOf":{"@id":"https:\/\/www.boxrepsol.com\/es\/trial\/resultados-y-resumen-del-trialgp-de-espana-2024\/"},"author":{"name":"Redacci\u00f3n Box Repsol","@id":"https:\/\/www.boxrepsol.com\/es\/#\/schema\/person\/c5c2138f2cca251b0ad92b7086bb60b7"},"headline":"Resultados y resumen del TrialGP de Espa\u00f1a 2024","datePublished":"2024-09-15T14:57:33+00:00","dateModified":"2025-07-24T08:44:18+00:00","mainEntityOfPage":{"@id":"https:\/\/www.boxrepsol.com\/es\/trial\/resultados-y-resumen-del-trialgp-de-espana-2024\/"},"wordCount":494,"commentCount":0,"publisher":{"@id":"https:\/\/www.boxrepsol.com\/es\/#organization"},"image":{"@id":"https:\/\/www.boxrepsol.com\/es\/trial\/resultados-y-resumen-del-trialgp-de-espana-2024\/#primaryimage"},"thumbnailUrl":"https:\/\/bxrepsol.s3.eu-west-1.amazonaws.com\/static\/2024\/09\/16051101\/TrialGP24_r12_Repsol-Podio_203067_ps.png","keywords":["Gabri Marcelli","Toni Bou","TrialGP"],"articleSection":["Trial"],"inLanguage":"es","potentialAction":[{"@type":"CommentAction","name":"Comment","target":["https:\/\/www.boxrepsol.com\/es\/trial\/resultados-y-resumen-del-trialgp-de-espana-2024\/#respond"]}]},{"@type":"WebPage","@id":"https:\/\/www.boxrepsol.com\/es\/trial\/resultados-y-resumen-del-trialgp-de-espana-2024\/","url":"https:\/\/www.boxrepsol.com\/es\/trial\/resultados-y-resumen-del-trialgp-de-espana-2024\/","name":"Resultados y resumen del TrialGP de Espa\u00f1a 2024 - Box Repsol","isPartOf":{"@id":"https:\/\/www.boxrepsol.com\/es\/#website"},"primaryImageOfPage":{"@id":"https:\/\/www.boxrepsol.com\/es\/trial\/resultados-y-resumen-del-trialgp-de-espana-2024\/#primaryimage"},"image":{"@id":"https:\/\/www.boxrepsol.com\/es\/trial\/resultados-y-resumen-del-trialgp-de-espana-2024\/#primaryimage"},"thumbnailUrl":"https:\/\/bxrepsol.s3.eu-west-1.amazonaws.com\/static\/2024\/09\/16051101\/TrialGP24_r12_Repsol-Podio_203067_ps.png","datePublished":"2024-09-15T14:57:33+00:00","dateModified":"2025-07-24T08:44:18+00:00","breadcrumb":{"@id":"https:\/\/www.boxrepsol.com\/es\/trial\/resultados-y-resumen-del-trialgp-de-espana-2024\/#breadcrumb"},"inLanguage":"es","potentialAction":[{"@type":"ReadAction","target":["https:\/\/www.boxrepsol.com\/es\/trial\/resultados-y-resumen-del-trialgp-de-espana-2024\/"]}]},{"@type":"ImageObject","inLanguage":"es","@id":"https:\/\/www.boxrepsol.com\/es\/trial\/resultados-y-resumen-del-trialgp-de-espana-2024\/#primaryimage","url":"https:\/\/bxrepsol.s3.eu-west-1.amazonaws.com\/static\/2024\/09\/16051101\/TrialGP24_r12_Repsol-Podio_203067_ps.png","contentUrl":"https:\/\/bxrepsol.s3.eu-west-1.amazonaws.com\/static\/2024\/09\/16051101\/TrialGP24_r12_Repsol-Podio_203067_ps.png","width":1280,"height":650},{"@type":"BreadcrumbList","@id":"https:\/\/www.boxrepsol.com\/es\/trial\/resultados-y-resumen-del-trialgp-de-espana-2024\/#breadcrumb","itemListElement":[{"@type":"ListItem","position":1,"name":"Home","item":"https:\/\/www.boxrepsol.com\/es\/"},{"@type":"ListItem","position":2,"name":"Resultados y resumen del TrialGP de Espa\u00f1a 2024"}]},{"@type":"WebSite","@id":"https:\/\/www.boxrepsol.com\/es\/#website","url":"https:\/\/www.boxrepsol.com\/es\/","name":"Box Repsol","description":"Box Repsol Site","publisher":{"@id":"https:\/\/www.boxrepsol.com\/es\/#organization"},"potentialAction":[{"@type":"SearchAction","target":{"@type":"EntryPoint","urlTemplate":"https:\/\/www.boxrepsol.com\/es\/?s={search_term_string}"},"query-input":{"@type":"PropertyValueSpecification","valueRequired":true,"valueName":"search_term_string"}}],"inLanguage":"es"},{"@type":"Organization","@id":"https:\/\/www.boxrepsol.com\/es\/#organization","name":"Box Repsol","url":"https:\/\/www.boxrepsol.com\/es\/","logo":{"@type":"ImageObject","inLanguage":"es","@id":"https:\/\/www.boxrepsol.com\/es\/#\/schema\/logo\/image\/","url":"https:\/\/bxrepsol.s3.eu-west-1.amazonaws.com\/static\/2025\/07\/30083337\/favicon-96x96-1.png","contentUrl":"https:\/\/bxrepsol.s3.eu-west-1.amazonaws.com\/static\/2025\/07\/30083337\/favicon-96x96-1.png","width":96,"height":96,"caption":"Box Repsol"},"image":{"@id":"https:\/\/www.boxrepsol.com\/es\/#\/schema\/logo\/image\/"},"sameAs":["https:\/\/www.facebook.com\/BoxRepsol","https:\/\/x.com\/box_repsol","http:\/\/instagram.com\/box_repsol","https:\/\/www.youtube.com\/user\/RepsolCompeticion","https:\/\/www.flickr.com\/photos\/box_repsol\/"]},{"@type":"Person","@id":"https:\/\/www.boxrepsol.com\/es\/#\/schema\/person\/c5c2138f2cca251b0ad92b7086bb60b7","name":"Redacci\u00f3n Box Repsol","image":{"@type":"ImageObject","inLanguage":"es","@id":"https:\/\/secure.gravatar.com\/avatar\/adf7b77e38b4419baf32c7e9c21dde01f4e40df611f0978e3006fc4ba0aaab7e?s=96&d=mm&r=g","url":"https:\/\/secure.gravatar.com\/avatar\/adf7b77e38b4419baf32c7e9c21dde01f4e40df611f0978e3006fc4ba0aaab7e?s=96&d=mm&r=g","contentUrl":"https:\/\/secure.gravatar.com\/avatar\/adf7b77e38b4419baf32c7e9c21dde01f4e40df611f0978e3006fc4ba0aaab7e?s=96&d=mm&r=g","caption":"Redacci\u00f3n Box Repsol"},"description":"Box Repsol lo forma un equipo de periodistas, community managers, dise\u00f1adores y fot\u00f3grafos con m\u00e1s de 20 a\u00f1os de experiencia en el mundo del motorsport. Hemos vivido el primer mundial de un espa\u00f1ol en la categor\u00eda reina de motociclismo con \u00c1lex Crivill\u00e9, estuvimos en las victorias de Pedrosa y los t\u00edtulos de M\u00e1rquez, acompa\u00f1amos en \u00c1frica a Nani Roma y Marc Coma en sus conquistas del Dakar y hemos vibrado con los t\u00edtulos de Toni Bou en Trial. Adem\u00e1s, en nuestro equipo contamos con expertos en el mundo de las dos y cuatro ruedas tanto de la calle y las carreteras, como de los circuitos. Periodistas que han trabajado en revistas y publicaciones para hacerte llegar desde rutas y consejos de mantenimiento, a curiosidades y trucos de pilotaje.","sameAs":["https:\/\/www.facebook.com\/BoxRepsol\/","https:\/\/www.instagram.com\/box_repsol\/","https:\/\/x.com\/https:\/\/twitter.com\/box_repsol","https:\/\/www.youtube.com\/@Boxrepsol"],"url":"https:\/\/www.boxrepsol.com\/es\/author\/redaccion-box-repsol\/"}]}},"_links":{"self":[{"href":"https:\/\/www.boxrepsol.com\/es\/wp-json\/wp\/v2\/posts\/119722","targetHints":{"allow":["GET"]}}],"collection":[{"href":"https:\/\/www.boxrepsol.com\/es\/wp-json\/wp\/v2\/posts"}],"about":[{"href":"https:\/\/www.boxrepsol.com\/es\/wp-json\/wp\/v2\/types\/post"}],"author":[{"embeddable":true,"href":"https:\/\/www.boxrepsol.com\/es\/wp-json\/wp\/v2\/users\/43146"}],"replies":[{"embeddable":true,"href":"https:\/\/www.boxrepsol.com\/es\/wp-json\/wp\/v2\/comments?post=119722"}],"version-history":[{"count":3,"href":"https:\/\/www.boxrepsol.com\/es\/wp-json\/wp\/v2\/posts\/119722\/revisions"}],"predecessor-version":[{"id":119731,"href":"https:\/\/www.boxrepsol.com\/es\/wp-json\/wp\/v2\/posts\/119722\/revisions\/119731"}],"wp:featuredmedia":[{"embeddable":true,"href":"https:\/\/www.boxrepsol.com\/es\/wp-json\/wp\/v2\/media\/119728"}],"wp:attachment":[{"href":"https:\/\/www.boxrepsol.com\/es\/wp-json\/wp\/v2\/media?parent=119722"}],"wp:term":[{"taxonomy":"category","embeddable":true,"href":"https:\/\/www.boxrepsol.com\/es\/wp-json\/wp\/v2\/categories?post=119722"},{"taxonomy":"post_tag","embeddable":true,"href":"https:\/\/www.boxrepsol.com\/es\/wp-json\/wp\/v2\/tags?post=119722"}],"curies":[{"name":"wp","href":"https:\/\/api.w.org\/{rel}","templated":true}]}}