{"id":119382,"date":"2024-09-01T11:48:00","date_gmt":"2024-09-01T13:48:00","guid":{"rendered":"https:\/\/www.boxrepsol.com\/?p=119382"},"modified":"2024-09-01T13:16:45","modified_gmt":"2024-09-01T15:16:45","slug":"resultados-del-gp-de-aragon-de-motogp-2024","status":"publish","type":"post","link":"https:\/\/www.boxrepsol.com\/es\/motogp\/resultados-del-gp-de-aragon-de-motogp-2024\/","title":{"rendered":"Resultados del GP de Arag\u00f3n de MotoGP"},"content":{"rendered":"<figure class=\"wp-block-post-featured-image\"><img loading=\"lazy\" decoding=\"async\" width=\"1280\" height=\"650\" src=\"https:\/\/bxrepsol.s3.eu-west-1.amazonaws.com\/static\/2024\/09\/01083924\/NotiWeb.jpg\" class=\"attachment-post-thumbnail size-post-thumbnail wp-post-image\" alt=\"Equipo Repsol Honda, domingo, Arag\u00f3n (web)\" style=\"object-fit:cover;\" srcset=\"https:\/\/bxrepsol.s3.eu-west-1.amazonaws.com\/static\/2024\/09\/01083924\/NotiWeb.jpg 1280w, https:\/\/bxrepsol.s3.eu-west-1.amazonaws.com\/static\/2024\/09\/01083924\/NotiWeb-300x152.jpg 300w, https:\/\/bxrepsol.s3.eu-west-1.amazonaws.com\/static\/2024\/09\/01083924\/NotiWeb-1024x520.jpg 1024w, https:\/\/bxrepsol.s3.eu-west-1.amazonaws.com\/static\/2024\/09\/01083924\/NotiWeb-768x390.jpg 768w\" sizes=\"auto, (max-width: 1280px) 100vw, 1280px\" \/><\/figure>\n\n\n<p>Se ha cumplido el gui\u00f3n en MotorLand, con la victoria y el consecuente doblete de <strong>Marc M\u00e1rquez<\/strong>. El de Cervera ha repetido su actuaci\u00f3n de ayer y sale reforzado de Arag\u00f3n. <strong>Mart\u00edn<\/strong>, tras un fin de semana s\u00f3lido, y <strong>Pedro Acosta<\/strong>, completan un podio totalmente id\u00e9ntico <a href=\"https:\/\/www.boxrepsol.com\/es\/motogp\/resultados-de-la-carrera-sprint-del-gp-de-aragon-de-motogp-2024\/\">al de la jornada del s\u00e1bado<\/a>. <\/p>\n\n\n\n<p>Arranque perfecto para <strong>Marc M\u00e1rquez<\/strong>, que aprovech\u00f3 a la perfecci\u00f3n los errores de sus rivales para escaparse: <strong>&#8216;Pecco&#8217; <\/strong>volvi\u00f3 a sufrir una mala salida y <strong>Mart\u00edn <\/strong>y <strong>Acosta<\/strong> se tocaron en la vuelta 2 mientras peleaban por ocupar la segunda plaza. <\/p>\n\n\n\n<p>Por detr\u00e1s, <strong>\u00c1. M\u00e1rquez, Acosta, Morbidelli, Binder <\/strong>y el propio <strong>&#8216;Pecco&#8217; <\/strong>pelearon por liderar la persecuci\u00f3n. Todo parec\u00eda indicar que el bronce iba a caer del lado del de Cervera, pero finalmente &#8216;Pecco&#8217; pudo alcanzar a \u00c1lex con una segunda mitad de carrera s\u00f3lida. Cuando ambos han empezado a pelear por la posici\u00f3n, un toque en la curva 10 los ha dejado fuera de carrera, dejando el podio en bandeja a Acosta. <strong>Binder <\/strong>y <strong>Bastianini<\/strong> cerraron el <strong>Top 5<\/strong> y <strong>Morbidelli, Di Giannantonio, Bezzecchi, Rins <\/strong>y <strong>Miller<\/strong>, el <strong>Top 10<\/strong>. <\/p>\n\n\n\n<p>Con esta <strong>duod\u00e9cima prueba del 2024<\/strong> disputada en el trazado turolense, el Mundial de MotoGP se dirige a Italia para disputar el <strong>Gran Premio de San Marino<\/strong> (<strong>06-07-08 septiembre<\/strong>). <\/p>\n\n\n\n<div id=\"ez-toc-container\" class=\"ez-toc-v2_0_82_2 counter-hierarchy ez-toc-counter ez-toc-grey ez-toc-container-direction\">\n<div class=\"ez-toc-title-container\">\n<p class=\"ez-toc-title\" style=\"cursor:inherit\">\u00cdndice<\/p>\n<span class=\"ez-toc-title-toggle\"><a href=\"#\" class=\"ez-toc-pull-right ez-toc-btn ez-toc-btn-xs ez-toc-btn-default ez-toc-toggle\" aria-label=\"Toggle Table of Content\"><span class=\"ez-toc-js-icon-con\"><span class=\"\"><span class=\"eztoc-hide\" style=\"display:none;\">Toggle<\/span><span class=\"ez-toc-icon-toggle-span\"><svg style=\"fill: #999;color:#999\" xmlns=\"http:\/\/www.w3.org\/2000\/svg\" class=\"list-377408\" width=\"20px\" height=\"20px\" viewBox=\"0 0 24 24\" fill=\"none\"><path d=\"M6 6H4v2h2V6zm14 0H8v2h12V6zM4 11h2v2H4v-2zm16 0H8v2h12v-2zM4 16h2v2H4v-2zm16 0H8v2h12v-2z\" fill=\"currentColor\"><\/path><\/svg><svg style=\"fill: #999;color:#999\" class=\"arrow-unsorted-368013\" xmlns=\"http:\/\/www.w3.org\/2000\/svg\" width=\"10px\" height=\"10px\" viewBox=\"0 0 24 24\" version=\"1.2\" baseProfile=\"tiny\"><path d=\"M18.2 9.3l-6.2-6.3-6.2 6.3c-.2.2-.3.4-.3.7s.1.5.3.7c.2.2.4.3.7.3h11c.3 0 .5-.1.7-.3.2-.2.3-.5.3-.7s-.1-.5-.3-.7zM5.8 14.7l6.2 6.3 6.2-6.3c.2-.2.3-.5.3-.7s-.1-.5-.3-.7c-.2-.2-.4-.3-.7-.3h-11c-.3 0-.5.1-.7.3-.2.2-.3.5-.3.7s.1.5.3.7z\"\/><\/svg><\/span><\/span><\/span><\/a><\/span><\/div>\n<nav><ul class='ez-toc-list ez-toc-list-level-1 ' ><li class='ez-toc-page-1 ez-toc-heading-level-2'><a class=\"ez-toc-link ez-toc-heading-1\" href=\"https:\/\/www.boxrepsol.com\/es\/motogp\/resultados-del-gp-de-aragon-de-motogp-2024\/#Un_punto_para_el_Repsol_Honda_en_MotorLand\" >Un punto para el Repsol Honda en MotorLand<\/a><\/li><li class='ez-toc-page-1 ez-toc-heading-level-2'><a class=\"ez-toc-link ez-toc-heading-2\" href=\"https:\/\/www.boxrepsol.com\/es\/motogp\/resultados-del-gp-de-aragon-de-motogp-2024\/#Resultados_de_la_carrera_GP_de_Aragon_23_vueltas\" >Resultados de la carrera: GP de Arag\u00f3n (23 vueltas)<\/a><\/li><li class='ez-toc-page-1 ez-toc-heading-level-2'><a class=\"ez-toc-link ez-toc-heading-3\" href=\"https:\/\/www.boxrepsol.com\/es\/motogp\/resultados-del-gp-de-aragon-de-motogp-2024\/#Clasificacion_general\" >Clasificaci\u00f3n general<\/a><\/li><li class='ez-toc-page-1 ez-toc-heading-level-2'><a class=\"ez-toc-link ez-toc-heading-4\" href=\"https:\/\/www.boxrepsol.com\/es\/motogp\/resultados-del-gp-de-aragon-de-motogp-2024\/#Declaraciones\" >Declaraciones<\/a><ul class='ez-toc-list-level-3' ><li class='ez-toc-heading-level-3'><a class=\"ez-toc-link ez-toc-heading-5\" href=\"https:\/\/www.boxrepsol.com\/es\/motogp\/resultados-del-gp-de-aragon-de-motogp-2024\/#Joan_Mir\" >Joan Mir<\/a><\/li><li class='ez-toc-page-1 ez-toc-heading-level-3'><a class=\"ez-toc-link ez-toc-heading-6\" href=\"https:\/\/www.boxrepsol.com\/es\/motogp\/resultados-del-gp-de-aragon-de-motogp-2024\/#Luca_Marini\" >Luca Marini<\/a><\/li><\/ul><\/li><\/ul><\/nav><\/div>\n<h2 class=\"wp-block-heading\"><span class=\"ez-toc-section\" id=\"Un_punto_para_el_Repsol_Honda_en_MotorLand\"><\/span><strong>Un punto para el Repsol Honda en MotorLand <\/strong><span class=\"ez-toc-section-end\"><\/span><\/h2>\n\n\n\n<p>Final agridulce para el Repsol Honda en el GP de Arag\u00f3n. No ha empezado de la mejor manera posible el domingo para el equipo, con el problema de <strong>Luca Marini <\/strong>en la salida. Aun as\u00ed, <strong>Joan Mir<\/strong> s\u00ed ha tenido un buen inicio, consiguiendo remontar varias posiciones en los primeros giros para acabar rematando <strong>con un punto<\/strong> en MotorLand. <\/p>\n\n\n\n<p><strong>Joan Mir<\/strong> sale del Gran Premio de Arag\u00f3n con una unidad m\u00e1s en su haber. El balear ha logrado efectuar una buena salida, llegando a ganar hasta cuatro posiciones en las dos primeras vueltas. Tras este arre\u00f3n inicial, se ha estabilizado en la P18 rodando con \u00c1lex Rins hasta mitad de carrera. Ya en el tramo final y con los neum\u00e1ticos algo m\u00e1s desgastados, Joan ha tratado de alcanzar al grupo precedente, formado por A. Fern\u00e1ndez y Zarco, pero finalmente se ha tenido que conformar con la <strong>15\u00aa posici\u00f3n <\/strong>para cerrar de forma positiva un Gran Premio complicado. <\/p>\n\n\n\n<p><strong>Luca Marini<\/strong>, por su parte, ha tenido que hacer la carrera en solitario tras sufrir un problema con el arranque de su moto en la salida. El italiano fue empujado hasta boxes, donde le arrancaron la moto para salir por el Pit Lane. Aunque ha rodado en ritmo parecido a la zona de puntos, solo ha podido firmar la <strong>P17 <\/strong>y ya piensa en el segundo Gran Premio de casa para \u00e9l; San Marino. <\/p>\n\n\n\n<p><\/p>\n\n\n\n<h2 class=\"wp-block-heading\"><span class=\"ez-toc-section\" id=\"Resultados_de_la_carrera_GP_de_Aragon_23_vueltas\"><\/span><strong>Resultados de la carrera: GP de Arag\u00f3n (23 vueltas)<\/strong><span class=\"ez-toc-section-end\"><\/span><\/h2>\n\n\n\n<figure class=\"wp-block-table is-style-stripes\"><table><tbody><tr><td><strong>PILOTO<\/strong><\/td><td><strong>EQUIPO<\/strong><\/td><td><strong>TIEMPO<\/strong><\/td><\/tr><tr><td>1. Marc M\u00e1rquez<\/td><td>DUCATI<\/td><td>41:47.082<\/td><\/tr><tr><td>2. Jorge Mart\u00edn<\/td><td>DUCATI<\/td><td>+4.789<\/td><\/tr><tr><td>3. Pedro Acosta<\/td><td>GASGAS<\/td><td>+14.904<\/td><\/tr><tr><td>4. Brad Binder<\/td><td>KTM<\/td><td>+16.459<\/td><\/tr><tr><td>5. Enea Bastianini<\/td><td>DUCATI<\/td><td>+18.776<\/td><\/tr><tr><td>6. Franco Morbidelli<\/td><td>DUCATI<\/td><td>+20.549<\/td><\/tr><tr><td>7. Marco Bezzecchi<\/td><td>DUCATI<\/td><td>+24.759<\/td><\/tr><tr><td>8. Fabio Di Giannantonio<\/td><td>DUCATI<\/td><td>+37.159<\/td><\/tr><tr><td>9. \u00c1lex Rins<\/td><td>YAMAHA<\/td><td>+39.420<\/td><\/tr><tr><td>10. Aleix Espargar\u00f3<\/td><td>APRILIA<\/td><td>+40.602<\/td><\/tr><tr><td>11. Takaaki Nakagami<\/td><td>HONDA<\/td><td>+41.782<\/td><\/tr><tr><td>12. Augusto Fern\u00e1ndez<\/td><td>GASGAS<\/td><td>+42.083<\/td><\/tr><tr><td>13. Johann Zarco<\/td><td>HONDA<\/td><td>+43.264<\/td><\/tr><tr><td><strong>14. Joan Mir<\/strong><\/td><td><strong>REPSOL HONDA<\/strong><\/td><td><strong>+49.735<\/strong><\/td><\/tr><tr><td>15. Jack Miller<\/td><td>KTM<\/td><td>+55.966<\/td><\/tr><tr><td>16. Ra\u00fal Fern\u00e1ndez<\/td><td>APRILIA<\/td><td>+1:13.322<\/td><\/tr><tr><td><strong>17. Luca Marini<\/strong><\/td><td><strong>REPSOL HONDA<\/strong><\/td><td>+1:52.386<\/td><\/tr><\/tbody><\/table><\/figure>\n\n\n\n<h2 class=\"wp-block-heading\"><span class=\"ez-toc-section\" id=\"Clasificacion_general\"><\/span><strong>Clasificaci\u00f3n general<\/strong><span class=\"ez-toc-section-end\"><\/span><\/h2>\n\n\n\n<p><\/p>\n\n\n\n<figure class=\"wp-block-table is-style-stripes\"><table><tbody><tr><td><strong>PILOTO<\/strong><\/td><td><strong>EQUIPO<\/strong><\/td><td><strong>PUNTOS<\/strong><\/td><\/tr><tr><td>1. Jorge Mart\u00edn<\/td><td>DUCATI<\/td><td>299<\/td><\/tr><tr><td>2. &#8216;Pecco&#8217; Bagnaia<\/td><td>DUCATI<\/td><td>276<\/td><\/tr><tr><td>3. Marc M\u00e1rquez<\/td><td>DUCATI<\/td><td>229<\/td><\/tr><tr><td>4. Enea Bastianini<\/td><td>DUCATI<\/td><td>228<\/td><\/tr><tr><td>5. Pedro Acosta<\/td><td>GASGAS<\/td><td>148<\/td><\/tr><tr><td>6. Brad Binder<\/td><td>KTM<\/td><td>145<\/td><\/tr><tr><td>7. Maverick Vi\u00f1ales<\/td><td>APRILIA<\/td><td>139<\/td><\/tr><tr><td>8. Aleix Espargar\u00f3<\/td><td>APRILIA<\/td><td>118<\/td><\/tr><tr><td>9. Fabio Di Giannantonio<\/td><td>DUCATI<\/td><td>112<\/td><\/tr><tr><td>10. \u00c1lex M\u00e1rquez <\/td><td>DUCATI<\/td><td>104<\/td><\/tr><tr><td>11. Franco Morbidelli<\/td><td>DUCATI<\/td><td>83<\/td><\/tr><tr><td>12. Marco Bezzecchi<\/td><td>DUCATI<\/td><td>82<\/td><\/tr><tr><td>13. Miguel Oliveira<\/td><td>APRILIA<\/td><td>60<\/td><\/tr><tr><td>14. Fabio Quartararo<\/td><td>YAMAHA<\/td><td>51<\/td><\/tr><tr><td>15. Ra\u00fal Fern\u00e1ndez<\/td><td>APRILIA<\/td><td>46<\/td><\/tr><tr><td>16. Jack Miller<\/td><td>KTM<\/td><td>45<\/td><\/tr><tr><td>17. Augusto Fern\u00e1ndez<\/td><td>GASGAS<\/td><td>20<\/td><\/tr><tr><td>18. Takaaki Nakagami<\/td><td>HONDA<\/td><td>20<\/td><\/tr><tr><td>19.<strong> <\/strong>Johann Zarco<\/td><td>HONDA<\/td><td>17<\/td><\/tr><tr><td>20.<strong> <\/strong>\u00c1lex Rins<\/td><td>YAMAHA<\/td><td>15<\/td><\/tr><tr><td><strong>21. Joan Mir<\/strong><\/td><td><strong>REPSOL HONDA<\/strong><\/td><td><strong>15<\/strong><\/td><\/tr><tr><td>22. Dani Pedrosa<\/td><td>KTM<\/td><td>7<\/td><\/tr><tr><td>23. Pol Espargar\u00f3 <\/td><td>KTM<\/td><td>6<\/td><\/tr><tr><td><strong>24. Luca Marini<\/strong><\/td><td><strong>REPSOL HONDA<\/strong><\/td><td><strong>1<\/strong><\/td><\/tr><\/tbody><\/table><\/figure>\n\n\n\n<p><\/p>\n\n\n\n<h2 class=\"wp-block-heading\"><span class=\"ez-toc-section\" id=\"Declaraciones\"><\/span><strong>Declaraciones<\/strong><span class=\"ez-toc-section-end\"><\/span><\/h2>\n\n\n\n<h3 class=\"wp-block-heading\"><span class=\"ez-toc-section\" id=\"Joan_Mir\"><\/span><strong>Joan Mir<\/strong><span class=\"ez-toc-section-end\"><\/span><\/h3>\n\n\n\n<p>\u00abHoy en la carrera hemos probado algo muy diferente en la moto para intentar solucionar algunos problemas que hemos tenido. Ha sido el tipo de cambio que normalmente no se puede hacer durante un fin de semana. No era la direcci\u00f3n a seguir, pero nos ha ayudado a entender muchas cosas. Es algo muy bueno que hemos podido probar y la informaci\u00f3n que tenemos nos ayudar\u00e1 a largo plazo. Estoy teniendo problemas sobre todo en la entrada en curva, donde antes era fuerte, as\u00ed que es algo en lo que tambi\u00e9n hay que trabajar\u00bb.<\/p>\n\n\n\n<h3 class=\"wp-block-heading\"><span class=\"ez-toc-section\" id=\"Luca_Marini\"><\/span><strong>Luca Marini<\/strong><span class=\"ez-toc-section-end\"><\/span><\/h3>\n\n\n\n<p>\u00abEl comienzo de la carrera de hoy es algo que tenemos que investigar porque, obviamente, ha significado estar fuera de la lucha y he tenido que salir desde el pit lane. Es una l\u00e1stima porque realmente estamos cada vez m\u00e1s cerca, progresando en cada sesi\u00f3n, pero no estamos aprovechando al m\u00e1ximo las oportunidades; ten\u00edamos la opci\u00f3n de sumar buenos puntos hoy con lo que ha pasado en el grupo delantero. Mis vueltas han sido similares a las de los otros pilotos de Honda, lo que demuestra que podr\u00edamos haber estado ah\u00ed de no ser por el problema de la salida. Ahora vamos a Misano, que es una pista completamente diferente\u00bb.<\/p>\n","protected":false},"excerpt":{"rendered":"<p>Doblete de Marc M\u00e1rquez para liderar el mismo podio de la sprint en MotorLand: Mart\u00edn y Acosta fueron segundo y tercero<\/p>\n","protected":false},"author":43146,"featured_media":119388,"comment_status":"open","ping_status":"open","sticky":false,"template":"","format":"standard","meta":{"footnotes":""},"categories":[4],"tags":[50,47,271,422,434],"class_list":["post-119382","post","type-post","status-publish","format-standard","hentry","category-motogp","tag-equipo-repsol-honda","tag-gp-aragon","tag-joan-mir","tag-luca-marini","tag-motogp-2024"],"yoast_head":"<!-- This site is optimized with the Yoast SEO plugin v27.3 - https:\/\/yoast.com\/product\/yoast-seo-wordpress\/ -->\n<title>Resultados del GP de Arag\u00f3n de MotoGP - Box Repsol<\/title>\n<meta name=\"description\" content=\"Cr\u00f3nica y resultados de la carrera del GP de Arag\u00f3n de MotoGP 2024, disputada en MotorLand.\" \/>\n<link rel=\"canonical\" href=\"https:\/\/www.boxrepsol.com\/es\/motogp\/resultados-del-gp-de-aragon-de-motogp-2024\/\" \/>\n<meta property=\"og:locale\" content=\"es_ES\" \/>\n<meta property=\"og:type\" content=\"article\" \/>\n<meta property=\"og:title\" content=\"Resultados del GP de Arag\u00f3n de MotoGP - Box Repsol\" \/>\n<meta property=\"og:description\" content=\"Cr\u00f3nica y resultados de la carrera del GP de Arag\u00f3n de MotoGP 2024, disputada en MotorLand.\" \/>\n<meta property=\"og:url\" content=\"https:\/\/www.boxrepsol.com\/es\/motogp\/resultados-del-gp-de-aragon-de-motogp-2024\/\" \/>\n<meta property=\"og:site_name\" content=\"Box Repsol\" \/>\n<meta property=\"article:publisher\" content=\"https:\/\/www.facebook.com\/BoxRepsol\" \/>\n<meta property=\"article:author\" content=\"https:\/\/www.facebook.com\/BoxRepsol\/\" \/>\n<meta property=\"article:published_time\" content=\"2024-09-01T13:48:00+00:00\" \/>\n<meta property=\"article:modified_time\" content=\"2024-09-01T15:16:45+00:00\" \/>\n<meta property=\"og:image\" content=\"https:\/\/bxrepsol.s3.eu-west-1.amazonaws.com\/static\/2024\/09\/01083924\/NotiWeb.jpg\" \/>\n\t<meta property=\"og:image:width\" content=\"1280\" \/>\n\t<meta property=\"og:image:height\" content=\"650\" \/>\n\t<meta property=\"og:image:type\" content=\"image\/jpeg\" \/>\n<meta name=\"author\" content=\"Redacci\u00f3n Box Repsol\" \/>\n<meta name=\"twitter:card\" content=\"summary_large_image\" \/>\n<meta name=\"twitter:creator\" content=\"@https:\/\/twitter.com\/box_repsol\" \/>\n<meta name=\"twitter:site\" content=\"@box_repsol\" \/>\n<meta name=\"twitter:label1\" content=\"Written by\" \/>\n\t<meta name=\"twitter:data1\" content=\"Redacci\u00f3n Box Repsol\" \/>\n\t<meta name=\"twitter:label2\" content=\"Est. reading time\" \/>\n\t<meta name=\"twitter:data2\" content=\"4 minutos\" \/>\n<script type=\"application\/ld+json\" class=\"yoast-schema-graph\">{\"@context\":\"https:\\\/\\\/schema.org\",\"@graph\":[{\"@type\":\"Article\",\"@id\":\"https:\\\/\\\/www.boxrepsol.com\\\/es\\\/motogp\\\/resultados-del-gp-de-aragon-de-motogp-2024\\\/#article\",\"isPartOf\":{\"@id\":\"https:\\\/\\\/www.boxrepsol.com\\\/es\\\/motogp\\\/resultados-del-gp-de-aragon-de-motogp-2024\\\/\"},\"author\":{\"name\":\"Redacci\u00f3n Box Repsol\",\"@id\":\"https:\\\/\\\/www.boxrepsol.com\\\/es\\\/#\\\/schema\\\/person\\\/c5c2138f2cca251b0ad92b7086bb60b7\"},\"headline\":\"Resultados del GP de Arag\u00f3n de MotoGP\",\"datePublished\":\"2024-09-01T13:48:00+00:00\",\"dateModified\":\"2024-09-01T15:16:45+00:00\",\"mainEntityOfPage\":{\"@id\":\"https:\\\/\\\/www.boxrepsol.com\\\/es\\\/motogp\\\/resultados-del-gp-de-aragon-de-motogp-2024\\\/\"},\"wordCount\":857,\"commentCount\":0,\"publisher\":{\"@id\":\"https:\\\/\\\/www.boxrepsol.com\\\/es\\\/#organization\"},\"image\":{\"@id\":\"https:\\\/\\\/www.boxrepsol.com\\\/es\\\/motogp\\\/resultados-del-gp-de-aragon-de-motogp-2024\\\/#primaryimage\"},\"thumbnailUrl\":\"https:\\\/\\\/bxrepsol.s3.eu-west-1.amazonaws.com\\\/static\\\/2024\\\/09\\\/01083924\\\/NotiWeb.jpg\",\"keywords\":[\"Equipo Repsol Honda\",\"GP Arag\u00f3n\",\"Joan Mir\",\"Luca Marini\",\"MotoGP 2024\"],\"articleSection\":[\"MotoGP\"],\"inLanguage\":\"es\",\"potentialAction\":[{\"@type\":\"CommentAction\",\"name\":\"Comment\",\"target\":[\"https:\\\/\\\/www.boxrepsol.com\\\/es\\\/motogp\\\/resultados-del-gp-de-aragon-de-motogp-2024\\\/#respond\"]}]},{\"@type\":\"WebPage\",\"@id\":\"https:\\\/\\\/www.boxrepsol.com\\\/es\\\/motogp\\\/resultados-del-gp-de-aragon-de-motogp-2024\\\/\",\"url\":\"https:\\\/\\\/www.boxrepsol.com\\\/es\\\/motogp\\\/resultados-del-gp-de-aragon-de-motogp-2024\\\/\",\"name\":\"Resultados del GP de Arag\u00f3n de MotoGP - Box Repsol\",\"isPartOf\":{\"@id\":\"https:\\\/\\\/www.boxrepsol.com\\\/es\\\/#website\"},\"primaryImageOfPage\":{\"@id\":\"https:\\\/\\\/www.boxrepsol.com\\\/es\\\/motogp\\\/resultados-del-gp-de-aragon-de-motogp-2024\\\/#primaryimage\"},\"image\":{\"@id\":\"https:\\\/\\\/www.boxrepsol.com\\\/es\\\/motogp\\\/resultados-del-gp-de-aragon-de-motogp-2024\\\/#primaryimage\"},\"thumbnailUrl\":\"https:\\\/\\\/bxrepsol.s3.eu-west-1.amazonaws.com\\\/static\\\/2024\\\/09\\\/01083924\\\/NotiWeb.jpg\",\"datePublished\":\"2024-09-01T13:48:00+00:00\",\"dateModified\":\"2024-09-01T15:16:45+00:00\",\"description\":\"Cr\u00f3nica y resultados de la carrera del GP de Arag\u00f3n de MotoGP 2024, disputada en MotorLand.\",\"breadcrumb\":{\"@id\":\"https:\\\/\\\/www.boxrepsol.com\\\/es\\\/motogp\\\/resultados-del-gp-de-aragon-de-motogp-2024\\\/#breadcrumb\"},\"inLanguage\":\"es\",\"potentialAction\":[{\"@type\":\"ReadAction\",\"target\":[\"https:\\\/\\\/www.boxrepsol.com\\\/es\\\/motogp\\\/resultados-del-gp-de-aragon-de-motogp-2024\\\/\"]}]},{\"@type\":\"ImageObject\",\"inLanguage\":\"es\",\"@id\":\"https:\\\/\\\/www.boxrepsol.com\\\/es\\\/motogp\\\/resultados-del-gp-de-aragon-de-motogp-2024\\\/#primaryimage\",\"url\":\"https:\\\/\\\/bxrepsol.s3.eu-west-1.amazonaws.com\\\/static\\\/2024\\\/09\\\/01083924\\\/NotiWeb.jpg\",\"contentUrl\":\"https:\\\/\\\/bxrepsol.s3.eu-west-1.amazonaws.com\\\/static\\\/2024\\\/09\\\/01083924\\\/NotiWeb.jpg\",\"width\":1280,\"height\":650,\"caption\":\"Equipo Repsol Honda, domingo, Arag\u00f3n (web)\"},{\"@type\":\"BreadcrumbList\",\"@id\":\"https:\\\/\\\/www.boxrepsol.com\\\/es\\\/motogp\\\/resultados-del-gp-de-aragon-de-motogp-2024\\\/#breadcrumb\",\"itemListElement\":[{\"@type\":\"ListItem\",\"position\":1,\"name\":\"Home\",\"item\":\"https:\\\/\\\/www.boxrepsol.com\\\/es\\\/\"},{\"@type\":\"ListItem\",\"position\":2,\"name\":\"Resultados del GP de Arag\u00f3n de MotoGP\"}]},{\"@type\":\"WebSite\",\"@id\":\"https:\\\/\\\/www.boxrepsol.com\\\/es\\\/#website\",\"url\":\"https:\\\/\\\/www.boxrepsol.com\\\/es\\\/\",\"name\":\"Box Repsol\",\"description\":\"Box Repsol Site\",\"publisher\":{\"@id\":\"https:\\\/\\\/www.boxrepsol.com\\\/es\\\/#organization\"},\"potentialAction\":[{\"@type\":\"SearchAction\",\"target\":{\"@type\":\"EntryPoint\",\"urlTemplate\":\"https:\\\/\\\/www.boxrepsol.com\\\/es\\\/?s={search_term_string}\"},\"query-input\":{\"@type\":\"PropertyValueSpecification\",\"valueRequired\":true,\"valueName\":\"search_term_string\"}}],\"inLanguage\":\"es\"},{\"@type\":\"Organization\",\"@id\":\"https:\\\/\\\/www.boxrepsol.com\\\/es\\\/#organization\",\"name\":\"Box Repsol\",\"url\":\"https:\\\/\\\/www.boxrepsol.com\\\/es\\\/\",\"logo\":{\"@type\":\"ImageObject\",\"inLanguage\":\"es\",\"@id\":\"https:\\\/\\\/www.boxrepsol.com\\\/es\\\/#\\\/schema\\\/logo\\\/image\\\/\",\"url\":\"https:\\\/\\\/bxrepsol.s3.eu-west-1.amazonaws.com\\\/static\\\/2025\\\/07\\\/30083337\\\/favicon-96x96-1.png\",\"contentUrl\":\"https:\\\/\\\/bxrepsol.s3.eu-west-1.amazonaws.com\\\/static\\\/2025\\\/07\\\/30083337\\\/favicon-96x96-1.png\",\"width\":96,\"height\":96,\"caption\":\"Box Repsol\"},\"image\":{\"@id\":\"https:\\\/\\\/www.boxrepsol.com\\\/es\\\/#\\\/schema\\\/logo\\\/image\\\/\"},\"sameAs\":[\"https:\\\/\\\/www.facebook.com\\\/BoxRepsol\",\"https:\\\/\\\/x.com\\\/box_repsol\",\"http:\\\/\\\/instagram.com\\\/box_repsol\",\"https:\\\/\\\/www.youtube.com\\\/user\\\/RepsolCompeticion\",\"https:\\\/\\\/www.flickr.com\\\/photos\\\/box_repsol\\\/\"]},{\"@type\":\"Person\",\"@id\":\"https:\\\/\\\/www.boxrepsol.com\\\/es\\\/#\\\/schema\\\/person\\\/c5c2138f2cca251b0ad92b7086bb60b7\",\"name\":\"Redacci\u00f3n Box Repsol\",\"image\":{\"@type\":\"ImageObject\",\"inLanguage\":\"es\",\"@id\":\"https:\\\/\\\/secure.gravatar.com\\\/avatar\\\/adf7b77e38b4419baf32c7e9c21dde01f4e40df611f0978e3006fc4ba0aaab7e?s=96&d=mm&r=g\",\"url\":\"https:\\\/\\\/secure.gravatar.com\\\/avatar\\\/adf7b77e38b4419baf32c7e9c21dde01f4e40df611f0978e3006fc4ba0aaab7e?s=96&d=mm&r=g\",\"contentUrl\":\"https:\\\/\\\/secure.gravatar.com\\\/avatar\\\/adf7b77e38b4419baf32c7e9c21dde01f4e40df611f0978e3006fc4ba0aaab7e?s=96&d=mm&r=g\",\"caption\":\"Redacci\u00f3n Box Repsol\"},\"description\":\"Box Repsol lo forma un equipo de periodistas, community managers, dise\u00f1adores y fot\u00f3grafos con m\u00e1s de 20 a\u00f1os de experiencia en el mundo del motorsport. Hemos vivido el primer mundial de un espa\u00f1ol en la categor\u00eda reina de motociclismo con \u00c1lex Crivill\u00e9, estuvimos en las victorias de Pedrosa y los t\u00edtulos de M\u00e1rquez, acompa\u00f1amos en \u00c1frica a Nani Roma y Marc Coma en sus conquistas del Dakar y hemos vibrado con los t\u00edtulos de Toni Bou en Trial. Adem\u00e1s, en nuestro equipo contamos con expertos en el mundo de las dos y cuatro ruedas tanto de la calle y las carreteras, como de los circuitos. Periodistas que han trabajado en revistas y publicaciones para hacerte llegar desde rutas y consejos de mantenimiento, a curiosidades y trucos de pilotaje.\",\"sameAs\":[\"https:\\\/\\\/www.facebook.com\\\/BoxRepsol\\\/\",\"https:\\\/\\\/www.instagram.com\\\/box_repsol\\\/\",\"https:\\\/\\\/x.com\\\/https:\\\/\\\/twitter.com\\\/box_repsol\",\"https:\\\/\\\/www.youtube.com\\\/@Boxrepsol\"],\"url\":\"https:\\\/\\\/www.boxrepsol.com\\\/es\\\/author\\\/redaccion-box-repsol\\\/\"}]}<\/script>\n<!-- \/ Yoast SEO plugin. -->","yoast_head_json":{"title":"Resultados del GP de Arag\u00f3n de MotoGP - Box Repsol","description":"Cr\u00f3nica y resultados de la carrera del GP de Arag\u00f3n de MotoGP 2024, disputada en MotorLand.","canonical":"https:\/\/www.boxrepsol.com\/es\/motogp\/resultados-del-gp-de-aragon-de-motogp-2024\/","og_locale":"es_ES","og_type":"article","og_title":"Resultados del GP de Arag\u00f3n de MotoGP - Box Repsol","og_description":"Cr\u00f3nica y resultados de la carrera del GP de Arag\u00f3n de MotoGP 2024, disputada en MotorLand.","og_url":"https:\/\/www.boxrepsol.com\/es\/motogp\/resultados-del-gp-de-aragon-de-motogp-2024\/","og_site_name":"Box Repsol","article_publisher":"https:\/\/www.facebook.com\/BoxRepsol","article_author":"https:\/\/www.facebook.com\/BoxRepsol\/","article_published_time":"2024-09-01T13:48:00+00:00","article_modified_time":"2024-09-01T15:16:45+00:00","og_image":[{"width":1280,"height":650,"url":"https:\/\/bxrepsol.s3.eu-west-1.amazonaws.com\/static\/2024\/09\/01083924\/NotiWeb.jpg","type":"image\/jpeg"}],"author":"Redacci\u00f3n Box Repsol","twitter_card":"summary_large_image","twitter_creator":"@https:\/\/twitter.com\/box_repsol","twitter_site":"@box_repsol","twitter_misc":{"Written by":"Redacci\u00f3n Box Repsol","Est. reading time":"4 minutos"},"schema":{"@context":"https:\/\/schema.org","@graph":[{"@type":"Article","@id":"https:\/\/www.boxrepsol.com\/es\/motogp\/resultados-del-gp-de-aragon-de-motogp-2024\/#article","isPartOf":{"@id":"https:\/\/www.boxrepsol.com\/es\/motogp\/resultados-del-gp-de-aragon-de-motogp-2024\/"},"author":{"name":"Redacci\u00f3n Box Repsol","@id":"https:\/\/www.boxrepsol.com\/es\/#\/schema\/person\/c5c2138f2cca251b0ad92b7086bb60b7"},"headline":"Resultados del GP de Arag\u00f3n de MotoGP","datePublished":"2024-09-01T13:48:00+00:00","dateModified":"2024-09-01T15:16:45+00:00","mainEntityOfPage":{"@id":"https:\/\/www.boxrepsol.com\/es\/motogp\/resultados-del-gp-de-aragon-de-motogp-2024\/"},"wordCount":857,"commentCount":0,"publisher":{"@id":"https:\/\/www.boxrepsol.com\/es\/#organization"},"image":{"@id":"https:\/\/www.boxrepsol.com\/es\/motogp\/resultados-del-gp-de-aragon-de-motogp-2024\/#primaryimage"},"thumbnailUrl":"https:\/\/bxrepsol.s3.eu-west-1.amazonaws.com\/static\/2024\/09\/01083924\/NotiWeb.jpg","keywords":["Equipo Repsol Honda","GP Arag\u00f3n","Joan Mir","Luca Marini","MotoGP 2024"],"articleSection":["MotoGP"],"inLanguage":"es","potentialAction":[{"@type":"CommentAction","name":"Comment","target":["https:\/\/www.boxrepsol.com\/es\/motogp\/resultados-del-gp-de-aragon-de-motogp-2024\/#respond"]}]},{"@type":"WebPage","@id":"https:\/\/www.boxrepsol.com\/es\/motogp\/resultados-del-gp-de-aragon-de-motogp-2024\/","url":"https:\/\/www.boxrepsol.com\/es\/motogp\/resultados-del-gp-de-aragon-de-motogp-2024\/","name":"Resultados del GP de Arag\u00f3n de MotoGP - Box Repsol","isPartOf":{"@id":"https:\/\/www.boxrepsol.com\/es\/#website"},"primaryImageOfPage":{"@id":"https:\/\/www.boxrepsol.com\/es\/motogp\/resultados-del-gp-de-aragon-de-motogp-2024\/#primaryimage"},"image":{"@id":"https:\/\/www.boxrepsol.com\/es\/motogp\/resultados-del-gp-de-aragon-de-motogp-2024\/#primaryimage"},"thumbnailUrl":"https:\/\/bxrepsol.s3.eu-west-1.amazonaws.com\/static\/2024\/09\/01083924\/NotiWeb.jpg","datePublished":"2024-09-01T13:48:00+00:00","dateModified":"2024-09-01T15:16:45+00:00","description":"Cr\u00f3nica y resultados de la carrera del GP de Arag\u00f3n de MotoGP 2024, disputada en MotorLand.","breadcrumb":{"@id":"https:\/\/www.boxrepsol.com\/es\/motogp\/resultados-del-gp-de-aragon-de-motogp-2024\/#breadcrumb"},"inLanguage":"es","potentialAction":[{"@type":"ReadAction","target":["https:\/\/www.boxrepsol.com\/es\/motogp\/resultados-del-gp-de-aragon-de-motogp-2024\/"]}]},{"@type":"ImageObject","inLanguage":"es","@id":"https:\/\/www.boxrepsol.com\/es\/motogp\/resultados-del-gp-de-aragon-de-motogp-2024\/#primaryimage","url":"https:\/\/bxrepsol.s3.eu-west-1.amazonaws.com\/static\/2024\/09\/01083924\/NotiWeb.jpg","contentUrl":"https:\/\/bxrepsol.s3.eu-west-1.amazonaws.com\/static\/2024\/09\/01083924\/NotiWeb.jpg","width":1280,"height":650,"caption":"Equipo Repsol Honda, domingo, Arag\u00f3n (web)"},{"@type":"BreadcrumbList","@id":"https:\/\/www.boxrepsol.com\/es\/motogp\/resultados-del-gp-de-aragon-de-motogp-2024\/#breadcrumb","itemListElement":[{"@type":"ListItem","position":1,"name":"Home","item":"https:\/\/www.boxrepsol.com\/es\/"},{"@type":"ListItem","position":2,"name":"Resultados del GP de Arag\u00f3n de MotoGP"}]},{"@type":"WebSite","@id":"https:\/\/www.boxrepsol.com\/es\/#website","url":"https:\/\/www.boxrepsol.com\/es\/","name":"Box Repsol","description":"Box Repsol Site","publisher":{"@id":"https:\/\/www.boxrepsol.com\/es\/#organization"},"potentialAction":[{"@type":"SearchAction","target":{"@type":"EntryPoint","urlTemplate":"https:\/\/www.boxrepsol.com\/es\/?s={search_term_string}"},"query-input":{"@type":"PropertyValueSpecification","valueRequired":true,"valueName":"search_term_string"}}],"inLanguage":"es"},{"@type":"Organization","@id":"https:\/\/www.boxrepsol.com\/es\/#organization","name":"Box Repsol","url":"https:\/\/www.boxrepsol.com\/es\/","logo":{"@type":"ImageObject","inLanguage":"es","@id":"https:\/\/www.boxrepsol.com\/es\/#\/schema\/logo\/image\/","url":"https:\/\/bxrepsol.s3.eu-west-1.amazonaws.com\/static\/2025\/07\/30083337\/favicon-96x96-1.png","contentUrl":"https:\/\/bxrepsol.s3.eu-west-1.amazonaws.com\/static\/2025\/07\/30083337\/favicon-96x96-1.png","width":96,"height":96,"caption":"Box Repsol"},"image":{"@id":"https:\/\/www.boxrepsol.com\/es\/#\/schema\/logo\/image\/"},"sameAs":["https:\/\/www.facebook.com\/BoxRepsol","https:\/\/x.com\/box_repsol","http:\/\/instagram.com\/box_repsol","https:\/\/www.youtube.com\/user\/RepsolCompeticion","https:\/\/www.flickr.com\/photos\/box_repsol\/"]},{"@type":"Person","@id":"https:\/\/www.boxrepsol.com\/es\/#\/schema\/person\/c5c2138f2cca251b0ad92b7086bb60b7","name":"Redacci\u00f3n Box Repsol","image":{"@type":"ImageObject","inLanguage":"es","@id":"https:\/\/secure.gravatar.com\/avatar\/adf7b77e38b4419baf32c7e9c21dde01f4e40df611f0978e3006fc4ba0aaab7e?s=96&d=mm&r=g","url":"https:\/\/secure.gravatar.com\/avatar\/adf7b77e38b4419baf32c7e9c21dde01f4e40df611f0978e3006fc4ba0aaab7e?s=96&d=mm&r=g","contentUrl":"https:\/\/secure.gravatar.com\/avatar\/adf7b77e38b4419baf32c7e9c21dde01f4e40df611f0978e3006fc4ba0aaab7e?s=96&d=mm&r=g","caption":"Redacci\u00f3n Box Repsol"},"description":"Box Repsol lo forma un equipo de periodistas, community managers, dise\u00f1adores y fot\u00f3grafos con m\u00e1s de 20 a\u00f1os de experiencia en el mundo del motorsport. Hemos vivido el primer mundial de un espa\u00f1ol en la categor\u00eda reina de motociclismo con \u00c1lex Crivill\u00e9, estuvimos en las victorias de Pedrosa y los t\u00edtulos de M\u00e1rquez, acompa\u00f1amos en \u00c1frica a Nani Roma y Marc Coma en sus conquistas del Dakar y hemos vibrado con los t\u00edtulos de Toni Bou en Trial. Adem\u00e1s, en nuestro equipo contamos con expertos en el mundo de las dos y cuatro ruedas tanto de la calle y las carreteras, como de los circuitos. Periodistas que han trabajado en revistas y publicaciones para hacerte llegar desde rutas y consejos de mantenimiento, a curiosidades y trucos de pilotaje.","sameAs":["https:\/\/www.facebook.com\/BoxRepsol\/","https:\/\/www.instagram.com\/box_repsol\/","https:\/\/x.com\/https:\/\/twitter.com\/box_repsol","https:\/\/www.youtube.com\/@Boxrepsol"],"url":"https:\/\/www.boxrepsol.com\/es\/author\/redaccion-box-repsol\/"}]}},"_links":{"self":[{"href":"https:\/\/www.boxrepsol.com\/es\/wp-json\/wp\/v2\/posts\/119382","targetHints":{"allow":["GET"]}}],"collection":[{"href":"https:\/\/www.boxrepsol.com\/es\/wp-json\/wp\/v2\/posts"}],"about":[{"href":"https:\/\/www.boxrepsol.com\/es\/wp-json\/wp\/v2\/types\/post"}],"author":[{"embeddable":true,"href":"https:\/\/www.boxrepsol.com\/es\/wp-json\/wp\/v2\/users\/43146"}],"replies":[{"embeddable":true,"href":"https:\/\/www.boxrepsol.com\/es\/wp-json\/wp\/v2\/comments?post=119382"}],"version-history":[{"count":14,"href":"https:\/\/www.boxrepsol.com\/es\/wp-json\/wp\/v2\/posts\/119382\/revisions"}],"predecessor-version":[{"id":119417,"href":"https:\/\/www.boxrepsol.com\/es\/wp-json\/wp\/v2\/posts\/119382\/revisions\/119417"}],"wp:featuredmedia":[{"embeddable":true,"href":"https:\/\/www.boxrepsol.com\/es\/wp-json\/wp\/v2\/media\/119388"}],"wp:attachment":[{"href":"https:\/\/www.boxrepsol.com\/es\/wp-json\/wp\/v2\/media?parent=119382"}],"wp:term":[{"taxonomy":"category","embeddable":true,"href":"https:\/\/www.boxrepsol.com\/es\/wp-json\/wp\/v2\/categories?post=119382"},{"taxonomy":"post_tag","embeddable":true,"href":"https:\/\/www.boxrepsol.com\/es\/wp-json\/wp\/v2\/tags?post=119382"}],"curies":[{"name":"wp","href":"https:\/\/api.w.org\/{rel}","templated":true}]}}