{"id":119207,"date":"2024-08-29T07:10:13","date_gmt":"2024-08-29T09:10:13","guid":{"rendered":"https:\/\/www.boxrepsol.com\/?p=119207"},"modified":"2025-06-26T07:31:36","modified_gmt":"2025-06-26T09:31:36","slug":"camaras-para-moto","status":"publish","type":"post","link":"https:\/\/www.boxrepsol.com\/es\/tecnologia\/camaras-para-moto\/","title":{"rendered":"\u00bfCu\u00e1les son las mejores c\u00e1maras para moto en 2025?"},"content":{"rendered":"<figure class=\"wp-block-post-featured-image\"><img loading=\"lazy\" decoding=\"async\" width=\"1280\" height=\"650\" src=\"https:\/\/bxrepsol.s3.eu-west-1.amazonaws.com\/static\/2024\/08\/29065809\/Foto-1-apertura-1.jpg\" class=\"attachment-post-thumbnail size-post-thumbnail wp-post-image\" alt=\"Cascos para moto (1)\" style=\"object-fit:cover;\" srcset=\"https:\/\/bxrepsol.s3.eu-west-1.amazonaws.com\/static\/2024\/08\/29065809\/Foto-1-apertura-1.jpg 1280w, https:\/\/bxrepsol.s3.eu-west-1.amazonaws.com\/static\/2024\/08\/29065809\/Foto-1-apertura-1-300x152.jpg 300w, https:\/\/bxrepsol.s3.eu-west-1.amazonaws.com\/static\/2024\/08\/29065809\/Foto-1-apertura-1-1024x520.jpg 1024w, https:\/\/bxrepsol.s3.eu-west-1.amazonaws.com\/static\/2024\/08\/29065809\/Foto-1-apertura-1-768x390.jpg 768w\" sizes=\"auto, (max-width: 1280px) 100vw, 1280px\" \/><\/figure>\n\n\n<p><\/p>\n\n\n\n<p>Tan habitual se est\u00e1 haciendo el uso de este tipo c\u00e1maras, que ya existen algunos <a href=\"https:\/\/www.boxrepsol.com\/es\/vive-tu-moto\/tipos-de-moto-cual-es-el-tuyo\/\">modelos de moto<\/a> que entre su equipamiento de serie incluyen <strong>una c\u00e1mara de alta definici\u00f3n en su frontal<\/strong>. Incluso hay cascos que la incluyen en su calota.<\/p>\n\n\n\n<div id=\"ez-toc-container\" class=\"ez-toc-v2_0_82_2 counter-hierarchy ez-toc-counter ez-toc-grey ez-toc-container-direction\">\n<div class=\"ez-toc-title-container\">\n<p class=\"ez-toc-title\" style=\"cursor:inherit\">\u00cdndice<\/p>\n<span class=\"ez-toc-title-toggle\"><a href=\"#\" class=\"ez-toc-pull-right ez-toc-btn ez-toc-btn-xs ez-toc-btn-default ez-toc-toggle\" aria-label=\"Toggle Table of Content\"><span class=\"ez-toc-js-icon-con\"><span class=\"\"><span class=\"eztoc-hide\" style=\"display:none;\">Toggle<\/span><span class=\"ez-toc-icon-toggle-span\"><svg style=\"fill: #999;color:#999\" xmlns=\"http:\/\/www.w3.org\/2000\/svg\" class=\"list-377408\" width=\"20px\" height=\"20px\" viewBox=\"0 0 24 24\" fill=\"none\"><path d=\"M6 6H4v2h2V6zm14 0H8v2h12V6zM4 11h2v2H4v-2zm16 0H8v2h12v-2zM4 16h2v2H4v-2zm16 0H8v2h12v-2z\" fill=\"currentColor\"><\/path><\/svg><svg style=\"fill: #999;color:#999\" class=\"arrow-unsorted-368013\" xmlns=\"http:\/\/www.w3.org\/2000\/svg\" width=\"10px\" height=\"10px\" viewBox=\"0 0 24 24\" version=\"1.2\" baseProfile=\"tiny\"><path d=\"M18.2 9.3l-6.2-6.3-6.2 6.3c-.2.2-.3.4-.3.7s.1.5.3.7c.2.2.4.3.7.3h11c.3 0 .5-.1.7-.3.2-.2.3-.5.3-.7s-.1-.5-.3-.7zM5.8 14.7l6.2 6.3 6.2-6.3c.2-.2.3-.5.3-.7s-.1-.5-.3-.7c-.2-.2-.4-.3-.7-.3h-11c-.3 0-.5.1-.7.3-.2.2-.3.5-.3.7s.1.5.3.7z\"\/><\/svg><\/span><\/span><\/span><\/a><\/span><\/div>\n<nav><ul class='ez-toc-list ez-toc-list-level-1 ' ><li class='ez-toc-page-1 ez-toc-heading-level-2'><a class=\"ez-toc-link ez-toc-heading-1\" href=\"https:\/\/www.boxrepsol.com\/es\/tecnologia\/camaras-para-moto\/#Caracteristicas_de_una_camara_para_grabar_en_moto\" >Caracter\u00edsticas de una c\u00e1mara para grabar en moto<\/a><\/li><li class='ez-toc-page-1 ez-toc-heading-level-2'><a class=\"ez-toc-link ez-toc-heading-2\" href=\"https:\/\/www.boxrepsol.com\/es\/tecnologia\/camaras-para-moto\/#Calidad_de_imagen\" >Calidad de imagen<\/a><ul class='ez-toc-list-level-3' ><li class='ez-toc-heading-level-3'><a class=\"ez-toc-link ez-toc-heading-3\" href=\"https:\/\/www.boxrepsol.com\/es\/tecnologia\/camaras-para-moto\/#Amplitud_de_la_imagen\" >Amplitud de la imagen<\/a><\/li><li class='ez-toc-page-1 ez-toc-heading-level-3'><a class=\"ez-toc-link ez-toc-heading-4\" href=\"https:\/\/www.boxrepsol.com\/es\/tecnologia\/camaras-para-moto\/#Reconocimiento_de_voz\" >Reconocimiento de voz<\/a><\/li><li class='ez-toc-page-1 ez-toc-heading-level-3'><a class=\"ez-toc-link ez-toc-heading-5\" href=\"https:\/\/www.boxrepsol.com\/es\/tecnologia\/camaras-para-moto\/#Autonomia_de_la_camara_para_moto\" >Autonom\u00eda de la c\u00e1mara para moto<\/a><\/li><li class='ez-toc-page-1 ez-toc-heading-level-3'><a class=\"ez-toc-link ez-toc-heading-6\" href=\"https:\/\/www.boxrepsol.com\/es\/tecnologia\/camaras-para-moto\/#Estabilizador\" >Estabilizador<\/a><\/li><\/ul><\/li><li class='ez-toc-page-1 ez-toc-heading-level-2'><a class=\"ez-toc-link ez-toc-heading-7\" href=\"https:\/\/www.boxrepsol.com\/es\/tecnologia\/camaras-para-moto\/#%C2%BFDonde_se_puede_colocar_una_camara_de_accion_para_moto\" >\u00bfD\u00f3nde se puede colocar una c\u00e1mara de acci\u00f3n para moto?<\/a><\/li><li class='ez-toc-page-1 ez-toc-heading-level-2'><a class=\"ez-toc-link ez-toc-heading-8\" href=\"https:\/\/www.boxrepsol.com\/es\/tecnologia\/camaras-para-moto\/#%C2%BFCuales_son_las_5_mejores_camaras_de_accion_para_moto\" >\u00bfCu\u00e1les son las 5 mejores c\u00e1maras de acci\u00f3n para moto?<\/a><ul class='ez-toc-list-level-3' ><li class='ez-toc-heading-level-3'><a class=\"ez-toc-link ez-toc-heading-9\" href=\"https:\/\/www.boxrepsol.com\/es\/tecnologia\/camaras-para-moto\/#Akaso_Brave_8_Liteo\" >Akaso Brave 8 Liteo<\/a><\/li><li class='ez-toc-page-1 ez-toc-heading-level-3'><a class=\"ez-toc-link ez-toc-heading-10\" href=\"https:\/\/www.boxrepsol.com\/es\/tecnologia\/camaras-para-moto\/#DJI_Osmo_Action_4\" >DJI Osmo Action 4<\/a><\/li><li class='ez-toc-page-1 ez-toc-heading-level-3'><a class=\"ez-toc-link ez-toc-heading-11\" href=\"https:\/\/www.boxrepsol.com\/es\/tecnologia\/camaras-para-moto\/#GoPro_Hero_12\" >GoPro Hero 12<\/a><\/li><li class='ez-toc-page-1 ez-toc-heading-level-3'><a class=\"ez-toc-link ez-toc-heading-12\" href=\"https:\/\/www.boxrepsol.com\/es\/tecnologia\/camaras-para-moto\/#Insta360_Go_3S\" >Insta360 Go 3S<\/a><\/li><li class='ez-toc-page-1 ez-toc-heading-level-3'><a class=\"ez-toc-link ez-toc-heading-13\" href=\"https:\/\/www.boxrepsol.com\/es\/tecnologia\/camaras-para-moto\/#Sony_DSC-RX0_II\" >Sony DSC-RX0 II<\/a><\/li><\/ul><\/li><li class='ez-toc-page-1 ez-toc-heading-level-2'><a class=\"ez-toc-link ez-toc-heading-14\" href=\"https:\/\/www.boxrepsol.com\/es\/tecnologia\/camaras-para-moto\/#%C2%BFEs_legal_circular_en_moto_con_una_camara_de_accion\" >\u00bfEs legal circular en moto con una c\u00e1mara de acci\u00f3n?<\/a><\/li><\/ul><\/nav><\/div>\n<h2 class=\"wp-block-heading\"><span class=\"ez-toc-section\" id=\"Caracteristicas_de_una_camara_para_grabar_en_moto\"><\/span><strong>Caracter\u00edsticas de una c\u00e1mara para grabar en moto<\/strong><span class=\"ez-toc-section-end\"><\/span><\/h2>\n\n\n\n<p>Las im\u00e1genes \u201con board\u201d que captan estas c\u00e1maras transmiten muy bien lo que se siente al conducir una moto y, al mismo tiempo, <strong>pueden ir acompa\u00f1adas de<\/strong> <strong>un micr\u00f3fono<\/strong> que, incluido dentro del casco del conductor, permite ir a\u00f1adiendo locuciones de voz a las im\u00e1genes que van captando. Por este motivo, son tambi\u00e9n muy utilizadas por los periodistas del sector, que con su voz <a href=\"https:\/\/www.boxrepsol.com\/es\/tecnologia\/como-grabar-tus-salidas-en-moto-camaras-on-board\/\">graban sus impresiones<\/a> mientras <strong>prueban una moto<\/strong> y las trasladan luego a sus seguidores de una forma m\u00e1s amena. Las im\u00e1genes de estas c\u00e1maras tambi\u00e9n son utilizadas por los <a href=\"https:\/\/www.boxrepsol.com\/es\/cultura-motera\/mejores-marcas-de-motos\/\">fabricantes de motos<\/a>, incluy\u00e9ndolas en videos promocionales de nuevos modelos. Del mismo modo, en el mundo de la competici\u00f3n es habitual ver pilotos que llevan <strong>incorporadas c\u00e1maras<\/strong> <strong>en sus motos e incluso en su indumentaria<\/strong>, que captan im\u00e1genes \u201con board\u201d que permiten a los espectadores ver c\u00f3mo son las carreras desde dentro y disfrutar de momentos \u00e9picos.<\/p>\n\n\n\n<figure class=\"wp-block-image size-full\"><img loading=\"lazy\" decoding=\"async\" width=\"600\" height=\"400\" src=\"https:\/\/bxrepsol.s3.eu-west-1.amazonaws.com\/static\/2024\/08\/29070407\/Foto-2-2.jpg\" alt=\"C\u00e1mara para moto (2)\" class=\"wp-image-119212\" srcset=\"https:\/\/bxrepsol.s3.eu-west-1.amazonaws.com\/static\/2024\/08\/29070407\/Foto-2-2.jpg 600w, https:\/\/bxrepsol.s3.eu-west-1.amazonaws.com\/static\/2024\/08\/29070407\/Foto-2-2-300x200.jpg 300w\" sizes=\"auto, (max-width: 600px) 100vw, 600px\" \/><\/figure>\n\n\n\n<p><\/p>\n\n\n\n<h2 class=\"wp-block-heading\"><span class=\"ez-toc-section\" id=\"Calidad_de_imagen\"><\/span><strong>Calidad de imagen<\/strong><span class=\"ez-toc-section-end\"><\/span><\/h2>\n\n\n\n<p>Al adquirir una c\u00e1mara de uso deportivo o de acci\u00f3n se deben tener en cuenta varias cosas. <strong>La calidad de la grabaci\u00f3n<\/strong> es muy importante. \u00daltimamente ya existen c\u00e1maras que graban en formato <strong>4K<\/strong> que permite ampliar la imagen y centrarla en alg\u00fan punto (cuentarrevoluciones, mandos, etc.) descartando lo de alrededor y sin perder calidad. Esto viene muy bien si se va a hacer un uso profesional de las im\u00e1genes. Del mismo modo, el formato 4K permite <strong>\u201creencuadrar\u201d las im\u00e1genes <\/strong>de horizontal a vertical para hacer uso de ellas en redes sociales. El formato <strong>Full HD<\/strong>, de menor calidad, es suficiente para YouTube o videos \u201ccaseros\u201d.<\/p>\n\n\n\n<figure class=\"wp-block-image size-full\"><img loading=\"lazy\" decoding=\"async\" width=\"600\" height=\"400\" src=\"https:\/\/bxrepsol.s3.eu-west-1.amazonaws.com\/static\/2024\/08\/29070426\/Foto-3.jpg\" alt=\"C\u00e1mara para moto (3)\" class=\"wp-image-119214\" srcset=\"https:\/\/bxrepsol.s3.eu-west-1.amazonaws.com\/static\/2024\/08\/29070426\/Foto-3.jpg 600w, https:\/\/bxrepsol.s3.eu-west-1.amazonaws.com\/static\/2024\/08\/29070426\/Foto-3-300x200.jpg 300w\" sizes=\"auto, (max-width: 600px) 100vw, 600px\" \/><\/figure>\n\n\n\n<p><\/p>\n\n\n\n<h3 class=\"wp-block-heading\"><span class=\"ez-toc-section\" id=\"Amplitud_de_la_imagen\"><\/span><strong>Amplitud de la imagen<\/strong><span class=\"ez-toc-section-end\"><\/span><\/h3>\n\n\n\n<p>Otra cosa a considerar es que <strong>el objetivo de la c\u00e1mara sea<\/strong> <strong>gran angular o s\u00faper angular<\/strong> para que, adem\u00e1s de grabar im\u00e1genes hacia el centro, tambi\u00e9n grabe hacia los lados. En este caso y dependiendo de d\u00f3nde se sit\u00fae la c\u00e1mara, conviene ajustar bien el objetivo en parado para que las zonas de la moto que se vean no salgan demasiado peque\u00f1as o lejanas. Al respecto, se\u00f1alar que <strong>en la actualidad existe una c\u00e1mara capaz de grabar im\u00e1genes<\/strong> <strong>a 360\u00ba<\/strong>, lo que quiere decir que lo hace en todos los sentidos. Como es l\u00f3gico, para que pueda grabar en todo ese rango debe ser colocada en un lugar elevado y sin obst\u00e1culos en su entorno. Por tanto, se debe colocar <strong>en la parte superior del casco<\/strong> o en un brazo espec\u00edfico que se puede fijar a alg\u00fan <a href=\"https:\/\/www.boxrepsol.com\/es\/tecnologia\/partes-de-una-moto-sabes-cuales-son\/\">componente de la moto<\/a>. &nbsp;&nbsp;<\/p>\n\n\n\n<figure class=\"wp-block-image size-full\"><img loading=\"lazy\" decoding=\"async\" width=\"600\" height=\"400\" src=\"https:\/\/bxrepsol.s3.eu-west-1.amazonaws.com\/static\/2024\/08\/29070443\/Foto-4-1.jpg\" alt=\"C\u00e1mara para moto (4)\" class=\"wp-image-119216\" srcset=\"https:\/\/bxrepsol.s3.eu-west-1.amazonaws.com\/static\/2024\/08\/29070443\/Foto-4-1.jpg 600w, https:\/\/bxrepsol.s3.eu-west-1.amazonaws.com\/static\/2024\/08\/29070443\/Foto-4-1-300x200.jpg 300w\" sizes=\"auto, (max-width: 600px) 100vw, 600px\" \/><\/figure>\n\n\n\n<p><\/p>\n\n\n\n<h3 class=\"wp-block-heading\"><span class=\"ez-toc-section\" id=\"Reconocimiento_de_voz\"><\/span><strong>Reconocimiento de voz<\/strong><span class=\"ez-toc-section-end\"><\/span><\/h3>\n\n\n\n<p>Ciertas c\u00e1maras de \u00faltima generaci\u00f3n incluyen <strong>reconocimiento de voz<\/strong>, que permite controlarlas utilizando los correspondientes comandos de voz a trav\u00e9s del micr\u00f3fono.&nbsp;&nbsp;<\/p>\n\n\n\n<h3 class=\"wp-block-heading\"><span class=\"ez-toc-section\" id=\"Autonomia_de_la_camara_para_moto\"><\/span><strong>Autonom\u00eda de la c\u00e1mara para moto<\/strong><span class=\"ez-toc-section-end\"><\/span><\/h3>\n\n\n\n<p><strong>La autonom\u00eda de la <\/strong><strong>bater\u00eda<\/strong> es otro aspecto muy importante. Si se van a rodar im\u00e1genes durante mucho tiempo <strong>se puede recurrir a<\/strong> <strong>un cargador port\u00e1til<\/strong> (\u201cpower bank\u201d) que sea espec\u00edfico para dispositivos electr\u00f3nicos. Si la moto posee toma de corriente <strong>USB o USB-C<\/strong>, algunas c\u00e1maras se pueden enchufar a ella mediante un cable, aunque esto no es aconsejable si van acopladas al casco o adheridas a alguna parte del cuerpo del conductor.<\/p>\n\n\n\n<figure class=\"wp-block-image size-full\"><img loading=\"lazy\" decoding=\"async\" width=\"600\" height=\"400\" src=\"https:\/\/bxrepsol.s3.eu-west-1.amazonaws.com\/static\/2024\/08\/29070454\/Foto-5-3.jpg\" alt=\"C\u00e1mara para moto (5)\" class=\"wp-image-119218\" srcset=\"https:\/\/bxrepsol.s3.eu-west-1.amazonaws.com\/static\/2024\/08\/29070454\/Foto-5-3.jpg 600w, https:\/\/bxrepsol.s3.eu-west-1.amazonaws.com\/static\/2024\/08\/29070454\/Foto-5-3-300x200.jpg 300w\" sizes=\"auto, (max-width: 600px) 100vw, 600px\" \/><\/figure>\n\n\n\n<p><\/p>\n\n\n\n<h3 class=\"wp-block-heading\"><span class=\"ez-toc-section\" id=\"Estabilizador\"><\/span><strong>Estabilizador<\/strong><span class=\"ez-toc-section-end\"><\/span><\/h3>\n\n\n\n<p>Tambi\u00e9n se debe tener en cuenta <strong>si incluyen estabilizador para equilibrar horizontalmente las im\u00e1genes<\/strong> y filtrar las vibraciones que se pueden producir al circular con la moto por carreteras en mal estado o por pistas de tierra. Al respeto, se\u00f1alar que <a href=\"https:\/\/www.boxrepsol.com\/es\/vive-tu-moto\/mejores-motos-de-trail\/\">las motos de tipo trail<\/a> calzadas con neum\u00e1ticos de tacos producen igualmente vibraciones al circular por carretera, aunque esta se encuentre en buen estado.<\/p>\n\n\n\n<p><strong>El mando a distancia<\/strong>, la <strong>impermeabilidad al agua <\/strong>y la <strong>conectividad por wifi <\/strong>para poder compartir y recibir im\u00e1genes, son otros tres detalles a tener en cuenta a la hora de adquirir una c\u00e1mara de este tipo.<\/p>\n\n\n\n<figure class=\"wp-block-image size-full\"><img loading=\"lazy\" decoding=\"async\" width=\"600\" height=\"400\" src=\"https:\/\/bxrepsol.s3.eu-west-1.amazonaws.com\/static\/2024\/08\/29070511\/Foto-6-1.jpg\" alt=\"C\u00e1mara para moto (6)\" class=\"wp-image-119220\" srcset=\"https:\/\/bxrepsol.s3.eu-west-1.amazonaws.com\/static\/2024\/08\/29070511\/Foto-6-1.jpg 600w, https:\/\/bxrepsol.s3.eu-west-1.amazonaws.com\/static\/2024\/08\/29070511\/Foto-6-1-300x200.jpg 300w\" sizes=\"auto, (max-width: 600px) 100vw, 600px\" \/><\/figure>\n\n\n\n<p><\/p>\n\n\n\n<h2 class=\"wp-block-heading\"><span class=\"ez-toc-section\" id=\"%C2%BFDonde_se_puede_colocar_una_camara_de_accion_para_moto\"><\/span><strong>\u00bfD\u00f3nde se puede colocar una c\u00e1mara de acci\u00f3n para moto?<\/strong><span class=\"ez-toc-section-end\"><\/span><\/h2>\n\n\n\n<p>Generalmente las c\u00e1maras de acci\u00f3n <strong>vienen acompa\u00f1adas de alg\u00fan tipo de soporte,<\/strong> pero luego, en mayor o menor medida, poseen distintos accesorios que se deben adquirir aparte. Por esto es importante saber <strong>d\u00f3nde se va a colocar la c\u00e1mara<\/strong> <strong>en la moto<\/strong> y el uso que se va a hacer de ella. As\u00ed existen accesorios para situar la c\u00e1mara en la parte de <strong>arriba del <\/strong><a href=\"https:\/\/www.boxrepsol.com\/es\/cultura-motera\/tipos-de-cascos-de-motos-cual-te-va-mejor\/\"><strong>casco<\/strong> <strong>de la moto<\/strong><\/a>, en la <strong>visera<\/strong>, en uno de sus <strong>laterales<\/strong> (mejor el izquierdo) o en la <strong>zona delantera de la barbilla<\/strong> conocida como barbuquejo.<\/p>\n\n\n\n<figure class=\"wp-block-image size-full\"><img loading=\"lazy\" decoding=\"async\" width=\"600\" height=\"400\" src=\"https:\/\/bxrepsol.s3.eu-west-1.amazonaws.com\/static\/2024\/08\/29070528\/Foto-7.jpg\" alt=\"C\u00e1mara para moto (7)\" class=\"wp-image-119222\" srcset=\"https:\/\/bxrepsol.s3.eu-west-1.amazonaws.com\/static\/2024\/08\/29070528\/Foto-7.jpg 600w, https:\/\/bxrepsol.s3.eu-west-1.amazonaws.com\/static\/2024\/08\/29070528\/Foto-7-300x200.jpg 300w\" sizes=\"auto, (max-width: 600px) 100vw, 600px\" \/><\/figure>\n\n\n\n<p>Adem\u00e1s, <strong>existe<\/strong> <strong>un arn\u00e9s<\/strong> que permite colocar algunas <strong>c\u00e1maras en la zona del pecho del conductor<\/strong> o darle la vuelta para llevar la c\u00e1mara en la espalda. Luego existen soportes para fijarlas al manillar, a los brazos de los <a href=\"https:\/\/www.boxrepsol.com\/es\/cultura-motera\/retrovisor-obligatorio-moto\/\">retrovisores de la moto<\/a>, a las estriberas del pasajero, etc., as\u00ed como <strong>ventosas<\/strong> para colocarlas en alg\u00fan lugar de la carrocer\u00eda siempre que este sea plano.<\/p>\n\n\n\n<figure class=\"wp-block-image size-full\"><img loading=\"lazy\" decoding=\"async\" width=\"600\" height=\"400\" src=\"https:\/\/bxrepsol.s3.eu-west-1.amazonaws.com\/static\/2024\/08\/29070546\/Foto-8.jpg\" alt=\"C\u00e1,mara para moto (8)\" class=\"wp-image-119224\" srcset=\"https:\/\/bxrepsol.s3.eu-west-1.amazonaws.com\/static\/2024\/08\/29070546\/Foto-8.jpg 600w, https:\/\/bxrepsol.s3.eu-west-1.amazonaws.com\/static\/2024\/08\/29070546\/Foto-8-300x200.jpg 300w\" sizes=\"auto, (max-width: 600px) 100vw, 600px\" \/><\/figure>\n\n\n\n<p>Por otro lado, entre los accesorios opcionales, <strong>la mayor\u00eda c\u00e1maras disponen de una carcasa impermeable<\/strong> para aumentar su grado de protecci\u00f3n ante el agua. Esta carcasa permite utilizarlas al realizar deportes acu\u00e1ticos e incluso en <strong>submarinismo<\/strong> si no se desciende a una profundidad excesiva.<\/p>\n\n\n\n<p>Aunque lo aconsejable es manipularlas en parado, a la hora de elegir una c\u00e1mara es importante que sus botones sean lo suficientemente grandes como para que se puedan pulsar con guantes.<\/p>\n\n\n\n<figure class=\"wp-block-image size-full\"><img loading=\"lazy\" decoding=\"async\" width=\"600\" height=\"400\" src=\"https:\/\/bxrepsol.s3.eu-west-1.amazonaws.com\/static\/2024\/08\/29070556\/Foto-9-1.jpg\" alt=\"C\u00e1mara para moto (9)\" class=\"wp-image-119226\" srcset=\"https:\/\/bxrepsol.s3.eu-west-1.amazonaws.com\/static\/2024\/08\/29070556\/Foto-9-1.jpg 600w, https:\/\/bxrepsol.s3.eu-west-1.amazonaws.com\/static\/2024\/08\/29070556\/Foto-9-1-300x200.jpg 300w\" sizes=\"auto, (max-width: 600px) 100vw, 600px\" \/><\/figure>\n\n\n\n<p><\/p>\n\n\n\n<h2 class=\"wp-block-heading\"><span class=\"ez-toc-section\" id=\"%C2%BFCuales_son_las_5_mejores_camaras_de_accion_para_moto\"><\/span><strong>\u00bfCu\u00e1les son las 5 mejores c\u00e1maras de acci\u00f3n para moto?<\/strong><span class=\"ez-toc-section-end\"><\/span><\/h2>\n\n\n\n<p>La verdad es que la oferta de c\u00e1maras de acci\u00f3n es realmente amplia y a la hora de escoger puede que no sea f\u00e1cil. Se pueden <strong>encontrar c\u00e1maras sencillas incluso por 50 euros,<\/strong> pero hemos preferido hacer una selecci\u00f3n de <strong>cinco c\u00e1maras de \u00faltima generaci\u00f3n<\/strong> que pueden ser englobadas entre las mejores del mercado en 2025.\u00a0<\/p>\n\n\n\n<h3 class=\"wp-block-heading\"><span class=\"ez-toc-section\" id=\"Akaso_Brave_8_Liteo\"><\/span><strong>Akaso Brave 8 Liteo<\/strong><span class=\"ez-toc-section-end\"><\/span><\/h3>\n\n\n\n<p><\/p>\n\n\n\n<figure class=\"wp-block-image size-full\"><img loading=\"lazy\" decoding=\"async\" width=\"600\" height=\"400\" src=\"https:\/\/bxrepsol.s3.eu-west-1.amazonaws.com\/static\/2024\/08\/29070617\/Foto-10-Akaso-Brave-8.jpg\" alt=\"C\u00e1mara Akaso Brave 8 Lite\" class=\"wp-image-119228\" srcset=\"https:\/\/bxrepsol.s3.eu-west-1.amazonaws.com\/static\/2024\/08\/29070617\/Foto-10-Akaso-Brave-8.jpg 600w, https:\/\/bxrepsol.s3.eu-west-1.amazonaws.com\/static\/2024\/08\/29070617\/Foto-10-Akaso-Brave-8-300x200.jpg 300w\" sizes=\"auto, (max-width: 600px) 100vw, 600px\" \/><\/figure>\n\n\n\n<p><strong>Modelo: <\/strong>Akaso Brave 8 Lite; <strong>Precio<\/strong>: 290 \u20ac; <strong>Calidad m\u00e1xima video<\/strong>: 4K60fps; <strong>Calidad m\u00e1xima foto<\/strong>: 48 MP; <strong>Campo de visi\u00f3n<\/strong>: 170\u00b0; <strong>Sensor<\/strong>: 20 MPx; <strong>Estabilizador<\/strong>: EIS 2.0;<strong>Tama\u00f1o pantalla<\/strong>: Trasera de 2\u201d y delantera de 1,2\u201d; <strong>Bater\u00eda<\/strong>: 1550 mAh ; <strong>Resistencia al agua<\/strong>: 10 m; <strong>Conexiones:<\/strong> Bluetooth y wifi; <strong>Peso:<\/strong> 115 gr; <strong>Dimensiones:<\/strong> 63 x 36,5 x 45 mm<\/p>\n\n\n\n<h3 class=\"wp-block-heading\"><span class=\"ez-toc-section\" id=\"DJI_Osmo_Action_4\"><\/span><strong>DJI Osmo Action 4<\/strong><span class=\"ez-toc-section-end\"><\/span><\/h3>\n\n\n\n<p><\/p>\n\n\n\n<figure class=\"wp-block-image size-full\"><img loading=\"lazy\" decoding=\"async\" width=\"600\" height=\"400\" src=\"https:\/\/bxrepsol.s3.eu-west-1.amazonaws.com\/static\/2024\/08\/29070649\/Foto-11-DJI-Osmo-Action-4.jpg\" alt=\"C\u00e1mara DJI Osmo Action 4\" class=\"wp-image-119230\" srcset=\"https:\/\/bxrepsol.s3.eu-west-1.amazonaws.com\/static\/2024\/08\/29070649\/Foto-11-DJI-Osmo-Action-4.jpg 600w, https:\/\/bxrepsol.s3.eu-west-1.amazonaws.com\/static\/2024\/08\/29070649\/Foto-11-DJI-Osmo-Action-4-300x200.jpg 300w\" sizes=\"auto, (max-width: 600px) 100vw, 600px\" \/><\/figure>\n\n\n\n<p><strong>Modelo: <\/strong>DJI Osmo Action 4; <strong>Precio<\/strong>: 309 \u20ac; <strong>Calidad m\u00e1xima video<\/strong>: 4K120fps; <strong>Calidad m\u00e1xima foto<\/strong>: 3648 x 2736; <strong>Campo de visi\u00f3n<\/strong>: 155\u00b0 <strong>Sensor<\/strong>: CMOS de 1\/1.3\u201d; <strong>Estabilizador<\/strong>: EIS RockSteady&nbsp;3.0; <strong>Tama\u00f1o pantalla<\/strong>: Trasera de 2,25\u201d y delantera de 1,4\u201d; <strong>Bater\u00eda<\/strong>: 1770 mAh; <strong>Resistencia al agua<\/strong>: 18m; <strong>Conexiones: <\/strong>Bluetooth, wifiy GPS; <strong>Peso:<\/strong> 145 gr; <strong>Dimensiones: <\/strong>70,5 x 44,2 32,8mm<\/p>\n\n\n\n<h3 class=\"wp-block-heading\"><span class=\"ez-toc-section\" id=\"GoPro_Hero_12\"><\/span><strong>GoPro Hero 12<\/strong><span class=\"ez-toc-section-end\"><\/span><\/h3>\n\n\n\n<p><\/p>\n\n\n\n<figure class=\"wp-block-image size-full\"><img loading=\"lazy\" decoding=\"async\" width=\"600\" height=\"400\" src=\"https:\/\/bxrepsol.s3.eu-west-1.amazonaws.com\/static\/2024\/08\/29070711\/Foto-12-GoPro-Hero-12.jpg\" alt=\"C\u00e1mara GoPro Hero 12\" class=\"wp-image-119232\" srcset=\"https:\/\/bxrepsol.s3.eu-west-1.amazonaws.com\/static\/2024\/08\/29070711\/Foto-12-GoPro-Hero-12.jpg 600w, https:\/\/bxrepsol.s3.eu-west-1.amazonaws.com\/static\/2024\/08\/29070711\/Foto-12-GoPro-Hero-12-300x200.jpg 300w\" sizes=\"auto, (max-width: 600px) 100vw, 600px\" \/><\/figure>\n\n\n\n<p><strong>Modelo: <\/strong>GoPro Hero 12;<strong> Precio<\/strong>: 329 \u20ac; <strong>Calidad m\u00e1xima video<\/strong>: 5,3K60fps + 4K120fps; <strong>Calidad m\u00e1xima foto<\/strong>: 27,13MP; <strong>Campo de visi\u00f3n<\/strong>: 156\u00b0; <strong>Sensor:<\/strong> 27 MP; <strong>Estabilizador<\/strong>: HyperSmooth 6.0; <strong>Tama\u00f1o pantalla<\/strong>: Trasera de 2,27\u201d y delantera de 1,4\u201d; <strong>Bater\u00eda<\/strong>: 1720 mAh; <strong>Resistencia al agua<\/strong>: 10m; <strong>Conexiones: <\/strong>Bluetooth y wifi; <strong>Peso:<\/strong> 154 gr; <strong>Dimensiones:<\/strong> 71,8 x 50,8 x 33,6 mm<\/p>\n\n\n\n<h3 class=\"wp-block-heading\"><span class=\"ez-toc-section\" id=\"Insta360_Go_3S\"><\/span><strong>Insta360 Go 3S<\/strong><span class=\"ez-toc-section-end\"><\/span><\/h3>\n\n\n\n<p><\/p>\n\n\n\n<figure class=\"wp-block-image size-full\"><img loading=\"lazy\" decoding=\"async\" width=\"600\" height=\"400\" src=\"https:\/\/bxrepsol.s3.eu-west-1.amazonaws.com\/static\/2024\/08\/29070758\/Foto-13-Insta360-Go-3S-1.jpg\" alt=\"C\u00e1mara Insta360 Go 3S\" class=\"wp-image-119236\" srcset=\"https:\/\/bxrepsol.s3.eu-west-1.amazonaws.com\/static\/2024\/08\/29070758\/Foto-13-Insta360-Go-3S-1.jpg 600w, https:\/\/bxrepsol.s3.eu-west-1.amazonaws.com\/static\/2024\/08\/29070758\/Foto-13-Insta360-Go-3S-1-300x200.jpg 300w\" sizes=\"auto, (max-width: 600px) 100vw, 600px\" \/><\/figure>\n\n\n\n<p><strong>Modelo: <\/strong>Insta360 Go 3S; <strong>Precio<\/strong>: 400 \u20ac; <strong>Calidad m\u00e1xima video<\/strong>: 4K30fps; <strong>Calidad m\u00e1xima foto<\/strong>: N.D.; <strong>Campo de visi\u00f3n<\/strong>: 360\u00b0; <strong>Sensor<\/strong>: 12 MP; <strong>Estabilizador<\/strong>: N.D.; <strong>Tama\u00f1o pantalla<\/strong>: 2,29\u201d; <strong>Bater\u00eda<\/strong>: 1270 mAh; <strong>Resistencia al agua<\/strong>: 10 m; <strong>Conexiones: <\/strong>Bluetooth y wifi; <strong>Peso:<\/strong> 39,1 gr; <strong>Dimensiones:<\/strong> 25,6 x 54,4 24,8 mm<\/p>\n\n\n\n<h3 class=\"wp-block-heading\"><span class=\"ez-toc-section\" id=\"Sony_DSC-RX0_II\"><\/span><strong>Sony DSC-RX0 II<\/strong><span class=\"ez-toc-section-end\"><\/span><\/h3>\n\n\n\n<p><\/p>\n\n\n\n<figure class=\"wp-block-image size-full\"><img loading=\"lazy\" decoding=\"async\" width=\"600\" height=\"400\" src=\"https:\/\/bxrepsol.s3.eu-west-1.amazonaws.com\/static\/2024\/08\/29070820\/Foto-14-Sony-DSC-RX0-II.jpg\" alt=\"C\u00e1mara Sony DSC-RX0 II\" class=\"wp-image-119238\" srcset=\"https:\/\/bxrepsol.s3.eu-west-1.amazonaws.com\/static\/2024\/08\/29070820\/Foto-14-Sony-DSC-RX0-II.jpg 600w, https:\/\/bxrepsol.s3.eu-west-1.amazonaws.com\/static\/2024\/08\/29070820\/Foto-14-Sony-DSC-RX0-II-300x200.jpg 300w\" sizes=\"auto, (max-width: 600px) 100vw, 600px\" \/><\/figure>\n\n\n\n<p><strong>Modelo: <\/strong>Sony DSC-RX0 II;<strong> Precio<\/strong>: 707 \u20ac; <strong>Calidad m\u00e1xima video<\/strong>: 4K30fps; <strong>Calidad m\u00e1xima foto<\/strong>: N.D.; <strong>Campo de visi\u00f3n<\/strong>: 84\u00b0; <strong>Sensor<\/strong>: CMOS Exmor RS\u00ae tipo 1.0; <strong>Estabilizador<\/strong>: STEADYSHOT Electr\u00f3nico; <strong>Tama\u00f1o pantalla<\/strong>: 1,5\u201d; <strong>Bater\u00eda<\/strong>: N.D.; <strong>Resistencia al agua<\/strong>: 10 m; <strong>Conexiones: <\/strong>Bluetooth y wifi; <strong>Peso:<\/strong> 132 gr; <strong>Dimensiones:<\/strong> 59 x 40,5 x 35 mm<\/p>\n\n\n\n<h2 class=\"wp-block-heading\"><span class=\"ez-toc-section\" id=\"%C2%BFEs_legal_circular_en_moto_con_una_camara_de_accion\"><\/span><strong>\u00bfEs legal circular en moto con una c\u00e1mara de acci\u00f3n?<\/strong><span class=\"ez-toc-section-end\"><\/span><\/h2>\n\n\n\n<p>En Espa\u00f1a <strong>no hay&nbsp;ley&nbsp;espec\u00edfica que proh\u00edba<\/strong> <strong>llevar una c\u00e1mara de acci\u00f3n<\/strong> mientras se circula en moto, por lo que para determinar si es legal llevar una c\u00e1mara, hay que atender a diferentes factores como la Ley de Protecci\u00f3n de Datos, la Ley de Tr\u00e1fico y la homologaci\u00f3n del casco en el caso de llevarla acoplada a este elemento de seguridad.<\/p>\n\n\n\n<p>Si se graban im\u00e1genes en la v\u00eda p\u00fablica hay que tener en cuenta la <strong>Ley de Protecci\u00f3n de Datos<\/strong>. Si las im\u00e1genes que se graban son para uso privado y se utilizan como un recuerdo, no se aplica la normativa que hace referencia a la protecci\u00f3n de datos. Sin embargo, si se suben a redes sociales, YouTube, blogs, etc., <strong>se deben tener en cuenta las personas que puedan aparecer en las im\u00e1genes<\/strong> y respetar su derecho a la intimidad. Sin el consentimiento expreso de esas personas, se deber\u00e1n difuminar o \u201cpixelar\u201d sus caras para que no sean reconocibles, al igual que las matr\u00edculas de los veh\u00edculos. Del mismo modo, se debe evitar el uso de im\u00e1genes de propiedades privadas o del interior de veh\u00edculos.<\/p>\n\n\n\n<figure class=\"wp-block-image size-full\"><img loading=\"lazy\" decoding=\"async\" width=\"600\" height=\"400\" src=\"https:\/\/bxrepsol.s3.eu-west-1.amazonaws.com\/static\/2024\/08\/29070843\/Foto-15.jpg\" alt=\"C\u00e1mara para moto (10)\" class=\"wp-image-119240\" srcset=\"https:\/\/bxrepsol.s3.eu-west-1.amazonaws.com\/static\/2024\/08\/29070843\/Foto-15.jpg 600w, https:\/\/bxrepsol.s3.eu-west-1.amazonaws.com\/static\/2024\/08\/29070843\/Foto-15-300x200.jpg 300w\" sizes=\"auto, (max-width: 600px) 100vw, 600px\" \/><\/figure>\n\n\n\n<p>Por otro lado, la <strong>Ley de Tr\u00e1fico<\/strong> s\u00ed advierte que el conductor de un veh\u00edculo debe prestar atenci\u00f3n a la conducci\u00f3n y no realizar acciones que le distraigan, y que puedan poner en peligro su seguridad y la de terceras personas. De este modo, <strong>manipular una c\u00e1mara durante la conducci\u00f3n<\/strong> puede ser calificado como una distracci\u00f3n, y acarrear <a href=\"https:\/\/www.boxrepsol.com\/es\/vive-tu-moto\/como-saber-si-tengo-multas\/\">una <strong>multa<\/strong><\/a><strong> de 200 \u20ac<\/strong> y la <strong>retirada de 6 puntos <\/strong>del <a href=\"https:\/\/www.boxrepsol.com\/es\/vive-tu-moto\/numero-carnet-de-conducir-para-que-sirve\/\">carnet de conducir<\/a>.<\/p>\n\n\n\n<p>De igual modo, la instalaci\u00f3n de una c\u00e1mara en un casco puede conllevar a que un agente de tr\u00e1fico interprete que <strong>el casco no ha sido homologado<\/strong> as\u00ed y pueda sancionarlo con una <strong>multa de 200 euros<\/strong> y la <strong>retirada de 4 puntos<\/strong>.<\/p>\n\n\n\n<p>Para no tener problemas de este tipo, <strong>lo mejor es instalar la c\u00e1mara en otro lugar<\/strong> como el manillar o uno de los <a href=\"https:\/\/www.boxrepsol.com\/es\/cultura-motera\/retrovisor-obligatorio-moto\/\">espejos retrovisores de la moto<\/a>, siempre que no interfieran en el campo de visi\u00f3n del conductor. Tambi\u00e9n se permite llevar la c\u00e1mara en el pecho mediante un arn\u00e9s o \u201cbody-cam\u201d.<\/p>\n\n\n\n<figure class=\"wp-block-image size-full\"><img loading=\"lazy\" decoding=\"async\" width=\"600\" height=\"400\" src=\"https:\/\/bxrepsol.s3.eu-west-1.amazonaws.com\/static\/2024\/08\/29070949\/Foto-16.jpg\" alt=\"C\u00e1mara para moto (11)\" class=\"wp-image-119242\" srcset=\"https:\/\/bxrepsol.s3.eu-west-1.amazonaws.com\/static\/2024\/08\/29070949\/Foto-16.jpg 600w, https:\/\/bxrepsol.s3.eu-west-1.amazonaws.com\/static\/2024\/08\/29070949\/Foto-16-300x200.jpg 300w\" sizes=\"auto, (max-width: 600px) 100vw, 600px\" \/><\/figure>\n","protected":false},"excerpt":{"rendered":"<p>Conocidas como c\u00e1maras de acci\u00f3n o de uso deportivo, cada vez est\u00e1 m\u00e1s extendida su utilizaci\u00f3n para captar im\u00e1genes en video y en foto mientras se conduce una moto. Ya no resulta nada extra\u00f1o ver a motoristas que llevan adherida una c\u00e1mara al casco, a su cuerpo o alg\u00fan lugar de la moto mientras circulan. Estas c\u00e1maras permiten grabar im\u00e1genes para el recuerdo, para redes sociales e incluso para uso profesional. Tambi\u00e9n sus im\u00e1genes pueden ser de gran ayuda para aportar pruebas en caso de accidente.    <\/p>\n","protected":false},"author":41267,"featured_media":119210,"comment_status":"open","ping_status":"open","sticky":false,"template":"","format":"standard","meta":{"footnotes":""},"categories":[3],"tags":[587],"class_list":["post-119207","post","type-post","status-publish","format-standard","hentry","category-tecnologia","tag-innovacion-y-tecnologia"],"yoast_head":"<!-- This site is optimized with the Yoast SEO plugin v27.3 - https:\/\/yoast.com\/product\/yoast-seo-wordpress\/ -->\n<title>Top 5 c\u00e1maras para moto en 2025: \u00bfCu\u00e1l es mejor? - Box Repsol<\/title>\n<meta name=\"description\" content=\"Conoce las mejores c\u00e1maras para motos: modelos recomendados, caracter\u00edsticas y consejos para grabar tus aventuras sobre dos ruedas con calidad.\" \/>\n<link rel=\"canonical\" href=\"https:\/\/www.boxrepsol.com\/es\/tecnologia\/camaras-para-moto\/\" \/>\n<meta property=\"og:locale\" content=\"es_ES\" \/>\n<meta property=\"og:type\" content=\"article\" \/>\n<meta property=\"og:title\" content=\"Top 5 c\u00e1maras para moto en 2025: \u00bfCu\u00e1l es mejor? - Box Repsol\" \/>\n<meta property=\"og:description\" content=\"Conoce las mejores c\u00e1maras para motos: modelos recomendados, caracter\u00edsticas y consejos para grabar tus aventuras sobre dos ruedas con calidad.\" \/>\n<meta property=\"og:url\" content=\"https:\/\/www.boxrepsol.com\/es\/tecnologia\/camaras-para-moto\/\" \/>\n<meta property=\"og:site_name\" content=\"Box Repsol\" \/>\n<meta property=\"article:publisher\" content=\"https:\/\/www.facebook.com\/BoxRepsol\" \/>\n<meta property=\"article:published_time\" content=\"2024-08-29T09:10:13+00:00\" \/>\n<meta property=\"article:modified_time\" content=\"2025-06-26T09:31:36+00:00\" \/>\n<meta property=\"og:image\" content=\"https:\/\/bxrepsol.s3.eu-west-1.amazonaws.com\/static\/2024\/08\/29065809\/Foto-1-apertura-1.jpg\" \/>\n\t<meta property=\"og:image:width\" content=\"1280\" \/>\n\t<meta property=\"og:image:height\" content=\"650\" \/>\n\t<meta property=\"og:image:type\" content=\"image\/jpeg\" \/>\n<meta name=\"author\" content=\"V\u00edctor Gancedo\" \/>\n<meta name=\"twitter:card\" content=\"summary_large_image\" \/>\n<meta name=\"twitter:creator\" content=\"@box_repsol\" \/>\n<meta name=\"twitter:site\" content=\"@box_repsol\" \/>\n<meta name=\"twitter:label1\" content=\"Written by\" \/>\n\t<meta name=\"twitter:data1\" content=\"V\u00edctor Gancedo\" \/>\n\t<meta name=\"twitter:label2\" content=\"Est. reading time\" \/>\n\t<meta name=\"twitter:data2\" content=\"9 minutos\" \/>\n<script type=\"application\/ld+json\" class=\"yoast-schema-graph\">{\"@context\":\"https:\\\/\\\/schema.org\",\"@graph\":[{\"@type\":\"Article\",\"@id\":\"https:\\\/\\\/www.boxrepsol.com\\\/es\\\/tecnologia\\\/camaras-para-moto\\\/#article\",\"isPartOf\":{\"@id\":\"https:\\\/\\\/www.boxrepsol.com\\\/es\\\/tecnologia\\\/camaras-para-moto\\\/\"},\"author\":{\"name\":\"V\u00edctor Gancedo\",\"@id\":\"https:\\\/\\\/www.boxrepsol.com\\\/es\\\/#\\\/schema\\\/person\\\/40c28bf318bbbe8fe3848b194b7385ca\"},\"headline\":\"\u00bfCu\u00e1les son las mejores c\u00e1maras para moto en 2025?\",\"datePublished\":\"2024-08-29T09:10:13+00:00\",\"dateModified\":\"2025-06-26T09:31:36+00:00\",\"mainEntityOfPage\":{\"@id\":\"https:\\\/\\\/www.boxrepsol.com\\\/es\\\/tecnologia\\\/camaras-para-moto\\\/\"},\"wordCount\":1733,\"commentCount\":0,\"publisher\":{\"@id\":\"https:\\\/\\\/www.boxrepsol.com\\\/es\\\/#organization\"},\"image\":{\"@id\":\"https:\\\/\\\/www.boxrepsol.com\\\/es\\\/tecnologia\\\/camaras-para-moto\\\/#primaryimage\"},\"thumbnailUrl\":\"https:\\\/\\\/bxrepsol.s3.eu-west-1.amazonaws.com\\\/static\\\/2024\\\/08\\\/29065809\\\/Foto-1-apertura-1.jpg\",\"keywords\":[\"innovaci\u00f3n y tecnolog\u00eda\"],\"articleSection\":[\"Tecnologia\"],\"inLanguage\":\"es\",\"potentialAction\":[{\"@type\":\"CommentAction\",\"name\":\"Comment\",\"target\":[\"https:\\\/\\\/www.boxrepsol.com\\\/es\\\/tecnologia\\\/camaras-para-moto\\\/#respond\"]}]},{\"@type\":\"WebPage\",\"@id\":\"https:\\\/\\\/www.boxrepsol.com\\\/es\\\/tecnologia\\\/camaras-para-moto\\\/\",\"url\":\"https:\\\/\\\/www.boxrepsol.com\\\/es\\\/tecnologia\\\/camaras-para-moto\\\/\",\"name\":\"Top 5 c\u00e1maras para moto en 2025: \u00bfCu\u00e1l es mejor? - Box Repsol\",\"isPartOf\":{\"@id\":\"https:\\\/\\\/www.boxrepsol.com\\\/es\\\/#website\"},\"primaryImageOfPage\":{\"@id\":\"https:\\\/\\\/www.boxrepsol.com\\\/es\\\/tecnologia\\\/camaras-para-moto\\\/#primaryimage\"},\"image\":{\"@id\":\"https:\\\/\\\/www.boxrepsol.com\\\/es\\\/tecnologia\\\/camaras-para-moto\\\/#primaryimage\"},\"thumbnailUrl\":\"https:\\\/\\\/bxrepsol.s3.eu-west-1.amazonaws.com\\\/static\\\/2024\\\/08\\\/29065809\\\/Foto-1-apertura-1.jpg\",\"datePublished\":\"2024-08-29T09:10:13+00:00\",\"dateModified\":\"2025-06-26T09:31:36+00:00\",\"description\":\"Conoce las mejores c\u00e1maras para motos: modelos recomendados, caracter\u00edsticas y consejos para grabar tus aventuras sobre dos ruedas con calidad.\",\"breadcrumb\":{\"@id\":\"https:\\\/\\\/www.boxrepsol.com\\\/es\\\/tecnologia\\\/camaras-para-moto\\\/#breadcrumb\"},\"inLanguage\":\"es\",\"potentialAction\":[{\"@type\":\"ReadAction\",\"target\":[\"https:\\\/\\\/www.boxrepsol.com\\\/es\\\/tecnologia\\\/camaras-para-moto\\\/\"]}]},{\"@type\":\"ImageObject\",\"inLanguage\":\"es\",\"@id\":\"https:\\\/\\\/www.boxrepsol.com\\\/es\\\/tecnologia\\\/camaras-para-moto\\\/#primaryimage\",\"url\":\"https:\\\/\\\/bxrepsol.s3.eu-west-1.amazonaws.com\\\/static\\\/2024\\\/08\\\/29065809\\\/Foto-1-apertura-1.jpg\",\"contentUrl\":\"https:\\\/\\\/bxrepsol.s3.eu-west-1.amazonaws.com\\\/static\\\/2024\\\/08\\\/29065809\\\/Foto-1-apertura-1.jpg\",\"width\":1280,\"height\":650,\"caption\":\"Cascos para moto (1)\"},{\"@type\":\"BreadcrumbList\",\"@id\":\"https:\\\/\\\/www.boxrepsol.com\\\/es\\\/tecnologia\\\/camaras-para-moto\\\/#breadcrumb\",\"itemListElement\":[{\"@type\":\"ListItem\",\"position\":1,\"name\":\"Home\",\"item\":\"https:\\\/\\\/www.boxrepsol.com\\\/es\\\/\"},{\"@type\":\"ListItem\",\"position\":2,\"name\":\"\u00bfCu\u00e1les son las mejores c\u00e1maras para moto en 2025?\"}]},{\"@type\":\"WebSite\",\"@id\":\"https:\\\/\\\/www.boxrepsol.com\\\/es\\\/#website\",\"url\":\"https:\\\/\\\/www.boxrepsol.com\\\/es\\\/\",\"name\":\"Box Repsol\",\"description\":\"Box Repsol Site\",\"publisher\":{\"@id\":\"https:\\\/\\\/www.boxrepsol.com\\\/es\\\/#organization\"},\"potentialAction\":[{\"@type\":\"SearchAction\",\"target\":{\"@type\":\"EntryPoint\",\"urlTemplate\":\"https:\\\/\\\/www.boxrepsol.com\\\/es\\\/?s={search_term_string}\"},\"query-input\":{\"@type\":\"PropertyValueSpecification\",\"valueRequired\":true,\"valueName\":\"search_term_string\"}}],\"inLanguage\":\"es\"},{\"@type\":\"Organization\",\"@id\":\"https:\\\/\\\/www.boxrepsol.com\\\/es\\\/#organization\",\"name\":\"Box Repsol\",\"url\":\"https:\\\/\\\/www.boxrepsol.com\\\/es\\\/\",\"logo\":{\"@type\":\"ImageObject\",\"inLanguage\":\"es\",\"@id\":\"https:\\\/\\\/www.boxrepsol.com\\\/es\\\/#\\\/schema\\\/logo\\\/image\\\/\",\"url\":\"https:\\\/\\\/bxrepsol.s3.eu-west-1.amazonaws.com\\\/static\\\/2025\\\/07\\\/30083337\\\/favicon-96x96-1.png\",\"contentUrl\":\"https:\\\/\\\/bxrepsol.s3.eu-west-1.amazonaws.com\\\/static\\\/2025\\\/07\\\/30083337\\\/favicon-96x96-1.png\",\"width\":96,\"height\":96,\"caption\":\"Box Repsol\"},\"image\":{\"@id\":\"https:\\\/\\\/www.boxrepsol.com\\\/es\\\/#\\\/schema\\\/logo\\\/image\\\/\"},\"sameAs\":[\"https:\\\/\\\/www.facebook.com\\\/BoxRepsol\",\"https:\\\/\\\/x.com\\\/box_repsol\",\"http:\\\/\\\/instagram.com\\\/box_repsol\",\"https:\\\/\\\/www.youtube.com\\\/user\\\/RepsolCompeticion\",\"https:\\\/\\\/www.flickr.com\\\/photos\\\/box_repsol\\\/\"]},{\"@type\":\"Person\",\"@id\":\"https:\\\/\\\/www.boxrepsol.com\\\/es\\\/#\\\/schema\\\/person\\\/40c28bf318bbbe8fe3848b194b7385ca\",\"name\":\"V\u00edctor Gancedo\",\"image\":{\"@type\":\"ImageObject\",\"inLanguage\":\"es\",\"@id\":\"https:\\\/\\\/secure.gravatar.com\\\/avatar\\\/cd1439a66fca5d3425cd2a7b13f32cd43e25022a0436c1235ef2a28e14fa660a?s=96&d=mm&r=g\",\"url\":\"https:\\\/\\\/secure.gravatar.com\\\/avatar\\\/cd1439a66fca5d3425cd2a7b13f32cd43e25022a0436c1235ef2a28e14fa660a?s=96&d=mm&r=g\",\"contentUrl\":\"https:\\\/\\\/secure.gravatar.com\\\/avatar\\\/cd1439a66fca5d3425cd2a7b13f32cd43e25022a0436c1235ef2a28e14fa660a?s=96&d=mm&r=g\",\"caption\":\"V\u00edctor Gancedo\"},\"description\":\"Periodista especializado en el mundo de las motos, V\u00edctor ha probado pr\u00e1cticamente todas las que han salido al mercado desde 1990. En su larga trayectoria, ha desempe\u00f1ado cargos como los de Jefe de Pruebas de la revista Motociclismo o Responsable de Pruebas del \u00c1rea de Motos del Grupo Motorpress-Ib\u00e9rica, hoy llamado Sport Life Ib\u00e9rica, al cual sigue vinculado.\",\"sameAs\":[\"https:\\\/\\\/www.instagram.com\\\/vfgancedo\"],\"url\":\"https:\\\/\\\/www.boxrepsol.com\\\/es\\\/author\\\/victor_gancedo\\\/\"}]}<\/script>\n<!-- \/ Yoast SEO plugin. -->","yoast_head_json":{"title":"Top 5 c\u00e1maras para moto en 2025: \u00bfCu\u00e1l es mejor? - Box Repsol","description":"Conoce las mejores c\u00e1maras para motos: modelos recomendados, caracter\u00edsticas y consejos para grabar tus aventuras sobre dos ruedas con calidad.","canonical":"https:\/\/www.boxrepsol.com\/es\/tecnologia\/camaras-para-moto\/","og_locale":"es_ES","og_type":"article","og_title":"Top 5 c\u00e1maras para moto en 2025: \u00bfCu\u00e1l es mejor? - Box Repsol","og_description":"Conoce las mejores c\u00e1maras para motos: modelos recomendados, caracter\u00edsticas y consejos para grabar tus aventuras sobre dos ruedas con calidad.","og_url":"https:\/\/www.boxrepsol.com\/es\/tecnologia\/camaras-para-moto\/","og_site_name":"Box Repsol","article_publisher":"https:\/\/www.facebook.com\/BoxRepsol","article_published_time":"2024-08-29T09:10:13+00:00","article_modified_time":"2025-06-26T09:31:36+00:00","og_image":[{"width":1280,"height":650,"url":"https:\/\/bxrepsol.s3.eu-west-1.amazonaws.com\/static\/2024\/08\/29065809\/Foto-1-apertura-1.jpg","type":"image\/jpeg"}],"author":"V\u00edctor Gancedo","twitter_card":"summary_large_image","twitter_creator":"@box_repsol","twitter_site":"@box_repsol","twitter_misc":{"Written by":"V\u00edctor Gancedo","Est. reading time":"9 minutos"},"schema":{"@context":"https:\/\/schema.org","@graph":[{"@type":"Article","@id":"https:\/\/www.boxrepsol.com\/es\/tecnologia\/camaras-para-moto\/#article","isPartOf":{"@id":"https:\/\/www.boxrepsol.com\/es\/tecnologia\/camaras-para-moto\/"},"author":{"name":"V\u00edctor Gancedo","@id":"https:\/\/www.boxrepsol.com\/es\/#\/schema\/person\/40c28bf318bbbe8fe3848b194b7385ca"},"headline":"\u00bfCu\u00e1les son las mejores c\u00e1maras para moto en 2025?","datePublished":"2024-08-29T09:10:13+00:00","dateModified":"2025-06-26T09:31:36+00:00","mainEntityOfPage":{"@id":"https:\/\/www.boxrepsol.com\/es\/tecnologia\/camaras-para-moto\/"},"wordCount":1733,"commentCount":0,"publisher":{"@id":"https:\/\/www.boxrepsol.com\/es\/#organization"},"image":{"@id":"https:\/\/www.boxrepsol.com\/es\/tecnologia\/camaras-para-moto\/#primaryimage"},"thumbnailUrl":"https:\/\/bxrepsol.s3.eu-west-1.amazonaws.com\/static\/2024\/08\/29065809\/Foto-1-apertura-1.jpg","keywords":["innovaci\u00f3n y tecnolog\u00eda"],"articleSection":["Tecnologia"],"inLanguage":"es","potentialAction":[{"@type":"CommentAction","name":"Comment","target":["https:\/\/www.boxrepsol.com\/es\/tecnologia\/camaras-para-moto\/#respond"]}]},{"@type":"WebPage","@id":"https:\/\/www.boxrepsol.com\/es\/tecnologia\/camaras-para-moto\/","url":"https:\/\/www.boxrepsol.com\/es\/tecnologia\/camaras-para-moto\/","name":"Top 5 c\u00e1maras para moto en 2025: \u00bfCu\u00e1l es mejor? - Box Repsol","isPartOf":{"@id":"https:\/\/www.boxrepsol.com\/es\/#website"},"primaryImageOfPage":{"@id":"https:\/\/www.boxrepsol.com\/es\/tecnologia\/camaras-para-moto\/#primaryimage"},"image":{"@id":"https:\/\/www.boxrepsol.com\/es\/tecnologia\/camaras-para-moto\/#primaryimage"},"thumbnailUrl":"https:\/\/bxrepsol.s3.eu-west-1.amazonaws.com\/static\/2024\/08\/29065809\/Foto-1-apertura-1.jpg","datePublished":"2024-08-29T09:10:13+00:00","dateModified":"2025-06-26T09:31:36+00:00","description":"Conoce las mejores c\u00e1maras para motos: modelos recomendados, caracter\u00edsticas y consejos para grabar tus aventuras sobre dos ruedas con calidad.","breadcrumb":{"@id":"https:\/\/www.boxrepsol.com\/es\/tecnologia\/camaras-para-moto\/#breadcrumb"},"inLanguage":"es","potentialAction":[{"@type":"ReadAction","target":["https:\/\/www.boxrepsol.com\/es\/tecnologia\/camaras-para-moto\/"]}]},{"@type":"ImageObject","inLanguage":"es","@id":"https:\/\/www.boxrepsol.com\/es\/tecnologia\/camaras-para-moto\/#primaryimage","url":"https:\/\/bxrepsol.s3.eu-west-1.amazonaws.com\/static\/2024\/08\/29065809\/Foto-1-apertura-1.jpg","contentUrl":"https:\/\/bxrepsol.s3.eu-west-1.amazonaws.com\/static\/2024\/08\/29065809\/Foto-1-apertura-1.jpg","width":1280,"height":650,"caption":"Cascos para moto (1)"},{"@type":"BreadcrumbList","@id":"https:\/\/www.boxrepsol.com\/es\/tecnologia\/camaras-para-moto\/#breadcrumb","itemListElement":[{"@type":"ListItem","position":1,"name":"Home","item":"https:\/\/www.boxrepsol.com\/es\/"},{"@type":"ListItem","position":2,"name":"\u00bfCu\u00e1les son las mejores c\u00e1maras para moto en 2025?"}]},{"@type":"WebSite","@id":"https:\/\/www.boxrepsol.com\/es\/#website","url":"https:\/\/www.boxrepsol.com\/es\/","name":"Box Repsol","description":"Box Repsol Site","publisher":{"@id":"https:\/\/www.boxrepsol.com\/es\/#organization"},"potentialAction":[{"@type":"SearchAction","target":{"@type":"EntryPoint","urlTemplate":"https:\/\/www.boxrepsol.com\/es\/?s={search_term_string}"},"query-input":{"@type":"PropertyValueSpecification","valueRequired":true,"valueName":"search_term_string"}}],"inLanguage":"es"},{"@type":"Organization","@id":"https:\/\/www.boxrepsol.com\/es\/#organization","name":"Box Repsol","url":"https:\/\/www.boxrepsol.com\/es\/","logo":{"@type":"ImageObject","inLanguage":"es","@id":"https:\/\/www.boxrepsol.com\/es\/#\/schema\/logo\/image\/","url":"https:\/\/bxrepsol.s3.eu-west-1.amazonaws.com\/static\/2025\/07\/30083337\/favicon-96x96-1.png","contentUrl":"https:\/\/bxrepsol.s3.eu-west-1.amazonaws.com\/static\/2025\/07\/30083337\/favicon-96x96-1.png","width":96,"height":96,"caption":"Box Repsol"},"image":{"@id":"https:\/\/www.boxrepsol.com\/es\/#\/schema\/logo\/image\/"},"sameAs":["https:\/\/www.facebook.com\/BoxRepsol","https:\/\/x.com\/box_repsol","http:\/\/instagram.com\/box_repsol","https:\/\/www.youtube.com\/user\/RepsolCompeticion","https:\/\/www.flickr.com\/photos\/box_repsol\/"]},{"@type":"Person","@id":"https:\/\/www.boxrepsol.com\/es\/#\/schema\/person\/40c28bf318bbbe8fe3848b194b7385ca","name":"V\u00edctor Gancedo","image":{"@type":"ImageObject","inLanguage":"es","@id":"https:\/\/secure.gravatar.com\/avatar\/cd1439a66fca5d3425cd2a7b13f32cd43e25022a0436c1235ef2a28e14fa660a?s=96&d=mm&r=g","url":"https:\/\/secure.gravatar.com\/avatar\/cd1439a66fca5d3425cd2a7b13f32cd43e25022a0436c1235ef2a28e14fa660a?s=96&d=mm&r=g","contentUrl":"https:\/\/secure.gravatar.com\/avatar\/cd1439a66fca5d3425cd2a7b13f32cd43e25022a0436c1235ef2a28e14fa660a?s=96&d=mm&r=g","caption":"V\u00edctor Gancedo"},"description":"Periodista especializado en el mundo de las motos, V\u00edctor ha probado pr\u00e1cticamente todas las que han salido al mercado desde 1990. En su larga trayectoria, ha desempe\u00f1ado cargos como los de Jefe de Pruebas de la revista Motociclismo o Responsable de Pruebas del \u00c1rea de Motos del Grupo Motorpress-Ib\u00e9rica, hoy llamado Sport Life Ib\u00e9rica, al cual sigue vinculado.","sameAs":["https:\/\/www.instagram.com\/vfgancedo"],"url":"https:\/\/www.boxrepsol.com\/es\/author\/victor_gancedo\/"}]}},"_links":{"self":[{"href":"https:\/\/www.boxrepsol.com\/es\/wp-json\/wp\/v2\/posts\/119207","targetHints":{"allow":["GET"]}}],"collection":[{"href":"https:\/\/www.boxrepsol.com\/es\/wp-json\/wp\/v2\/posts"}],"about":[{"href":"https:\/\/www.boxrepsol.com\/es\/wp-json\/wp\/v2\/types\/post"}],"author":[{"embeddable":true,"href":"https:\/\/www.boxrepsol.com\/es\/wp-json\/wp\/v2\/users\/41267"}],"replies":[{"embeddable":true,"href":"https:\/\/www.boxrepsol.com\/es\/wp-json\/wp\/v2\/comments?post=119207"}],"version-history":[{"count":5,"href":"https:\/\/www.boxrepsol.com\/es\/wp-json\/wp\/v2\/posts\/119207\/revisions"}],"predecessor-version":[{"id":123505,"href":"https:\/\/www.boxrepsol.com\/es\/wp-json\/wp\/v2\/posts\/119207\/revisions\/123505"}],"wp:featuredmedia":[{"embeddable":true,"href":"https:\/\/www.boxrepsol.com\/es\/wp-json\/wp\/v2\/media\/119210"}],"wp:attachment":[{"href":"https:\/\/www.boxrepsol.com\/es\/wp-json\/wp\/v2\/media?parent=119207"}],"wp:term":[{"taxonomy":"category","embeddable":true,"href":"https:\/\/www.boxrepsol.com\/es\/wp-json\/wp\/v2\/categories?post=119207"},{"taxonomy":"post_tag","embeddable":true,"href":"https:\/\/www.boxrepsol.com\/es\/wp-json\/wp\/v2\/tags?post=119207"}],"curies":[{"name":"wp","href":"https:\/\/api.w.org\/{rel}","templated":true}]}}