{"id":119150,"date":"2024-08-25T14:53:19","date_gmt":"2024-08-25T16:53:19","guid":{"rendered":"https:\/\/www.boxrepsol.com\/?p=119150"},"modified":"2025-07-24T06:45:24","modified_gmt":"2025-07-24T08:45:24","slug":"resultados-y-resumen-del-trialgp-de-francia-2024","status":"publish","type":"post","link":"https:\/\/www.boxrepsol.com\/es\/trial\/resultados-y-resumen-del-trialgp-de-francia-2024\/","title":{"rendered":"Resultados y resumen del TrialGP de Francia 2024"},"content":{"rendered":"<figure class=\"wp-block-post-featured-image\"><img loading=\"lazy\" decoding=\"async\" width=\"1280\" height=\"650\" src=\"https:\/\/bxrepsol.s3.eu-west-1.amazonaws.com\/static\/2024\/08\/25144308\/TrialGP24_r4_PODIUM_07174_ps.png\" class=\"attachment-post-thumbnail size-post-thumbnail wp-post-image\" alt=\"\" style=\"object-fit:cover;\" srcset=\"https:\/\/bxrepsol.s3.eu-west-1.amazonaws.com\/static\/2024\/08\/25144308\/TrialGP24_r4_PODIUM_07174_ps.png 1280w, https:\/\/bxrepsol.s3.eu-west-1.amazonaws.com\/static\/2024\/08\/25144308\/TrialGP24_r4_PODIUM_07174_ps-300x152.png 300w, https:\/\/bxrepsol.s3.eu-west-1.amazonaws.com\/static\/2024\/08\/25144308\/TrialGP24_r4_PODIUM_07174_ps-1024x520.png 1024w, https:\/\/bxrepsol.s3.eu-west-1.amazonaws.com\/static\/2024\/08\/25144308\/TrialGP24_r4_PODIUM_07174_ps-768x390.png 768w\" sizes=\"auto, (max-width: 1280px) 100vw, 1280px\" \/><\/figure>\n\n\n<p>Regresando de las vacaciones de verano, el campeonato de trial <em>indoor<\/em> ha disputado su pen\u00faltima cita del calendario hoy en Cahors. La ronda francesa ha sido la primera bola de partido para el vigente Campe\u00f3n del Mundo, Toni Bou.<\/p>\n\n\n\n<p>Tras un intenso d\u00eda de competici\u00f3n el del Repsol Honda ha sabido, una vez m\u00e1s, c\u00f3mo sacar a relucir su talento con la <strong>152\u00aa victoria de su carrera deportiva<\/strong>, la cual le ha permitido celebrar un nuevo t\u00edtulo de <strong>Campe\u00f3n del Mundo<\/strong> desde el caj\u00f3n m\u00e1s alto del podio.<\/p>\n\n\n\n<p>Jaime Busto y <strong>Gabriel Marcelli <\/strong>han cerrado el podio en la localidad francesa, dejando muy ajustada la lucha por el subcampeonato en la general del mundial.<\/p>\n\n\n\n<h2 class=\"wp-block-heading\"><strong>Un nuevo domingo para el recuerdo<\/strong><\/h2>\n\n\n\n<p><\/p>\n\n\n\n<p><strong>Toni Bou<\/strong> ha iniciado el d\u00eda con una primera posici\u00f3n en la primera vuelta, que no ha llegado a ser perfecta debido a un fallo en la primera zona. No obstante, el del equipo Repsol Honda ha sabido sobreponerse para escalar posiciones y finalizar primero en las dos vueltas disputadas. Con los resultados cosechados en el d\u00eda de hoy, Toni Bou vuelve a casa con un <strong>nuevo t\u00edtulo mundial<\/strong> bajo el brazo. Con esta haza\u00f1a el de Piera se adjudica su <strong>35\u00ba t\u00edtulo de Campe\u00f3n del Mundo<\/strong> en este deporte.<\/p>\n\n\n\n<p>Por su parte, <strong>Gabriel Marcelli<\/strong> ha cerrado un intenso d\u00eda con una <strong>tercera posici\u00f3n<\/strong>. El piloto gallego del <strong>Repsol Honda <\/strong>ha estado luchando en ambas vueltas por lograr la segunda posici\u00f3n con el objetivo de mantener su segunda plaza provisional en la general. Sin embargo, Jaime Busto se ha mostrado m\u00e1s fuerte durante el d\u00eda de carrera y le ha ganado la segunda plaza, recortando dos puntos en la distancia por la consecuci\u00f3n del subcampeonato. <\/p>\n\n\n\n<p>Gabriel Marcelli mantienes la segunda plaza, con un diferencia respecto a Jaime Busto de 7 puntos. El nombre del subcampe\u00f3n del campeonato al aire libre de Trial se decidir\u00e1 del <strong>13 al 15 de septiembre<\/strong> en <strong>Ripoll<\/strong>, Espa\u00f1a.<\/p>\n\n\n\n<h2 class=\"wp-block-heading\"><strong>Clasificaci\u00f3n General<\/strong><\/h2>\n\n\n\n<figure class=\"wp-block-table is-style-stripes\"><table><tbody><tr><td><strong>PILOTO<\/strong><\/td><td><strong>EQUIPO<\/strong><\/td><td><strong>PUNTOS<\/strong><\/td><\/tr><tr><td><strong>1. Toni Bou<\/strong><\/td><td><strong>REPSOL HONDA<\/strong><\/td><td><strong>197<\/strong><\/td><\/tr><tr><td><strong>2. Gabriel Marcelli<\/strong><\/td><td><strong>REPSOL HONDA<\/strong><\/td><td><strong>150<\/strong><\/td><\/tr><tr><td>2. Jaime Busto<\/td><td>GASGAS<\/td><td>143<\/td><\/tr><tr><td>4. Adam Raga<\/td><td>SHERCO<\/td><td>127<\/td><\/tr><tr><td>5. Matteo Grattarola<\/td><td>BETA<\/td><td>115<\/td><\/tr><tr><td>6. Miquel Gelabert<\/td><td>VERTIGO<\/td><td>89<\/td><\/tr><tr><td>7. Jorge Casales<\/td><td>TRRS<\/td><td>84<\/td><\/tr><tr><td>8. Aniol Gelabert<\/td><td>TRRS<\/td><td>84<\/td><\/tr><tr><td>9. Beno\u00eet Bincaz<\/td><td>SHERCO<\/td><td>68<\/td><\/tr><tr><td>10. Hugo Dufrese<\/td><td>HONDA<\/td><td>66<\/td><\/tr><tr><td>11. Toby Martyn <\/td><td>GASGAS<\/td><td>55<\/td><\/tr><tr><td>12. Luca Petrella<\/td><td>GASGAS<\/td><td>37<\/td><\/tr><tr><td>13. Lorenzo Gandola<\/td><td>BETA<\/td><td>34<\/td><\/tr><\/tbody><\/table><\/figure>\n\n\n\n<p><\/p>\n\n\n\n<h2 class=\"wp-block-heading\"><strong>Declaraciones<\/strong><\/h2>\n\n\n\n<h3 class=\"wp-block-heading\"><strong>Toni Bou<\/strong><\/h3>\n\n\n\n<p>\u00abEn primer lugar, me gustar\u00eda darle las gracias al equipo por el incre\u00edble trabajo que han hecho esta temporada. Cuando hay posibilidad de ganar el t\u00edtulo siempre hay m\u00e1s presi\u00f3n y opciones de cometer alg\u00fan error, como ha sido en la primera zona, pero luego he podido dar mi mejor versi\u00f3n y hemos conseguido una gran victoria. Si se puede ganar el t\u00edtulo ganando la carrera mucho mejor. Ha sido una temporada muy buena en la que hemos trabajado muy bien. Es una de las mejores temporadas de mi carrera profesional y estoy muy contento\u201d.<\/p>\n\n\n\n<h3 class=\"wp-block-heading\"><strong>Gabriel Marcelli<\/strong><\/h3>\n\n\n\n<p>\u00abEste fin de semana era importante no bajarse del podio para mantener la segunda plaza en la general y estoy contento con las sensaciones. Hemos tenido una buena vuelta al campeonato despu\u00e9s del par\u00f3n veraniego donde las cosas han salido bien, a pesar de que hemos cometido alg\u00fan peque\u00f1o error. Conservamos un margen de 7 puntos con Jaime en la lucha por el subcampeonato y estamos en una buena posici\u00f3n. En Ripoll habr\u00e1 que ir con todo y dar nuestra mejor versi\u00f3n. Adem\u00e1s, quiero dar la enhorabuena a mi compa\u00f1ero de equipo Toni por su decimoctavo t\u00edtulo en TrialGP. Ha hecho una carrera magn\u00edfica y, en general, una temporada incre\u00edble\u201d.<\/p>\n","protected":false},"excerpt":{"rendered":"<p>Toni Bou revalida su corona y logra su 18\u00ba t\u00edtulo de Campe\u00f3n del Mundo de TrialGP <\/p>\n","protected":false},"author":43146,"featured_media":119151,"comment_status":"open","ping_status":"open","sticky":false,"template":"","format":"standard","meta":{"footnotes":""},"categories":[23],"tags":[306,21,475,503],"class_list":["post-119150","post","type-post","status-publish","format-standard","hentry","category-trial","tag-gabriel-marcelli","tag-toni-bou","tag-trialgp-2024","tag-trialgp-francia"],"yoast_head":"<!-- This site is optimized with the Yoast SEO plugin v27.3 - https:\/\/yoast.com\/product\/yoast-seo-wordpress\/ -->\n<title>Resultados y resumen del TrialGP de Francia 2024 - Box Repsol<\/title>\n<link rel=\"canonical\" href=\"https:\/\/www.boxrepsol.com\/es\/trial\/resultados-y-resumen-del-trialgp-de-francia-2024\/\" \/>\n<meta property=\"og:locale\" content=\"es_ES\" \/>\n<meta property=\"og:type\" content=\"article\" \/>\n<meta property=\"og:title\" content=\"Resultados y resumen del TrialGP de Francia 2024 - Box Repsol\" \/>\n<meta property=\"og:description\" content=\"Toni Bou revalida su corona y logra su 18\u00ba t\u00edtulo de Campe\u00f3n del Mundo de TrialGP\" \/>\n<meta property=\"og:url\" content=\"https:\/\/www.boxrepsol.com\/es\/trial\/resultados-y-resumen-del-trialgp-de-francia-2024\/\" \/>\n<meta property=\"og:site_name\" content=\"Box Repsol\" \/>\n<meta property=\"article:publisher\" content=\"https:\/\/www.facebook.com\/BoxRepsol\" \/>\n<meta property=\"article:author\" content=\"https:\/\/www.facebook.com\/BoxRepsol\/\" \/>\n<meta property=\"article:published_time\" content=\"2024-08-25T16:53:19+00:00\" \/>\n<meta property=\"article:modified_time\" content=\"2025-07-24T08:45:24+00:00\" \/>\n<meta property=\"og:image\" content=\"https:\/\/bxrepsol.s3.eu-west-1.amazonaws.com\/static\/2024\/08\/25144308\/TrialGP24_r4_PODIUM_07174_ps.png\" \/>\n\t<meta property=\"og:image:width\" content=\"1280\" \/>\n\t<meta property=\"og:image:height\" content=\"650\" \/>\n\t<meta property=\"og:image:type\" content=\"image\/png\" \/>\n<meta name=\"author\" content=\"Redacci\u00f3n Box Repsol\" \/>\n<meta name=\"twitter:card\" content=\"summary_large_image\" \/>\n<meta name=\"twitter:creator\" content=\"@https:\/\/twitter.com\/box_repsol\" \/>\n<meta name=\"twitter:site\" content=\"@box_repsol\" \/>\n<meta name=\"twitter:label1\" content=\"Written by\" \/>\n\t<meta name=\"twitter:data1\" content=\"Redacci\u00f3n Box Repsol\" \/>\n\t<meta name=\"twitter:label2\" content=\"Est. reading time\" \/>\n\t<meta name=\"twitter:data2\" content=\"3 minutos\" \/>\n<script type=\"application\/ld+json\" class=\"yoast-schema-graph\">{\"@context\":\"https:\\\/\\\/schema.org\",\"@graph\":[{\"@type\":\"Article\",\"@id\":\"https:\\\/\\\/www.boxrepsol.com\\\/es\\\/trial\\\/resultados-y-resumen-del-trialgp-de-francia-2024\\\/#article\",\"isPartOf\":{\"@id\":\"https:\\\/\\\/www.boxrepsol.com\\\/es\\\/trial\\\/resultados-y-resumen-del-trialgp-de-francia-2024\\\/\"},\"author\":{\"name\":\"Redacci\u00f3n Box Repsol\",\"@id\":\"https:\\\/\\\/www.boxrepsol.com\\\/es\\\/#\\\/schema\\\/person\\\/c5c2138f2cca251b0ad92b7086bb60b7\"},\"headline\":\"Resultados y resumen del TrialGP de Francia 2024\",\"datePublished\":\"2024-08-25T16:53:19+00:00\",\"dateModified\":\"2025-07-24T08:45:24+00:00\",\"mainEntityOfPage\":{\"@id\":\"https:\\\/\\\/www.boxrepsol.com\\\/es\\\/trial\\\/resultados-y-resumen-del-trialgp-de-francia-2024\\\/\"},\"wordCount\":626,\"commentCount\":0,\"publisher\":{\"@id\":\"https:\\\/\\\/www.boxrepsol.com\\\/es\\\/#organization\"},\"image\":{\"@id\":\"https:\\\/\\\/www.boxrepsol.com\\\/es\\\/trial\\\/resultados-y-resumen-del-trialgp-de-francia-2024\\\/#primaryimage\"},\"thumbnailUrl\":\"https:\\\/\\\/bxrepsol.s3.eu-west-1.amazonaws.com\\\/static\\\/2024\\\/08\\\/25144308\\\/TrialGP24_r4_PODIUM_07174_ps.png\",\"keywords\":[\"Gabriel Marcelli\",\"Toni Bou\",\"TrialGP 2024\",\"TrialGP Francia\"],\"articleSection\":[\"Trial\"],\"inLanguage\":\"es\",\"potentialAction\":[{\"@type\":\"CommentAction\",\"name\":\"Comment\",\"target\":[\"https:\\\/\\\/www.boxrepsol.com\\\/es\\\/trial\\\/resultados-y-resumen-del-trialgp-de-francia-2024\\\/#respond\"]}]},{\"@type\":\"WebPage\",\"@id\":\"https:\\\/\\\/www.boxrepsol.com\\\/es\\\/trial\\\/resultados-y-resumen-del-trialgp-de-francia-2024\\\/\",\"url\":\"https:\\\/\\\/www.boxrepsol.com\\\/es\\\/trial\\\/resultados-y-resumen-del-trialgp-de-francia-2024\\\/\",\"name\":\"Resultados y resumen del TrialGP de Francia 2024 - Box Repsol\",\"isPartOf\":{\"@id\":\"https:\\\/\\\/www.boxrepsol.com\\\/es\\\/#website\"},\"primaryImageOfPage\":{\"@id\":\"https:\\\/\\\/www.boxrepsol.com\\\/es\\\/trial\\\/resultados-y-resumen-del-trialgp-de-francia-2024\\\/#primaryimage\"},\"image\":{\"@id\":\"https:\\\/\\\/www.boxrepsol.com\\\/es\\\/trial\\\/resultados-y-resumen-del-trialgp-de-francia-2024\\\/#primaryimage\"},\"thumbnailUrl\":\"https:\\\/\\\/bxrepsol.s3.eu-west-1.amazonaws.com\\\/static\\\/2024\\\/08\\\/25144308\\\/TrialGP24_r4_PODIUM_07174_ps.png\",\"datePublished\":\"2024-08-25T16:53:19+00:00\",\"dateModified\":\"2025-07-24T08:45:24+00:00\",\"breadcrumb\":{\"@id\":\"https:\\\/\\\/www.boxrepsol.com\\\/es\\\/trial\\\/resultados-y-resumen-del-trialgp-de-francia-2024\\\/#breadcrumb\"},\"inLanguage\":\"es\",\"potentialAction\":[{\"@type\":\"ReadAction\",\"target\":[\"https:\\\/\\\/www.boxrepsol.com\\\/es\\\/trial\\\/resultados-y-resumen-del-trialgp-de-francia-2024\\\/\"]}]},{\"@type\":\"ImageObject\",\"inLanguage\":\"es\",\"@id\":\"https:\\\/\\\/www.boxrepsol.com\\\/es\\\/trial\\\/resultados-y-resumen-del-trialgp-de-francia-2024\\\/#primaryimage\",\"url\":\"https:\\\/\\\/bxrepsol.s3.eu-west-1.amazonaws.com\\\/static\\\/2024\\\/08\\\/25144308\\\/TrialGP24_r4_PODIUM_07174_ps.png\",\"contentUrl\":\"https:\\\/\\\/bxrepsol.s3.eu-west-1.amazonaws.com\\\/static\\\/2024\\\/08\\\/25144308\\\/TrialGP24_r4_PODIUM_07174_ps.png\",\"width\":1280,\"height\":650},{\"@type\":\"BreadcrumbList\",\"@id\":\"https:\\\/\\\/www.boxrepsol.com\\\/es\\\/trial\\\/resultados-y-resumen-del-trialgp-de-francia-2024\\\/#breadcrumb\",\"itemListElement\":[{\"@type\":\"ListItem\",\"position\":1,\"name\":\"Home\",\"item\":\"https:\\\/\\\/www.boxrepsol.com\\\/es\\\/\"},{\"@type\":\"ListItem\",\"position\":2,\"name\":\"Resultados y resumen del TrialGP de Francia 2024\"}]},{\"@type\":\"WebSite\",\"@id\":\"https:\\\/\\\/www.boxrepsol.com\\\/es\\\/#website\",\"url\":\"https:\\\/\\\/www.boxrepsol.com\\\/es\\\/\",\"name\":\"Box Repsol\",\"description\":\"Box Repsol Site\",\"publisher\":{\"@id\":\"https:\\\/\\\/www.boxrepsol.com\\\/es\\\/#organization\"},\"potentialAction\":[{\"@type\":\"SearchAction\",\"target\":{\"@type\":\"EntryPoint\",\"urlTemplate\":\"https:\\\/\\\/www.boxrepsol.com\\\/es\\\/?s={search_term_string}\"},\"query-input\":{\"@type\":\"PropertyValueSpecification\",\"valueRequired\":true,\"valueName\":\"search_term_string\"}}],\"inLanguage\":\"es\"},{\"@type\":\"Organization\",\"@id\":\"https:\\\/\\\/www.boxrepsol.com\\\/es\\\/#organization\",\"name\":\"Box Repsol\",\"url\":\"https:\\\/\\\/www.boxrepsol.com\\\/es\\\/\",\"logo\":{\"@type\":\"ImageObject\",\"inLanguage\":\"es\",\"@id\":\"https:\\\/\\\/www.boxrepsol.com\\\/es\\\/#\\\/schema\\\/logo\\\/image\\\/\",\"url\":\"https:\\\/\\\/bxrepsol.s3.eu-west-1.amazonaws.com\\\/static\\\/2025\\\/07\\\/30083337\\\/favicon-96x96-1.png\",\"contentUrl\":\"https:\\\/\\\/bxrepsol.s3.eu-west-1.amazonaws.com\\\/static\\\/2025\\\/07\\\/30083337\\\/favicon-96x96-1.png\",\"width\":96,\"height\":96,\"caption\":\"Box Repsol\"},\"image\":{\"@id\":\"https:\\\/\\\/www.boxrepsol.com\\\/es\\\/#\\\/schema\\\/logo\\\/image\\\/\"},\"sameAs\":[\"https:\\\/\\\/www.facebook.com\\\/BoxRepsol\",\"https:\\\/\\\/x.com\\\/box_repsol\",\"http:\\\/\\\/instagram.com\\\/box_repsol\",\"https:\\\/\\\/www.youtube.com\\\/user\\\/RepsolCompeticion\",\"https:\\\/\\\/www.flickr.com\\\/photos\\\/box_repsol\\\/\"]},{\"@type\":\"Person\",\"@id\":\"https:\\\/\\\/www.boxrepsol.com\\\/es\\\/#\\\/schema\\\/person\\\/c5c2138f2cca251b0ad92b7086bb60b7\",\"name\":\"Redacci\u00f3n Box Repsol\",\"image\":{\"@type\":\"ImageObject\",\"inLanguage\":\"es\",\"@id\":\"https:\\\/\\\/secure.gravatar.com\\\/avatar\\\/adf7b77e38b4419baf32c7e9c21dde01f4e40df611f0978e3006fc4ba0aaab7e?s=96&d=mm&r=g\",\"url\":\"https:\\\/\\\/secure.gravatar.com\\\/avatar\\\/adf7b77e38b4419baf32c7e9c21dde01f4e40df611f0978e3006fc4ba0aaab7e?s=96&d=mm&r=g\",\"contentUrl\":\"https:\\\/\\\/secure.gravatar.com\\\/avatar\\\/adf7b77e38b4419baf32c7e9c21dde01f4e40df611f0978e3006fc4ba0aaab7e?s=96&d=mm&r=g\",\"caption\":\"Redacci\u00f3n Box Repsol\"},\"description\":\"Box Repsol lo forma un equipo de periodistas, community managers, dise\u00f1adores y fot\u00f3grafos con m\u00e1s de 20 a\u00f1os de experiencia en el mundo del motorsport. Hemos vivido el primer mundial de un espa\u00f1ol en la categor\u00eda reina de motociclismo con \u00c1lex Crivill\u00e9, estuvimos en las victorias de Pedrosa y los t\u00edtulos de M\u00e1rquez, acompa\u00f1amos en \u00c1frica a Nani Roma y Marc Coma en sus conquistas del Dakar y hemos vibrado con los t\u00edtulos de Toni Bou en Trial. Adem\u00e1s, en nuestro equipo contamos con expertos en el mundo de las dos y cuatro ruedas tanto de la calle y las carreteras, como de los circuitos. Periodistas que han trabajado en revistas y publicaciones para hacerte llegar desde rutas y consejos de mantenimiento, a curiosidades y trucos de pilotaje.\",\"sameAs\":[\"https:\\\/\\\/www.facebook.com\\\/BoxRepsol\\\/\",\"https:\\\/\\\/www.instagram.com\\\/box_repsol\\\/\",\"https:\\\/\\\/x.com\\\/https:\\\/\\\/twitter.com\\\/box_repsol\",\"https:\\\/\\\/www.youtube.com\\\/@Boxrepsol\"],\"url\":\"https:\\\/\\\/www.boxrepsol.com\\\/es\\\/author\\\/redaccion-box-repsol\\\/\"}]}<\/script>\n<!-- \/ Yoast SEO plugin. -->","yoast_head_json":{"title":"Resultados y resumen del TrialGP de Francia 2024 - Box Repsol","canonical":"https:\/\/www.boxrepsol.com\/es\/trial\/resultados-y-resumen-del-trialgp-de-francia-2024\/","og_locale":"es_ES","og_type":"article","og_title":"Resultados y resumen del TrialGP de Francia 2024 - Box Repsol","og_description":"Toni Bou revalida su corona y logra su 18\u00ba t\u00edtulo de Campe\u00f3n del Mundo de TrialGP","og_url":"https:\/\/www.boxrepsol.com\/es\/trial\/resultados-y-resumen-del-trialgp-de-francia-2024\/","og_site_name":"Box Repsol","article_publisher":"https:\/\/www.facebook.com\/BoxRepsol","article_author":"https:\/\/www.facebook.com\/BoxRepsol\/","article_published_time":"2024-08-25T16:53:19+00:00","article_modified_time":"2025-07-24T08:45:24+00:00","og_image":[{"width":1280,"height":650,"url":"https:\/\/bxrepsol.s3.eu-west-1.amazonaws.com\/static\/2024\/08\/25144308\/TrialGP24_r4_PODIUM_07174_ps.png","type":"image\/png"}],"author":"Redacci\u00f3n Box Repsol","twitter_card":"summary_large_image","twitter_creator":"@https:\/\/twitter.com\/box_repsol","twitter_site":"@box_repsol","twitter_misc":{"Written by":"Redacci\u00f3n Box Repsol","Est. reading time":"3 minutos"},"schema":{"@context":"https:\/\/schema.org","@graph":[{"@type":"Article","@id":"https:\/\/www.boxrepsol.com\/es\/trial\/resultados-y-resumen-del-trialgp-de-francia-2024\/#article","isPartOf":{"@id":"https:\/\/www.boxrepsol.com\/es\/trial\/resultados-y-resumen-del-trialgp-de-francia-2024\/"},"author":{"name":"Redacci\u00f3n Box Repsol","@id":"https:\/\/www.boxrepsol.com\/es\/#\/schema\/person\/c5c2138f2cca251b0ad92b7086bb60b7"},"headline":"Resultados y resumen del TrialGP de Francia 2024","datePublished":"2024-08-25T16:53:19+00:00","dateModified":"2025-07-24T08:45:24+00:00","mainEntityOfPage":{"@id":"https:\/\/www.boxrepsol.com\/es\/trial\/resultados-y-resumen-del-trialgp-de-francia-2024\/"},"wordCount":626,"commentCount":0,"publisher":{"@id":"https:\/\/www.boxrepsol.com\/es\/#organization"},"image":{"@id":"https:\/\/www.boxrepsol.com\/es\/trial\/resultados-y-resumen-del-trialgp-de-francia-2024\/#primaryimage"},"thumbnailUrl":"https:\/\/bxrepsol.s3.eu-west-1.amazonaws.com\/static\/2024\/08\/25144308\/TrialGP24_r4_PODIUM_07174_ps.png","keywords":["Gabriel Marcelli","Toni Bou","TrialGP 2024","TrialGP Francia"],"articleSection":["Trial"],"inLanguage":"es","potentialAction":[{"@type":"CommentAction","name":"Comment","target":["https:\/\/www.boxrepsol.com\/es\/trial\/resultados-y-resumen-del-trialgp-de-francia-2024\/#respond"]}]},{"@type":"WebPage","@id":"https:\/\/www.boxrepsol.com\/es\/trial\/resultados-y-resumen-del-trialgp-de-francia-2024\/","url":"https:\/\/www.boxrepsol.com\/es\/trial\/resultados-y-resumen-del-trialgp-de-francia-2024\/","name":"Resultados y resumen del TrialGP de Francia 2024 - Box Repsol","isPartOf":{"@id":"https:\/\/www.boxrepsol.com\/es\/#website"},"primaryImageOfPage":{"@id":"https:\/\/www.boxrepsol.com\/es\/trial\/resultados-y-resumen-del-trialgp-de-francia-2024\/#primaryimage"},"image":{"@id":"https:\/\/www.boxrepsol.com\/es\/trial\/resultados-y-resumen-del-trialgp-de-francia-2024\/#primaryimage"},"thumbnailUrl":"https:\/\/bxrepsol.s3.eu-west-1.amazonaws.com\/static\/2024\/08\/25144308\/TrialGP24_r4_PODIUM_07174_ps.png","datePublished":"2024-08-25T16:53:19+00:00","dateModified":"2025-07-24T08:45:24+00:00","breadcrumb":{"@id":"https:\/\/www.boxrepsol.com\/es\/trial\/resultados-y-resumen-del-trialgp-de-francia-2024\/#breadcrumb"},"inLanguage":"es","potentialAction":[{"@type":"ReadAction","target":["https:\/\/www.boxrepsol.com\/es\/trial\/resultados-y-resumen-del-trialgp-de-francia-2024\/"]}]},{"@type":"ImageObject","inLanguage":"es","@id":"https:\/\/www.boxrepsol.com\/es\/trial\/resultados-y-resumen-del-trialgp-de-francia-2024\/#primaryimage","url":"https:\/\/bxrepsol.s3.eu-west-1.amazonaws.com\/static\/2024\/08\/25144308\/TrialGP24_r4_PODIUM_07174_ps.png","contentUrl":"https:\/\/bxrepsol.s3.eu-west-1.amazonaws.com\/static\/2024\/08\/25144308\/TrialGP24_r4_PODIUM_07174_ps.png","width":1280,"height":650},{"@type":"BreadcrumbList","@id":"https:\/\/www.boxrepsol.com\/es\/trial\/resultados-y-resumen-del-trialgp-de-francia-2024\/#breadcrumb","itemListElement":[{"@type":"ListItem","position":1,"name":"Home","item":"https:\/\/www.boxrepsol.com\/es\/"},{"@type":"ListItem","position":2,"name":"Resultados y resumen del TrialGP de Francia 2024"}]},{"@type":"WebSite","@id":"https:\/\/www.boxrepsol.com\/es\/#website","url":"https:\/\/www.boxrepsol.com\/es\/","name":"Box Repsol","description":"Box Repsol Site","publisher":{"@id":"https:\/\/www.boxrepsol.com\/es\/#organization"},"potentialAction":[{"@type":"SearchAction","target":{"@type":"EntryPoint","urlTemplate":"https:\/\/www.boxrepsol.com\/es\/?s={search_term_string}"},"query-input":{"@type":"PropertyValueSpecification","valueRequired":true,"valueName":"search_term_string"}}],"inLanguage":"es"},{"@type":"Organization","@id":"https:\/\/www.boxrepsol.com\/es\/#organization","name":"Box Repsol","url":"https:\/\/www.boxrepsol.com\/es\/","logo":{"@type":"ImageObject","inLanguage":"es","@id":"https:\/\/www.boxrepsol.com\/es\/#\/schema\/logo\/image\/","url":"https:\/\/bxrepsol.s3.eu-west-1.amazonaws.com\/static\/2025\/07\/30083337\/favicon-96x96-1.png","contentUrl":"https:\/\/bxrepsol.s3.eu-west-1.amazonaws.com\/static\/2025\/07\/30083337\/favicon-96x96-1.png","width":96,"height":96,"caption":"Box Repsol"},"image":{"@id":"https:\/\/www.boxrepsol.com\/es\/#\/schema\/logo\/image\/"},"sameAs":["https:\/\/www.facebook.com\/BoxRepsol","https:\/\/x.com\/box_repsol","http:\/\/instagram.com\/box_repsol","https:\/\/www.youtube.com\/user\/RepsolCompeticion","https:\/\/www.flickr.com\/photos\/box_repsol\/"]},{"@type":"Person","@id":"https:\/\/www.boxrepsol.com\/es\/#\/schema\/person\/c5c2138f2cca251b0ad92b7086bb60b7","name":"Redacci\u00f3n Box Repsol","image":{"@type":"ImageObject","inLanguage":"es","@id":"https:\/\/secure.gravatar.com\/avatar\/adf7b77e38b4419baf32c7e9c21dde01f4e40df611f0978e3006fc4ba0aaab7e?s=96&d=mm&r=g","url":"https:\/\/secure.gravatar.com\/avatar\/adf7b77e38b4419baf32c7e9c21dde01f4e40df611f0978e3006fc4ba0aaab7e?s=96&d=mm&r=g","contentUrl":"https:\/\/secure.gravatar.com\/avatar\/adf7b77e38b4419baf32c7e9c21dde01f4e40df611f0978e3006fc4ba0aaab7e?s=96&d=mm&r=g","caption":"Redacci\u00f3n Box Repsol"},"description":"Box Repsol lo forma un equipo de periodistas, community managers, dise\u00f1adores y fot\u00f3grafos con m\u00e1s de 20 a\u00f1os de experiencia en el mundo del motorsport. Hemos vivido el primer mundial de un espa\u00f1ol en la categor\u00eda reina de motociclismo con \u00c1lex Crivill\u00e9, estuvimos en las victorias de Pedrosa y los t\u00edtulos de M\u00e1rquez, acompa\u00f1amos en \u00c1frica a Nani Roma y Marc Coma en sus conquistas del Dakar y hemos vibrado con los t\u00edtulos de Toni Bou en Trial. Adem\u00e1s, en nuestro equipo contamos con expertos en el mundo de las dos y cuatro ruedas tanto de la calle y las carreteras, como de los circuitos. Periodistas que han trabajado en revistas y publicaciones para hacerte llegar desde rutas y consejos de mantenimiento, a curiosidades y trucos de pilotaje.","sameAs":["https:\/\/www.facebook.com\/BoxRepsol\/","https:\/\/www.instagram.com\/box_repsol\/","https:\/\/x.com\/https:\/\/twitter.com\/box_repsol","https:\/\/www.youtube.com\/@Boxrepsol"],"url":"https:\/\/www.boxrepsol.com\/es\/author\/redaccion-box-repsol\/"}]}},"_links":{"self":[{"href":"https:\/\/www.boxrepsol.com\/es\/wp-json\/wp\/v2\/posts\/119150","targetHints":{"allow":["GET"]}}],"collection":[{"href":"https:\/\/www.boxrepsol.com\/es\/wp-json\/wp\/v2\/posts"}],"about":[{"href":"https:\/\/www.boxrepsol.com\/es\/wp-json\/wp\/v2\/types\/post"}],"author":[{"embeddable":true,"href":"https:\/\/www.boxrepsol.com\/es\/wp-json\/wp\/v2\/users\/43146"}],"replies":[{"embeddable":true,"href":"https:\/\/www.boxrepsol.com\/es\/wp-json\/wp\/v2\/comments?post=119150"}],"version-history":[{"count":2,"href":"https:\/\/www.boxrepsol.com\/es\/wp-json\/wp\/v2\/posts\/119150\/revisions"}],"predecessor-version":[{"id":119156,"href":"https:\/\/www.boxrepsol.com\/es\/wp-json\/wp\/v2\/posts\/119150\/revisions\/119156"}],"wp:featuredmedia":[{"embeddable":true,"href":"https:\/\/www.boxrepsol.com\/es\/wp-json\/wp\/v2\/media\/119151"}],"wp:attachment":[{"href":"https:\/\/www.boxrepsol.com\/es\/wp-json\/wp\/v2\/media?parent=119150"}],"wp:term":[{"taxonomy":"category","embeddable":true,"href":"https:\/\/www.boxrepsol.com\/es\/wp-json\/wp\/v2\/categories?post=119150"},{"taxonomy":"post_tag","embeddable":true,"href":"https:\/\/www.boxrepsol.com\/es\/wp-json\/wp\/v2\/tags?post=119150"}],"curies":[{"name":"wp","href":"https:\/\/api.w.org\/{rel}","templated":true}]}}