{"id":117937,"date":"2024-07-26T07:15:46","date_gmt":"2024-07-26T09:15:46","guid":{"rendered":"https:\/\/www.boxrepsol.com\/?p=117937"},"modified":"2024-07-26T13:45:48","modified_gmt":"2024-07-26T15:45:48","slug":"joan-mir-renueva-con-el-repsol-honda-team-hasta-2026","status":"publish","type":"post","link":"https:\/\/www.boxrepsol.com\/es\/motogp\/joan-mir-renueva-con-el-repsol-honda-team-hasta-2026\/","title":{"rendered":"Joan Mir renueva con el Repsol Honda Team hasta 2026"},"content":{"rendered":"<figure class=\"wp-block-post-featured-image\"><img loading=\"lazy\" decoding=\"async\" width=\"1280\" height=\"650\" src=\"https:\/\/bxrepsol.s3.eu-west-1.amazonaws.com\/static\/2024\/07\/26063530\/187111917_0JR8994.jpg\" class=\"attachment-post-thumbnail size-post-thumbnail wp-post-image\" alt=\"Joan Mir renueva con el Repsol Honda Team hasta 2026\" style=\"object-fit:cover;\" srcset=\"https:\/\/bxrepsol.s3.eu-west-1.amazonaws.com\/static\/2024\/07\/26063530\/187111917_0JR8994.jpg 1280w, https:\/\/bxrepsol.s3.eu-west-1.amazonaws.com\/static\/2024\/07\/26063530\/187111917_0JR8994-300x152.jpg 300w, https:\/\/bxrepsol.s3.eu-west-1.amazonaws.com\/static\/2024\/07\/26063530\/187111917_0JR8994-1024x520.jpg 1024w, https:\/\/bxrepsol.s3.eu-west-1.amazonaws.com\/static\/2024\/07\/26063530\/187111917_0JR8994-768x390.jpg 768w\" sizes=\"auto, (max-width: 1280px) 100vw, 1280px\" \/><\/figure>\n\n\n<p><strong>Joan Mir <\/strong>y <strong>HRC<\/strong> han llegado a un acuerdo para que el piloto mallorqu\u00edn siga vinculado al <strong>Repsol Honda Team<\/strong> hasta 2026. El bicampe\u00f3n del mundo disputar\u00e1 as\u00ed <strong>su tercera y cuarta temporada<\/strong> junto al equipo, lo que se convertir\u00e1n en su s\u00e9ptimo y octavo a\u00f1o en la categor\u00eda reina.<\/p>\n\n\n\n<p>De esta forma, el<strong> Repsol Honda Team<\/strong> confirma definitivamente su alineaci\u00f3n al completo para la pr\u00f3xima temporada, con <a href=\"https:\/\/www.boxrepsol.com\/es\/motogp\/luca-marini-estar-en-este-equipo-de-motogp-es-un-sueno\/\"><strong>Luca Marini<\/strong><\/a><strong> <\/strong>como acompa\u00f1ante. Adem\u00e1s de <strong>Stefan Bradl<\/strong>, <strong>Aleix Espargar\u00f3<\/strong> se unir\u00e1 como piloto probador apoyando el desarrollo de la m\u00e1quina.<\/p>\n\n\n\n<p><strong>Joan Mir<\/strong> debut\u00f3 a tiempo completo en la categor\u00eda de Moto3<strong> <\/strong>en 2016, y obtuvo su primer Mundial a la temporada siguiente, en 2017,<strong> con diez triunfos<\/strong>. Ascendi\u00f3 a la categor\u00eda de Moto2 en 2018 y dio el salto a la categor\u00eda reina, MotoGP, en 2019 antes de proclamarse <strong>Campe\u00f3n del Mundo<\/strong> en 2020.<\/p>\n","protected":false},"excerpt":{"rendered":"<p>Joan Mir y HRC llegan a un acuerdo para que el piloto mallorqu\u00edn renueve con el Repsol Honda Team por dos temporadas m\u00e1s (2025 y 2026)<\/p>\n","protected":false},"author":43146,"featured_media":117938,"comment_status":"open","ping_status":"open","sticky":false,"template":"","format":"standard","meta":{"footnotes":""},"categories":[4],"tags":[271,434],"class_list":["post-117937","post","type-post","status-publish","format-standard","hentry","category-motogp","tag-joan-mir","tag-motogp-2024"],"yoast_head":"<!-- This site is optimized with the Yoast SEO plugin v27.3 - https:\/\/yoast.com\/product\/yoast-seo-wordpress\/ -->\n<title>Joan Mir renueva con el Repsol Honda Team hasta 2026 - Box Repsol<\/title>\n<meta name=\"description\" content=\"Joan Mir y HRC llegan a un acuerdo para que el piloto mallorqu\u00edn renueve con el Repsol Honda Team por dos temporadas m\u00e1s, hasta 2026\" \/>\n<link rel=\"canonical\" href=\"https:\/\/www.boxrepsol.com\/es\/motogp\/joan-mir-renueva-con-el-repsol-honda-team-hasta-2026\/\" \/>\n<meta property=\"og:locale\" content=\"es_ES\" \/>\n<meta property=\"og:type\" content=\"article\" \/>\n<meta property=\"og:title\" content=\"Joan Mir renueva con el Repsol Honda Team hasta 2026 - Box Repsol\" \/>\n<meta property=\"og:description\" content=\"Joan Mir y HRC llegan a un acuerdo para que el piloto mallorqu\u00edn renueve con el Repsol Honda Team por dos temporadas m\u00e1s, hasta 2026\" \/>\n<meta property=\"og:url\" content=\"https:\/\/www.boxrepsol.com\/es\/motogp\/joan-mir-renueva-con-el-repsol-honda-team-hasta-2026\/\" \/>\n<meta property=\"og:site_name\" content=\"Box Repsol\" \/>\n<meta property=\"article:publisher\" content=\"https:\/\/www.facebook.com\/BoxRepsol\" \/>\n<meta property=\"article:author\" content=\"https:\/\/www.facebook.com\/BoxRepsol\/\" \/>\n<meta property=\"article:published_time\" content=\"2024-07-26T09:15:46+00:00\" \/>\n<meta property=\"article:modified_time\" content=\"2024-07-26T15:45:48+00:00\" \/>\n<meta property=\"og:image\" content=\"https:\/\/bxrepsol.s3.eu-west-1.amazonaws.com\/static\/2024\/07\/26063530\/187111917_0JR8994.jpg\" \/>\n\t<meta property=\"og:image:width\" content=\"1280\" \/>\n\t<meta property=\"og:image:height\" content=\"650\" \/>\n\t<meta property=\"og:image:type\" content=\"image\/jpeg\" \/>\n<meta name=\"author\" content=\"Redacci\u00f3n Box Repsol\" \/>\n<meta name=\"twitter:card\" content=\"summary_large_image\" \/>\n<meta name=\"twitter:creator\" content=\"@https:\/\/twitter.com\/box_repsol\" \/>\n<meta name=\"twitter:site\" content=\"@box_repsol\" \/>\n<meta name=\"twitter:label1\" content=\"Written by\" \/>\n\t<meta name=\"twitter:data1\" content=\"Redacci\u00f3n Box Repsol\" \/>\n\t<meta name=\"twitter:label2\" content=\"Est. reading time\" \/>\n\t<meta name=\"twitter:data2\" content=\"1 minuto\" \/>\n<script type=\"application\/ld+json\" class=\"yoast-schema-graph\">{\"@context\":\"https:\\\/\\\/schema.org\",\"@graph\":[{\"@type\":\"Article\",\"@id\":\"https:\\\/\\\/www.boxrepsol.com\\\/es\\\/motogp\\\/joan-mir-renueva-con-el-repsol-honda-team-hasta-2026\\\/#article\",\"isPartOf\":{\"@id\":\"https:\\\/\\\/www.boxrepsol.com\\\/es\\\/motogp\\\/joan-mir-renueva-con-el-repsol-honda-team-hasta-2026\\\/\"},\"author\":{\"name\":\"Redacci\u00f3n Box Repsol\",\"@id\":\"https:\\\/\\\/www.boxrepsol.com\\\/es\\\/#\\\/schema\\\/person\\\/c5c2138f2cca251b0ad92b7086bb60b7\"},\"headline\":\"Joan Mir renueva con el Repsol Honda Team hasta 2026\",\"datePublished\":\"2024-07-26T09:15:46+00:00\",\"dateModified\":\"2024-07-26T15:45:48+00:00\",\"mainEntityOfPage\":{\"@id\":\"https:\\\/\\\/www.boxrepsol.com\\\/es\\\/motogp\\\/joan-mir-renueva-con-el-repsol-honda-team-hasta-2026\\\/\"},\"wordCount\":161,\"commentCount\":0,\"publisher\":{\"@id\":\"https:\\\/\\\/www.boxrepsol.com\\\/es\\\/#organization\"},\"image\":{\"@id\":\"https:\\\/\\\/www.boxrepsol.com\\\/es\\\/motogp\\\/joan-mir-renueva-con-el-repsol-honda-team-hasta-2026\\\/#primaryimage\"},\"thumbnailUrl\":\"https:\\\/\\\/bxrepsol.s3.eu-west-1.amazonaws.com\\\/static\\\/2024\\\/07\\\/26063530\\\/187111917_0JR8994.jpg\",\"keywords\":[\"Joan Mir\",\"MotoGP 2024\"],\"articleSection\":[\"MotoGP\"],\"inLanguage\":\"es\",\"potentialAction\":[{\"@type\":\"CommentAction\",\"name\":\"Comment\",\"target\":[\"https:\\\/\\\/www.boxrepsol.com\\\/es\\\/motogp\\\/joan-mir-renueva-con-el-repsol-honda-team-hasta-2026\\\/#respond\"]}]},{\"@type\":\"WebPage\",\"@id\":\"https:\\\/\\\/www.boxrepsol.com\\\/es\\\/motogp\\\/joan-mir-renueva-con-el-repsol-honda-team-hasta-2026\\\/\",\"url\":\"https:\\\/\\\/www.boxrepsol.com\\\/es\\\/motogp\\\/joan-mir-renueva-con-el-repsol-honda-team-hasta-2026\\\/\",\"name\":\"Joan Mir renueva con el Repsol Honda Team hasta 2026 - Box Repsol\",\"isPartOf\":{\"@id\":\"https:\\\/\\\/www.boxrepsol.com\\\/es\\\/#website\"},\"primaryImageOfPage\":{\"@id\":\"https:\\\/\\\/www.boxrepsol.com\\\/es\\\/motogp\\\/joan-mir-renueva-con-el-repsol-honda-team-hasta-2026\\\/#primaryimage\"},\"image\":{\"@id\":\"https:\\\/\\\/www.boxrepsol.com\\\/es\\\/motogp\\\/joan-mir-renueva-con-el-repsol-honda-team-hasta-2026\\\/#primaryimage\"},\"thumbnailUrl\":\"https:\\\/\\\/bxrepsol.s3.eu-west-1.amazonaws.com\\\/static\\\/2024\\\/07\\\/26063530\\\/187111917_0JR8994.jpg\",\"datePublished\":\"2024-07-26T09:15:46+00:00\",\"dateModified\":\"2024-07-26T15:45:48+00:00\",\"description\":\"Joan Mir y HRC llegan a un acuerdo para que el piloto mallorqu\u00edn renueve con el Repsol Honda Team por dos temporadas m\u00e1s, hasta 2026\",\"breadcrumb\":{\"@id\":\"https:\\\/\\\/www.boxrepsol.com\\\/es\\\/motogp\\\/joan-mir-renueva-con-el-repsol-honda-team-hasta-2026\\\/#breadcrumb\"},\"inLanguage\":\"es\",\"potentialAction\":[{\"@type\":\"ReadAction\",\"target\":[\"https:\\\/\\\/www.boxrepsol.com\\\/es\\\/motogp\\\/joan-mir-renueva-con-el-repsol-honda-team-hasta-2026\\\/\"]}]},{\"@type\":\"ImageObject\",\"inLanguage\":\"es\",\"@id\":\"https:\\\/\\\/www.boxrepsol.com\\\/es\\\/motogp\\\/joan-mir-renueva-con-el-repsol-honda-team-hasta-2026\\\/#primaryimage\",\"url\":\"https:\\\/\\\/bxrepsol.s3.eu-west-1.amazonaws.com\\\/static\\\/2024\\\/07\\\/26063530\\\/187111917_0JR8994.jpg\",\"contentUrl\":\"https:\\\/\\\/bxrepsol.s3.eu-west-1.amazonaws.com\\\/static\\\/2024\\\/07\\\/26063530\\\/187111917_0JR8994.jpg\",\"width\":1280,\"height\":650,\"caption\":\"Joan Mir renueva con el Repsol Honda Team hasta 2026\"},{\"@type\":\"BreadcrumbList\",\"@id\":\"https:\\\/\\\/www.boxrepsol.com\\\/es\\\/motogp\\\/joan-mir-renueva-con-el-repsol-honda-team-hasta-2026\\\/#breadcrumb\",\"itemListElement\":[{\"@type\":\"ListItem\",\"position\":1,\"name\":\"Home\",\"item\":\"https:\\\/\\\/www.boxrepsol.com\\\/es\\\/\"},{\"@type\":\"ListItem\",\"position\":2,\"name\":\"Joan Mir renueva con el Repsol Honda Team hasta 2026\"}]},{\"@type\":\"WebSite\",\"@id\":\"https:\\\/\\\/www.boxrepsol.com\\\/es\\\/#website\",\"url\":\"https:\\\/\\\/www.boxrepsol.com\\\/es\\\/\",\"name\":\"Box Repsol\",\"description\":\"Box Repsol Site\",\"publisher\":{\"@id\":\"https:\\\/\\\/www.boxrepsol.com\\\/es\\\/#organization\"},\"potentialAction\":[{\"@type\":\"SearchAction\",\"target\":{\"@type\":\"EntryPoint\",\"urlTemplate\":\"https:\\\/\\\/www.boxrepsol.com\\\/es\\\/?s={search_term_string}\"},\"query-input\":{\"@type\":\"PropertyValueSpecification\",\"valueRequired\":true,\"valueName\":\"search_term_string\"}}],\"inLanguage\":\"es\"},{\"@type\":\"Organization\",\"@id\":\"https:\\\/\\\/www.boxrepsol.com\\\/es\\\/#organization\",\"name\":\"Box Repsol\",\"url\":\"https:\\\/\\\/www.boxrepsol.com\\\/es\\\/\",\"logo\":{\"@type\":\"ImageObject\",\"inLanguage\":\"es\",\"@id\":\"https:\\\/\\\/www.boxrepsol.com\\\/es\\\/#\\\/schema\\\/logo\\\/image\\\/\",\"url\":\"https:\\\/\\\/bxrepsol.s3.eu-west-1.amazonaws.com\\\/static\\\/2025\\\/07\\\/30083337\\\/favicon-96x96-1.png\",\"contentUrl\":\"https:\\\/\\\/bxrepsol.s3.eu-west-1.amazonaws.com\\\/static\\\/2025\\\/07\\\/30083337\\\/favicon-96x96-1.png\",\"width\":96,\"height\":96,\"caption\":\"Box Repsol\"},\"image\":{\"@id\":\"https:\\\/\\\/www.boxrepsol.com\\\/es\\\/#\\\/schema\\\/logo\\\/image\\\/\"},\"sameAs\":[\"https:\\\/\\\/www.facebook.com\\\/BoxRepsol\",\"https:\\\/\\\/x.com\\\/box_repsol\",\"http:\\\/\\\/instagram.com\\\/box_repsol\",\"https:\\\/\\\/www.youtube.com\\\/user\\\/RepsolCompeticion\",\"https:\\\/\\\/www.flickr.com\\\/photos\\\/box_repsol\\\/\"]},{\"@type\":\"Person\",\"@id\":\"https:\\\/\\\/www.boxrepsol.com\\\/es\\\/#\\\/schema\\\/person\\\/c5c2138f2cca251b0ad92b7086bb60b7\",\"name\":\"Redacci\u00f3n Box Repsol\",\"image\":{\"@type\":\"ImageObject\",\"inLanguage\":\"es\",\"@id\":\"https:\\\/\\\/secure.gravatar.com\\\/avatar\\\/adf7b77e38b4419baf32c7e9c21dde01f4e40df611f0978e3006fc4ba0aaab7e?s=96&d=mm&r=g\",\"url\":\"https:\\\/\\\/secure.gravatar.com\\\/avatar\\\/adf7b77e38b4419baf32c7e9c21dde01f4e40df611f0978e3006fc4ba0aaab7e?s=96&d=mm&r=g\",\"contentUrl\":\"https:\\\/\\\/secure.gravatar.com\\\/avatar\\\/adf7b77e38b4419baf32c7e9c21dde01f4e40df611f0978e3006fc4ba0aaab7e?s=96&d=mm&r=g\",\"caption\":\"Redacci\u00f3n Box Repsol\"},\"description\":\"Box Repsol lo forma un equipo de periodistas, community managers, dise\u00f1adores y fot\u00f3grafos con m\u00e1s de 20 a\u00f1os de experiencia en el mundo del motorsport. Hemos vivido el primer mundial de un espa\u00f1ol en la categor\u00eda reina de motociclismo con \u00c1lex Crivill\u00e9, estuvimos en las victorias de Pedrosa y los t\u00edtulos de M\u00e1rquez, acompa\u00f1amos en \u00c1frica a Nani Roma y Marc Coma en sus conquistas del Dakar y hemos vibrado con los t\u00edtulos de Toni Bou en Trial. Adem\u00e1s, en nuestro equipo contamos con expertos en el mundo de las dos y cuatro ruedas tanto de la calle y las carreteras, como de los circuitos. Periodistas que han trabajado en revistas y publicaciones para hacerte llegar desde rutas y consejos de mantenimiento, a curiosidades y trucos de pilotaje.\",\"sameAs\":[\"https:\\\/\\\/www.facebook.com\\\/BoxRepsol\\\/\",\"https:\\\/\\\/www.instagram.com\\\/box_repsol\\\/\",\"https:\\\/\\\/x.com\\\/https:\\\/\\\/twitter.com\\\/box_repsol\",\"https:\\\/\\\/www.youtube.com\\\/@Boxrepsol\"],\"url\":\"https:\\\/\\\/www.boxrepsol.com\\\/es\\\/author\\\/redaccion-box-repsol\\\/\"}]}<\/script>\n<!-- \/ Yoast SEO plugin. -->","yoast_head_json":{"title":"Joan Mir renueva con el Repsol Honda Team hasta 2026 - Box Repsol","description":"Joan Mir y HRC llegan a un acuerdo para que el piloto mallorqu\u00edn renueve con el Repsol Honda Team por dos temporadas m\u00e1s, hasta 2026","canonical":"https:\/\/www.boxrepsol.com\/es\/motogp\/joan-mir-renueva-con-el-repsol-honda-team-hasta-2026\/","og_locale":"es_ES","og_type":"article","og_title":"Joan Mir renueva con el Repsol Honda Team hasta 2026 - Box Repsol","og_description":"Joan Mir y HRC llegan a un acuerdo para que el piloto mallorqu\u00edn renueve con el Repsol Honda Team por dos temporadas m\u00e1s, hasta 2026","og_url":"https:\/\/www.boxrepsol.com\/es\/motogp\/joan-mir-renueva-con-el-repsol-honda-team-hasta-2026\/","og_site_name":"Box Repsol","article_publisher":"https:\/\/www.facebook.com\/BoxRepsol","article_author":"https:\/\/www.facebook.com\/BoxRepsol\/","article_published_time":"2024-07-26T09:15:46+00:00","article_modified_time":"2024-07-26T15:45:48+00:00","og_image":[{"width":1280,"height":650,"url":"https:\/\/bxrepsol.s3.eu-west-1.amazonaws.com\/static\/2024\/07\/26063530\/187111917_0JR8994.jpg","type":"image\/jpeg"}],"author":"Redacci\u00f3n Box Repsol","twitter_card":"summary_large_image","twitter_creator":"@https:\/\/twitter.com\/box_repsol","twitter_site":"@box_repsol","twitter_misc":{"Written by":"Redacci\u00f3n Box Repsol","Est. reading time":"1 minuto"},"schema":{"@context":"https:\/\/schema.org","@graph":[{"@type":"Article","@id":"https:\/\/www.boxrepsol.com\/es\/motogp\/joan-mir-renueva-con-el-repsol-honda-team-hasta-2026\/#article","isPartOf":{"@id":"https:\/\/www.boxrepsol.com\/es\/motogp\/joan-mir-renueva-con-el-repsol-honda-team-hasta-2026\/"},"author":{"name":"Redacci\u00f3n Box Repsol","@id":"https:\/\/www.boxrepsol.com\/es\/#\/schema\/person\/c5c2138f2cca251b0ad92b7086bb60b7"},"headline":"Joan Mir renueva con el Repsol Honda Team hasta 2026","datePublished":"2024-07-26T09:15:46+00:00","dateModified":"2024-07-26T15:45:48+00:00","mainEntityOfPage":{"@id":"https:\/\/www.boxrepsol.com\/es\/motogp\/joan-mir-renueva-con-el-repsol-honda-team-hasta-2026\/"},"wordCount":161,"commentCount":0,"publisher":{"@id":"https:\/\/www.boxrepsol.com\/es\/#organization"},"image":{"@id":"https:\/\/www.boxrepsol.com\/es\/motogp\/joan-mir-renueva-con-el-repsol-honda-team-hasta-2026\/#primaryimage"},"thumbnailUrl":"https:\/\/bxrepsol.s3.eu-west-1.amazonaws.com\/static\/2024\/07\/26063530\/187111917_0JR8994.jpg","keywords":["Joan Mir","MotoGP 2024"],"articleSection":["MotoGP"],"inLanguage":"es","potentialAction":[{"@type":"CommentAction","name":"Comment","target":["https:\/\/www.boxrepsol.com\/es\/motogp\/joan-mir-renueva-con-el-repsol-honda-team-hasta-2026\/#respond"]}]},{"@type":"WebPage","@id":"https:\/\/www.boxrepsol.com\/es\/motogp\/joan-mir-renueva-con-el-repsol-honda-team-hasta-2026\/","url":"https:\/\/www.boxrepsol.com\/es\/motogp\/joan-mir-renueva-con-el-repsol-honda-team-hasta-2026\/","name":"Joan Mir renueva con el Repsol Honda Team hasta 2026 - Box Repsol","isPartOf":{"@id":"https:\/\/www.boxrepsol.com\/es\/#website"},"primaryImageOfPage":{"@id":"https:\/\/www.boxrepsol.com\/es\/motogp\/joan-mir-renueva-con-el-repsol-honda-team-hasta-2026\/#primaryimage"},"image":{"@id":"https:\/\/www.boxrepsol.com\/es\/motogp\/joan-mir-renueva-con-el-repsol-honda-team-hasta-2026\/#primaryimage"},"thumbnailUrl":"https:\/\/bxrepsol.s3.eu-west-1.amazonaws.com\/static\/2024\/07\/26063530\/187111917_0JR8994.jpg","datePublished":"2024-07-26T09:15:46+00:00","dateModified":"2024-07-26T15:45:48+00:00","description":"Joan Mir y HRC llegan a un acuerdo para que el piloto mallorqu\u00edn renueve con el Repsol Honda Team por dos temporadas m\u00e1s, hasta 2026","breadcrumb":{"@id":"https:\/\/www.boxrepsol.com\/es\/motogp\/joan-mir-renueva-con-el-repsol-honda-team-hasta-2026\/#breadcrumb"},"inLanguage":"es","potentialAction":[{"@type":"ReadAction","target":["https:\/\/www.boxrepsol.com\/es\/motogp\/joan-mir-renueva-con-el-repsol-honda-team-hasta-2026\/"]}]},{"@type":"ImageObject","inLanguage":"es","@id":"https:\/\/www.boxrepsol.com\/es\/motogp\/joan-mir-renueva-con-el-repsol-honda-team-hasta-2026\/#primaryimage","url":"https:\/\/bxrepsol.s3.eu-west-1.amazonaws.com\/static\/2024\/07\/26063530\/187111917_0JR8994.jpg","contentUrl":"https:\/\/bxrepsol.s3.eu-west-1.amazonaws.com\/static\/2024\/07\/26063530\/187111917_0JR8994.jpg","width":1280,"height":650,"caption":"Joan Mir renueva con el Repsol Honda Team hasta 2026"},{"@type":"BreadcrumbList","@id":"https:\/\/www.boxrepsol.com\/es\/motogp\/joan-mir-renueva-con-el-repsol-honda-team-hasta-2026\/#breadcrumb","itemListElement":[{"@type":"ListItem","position":1,"name":"Home","item":"https:\/\/www.boxrepsol.com\/es\/"},{"@type":"ListItem","position":2,"name":"Joan Mir renueva con el Repsol Honda Team hasta 2026"}]},{"@type":"WebSite","@id":"https:\/\/www.boxrepsol.com\/es\/#website","url":"https:\/\/www.boxrepsol.com\/es\/","name":"Box Repsol","description":"Box Repsol Site","publisher":{"@id":"https:\/\/www.boxrepsol.com\/es\/#organization"},"potentialAction":[{"@type":"SearchAction","target":{"@type":"EntryPoint","urlTemplate":"https:\/\/www.boxrepsol.com\/es\/?s={search_term_string}"},"query-input":{"@type":"PropertyValueSpecification","valueRequired":true,"valueName":"search_term_string"}}],"inLanguage":"es"},{"@type":"Organization","@id":"https:\/\/www.boxrepsol.com\/es\/#organization","name":"Box Repsol","url":"https:\/\/www.boxrepsol.com\/es\/","logo":{"@type":"ImageObject","inLanguage":"es","@id":"https:\/\/www.boxrepsol.com\/es\/#\/schema\/logo\/image\/","url":"https:\/\/bxrepsol.s3.eu-west-1.amazonaws.com\/static\/2025\/07\/30083337\/favicon-96x96-1.png","contentUrl":"https:\/\/bxrepsol.s3.eu-west-1.amazonaws.com\/static\/2025\/07\/30083337\/favicon-96x96-1.png","width":96,"height":96,"caption":"Box Repsol"},"image":{"@id":"https:\/\/www.boxrepsol.com\/es\/#\/schema\/logo\/image\/"},"sameAs":["https:\/\/www.facebook.com\/BoxRepsol","https:\/\/x.com\/box_repsol","http:\/\/instagram.com\/box_repsol","https:\/\/www.youtube.com\/user\/RepsolCompeticion","https:\/\/www.flickr.com\/photos\/box_repsol\/"]},{"@type":"Person","@id":"https:\/\/www.boxrepsol.com\/es\/#\/schema\/person\/c5c2138f2cca251b0ad92b7086bb60b7","name":"Redacci\u00f3n Box Repsol","image":{"@type":"ImageObject","inLanguage":"es","@id":"https:\/\/secure.gravatar.com\/avatar\/adf7b77e38b4419baf32c7e9c21dde01f4e40df611f0978e3006fc4ba0aaab7e?s=96&d=mm&r=g","url":"https:\/\/secure.gravatar.com\/avatar\/adf7b77e38b4419baf32c7e9c21dde01f4e40df611f0978e3006fc4ba0aaab7e?s=96&d=mm&r=g","contentUrl":"https:\/\/secure.gravatar.com\/avatar\/adf7b77e38b4419baf32c7e9c21dde01f4e40df611f0978e3006fc4ba0aaab7e?s=96&d=mm&r=g","caption":"Redacci\u00f3n Box Repsol"},"description":"Box Repsol lo forma un equipo de periodistas, community managers, dise\u00f1adores y fot\u00f3grafos con m\u00e1s de 20 a\u00f1os de experiencia en el mundo del motorsport. Hemos vivido el primer mundial de un espa\u00f1ol en la categor\u00eda reina de motociclismo con \u00c1lex Crivill\u00e9, estuvimos en las victorias de Pedrosa y los t\u00edtulos de M\u00e1rquez, acompa\u00f1amos en \u00c1frica a Nani Roma y Marc Coma en sus conquistas del Dakar y hemos vibrado con los t\u00edtulos de Toni Bou en Trial. Adem\u00e1s, en nuestro equipo contamos con expertos en el mundo de las dos y cuatro ruedas tanto de la calle y las carreteras, como de los circuitos. Periodistas que han trabajado en revistas y publicaciones para hacerte llegar desde rutas y consejos de mantenimiento, a curiosidades y trucos de pilotaje.","sameAs":["https:\/\/www.facebook.com\/BoxRepsol\/","https:\/\/www.instagram.com\/box_repsol\/","https:\/\/x.com\/https:\/\/twitter.com\/box_repsol","https:\/\/www.youtube.com\/@Boxrepsol"],"url":"https:\/\/www.boxrepsol.com\/es\/author\/redaccion-box-repsol\/"}]}},"_links":{"self":[{"href":"https:\/\/www.boxrepsol.com\/es\/wp-json\/wp\/v2\/posts\/117937","targetHints":{"allow":["GET"]}}],"collection":[{"href":"https:\/\/www.boxrepsol.com\/es\/wp-json\/wp\/v2\/posts"}],"about":[{"href":"https:\/\/www.boxrepsol.com\/es\/wp-json\/wp\/v2\/types\/post"}],"author":[{"embeddable":true,"href":"https:\/\/www.boxrepsol.com\/es\/wp-json\/wp\/v2\/users\/43146"}],"replies":[{"embeddable":true,"href":"https:\/\/www.boxrepsol.com\/es\/wp-json\/wp\/v2\/comments?post=117937"}],"version-history":[{"count":5,"href":"https:\/\/www.boxrepsol.com\/es\/wp-json\/wp\/v2\/posts\/117937\/revisions"}],"predecessor-version":[{"id":117944,"href":"https:\/\/www.boxrepsol.com\/es\/wp-json\/wp\/v2\/posts\/117937\/revisions\/117944"}],"wp:featuredmedia":[{"embeddable":true,"href":"https:\/\/www.boxrepsol.com\/es\/wp-json\/wp\/v2\/media\/117938"}],"wp:attachment":[{"href":"https:\/\/www.boxrepsol.com\/es\/wp-json\/wp\/v2\/media?parent=117937"}],"wp:term":[{"taxonomy":"category","embeddable":true,"href":"https:\/\/www.boxrepsol.com\/es\/wp-json\/wp\/v2\/categories?post=117937"},{"taxonomy":"post_tag","embeddable":true,"href":"https:\/\/www.boxrepsol.com\/es\/wp-json\/wp\/v2\/tags?post=117937"}],"curies":[{"name":"wp","href":"https:\/\/api.w.org\/{rel}","templated":true}]}}