{"id":117781,"date":"2024-07-15T08:29:26","date_gmt":"2024-07-15T10:29:26","guid":{"rendered":"https:\/\/www.boxrepsol.com\/?p=117781"},"modified":"2024-07-22T07:02:15","modified_gmt":"2024-07-22T09:02:15","slug":"actualizacion-de-calendario-de-motogp-2024-se-cancela-el-gran-premio-de-kazajistan","status":"publish","type":"post","link":"https:\/\/www.boxrepsol.com\/es\/motogp\/actualizacion-de-calendario-de-motogp-2024-se-cancela-el-gran-premio-de-kazajistan\/","title":{"rendered":"Actualizaci\u00f3n de calendario de MotoGP 2024: se cancela el Gran Premio de Kazajist\u00e1n"},"content":{"rendered":"<figure class=\"wp-block-post-featured-image\"><img loading=\"lazy\" decoding=\"async\" width=\"1280\" height=\"650\" src=\"https:\/\/bxrepsol.s3.eu-west-1.amazonaws.com\/static\/2024\/07\/15081625\/189140327_A933465web.png\" class=\"attachment-post-thumbnail size-post-thumbnail wp-post-image\" alt=\"\" style=\"object-fit:cover;\" srcset=\"https:\/\/bxrepsol.s3.eu-west-1.amazonaws.com\/static\/2024\/07\/15081625\/189140327_A933465web.png 1280w, https:\/\/bxrepsol.s3.eu-west-1.amazonaws.com\/static\/2024\/07\/15081625\/189140327_A933465web-300x152.png 300w, https:\/\/bxrepsol.s3.eu-west-1.amazonaws.com\/static\/2024\/07\/15081625\/189140327_A933465web-1024x520.png 1024w, https:\/\/bxrepsol.s3.eu-west-1.amazonaws.com\/static\/2024\/07\/15081625\/189140327_A933465web-768x390.png 768w\" sizes=\"auto, (max-width: 1280px) 100vw, 1280px\" \/><\/figure>\n\n\n<p>Tras el anuncio de la nueva fecha para el <a href=\"https:\/\/www.boxrepsol.com\/es\/motogp\/actualizacion-de-calendario-de-motogp-2024-pospuesto-el-gran-premio-de-la-india-para-2025\/\">Gran Premio de Kazajist\u00e1n<\/a> por las fuertes inundaciones sufridas en la regi\u00f3n, Dorna ha hecho oficial su cancelaci\u00f3n del calendario 2024. El Circuito Internacional de Sokol no estar\u00e1 listo para la disputa del Gran Premio y ser\u00e1 sustituido por una segunda cita en Misano, con el<strong> Gran Premio de la Emilia &#8211; Romagna<\/strong>. <\/p>\n\n\n\n<p>La cita, prevista para el fin de semana del 20 al 22 de septiembre, tendr\u00e1 lugar justo despu\u00e9s de la celebraci\u00f3n del Gran Premio de San Marino y del respectivo d\u00eda de test el 9 de septiembre. <\/p>\n","protected":false},"excerpt":{"rendered":"<p>El Gran Premio de Kazajist\u00e1n, previsto del 20 al 22 de septiembre, es cancelado y ser\u00e1 sustituido por el Gran Premio de la Emilia &#8211; Romagna <\/p>\n","protected":false},"author":43146,"featured_media":117782,"comment_status":"open","ping_status":"open","sticky":false,"template":"","format":"standard","meta":{"footnotes":""},"categories":[4],"tags":[492,434],"class_list":["post-117781","post","type-post","status-publish","format-standard","hentry","category-motogp","tag-gp-emilia-romagna","tag-motogp-2024"],"yoast_head":"<!-- This site is optimized with the Yoast SEO plugin v27.3 - https:\/\/yoast.com\/product\/yoast-seo-wordpress\/ -->\n<title>Actualizaci\u00f3n de calendario de MotoGP 2024: se cancela el Gran Premio de Kazajist\u00e1n - Box Repsol<\/title>\n<meta name=\"description\" content=\"Cancelado el Gran Premio de Kazajist\u00e1n 2024, que ser\u00e1 sustituido por una segunda fecha en Misano con el Gran Premio de la Emilia - Romagna.\" \/>\n<link rel=\"canonical\" href=\"https:\/\/www.boxrepsol.com\/es\/motogp\/actualizacion-de-calendario-de-motogp-2024-se-cancela-el-gran-premio-de-kazajistan\/\" \/>\n<meta property=\"og:locale\" content=\"es_ES\" \/>\n<meta property=\"og:type\" content=\"article\" \/>\n<meta property=\"og:title\" content=\"Actualizaci\u00f3n de calendario de MotoGP 2024: se cancela el Gran Premio de Kazajist\u00e1n - Box Repsol\" \/>\n<meta property=\"og:description\" content=\"Cancelado el Gran Premio de Kazajist\u00e1n 2024, que ser\u00e1 sustituido por una segunda fecha en Misano con el Gran Premio de la Emilia - Romagna.\" \/>\n<meta property=\"og:url\" content=\"https:\/\/www.boxrepsol.com\/es\/motogp\/actualizacion-de-calendario-de-motogp-2024-se-cancela-el-gran-premio-de-kazajistan\/\" \/>\n<meta property=\"og:site_name\" content=\"Box Repsol\" \/>\n<meta property=\"article:publisher\" content=\"https:\/\/www.facebook.com\/BoxRepsol\" \/>\n<meta property=\"article:author\" content=\"https:\/\/www.facebook.com\/BoxRepsol\/\" \/>\n<meta property=\"article:published_time\" content=\"2024-07-15T10:29:26+00:00\" \/>\n<meta property=\"article:modified_time\" content=\"2024-07-22T09:02:15+00:00\" \/>\n<meta property=\"og:image\" content=\"https:\/\/bxrepsol.s3.eu-west-1.amazonaws.com\/static\/2024\/07\/15081625\/189140327_A933465web.png\" \/>\n\t<meta property=\"og:image:width\" content=\"1280\" \/>\n\t<meta property=\"og:image:height\" content=\"650\" \/>\n\t<meta property=\"og:image:type\" content=\"image\/png\" \/>\n<meta name=\"author\" content=\"Redacci\u00f3n Box Repsol\" \/>\n<meta name=\"twitter:card\" content=\"summary_large_image\" \/>\n<meta name=\"twitter:creator\" content=\"@https:\/\/twitter.com\/box_repsol\" \/>\n<meta name=\"twitter:site\" content=\"@box_repsol\" \/>\n<meta name=\"twitter:label1\" content=\"Written by\" \/>\n\t<meta name=\"twitter:data1\" content=\"Redacci\u00f3n Box Repsol\" \/>\n\t<meta name=\"twitter:label2\" content=\"Est. reading time\" \/>\n\t<meta name=\"twitter:data2\" content=\"1 minuto\" \/>\n<script type=\"application\/ld+json\" class=\"yoast-schema-graph\">{\"@context\":\"https:\\\/\\\/schema.org\",\"@graph\":[{\"@type\":\"Article\",\"@id\":\"https:\\\/\\\/www.boxrepsol.com\\\/es\\\/motogp\\\/actualizacion-de-calendario-de-motogp-2024-se-cancela-el-gran-premio-de-kazajistan\\\/#article\",\"isPartOf\":{\"@id\":\"https:\\\/\\\/www.boxrepsol.com\\\/es\\\/motogp\\\/actualizacion-de-calendario-de-motogp-2024-se-cancela-el-gran-premio-de-kazajistan\\\/\"},\"author\":{\"name\":\"Redacci\u00f3n Box Repsol\",\"@id\":\"https:\\\/\\\/www.boxrepsol.com\\\/es\\\/#\\\/schema\\\/person\\\/c5c2138f2cca251b0ad92b7086bb60b7\"},\"headline\":\"Actualizaci\u00f3n de calendario de MotoGP 2024: se cancela el Gran Premio de Kazajist\u00e1n\",\"datePublished\":\"2024-07-15T10:29:26+00:00\",\"dateModified\":\"2024-07-22T09:02:15+00:00\",\"mainEntityOfPage\":{\"@id\":\"https:\\\/\\\/www.boxrepsol.com\\\/es\\\/motogp\\\/actualizacion-de-calendario-de-motogp-2024-se-cancela-el-gran-premio-de-kazajistan\\\/\"},\"wordCount\":115,\"commentCount\":0,\"publisher\":{\"@id\":\"https:\\\/\\\/www.boxrepsol.com\\\/es\\\/#organization\"},\"image\":{\"@id\":\"https:\\\/\\\/www.boxrepsol.com\\\/es\\\/motogp\\\/actualizacion-de-calendario-de-motogp-2024-se-cancela-el-gran-premio-de-kazajistan\\\/#primaryimage\"},\"thumbnailUrl\":\"https:\\\/\\\/bxrepsol.s3.eu-west-1.amazonaws.com\\\/static\\\/2024\\\/07\\\/15081625\\\/189140327_A933465web.png\",\"keywords\":[\"GP Emilia Romagna\",\"MotoGP 2024\"],\"articleSection\":[\"MotoGP\"],\"inLanguage\":\"es\",\"potentialAction\":[{\"@type\":\"CommentAction\",\"name\":\"Comment\",\"target\":[\"https:\\\/\\\/www.boxrepsol.com\\\/es\\\/motogp\\\/actualizacion-de-calendario-de-motogp-2024-se-cancela-el-gran-premio-de-kazajistan\\\/#respond\"]}]},{\"@type\":\"WebPage\",\"@id\":\"https:\\\/\\\/www.boxrepsol.com\\\/es\\\/motogp\\\/actualizacion-de-calendario-de-motogp-2024-se-cancela-el-gran-premio-de-kazajistan\\\/\",\"url\":\"https:\\\/\\\/www.boxrepsol.com\\\/es\\\/motogp\\\/actualizacion-de-calendario-de-motogp-2024-se-cancela-el-gran-premio-de-kazajistan\\\/\",\"name\":\"Actualizaci\u00f3n de calendario de MotoGP 2024: se cancela el Gran Premio de Kazajist\u00e1n - Box Repsol\",\"isPartOf\":{\"@id\":\"https:\\\/\\\/www.boxrepsol.com\\\/es\\\/#website\"},\"primaryImageOfPage\":{\"@id\":\"https:\\\/\\\/www.boxrepsol.com\\\/es\\\/motogp\\\/actualizacion-de-calendario-de-motogp-2024-se-cancela-el-gran-premio-de-kazajistan\\\/#primaryimage\"},\"image\":{\"@id\":\"https:\\\/\\\/www.boxrepsol.com\\\/es\\\/motogp\\\/actualizacion-de-calendario-de-motogp-2024-se-cancela-el-gran-premio-de-kazajistan\\\/#primaryimage\"},\"thumbnailUrl\":\"https:\\\/\\\/bxrepsol.s3.eu-west-1.amazonaws.com\\\/static\\\/2024\\\/07\\\/15081625\\\/189140327_A933465web.png\",\"datePublished\":\"2024-07-15T10:29:26+00:00\",\"dateModified\":\"2024-07-22T09:02:15+00:00\",\"description\":\"Cancelado el Gran Premio de Kazajist\u00e1n 2024, que ser\u00e1 sustituido por una segunda fecha en Misano con el Gran Premio de la Emilia - Romagna.\",\"breadcrumb\":{\"@id\":\"https:\\\/\\\/www.boxrepsol.com\\\/es\\\/motogp\\\/actualizacion-de-calendario-de-motogp-2024-se-cancela-el-gran-premio-de-kazajistan\\\/#breadcrumb\"},\"inLanguage\":\"es\",\"potentialAction\":[{\"@type\":\"ReadAction\",\"target\":[\"https:\\\/\\\/www.boxrepsol.com\\\/es\\\/motogp\\\/actualizacion-de-calendario-de-motogp-2024-se-cancela-el-gran-premio-de-kazajistan\\\/\"]}]},{\"@type\":\"ImageObject\",\"inLanguage\":\"es\",\"@id\":\"https:\\\/\\\/www.boxrepsol.com\\\/es\\\/motogp\\\/actualizacion-de-calendario-de-motogp-2024-se-cancela-el-gran-premio-de-kazajistan\\\/#primaryimage\",\"url\":\"https:\\\/\\\/bxrepsol.s3.eu-west-1.amazonaws.com\\\/static\\\/2024\\\/07\\\/15081625\\\/189140327_A933465web.png\",\"contentUrl\":\"https:\\\/\\\/bxrepsol.s3.eu-west-1.amazonaws.com\\\/static\\\/2024\\\/07\\\/15081625\\\/189140327_A933465web.png\",\"width\":1280,\"height\":650},{\"@type\":\"BreadcrumbList\",\"@id\":\"https:\\\/\\\/www.boxrepsol.com\\\/es\\\/motogp\\\/actualizacion-de-calendario-de-motogp-2024-se-cancela-el-gran-premio-de-kazajistan\\\/#breadcrumb\",\"itemListElement\":[{\"@type\":\"ListItem\",\"position\":1,\"name\":\"Home\",\"item\":\"https:\\\/\\\/www.boxrepsol.com\\\/es\\\/\"},{\"@type\":\"ListItem\",\"position\":2,\"name\":\"Actualizaci\u00f3n de calendario de MotoGP 2024: se cancela el Gran Premio de Kazajist\u00e1n\"}]},{\"@type\":\"WebSite\",\"@id\":\"https:\\\/\\\/www.boxrepsol.com\\\/es\\\/#website\",\"url\":\"https:\\\/\\\/www.boxrepsol.com\\\/es\\\/\",\"name\":\"Box Repsol\",\"description\":\"Box Repsol Site\",\"publisher\":{\"@id\":\"https:\\\/\\\/www.boxrepsol.com\\\/es\\\/#organization\"},\"potentialAction\":[{\"@type\":\"SearchAction\",\"target\":{\"@type\":\"EntryPoint\",\"urlTemplate\":\"https:\\\/\\\/www.boxrepsol.com\\\/es\\\/?s={search_term_string}\"},\"query-input\":{\"@type\":\"PropertyValueSpecification\",\"valueRequired\":true,\"valueName\":\"search_term_string\"}}],\"inLanguage\":\"es\"},{\"@type\":\"Organization\",\"@id\":\"https:\\\/\\\/www.boxrepsol.com\\\/es\\\/#organization\",\"name\":\"Box Repsol\",\"url\":\"https:\\\/\\\/www.boxrepsol.com\\\/es\\\/\",\"logo\":{\"@type\":\"ImageObject\",\"inLanguage\":\"es\",\"@id\":\"https:\\\/\\\/www.boxrepsol.com\\\/es\\\/#\\\/schema\\\/logo\\\/image\\\/\",\"url\":\"https:\\\/\\\/bxrepsol.s3.eu-west-1.amazonaws.com\\\/static\\\/2025\\\/07\\\/30083337\\\/favicon-96x96-1.png\",\"contentUrl\":\"https:\\\/\\\/bxrepsol.s3.eu-west-1.amazonaws.com\\\/static\\\/2025\\\/07\\\/30083337\\\/favicon-96x96-1.png\",\"width\":96,\"height\":96,\"caption\":\"Box Repsol\"},\"image\":{\"@id\":\"https:\\\/\\\/www.boxrepsol.com\\\/es\\\/#\\\/schema\\\/logo\\\/image\\\/\"},\"sameAs\":[\"https:\\\/\\\/www.facebook.com\\\/BoxRepsol\",\"https:\\\/\\\/x.com\\\/box_repsol\",\"http:\\\/\\\/instagram.com\\\/box_repsol\",\"https:\\\/\\\/www.youtube.com\\\/user\\\/RepsolCompeticion\",\"https:\\\/\\\/www.flickr.com\\\/photos\\\/box_repsol\\\/\"]},{\"@type\":\"Person\",\"@id\":\"https:\\\/\\\/www.boxrepsol.com\\\/es\\\/#\\\/schema\\\/person\\\/c5c2138f2cca251b0ad92b7086bb60b7\",\"name\":\"Redacci\u00f3n Box Repsol\",\"image\":{\"@type\":\"ImageObject\",\"inLanguage\":\"es\",\"@id\":\"https:\\\/\\\/secure.gravatar.com\\\/avatar\\\/adf7b77e38b4419baf32c7e9c21dde01f4e40df611f0978e3006fc4ba0aaab7e?s=96&d=mm&r=g\",\"url\":\"https:\\\/\\\/secure.gravatar.com\\\/avatar\\\/adf7b77e38b4419baf32c7e9c21dde01f4e40df611f0978e3006fc4ba0aaab7e?s=96&d=mm&r=g\",\"contentUrl\":\"https:\\\/\\\/secure.gravatar.com\\\/avatar\\\/adf7b77e38b4419baf32c7e9c21dde01f4e40df611f0978e3006fc4ba0aaab7e?s=96&d=mm&r=g\",\"caption\":\"Redacci\u00f3n Box Repsol\"},\"description\":\"Box Repsol lo forma un equipo de periodistas, community managers, dise\u00f1adores y fot\u00f3grafos con m\u00e1s de 20 a\u00f1os de experiencia en el mundo del motorsport. Hemos vivido el primer mundial de un espa\u00f1ol en la categor\u00eda reina de motociclismo con \u00c1lex Crivill\u00e9, estuvimos en las victorias de Pedrosa y los t\u00edtulos de M\u00e1rquez, acompa\u00f1amos en \u00c1frica a Nani Roma y Marc Coma en sus conquistas del Dakar y hemos vibrado con los t\u00edtulos de Toni Bou en Trial. Adem\u00e1s, en nuestro equipo contamos con expertos en el mundo de las dos y cuatro ruedas tanto de la calle y las carreteras, como de los circuitos. Periodistas que han trabajado en revistas y publicaciones para hacerte llegar desde rutas y consejos de mantenimiento, a curiosidades y trucos de pilotaje.\",\"sameAs\":[\"https:\\\/\\\/www.facebook.com\\\/BoxRepsol\\\/\",\"https:\\\/\\\/www.instagram.com\\\/box_repsol\\\/\",\"https:\\\/\\\/x.com\\\/https:\\\/\\\/twitter.com\\\/box_repsol\",\"https:\\\/\\\/www.youtube.com\\\/@Boxrepsol\"],\"url\":\"https:\\\/\\\/www.boxrepsol.com\\\/es\\\/author\\\/redaccion-box-repsol\\\/\"}]}<\/script>\n<!-- \/ Yoast SEO plugin. -->","yoast_head_json":{"title":"Actualizaci\u00f3n de calendario de MotoGP 2024: se cancela el Gran Premio de Kazajist\u00e1n - Box Repsol","description":"Cancelado el Gran Premio de Kazajist\u00e1n 2024, que ser\u00e1 sustituido por una segunda fecha en Misano con el Gran Premio de la Emilia - Romagna.","canonical":"https:\/\/www.boxrepsol.com\/es\/motogp\/actualizacion-de-calendario-de-motogp-2024-se-cancela-el-gran-premio-de-kazajistan\/","og_locale":"es_ES","og_type":"article","og_title":"Actualizaci\u00f3n de calendario de MotoGP 2024: se cancela el Gran Premio de Kazajist\u00e1n - Box Repsol","og_description":"Cancelado el Gran Premio de Kazajist\u00e1n 2024, que ser\u00e1 sustituido por una segunda fecha en Misano con el Gran Premio de la Emilia - Romagna.","og_url":"https:\/\/www.boxrepsol.com\/es\/motogp\/actualizacion-de-calendario-de-motogp-2024-se-cancela-el-gran-premio-de-kazajistan\/","og_site_name":"Box Repsol","article_publisher":"https:\/\/www.facebook.com\/BoxRepsol","article_author":"https:\/\/www.facebook.com\/BoxRepsol\/","article_published_time":"2024-07-15T10:29:26+00:00","article_modified_time":"2024-07-22T09:02:15+00:00","og_image":[{"width":1280,"height":650,"url":"https:\/\/bxrepsol.s3.eu-west-1.amazonaws.com\/static\/2024\/07\/15081625\/189140327_A933465web.png","type":"image\/png"}],"author":"Redacci\u00f3n Box Repsol","twitter_card":"summary_large_image","twitter_creator":"@https:\/\/twitter.com\/box_repsol","twitter_site":"@box_repsol","twitter_misc":{"Written by":"Redacci\u00f3n Box Repsol","Est. reading time":"1 minuto"},"schema":{"@context":"https:\/\/schema.org","@graph":[{"@type":"Article","@id":"https:\/\/www.boxrepsol.com\/es\/motogp\/actualizacion-de-calendario-de-motogp-2024-se-cancela-el-gran-premio-de-kazajistan\/#article","isPartOf":{"@id":"https:\/\/www.boxrepsol.com\/es\/motogp\/actualizacion-de-calendario-de-motogp-2024-se-cancela-el-gran-premio-de-kazajistan\/"},"author":{"name":"Redacci\u00f3n Box Repsol","@id":"https:\/\/www.boxrepsol.com\/es\/#\/schema\/person\/c5c2138f2cca251b0ad92b7086bb60b7"},"headline":"Actualizaci\u00f3n de calendario de MotoGP 2024: se cancela el Gran Premio de Kazajist\u00e1n","datePublished":"2024-07-15T10:29:26+00:00","dateModified":"2024-07-22T09:02:15+00:00","mainEntityOfPage":{"@id":"https:\/\/www.boxrepsol.com\/es\/motogp\/actualizacion-de-calendario-de-motogp-2024-se-cancela-el-gran-premio-de-kazajistan\/"},"wordCount":115,"commentCount":0,"publisher":{"@id":"https:\/\/www.boxrepsol.com\/es\/#organization"},"image":{"@id":"https:\/\/www.boxrepsol.com\/es\/motogp\/actualizacion-de-calendario-de-motogp-2024-se-cancela-el-gran-premio-de-kazajistan\/#primaryimage"},"thumbnailUrl":"https:\/\/bxrepsol.s3.eu-west-1.amazonaws.com\/static\/2024\/07\/15081625\/189140327_A933465web.png","keywords":["GP Emilia Romagna","MotoGP 2024"],"articleSection":["MotoGP"],"inLanguage":"es","potentialAction":[{"@type":"CommentAction","name":"Comment","target":["https:\/\/www.boxrepsol.com\/es\/motogp\/actualizacion-de-calendario-de-motogp-2024-se-cancela-el-gran-premio-de-kazajistan\/#respond"]}]},{"@type":"WebPage","@id":"https:\/\/www.boxrepsol.com\/es\/motogp\/actualizacion-de-calendario-de-motogp-2024-se-cancela-el-gran-premio-de-kazajistan\/","url":"https:\/\/www.boxrepsol.com\/es\/motogp\/actualizacion-de-calendario-de-motogp-2024-se-cancela-el-gran-premio-de-kazajistan\/","name":"Actualizaci\u00f3n de calendario de MotoGP 2024: se cancela el Gran Premio de Kazajist\u00e1n - Box Repsol","isPartOf":{"@id":"https:\/\/www.boxrepsol.com\/es\/#website"},"primaryImageOfPage":{"@id":"https:\/\/www.boxrepsol.com\/es\/motogp\/actualizacion-de-calendario-de-motogp-2024-se-cancela-el-gran-premio-de-kazajistan\/#primaryimage"},"image":{"@id":"https:\/\/www.boxrepsol.com\/es\/motogp\/actualizacion-de-calendario-de-motogp-2024-se-cancela-el-gran-premio-de-kazajistan\/#primaryimage"},"thumbnailUrl":"https:\/\/bxrepsol.s3.eu-west-1.amazonaws.com\/static\/2024\/07\/15081625\/189140327_A933465web.png","datePublished":"2024-07-15T10:29:26+00:00","dateModified":"2024-07-22T09:02:15+00:00","description":"Cancelado el Gran Premio de Kazajist\u00e1n 2024, que ser\u00e1 sustituido por una segunda fecha en Misano con el Gran Premio de la Emilia - Romagna.","breadcrumb":{"@id":"https:\/\/www.boxrepsol.com\/es\/motogp\/actualizacion-de-calendario-de-motogp-2024-se-cancela-el-gran-premio-de-kazajistan\/#breadcrumb"},"inLanguage":"es","potentialAction":[{"@type":"ReadAction","target":["https:\/\/www.boxrepsol.com\/es\/motogp\/actualizacion-de-calendario-de-motogp-2024-se-cancela-el-gran-premio-de-kazajistan\/"]}]},{"@type":"ImageObject","inLanguage":"es","@id":"https:\/\/www.boxrepsol.com\/es\/motogp\/actualizacion-de-calendario-de-motogp-2024-se-cancela-el-gran-premio-de-kazajistan\/#primaryimage","url":"https:\/\/bxrepsol.s3.eu-west-1.amazonaws.com\/static\/2024\/07\/15081625\/189140327_A933465web.png","contentUrl":"https:\/\/bxrepsol.s3.eu-west-1.amazonaws.com\/static\/2024\/07\/15081625\/189140327_A933465web.png","width":1280,"height":650},{"@type":"BreadcrumbList","@id":"https:\/\/www.boxrepsol.com\/es\/motogp\/actualizacion-de-calendario-de-motogp-2024-se-cancela-el-gran-premio-de-kazajistan\/#breadcrumb","itemListElement":[{"@type":"ListItem","position":1,"name":"Home","item":"https:\/\/www.boxrepsol.com\/es\/"},{"@type":"ListItem","position":2,"name":"Actualizaci\u00f3n de calendario de MotoGP 2024: se cancela el Gran Premio de Kazajist\u00e1n"}]},{"@type":"WebSite","@id":"https:\/\/www.boxrepsol.com\/es\/#website","url":"https:\/\/www.boxrepsol.com\/es\/","name":"Box Repsol","description":"Box Repsol Site","publisher":{"@id":"https:\/\/www.boxrepsol.com\/es\/#organization"},"potentialAction":[{"@type":"SearchAction","target":{"@type":"EntryPoint","urlTemplate":"https:\/\/www.boxrepsol.com\/es\/?s={search_term_string}"},"query-input":{"@type":"PropertyValueSpecification","valueRequired":true,"valueName":"search_term_string"}}],"inLanguage":"es"},{"@type":"Organization","@id":"https:\/\/www.boxrepsol.com\/es\/#organization","name":"Box Repsol","url":"https:\/\/www.boxrepsol.com\/es\/","logo":{"@type":"ImageObject","inLanguage":"es","@id":"https:\/\/www.boxrepsol.com\/es\/#\/schema\/logo\/image\/","url":"https:\/\/bxrepsol.s3.eu-west-1.amazonaws.com\/static\/2025\/07\/30083337\/favicon-96x96-1.png","contentUrl":"https:\/\/bxrepsol.s3.eu-west-1.amazonaws.com\/static\/2025\/07\/30083337\/favicon-96x96-1.png","width":96,"height":96,"caption":"Box Repsol"},"image":{"@id":"https:\/\/www.boxrepsol.com\/es\/#\/schema\/logo\/image\/"},"sameAs":["https:\/\/www.facebook.com\/BoxRepsol","https:\/\/x.com\/box_repsol","http:\/\/instagram.com\/box_repsol","https:\/\/www.youtube.com\/user\/RepsolCompeticion","https:\/\/www.flickr.com\/photos\/box_repsol\/"]},{"@type":"Person","@id":"https:\/\/www.boxrepsol.com\/es\/#\/schema\/person\/c5c2138f2cca251b0ad92b7086bb60b7","name":"Redacci\u00f3n Box Repsol","image":{"@type":"ImageObject","inLanguage":"es","@id":"https:\/\/secure.gravatar.com\/avatar\/adf7b77e38b4419baf32c7e9c21dde01f4e40df611f0978e3006fc4ba0aaab7e?s=96&d=mm&r=g","url":"https:\/\/secure.gravatar.com\/avatar\/adf7b77e38b4419baf32c7e9c21dde01f4e40df611f0978e3006fc4ba0aaab7e?s=96&d=mm&r=g","contentUrl":"https:\/\/secure.gravatar.com\/avatar\/adf7b77e38b4419baf32c7e9c21dde01f4e40df611f0978e3006fc4ba0aaab7e?s=96&d=mm&r=g","caption":"Redacci\u00f3n Box Repsol"},"description":"Box Repsol lo forma un equipo de periodistas, community managers, dise\u00f1adores y fot\u00f3grafos con m\u00e1s de 20 a\u00f1os de experiencia en el mundo del motorsport. Hemos vivido el primer mundial de un espa\u00f1ol en la categor\u00eda reina de motociclismo con \u00c1lex Crivill\u00e9, estuvimos en las victorias de Pedrosa y los t\u00edtulos de M\u00e1rquez, acompa\u00f1amos en \u00c1frica a Nani Roma y Marc Coma en sus conquistas del Dakar y hemos vibrado con los t\u00edtulos de Toni Bou en Trial. Adem\u00e1s, en nuestro equipo contamos con expertos en el mundo de las dos y cuatro ruedas tanto de la calle y las carreteras, como de los circuitos. Periodistas que han trabajado en revistas y publicaciones para hacerte llegar desde rutas y consejos de mantenimiento, a curiosidades y trucos de pilotaje.","sameAs":["https:\/\/www.facebook.com\/BoxRepsol\/","https:\/\/www.instagram.com\/box_repsol\/","https:\/\/x.com\/https:\/\/twitter.com\/box_repsol","https:\/\/www.youtube.com\/@Boxrepsol"],"url":"https:\/\/www.boxrepsol.com\/es\/author\/redaccion-box-repsol\/"}]}},"_links":{"self":[{"href":"https:\/\/www.boxrepsol.com\/es\/wp-json\/wp\/v2\/posts\/117781","targetHints":{"allow":["GET"]}}],"collection":[{"href":"https:\/\/www.boxrepsol.com\/es\/wp-json\/wp\/v2\/posts"}],"about":[{"href":"https:\/\/www.boxrepsol.com\/es\/wp-json\/wp\/v2\/types\/post"}],"author":[{"embeddable":true,"href":"https:\/\/www.boxrepsol.com\/es\/wp-json\/wp\/v2\/users\/43146"}],"replies":[{"embeddable":true,"href":"https:\/\/www.boxrepsol.com\/es\/wp-json\/wp\/v2\/comments?post=117781"}],"version-history":[{"count":1,"href":"https:\/\/www.boxrepsol.com\/es\/wp-json\/wp\/v2\/posts\/117781\/revisions"}],"predecessor-version":[{"id":117784,"href":"https:\/\/www.boxrepsol.com\/es\/wp-json\/wp\/v2\/posts\/117781\/revisions\/117784"}],"wp:featuredmedia":[{"embeddable":true,"href":"https:\/\/www.boxrepsol.com\/es\/wp-json\/wp\/v2\/media\/117782"}],"wp:attachment":[{"href":"https:\/\/www.boxrepsol.com\/es\/wp-json\/wp\/v2\/media?parent=117781"}],"wp:term":[{"taxonomy":"category","embeddable":true,"href":"https:\/\/www.boxrepsol.com\/es\/wp-json\/wp\/v2\/categories?post=117781"},{"taxonomy":"post_tag","embeddable":true,"href":"https:\/\/www.boxrepsol.com\/es\/wp-json\/wp\/v2\/tags?post=117781"}],"curies":[{"name":"wp","href":"https:\/\/api.w.org\/{rel}","templated":true}]}}