{"id":117747,"date":"2024-07-12T04:56:23","date_gmt":"2024-07-12T06:56:23","guid":{"rendered":"https:\/\/www.boxrepsol.com\/?p=117747"},"modified":"2025-06-25T08:17:27","modified_gmt":"2025-06-25T10:17:27","slug":"que-son-las-matriculas-verdes","status":"publish","type":"post","link":"https:\/\/www.boxrepsol.com\/es\/cultura-motera\/que-son-las-matriculas-verdes\/","title":{"rendered":"\u00bfQu\u00e9 son las matr\u00edculas verdes y que veh\u00edculos las utilizan?"},"content":{"rendered":"<figure class=\"wp-block-post-featured-image\"><img loading=\"lazy\" decoding=\"async\" width=\"1280\" height=\"650\" src=\"https:\/\/bxrepsol.s3.eu-west-1.amazonaws.com\/static\/2024\/07\/12044914\/Foto-3-1.png\" class=\"attachment-post-thumbnail size-post-thumbnail wp-post-image\" alt=\"Motos con matricula estacionadas\" style=\"object-fit:cover;\" srcset=\"https:\/\/bxrepsol.s3.eu-west-1.amazonaws.com\/static\/2024\/07\/12044914\/Foto-3-1.png 1280w, https:\/\/bxrepsol.s3.eu-west-1.amazonaws.com\/static\/2024\/07\/12044914\/Foto-3-1-300x152.png 300w, https:\/\/bxrepsol.s3.eu-west-1.amazonaws.com\/static\/2024\/07\/12044914\/Foto-3-1-1024x520.png 1024w, https:\/\/bxrepsol.s3.eu-west-1.amazonaws.com\/static\/2024\/07\/12044914\/Foto-3-1-768x390.png 768w\" sizes=\"auto, (max-width: 1280px) 100vw, 1280px\" \/><\/figure>\n\n\n<div id=\"ez-toc-container\" class=\"ez-toc-v2_0_82_2 counter-hierarchy ez-toc-counter ez-toc-grey ez-toc-container-direction\">\n<div class=\"ez-toc-title-container\">\n<p class=\"ez-toc-title\" style=\"cursor:inherit\">\u00cdndice<\/p>\n<span class=\"ez-toc-title-toggle\"><a href=\"#\" class=\"ez-toc-pull-right ez-toc-btn ez-toc-btn-xs ez-toc-btn-default ez-toc-toggle\" aria-label=\"Toggle Table of Content\"><span class=\"ez-toc-js-icon-con\"><span class=\"\"><span class=\"eztoc-hide\" style=\"display:none;\">Toggle<\/span><span class=\"ez-toc-icon-toggle-span\"><svg style=\"fill: #999;color:#999\" xmlns=\"http:\/\/www.w3.org\/2000\/svg\" class=\"list-377408\" width=\"20px\" height=\"20px\" viewBox=\"0 0 24 24\" fill=\"none\"><path d=\"M6 6H4v2h2V6zm14 0H8v2h12V6zM4 11h2v2H4v-2zm16 0H8v2h12v-2zM4 16h2v2H4v-2zm16 0H8v2h12v-2z\" fill=\"currentColor\"><\/path><\/svg><svg style=\"fill: #999;color:#999\" class=\"arrow-unsorted-368013\" xmlns=\"http:\/\/www.w3.org\/2000\/svg\" width=\"10px\" height=\"10px\" viewBox=\"0 0 24 24\" version=\"1.2\" baseProfile=\"tiny\"><path d=\"M18.2 9.3l-6.2-6.3-6.2 6.3c-.2.2-.3.4-.3.7s.1.5.3.7c.2.2.4.3.7.3h11c.3 0 .5-.1.7-.3.2-.2.3-.5.3-.7s-.1-.5-.3-.7zM5.8 14.7l6.2 6.3 6.2-6.3c.2-.2.3-.5.3-.7s-.1-.5-.3-.7c-.2-.2-.4-.3-.7-.3h-11c-.3 0-.5.1-.7.3-.2.2-.3.5-.3.7s.1.5.3.7z\"\/><\/svg><\/span><\/span><\/span><\/a><\/span><\/div>\n<nav><ul class='ez-toc-list ez-toc-list-level-1 ' ><li class='ez-toc-page-1 ez-toc-heading-level-2'><a class=\"ez-toc-link ez-toc-heading-1\" href=\"https:\/\/www.boxrepsol.com\/es\/cultura-motera\/que-son-las-matriculas-verdes\/#%C2%BFQue_son_las_matriculas_verdes\" >\u00bfQu\u00e9 son las matr\u00edculas verdes?<\/a><ul class='ez-toc-list-level-3' ><li class='ez-toc-heading-level-3'><a class=\"ez-toc-link ez-toc-heading-2\" href=\"https:\/\/www.boxrepsol.com\/es\/cultura-motera\/que-son-las-matriculas-verdes\/#%C2%BFQue_tramites_se_necesitan_para_obtener_la_matricula_verde\" >\u00bfQu\u00e9 tr\u00e1mites se necesitan para obtener la matricula verde?<\/a><\/li><li class='ez-toc-page-1 ez-toc-heading-level-3'><a class=\"ez-toc-link ez-toc-heading-3\" href=\"https:\/\/www.boxrepsol.com\/es\/cultura-motera\/que-son-las-matriculas-verdes\/#%C2%BFHay_placas_verdes_en_las_Islas_Canarias_Ceuta_y_Melilla\" >\u00bfHay placas verdes en las Islas Canarias, Ceuta y Melilla?<\/a><\/li><\/ul><\/li><\/ul><\/nav><\/div>\n<h2 class=\"wp-block-heading\"><span class=\"ez-toc-section\" id=\"%C2%BFQue_son_las_matriculas_verdes\"><\/span><strong>\u00bfQu\u00e9 son las matr\u00edculas verdes?<\/strong><span class=\"ez-toc-section-end\"><\/span><\/h2>\n\n\n\n<p>Matr\u00edculas las hay de todos los colores: <strong>blancas, azules, rojas, verdes\u2026<\/strong> Precisamente, las de color verde se usan con m\u00e1s frecuencia de lo que puedas imaginar. Se trata de una <strong>matr\u00edcula que tiene car\u00e1cter provisional<\/strong>, que se emplea si est\u00e1s en tr\u00e1mite de <a href=\"https:\/\/www.boxrepsol.com\/es\/cultura-motera\/como-matricular-una-moto-nueva\/\">matricular un veh\u00edculo<\/a> y quieres usarlo mientras se finaliza ese proceso, <strong>o si necesitas trasladar o exportar un veh\u00edculo fuera de nuestro pa\u00eds,<\/strong> y este ya ha sido dado de baja por tr\u00e1nsito o exportaci\u00f3n.<\/p>\n\n\n\n<p>En esas circunstancias, no podr\u00edas circular con ese veh\u00edculo con la matr\u00edcula original. De este modo, <strong>la normativa te permite obtener unas&nbsp;matr\u00edculas&nbsp;temporales<\/strong>, popularmente conocidas como placas&nbsp;verdes, para poder circular con el veh\u00edculo.<\/p>\n\n\n\n<p><strong>No resulta muy habitual ver matr\u00edculas verdes en las motos<\/strong>, porque este tipo de tr\u00e1mite se realiza con mucha mayor frecuencia con los turismos, pero siempre se da el caso y resulta de lo m\u00e1s curioso y llamativo.<\/p>\n\n\n<div class=\"wp-block-image\">\n<figure class=\"aligncenter size-full\"><img loading=\"lazy\" decoding=\"async\" width=\"600\" height=\"400\" src=\"https:\/\/bxrepsol.s3.eu-west-1.amazonaws.com\/static\/2024\/07\/12045321\/placa-matricula-verde-temporal-moto-aluminio-220x160-mm_9384190_xxlweb.png\" alt=\"Matr\u00edcula verde para moto\" class=\"wp-image-117750\" srcset=\"https:\/\/bxrepsol.s3.eu-west-1.amazonaws.com\/static\/2024\/07\/12045321\/placa-matricula-verde-temporal-moto-aluminio-220x160-mm_9384190_xxlweb.png 600w, https:\/\/bxrepsol.s3.eu-west-1.amazonaws.com\/static\/2024\/07\/12045321\/placa-matricula-verde-temporal-moto-aluminio-220x160-mm_9384190_xxlweb-300x200.png 300w\" sizes=\"auto, (max-width: 600px) 100vw, 600px\" \/><\/figure>\n<\/div>\n\n\n<p>Las matr\u00edculas verdes tambi\u00e9n <strong>son empleadas por los coches extranjeros en&nbsp;Espa\u00f1a<\/strong>&nbsp;mientras est\u00e1n a la espera de la matr\u00edcula definitiva, ya que la reglamentaci\u00f3n establece que un veh\u00edculo matriculado fuera del pa\u00eds que va a tener su domicilio definitivo en Espa\u00f1a, debe contar con una matr\u00edcula espa\u00f1ola. L\u00f3gicamente, <strong>esto no se aplica a los veh\u00edculos de los turistas<\/strong>, cuya presencia en&nbsp;&nbsp; el pa\u00eds es por un limitado periodo de tiempo.<\/p>\n\n\n\n<h3 class=\"wp-block-heading\"><span class=\"ez-toc-section\" id=\"%C2%BFQue_tramites_se_necesitan_para_obtener_la_matricula_verde\"><\/span><strong><strong>\u00bfQu\u00e9 tr\u00e1mites se necesitan para obtener la matricula verde?<\/strong><\/strong><span class=\"ez-toc-section-end\"><\/span><\/h3>\n\n\n\n<p>Para conseguirla, primero hay que <strong>solicitar un<\/strong> <strong>permiso temporal de circulaci\u00f3n<\/strong>, que tendr\u00e1 asociada una matr\u00edcula. Se podr\u00e1 circular con dicho permiso por la v\u00eda p\u00fablica en los casos de no poseer todav\u00eda la matr\u00edcula definitiva, cuando se trate de veh\u00edculos de importaci\u00f3n en proceso de matriculaci\u00f3n, o cuando estos veh\u00edculos se van a exportar a otros pa\u00edses y necesitan desplazarse.<\/p>\n\n\n\n<p>Una matr\u00edcula verde <strong>tiene una vigencia de sesenta d\u00edas<\/strong>. En caso de no haber podido realizar la matriculaci\u00f3n&nbsp;dentro del plazo de vigencia del permiso temporal por causas ajenas al interesado, <strong>existe la posibilidad de prorrogar la validez de la matricula temporal.<\/strong><\/p>\n\n\n\n<p>Y no hay que olvidar que en cualquier circunstancia <strong>el veh\u00edculo debe estar asegurado y contar con la <\/strong><a href=\"https:\/\/www.boxrepsol.com\/es\/vive-tu-moto\/cuando-debe-pasar-una-moto-la-primera-itv\/\"><strong>ITV<\/strong><\/a> al d\u00eda para poder circular con \u00e9l. Adem\u00e1s, la mayor\u00eda de las aseguradoras permiten contratar un <a href=\"https:\/\/www.boxrepsol.com\/es\/vive-tu-moto\/seguros-moto-saber-contratar\/\">seguro<\/a> para el veh\u00edculo temporal para dar cobertura a este periodo de uso con matr\u00edcula verde.<\/p>\n\n\n<div class=\"wp-block-image\">\n<figure class=\"aligncenter size-full\"><img loading=\"lazy\" decoding=\"async\" width=\"600\" height=\"400\" src=\"https:\/\/bxrepsol.s3.eu-west-1.amazonaws.com\/static\/2024\/07\/12045430\/motorcycle-luxury-items-close-up-headlights-shock-absorber-wheel-wing-toning.jpg\" alt=\"Matr\u00edcula de moto \" class=\"wp-image-117752\" srcset=\"https:\/\/bxrepsol.s3.eu-west-1.amazonaws.com\/static\/2024\/07\/12045430\/motorcycle-luxury-items-close-up-headlights-shock-absorber-wheel-wing-toning.jpg 600w, https:\/\/bxrepsol.s3.eu-west-1.amazonaws.com\/static\/2024\/07\/12045430\/motorcycle-luxury-items-close-up-headlights-shock-absorber-wheel-wing-toning-300x200.jpg 300w\" sizes=\"auto, (max-width: 600px) 100vw, 600px\" \/><\/figure>\n<\/div>\n\n\n<p><\/p>\n\n\n\n<h3 class=\"wp-block-heading\"><span class=\"ez-toc-section\" id=\"%C2%BFHay_placas_verdes_en_las_Islas_Canarias_Ceuta_y_Melilla\"><\/span><strong>\u00bfHay placas verdes en las Islas Canarias, Ceuta y Melilla?<\/strong><span class=\"ez-toc-section-end\"><\/span><\/h3>\n\n\n\n<p>El uso de la matr\u00edcula verde <strong>tambi\u00e9n se aplica a los veh\u00edculos nuevos que se vayan a matricular en Canarias, Ceuta o Melilla <\/strong>y se hayan comprado en otra provincia.<\/p>\n\n\n\n<p>En este caso se puede <strong>solicitar un permiso temporal<\/strong> que ampare la circulaci\u00f3n hasta la provincia de destino, que tendr\u00e1 una <strong>validez de diez d\u00edas de duraci\u00f3n<\/strong>, que tambi\u00e9n se podr\u00eda prorrogar si se dan circunstancias ajenas al interesado que han impedido completar el traslado en ese periodo.<\/p>\n\n\n\n<p>El coste del tr\u00e1mite del <strong>permiso temporal es de<\/strong> <strong>20,61 euros<\/strong>, mientras que el coste de tr\u00e1mite de la pr\u00f3rroga es completamente gratuito.<\/p>\n","protected":false},"excerpt":{"rendered":"<p>Adem\u00e1s de las habituales\tmatr\u00edculas que todos conocemos y tenemos en nuestros veh\u00edculos,\thay otra serie de matr\u00edculas, de diferentes colores, para determinados usos.\t\u00bfQu\u00e9\tveh\u00edculos emplean las de color verde?<\/p>\n","protected":false},"author":41268,"featured_media":117748,"comment_status":"open","ping_status":"open","sticky":false,"template":"","format":"standard","meta":{"footnotes":""},"categories":[160],"tags":[585],"class_list":["post-117747","post","type-post","status-publish","format-standard","hentry","category-cultura-motera","tag-conduccion"],"yoast_head":"<!-- This site is optimized with the Yoast SEO plugin v27.3 - https:\/\/yoast.com\/product\/yoast-seo-wordpress\/ -->\n<title>Qu\u00e9 son las matr\u00edculas verdes y c\u00f3mo obtenerlas - Box Repsol<\/title>\n<link rel=\"canonical\" href=\"https:\/\/www.boxrepsol.com\/es\/cultura-motera\/que-son-las-matriculas-verdes\/\" \/>\n<meta property=\"og:locale\" content=\"es_ES\" \/>\n<meta property=\"og:type\" content=\"article\" \/>\n<meta property=\"og:title\" content=\"Qu\u00e9 son las matr\u00edculas verdes y c\u00f3mo obtenerlas - Box Repsol\" \/>\n<meta property=\"og:description\" content=\"Adem\u00e1s de las habituales matr\u00edculas que todos conocemos y tenemos en nuestros veh\u00edculos, hay otra serie de matr\u00edculas, de diferentes colores, para determinados usos. \u00bfQu\u00e9 veh\u00edculos emplean las de color verde?\" \/>\n<meta property=\"og:url\" content=\"https:\/\/www.boxrepsol.com\/es\/cultura-motera\/que-son-las-matriculas-verdes\/\" \/>\n<meta property=\"og:site_name\" content=\"Box Repsol\" \/>\n<meta property=\"article:publisher\" content=\"https:\/\/www.facebook.com\/BoxRepsol\" \/>\n<meta property=\"article:published_time\" content=\"2024-07-12T06:56:23+00:00\" \/>\n<meta property=\"article:modified_time\" content=\"2025-06-25T10:17:27+00:00\" \/>\n<meta property=\"og:image\" content=\"https:\/\/bxrepsol.s3.eu-west-1.amazonaws.com\/static\/2024\/07\/12044914\/Foto-3-1.png\" \/>\n\t<meta property=\"og:image:width\" content=\"1280\" \/>\n\t<meta property=\"og:image:height\" content=\"650\" \/>\n\t<meta property=\"og:image:type\" content=\"image\/png\" \/>\n<meta name=\"author\" content=\"Juan Pedro de la Torre\" \/>\n<meta name=\"twitter:card\" content=\"summary_large_image\" \/>\n<meta name=\"twitter:creator\" content=\"@https:\/\/twitter.com\/JPdelaTorre1965\" \/>\n<meta name=\"twitter:site\" content=\"@box_repsol\" \/>\n<meta name=\"twitter:label1\" content=\"Written by\" \/>\n\t<meta name=\"twitter:data1\" content=\"Juan Pedro de la Torre\" \/>\n\t<meta name=\"twitter:label2\" content=\"Est. reading time\" \/>\n\t<meta name=\"twitter:data2\" content=\"3 minutos\" \/>\n<script type=\"application\/ld+json\" class=\"yoast-schema-graph\">{\"@context\":\"https:\\\/\\\/schema.org\",\"@graph\":[{\"@type\":\"Article\",\"@id\":\"https:\\\/\\\/www.boxrepsol.com\\\/es\\\/cultura-motera\\\/que-son-las-matriculas-verdes\\\/#article\",\"isPartOf\":{\"@id\":\"https:\\\/\\\/www.boxrepsol.com\\\/es\\\/cultura-motera\\\/que-son-las-matriculas-verdes\\\/\"},\"author\":{\"name\":\"Juan Pedro de la Torre\",\"@id\":\"https:\\\/\\\/www.boxrepsol.com\\\/es\\\/#\\\/schema\\\/person\\\/26abce1d675df22d63ac9e9d5f23e4aa\"},\"headline\":\"\u00bfQu\u00e9 son las matr\u00edculas verdes y que veh\u00edculos las utilizan?\",\"datePublished\":\"2024-07-12T06:56:23+00:00\",\"dateModified\":\"2025-06-25T10:17:27+00:00\",\"mainEntityOfPage\":{\"@id\":\"https:\\\/\\\/www.boxrepsol.com\\\/es\\\/cultura-motera\\\/que-son-las-matriculas-verdes\\\/\"},\"wordCount\":586,\"commentCount\":0,\"publisher\":{\"@id\":\"https:\\\/\\\/www.boxrepsol.com\\\/es\\\/#organization\"},\"image\":{\"@id\":\"https:\\\/\\\/www.boxrepsol.com\\\/es\\\/cultura-motera\\\/que-son-las-matriculas-verdes\\\/#primaryimage\"},\"thumbnailUrl\":\"https:\\\/\\\/bxrepsol.s3.eu-west-1.amazonaws.com\\\/static\\\/2024\\\/07\\\/12044914\\\/Foto-3-1.png\",\"keywords\":[\"conducci\u00f3n\"],\"articleSection\":[\"Cultura Motera\"],\"inLanguage\":\"es\",\"potentialAction\":[{\"@type\":\"CommentAction\",\"name\":\"Comment\",\"target\":[\"https:\\\/\\\/www.boxrepsol.com\\\/es\\\/cultura-motera\\\/que-son-las-matriculas-verdes\\\/#respond\"]}]},{\"@type\":\"WebPage\",\"@id\":\"https:\\\/\\\/www.boxrepsol.com\\\/es\\\/cultura-motera\\\/que-son-las-matriculas-verdes\\\/\",\"url\":\"https:\\\/\\\/www.boxrepsol.com\\\/es\\\/cultura-motera\\\/que-son-las-matriculas-verdes\\\/\",\"name\":\"Qu\u00e9 son las matr\u00edculas verdes y c\u00f3mo obtenerlas - Box Repsol\",\"isPartOf\":{\"@id\":\"https:\\\/\\\/www.boxrepsol.com\\\/es\\\/#website\"},\"primaryImageOfPage\":{\"@id\":\"https:\\\/\\\/www.boxrepsol.com\\\/es\\\/cultura-motera\\\/que-son-las-matriculas-verdes\\\/#primaryimage\"},\"image\":{\"@id\":\"https:\\\/\\\/www.boxrepsol.com\\\/es\\\/cultura-motera\\\/que-son-las-matriculas-verdes\\\/#primaryimage\"},\"thumbnailUrl\":\"https:\\\/\\\/bxrepsol.s3.eu-west-1.amazonaws.com\\\/static\\\/2024\\\/07\\\/12044914\\\/Foto-3-1.png\",\"datePublished\":\"2024-07-12T06:56:23+00:00\",\"dateModified\":\"2025-06-25T10:17:27+00:00\",\"breadcrumb\":{\"@id\":\"https:\\\/\\\/www.boxrepsol.com\\\/es\\\/cultura-motera\\\/que-son-las-matriculas-verdes\\\/#breadcrumb\"},\"inLanguage\":\"es\",\"potentialAction\":[{\"@type\":\"ReadAction\",\"target\":[\"https:\\\/\\\/www.boxrepsol.com\\\/es\\\/cultura-motera\\\/que-son-las-matriculas-verdes\\\/\"]}]},{\"@type\":\"ImageObject\",\"inLanguage\":\"es\",\"@id\":\"https:\\\/\\\/www.boxrepsol.com\\\/es\\\/cultura-motera\\\/que-son-las-matriculas-verdes\\\/#primaryimage\",\"url\":\"https:\\\/\\\/bxrepsol.s3.eu-west-1.amazonaws.com\\\/static\\\/2024\\\/07\\\/12044914\\\/Foto-3-1.png\",\"contentUrl\":\"https:\\\/\\\/bxrepsol.s3.eu-west-1.amazonaws.com\\\/static\\\/2024\\\/07\\\/12044914\\\/Foto-3-1.png\",\"width\":1280,\"height\":650,\"caption\":\"Motos con matricula estacionadas\"},{\"@type\":\"BreadcrumbList\",\"@id\":\"https:\\\/\\\/www.boxrepsol.com\\\/es\\\/cultura-motera\\\/que-son-las-matriculas-verdes\\\/#breadcrumb\",\"itemListElement\":[{\"@type\":\"ListItem\",\"position\":1,\"name\":\"Home\",\"item\":\"https:\\\/\\\/www.boxrepsol.com\\\/es\\\/\"},{\"@type\":\"ListItem\",\"position\":2,\"name\":\"\u00bfQu\u00e9 son las matr\u00edculas verdes y que veh\u00edculos las utilizan?\"}]},{\"@type\":\"WebSite\",\"@id\":\"https:\\\/\\\/www.boxrepsol.com\\\/es\\\/#website\",\"url\":\"https:\\\/\\\/www.boxrepsol.com\\\/es\\\/\",\"name\":\"Box Repsol\",\"description\":\"Box Repsol Site\",\"publisher\":{\"@id\":\"https:\\\/\\\/www.boxrepsol.com\\\/es\\\/#organization\"},\"potentialAction\":[{\"@type\":\"SearchAction\",\"target\":{\"@type\":\"EntryPoint\",\"urlTemplate\":\"https:\\\/\\\/www.boxrepsol.com\\\/es\\\/?s={search_term_string}\"},\"query-input\":{\"@type\":\"PropertyValueSpecification\",\"valueRequired\":true,\"valueName\":\"search_term_string\"}}],\"inLanguage\":\"es\"},{\"@type\":\"Organization\",\"@id\":\"https:\\\/\\\/www.boxrepsol.com\\\/es\\\/#organization\",\"name\":\"Box Repsol\",\"url\":\"https:\\\/\\\/www.boxrepsol.com\\\/es\\\/\",\"logo\":{\"@type\":\"ImageObject\",\"inLanguage\":\"es\",\"@id\":\"https:\\\/\\\/www.boxrepsol.com\\\/es\\\/#\\\/schema\\\/logo\\\/image\\\/\",\"url\":\"https:\\\/\\\/bxrepsol.s3.eu-west-1.amazonaws.com\\\/static\\\/2025\\\/07\\\/30083337\\\/favicon-96x96-1.png\",\"contentUrl\":\"https:\\\/\\\/bxrepsol.s3.eu-west-1.amazonaws.com\\\/static\\\/2025\\\/07\\\/30083337\\\/favicon-96x96-1.png\",\"width\":96,\"height\":96,\"caption\":\"Box Repsol\"},\"image\":{\"@id\":\"https:\\\/\\\/www.boxrepsol.com\\\/es\\\/#\\\/schema\\\/logo\\\/image\\\/\"},\"sameAs\":[\"https:\\\/\\\/www.facebook.com\\\/BoxRepsol\",\"https:\\\/\\\/x.com\\\/box_repsol\",\"http:\\\/\\\/instagram.com\\\/box_repsol\",\"https:\\\/\\\/www.youtube.com\\\/user\\\/RepsolCompeticion\",\"https:\\\/\\\/www.flickr.com\\\/photos\\\/box_repsol\\\/\"]},{\"@type\":\"Person\",\"@id\":\"https:\\\/\\\/www.boxrepsol.com\\\/es\\\/#\\\/schema\\\/person\\\/26abce1d675df22d63ac9e9d5f23e4aa\",\"name\":\"Juan Pedro de la Torre\",\"image\":{\"@type\":\"ImageObject\",\"inLanguage\":\"es\",\"@id\":\"https:\\\/\\\/secure.gravatar.com\\\/avatar\\\/e81f780ee2930d7be330cb34304decf0e9bc66bec0158805a0fe2726f4517224?s=96&d=mm&r=g\",\"url\":\"https:\\\/\\\/secure.gravatar.com\\\/avatar\\\/e81f780ee2930d7be330cb34304decf0e9bc66bec0158805a0fe2726f4517224?s=96&d=mm&r=g\",\"contentUrl\":\"https:\\\/\\\/secure.gravatar.com\\\/avatar\\\/e81f780ee2930d7be330cb34304decf0e9bc66bec0158805a0fe2726f4517224?s=96&d=mm&r=g\",\"caption\":\"Juan Pedro de la Torre\"},\"description\":\"Se inici\u00f3 en el diario Marca en 1988 y posteriormente pas\u00f3 a la revista Motociclismo, donde llegar\u00eda a ser director de deporte. Despu\u00e9s fue editor y director de Motoworld.es y Sport Bikes y colabor\u00f3 con varios medios. Adem\u00e1s, ha publicado una docena de libros y actualmente trabaja como colaborador para Motociclismo, El Confidencial y Box Repsol.\",\"sameAs\":[\"https:\\\/\\\/x.com\\\/https:\\\/\\\/twitter.com\\\/JPdelaTorre1965\",\"https:\\\/\\\/youtube.com\\\/@juanpedrodelatorremotoworld\"],\"url\":\"https:\\\/\\\/www.boxrepsol.com\\\/es\\\/author\\\/juanpedro_delatorre\\\/\"}]}<\/script>\n<!-- \/ Yoast SEO plugin. -->","yoast_head_json":{"title":"Qu\u00e9 son las matr\u00edculas verdes y c\u00f3mo obtenerlas - Box Repsol","canonical":"https:\/\/www.boxrepsol.com\/es\/cultura-motera\/que-son-las-matriculas-verdes\/","og_locale":"es_ES","og_type":"article","og_title":"Qu\u00e9 son las matr\u00edculas verdes y c\u00f3mo obtenerlas - Box Repsol","og_description":"Adem\u00e1s de las habituales matr\u00edculas que todos conocemos y tenemos en nuestros veh\u00edculos, hay otra serie de matr\u00edculas, de diferentes colores, para determinados usos. \u00bfQu\u00e9 veh\u00edculos emplean las de color verde?","og_url":"https:\/\/www.boxrepsol.com\/es\/cultura-motera\/que-son-las-matriculas-verdes\/","og_site_name":"Box Repsol","article_publisher":"https:\/\/www.facebook.com\/BoxRepsol","article_published_time":"2024-07-12T06:56:23+00:00","article_modified_time":"2025-06-25T10:17:27+00:00","og_image":[{"width":1280,"height":650,"url":"https:\/\/bxrepsol.s3.eu-west-1.amazonaws.com\/static\/2024\/07\/12044914\/Foto-3-1.png","type":"image\/png"}],"author":"Juan Pedro de la Torre","twitter_card":"summary_large_image","twitter_creator":"@https:\/\/twitter.com\/JPdelaTorre1965","twitter_site":"@box_repsol","twitter_misc":{"Written by":"Juan Pedro de la Torre","Est. reading time":"3 minutos"},"schema":{"@context":"https:\/\/schema.org","@graph":[{"@type":"Article","@id":"https:\/\/www.boxrepsol.com\/es\/cultura-motera\/que-son-las-matriculas-verdes\/#article","isPartOf":{"@id":"https:\/\/www.boxrepsol.com\/es\/cultura-motera\/que-son-las-matriculas-verdes\/"},"author":{"name":"Juan Pedro de la Torre","@id":"https:\/\/www.boxrepsol.com\/es\/#\/schema\/person\/26abce1d675df22d63ac9e9d5f23e4aa"},"headline":"\u00bfQu\u00e9 son las matr\u00edculas verdes y que veh\u00edculos las utilizan?","datePublished":"2024-07-12T06:56:23+00:00","dateModified":"2025-06-25T10:17:27+00:00","mainEntityOfPage":{"@id":"https:\/\/www.boxrepsol.com\/es\/cultura-motera\/que-son-las-matriculas-verdes\/"},"wordCount":586,"commentCount":0,"publisher":{"@id":"https:\/\/www.boxrepsol.com\/es\/#organization"},"image":{"@id":"https:\/\/www.boxrepsol.com\/es\/cultura-motera\/que-son-las-matriculas-verdes\/#primaryimage"},"thumbnailUrl":"https:\/\/bxrepsol.s3.eu-west-1.amazonaws.com\/static\/2024\/07\/12044914\/Foto-3-1.png","keywords":["conducci\u00f3n"],"articleSection":["Cultura Motera"],"inLanguage":"es","potentialAction":[{"@type":"CommentAction","name":"Comment","target":["https:\/\/www.boxrepsol.com\/es\/cultura-motera\/que-son-las-matriculas-verdes\/#respond"]}]},{"@type":"WebPage","@id":"https:\/\/www.boxrepsol.com\/es\/cultura-motera\/que-son-las-matriculas-verdes\/","url":"https:\/\/www.boxrepsol.com\/es\/cultura-motera\/que-son-las-matriculas-verdes\/","name":"Qu\u00e9 son las matr\u00edculas verdes y c\u00f3mo obtenerlas - Box Repsol","isPartOf":{"@id":"https:\/\/www.boxrepsol.com\/es\/#website"},"primaryImageOfPage":{"@id":"https:\/\/www.boxrepsol.com\/es\/cultura-motera\/que-son-las-matriculas-verdes\/#primaryimage"},"image":{"@id":"https:\/\/www.boxrepsol.com\/es\/cultura-motera\/que-son-las-matriculas-verdes\/#primaryimage"},"thumbnailUrl":"https:\/\/bxrepsol.s3.eu-west-1.amazonaws.com\/static\/2024\/07\/12044914\/Foto-3-1.png","datePublished":"2024-07-12T06:56:23+00:00","dateModified":"2025-06-25T10:17:27+00:00","breadcrumb":{"@id":"https:\/\/www.boxrepsol.com\/es\/cultura-motera\/que-son-las-matriculas-verdes\/#breadcrumb"},"inLanguage":"es","potentialAction":[{"@type":"ReadAction","target":["https:\/\/www.boxrepsol.com\/es\/cultura-motera\/que-son-las-matriculas-verdes\/"]}]},{"@type":"ImageObject","inLanguage":"es","@id":"https:\/\/www.boxrepsol.com\/es\/cultura-motera\/que-son-las-matriculas-verdes\/#primaryimage","url":"https:\/\/bxrepsol.s3.eu-west-1.amazonaws.com\/static\/2024\/07\/12044914\/Foto-3-1.png","contentUrl":"https:\/\/bxrepsol.s3.eu-west-1.amazonaws.com\/static\/2024\/07\/12044914\/Foto-3-1.png","width":1280,"height":650,"caption":"Motos con matricula estacionadas"},{"@type":"BreadcrumbList","@id":"https:\/\/www.boxrepsol.com\/es\/cultura-motera\/que-son-las-matriculas-verdes\/#breadcrumb","itemListElement":[{"@type":"ListItem","position":1,"name":"Home","item":"https:\/\/www.boxrepsol.com\/es\/"},{"@type":"ListItem","position":2,"name":"\u00bfQu\u00e9 son las matr\u00edculas verdes y que veh\u00edculos las utilizan?"}]},{"@type":"WebSite","@id":"https:\/\/www.boxrepsol.com\/es\/#website","url":"https:\/\/www.boxrepsol.com\/es\/","name":"Box Repsol","description":"Box Repsol Site","publisher":{"@id":"https:\/\/www.boxrepsol.com\/es\/#organization"},"potentialAction":[{"@type":"SearchAction","target":{"@type":"EntryPoint","urlTemplate":"https:\/\/www.boxrepsol.com\/es\/?s={search_term_string}"},"query-input":{"@type":"PropertyValueSpecification","valueRequired":true,"valueName":"search_term_string"}}],"inLanguage":"es"},{"@type":"Organization","@id":"https:\/\/www.boxrepsol.com\/es\/#organization","name":"Box Repsol","url":"https:\/\/www.boxrepsol.com\/es\/","logo":{"@type":"ImageObject","inLanguage":"es","@id":"https:\/\/www.boxrepsol.com\/es\/#\/schema\/logo\/image\/","url":"https:\/\/bxrepsol.s3.eu-west-1.amazonaws.com\/static\/2025\/07\/30083337\/favicon-96x96-1.png","contentUrl":"https:\/\/bxrepsol.s3.eu-west-1.amazonaws.com\/static\/2025\/07\/30083337\/favicon-96x96-1.png","width":96,"height":96,"caption":"Box Repsol"},"image":{"@id":"https:\/\/www.boxrepsol.com\/es\/#\/schema\/logo\/image\/"},"sameAs":["https:\/\/www.facebook.com\/BoxRepsol","https:\/\/x.com\/box_repsol","http:\/\/instagram.com\/box_repsol","https:\/\/www.youtube.com\/user\/RepsolCompeticion","https:\/\/www.flickr.com\/photos\/box_repsol\/"]},{"@type":"Person","@id":"https:\/\/www.boxrepsol.com\/es\/#\/schema\/person\/26abce1d675df22d63ac9e9d5f23e4aa","name":"Juan Pedro de la Torre","image":{"@type":"ImageObject","inLanguage":"es","@id":"https:\/\/secure.gravatar.com\/avatar\/e81f780ee2930d7be330cb34304decf0e9bc66bec0158805a0fe2726f4517224?s=96&d=mm&r=g","url":"https:\/\/secure.gravatar.com\/avatar\/e81f780ee2930d7be330cb34304decf0e9bc66bec0158805a0fe2726f4517224?s=96&d=mm&r=g","contentUrl":"https:\/\/secure.gravatar.com\/avatar\/e81f780ee2930d7be330cb34304decf0e9bc66bec0158805a0fe2726f4517224?s=96&d=mm&r=g","caption":"Juan Pedro de la Torre"},"description":"Se inici\u00f3 en el diario Marca en 1988 y posteriormente pas\u00f3 a la revista Motociclismo, donde llegar\u00eda a ser director de deporte. Despu\u00e9s fue editor y director de Motoworld.es y Sport Bikes y colabor\u00f3 con varios medios. Adem\u00e1s, ha publicado una docena de libros y actualmente trabaja como colaborador para Motociclismo, El Confidencial y Box Repsol.","sameAs":["https:\/\/x.com\/https:\/\/twitter.com\/JPdelaTorre1965","https:\/\/youtube.com\/@juanpedrodelatorremotoworld"],"url":"https:\/\/www.boxrepsol.com\/es\/author\/juanpedro_delatorre\/"}]}},"_links":{"self":[{"href":"https:\/\/www.boxrepsol.com\/es\/wp-json\/wp\/v2\/posts\/117747","targetHints":{"allow":["GET"]}}],"collection":[{"href":"https:\/\/www.boxrepsol.com\/es\/wp-json\/wp\/v2\/posts"}],"about":[{"href":"https:\/\/www.boxrepsol.com\/es\/wp-json\/wp\/v2\/types\/post"}],"author":[{"embeddable":true,"href":"https:\/\/www.boxrepsol.com\/es\/wp-json\/wp\/v2\/users\/41268"}],"replies":[{"embeddable":true,"href":"https:\/\/www.boxrepsol.com\/es\/wp-json\/wp\/v2\/comments?post=117747"}],"version-history":[{"count":2,"href":"https:\/\/www.boxrepsol.com\/es\/wp-json\/wp\/v2\/posts\/117747\/revisions"}],"predecessor-version":[{"id":117755,"href":"https:\/\/www.boxrepsol.com\/es\/wp-json\/wp\/v2\/posts\/117747\/revisions\/117755"}],"wp:featuredmedia":[{"embeddable":true,"href":"https:\/\/www.boxrepsol.com\/es\/wp-json\/wp\/v2\/media\/117748"}],"wp:attachment":[{"href":"https:\/\/www.boxrepsol.com\/es\/wp-json\/wp\/v2\/media?parent=117747"}],"wp:term":[{"taxonomy":"category","embeddable":true,"href":"https:\/\/www.boxrepsol.com\/es\/wp-json\/wp\/v2\/categories?post=117747"},{"taxonomy":"post_tag","embeddable":true,"href":"https:\/\/www.boxrepsol.com\/es\/wp-json\/wp\/v2\/tags?post=117747"}],"curies":[{"name":"wp","href":"https:\/\/api.w.org\/{rel}","templated":true}]}}