{"id":117725,"date":"2024-07-11T08:32:24","date_gmt":"2024-07-11T10:32:24","guid":{"rendered":"https:\/\/www.boxrepsol.com\/?p=117725"},"modified":"2025-06-26T07:02:34","modified_gmt":"2025-06-26T09:02:34","slug":"cuanto-cuesta-limitar-una-moto","status":"publish","type":"post","link":"https:\/\/www.boxrepsol.com\/es\/cultura-motera\/cuanto-cuesta-limitar-una-moto\/","title":{"rendered":"\u00bfCu\u00e1nto cuesta limitar una moto?"},"content":{"rendered":"<figure class=\"wp-block-post-featured-image\"><img loading=\"lazy\" decoding=\"async\" width=\"1280\" height=\"650\" src=\"https:\/\/bxrepsol.s3.eu-west-1.amazonaws.com\/static\/2024\/07\/11080203\/apertura.png\" class=\"attachment-post-thumbnail size-post-thumbnail wp-post-image\" alt=\"Imagen de motos para con carnet A2\" style=\"object-fit:cover;\" srcset=\"https:\/\/bxrepsol.s3.eu-west-1.amazonaws.com\/static\/2024\/07\/11080203\/apertura.png 1280w, https:\/\/bxrepsol.s3.eu-west-1.amazonaws.com\/static\/2024\/07\/11080203\/apertura-300x152.png 300w, https:\/\/bxrepsol.s3.eu-west-1.amazonaws.com\/static\/2024\/07\/11080203\/apertura-1024x520.png 1024w, https:\/\/bxrepsol.s3.eu-west-1.amazonaws.com\/static\/2024\/07\/11080203\/apertura-768x390.png 768w\" sizes=\"auto, (max-width: 1280px) 100vw, 1280px\" \/><\/figure>\n\n\n<p class=\"has-text-align-right\">Foto: Revista Motociclismo<\/p>\n\n\n\n<p>Una vez que cumples <strong>18 a\u00f1os<\/strong> ya puedes sacarte el <a href=\"https:\/\/www.boxrepsol.com\/es\/cultura-motera\/carne-a2-10-consejos-para-afrontarlo-facilmente\/\"><strong>carnet A2 de moto<\/strong><\/a>, el que te permite conducir motos con una potencia m\u00e1xima de <strong>35 kW o 47,2 CV<\/strong>, y una relaci\u00f3n potencia\/peso de 0,2 kW\/kg. Es decir, una moto que tenga un peso m\u00ednimo en orden de marcha de <strong>175 kg o superior. <\/strong>Sin embargo, tambi\u00e9n puedes escoger una moto de potencia superior y limitarla, siempre de origen no tenga una potencia m\u00e1xima superior a <strong>70 kW o 95 CV<\/strong>. Esta es la parte t\u00e9cnica del asunto.<\/p>\n\n\n<div class=\"wp-block-image\">\n<figure class=\"aligncenter size-full\"><img loading=\"lazy\" decoding=\"async\" width=\"600\" height=\"400\" src=\"https:\/\/bxrepsol.s3.eu-west-1.amazonaws.com\/static\/2024\/07\/11082836\/Foto-2.jpg\" alt=\"\" class=\"wp-image-117728\" srcset=\"https:\/\/bxrepsol.s3.eu-west-1.amazonaws.com\/static\/2024\/07\/11082836\/Foto-2.jpg 600w, https:\/\/bxrepsol.s3.eu-west-1.amazonaws.com\/static\/2024\/07\/11082836\/Foto-2-300x200.jpg 300w\" sizes=\"auto, (max-width: 600px) 100vw, 600px\" \/><figcaption class=\"wp-element-caption\">Foto: Revista Motociclismo<\/figcaption><\/figure>\n<\/div>\n\n\n<div id=\"ez-toc-container\" class=\"ez-toc-v2_0_82_2 counter-hierarchy ez-toc-counter ez-toc-grey ez-toc-container-direction\">\n<div class=\"ez-toc-title-container\">\n<p class=\"ez-toc-title\" style=\"cursor:inherit\">\u00cdndice<\/p>\n<span class=\"ez-toc-title-toggle\"><a href=\"#\" class=\"ez-toc-pull-right ez-toc-btn ez-toc-btn-xs ez-toc-btn-default ez-toc-toggle\" aria-label=\"Toggle Table of Content\"><span class=\"ez-toc-js-icon-con\"><span class=\"\"><span class=\"eztoc-hide\" style=\"display:none;\">Toggle<\/span><span class=\"ez-toc-icon-toggle-span\"><svg style=\"fill: #999;color:#999\" xmlns=\"http:\/\/www.w3.org\/2000\/svg\" class=\"list-377408\" width=\"20px\" height=\"20px\" viewBox=\"0 0 24 24\" fill=\"none\"><path d=\"M6 6H4v2h2V6zm14 0H8v2h12V6zM4 11h2v2H4v-2zm16 0H8v2h12v-2zM4 16h2v2H4v-2zm16 0H8v2h12v-2z\" fill=\"currentColor\"><\/path><\/svg><svg style=\"fill: #999;color:#999\" class=\"arrow-unsorted-368013\" xmlns=\"http:\/\/www.w3.org\/2000\/svg\" width=\"10px\" height=\"10px\" viewBox=\"0 0 24 24\" version=\"1.2\" baseProfile=\"tiny\"><path d=\"M18.2 9.3l-6.2-6.3-6.2 6.3c-.2.2-.3.4-.3.7s.1.5.3.7c.2.2.4.3.7.3h11c.3 0 .5-.1.7-.3.2-.2.3-.5.3-.7s-.1-.5-.3-.7zM5.8 14.7l6.2 6.3 6.2-6.3c.2-.2.3-.5.3-.7s-.1-.5-.3-.7c-.2-.2-.4-.3-.7-.3h-11c-.3 0-.5.1-.7.3-.2.2-.3.5-.3.7s.1.5.3.7z\"\/><\/svg><\/span><\/span><\/span><\/a><\/span><\/div>\n<nav><ul class='ez-toc-list ez-toc-list-level-1 ' ><li class='ez-toc-page-1 ez-toc-heading-level-2'><a class=\"ez-toc-link ez-toc-heading-1\" href=\"https:\/\/www.boxrepsol.com\/es\/cultura-motera\/cuanto-cuesta-limitar-una-moto\/#%C2%BFQue_motos_puedes_limitar_para_el_carnet_A2\" >\u00bfQu\u00e9 motos puedes limitar para el carnet A2?<\/a><\/li><li class='ez-toc-page-1 ez-toc-heading-level-2'><a class=\"ez-toc-link ez-toc-heading-2\" href=\"https:\/\/www.boxrepsol.com\/es\/cultura-motera\/cuanto-cuesta-limitar-una-moto\/#%C2%BFCuanto_cuesta_limitar_una_moto_y_como_hacerlo_para_el_carnet_A2\" >\u00bfCu\u00e1nto cuesta limitar una moto y c\u00f3mo hacerlo para el carnet A2?<\/a><ul class='ez-toc-list-level-3' ><li class='ez-toc-heading-level-3'><a class=\"ez-toc-link ez-toc-heading-3\" href=\"https:\/\/www.boxrepsol.com\/es\/cultura-motera\/cuanto-cuesta-limitar-una-moto\/#%C2%BFQue_pasos_debo_seguir_para_deslimitar_la_moto\" >\u00bfQu\u00e9 pasos debo seguir para deslimitar la moto?<\/a><\/li><li class='ez-toc-page-1 ez-toc-heading-level-3'><a class=\"ez-toc-link ez-toc-heading-4\" href=\"https:\/\/www.boxrepsol.com\/es\/cultura-motera\/cuanto-cuesta-limitar-una-moto\/#%C2%BFCual_es_la_multa_por_conducir_una_moto_sin_limitar_con_el_A2\" >\u00bfCu\u00e1l es la multa por conducir una moto sin limitar con el A2?<\/a><\/li><\/ul><\/li><\/ul><\/nav><\/div>\n<h2 class=\"wp-block-heading\"><span class=\"ez-toc-section\" id=\"%C2%BFQue_motos_puedes_limitar_para_el_carnet_A2\"><\/span><strong>\u00bfQu\u00e9 motos puedes limitar para el carnet A2?<\/strong><span class=\"ez-toc-section-end\"><\/span><\/h2>\n\n\n\n<p>Como has podido leer, <strong>si la potencia m\u00e1xima de la moto que quieres conducir excede en origen de los 95 CV no es posible limitarla<\/strong>. Al respecto, hay que tener en cuenta que existen algunos modelos que anuncian potencias superiores, pero los respectivos <a href=\"https:\/\/www.boxrepsol.com\/es\/cultura-motera\/mejores-marcas-de-motos\/\">fabricantes de motos<\/a> han tenido en cuenta a los usuarios del A2 y han homologado <strong>versiones con la potencia m\u00e1xima permitida por este carnet<\/strong>. As\u00ed, por citar un ejemplo, la Yamaha MT-09 anuncia 119 CV, pero tambi\u00e9n existe una versi\u00f3n de 95 CV que puede ser limitada. Lo mismo ocurre con la Kawasaki Z900, que en versi\u00f3n \u201c<em>full power<\/em>\u201d declara 125 CV, pero que en versi\u00f3n A2 se ajusta a las necesidades de este carnet.<\/p>\n\n\n<div class=\"wp-block-image\">\n<figure class=\"aligncenter size-full\"><img loading=\"lazy\" decoding=\"async\" width=\"600\" height=\"400\" src=\"https:\/\/bxrepsol.s3.eu-west-1.amazonaws.com\/static\/2024\/07\/11082944\/Foto-3.png\" alt=\"\" class=\"wp-image-117730\" srcset=\"https:\/\/bxrepsol.s3.eu-west-1.amazonaws.com\/static\/2024\/07\/11082944\/Foto-3.png 600w, https:\/\/bxrepsol.s3.eu-west-1.amazonaws.com\/static\/2024\/07\/11082944\/Foto-3-300x200.png 300w\" sizes=\"auto, (max-width: 600px) 100vw, 600px\" \/><\/figure>\n<\/div>\n\n\n<p>Por tanto, lo mejor es que si vamos a comprarnos una moto nueva, <strong>adquiramos una que ya viene<\/strong> <strong>preparada para el A2<\/strong>. De este modo saldremos del concesionario con la <a href=\"https:\/\/www.boxrepsol.com\/es\/cultura-motera\/como-matricular-una-moto-nueva\/\">moto matriculada<\/a> y habiendo pagado lo mismo e incluso algo menos que si adquirimos una versi\u00f3n sin limitar. Al respecto y al hilo de los ejemplos citados en el p\u00e1rrafo anterior, la Yamaha cuesta lo mismo limitada, que sin limitar. En el caso de la Kawasaki, ahorraremos 300 \u20ac si optamos por la versi\u00f3n limitada.<\/p>\n\n\n\n<h2 class=\"wp-block-heading\"><span class=\"ez-toc-section\" id=\"%C2%BFCuanto_cuesta_limitar_una_moto_y_como_hacerlo_para_el_carnet_A2\"><\/span><strong><strong>\u00bfCu\u00e1nto cuesta limitar una moto y c\u00f3mo hacerlo para el carnet A2?<\/strong><\/strong><span class=\"ez-toc-section-end\"><\/span><\/h2>\n\n\n\n<p>Si compramos una moto de segunda mano que excede de los 35 kW permitidos y no ha sido limitada previamente, <strong>deberemos tener en cuenta varias cosas<\/strong>. Si es anterior a 2016, a\u00f1o en el que entr\u00f3 en vigor la <a href=\"https:\/\/www.boxrepsol.com\/es\/vive-tu-moto\/diferencias-entre-la-normativa-euro-4-y-la-normativa-euro-5-sostenibilidad-del-motor\/\">Euro 4<\/a>, lo m\u00e1s probable es que realizar la limitaci\u00f3n sea una labor un tanto engorrosa, porque habr\u00e1 que adquirir un <strong>kit homologado<\/strong> que supondr\u00e1 a\u00f1adir topes en el acelerador o en las mariposas de la admisi\u00f3n, e incluso restrictores que reduzcan el paso de aire en algunos puntos. Si la moto es Euro 4 o posterior, ya contar\u00e1 obligatoriamente con un <a href=\"https:\/\/www.boxrepsol.com\/es\/cultura-motera\/carburacion-vs-inyeccion-electronica-repsol-motor-lab\/\">sistema de inyecci\u00f3n electr\u00f3nica<\/a> de gasolina y aunque no todas las marcas utilizan el mismo m\u00e9todo, la limitaci\u00f3n ser\u00e1 m\u00e1s sencilla y se realizar\u00e1 <strong>enchufando la moto a un ordenador y<\/strong> <strong>modificando el software<\/strong> que gestiona dicho sistema.<\/p>\n\n\n<div class=\"wp-block-image\">\n<figure class=\"aligncenter size-full\"><img loading=\"lazy\" decoding=\"async\" width=\"600\" height=\"400\" src=\"https:\/\/bxrepsol.s3.eu-west-1.amazonaws.com\/static\/2024\/07\/11083034\/Foto-4.png\" alt=\"\" class=\"wp-image-117732\" srcset=\"https:\/\/bxrepsol.s3.eu-west-1.amazonaws.com\/static\/2024\/07\/11083034\/Foto-4.png 600w, https:\/\/bxrepsol.s3.eu-west-1.amazonaws.com\/static\/2024\/07\/11083034\/Foto-4-300x200.png 300w\" sizes=\"auto, (max-width: 600px) 100vw, 600px\" \/><\/figure>\n<\/div>\n\n\n<p>Adem\u00e1s, en algunos casos, es probable que haya que sustituir gomas en la admisi\u00f3n o en la caja del filtro para <strong>reducir la entrada de gases o aire,<\/strong> con el gasto que ello supone. Para esta operaci\u00f3n lo normal es que el concesionario cobre una hora de <strong>mano de obra<\/strong>, lo que, dependiendo de la marca, tiene un coste aproximado de 50 \u20ac. A esto habr\u00e1 que incluir el <strong>certificado de la marca<\/strong>, cuyo precio ronda los 40 \u20ac. Esta certificaci\u00f3n consta de informe de conformidad, declaraci\u00f3n firmada del cliente para garantizar que no va a realizar modificaciones posteriores y comprobante de que el taller est\u00e1 autorizado para realizar la reforma.<\/p>\n\n\n<div class=\"wp-block-image\">\n<figure class=\"aligncenter size-full\"><img loading=\"lazy\" decoding=\"async\" width=\"600\" height=\"400\" src=\"https:\/\/bxrepsol.s3.eu-west-1.amazonaws.com\/static\/2024\/07\/11083053\/Foto-5.png\" alt=\"\" class=\"wp-image-117734\" srcset=\"https:\/\/bxrepsol.s3.eu-west-1.amazonaws.com\/static\/2024\/07\/11083053\/Foto-5.png 600w, https:\/\/bxrepsol.s3.eu-west-1.amazonaws.com\/static\/2024\/07\/11083053\/Foto-5-300x200.png 300w\" sizes=\"auto, (max-width: 600px) 100vw, 600px\" \/><\/figure>\n<\/div>\n\n\n<p>Posteriormente se deber\u00e1 acudir con la moto a <strong>una estaci\u00f3n de ITV que certifique y apruebe la reforma<\/strong>, por lo que dependiendo de la provincia y de la estaci\u00f3n, habr\u00e1 que pagar entre 20 y 40 \u20ac.<\/p>\n\n\n\n<p>Y aun quedar\u00e1 un paso m\u00e1s, porque se tendr\u00e1 que <strong>modificar el dato de la potencia en la <\/strong><a href=\"https:\/\/www.boxrepsol.com\/es\/vive-tu-moto\/ficha-tecnica-moto-que-es\/\"><strong>ficha t\u00e9cnica<\/strong><\/a>. Se podr\u00e1 realizar a trav\u00e9s de una gestor\u00eda o presencialmente en una oficina de Tr\u00e1fico tras haber solicitado una <a href=\"https:\/\/www.boxrepsol.com\/es\/cultura-motera\/como-pedir-cita-dgt\/\">cita previa<\/a>. Por gestor\u00eda el coste puede rondar los 30 \u20ac y en Tr\u00e1fico habr\u00e1 que pagar la tasa 4.4 que es de 20,81 \u20ac.<\/p>\n\n\n\n<p>Aunque cada marca tiene sus precios, a grandes rasgos se puede decir que si limitar para una moto solo hay que modificar el software, el coste de la limitaci\u00f3n, incluyendo toso los tr\u00e1mites, <strong>puede rondar los 300 \u20ac en total.<\/strong> Si, adem\u00e1s, hay que sustituir algunos elementos, ya puede <strong>costar entre 500 y 600 \u20ac<\/strong>.<\/p>\n\n\n<div class=\"wp-block-image\">\n<figure class=\"aligncenter size-full\"><img loading=\"lazy\" decoding=\"async\" width=\"600\" height=\"400\" src=\"https:\/\/bxrepsol.s3.eu-west-1.amazonaws.com\/static\/2024\/07\/11083114\/Foto-6.png\" alt=\"\" class=\"wp-image-117736\" srcset=\"https:\/\/bxrepsol.s3.eu-west-1.amazonaws.com\/static\/2024\/07\/11083114\/Foto-6.png 600w, https:\/\/bxrepsol.s3.eu-west-1.amazonaws.com\/static\/2024\/07\/11083114\/Foto-6-300x200.png 300w\" sizes=\"auto, (max-width: 600px) 100vw, 600px\" \/><\/figure>\n<\/div>\n\n\n<p><\/p>\n\n\n\n<h3 class=\"wp-block-heading\"><span class=\"ez-toc-section\" id=\"%C2%BFQue_pasos_debo_seguir_para_deslimitar_la_moto\"><\/span><strong>\u00bfQu\u00e9 pasos debo seguir para deslimitar la moto?<\/strong><span class=\"ez-toc-section-end\"><\/span><\/h3>\n\n\n\n<p>Una vez que hayamos cumplido los dos a\u00f1os de posesi\u00f3n del A2 y <strong>queramos deslimitar nuestra moto,<\/strong> los pasos a seguir ser\u00e1n los mismos. Con respecto a este tema, si compramos una moto de segunda mano limitada, es importante que el vendedor nos entregue los elementos que fueron sustituidos al realizar la limitaci\u00f3n y as\u00ed no gastar dinero extra al deslimitarla.<\/p>\n\n\n\n<h3 class=\"wp-block-heading\"><span class=\"ez-toc-section\" id=\"%C2%BFCual_es_la_multa_por_conducir_una_moto_sin_limitar_con_el_A2\"><\/span><strong>\u00bfCu\u00e1l es la multa por conducir una moto sin limitar con el A2?<\/strong><span class=\"ez-toc-section-end\"><\/span><\/h3>\n\n\n\n<p>Si est\u00e1s en posesi\u00f3n del carnet A2 y conduces una moto sin limitar o la deslimitas antes de los dos a\u00f1os, <strong>la sanci\u00f3n puede ser de 500 euros con p\u00e9rdida de 4 puntos del <\/strong><a href=\"https:\/\/www.boxrepsol.com\/es\/vive-tu-moto\/numero-carnet-de-conducir-para-que-sirve\/\"><strong>carnet de conducir<\/strong><\/a>, e incluso puede conllevar la retirada de dos a\u00f1os del citado carnet. Adem\u00e1s, si hay agravantes puede considerarse un delito contra el art\u00edculo 384 del C\u00f3digo Penal por no poseer el carnet requerido para conducir la moto en cuesti\u00f3n. Esto puede suponer una <strong>multa de hasta 6.000 euros, pena de prisi\u00f3n de tres a seis meses,<\/strong> o realizar trabajos en beneficio de la comunidad por un periodo de hasta 90 d\u00edas.<\/p>\n\n\n<div class=\"wp-block-image\">\n<figure class=\"aligncenter size-full\"><img loading=\"lazy\" decoding=\"async\" width=\"600\" height=\"400\" src=\"https:\/\/bxrepsol.s3.eu-west-1.amazonaws.com\/static\/2024\/07\/11083203\/Foto-7.png\" alt=\"\" class=\"wp-image-117738\" srcset=\"https:\/\/bxrepsol.s3.eu-west-1.amazonaws.com\/static\/2024\/07\/11083203\/Foto-7.png 600w, https:\/\/bxrepsol.s3.eu-west-1.amazonaws.com\/static\/2024\/07\/11083203\/Foto-7-300x200.png 300w\" sizes=\"auto, (max-width: 600px) 100vw, 600px\" \/><\/figure>\n<\/div>","protected":false},"excerpt":{"rendered":"<p>Cuando te sacas el carnet A2 y llega el momento de comprar una moto, surge la duda de ir a por una que se pueda llevar con este permiso, o decantarse por un modelo de mayor potencia, que se pueda limitar para conducirla de forma legal. Para eso, te contamos cu\u00e1nto cuesta limitarla y c\u00f3mo se debe hacer.<\/p>\n","protected":false},"author":41267,"featured_media":117726,"comment_status":"open","ping_status":"open","sticky":false,"template":"","format":"standard","meta":{"footnotes":""},"categories":[160],"tags":[588],"class_list":["post-117725","post","type-post","status-publish","format-standard","hentry","category-cultura-motera","tag-mecanica"],"yoast_head":"<!-- This site is optimized with the Yoast SEO plugin v27.3 - https:\/\/yoast.com\/product\/yoast-seo-wordpress\/ -->\n<title>\u00bfCu\u00e1nto cuesta limitar una moto y en cu\u00e1les puedes hacerlo? - Box Repsol<\/title>\n<meta name=\"description\" content=\"Descubre cu\u00e1nto cuesta limitar una moto para el carnet A2 y en qu\u00e9 modelos puedes hacerlo. Gu\u00eda completa de precios y opciones disponibles.\" \/>\n<link rel=\"canonical\" href=\"https:\/\/www.boxrepsol.com\/es\/cultura-motera\/cuanto-cuesta-limitar-una-moto\/\" \/>\n<meta property=\"og:locale\" content=\"es_ES\" \/>\n<meta property=\"og:type\" content=\"article\" \/>\n<meta property=\"og:title\" content=\"\u00bfCu\u00e1nto cuesta limitar una moto y en cu\u00e1les puedes hacerlo? - Box Repsol\" \/>\n<meta property=\"og:description\" content=\"Descubre cu\u00e1nto cuesta limitar una moto para el carnet A2 y en qu\u00e9 modelos puedes hacerlo. Gu\u00eda completa de precios y opciones disponibles.\" \/>\n<meta property=\"og:url\" content=\"https:\/\/www.boxrepsol.com\/es\/cultura-motera\/cuanto-cuesta-limitar-una-moto\/\" \/>\n<meta property=\"og:site_name\" content=\"Box Repsol\" \/>\n<meta property=\"article:publisher\" content=\"https:\/\/www.facebook.com\/BoxRepsol\" \/>\n<meta property=\"article:published_time\" content=\"2024-07-11T10:32:24+00:00\" \/>\n<meta property=\"article:modified_time\" content=\"2025-06-26T09:02:34+00:00\" \/>\n<meta property=\"og:image\" content=\"https:\/\/bxrepsol.s3.eu-west-1.amazonaws.com\/static\/2024\/07\/11080203\/apertura.png\" \/>\n\t<meta property=\"og:image:width\" content=\"1280\" \/>\n\t<meta property=\"og:image:height\" content=\"650\" \/>\n\t<meta property=\"og:image:type\" content=\"image\/png\" \/>\n<meta name=\"author\" content=\"V\u00edctor Gancedo\" \/>\n<meta name=\"twitter:card\" content=\"summary_large_image\" \/>\n<meta name=\"twitter:creator\" content=\"@box_repsol\" \/>\n<meta name=\"twitter:site\" content=\"@box_repsol\" \/>\n<meta name=\"twitter:label1\" content=\"Written by\" \/>\n\t<meta name=\"twitter:data1\" content=\"V\u00edctor Gancedo\" \/>\n\t<meta name=\"twitter:label2\" content=\"Est. reading time\" \/>\n\t<meta name=\"twitter:data2\" content=\"5 minutos\" \/>\n<script type=\"application\/ld+json\" class=\"yoast-schema-graph\">{\"@context\":\"https:\\\/\\\/schema.org\",\"@graph\":[{\"@type\":\"Article\",\"@id\":\"https:\\\/\\\/www.boxrepsol.com\\\/es\\\/cultura-motera\\\/cuanto-cuesta-limitar-una-moto\\\/#article\",\"isPartOf\":{\"@id\":\"https:\\\/\\\/www.boxrepsol.com\\\/es\\\/cultura-motera\\\/cuanto-cuesta-limitar-una-moto\\\/\"},\"author\":{\"name\":\"V\u00edctor Gancedo\",\"@id\":\"https:\\\/\\\/www.boxrepsol.com\\\/es\\\/#\\\/schema\\\/person\\\/40c28bf318bbbe8fe3848b194b7385ca\"},\"headline\":\"\u00bfCu\u00e1nto cuesta limitar una moto?\",\"datePublished\":\"2024-07-11T10:32:24+00:00\",\"dateModified\":\"2025-06-26T09:02:34+00:00\",\"mainEntityOfPage\":{\"@id\":\"https:\\\/\\\/www.boxrepsol.com\\\/es\\\/cultura-motera\\\/cuanto-cuesta-limitar-una-moto\\\/\"},\"wordCount\":945,\"commentCount\":0,\"publisher\":{\"@id\":\"https:\\\/\\\/www.boxrepsol.com\\\/es\\\/#organization\"},\"image\":{\"@id\":\"https:\\\/\\\/www.boxrepsol.com\\\/es\\\/cultura-motera\\\/cuanto-cuesta-limitar-una-moto\\\/#primaryimage\"},\"thumbnailUrl\":\"https:\\\/\\\/bxrepsol.s3.eu-west-1.amazonaws.com\\\/static\\\/2024\\\/07\\\/11080203\\\/apertura.png\",\"keywords\":[\"mec\u00e1nica\"],\"articleSection\":[\"Cultura Motera\"],\"inLanguage\":\"es\",\"potentialAction\":[{\"@type\":\"CommentAction\",\"name\":\"Comment\",\"target\":[\"https:\\\/\\\/www.boxrepsol.com\\\/es\\\/cultura-motera\\\/cuanto-cuesta-limitar-una-moto\\\/#respond\"]}]},{\"@type\":\"WebPage\",\"@id\":\"https:\\\/\\\/www.boxrepsol.com\\\/es\\\/cultura-motera\\\/cuanto-cuesta-limitar-una-moto\\\/\",\"url\":\"https:\\\/\\\/www.boxrepsol.com\\\/es\\\/cultura-motera\\\/cuanto-cuesta-limitar-una-moto\\\/\",\"name\":\"\u00bfCu\u00e1nto cuesta limitar una moto y en cu\u00e1les puedes hacerlo? - Box Repsol\",\"isPartOf\":{\"@id\":\"https:\\\/\\\/www.boxrepsol.com\\\/es\\\/#website\"},\"primaryImageOfPage\":{\"@id\":\"https:\\\/\\\/www.boxrepsol.com\\\/es\\\/cultura-motera\\\/cuanto-cuesta-limitar-una-moto\\\/#primaryimage\"},\"image\":{\"@id\":\"https:\\\/\\\/www.boxrepsol.com\\\/es\\\/cultura-motera\\\/cuanto-cuesta-limitar-una-moto\\\/#primaryimage\"},\"thumbnailUrl\":\"https:\\\/\\\/bxrepsol.s3.eu-west-1.amazonaws.com\\\/static\\\/2024\\\/07\\\/11080203\\\/apertura.png\",\"datePublished\":\"2024-07-11T10:32:24+00:00\",\"dateModified\":\"2025-06-26T09:02:34+00:00\",\"description\":\"Descubre cu\u00e1nto cuesta limitar una moto para el carnet A2 y en qu\u00e9 modelos puedes hacerlo. Gu\u00eda completa de precios y opciones disponibles.\",\"breadcrumb\":{\"@id\":\"https:\\\/\\\/www.boxrepsol.com\\\/es\\\/cultura-motera\\\/cuanto-cuesta-limitar-una-moto\\\/#breadcrumb\"},\"inLanguage\":\"es\",\"potentialAction\":[{\"@type\":\"ReadAction\",\"target\":[\"https:\\\/\\\/www.boxrepsol.com\\\/es\\\/cultura-motera\\\/cuanto-cuesta-limitar-una-moto\\\/\"]}]},{\"@type\":\"ImageObject\",\"inLanguage\":\"es\",\"@id\":\"https:\\\/\\\/www.boxrepsol.com\\\/es\\\/cultura-motera\\\/cuanto-cuesta-limitar-una-moto\\\/#primaryimage\",\"url\":\"https:\\\/\\\/bxrepsol.s3.eu-west-1.amazonaws.com\\\/static\\\/2024\\\/07\\\/11080203\\\/apertura.png\",\"contentUrl\":\"https:\\\/\\\/bxrepsol.s3.eu-west-1.amazonaws.com\\\/static\\\/2024\\\/07\\\/11080203\\\/apertura.png\",\"width\":1280,\"height\":650,\"caption\":\"Imagen de motos para con carnet A2\"},{\"@type\":\"BreadcrumbList\",\"@id\":\"https:\\\/\\\/www.boxrepsol.com\\\/es\\\/cultura-motera\\\/cuanto-cuesta-limitar-una-moto\\\/#breadcrumb\",\"itemListElement\":[{\"@type\":\"ListItem\",\"position\":1,\"name\":\"Home\",\"item\":\"https:\\\/\\\/www.boxrepsol.com\\\/es\\\/\"},{\"@type\":\"ListItem\",\"position\":2,\"name\":\"\u00bfCu\u00e1nto cuesta limitar una moto?\"}]},{\"@type\":\"WebSite\",\"@id\":\"https:\\\/\\\/www.boxrepsol.com\\\/es\\\/#website\",\"url\":\"https:\\\/\\\/www.boxrepsol.com\\\/es\\\/\",\"name\":\"Box Repsol\",\"description\":\"Box Repsol Site\",\"publisher\":{\"@id\":\"https:\\\/\\\/www.boxrepsol.com\\\/es\\\/#organization\"},\"potentialAction\":[{\"@type\":\"SearchAction\",\"target\":{\"@type\":\"EntryPoint\",\"urlTemplate\":\"https:\\\/\\\/www.boxrepsol.com\\\/es\\\/?s={search_term_string}\"},\"query-input\":{\"@type\":\"PropertyValueSpecification\",\"valueRequired\":true,\"valueName\":\"search_term_string\"}}],\"inLanguage\":\"es\"},{\"@type\":\"Organization\",\"@id\":\"https:\\\/\\\/www.boxrepsol.com\\\/es\\\/#organization\",\"name\":\"Box Repsol\",\"url\":\"https:\\\/\\\/www.boxrepsol.com\\\/es\\\/\",\"logo\":{\"@type\":\"ImageObject\",\"inLanguage\":\"es\",\"@id\":\"https:\\\/\\\/www.boxrepsol.com\\\/es\\\/#\\\/schema\\\/logo\\\/image\\\/\",\"url\":\"https:\\\/\\\/bxrepsol.s3.eu-west-1.amazonaws.com\\\/static\\\/2025\\\/07\\\/30083337\\\/favicon-96x96-1.png\",\"contentUrl\":\"https:\\\/\\\/bxrepsol.s3.eu-west-1.amazonaws.com\\\/static\\\/2025\\\/07\\\/30083337\\\/favicon-96x96-1.png\",\"width\":96,\"height\":96,\"caption\":\"Box Repsol\"},\"image\":{\"@id\":\"https:\\\/\\\/www.boxrepsol.com\\\/es\\\/#\\\/schema\\\/logo\\\/image\\\/\"},\"sameAs\":[\"https:\\\/\\\/www.facebook.com\\\/BoxRepsol\",\"https:\\\/\\\/x.com\\\/box_repsol\",\"http:\\\/\\\/instagram.com\\\/box_repsol\",\"https:\\\/\\\/www.youtube.com\\\/user\\\/RepsolCompeticion\",\"https:\\\/\\\/www.flickr.com\\\/photos\\\/box_repsol\\\/\"]},{\"@type\":\"Person\",\"@id\":\"https:\\\/\\\/www.boxrepsol.com\\\/es\\\/#\\\/schema\\\/person\\\/40c28bf318bbbe8fe3848b194b7385ca\",\"name\":\"V\u00edctor Gancedo\",\"image\":{\"@type\":\"ImageObject\",\"inLanguage\":\"es\",\"@id\":\"https:\\\/\\\/secure.gravatar.com\\\/avatar\\\/cd1439a66fca5d3425cd2a7b13f32cd43e25022a0436c1235ef2a28e14fa660a?s=96&d=mm&r=g\",\"url\":\"https:\\\/\\\/secure.gravatar.com\\\/avatar\\\/cd1439a66fca5d3425cd2a7b13f32cd43e25022a0436c1235ef2a28e14fa660a?s=96&d=mm&r=g\",\"contentUrl\":\"https:\\\/\\\/secure.gravatar.com\\\/avatar\\\/cd1439a66fca5d3425cd2a7b13f32cd43e25022a0436c1235ef2a28e14fa660a?s=96&d=mm&r=g\",\"caption\":\"V\u00edctor Gancedo\"},\"description\":\"Periodista especializado en el mundo de las motos, V\u00edctor ha probado pr\u00e1cticamente todas las que han salido al mercado desde 1990. En su larga trayectoria, ha desempe\u00f1ado cargos como los de Jefe de Pruebas de la revista Motociclismo o Responsable de Pruebas del \u00c1rea de Motos del Grupo Motorpress-Ib\u00e9rica, hoy llamado Sport Life Ib\u00e9rica, al cual sigue vinculado.\",\"sameAs\":[\"https:\\\/\\\/www.instagram.com\\\/vfgancedo\"],\"url\":\"https:\\\/\\\/www.boxrepsol.com\\\/es\\\/author\\\/victor_gancedo\\\/\"}]}<\/script>\n<!-- \/ Yoast SEO plugin. -->","yoast_head_json":{"title":"\u00bfCu\u00e1nto cuesta limitar una moto y en cu\u00e1les puedes hacerlo? - Box Repsol","description":"Descubre cu\u00e1nto cuesta limitar una moto para el carnet A2 y en qu\u00e9 modelos puedes hacerlo. Gu\u00eda completa de precios y opciones disponibles.","canonical":"https:\/\/www.boxrepsol.com\/es\/cultura-motera\/cuanto-cuesta-limitar-una-moto\/","og_locale":"es_ES","og_type":"article","og_title":"\u00bfCu\u00e1nto cuesta limitar una moto y en cu\u00e1les puedes hacerlo? - Box Repsol","og_description":"Descubre cu\u00e1nto cuesta limitar una moto para el carnet A2 y en qu\u00e9 modelos puedes hacerlo. Gu\u00eda completa de precios y opciones disponibles.","og_url":"https:\/\/www.boxrepsol.com\/es\/cultura-motera\/cuanto-cuesta-limitar-una-moto\/","og_site_name":"Box Repsol","article_publisher":"https:\/\/www.facebook.com\/BoxRepsol","article_published_time":"2024-07-11T10:32:24+00:00","article_modified_time":"2025-06-26T09:02:34+00:00","og_image":[{"width":1280,"height":650,"url":"https:\/\/bxrepsol.s3.eu-west-1.amazonaws.com\/static\/2024\/07\/11080203\/apertura.png","type":"image\/png"}],"author":"V\u00edctor Gancedo","twitter_card":"summary_large_image","twitter_creator":"@box_repsol","twitter_site":"@box_repsol","twitter_misc":{"Written by":"V\u00edctor Gancedo","Est. reading time":"5 minutos"},"schema":{"@context":"https:\/\/schema.org","@graph":[{"@type":"Article","@id":"https:\/\/www.boxrepsol.com\/es\/cultura-motera\/cuanto-cuesta-limitar-una-moto\/#article","isPartOf":{"@id":"https:\/\/www.boxrepsol.com\/es\/cultura-motera\/cuanto-cuesta-limitar-una-moto\/"},"author":{"name":"V\u00edctor Gancedo","@id":"https:\/\/www.boxrepsol.com\/es\/#\/schema\/person\/40c28bf318bbbe8fe3848b194b7385ca"},"headline":"\u00bfCu\u00e1nto cuesta limitar una moto?","datePublished":"2024-07-11T10:32:24+00:00","dateModified":"2025-06-26T09:02:34+00:00","mainEntityOfPage":{"@id":"https:\/\/www.boxrepsol.com\/es\/cultura-motera\/cuanto-cuesta-limitar-una-moto\/"},"wordCount":945,"commentCount":0,"publisher":{"@id":"https:\/\/www.boxrepsol.com\/es\/#organization"},"image":{"@id":"https:\/\/www.boxrepsol.com\/es\/cultura-motera\/cuanto-cuesta-limitar-una-moto\/#primaryimage"},"thumbnailUrl":"https:\/\/bxrepsol.s3.eu-west-1.amazonaws.com\/static\/2024\/07\/11080203\/apertura.png","keywords":["mec\u00e1nica"],"articleSection":["Cultura Motera"],"inLanguage":"es","potentialAction":[{"@type":"CommentAction","name":"Comment","target":["https:\/\/www.boxrepsol.com\/es\/cultura-motera\/cuanto-cuesta-limitar-una-moto\/#respond"]}]},{"@type":"WebPage","@id":"https:\/\/www.boxrepsol.com\/es\/cultura-motera\/cuanto-cuesta-limitar-una-moto\/","url":"https:\/\/www.boxrepsol.com\/es\/cultura-motera\/cuanto-cuesta-limitar-una-moto\/","name":"\u00bfCu\u00e1nto cuesta limitar una moto y en cu\u00e1les puedes hacerlo? - Box Repsol","isPartOf":{"@id":"https:\/\/www.boxrepsol.com\/es\/#website"},"primaryImageOfPage":{"@id":"https:\/\/www.boxrepsol.com\/es\/cultura-motera\/cuanto-cuesta-limitar-una-moto\/#primaryimage"},"image":{"@id":"https:\/\/www.boxrepsol.com\/es\/cultura-motera\/cuanto-cuesta-limitar-una-moto\/#primaryimage"},"thumbnailUrl":"https:\/\/bxrepsol.s3.eu-west-1.amazonaws.com\/static\/2024\/07\/11080203\/apertura.png","datePublished":"2024-07-11T10:32:24+00:00","dateModified":"2025-06-26T09:02:34+00:00","description":"Descubre cu\u00e1nto cuesta limitar una moto para el carnet A2 y en qu\u00e9 modelos puedes hacerlo. Gu\u00eda completa de precios y opciones disponibles.","breadcrumb":{"@id":"https:\/\/www.boxrepsol.com\/es\/cultura-motera\/cuanto-cuesta-limitar-una-moto\/#breadcrumb"},"inLanguage":"es","potentialAction":[{"@type":"ReadAction","target":["https:\/\/www.boxrepsol.com\/es\/cultura-motera\/cuanto-cuesta-limitar-una-moto\/"]}]},{"@type":"ImageObject","inLanguage":"es","@id":"https:\/\/www.boxrepsol.com\/es\/cultura-motera\/cuanto-cuesta-limitar-una-moto\/#primaryimage","url":"https:\/\/bxrepsol.s3.eu-west-1.amazonaws.com\/static\/2024\/07\/11080203\/apertura.png","contentUrl":"https:\/\/bxrepsol.s3.eu-west-1.amazonaws.com\/static\/2024\/07\/11080203\/apertura.png","width":1280,"height":650,"caption":"Imagen de motos para con carnet A2"},{"@type":"BreadcrumbList","@id":"https:\/\/www.boxrepsol.com\/es\/cultura-motera\/cuanto-cuesta-limitar-una-moto\/#breadcrumb","itemListElement":[{"@type":"ListItem","position":1,"name":"Home","item":"https:\/\/www.boxrepsol.com\/es\/"},{"@type":"ListItem","position":2,"name":"\u00bfCu\u00e1nto cuesta limitar una moto?"}]},{"@type":"WebSite","@id":"https:\/\/www.boxrepsol.com\/es\/#website","url":"https:\/\/www.boxrepsol.com\/es\/","name":"Box Repsol","description":"Box Repsol Site","publisher":{"@id":"https:\/\/www.boxrepsol.com\/es\/#organization"},"potentialAction":[{"@type":"SearchAction","target":{"@type":"EntryPoint","urlTemplate":"https:\/\/www.boxrepsol.com\/es\/?s={search_term_string}"},"query-input":{"@type":"PropertyValueSpecification","valueRequired":true,"valueName":"search_term_string"}}],"inLanguage":"es"},{"@type":"Organization","@id":"https:\/\/www.boxrepsol.com\/es\/#organization","name":"Box Repsol","url":"https:\/\/www.boxrepsol.com\/es\/","logo":{"@type":"ImageObject","inLanguage":"es","@id":"https:\/\/www.boxrepsol.com\/es\/#\/schema\/logo\/image\/","url":"https:\/\/bxrepsol.s3.eu-west-1.amazonaws.com\/static\/2025\/07\/30083337\/favicon-96x96-1.png","contentUrl":"https:\/\/bxrepsol.s3.eu-west-1.amazonaws.com\/static\/2025\/07\/30083337\/favicon-96x96-1.png","width":96,"height":96,"caption":"Box Repsol"},"image":{"@id":"https:\/\/www.boxrepsol.com\/es\/#\/schema\/logo\/image\/"},"sameAs":["https:\/\/www.facebook.com\/BoxRepsol","https:\/\/x.com\/box_repsol","http:\/\/instagram.com\/box_repsol","https:\/\/www.youtube.com\/user\/RepsolCompeticion","https:\/\/www.flickr.com\/photos\/box_repsol\/"]},{"@type":"Person","@id":"https:\/\/www.boxrepsol.com\/es\/#\/schema\/person\/40c28bf318bbbe8fe3848b194b7385ca","name":"V\u00edctor Gancedo","image":{"@type":"ImageObject","inLanguage":"es","@id":"https:\/\/secure.gravatar.com\/avatar\/cd1439a66fca5d3425cd2a7b13f32cd43e25022a0436c1235ef2a28e14fa660a?s=96&d=mm&r=g","url":"https:\/\/secure.gravatar.com\/avatar\/cd1439a66fca5d3425cd2a7b13f32cd43e25022a0436c1235ef2a28e14fa660a?s=96&d=mm&r=g","contentUrl":"https:\/\/secure.gravatar.com\/avatar\/cd1439a66fca5d3425cd2a7b13f32cd43e25022a0436c1235ef2a28e14fa660a?s=96&d=mm&r=g","caption":"V\u00edctor Gancedo"},"description":"Periodista especializado en el mundo de las motos, V\u00edctor ha probado pr\u00e1cticamente todas las que han salido al mercado desde 1990. En su larga trayectoria, ha desempe\u00f1ado cargos como los de Jefe de Pruebas de la revista Motociclismo o Responsable de Pruebas del \u00c1rea de Motos del Grupo Motorpress-Ib\u00e9rica, hoy llamado Sport Life Ib\u00e9rica, al cual sigue vinculado.","sameAs":["https:\/\/www.instagram.com\/vfgancedo"],"url":"https:\/\/www.boxrepsol.com\/es\/author\/victor_gancedo\/"}]}},"_links":{"self":[{"href":"https:\/\/www.boxrepsol.com\/es\/wp-json\/wp\/v2\/posts\/117725","targetHints":{"allow":["GET"]}}],"collection":[{"href":"https:\/\/www.boxrepsol.com\/es\/wp-json\/wp\/v2\/posts"}],"about":[{"href":"https:\/\/www.boxrepsol.com\/es\/wp-json\/wp\/v2\/types\/post"}],"author":[{"embeddable":true,"href":"https:\/\/www.boxrepsol.com\/es\/wp-json\/wp\/v2\/users\/41267"}],"replies":[{"embeddable":true,"href":"https:\/\/www.boxrepsol.com\/es\/wp-json\/wp\/v2\/comments?post=117725"}],"version-history":[{"count":2,"href":"https:\/\/www.boxrepsol.com\/es\/wp-json\/wp\/v2\/posts\/117725\/revisions"}],"predecessor-version":[{"id":117741,"href":"https:\/\/www.boxrepsol.com\/es\/wp-json\/wp\/v2\/posts\/117725\/revisions\/117741"}],"wp:featuredmedia":[{"embeddable":true,"href":"https:\/\/www.boxrepsol.com\/es\/wp-json\/wp\/v2\/media\/117726"}],"wp:attachment":[{"href":"https:\/\/www.boxrepsol.com\/es\/wp-json\/wp\/v2\/media?parent=117725"}],"wp:term":[{"taxonomy":"category","embeddable":true,"href":"https:\/\/www.boxrepsol.com\/es\/wp-json\/wp\/v2\/categories?post=117725"},{"taxonomy":"post_tag","embeddable":true,"href":"https:\/\/www.boxrepsol.com\/es\/wp-json\/wp\/v2\/tags?post=117725"}],"curies":[{"name":"wp","href":"https:\/\/api.w.org\/{rel}","templated":true}]}}