{"id":117671,"date":"2024-07-07T11:42:58","date_gmt":"2024-07-07T13:42:58","guid":{"rendered":"https:\/\/www.boxrepsol.com\/?p=117671"},"modified":"2024-07-07T13:58:37","modified_gmt":"2024-07-07T15:58:37","slug":"resultados-del-gp-de-alemania-de-motogp-2024","status":"publish","type":"post","link":"https:\/\/www.boxrepsol.com\/es\/motogp\/resultados-del-gp-de-alemania-de-motogp-2024\/","title":{"rendered":"Resultados del GP de Alemania de MotoGP"},"content":{"rendered":"<figure class=\"wp-block-post-featured-image\"><img loading=\"lazy\" decoding=\"async\" width=\"1200\" height=\"750\" src=\"https:\/\/bxrepsol.s3.eu-west-1.amazonaws.com\/static\/2024\/07\/05131147\/187112440_0JR9592.jpg\" class=\"attachment-post-thumbnail size-post-thumbnail wp-post-image\" alt=\"\" style=\"object-fit:cover;\" srcset=\"https:\/\/bxrepsol.s3.eu-west-1.amazonaws.com\/static\/2024\/07\/05131147\/187112440_0JR9592.jpg 1200w, https:\/\/bxrepsol.s3.eu-west-1.amazonaws.com\/static\/2024\/07\/05131147\/187112440_0JR9592-300x188.jpg 300w, https:\/\/bxrepsol.s3.eu-west-1.amazonaws.com\/static\/2024\/07\/05131147\/187112440_0JR9592-1024x640.jpg 1024w, https:\/\/bxrepsol.s3.eu-west-1.amazonaws.com\/static\/2024\/07\/05131147\/187112440_0JR9592-768x480.jpg 768w\" sizes=\"auto, (max-width: 1200px) 100vw, 1200px\" \/><\/figure>\n\n\n<p>El <strong>Gran Premio de Alemania<\/strong> ha ofrecido emociones hasta el final, con la<strong> cuarta victoria<\/strong> consecutiva de <strong>&#8216;Pecco&#8217; Bagnaia<\/strong>, tras las logradas en <a href=\"https:\/\/www.boxrepsol.com\/es\/motogp\/resultados-del-gp-de-holanda-de-motogp-2024\/\">Holanda<\/a>, <a href=\"https:\/\/www.boxrepsol.com\/es\/motogp\/resultados-del-gp-de-catalunya-de-motogp-2024\/\">Catalunya <\/a>y <a href=\"https:\/\/www.boxrepsol.com\/es\/motogp\/resultados-del-gp-de-italia-de-motogp-2024\/\">Mugello<\/a>.. El italiano ha rodado casi toda la carrera en segunda posici\u00f3n, tras el <a href=\"https:\/\/www.boxrepsol.com\/es\/motogp\/resultados-de-la-carrera-sprint-del-gp-de-alemania-de-motogp-2024\/\">vencedor de la carrera sprint de ayer<\/a>, Jorge Mart\u00edn, al que un error a dos vueltas del final le ha impedido ampliar de nuevo su liderato. Al contrario, el resultado de hoy permite a Bagnaia ponerse l\u00edder con 10 puntos de ventaja sobre el espa\u00f1ol.<\/p>\n\n\n\n<p>Han completado el <strong>podio<\/strong> dos hermanos, un hito que no se ve\u00eda en la clase reina desde el a\u00f1o 1997, cuando el piloto del equipo Repsol Honda, Takuma Aoki, comparti\u00f3 plazas de honor con su hermano Nobuatsu. <strong>Marc M\u00e1rquez<\/strong> ha culminado en <strong>segunda posici\u00f3n <\/strong>una gran remontada desde la decimotercera plaza de la parrilla, un emocionante podio junto a su hermano <strong>\u00c1lex<\/strong>, que ha sido <strong>tercero<\/strong>.<\/p>\n\n\n\n<p>Por detr\u00e1s, han completado el Top10 Enea Bastianini -cuarto-, Morbidelli -quinto-, Oliveira -sexto-, Acosta -s\u00e9ptimo-, Bezzechi -octavo-, Binder -noveno- y Ra\u00fal Fern\u00e1ndez -d\u00e9cimo-.<\/p>\n\n\n\n<p>El Mundial de MotoGP se toma ahora un decanso de practicamente un mes en el <a href=\"https:\/\/www.boxrepsol.com\/es\/calendario-gp\/calendario-motogp-2024\/\">calendario 2024<\/a> y volver\u00e1 a principios de agosto con el Gran Premio de la Gran Breta\u00f1a.<\/p>\n\n\n\n<div id=\"ez-toc-container\" class=\"ez-toc-v2_0_82_2 counter-hierarchy ez-toc-counter ez-toc-grey ez-toc-container-direction\">\n<div class=\"ez-toc-title-container\">\n<p class=\"ez-toc-title\" style=\"cursor:inherit\">\u00cdndice<\/p>\n<span class=\"ez-toc-title-toggle\"><a href=\"#\" class=\"ez-toc-pull-right ez-toc-btn ez-toc-btn-xs ez-toc-btn-default ez-toc-toggle\" aria-label=\"Toggle Table of Content\"><span class=\"ez-toc-js-icon-con\"><span class=\"\"><span class=\"eztoc-hide\" style=\"display:none;\">Toggle<\/span><span class=\"ez-toc-icon-toggle-span\"><svg style=\"fill: #999;color:#999\" xmlns=\"http:\/\/www.w3.org\/2000\/svg\" class=\"list-377408\" width=\"20px\" height=\"20px\" viewBox=\"0 0 24 24\" fill=\"none\"><path d=\"M6 6H4v2h2V6zm14 0H8v2h12V6zM4 11h2v2H4v-2zm16 0H8v2h12v-2zM4 16h2v2H4v-2zm16 0H8v2h12v-2z\" fill=\"currentColor\"><\/path><\/svg><svg style=\"fill: #999;color:#999\" class=\"arrow-unsorted-368013\" xmlns=\"http:\/\/www.w3.org\/2000\/svg\" width=\"10px\" height=\"10px\" viewBox=\"0 0 24 24\" version=\"1.2\" baseProfile=\"tiny\"><path d=\"M18.2 9.3l-6.2-6.3-6.2 6.3c-.2.2-.3.4-.3.7s.1.5.3.7c.2.2.4.3.7.3h11c.3 0 .5-.1.7-.3.2-.2.3-.5.3-.7s-.1-.5-.3-.7zM5.8 14.7l6.2 6.3 6.2-6.3c.2-.2.3-.5.3-.7s-.1-.5-.3-.7c-.2-.2-.4-.3-.7-.3h-11c-.3 0-.5.1-.7.3-.2.2-.3.5-.3.7s.1.5.3.7z\"\/><\/svg><\/span><\/span><\/span><\/a><\/span><\/div>\n<nav><ul class='ez-toc-list ez-toc-list-level-1 ' ><ul class='ez-toc-list-level-3' ><li class='ez-toc-heading-level-3'><a class=\"ez-toc-link ez-toc-heading-1\" href=\"https:\/\/www.boxrepsol.com\/es\/motogp\/resultados-del-gp-de-alemania-de-motogp-2024\/#Luca_Marini_suma_su_primer_punto_del_ano\" >Luca Marini suma su primer punto del a\u00f1o<\/a><\/li><li class='ez-toc-page-1 ez-toc-heading-level-3'><a class=\"ez-toc-link ez-toc-heading-2\" href=\"https:\/\/www.boxrepsol.com\/es\/motogp\/resultados-del-gp-de-alemania-de-motogp-2024\/#Resultados_de_la_carrera_GP_de_Alemania_30_vueltas\" >Resultados de la carrera: GP de Alemania (30 vueltas)<\/a><\/li><li class='ez-toc-page-1 ez-toc-heading-level-3'><a class=\"ez-toc-link ez-toc-heading-3\" href=\"https:\/\/www.boxrepsol.com\/es\/motogp\/resultados-del-gp-de-alemania-de-motogp-2024\/#Clasificacion_General\" >Clasificaci\u00f3n General<\/a><\/li><\/ul><\/li><li class='ez-toc-page-1 ez-toc-heading-level-2'><a class=\"ez-toc-link ez-toc-heading-4\" href=\"https:\/\/www.boxrepsol.com\/es\/motogp\/resultados-del-gp-de-alemania-de-motogp-2024\/#Declaraciones\" >Declaraciones<\/a><ul class='ez-toc-list-level-3' ><li class='ez-toc-heading-level-3'><a class=\"ez-toc-link ez-toc-heading-5\" href=\"https:\/\/www.boxrepsol.com\/es\/motogp\/resultados-del-gp-de-alemania-de-motogp-2024\/#Joan_Mir\" >Joan Mir<\/a><\/li><li class='ez-toc-page-1 ez-toc-heading-level-3'><a class=\"ez-toc-link ez-toc-heading-6\" href=\"https:\/\/www.boxrepsol.com\/es\/motogp\/resultados-del-gp-de-alemania-de-motogp-2024\/#Luca_Marini\" >Luca Marini<\/a><\/li><\/ul><\/li><\/ul><\/nav><\/div>\n<h3 class=\"wp-block-heading\"><span class=\"ez-toc-section\" id=\"Luca_Marini_suma_su_primer_punto_del_ano\"><\/span><strong><strong>Luca Marini suma su primer punto del a\u00f1o<\/strong><\/strong> <span class=\"ez-toc-section-end\"><\/span><\/h3>\n\n\n\n<p>El Gran Premio de Alemania ha confirmado el progreso de <strong>Luca Marini<\/strong> que, despu\u00e9s de cuajar ayer su mejor carrera sprint de la temporada, hoy ha completado su mejor actuaci\u00f3n un domingo esta temporada. Partiendo desde la decimoctava posici\u00f3n, Marini ha luchado por los puntos hasta la \u00faltima vuelta y ha terminado finalmente en <strong>decimoquinto<\/strong>.<\/p>\n\n\n\n<p>En el otro lado del box Repsol Honda, el duro trabajo de <strong>Joan Mir<\/strong> a lo largo del fin de semana no ha dado los frutos esperados. Los incansables ajustes en la puesta a punto de su Honda no le han permitido encontrar la configuraci\u00f3n que le permitiera rodar c\u00f3modo y ha cruzado finalmente la meta en <strong>decimoctava <\/strong>posici\u00f3n.<\/p>\n\n\n\n<p>La pr\u00f3xima cita del <a href=\"https:\/\/www.boxrepsol.com\/es\/calendario-gp\/calendario-motogp-2024\/\">calendario de MotoGP<\/a> ser\u00e1 en apenas siete d\u00edas, con el Gran Premio de Alemania.<\/p>\n\n\n\n<h3 class=\"wp-block-heading\"><span class=\"ez-toc-section\" id=\"Resultados_de_la_carrera_GP_de_Alemania_30_vueltas\"><\/span><strong>Resultados de la carrera: GP de Alemania (30 vueltas)<\/strong><span class=\"ez-toc-section-end\"><\/span><\/h3>\n\n\n\n<figure class=\"wp-block-table is-style-stripes\"><table><tbody><tr><td><strong>PILOTO<\/strong><\/td><td><strong>EQUIPO<\/strong><\/td><td><strong>TIEMPO<\/strong><\/td><\/tr><tr><td>1. &#8216;Pecco&#8217; Bagnaia<\/td><td>DUCATI<\/td><td>40:40.063<\/td><\/tr><tr><td>2. Marc M\u00e1rquez<\/td><td>DUCATI<\/td><td>+3.804<\/td><\/tr><tr><td>3. \u00c1lex M\u00e1rquez<\/td><td>DUCATI<\/td><td>+4.334<\/td><\/tr><tr><td>4. Enea Bastianini<\/td><td>DUCATI<\/td><td>+5.317<\/td><\/tr><tr><td>5. Franco Morbidelli<\/td><td>DUCATI<\/td><td>+5.557<\/td><\/tr><tr><td>6. Miguel Oliveira<\/td><td>APRILIA<\/td><td>+10.481<\/td><\/tr><tr><td>7. Pedro Acosta<\/td><td>GASGAS<\/td><td>+14.746<\/td><\/tr><tr><td>8. Marco Bezzechi<\/td><td>DUCATI<\/td><td>+14.930<\/td><\/tr><tr><td>9. Brad Binder<\/td><td>KTM<\/td><td>+15.084<\/td><\/tr><tr><td>10. Ra\u00fal Fern\u00e1ndez<\/td><td>APRILIA<\/td><td>+16.384<\/td><\/tr><tr><td>11. Fabio Quartararo<\/td><td>YAMAHA<\/td><td>+17.235<\/td><\/tr><tr><td>12. Maverick Vi\u00f1ales<\/td><td>APRILIA<\/td><td>+18.865<\/td><\/tr><tr><td>13. Jack Miller<\/td><td>KTM<\/td><td>+25.425<\/td><\/tr><tr><td>14. Takaaki Nakagami<\/td><td>HONDA<\/td><td>+25.817<\/td><\/tr><tr><td>15. Luca Marini<\/td><td>REPSOL HONDA<\/td><td>+25.854<\/td><\/tr><tr><td>16. Augusto Fern\u00e1ndez<\/td><td>GASGAS<\/td><td>+41.594<\/td><\/tr><tr><td>17. Johann Zarco<\/td><td>HONDA<\/td><td>+41.952<\/td><\/tr><tr><td>18. Joan Mir<\/td><td>REPSOL HONDA<\/td><td>+43.145<\/td><\/tr><tr><td>19. Remy Gardner<\/td><td>YAMAHA<\/td><td>+50.115<\/td><\/tr><tr><td>20. Stefan Bradl<\/td><td>HONDA<\/td><td>+59.047<\/td><\/tr><\/tbody><\/table><\/figure>\n\n\n\n<h3 class=\"wp-block-heading\"><span class=\"ez-toc-section\" id=\"Clasificacion_General\"><\/span><strong>Clasificaci\u00f3n General<\/strong><span class=\"ez-toc-section-end\"><\/span><\/h3>\n\n\n\n<figure class=\"wp-block-table is-style-stripes\"><table><tbody><tr><td><strong>PILOTO<\/strong><\/td><td><strong>EQUIPO<\/strong><\/td><td><strong>PUNTOS<\/strong><\/td><\/tr><tr><td>1. &#8216;Pecco&#8217; Bagnaia<\/td><td>DUCATI<\/td><td>222<\/td><\/tr><tr><td>2. Jorge Mart\u00edn<\/td><td>DUCATI<\/td><td>212<\/td><\/tr><tr><td>3. Marc M\u00e1rquez<\/td><td>DUCATI<\/td><td>166<\/td><\/tr><tr><td>4. Enea Bastianini<\/td><td>DUCATI<\/td><td>155<\/td><\/tr><tr><td>5. Maverick Vi\u00f1ales<\/td><td>APRILIA<\/td><td>125<\/td><\/tr><tr><td>6. Pedro Acosta<\/td><td>GASGAS<\/td><td>110<\/td><\/tr><tr><td>7.  Brad Binder<\/td><td>KTM<\/td><td>108<\/td><\/tr><tr><td>8. Fabio Di Giannantonio<\/td><td>DUCATI<\/td><td>92<\/td><\/tr><tr><td>9. Aleix Espargar\u00f3<\/td><td>APRILIA<\/td><td>82<\/td><\/tr><tr><td>10. \u00c1lex M\u00e1rquez<\/td><td>DUCATI<\/td><td>79<\/td><\/tr><tr><td>11. Franco Morbidelli<\/td><td>DUCATI<\/td><td>55<\/td><\/tr><tr><td>12. Marco Bezzecchi<\/td><td>DUCATI<\/td><td>53<\/td><\/tr><tr><td>13. Miguel Oliveira<\/td><td>APRILIA<\/td><td>51<\/td><\/tr><tr><td>14. Ra\u00fal Fern\u00e1ndez<\/td><td>APRILIA<\/td><td>46<\/td><\/tr><tr><td>15. Fabio Quartararo<\/td><td>YAMAHA<\/td><td>44<\/td><\/tr><tr><td>16. Jack Miller<\/td><td>KTM<\/td><td>35<\/td><\/tr><tr><td>17. Augusto Fern\u00e1ndez<\/td><td>GASGAS<\/td><td>17<\/td><\/tr><tr><td><strong>18. Joan Mir<\/strong><\/td><td><strong>REPSOL HONDA<\/strong><\/td><td><strong>13<\/strong><\/td><\/tr><tr><td>19. Johann Zarco<\/td><td>HONDA<\/td><td>12<\/td><\/tr><tr><td>20. Takaaki Nakagami<\/td><td>HONDA<\/td><td>9<\/td><\/tr><tr><td>21. \u00c1lex Rins<\/td><td>YAMAHA<\/td><td>8<\/td><\/tr><tr><td>22. Dani Pedrosa<\/td><td>KTM<\/td><td>7<\/td><\/tr><tr><td><strong>23. Luca Marini<\/strong><\/td><td><strong>REPSOL HONDA<\/strong><\/td><td><strong>1<\/strong><\/td><\/tr><\/tbody><\/table><\/figure>\n\n\n\n<p><\/p>\n\n\n\n<div id=\"f8b76577-efd5-46e3-bbc0-43e3d0882a40\" class=\"br-slider-box\"><div class=\"wp-block-create-block-repsol-carousel br-slider\"><a target=\"_blank\" href=\"https:\/\/bxrepsol.s3.eu-west-1.amazonaws.com\/static\/2024\/07\/07132648\/189140201_0JR0452.jpg\" data-index=\"0\" rel=\"noopener\"><img decoding=\"async\" src=\"https:\/\/bxrepsol.s3.eu-west-1.amazonaws.com\/static\/2024\/07\/07132648\/189140201_0JR0452.jpg\"\/><\/a><a target=\"_blank\" href=\"https:\/\/bxrepsol.s3.eu-west-1.amazonaws.com\/static\/2024\/07\/07132649\/189140446_0JR0617.jpg\" data-index=\"1\" rel=\"noopener\"><img decoding=\"async\" src=\"https:\/\/bxrepsol.s3.eu-west-1.amazonaws.com\/static\/2024\/07\/07132649\/189140446_0JR0617.jpg\"\/><\/a><a target=\"_blank\" href=\"https:\/\/bxrepsol.s3.eu-west-1.amazonaws.com\/static\/2024\/07\/07132652\/189141028_A933798.jpg\" data-index=\"2\" rel=\"noopener\"><img decoding=\"async\" src=\"https:\/\/bxrepsol.s3.eu-west-1.amazonaws.com\/static\/2024\/07\/07132652\/189141028_A933798.jpg\"\/><\/a><a target=\"_blank\" href=\"https:\/\/bxrepsol.s3.eu-west-1.amazonaws.com\/static\/2024\/07\/07132651\/189140446_0JR0622.jpg\" data-index=\"3\" rel=\"noopener\"><img decoding=\"async\" src=\"https:\/\/bxrepsol.s3.eu-west-1.amazonaws.com\/static\/2024\/07\/07132651\/189140446_0JR0622.jpg\"\/><\/a><a target=\"_blank\" href=\"https:\/\/bxrepsol.s3.eu-west-1.amazonaws.com\/static\/2024\/07\/07132654\/189141311_JRB2968.jpg\" data-index=\"4\" rel=\"noopener\"><img decoding=\"async\" src=\"https:\/\/bxrepsol.s3.eu-west-1.amazonaws.com\/static\/2024\/07\/07132654\/189141311_JRB2968.jpg\"\/><\/a><\/div><div class=\"br-slider-buttons\"><button class=\"arrow rds-icon arrow--left rds-icon-Arrow_left\"><\/button><button class=\"arrow rds-icon arrow--right rds-icon-Arrow_right\"><\/button><\/div><\/div>\n\n\n\n<h2 class=\"wp-block-heading\"><span class=\"ez-toc-section\" id=\"Declaraciones\"><\/span><strong>Declaraciones<\/strong><span class=\"ez-toc-section-end\"><\/span><\/h2>\n\n\n\n<h3 class=\"wp-block-heading\"><span class=\"ez-toc-section\" id=\"Joan_Mir\"><\/span><strong>Joan Mir<\/strong><span class=\"ez-toc-section-end\"><\/span><\/h3>\n\n\n\n<p>\u00abTenemos que aprovechar este fin de semana para entender lo que ha pasado y c\u00f3mo evitarlo en el futuro. Una vez m\u00e1s, no he podido sacar todo mi potencial y he tenido m\u00e1s dificultades que los dem\u00e1s pilotos de Honda. Ha sido una carrera larga, dura y de la que hay que aprender mucho. El equipo y yo ya hemos estado analizando los datos y tenemos algunas ideas sobre qu\u00e9 cambiar en el futuro. No dejamos de trabajar, no dejamos de intentarlo y nuestro objetivo es volver a Silverstone m\u00e1s fuertes\u00bb.<\/p>\n\n\n\n<h3 class=\"wp-block-heading\"><span class=\"ez-toc-section\" id=\"Luca_Marini\"><\/span><strong>Luca Marini<\/strong><span class=\"ez-toc-section-end\"><\/span><\/h3>\n\n\n\n<p>\u00abEstoy contento con lo que hemos hecho en la primera mitad del a\u00f1o en general; eso es lo m\u00e1s importante. Por supuesto, no esperaba pasar tantos apuros, pero ahora estamos empezando a cambiar las cosas. Nuestro esfuerzo de las primeras carreras est\u00e1 empezando a dar sus frutos y ahora tenemos que ver lo que va a venir despu\u00e9s de las vacaciones de verano. La diferencia con el primero de hoy es buena, la pista influye, pero estamos mejorando. Todo el mundo en Honda est\u00e1 trabajando en la misma direcci\u00f3n, vamos a seguir as\u00ed despu\u00e9s de un breve descanso\u00bb.<\/p>\n","protected":false},"excerpt":{"rendered":"<p>Cuarta victoria consecutiva de &#8216;Pecco&#8217; Bagnaia que logra el liderato tras un error de Jorge Mart\u00edn<\/p>\n","protected":false},"author":43146,"featured_media":117624,"comment_status":"open","ping_status":"open","sticky":false,"template":"","format":"standard","meta":{"footnotes":""},"categories":[4],"tags":[71,271,422,434],"class_list":["post-117671","post","type-post","status-publish","format-standard","hentry","category-motogp","tag-gp-alemania","tag-joan-mir","tag-luca-marini","tag-motogp-2024"],"yoast_head":"<!-- This site is optimized with the Yoast SEO plugin v27.3 - https:\/\/yoast.com\/product\/yoast-seo-wordpress\/ -->\n<title>Resultados del GP de Alemania de MotoGP - Box Repsol<\/title>\n<meta name=\"description\" content=\"Cr\u00f3nica y resultados la carrera principal del GP de Alemani 2024 de MotoGP, celebrado en Sachsenring.\" \/>\n<link rel=\"canonical\" href=\"https:\/\/www.boxrepsol.com\/es\/motogp\/resultados-del-gp-de-alemania-de-motogp-2024\/\" \/>\n<meta property=\"og:locale\" content=\"es_ES\" \/>\n<meta property=\"og:type\" content=\"article\" \/>\n<meta property=\"og:title\" content=\"Resultados del GP de Alemania de MotoGP - Box Repsol\" \/>\n<meta property=\"og:description\" content=\"Cr\u00f3nica y resultados la carrera principal del GP de Alemani 2024 de MotoGP, celebrado en Sachsenring.\" \/>\n<meta property=\"og:url\" content=\"https:\/\/www.boxrepsol.com\/es\/motogp\/resultados-del-gp-de-alemania-de-motogp-2024\/\" \/>\n<meta property=\"og:site_name\" content=\"Box Repsol\" \/>\n<meta property=\"article:publisher\" content=\"https:\/\/www.facebook.com\/BoxRepsol\" \/>\n<meta property=\"article:author\" content=\"https:\/\/www.facebook.com\/BoxRepsol\/\" \/>\n<meta property=\"article:published_time\" content=\"2024-07-07T13:42:58+00:00\" \/>\n<meta property=\"article:modified_time\" content=\"2024-07-07T15:58:37+00:00\" \/>\n<meta property=\"og:image\" content=\"https:\/\/bxrepsol.s3.eu-west-1.amazonaws.com\/static\/2024\/07\/05131147\/187112440_0JR9592.jpg\" \/>\n\t<meta property=\"og:image:width\" content=\"1200\" \/>\n\t<meta property=\"og:image:height\" content=\"750\" \/>\n\t<meta property=\"og:image:type\" content=\"image\/jpeg\" \/>\n<meta name=\"author\" content=\"Redacci\u00f3n Box Repsol\" \/>\n<meta name=\"twitter:card\" content=\"summary_large_image\" \/>\n<meta name=\"twitter:creator\" content=\"@https:\/\/twitter.com\/box_repsol\" \/>\n<meta name=\"twitter:site\" content=\"@box_repsol\" \/>\n<meta name=\"twitter:label1\" content=\"Written by\" \/>\n\t<meta name=\"twitter:data1\" content=\"Redacci\u00f3n Box Repsol\" \/>\n\t<meta name=\"twitter:label2\" content=\"Est. reading time\" \/>\n\t<meta name=\"twitter:data2\" content=\"3 minutos\" \/>\n<script type=\"application\/ld+json\" class=\"yoast-schema-graph\">{\"@context\":\"https:\\\/\\\/schema.org\",\"@graph\":[{\"@type\":\"Article\",\"@id\":\"https:\\\/\\\/www.boxrepsol.com\\\/es\\\/motogp\\\/resultados-del-gp-de-alemania-de-motogp-2024\\\/#article\",\"isPartOf\":{\"@id\":\"https:\\\/\\\/www.boxrepsol.com\\\/es\\\/motogp\\\/resultados-del-gp-de-alemania-de-motogp-2024\\\/\"},\"author\":{\"name\":\"Redacci\u00f3n Box Repsol\",\"@id\":\"https:\\\/\\\/www.boxrepsol.com\\\/es\\\/#\\\/schema\\\/person\\\/c5c2138f2cca251b0ad92b7086bb60b7\"},\"headline\":\"Resultados del GP de Alemania de MotoGP\",\"datePublished\":\"2024-07-07T13:42:58+00:00\",\"dateModified\":\"2024-07-07T15:58:37+00:00\",\"mainEntityOfPage\":{\"@id\":\"https:\\\/\\\/www.boxrepsol.com\\\/es\\\/motogp\\\/resultados-del-gp-de-alemania-de-motogp-2024\\\/\"},\"wordCount\":740,\"commentCount\":0,\"publisher\":{\"@id\":\"https:\\\/\\\/www.boxrepsol.com\\\/es\\\/#organization\"},\"image\":{\"@id\":\"https:\\\/\\\/www.boxrepsol.com\\\/es\\\/motogp\\\/resultados-del-gp-de-alemania-de-motogp-2024\\\/#primaryimage\"},\"thumbnailUrl\":\"https:\\\/\\\/bxrepsol.s3.eu-west-1.amazonaws.com\\\/static\\\/2024\\\/07\\\/05131147\\\/187112440_0JR9592.jpg\",\"keywords\":[\"GP Alemania\",\"Joan Mir\",\"Luca Marini\",\"MotoGP 2024\"],\"articleSection\":[\"MotoGP\"],\"inLanguage\":\"es\",\"potentialAction\":[{\"@type\":\"CommentAction\",\"name\":\"Comment\",\"target\":[\"https:\\\/\\\/www.boxrepsol.com\\\/es\\\/motogp\\\/resultados-del-gp-de-alemania-de-motogp-2024\\\/#respond\"]}]},{\"@type\":\"WebPage\",\"@id\":\"https:\\\/\\\/www.boxrepsol.com\\\/es\\\/motogp\\\/resultados-del-gp-de-alemania-de-motogp-2024\\\/\",\"url\":\"https:\\\/\\\/www.boxrepsol.com\\\/es\\\/motogp\\\/resultados-del-gp-de-alemania-de-motogp-2024\\\/\",\"name\":\"Resultados del GP de Alemania de MotoGP - Box Repsol\",\"isPartOf\":{\"@id\":\"https:\\\/\\\/www.boxrepsol.com\\\/es\\\/#website\"},\"primaryImageOfPage\":{\"@id\":\"https:\\\/\\\/www.boxrepsol.com\\\/es\\\/motogp\\\/resultados-del-gp-de-alemania-de-motogp-2024\\\/#primaryimage\"},\"image\":{\"@id\":\"https:\\\/\\\/www.boxrepsol.com\\\/es\\\/motogp\\\/resultados-del-gp-de-alemania-de-motogp-2024\\\/#primaryimage\"},\"thumbnailUrl\":\"https:\\\/\\\/bxrepsol.s3.eu-west-1.amazonaws.com\\\/static\\\/2024\\\/07\\\/05131147\\\/187112440_0JR9592.jpg\",\"datePublished\":\"2024-07-07T13:42:58+00:00\",\"dateModified\":\"2024-07-07T15:58:37+00:00\",\"description\":\"Cr\u00f3nica y resultados la carrera principal del GP de Alemani 2024 de MotoGP, celebrado en Sachsenring.\",\"breadcrumb\":{\"@id\":\"https:\\\/\\\/www.boxrepsol.com\\\/es\\\/motogp\\\/resultados-del-gp-de-alemania-de-motogp-2024\\\/#breadcrumb\"},\"inLanguage\":\"es\",\"potentialAction\":[{\"@type\":\"ReadAction\",\"target\":[\"https:\\\/\\\/www.boxrepsol.com\\\/es\\\/motogp\\\/resultados-del-gp-de-alemania-de-motogp-2024\\\/\"]}]},{\"@type\":\"ImageObject\",\"inLanguage\":\"es\",\"@id\":\"https:\\\/\\\/www.boxrepsol.com\\\/es\\\/motogp\\\/resultados-del-gp-de-alemania-de-motogp-2024\\\/#primaryimage\",\"url\":\"https:\\\/\\\/bxrepsol.s3.eu-west-1.amazonaws.com\\\/static\\\/2024\\\/07\\\/05131147\\\/187112440_0JR9592.jpg\",\"contentUrl\":\"https:\\\/\\\/bxrepsol.s3.eu-west-1.amazonaws.com\\\/static\\\/2024\\\/07\\\/05131147\\\/187112440_0JR9592.jpg\",\"width\":1200,\"height\":750},{\"@type\":\"BreadcrumbList\",\"@id\":\"https:\\\/\\\/www.boxrepsol.com\\\/es\\\/motogp\\\/resultados-del-gp-de-alemania-de-motogp-2024\\\/#breadcrumb\",\"itemListElement\":[{\"@type\":\"ListItem\",\"position\":1,\"name\":\"Home\",\"item\":\"https:\\\/\\\/www.boxrepsol.com\\\/es\\\/\"},{\"@type\":\"ListItem\",\"position\":2,\"name\":\"Resultados del GP de Alemania de MotoGP\"}]},{\"@type\":\"WebSite\",\"@id\":\"https:\\\/\\\/www.boxrepsol.com\\\/es\\\/#website\",\"url\":\"https:\\\/\\\/www.boxrepsol.com\\\/es\\\/\",\"name\":\"Box Repsol\",\"description\":\"Box Repsol Site\",\"publisher\":{\"@id\":\"https:\\\/\\\/www.boxrepsol.com\\\/es\\\/#organization\"},\"potentialAction\":[{\"@type\":\"SearchAction\",\"target\":{\"@type\":\"EntryPoint\",\"urlTemplate\":\"https:\\\/\\\/www.boxrepsol.com\\\/es\\\/?s={search_term_string}\"},\"query-input\":{\"@type\":\"PropertyValueSpecification\",\"valueRequired\":true,\"valueName\":\"search_term_string\"}}],\"inLanguage\":\"es\"},{\"@type\":\"Organization\",\"@id\":\"https:\\\/\\\/www.boxrepsol.com\\\/es\\\/#organization\",\"name\":\"Box Repsol\",\"url\":\"https:\\\/\\\/www.boxrepsol.com\\\/es\\\/\",\"logo\":{\"@type\":\"ImageObject\",\"inLanguage\":\"es\",\"@id\":\"https:\\\/\\\/www.boxrepsol.com\\\/es\\\/#\\\/schema\\\/logo\\\/image\\\/\",\"url\":\"https:\\\/\\\/bxrepsol.s3.eu-west-1.amazonaws.com\\\/static\\\/2025\\\/07\\\/30083337\\\/favicon-96x96-1.png\",\"contentUrl\":\"https:\\\/\\\/bxrepsol.s3.eu-west-1.amazonaws.com\\\/static\\\/2025\\\/07\\\/30083337\\\/favicon-96x96-1.png\",\"width\":96,\"height\":96,\"caption\":\"Box Repsol\"},\"image\":{\"@id\":\"https:\\\/\\\/www.boxrepsol.com\\\/es\\\/#\\\/schema\\\/logo\\\/image\\\/\"},\"sameAs\":[\"https:\\\/\\\/www.facebook.com\\\/BoxRepsol\",\"https:\\\/\\\/x.com\\\/box_repsol\",\"http:\\\/\\\/instagram.com\\\/box_repsol\",\"https:\\\/\\\/www.youtube.com\\\/user\\\/RepsolCompeticion\",\"https:\\\/\\\/www.flickr.com\\\/photos\\\/box_repsol\\\/\"]},{\"@type\":\"Person\",\"@id\":\"https:\\\/\\\/www.boxrepsol.com\\\/es\\\/#\\\/schema\\\/person\\\/c5c2138f2cca251b0ad92b7086bb60b7\",\"name\":\"Redacci\u00f3n Box Repsol\",\"image\":{\"@type\":\"ImageObject\",\"inLanguage\":\"es\",\"@id\":\"https:\\\/\\\/secure.gravatar.com\\\/avatar\\\/adf7b77e38b4419baf32c7e9c21dde01f4e40df611f0978e3006fc4ba0aaab7e?s=96&d=mm&r=g\",\"url\":\"https:\\\/\\\/secure.gravatar.com\\\/avatar\\\/adf7b77e38b4419baf32c7e9c21dde01f4e40df611f0978e3006fc4ba0aaab7e?s=96&d=mm&r=g\",\"contentUrl\":\"https:\\\/\\\/secure.gravatar.com\\\/avatar\\\/adf7b77e38b4419baf32c7e9c21dde01f4e40df611f0978e3006fc4ba0aaab7e?s=96&d=mm&r=g\",\"caption\":\"Redacci\u00f3n Box Repsol\"},\"description\":\"Box Repsol lo forma un equipo de periodistas, community managers, dise\u00f1adores y fot\u00f3grafos con m\u00e1s de 20 a\u00f1os de experiencia en el mundo del motorsport. Hemos vivido el primer mundial de un espa\u00f1ol en la categor\u00eda reina de motociclismo con \u00c1lex Crivill\u00e9, estuvimos en las victorias de Pedrosa y los t\u00edtulos de M\u00e1rquez, acompa\u00f1amos en \u00c1frica a Nani Roma y Marc Coma en sus conquistas del Dakar y hemos vibrado con los t\u00edtulos de Toni Bou en Trial. Adem\u00e1s, en nuestro equipo contamos con expertos en el mundo de las dos y cuatro ruedas tanto de la calle y las carreteras, como de los circuitos. Periodistas que han trabajado en revistas y publicaciones para hacerte llegar desde rutas y consejos de mantenimiento, a curiosidades y trucos de pilotaje.\",\"sameAs\":[\"https:\\\/\\\/www.facebook.com\\\/BoxRepsol\\\/\",\"https:\\\/\\\/www.instagram.com\\\/box_repsol\\\/\",\"https:\\\/\\\/x.com\\\/https:\\\/\\\/twitter.com\\\/box_repsol\",\"https:\\\/\\\/www.youtube.com\\\/@Boxrepsol\"],\"url\":\"https:\\\/\\\/www.boxrepsol.com\\\/es\\\/author\\\/redaccion-box-repsol\\\/\"}]}<\/script>\n<!-- \/ Yoast SEO plugin. -->","yoast_head_json":{"title":"Resultados del GP de Alemania de MotoGP - Box Repsol","description":"Cr\u00f3nica y resultados la carrera principal del GP de Alemani 2024 de MotoGP, celebrado en Sachsenring.","canonical":"https:\/\/www.boxrepsol.com\/es\/motogp\/resultados-del-gp-de-alemania-de-motogp-2024\/","og_locale":"es_ES","og_type":"article","og_title":"Resultados del GP de Alemania de MotoGP - Box Repsol","og_description":"Cr\u00f3nica y resultados la carrera principal del GP de Alemani 2024 de MotoGP, celebrado en Sachsenring.","og_url":"https:\/\/www.boxrepsol.com\/es\/motogp\/resultados-del-gp-de-alemania-de-motogp-2024\/","og_site_name":"Box Repsol","article_publisher":"https:\/\/www.facebook.com\/BoxRepsol","article_author":"https:\/\/www.facebook.com\/BoxRepsol\/","article_published_time":"2024-07-07T13:42:58+00:00","article_modified_time":"2024-07-07T15:58:37+00:00","og_image":[{"width":1200,"height":750,"url":"https:\/\/bxrepsol.s3.eu-west-1.amazonaws.com\/static\/2024\/07\/05131147\/187112440_0JR9592.jpg","type":"image\/jpeg"}],"author":"Redacci\u00f3n Box Repsol","twitter_card":"summary_large_image","twitter_creator":"@https:\/\/twitter.com\/box_repsol","twitter_site":"@box_repsol","twitter_misc":{"Written by":"Redacci\u00f3n Box Repsol","Est. reading time":"3 minutos"},"schema":{"@context":"https:\/\/schema.org","@graph":[{"@type":"Article","@id":"https:\/\/www.boxrepsol.com\/es\/motogp\/resultados-del-gp-de-alemania-de-motogp-2024\/#article","isPartOf":{"@id":"https:\/\/www.boxrepsol.com\/es\/motogp\/resultados-del-gp-de-alemania-de-motogp-2024\/"},"author":{"name":"Redacci\u00f3n Box Repsol","@id":"https:\/\/www.boxrepsol.com\/es\/#\/schema\/person\/c5c2138f2cca251b0ad92b7086bb60b7"},"headline":"Resultados del GP de Alemania de MotoGP","datePublished":"2024-07-07T13:42:58+00:00","dateModified":"2024-07-07T15:58:37+00:00","mainEntityOfPage":{"@id":"https:\/\/www.boxrepsol.com\/es\/motogp\/resultados-del-gp-de-alemania-de-motogp-2024\/"},"wordCount":740,"commentCount":0,"publisher":{"@id":"https:\/\/www.boxrepsol.com\/es\/#organization"},"image":{"@id":"https:\/\/www.boxrepsol.com\/es\/motogp\/resultados-del-gp-de-alemania-de-motogp-2024\/#primaryimage"},"thumbnailUrl":"https:\/\/bxrepsol.s3.eu-west-1.amazonaws.com\/static\/2024\/07\/05131147\/187112440_0JR9592.jpg","keywords":["GP Alemania","Joan Mir","Luca Marini","MotoGP 2024"],"articleSection":["MotoGP"],"inLanguage":"es","potentialAction":[{"@type":"CommentAction","name":"Comment","target":["https:\/\/www.boxrepsol.com\/es\/motogp\/resultados-del-gp-de-alemania-de-motogp-2024\/#respond"]}]},{"@type":"WebPage","@id":"https:\/\/www.boxrepsol.com\/es\/motogp\/resultados-del-gp-de-alemania-de-motogp-2024\/","url":"https:\/\/www.boxrepsol.com\/es\/motogp\/resultados-del-gp-de-alemania-de-motogp-2024\/","name":"Resultados del GP de Alemania de MotoGP - Box Repsol","isPartOf":{"@id":"https:\/\/www.boxrepsol.com\/es\/#website"},"primaryImageOfPage":{"@id":"https:\/\/www.boxrepsol.com\/es\/motogp\/resultados-del-gp-de-alemania-de-motogp-2024\/#primaryimage"},"image":{"@id":"https:\/\/www.boxrepsol.com\/es\/motogp\/resultados-del-gp-de-alemania-de-motogp-2024\/#primaryimage"},"thumbnailUrl":"https:\/\/bxrepsol.s3.eu-west-1.amazonaws.com\/static\/2024\/07\/05131147\/187112440_0JR9592.jpg","datePublished":"2024-07-07T13:42:58+00:00","dateModified":"2024-07-07T15:58:37+00:00","description":"Cr\u00f3nica y resultados la carrera principal del GP de Alemani 2024 de MotoGP, celebrado en Sachsenring.","breadcrumb":{"@id":"https:\/\/www.boxrepsol.com\/es\/motogp\/resultados-del-gp-de-alemania-de-motogp-2024\/#breadcrumb"},"inLanguage":"es","potentialAction":[{"@type":"ReadAction","target":["https:\/\/www.boxrepsol.com\/es\/motogp\/resultados-del-gp-de-alemania-de-motogp-2024\/"]}]},{"@type":"ImageObject","inLanguage":"es","@id":"https:\/\/www.boxrepsol.com\/es\/motogp\/resultados-del-gp-de-alemania-de-motogp-2024\/#primaryimage","url":"https:\/\/bxrepsol.s3.eu-west-1.amazonaws.com\/static\/2024\/07\/05131147\/187112440_0JR9592.jpg","contentUrl":"https:\/\/bxrepsol.s3.eu-west-1.amazonaws.com\/static\/2024\/07\/05131147\/187112440_0JR9592.jpg","width":1200,"height":750},{"@type":"BreadcrumbList","@id":"https:\/\/www.boxrepsol.com\/es\/motogp\/resultados-del-gp-de-alemania-de-motogp-2024\/#breadcrumb","itemListElement":[{"@type":"ListItem","position":1,"name":"Home","item":"https:\/\/www.boxrepsol.com\/es\/"},{"@type":"ListItem","position":2,"name":"Resultados del GP de Alemania de MotoGP"}]},{"@type":"WebSite","@id":"https:\/\/www.boxrepsol.com\/es\/#website","url":"https:\/\/www.boxrepsol.com\/es\/","name":"Box Repsol","description":"Box Repsol Site","publisher":{"@id":"https:\/\/www.boxrepsol.com\/es\/#organization"},"potentialAction":[{"@type":"SearchAction","target":{"@type":"EntryPoint","urlTemplate":"https:\/\/www.boxrepsol.com\/es\/?s={search_term_string}"},"query-input":{"@type":"PropertyValueSpecification","valueRequired":true,"valueName":"search_term_string"}}],"inLanguage":"es"},{"@type":"Organization","@id":"https:\/\/www.boxrepsol.com\/es\/#organization","name":"Box Repsol","url":"https:\/\/www.boxrepsol.com\/es\/","logo":{"@type":"ImageObject","inLanguage":"es","@id":"https:\/\/www.boxrepsol.com\/es\/#\/schema\/logo\/image\/","url":"https:\/\/bxrepsol.s3.eu-west-1.amazonaws.com\/static\/2025\/07\/30083337\/favicon-96x96-1.png","contentUrl":"https:\/\/bxrepsol.s3.eu-west-1.amazonaws.com\/static\/2025\/07\/30083337\/favicon-96x96-1.png","width":96,"height":96,"caption":"Box Repsol"},"image":{"@id":"https:\/\/www.boxrepsol.com\/es\/#\/schema\/logo\/image\/"},"sameAs":["https:\/\/www.facebook.com\/BoxRepsol","https:\/\/x.com\/box_repsol","http:\/\/instagram.com\/box_repsol","https:\/\/www.youtube.com\/user\/RepsolCompeticion","https:\/\/www.flickr.com\/photos\/box_repsol\/"]},{"@type":"Person","@id":"https:\/\/www.boxrepsol.com\/es\/#\/schema\/person\/c5c2138f2cca251b0ad92b7086bb60b7","name":"Redacci\u00f3n Box Repsol","image":{"@type":"ImageObject","inLanguage":"es","@id":"https:\/\/secure.gravatar.com\/avatar\/adf7b77e38b4419baf32c7e9c21dde01f4e40df611f0978e3006fc4ba0aaab7e?s=96&d=mm&r=g","url":"https:\/\/secure.gravatar.com\/avatar\/adf7b77e38b4419baf32c7e9c21dde01f4e40df611f0978e3006fc4ba0aaab7e?s=96&d=mm&r=g","contentUrl":"https:\/\/secure.gravatar.com\/avatar\/adf7b77e38b4419baf32c7e9c21dde01f4e40df611f0978e3006fc4ba0aaab7e?s=96&d=mm&r=g","caption":"Redacci\u00f3n Box Repsol"},"description":"Box Repsol lo forma un equipo de periodistas, community managers, dise\u00f1adores y fot\u00f3grafos con m\u00e1s de 20 a\u00f1os de experiencia en el mundo del motorsport. Hemos vivido el primer mundial de un espa\u00f1ol en la categor\u00eda reina de motociclismo con \u00c1lex Crivill\u00e9, estuvimos en las victorias de Pedrosa y los t\u00edtulos de M\u00e1rquez, acompa\u00f1amos en \u00c1frica a Nani Roma y Marc Coma en sus conquistas del Dakar y hemos vibrado con los t\u00edtulos de Toni Bou en Trial. Adem\u00e1s, en nuestro equipo contamos con expertos en el mundo de las dos y cuatro ruedas tanto de la calle y las carreteras, como de los circuitos. Periodistas que han trabajado en revistas y publicaciones para hacerte llegar desde rutas y consejos de mantenimiento, a curiosidades y trucos de pilotaje.","sameAs":["https:\/\/www.facebook.com\/BoxRepsol\/","https:\/\/www.instagram.com\/box_repsol\/","https:\/\/x.com\/https:\/\/twitter.com\/box_repsol","https:\/\/www.youtube.com\/@Boxrepsol"],"url":"https:\/\/www.boxrepsol.com\/es\/author\/redaccion-box-repsol\/"}]}},"_links":{"self":[{"href":"https:\/\/www.boxrepsol.com\/es\/wp-json\/wp\/v2\/posts\/117671","targetHints":{"allow":["GET"]}}],"collection":[{"href":"https:\/\/www.boxrepsol.com\/es\/wp-json\/wp\/v2\/posts"}],"about":[{"href":"https:\/\/www.boxrepsol.com\/es\/wp-json\/wp\/v2\/types\/post"}],"author":[{"embeddable":true,"href":"https:\/\/www.boxrepsol.com\/es\/wp-json\/wp\/v2\/users\/43146"}],"replies":[{"embeddable":true,"href":"https:\/\/www.boxrepsol.com\/es\/wp-json\/wp\/v2\/comments?post=117671"}],"version-history":[{"count":6,"href":"https:\/\/www.boxrepsol.com\/es\/wp-json\/wp\/v2\/posts\/117671\/revisions"}],"predecessor-version":[{"id":117697,"href":"https:\/\/www.boxrepsol.com\/es\/wp-json\/wp\/v2\/posts\/117671\/revisions\/117697"}],"wp:featuredmedia":[{"embeddable":true,"href":"https:\/\/www.boxrepsol.com\/es\/wp-json\/wp\/v2\/media\/117624"}],"wp:attachment":[{"href":"https:\/\/www.boxrepsol.com\/es\/wp-json\/wp\/v2\/media?parent=117671"}],"wp:term":[{"taxonomy":"category","embeddable":true,"href":"https:\/\/www.boxrepsol.com\/es\/wp-json\/wp\/v2\/categories?post=117671"},{"taxonomy":"post_tag","embeddable":true,"href":"https:\/\/www.boxrepsol.com\/es\/wp-json\/wp\/v2\/tags?post=117671"}],"curies":[{"name":"wp","href":"https:\/\/api.w.org\/{rel}","templated":true}]}}