{"id":117456,"date":"2024-06-30T11:32:33","date_gmt":"2024-06-30T13:32:33","guid":{"rendered":"https:\/\/www.boxrepsol.com\/?p=117456"},"modified":"2024-06-30T13:35:02","modified_gmt":"2024-06-30T15:35:02","slug":"resultados-del-gp-de-holanda-de-motogp-2024","status":"publish","type":"post","link":"https:\/\/www.boxrepsol.com\/es\/motogp\/resultados-del-gp-de-holanda-de-motogp-2024\/","title":{"rendered":"Resultados del GP de Holanda de MotoGP"},"content":{"rendered":"<figure class=\"wp-block-post-featured-image\"><img loading=\"lazy\" decoding=\"async\" width=\"1250\" height=\"700\" src=\"https:\/\/bxrepsol.s3.eu-west-1.amazonaws.com\/static\/2024\/06\/30113227\/lucar_marini_assen_sabado.jpg\" class=\"attachment-post-thumbnail size-post-thumbnail wp-post-image\" alt=\"\" style=\"object-fit:cover;\" srcset=\"https:\/\/bxrepsol.s3.eu-west-1.amazonaws.com\/static\/2024\/06\/30113227\/lucar_marini_assen_sabado.jpg 1250w, https:\/\/bxrepsol.s3.eu-west-1.amazonaws.com\/static\/2024\/06\/30113227\/lucar_marini_assen_sabado-300x168.jpg 300w, https:\/\/bxrepsol.s3.eu-west-1.amazonaws.com\/static\/2024\/06\/30113227\/lucar_marini_assen_sabado-1024x573.jpg 1024w, https:\/\/bxrepsol.s3.eu-west-1.amazonaws.com\/static\/2024\/06\/30113227\/lucar_marini_assen_sabado-768x430.jpg 768w\" sizes=\"auto, (max-width: 1250px) 100vw, 1250px\" \/><\/figure>\n\n\n<p>El <strong>Gran Premio de los Pa\u00edses Bajos<\/strong> ha tenido un aut\u00e9ntico nombre propio, el de <strong>\u2018Pecco\u2019 Bagnaia<\/strong>. El italiano ha logrado la <strong>victoria en la carrera de hoy<\/strong> partiendo desde la <em>pole position<\/em> y sin dar ninguna opci\u00f3n a sus rivales, tras ganar tambi\u00e9n la <a href=\"https:\/\/www.boxrepsol.com\/es\/motogp\/resultados-sprdel-gp-de-holanda-de-motogp-2024\/\">carrera sprint<\/a> de ayer. Es la tercera tercera victoria consecutiva para Bagnaia tras los triunfos logrados en <a href=\"https:\/\/www.boxrepsol.com\/es\/motogp\/resultados-del-gp-de-catalunya-de-motogp-2024\/\">Catalunya <\/a>y <a href=\"https:\/\/www.boxrepsol.com\/es\/motogp\/resultados-del-gp-de-italia-de-motogp-2024\/\">Mugello<\/a>. Tercera consecutiva tambi\u00e9n en Holanda, donde gan\u00f3 tanto en 2022 como 2023, igualando las 23 victorias de Casey Stoner con la marca de Borgo Panigale.<\/p>\n\n\n\n<p>A su lado en el <strong>podio <\/strong>ha estado <strong>Jorge Mart\u00edn<\/strong>, segundo, y <strong>Enea Bastianini<\/strong>, que tal y como hizo en Holanda, ha culminado una gran remontada en carrera para ser tercero. Tras \u00e9l, Marc M\u00e1rquez ha terminado cuarto, y Vi\u00f1ales, quinto. Pero el primero ha sido sancionado por llevar la presi\u00f3n demasiado baja y ha sido d\u00e9cimo, y Maverick Vi\u00f1ales ha sido sancionado con una posici\u00f3n en la \u00faltima vuelta por pisar los l\u00edmites de la pista, as\u00ed que cuarto ha sido Fabio Di Giannantonio.<\/p>\n\n\n\n<p>Han completado los diez primeros clasificados Brad Binder \u2013sexto\u2013, \u00c1lex M\u00e1rquez \u2013s\u00e9ptimo\u2013, Ra\u00fal Fern\u00e1ndez \u2013octavo\u2013 y Franco Morbidelli \u2013noveno\u2013. Con la quinta victoria de la temporada en ocho carreras, Bagnaia se acerca a apenas 10 puntos de Jorge Mart\u00edn, que se mantiene al frente de la clasificaci\u00f3n general.<\/p>\n\n\n\n<div id=\"ez-toc-container\" class=\"ez-toc-v2_0_82_2 counter-hierarchy ez-toc-counter ez-toc-grey ez-toc-container-direction\">\n<div class=\"ez-toc-title-container\">\n<p class=\"ez-toc-title\" style=\"cursor:inherit\">\u00cdndice<\/p>\n<span class=\"ez-toc-title-toggle\"><a href=\"#\" class=\"ez-toc-pull-right ez-toc-btn ez-toc-btn-xs ez-toc-btn-default ez-toc-toggle\" aria-label=\"Toggle Table of Content\"><span class=\"ez-toc-js-icon-con\"><span class=\"\"><span class=\"eztoc-hide\" style=\"display:none;\">Toggle<\/span><span class=\"ez-toc-icon-toggle-span\"><svg style=\"fill: #999;color:#999\" xmlns=\"http:\/\/www.w3.org\/2000\/svg\" class=\"list-377408\" width=\"20px\" height=\"20px\" viewBox=\"0 0 24 24\" fill=\"none\"><path d=\"M6 6H4v2h2V6zm14 0H8v2h12V6zM4 11h2v2H4v-2zm16 0H8v2h12v-2zM4 16h2v2H4v-2zm16 0H8v2h12v-2z\" fill=\"currentColor\"><\/path><\/svg><svg style=\"fill: #999;color:#999\" class=\"arrow-unsorted-368013\" xmlns=\"http:\/\/www.w3.org\/2000\/svg\" width=\"10px\" height=\"10px\" viewBox=\"0 0 24 24\" version=\"1.2\" baseProfile=\"tiny\"><path d=\"M18.2 9.3l-6.2-6.3-6.2 6.3c-.2.2-.3.4-.3.7s.1.5.3.7c.2.2.4.3.7.3h11c.3 0 .5-.1.7-.3.2-.2.3-.5.3-.7s-.1-.5-.3-.7zM5.8 14.7l6.2 6.3 6.2-6.3c.2-.2.3-.5.3-.7s-.1-.5-.3-.7c-.2-.2-.4-.3-.7-.3h-11c-.3 0-.5.1-.7.3-.2.2-.3.5-.3.7s.1.5.3.7z\"\/><\/svg><\/span><\/span><\/span><\/a><\/span><\/div>\n<nav><ul class='ez-toc-list ez-toc-list-level-1 ' ><ul class='ez-toc-list-level-3' ><li class='ez-toc-heading-level-3'><a class=\"ez-toc-link ez-toc-heading-1\" href=\"https:\/\/www.boxrepsol.com\/es\/motogp\/resultados-del-gp-de-holanda-de-motogp-2024\/#Fin_de_semana_complicado_para_los_pilotos_del_equipo_Repsol_Honda\" >Fin de semana complicado para los pilotos del equipo Repsol Honda<\/a><\/li><li class='ez-toc-page-1 ez-toc-heading-level-3'><a class=\"ez-toc-link ez-toc-heading-2\" href=\"https:\/\/www.boxrepsol.com\/es\/motogp\/resultados-del-gp-de-holanda-de-motogp-2024\/#Resultados_de_la_carrera_GP_de_Holanda_26_vueltas\" >Resultados de la carrera: GP de Holanda (26 vueltas)<\/a><\/li><li class='ez-toc-page-1 ez-toc-heading-level-3'><a class=\"ez-toc-link ez-toc-heading-3\" href=\"https:\/\/www.boxrepsol.com\/es\/motogp\/resultados-del-gp-de-holanda-de-motogp-2024\/#Clasificacion_General\" >Clasificaci\u00f3n General<\/a><\/li><\/ul><\/li><li class='ez-toc-page-1 ez-toc-heading-level-2'><a class=\"ez-toc-link ez-toc-heading-4\" href=\"https:\/\/www.boxrepsol.com\/es\/motogp\/resultados-del-gp-de-holanda-de-motogp-2024\/#Declaraciones\" >Declaraciones<\/a><ul class='ez-toc-list-level-3' ><li class='ez-toc-heading-level-3'><a class=\"ez-toc-link ez-toc-heading-5\" href=\"https:\/\/www.boxrepsol.com\/es\/motogp\/resultados-del-gp-de-holanda-de-motogp-2024\/#Joan_Mir\" >Joan Mir<\/a><\/li><li class='ez-toc-page-1 ez-toc-heading-level-3'><a class=\"ez-toc-link ez-toc-heading-6\" href=\"https:\/\/www.boxrepsol.com\/es\/motogp\/resultados-del-gp-de-holanda-de-motogp-2024\/#Luca_Marini\" >Luca Marini<\/a><\/li><\/ul><\/li><\/ul><\/nav><\/div>\n<h3 class=\"wp-block-heading\"><span class=\"ez-toc-section\" id=\"Fin_de_semana_complicado_para_los_pilotos_del_equipo_Repsol_Honda\"><\/span><strong><strong>Fin de semana complicado para los pilotos del equipo Repsol Honda<\/strong><\/strong><span class=\"ez-toc-section-end\"><\/span><\/h3>\n\n\n\n<p>El Gran Premio de los Pa\u00edses Bajos ha supuesto un nuevo reto para los pilotos del <strong>equipo Repsol Honda<\/strong>. Tras la baja por lesi\u00f3n de Aleix Espargar\u00f3, Joan Mir y Luca Marini part\u00edan en decimoctava y decimonovena posici\u00f3n. Tras la positiva carrera de ayer, <strong>Joan Mir<\/strong> ha realizado una buena salida y unas primeras vueltas, llegando a situarse en la zona de puntos. Sin embargo, una <strong>ca\u00edda <\/strong>en la s\u00e9ptima vuelta le ha impedido seguir.<\/p>\n\n\n\n<p>Su compa\u00f1ero en el equipo Repsol Honda, <strong>Luca Marini<\/strong>, no ha tenido una buena salida, cediendo una posici\u00f3n en los primeros metros. En la tercera vuelta, el italiano ha tenido una <strong>ca\u00edda<\/strong>, aunque ha podido seguir en carrera para seguir sumando kil\u00f3metros. Finalmente ha cruzado la meta en <strong>decimos\u00e9ptima posici\u00f3n<\/strong>.<\/p>\n\n\n\n<p>La pr\u00f3xima cita del <a href=\"https:\/\/www.boxrepsol.com\/es\/calendario-gp\/calendario-motogp-2024\/\">calendario de MotoGP<\/a> ser\u00e1 en apenas siete d\u00edas, con el Gran Premio de Alemania.<\/p>\n\n\n\n<h3 class=\"wp-block-heading\"><span class=\"ez-toc-section\" id=\"Resultados_de_la_carrera_GP_de_Holanda_26_vueltas\"><\/span><strong>Resultados de la carrera: GP de Holanda (26 vueltas)<\/strong><span class=\"ez-toc-section-end\"><\/span><\/h3>\n\n\n\n<figure class=\"wp-block-table is-style-stripes\"><table><tbody><tr><td><strong>PILOTO<\/strong><\/td><td><strong>EQUIPO<\/strong><\/td><td><strong>TIEMPO<\/strong><\/td><\/tr><tr><td>1. &#8216;Pecco&#8217; Bagnaia<\/td><td>DUCATI<\/td><td>40:07.214<\/td><\/tr><tr><td>2. Jorge Mart\u00edn<\/td><td>DUCATI<\/td><td>+3.676<\/td><\/tr><tr><td>3. Enea Bastianini<\/td><td>DUCATI<\/td><td>+7.073<\/td><\/tr><tr><td>4. Fabio Di Giannantonio<\/td><td>DUCATI<\/td><td>+8.299<\/td><\/tr><tr><td>5. Maverick Vi\u00f1ales<\/td><td>DUCATI<\/td><td>+8.258*<\/td><\/tr><tr><td>6. Brad Binder<\/td><td>KTM<\/td><td>+16.005<\/td><\/tr><tr><td>7. \u00c1lex M\u00e1rquez<\/td><td>DUCATI<\/td><td>+21.095<\/td><\/tr><tr><td>8. Ra\u00fal Fern\u00e1ndez<\/td><td>APRILIA<\/td><td>+22.368<\/td><\/tr><tr><td>9. Franco Morbidelli<\/td><td>DUCATI<\/td><td>+23.413<\/td><\/tr><tr><td>10. Marc M\u00e1rquez<\/td><td>DUCATI<\/td><td>+23.868<\/td><\/tr><tr><td>11. Jack Miller<\/td><td>KTM<\/td><td>+24.004<\/td><\/tr><tr><td>12. Fabio Quartararo<\/td><td>YAMAHA<\/td><td>+24.057<\/td><\/tr><tr><td>13. Johann Zarco<\/td><td>GASGAS<\/td><td>+42.767<\/td><\/tr><tr><td>14. Augusto Fern\u00e1ndez<\/td><td>HONDA<\/td><td>+42.871<\/td><\/tr><tr><td>15. Miguel Oliveira<\/td><td>APRILIA<\/td><td>+44.429<\/td><\/tr><tr><td>16. Takaaki Nakagami<\/td><td>HONDA<\/td><td>+46.246<\/td><\/tr><tr><td>17. Luca Marini <\/td><td>REPSOL HONDA<\/td><td>+1&#8217;10.937<\/td><\/tr><\/tbody><\/table><\/figure>\n\n\n\n<h3 class=\"wp-block-heading\"><span class=\"ez-toc-section\" id=\"Clasificacion_General\"><\/span><strong>Clasificaci\u00f3n General<\/strong><span class=\"ez-toc-section-end\"><\/span><\/h3>\n\n\n\n<figure class=\"wp-block-table is-style-stripes\"><table><tbody><tr><td><strong>PILOTO<\/strong><\/td><td><strong>EQUIPO<\/strong><\/td><td><strong>PUNTOS<\/strong><\/td><\/tr><tr><td>1. Jorge Mart\u00edn<\/td><td>DUCATI<\/td><td>200<\/td><\/tr><tr><td>2. &#8216;Pecco&#8217; Bagnaia<\/td><td>DUCATI<\/td><td>190<\/td><\/tr><tr><td>3. Marc M\u00e1rquez<\/td><td>DUCATI<\/td><td>142<\/td><\/tr><tr><td>4. Enea Bastianini<\/td><td>DUCATI<\/td><td>136<\/td><\/tr><tr><td>5. Maverick Vi\u00f1ales<\/td><td>APRILIA<\/td><td>117<\/td><\/tr><tr><td>6. Pedro Acosta<\/td><td>GASGAS<\/td><td>101<\/td><\/tr><tr><td>7.  Brad Binder<\/td><td>APRILIA<\/td><td>98<\/td><\/tr><tr><td>8. Aleix Espargar\u00f3<\/td><td>KTM<\/td><td>90<\/td><\/tr><tr><td>9. Fabio Di Giannantonio<\/td><td>DUCATI<\/td><td>82<\/td><\/tr><tr><td>10. \u00c1lex M\u00e1rquez<\/td><td>DUCATI<\/td><td>61<\/td><\/tr><tr><td>11. Marco Bezzecchi<\/td><td>DUCATI<\/td><td>45<\/td><\/tr><tr><td>12. Ra\u00fal Fern\u00e1ndez<\/td><td>APRILIA<\/td><td>39<\/td><\/tr><tr><td>13. Fabio Quartararo<\/td><td>YAMAHA<\/td><td>39<\/td><\/tr><tr><td>14. Franco Morbidelli<\/td><td>DUCATI<\/td><td>38<\/td><\/tr><tr><td>15. Jack Miller<\/td><td>KTM<\/td><td>32<\/td><\/tr><tr><td>16. Miguel Oliveira<\/td><td>APRILIA<\/td><td>32<\/td><\/tr><tr><td>17. Augusto Fern\u00e1ndez<\/td><td>GASGAS<\/td><td>15<\/td><\/tr><tr><td><strong>18. Joan Mir<\/strong><\/td><td><strong>REPSOL HONDA<\/strong><\/td><td><strong>13<\/strong><\/td><\/tr><tr><td>19. Johann Zarco<\/td><td>HONDA<\/td><td>12<\/td><\/tr><tr><td>20. \u00c1lex Rins<\/td><td>YAMAHA<\/td><td>8<\/td><\/tr><tr><td>21. Takaaki Nakagami<\/td><td>HONDA<\/td><td>8<\/td><\/tr><tr><td>22. Dani Pedrosa<\/td><td>KTM<\/td><td>7<\/td><\/tr><tr><td><strong>23. Luca Marini<\/strong><\/td><td><strong>REPSOL HONDA<\/strong><\/td><td><strong>0<\/strong><\/td><\/tr><\/tbody><\/table><\/figure>\n\n\n\n<p><\/p>\n\n\n\n<div id=\"83a7c61c-c496-48d3-9a77-93c75751f3a1\" class=\"br-slider-box\"><div class=\"wp-block-create-block-repsol-carousel br-slider\"><a target=\"_blank\" href=\"https:\/\/bxrepsol.s3.eu-west-1.amazonaws.com\/static\/2024\/06\/30130202\/182133651_0JR3280.jpg\" data-index=\"0\" rel=\"noopener\"><img decoding=\"async\" src=\"https:\/\/bxrepsol.s3.eu-west-1.amazonaws.com\/static\/2024\/06\/30130202\/182133651_0JR3280.jpg\"\/><\/a><a target=\"_blank\" href=\"https:\/\/bxrepsol.s3.eu-west-1.amazonaws.com\/static\/2024\/06\/30130204\/182140348_JRB3765.jpg\" data-index=\"1\" rel=\"noopener\"><img decoding=\"async\" src=\"https:\/\/bxrepsol.s3.eu-west-1.amazonaws.com\/static\/2024\/06\/30130204\/182140348_JRB3765.jpg\"\/><\/a><a target=\"_blank\" href=\"https:\/\/bxrepsol.s3.eu-west-1.amazonaws.com\/static\/2024\/06\/30130206\/182140407_JRB3800.jpg\" data-index=\"2\" rel=\"noopener\"><img decoding=\"async\" src=\"https:\/\/bxrepsol.s3.eu-west-1.amazonaws.com\/static\/2024\/06\/30130206\/182140407_JRB3800.jpg\"\/><\/a><a target=\"_blank\" href=\"https:\/\/bxrepsol.s3.eu-west-1.amazonaws.com\/static\/2024\/06\/30130208\/182140526_JRB3862.jpg\" data-index=\"3\" rel=\"noopener\"><img decoding=\"async\" src=\"https:\/\/bxrepsol.s3.eu-west-1.amazonaws.com\/static\/2024\/06\/30130208\/182140526_JRB3862.jpg\"\/><\/a><a target=\"_blank\" href=\"https:\/\/bxrepsol.s3.eu-west-1.amazonaws.com\/static\/2024\/06\/30130210\/182142650_JRB4494.jpg\" data-index=\"4\" rel=\"noopener\"><img decoding=\"async\" src=\"https:\/\/bxrepsol.s3.eu-west-1.amazonaws.com\/static\/2024\/06\/30130210\/182142650_JRB4494.jpg\"\/><\/a><\/div><div class=\"br-slider-buttons\"><button class=\"arrow rds-icon arrow--left rds-icon-Arrow_left\"><\/button><button class=\"arrow rds-icon arrow--right rds-icon-Arrow_right\"><\/button><\/div><\/div>\n\n\n\n<h2 class=\"wp-block-heading\"><span class=\"ez-toc-section\" id=\"Declaraciones\"><\/span><strong>Declaraciones<\/strong><span class=\"ez-toc-section-end\"><\/span><\/h2>\n\n\n\n<h3 class=\"wp-block-heading\"><span class=\"ez-toc-section\" id=\"Joan_Mir\"><\/span><strong>Joan Mir<\/strong><span class=\"ez-toc-section-end\"><\/span><\/h3>\n\n\n\n<p>\u00abDurante la salida, he hecho algunos progresos y me he situado en el grupo que luchaba por los diez primeros puestos. Estaba contento con mi velocidad y con separarme de los pilotos de detr\u00e1s, y mis sensaciones mejoraban con cada vuelta. Me he esforzado en el sector 1 para recuperar el tiempo que perd\u00eda en otras partes de la pista y en la curva tres me he inclinado demasiado y he perdido la adherencia de la parte delantera. Soy un piloto que siempre va a por m\u00e1s, y a veces esto significa que nos caemos. As\u00ed ha terminado nuestra carrera. Podemos ver las \u00e1reas en las que tenemos que trabajar durante el descanso\u00bb.<\/p>\n\n\n\n<h3 class=\"wp-block-heading\"><span class=\"ez-toc-section\" id=\"Luca_Marini\"><\/span><strong>Luca Marini<\/strong><span class=\"ez-toc-section-end\"><\/span><\/h3>\n\n\n\n<p>\u00abEste fin de semana hemos tenido bastante mala suerte; en la carrera de hoy ten\u00eda ritmo para luchar con Zarco. Augusto Fern\u00e1ndez me ha tocado al principio de la carrera y me he ido a la grava, perdiendo mucho tiempo. Creo que ten\u00eda potencial para acabar en los puntos. Est\u00e1 claro que tenemos que seguir trabajando y creo que una pista r\u00e1pida como Assen nos da una idea de cu\u00e1les son las \u00e1reas m\u00e1s cr\u00edticas. Es muy bueno tener Sachsenring ahora, para hacer una carrera mejor antes de otro par\u00f3n\u00bb.<\/p>\n","protected":false},"excerpt":{"rendered":"<p>Inapelable tercera victoria consecutiva en \u2018Pecco\u2019 Bagnaia en Assen<\/p>\n","protected":false},"author":43146,"featured_media":117460,"comment_status":"open","ping_status":"open","sticky":false,"template":"","format":"standard","meta":{"footnotes":""},"categories":[4],"tags":[75,271,422,434],"class_list":["post-117456","post","type-post","status-publish","format-standard","hentry","category-motogp","tag-gp-holanda","tag-joan-mir","tag-luca-marini","tag-motogp-2024"],"yoast_head":"<!-- This site is optimized with the Yoast SEO plugin v27.3 - https:\/\/yoast.com\/product\/yoast-seo-wordpress\/ -->\n<title>Resultados del GP de Holanda de MotoGP - Box Repsol<\/title>\n<meta name=\"description\" content=\"Cr\u00f3nica y resultados la carrera principal del GP de Holanda 2024 de MotoGP, celebrado en Assen.\" \/>\n<link rel=\"canonical\" href=\"https:\/\/www.boxrepsol.com\/es\/motogp\/resultados-del-gp-de-holanda-de-motogp-2024\/\" \/>\n<meta property=\"og:locale\" content=\"es_ES\" \/>\n<meta property=\"og:type\" content=\"article\" \/>\n<meta property=\"og:title\" content=\"Resultados del GP de Holanda de MotoGP - Box Repsol\" \/>\n<meta property=\"og:description\" content=\"Cr\u00f3nica y resultados la carrera principal del GP de Holanda 2024 de MotoGP, celebrado en Assen.\" \/>\n<meta property=\"og:url\" content=\"https:\/\/www.boxrepsol.com\/es\/motogp\/resultados-del-gp-de-holanda-de-motogp-2024\/\" \/>\n<meta property=\"og:site_name\" content=\"Box Repsol\" \/>\n<meta property=\"article:publisher\" content=\"https:\/\/www.facebook.com\/BoxRepsol\" \/>\n<meta property=\"article:author\" content=\"https:\/\/www.facebook.com\/BoxRepsol\/\" \/>\n<meta property=\"article:published_time\" content=\"2024-06-30T13:32:33+00:00\" \/>\n<meta property=\"article:modified_time\" content=\"2024-06-30T15:35:02+00:00\" \/>\n<meta property=\"og:image\" content=\"https:\/\/bxrepsol.s3.eu-west-1.amazonaws.com\/static\/2024\/06\/30113227\/lucar_marini_assen_sabado.jpg\" \/>\n\t<meta property=\"og:image:width\" content=\"1250\" \/>\n\t<meta property=\"og:image:height\" content=\"700\" \/>\n\t<meta property=\"og:image:type\" content=\"image\/jpeg\" \/>\n<meta name=\"author\" content=\"Redacci\u00f3n Box Repsol\" \/>\n<meta name=\"twitter:card\" content=\"summary_large_image\" \/>\n<meta name=\"twitter:creator\" content=\"@https:\/\/twitter.com\/box_repsol\" \/>\n<meta name=\"twitter:site\" content=\"@box_repsol\" \/>\n<meta name=\"twitter:label1\" content=\"Written by\" \/>\n\t<meta name=\"twitter:data1\" content=\"Redacci\u00f3n Box Repsol\" \/>\n\t<meta name=\"twitter:label2\" content=\"Est. reading time\" \/>\n\t<meta name=\"twitter:data2\" content=\"4 minutos\" \/>\n<script type=\"application\/ld+json\" class=\"yoast-schema-graph\">{\"@context\":\"https:\\\/\\\/schema.org\",\"@graph\":[{\"@type\":\"Article\",\"@id\":\"https:\\\/\\\/www.boxrepsol.com\\\/es\\\/motogp\\\/resultados-del-gp-de-holanda-de-motogp-2024\\\/#article\",\"isPartOf\":{\"@id\":\"https:\\\/\\\/www.boxrepsol.com\\\/es\\\/motogp\\\/resultados-del-gp-de-holanda-de-motogp-2024\\\/\"},\"author\":{\"name\":\"Redacci\u00f3n Box Repsol\",\"@id\":\"https:\\\/\\\/www.boxrepsol.com\\\/es\\\/#\\\/schema\\\/person\\\/c5c2138f2cca251b0ad92b7086bb60b7\"},\"headline\":\"Resultados del GP de Holanda de MotoGP\",\"datePublished\":\"2024-06-30T13:32:33+00:00\",\"dateModified\":\"2024-06-30T15:35:02+00:00\",\"mainEntityOfPage\":{\"@id\":\"https:\\\/\\\/www.boxrepsol.com\\\/es\\\/motogp\\\/resultados-del-gp-de-holanda-de-motogp-2024\\\/\"},\"wordCount\":787,\"commentCount\":0,\"publisher\":{\"@id\":\"https:\\\/\\\/www.boxrepsol.com\\\/es\\\/#organization\"},\"image\":{\"@id\":\"https:\\\/\\\/www.boxrepsol.com\\\/es\\\/motogp\\\/resultados-del-gp-de-holanda-de-motogp-2024\\\/#primaryimage\"},\"thumbnailUrl\":\"https:\\\/\\\/bxrepsol.s3.eu-west-1.amazonaws.com\\\/static\\\/2024\\\/06\\\/30113227\\\/lucar_marini_assen_sabado.jpg\",\"keywords\":[\"GP Holanda\",\"Joan Mir\",\"Luca Marini\",\"MotoGP 2024\"],\"articleSection\":[\"MotoGP\"],\"inLanguage\":\"es\",\"potentialAction\":[{\"@type\":\"CommentAction\",\"name\":\"Comment\",\"target\":[\"https:\\\/\\\/www.boxrepsol.com\\\/es\\\/motogp\\\/resultados-del-gp-de-holanda-de-motogp-2024\\\/#respond\"]}]},{\"@type\":\"WebPage\",\"@id\":\"https:\\\/\\\/www.boxrepsol.com\\\/es\\\/motogp\\\/resultados-del-gp-de-holanda-de-motogp-2024\\\/\",\"url\":\"https:\\\/\\\/www.boxrepsol.com\\\/es\\\/motogp\\\/resultados-del-gp-de-holanda-de-motogp-2024\\\/\",\"name\":\"Resultados del GP de Holanda de MotoGP - Box Repsol\",\"isPartOf\":{\"@id\":\"https:\\\/\\\/www.boxrepsol.com\\\/es\\\/#website\"},\"primaryImageOfPage\":{\"@id\":\"https:\\\/\\\/www.boxrepsol.com\\\/es\\\/motogp\\\/resultados-del-gp-de-holanda-de-motogp-2024\\\/#primaryimage\"},\"image\":{\"@id\":\"https:\\\/\\\/www.boxrepsol.com\\\/es\\\/motogp\\\/resultados-del-gp-de-holanda-de-motogp-2024\\\/#primaryimage\"},\"thumbnailUrl\":\"https:\\\/\\\/bxrepsol.s3.eu-west-1.amazonaws.com\\\/static\\\/2024\\\/06\\\/30113227\\\/lucar_marini_assen_sabado.jpg\",\"datePublished\":\"2024-06-30T13:32:33+00:00\",\"dateModified\":\"2024-06-30T15:35:02+00:00\",\"description\":\"Cr\u00f3nica y resultados la carrera principal del GP de Holanda 2024 de MotoGP, celebrado en Assen.\",\"breadcrumb\":{\"@id\":\"https:\\\/\\\/www.boxrepsol.com\\\/es\\\/motogp\\\/resultados-del-gp-de-holanda-de-motogp-2024\\\/#breadcrumb\"},\"inLanguage\":\"es\",\"potentialAction\":[{\"@type\":\"ReadAction\",\"target\":[\"https:\\\/\\\/www.boxrepsol.com\\\/es\\\/motogp\\\/resultados-del-gp-de-holanda-de-motogp-2024\\\/\"]}]},{\"@type\":\"ImageObject\",\"inLanguage\":\"es\",\"@id\":\"https:\\\/\\\/www.boxrepsol.com\\\/es\\\/motogp\\\/resultados-del-gp-de-holanda-de-motogp-2024\\\/#primaryimage\",\"url\":\"https:\\\/\\\/bxrepsol.s3.eu-west-1.amazonaws.com\\\/static\\\/2024\\\/06\\\/30113227\\\/lucar_marini_assen_sabado.jpg\",\"contentUrl\":\"https:\\\/\\\/bxrepsol.s3.eu-west-1.amazonaws.com\\\/static\\\/2024\\\/06\\\/30113227\\\/lucar_marini_assen_sabado.jpg\",\"width\":1250,\"height\":700},{\"@type\":\"BreadcrumbList\",\"@id\":\"https:\\\/\\\/www.boxrepsol.com\\\/es\\\/motogp\\\/resultados-del-gp-de-holanda-de-motogp-2024\\\/#breadcrumb\",\"itemListElement\":[{\"@type\":\"ListItem\",\"position\":1,\"name\":\"Home\",\"item\":\"https:\\\/\\\/www.boxrepsol.com\\\/es\\\/\"},{\"@type\":\"ListItem\",\"position\":2,\"name\":\"Resultados del GP de Holanda de MotoGP\"}]},{\"@type\":\"WebSite\",\"@id\":\"https:\\\/\\\/www.boxrepsol.com\\\/es\\\/#website\",\"url\":\"https:\\\/\\\/www.boxrepsol.com\\\/es\\\/\",\"name\":\"Box Repsol\",\"description\":\"Box Repsol Site\",\"publisher\":{\"@id\":\"https:\\\/\\\/www.boxrepsol.com\\\/es\\\/#organization\"},\"potentialAction\":[{\"@type\":\"SearchAction\",\"target\":{\"@type\":\"EntryPoint\",\"urlTemplate\":\"https:\\\/\\\/www.boxrepsol.com\\\/es\\\/?s={search_term_string}\"},\"query-input\":{\"@type\":\"PropertyValueSpecification\",\"valueRequired\":true,\"valueName\":\"search_term_string\"}}],\"inLanguage\":\"es\"},{\"@type\":\"Organization\",\"@id\":\"https:\\\/\\\/www.boxrepsol.com\\\/es\\\/#organization\",\"name\":\"Box Repsol\",\"url\":\"https:\\\/\\\/www.boxrepsol.com\\\/es\\\/\",\"logo\":{\"@type\":\"ImageObject\",\"inLanguage\":\"es\",\"@id\":\"https:\\\/\\\/www.boxrepsol.com\\\/es\\\/#\\\/schema\\\/logo\\\/image\\\/\",\"url\":\"https:\\\/\\\/bxrepsol.s3.eu-west-1.amazonaws.com\\\/static\\\/2025\\\/07\\\/30083337\\\/favicon-96x96-1.png\",\"contentUrl\":\"https:\\\/\\\/bxrepsol.s3.eu-west-1.amazonaws.com\\\/static\\\/2025\\\/07\\\/30083337\\\/favicon-96x96-1.png\",\"width\":96,\"height\":96,\"caption\":\"Box Repsol\"},\"image\":{\"@id\":\"https:\\\/\\\/www.boxrepsol.com\\\/es\\\/#\\\/schema\\\/logo\\\/image\\\/\"},\"sameAs\":[\"https:\\\/\\\/www.facebook.com\\\/BoxRepsol\",\"https:\\\/\\\/x.com\\\/box_repsol\",\"http:\\\/\\\/instagram.com\\\/box_repsol\",\"https:\\\/\\\/www.youtube.com\\\/user\\\/RepsolCompeticion\",\"https:\\\/\\\/www.flickr.com\\\/photos\\\/box_repsol\\\/\"]},{\"@type\":\"Person\",\"@id\":\"https:\\\/\\\/www.boxrepsol.com\\\/es\\\/#\\\/schema\\\/person\\\/c5c2138f2cca251b0ad92b7086bb60b7\",\"name\":\"Redacci\u00f3n Box Repsol\",\"image\":{\"@type\":\"ImageObject\",\"inLanguage\":\"es\",\"@id\":\"https:\\\/\\\/secure.gravatar.com\\\/avatar\\\/adf7b77e38b4419baf32c7e9c21dde01f4e40df611f0978e3006fc4ba0aaab7e?s=96&d=mm&r=g\",\"url\":\"https:\\\/\\\/secure.gravatar.com\\\/avatar\\\/adf7b77e38b4419baf32c7e9c21dde01f4e40df611f0978e3006fc4ba0aaab7e?s=96&d=mm&r=g\",\"contentUrl\":\"https:\\\/\\\/secure.gravatar.com\\\/avatar\\\/adf7b77e38b4419baf32c7e9c21dde01f4e40df611f0978e3006fc4ba0aaab7e?s=96&d=mm&r=g\",\"caption\":\"Redacci\u00f3n Box Repsol\"},\"description\":\"Box Repsol lo forma un equipo de periodistas, community managers, dise\u00f1adores y fot\u00f3grafos con m\u00e1s de 20 a\u00f1os de experiencia en el mundo del motorsport. Hemos vivido el primer mundial de un espa\u00f1ol en la categor\u00eda reina de motociclismo con \u00c1lex Crivill\u00e9, estuvimos en las victorias de Pedrosa y los t\u00edtulos de M\u00e1rquez, acompa\u00f1amos en \u00c1frica a Nani Roma y Marc Coma en sus conquistas del Dakar y hemos vibrado con los t\u00edtulos de Toni Bou en Trial. Adem\u00e1s, en nuestro equipo contamos con expertos en el mundo de las dos y cuatro ruedas tanto de la calle y las carreteras, como de los circuitos. Periodistas que han trabajado en revistas y publicaciones para hacerte llegar desde rutas y consejos de mantenimiento, a curiosidades y trucos de pilotaje.\",\"sameAs\":[\"https:\\\/\\\/www.facebook.com\\\/BoxRepsol\\\/\",\"https:\\\/\\\/www.instagram.com\\\/box_repsol\\\/\",\"https:\\\/\\\/x.com\\\/https:\\\/\\\/twitter.com\\\/box_repsol\",\"https:\\\/\\\/www.youtube.com\\\/@Boxrepsol\"],\"url\":\"https:\\\/\\\/www.boxrepsol.com\\\/es\\\/author\\\/redaccion-box-repsol\\\/\"}]}<\/script>\n<!-- \/ Yoast SEO plugin. -->","yoast_head_json":{"title":"Resultados del GP de Holanda de MotoGP - Box Repsol","description":"Cr\u00f3nica y resultados la carrera principal del GP de Holanda 2024 de MotoGP, celebrado en Assen.","canonical":"https:\/\/www.boxrepsol.com\/es\/motogp\/resultados-del-gp-de-holanda-de-motogp-2024\/","og_locale":"es_ES","og_type":"article","og_title":"Resultados del GP de Holanda de MotoGP - Box Repsol","og_description":"Cr\u00f3nica y resultados la carrera principal del GP de Holanda 2024 de MotoGP, celebrado en Assen.","og_url":"https:\/\/www.boxrepsol.com\/es\/motogp\/resultados-del-gp-de-holanda-de-motogp-2024\/","og_site_name":"Box Repsol","article_publisher":"https:\/\/www.facebook.com\/BoxRepsol","article_author":"https:\/\/www.facebook.com\/BoxRepsol\/","article_published_time":"2024-06-30T13:32:33+00:00","article_modified_time":"2024-06-30T15:35:02+00:00","og_image":[{"width":1250,"height":700,"url":"https:\/\/bxrepsol.s3.eu-west-1.amazonaws.com\/static\/2024\/06\/30113227\/lucar_marini_assen_sabado.jpg","type":"image\/jpeg"}],"author":"Redacci\u00f3n Box Repsol","twitter_card":"summary_large_image","twitter_creator":"@https:\/\/twitter.com\/box_repsol","twitter_site":"@box_repsol","twitter_misc":{"Written by":"Redacci\u00f3n Box Repsol","Est. reading time":"4 minutos"},"schema":{"@context":"https:\/\/schema.org","@graph":[{"@type":"Article","@id":"https:\/\/www.boxrepsol.com\/es\/motogp\/resultados-del-gp-de-holanda-de-motogp-2024\/#article","isPartOf":{"@id":"https:\/\/www.boxrepsol.com\/es\/motogp\/resultados-del-gp-de-holanda-de-motogp-2024\/"},"author":{"name":"Redacci\u00f3n Box Repsol","@id":"https:\/\/www.boxrepsol.com\/es\/#\/schema\/person\/c5c2138f2cca251b0ad92b7086bb60b7"},"headline":"Resultados del GP de Holanda de MotoGP","datePublished":"2024-06-30T13:32:33+00:00","dateModified":"2024-06-30T15:35:02+00:00","mainEntityOfPage":{"@id":"https:\/\/www.boxrepsol.com\/es\/motogp\/resultados-del-gp-de-holanda-de-motogp-2024\/"},"wordCount":787,"commentCount":0,"publisher":{"@id":"https:\/\/www.boxrepsol.com\/es\/#organization"},"image":{"@id":"https:\/\/www.boxrepsol.com\/es\/motogp\/resultados-del-gp-de-holanda-de-motogp-2024\/#primaryimage"},"thumbnailUrl":"https:\/\/bxrepsol.s3.eu-west-1.amazonaws.com\/static\/2024\/06\/30113227\/lucar_marini_assen_sabado.jpg","keywords":["GP Holanda","Joan Mir","Luca Marini","MotoGP 2024"],"articleSection":["MotoGP"],"inLanguage":"es","potentialAction":[{"@type":"CommentAction","name":"Comment","target":["https:\/\/www.boxrepsol.com\/es\/motogp\/resultados-del-gp-de-holanda-de-motogp-2024\/#respond"]}]},{"@type":"WebPage","@id":"https:\/\/www.boxrepsol.com\/es\/motogp\/resultados-del-gp-de-holanda-de-motogp-2024\/","url":"https:\/\/www.boxrepsol.com\/es\/motogp\/resultados-del-gp-de-holanda-de-motogp-2024\/","name":"Resultados del GP de Holanda de MotoGP - Box Repsol","isPartOf":{"@id":"https:\/\/www.boxrepsol.com\/es\/#website"},"primaryImageOfPage":{"@id":"https:\/\/www.boxrepsol.com\/es\/motogp\/resultados-del-gp-de-holanda-de-motogp-2024\/#primaryimage"},"image":{"@id":"https:\/\/www.boxrepsol.com\/es\/motogp\/resultados-del-gp-de-holanda-de-motogp-2024\/#primaryimage"},"thumbnailUrl":"https:\/\/bxrepsol.s3.eu-west-1.amazonaws.com\/static\/2024\/06\/30113227\/lucar_marini_assen_sabado.jpg","datePublished":"2024-06-30T13:32:33+00:00","dateModified":"2024-06-30T15:35:02+00:00","description":"Cr\u00f3nica y resultados la carrera principal del GP de Holanda 2024 de MotoGP, celebrado en Assen.","breadcrumb":{"@id":"https:\/\/www.boxrepsol.com\/es\/motogp\/resultados-del-gp-de-holanda-de-motogp-2024\/#breadcrumb"},"inLanguage":"es","potentialAction":[{"@type":"ReadAction","target":["https:\/\/www.boxrepsol.com\/es\/motogp\/resultados-del-gp-de-holanda-de-motogp-2024\/"]}]},{"@type":"ImageObject","inLanguage":"es","@id":"https:\/\/www.boxrepsol.com\/es\/motogp\/resultados-del-gp-de-holanda-de-motogp-2024\/#primaryimage","url":"https:\/\/bxrepsol.s3.eu-west-1.amazonaws.com\/static\/2024\/06\/30113227\/lucar_marini_assen_sabado.jpg","contentUrl":"https:\/\/bxrepsol.s3.eu-west-1.amazonaws.com\/static\/2024\/06\/30113227\/lucar_marini_assen_sabado.jpg","width":1250,"height":700},{"@type":"BreadcrumbList","@id":"https:\/\/www.boxrepsol.com\/es\/motogp\/resultados-del-gp-de-holanda-de-motogp-2024\/#breadcrumb","itemListElement":[{"@type":"ListItem","position":1,"name":"Home","item":"https:\/\/www.boxrepsol.com\/es\/"},{"@type":"ListItem","position":2,"name":"Resultados del GP de Holanda de MotoGP"}]},{"@type":"WebSite","@id":"https:\/\/www.boxrepsol.com\/es\/#website","url":"https:\/\/www.boxrepsol.com\/es\/","name":"Box Repsol","description":"Box Repsol Site","publisher":{"@id":"https:\/\/www.boxrepsol.com\/es\/#organization"},"potentialAction":[{"@type":"SearchAction","target":{"@type":"EntryPoint","urlTemplate":"https:\/\/www.boxrepsol.com\/es\/?s={search_term_string}"},"query-input":{"@type":"PropertyValueSpecification","valueRequired":true,"valueName":"search_term_string"}}],"inLanguage":"es"},{"@type":"Organization","@id":"https:\/\/www.boxrepsol.com\/es\/#organization","name":"Box Repsol","url":"https:\/\/www.boxrepsol.com\/es\/","logo":{"@type":"ImageObject","inLanguage":"es","@id":"https:\/\/www.boxrepsol.com\/es\/#\/schema\/logo\/image\/","url":"https:\/\/bxrepsol.s3.eu-west-1.amazonaws.com\/static\/2025\/07\/30083337\/favicon-96x96-1.png","contentUrl":"https:\/\/bxrepsol.s3.eu-west-1.amazonaws.com\/static\/2025\/07\/30083337\/favicon-96x96-1.png","width":96,"height":96,"caption":"Box Repsol"},"image":{"@id":"https:\/\/www.boxrepsol.com\/es\/#\/schema\/logo\/image\/"},"sameAs":["https:\/\/www.facebook.com\/BoxRepsol","https:\/\/x.com\/box_repsol","http:\/\/instagram.com\/box_repsol","https:\/\/www.youtube.com\/user\/RepsolCompeticion","https:\/\/www.flickr.com\/photos\/box_repsol\/"]},{"@type":"Person","@id":"https:\/\/www.boxrepsol.com\/es\/#\/schema\/person\/c5c2138f2cca251b0ad92b7086bb60b7","name":"Redacci\u00f3n Box Repsol","image":{"@type":"ImageObject","inLanguage":"es","@id":"https:\/\/secure.gravatar.com\/avatar\/adf7b77e38b4419baf32c7e9c21dde01f4e40df611f0978e3006fc4ba0aaab7e?s=96&d=mm&r=g","url":"https:\/\/secure.gravatar.com\/avatar\/adf7b77e38b4419baf32c7e9c21dde01f4e40df611f0978e3006fc4ba0aaab7e?s=96&d=mm&r=g","contentUrl":"https:\/\/secure.gravatar.com\/avatar\/adf7b77e38b4419baf32c7e9c21dde01f4e40df611f0978e3006fc4ba0aaab7e?s=96&d=mm&r=g","caption":"Redacci\u00f3n Box Repsol"},"description":"Box Repsol lo forma un equipo de periodistas, community managers, dise\u00f1adores y fot\u00f3grafos con m\u00e1s de 20 a\u00f1os de experiencia en el mundo del motorsport. Hemos vivido el primer mundial de un espa\u00f1ol en la categor\u00eda reina de motociclismo con \u00c1lex Crivill\u00e9, estuvimos en las victorias de Pedrosa y los t\u00edtulos de M\u00e1rquez, acompa\u00f1amos en \u00c1frica a Nani Roma y Marc Coma en sus conquistas del Dakar y hemos vibrado con los t\u00edtulos de Toni Bou en Trial. Adem\u00e1s, en nuestro equipo contamos con expertos en el mundo de las dos y cuatro ruedas tanto de la calle y las carreteras, como de los circuitos. Periodistas que han trabajado en revistas y publicaciones para hacerte llegar desde rutas y consejos de mantenimiento, a curiosidades y trucos de pilotaje.","sameAs":["https:\/\/www.facebook.com\/BoxRepsol\/","https:\/\/www.instagram.com\/box_repsol\/","https:\/\/x.com\/https:\/\/twitter.com\/box_repsol","https:\/\/www.youtube.com\/@Boxrepsol"],"url":"https:\/\/www.boxrepsol.com\/es\/author\/redaccion-box-repsol\/"}]}},"_links":{"self":[{"href":"https:\/\/www.boxrepsol.com\/es\/wp-json\/wp\/v2\/posts\/117456","targetHints":{"allow":["GET"]}}],"collection":[{"href":"https:\/\/www.boxrepsol.com\/es\/wp-json\/wp\/v2\/posts"}],"about":[{"href":"https:\/\/www.boxrepsol.com\/es\/wp-json\/wp\/v2\/types\/post"}],"author":[{"embeddable":true,"href":"https:\/\/www.boxrepsol.com\/es\/wp-json\/wp\/v2\/users\/43146"}],"replies":[{"embeddable":true,"href":"https:\/\/www.boxrepsol.com\/es\/wp-json\/wp\/v2\/comments?post=117456"}],"version-history":[{"count":6,"href":"https:\/\/www.boxrepsol.com\/es\/wp-json\/wp\/v2\/posts\/117456\/revisions"}],"predecessor-version":[{"id":117482,"href":"https:\/\/www.boxrepsol.com\/es\/wp-json\/wp\/v2\/posts\/117456\/revisions\/117482"}],"wp:featuredmedia":[{"embeddable":true,"href":"https:\/\/www.boxrepsol.com\/es\/wp-json\/wp\/v2\/media\/117460"}],"wp:attachment":[{"href":"https:\/\/www.boxrepsol.com\/es\/wp-json\/wp\/v2\/media?parent=117456"}],"wp:term":[{"taxonomy":"category","embeddable":true,"href":"https:\/\/www.boxrepsol.com\/es\/wp-json\/wp\/v2\/categories?post=117456"},{"taxonomy":"post_tag","embeddable":true,"href":"https:\/\/www.boxrepsol.com\/es\/wp-json\/wp\/v2\/tags?post=117456"}],"curies":[{"name":"wp","href":"https:\/\/api.w.org\/{rel}","templated":true}]}}