{"id":117348,"date":"2024-06-25T09:09:46","date_gmt":"2024-06-25T11:09:46","guid":{"rendered":"https:\/\/www.boxrepsol.com\/?p=117348"},"modified":"2025-07-23T07:52:55","modified_gmt":"2025-07-23T09:52:55","slug":"que-es-el-cebreado-carretera","status":"publish","type":"post","link":"https:\/\/www.boxrepsol.com\/es\/cultura-motera\/que-es-el-cebreado-carretera\/","title":{"rendered":"Cebreado: qu\u00e9 es y qu\u00e9 veh\u00edculos pueden circular por este"},"content":{"rendered":"<figure class=\"wp-block-post-featured-image\"><img loading=\"lazy\" decoding=\"async\" width=\"700\" height=\"350\" src=\"https:\/\/bxrepsol.s3.eu-west-1.amazonaws.com\/static\/2024\/06\/25090902\/aerial-top-view-road-city-junction-city-traffic-cars-road.png\" class=\"attachment-post-thumbnail size-post-thumbnail wp-post-image\" alt=\"\" style=\"object-fit:cover;\" srcset=\"https:\/\/bxrepsol.s3.eu-west-1.amazonaws.com\/static\/2024\/06\/25090902\/aerial-top-view-road-city-junction-city-traffic-cars-road.png 700w, https:\/\/bxrepsol.s3.eu-west-1.amazonaws.com\/static\/2024\/06\/25090902\/aerial-top-view-road-city-junction-city-traffic-cars-road-300x150.png 300w\" sizes=\"auto, (max-width: 700px) 100vw, 700px\" \/><\/figure>\n\n\n<p>El <strong>cebreado<\/strong> puede que sea una de las <strong>marcas viales<\/strong> <strong>que con mayor frecuencia nos encontramos<\/strong> en las <a href=\"https:\/\/www.boxrepsol.com\/es\/vive-tu-moto\/las-mejores-carreteras-para-ir-en-moto-por-espana\/\">carreteras espa\u00f1olas<\/a>, pero no siempre nos paramos a pensar por qu\u00e9 se ha pintado de esta forma y qu\u00e9 sentido tiene esta se\u00f1al vial.<\/p>\n\n\n\n<p><\/p>\n\n\n\n<div id=\"ez-toc-container\" class=\"ez-toc-v2_0_82_2 counter-hierarchy ez-toc-counter ez-toc-grey ez-toc-container-direction\">\n<div class=\"ez-toc-title-container\">\n<p class=\"ez-toc-title\" style=\"cursor:inherit\">\u00cdndice<\/p>\n<span class=\"ez-toc-title-toggle\"><a href=\"#\" class=\"ez-toc-pull-right ez-toc-btn ez-toc-btn-xs ez-toc-btn-default ez-toc-toggle\" aria-label=\"Toggle Table of Content\"><span class=\"ez-toc-js-icon-con\"><span class=\"\"><span class=\"eztoc-hide\" style=\"display:none;\">Toggle<\/span><span class=\"ez-toc-icon-toggle-span\"><svg style=\"fill: #999;color:#999\" xmlns=\"http:\/\/www.w3.org\/2000\/svg\" class=\"list-377408\" width=\"20px\" height=\"20px\" viewBox=\"0 0 24 24\" fill=\"none\"><path d=\"M6 6H4v2h2V6zm14 0H8v2h12V6zM4 11h2v2H4v-2zm16 0H8v2h12v-2zM4 16h2v2H4v-2zm16 0H8v2h12v-2z\" fill=\"currentColor\"><\/path><\/svg><svg style=\"fill: #999;color:#999\" class=\"arrow-unsorted-368013\" xmlns=\"http:\/\/www.w3.org\/2000\/svg\" width=\"10px\" height=\"10px\" viewBox=\"0 0 24 24\" version=\"1.2\" baseProfile=\"tiny\"><path d=\"M18.2 9.3l-6.2-6.3-6.2 6.3c-.2.2-.3.4-.3.7s.1.5.3.7c.2.2.4.3.7.3h11c.3 0 .5-.1.7-.3.2-.2.3-.5.3-.7s-.1-.5-.3-.7zM5.8 14.7l6.2 6.3 6.2-6.3c.2-.2.3-.5.3-.7s-.1-.5-.3-.7c-.2-.2-.4-.3-.7-.3h-11c-.3 0-.5.1-.7.3-.2.2-.3.5-.3.7s.1.5.3.7z\"\/><\/svg><\/span><\/span><\/span><\/a><\/span><\/div>\n<nav><ul class='ez-toc-list ez-toc-list-level-1 ' ><li class='ez-toc-page-1 ez-toc-heading-level-2'><a class=\"ez-toc-link ez-toc-heading-1\" href=\"https:\/\/www.boxrepsol.com\/es\/cultura-motera\/que-es-el-cebreado-carretera\/#%C2%BFQue_es_el_cebreado_de_la_carretera\" >\u00bfQu\u00e9 es el cebreado de la carretera?<\/a><\/li><li class='ez-toc-page-1 ez-toc-heading-level-2'><a class=\"ez-toc-link ez-toc-heading-2\" href=\"https:\/\/www.boxrepsol.com\/es\/cultura-motera\/que-es-el-cebreado-carretera\/#Preguntas_frecuentes_sobre_el_cebreado\" >Preguntas frecuentes sobre el cebreado<\/a><ul class='ez-toc-list-level-3' ><li class='ez-toc-heading-level-3'><a class=\"ez-toc-link ez-toc-heading-3\" href=\"https:\/\/www.boxrepsol.com\/es\/cultura-motera\/que-es-el-cebreado-carretera\/#%C2%BFSe_puede_pisar_la_zona_de_cebreado\" >\u00bfSe puede pisar la zona de cebreado?<\/a><\/li><li class='ez-toc-page-1 ez-toc-heading-level-3'><a class=\"ez-toc-link ez-toc-heading-4\" href=\"https:\/\/www.boxrepsol.com\/es\/cultura-motera\/que-es-el-cebreado-carretera\/#Si_conduce_un_ciclomotor_%C2%BFle_esta_permitido_circular_por_este_cebreado\" >Si conduce un ciclomotor, \u00bfle est\u00e1 permitido circular por este cebreado?<\/a><\/li><\/ul><\/li><\/ul><\/nav><\/div>\n<h2 class=\"wp-block-heading\"><span class=\"ez-toc-section\" id=\"%C2%BFQue_es_el_cebreado_de_la_carretera\"><\/span><strong>\u00bfQu\u00e9 es el cebreado de la carretera?<\/strong><span class=\"ez-toc-section-end\"><\/span><\/h2>\n\n\n\n<p>El cebreado es un <strong>tramo de carretera<\/strong> demarcado por una l\u00ednea continua blanca en cuyo interior se encuentran enmarcadas unas <strong>franjas convergentes<\/strong> entre s\u00ed de forma sim\u00e9trica.<\/p>\n\n\n\n<p>El objetivo de esta se\u00f1alizaci\u00f3n es <strong>remarcar la visibilidad de las zonas del pavimento que est\u00e1 excluida al tr\u00e1fico<\/strong>, es decir, por donde <strong>no se debe circular<\/strong>. Este tipo de se\u00f1alizaci\u00f3n puede estar presente tanto en las zonas urbanas como en <a href=\"https:\/\/www.boxrepsol.com\/es\/cultura-motera\/vias-interurbanas\/\">carreteras interurbanas<\/a>.<\/p>\n\n\n\n<figure class=\"wp-block-image size-full\"><img loading=\"lazy\" decoding=\"async\" width=\"600\" height=\"400\" src=\"https:\/\/bxrepsol.s3.eu-west-1.amazonaws.com\/static\/2024\/06\/25090916\/cars-driving-street-aerial-view.png\" alt=\"\" class=\"wp-image-117352\" srcset=\"https:\/\/bxrepsol.s3.eu-west-1.amazonaws.com\/static\/2024\/06\/25090916\/cars-driving-street-aerial-view.png 600w, https:\/\/bxrepsol.s3.eu-west-1.amazonaws.com\/static\/2024\/06\/25090916\/cars-driving-street-aerial-view-300x200.png 300w\" sizes=\"auto, (max-width: 600px) 100vw, 600px\" \/><\/figure>\n\n\n\n<p><\/p>\n\n\n\n<p>El dise\u00f1o del cebreado es muy b\u00e1sico y las l\u00edneas convergentes, en forma de flecha, <strong>ayudan a orientar al conductor<\/strong> porque le indican el sentido de la marcha.<\/p>\n\n\n\n<p>Como todas las marcas y se\u00f1ales viales, el cebreado tiene una <strong>normativa muy estricta en cuanto a su uso, medidas y trazos<\/strong>. Estos var\u00edan dependiendo de si est\u00e1n situados en una carretera urbana, interurbana, si es una carretera con doble sentido o cualquier otro tipo de v\u00eda. Por lo general se suelen usar para marcar las bifurcaciones de los carriles en las intersecciones de carreteras o en <a href=\"https:\/\/www.boxrepsol.com\/es\/cultura-motera\/que-es-un-carril-de-aceleracion\/\">las incorporaciones de v\u00edas<\/a> o carriles laterales a una v\u00eda principal.<\/p>\n\n\n\n<p><\/p>\n\n\n\n<p><\/p>\n\n\n\n<h2 class=\"wp-block-heading\"><span class=\"ez-toc-section\" id=\"Preguntas_frecuentes_sobre_el_cebreado\"><\/span><strong>Preguntas frecuentes sobre el cebreado<\/strong> <span class=\"ez-toc-section-end\"><\/span><\/h2>\n\n\n\n<p>Aunque no es un concepto dif\u00edcil de diferenciar, <strong>a veces surgen dudas acerca de esta se\u00f1al vial.<\/strong> De hecho, ya de entrada no hay que confundir el cebreado con los pasos de cebra o de peatones, o los pasos ciclistas, que son otro tipo de se\u00f1al vial de similares caracter\u00edsticas, pero con un uso totalmente diferente.<\/p>\n\n\n\n<figure class=\"wp-block-image size-full\"><img loading=\"lazy\" decoding=\"async\" width=\"600\" height=\"400\" src=\"https:\/\/bxrepsol.s3.eu-west-1.amazonaws.com\/static\/2024\/06\/25090923\/airport-with-bridges.png\" alt=\"\" class=\"wp-image-117354\" srcset=\"https:\/\/bxrepsol.s3.eu-west-1.amazonaws.com\/static\/2024\/06\/25090923\/airport-with-bridges.png 600w, https:\/\/bxrepsol.s3.eu-west-1.amazonaws.com\/static\/2024\/06\/25090923\/airport-with-bridges-300x200.png 300w\" sizes=\"auto, (max-width: 600px) 100vw, 600px\" \/><\/figure>\n\n\n\n<p><\/p>\n\n\n\n<p><\/p>\n\n\n\n<h3 class=\"wp-block-heading\"><span class=\"ez-toc-section\" id=\"%C2%BFSe_puede_pisar_la_zona_de_cebreado\"><\/span><strong>\u00bfSe puede pisar la zona de cebreado?<\/strong><span class=\"ez-toc-section-end\"><\/span><\/h3>\n\n\n\n<p><strong>El cebreado de la carretera no se puede pisar<\/strong>. Al circular, no se podr\u00e1 penetrar en dicha zona, incluso cuando se trate de \u00e1reas grandes, que por sus dimensiones no han sido pintadas en su totalidad. En ocasiones, en <a href=\"https:\/\/www.boxrepsol.com\/es\/cultura-motera\/conoce-el-protocolo-pas\/\">situaciones de emergencia<\/a>, el cebreado se emplea por veh\u00edculos que han tenido que detenerse al sufrir alg\u00fan tipo de incidencia o problema t\u00e9cnico. En ese caso adentrarse en el cebreado no es objeto de sanci\u00f3n.<\/p>\n\n\n\n<p>Los conductores, al ver las rayas, <strong>deber\u00e1n saber que no pueden penetrar en dicha zona<\/strong>. Aun as\u00ed, cuando el \u00e1rea sea grande y no se considere que sea peligroso, podr\u00e1 haber partes sin trazado, pero se entender\u00e1 que forma parte del conjunto.<\/p>\n\n\n\n<figure class=\"wp-block-image size-full\"><img loading=\"lazy\" decoding=\"async\" width=\"600\" height=\"400\" src=\"https:\/\/bxrepsol.s3.eu-west-1.amazonaws.com\/static\/2024\/06\/25090924\/deep-road.png\" alt=\"\" class=\"wp-image-117356\" srcset=\"https:\/\/bxrepsol.s3.eu-west-1.amazonaws.com\/static\/2024\/06\/25090924\/deep-road.png 600w, https:\/\/bxrepsol.s3.eu-west-1.amazonaws.com\/static\/2024\/06\/25090924\/deep-road-300x200.png 300w\" sizes=\"auto, (max-width: 600px) 100vw, 600px\" \/><\/figure>\n\n\n\n<p>La \u00fanica excepci\u00f3n a la circulaci\u00f3n sobre el cebreado lo constituyen los <strong>veh\u00edculos que est\u00e1n obligados a circular por el arc\u00e9n<\/strong>. En ese caso, estos s\u00ed pueden atravesar el cebreado. Esto hace referencia exclusivamente a veh\u00edculos de tracci\u00f3n animal, bicicletas, ciclomotores, veh\u00edculos de movilidad personal y veh\u00edculos para personas de movilidad reducida.<\/p>\n\n\n\n<p><\/p>\n\n\n\n<p><\/p>\n\n\n\n<h3 class=\"wp-block-heading\"><span class=\"ez-toc-section\" id=\"Si_conduce_un_ciclomotor_%C2%BFle_esta_permitido_circular_por_este_cebreado\"><\/span><strong>Si conduce un ciclomotor, \u00bfle est\u00e1 permitido circular por este cebreado?<\/strong><span class=\"ez-toc-section-end\"><\/span><\/h3>\n\n\n\n<p>Como decimos, el cebreado es aquella zona de la <strong>v\u00eda que est\u00e1 excluida al tr\u00e1fico de veh\u00edculos,<\/strong> en la que \u00fanicamente podr\u00e1n entrar los veh\u00edculos obligados a circular por el arc\u00e9n, como es el caso de <a href=\"https:\/\/www.boxrepsol.com\/es\/vive-tu-moto\/todo-lo-que-necesitas-saber-sobre-ciclomotores-en-espana\/\">los ciclomotores<\/a>. Por tanto, estos veh\u00edculos podr\u00e1n entrar y atravesar el cebreado en caso de necesidad, <strong>pero en ning\u00fan caso realizar una parada o estacionamiento en este punto.<\/strong><\/p>\n","protected":false},"excerpt":{"rendered":"<p>Una de las marcas viales m\u00e1s comunes que nos encontramos es el cebreado. Pero, \u00bfpor qu\u00e9 se emplea este dibujo y cu\u00e1l es su objetivo?<\/p>\n","protected":false},"author":41268,"featured_media":117350,"comment_status":"open","ping_status":"open","sticky":false,"template":"","format":"standard","meta":{"footnotes":""},"categories":[160],"tags":[585,425],"class_list":["post-117348","post","type-post","status-publish","format-standard","hentry","category-cultura-motera","tag-conduccion","tag-consejos-de-trafico"],"yoast_head":"<!-- This site is optimized with the Yoast SEO plugin v27.3 - https:\/\/yoast.com\/product\/yoast-seo-wordpress\/ -->\n<title>\u00bfQu\u00e9 es el cebreado y qui\u00e9n puede circular por este? - Box Repsol<\/title>\n<meta name=\"description\" content=\"Descubre qu\u00e9 es el cebreado de la carretera, su significado y c\u00f3mo afecta a conductores. Aprende las normas y la importancia de respetarlo.\" \/>\n<link rel=\"canonical\" href=\"https:\/\/www.boxrepsol.com\/es\/cultura-motera\/que-es-el-cebreado-carretera\/\" \/>\n<meta property=\"og:locale\" content=\"es_ES\" \/>\n<meta property=\"og:type\" content=\"article\" \/>\n<meta property=\"og:title\" content=\"\u00bfQu\u00e9 es el cebreado y qui\u00e9n puede circular por este? - Box Repsol\" \/>\n<meta property=\"og:description\" content=\"Descubre qu\u00e9 es el cebreado de la carretera, su significado y c\u00f3mo afecta a conductores. Aprende las normas y la importancia de respetarlo.\" \/>\n<meta property=\"og:url\" content=\"https:\/\/www.boxrepsol.com\/es\/cultura-motera\/que-es-el-cebreado-carretera\/\" \/>\n<meta property=\"og:site_name\" content=\"Box Repsol\" \/>\n<meta property=\"article:publisher\" content=\"https:\/\/www.facebook.com\/BoxRepsol\" \/>\n<meta property=\"article:published_time\" content=\"2024-06-25T11:09:46+00:00\" \/>\n<meta property=\"article:modified_time\" content=\"2025-07-23T09:52:55+00:00\" \/>\n<meta property=\"og:image\" content=\"https:\/\/bxrepsol.s3.eu-west-1.amazonaws.com\/static\/2024\/06\/25090902\/aerial-top-view-road-city-junction-city-traffic-cars-road.png\" \/>\n\t<meta property=\"og:image:width\" content=\"700\" \/>\n\t<meta property=\"og:image:height\" content=\"350\" \/>\n\t<meta property=\"og:image:type\" content=\"image\/png\" \/>\n<meta name=\"author\" content=\"Juan Pedro de la Torre\" \/>\n<meta name=\"twitter:card\" content=\"summary_large_image\" \/>\n<meta name=\"twitter:creator\" content=\"@https:\/\/twitter.com\/JPdelaTorre1965\" \/>\n<meta name=\"twitter:site\" content=\"@box_repsol\" \/>\n<meta name=\"twitter:label1\" content=\"Written by\" \/>\n\t<meta name=\"twitter:data1\" content=\"Juan Pedro de la Torre\" \/>\n\t<meta name=\"twitter:label2\" content=\"Est. reading time\" \/>\n\t<meta name=\"twitter:data2\" content=\"3 minutos\" \/>\n<script type=\"application\/ld+json\" class=\"yoast-schema-graph\">{\"@context\":\"https:\\\/\\\/schema.org\",\"@graph\":[{\"@type\":\"Article\",\"@id\":\"https:\\\/\\\/www.boxrepsol.com\\\/es\\\/cultura-motera\\\/que-es-el-cebreado-carretera\\\/#article\",\"isPartOf\":{\"@id\":\"https:\\\/\\\/www.boxrepsol.com\\\/es\\\/cultura-motera\\\/que-es-el-cebreado-carretera\\\/\"},\"author\":{\"name\":\"Juan Pedro de la Torre\",\"@id\":\"https:\\\/\\\/www.boxrepsol.com\\\/es\\\/#\\\/schema\\\/person\\\/26abce1d675df22d63ac9e9d5f23e4aa\"},\"headline\":\"Cebreado: qu\u00e9 es y qu\u00e9 veh\u00edculos pueden circular por este\",\"datePublished\":\"2024-06-25T11:09:46+00:00\",\"dateModified\":\"2025-07-23T09:52:55+00:00\",\"mainEntityOfPage\":{\"@id\":\"https:\\\/\\\/www.boxrepsol.com\\\/es\\\/cultura-motera\\\/que-es-el-cebreado-carretera\\\/\"},\"wordCount\":592,\"commentCount\":1,\"publisher\":{\"@id\":\"https:\\\/\\\/www.boxrepsol.com\\\/es\\\/#organization\"},\"image\":{\"@id\":\"https:\\\/\\\/www.boxrepsol.com\\\/es\\\/cultura-motera\\\/que-es-el-cebreado-carretera\\\/#primaryimage\"},\"thumbnailUrl\":\"https:\\\/\\\/bxrepsol.s3.eu-west-1.amazonaws.com\\\/static\\\/2024\\\/06\\\/25090902\\\/aerial-top-view-road-city-junction-city-traffic-cars-road.png\",\"keywords\":[\"conducci\u00f3n\",\"Consejos tr\u00e1fico\"],\"articleSection\":[\"Cultura Motera\"],\"inLanguage\":\"es\",\"potentialAction\":[{\"@type\":\"CommentAction\",\"name\":\"Comment\",\"target\":[\"https:\\\/\\\/www.boxrepsol.com\\\/es\\\/cultura-motera\\\/que-es-el-cebreado-carretera\\\/#respond\"]}]},{\"@type\":\"WebPage\",\"@id\":\"https:\\\/\\\/www.boxrepsol.com\\\/es\\\/cultura-motera\\\/que-es-el-cebreado-carretera\\\/\",\"url\":\"https:\\\/\\\/www.boxrepsol.com\\\/es\\\/cultura-motera\\\/que-es-el-cebreado-carretera\\\/\",\"name\":\"\u00bfQu\u00e9 es el cebreado y qui\u00e9n puede circular por este? - Box Repsol\",\"isPartOf\":{\"@id\":\"https:\\\/\\\/www.boxrepsol.com\\\/es\\\/#website\"},\"primaryImageOfPage\":{\"@id\":\"https:\\\/\\\/www.boxrepsol.com\\\/es\\\/cultura-motera\\\/que-es-el-cebreado-carretera\\\/#primaryimage\"},\"image\":{\"@id\":\"https:\\\/\\\/www.boxrepsol.com\\\/es\\\/cultura-motera\\\/que-es-el-cebreado-carretera\\\/#primaryimage\"},\"thumbnailUrl\":\"https:\\\/\\\/bxrepsol.s3.eu-west-1.amazonaws.com\\\/static\\\/2024\\\/06\\\/25090902\\\/aerial-top-view-road-city-junction-city-traffic-cars-road.png\",\"datePublished\":\"2024-06-25T11:09:46+00:00\",\"dateModified\":\"2025-07-23T09:52:55+00:00\",\"description\":\"Descubre qu\u00e9 es el cebreado de la carretera, su significado y c\u00f3mo afecta a conductores. Aprende las normas y la importancia de respetarlo.\",\"breadcrumb\":{\"@id\":\"https:\\\/\\\/www.boxrepsol.com\\\/es\\\/cultura-motera\\\/que-es-el-cebreado-carretera\\\/#breadcrumb\"},\"inLanguage\":\"es\",\"potentialAction\":[{\"@type\":\"ReadAction\",\"target\":[\"https:\\\/\\\/www.boxrepsol.com\\\/es\\\/cultura-motera\\\/que-es-el-cebreado-carretera\\\/\"]}]},{\"@type\":\"ImageObject\",\"inLanguage\":\"es\",\"@id\":\"https:\\\/\\\/www.boxrepsol.com\\\/es\\\/cultura-motera\\\/que-es-el-cebreado-carretera\\\/#primaryimage\",\"url\":\"https:\\\/\\\/bxrepsol.s3.eu-west-1.amazonaws.com\\\/static\\\/2024\\\/06\\\/25090902\\\/aerial-top-view-road-city-junction-city-traffic-cars-road.png\",\"contentUrl\":\"https:\\\/\\\/bxrepsol.s3.eu-west-1.amazonaws.com\\\/static\\\/2024\\\/06\\\/25090902\\\/aerial-top-view-road-city-junction-city-traffic-cars-road.png\",\"width\":700,\"height\":350},{\"@type\":\"BreadcrumbList\",\"@id\":\"https:\\\/\\\/www.boxrepsol.com\\\/es\\\/cultura-motera\\\/que-es-el-cebreado-carretera\\\/#breadcrumb\",\"itemListElement\":[{\"@type\":\"ListItem\",\"position\":1,\"name\":\"Home\",\"item\":\"https:\\\/\\\/www.boxrepsol.com\\\/es\\\/\"},{\"@type\":\"ListItem\",\"position\":2,\"name\":\"Cebreado: qu\u00e9 es y qu\u00e9 veh\u00edculos pueden circular por este\"}]},{\"@type\":\"WebSite\",\"@id\":\"https:\\\/\\\/www.boxrepsol.com\\\/es\\\/#website\",\"url\":\"https:\\\/\\\/www.boxrepsol.com\\\/es\\\/\",\"name\":\"Box Repsol\",\"description\":\"Box Repsol Site\",\"publisher\":{\"@id\":\"https:\\\/\\\/www.boxrepsol.com\\\/es\\\/#organization\"},\"potentialAction\":[{\"@type\":\"SearchAction\",\"target\":{\"@type\":\"EntryPoint\",\"urlTemplate\":\"https:\\\/\\\/www.boxrepsol.com\\\/es\\\/?s={search_term_string}\"},\"query-input\":{\"@type\":\"PropertyValueSpecification\",\"valueRequired\":true,\"valueName\":\"search_term_string\"}}],\"inLanguage\":\"es\"},{\"@type\":\"Organization\",\"@id\":\"https:\\\/\\\/www.boxrepsol.com\\\/es\\\/#organization\",\"name\":\"Box Repsol\",\"url\":\"https:\\\/\\\/www.boxrepsol.com\\\/es\\\/\",\"logo\":{\"@type\":\"ImageObject\",\"inLanguage\":\"es\",\"@id\":\"https:\\\/\\\/www.boxrepsol.com\\\/es\\\/#\\\/schema\\\/logo\\\/image\\\/\",\"url\":\"https:\\\/\\\/bxrepsol.s3.eu-west-1.amazonaws.com\\\/static\\\/2025\\\/07\\\/30083337\\\/favicon-96x96-1.png\",\"contentUrl\":\"https:\\\/\\\/bxrepsol.s3.eu-west-1.amazonaws.com\\\/static\\\/2025\\\/07\\\/30083337\\\/favicon-96x96-1.png\",\"width\":96,\"height\":96,\"caption\":\"Box Repsol\"},\"image\":{\"@id\":\"https:\\\/\\\/www.boxrepsol.com\\\/es\\\/#\\\/schema\\\/logo\\\/image\\\/\"},\"sameAs\":[\"https:\\\/\\\/www.facebook.com\\\/BoxRepsol\",\"https:\\\/\\\/x.com\\\/box_repsol\",\"http:\\\/\\\/instagram.com\\\/box_repsol\",\"https:\\\/\\\/www.youtube.com\\\/user\\\/RepsolCompeticion\",\"https:\\\/\\\/www.flickr.com\\\/photos\\\/box_repsol\\\/\"]},{\"@type\":\"Person\",\"@id\":\"https:\\\/\\\/www.boxrepsol.com\\\/es\\\/#\\\/schema\\\/person\\\/26abce1d675df22d63ac9e9d5f23e4aa\",\"name\":\"Juan Pedro de la Torre\",\"image\":{\"@type\":\"ImageObject\",\"inLanguage\":\"es\",\"@id\":\"https:\\\/\\\/secure.gravatar.com\\\/avatar\\\/e81f780ee2930d7be330cb34304decf0e9bc66bec0158805a0fe2726f4517224?s=96&d=mm&r=g\",\"url\":\"https:\\\/\\\/secure.gravatar.com\\\/avatar\\\/e81f780ee2930d7be330cb34304decf0e9bc66bec0158805a0fe2726f4517224?s=96&d=mm&r=g\",\"contentUrl\":\"https:\\\/\\\/secure.gravatar.com\\\/avatar\\\/e81f780ee2930d7be330cb34304decf0e9bc66bec0158805a0fe2726f4517224?s=96&d=mm&r=g\",\"caption\":\"Juan Pedro de la Torre\"},\"description\":\"Se inici\u00f3 en el diario Marca en 1988 y posteriormente pas\u00f3 a la revista Motociclismo, donde llegar\u00eda a ser director de deporte. Despu\u00e9s fue editor y director de Motoworld.es y Sport Bikes y colabor\u00f3 con varios medios. Adem\u00e1s, ha publicado una docena de libros y actualmente trabaja como colaborador para Motociclismo, El Confidencial y Box Repsol.\",\"sameAs\":[\"https:\\\/\\\/x.com\\\/https:\\\/\\\/twitter.com\\\/JPdelaTorre1965\",\"https:\\\/\\\/youtube.com\\\/@juanpedrodelatorremotoworld\"],\"url\":\"https:\\\/\\\/www.boxrepsol.com\\\/es\\\/author\\\/juanpedro_delatorre\\\/\"}]}<\/script>\n<!-- \/ Yoast SEO plugin. -->","yoast_head_json":{"title":"\u00bfQu\u00e9 es el cebreado y qui\u00e9n puede circular por este? - Box Repsol","description":"Descubre qu\u00e9 es el cebreado de la carretera, su significado y c\u00f3mo afecta a conductores. Aprende las normas y la importancia de respetarlo.","canonical":"https:\/\/www.boxrepsol.com\/es\/cultura-motera\/que-es-el-cebreado-carretera\/","og_locale":"es_ES","og_type":"article","og_title":"\u00bfQu\u00e9 es el cebreado y qui\u00e9n puede circular por este? - Box Repsol","og_description":"Descubre qu\u00e9 es el cebreado de la carretera, su significado y c\u00f3mo afecta a conductores. Aprende las normas y la importancia de respetarlo.","og_url":"https:\/\/www.boxrepsol.com\/es\/cultura-motera\/que-es-el-cebreado-carretera\/","og_site_name":"Box Repsol","article_publisher":"https:\/\/www.facebook.com\/BoxRepsol","article_published_time":"2024-06-25T11:09:46+00:00","article_modified_time":"2025-07-23T09:52:55+00:00","og_image":[{"width":700,"height":350,"url":"https:\/\/bxrepsol.s3.eu-west-1.amazonaws.com\/static\/2024\/06\/25090902\/aerial-top-view-road-city-junction-city-traffic-cars-road.png","type":"image\/png"}],"author":"Juan Pedro de la Torre","twitter_card":"summary_large_image","twitter_creator":"@https:\/\/twitter.com\/JPdelaTorre1965","twitter_site":"@box_repsol","twitter_misc":{"Written by":"Juan Pedro de la Torre","Est. reading time":"3 minutos"},"schema":{"@context":"https:\/\/schema.org","@graph":[{"@type":"Article","@id":"https:\/\/www.boxrepsol.com\/es\/cultura-motera\/que-es-el-cebreado-carretera\/#article","isPartOf":{"@id":"https:\/\/www.boxrepsol.com\/es\/cultura-motera\/que-es-el-cebreado-carretera\/"},"author":{"name":"Juan Pedro de la Torre","@id":"https:\/\/www.boxrepsol.com\/es\/#\/schema\/person\/26abce1d675df22d63ac9e9d5f23e4aa"},"headline":"Cebreado: qu\u00e9 es y qu\u00e9 veh\u00edculos pueden circular por este","datePublished":"2024-06-25T11:09:46+00:00","dateModified":"2025-07-23T09:52:55+00:00","mainEntityOfPage":{"@id":"https:\/\/www.boxrepsol.com\/es\/cultura-motera\/que-es-el-cebreado-carretera\/"},"wordCount":592,"commentCount":1,"publisher":{"@id":"https:\/\/www.boxrepsol.com\/es\/#organization"},"image":{"@id":"https:\/\/www.boxrepsol.com\/es\/cultura-motera\/que-es-el-cebreado-carretera\/#primaryimage"},"thumbnailUrl":"https:\/\/bxrepsol.s3.eu-west-1.amazonaws.com\/static\/2024\/06\/25090902\/aerial-top-view-road-city-junction-city-traffic-cars-road.png","keywords":["conducci\u00f3n","Consejos tr\u00e1fico"],"articleSection":["Cultura Motera"],"inLanguage":"es","potentialAction":[{"@type":"CommentAction","name":"Comment","target":["https:\/\/www.boxrepsol.com\/es\/cultura-motera\/que-es-el-cebreado-carretera\/#respond"]}]},{"@type":"WebPage","@id":"https:\/\/www.boxrepsol.com\/es\/cultura-motera\/que-es-el-cebreado-carretera\/","url":"https:\/\/www.boxrepsol.com\/es\/cultura-motera\/que-es-el-cebreado-carretera\/","name":"\u00bfQu\u00e9 es el cebreado y qui\u00e9n puede circular por este? - Box Repsol","isPartOf":{"@id":"https:\/\/www.boxrepsol.com\/es\/#website"},"primaryImageOfPage":{"@id":"https:\/\/www.boxrepsol.com\/es\/cultura-motera\/que-es-el-cebreado-carretera\/#primaryimage"},"image":{"@id":"https:\/\/www.boxrepsol.com\/es\/cultura-motera\/que-es-el-cebreado-carretera\/#primaryimage"},"thumbnailUrl":"https:\/\/bxrepsol.s3.eu-west-1.amazonaws.com\/static\/2024\/06\/25090902\/aerial-top-view-road-city-junction-city-traffic-cars-road.png","datePublished":"2024-06-25T11:09:46+00:00","dateModified":"2025-07-23T09:52:55+00:00","description":"Descubre qu\u00e9 es el cebreado de la carretera, su significado y c\u00f3mo afecta a conductores. Aprende las normas y la importancia de respetarlo.","breadcrumb":{"@id":"https:\/\/www.boxrepsol.com\/es\/cultura-motera\/que-es-el-cebreado-carretera\/#breadcrumb"},"inLanguage":"es","potentialAction":[{"@type":"ReadAction","target":["https:\/\/www.boxrepsol.com\/es\/cultura-motera\/que-es-el-cebreado-carretera\/"]}]},{"@type":"ImageObject","inLanguage":"es","@id":"https:\/\/www.boxrepsol.com\/es\/cultura-motera\/que-es-el-cebreado-carretera\/#primaryimage","url":"https:\/\/bxrepsol.s3.eu-west-1.amazonaws.com\/static\/2024\/06\/25090902\/aerial-top-view-road-city-junction-city-traffic-cars-road.png","contentUrl":"https:\/\/bxrepsol.s3.eu-west-1.amazonaws.com\/static\/2024\/06\/25090902\/aerial-top-view-road-city-junction-city-traffic-cars-road.png","width":700,"height":350},{"@type":"BreadcrumbList","@id":"https:\/\/www.boxrepsol.com\/es\/cultura-motera\/que-es-el-cebreado-carretera\/#breadcrumb","itemListElement":[{"@type":"ListItem","position":1,"name":"Home","item":"https:\/\/www.boxrepsol.com\/es\/"},{"@type":"ListItem","position":2,"name":"Cebreado: qu\u00e9 es y qu\u00e9 veh\u00edculos pueden circular por este"}]},{"@type":"WebSite","@id":"https:\/\/www.boxrepsol.com\/es\/#website","url":"https:\/\/www.boxrepsol.com\/es\/","name":"Box Repsol","description":"Box Repsol Site","publisher":{"@id":"https:\/\/www.boxrepsol.com\/es\/#organization"},"potentialAction":[{"@type":"SearchAction","target":{"@type":"EntryPoint","urlTemplate":"https:\/\/www.boxrepsol.com\/es\/?s={search_term_string}"},"query-input":{"@type":"PropertyValueSpecification","valueRequired":true,"valueName":"search_term_string"}}],"inLanguage":"es"},{"@type":"Organization","@id":"https:\/\/www.boxrepsol.com\/es\/#organization","name":"Box Repsol","url":"https:\/\/www.boxrepsol.com\/es\/","logo":{"@type":"ImageObject","inLanguage":"es","@id":"https:\/\/www.boxrepsol.com\/es\/#\/schema\/logo\/image\/","url":"https:\/\/bxrepsol.s3.eu-west-1.amazonaws.com\/static\/2025\/07\/30083337\/favicon-96x96-1.png","contentUrl":"https:\/\/bxrepsol.s3.eu-west-1.amazonaws.com\/static\/2025\/07\/30083337\/favicon-96x96-1.png","width":96,"height":96,"caption":"Box Repsol"},"image":{"@id":"https:\/\/www.boxrepsol.com\/es\/#\/schema\/logo\/image\/"},"sameAs":["https:\/\/www.facebook.com\/BoxRepsol","https:\/\/x.com\/box_repsol","http:\/\/instagram.com\/box_repsol","https:\/\/www.youtube.com\/user\/RepsolCompeticion","https:\/\/www.flickr.com\/photos\/box_repsol\/"]},{"@type":"Person","@id":"https:\/\/www.boxrepsol.com\/es\/#\/schema\/person\/26abce1d675df22d63ac9e9d5f23e4aa","name":"Juan Pedro de la Torre","image":{"@type":"ImageObject","inLanguage":"es","@id":"https:\/\/secure.gravatar.com\/avatar\/e81f780ee2930d7be330cb34304decf0e9bc66bec0158805a0fe2726f4517224?s=96&d=mm&r=g","url":"https:\/\/secure.gravatar.com\/avatar\/e81f780ee2930d7be330cb34304decf0e9bc66bec0158805a0fe2726f4517224?s=96&d=mm&r=g","contentUrl":"https:\/\/secure.gravatar.com\/avatar\/e81f780ee2930d7be330cb34304decf0e9bc66bec0158805a0fe2726f4517224?s=96&d=mm&r=g","caption":"Juan Pedro de la Torre"},"description":"Se inici\u00f3 en el diario Marca en 1988 y posteriormente pas\u00f3 a la revista Motociclismo, donde llegar\u00eda a ser director de deporte. Despu\u00e9s fue editor y director de Motoworld.es y Sport Bikes y colabor\u00f3 con varios medios. Adem\u00e1s, ha publicado una docena de libros y actualmente trabaja como colaborador para Motociclismo, El Confidencial y Box Repsol.","sameAs":["https:\/\/x.com\/https:\/\/twitter.com\/JPdelaTorre1965","https:\/\/youtube.com\/@juanpedrodelatorremotoworld"],"url":"https:\/\/www.boxrepsol.com\/es\/author\/juanpedro_delatorre\/"}]}},"_links":{"self":[{"href":"https:\/\/www.boxrepsol.com\/es\/wp-json\/wp\/v2\/posts\/117348","targetHints":{"allow":["GET"]}}],"collection":[{"href":"https:\/\/www.boxrepsol.com\/es\/wp-json\/wp\/v2\/posts"}],"about":[{"href":"https:\/\/www.boxrepsol.com\/es\/wp-json\/wp\/v2\/types\/post"}],"author":[{"embeddable":true,"href":"https:\/\/www.boxrepsol.com\/es\/wp-json\/wp\/v2\/users\/41268"}],"replies":[{"embeddable":true,"href":"https:\/\/www.boxrepsol.com\/es\/wp-json\/wp\/v2\/comments?post=117348"}],"version-history":[{"count":6,"href":"https:\/\/www.boxrepsol.com\/es\/wp-json\/wp\/v2\/posts\/117348\/revisions"}],"predecessor-version":[{"id":126607,"href":"https:\/\/www.boxrepsol.com\/es\/wp-json\/wp\/v2\/posts\/117348\/revisions\/126607"}],"wp:featuredmedia":[{"embeddable":true,"href":"https:\/\/www.boxrepsol.com\/es\/wp-json\/wp\/v2\/media\/117350"}],"wp:attachment":[{"href":"https:\/\/www.boxrepsol.com\/es\/wp-json\/wp\/v2\/media?parent=117348"}],"wp:term":[{"taxonomy":"category","embeddable":true,"href":"https:\/\/www.boxrepsol.com\/es\/wp-json\/wp\/v2\/categories?post=117348"},{"taxonomy":"post_tag","embeddable":true,"href":"https:\/\/www.boxrepsol.com\/es\/wp-json\/wp\/v2\/tags?post=117348"}],"curies":[{"name":"wp","href":"https:\/\/api.w.org\/{rel}","templated":true}]}}