{"id":117035,"date":"2024-06-02T11:34:13","date_gmt":"2024-06-02T13:34:13","guid":{"rendered":"https:\/\/www.boxrepsol.com\/?p=117035"},"modified":"2024-06-02T13:50:50","modified_gmt":"2024-06-02T15:50:50","slug":"resultados-del-gp-de-italia-de-motogp-2024","status":"publish","type":"post","link":"https:\/\/www.boxrepsol.com\/es\/motogp\/resultados-del-gp-de-italia-de-motogp-2024\/","title":{"rendered":"Resultados del GP de Italia de MotoGP"},"content":{"rendered":"<figure class=\"wp-block-post-featured-image\"><img loading=\"lazy\" decoding=\"async\" width=\"1200\" height=\"650\" src=\"https:\/\/bxrepsol.s3.eu-west-1.amazonaws.com\/static\/2024\/06\/02105629\/luca-marini-gp-italia-2024-mugello.jpg\" class=\"attachment-post-thumbnail size-post-thumbnail wp-post-image\" alt=\"\" style=\"object-fit:cover;\" srcset=\"https:\/\/bxrepsol.s3.eu-west-1.amazonaws.com\/static\/2024\/06\/02105629\/luca-marini-gp-italia-2024-mugello.jpg 1200w, https:\/\/bxrepsol.s3.eu-west-1.amazonaws.com\/static\/2024\/06\/02105629\/luca-marini-gp-italia-2024-mugello-300x163.jpg 300w, https:\/\/bxrepsol.s3.eu-west-1.amazonaws.com\/static\/2024\/06\/02105629\/luca-marini-gp-italia-2024-mugello-1024x555.jpg 1024w, https:\/\/bxrepsol.s3.eu-west-1.amazonaws.com\/static\/2024\/06\/02105629\/luca-marini-gp-italia-2024-mugello-768x416.jpg 768w\" sizes=\"auto, (max-width: 1200px) 100vw, 1200px\" \/><\/figure>\n\n\n<p>El <strong>Gran Premio de Italia de MotoGP <\/strong>ha visto triunfar por partida doble al h\u00e9roe local, el vigente Campe\u00f3n del Mundo de MotoGP y vencedor de ayer en la carrera sprint, <strong>\u2018Pecco\u2019 Bagnaia<\/strong>. El piloto italiano ha vuelto a hacer sonar el himno local, secundado en el podio por su compa\u00f1ero de equipo, <strong>Enea Bastianini<\/strong>, que en un trepidante final de carrera ha superado a <strong>Jorge Mart\u00edn<\/strong>, tercero.<\/p>\n\n\n\n<p>Tras ellos ha cruzado la meta <strong>Marc M\u00e1rquez<\/strong>, que ha aguantado en el grupo de cabeza toda la carrera, pero no ha logrado replicar el podio de hace siete d\u00edas en Barcelona. Quinto ha sido el rookie Pedro Acosta, seguido de Morbidelli, Di Giannantonio, Vi\u00f1ales, \u00c1lex M\u00e1rquez y Brad Binder completando el Top-10.<\/p>\n\n\n\n<p>El campeonato del Mundo se toma ahora un descanso de tres semanas por el aplazamiento del GP de Kazajist\u00e1n a septiembre, y volver\u00e1 en el cl\u00e1sico del <a href=\"https:\/\/www.boxrepsol.com\/es\/calendario-gp\/calendario-motogp-2024\/\">calendario<\/a>, el <strong>Gran Premio de los Pa\u00edses Bajos<\/strong>, en el m\u00edtico circuito de Assen.<\/p>\n\n\n\n<div id=\"ez-toc-container\" class=\"ez-toc-v2_0_82_2 counter-hierarchy ez-toc-counter ez-toc-grey ez-toc-container-direction\">\n<div class=\"ez-toc-title-container\">\n<p class=\"ez-toc-title\" style=\"cursor:inherit\">\u00cdndice<\/p>\n<span class=\"ez-toc-title-toggle\"><a href=\"#\" class=\"ez-toc-pull-right ez-toc-btn ez-toc-btn-xs ez-toc-btn-default ez-toc-toggle\" aria-label=\"Toggle Table of Content\"><span class=\"ez-toc-js-icon-con\"><span class=\"\"><span class=\"eztoc-hide\" style=\"display:none;\">Toggle<\/span><span class=\"ez-toc-icon-toggle-span\"><svg style=\"fill: #999;color:#999\" xmlns=\"http:\/\/www.w3.org\/2000\/svg\" class=\"list-377408\" width=\"20px\" height=\"20px\" viewBox=\"0 0 24 24\" fill=\"none\"><path d=\"M6 6H4v2h2V6zm14 0H8v2h12V6zM4 11h2v2H4v-2zm16 0H8v2h12v-2zM4 16h2v2H4v-2zm16 0H8v2h12v-2z\" fill=\"currentColor\"><\/path><\/svg><svg style=\"fill: #999;color:#999\" class=\"arrow-unsorted-368013\" xmlns=\"http:\/\/www.w3.org\/2000\/svg\" width=\"10px\" height=\"10px\" viewBox=\"0 0 24 24\" version=\"1.2\" baseProfile=\"tiny\"><path d=\"M18.2 9.3l-6.2-6.3-6.2 6.3c-.2.2-.3.4-.3.7s.1.5.3.7c.2.2.4.3.7.3h11c.3 0 .5-.1.7-.3.2-.2.3-.5.3-.7s-.1-.5-.3-.7zM5.8 14.7l6.2 6.3 6.2-6.3c.2-.2.3-.5.3-.7s-.1-.5-.3-.7c-.2-.2-.4-.3-.7-.3h-11c-.3 0-.5.1-.7.3-.2.2-.3.5-.3.7s.1.5.3.7z\"\/><\/svg><\/span><\/span><\/span><\/a><\/span><\/div>\n<nav><ul class='ez-toc-list ez-toc-list-level-1 ' ><ul class='ez-toc-list-level-3' ><li class='ez-toc-heading-level-3'><a class=\"ez-toc-link ez-toc-heading-1\" href=\"https:\/\/www.boxrepsol.com\/es\/motogp\/resultados-del-gp-de-italia-de-motogp-2024\/#Luca_Marini_completa_su_GP_de_casa_en_vigesima_posicion\" >Luca Marini completa su GP de casa en vig\u00e9sima posici\u00f3n<\/a><\/li><li class='ez-toc-page-1 ez-toc-heading-level-3'><a class=\"ez-toc-link ez-toc-heading-2\" href=\"https:\/\/www.boxrepsol.com\/es\/motogp\/resultados-del-gp-de-italia-de-motogp-2024\/#Resultados_de_la_carrera_GP_de_Italia_23_vueltas\" >Resultados de la carrera: GP de Italia (23 vueltas)<\/a><\/li><li class='ez-toc-page-1 ez-toc-heading-level-3'><a class=\"ez-toc-link ez-toc-heading-3\" href=\"https:\/\/www.boxrepsol.com\/es\/motogp\/resultados-del-gp-de-italia-de-motogp-2024\/#Clasificacion_General\" >Clasificaci\u00f3n General<\/a><\/li><\/ul><\/li><li class='ez-toc-page-1 ez-toc-heading-level-2'><a class=\"ez-toc-link ez-toc-heading-4\" href=\"https:\/\/www.boxrepsol.com\/es\/motogp\/resultados-del-gp-de-italia-de-motogp-2024\/#Declaraciones\" >Declaraciones<\/a><ul class='ez-toc-list-level-3' ><li class='ez-toc-heading-level-3'><a class=\"ez-toc-link ez-toc-heading-5\" href=\"https:\/\/www.boxrepsol.com\/es\/motogp\/resultados-del-gp-de-italia-de-motogp-2024\/#Joan_Mir\" >Joan Mir<\/a><\/li><li class='ez-toc-page-1 ez-toc-heading-level-3'><a class=\"ez-toc-link ez-toc-heading-6\" href=\"https:\/\/www.boxrepsol.com\/es\/motogp\/resultados-del-gp-de-italia-de-motogp-2024\/#Luca_Marini\" >Luca Marini<\/a><\/li><\/ul><\/li><\/ul><\/nav><\/div>\n<h3 class=\"wp-block-heading\"><span class=\"ez-toc-section\" id=\"Luca_Marini_completa_su_GP_de_casa_en_vigesima_posicion\"><\/span><strong>Luca Marini completa su GP de casa en vig\u00e9sima posici\u00f3n<\/strong><span class=\"ez-toc-section-end\"><\/span><\/h3>\n\n\n\n<p>El Gran Premio de Italia ha supuesto un dif\u00edcil reto para los pilotos del <strong>equipo Repsol Honda<\/strong>. <strong>Luca Marini <\/strong>corr\u00eda por primera vez en suelo italiano luciendo los colores del equipo oficial de HRC y, partiendo desde la vig\u00e9simo cuarta posici\u00f3n de la parrilla, ha logrado mejorar sus sensaciones de ayer en la pista. El italiano ha sido <strong>vig\u00e9simo<\/strong>, sumando m\u00e1s kil\u00f3metros sobre su Honda, con la que ma\u00f1ana realizar\u00e1 un nuevo test en este mismo trazado.<\/p>\n\n\n\n<p>En el otro lado del equipo Repsol Honda, <strong>Joan Mir<\/strong> ha cerrado el fin de semana con un rev\u00e9s. Part\u00eda desde la decimoctava posici\u00f3n de la parrilla y ha tenido una <strong>ca\u00edda<\/strong> en la curva uno del s\u00e9ptimo giro, que le ha impedido terminar ninguna de las dos carreras del Gran Premio.<\/p>\n\n\n\n<h3 class=\"wp-block-heading\"><span class=\"ez-toc-section\" id=\"Resultados_de_la_carrera_GP_de_Italia_23_vueltas\"><\/span><strong>Resultados de la carrera: GP de Italia (23 vueltas)<\/strong><span class=\"ez-toc-section-end\"><\/span><\/h3>\n\n\n\n<figure class=\"wp-block-table is-style-stripes\"><table><tbody><tr><td><strong>PILOTO<\/strong><\/td><td><strong>EQUIPO<\/strong><\/td><td><strong>TIEMPO<\/strong><\/td><\/tr><tr><td>1. Pecco Bagnaia<\/td><td>DUCATI<\/td><td>40:51.385<\/td><\/tr><tr><td>2. Enea Bastianini<\/td><td>DUCATI<\/td><td>+0.799<\/td><\/tr><tr><td>3. Jorge Mart\u00edn<\/td><td>DUCATI<\/td><td>+0.924<\/td><\/tr><tr><td>4. Marc M\u00e1rquez<\/td><td>DUCATI<\/td><td>+2.064<\/td><\/tr><tr><td>5. Pedro Acosta<\/td><td>GASGAS<\/td><td>+7.501<\/td><\/tr><tr><td>6. Franco Morbidelli<\/td><td>DUCATI<\/td><td>+9.890<\/td><\/tr><tr><td>7. Fabio Di Giannantonio<\/td><td>DUCATI<\/td><td>+10.076<\/td><\/tr><tr><td>8. Maverick Vi\u00f1ales<\/td><td>APRILIA<\/td><td>+11.683<\/td><\/tr><tr><td>9. \u00c1lex M\u00e1rquez<\/td><td>DUCATI<\/td><td>+13.535<\/td><\/tr><tr><td>10. Brad Binder<\/td><td>KTM<\/td><td>+15.901<\/td><\/tr><tr><td>11. Aleix Espargar\u00f3<\/td><td>APRILIA<\/td><td>+19.182<\/td><\/tr><tr><td>12. Ra\u00fal Fern\u00e1ndez<\/td><td>APRILIA<\/td><td>+20.307<\/td><\/tr><tr><td>13. Marco Bezzecchi<\/td><td>DUCATI<\/td><td>+20.346<\/td><\/tr><tr><td>14. Miguel Oliveira<\/td><td>APRILIA<\/td><td>+23.292<\/td><\/tr><tr><td>15. \u00c1lex Rins<\/td><td>YAMAHA<\/td><td>+23.613<\/td><\/tr><tr><td>16. Jack Miller<\/td><td>KTM<\/td><td>+28.417<\/td><\/tr><tr><td>17. Pol Espargar\u00f3<\/td><td>KTM<\/td><td>+28.778<\/td><\/tr><tr><td>18. Fabio Quartararo<\/td><td>YAMAHA<\/td><td>+30.622<\/td><\/tr><tr><td>19. Johann Zarco<\/td><td>HONDA<\/td><td>+31.457<\/td><\/tr><tr><td><strong>20. Luca Marini<\/strong><\/td><td><strong>REPSOL HONDA<\/strong><\/td><td><strong>+32.310<\/strong><\/td><\/tr><tr><td><strong>Joan Mir<\/strong><\/td><td><strong>REPSOL HONDA<\/strong><\/td><td><strong>DNF<\/strong><\/td><\/tr><\/tbody><\/table><\/figure>\n\n\n\n<h3 class=\"wp-block-heading\"><span class=\"ez-toc-section\" id=\"Clasificacion_General\"><\/span><strong>Clasificaci\u00f3n General<\/strong><span class=\"ez-toc-section-end\"><\/span><\/h3>\n\n\n\n<figure class=\"wp-block-table is-style-stripes\"><table><tbody><tr><td><strong>PILOTO<\/strong><\/td><td><strong>EQUIPO<\/strong><\/td><td><strong>PUNTOS<\/strong><\/td><\/tr><tr><td>1. Jorge Mart\u00edn<\/td><td>DUCATI<\/td><td>171<\/td><\/tr><tr><td>2. Pecco Bagnaia<\/td><td>DUCATI<\/td><td>153<\/td><\/tr><tr><td>3. Marc M\u00e1rquez<\/td><td>DUCATI<\/td><td>136<\/td><\/tr><tr><td>4. Enea Bastianini<\/td><td>DUCATI<\/td><td>114<\/td><\/tr><tr><td>5. Maverick Vi\u00f1ales<\/td><td>APRILIA<\/td><td>101<\/td><\/tr><tr><td>6. Pedro Acosta<\/td><td>GASGAS<\/td><td>100<\/td><\/tr><tr><td>7.  Brad Binder<\/td><td>APRILIA<\/td><td>85<\/td><\/tr><tr><td>8. Aleix Espargar\u00f3<\/td><td>KTM<\/td><td>82<\/td><\/tr><tr><td>9. Fabio Di Giannantonio<\/td><td>DUCATI<\/td><td>74<\/td><\/tr><tr><td>10. \u00c1lex M\u00e1rquez<\/td><td>DUCATI<\/td><td>51<\/td><\/tr><tr><td>11. Marco Bezzecchi<\/td><td>DUCATI<\/td><td>45<\/td><\/tr><tr><td>12. Ra\u00fal Fern\u00e1ndez<\/td><td>APRILIA<\/td><td>32<\/td><\/tr><tr><td>13. Fabio Quartararo<\/td><td>YAMAHA<\/td><td>32<\/td><\/tr><tr><td>14. Franco Morbidelli<\/td><td>DUCATI<\/td><td>31<\/td><\/tr><tr><td>15. Miguel Oliveira<\/td><td>APRILIA<\/td><td>31<\/td><\/tr><tr><td>16. Jack Miller<\/td><td>KTM<\/td><td>27<\/td><\/tr><tr><td>17. Augusto Fern\u00e1ndez<\/td><td>GASGAS<\/td><td>13<\/td><\/tr><tr><td><strong>18. Joan Mir<\/strong><\/td><td><strong>REPSOL HONDA<\/strong><\/td><td><strong>13<\/strong><\/td><\/tr><tr><td>19. Johann Zarco<\/td><td>HONDA<\/td><td>9<\/td><\/tr><tr><td>20. \u00c1lex Rins<\/td><td>YAMAHA<\/td><td>8<\/td><\/tr><tr><td>21. Takaaki Nakagami<\/td><td>HONDA<\/td><td>8<\/td><\/tr><tr><td>22. Dani Pedrosa<\/td><td>KTM<\/td><td>7<\/td><\/tr><tr><td><strong>23. Luca Marini<\/strong><\/td><td><strong>REPSOL HONDA<\/strong><\/td><td><strong>0<\/strong><\/td><\/tr><\/tbody><\/table><\/figure>\n\n\n\n<p><\/p>\n\n\n\n<div id=\"5a209139-bc4a-4ccf-b79e-3daabd14adfa\" class=\"br-slider-box\"><div class=\"wp-block-create-block-repsol-carousel br-slider\"><a target=\"_blank\" href=\"https:\/\/bxrepsol.s3.eu-west-1.amazonaws.com\/static\/2024\/06\/02124554\/154140333_JRB1001.jpg\" data-index=\"0\" rel=\"noopener\"><img decoding=\"async\" src=\"https:\/\/bxrepsol.s3.eu-west-1.amazonaws.com\/static\/2024\/06\/02124554\/154140333_JRB1001.jpg\"\/><\/a><a target=\"_blank\" href=\"https:\/\/bxrepsol.s3.eu-west-1.amazonaws.com\/static\/2024\/06\/02124555\/154140754_0JR0523.jpg\" data-index=\"1\" rel=\"noopener\"><img decoding=\"async\" src=\"https:\/\/bxrepsol.s3.eu-west-1.amazonaws.com\/static\/2024\/06\/02124555\/154140754_0JR0523.jpg\"\/><\/a><a target=\"_blank\" href=\"https:\/\/bxrepsol.s3.eu-west-1.amazonaws.com\/static\/2024\/06\/02124553\/154133716_0JR0068.jpg\" data-index=\"2\" rel=\"noopener\"><img decoding=\"async\" src=\"https:\/\/bxrepsol.s3.eu-west-1.amazonaws.com\/static\/2024\/06\/02124553\/154133716_0JR0068.jpg\"\/><\/a><a target=\"_blank\" href=\"https:\/\/bxrepsol.s3.eu-west-1.amazonaws.com\/static\/2024\/06\/02124557\/154141222_0JR0852.jpg\" data-index=\"3\" rel=\"noopener\"><img decoding=\"async\" src=\"https:\/\/bxrepsol.s3.eu-west-1.amazonaws.com\/static\/2024\/06\/02124557\/154141222_0JR0852.jpg\"\/><\/a><a target=\"_blank\" href=\"https:\/\/bxrepsol.s3.eu-west-1.amazonaws.com\/static\/2024\/06\/02124558\/154142856_0JR1460.jpg\" data-index=\"4\" rel=\"noopener\"><img decoding=\"async\" src=\"https:\/\/bxrepsol.s3.eu-west-1.amazonaws.com\/static\/2024\/06\/02124558\/154142856_0JR1460.jpg\"\/><\/a><\/div><div class=\"br-slider-buttons\"><button class=\"arrow rds-icon arrow--left rds-icon-Arrow_left\"><\/button><button class=\"arrow rds-icon arrow--right rds-icon-Arrow_right\"><\/button><\/div><\/div>\n\n\n\n<h2 class=\"wp-block-heading\"><span class=\"ez-toc-section\" id=\"Declaraciones\"><\/span><strong>Declaraciones<\/strong><span class=\"ez-toc-section-end\"><\/span><\/h2>\n\n\n\n<h3 class=\"wp-block-heading\"><span class=\"ez-toc-section\" id=\"Joan_Mir\"><\/span><strong>Joan Mir<\/strong><span class=\"ez-toc-section-end\"><\/span><\/h3>\n\n\n\n<p>\u00abSinceramente, al principio de la carrera ten\u00eda buenas sensaciones en la moto y creo que todo iba en la direcci\u00f3n de progresar, as\u00ed que ha sido una l\u00e1stima caerme en la s\u00e9ptima vuelta. Pod\u00eda forzar el tren delantero y he estado luchando con Pol Espargar\u00f3. He podido ver que el grupo de delante empezaba a separarse y hemos mantenido una peque\u00f1a batalla. Al entrar en la curva 1, frenando detr\u00e1s de \u00e9l, he perdido la adherencia en la parte delantera de la moto y me he ca\u00eddo. Es una l\u00e1stima, pero nos levantamos y estamos preparados para el test de ma\u00f1ana, para probar algunas piezas\u201d.<\/p>\n\n\n\n<h3 class=\"wp-block-heading\"><span class=\"ez-toc-section\" id=\"Luca_Marini\"><\/span><strong>Luca Marini<\/strong><span class=\"ez-toc-section-end\"><\/span><\/h3>\n\n\n\n<p>\u00abCreo que esta carrera ha sido incluso mejor que la de Barcelona; en las \u00faltimas siete vueltas me he sentido bien y mi ritmo se ha acercado al de los diez primeros. Est\u00e1 claro que a\u00fan queda trabajo por hacer, ya que la distancia con el primero es excesiva, pero ahora estamos trabajando en la direcci\u00f3n correcta. Es una l\u00e1stima que no haya podido ofrecer una mejor actuaci\u00f3n a los aficionados, pero ser\u00e1 mejor en el futuro. Nuestra base ahora es bastante buena, tenemos que seguir trabajando en los \u00faltimos detalles. Ma\u00f1ana en el test tenemos una buena oportunidad para experimentar\u201d.<\/p>\n","protected":false},"excerpt":{"rendered":"<p>&#8216;Pecco&#8217; Bagnaia completa su doblete particular en Mugello.<\/p>\n","protected":false},"author":43146,"featured_media":117037,"comment_status":"open","ping_status":"open","sticky":false,"template":"","format":"standard","meta":{"footnotes":""},"categories":[4],"tags":[86,271,422,434],"class_list":["post-117035","post","type-post","status-publish","format-standard","hentry","category-motogp","tag-gp-italia","tag-joan-mir","tag-luca-marini","tag-motogp-2024"],"yoast_head":"<!-- This site is optimized with the Yoast SEO plugin v27.3 - https:\/\/yoast.com\/product\/yoast-seo-wordpress\/ -->\n<title>Resultados del GP de Italia de MotoGP - Box Repsol<\/title>\n<meta name=\"description\" content=\"Cr\u00f3nica y resultados del GP de Italia 2024 de MotoGP, celebrado en Mugello.\" \/>\n<link rel=\"canonical\" href=\"https:\/\/www.boxrepsol.com\/es\/motogp\/resultados-del-gp-de-italia-de-motogp-2024\/\" \/>\n<meta property=\"og:locale\" content=\"es_ES\" \/>\n<meta property=\"og:type\" content=\"article\" \/>\n<meta property=\"og:title\" content=\"Resultados del GP de Italia de MotoGP - Box Repsol\" \/>\n<meta property=\"og:description\" content=\"Cr\u00f3nica y resultados del GP de Italia 2024 de MotoGP, celebrado en Mugello.\" \/>\n<meta property=\"og:url\" content=\"https:\/\/www.boxrepsol.com\/es\/motogp\/resultados-del-gp-de-italia-de-motogp-2024\/\" \/>\n<meta property=\"og:site_name\" content=\"Box Repsol\" \/>\n<meta property=\"article:publisher\" content=\"https:\/\/www.facebook.com\/BoxRepsol\" \/>\n<meta property=\"article:author\" content=\"https:\/\/www.facebook.com\/BoxRepsol\/\" \/>\n<meta property=\"article:published_time\" content=\"2024-06-02T13:34:13+00:00\" \/>\n<meta property=\"article:modified_time\" content=\"2024-06-02T15:50:50+00:00\" \/>\n<meta property=\"og:image\" content=\"https:\/\/bxrepsol.s3.eu-west-1.amazonaws.com\/static\/2024\/06\/02105629\/luca-marini-gp-italia-2024-mugello.jpg\" \/>\n\t<meta property=\"og:image:width\" content=\"1200\" \/>\n\t<meta property=\"og:image:height\" content=\"650\" \/>\n\t<meta property=\"og:image:type\" content=\"image\/jpeg\" \/>\n<meta name=\"author\" content=\"Redacci\u00f3n Box Repsol\" \/>\n<meta name=\"twitter:card\" content=\"summary_large_image\" \/>\n<meta name=\"twitter:creator\" content=\"@https:\/\/twitter.com\/box_repsol\" \/>\n<meta name=\"twitter:site\" content=\"@box_repsol\" \/>\n<meta name=\"twitter:label1\" content=\"Written by\" \/>\n\t<meta name=\"twitter:data1\" content=\"Redacci\u00f3n Box Repsol\" \/>\n\t<meta name=\"twitter:label2\" content=\"Est. reading time\" \/>\n\t<meta name=\"twitter:data2\" content=\"3 minutos\" \/>\n<script type=\"application\/ld+json\" class=\"yoast-schema-graph\">{\"@context\":\"https:\\\/\\\/schema.org\",\"@graph\":[{\"@type\":\"Article\",\"@id\":\"https:\\\/\\\/www.boxrepsol.com\\\/es\\\/motogp\\\/resultados-del-gp-de-italia-de-motogp-2024\\\/#article\",\"isPartOf\":{\"@id\":\"https:\\\/\\\/www.boxrepsol.com\\\/es\\\/motogp\\\/resultados-del-gp-de-italia-de-motogp-2024\\\/\"},\"author\":{\"name\":\"Redacci\u00f3n Box Repsol\",\"@id\":\"https:\\\/\\\/www.boxrepsol.com\\\/es\\\/#\\\/schema\\\/person\\\/c5c2138f2cca251b0ad92b7086bb60b7\"},\"headline\":\"Resultados del GP de Italia de MotoGP\",\"datePublished\":\"2024-06-02T13:34:13+00:00\",\"dateModified\":\"2024-06-02T15:50:50+00:00\",\"mainEntityOfPage\":{\"@id\":\"https:\\\/\\\/www.boxrepsol.com\\\/es\\\/motogp\\\/resultados-del-gp-de-italia-de-motogp-2024\\\/\"},\"wordCount\":729,\"commentCount\":0,\"publisher\":{\"@id\":\"https:\\\/\\\/www.boxrepsol.com\\\/es\\\/#organization\"},\"image\":{\"@id\":\"https:\\\/\\\/www.boxrepsol.com\\\/es\\\/motogp\\\/resultados-del-gp-de-italia-de-motogp-2024\\\/#primaryimage\"},\"thumbnailUrl\":\"https:\\\/\\\/bxrepsol.s3.eu-west-1.amazonaws.com\\\/static\\\/2024\\\/06\\\/02105629\\\/luca-marini-gp-italia-2024-mugello.jpg\",\"keywords\":[\"GP Italia\",\"Joan Mir\",\"Luca Marini\",\"MotoGP 2024\"],\"articleSection\":[\"MotoGP\"],\"inLanguage\":\"es\",\"potentialAction\":[{\"@type\":\"CommentAction\",\"name\":\"Comment\",\"target\":[\"https:\\\/\\\/www.boxrepsol.com\\\/es\\\/motogp\\\/resultados-del-gp-de-italia-de-motogp-2024\\\/#respond\"]}]},{\"@type\":\"WebPage\",\"@id\":\"https:\\\/\\\/www.boxrepsol.com\\\/es\\\/motogp\\\/resultados-del-gp-de-italia-de-motogp-2024\\\/\",\"url\":\"https:\\\/\\\/www.boxrepsol.com\\\/es\\\/motogp\\\/resultados-del-gp-de-italia-de-motogp-2024\\\/\",\"name\":\"Resultados del GP de Italia de MotoGP - Box Repsol\",\"isPartOf\":{\"@id\":\"https:\\\/\\\/www.boxrepsol.com\\\/es\\\/#website\"},\"primaryImageOfPage\":{\"@id\":\"https:\\\/\\\/www.boxrepsol.com\\\/es\\\/motogp\\\/resultados-del-gp-de-italia-de-motogp-2024\\\/#primaryimage\"},\"image\":{\"@id\":\"https:\\\/\\\/www.boxrepsol.com\\\/es\\\/motogp\\\/resultados-del-gp-de-italia-de-motogp-2024\\\/#primaryimage\"},\"thumbnailUrl\":\"https:\\\/\\\/bxrepsol.s3.eu-west-1.amazonaws.com\\\/static\\\/2024\\\/06\\\/02105629\\\/luca-marini-gp-italia-2024-mugello.jpg\",\"datePublished\":\"2024-06-02T13:34:13+00:00\",\"dateModified\":\"2024-06-02T15:50:50+00:00\",\"description\":\"Cr\u00f3nica y resultados del GP de Italia 2024 de MotoGP, celebrado en Mugello.\",\"breadcrumb\":{\"@id\":\"https:\\\/\\\/www.boxrepsol.com\\\/es\\\/motogp\\\/resultados-del-gp-de-italia-de-motogp-2024\\\/#breadcrumb\"},\"inLanguage\":\"es\",\"potentialAction\":[{\"@type\":\"ReadAction\",\"target\":[\"https:\\\/\\\/www.boxrepsol.com\\\/es\\\/motogp\\\/resultados-del-gp-de-italia-de-motogp-2024\\\/\"]}]},{\"@type\":\"ImageObject\",\"inLanguage\":\"es\",\"@id\":\"https:\\\/\\\/www.boxrepsol.com\\\/es\\\/motogp\\\/resultados-del-gp-de-italia-de-motogp-2024\\\/#primaryimage\",\"url\":\"https:\\\/\\\/bxrepsol.s3.eu-west-1.amazonaws.com\\\/static\\\/2024\\\/06\\\/02105629\\\/luca-marini-gp-italia-2024-mugello.jpg\",\"contentUrl\":\"https:\\\/\\\/bxrepsol.s3.eu-west-1.amazonaws.com\\\/static\\\/2024\\\/06\\\/02105629\\\/luca-marini-gp-italia-2024-mugello.jpg\",\"width\":1200,\"height\":650},{\"@type\":\"BreadcrumbList\",\"@id\":\"https:\\\/\\\/www.boxrepsol.com\\\/es\\\/motogp\\\/resultados-del-gp-de-italia-de-motogp-2024\\\/#breadcrumb\",\"itemListElement\":[{\"@type\":\"ListItem\",\"position\":1,\"name\":\"Home\",\"item\":\"https:\\\/\\\/www.boxrepsol.com\\\/es\\\/\"},{\"@type\":\"ListItem\",\"position\":2,\"name\":\"Resultados del GP de Italia de MotoGP\"}]},{\"@type\":\"WebSite\",\"@id\":\"https:\\\/\\\/www.boxrepsol.com\\\/es\\\/#website\",\"url\":\"https:\\\/\\\/www.boxrepsol.com\\\/es\\\/\",\"name\":\"Box Repsol\",\"description\":\"Box Repsol Site\",\"publisher\":{\"@id\":\"https:\\\/\\\/www.boxrepsol.com\\\/es\\\/#organization\"},\"potentialAction\":[{\"@type\":\"SearchAction\",\"target\":{\"@type\":\"EntryPoint\",\"urlTemplate\":\"https:\\\/\\\/www.boxrepsol.com\\\/es\\\/?s={search_term_string}\"},\"query-input\":{\"@type\":\"PropertyValueSpecification\",\"valueRequired\":true,\"valueName\":\"search_term_string\"}}],\"inLanguage\":\"es\"},{\"@type\":\"Organization\",\"@id\":\"https:\\\/\\\/www.boxrepsol.com\\\/es\\\/#organization\",\"name\":\"Box Repsol\",\"url\":\"https:\\\/\\\/www.boxrepsol.com\\\/es\\\/\",\"logo\":{\"@type\":\"ImageObject\",\"inLanguage\":\"es\",\"@id\":\"https:\\\/\\\/www.boxrepsol.com\\\/es\\\/#\\\/schema\\\/logo\\\/image\\\/\",\"url\":\"https:\\\/\\\/bxrepsol.s3.eu-west-1.amazonaws.com\\\/static\\\/2025\\\/07\\\/30083337\\\/favicon-96x96-1.png\",\"contentUrl\":\"https:\\\/\\\/bxrepsol.s3.eu-west-1.amazonaws.com\\\/static\\\/2025\\\/07\\\/30083337\\\/favicon-96x96-1.png\",\"width\":96,\"height\":96,\"caption\":\"Box Repsol\"},\"image\":{\"@id\":\"https:\\\/\\\/www.boxrepsol.com\\\/es\\\/#\\\/schema\\\/logo\\\/image\\\/\"},\"sameAs\":[\"https:\\\/\\\/www.facebook.com\\\/BoxRepsol\",\"https:\\\/\\\/x.com\\\/box_repsol\",\"http:\\\/\\\/instagram.com\\\/box_repsol\",\"https:\\\/\\\/www.youtube.com\\\/user\\\/RepsolCompeticion\",\"https:\\\/\\\/www.flickr.com\\\/photos\\\/box_repsol\\\/\"]},{\"@type\":\"Person\",\"@id\":\"https:\\\/\\\/www.boxrepsol.com\\\/es\\\/#\\\/schema\\\/person\\\/c5c2138f2cca251b0ad92b7086bb60b7\",\"name\":\"Redacci\u00f3n Box Repsol\",\"image\":{\"@type\":\"ImageObject\",\"inLanguage\":\"es\",\"@id\":\"https:\\\/\\\/secure.gravatar.com\\\/avatar\\\/adf7b77e38b4419baf32c7e9c21dde01f4e40df611f0978e3006fc4ba0aaab7e?s=96&d=mm&r=g\",\"url\":\"https:\\\/\\\/secure.gravatar.com\\\/avatar\\\/adf7b77e38b4419baf32c7e9c21dde01f4e40df611f0978e3006fc4ba0aaab7e?s=96&d=mm&r=g\",\"contentUrl\":\"https:\\\/\\\/secure.gravatar.com\\\/avatar\\\/adf7b77e38b4419baf32c7e9c21dde01f4e40df611f0978e3006fc4ba0aaab7e?s=96&d=mm&r=g\",\"caption\":\"Redacci\u00f3n Box Repsol\"},\"description\":\"Box Repsol lo forma un equipo de periodistas, community managers, dise\u00f1adores y fot\u00f3grafos con m\u00e1s de 20 a\u00f1os de experiencia en el mundo del motorsport. Hemos vivido el primer mundial de un espa\u00f1ol en la categor\u00eda reina de motociclismo con \u00c1lex Crivill\u00e9, estuvimos en las victorias de Pedrosa y los t\u00edtulos de M\u00e1rquez, acompa\u00f1amos en \u00c1frica a Nani Roma y Marc Coma en sus conquistas del Dakar y hemos vibrado con los t\u00edtulos de Toni Bou en Trial. Adem\u00e1s, en nuestro equipo contamos con expertos en el mundo de las dos y cuatro ruedas tanto de la calle y las carreteras, como de los circuitos. Periodistas que han trabajado en revistas y publicaciones para hacerte llegar desde rutas y consejos de mantenimiento, a curiosidades y trucos de pilotaje.\",\"sameAs\":[\"https:\\\/\\\/www.facebook.com\\\/BoxRepsol\\\/\",\"https:\\\/\\\/www.instagram.com\\\/box_repsol\\\/\",\"https:\\\/\\\/x.com\\\/https:\\\/\\\/twitter.com\\\/box_repsol\",\"https:\\\/\\\/www.youtube.com\\\/@Boxrepsol\"],\"url\":\"https:\\\/\\\/www.boxrepsol.com\\\/es\\\/author\\\/redaccion-box-repsol\\\/\"}]}<\/script>\n<!-- \/ Yoast SEO plugin. -->","yoast_head_json":{"title":"Resultados del GP de Italia de MotoGP - Box Repsol","description":"Cr\u00f3nica y resultados del GP de Italia 2024 de MotoGP, celebrado en Mugello.","canonical":"https:\/\/www.boxrepsol.com\/es\/motogp\/resultados-del-gp-de-italia-de-motogp-2024\/","og_locale":"es_ES","og_type":"article","og_title":"Resultados del GP de Italia de MotoGP - Box Repsol","og_description":"Cr\u00f3nica y resultados del GP de Italia 2024 de MotoGP, celebrado en Mugello.","og_url":"https:\/\/www.boxrepsol.com\/es\/motogp\/resultados-del-gp-de-italia-de-motogp-2024\/","og_site_name":"Box Repsol","article_publisher":"https:\/\/www.facebook.com\/BoxRepsol","article_author":"https:\/\/www.facebook.com\/BoxRepsol\/","article_published_time":"2024-06-02T13:34:13+00:00","article_modified_time":"2024-06-02T15:50:50+00:00","og_image":[{"width":1200,"height":650,"url":"https:\/\/bxrepsol.s3.eu-west-1.amazonaws.com\/static\/2024\/06\/02105629\/luca-marini-gp-italia-2024-mugello.jpg","type":"image\/jpeg"}],"author":"Redacci\u00f3n Box Repsol","twitter_card":"summary_large_image","twitter_creator":"@https:\/\/twitter.com\/box_repsol","twitter_site":"@box_repsol","twitter_misc":{"Written by":"Redacci\u00f3n Box Repsol","Est. reading time":"3 minutos"},"schema":{"@context":"https:\/\/schema.org","@graph":[{"@type":"Article","@id":"https:\/\/www.boxrepsol.com\/es\/motogp\/resultados-del-gp-de-italia-de-motogp-2024\/#article","isPartOf":{"@id":"https:\/\/www.boxrepsol.com\/es\/motogp\/resultados-del-gp-de-italia-de-motogp-2024\/"},"author":{"name":"Redacci\u00f3n Box Repsol","@id":"https:\/\/www.boxrepsol.com\/es\/#\/schema\/person\/c5c2138f2cca251b0ad92b7086bb60b7"},"headline":"Resultados del GP de Italia de MotoGP","datePublished":"2024-06-02T13:34:13+00:00","dateModified":"2024-06-02T15:50:50+00:00","mainEntityOfPage":{"@id":"https:\/\/www.boxrepsol.com\/es\/motogp\/resultados-del-gp-de-italia-de-motogp-2024\/"},"wordCount":729,"commentCount":0,"publisher":{"@id":"https:\/\/www.boxrepsol.com\/es\/#organization"},"image":{"@id":"https:\/\/www.boxrepsol.com\/es\/motogp\/resultados-del-gp-de-italia-de-motogp-2024\/#primaryimage"},"thumbnailUrl":"https:\/\/bxrepsol.s3.eu-west-1.amazonaws.com\/static\/2024\/06\/02105629\/luca-marini-gp-italia-2024-mugello.jpg","keywords":["GP Italia","Joan Mir","Luca Marini","MotoGP 2024"],"articleSection":["MotoGP"],"inLanguage":"es","potentialAction":[{"@type":"CommentAction","name":"Comment","target":["https:\/\/www.boxrepsol.com\/es\/motogp\/resultados-del-gp-de-italia-de-motogp-2024\/#respond"]}]},{"@type":"WebPage","@id":"https:\/\/www.boxrepsol.com\/es\/motogp\/resultados-del-gp-de-italia-de-motogp-2024\/","url":"https:\/\/www.boxrepsol.com\/es\/motogp\/resultados-del-gp-de-italia-de-motogp-2024\/","name":"Resultados del GP de Italia de MotoGP - Box Repsol","isPartOf":{"@id":"https:\/\/www.boxrepsol.com\/es\/#website"},"primaryImageOfPage":{"@id":"https:\/\/www.boxrepsol.com\/es\/motogp\/resultados-del-gp-de-italia-de-motogp-2024\/#primaryimage"},"image":{"@id":"https:\/\/www.boxrepsol.com\/es\/motogp\/resultados-del-gp-de-italia-de-motogp-2024\/#primaryimage"},"thumbnailUrl":"https:\/\/bxrepsol.s3.eu-west-1.amazonaws.com\/static\/2024\/06\/02105629\/luca-marini-gp-italia-2024-mugello.jpg","datePublished":"2024-06-02T13:34:13+00:00","dateModified":"2024-06-02T15:50:50+00:00","description":"Cr\u00f3nica y resultados del GP de Italia 2024 de MotoGP, celebrado en Mugello.","breadcrumb":{"@id":"https:\/\/www.boxrepsol.com\/es\/motogp\/resultados-del-gp-de-italia-de-motogp-2024\/#breadcrumb"},"inLanguage":"es","potentialAction":[{"@type":"ReadAction","target":["https:\/\/www.boxrepsol.com\/es\/motogp\/resultados-del-gp-de-italia-de-motogp-2024\/"]}]},{"@type":"ImageObject","inLanguage":"es","@id":"https:\/\/www.boxrepsol.com\/es\/motogp\/resultados-del-gp-de-italia-de-motogp-2024\/#primaryimage","url":"https:\/\/bxrepsol.s3.eu-west-1.amazonaws.com\/static\/2024\/06\/02105629\/luca-marini-gp-italia-2024-mugello.jpg","contentUrl":"https:\/\/bxrepsol.s3.eu-west-1.amazonaws.com\/static\/2024\/06\/02105629\/luca-marini-gp-italia-2024-mugello.jpg","width":1200,"height":650},{"@type":"BreadcrumbList","@id":"https:\/\/www.boxrepsol.com\/es\/motogp\/resultados-del-gp-de-italia-de-motogp-2024\/#breadcrumb","itemListElement":[{"@type":"ListItem","position":1,"name":"Home","item":"https:\/\/www.boxrepsol.com\/es\/"},{"@type":"ListItem","position":2,"name":"Resultados del GP de Italia de MotoGP"}]},{"@type":"WebSite","@id":"https:\/\/www.boxrepsol.com\/es\/#website","url":"https:\/\/www.boxrepsol.com\/es\/","name":"Box Repsol","description":"Box Repsol Site","publisher":{"@id":"https:\/\/www.boxrepsol.com\/es\/#organization"},"potentialAction":[{"@type":"SearchAction","target":{"@type":"EntryPoint","urlTemplate":"https:\/\/www.boxrepsol.com\/es\/?s={search_term_string}"},"query-input":{"@type":"PropertyValueSpecification","valueRequired":true,"valueName":"search_term_string"}}],"inLanguage":"es"},{"@type":"Organization","@id":"https:\/\/www.boxrepsol.com\/es\/#organization","name":"Box Repsol","url":"https:\/\/www.boxrepsol.com\/es\/","logo":{"@type":"ImageObject","inLanguage":"es","@id":"https:\/\/www.boxrepsol.com\/es\/#\/schema\/logo\/image\/","url":"https:\/\/bxrepsol.s3.eu-west-1.amazonaws.com\/static\/2025\/07\/30083337\/favicon-96x96-1.png","contentUrl":"https:\/\/bxrepsol.s3.eu-west-1.amazonaws.com\/static\/2025\/07\/30083337\/favicon-96x96-1.png","width":96,"height":96,"caption":"Box Repsol"},"image":{"@id":"https:\/\/www.boxrepsol.com\/es\/#\/schema\/logo\/image\/"},"sameAs":["https:\/\/www.facebook.com\/BoxRepsol","https:\/\/x.com\/box_repsol","http:\/\/instagram.com\/box_repsol","https:\/\/www.youtube.com\/user\/RepsolCompeticion","https:\/\/www.flickr.com\/photos\/box_repsol\/"]},{"@type":"Person","@id":"https:\/\/www.boxrepsol.com\/es\/#\/schema\/person\/c5c2138f2cca251b0ad92b7086bb60b7","name":"Redacci\u00f3n Box Repsol","image":{"@type":"ImageObject","inLanguage":"es","@id":"https:\/\/secure.gravatar.com\/avatar\/adf7b77e38b4419baf32c7e9c21dde01f4e40df611f0978e3006fc4ba0aaab7e?s=96&d=mm&r=g","url":"https:\/\/secure.gravatar.com\/avatar\/adf7b77e38b4419baf32c7e9c21dde01f4e40df611f0978e3006fc4ba0aaab7e?s=96&d=mm&r=g","contentUrl":"https:\/\/secure.gravatar.com\/avatar\/adf7b77e38b4419baf32c7e9c21dde01f4e40df611f0978e3006fc4ba0aaab7e?s=96&d=mm&r=g","caption":"Redacci\u00f3n Box Repsol"},"description":"Box Repsol lo forma un equipo de periodistas, community managers, dise\u00f1adores y fot\u00f3grafos con m\u00e1s de 20 a\u00f1os de experiencia en el mundo del motorsport. Hemos vivido el primer mundial de un espa\u00f1ol en la categor\u00eda reina de motociclismo con \u00c1lex Crivill\u00e9, estuvimos en las victorias de Pedrosa y los t\u00edtulos de M\u00e1rquez, acompa\u00f1amos en \u00c1frica a Nani Roma y Marc Coma en sus conquistas del Dakar y hemos vibrado con los t\u00edtulos de Toni Bou en Trial. Adem\u00e1s, en nuestro equipo contamos con expertos en el mundo de las dos y cuatro ruedas tanto de la calle y las carreteras, como de los circuitos. Periodistas que han trabajado en revistas y publicaciones para hacerte llegar desde rutas y consejos de mantenimiento, a curiosidades y trucos de pilotaje.","sameAs":["https:\/\/www.facebook.com\/BoxRepsol\/","https:\/\/www.instagram.com\/box_repsol\/","https:\/\/x.com\/https:\/\/twitter.com\/box_repsol","https:\/\/www.youtube.com\/@Boxrepsol"],"url":"https:\/\/www.boxrepsol.com\/es\/author\/redaccion-box-repsol\/"}]}},"_links":{"self":[{"href":"https:\/\/www.boxrepsol.com\/es\/wp-json\/wp\/v2\/posts\/117035","targetHints":{"allow":["GET"]}}],"collection":[{"href":"https:\/\/www.boxrepsol.com\/es\/wp-json\/wp\/v2\/posts"}],"about":[{"href":"https:\/\/www.boxrepsol.com\/es\/wp-json\/wp\/v2\/types\/post"}],"author":[{"embeddable":true,"href":"https:\/\/www.boxrepsol.com\/es\/wp-json\/wp\/v2\/users\/43146"}],"replies":[{"embeddable":true,"href":"https:\/\/www.boxrepsol.com\/es\/wp-json\/wp\/v2\/comments?post=117035"}],"version-history":[{"count":4,"href":"https:\/\/www.boxrepsol.com\/es\/wp-json\/wp\/v2\/posts\/117035\/revisions"}],"predecessor-version":[{"id":117060,"href":"https:\/\/www.boxrepsol.com\/es\/wp-json\/wp\/v2\/posts\/117035\/revisions\/117060"}],"wp:featuredmedia":[{"embeddable":true,"href":"https:\/\/www.boxrepsol.com\/es\/wp-json\/wp\/v2\/media\/117037"}],"wp:attachment":[{"href":"https:\/\/www.boxrepsol.com\/es\/wp-json\/wp\/v2\/media?parent=117035"}],"wp:term":[{"taxonomy":"category","embeddable":true,"href":"https:\/\/www.boxrepsol.com\/es\/wp-json\/wp\/v2\/categories?post=117035"},{"taxonomy":"post_tag","embeddable":true,"href":"https:\/\/www.boxrepsol.com\/es\/wp-json\/wp\/v2\/tags?post=117035"}],"curies":[{"name":"wp","href":"https:\/\/api.w.org\/{rel}","templated":true}]}}