{"id":116741,"date":"2024-05-28T14:28:39","date_gmt":"2024-05-28T16:28:39","guid":{"rendered":"https:\/\/www.boxrepsol.com\/?p=116741"},"modified":"2025-06-26T07:30:51","modified_gmt":"2025-06-26T09:30:51","slug":"mejores-concentraciones-moteras","status":"publish","type":"post","link":"https:\/\/www.boxrepsol.com\/es\/vive-tu-moto\/mejores-concentraciones-moteras\/","title":{"rendered":"Las 7 concentraciones moteras de 2025 que no te puedes perder"},"content":{"rendered":"<figure class=\"wp-block-post-featured-image\"><img loading=\"lazy\" decoding=\"async\" width=\"1280\" height=\"650\" src=\"https:\/\/bxrepsol.s3.eu-west-1.amazonaws.com\/static\/2024\/05\/28141853\/Pinguinos.png\" class=\"attachment-post-thumbnail size-post-thumbnail wp-post-image\" alt=\"\" style=\"object-fit:cover;\" srcset=\"https:\/\/bxrepsol.s3.eu-west-1.amazonaws.com\/static\/2024\/05\/28141853\/Pinguinos.png 1280w, https:\/\/bxrepsol.s3.eu-west-1.amazonaws.com\/static\/2024\/05\/28141853\/Pinguinos-300x152.png 300w, https:\/\/bxrepsol.s3.eu-west-1.amazonaws.com\/static\/2024\/05\/28141853\/Pinguinos-1024x520.png 1024w, https:\/\/bxrepsol.s3.eu-west-1.amazonaws.com\/static\/2024\/05\/28141853\/Pinguinos-768x390.png 768w\" sizes=\"auto, (max-width: 1280px) 100vw, 1280px\" \/><\/figure>\n\n\n<p>Las concentraciones de motos son los eventos m\u00e1s sociales de la actividad motociclista. Consisten simplemente en eso, en <strong>agruparte con otros aficionados a las motos <\/strong>como t\u00fa, disfrutar de una buena ruta, compartir vivencias y an\u00e9cdotas, y contar el tiempo hasta el reencuentro en la siguiente edici\u00f3n, o en la siguiente concentraci\u00f3n en la que, con frecuencia, se reencuentran viejos y nuevos amigos hechos en estos encuentros.<\/p>\n\n\n\n<p>A lo largo del a\u00f1o se realizan docenas de concentraciones. El calendario mototur\u00edstico nacional est\u00e1 plagado de encuentros, desde <strong>peque\u00f1as y reducidas concentraciones<\/strong> <strong>a grandes eventos con a\u00f1os de tradici\u00f3n<\/strong>, y hay tantas concentraciones en casa como fuera de nuestro pa\u00eds. La oferta es tan amplia que todo buen aficionado no renuncia a tomar parte en ellas. Pero si hubiera que elegir, hay hemos seleccionado <strong>siete grandes concentraciones<\/strong> a las que habr\u00eda que acudir, al menos, una vez en la vida.<\/p>\n\n\n\n<div id=\"ez-toc-container\" class=\"ez-toc-v2_0_82_2 counter-hierarchy ez-toc-counter ez-toc-grey ez-toc-container-direction\">\n<div class=\"ez-toc-title-container\">\n<p class=\"ez-toc-title\" style=\"cursor:inherit\">\u00cdndice<\/p>\n<span class=\"ez-toc-title-toggle\"><a href=\"#\" class=\"ez-toc-pull-right ez-toc-btn ez-toc-btn-xs ez-toc-btn-default ez-toc-toggle\" aria-label=\"Toggle Table of Content\"><span class=\"ez-toc-js-icon-con\"><span class=\"\"><span class=\"eztoc-hide\" style=\"display:none;\">Toggle<\/span><span class=\"ez-toc-icon-toggle-span\"><svg style=\"fill: #999;color:#999\" xmlns=\"http:\/\/www.w3.org\/2000\/svg\" class=\"list-377408\" width=\"20px\" height=\"20px\" viewBox=\"0 0 24 24\" fill=\"none\"><path d=\"M6 6H4v2h2V6zm14 0H8v2h12V6zM4 11h2v2H4v-2zm16 0H8v2h12v-2zM4 16h2v2H4v-2zm16 0H8v2h12v-2z\" fill=\"currentColor\"><\/path><\/svg><svg style=\"fill: #999;color:#999\" class=\"arrow-unsorted-368013\" xmlns=\"http:\/\/www.w3.org\/2000\/svg\" width=\"10px\" height=\"10px\" viewBox=\"0 0 24 24\" version=\"1.2\" baseProfile=\"tiny\"><path d=\"M18.2 9.3l-6.2-6.3-6.2 6.3c-.2.2-.3.4-.3.7s.1.5.3.7c.2.2.4.3.7.3h11c.3 0 .5-.1.7-.3.2-.2.3-.5.3-.7s-.1-.5-.3-.7zM5.8 14.7l6.2 6.3 6.2-6.3c.2-.2.3-.5.3-.7s-.1-.5-.3-.7c-.2-.2-.4-.3-.7-.3h-11c-.3 0-.5.1-.7.3-.2.2-.3.5-.3.7s.1.5.3.7z\"\/><\/svg><\/span><\/span><\/span><\/a><\/span><\/div>\n<nav><ul class='ez-toc-list ez-toc-list-level-1 ' ><li class='ez-toc-page-1 ez-toc-heading-level-2'><a class=\"ez-toc-link ez-toc-heading-1\" href=\"https:\/\/www.boxrepsol.com\/es\/vive-tu-moto\/mejores-concentraciones-moteras\/#Concentracion_Pinguinos\" >Concentraci\u00f3n Ping\u00fcinos<\/a><\/li><li class='ez-toc-page-1 ez-toc-heading-level-2'><a class=\"ez-toc-link ez-toc-heading-2\" href=\"https:\/\/www.boxrepsol.com\/es\/vive-tu-moto\/mejores-concentraciones-moteras\/#Elefantentreffen\" >Elefantentreffen<\/a><\/li><li class='ez-toc-page-1 ez-toc-heading-level-2'><a class=\"ez-toc-link ez-toc-heading-3\" href=\"https:\/\/www.boxrepsol.com\/es\/vive-tu-moto\/mejores-concentraciones-moteras\/#Lago_de_Sanabria\" >Lago de Sanabria<\/a><\/li><li class='ez-toc-page-1 ez-toc-heading-level-2'><a class=\"ez-toc-link ez-toc-heading-4\" href=\"https:\/\/www.boxrepsol.com\/es\/vive-tu-moto\/mejores-concentraciones-moteras\/#Concentracion_Internacional_de_Faro\" >Concentraci\u00f3n Internacional de Faro<\/a><\/li><li class='ez-toc-page-1 ez-toc-heading-level-2'><a class=\"ez-toc-link ez-toc-heading-5\" href=\"https:\/\/www.boxrepsol.com\/es\/vive-tu-moto\/mejores-concentraciones-moteras\/#Krystall-Rally\" >Krystall-Rally<\/a><\/li><li class='ez-toc-page-1 ez-toc-heading-level-2'><a class=\"ez-toc-link ez-toc-heading-6\" href=\"https:\/\/www.boxrepsol.com\/es\/vive-tu-moto\/mejores-concentraciones-moteras\/#Sturgis_Motorcycle_Rally\" >Sturgis Motorcycle Rally<\/a><\/li><li class='ez-toc-page-1 ez-toc-heading-level-2'><a class=\"ez-toc-link ez-toc-heading-7\" href=\"https:\/\/www.boxrepsol.com\/es\/vive-tu-moto\/mejores-concentraciones-moteras\/#Daytona_Bike_Week\" >Daytona Bike Week<\/a><\/li><\/ul><\/nav><\/div>\n<h2 class=\"wp-block-heading\"><span class=\"ez-toc-section\" id=\"Concentracion_Pinguinos\"><\/span><strong>Concentraci\u00f3n Ping\u00fcinos<\/strong><span class=\"ez-toc-section-end\"><\/span><\/h2>\n\n\n\n<p>Creada en 1982 por el Moto Club Turismo, la primera edici\u00f3n se aloj\u00f3 en <strong>Herrera de Duero <\/strong>(Valladolid), y desde siempre ha estado vinculada a esta provincia castellana. En esa <strong>primera edici\u00f3n acudieron 320 participantes<\/strong>, y desde entonces no ha parado de crecer. En 2023 se alcanz\u00f3 su r\u00e9cord de participaci\u00f3n, cuando se reunieron <strong>43.316<\/strong>.<\/p>\n\n\n<div class=\"wp-block-image\">\n<figure class=\"aligncenter size-full\"><img loading=\"lazy\" decoding=\"async\" width=\"600\" height=\"400\" src=\"https:\/\/bxrepsol.s3.eu-west-1.amazonaws.com\/static\/2024\/05\/28141947\/Pinguinos-2.jpg\" alt=\"Imagen de moteros en la concentraci\u00f3n de Ping\u00fcinos\" class=\"wp-image-116744\" srcset=\"https:\/\/bxrepsol.s3.eu-west-1.amazonaws.com\/static\/2024\/05\/28141947\/Pinguinos-2.jpg 600w, https:\/\/bxrepsol.s3.eu-west-1.amazonaws.com\/static\/2024\/05\/28141947\/Pinguinos-2-300x200.jpg 300w\" sizes=\"auto, (max-width: 600px) 100vw, 600px\" \/><\/figure>\n<\/div>\n\n\n<p>Algo que ha caracterizado a la <a href=\"https:\/\/www.boxrepsol.com\/es\/cultura-motera\/pinguinos-la-concentracion-motera-que-triunfa-en-espana\/\">concentraci\u00f3n de Ping\u00fcinos<\/a> ha sido su planteamiento de concentraci\u00f3n invernal, ya que se realiza en pleno mes de enero, <strong>cuando m\u00e1s duro arrecia el invierno.<\/strong> Pero nunca ha sido un obst\u00e1culo. Al contrario, desafiar al fr\u00edo, a la lluvia y a la nieve ha sido siempre un incentivo.<\/p>\n\n\n\n<p>A lo largo de su historia. Ping\u00fcinos ha conocido diferentes emplazamientos. Tras pasar por Herrera de Duero durante tres ediciones, realiz\u00f3 otras tres en <strong>Fuensalda\u00f1a<\/strong>, antes de alojarse en <strong>Tordesillas <\/strong>desde 1988 hasta 2001. Posteriormente pas\u00f3 por <strong>Boecillo<\/strong>, una edici\u00f3n en <strong>Simancas<\/strong>, y de nuevo en 2009 regres\u00f3 a <strong>Puente Duero<\/strong>. Un conflicto entre la organizaci\u00f3n y el Ayuntamiento de Valladolid deriv\u00f3 en la salida de los miembros fundadores en 2015, retomando el curso en 2017 en la <strong>Antigua H\u00edpica de Valladolid<\/strong>.<\/p>\n\n\n<div class=\"wp-block-image\">\n<figure class=\"aligncenter size-full\"><img loading=\"lazy\" decoding=\"async\" width=\"600\" height=\"400\" src=\"https:\/\/bxrepsol.s3.eu-west-1.amazonaws.com\/static\/2024\/05\/28142104\/100_5749.jpg\" alt=\"Imagen de moto en una concentraci\u00f3n motera\" class=\"wp-image-116746\" srcset=\"https:\/\/bxrepsol.s3.eu-west-1.amazonaws.com\/static\/2024\/05\/28142104\/100_5749.jpg 600w, https:\/\/bxrepsol.s3.eu-west-1.amazonaws.com\/static\/2024\/05\/28142104\/100_5749-300x200.jpg 300w\" sizes=\"auto, (max-width: 600px) 100vw, 600px\" \/><\/figure>\n<\/div>\n\n\n<p>Por diferentes circunstancias y en diferentes momentos, de Ping\u00fcinos han derivado otros eventos moteros, como Motauros, o La Leyenda.<\/p>\n\n\n\n<h2 class=\"wp-block-heading\"><span class=\"ez-toc-section\" id=\"Elefantentreffen\"><\/span><strong>Elefantentreffen<\/strong><span class=\"ez-toc-section-end\"><\/span><\/h2>\n\n\n\n<p>Puede que se trate de la <strong>concentraci\u00f3n motera m\u00e1s antigua de Europa<\/strong>, ya que su actividad se inici\u00f3 en 1956. Durante mucho tiempo se consider\u00f3 la concentraci\u00f3n m\u00e1s fr\u00eda, porque se desarrolla en el sur de Alemania, en el Valle del Loh, durante el mes de enero.<\/p>\n\n\n\n<p>El origen de la concentraci\u00f3n reside en el <strong>homenaje a los soldados fallecidos durante la<\/strong> <strong>II Guerra Mundial<\/strong>, una iniciativa llevada a cabo por un periodista alem\u00e1n que sirvi\u00f3 en el conflicto. Se le ocurri\u00f3 reunir a los conductores de los c\u00e9lebres <strong>sidecares<\/strong> <strong>Z\u00fcndapp KS 601<\/strong>, derivados de los que la Wehrmacht us\u00f3 en la guerra, lo cual ensalzaba la capacidad de aquellos mastod\u00f3nticos sidecares, una especie de elefantes verdes que avanzaban en las m\u00e1s duras condiciones, de ah\u00ed que la concentraci\u00f3n fuera denominada como <strong>Los Elefantes<\/strong>.<\/p>\n\n\n<div class=\"wp-block-image\">\n<figure class=\"aligncenter size-full\"><img loading=\"lazy\" decoding=\"async\" width=\"600\" height=\"400\" src=\"https:\/\/bxrepsol.s3.eu-west-1.amazonaws.com\/static\/2024\/05\/28142150\/Elefantentreffen.jpg\" alt=\"Concentraci\u00f3n motera de Elefantentreffen\" class=\"wp-image-116748\" srcset=\"https:\/\/bxrepsol.s3.eu-west-1.amazonaws.com\/static\/2024\/05\/28142150\/Elefantentreffen.jpg 600w, https:\/\/bxrepsol.s3.eu-west-1.amazonaws.com\/static\/2024\/05\/28142150\/Elefantentreffen-300x200.jpg 300w\" sizes=\"auto, (max-width: 600px) 100vw, 600px\" \/><\/figure>\n<\/div>\n\n\n<p>Tras peregrinar por varios emplazamientos, como el m\u00edtico circuito de N\u00fcrburgring, <a href=\"https:\/\/www.boxrepsol.com\/es\/cultura-motera\/eres-un-motero-duro-elefantentreffen-te-espera\/\">Elefantentreffen<\/a> lleva en el Valle del Loh, en Baviera, desde 1989. Este evento motero \u00fanico re\u00fane a <strong>unos 10.000 aficionados<\/strong>, y se caracteriza por su austeridad, porque no tiene grandes actividades complementarias, ya que los asistentes b\u00e1sicamente conviven y comparten vivencias al calor de las hogueras, sin m\u00e1s.<\/p>\n\n\n\n<h2 class=\"wp-block-heading\"><span class=\"ez-toc-section\" id=\"Lago_de_Sanabria\"><\/span><strong>Lago de Sanabria<\/strong><span class=\"ez-toc-section-end\"><\/span><\/h2>\n\n\n\n<p>La <a href=\"https:\/\/www.boxrepsol.com\/es\/vive-tu-moto\/concentracion-motera-lago-sanabria\/\">Concentraci\u00f3n de Motos Lago de Sanabria<\/a> arranc\u00f3 en 1992 y <strong>cumplir\u00e1 este a\u00f1o<\/strong> <strong>celebra su XXXI edici\u00f3n<\/strong>. Se ha convertido en una cl\u00e1sica del verano, aprovechando las moderadas temperaturas que se disfrutan en esta comarca zamorana, y desde entonces se ha abierto hueco en el amplio calendario del mototurismo espa\u00f1ol para asentarse como una de las <strong>citas fundamentales de la temporada<\/strong> <strong>motera espa\u00f1ola<\/strong>.<\/p>\n\n\n\n<p>La <strong>Concentraci\u00f3n Lago de Sanabria<\/strong> recibe visitantes nacionales y extranjeros, y adem\u00e1s del maravilloso entorno natural que se disfruta, cada edici\u00f3n cuenta con nuevos alicientes y actividades para satisfacer a todos los aficionados que acuden.<\/p>\n\n\n<div class=\"wp-block-image\">\n<figure class=\"aligncenter size-full\"><img loading=\"lazy\" decoding=\"async\" width=\"600\" height=\"400\" src=\"https:\/\/bxrepsol.s3.eu-west-1.amazonaws.com\/static\/2024\/05\/28142309\/Lago-de-Sanabria.jpg\" alt=\"Concentraci\u00f3n motera Lago de Sanabria\" class=\"wp-image-116750\" srcset=\"https:\/\/bxrepsol.s3.eu-west-1.amazonaws.com\/static\/2024\/05\/28142309\/Lago-de-Sanabria.jpg 600w, https:\/\/bxrepsol.s3.eu-west-1.amazonaws.com\/static\/2024\/05\/28142309\/Lago-de-Sanabria-300x200.jpg 300w\" sizes=\"auto, (max-width: 600px) 100vw, 600px\" \/><\/figure>\n<\/div>\n\n\n<p><\/p>\n\n\n\n<h2 class=\"wp-block-heading\"><span class=\"ez-toc-section\" id=\"Concentracion_Internacional_de_Faro\"><\/span><strong>Concentraci\u00f3n Internacional de Faro<\/strong><span class=\"ez-toc-section-end\"><\/span><\/h2>\n\n\n\n<p>La concentraci\u00f3n veraniega por excelencia es la de Faro (Portugal), que en 2025 va a realizar su <strong>43\u00aa edici\u00f3n<\/strong>, lo que la convierte en una de las de mayor arraigo en Europa. Organizada por el <strong>Moto Club Faro<\/strong>, la <a href=\"https:\/\/www.boxrepsol.com\/es\/cultura-motera\/concentracion-motera-de-faro\/\">concentraci\u00f3n de motos de faro<\/a> te permite disfrutar del maravilloso enclave del Algarve, una de las regiones m\u00e1s bellas y tambi\u00e9n m\u00e1s tur\u00edsticas de Portugal.<\/p>\n\n\n\n<p>Hasta Faro peregrinan aficionados de todo Europa, cruz\u00e1ndose el continente de un extremo al otro. Es una cl\u00e1sica concentraci\u00f3n de motos multitudinaria que cuenta sus asistentes por miles, y en ella se puede disfrutar de todo tipo de ambientes, porque la actividad es continua en la zona de la acampada, con conciertos y exhibiciones, hay actividades variadas, excursiones y rutas, y se puede disfrutar de una espectacular naturaleza.<\/p>\n\n\n<div class=\"wp-block-image\">\n<figure class=\"aligncenter size-full\"><img loading=\"lazy\" decoding=\"async\" width=\"600\" height=\"400\" src=\"https:\/\/bxrepsol.s3.eu-west-1.amazonaws.com\/static\/2024\/05\/28142458\/Faro.jpg\" alt=\"Concentraci\u00f3n motera Internacional de Faro\" class=\"wp-image-116754\" srcset=\"https:\/\/bxrepsol.s3.eu-west-1.amazonaws.com\/static\/2024\/05\/28142458\/Faro.jpg 600w, https:\/\/bxrepsol.s3.eu-west-1.amazonaws.com\/static\/2024\/05\/28142458\/Faro-300x200.jpg 300w\" sizes=\"auto, (max-width: 600px) 100vw, 600px\" \/><\/figure>\n<\/div>\n\n\n<p><\/p>\n\n\n\n<h2 class=\"wp-block-heading\"><span class=\"ez-toc-section\" id=\"Krystall-Rally\"><\/span><strong>Krystall-Rally<\/strong><span class=\"ez-toc-section-end\"><\/span><\/h2>\n\n\n\n<p>Es una concentraci\u00f3n motera que tiene lugar la <strong>primera semana de febrero<\/strong> en las monta\u00f1as <strong>noruegas<\/strong>. Esta edici\u00f3n se celebra en la localidad de <strong>Fefor H\u00f8ifjellshotell<\/strong>, Vinstra, del <strong>mi\u00e9rcoles 5 al domingo 9<\/strong>. La Krystal Race es s\u00f3lo para los m\u00e1s valientes, ya que las temperaturas han llegado a alcanzar los -40\u00ba.&nbsp;<\/p>\n\n\n\n<p>En 2011 se celebr\u00f3 el <strong>40 aniversario<\/strong> con 200 participantes de toda Europa y este a\u00f1o ya van por su edici\u00f3n n\u00famero 52. Sin duda, toda una experiencia incre\u00edble para aquellos <strong>amantes de la nieve <\/strong>y&nbsp; adictos a la adrenalina<strong>, <\/strong>sin olvidar<strong> las vistas espectaculares<\/strong> que ofrece el pa\u00eds n\u00f3rdico.&nbsp;<\/p>\n\n\n<div class=\"wp-block-image\">\n<figure class=\"aligncenter size-full\"><img loading=\"lazy\" decoding=\"async\" width=\"600\" height=\"400\" src=\"https:\/\/bxrepsol.s3.eu-west-1.amazonaws.com\/static\/2024\/05\/31075312\/54515360_10157039627693711_4781731886869250048_n.jpg\" alt=\"\" class=\"wp-image-123145\" srcset=\"https:\/\/bxrepsol.s3.eu-west-1.amazonaws.com\/static\/2024\/05\/31075312\/54515360_10157039627693711_4781731886869250048_n.jpg 600w, https:\/\/bxrepsol.s3.eu-west-1.amazonaws.com\/static\/2024\/05\/31075312\/54515360_10157039627693711_4781731886869250048_n-300x200.jpg 300w\" sizes=\"auto, (max-width: 600px) 100vw, 600px\" \/><figcaption class=\"wp-element-caption\">Fuente: Hans R\u00f6nneg\u00e5rd<\/figcaption><\/figure>\n<\/div>\n\n\n<h2 class=\"wp-block-heading\"><span class=\"ez-toc-section\" id=\"Sturgis_Motorcycle_Rally\"><\/span><strong>Sturgis Motorcycle Rally<\/strong><span class=\"ez-toc-section-end\"><\/span><\/h2>\n\n\n\n<p>Sturgis es una <strong>peque\u00f1a localidad de Dakota del Sur<\/strong> (Estados Unidos) de apenas 7.000 habitantes, que cada verano se llena de aficionados a las motos, hasta el punto de multiplicar exponencialmente su poblaci\u00f3n. En Sturgis <strong>se reunieron en 2021<\/strong> <strong>250.000 aficionados<\/strong>, pero en momentos hist\u00f3ricos del evento llegaron a acudir medio mill\u00f3n de motoristas para disfrutar del evento motociclista m\u00e1s multitudinario del mundo.<\/p>\n\n\n\n<p>La tradici\u00f3n en Sturgis viene de lejos. En 1938, un grupo de motoristas denominado <strong>Jackpine Gypsies<\/strong> compr\u00f3 unos terrenos en las monta\u00f1as en los que pensaban construir unas pistas para disputar carreras. Estas competiciones se hicieron muy populares, y cada vez fueron llegando m\u00e1s aficionados para disfrutar de las carreras, que <strong>con el paso del tiempo se fueron convirtiendo en un rally<\/strong> de lo m\u00e1s pintoresco a la vez que peligroso.<\/p>\n\n\n<div class=\"wp-block-image\">\n<figure class=\"aligncenter size-full\"><img loading=\"lazy\" decoding=\"async\" width=\"600\" height=\"400\" src=\"https:\/\/bxrepsol.s3.eu-west-1.amazonaws.com\/static\/2024\/05\/28142538\/Sturgis-Motorcycle-Rally.jpg\" alt=\"Concentraci\u00f3n motera estadounidense Sturgis Motorcycle Rally\" class=\"wp-image-116756\" srcset=\"https:\/\/bxrepsol.s3.eu-west-1.amazonaws.com\/static\/2024\/05\/28142538\/Sturgis-Motorcycle-Rally.jpg 600w, https:\/\/bxrepsol.s3.eu-west-1.amazonaws.com\/static\/2024\/05\/28142538\/Sturgis-Motorcycle-Rally-300x200.jpg 300w\" sizes=\"auto, (max-width: 600px) 100vw, 600px\" \/><\/figure>\n<\/div>\n\n\n<p>En los a\u00f1os sesenta, viendo el cariz que tomaba el evento, los organizadores se plantearon <strong>transformar Sturgis en una reuni\u00f3n de aficionados al motociclismo<\/strong>, y las cinco jornadas tradicionales en las que se desarrollaba el evento pasaron a ser diez. Ya se sabe, en Norteam\u00e9rica todo es a lo grande\u2026 Y desde entonces, ah\u00ed sigue Sturgis, que se ha convertido en la mayor concentraci\u00f3n del mundo de motos <strong>Harley-Davidson<\/strong>.<\/p>\n\n\n\n<h2 class=\"wp-block-heading\"><span class=\"ez-toc-section\" id=\"Daytona_Bike_Week\"><\/span><strong>Daytona Bike Week<\/strong><span class=\"ez-toc-section-end\"><\/span><\/h2>\n\n\n\n<p>Nada m\u00e1s y nada menos que 83 ediciones de la <strong>Daytona Bike Week<\/strong> se vienen disputando en la soleada Florida (Estados Unidos). Las playas de Daytona sirvieron de escenario ideal para el desfogue de los aficionados motociclistas de Estados Unidos, y <strong>desde 1937 se vienen disputando all\u00ed las tradicionales 200 Millas de Daytona<\/strong>, una carrera de velocidad que en sus or\u00edgenes se disputaba en la playa, sobre una pista de arena con dos largas rectas y dos curvas peraltadas que las enlazaban.<\/p>\n\n\n<div class=\"wp-block-image\">\n<figure class=\"aligncenter size-full\"><img loading=\"lazy\" decoding=\"async\" width=\"600\" height=\"400\" src=\"https:\/\/bxrepsol.s3.eu-west-1.amazonaws.com\/static\/2024\/05\/28142620\/DAYTONA-2.jpg\" alt=\"Concentraci\u00f3n Daytona Bike Week\" class=\"wp-image-116758\" srcset=\"https:\/\/bxrepsol.s3.eu-west-1.amazonaws.com\/static\/2024\/05\/28142620\/DAYTONA-2.jpg 600w, https:\/\/bxrepsol.s3.eu-west-1.amazonaws.com\/static\/2024\/05\/28142620\/DAYTONA-2-300x200.jpg 300w\" sizes=\"auto, (max-width: 600px) 100vw, 600px\" \/><\/figure>\n<\/div>\n\n\n<p>Junto a la carrera, la masiva presencia de aficionados permiti\u00f3 que la cita de Daytona se completara con actividades muy variadas. Hasta 1960 se mantuvo la cita en la playa, en diferentes emplazamientos, pero en 1961 <strong>se construy\u00f3 el Daytona International Speedway<\/strong>, un circuito asfaltado, que se convirti\u00f3 en el centro de la actividad.<\/p>\n\n\n\n<p>Con la Daytona Speed Week, que tiene lugar en la primera semana de marzo, se da comienzo a la competici\u00f3n nacional de velocidad en Estados Unidos. Adem\u00e1s de las carreras de asfalto, en el interior del circuito se construye una <strong>pista de supercross<\/strong> <strong>donde se disputa una prueba del campeonato AMA<\/strong>, y esa semana de competiciones se complementa con m\u00faltiples actividades en las que las decenas de miles de aficionados que acuden todos los a\u00f1os pueden dar rienda suelta a sus deseos de moto.<\/p>\n\n\n<div class=\"wp-block-image\">\n<figure class=\"aligncenter size-full\"><img loading=\"lazy\" decoding=\"async\" width=\"600\" height=\"400\" src=\"https:\/\/bxrepsol.s3.eu-west-1.amazonaws.com\/static\/2024\/05\/28142724\/50_DaytonaBeachRacing.jpg\" alt=\"Concentraci\u00f3n Daytona Beach Racing\" class=\"wp-image-116760\" srcset=\"https:\/\/bxrepsol.s3.eu-west-1.amazonaws.com\/static\/2024\/05\/28142724\/50_DaytonaBeachRacing.jpg 600w, https:\/\/bxrepsol.s3.eu-west-1.amazonaws.com\/static\/2024\/05\/28142724\/50_DaytonaBeachRacing-300x200.jpg 300w\" sizes=\"auto, (max-width: 600px) 100vw, 600px\" \/><\/figure>\n<\/div>","protected":false},"excerpt":{"rendered":"<p>Si eres de los moteros de carretera y manta, que devoras kil\u00f3metros y disfrutas de tus fines de semana y tus vacaciones de concentraci\u00f3n en concentraci\u00f3n, estas son las siete concentraciones a las que, al menos, debes acudir una vez en tu vida.<\/p>\n","protected":false},"author":41268,"featured_media":116742,"comment_status":"open","ping_status":"open","sticky":false,"template":"","format":"standard","meta":{"footnotes":""},"categories":[122],"tags":[589],"class_list":["post-116741","post","type-post","status-publish","format-standard","hentry","category-vive-tu-moto","tag-mototurismo"],"yoast_head":"<!-- This site is optimized with the Yoast SEO plugin v27.3 - https:\/\/yoast.com\/product\/yoast-seo-wordpress\/ -->\n<title>Descubre las concentraciones moteras de 2024 - Box Repsol<\/title>\n<meta name=\"description\" content=\"Explora las mejores concentraciones moteras del 2024. Eventos imprescindibles para los amantes de las motos y vive la pasi\u00f3n en estos encuentros \u00fanicos.\" \/>\n<link rel=\"canonical\" href=\"https:\/\/www.boxrepsol.com\/es\/vive-tu-moto\/mejores-concentraciones-moteras\/\" \/>\n<meta property=\"og:locale\" content=\"es_ES\" \/>\n<meta property=\"og:type\" content=\"article\" \/>\n<meta property=\"og:title\" content=\"Descubre las concentraciones moteras de 2024 - Box Repsol\" \/>\n<meta property=\"og:description\" content=\"Explora las mejores concentraciones moteras del 2024. Eventos imprescindibles para los amantes de las motos y vive la pasi\u00f3n en estos encuentros \u00fanicos.\" \/>\n<meta property=\"og:url\" content=\"https:\/\/www.boxrepsol.com\/es\/vive-tu-moto\/mejores-concentraciones-moteras\/\" \/>\n<meta property=\"og:site_name\" content=\"Box Repsol\" \/>\n<meta property=\"article:publisher\" content=\"https:\/\/www.facebook.com\/BoxRepsol\" \/>\n<meta property=\"article:published_time\" content=\"2024-05-28T16:28:39+00:00\" \/>\n<meta property=\"article:modified_time\" content=\"2025-06-26T09:30:51+00:00\" \/>\n<meta property=\"og:image\" content=\"https:\/\/bxrepsol.s3.eu-west-1.amazonaws.com\/static\/2024\/05\/28141853\/Pinguinos.png\" \/>\n\t<meta property=\"og:image:width\" content=\"1280\" \/>\n\t<meta property=\"og:image:height\" content=\"650\" \/>\n\t<meta property=\"og:image:type\" content=\"image\/png\" \/>\n<meta name=\"author\" content=\"Juan Pedro de la Torre\" \/>\n<meta name=\"twitter:card\" content=\"summary_large_image\" \/>\n<meta name=\"twitter:creator\" content=\"@https:\/\/twitter.com\/JPdelaTorre1965\" \/>\n<meta name=\"twitter:site\" content=\"@box_repsol\" \/>\n<meta name=\"twitter:label1\" content=\"Written by\" \/>\n\t<meta name=\"twitter:data1\" content=\"Juan Pedro de la Torre\" \/>\n\t<meta name=\"twitter:label2\" content=\"Est. reading time\" \/>\n\t<meta name=\"twitter:data2\" content=\"7 minutos\" \/>\n<script type=\"application\/ld+json\" class=\"yoast-schema-graph\">{\"@context\":\"https:\\\/\\\/schema.org\",\"@graph\":[{\"@type\":\"Article\",\"@id\":\"https:\\\/\\\/www.boxrepsol.com\\\/es\\\/vive-tu-moto\\\/mejores-concentraciones-moteras\\\/#article\",\"isPartOf\":{\"@id\":\"https:\\\/\\\/www.boxrepsol.com\\\/es\\\/vive-tu-moto\\\/mejores-concentraciones-moteras\\\/\"},\"author\":{\"name\":\"Juan Pedro de la Torre\",\"@id\":\"https:\\\/\\\/www.boxrepsol.com\\\/es\\\/#\\\/schema\\\/person\\\/26abce1d675df22d63ac9e9d5f23e4aa\"},\"headline\":\"Las 7 concentraciones moteras de 2025 que no te puedes perder\",\"datePublished\":\"2024-05-28T16:28:39+00:00\",\"dateModified\":\"2025-06-26T09:30:51+00:00\",\"mainEntityOfPage\":{\"@id\":\"https:\\\/\\\/www.boxrepsol.com\\\/es\\\/vive-tu-moto\\\/mejores-concentraciones-moteras\\\/\"},\"wordCount\":1408,\"commentCount\":0,\"publisher\":{\"@id\":\"https:\\\/\\\/www.boxrepsol.com\\\/es\\\/#organization\"},\"image\":{\"@id\":\"https:\\\/\\\/www.boxrepsol.com\\\/es\\\/vive-tu-moto\\\/mejores-concentraciones-moteras\\\/#primaryimage\"},\"thumbnailUrl\":\"https:\\\/\\\/bxrepsol.s3.eu-west-1.amazonaws.com\\\/static\\\/2024\\\/05\\\/28141853\\\/Pinguinos.png\",\"keywords\":[\"Mototurismo\"],\"articleSection\":[\"Vive tu moto\"],\"inLanguage\":\"es\",\"potentialAction\":[{\"@type\":\"CommentAction\",\"name\":\"Comment\",\"target\":[\"https:\\\/\\\/www.boxrepsol.com\\\/es\\\/vive-tu-moto\\\/mejores-concentraciones-moteras\\\/#respond\"]}]},{\"@type\":\"WebPage\",\"@id\":\"https:\\\/\\\/www.boxrepsol.com\\\/es\\\/vive-tu-moto\\\/mejores-concentraciones-moteras\\\/\",\"url\":\"https:\\\/\\\/www.boxrepsol.com\\\/es\\\/vive-tu-moto\\\/mejores-concentraciones-moteras\\\/\",\"name\":\"Descubre las concentraciones moteras de 2024 - Box Repsol\",\"isPartOf\":{\"@id\":\"https:\\\/\\\/www.boxrepsol.com\\\/es\\\/#website\"},\"primaryImageOfPage\":{\"@id\":\"https:\\\/\\\/www.boxrepsol.com\\\/es\\\/vive-tu-moto\\\/mejores-concentraciones-moteras\\\/#primaryimage\"},\"image\":{\"@id\":\"https:\\\/\\\/www.boxrepsol.com\\\/es\\\/vive-tu-moto\\\/mejores-concentraciones-moteras\\\/#primaryimage\"},\"thumbnailUrl\":\"https:\\\/\\\/bxrepsol.s3.eu-west-1.amazonaws.com\\\/static\\\/2024\\\/05\\\/28141853\\\/Pinguinos.png\",\"datePublished\":\"2024-05-28T16:28:39+00:00\",\"dateModified\":\"2025-06-26T09:30:51+00:00\",\"description\":\"Explora las mejores concentraciones moteras del 2024. Eventos imprescindibles para los amantes de las motos y vive la pasi\u00f3n en estos encuentros \u00fanicos.\",\"breadcrumb\":{\"@id\":\"https:\\\/\\\/www.boxrepsol.com\\\/es\\\/vive-tu-moto\\\/mejores-concentraciones-moteras\\\/#breadcrumb\"},\"inLanguage\":\"es\",\"potentialAction\":[{\"@type\":\"ReadAction\",\"target\":[\"https:\\\/\\\/www.boxrepsol.com\\\/es\\\/vive-tu-moto\\\/mejores-concentraciones-moteras\\\/\"]}]},{\"@type\":\"ImageObject\",\"inLanguage\":\"es\",\"@id\":\"https:\\\/\\\/www.boxrepsol.com\\\/es\\\/vive-tu-moto\\\/mejores-concentraciones-moteras\\\/#primaryimage\",\"url\":\"https:\\\/\\\/bxrepsol.s3.eu-west-1.amazonaws.com\\\/static\\\/2024\\\/05\\\/28141853\\\/Pinguinos.png\",\"contentUrl\":\"https:\\\/\\\/bxrepsol.s3.eu-west-1.amazonaws.com\\\/static\\\/2024\\\/05\\\/28141853\\\/Pinguinos.png\",\"width\":1280,\"height\":650},{\"@type\":\"BreadcrumbList\",\"@id\":\"https:\\\/\\\/www.boxrepsol.com\\\/es\\\/vive-tu-moto\\\/mejores-concentraciones-moteras\\\/#breadcrumb\",\"itemListElement\":[{\"@type\":\"ListItem\",\"position\":1,\"name\":\"Home\",\"item\":\"https:\\\/\\\/www.boxrepsol.com\\\/es\\\/\"},{\"@type\":\"ListItem\",\"position\":2,\"name\":\"Las 7 concentraciones moteras de 2025 que no te puedes perder\"}]},{\"@type\":\"WebSite\",\"@id\":\"https:\\\/\\\/www.boxrepsol.com\\\/es\\\/#website\",\"url\":\"https:\\\/\\\/www.boxrepsol.com\\\/es\\\/\",\"name\":\"Box Repsol\",\"description\":\"Box Repsol Site\",\"publisher\":{\"@id\":\"https:\\\/\\\/www.boxrepsol.com\\\/es\\\/#organization\"},\"potentialAction\":[{\"@type\":\"SearchAction\",\"target\":{\"@type\":\"EntryPoint\",\"urlTemplate\":\"https:\\\/\\\/www.boxrepsol.com\\\/es\\\/?s={search_term_string}\"},\"query-input\":{\"@type\":\"PropertyValueSpecification\",\"valueRequired\":true,\"valueName\":\"search_term_string\"}}],\"inLanguage\":\"es\"},{\"@type\":\"Organization\",\"@id\":\"https:\\\/\\\/www.boxrepsol.com\\\/es\\\/#organization\",\"name\":\"Box Repsol\",\"url\":\"https:\\\/\\\/www.boxrepsol.com\\\/es\\\/\",\"logo\":{\"@type\":\"ImageObject\",\"inLanguage\":\"es\",\"@id\":\"https:\\\/\\\/www.boxrepsol.com\\\/es\\\/#\\\/schema\\\/logo\\\/image\\\/\",\"url\":\"https:\\\/\\\/bxrepsol.s3.eu-west-1.amazonaws.com\\\/static\\\/2025\\\/07\\\/30083337\\\/favicon-96x96-1.png\",\"contentUrl\":\"https:\\\/\\\/bxrepsol.s3.eu-west-1.amazonaws.com\\\/static\\\/2025\\\/07\\\/30083337\\\/favicon-96x96-1.png\",\"width\":96,\"height\":96,\"caption\":\"Box Repsol\"},\"image\":{\"@id\":\"https:\\\/\\\/www.boxrepsol.com\\\/es\\\/#\\\/schema\\\/logo\\\/image\\\/\"},\"sameAs\":[\"https:\\\/\\\/www.facebook.com\\\/BoxRepsol\",\"https:\\\/\\\/x.com\\\/box_repsol\",\"http:\\\/\\\/instagram.com\\\/box_repsol\",\"https:\\\/\\\/www.youtube.com\\\/user\\\/RepsolCompeticion\",\"https:\\\/\\\/www.flickr.com\\\/photos\\\/box_repsol\\\/\"]},{\"@type\":\"Person\",\"@id\":\"https:\\\/\\\/www.boxrepsol.com\\\/es\\\/#\\\/schema\\\/person\\\/26abce1d675df22d63ac9e9d5f23e4aa\",\"name\":\"Juan Pedro de la Torre\",\"image\":{\"@type\":\"ImageObject\",\"inLanguage\":\"es\",\"@id\":\"https:\\\/\\\/secure.gravatar.com\\\/avatar\\\/e81f780ee2930d7be330cb34304decf0e9bc66bec0158805a0fe2726f4517224?s=96&d=mm&r=g\",\"url\":\"https:\\\/\\\/secure.gravatar.com\\\/avatar\\\/e81f780ee2930d7be330cb34304decf0e9bc66bec0158805a0fe2726f4517224?s=96&d=mm&r=g\",\"contentUrl\":\"https:\\\/\\\/secure.gravatar.com\\\/avatar\\\/e81f780ee2930d7be330cb34304decf0e9bc66bec0158805a0fe2726f4517224?s=96&d=mm&r=g\",\"caption\":\"Juan Pedro de la Torre\"},\"description\":\"Se inici\u00f3 en el diario Marca en 1988 y posteriormente pas\u00f3 a la revista Motociclismo, donde llegar\u00eda a ser director de deporte. Despu\u00e9s fue editor y director de Motoworld.es y Sport Bikes y colabor\u00f3 con varios medios. Adem\u00e1s, ha publicado una docena de libros y actualmente trabaja como colaborador para Motociclismo, El Confidencial y Box Repsol.\",\"sameAs\":[\"https:\\\/\\\/x.com\\\/https:\\\/\\\/twitter.com\\\/JPdelaTorre1965\",\"https:\\\/\\\/youtube.com\\\/@juanpedrodelatorremotoworld\"],\"url\":\"https:\\\/\\\/www.boxrepsol.com\\\/es\\\/author\\\/juanpedro_delatorre\\\/\"}]}<\/script>\n<!-- \/ Yoast SEO plugin. -->","yoast_head_json":{"title":"Descubre las concentraciones moteras de 2024 - Box Repsol","description":"Explora las mejores concentraciones moteras del 2024. Eventos imprescindibles para los amantes de las motos y vive la pasi\u00f3n en estos encuentros \u00fanicos.","canonical":"https:\/\/www.boxrepsol.com\/es\/vive-tu-moto\/mejores-concentraciones-moteras\/","og_locale":"es_ES","og_type":"article","og_title":"Descubre las concentraciones moteras de 2024 - Box Repsol","og_description":"Explora las mejores concentraciones moteras del 2024. Eventos imprescindibles para los amantes de las motos y vive la pasi\u00f3n en estos encuentros \u00fanicos.","og_url":"https:\/\/www.boxrepsol.com\/es\/vive-tu-moto\/mejores-concentraciones-moteras\/","og_site_name":"Box Repsol","article_publisher":"https:\/\/www.facebook.com\/BoxRepsol","article_published_time":"2024-05-28T16:28:39+00:00","article_modified_time":"2025-06-26T09:30:51+00:00","og_image":[{"width":1280,"height":650,"url":"https:\/\/bxrepsol.s3.eu-west-1.amazonaws.com\/static\/2024\/05\/28141853\/Pinguinos.png","type":"image\/png"}],"author":"Juan Pedro de la Torre","twitter_card":"summary_large_image","twitter_creator":"@https:\/\/twitter.com\/JPdelaTorre1965","twitter_site":"@box_repsol","twitter_misc":{"Written by":"Juan Pedro de la Torre","Est. reading time":"7 minutos"},"schema":{"@context":"https:\/\/schema.org","@graph":[{"@type":"Article","@id":"https:\/\/www.boxrepsol.com\/es\/vive-tu-moto\/mejores-concentraciones-moteras\/#article","isPartOf":{"@id":"https:\/\/www.boxrepsol.com\/es\/vive-tu-moto\/mejores-concentraciones-moteras\/"},"author":{"name":"Juan Pedro de la Torre","@id":"https:\/\/www.boxrepsol.com\/es\/#\/schema\/person\/26abce1d675df22d63ac9e9d5f23e4aa"},"headline":"Las 7 concentraciones moteras de 2025 que no te puedes perder","datePublished":"2024-05-28T16:28:39+00:00","dateModified":"2025-06-26T09:30:51+00:00","mainEntityOfPage":{"@id":"https:\/\/www.boxrepsol.com\/es\/vive-tu-moto\/mejores-concentraciones-moteras\/"},"wordCount":1408,"commentCount":0,"publisher":{"@id":"https:\/\/www.boxrepsol.com\/es\/#organization"},"image":{"@id":"https:\/\/www.boxrepsol.com\/es\/vive-tu-moto\/mejores-concentraciones-moteras\/#primaryimage"},"thumbnailUrl":"https:\/\/bxrepsol.s3.eu-west-1.amazonaws.com\/static\/2024\/05\/28141853\/Pinguinos.png","keywords":["Mototurismo"],"articleSection":["Vive tu moto"],"inLanguage":"es","potentialAction":[{"@type":"CommentAction","name":"Comment","target":["https:\/\/www.boxrepsol.com\/es\/vive-tu-moto\/mejores-concentraciones-moteras\/#respond"]}]},{"@type":"WebPage","@id":"https:\/\/www.boxrepsol.com\/es\/vive-tu-moto\/mejores-concentraciones-moteras\/","url":"https:\/\/www.boxrepsol.com\/es\/vive-tu-moto\/mejores-concentraciones-moteras\/","name":"Descubre las concentraciones moteras de 2024 - Box Repsol","isPartOf":{"@id":"https:\/\/www.boxrepsol.com\/es\/#website"},"primaryImageOfPage":{"@id":"https:\/\/www.boxrepsol.com\/es\/vive-tu-moto\/mejores-concentraciones-moteras\/#primaryimage"},"image":{"@id":"https:\/\/www.boxrepsol.com\/es\/vive-tu-moto\/mejores-concentraciones-moteras\/#primaryimage"},"thumbnailUrl":"https:\/\/bxrepsol.s3.eu-west-1.amazonaws.com\/static\/2024\/05\/28141853\/Pinguinos.png","datePublished":"2024-05-28T16:28:39+00:00","dateModified":"2025-06-26T09:30:51+00:00","description":"Explora las mejores concentraciones moteras del 2024. Eventos imprescindibles para los amantes de las motos y vive la pasi\u00f3n en estos encuentros \u00fanicos.","breadcrumb":{"@id":"https:\/\/www.boxrepsol.com\/es\/vive-tu-moto\/mejores-concentraciones-moteras\/#breadcrumb"},"inLanguage":"es","potentialAction":[{"@type":"ReadAction","target":["https:\/\/www.boxrepsol.com\/es\/vive-tu-moto\/mejores-concentraciones-moteras\/"]}]},{"@type":"ImageObject","inLanguage":"es","@id":"https:\/\/www.boxrepsol.com\/es\/vive-tu-moto\/mejores-concentraciones-moteras\/#primaryimage","url":"https:\/\/bxrepsol.s3.eu-west-1.amazonaws.com\/static\/2024\/05\/28141853\/Pinguinos.png","contentUrl":"https:\/\/bxrepsol.s3.eu-west-1.amazonaws.com\/static\/2024\/05\/28141853\/Pinguinos.png","width":1280,"height":650},{"@type":"BreadcrumbList","@id":"https:\/\/www.boxrepsol.com\/es\/vive-tu-moto\/mejores-concentraciones-moteras\/#breadcrumb","itemListElement":[{"@type":"ListItem","position":1,"name":"Home","item":"https:\/\/www.boxrepsol.com\/es\/"},{"@type":"ListItem","position":2,"name":"Las 7 concentraciones moteras de 2025 que no te puedes perder"}]},{"@type":"WebSite","@id":"https:\/\/www.boxrepsol.com\/es\/#website","url":"https:\/\/www.boxrepsol.com\/es\/","name":"Box Repsol","description":"Box Repsol Site","publisher":{"@id":"https:\/\/www.boxrepsol.com\/es\/#organization"},"potentialAction":[{"@type":"SearchAction","target":{"@type":"EntryPoint","urlTemplate":"https:\/\/www.boxrepsol.com\/es\/?s={search_term_string}"},"query-input":{"@type":"PropertyValueSpecification","valueRequired":true,"valueName":"search_term_string"}}],"inLanguage":"es"},{"@type":"Organization","@id":"https:\/\/www.boxrepsol.com\/es\/#organization","name":"Box Repsol","url":"https:\/\/www.boxrepsol.com\/es\/","logo":{"@type":"ImageObject","inLanguage":"es","@id":"https:\/\/www.boxrepsol.com\/es\/#\/schema\/logo\/image\/","url":"https:\/\/bxrepsol.s3.eu-west-1.amazonaws.com\/static\/2025\/07\/30083337\/favicon-96x96-1.png","contentUrl":"https:\/\/bxrepsol.s3.eu-west-1.amazonaws.com\/static\/2025\/07\/30083337\/favicon-96x96-1.png","width":96,"height":96,"caption":"Box Repsol"},"image":{"@id":"https:\/\/www.boxrepsol.com\/es\/#\/schema\/logo\/image\/"},"sameAs":["https:\/\/www.facebook.com\/BoxRepsol","https:\/\/x.com\/box_repsol","http:\/\/instagram.com\/box_repsol","https:\/\/www.youtube.com\/user\/RepsolCompeticion","https:\/\/www.flickr.com\/photos\/box_repsol\/"]},{"@type":"Person","@id":"https:\/\/www.boxrepsol.com\/es\/#\/schema\/person\/26abce1d675df22d63ac9e9d5f23e4aa","name":"Juan Pedro de la Torre","image":{"@type":"ImageObject","inLanguage":"es","@id":"https:\/\/secure.gravatar.com\/avatar\/e81f780ee2930d7be330cb34304decf0e9bc66bec0158805a0fe2726f4517224?s=96&d=mm&r=g","url":"https:\/\/secure.gravatar.com\/avatar\/e81f780ee2930d7be330cb34304decf0e9bc66bec0158805a0fe2726f4517224?s=96&d=mm&r=g","contentUrl":"https:\/\/secure.gravatar.com\/avatar\/e81f780ee2930d7be330cb34304decf0e9bc66bec0158805a0fe2726f4517224?s=96&d=mm&r=g","caption":"Juan Pedro de la Torre"},"description":"Se inici\u00f3 en el diario Marca en 1988 y posteriormente pas\u00f3 a la revista Motociclismo, donde llegar\u00eda a ser director de deporte. Despu\u00e9s fue editor y director de Motoworld.es y Sport Bikes y colabor\u00f3 con varios medios. Adem\u00e1s, ha publicado una docena de libros y actualmente trabaja como colaborador para Motociclismo, El Confidencial y Box Repsol.","sameAs":["https:\/\/x.com\/https:\/\/twitter.com\/JPdelaTorre1965","https:\/\/youtube.com\/@juanpedrodelatorremotoworld"],"url":"https:\/\/www.boxrepsol.com\/es\/author\/juanpedro_delatorre\/"}]}},"_links":{"self":[{"href":"https:\/\/www.boxrepsol.com\/es\/wp-json\/wp\/v2\/posts\/116741","targetHints":{"allow":["GET"]}}],"collection":[{"href":"https:\/\/www.boxrepsol.com\/es\/wp-json\/wp\/v2\/posts"}],"about":[{"href":"https:\/\/www.boxrepsol.com\/es\/wp-json\/wp\/v2\/types\/post"}],"author":[{"embeddable":true,"href":"https:\/\/www.boxrepsol.com\/es\/wp-json\/wp\/v2\/users\/41268"}],"replies":[{"embeddable":true,"href":"https:\/\/www.boxrepsol.com\/es\/wp-json\/wp\/v2\/comments?post=116741"}],"version-history":[{"count":8,"href":"https:\/\/www.boxrepsol.com\/es\/wp-json\/wp\/v2\/posts\/116741\/revisions"}],"predecessor-version":[{"id":126051,"href":"https:\/\/www.boxrepsol.com\/es\/wp-json\/wp\/v2\/posts\/116741\/revisions\/126051"}],"wp:featuredmedia":[{"embeddable":true,"href":"https:\/\/www.boxrepsol.com\/es\/wp-json\/wp\/v2\/media\/116742"}],"wp:attachment":[{"href":"https:\/\/www.boxrepsol.com\/es\/wp-json\/wp\/v2\/media?parent=116741"}],"wp:term":[{"taxonomy":"category","embeddable":true,"href":"https:\/\/www.boxrepsol.com\/es\/wp-json\/wp\/v2\/categories?post=116741"},{"taxonomy":"post_tag","embeddable":true,"href":"https:\/\/www.boxrepsol.com\/es\/wp-json\/wp\/v2\/tags?post=116741"}],"curies":[{"name":"wp","href":"https:\/\/api.w.org\/{rel}","templated":true}]}}