{"id":116707,"date":"2024-05-26T11:03:30","date_gmt":"2024-05-26T13:03:30","guid":{"rendered":"https:\/\/www.boxrepsol.com\/?p=116707"},"modified":"2025-07-24T06:48:13","modified_gmt":"2025-07-24T08:48:13","slug":"resultados-del-gp-de-catalunya-de-motogp-2024","status":"publish","type":"post","link":"https:\/\/www.boxrepsol.com\/es\/motogp\/resultados-del-gp-de-catalunya-de-motogp-2024\/","title":{"rendered":"Resultados del GP de Catalunya de MotoGP 2024"},"content":{"rendered":"<figure class=\"wp-block-post-featured-image\"><img loading=\"lazy\" decoding=\"async\" width=\"1280\" height=\"650\" src=\"https:\/\/bxrepsol.s3.eu-west-1.amazonaws.com\/static\/2024\/05\/26071750\/CRONICA2.png\" class=\"attachment-post-thumbnail size-post-thumbnail wp-post-image\" alt=\"\" style=\"object-fit:cover;\" srcset=\"https:\/\/bxrepsol.s3.eu-west-1.amazonaws.com\/static\/2024\/05\/26071750\/CRONICA2.png 1280w, https:\/\/bxrepsol.s3.eu-west-1.amazonaws.com\/static\/2024\/05\/26071750\/CRONICA2-300x152.png 300w, https:\/\/bxrepsol.s3.eu-west-1.amazonaws.com\/static\/2024\/05\/26071750\/CRONICA2-1024x520.png 1024w, https:\/\/bxrepsol.s3.eu-west-1.amazonaws.com\/static\/2024\/05\/26071750\/CRONICA2-768x390.png 768w\" sizes=\"auto, (max-width: 1280px) 100vw, 1280px\" \/><\/figure>\n\n\n<p>El <strong>Circuit de Barcelona &#8211; Catalunya <\/strong>ha visto c\u00f3mo <strong>Pecco Bagnaia (Ducati) <\/strong>se ha hecho con una nueva victoria en el <strong>Gran Premio de Catalunya<\/strong>. El actual vigente Campe\u00f3n del Mundo ha finalizado una s\u00f3lida carrera en la que se ha hecho con 25 puntos valiosos para la persecuci\u00f3n de un nuevo t\u00edtulo mundial. Tras el piloto italiano, Jorge Mart\u00edn (Ducati) y Marc M\u00e1rquez (Ducati) han cerrado el podio. <\/p>\n\n\n\n<p>El <strong>Top 10<\/strong> ha sido completado por Enea Bastianini, Maverick Vi\u00f1ales, Pedro Acosta, Aleix Espargar\u00f3, Brad Binder, Fabio Di Giannantonio y Marco Bezzecchi.<\/p>\n\n\n\n<p>Con este resultado, Pecco Bagnaia recupera la segunda posici\u00f3n en la clasificaci\u00f3n general, situ\u00e1ndose a 39 puntos de Jorge Mart\u00edn.  <\/p>\n\n\n\n<p>La pr\u00f3xima cita del <a href=\"https:\/\/www.boxrepsol.com\/es\/calendario-gp\/calendario-motogp-2024\/\">calendario<\/a> ser\u00e1 la semana que viene en el <strong>Aut\u00f3dromo Internacional del Mugello<\/strong>. <\/p>\n\n\n\n<div id=\"ez-toc-container\" class=\"ez-toc-v2_0_82_2 counter-hierarchy ez-toc-counter ez-toc-grey ez-toc-container-direction\">\n<div class=\"ez-toc-title-container\">\n<p class=\"ez-toc-title\" style=\"cursor:inherit\">\u00cdndice<\/p>\n<span class=\"ez-toc-title-toggle\"><a href=\"#\" class=\"ez-toc-pull-right ez-toc-btn ez-toc-btn-xs ez-toc-btn-default ez-toc-toggle\" aria-label=\"Toggle Table of Content\"><span class=\"ez-toc-js-icon-con\"><span class=\"\"><span class=\"eztoc-hide\" style=\"display:none;\">Toggle<\/span><span class=\"ez-toc-icon-toggle-span\"><svg style=\"fill: #999;color:#999\" xmlns=\"http:\/\/www.w3.org\/2000\/svg\" class=\"list-377408\" width=\"20px\" height=\"20px\" viewBox=\"0 0 24 24\" fill=\"none\"><path d=\"M6 6H4v2h2V6zm14 0H8v2h12V6zM4 11h2v2H4v-2zm16 0H8v2h12v-2zM4 16h2v2H4v-2zm16 0H8v2h12v-2z\" fill=\"currentColor\"><\/path><\/svg><svg style=\"fill: #999;color:#999\" class=\"arrow-unsorted-368013\" xmlns=\"http:\/\/www.w3.org\/2000\/svg\" width=\"10px\" height=\"10px\" viewBox=\"0 0 24 24\" version=\"1.2\" baseProfile=\"tiny\"><path d=\"M18.2 9.3l-6.2-6.3-6.2 6.3c-.2.2-.3.4-.3.7s.1.5.3.7c.2.2.4.3.7.3h11c.3 0 .5-.1.7-.3.2-.2.3-.5.3-.7s-.1-.5-.3-.7zM5.8 14.7l6.2 6.3 6.2-6.3c.2-.2.3-.5.3-.7s-.1-.5-.3-.7c-.2-.2-.4-.3-.7-.3h-11c-.3 0-.5.1-.7.3-.2.2-.3.5-.3.7s.1.5.3.7z\"\/><\/svg><\/span><\/span><\/span><\/a><\/span><\/div>\n<nav><ul class='ez-toc-list ez-toc-list-level-1 ' ><ul class='ez-toc-list-level-3' ><li class='ez-toc-heading-level-3'><a class=\"ez-toc-link ez-toc-heading-1\" href=\"https:\/\/www.boxrepsol.com\/es\/motogp\/resultados-del-gp-de-catalunya-de-motogp-2024\/#Joan_Mir_cierra_los_puntos_en_Montmelo\" >Joan Mir cierra los puntos en Montmel\u00f3<\/a><\/li><li class='ez-toc-page-1 ez-toc-heading-level-3'><a class=\"ez-toc-link ez-toc-heading-2\" href=\"https:\/\/www.boxrepsol.com\/es\/motogp\/resultados-del-gp-de-catalunya-de-motogp-2024\/#Resultados_de_la_carrera_GP_de_Catalunya_24_vueltas\" >Resultados de la carrera: GP de Catalunya (24 vueltas)<\/a><\/li><li class='ez-toc-page-1 ez-toc-heading-level-3'><a class=\"ez-toc-link ez-toc-heading-3\" href=\"https:\/\/www.boxrepsol.com\/es\/motogp\/resultados-del-gp-de-catalunya-de-motogp-2024\/#Clasificacion_General\" >Clasificaci\u00f3n General<\/a><\/li><\/ul><\/li><li class='ez-toc-page-1 ez-toc-heading-level-2'><a class=\"ez-toc-link ez-toc-heading-4\" href=\"https:\/\/www.boxrepsol.com\/es\/motogp\/resultados-del-gp-de-catalunya-de-motogp-2024\/#Declaraciones\" >Declaraciones<\/a><\/li><li class='ez-toc-page-1 ez-toc-heading-level-2'><a class=\"ez-toc-link ez-toc-heading-5\" href=\"https:\/\/www.boxrepsol.com\/es\/motogp\/resultados-del-gp-de-catalunya-de-motogp-2024\/#Joan_Mir\" >Joan Mir<\/a><\/li><li class='ez-toc-page-1 ez-toc-heading-level-2'><a class=\"ez-toc-link ez-toc-heading-6\" href=\"https:\/\/www.boxrepsol.com\/es\/motogp\/resultados-del-gp-de-catalunya-de-motogp-2024\/#Luca_Marini\" >Luca Marini<\/a><\/li><\/ul><\/nav><\/div>\n<h3 class=\"wp-block-heading\"><span class=\"ez-toc-section\" id=\"Joan_Mir_cierra_los_puntos_en_Montmelo\"><\/span><strong>Joan Mir cierra los puntos en Montmel\u00f3 <\/strong><span class=\"ez-toc-section-end\"><\/span><\/h3>\n\n\n\n<p>Los pilotos del <strong>equipo Repsol Honda<\/strong> han salido a pista con el claro objetivo de probar y entender los nuevos paquetes para la RC213V. <\/p>\n\n\n\n<p>Como sucedi\u00f3 durante las sesiones del viernes y el s\u00e1bado, <strong>Joan Mir<\/strong> no ha terminado de sentirse c\u00f3modo con los cambios implementados durante este fin de semana. Sin embargo, el piloto del<strong> equipo Repsol Honda <\/strong>ha mejorado su ritmo con el transcurso de la carrera y ha cruzado l\u00ednea de meta en la <strong>15\u00aa posici\u00f3n<\/strong>. <\/p>\n\n\n\n<p>Por su parte, <strong>Luca Marini<\/strong> ha protagonizado una buena salida que le ha permitido rozar las posiciones de puntos en los primeros compases de carrera. No obstante, el piloto italiano no ha logrado mantener el ritmo de sus rivales y ha finalizado en la <strong>17\u00aa plaza<\/strong>. <\/p>\n\n\n\n<h3 class=\"wp-block-heading\"><span class=\"ez-toc-section\" id=\"Resultados_de_la_carrera_GP_de_Catalunya_24_vueltas\"><\/span><strong>Resultados de la carrera: GP de Catalunya (24 vueltas)<\/strong><span class=\"ez-toc-section-end\"><\/span><\/h3>\n\n\n\n<figure class=\"wp-block-table is-style-stripes\"><table><tbody><tr><td><strong>PILOTO<\/strong><\/td><td><strong>EQUIPO<\/strong><\/td><td><strong>TIEMPO<\/strong><\/td><\/tr><tr><td>1. Pecco Bagnaia<\/td><td>DUCATI<\/td><td>40:11.726<\/td><\/tr><tr><td>2. Jorge Mart\u00edn<\/td><td>DUCATI<\/td><td>+1.740<\/td><\/tr><tr><td>3. Marc M\u00e1rquez<\/td><td>DUCATI<\/td><td>+10.491<\/td><\/tr><tr><td>4. Aleix Espargar\u00f3<\/td><td>APRILIA<\/td><td>+10.543<\/td><\/tr><tr><td>5. Fabio Di Giannantonio<\/td><td>DUCATI<\/td><td>+15.441<\/td><\/tr><tr><td>6. Ra\u00fal Fern\u00e1ndez<\/td><td>APRILIA<\/td><td>+15.916<\/td><\/tr><tr><td>7. \u00c1lex M\u00e1rquez<\/td><td>DUCATI<\/td><td>+16.882<\/td><\/tr><tr><td>8. Brad Binder <\/td><td>KTM<\/td><td>+18.578<\/td><\/tr><tr><td>9. Fabio Quartararo<\/td><td>YAMAHA<\/td><td>+20.477<\/td><\/tr><tr><td>10. Marco Bezzecchi<\/td><td>DUCATI<\/td><td>+21.023<\/td><\/tr><tr><td><strong>15. Joan Mir<\/strong><\/td><td><strong>REPSOL HONDA<\/strong><\/td><td><strong>+33.132<\/strong><\/td><\/tr><tr><td><strong>17.<\/strong> <strong>Luca Marini<\/strong><\/td><td><strong>REPSOL HONDA<\/strong><\/td><td><strong>+36.689<\/strong><\/td><\/tr><\/tbody><\/table><\/figure>\n\n\n\n<h3 class=\"wp-block-heading\"><span class=\"ez-toc-section\" id=\"Clasificacion_General\"><\/span><strong>Clasificaci\u00f3n General<\/strong><span class=\"ez-toc-section-end\"><\/span><\/h3>\n\n\n\n<figure class=\"wp-block-table is-style-stripes\"><table><tbody><tr><td><strong>PILOTO<\/strong><\/td><td><strong>EQUIPO<\/strong><\/td><td><strong>PUNTOS<\/strong><\/td><\/tr><tr><td>1. Jorge Mart\u00edn<\/td><td>DUCATI<\/td><td>155<\/td><\/tr><tr><td>2. Pecco Bagnaia<\/td><td>DUCATI<\/td><td>116<\/td><\/tr><tr><td>3. Marc M\u00e1rquez<\/td><td>DUCATI<\/td><td>114<\/td><\/tr><tr><td>4. Enea Bastianini<\/td><td>DUCATI<\/td><td>94<\/td><\/tr><tr><td>5. Maverick Vi\u00f1ales<\/td><td>APRILIA<\/td><td>87<\/td><\/tr><tr><td>6. Pedro Acosta<\/td><td>GASGAS<\/td><td>83<\/td><\/tr><tr><td>7. Aleix Espargar\u00f3 <\/td><td>APRILIA<\/td><td>76<\/td><\/tr><tr><td>8. Brad Binder<\/td><td>KTM<\/td><td>75<\/td><\/tr><tr><td>9. Fabio Di Giannantonio<\/td><td>DUCATI<\/td><td>62<\/td><\/tr><tr><td>10. Marco Bezzecchi<\/td><td>DUCATI<\/td><td>42<\/td><\/tr><tr><td><strong>18. Joan Mir<\/strong><\/td><td><strong>REPSOL HONDA<\/strong><\/td><td><strong>13<\/strong><\/td><\/tr><tr><td><strong>23. Luca Marini<\/strong><\/td><td><strong>REPSOL HONDA<\/strong><\/td><td><strong>0<\/strong><\/td><\/tr><\/tbody><\/table><\/figure>\n\n\n\n<div id=\"4dacf628-3032-4259-8a5a-549397f8149d\" class=\"br-slider-box\"><div class=\"wp-block-create-block-repsol-carousel br-slider\"><a target=\"_blank\" href=\"https:\/\/bxrepsol.s3.eu-west-1.amazonaws.com\/static\/2024\/05\/26125016\/147133737_JRB0507.jpg\" data-index=\"0\" rel=\"noopener\"><img decoding=\"async\" src=\"https:\/\/bxrepsol.s3.eu-west-1.amazonaws.com\/static\/2024\/05\/26125016\/147133737_JRB0507.jpg\"\/><\/a><a target=\"_blank\" href=\"https:\/\/bxrepsol.s3.eu-west-1.amazonaws.com\/static\/2024\/05\/26125018\/147140229_0JR0307.jpg\" data-index=\"1\" rel=\"noopener\"><img decoding=\"async\" src=\"https:\/\/bxrepsol.s3.eu-west-1.amazonaws.com\/static\/2024\/05\/26125018\/147140229_0JR0307.jpg\"\/><\/a><a target=\"_blank\" href=\"https:\/\/bxrepsol.s3.eu-west-1.amazonaws.com\/static\/2024\/05\/26125019\/147140409_0JR0398.jpg\" data-index=\"2\" rel=\"noopener\"><img decoding=\"async\" src=\"https:\/\/bxrepsol.s3.eu-west-1.amazonaws.com\/static\/2024\/05\/26125019\/147140409_0JR0398.jpg\"\/><\/a><a target=\"_blank\" href=\"https:\/\/bxrepsol.s3.eu-west-1.amazonaws.com\/static\/2024\/05\/26125021\/147140744_0JR0516.jpg\" data-index=\"3\" rel=\"noopener\"><img decoding=\"async\" src=\"https:\/\/bxrepsol.s3.eu-west-1.amazonaws.com\/static\/2024\/05\/26125021\/147140744_0JR0516.jpg\"\/><\/a><a target=\"_blank\" href=\"https:\/\/bxrepsol.s3.eu-west-1.amazonaws.com\/static\/2024\/05\/26125022\/147143243_0JR2039.jpg\" data-index=\"4\" rel=\"noopener\"><img decoding=\"async\" src=\"https:\/\/bxrepsol.s3.eu-west-1.amazonaws.com\/static\/2024\/05\/26125022\/147143243_0JR2039.jpg\"\/><\/a><\/div><div class=\"br-slider-buttons\"><button class=\"arrow rds-icon arrow--left rds-icon-Arrow_left\"><\/button><button class=\"arrow rds-icon arrow--right rds-icon-Arrow_right\"><\/button><\/div><\/div>\n\n\n\n<h2 class=\"wp-block-heading\"><span class=\"ez-toc-section\" id=\"Declaraciones\"><\/span><strong>Declaraciones<\/strong><span class=\"ez-toc-section-end\"><\/span><\/h2>\n\n\n\n<h2 class=\"wp-block-heading\"><span class=\"ez-toc-section\" id=\"Joan_Mir\"><\/span><strong>Joan Mir<\/strong><span class=\"ez-toc-section-end\"><\/span><\/h2>\n\n\n\n<p>\u00abSe acaba un fin de semana complicado, pero sab\u00edamos que ser\u00eda as\u00ed para nosotros en este circuito. Durante el Gran Premio hemos probado algunas cosas que nos ayudar\u00e1n mucho en el futuro, pero este fin de semana ha sido complicado. Conf\u00edo en que seremos m\u00e1s fuertes en las pr\u00f3ximas carreras y podremos volver a lo que hac\u00edamos en la primera. Sigamos trabajando y centr\u00e1ndonos en el largo plazo, un paso est\u00e1 por llegar\u00bb.<\/p>\n\n\n\n<h2 class=\"wp-block-heading\"><span class=\"ez-toc-section\" id=\"Luca_Marini\"><\/span><strong>Luca Marini<\/strong><span class=\"ez-toc-section-end\"><\/span><\/h2>\n\n\n\n<p>\u00abHoy ha sido mi mejor carrera como piloto Honda, me sent\u00eda muy fuerte en la salida. He estado mucho tiempo detr\u00e1s de Nakagami en el rebufo y eso ha hecho subir la temperatura de la parte delantera. Me sent\u00eda con m\u00e1s ritmo, pero no pod\u00eda adelantarle y, sinceramente, \u00e9l estaba pilotando bien. La falta de agarre que tenemos aqu\u00ed siempre es dif\u00edcil para todos los pilotos, as\u00ed que no podemos perder la concentraci\u00f3n y ser inteligentes sobre d\u00f3nde trabajar. Creo que lo estamos consiguiendo, ya que la moto est\u00e1 mejorando y yo me encuentro mejor. Hay m\u00e1s por venir\u00bb.<\/p>\n","protected":false},"excerpt":{"rendered":"<p>Pecco Bagnaia se alza con la victoria del Gran Premio de Catalunya <\/p>\n","protected":false},"author":43146,"featured_media":116708,"comment_status":"open","ping_status":"open","sticky":false,"template":"","format":"standard","meta":{"footnotes":""},"categories":[4],"tags":[478,271,422,434],"class_list":["post-116707","post","type-post","status-publish","format-standard","hentry","category-motogp","tag-gp-catalunya","tag-joan-mir","tag-luca-marini","tag-motogp-2024"],"yoast_head":"<!-- This site is optimized with the Yoast SEO plugin v27.3 - https:\/\/yoast.com\/product\/yoast-seo-wordpress\/ -->\n<title>Resultados del GP de Catalunya de MotoGP 2024 - Box Repsol<\/title>\n<meta name=\"description\" content=\"Cr\u00f3nica y resultados del GP de Catalunya 2024 de MotoGP, disputado en Montmel\u00f3.\" \/>\n<link rel=\"canonical\" href=\"https:\/\/www.boxrepsol.com\/es\/motogp\/resultados-del-gp-de-catalunya-de-motogp-2024\/\" \/>\n<meta property=\"og:locale\" content=\"es_ES\" \/>\n<meta property=\"og:type\" content=\"article\" \/>\n<meta property=\"og:title\" content=\"Resultados del GP de Catalunya de MotoGP 2024 - Box Repsol\" \/>\n<meta property=\"og:description\" content=\"Cr\u00f3nica y resultados del GP de Catalunya 2024 de MotoGP, disputado en Montmel\u00f3.\" \/>\n<meta property=\"og:url\" content=\"https:\/\/www.boxrepsol.com\/es\/motogp\/resultados-del-gp-de-catalunya-de-motogp-2024\/\" \/>\n<meta property=\"og:site_name\" content=\"Box Repsol\" \/>\n<meta property=\"article:publisher\" content=\"https:\/\/www.facebook.com\/BoxRepsol\" \/>\n<meta property=\"article:author\" content=\"https:\/\/www.facebook.com\/BoxRepsol\/\" \/>\n<meta property=\"article:published_time\" content=\"2024-05-26T13:03:30+00:00\" \/>\n<meta property=\"article:modified_time\" content=\"2025-07-24T08:48:13+00:00\" \/>\n<meta property=\"og:image\" content=\"https:\/\/bxrepsol.s3.eu-west-1.amazonaws.com\/static\/2024\/05\/26071750\/CRONICA2.png\" \/>\n\t<meta property=\"og:image:width\" content=\"1280\" \/>\n\t<meta property=\"og:image:height\" content=\"650\" \/>\n\t<meta property=\"og:image:type\" content=\"image\/png\" \/>\n<meta name=\"author\" content=\"Redacci\u00f3n Box Repsol\" \/>\n<meta name=\"twitter:card\" content=\"summary_large_image\" \/>\n<meta name=\"twitter:creator\" content=\"@https:\/\/twitter.com\/box_repsol\" \/>\n<meta name=\"twitter:site\" content=\"@box_repsol\" \/>\n<meta name=\"twitter:label1\" content=\"Written by\" \/>\n\t<meta name=\"twitter:data1\" content=\"Redacci\u00f3n Box Repsol\" \/>\n\t<meta name=\"twitter:label2\" content=\"Est. reading time\" \/>\n\t<meta name=\"twitter:data2\" content=\"3 minutos\" \/>\n<script type=\"application\/ld+json\" class=\"yoast-schema-graph\">{\"@context\":\"https:\\\/\\\/schema.org\",\"@graph\":[{\"@type\":\"Article\",\"@id\":\"https:\\\/\\\/www.boxrepsol.com\\\/es\\\/motogp\\\/resultados-del-gp-de-catalunya-de-motogp-2024\\\/#article\",\"isPartOf\":{\"@id\":\"https:\\\/\\\/www.boxrepsol.com\\\/es\\\/motogp\\\/resultados-del-gp-de-catalunya-de-motogp-2024\\\/\"},\"author\":{\"name\":\"Redacci\u00f3n Box Repsol\",\"@id\":\"https:\\\/\\\/www.boxrepsol.com\\\/es\\\/#\\\/schema\\\/person\\\/c5c2138f2cca251b0ad92b7086bb60b7\"},\"headline\":\"Resultados del GP de Catalunya de MotoGP 2024\",\"datePublished\":\"2024-05-26T13:03:30+00:00\",\"dateModified\":\"2025-07-24T08:48:13+00:00\",\"mainEntityOfPage\":{\"@id\":\"https:\\\/\\\/www.boxrepsol.com\\\/es\\\/motogp\\\/resultados-del-gp-de-catalunya-de-motogp-2024\\\/\"},\"wordCount\":578,\"commentCount\":0,\"publisher\":{\"@id\":\"https:\\\/\\\/www.boxrepsol.com\\\/es\\\/#organization\"},\"image\":{\"@id\":\"https:\\\/\\\/www.boxrepsol.com\\\/es\\\/motogp\\\/resultados-del-gp-de-catalunya-de-motogp-2024\\\/#primaryimage\"},\"thumbnailUrl\":\"https:\\\/\\\/bxrepsol.s3.eu-west-1.amazonaws.com\\\/static\\\/2024\\\/05\\\/26071750\\\/CRONICA2.png\",\"keywords\":[\"GP Catalunya\",\"Joan Mir\",\"Luca Marini\",\"MotoGP 2024\"],\"articleSection\":[\"MotoGP\"],\"inLanguage\":\"es\",\"potentialAction\":[{\"@type\":\"CommentAction\",\"name\":\"Comment\",\"target\":[\"https:\\\/\\\/www.boxrepsol.com\\\/es\\\/motogp\\\/resultados-del-gp-de-catalunya-de-motogp-2024\\\/#respond\"]}]},{\"@type\":\"WebPage\",\"@id\":\"https:\\\/\\\/www.boxrepsol.com\\\/es\\\/motogp\\\/resultados-del-gp-de-catalunya-de-motogp-2024\\\/\",\"url\":\"https:\\\/\\\/www.boxrepsol.com\\\/es\\\/motogp\\\/resultados-del-gp-de-catalunya-de-motogp-2024\\\/\",\"name\":\"Resultados del GP de Catalunya de MotoGP 2024 - Box Repsol\",\"isPartOf\":{\"@id\":\"https:\\\/\\\/www.boxrepsol.com\\\/es\\\/#website\"},\"primaryImageOfPage\":{\"@id\":\"https:\\\/\\\/www.boxrepsol.com\\\/es\\\/motogp\\\/resultados-del-gp-de-catalunya-de-motogp-2024\\\/#primaryimage\"},\"image\":{\"@id\":\"https:\\\/\\\/www.boxrepsol.com\\\/es\\\/motogp\\\/resultados-del-gp-de-catalunya-de-motogp-2024\\\/#primaryimage\"},\"thumbnailUrl\":\"https:\\\/\\\/bxrepsol.s3.eu-west-1.amazonaws.com\\\/static\\\/2024\\\/05\\\/26071750\\\/CRONICA2.png\",\"datePublished\":\"2024-05-26T13:03:30+00:00\",\"dateModified\":\"2025-07-24T08:48:13+00:00\",\"description\":\"Cr\u00f3nica y resultados del GP de Catalunya 2024 de MotoGP, disputado en Montmel\u00f3.\",\"breadcrumb\":{\"@id\":\"https:\\\/\\\/www.boxrepsol.com\\\/es\\\/motogp\\\/resultados-del-gp-de-catalunya-de-motogp-2024\\\/#breadcrumb\"},\"inLanguage\":\"es\",\"potentialAction\":[{\"@type\":\"ReadAction\",\"target\":[\"https:\\\/\\\/www.boxrepsol.com\\\/es\\\/motogp\\\/resultados-del-gp-de-catalunya-de-motogp-2024\\\/\"]}]},{\"@type\":\"ImageObject\",\"inLanguage\":\"es\",\"@id\":\"https:\\\/\\\/www.boxrepsol.com\\\/es\\\/motogp\\\/resultados-del-gp-de-catalunya-de-motogp-2024\\\/#primaryimage\",\"url\":\"https:\\\/\\\/bxrepsol.s3.eu-west-1.amazonaws.com\\\/static\\\/2024\\\/05\\\/26071750\\\/CRONICA2.png\",\"contentUrl\":\"https:\\\/\\\/bxrepsol.s3.eu-west-1.amazonaws.com\\\/static\\\/2024\\\/05\\\/26071750\\\/CRONICA2.png\",\"width\":1280,\"height\":650},{\"@type\":\"BreadcrumbList\",\"@id\":\"https:\\\/\\\/www.boxrepsol.com\\\/es\\\/motogp\\\/resultados-del-gp-de-catalunya-de-motogp-2024\\\/#breadcrumb\",\"itemListElement\":[{\"@type\":\"ListItem\",\"position\":1,\"name\":\"Home\",\"item\":\"https:\\\/\\\/www.boxrepsol.com\\\/es\\\/\"},{\"@type\":\"ListItem\",\"position\":2,\"name\":\"Resultados del GP de Catalunya de MotoGP 2024\"}]},{\"@type\":\"WebSite\",\"@id\":\"https:\\\/\\\/www.boxrepsol.com\\\/es\\\/#website\",\"url\":\"https:\\\/\\\/www.boxrepsol.com\\\/es\\\/\",\"name\":\"Box Repsol\",\"description\":\"Box Repsol Site\",\"publisher\":{\"@id\":\"https:\\\/\\\/www.boxrepsol.com\\\/es\\\/#organization\"},\"potentialAction\":[{\"@type\":\"SearchAction\",\"target\":{\"@type\":\"EntryPoint\",\"urlTemplate\":\"https:\\\/\\\/www.boxrepsol.com\\\/es\\\/?s={search_term_string}\"},\"query-input\":{\"@type\":\"PropertyValueSpecification\",\"valueRequired\":true,\"valueName\":\"search_term_string\"}}],\"inLanguage\":\"es\"},{\"@type\":\"Organization\",\"@id\":\"https:\\\/\\\/www.boxrepsol.com\\\/es\\\/#organization\",\"name\":\"Box Repsol\",\"url\":\"https:\\\/\\\/www.boxrepsol.com\\\/es\\\/\",\"logo\":{\"@type\":\"ImageObject\",\"inLanguage\":\"es\",\"@id\":\"https:\\\/\\\/www.boxrepsol.com\\\/es\\\/#\\\/schema\\\/logo\\\/image\\\/\",\"url\":\"https:\\\/\\\/bxrepsol.s3.eu-west-1.amazonaws.com\\\/static\\\/2025\\\/07\\\/30083337\\\/favicon-96x96-1.png\",\"contentUrl\":\"https:\\\/\\\/bxrepsol.s3.eu-west-1.amazonaws.com\\\/static\\\/2025\\\/07\\\/30083337\\\/favicon-96x96-1.png\",\"width\":96,\"height\":96,\"caption\":\"Box Repsol\"},\"image\":{\"@id\":\"https:\\\/\\\/www.boxrepsol.com\\\/es\\\/#\\\/schema\\\/logo\\\/image\\\/\"},\"sameAs\":[\"https:\\\/\\\/www.facebook.com\\\/BoxRepsol\",\"https:\\\/\\\/x.com\\\/box_repsol\",\"http:\\\/\\\/instagram.com\\\/box_repsol\",\"https:\\\/\\\/www.youtube.com\\\/user\\\/RepsolCompeticion\",\"https:\\\/\\\/www.flickr.com\\\/photos\\\/box_repsol\\\/\"]},{\"@type\":\"Person\",\"@id\":\"https:\\\/\\\/www.boxrepsol.com\\\/es\\\/#\\\/schema\\\/person\\\/c5c2138f2cca251b0ad92b7086bb60b7\",\"name\":\"Redacci\u00f3n Box Repsol\",\"image\":{\"@type\":\"ImageObject\",\"inLanguage\":\"es\",\"@id\":\"https:\\\/\\\/secure.gravatar.com\\\/avatar\\\/adf7b77e38b4419baf32c7e9c21dde01f4e40df611f0978e3006fc4ba0aaab7e?s=96&d=mm&r=g\",\"url\":\"https:\\\/\\\/secure.gravatar.com\\\/avatar\\\/adf7b77e38b4419baf32c7e9c21dde01f4e40df611f0978e3006fc4ba0aaab7e?s=96&d=mm&r=g\",\"contentUrl\":\"https:\\\/\\\/secure.gravatar.com\\\/avatar\\\/adf7b77e38b4419baf32c7e9c21dde01f4e40df611f0978e3006fc4ba0aaab7e?s=96&d=mm&r=g\",\"caption\":\"Redacci\u00f3n Box Repsol\"},\"description\":\"Box Repsol lo forma un equipo de periodistas, community managers, dise\u00f1adores y fot\u00f3grafos con m\u00e1s de 20 a\u00f1os de experiencia en el mundo del motorsport. Hemos vivido el primer mundial de un espa\u00f1ol en la categor\u00eda reina de motociclismo con \u00c1lex Crivill\u00e9, estuvimos en las victorias de Pedrosa y los t\u00edtulos de M\u00e1rquez, acompa\u00f1amos en \u00c1frica a Nani Roma y Marc Coma en sus conquistas del Dakar y hemos vibrado con los t\u00edtulos de Toni Bou en Trial. Adem\u00e1s, en nuestro equipo contamos con expertos en el mundo de las dos y cuatro ruedas tanto de la calle y las carreteras, como de los circuitos. Periodistas que han trabajado en revistas y publicaciones para hacerte llegar desde rutas y consejos de mantenimiento, a curiosidades y trucos de pilotaje.\",\"sameAs\":[\"https:\\\/\\\/www.facebook.com\\\/BoxRepsol\\\/\",\"https:\\\/\\\/www.instagram.com\\\/box_repsol\\\/\",\"https:\\\/\\\/x.com\\\/https:\\\/\\\/twitter.com\\\/box_repsol\",\"https:\\\/\\\/www.youtube.com\\\/@Boxrepsol\"],\"url\":\"https:\\\/\\\/www.boxrepsol.com\\\/es\\\/author\\\/redaccion-box-repsol\\\/\"}]}<\/script>\n<!-- \/ Yoast SEO plugin. -->","yoast_head_json":{"title":"Resultados del GP de Catalunya de MotoGP 2024 - Box Repsol","description":"Cr\u00f3nica y resultados del GP de Catalunya 2024 de MotoGP, disputado en Montmel\u00f3.","canonical":"https:\/\/www.boxrepsol.com\/es\/motogp\/resultados-del-gp-de-catalunya-de-motogp-2024\/","og_locale":"es_ES","og_type":"article","og_title":"Resultados del GP de Catalunya de MotoGP 2024 - Box Repsol","og_description":"Cr\u00f3nica y resultados del GP de Catalunya 2024 de MotoGP, disputado en Montmel\u00f3.","og_url":"https:\/\/www.boxrepsol.com\/es\/motogp\/resultados-del-gp-de-catalunya-de-motogp-2024\/","og_site_name":"Box Repsol","article_publisher":"https:\/\/www.facebook.com\/BoxRepsol","article_author":"https:\/\/www.facebook.com\/BoxRepsol\/","article_published_time":"2024-05-26T13:03:30+00:00","article_modified_time":"2025-07-24T08:48:13+00:00","og_image":[{"width":1280,"height":650,"url":"https:\/\/bxrepsol.s3.eu-west-1.amazonaws.com\/static\/2024\/05\/26071750\/CRONICA2.png","type":"image\/png"}],"author":"Redacci\u00f3n Box Repsol","twitter_card":"summary_large_image","twitter_creator":"@https:\/\/twitter.com\/box_repsol","twitter_site":"@box_repsol","twitter_misc":{"Written by":"Redacci\u00f3n Box Repsol","Est. reading time":"3 minutos"},"schema":{"@context":"https:\/\/schema.org","@graph":[{"@type":"Article","@id":"https:\/\/www.boxrepsol.com\/es\/motogp\/resultados-del-gp-de-catalunya-de-motogp-2024\/#article","isPartOf":{"@id":"https:\/\/www.boxrepsol.com\/es\/motogp\/resultados-del-gp-de-catalunya-de-motogp-2024\/"},"author":{"name":"Redacci\u00f3n Box Repsol","@id":"https:\/\/www.boxrepsol.com\/es\/#\/schema\/person\/c5c2138f2cca251b0ad92b7086bb60b7"},"headline":"Resultados del GP de Catalunya de MotoGP 2024","datePublished":"2024-05-26T13:03:30+00:00","dateModified":"2025-07-24T08:48:13+00:00","mainEntityOfPage":{"@id":"https:\/\/www.boxrepsol.com\/es\/motogp\/resultados-del-gp-de-catalunya-de-motogp-2024\/"},"wordCount":578,"commentCount":0,"publisher":{"@id":"https:\/\/www.boxrepsol.com\/es\/#organization"},"image":{"@id":"https:\/\/www.boxrepsol.com\/es\/motogp\/resultados-del-gp-de-catalunya-de-motogp-2024\/#primaryimage"},"thumbnailUrl":"https:\/\/bxrepsol.s3.eu-west-1.amazonaws.com\/static\/2024\/05\/26071750\/CRONICA2.png","keywords":["GP Catalunya","Joan Mir","Luca Marini","MotoGP 2024"],"articleSection":["MotoGP"],"inLanguage":"es","potentialAction":[{"@type":"CommentAction","name":"Comment","target":["https:\/\/www.boxrepsol.com\/es\/motogp\/resultados-del-gp-de-catalunya-de-motogp-2024\/#respond"]}]},{"@type":"WebPage","@id":"https:\/\/www.boxrepsol.com\/es\/motogp\/resultados-del-gp-de-catalunya-de-motogp-2024\/","url":"https:\/\/www.boxrepsol.com\/es\/motogp\/resultados-del-gp-de-catalunya-de-motogp-2024\/","name":"Resultados del GP de Catalunya de MotoGP 2024 - Box Repsol","isPartOf":{"@id":"https:\/\/www.boxrepsol.com\/es\/#website"},"primaryImageOfPage":{"@id":"https:\/\/www.boxrepsol.com\/es\/motogp\/resultados-del-gp-de-catalunya-de-motogp-2024\/#primaryimage"},"image":{"@id":"https:\/\/www.boxrepsol.com\/es\/motogp\/resultados-del-gp-de-catalunya-de-motogp-2024\/#primaryimage"},"thumbnailUrl":"https:\/\/bxrepsol.s3.eu-west-1.amazonaws.com\/static\/2024\/05\/26071750\/CRONICA2.png","datePublished":"2024-05-26T13:03:30+00:00","dateModified":"2025-07-24T08:48:13+00:00","description":"Cr\u00f3nica y resultados del GP de Catalunya 2024 de MotoGP, disputado en Montmel\u00f3.","breadcrumb":{"@id":"https:\/\/www.boxrepsol.com\/es\/motogp\/resultados-del-gp-de-catalunya-de-motogp-2024\/#breadcrumb"},"inLanguage":"es","potentialAction":[{"@type":"ReadAction","target":["https:\/\/www.boxrepsol.com\/es\/motogp\/resultados-del-gp-de-catalunya-de-motogp-2024\/"]}]},{"@type":"ImageObject","inLanguage":"es","@id":"https:\/\/www.boxrepsol.com\/es\/motogp\/resultados-del-gp-de-catalunya-de-motogp-2024\/#primaryimage","url":"https:\/\/bxrepsol.s3.eu-west-1.amazonaws.com\/static\/2024\/05\/26071750\/CRONICA2.png","contentUrl":"https:\/\/bxrepsol.s3.eu-west-1.amazonaws.com\/static\/2024\/05\/26071750\/CRONICA2.png","width":1280,"height":650},{"@type":"BreadcrumbList","@id":"https:\/\/www.boxrepsol.com\/es\/motogp\/resultados-del-gp-de-catalunya-de-motogp-2024\/#breadcrumb","itemListElement":[{"@type":"ListItem","position":1,"name":"Home","item":"https:\/\/www.boxrepsol.com\/es\/"},{"@type":"ListItem","position":2,"name":"Resultados del GP de Catalunya de MotoGP 2024"}]},{"@type":"WebSite","@id":"https:\/\/www.boxrepsol.com\/es\/#website","url":"https:\/\/www.boxrepsol.com\/es\/","name":"Box Repsol","description":"Box Repsol Site","publisher":{"@id":"https:\/\/www.boxrepsol.com\/es\/#organization"},"potentialAction":[{"@type":"SearchAction","target":{"@type":"EntryPoint","urlTemplate":"https:\/\/www.boxrepsol.com\/es\/?s={search_term_string}"},"query-input":{"@type":"PropertyValueSpecification","valueRequired":true,"valueName":"search_term_string"}}],"inLanguage":"es"},{"@type":"Organization","@id":"https:\/\/www.boxrepsol.com\/es\/#organization","name":"Box Repsol","url":"https:\/\/www.boxrepsol.com\/es\/","logo":{"@type":"ImageObject","inLanguage":"es","@id":"https:\/\/www.boxrepsol.com\/es\/#\/schema\/logo\/image\/","url":"https:\/\/bxrepsol.s3.eu-west-1.amazonaws.com\/static\/2025\/07\/30083337\/favicon-96x96-1.png","contentUrl":"https:\/\/bxrepsol.s3.eu-west-1.amazonaws.com\/static\/2025\/07\/30083337\/favicon-96x96-1.png","width":96,"height":96,"caption":"Box Repsol"},"image":{"@id":"https:\/\/www.boxrepsol.com\/es\/#\/schema\/logo\/image\/"},"sameAs":["https:\/\/www.facebook.com\/BoxRepsol","https:\/\/x.com\/box_repsol","http:\/\/instagram.com\/box_repsol","https:\/\/www.youtube.com\/user\/RepsolCompeticion","https:\/\/www.flickr.com\/photos\/box_repsol\/"]},{"@type":"Person","@id":"https:\/\/www.boxrepsol.com\/es\/#\/schema\/person\/c5c2138f2cca251b0ad92b7086bb60b7","name":"Redacci\u00f3n Box Repsol","image":{"@type":"ImageObject","inLanguage":"es","@id":"https:\/\/secure.gravatar.com\/avatar\/adf7b77e38b4419baf32c7e9c21dde01f4e40df611f0978e3006fc4ba0aaab7e?s=96&d=mm&r=g","url":"https:\/\/secure.gravatar.com\/avatar\/adf7b77e38b4419baf32c7e9c21dde01f4e40df611f0978e3006fc4ba0aaab7e?s=96&d=mm&r=g","contentUrl":"https:\/\/secure.gravatar.com\/avatar\/adf7b77e38b4419baf32c7e9c21dde01f4e40df611f0978e3006fc4ba0aaab7e?s=96&d=mm&r=g","caption":"Redacci\u00f3n Box Repsol"},"description":"Box Repsol lo forma un equipo de periodistas, community managers, dise\u00f1adores y fot\u00f3grafos con m\u00e1s de 20 a\u00f1os de experiencia en el mundo del motorsport. Hemos vivido el primer mundial de un espa\u00f1ol en la categor\u00eda reina de motociclismo con \u00c1lex Crivill\u00e9, estuvimos en las victorias de Pedrosa y los t\u00edtulos de M\u00e1rquez, acompa\u00f1amos en \u00c1frica a Nani Roma y Marc Coma en sus conquistas del Dakar y hemos vibrado con los t\u00edtulos de Toni Bou en Trial. Adem\u00e1s, en nuestro equipo contamos con expertos en el mundo de las dos y cuatro ruedas tanto de la calle y las carreteras, como de los circuitos. Periodistas que han trabajado en revistas y publicaciones para hacerte llegar desde rutas y consejos de mantenimiento, a curiosidades y trucos de pilotaje.","sameAs":["https:\/\/www.facebook.com\/BoxRepsol\/","https:\/\/www.instagram.com\/box_repsol\/","https:\/\/x.com\/https:\/\/twitter.com\/box_repsol","https:\/\/www.youtube.com\/@Boxrepsol"],"url":"https:\/\/www.boxrepsol.com\/es\/author\/redaccion-box-repsol\/"}]}},"_links":{"self":[{"href":"https:\/\/www.boxrepsol.com\/es\/wp-json\/wp\/v2\/posts\/116707","targetHints":{"allow":["GET"]}}],"collection":[{"href":"https:\/\/www.boxrepsol.com\/es\/wp-json\/wp\/v2\/posts"}],"about":[{"href":"https:\/\/www.boxrepsol.com\/es\/wp-json\/wp\/v2\/types\/post"}],"author":[{"embeddable":true,"href":"https:\/\/www.boxrepsol.com\/es\/wp-json\/wp\/v2\/users\/43146"}],"replies":[{"embeddable":true,"href":"https:\/\/www.boxrepsol.com\/es\/wp-json\/wp\/v2\/comments?post=116707"}],"version-history":[{"count":4,"href":"https:\/\/www.boxrepsol.com\/es\/wp-json\/wp\/v2\/posts\/116707\/revisions"}],"predecessor-version":[{"id":116731,"href":"https:\/\/www.boxrepsol.com\/es\/wp-json\/wp\/v2\/posts\/116707\/revisions\/116731"}],"wp:featuredmedia":[{"embeddable":true,"href":"https:\/\/www.boxrepsol.com\/es\/wp-json\/wp\/v2\/media\/116708"}],"wp:attachment":[{"href":"https:\/\/www.boxrepsol.com\/es\/wp-json\/wp\/v2\/media?parent=116707"}],"wp:term":[{"taxonomy":"category","embeddable":true,"href":"https:\/\/www.boxrepsol.com\/es\/wp-json\/wp\/v2\/categories?post=116707"},{"taxonomy":"post_tag","embeddable":true,"href":"https:\/\/www.boxrepsol.com\/es\/wp-json\/wp\/v2\/tags?post=116707"}],"curies":[{"name":"wp","href":"https:\/\/api.w.org\/{rel}","templated":true}]}}