{"id":116639,"date":"2024-05-24T12:17:36","date_gmt":"2024-05-24T14:17:36","guid":{"rendered":"https:\/\/www.boxrepsol.com\/?p=116639"},"modified":"2025-07-24T06:51:04","modified_gmt":"2025-07-24T08:51:04","slug":"resultados-de-los-entrenamientos-del-gp-de-catalunya-motogp-2024","status":"publish","type":"post","link":"https:\/\/www.boxrepsol.com\/es\/motogp\/resultados-de-los-entrenamientos-del-gp-de-catalunya-motogp-2024\/","title":{"rendered":"Resultados de los entrenamientos del GP de Catalunya MotoGP"},"content":{"rendered":"<figure class=\"wp-block-post-featured-image\"><img loading=\"lazy\" decoding=\"async\" width=\"1280\" height=\"650\" src=\"https:\/\/bxrepsol.s3.eu-west-1.amazonaws.com\/static\/2024\/05\/24095103\/CRONICA-1.png\" class=\"attachment-post-thumbnail size-post-thumbnail wp-post-image\" alt=\"\" style=\"object-fit:cover;\" srcset=\"https:\/\/bxrepsol.s3.eu-west-1.amazonaws.com\/static\/2024\/05\/24095103\/CRONICA-1.png 1280w, https:\/\/bxrepsol.s3.eu-west-1.amazonaws.com\/static\/2024\/05\/24095103\/CRONICA-1-300x152.png 300w, https:\/\/bxrepsol.s3.eu-west-1.amazonaws.com\/static\/2024\/05\/24095103\/CRONICA-1-1024x520.png 1024w, https:\/\/bxrepsol.s3.eu-west-1.amazonaws.com\/static\/2024\/05\/24095103\/CRONICA-1-768x390.png 768w\" sizes=\"auto, (max-width: 1280px) 100vw, 1280px\" \/><\/figure>\n\n\n<p>El primer d\u00eda de acci\u00f3n en el <strong>Circuit de Barcelona &#8211; Catalunya<\/strong> ha arrancado con <strong>Aleix Espargar\u00f3 (Aprilia)<\/strong> como l\u00edder de la tabla de tiempos con un registro de <strong>1:38.562.<\/strong> Tras anunciar su retirada a final de esta temporada, el piloto de la marca italiana ha conseguido brillar en su gran premio de casa. Tras Espargar\u00f3, Brad Binder (KTM) y Pedro Acosta (GasGas) han cerrado el <strong>Top 3<\/strong> del d\u00eda.<\/p>\n\n\n\n<p>El <strong>Top 10 <\/strong>ha sido completado por Bagnaia, Miller, Mart\u00edn, Bastianini, Morbidelli, Rins y Vi\u00f1ales. <\/p>\n\n\n\n<p>Los pilotos de la categor\u00eda reina volver\u00e1n a pista ma\u00f1ana a las&nbsp;<strong>10:10 (CEST)&nbsp;<\/strong>con la&nbsp;<strong>FP2<\/strong>. Al termino de este entrenamiento libre, arrancar\u00e1 la&nbsp;<strong>clasificaci\u00f3n<\/strong>&nbsp;a las&nbsp;<strong>10:50<\/strong>&nbsp;y la carrera al&nbsp;<strong>sprint<\/strong>&nbsp;har\u00e1 lo propio a las&nbsp;<strong>15:00<\/strong>.<\/p>\n\n\n\n<div id=\"ez-toc-container\" class=\"ez-toc-v2_0_82_2 counter-hierarchy ez-toc-counter ez-toc-grey ez-toc-container-direction\">\n<div class=\"ez-toc-title-container\">\n<p class=\"ez-toc-title\" style=\"cursor:inherit\">\u00cdndice<\/p>\n<span class=\"ez-toc-title-toggle\"><a href=\"#\" class=\"ez-toc-pull-right ez-toc-btn ez-toc-btn-xs ez-toc-btn-default ez-toc-toggle\" aria-label=\"Toggle Table of Content\"><span class=\"ez-toc-js-icon-con\"><span class=\"\"><span class=\"eztoc-hide\" style=\"display:none;\">Toggle<\/span><span class=\"ez-toc-icon-toggle-span\"><svg style=\"fill: #999;color:#999\" xmlns=\"http:\/\/www.w3.org\/2000\/svg\" class=\"list-377408\" width=\"20px\" height=\"20px\" viewBox=\"0 0 24 24\" fill=\"none\"><path d=\"M6 6H4v2h2V6zm14 0H8v2h12V6zM4 11h2v2H4v-2zm16 0H8v2h12v-2zM4 16h2v2H4v-2zm16 0H8v2h12v-2z\" fill=\"currentColor\"><\/path><\/svg><svg style=\"fill: #999;color:#999\" class=\"arrow-unsorted-368013\" xmlns=\"http:\/\/www.w3.org\/2000\/svg\" width=\"10px\" height=\"10px\" viewBox=\"0 0 24 24\" version=\"1.2\" baseProfile=\"tiny\"><path d=\"M18.2 9.3l-6.2-6.3-6.2 6.3c-.2.2-.3.4-.3.7s.1.5.3.7c.2.2.4.3.7.3h11c.3 0 .5-.1.7-.3.2-.2.3-.5.3-.7s-.1-.5-.3-.7zM5.8 14.7l6.2 6.3 6.2-6.3c.2-.2.3-.5.3-.7s-.1-.5-.3-.7c-.2-.2-.4-.3-.7-.3h-11c-.3 0-.5.1-.7.3-.2.2-.3.5-.3.7s.1.5.3.7z\"\/><\/svg><\/span><\/span><\/span><\/a><\/span><\/div>\n<nav><ul class='ez-toc-list ez-toc-list-level-1 ' ><ul class='ez-toc-list-level-3' ><li class='ez-toc-heading-level-3'><a class=\"ez-toc-link ez-toc-heading-1\" href=\"https:\/\/www.boxrepsol.com\/es\/motogp\/resultados-de-los-entrenamientos-del-gp-de-catalunya-motogp-2024\/#Primer_dia_en_casa_para_el_equipo_Repsol_Honda\" >Primer d\u00eda en casa para el equipo Repsol Honda<\/a><\/li><li class='ez-toc-page-1 ez-toc-heading-level-3'><a class=\"ez-toc-link ez-toc-heading-2\" href=\"https:\/\/www.boxrepsol.com\/es\/motogp\/resultados-de-los-entrenamientos-del-gp-de-catalunya-motogp-2024\/#Clasificacion_de_los_entrenamientos_del_GP_de_Catalunya_2024\" >Clasificaci\u00f3n de los entrenamientos del GP de Catalunya 2024<\/a><\/li><\/ul><\/li><li class='ez-toc-page-1 ez-toc-heading-level-2'><a class=\"ez-toc-link ez-toc-heading-3\" href=\"https:\/\/www.boxrepsol.com\/es\/motogp\/resultados-de-los-entrenamientos-del-gp-de-catalunya-motogp-2024\/#Declaraciones\" >Declaraciones<\/a><ul class='ez-toc-list-level-3' ><li class='ez-toc-heading-level-3'><a class=\"ez-toc-link ez-toc-heading-4\" href=\"https:\/\/www.boxrepsol.com\/es\/motogp\/resultados-de-los-entrenamientos-del-gp-de-catalunya-motogp-2024\/#Joan_Mir\" >Joan Mir<\/a><\/li><li class='ez-toc-page-1 ez-toc-heading-level-3'><a class=\"ez-toc-link ez-toc-heading-5\" href=\"https:\/\/www.boxrepsol.com\/es\/motogp\/resultados-de-los-entrenamientos-del-gp-de-catalunya-motogp-2024\/#Luca_Marini\" >Luca Marini<\/a><\/li><\/ul><\/li><\/ul><\/nav><\/div>\n<h3 class=\"wp-block-heading\"><span class=\"ez-toc-section\" id=\"Primer_dia_en_casa_para_el_equipo_Repsol_Honda\"><\/span><strong>Primer d\u00eda en casa para el equipo Repsol Honda<\/strong><span class=\"ez-toc-section-end\"><\/span><\/h3>\n\n\n\n<p>El fin de semana ha empezado positivo para <strong>Joan Mir<\/strong> y <strong>Luca Marini<\/strong>. Los pilotos del<strong> equipo Repsol Honda <\/strong>han protagonizado una primera sesi\u00f3n matinal donde ambos han logrado tener buenas sensaciones. Luca ha sido decimos\u00e9ptimo, justo por delante de su compa\u00f1ero de equipo, Joan Mir en la decimoctava plaza.<\/p>\n\n\n\n<p>Para el entreno de la tarde tanto Joan como Luca han querido mantener el buen rendimiento con el objetivo de rozar las posiciones del corte a la Q2. Sin embargo, ninguno de los dos ha logrado encajar las piezas para cerrar buenos tiempos en <em>time attack<\/em>. <strong>Joan<\/strong> y <strong>Luca <\/strong>han terminado la sesi\u00f3n <strong>21\u00ba<\/strong> y <strong>22\u00ba <\/strong>respectivamente.<\/p>\n\n\n\n<h3 class=\"wp-block-heading\"><span class=\"ez-toc-section\" id=\"Clasificacion_de_los_entrenamientos_del_GP_de_Catalunya_2024\"><\/span><strong>Clasificaci\u00f3n de los entrenamientos del GP de Catalunya 2024<\/strong><span class=\"ez-toc-section-end\"><\/span><\/h3>\n\n\n\n<figure class=\"wp-block-table is-style-stripes\"><table><tbody><tr><td><strong>PILOTO<\/strong><\/td><td><strong>EQUIPO<\/strong><\/td><td><strong>TIEMPO<\/strong><\/td><\/tr><tr><td>1. Aleix Espargar\u00f3<\/td><td>APRILIA<\/td><td>1:38.562<\/td><\/tr><tr><td>2. Brad Binder<\/td><td>KTM<\/td><td>+0.072<\/td><\/tr><tr><td>3. Pedro Acosta<\/td><td>GASGAS<\/td><td>+0.073<\/td><\/tr><tr><td>4. Pecco Bagnaia<\/td><td>DUCATI<\/td><td>+0.133<\/td><\/tr><tr><td>5. Jack Miller<\/td><td>KTM<\/td><td>+0.140<\/td><\/tr><tr><td>6. Jorge Mart\u00edn<\/td><td>DUCATI<\/td><td>+0.231<\/td><\/tr><tr><td>7. Enea Bastianini<\/td><td>DUCATI<\/td><td>+0.252<\/td><\/tr><tr><td>8. Franco Morbidelli<\/td><td>DUCATI<\/td><td>+0.269<\/td><\/tr><tr><td>9. \u00c1lex Rins<\/td><td>YAMAHA<\/td><td>+0.481<\/td><\/tr><tr><td>10. Maverick Vi\u00f1ales<\/td><td>APRILIA<\/td><td>+0.496<\/td><\/tr><tr><td>11. \u00c1lex M\u00e1rquez<\/td><td>DUCATI<\/td><td>+0.551<\/td><\/tr><tr><td>12. Marc M\u00e1rquez<\/td><td>DUCATI<\/td><td>+0.591<\/td><\/tr><tr><td>13. Miguel Oliveira<\/td><td>APRILIA<\/td><td>+0.788<\/td><\/tr><tr><td>14. Fabio Quartararo<\/td><td>YAMAHA<\/td><td>+0.790<\/td><\/tr><tr><td>15. Marco Bezzecchi<\/td><td>DUCATI<\/td><td>+0.820<\/td><\/tr><tr><td>16. Ra\u00fal Fern\u00e1ndez<\/td><td>APRILIA<\/td><td>+0.858<\/td><\/tr><tr><td>17. Fabio Di Giannantonio<\/td><td>DUCATI<\/td><td>+0.917<\/td><\/tr><tr><td>18. Augusto Fern\u00e1ndez<\/td><td>GASGAS<\/td><td>+0.942<\/td><\/tr><tr><td>19. Johann Zarco<\/td><td>HONDA<\/td><td>+0.996<\/td><\/tr><tr><td>20. Takaaki Nakagami<\/td><td>HONDA<\/td><td>+1.466<\/td><\/tr><tr><td><strong>21. Joan Mir<\/strong><\/td><td><strong>REPSOL HONDA<\/strong><\/td><td><strong>+1.694<\/strong><\/td><\/tr><tr><td><strong>22.<\/strong> <strong>Luca Marini<\/strong><\/td><td><strong>REPSOL HONDA<\/strong><\/td><td><strong>+1.756<\/strong><\/td><\/tr><\/tbody><\/table><\/figure>\n\n\n\n<div id=\"35c9f1d7-3077-49c4-94da-564855392e92\" class=\"br-slider-box\"><div class=\"wp-block-create-block-repsol-carousel br-slider\"><a target=\"_blank\" href=\"https:\/\/bxrepsol.s3.eu-west-1.amazonaws.com\/static\/2024\/05\/24135555\/145105347_0JR6259compr.jpg\" data-index=\"0\" rel=\"noopener\"><img decoding=\"async\" src=\"https:\/\/bxrepsol.s3.eu-west-1.amazonaws.com\/static\/2024\/05\/24135555\/145105347_0JR6259compr.jpg\"\/><\/a><a target=\"_blank\" href=\"https:\/\/bxrepsol.s3.eu-west-1.amazonaws.com\/static\/2024\/05\/24135557\/145150435_A1A7510compr.jpg\" data-index=\"1\" rel=\"noopener\"><img decoding=\"async\" src=\"https:\/\/bxrepsol.s3.eu-west-1.amazonaws.com\/static\/2024\/05\/24135557\/145150435_A1A7510compr.jpg\"\/><\/a><a target=\"_blank\" href=\"https:\/\/bxrepsol.s3.eu-west-1.amazonaws.com\/static\/2024\/05\/24135600\/145152924_0JR0062compr.jpg\" data-index=\"2\" rel=\"noopener\"><img decoding=\"async\" src=\"https:\/\/bxrepsol.s3.eu-west-1.amazonaws.com\/static\/2024\/05\/24135600\/145152924_0JR0062compr.jpg\"\/><\/a><a target=\"_blank\" href=\"https:\/\/bxrepsol.s3.eu-west-1.amazonaws.com\/static\/2024\/05\/24135603\/145153300_JRB6506compr.jpg\" data-index=\"3\" rel=\"noopener\"><img decoding=\"async\" src=\"https:\/\/bxrepsol.s3.eu-west-1.amazonaws.com\/static\/2024\/05\/24135603\/145153300_JRB6506compr.jpg\"\/><\/a><a target=\"_blank\" href=\"https:\/\/bxrepsol.s3.eu-west-1.amazonaws.com\/static\/2024\/05\/24135605\/145155956_0JR2665.jpg\" data-index=\"4\" rel=\"noopener\"><img decoding=\"async\" src=\"https:\/\/bxrepsol.s3.eu-west-1.amazonaws.com\/static\/2024\/05\/24135605\/145155956_0JR2665.jpg\"\/><\/a><\/div><div class=\"br-slider-buttons\"><button class=\"arrow rds-icon arrow--left rds-icon-Arrow_left\"><\/button><button class=\"arrow rds-icon arrow--right rds-icon-Arrow_right\"><\/button><\/div><\/div>\n\n\n\n<h2 class=\"wp-block-heading\"><span class=\"ez-toc-section\" id=\"Declaraciones\"><\/span><strong>Declaraciones<\/strong><span class=\"ez-toc-section-end\"><\/span><\/h2>\n\n\n\n<h3 class=\"wp-block-heading\"><span class=\"ez-toc-section\" id=\"Joan_Mir\"><\/span><strong>Joan Mir<\/strong><span class=\"ez-toc-section-end\"><\/span><\/h3>\n\n\n\n<p>\u00abMe he sentido muy bien por la ma\u00f1ana y esperaba seguir mejorando. Hoy ha sido un d\u00eda complicado y no hemos podido lograr lo que quer\u00edamos por la tarde. Todav\u00eda hay margen de mejora y en las \u00faltimas carreras hemos podido dar ese paso de la noche a la ma\u00f1ana, as\u00ed que seguimos centrados en encontrarlo. Tambi\u00e9n tendremos que prestar mucha atenci\u00f3n a c\u00f3mo evoluciona la pista con el agarre durante el fin de semana\u00bb.<\/p>\n\n\n\n<h3 class=\"wp-block-heading\"><span class=\"ez-toc-section\" id=\"Luca_Marini\"><\/span><strong>Luca Marini<\/strong><span class=\"ez-toc-section-end\"><\/span><\/h3>\n\n\n\n<p>\u00abLa verdad es que creo que nuestro viernes fue mejor de lo que muestran los tiempos de hoy. He cometido un error durante el &#8216;time attack&#8217; justo al final y hab\u00eda una bandera amarilla, as\u00ed que no he podido cerrar una vuelta realmente r\u00e1pida. Lo positivo es que la moto ha mejorado y todav\u00eda hay m\u00e1s margen. Es hora de trabajar juntos, todos los pilotos de Honda, y seguir mejorando\u00bb.<\/p>\n","protected":false},"excerpt":{"rendered":"<p>Aleix Espargar\u00f3 cierra el primer d\u00eda en Montmel\u00f3 como el m\u00e1s r\u00e1pido <\/p>\n","protected":false},"author":43146,"featured_media":116641,"comment_status":"open","ping_status":"open","sticky":false,"template":"","format":"standard","meta":{"footnotes":""},"categories":[4],"tags":[478,271,422,434],"class_list":["post-116639","post","type-post","status-publish","format-standard","hentry","category-motogp","tag-gp-catalunya","tag-joan-mir","tag-luca-marini","tag-motogp-2024"],"yoast_head":"<!-- This site is optimized with the Yoast SEO plugin v27.3 - https:\/\/yoast.com\/product\/yoast-seo-wordpress\/ -->\n<title>Resultados de los entrenamientos del GP de Catalunya MotoGP - Box Repsol<\/title>\n<meta name=\"description\" content=\"Cr\u00f3nica y resultados de los entrenamientos del GP de Catalunya de MotoGP, disputado en Montmel\u00f3.\" \/>\n<link rel=\"canonical\" href=\"https:\/\/www.boxrepsol.com\/es\/motogp\/resultados-de-los-entrenamientos-del-gp-de-catalunya-motogp-2024\/\" \/>\n<meta property=\"og:locale\" content=\"es_ES\" \/>\n<meta property=\"og:type\" content=\"article\" \/>\n<meta property=\"og:title\" content=\"Resultados de los entrenamientos del GP de Catalunya MotoGP - Box Repsol\" \/>\n<meta property=\"og:description\" content=\"Cr\u00f3nica y resultados de los entrenamientos del GP de Catalunya de MotoGP, disputado en Montmel\u00f3.\" \/>\n<meta property=\"og:url\" content=\"https:\/\/www.boxrepsol.com\/es\/motogp\/resultados-de-los-entrenamientos-del-gp-de-catalunya-motogp-2024\/\" \/>\n<meta property=\"og:site_name\" content=\"Box Repsol\" \/>\n<meta property=\"article:publisher\" content=\"https:\/\/www.facebook.com\/BoxRepsol\" \/>\n<meta property=\"article:author\" content=\"https:\/\/www.facebook.com\/BoxRepsol\/\" \/>\n<meta property=\"article:published_time\" content=\"2024-05-24T14:17:36+00:00\" \/>\n<meta property=\"article:modified_time\" content=\"2025-07-24T08:51:04+00:00\" \/>\n<meta property=\"og:image\" content=\"https:\/\/bxrepsol.s3.eu-west-1.amazonaws.com\/static\/2024\/05\/24095103\/CRONICA-1.png\" \/>\n\t<meta property=\"og:image:width\" content=\"1280\" \/>\n\t<meta property=\"og:image:height\" content=\"650\" \/>\n\t<meta property=\"og:image:type\" content=\"image\/png\" \/>\n<meta name=\"author\" content=\"Redacci\u00f3n Box Repsol\" \/>\n<meta name=\"twitter:card\" content=\"summary_large_image\" \/>\n<meta name=\"twitter:creator\" content=\"@https:\/\/twitter.com\/box_repsol\" \/>\n<meta name=\"twitter:site\" content=\"@box_repsol\" \/>\n<meta name=\"twitter:label1\" content=\"Written by\" \/>\n\t<meta name=\"twitter:data1\" content=\"Redacci\u00f3n Box Repsol\" \/>\n\t<meta name=\"twitter:label2\" content=\"Est. reading time\" \/>\n\t<meta name=\"twitter:data2\" content=\"2 minutos\" \/>\n<script type=\"application\/ld+json\" class=\"yoast-schema-graph\">{\"@context\":\"https:\\\/\\\/schema.org\",\"@graph\":[{\"@type\":\"Article\",\"@id\":\"https:\\\/\\\/www.boxrepsol.com\\\/es\\\/motogp\\\/resultados-de-los-entrenamientos-del-gp-de-catalunya-motogp-2024\\\/#article\",\"isPartOf\":{\"@id\":\"https:\\\/\\\/www.boxrepsol.com\\\/es\\\/motogp\\\/resultados-de-los-entrenamientos-del-gp-de-catalunya-motogp-2024\\\/\"},\"author\":{\"name\":\"Redacci\u00f3n Box Repsol\",\"@id\":\"https:\\\/\\\/www.boxrepsol.com\\\/es\\\/#\\\/schema\\\/person\\\/c5c2138f2cca251b0ad92b7086bb60b7\"},\"headline\":\"Resultados de los entrenamientos del GP de Catalunya MotoGP\",\"datePublished\":\"2024-05-24T14:17:36+00:00\",\"dateModified\":\"2025-07-24T08:51:04+00:00\",\"mainEntityOfPage\":{\"@id\":\"https:\\\/\\\/www.boxrepsol.com\\\/es\\\/motogp\\\/resultados-de-los-entrenamientos-del-gp-de-catalunya-motogp-2024\\\/\"},\"wordCount\":517,\"commentCount\":0,\"publisher\":{\"@id\":\"https:\\\/\\\/www.boxrepsol.com\\\/es\\\/#organization\"},\"image\":{\"@id\":\"https:\\\/\\\/www.boxrepsol.com\\\/es\\\/motogp\\\/resultados-de-los-entrenamientos-del-gp-de-catalunya-motogp-2024\\\/#primaryimage\"},\"thumbnailUrl\":\"https:\\\/\\\/bxrepsol.s3.eu-west-1.amazonaws.com\\\/static\\\/2024\\\/05\\\/24095103\\\/CRONICA-1.png\",\"keywords\":[\"GP Catalunya\",\"Joan Mir\",\"Luca Marini\",\"MotoGP 2024\"],\"articleSection\":[\"MotoGP\"],\"inLanguage\":\"es\",\"potentialAction\":[{\"@type\":\"CommentAction\",\"name\":\"Comment\",\"target\":[\"https:\\\/\\\/www.boxrepsol.com\\\/es\\\/motogp\\\/resultados-de-los-entrenamientos-del-gp-de-catalunya-motogp-2024\\\/#respond\"]}]},{\"@type\":\"WebPage\",\"@id\":\"https:\\\/\\\/www.boxrepsol.com\\\/es\\\/motogp\\\/resultados-de-los-entrenamientos-del-gp-de-catalunya-motogp-2024\\\/\",\"url\":\"https:\\\/\\\/www.boxrepsol.com\\\/es\\\/motogp\\\/resultados-de-los-entrenamientos-del-gp-de-catalunya-motogp-2024\\\/\",\"name\":\"Resultados de los entrenamientos del GP de Catalunya MotoGP - Box Repsol\",\"isPartOf\":{\"@id\":\"https:\\\/\\\/www.boxrepsol.com\\\/es\\\/#website\"},\"primaryImageOfPage\":{\"@id\":\"https:\\\/\\\/www.boxrepsol.com\\\/es\\\/motogp\\\/resultados-de-los-entrenamientos-del-gp-de-catalunya-motogp-2024\\\/#primaryimage\"},\"image\":{\"@id\":\"https:\\\/\\\/www.boxrepsol.com\\\/es\\\/motogp\\\/resultados-de-los-entrenamientos-del-gp-de-catalunya-motogp-2024\\\/#primaryimage\"},\"thumbnailUrl\":\"https:\\\/\\\/bxrepsol.s3.eu-west-1.amazonaws.com\\\/static\\\/2024\\\/05\\\/24095103\\\/CRONICA-1.png\",\"datePublished\":\"2024-05-24T14:17:36+00:00\",\"dateModified\":\"2025-07-24T08:51:04+00:00\",\"description\":\"Cr\u00f3nica y resultados de los entrenamientos del GP de Catalunya de MotoGP, disputado en Montmel\u00f3.\",\"breadcrumb\":{\"@id\":\"https:\\\/\\\/www.boxrepsol.com\\\/es\\\/motogp\\\/resultados-de-los-entrenamientos-del-gp-de-catalunya-motogp-2024\\\/#breadcrumb\"},\"inLanguage\":\"es\",\"potentialAction\":[{\"@type\":\"ReadAction\",\"target\":[\"https:\\\/\\\/www.boxrepsol.com\\\/es\\\/motogp\\\/resultados-de-los-entrenamientos-del-gp-de-catalunya-motogp-2024\\\/\"]}]},{\"@type\":\"ImageObject\",\"inLanguage\":\"es\",\"@id\":\"https:\\\/\\\/www.boxrepsol.com\\\/es\\\/motogp\\\/resultados-de-los-entrenamientos-del-gp-de-catalunya-motogp-2024\\\/#primaryimage\",\"url\":\"https:\\\/\\\/bxrepsol.s3.eu-west-1.amazonaws.com\\\/static\\\/2024\\\/05\\\/24095103\\\/CRONICA-1.png\",\"contentUrl\":\"https:\\\/\\\/bxrepsol.s3.eu-west-1.amazonaws.com\\\/static\\\/2024\\\/05\\\/24095103\\\/CRONICA-1.png\",\"width\":1280,\"height\":650},{\"@type\":\"BreadcrumbList\",\"@id\":\"https:\\\/\\\/www.boxrepsol.com\\\/es\\\/motogp\\\/resultados-de-los-entrenamientos-del-gp-de-catalunya-motogp-2024\\\/#breadcrumb\",\"itemListElement\":[{\"@type\":\"ListItem\",\"position\":1,\"name\":\"Home\",\"item\":\"https:\\\/\\\/www.boxrepsol.com\\\/es\\\/\"},{\"@type\":\"ListItem\",\"position\":2,\"name\":\"Resultados de los entrenamientos del GP de Catalunya MotoGP\"}]},{\"@type\":\"WebSite\",\"@id\":\"https:\\\/\\\/www.boxrepsol.com\\\/es\\\/#website\",\"url\":\"https:\\\/\\\/www.boxrepsol.com\\\/es\\\/\",\"name\":\"Box Repsol\",\"description\":\"Box Repsol Site\",\"publisher\":{\"@id\":\"https:\\\/\\\/www.boxrepsol.com\\\/es\\\/#organization\"},\"potentialAction\":[{\"@type\":\"SearchAction\",\"target\":{\"@type\":\"EntryPoint\",\"urlTemplate\":\"https:\\\/\\\/www.boxrepsol.com\\\/es\\\/?s={search_term_string}\"},\"query-input\":{\"@type\":\"PropertyValueSpecification\",\"valueRequired\":true,\"valueName\":\"search_term_string\"}}],\"inLanguage\":\"es\"},{\"@type\":\"Organization\",\"@id\":\"https:\\\/\\\/www.boxrepsol.com\\\/es\\\/#organization\",\"name\":\"Box Repsol\",\"url\":\"https:\\\/\\\/www.boxrepsol.com\\\/es\\\/\",\"logo\":{\"@type\":\"ImageObject\",\"inLanguage\":\"es\",\"@id\":\"https:\\\/\\\/www.boxrepsol.com\\\/es\\\/#\\\/schema\\\/logo\\\/image\\\/\",\"url\":\"https:\\\/\\\/bxrepsol.s3.eu-west-1.amazonaws.com\\\/static\\\/2025\\\/07\\\/30083337\\\/favicon-96x96-1.png\",\"contentUrl\":\"https:\\\/\\\/bxrepsol.s3.eu-west-1.amazonaws.com\\\/static\\\/2025\\\/07\\\/30083337\\\/favicon-96x96-1.png\",\"width\":96,\"height\":96,\"caption\":\"Box Repsol\"},\"image\":{\"@id\":\"https:\\\/\\\/www.boxrepsol.com\\\/es\\\/#\\\/schema\\\/logo\\\/image\\\/\"},\"sameAs\":[\"https:\\\/\\\/www.facebook.com\\\/BoxRepsol\",\"https:\\\/\\\/x.com\\\/box_repsol\",\"http:\\\/\\\/instagram.com\\\/box_repsol\",\"https:\\\/\\\/www.youtube.com\\\/user\\\/RepsolCompeticion\",\"https:\\\/\\\/www.flickr.com\\\/photos\\\/box_repsol\\\/\"]},{\"@type\":\"Person\",\"@id\":\"https:\\\/\\\/www.boxrepsol.com\\\/es\\\/#\\\/schema\\\/person\\\/c5c2138f2cca251b0ad92b7086bb60b7\",\"name\":\"Redacci\u00f3n Box Repsol\",\"image\":{\"@type\":\"ImageObject\",\"inLanguage\":\"es\",\"@id\":\"https:\\\/\\\/secure.gravatar.com\\\/avatar\\\/adf7b77e38b4419baf32c7e9c21dde01f4e40df611f0978e3006fc4ba0aaab7e?s=96&d=mm&r=g\",\"url\":\"https:\\\/\\\/secure.gravatar.com\\\/avatar\\\/adf7b77e38b4419baf32c7e9c21dde01f4e40df611f0978e3006fc4ba0aaab7e?s=96&d=mm&r=g\",\"contentUrl\":\"https:\\\/\\\/secure.gravatar.com\\\/avatar\\\/adf7b77e38b4419baf32c7e9c21dde01f4e40df611f0978e3006fc4ba0aaab7e?s=96&d=mm&r=g\",\"caption\":\"Redacci\u00f3n Box Repsol\"},\"description\":\"Box Repsol lo forma un equipo de periodistas, community managers, dise\u00f1adores y fot\u00f3grafos con m\u00e1s de 20 a\u00f1os de experiencia en el mundo del motorsport. Hemos vivido el primer mundial de un espa\u00f1ol en la categor\u00eda reina de motociclismo con \u00c1lex Crivill\u00e9, estuvimos en las victorias de Pedrosa y los t\u00edtulos de M\u00e1rquez, acompa\u00f1amos en \u00c1frica a Nani Roma y Marc Coma en sus conquistas del Dakar y hemos vibrado con los t\u00edtulos de Toni Bou en Trial. Adem\u00e1s, en nuestro equipo contamos con expertos en el mundo de las dos y cuatro ruedas tanto de la calle y las carreteras, como de los circuitos. Periodistas que han trabajado en revistas y publicaciones para hacerte llegar desde rutas y consejos de mantenimiento, a curiosidades y trucos de pilotaje.\",\"sameAs\":[\"https:\\\/\\\/www.facebook.com\\\/BoxRepsol\\\/\",\"https:\\\/\\\/www.instagram.com\\\/box_repsol\\\/\",\"https:\\\/\\\/x.com\\\/https:\\\/\\\/twitter.com\\\/box_repsol\",\"https:\\\/\\\/www.youtube.com\\\/@Boxrepsol\"],\"url\":\"https:\\\/\\\/www.boxrepsol.com\\\/es\\\/author\\\/redaccion-box-repsol\\\/\"}]}<\/script>\n<!-- \/ Yoast SEO plugin. -->","yoast_head_json":{"title":"Resultados de los entrenamientos del GP de Catalunya MotoGP - Box Repsol","description":"Cr\u00f3nica y resultados de los entrenamientos del GP de Catalunya de MotoGP, disputado en Montmel\u00f3.","canonical":"https:\/\/www.boxrepsol.com\/es\/motogp\/resultados-de-los-entrenamientos-del-gp-de-catalunya-motogp-2024\/","og_locale":"es_ES","og_type":"article","og_title":"Resultados de los entrenamientos del GP de Catalunya MotoGP - Box Repsol","og_description":"Cr\u00f3nica y resultados de los entrenamientos del GP de Catalunya de MotoGP, disputado en Montmel\u00f3.","og_url":"https:\/\/www.boxrepsol.com\/es\/motogp\/resultados-de-los-entrenamientos-del-gp-de-catalunya-motogp-2024\/","og_site_name":"Box Repsol","article_publisher":"https:\/\/www.facebook.com\/BoxRepsol","article_author":"https:\/\/www.facebook.com\/BoxRepsol\/","article_published_time":"2024-05-24T14:17:36+00:00","article_modified_time":"2025-07-24T08:51:04+00:00","og_image":[{"width":1280,"height":650,"url":"https:\/\/bxrepsol.s3.eu-west-1.amazonaws.com\/static\/2024\/05\/24095103\/CRONICA-1.png","type":"image\/png"}],"author":"Redacci\u00f3n Box Repsol","twitter_card":"summary_large_image","twitter_creator":"@https:\/\/twitter.com\/box_repsol","twitter_site":"@box_repsol","twitter_misc":{"Written by":"Redacci\u00f3n Box Repsol","Est. reading time":"2 minutos"},"schema":{"@context":"https:\/\/schema.org","@graph":[{"@type":"Article","@id":"https:\/\/www.boxrepsol.com\/es\/motogp\/resultados-de-los-entrenamientos-del-gp-de-catalunya-motogp-2024\/#article","isPartOf":{"@id":"https:\/\/www.boxrepsol.com\/es\/motogp\/resultados-de-los-entrenamientos-del-gp-de-catalunya-motogp-2024\/"},"author":{"name":"Redacci\u00f3n Box Repsol","@id":"https:\/\/www.boxrepsol.com\/es\/#\/schema\/person\/c5c2138f2cca251b0ad92b7086bb60b7"},"headline":"Resultados de los entrenamientos del GP de Catalunya MotoGP","datePublished":"2024-05-24T14:17:36+00:00","dateModified":"2025-07-24T08:51:04+00:00","mainEntityOfPage":{"@id":"https:\/\/www.boxrepsol.com\/es\/motogp\/resultados-de-los-entrenamientos-del-gp-de-catalunya-motogp-2024\/"},"wordCount":517,"commentCount":0,"publisher":{"@id":"https:\/\/www.boxrepsol.com\/es\/#organization"},"image":{"@id":"https:\/\/www.boxrepsol.com\/es\/motogp\/resultados-de-los-entrenamientos-del-gp-de-catalunya-motogp-2024\/#primaryimage"},"thumbnailUrl":"https:\/\/bxrepsol.s3.eu-west-1.amazonaws.com\/static\/2024\/05\/24095103\/CRONICA-1.png","keywords":["GP Catalunya","Joan Mir","Luca Marini","MotoGP 2024"],"articleSection":["MotoGP"],"inLanguage":"es","potentialAction":[{"@type":"CommentAction","name":"Comment","target":["https:\/\/www.boxrepsol.com\/es\/motogp\/resultados-de-los-entrenamientos-del-gp-de-catalunya-motogp-2024\/#respond"]}]},{"@type":"WebPage","@id":"https:\/\/www.boxrepsol.com\/es\/motogp\/resultados-de-los-entrenamientos-del-gp-de-catalunya-motogp-2024\/","url":"https:\/\/www.boxrepsol.com\/es\/motogp\/resultados-de-los-entrenamientos-del-gp-de-catalunya-motogp-2024\/","name":"Resultados de los entrenamientos del GP de Catalunya MotoGP - Box Repsol","isPartOf":{"@id":"https:\/\/www.boxrepsol.com\/es\/#website"},"primaryImageOfPage":{"@id":"https:\/\/www.boxrepsol.com\/es\/motogp\/resultados-de-los-entrenamientos-del-gp-de-catalunya-motogp-2024\/#primaryimage"},"image":{"@id":"https:\/\/www.boxrepsol.com\/es\/motogp\/resultados-de-los-entrenamientos-del-gp-de-catalunya-motogp-2024\/#primaryimage"},"thumbnailUrl":"https:\/\/bxrepsol.s3.eu-west-1.amazonaws.com\/static\/2024\/05\/24095103\/CRONICA-1.png","datePublished":"2024-05-24T14:17:36+00:00","dateModified":"2025-07-24T08:51:04+00:00","description":"Cr\u00f3nica y resultados de los entrenamientos del GP de Catalunya de MotoGP, disputado en Montmel\u00f3.","breadcrumb":{"@id":"https:\/\/www.boxrepsol.com\/es\/motogp\/resultados-de-los-entrenamientos-del-gp-de-catalunya-motogp-2024\/#breadcrumb"},"inLanguage":"es","potentialAction":[{"@type":"ReadAction","target":["https:\/\/www.boxrepsol.com\/es\/motogp\/resultados-de-los-entrenamientos-del-gp-de-catalunya-motogp-2024\/"]}]},{"@type":"ImageObject","inLanguage":"es","@id":"https:\/\/www.boxrepsol.com\/es\/motogp\/resultados-de-los-entrenamientos-del-gp-de-catalunya-motogp-2024\/#primaryimage","url":"https:\/\/bxrepsol.s3.eu-west-1.amazonaws.com\/static\/2024\/05\/24095103\/CRONICA-1.png","contentUrl":"https:\/\/bxrepsol.s3.eu-west-1.amazonaws.com\/static\/2024\/05\/24095103\/CRONICA-1.png","width":1280,"height":650},{"@type":"BreadcrumbList","@id":"https:\/\/www.boxrepsol.com\/es\/motogp\/resultados-de-los-entrenamientos-del-gp-de-catalunya-motogp-2024\/#breadcrumb","itemListElement":[{"@type":"ListItem","position":1,"name":"Home","item":"https:\/\/www.boxrepsol.com\/es\/"},{"@type":"ListItem","position":2,"name":"Resultados de los entrenamientos del GP de Catalunya MotoGP"}]},{"@type":"WebSite","@id":"https:\/\/www.boxrepsol.com\/es\/#website","url":"https:\/\/www.boxrepsol.com\/es\/","name":"Box Repsol","description":"Box Repsol Site","publisher":{"@id":"https:\/\/www.boxrepsol.com\/es\/#organization"},"potentialAction":[{"@type":"SearchAction","target":{"@type":"EntryPoint","urlTemplate":"https:\/\/www.boxrepsol.com\/es\/?s={search_term_string}"},"query-input":{"@type":"PropertyValueSpecification","valueRequired":true,"valueName":"search_term_string"}}],"inLanguage":"es"},{"@type":"Organization","@id":"https:\/\/www.boxrepsol.com\/es\/#organization","name":"Box Repsol","url":"https:\/\/www.boxrepsol.com\/es\/","logo":{"@type":"ImageObject","inLanguage":"es","@id":"https:\/\/www.boxrepsol.com\/es\/#\/schema\/logo\/image\/","url":"https:\/\/bxrepsol.s3.eu-west-1.amazonaws.com\/static\/2025\/07\/30083337\/favicon-96x96-1.png","contentUrl":"https:\/\/bxrepsol.s3.eu-west-1.amazonaws.com\/static\/2025\/07\/30083337\/favicon-96x96-1.png","width":96,"height":96,"caption":"Box Repsol"},"image":{"@id":"https:\/\/www.boxrepsol.com\/es\/#\/schema\/logo\/image\/"},"sameAs":["https:\/\/www.facebook.com\/BoxRepsol","https:\/\/x.com\/box_repsol","http:\/\/instagram.com\/box_repsol","https:\/\/www.youtube.com\/user\/RepsolCompeticion","https:\/\/www.flickr.com\/photos\/box_repsol\/"]},{"@type":"Person","@id":"https:\/\/www.boxrepsol.com\/es\/#\/schema\/person\/c5c2138f2cca251b0ad92b7086bb60b7","name":"Redacci\u00f3n Box Repsol","image":{"@type":"ImageObject","inLanguage":"es","@id":"https:\/\/secure.gravatar.com\/avatar\/adf7b77e38b4419baf32c7e9c21dde01f4e40df611f0978e3006fc4ba0aaab7e?s=96&d=mm&r=g","url":"https:\/\/secure.gravatar.com\/avatar\/adf7b77e38b4419baf32c7e9c21dde01f4e40df611f0978e3006fc4ba0aaab7e?s=96&d=mm&r=g","contentUrl":"https:\/\/secure.gravatar.com\/avatar\/adf7b77e38b4419baf32c7e9c21dde01f4e40df611f0978e3006fc4ba0aaab7e?s=96&d=mm&r=g","caption":"Redacci\u00f3n Box Repsol"},"description":"Box Repsol lo forma un equipo de periodistas, community managers, dise\u00f1adores y fot\u00f3grafos con m\u00e1s de 20 a\u00f1os de experiencia en el mundo del motorsport. Hemos vivido el primer mundial de un espa\u00f1ol en la categor\u00eda reina de motociclismo con \u00c1lex Crivill\u00e9, estuvimos en las victorias de Pedrosa y los t\u00edtulos de M\u00e1rquez, acompa\u00f1amos en \u00c1frica a Nani Roma y Marc Coma en sus conquistas del Dakar y hemos vibrado con los t\u00edtulos de Toni Bou en Trial. Adem\u00e1s, en nuestro equipo contamos con expertos en el mundo de las dos y cuatro ruedas tanto de la calle y las carreteras, como de los circuitos. Periodistas que han trabajado en revistas y publicaciones para hacerte llegar desde rutas y consejos de mantenimiento, a curiosidades y trucos de pilotaje.","sameAs":["https:\/\/www.facebook.com\/BoxRepsol\/","https:\/\/www.instagram.com\/box_repsol\/","https:\/\/x.com\/https:\/\/twitter.com\/box_repsol","https:\/\/www.youtube.com\/@Boxrepsol"],"url":"https:\/\/www.boxrepsol.com\/es\/author\/redaccion-box-repsol\/"}]}},"_links":{"self":[{"href":"https:\/\/www.boxrepsol.com\/es\/wp-json\/wp\/v2\/posts\/116639","targetHints":{"allow":["GET"]}}],"collection":[{"href":"https:\/\/www.boxrepsol.com\/es\/wp-json\/wp\/v2\/posts"}],"about":[{"href":"https:\/\/www.boxrepsol.com\/es\/wp-json\/wp\/v2\/types\/post"}],"author":[{"embeddable":true,"href":"https:\/\/www.boxrepsol.com\/es\/wp-json\/wp\/v2\/users\/43146"}],"replies":[{"embeddable":true,"href":"https:\/\/www.boxrepsol.com\/es\/wp-json\/wp\/v2\/comments?post=116639"}],"version-history":[{"count":11,"href":"https:\/\/www.boxrepsol.com\/es\/wp-json\/wp\/v2\/posts\/116639\/revisions"}],"predecessor-version":[{"id":116673,"href":"https:\/\/www.boxrepsol.com\/es\/wp-json\/wp\/v2\/posts\/116639\/revisions\/116673"}],"wp:featuredmedia":[{"embeddable":true,"href":"https:\/\/www.boxrepsol.com\/es\/wp-json\/wp\/v2\/media\/116641"}],"wp:attachment":[{"href":"https:\/\/www.boxrepsol.com\/es\/wp-json\/wp\/v2\/media?parent=116639"}],"wp:term":[{"taxonomy":"category","embeddable":true,"href":"https:\/\/www.boxrepsol.com\/es\/wp-json\/wp\/v2\/categories?post=116639"},{"taxonomy":"post_tag","embeddable":true,"href":"https:\/\/www.boxrepsol.com\/es\/wp-json\/wp\/v2\/tags?post=116639"}],"curies":[{"name":"wp","href":"https:\/\/api.w.org\/{rel}","templated":true}]}}