{"id":116626,"date":"2024-05-23T08:29:14","date_gmt":"2024-05-23T10:29:14","guid":{"rendered":"https:\/\/www.boxrepsol.com\/?p=116626"},"modified":"2024-05-23T08:30:36","modified_gmt":"2024-05-23T10:30:36","slug":"multa-por-saltarse-un-semaforo","status":"publish","type":"post","link":"https:\/\/www.boxrepsol.com\/es\/cultura-motera\/multa-por-saltarse-un-semaforo\/","title":{"rendered":"Multa por saltarse un sem\u00e1foro: precio y puntos"},"content":{"rendered":"<figure class=\"wp-block-post-featured-image\"><img loading=\"lazy\" decoding=\"async\" width=\"2560\" height=\"1280\" src=\"https:\/\/bxrepsol.s3.eu-west-1.amazonaws.com\/static\/2024\/05\/23082840\/Foto-1m-scaled.jpg\" class=\"attachment-post-thumbnail size-post-thumbnail wp-post-image\" alt=\"\" style=\"object-fit:cover;\" srcset=\"https:\/\/bxrepsol.s3.eu-west-1.amazonaws.com\/static\/2024\/05\/23082840\/Foto-1m-scaled.jpg 2560w, https:\/\/bxrepsol.s3.eu-west-1.amazonaws.com\/static\/2024\/05\/23082840\/Foto-1m-300x150.jpg 300w, https:\/\/bxrepsol.s3.eu-west-1.amazonaws.com\/static\/2024\/05\/23082840\/Foto-1m-1024x512.jpg 1024w, https:\/\/bxrepsol.s3.eu-west-1.amazonaws.com\/static\/2024\/05\/23082840\/Foto-1m-768x384.jpg 768w, https:\/\/bxrepsol.s3.eu-west-1.amazonaws.com\/static\/2024\/05\/23082840\/Foto-1m-1536x768.jpg 1536w, https:\/\/bxrepsol.s3.eu-west-1.amazonaws.com\/static\/2024\/05\/23082840\/Foto-1m-2048x1024.jpg 2048w\" sizes=\"auto, (max-width: 2560px) 100vw, 2560px\" \/><\/figure>\n\n\n<p>Los sem\u00e1foros son unas de las <strong>se\u00f1ales de circulaci\u00f3n m\u00e1s claras, sencillas e inequ\u00edvocas<\/strong> que nos podemos encontrar, y, sin embargo, con mucha frecuencia son ignoradas por los usuarios. Se trata de <strong>una de las infracciones m\u00e1s peligrosas<\/strong> que se pueden cometer, porque los sem\u00e1foros regulan el tr\u00e1fico en cruces e intersecciones y permiten a los conductores circular despreocupadamente cuando tenemos la luz verde. Si alguien se salta el sem\u00e1foro opuesto en ese momento, <strong>las consecuencias pueden ser grav\u00edsimas<\/strong>. Por eso las sanciones son importantes.<\/p>\n\n\n\n<p><strong><div id=\"ez-toc-container\" class=\"ez-toc-v2_0_82_2 counter-hierarchy ez-toc-counter ez-toc-grey ez-toc-container-direction\">\n<div class=\"ez-toc-title-container\">\n<p class=\"ez-toc-title\" style=\"cursor:inherit\">\u00cdndice<\/p>\n<span class=\"ez-toc-title-toggle\"><a href=\"#\" class=\"ez-toc-pull-right ez-toc-btn ez-toc-btn-xs ez-toc-btn-default ez-toc-toggle\" aria-label=\"Toggle Table of Content\"><span class=\"ez-toc-js-icon-con\"><span class=\"\"><span class=\"eztoc-hide\" style=\"display:none;\">Toggle<\/span><span class=\"ez-toc-icon-toggle-span\"><svg style=\"fill: #999;color:#999\" xmlns=\"http:\/\/www.w3.org\/2000\/svg\" class=\"list-377408\" width=\"20px\" height=\"20px\" viewBox=\"0 0 24 24\" fill=\"none\"><path d=\"M6 6H4v2h2V6zm14 0H8v2h12V6zM4 11h2v2H4v-2zm16 0H8v2h12v-2zM4 16h2v2H4v-2zm16 0H8v2h12v-2z\" fill=\"currentColor\"><\/path><\/svg><svg style=\"fill: #999;color:#999\" class=\"arrow-unsorted-368013\" xmlns=\"http:\/\/www.w3.org\/2000\/svg\" width=\"10px\" height=\"10px\" viewBox=\"0 0 24 24\" version=\"1.2\" baseProfile=\"tiny\"><path d=\"M18.2 9.3l-6.2-6.3-6.2 6.3c-.2.2-.3.4-.3.7s.1.5.3.7c.2.2.4.3.7.3h11c.3 0 .5-.1.7-.3.2-.2.3-.5.3-.7s-.1-.5-.3-.7zM5.8 14.7l6.2 6.3 6.2-6.3c.2-.2.3-.5.3-.7s-.1-.5-.3-.7c-.2-.2-.4-.3-.7-.3h-11c-.3 0-.5.1-.7.3-.2.2-.3.5-.3.7s.1.5.3.7z\"\/><\/svg><\/span><\/span><\/span><\/a><\/span><\/div>\n<nav><ul class='ez-toc-list ez-toc-list-level-1 ' ><li class='ez-toc-page-1 ez-toc-heading-level-2'><a class=\"ez-toc-link ez-toc-heading-1\" href=\"https:\/\/www.boxrepsol.com\/es\/cultura-motera\/multa-por-saltarse-un-semaforo\/#%C2%BFCuanto_es_la_multa_por_saltarse_un_semaforo\" >\u00bfCu\u00e1nto es la multa por saltarse un sem\u00e1foro?<\/a><\/li><li class='ez-toc-page-1 ez-toc-heading-level-2'><a class=\"ez-toc-link ez-toc-heading-2\" href=\"https:\/\/www.boxrepsol.com\/es\/cultura-motera\/multa-por-saltarse-un-semaforo\/#%C2%BFComo_funcionan_los_radares_foto-rojo\" >\u00bfC\u00f3mo funcionan los radares foto-rojo?<\/a><\/li><li class='ez-toc-page-1 ez-toc-heading-level-2'><a class=\"ez-toc-link ez-toc-heading-3\" href=\"https:\/\/www.boxrepsol.com\/es\/cultura-motera\/multa-por-saltarse-un-semaforo\/#Preguntas_frecuentes_sobre_las_multas_por_un_semaforo_rojo\" >Preguntas frecuentes sobre las multas por un sem\u00e1foro rojo<\/a><ul class='ez-toc-list-level-3' ><li class='ez-toc-heading-level-3'><a class=\"ez-toc-link ez-toc-heading-4\" href=\"https:\/\/www.boxrepsol.com\/es\/cultura-motera\/multa-por-saltarse-un-semaforo\/#%C2%BFCuanto_tarda_en_llegar_una_multa_por_saltarse_un_semaforo\" >\u00bfCu\u00e1nto tarda en llegar una multa por saltarse un sem\u00e1foro?<\/a><\/li><\/ul><\/li><li class='ez-toc-page-1 ez-toc-heading-level-2'><a class=\"ez-toc-link ez-toc-heading-5\" href=\"https:\/\/www.boxrepsol.com\/es\/cultura-motera\/multa-por-saltarse-un-semaforo\/#%C2%BFPierdes_puntos_por_saltarte_un_semaforo_en_rojo\" >\u00bfPierdes puntos por saltarte un sem\u00e1foro en rojo?<\/a><ul class='ez-toc-list-level-3' ><li class='ez-toc-heading-level-3'><a class=\"ez-toc-link ez-toc-heading-6\" href=\"https:\/\/www.boxrepsol.com\/es\/cultura-motera\/multa-por-saltarse-un-semaforo\/#%C2%BFSe_puede_recurrir_una_multa_por_saltarse_un_semaforo\" >\u00bfSe puede recurrir una multa por saltarse un sem\u00e1foro?<\/a><\/li><\/ul><\/li><\/ul><\/nav><\/div>\n<\/strong><\/p>\n\n\n\n<p><\/p>\n\n\n\n<figure class=\"wp-block-image size-large\"><img loading=\"lazy\" decoding=\"async\" width=\"1024\" height=\"683\" src=\"https:\/\/bxrepsol.s3.eu-west-1.amazonaws.com\/static\/2024\/05\/23082903\/Foto-2m-1024x683.jpg\" alt=\"\" class=\"wp-image-116629\" srcset=\"https:\/\/bxrepsol.s3.eu-west-1.amazonaws.com\/static\/2024\/05\/23082903\/Foto-2m-1024x683.jpg 1024w, https:\/\/bxrepsol.s3.eu-west-1.amazonaws.com\/static\/2024\/05\/23082903\/Foto-2m-300x200.jpg 300w, https:\/\/bxrepsol.s3.eu-west-1.amazonaws.com\/static\/2024\/05\/23082903\/Foto-2m-768x512.jpg 768w, https:\/\/bxrepsol.s3.eu-west-1.amazonaws.com\/static\/2024\/05\/23082903\/Foto-2m-1536x1024.jpg 1536w, https:\/\/bxrepsol.s3.eu-west-1.amazonaws.com\/static\/2024\/05\/23082903\/Foto-2m-2048x1365.jpg 2048w\" sizes=\"auto, (max-width: 1024px) 100vw, 1024px\" \/><\/figure>\n\n\n\n<p>Tambi\u00e9n es cierto que con mucha frecuencia puede parecer un pecadillo menor, saltarse el sem\u00e1foro en rojo apenas por unas d\u00e9cimas de segundo, una fracci\u00f3n de tiempo que apenas se puede apreciar, pero <strong>para eso<\/strong> <strong>se invent\u00f3 el sem\u00e1foro \u00e1mbar<\/strong>, para avisarnos del cambio de color y evitar los pasos apurados. Pero, que levante la mano el que no haya cometido esta infracci\u00f3n alguna vez en su vida\u2026<\/p>\n\n\n\n<p><\/p>\n\n\n\n<p><\/p>\n\n\n\n<h2 class=\"wp-block-heading\"><span class=\"ez-toc-section\" id=\"%C2%BFCuanto_es_la_multa_por_saltarse_un_semaforo\"><\/span>\u00bfCu\u00e1nto es la multa por saltarse un sem\u00e1foro?<span class=\"ez-toc-section-end\"><\/span><\/h2>\n\n\n\n<p>El&nbsp;<strong>Reglamento General de Circulaci\u00f3n <\/strong>recoge en el <strong>art\u00edculo 146<\/strong> que no respetar esta se\u00f1alizaci\u00f3n conlleva una&nbsp;multa econ\u00f3mica&nbsp;y la correspondiente&nbsp;retirada de puntos. <strong>La&nbsp;multa por saltarse un sem\u00e1foro en rojo es de&nbsp;200 euros<\/strong>, con una bonificaci\u00f3n del 50% si se paga en plazo.&nbsp;Podemos recibir la multa en mano si un agente nos da el alto, pero tambi\u00e9n es posible que nos la remitan si se trata de un sem\u00e1foro con c\u00e1mara.<\/p>\n\n\n\n<figure class=\"wp-block-image size-large\"><img loading=\"lazy\" decoding=\"async\" width=\"1024\" height=\"683\" src=\"https:\/\/bxrepsol.s3.eu-west-1.amazonaws.com\/static\/2024\/05\/23082848\/Foto-3m-1024x683.jpg\" alt=\"\" class=\"wp-image-116631\" srcset=\"https:\/\/bxrepsol.s3.eu-west-1.amazonaws.com\/static\/2024\/05\/23082848\/Foto-3m-1024x683.jpg 1024w, https:\/\/bxrepsol.s3.eu-west-1.amazonaws.com\/static\/2024\/05\/23082848\/Foto-3m-300x200.jpg 300w, https:\/\/bxrepsol.s3.eu-west-1.amazonaws.com\/static\/2024\/05\/23082848\/Foto-3m-768x512.jpg 768w, https:\/\/bxrepsol.s3.eu-west-1.amazonaws.com\/static\/2024\/05\/23082848\/Foto-3m-1536x1024.jpg 1536w, https:\/\/bxrepsol.s3.eu-west-1.amazonaws.com\/static\/2024\/05\/23082848\/Foto-3m-2048x1365.jpg 2048w\" sizes=\"auto, (max-width: 1024px) 100vw, 1024px\" \/><\/figure>\n\n\n\n<p><\/p>\n\n\n\n<p><\/p>\n\n\n\n<h2 class=\"wp-block-heading\"><span class=\"ez-toc-section\" id=\"%C2%BFComo_funcionan_los_radares_foto-rojo\"><\/span>\u00bfC\u00f3mo funcionan los radares foto-rojo?<span class=\"ez-toc-section-end\"><\/span><\/h2>\n\n\n\n<p>Adem\u00e1s de los sem\u00e1foros convencionales <strong>existen los sem\u00e1foros con&nbsp;detector de velocidad<\/strong>, que se ponen en rojo superamos la velocidad indicada para un tramo de v\u00eda en concreto, y sobre los que se aplica el mismo criterio a la hora de sancionar.<\/p>\n\n\n\n<p>Los <strong>radares foto-rojo<\/strong> son c\u00e1maras situadas sobre los sem\u00e1foros que se activan cuando detectan que un veh\u00edculo ha superado el sem\u00e1foro estando la luz roja encendida. <strong>Se ubican en un soporte a 25 metros<\/strong> de distancia de la l\u00ednea de detenci\u00f3n de los veh\u00edculos, y as\u00ed abarcan<strong> la imagen tanto de los veh\u00edculos como la luz roja del sem\u00e1foro<\/strong>.<\/p>\n\n\n\n<p>El sistema s\u00f3lo entra en funcionamiento y capta fotograf\u00edas a color, de d\u00eda y de noche, <strong>cuando el sem\u00e1foro est\u00e1 en rojo.<\/strong> Para que sea v\u00e1lida la denuncia <strong>debe haber dos fotos<\/strong>: una primera imagen del veh\u00edculo antes de la l\u00ednea de detenci\u00f3n con la luz en rojo. Si pasa el sem\u00e1foro en \u00e1mbar no hay motivo de sanci\u00f3n. Y una segunda foto del veh\u00edculo tras la l\u00ednea de detenci\u00f3n, con la luz en rojo en el sem\u00e1foro. Lo que demostrar\u00eda que <strong>el veh\u00edculo se ha saltado el sem\u00e1foro<\/strong>.<\/p>\n\n\n\n<figure class=\"wp-block-image size-large\"><img loading=\"lazy\" decoding=\"async\" width=\"1024\" height=\"683\" src=\"https:\/\/bxrepsol.s3.eu-west-1.amazonaws.com\/static\/2024\/05\/23082851\/Foto-4m-1024x683.jpg\" alt=\"\" class=\"wp-image-116633\" srcset=\"https:\/\/bxrepsol.s3.eu-west-1.amazonaws.com\/static\/2024\/05\/23082851\/Foto-4m-1024x683.jpg 1024w, https:\/\/bxrepsol.s3.eu-west-1.amazonaws.com\/static\/2024\/05\/23082851\/Foto-4m-300x200.jpg 300w, https:\/\/bxrepsol.s3.eu-west-1.amazonaws.com\/static\/2024\/05\/23082851\/Foto-4m-768x512.jpg 768w, https:\/\/bxrepsol.s3.eu-west-1.amazonaws.com\/static\/2024\/05\/23082851\/Foto-4m-1536x1024.jpg 1536w, https:\/\/bxrepsol.s3.eu-west-1.amazonaws.com\/static\/2024\/05\/23082851\/Foto-4m-2048x1365.jpg 2048w\" sizes=\"auto, (max-width: 1024px) 100vw, 1024px\" \/><\/figure>\n\n\n\n<p>Adem\u00e1s de las im\u00e1genes a color, el sistema integra una <strong>c\u00e1mara de infrarrojos que captura la matr\u00edcula del veh\u00edculo<\/strong> tanto de d\u00eda como de noche. Es fundamental que el sem\u00e1foro foto-rojo est\u00e9 anunciado y se\u00f1alizado para que los conductores tengan constancia de este sistema de control. <strong>Si no, la denuncia no tendr\u00eda validez<\/strong>.<\/p>\n\n\n\n<p><\/p>\n\n\n\n<p><\/p>\n\n\n\n<h2 class=\"wp-block-heading\"><span class=\"ez-toc-section\" id=\"Preguntas_frecuentes_sobre_las_multas_por_un_semaforo_rojo\"><\/span>Preguntas frecuentes sobre las multas por un sem\u00e1foro rojo<span class=\"ez-toc-section-end\"><\/span><\/h2>\n\n\n\n<p>Al margen de las sanciones econ\u00f3micas, siempre existen dudas acerca del procedimiento a seguir una vez se comete la infracci\u00f3n. Algunas de ellas, son las siguientes.<\/p>\n\n\n\n<h3 class=\"wp-block-heading\"><span class=\"ez-toc-section\" id=\"%C2%BFCuanto_tarda_en_llegar_una_multa_por_saltarse_un_semaforo\"><\/span>\u00bfCu\u00e1nto tarda en llegar una multa por saltarse un sem\u00e1foro?<span class=\"ez-toc-section-end\"><\/span><\/h3>\n\n\n\n<p>Seg\u00fan el <strong>art\u00edculo 112 de la Ley de Tr\u00e1fico<\/strong>, el plazo para recibir la notificaci\u00f3n sobre la infracci\u00f3n cometida es <strong>de tres a seis meses<\/strong>, aunque tambi\u00e9n puede ser notificada en el Tabl\u00f3n Edictal de sanciones de tr\u00e1fico donde podr\u00e1s <a href=\"https:\/\/www.boxrepsol.com\/es\/vive-tu-moto\/como-saber-si-tengo-multas\/\">consultar todas tus multas<\/a>.<\/p>\n\n\n\n<figure class=\"wp-block-image size-large\"><img loading=\"lazy\" decoding=\"async\" width=\"1024\" height=\"683\" src=\"https:\/\/bxrepsol.s3.eu-west-1.amazonaws.com\/static\/2024\/05\/23082854\/Foto-5m-1024x683.jpg\" alt=\"\" class=\"wp-image-116635\" srcset=\"https:\/\/bxrepsol.s3.eu-west-1.amazonaws.com\/static\/2024\/05\/23082854\/Foto-5m-1024x683.jpg 1024w, https:\/\/bxrepsol.s3.eu-west-1.amazonaws.com\/static\/2024\/05\/23082854\/Foto-5m-300x200.jpg 300w, https:\/\/bxrepsol.s3.eu-west-1.amazonaws.com\/static\/2024\/05\/23082854\/Foto-5m-768x512.jpg 768w, https:\/\/bxrepsol.s3.eu-west-1.amazonaws.com\/static\/2024\/05\/23082854\/Foto-5m-1536x1024.jpg 1536w, https:\/\/bxrepsol.s3.eu-west-1.amazonaws.com\/static\/2024\/05\/23082854\/Foto-5m-2048x1365.jpg 2048w\" sizes=\"auto, (max-width: 1024px) 100vw, 1024px\" \/><\/figure>\n\n\n\n<p><\/p>\n\n\n\n<p><\/p>\n\n\n\n<h2 class=\"wp-block-heading\"><span class=\"ez-toc-section\" id=\"%C2%BFPierdes_puntos_por_saltarte_un_semaforo_en_rojo\"><\/span>\u00bfPierdes puntos por saltarte un sem\u00e1foro en rojo?<span class=\"ez-toc-section-end\"><\/span><\/h2>\n\n\n\n<p>Junto a la sanci\u00f3n econ\u00f3mica tendremos que asumir <strong>la correspondiente <\/strong><a href=\"https:\/\/www.boxrepsol.com\/es\/vive-tu-moto\/como-recuperar-puntos-del-carnet\/\"><strong>retirada de puntos<\/strong><\/a> en nuestro permiso de conducci\u00f3n, que en este caso tiene <strong>un coste de&nbsp;cuatro puntos<\/strong> al ser considerada como una infracci\u00f3n muy grave.<\/p>\n\n\n\n<h3 class=\"wp-block-heading\"><span class=\"ez-toc-section\" id=\"%C2%BFSe_puede_recurrir_una_multa_por_saltarse_un_semaforo\"><\/span>\u00bfSe puede recurrir una multa por saltarse un sem\u00e1foro?<span class=\"ez-toc-section-end\"><\/span><\/h3>\n\n\n\n<p>Como cualquier otra infracci\u00f3n, se puede <a href=\"https:\/\/www.boxrepsol.com\/es\/cultura-motera\/como-recurrir-multa-dgt\/\">recurrir una&nbsp;multa<\/a> por saltarse un sem\u00e1foro en rojo, pero s\u00f3lo hay algunos casos muy concretos en los que se resuelve de forma favorable para el recurrente, precisamente porque ese tr\u00e1nsito del verde al rojo con la luz \u00e1mbar de por medio <strong>es un indicativo de aviso de la necesidad de frenar<\/strong> y detenerse antes del sem\u00e1foro porque va a cambiar de luz, y <strong>es dif\u00edcil alegar nada contra el funcionamiento de la se\u00f1al<\/strong>.<\/p>\n\n\n\n<p>Si te saltas un sem\u00e1foro que estaba en rojo para ceder el paso a una ambulancia, un coche de bomberos o de Polic\u00eda, o cualquier otro veh\u00edculo de&nbsp;emergencias \u2013una posibilidad contemplada por el Reglamento General de Circulaci\u00f3n- <strong>esa infracci\u00f3n no acarrear\u00e1 multa.<\/strong><\/p>\n\n\n\n<p>En el caso de que la multa proceda de un radar foto-rojo de sem\u00e1foro, si quieres recurrir tendr\u00e1s que valorar la imagen que toma el dispositivo y que se remite junto con la sanci\u00f3n, y si consideras que no hay raz\u00f3n para la sanci\u00f3n, <strong>has de apoyarte en la imagen a la hora de recurrir<\/strong>. Pero si la fotograf\u00eda es clara, lo mejor es aceptar la culpa y asumir la multa y la retirada de puntos.<\/p>\n","protected":false},"excerpt":{"rendered":"<p>Saltarse un sem\u00e1foro es una de las infracciones m\u00e1s importantes y peligrosas que se pueden cometer. \u00bfSabes a qu\u00e9 te expones si lo haces?<\/p>\n","protected":false},"author":41268,"featured_media":116627,"comment_status":"open","ping_status":"open","sticky":false,"template":"","format":"standard","meta":{"footnotes":""},"categories":[160],"tags":[],"class_list":["post-116626","post","type-post","status-publish","format-standard","hentry","category-cultura-motera"],"yoast_head":"<!-- This site is optimized with the Yoast SEO plugin v27.3 - https:\/\/yoast.com\/product\/yoast-seo-wordpress\/ -->\n<title>\u00bfCu\u00e1l es la multa por saltarse un sem\u00e1foro en rojo? - Box Repsol<\/title>\n<meta name=\"description\" content=\"Descubre todo lo que necesitas saber sobre la multa por saltarse un sem\u00e1foro en rojo. Conoce las consecuencias, el importe y c\u00f3mo evitar esta infracci\u00f3n.\" \/>\n<link rel=\"canonical\" href=\"https:\/\/www.boxrepsol.com\/es\/cultura-motera\/multa-por-saltarse-un-semaforo\/\" \/>\n<meta property=\"og:locale\" content=\"es_ES\" \/>\n<meta property=\"og:type\" content=\"article\" \/>\n<meta property=\"og:title\" content=\"\u00bfCu\u00e1l es la multa por saltarse un sem\u00e1foro en rojo? - Box Repsol\" \/>\n<meta property=\"og:description\" content=\"Descubre todo lo que necesitas saber sobre la multa por saltarse un sem\u00e1foro en rojo. Conoce las consecuencias, el importe y c\u00f3mo evitar esta infracci\u00f3n.\" \/>\n<meta property=\"og:url\" content=\"https:\/\/www.boxrepsol.com\/es\/cultura-motera\/multa-por-saltarse-un-semaforo\/\" \/>\n<meta property=\"og:site_name\" content=\"Box Repsol\" \/>\n<meta property=\"article:publisher\" content=\"https:\/\/www.facebook.com\/BoxRepsol\" \/>\n<meta property=\"article:published_time\" content=\"2024-05-23T10:29:14+00:00\" \/>\n<meta property=\"article:modified_time\" content=\"2024-05-23T10:30:36+00:00\" \/>\n<meta property=\"og:image\" content=\"https:\/\/bxrepsol.s3.eu-west-1.amazonaws.com\/static\/2024\/05\/23082840\/Foto-1m-scaled.jpg\" \/>\n\t<meta property=\"og:image:width\" content=\"2560\" \/>\n\t<meta property=\"og:image:height\" content=\"1280\" \/>\n\t<meta property=\"og:image:type\" content=\"image\/jpeg\" \/>\n<meta name=\"author\" content=\"Juan Pedro de la Torre\" \/>\n<meta name=\"twitter:card\" content=\"summary_large_image\" \/>\n<meta name=\"twitter:creator\" content=\"@https:\/\/twitter.com\/JPdelaTorre1965\" \/>\n<meta name=\"twitter:site\" content=\"@box_repsol\" \/>\n<meta name=\"twitter:label1\" content=\"Written by\" \/>\n\t<meta name=\"twitter:data1\" content=\"Juan Pedro de la Torre\" \/>\n\t<meta name=\"twitter:label2\" content=\"Est. reading time\" \/>\n\t<meta name=\"twitter:data2\" content=\"5 minutos\" \/>\n<script type=\"application\/ld+json\" class=\"yoast-schema-graph\">{\"@context\":\"https:\\\/\\\/schema.org\",\"@graph\":[{\"@type\":\"Article\",\"@id\":\"https:\\\/\\\/www.boxrepsol.com\\\/es\\\/cultura-motera\\\/multa-por-saltarse-un-semaforo\\\/#article\",\"isPartOf\":{\"@id\":\"https:\\\/\\\/www.boxrepsol.com\\\/es\\\/cultura-motera\\\/multa-por-saltarse-un-semaforo\\\/\"},\"author\":{\"name\":\"Juan Pedro de la Torre\",\"@id\":\"https:\\\/\\\/www.boxrepsol.com\\\/es\\\/#\\\/schema\\\/person\\\/26abce1d675df22d63ac9e9d5f23e4aa\"},\"headline\":\"Multa por saltarse un sem\u00e1foro: precio y puntos\",\"datePublished\":\"2024-05-23T10:29:14+00:00\",\"dateModified\":\"2024-05-23T10:30:36+00:00\",\"mainEntityOfPage\":{\"@id\":\"https:\\\/\\\/www.boxrepsol.com\\\/es\\\/cultura-motera\\\/multa-por-saltarse-un-semaforo\\\/\"},\"wordCount\":948,\"commentCount\":0,\"publisher\":{\"@id\":\"https:\\\/\\\/www.boxrepsol.com\\\/es\\\/#organization\"},\"image\":{\"@id\":\"https:\\\/\\\/www.boxrepsol.com\\\/es\\\/cultura-motera\\\/multa-por-saltarse-un-semaforo\\\/#primaryimage\"},\"thumbnailUrl\":\"https:\\\/\\\/bxrepsol.s3.eu-west-1.amazonaws.com\\\/static\\\/2024\\\/05\\\/23082840\\\/Foto-1m-scaled.jpg\",\"articleSection\":[\"Cultura Motera\"],\"inLanguage\":\"es\",\"potentialAction\":[{\"@type\":\"CommentAction\",\"name\":\"Comment\",\"target\":[\"https:\\\/\\\/www.boxrepsol.com\\\/es\\\/cultura-motera\\\/multa-por-saltarse-un-semaforo\\\/#respond\"]}]},{\"@type\":\"WebPage\",\"@id\":\"https:\\\/\\\/www.boxrepsol.com\\\/es\\\/cultura-motera\\\/multa-por-saltarse-un-semaforo\\\/\",\"url\":\"https:\\\/\\\/www.boxrepsol.com\\\/es\\\/cultura-motera\\\/multa-por-saltarse-un-semaforo\\\/\",\"name\":\"\u00bfCu\u00e1l es la multa por saltarse un sem\u00e1foro en rojo? - Box Repsol\",\"isPartOf\":{\"@id\":\"https:\\\/\\\/www.boxrepsol.com\\\/es\\\/#website\"},\"primaryImageOfPage\":{\"@id\":\"https:\\\/\\\/www.boxrepsol.com\\\/es\\\/cultura-motera\\\/multa-por-saltarse-un-semaforo\\\/#primaryimage\"},\"image\":{\"@id\":\"https:\\\/\\\/www.boxrepsol.com\\\/es\\\/cultura-motera\\\/multa-por-saltarse-un-semaforo\\\/#primaryimage\"},\"thumbnailUrl\":\"https:\\\/\\\/bxrepsol.s3.eu-west-1.amazonaws.com\\\/static\\\/2024\\\/05\\\/23082840\\\/Foto-1m-scaled.jpg\",\"datePublished\":\"2024-05-23T10:29:14+00:00\",\"dateModified\":\"2024-05-23T10:30:36+00:00\",\"description\":\"Descubre todo lo que necesitas saber sobre la multa por saltarse un sem\u00e1foro en rojo. Conoce las consecuencias, el importe y c\u00f3mo evitar esta infracci\u00f3n.\",\"breadcrumb\":{\"@id\":\"https:\\\/\\\/www.boxrepsol.com\\\/es\\\/cultura-motera\\\/multa-por-saltarse-un-semaforo\\\/#breadcrumb\"},\"inLanguage\":\"es\",\"potentialAction\":[{\"@type\":\"ReadAction\",\"target\":[\"https:\\\/\\\/www.boxrepsol.com\\\/es\\\/cultura-motera\\\/multa-por-saltarse-un-semaforo\\\/\"]}]},{\"@type\":\"ImageObject\",\"inLanguage\":\"es\",\"@id\":\"https:\\\/\\\/www.boxrepsol.com\\\/es\\\/cultura-motera\\\/multa-por-saltarse-un-semaforo\\\/#primaryimage\",\"url\":\"https:\\\/\\\/bxrepsol.s3.eu-west-1.amazonaws.com\\\/static\\\/2024\\\/05\\\/23082840\\\/Foto-1m-scaled.jpg\",\"contentUrl\":\"https:\\\/\\\/bxrepsol.s3.eu-west-1.amazonaws.com\\\/static\\\/2024\\\/05\\\/23082840\\\/Foto-1m-scaled.jpg\",\"width\":2560,\"height\":1280},{\"@type\":\"BreadcrumbList\",\"@id\":\"https:\\\/\\\/www.boxrepsol.com\\\/es\\\/cultura-motera\\\/multa-por-saltarse-un-semaforo\\\/#breadcrumb\",\"itemListElement\":[{\"@type\":\"ListItem\",\"position\":1,\"name\":\"Home\",\"item\":\"https:\\\/\\\/www.boxrepsol.com\\\/es\\\/\"},{\"@type\":\"ListItem\",\"position\":2,\"name\":\"Multa por saltarse un sem\u00e1foro: precio y puntos\"}]},{\"@type\":\"WebSite\",\"@id\":\"https:\\\/\\\/www.boxrepsol.com\\\/es\\\/#website\",\"url\":\"https:\\\/\\\/www.boxrepsol.com\\\/es\\\/\",\"name\":\"Box Repsol\",\"description\":\"Box Repsol Site\",\"publisher\":{\"@id\":\"https:\\\/\\\/www.boxrepsol.com\\\/es\\\/#organization\"},\"potentialAction\":[{\"@type\":\"SearchAction\",\"target\":{\"@type\":\"EntryPoint\",\"urlTemplate\":\"https:\\\/\\\/www.boxrepsol.com\\\/es\\\/?s={search_term_string}\"},\"query-input\":{\"@type\":\"PropertyValueSpecification\",\"valueRequired\":true,\"valueName\":\"search_term_string\"}}],\"inLanguage\":\"es\"},{\"@type\":\"Organization\",\"@id\":\"https:\\\/\\\/www.boxrepsol.com\\\/es\\\/#organization\",\"name\":\"Box Repsol\",\"url\":\"https:\\\/\\\/www.boxrepsol.com\\\/es\\\/\",\"logo\":{\"@type\":\"ImageObject\",\"inLanguage\":\"es\",\"@id\":\"https:\\\/\\\/www.boxrepsol.com\\\/es\\\/#\\\/schema\\\/logo\\\/image\\\/\",\"url\":\"https:\\\/\\\/bxrepsol.s3.eu-west-1.amazonaws.com\\\/static\\\/2025\\\/07\\\/30083337\\\/favicon-96x96-1.png\",\"contentUrl\":\"https:\\\/\\\/bxrepsol.s3.eu-west-1.amazonaws.com\\\/static\\\/2025\\\/07\\\/30083337\\\/favicon-96x96-1.png\",\"width\":96,\"height\":96,\"caption\":\"Box Repsol\"},\"image\":{\"@id\":\"https:\\\/\\\/www.boxrepsol.com\\\/es\\\/#\\\/schema\\\/logo\\\/image\\\/\"},\"sameAs\":[\"https:\\\/\\\/www.facebook.com\\\/BoxRepsol\",\"https:\\\/\\\/x.com\\\/box_repsol\",\"http:\\\/\\\/instagram.com\\\/box_repsol\",\"https:\\\/\\\/www.youtube.com\\\/user\\\/RepsolCompeticion\",\"https:\\\/\\\/www.flickr.com\\\/photos\\\/box_repsol\\\/\"]},{\"@type\":\"Person\",\"@id\":\"https:\\\/\\\/www.boxrepsol.com\\\/es\\\/#\\\/schema\\\/person\\\/26abce1d675df22d63ac9e9d5f23e4aa\",\"name\":\"Juan Pedro de la Torre\",\"image\":{\"@type\":\"ImageObject\",\"inLanguage\":\"es\",\"@id\":\"https:\\\/\\\/secure.gravatar.com\\\/avatar\\\/e81f780ee2930d7be330cb34304decf0e9bc66bec0158805a0fe2726f4517224?s=96&d=mm&r=g\",\"url\":\"https:\\\/\\\/secure.gravatar.com\\\/avatar\\\/e81f780ee2930d7be330cb34304decf0e9bc66bec0158805a0fe2726f4517224?s=96&d=mm&r=g\",\"contentUrl\":\"https:\\\/\\\/secure.gravatar.com\\\/avatar\\\/e81f780ee2930d7be330cb34304decf0e9bc66bec0158805a0fe2726f4517224?s=96&d=mm&r=g\",\"caption\":\"Juan Pedro de la Torre\"},\"description\":\"Se inici\u00f3 en el diario Marca en 1988 y posteriormente pas\u00f3 a la revista Motociclismo, donde llegar\u00eda a ser director de deporte. Despu\u00e9s fue editor y director de Motoworld.es y Sport Bikes y colabor\u00f3 con varios medios. Adem\u00e1s, ha publicado una docena de libros y actualmente trabaja como colaborador para Motociclismo, El Confidencial y Box Repsol.\",\"sameAs\":[\"https:\\\/\\\/x.com\\\/https:\\\/\\\/twitter.com\\\/JPdelaTorre1965\",\"https:\\\/\\\/youtube.com\\\/@juanpedrodelatorremotoworld\"],\"url\":\"https:\\\/\\\/www.boxrepsol.com\\\/es\\\/author\\\/juanpedro_delatorre\\\/\"}]}<\/script>\n<!-- \/ Yoast SEO plugin. -->","yoast_head_json":{"title":"\u00bfCu\u00e1l es la multa por saltarse un sem\u00e1foro en rojo? - Box Repsol","description":"Descubre todo lo que necesitas saber sobre la multa por saltarse un sem\u00e1foro en rojo. Conoce las consecuencias, el importe y c\u00f3mo evitar esta infracci\u00f3n.","canonical":"https:\/\/www.boxrepsol.com\/es\/cultura-motera\/multa-por-saltarse-un-semaforo\/","og_locale":"es_ES","og_type":"article","og_title":"\u00bfCu\u00e1l es la multa por saltarse un sem\u00e1foro en rojo? - Box Repsol","og_description":"Descubre todo lo que necesitas saber sobre la multa por saltarse un sem\u00e1foro en rojo. Conoce las consecuencias, el importe y c\u00f3mo evitar esta infracci\u00f3n.","og_url":"https:\/\/www.boxrepsol.com\/es\/cultura-motera\/multa-por-saltarse-un-semaforo\/","og_site_name":"Box Repsol","article_publisher":"https:\/\/www.facebook.com\/BoxRepsol","article_published_time":"2024-05-23T10:29:14+00:00","article_modified_time":"2024-05-23T10:30:36+00:00","og_image":[{"width":2560,"height":1280,"url":"https:\/\/bxrepsol.s3.eu-west-1.amazonaws.com\/static\/2024\/05\/23082840\/Foto-1m-scaled.jpg","type":"image\/jpeg"}],"author":"Juan Pedro de la Torre","twitter_card":"summary_large_image","twitter_creator":"@https:\/\/twitter.com\/JPdelaTorre1965","twitter_site":"@box_repsol","twitter_misc":{"Written by":"Juan Pedro de la Torre","Est. reading time":"5 minutos"},"schema":{"@context":"https:\/\/schema.org","@graph":[{"@type":"Article","@id":"https:\/\/www.boxrepsol.com\/es\/cultura-motera\/multa-por-saltarse-un-semaforo\/#article","isPartOf":{"@id":"https:\/\/www.boxrepsol.com\/es\/cultura-motera\/multa-por-saltarse-un-semaforo\/"},"author":{"name":"Juan Pedro de la Torre","@id":"https:\/\/www.boxrepsol.com\/es\/#\/schema\/person\/26abce1d675df22d63ac9e9d5f23e4aa"},"headline":"Multa por saltarse un sem\u00e1foro: precio y puntos","datePublished":"2024-05-23T10:29:14+00:00","dateModified":"2024-05-23T10:30:36+00:00","mainEntityOfPage":{"@id":"https:\/\/www.boxrepsol.com\/es\/cultura-motera\/multa-por-saltarse-un-semaforo\/"},"wordCount":948,"commentCount":0,"publisher":{"@id":"https:\/\/www.boxrepsol.com\/es\/#organization"},"image":{"@id":"https:\/\/www.boxrepsol.com\/es\/cultura-motera\/multa-por-saltarse-un-semaforo\/#primaryimage"},"thumbnailUrl":"https:\/\/bxrepsol.s3.eu-west-1.amazonaws.com\/static\/2024\/05\/23082840\/Foto-1m-scaled.jpg","articleSection":["Cultura Motera"],"inLanguage":"es","potentialAction":[{"@type":"CommentAction","name":"Comment","target":["https:\/\/www.boxrepsol.com\/es\/cultura-motera\/multa-por-saltarse-un-semaforo\/#respond"]}]},{"@type":"WebPage","@id":"https:\/\/www.boxrepsol.com\/es\/cultura-motera\/multa-por-saltarse-un-semaforo\/","url":"https:\/\/www.boxrepsol.com\/es\/cultura-motera\/multa-por-saltarse-un-semaforo\/","name":"\u00bfCu\u00e1l es la multa por saltarse un sem\u00e1foro en rojo? - Box Repsol","isPartOf":{"@id":"https:\/\/www.boxrepsol.com\/es\/#website"},"primaryImageOfPage":{"@id":"https:\/\/www.boxrepsol.com\/es\/cultura-motera\/multa-por-saltarse-un-semaforo\/#primaryimage"},"image":{"@id":"https:\/\/www.boxrepsol.com\/es\/cultura-motera\/multa-por-saltarse-un-semaforo\/#primaryimage"},"thumbnailUrl":"https:\/\/bxrepsol.s3.eu-west-1.amazonaws.com\/static\/2024\/05\/23082840\/Foto-1m-scaled.jpg","datePublished":"2024-05-23T10:29:14+00:00","dateModified":"2024-05-23T10:30:36+00:00","description":"Descubre todo lo que necesitas saber sobre la multa por saltarse un sem\u00e1foro en rojo. Conoce las consecuencias, el importe y c\u00f3mo evitar esta infracci\u00f3n.","breadcrumb":{"@id":"https:\/\/www.boxrepsol.com\/es\/cultura-motera\/multa-por-saltarse-un-semaforo\/#breadcrumb"},"inLanguage":"es","potentialAction":[{"@type":"ReadAction","target":["https:\/\/www.boxrepsol.com\/es\/cultura-motera\/multa-por-saltarse-un-semaforo\/"]}]},{"@type":"ImageObject","inLanguage":"es","@id":"https:\/\/www.boxrepsol.com\/es\/cultura-motera\/multa-por-saltarse-un-semaforo\/#primaryimage","url":"https:\/\/bxrepsol.s3.eu-west-1.amazonaws.com\/static\/2024\/05\/23082840\/Foto-1m-scaled.jpg","contentUrl":"https:\/\/bxrepsol.s3.eu-west-1.amazonaws.com\/static\/2024\/05\/23082840\/Foto-1m-scaled.jpg","width":2560,"height":1280},{"@type":"BreadcrumbList","@id":"https:\/\/www.boxrepsol.com\/es\/cultura-motera\/multa-por-saltarse-un-semaforo\/#breadcrumb","itemListElement":[{"@type":"ListItem","position":1,"name":"Home","item":"https:\/\/www.boxrepsol.com\/es\/"},{"@type":"ListItem","position":2,"name":"Multa por saltarse un sem\u00e1foro: precio y puntos"}]},{"@type":"WebSite","@id":"https:\/\/www.boxrepsol.com\/es\/#website","url":"https:\/\/www.boxrepsol.com\/es\/","name":"Box Repsol","description":"Box Repsol Site","publisher":{"@id":"https:\/\/www.boxrepsol.com\/es\/#organization"},"potentialAction":[{"@type":"SearchAction","target":{"@type":"EntryPoint","urlTemplate":"https:\/\/www.boxrepsol.com\/es\/?s={search_term_string}"},"query-input":{"@type":"PropertyValueSpecification","valueRequired":true,"valueName":"search_term_string"}}],"inLanguage":"es"},{"@type":"Organization","@id":"https:\/\/www.boxrepsol.com\/es\/#organization","name":"Box Repsol","url":"https:\/\/www.boxrepsol.com\/es\/","logo":{"@type":"ImageObject","inLanguage":"es","@id":"https:\/\/www.boxrepsol.com\/es\/#\/schema\/logo\/image\/","url":"https:\/\/bxrepsol.s3.eu-west-1.amazonaws.com\/static\/2025\/07\/30083337\/favicon-96x96-1.png","contentUrl":"https:\/\/bxrepsol.s3.eu-west-1.amazonaws.com\/static\/2025\/07\/30083337\/favicon-96x96-1.png","width":96,"height":96,"caption":"Box Repsol"},"image":{"@id":"https:\/\/www.boxrepsol.com\/es\/#\/schema\/logo\/image\/"},"sameAs":["https:\/\/www.facebook.com\/BoxRepsol","https:\/\/x.com\/box_repsol","http:\/\/instagram.com\/box_repsol","https:\/\/www.youtube.com\/user\/RepsolCompeticion","https:\/\/www.flickr.com\/photos\/box_repsol\/"]},{"@type":"Person","@id":"https:\/\/www.boxrepsol.com\/es\/#\/schema\/person\/26abce1d675df22d63ac9e9d5f23e4aa","name":"Juan Pedro de la Torre","image":{"@type":"ImageObject","inLanguage":"es","@id":"https:\/\/secure.gravatar.com\/avatar\/e81f780ee2930d7be330cb34304decf0e9bc66bec0158805a0fe2726f4517224?s=96&d=mm&r=g","url":"https:\/\/secure.gravatar.com\/avatar\/e81f780ee2930d7be330cb34304decf0e9bc66bec0158805a0fe2726f4517224?s=96&d=mm&r=g","contentUrl":"https:\/\/secure.gravatar.com\/avatar\/e81f780ee2930d7be330cb34304decf0e9bc66bec0158805a0fe2726f4517224?s=96&d=mm&r=g","caption":"Juan Pedro de la Torre"},"description":"Se inici\u00f3 en el diario Marca en 1988 y posteriormente pas\u00f3 a la revista Motociclismo, donde llegar\u00eda a ser director de deporte. Despu\u00e9s fue editor y director de Motoworld.es y Sport Bikes y colabor\u00f3 con varios medios. Adem\u00e1s, ha publicado una docena de libros y actualmente trabaja como colaborador para Motociclismo, El Confidencial y Box Repsol.","sameAs":["https:\/\/x.com\/https:\/\/twitter.com\/JPdelaTorre1965","https:\/\/youtube.com\/@juanpedrodelatorremotoworld"],"url":"https:\/\/www.boxrepsol.com\/es\/author\/juanpedro_delatorre\/"}]}},"_links":{"self":[{"href":"https:\/\/www.boxrepsol.com\/es\/wp-json\/wp\/v2\/posts\/116626","targetHints":{"allow":["GET"]}}],"collection":[{"href":"https:\/\/www.boxrepsol.com\/es\/wp-json\/wp\/v2\/posts"}],"about":[{"href":"https:\/\/www.boxrepsol.com\/es\/wp-json\/wp\/v2\/types\/post"}],"author":[{"embeddable":true,"href":"https:\/\/www.boxrepsol.com\/es\/wp-json\/wp\/v2\/users\/41268"}],"replies":[{"embeddable":true,"href":"https:\/\/www.boxrepsol.com\/es\/wp-json\/wp\/v2\/comments?post=116626"}],"version-history":[{"count":2,"href":"https:\/\/www.boxrepsol.com\/es\/wp-json\/wp\/v2\/posts\/116626\/revisions"}],"predecessor-version":[{"id":116638,"href":"https:\/\/www.boxrepsol.com\/es\/wp-json\/wp\/v2\/posts\/116626\/revisions\/116638"}],"wp:featuredmedia":[{"embeddable":true,"href":"https:\/\/www.boxrepsol.com\/es\/wp-json\/wp\/v2\/media\/116627"}],"wp:attachment":[{"href":"https:\/\/www.boxrepsol.com\/es\/wp-json\/wp\/v2\/media?parent=116626"}],"wp:term":[{"taxonomy":"category","embeddable":true,"href":"https:\/\/www.boxrepsol.com\/es\/wp-json\/wp\/v2\/categories?post=116626"},{"taxonomy":"post_tag","embeddable":true,"href":"https:\/\/www.boxrepsol.com\/es\/wp-json\/wp\/v2\/tags?post=116626"}],"curies":[{"name":"wp","href":"https:\/\/api.w.org\/{rel}","templated":true}]}}