{"id":116310,"date":"2024-05-16T06:57:22","date_gmt":"2024-05-16T08:57:22","guid":{"rendered":"https:\/\/www.boxrepsol.com\/?p=116310"},"modified":"2025-06-26T05:36:23","modified_gmt":"2025-06-26T07:36:23","slug":"concentracion-motera-de-faro","status":"publish","type":"post","link":"https:\/\/www.boxrepsol.com\/es\/cultura-motera\/concentracion-motera-de-faro\/","title":{"rendered":"XLIII Edici\u00f3n Concentraci\u00f3n Internacional de Faro 2025"},"content":{"rendered":"<figure style=\"aspect-ratio:16\/9;\" class=\"wp-block-post-featured-image\"><img loading=\"lazy\" decoding=\"async\" width=\"1851\" height=\"926\" src=\"https:\/\/bxrepsol.s3.eu-west-1.amazonaws.com\/static\/2024\/05\/16065022\/Foto-8.jpg\" class=\"attachment-post-thumbnail size-post-thumbnail wp-post-image\" alt=\"\" style=\"width:100%;height:100%;object-fit:cover;\" srcset=\"https:\/\/bxrepsol.s3.eu-west-1.amazonaws.com\/static\/2024\/05\/16065022\/Foto-8.jpg 1851w, https:\/\/bxrepsol.s3.eu-west-1.amazonaws.com\/static\/2024\/05\/16065022\/Foto-8-300x150.jpg 300w, https:\/\/bxrepsol.s3.eu-west-1.amazonaws.com\/static\/2024\/05\/16065022\/Foto-8-1024x512.jpg 1024w, https:\/\/bxrepsol.s3.eu-west-1.amazonaws.com\/static\/2024\/05\/16065022\/Foto-8-768x384.jpg 768w, https:\/\/bxrepsol.s3.eu-west-1.amazonaws.com\/static\/2024\/05\/16065022\/Foto-8-1536x768.jpg 1536w\" sizes=\"auto, (max-width: 1851px) 100vw, 1851px\" \/><\/figure>\n\n\n<p><strong>Entre el 17 y 20 de julio<\/strong>, la localidad portuguesa de <strong>Faro <\/strong>acoger\u00e1 un a\u00f1o m\u00e1s a una de las mayores <a href=\"https:\/\/www.boxrepsol.com\/es\/vive-tu-moto\/concentraciones-festivales-moteros-espana-julio\/\">concentraciones moteras<\/a>\u00a0de las que se celebran en Europa. Considerada como <strong>Concentraci\u00f3n Internacional desde 1991 por la Federaci\u00f3n Internacional de Motociclismo (FIM),<\/strong> esta famosa reuni\u00f3n motociclista organizada por el <strong>\u201c<em>Moto Clube Faro<\/em>\u201d,<\/strong> si no la mejor, es una de las mejores a las que se puede acudir en nuestro continente. Adem\u00e1s de una organizaci\u00f3n impecable, el entorno en el que se lleva a cabo es espectacular y en las fechas en las que se celebra el buen clima suele acompa\u00f1ar para que la concentraci\u00f3n sea un \u00e9xito en todos los sentidos y pueda ser disfrutada al m\u00e1ximo. Al variado plan de actividades de la propia concentraci\u00f3n, hay que a\u00f1adir la posibilidad de refrescarse en alguna de las playas del sur de Portugal que son ba\u00f1adas por el oc\u00e9ano Atl\u00e1ntico.<\/p>\n\n\n\n<p><strong><div id=\"ez-toc-container\" class=\"ez-toc-v2_0_82_2 counter-hierarchy ez-toc-counter ez-toc-grey ez-toc-container-direction\">\n<div class=\"ez-toc-title-container\">\n<p class=\"ez-toc-title\" style=\"cursor:inherit\">\u00cdndice<\/p>\n<span class=\"ez-toc-title-toggle\"><a href=\"#\" class=\"ez-toc-pull-right ez-toc-btn ez-toc-btn-xs ez-toc-btn-default ez-toc-toggle\" aria-label=\"Toggle Table of Content\"><span class=\"ez-toc-js-icon-con\"><span class=\"\"><span class=\"eztoc-hide\" style=\"display:none;\">Toggle<\/span><span class=\"ez-toc-icon-toggle-span\"><svg style=\"fill: #999;color:#999\" xmlns=\"http:\/\/www.w3.org\/2000\/svg\" class=\"list-377408\" width=\"20px\" height=\"20px\" viewBox=\"0 0 24 24\" fill=\"none\"><path d=\"M6 6H4v2h2V6zm14 0H8v2h12V6zM4 11h2v2H4v-2zm16 0H8v2h12v-2zM4 16h2v2H4v-2zm16 0H8v2h12v-2z\" fill=\"currentColor\"><\/path><\/svg><svg style=\"fill: #999;color:#999\" class=\"arrow-unsorted-368013\" xmlns=\"http:\/\/www.w3.org\/2000\/svg\" width=\"10px\" height=\"10px\" viewBox=\"0 0 24 24\" version=\"1.2\" baseProfile=\"tiny\"><path d=\"M18.2 9.3l-6.2-6.3-6.2 6.3c-.2.2-.3.4-.3.7s.1.5.3.7c.2.2.4.3.7.3h11c.3 0 .5-.1.7-.3.2-.2.3-.5.3-.7s-.1-.5-.3-.7zM5.8 14.7l6.2 6.3 6.2-6.3c.2-.2.3-.5.3-.7s-.1-.5-.3-.7c-.2-.2-.4-.3-.7-.3h-11c-.3 0-.5.1-.7.3-.2.2-.3.5-.3.7s.1.5.3.7z\"\/><\/svg><\/span><\/span><\/span><\/a><\/span><\/div>\n<nav><ul class='ez-toc-list ez-toc-list-level-1 ' ><li class='ez-toc-page-1 ez-toc-heading-level-2'><a class=\"ez-toc-link ez-toc-heading-1\" href=\"https:\/\/www.boxrepsol.com\/es\/cultura-motera\/concentracion-motera-de-faro\/#Historia_de_la_Concentracion_Internacional_de_Faro\" >Historia de la Concentraci\u00f3n Internacional de Faro<\/a><\/li><li class='ez-toc-page-1 ez-toc-heading-level-2'><a class=\"ez-toc-link ez-toc-heading-2\" href=\"https:\/\/www.boxrepsol.com\/es\/cultura-motera\/concentracion-motera-de-faro\/#%C2%BFDonde_se_ubica_la_Concentracion_Internacional_de_Faro\" >\u00bfD\u00f3nde se ubica la Concentraci\u00f3n Internacional de Faro?<\/a><\/li><li class='ez-toc-page-1 ez-toc-heading-level-2'><a class=\"ez-toc-link ez-toc-heading-3\" href=\"https:\/\/www.boxrepsol.com\/es\/cultura-motera\/concentracion-motera-de-faro\/#Precios_de_la_Concentracion_motera_de_Faro_2025\" >Precios de la Concentraci\u00f3n motera de Faro 2025<\/a><\/li><li class='ez-toc-page-1 ez-toc-heading-level-2'><a class=\"ez-toc-link ez-toc-heading-4\" href=\"https:\/\/www.boxrepsol.com\/es\/cultura-motera\/concentracion-motera-de-faro\/#Programacion_de_la_Concentracion_de_motos_de_Faro_2025\" >Programaci\u00f3n de la Concentraci\u00f3n de motos de Faro 2025<\/a><\/li><li class='ez-toc-page-1 ez-toc-heading-level-2'><a class=\"ez-toc-link ez-toc-heading-5\" href=\"https:\/\/www.boxrepsol.com\/es\/cultura-motera\/concentracion-motera-de-faro\/#Preguntas_frecuentes_sobre_la_concentracion_de_faro\" >Preguntas frecuentes sobre la concentraci\u00f3n de faro<\/a><ul class='ez-toc-list-level-3' ><li class='ez-toc-heading-level-3'><a class=\"ez-toc-link ez-toc-heading-6\" href=\"https:\/\/www.boxrepsol.com\/es\/cultura-motera\/concentracion-motera-de-faro\/#%C2%BFQuien_organiza_la_concentracion_motera\" >\u00bfQui\u00e9n organiza la concentraci\u00f3n motera?<\/a><\/li><li class='ez-toc-page-1 ez-toc-heading-level-3'><a class=\"ez-toc-link ez-toc-heading-7\" href=\"https:\/\/www.boxrepsol.com\/es\/cultura-motera\/concentracion-motera-de-faro\/#%C2%BFEs_posible_acampar_en_el_recinto\" >\u00bfEs posible acampar en el recinto?<\/a><\/li><li class='ez-toc-page-1 ez-toc-heading-level-3'><a class=\"ez-toc-link ez-toc-heading-8\" href=\"https:\/\/www.boxrepsol.com\/es\/cultura-motera\/concentracion-motera-de-faro\/#%C2%BFQue_bandas_actuaran_en_2025\" >\u00bfQu\u00e9 bandas actuar\u00e1n en 2025?<\/a><\/li><li class='ez-toc-page-1 ez-toc-heading-level-3'><a class=\"ez-toc-link ez-toc-heading-9\" href=\"https:\/\/www.boxrepsol.com\/es\/cultura-motera\/concentracion-motera-de-faro\/#%C2%BFDonde_puedo_comprar_las_entradas_para_la_concentracion\" >\u00bfD\u00f3nde puedo comprar las entradas para la concentraci\u00f3n?<\/a><\/li><\/ul><\/li><\/ul><\/nav><\/div>\n<\/strong><\/p>\n\n\n<div class=\"wp-block-image\">\n<figure class=\"aligncenter size-full is-resized\"><img loading=\"lazy\" decoding=\"async\" width=\"864\" height=\"1080\" src=\"https:\/\/bxrepsol.s3.eu-west-1.amazonaws.com\/static\/2024\/05\/23061810\/concentracion-faro-2025.jpg\" alt=\"Cartel de la Concentraci\u00f3n Motera de Faro 2025\" class=\"wp-image-126153\" style=\"width:456px;height:auto\" srcset=\"https:\/\/bxrepsol.s3.eu-west-1.amazonaws.com\/static\/2024\/05\/23061810\/concentracion-faro-2025.jpg 864w, https:\/\/bxrepsol.s3.eu-west-1.amazonaws.com\/static\/2024\/05\/23061810\/concentracion-faro-2025-240x300.jpg 240w, https:\/\/bxrepsol.s3.eu-west-1.amazonaws.com\/static\/2024\/05\/23061810\/concentracion-faro-2025-819x1024.jpg 819w, https:\/\/bxrepsol.s3.eu-west-1.amazonaws.com\/static\/2024\/05\/23061810\/concentracion-faro-2025-768x960.jpg 768w\" sizes=\"auto, (max-width: 864px) 100vw, 864px\" \/><\/figure>\n<\/div>\n\n\n<p>Prueba del \u00e9xito de esta concentraci\u00f3n es que <strong>ha llegado a reunir cerca de 30.000 motoristas<\/strong> llegados de muchos puntos de Europa e incluso de otros continentes. Al respecto, hay que se\u00f1alar que, aunque es una concentraci\u00f3n que se lleva a cabo en Portugal, es una cita que consideramos muy nuestra y una <strong>gran parte de los asistentes son espa\u00f1oles.<\/strong><\/p>\n\n\n\n<p><\/p>\n\n\n\n<p><\/p>\n\n\n\n<p><\/p>\n\n\n\n<h2 class=\"wp-block-heading\"><span class=\"ez-toc-section\" id=\"Historia_de_la_Concentracion_Internacional_de_Faro\"><\/span>Historia de la Concentraci\u00f3n Internacional de Faro<span class=\"ez-toc-section-end\"><\/span><\/h2>\n\n\n\n<p>Para saber cu\u00e1l fue el punto de partida de esta concentraci\u00f3n motera hay que <strong>remontarse a los a\u00f1os 70 <\/strong>del siglo pasado, cuando unos amigos moteros se reunieron en la localidad de Faro. Pocos a\u00f1os despu\u00e9s, ya en 1982, constituyeron y legalizaron el <strong>\u201c<em>Moto Clube Faro<\/em>\u201d<\/strong>. Desde entonces la actividad de este motoclub no ha cesado, y aparte de ser conocido por organizar la famosa concentraci\u00f3n, a lo largo de su dilatada historia, entre otras actividades, <strong>tambi\u00e9n se ha implicado en carreras de motocross y velocidad.<\/strong><\/p>\n\n\n<div class=\"wp-block-image\">\n<figure class=\"aligncenter size-large\"><img loading=\"lazy\" decoding=\"async\" width=\"1024\" height=\"683\" src=\"https:\/\/bxrepsol.s3.eu-west-1.amazonaws.com\/static\/2024\/05\/16065046\/Foto-3-1-1024x683.jpg\" alt=\"Multitud de gente en la concentraci\u00f3n de motos de Faro\n\" class=\"wp-image-116315\" srcset=\"https:\/\/bxrepsol.s3.eu-west-1.amazonaws.com\/static\/2024\/05\/16065046\/Foto-3-1-1024x683.jpg 1024w, https:\/\/bxrepsol.s3.eu-west-1.amazonaws.com\/static\/2024\/05\/16065046\/Foto-3-1-300x200.jpg 300w, https:\/\/bxrepsol.s3.eu-west-1.amazonaws.com\/static\/2024\/05\/16065046\/Foto-3-1-768x512.jpg 768w, https:\/\/bxrepsol.s3.eu-west-1.amazonaws.com\/static\/2024\/05\/16065046\/Foto-3-1-1536x1024.jpg 1536w, https:\/\/bxrepsol.s3.eu-west-1.amazonaws.com\/static\/2024\/05\/16065046\/Foto-3-1.jpg 1732w\" sizes=\"auto, (max-width: 1024px) 100vw, 1024px\" \/><\/figure>\n<\/div>\n\n\n<p>De este modo, la <strong>1\u00aa Concentraci\u00f3n de Motociclistas de Faro data de 1982,<\/strong> y desde entonces, salvo un a\u00f1o debido a la pandemia, la reuni\u00f3n de car\u00e1cter anual nunca se ha interrumpido. Todo el esfuerzo empleado cada a\u00f1o ha sido recompensado con el aumento progresivo de participantes y por el reconocimiento un\u00e1nime por parte de la prensa internacional a la calidad de la organizaci\u00f3n.<\/p>\n\n\n\n<p><\/p>\n\n\n\n<p><\/p>\n\n\n\n<h2 class=\"wp-block-heading\"><span class=\"ez-toc-section\" id=\"%C2%BFDonde_se_ubica_la_Concentracion_Internacional_de_Faro\"><\/span>\u00bfD\u00f3nde se ubica la Concentraci\u00f3n Internacional de Faro?<span class=\"ez-toc-section-end\"><\/span><\/h2>\n\n\n\n<p>El lugar en el que se centran las actividades de la concentraci\u00f3n es <strong><a href=\"https:\/\/maps.app.goo.gl\/z2tjKDbtBtEHtN316\" target=\"_blank\" rel=\"noreferrer noopener\">Vale das Armas<\/a>, <\/strong>que se localiza a las afueras de lalocalidad de Faro y cerca del aeropuerto Gago Coutinho. Aunque existen <strong>diversas<\/strong> <strong>\u00e1reas de aparcamiento<\/strong> dentro del recinto, para que la zona no se llegue a colapsar con las motos de los asistentes, durante los d\u00edas que dura el evento, la organizaci\u00f3n pone un <strong>servicio gratuito de autob\u00fas lanzadera<\/strong> desde el centro de Faro hasta Vale das Armas que funciona las 24 horas del d\u00eda. Para hacerse una idea de la magnitud del evento, conviene citar que <strong>en su organizaci\u00f3n se involucran m\u00e1s de 1.000 personas<\/strong> para que todo discurra con la necesaria normalidad.<\/p>\n\n\n<div class=\"wp-block-image\">\n<figure class=\"aligncenter size-large\"><img loading=\"lazy\" decoding=\"async\" width=\"1024\" height=\"547\" src=\"https:\/\/bxrepsol.s3.eu-west-1.amazonaws.com\/static\/2024\/05\/16065149\/Foto-4-1024x547.png\" alt=\"Ubicaci\u00f3n de la concentraci\u00f3n de motos de Faro en Portugal\" class=\"wp-image-116317\" srcset=\"https:\/\/bxrepsol.s3.eu-west-1.amazonaws.com\/static\/2024\/05\/16065149\/Foto-4-1024x547.png 1024w, https:\/\/bxrepsol.s3.eu-west-1.amazonaws.com\/static\/2024\/05\/16065149\/Foto-4-300x160.png 300w, https:\/\/bxrepsol.s3.eu-west-1.amazonaws.com\/static\/2024\/05\/16065149\/Foto-4-768x410.png 768w, https:\/\/bxrepsol.s3.eu-west-1.amazonaws.com\/static\/2024\/05\/16065149\/Foto-4.png 1510w\" sizes=\"auto, (max-width: 1024px) 100vw, 1024px\" \/><\/figure>\n<\/div>\n\n\n<p>Adem\u00e1s, en el entono del recinto se habilitan para la ocasi\u00f3n distintas <strong>zonas en las que se puede acampar<\/strong>. Para ello, el \u201c<em>Moto Clube Faro<\/em>\u201d sugiere llevar tienda de campa\u00f1a, saco de dormir, art\u00edculos de higiene personal y ropa adecuada para el clima.<\/p>\n\n\n\n<p><\/p>\n\n\n\n<h2 class=\"wp-block-heading\"><span class=\"ez-toc-section\" id=\"Precios_de_la_Concentracion_motera_de_Faro_2025\"><\/span>Precios de la Concentraci\u00f3n motera de Faro 2025<span class=\"ez-toc-section-end\"><\/span><\/h2>\n\n\n\n<p>Este a\u00f1o el Moto Club Faro ofrece por primera vez la <strong>posibilidad de comprar la entrada online<\/strong> a trav\u00e9s de su <a href=\"https:\/\/motoclubefaro.360city.pt\/event?id=250\">p\u00e1gina web oficial<\/a>.<\/p>\n\n\n\n<p>Tambi\u00e9n informa de que no es posible sacarla para d\u00edas sueltos y que <strong>la entrada disponible es para los cuatro d\u00edas<\/strong> que dura el evento. Si se adquiere a trav\u00e9s del citado enlace,<strong> el precio de la entrada es de 60 \u20ac<\/strong>. Incluye acceso al recinto durante los cuatro d\u00edas con la posibilidad de acampada, adem\u00e1s de comida el s\u00e1bado, y desayuno y almuerzo el domingo.<\/p>\n\n\n\n<p>Igualmente, <strong>permite participar en distintos sorteos<\/strong>, entre los que destacan el de un viaje a la \u201c<em>bike week<\/em>\u201d de Daytona para dos personas y el de una moto de la marca Indian Motorcycles, patrocinadora del evento. Los sorteos se realizar\u00e1n el domingo y los premios son personales e intransferibles, lo que quiere decir que solo los participantes presentes en el momento del sorteo tienen la posibilidad de ganar los premios. La organizaci\u00f3n tambi\u00e9n advierte que los premios no pueden convertirse en dinero en efectivo.<\/p>\n\n\n<div class=\"wp-block-image\">\n<figure class=\"aligncenter size-large\"><img loading=\"lazy\" decoding=\"async\" width=\"1024\" height=\"683\" src=\"https:\/\/bxrepsol.s3.eu-west-1.amazonaws.com\/static\/2024\/05\/16065313\/Foto-6-2-1024x683.jpg\" alt=\"Souvenir de la concentraci\u00f3n de motos de Faro\" class=\"wp-image-116325\" srcset=\"https:\/\/bxrepsol.s3.eu-west-1.amazonaws.com\/static\/2024\/05\/16065313\/Foto-6-2-1024x683.jpg 1024w, https:\/\/bxrepsol.s3.eu-west-1.amazonaws.com\/static\/2024\/05\/16065313\/Foto-6-2-300x200.jpg 300w, https:\/\/bxrepsol.s3.eu-west-1.amazonaws.com\/static\/2024\/05\/16065313\/Foto-6-2-768x512.jpg 768w, https:\/\/bxrepsol.s3.eu-west-1.amazonaws.com\/static\/2024\/05\/16065313\/Foto-6-2.jpg 1299w\" sizes=\"auto, (max-width: 1024px) 100vw, 1024px\" \/><\/figure>\n<\/div>\n\n\n<p><\/p>\n\n\n\n<h2 class=\"wp-block-heading\"><span class=\"ez-toc-section\" id=\"Programacion_de_la_Concentracion_de_motos_de_Faro_2025\"><\/span>Programaci\u00f3n de la Concentraci\u00f3n de motos de Faro 2025<span class=\"ez-toc-section-end\"><\/span><\/h2>\n\n\n\n<p>Durante la concentraci\u00f3n es posible disfrutar de las siguientes actividades:<\/p>\n\n\n\n<ul class=\"wp-block-list\">\n<li><strong>Desfile de motos:<\/strong>&nbsp;como colof\u00f3n a un largo fin de semana, el encuentro siempre termina con un <strong>gran desfile de motos por las calles de Faro<\/strong>.<\/li>\n<\/ul>\n\n\n<div class=\"wp-block-image\">\n<figure class=\"aligncenter size-full is-resized\"><img loading=\"lazy\" decoding=\"async\" width=\"1024\" height=\"682\" src=\"https:\/\/bxrepsol.s3.eu-west-1.amazonaws.com\/static\/2024\/05\/16065320\/Foto-2-1.jpg\" alt=\"Moteros con la bandera de su pa\u00eds en la concentraci\u00f3n de Faro \" class=\"wp-image-116327\" style=\"width:752px;height:auto\" srcset=\"https:\/\/bxrepsol.s3.eu-west-1.amazonaws.com\/static\/2024\/05\/16065320\/Foto-2-1.jpg 1024w, https:\/\/bxrepsol.s3.eu-west-1.amazonaws.com\/static\/2024\/05\/16065320\/Foto-2-1-300x200.jpg 300w, https:\/\/bxrepsol.s3.eu-west-1.amazonaws.com\/static\/2024\/05\/16065320\/Foto-2-1-768x512.jpg 768w\" sizes=\"auto, (max-width: 1024px) 100vw, 1024px\" \/><\/figure>\n<\/div>\n\n\n<ul class=\"wp-block-list\">\n<li><strong>M\u00fasica y entretenimiento:<\/strong>&nbsp;el evento cuenta con conciertos de m\u00fasica en vivo, espect\u00e1culos de entretenimiento y diversas actividades culturales. Cada a\u00f1o hay un cartel variado con mucho rock y grandes estrellas de la m\u00fasica nacional e internacional.<\/li>\n\n\n\n<li><strong><em>\u201cCustom Bike Show\u201d<\/em><\/strong><strong>:&nbsp;<\/strong>lo m\u00e1s destacado de la concentraci\u00f3n es el Custom Bike Show. En \u00e9l compiten motos modificadas y personalizadas de forma \u00fanica.<\/li>\n<\/ul>\n\n\n\n<ul class=\"wp-block-list\">\n<li><strong>Feria y exposiciones:&nbsp;<\/strong>multitud de vendedores y expositores instalan sus puestos en carpas para mostrar y vender productos, <a href=\"https:\/\/www.boxrepsol.com\/es\/cultura-motera\/las-chuches-para-tu-moto-mejor-valoradas\/\">accesorios<\/a>, ropa, etc. Todo relacionado con el mundo de las motos.<\/li>\n\n\n\n<li><strong>Iniciativas ben\u00e9ficas:<\/strong>&nbsp;El Moto Club de Faro es muy activo en la organizaci\u00f3n de iniciativas ben\u00e9ficas y la recaudaci\u00f3n de fondos para apoyar causas locales.<\/li>\n\n\n\n<li><strong>Proximidad a todo:&nbsp;<\/strong>El lugar de la concentraci\u00f3n est\u00e1 estrat\u00e9gicamente ubicado entre el Aeropuerto Internacional de Faro \u2013 Gago Coutinho y la Playa de Faro. No hace falta ir muy lejos para disfrutar de lo mejor que Faro tiene para ofrecer.<\/li>\n<\/ul>\n\n\n\n<ul class=\"wp-block-list\">\n<li><strong>Alquiler de motos:<\/strong> alquilar una moto en Faro para disfrutar de la concentraci\u00f3n como es debido y realizar alguna <strong>ruta por la zona del el Algarve<\/strong> es una opci\u00f3n muy c\u00f3moda. Se puede llegar en avi\u00f3n hasta el aeropuerto de Faro y alquilar una moto all\u00ed durante el tiempo que se desee. De este modo se puede evitar un largo viaje tanto a la ida, como de vuelta a casa. En el propio blog de la concentraci\u00f3n se ofrece una empresa denominada <strong>Soulful Bikes<\/strong> que ofrece una gran variedad de modelos para alquilar. Aparte se pueden alquilar motos all\u00ed a trav\u00e9s de empresas como Hertz, OK Mobility, Rentalmotorbike, Motoroads o Riderly, entre otras.<\/li>\n<\/ul>\n\n\n\n<p><\/p>\n\n\n\n<h2 class=\"wp-block-heading\"><span class=\"ez-toc-section\" id=\"Preguntas_frecuentes_sobre_la_concentracion_de_faro\"><\/span>Preguntas frecuentes sobre la concentraci\u00f3n de faro <span class=\"ez-toc-section-end\"><\/span><\/h2>\n\n\n\n<h3 class=\"wp-block-heading\"><span class=\"ez-toc-section\" id=\"%C2%BFQuien_organiza_la_concentracion_motera\"><\/span>\u00bfQui\u00e9n organiza la concentraci\u00f3n motera?<span class=\"ez-toc-section-end\"><\/span><\/h3>\n\n\n\n<p>El evento est\u00e1 organizado por el Moto Club de Faro, una asociaci\u00f3n sin \u00e1nimo de lucro dedicada a promover Faro y el motociclismo.<\/p>\n\n\n\n<h3 class=\"wp-block-heading\"><span class=\"ez-toc-section\" id=\"%C2%BFEs_posible_acampar_en_el_recinto\"><\/span>\u00bfEs posible acampar en el recinto?<span class=\"ez-toc-section-end\"><\/span><\/h3>\n\n\n\n<p>S\u00ed, la acampada est\u00e1 permitida en el lugar del evento.<\/p>\n\n\n\n<h3 class=\"wp-block-heading\"><span class=\"ez-toc-section\" id=\"%C2%BFQue_bandas_actuaran_en_2025\"><\/span>\u00bfQu\u00e9 bandas actuar\u00e1n en 2025?<span class=\"ez-toc-section-end\"><\/span><\/h3>\n\n\n\n<p>El cartel definitivo se anunciar\u00e1 m\u00e1s adelante. En ediciones anteriores han actuado bandas como Wolfmother, Ir\u00eds, Tony Moore, British Lion, Porretas y M\u00d6RDERSTEIN, entre otras. Grandes nombres como Iron Maiden, Scorpions y Deep Purple tambi\u00e9n han pasado por el escenario principal en a\u00f1os anteriores.<\/p>\n\n\n\n<h3 class=\"wp-block-heading\"><span class=\"ez-toc-section\" id=\"%C2%BFDonde_puedo_comprar_las_entradas_para_la_concentracion\"><\/span>\u00bfD\u00f3nde puedo comprar las entradas para la concentraci\u00f3n?<span class=\"ez-toc-section-end\"><\/span><\/h3>\n\n\n\n<p>Las entradas suelen estar disponibles en:<\/p>\n\n\n\n<ul class=\"wp-block-list\">\n<li>La sede del Moto Club de Faro (Avenida Cidade de Hayward, junto a la gasolinera BP)<\/li>\n\n\n\n<li>La tienda de merchandising del club (Rua Tenente Valadim N\u00ba 12, centro de Faro)<\/li>\n\n\n\n<li>El propio recinto en Vale das Almas<\/li>\n<\/ul>\n\n\n\n<p><\/p>\n","protected":false},"excerpt":{"rendered":"<p>Cuatro d\u00edas (17, 18, 19 y 20 de julio), miles de motos, rutas y m\u00fasica en directo, junto a un programa de espect\u00e1culos y actividades muy intenso, son los principales argumentos que esgrime la que hoy en d\u00eda es considerada como una de las mayores concentraciones de moteros de Europa.<\/p>\n","protected":false},"author":41267,"featured_media":116311,"comment_status":"open","ping_status":"open","sticky":false,"template":"","format":"standard","meta":{"footnotes":""},"categories":[160],"tags":[589],"class_list":["post-116310","post","type-post","status-publish","format-standard","hentry","category-cultura-motera","tag-mototurismo"],"yoast_head":"<!-- This site is optimized with the Yoast SEO plugin v27.3 - https:\/\/yoast.com\/product\/yoast-seo-wordpress\/ -->\n<title>Concentraci\u00f3n de Faro 2025: fechas y ubicaci\u00f3n - Box Repsol<\/title>\n<meta name=\"description\" content=\"Sum\u00e9rgete en la emoci\u00f3n de la legendaria concentraci\u00f3n de motos de Faro 2025. Descubre lo que hace que este evento sea \u00fanico para todos los moteros.\" \/>\n<link rel=\"canonical\" href=\"https:\/\/www.boxrepsol.com\/es\/cultura-motera\/concentracion-motera-de-faro\/\" \/>\n<meta property=\"og:locale\" content=\"es_ES\" \/>\n<meta property=\"og:type\" content=\"article\" \/>\n<meta property=\"og:title\" content=\"Concentraci\u00f3n de Faro 2025: fechas y ubicaci\u00f3n - Box Repsol\" \/>\n<meta property=\"og:description\" content=\"Sum\u00e9rgete en la emoci\u00f3n de la legendaria concentraci\u00f3n de motos de Faro 2025. Descubre lo que hace que este evento sea \u00fanico para todos los moteros.\" \/>\n<meta property=\"og:url\" content=\"https:\/\/www.boxrepsol.com\/es\/cultura-motera\/concentracion-motera-de-faro\/\" \/>\n<meta property=\"og:site_name\" content=\"Box Repsol\" \/>\n<meta property=\"article:publisher\" content=\"https:\/\/www.facebook.com\/BoxRepsol\" \/>\n<meta property=\"article:published_time\" content=\"2024-05-16T08:57:22+00:00\" \/>\n<meta property=\"article:modified_time\" content=\"2025-06-26T07:36:23+00:00\" \/>\n<meta property=\"og:image\" content=\"https:\/\/bxrepsol.s3.eu-west-1.amazonaws.com\/static\/2024\/05\/16065022\/Foto-8.jpg\" \/>\n\t<meta property=\"og:image:width\" content=\"1851\" \/>\n\t<meta property=\"og:image:height\" content=\"926\" \/>\n\t<meta property=\"og:image:type\" content=\"image\/jpeg\" \/>\n<meta name=\"author\" content=\"V\u00edctor Gancedo\" \/>\n<meta name=\"twitter:card\" content=\"summary_large_image\" \/>\n<meta name=\"twitter:creator\" content=\"@box_repsol\" \/>\n<meta name=\"twitter:site\" content=\"@box_repsol\" \/>\n<meta name=\"twitter:label1\" content=\"Written by\" \/>\n\t<meta name=\"twitter:data1\" content=\"V\u00edctor Gancedo\" \/>\n\t<meta name=\"twitter:label2\" content=\"Est. reading time\" \/>\n\t<meta name=\"twitter:data2\" content=\"6 minutos\" \/>\n<script type=\"application\/ld+json\" class=\"yoast-schema-graph\">{\"@context\":\"https:\\\/\\\/schema.org\",\"@graph\":[{\"@type\":\"Article\",\"@id\":\"https:\\\/\\\/www.boxrepsol.com\\\/es\\\/cultura-motera\\\/concentracion-motera-de-faro\\\/#article\",\"isPartOf\":{\"@id\":\"https:\\\/\\\/www.boxrepsol.com\\\/es\\\/cultura-motera\\\/concentracion-motera-de-faro\\\/\"},\"author\":{\"name\":\"V\u00edctor Gancedo\",\"@id\":\"https:\\\/\\\/www.boxrepsol.com\\\/es\\\/#\\\/schema\\\/person\\\/40c28bf318bbbe8fe3848b194b7385ca\"},\"headline\":\"XLIII Edici\u00f3n Concentraci\u00f3n Internacional de Faro 2025\",\"datePublished\":\"2024-05-16T08:57:22+00:00\",\"dateModified\":\"2025-06-26T07:36:23+00:00\",\"mainEntityOfPage\":{\"@id\":\"https:\\\/\\\/www.boxrepsol.com\\\/es\\\/cultura-motera\\\/concentracion-motera-de-faro\\\/\"},\"wordCount\":1276,\"commentCount\":0,\"publisher\":{\"@id\":\"https:\\\/\\\/www.boxrepsol.com\\\/es\\\/#organization\"},\"image\":{\"@id\":\"https:\\\/\\\/www.boxrepsol.com\\\/es\\\/cultura-motera\\\/concentracion-motera-de-faro\\\/#primaryimage\"},\"thumbnailUrl\":\"https:\\\/\\\/bxrepsol.s3.eu-west-1.amazonaws.com\\\/static\\\/2024\\\/05\\\/16065022\\\/Foto-8.jpg\",\"keywords\":[\"Mototurismo\"],\"articleSection\":[\"Cultura Motera\"],\"inLanguage\":\"es\",\"potentialAction\":[{\"@type\":\"CommentAction\",\"name\":\"Comment\",\"target\":[\"https:\\\/\\\/www.boxrepsol.com\\\/es\\\/cultura-motera\\\/concentracion-motera-de-faro\\\/#respond\"]}]},{\"@type\":\"WebPage\",\"@id\":\"https:\\\/\\\/www.boxrepsol.com\\\/es\\\/cultura-motera\\\/concentracion-motera-de-faro\\\/\",\"url\":\"https:\\\/\\\/www.boxrepsol.com\\\/es\\\/cultura-motera\\\/concentracion-motera-de-faro\\\/\",\"name\":\"Concentraci\u00f3n de Faro 2025: fechas y ubicaci\u00f3n - Box Repsol\",\"isPartOf\":{\"@id\":\"https:\\\/\\\/www.boxrepsol.com\\\/es\\\/#website\"},\"primaryImageOfPage\":{\"@id\":\"https:\\\/\\\/www.boxrepsol.com\\\/es\\\/cultura-motera\\\/concentracion-motera-de-faro\\\/#primaryimage\"},\"image\":{\"@id\":\"https:\\\/\\\/www.boxrepsol.com\\\/es\\\/cultura-motera\\\/concentracion-motera-de-faro\\\/#primaryimage\"},\"thumbnailUrl\":\"https:\\\/\\\/bxrepsol.s3.eu-west-1.amazonaws.com\\\/static\\\/2024\\\/05\\\/16065022\\\/Foto-8.jpg\",\"datePublished\":\"2024-05-16T08:57:22+00:00\",\"dateModified\":\"2025-06-26T07:36:23+00:00\",\"description\":\"Sum\u00e9rgete en la emoci\u00f3n de la legendaria concentraci\u00f3n de motos de Faro 2025. Descubre lo que hace que este evento sea \u00fanico para todos los moteros.\",\"breadcrumb\":{\"@id\":\"https:\\\/\\\/www.boxrepsol.com\\\/es\\\/cultura-motera\\\/concentracion-motera-de-faro\\\/#breadcrumb\"},\"inLanguage\":\"es\",\"potentialAction\":[{\"@type\":\"ReadAction\",\"target\":[\"https:\\\/\\\/www.boxrepsol.com\\\/es\\\/cultura-motera\\\/concentracion-motera-de-faro\\\/\"]}]},{\"@type\":\"ImageObject\",\"inLanguage\":\"es\",\"@id\":\"https:\\\/\\\/www.boxrepsol.com\\\/es\\\/cultura-motera\\\/concentracion-motera-de-faro\\\/#primaryimage\",\"url\":\"https:\\\/\\\/bxrepsol.s3.eu-west-1.amazonaws.com\\\/static\\\/2024\\\/05\\\/16065022\\\/Foto-8.jpg\",\"contentUrl\":\"https:\\\/\\\/bxrepsol.s3.eu-west-1.amazonaws.com\\\/static\\\/2024\\\/05\\\/16065022\\\/Foto-8.jpg\",\"width\":1851,\"height\":926},{\"@type\":\"BreadcrumbList\",\"@id\":\"https:\\\/\\\/www.boxrepsol.com\\\/es\\\/cultura-motera\\\/concentracion-motera-de-faro\\\/#breadcrumb\",\"itemListElement\":[{\"@type\":\"ListItem\",\"position\":1,\"name\":\"Home\",\"item\":\"https:\\\/\\\/www.boxrepsol.com\\\/es\\\/\"},{\"@type\":\"ListItem\",\"position\":2,\"name\":\"XLIII Edici\u00f3n Concentraci\u00f3n Internacional de Faro 2025\"}]},{\"@type\":\"WebSite\",\"@id\":\"https:\\\/\\\/www.boxrepsol.com\\\/es\\\/#website\",\"url\":\"https:\\\/\\\/www.boxrepsol.com\\\/es\\\/\",\"name\":\"Box Repsol\",\"description\":\"Box Repsol Site\",\"publisher\":{\"@id\":\"https:\\\/\\\/www.boxrepsol.com\\\/es\\\/#organization\"},\"potentialAction\":[{\"@type\":\"SearchAction\",\"target\":{\"@type\":\"EntryPoint\",\"urlTemplate\":\"https:\\\/\\\/www.boxrepsol.com\\\/es\\\/?s={search_term_string}\"},\"query-input\":{\"@type\":\"PropertyValueSpecification\",\"valueRequired\":true,\"valueName\":\"search_term_string\"}}],\"inLanguage\":\"es\"},{\"@type\":\"Organization\",\"@id\":\"https:\\\/\\\/www.boxrepsol.com\\\/es\\\/#organization\",\"name\":\"Box Repsol\",\"url\":\"https:\\\/\\\/www.boxrepsol.com\\\/es\\\/\",\"logo\":{\"@type\":\"ImageObject\",\"inLanguage\":\"es\",\"@id\":\"https:\\\/\\\/www.boxrepsol.com\\\/es\\\/#\\\/schema\\\/logo\\\/image\\\/\",\"url\":\"https:\\\/\\\/bxrepsol.s3.eu-west-1.amazonaws.com\\\/static\\\/2025\\\/07\\\/30083337\\\/favicon-96x96-1.png\",\"contentUrl\":\"https:\\\/\\\/bxrepsol.s3.eu-west-1.amazonaws.com\\\/static\\\/2025\\\/07\\\/30083337\\\/favicon-96x96-1.png\",\"width\":96,\"height\":96,\"caption\":\"Box Repsol\"},\"image\":{\"@id\":\"https:\\\/\\\/www.boxrepsol.com\\\/es\\\/#\\\/schema\\\/logo\\\/image\\\/\"},\"sameAs\":[\"https:\\\/\\\/www.facebook.com\\\/BoxRepsol\",\"https:\\\/\\\/x.com\\\/box_repsol\",\"http:\\\/\\\/instagram.com\\\/box_repsol\",\"https:\\\/\\\/www.youtube.com\\\/user\\\/RepsolCompeticion\",\"https:\\\/\\\/www.flickr.com\\\/photos\\\/box_repsol\\\/\"]},{\"@type\":\"Person\",\"@id\":\"https:\\\/\\\/www.boxrepsol.com\\\/es\\\/#\\\/schema\\\/person\\\/40c28bf318bbbe8fe3848b194b7385ca\",\"name\":\"V\u00edctor Gancedo\",\"image\":{\"@type\":\"ImageObject\",\"inLanguage\":\"es\",\"@id\":\"https:\\\/\\\/secure.gravatar.com\\\/avatar\\\/cd1439a66fca5d3425cd2a7b13f32cd43e25022a0436c1235ef2a28e14fa660a?s=96&d=mm&r=g\",\"url\":\"https:\\\/\\\/secure.gravatar.com\\\/avatar\\\/cd1439a66fca5d3425cd2a7b13f32cd43e25022a0436c1235ef2a28e14fa660a?s=96&d=mm&r=g\",\"contentUrl\":\"https:\\\/\\\/secure.gravatar.com\\\/avatar\\\/cd1439a66fca5d3425cd2a7b13f32cd43e25022a0436c1235ef2a28e14fa660a?s=96&d=mm&r=g\",\"caption\":\"V\u00edctor Gancedo\"},\"description\":\"Periodista especializado en el mundo de las motos, V\u00edctor ha probado pr\u00e1cticamente todas las que han salido al mercado desde 1990. En su larga trayectoria, ha desempe\u00f1ado cargos como los de Jefe de Pruebas de la revista Motociclismo o Responsable de Pruebas del \u00c1rea de Motos del Grupo Motorpress-Ib\u00e9rica, hoy llamado Sport Life Ib\u00e9rica, al cual sigue vinculado.\",\"sameAs\":[\"https:\\\/\\\/www.instagram.com\\\/vfgancedo\"],\"url\":\"https:\\\/\\\/www.boxrepsol.com\\\/es\\\/author\\\/victor_gancedo\\\/\"}]}<\/script>\n<!-- \/ Yoast SEO plugin. -->","yoast_head_json":{"title":"Concentraci\u00f3n de Faro 2025: fechas y ubicaci\u00f3n - Box Repsol","description":"Sum\u00e9rgete en la emoci\u00f3n de la legendaria concentraci\u00f3n de motos de Faro 2025. Descubre lo que hace que este evento sea \u00fanico para todos los moteros.","canonical":"https:\/\/www.boxrepsol.com\/es\/cultura-motera\/concentracion-motera-de-faro\/","og_locale":"es_ES","og_type":"article","og_title":"Concentraci\u00f3n de Faro 2025: fechas y ubicaci\u00f3n - Box Repsol","og_description":"Sum\u00e9rgete en la emoci\u00f3n de la legendaria concentraci\u00f3n de motos de Faro 2025. Descubre lo que hace que este evento sea \u00fanico para todos los moteros.","og_url":"https:\/\/www.boxrepsol.com\/es\/cultura-motera\/concentracion-motera-de-faro\/","og_site_name":"Box Repsol","article_publisher":"https:\/\/www.facebook.com\/BoxRepsol","article_published_time":"2024-05-16T08:57:22+00:00","article_modified_time":"2025-06-26T07:36:23+00:00","og_image":[{"width":1851,"height":926,"url":"https:\/\/bxrepsol.s3.eu-west-1.amazonaws.com\/static\/2024\/05\/16065022\/Foto-8.jpg","type":"image\/jpeg"}],"author":"V\u00edctor Gancedo","twitter_card":"summary_large_image","twitter_creator":"@box_repsol","twitter_site":"@box_repsol","twitter_misc":{"Written by":"V\u00edctor Gancedo","Est. reading time":"6 minutos"},"schema":{"@context":"https:\/\/schema.org","@graph":[{"@type":"Article","@id":"https:\/\/www.boxrepsol.com\/es\/cultura-motera\/concentracion-motera-de-faro\/#article","isPartOf":{"@id":"https:\/\/www.boxrepsol.com\/es\/cultura-motera\/concentracion-motera-de-faro\/"},"author":{"name":"V\u00edctor Gancedo","@id":"https:\/\/www.boxrepsol.com\/es\/#\/schema\/person\/40c28bf318bbbe8fe3848b194b7385ca"},"headline":"XLIII Edici\u00f3n Concentraci\u00f3n Internacional de Faro 2025","datePublished":"2024-05-16T08:57:22+00:00","dateModified":"2025-06-26T07:36:23+00:00","mainEntityOfPage":{"@id":"https:\/\/www.boxrepsol.com\/es\/cultura-motera\/concentracion-motera-de-faro\/"},"wordCount":1276,"commentCount":0,"publisher":{"@id":"https:\/\/www.boxrepsol.com\/es\/#organization"},"image":{"@id":"https:\/\/www.boxrepsol.com\/es\/cultura-motera\/concentracion-motera-de-faro\/#primaryimage"},"thumbnailUrl":"https:\/\/bxrepsol.s3.eu-west-1.amazonaws.com\/static\/2024\/05\/16065022\/Foto-8.jpg","keywords":["Mototurismo"],"articleSection":["Cultura Motera"],"inLanguage":"es","potentialAction":[{"@type":"CommentAction","name":"Comment","target":["https:\/\/www.boxrepsol.com\/es\/cultura-motera\/concentracion-motera-de-faro\/#respond"]}]},{"@type":"WebPage","@id":"https:\/\/www.boxrepsol.com\/es\/cultura-motera\/concentracion-motera-de-faro\/","url":"https:\/\/www.boxrepsol.com\/es\/cultura-motera\/concentracion-motera-de-faro\/","name":"Concentraci\u00f3n de Faro 2025: fechas y ubicaci\u00f3n - Box Repsol","isPartOf":{"@id":"https:\/\/www.boxrepsol.com\/es\/#website"},"primaryImageOfPage":{"@id":"https:\/\/www.boxrepsol.com\/es\/cultura-motera\/concentracion-motera-de-faro\/#primaryimage"},"image":{"@id":"https:\/\/www.boxrepsol.com\/es\/cultura-motera\/concentracion-motera-de-faro\/#primaryimage"},"thumbnailUrl":"https:\/\/bxrepsol.s3.eu-west-1.amazonaws.com\/static\/2024\/05\/16065022\/Foto-8.jpg","datePublished":"2024-05-16T08:57:22+00:00","dateModified":"2025-06-26T07:36:23+00:00","description":"Sum\u00e9rgete en la emoci\u00f3n de la legendaria concentraci\u00f3n de motos de Faro 2025. Descubre lo que hace que este evento sea \u00fanico para todos los moteros.","breadcrumb":{"@id":"https:\/\/www.boxrepsol.com\/es\/cultura-motera\/concentracion-motera-de-faro\/#breadcrumb"},"inLanguage":"es","potentialAction":[{"@type":"ReadAction","target":["https:\/\/www.boxrepsol.com\/es\/cultura-motera\/concentracion-motera-de-faro\/"]}]},{"@type":"ImageObject","inLanguage":"es","@id":"https:\/\/www.boxrepsol.com\/es\/cultura-motera\/concentracion-motera-de-faro\/#primaryimage","url":"https:\/\/bxrepsol.s3.eu-west-1.amazonaws.com\/static\/2024\/05\/16065022\/Foto-8.jpg","contentUrl":"https:\/\/bxrepsol.s3.eu-west-1.amazonaws.com\/static\/2024\/05\/16065022\/Foto-8.jpg","width":1851,"height":926},{"@type":"BreadcrumbList","@id":"https:\/\/www.boxrepsol.com\/es\/cultura-motera\/concentracion-motera-de-faro\/#breadcrumb","itemListElement":[{"@type":"ListItem","position":1,"name":"Home","item":"https:\/\/www.boxrepsol.com\/es\/"},{"@type":"ListItem","position":2,"name":"XLIII Edici\u00f3n Concentraci\u00f3n Internacional de Faro 2025"}]},{"@type":"WebSite","@id":"https:\/\/www.boxrepsol.com\/es\/#website","url":"https:\/\/www.boxrepsol.com\/es\/","name":"Box Repsol","description":"Box Repsol Site","publisher":{"@id":"https:\/\/www.boxrepsol.com\/es\/#organization"},"potentialAction":[{"@type":"SearchAction","target":{"@type":"EntryPoint","urlTemplate":"https:\/\/www.boxrepsol.com\/es\/?s={search_term_string}"},"query-input":{"@type":"PropertyValueSpecification","valueRequired":true,"valueName":"search_term_string"}}],"inLanguage":"es"},{"@type":"Organization","@id":"https:\/\/www.boxrepsol.com\/es\/#organization","name":"Box Repsol","url":"https:\/\/www.boxrepsol.com\/es\/","logo":{"@type":"ImageObject","inLanguage":"es","@id":"https:\/\/www.boxrepsol.com\/es\/#\/schema\/logo\/image\/","url":"https:\/\/bxrepsol.s3.eu-west-1.amazonaws.com\/static\/2025\/07\/30083337\/favicon-96x96-1.png","contentUrl":"https:\/\/bxrepsol.s3.eu-west-1.amazonaws.com\/static\/2025\/07\/30083337\/favicon-96x96-1.png","width":96,"height":96,"caption":"Box Repsol"},"image":{"@id":"https:\/\/www.boxrepsol.com\/es\/#\/schema\/logo\/image\/"},"sameAs":["https:\/\/www.facebook.com\/BoxRepsol","https:\/\/x.com\/box_repsol","http:\/\/instagram.com\/box_repsol","https:\/\/www.youtube.com\/user\/RepsolCompeticion","https:\/\/www.flickr.com\/photos\/box_repsol\/"]},{"@type":"Person","@id":"https:\/\/www.boxrepsol.com\/es\/#\/schema\/person\/40c28bf318bbbe8fe3848b194b7385ca","name":"V\u00edctor Gancedo","image":{"@type":"ImageObject","inLanguage":"es","@id":"https:\/\/secure.gravatar.com\/avatar\/cd1439a66fca5d3425cd2a7b13f32cd43e25022a0436c1235ef2a28e14fa660a?s=96&d=mm&r=g","url":"https:\/\/secure.gravatar.com\/avatar\/cd1439a66fca5d3425cd2a7b13f32cd43e25022a0436c1235ef2a28e14fa660a?s=96&d=mm&r=g","contentUrl":"https:\/\/secure.gravatar.com\/avatar\/cd1439a66fca5d3425cd2a7b13f32cd43e25022a0436c1235ef2a28e14fa660a?s=96&d=mm&r=g","caption":"V\u00edctor Gancedo"},"description":"Periodista especializado en el mundo de las motos, V\u00edctor ha probado pr\u00e1cticamente todas las que han salido al mercado desde 1990. En su larga trayectoria, ha desempe\u00f1ado cargos como los de Jefe de Pruebas de la revista Motociclismo o Responsable de Pruebas del \u00c1rea de Motos del Grupo Motorpress-Ib\u00e9rica, hoy llamado Sport Life Ib\u00e9rica, al cual sigue vinculado.","sameAs":["https:\/\/www.instagram.com\/vfgancedo"],"url":"https:\/\/www.boxrepsol.com\/es\/author\/victor_gancedo\/"}]}},"_links":{"self":[{"href":"https:\/\/www.boxrepsol.com\/es\/wp-json\/wp\/v2\/posts\/116310","targetHints":{"allow":["GET"]}}],"collection":[{"href":"https:\/\/www.boxrepsol.com\/es\/wp-json\/wp\/v2\/posts"}],"about":[{"href":"https:\/\/www.boxrepsol.com\/es\/wp-json\/wp\/v2\/types\/post"}],"author":[{"embeddable":true,"href":"https:\/\/www.boxrepsol.com\/es\/wp-json\/wp\/v2\/users\/41267"}],"replies":[{"embeddable":true,"href":"https:\/\/www.boxrepsol.com\/es\/wp-json\/wp\/v2\/comments?post=116310"}],"version-history":[{"count":8,"href":"https:\/\/www.boxrepsol.com\/es\/wp-json\/wp\/v2\/posts\/116310\/revisions"}],"predecessor-version":[{"id":126157,"href":"https:\/\/www.boxrepsol.com\/es\/wp-json\/wp\/v2\/posts\/116310\/revisions\/126157"}],"wp:featuredmedia":[{"embeddable":true,"href":"https:\/\/www.boxrepsol.com\/es\/wp-json\/wp\/v2\/media\/116311"}],"wp:attachment":[{"href":"https:\/\/www.boxrepsol.com\/es\/wp-json\/wp\/v2\/media?parent=116310"}],"wp:term":[{"taxonomy":"category","embeddable":true,"href":"https:\/\/www.boxrepsol.com\/es\/wp-json\/wp\/v2\/categories?post=116310"},{"taxonomy":"post_tag","embeddable":true,"href":"https:\/\/www.boxrepsol.com\/es\/wp-json\/wp\/v2\/tags?post=116310"}],"curies":[{"name":"wp","href":"https:\/\/api.w.org\/{rel}","templated":true}]}}