{"id":115900,"date":"2024-05-08T06:20:49","date_gmt":"2024-05-08T08:20:49","guid":{"rendered":"https:\/\/www.boxrepsol.com\/?p=115900"},"modified":"2024-05-08T06:24:19","modified_gmt":"2024-05-08T08:24:19","slug":"cambios-reglamento-motogp-2027","status":"publish","type":"post","link":"https:\/\/www.boxrepsol.com\/es\/motogp\/cambios-reglamento-motogp-2027\/","title":{"rendered":"MotoGP propone un revolucionario reglamento para 2027"},"content":{"rendered":"<figure class=\"wp-block-post-featured-image\"><img loading=\"lazy\" decoding=\"async\" width=\"1200\" height=\"650\" src=\"https:\/\/bxrepsol.s3.eu-west-1.amazonaws.com\/static\/2024\/05\/08060009\/1-2.jpg\" class=\"attachment-post-thumbnail size-post-thumbnail wp-post-image\" alt=\"Parrilla de MotoGP 2024\" style=\"object-fit:cover;\" srcset=\"https:\/\/bxrepsol.s3.eu-west-1.amazonaws.com\/static\/2024\/05\/08060009\/1-2.jpg 1200w, https:\/\/bxrepsol.s3.eu-west-1.amazonaws.com\/static\/2024\/05\/08060009\/1-2-300x163.jpg 300w, https:\/\/bxrepsol.s3.eu-west-1.amazonaws.com\/static\/2024\/05\/08060009\/1-2-1024x555.jpg 1024w, https:\/\/bxrepsol.s3.eu-west-1.amazonaws.com\/static\/2024\/05\/08060009\/1-2-768x416.jpg 768w\" sizes=\"auto, (max-width: 1200px) 100vw, 1200px\" \/><\/figure>\n\n\n<p><\/p>\n\n\n\n<div id=\"ez-toc-container\" class=\"ez-toc-v2_0_82_2 counter-hierarchy ez-toc-counter ez-toc-grey ez-toc-container-direction\">\n<div class=\"ez-toc-title-container\">\n<p class=\"ez-toc-title\" style=\"cursor:inherit\">\u00cdndice<\/p>\n<span class=\"ez-toc-title-toggle\"><a href=\"#\" class=\"ez-toc-pull-right ez-toc-btn ez-toc-btn-xs ez-toc-btn-default ez-toc-toggle\" aria-label=\"Toggle Table of Content\"><span class=\"ez-toc-js-icon-con\"><span class=\"\"><span class=\"eztoc-hide\" style=\"display:none;\">Toggle<\/span><span class=\"ez-toc-icon-toggle-span\"><svg style=\"fill: #999;color:#999\" xmlns=\"http:\/\/www.w3.org\/2000\/svg\" class=\"list-377408\" width=\"20px\" height=\"20px\" viewBox=\"0 0 24 24\" fill=\"none\"><path d=\"M6 6H4v2h2V6zm14 0H8v2h12V6zM4 11h2v2H4v-2zm16 0H8v2h12v-2zM4 16h2v2H4v-2zm16 0H8v2h12v-2z\" fill=\"currentColor\"><\/path><\/svg><svg style=\"fill: #999;color:#999\" class=\"arrow-unsorted-368013\" xmlns=\"http:\/\/www.w3.org\/2000\/svg\" width=\"10px\" height=\"10px\" viewBox=\"0 0 24 24\" version=\"1.2\" baseProfile=\"tiny\"><path d=\"M18.2 9.3l-6.2-6.3-6.2 6.3c-.2.2-.3.4-.3.7s.1.5.3.7c.2.2.4.3.7.3h11c.3 0 .5-.1.7-.3.2-.2.3-.5.3-.7s-.1-.5-.3-.7zM5.8 14.7l6.2 6.3 6.2-6.3c.2-.2.3-.5.3-.7s-.1-.5-.3-.7c-.2-.2-.4-.3-.7-.3h-11c-.3 0-.5.1-.7.3-.2.2-.3.5-.3.7s.1.5.3.7z\"\/><\/svg><\/span><\/span><\/span><\/a><\/span><\/div>\n<nav><ul class='ez-toc-list ez-toc-list-level-1 ' ><li class='ez-toc-page-1 ez-toc-heading-level-2'><a class=\"ez-toc-link ez-toc-heading-1\" href=\"https:\/\/www.boxrepsol.com\/es\/motogp\/cambios-reglamento-motogp-2027\/#%C2%BFCuales_son_los_cambios_del_reglamento_de_MotoGP_para_2027\" >\u00bfCu\u00e1les son los cambios del reglamento de MotoGP para 2027?<\/a><ul class='ez-toc-list-level-3' ><li class='ez-toc-heading-level-3'><a class=\"ez-toc-link ez-toc-heading-2\" href=\"https:\/\/www.boxrepsol.com\/es\/motogp\/cambios-reglamento-motogp-2027\/#Reduccion_de_cilindrada_en_las_motos_de_1000cc_a_850cc\" >Reducci\u00f3n de cilindrada en las motos: de 1000cc a 850cc<\/a><\/li><li class='ez-toc-page-1 ez-toc-heading-level-3'><a class=\"ez-toc-link ez-toc-heading-3\" href=\"https:\/\/www.boxrepsol.com\/es\/motogp\/cambios-reglamento-motogp-2027\/#Mayor_control_de_los_elementos_aerodinamicos\" >Mayor control de los elementos aerodin\u00e1micos<\/a><\/li><li class='ez-toc-page-1 ez-toc-heading-level-3'><a class=\"ez-toc-link ez-toc-heading-4\" href=\"https:\/\/www.boxrepsol.com\/es\/motogp\/cambios-reglamento-motogp-2027\/#Prohibicion_de_dispositivos_%E2%80%98holeshot_y_%E2%80%98ride-height\" >Prohibici\u00f3n de dispositivos: \u2018holeshot\u2019 y \u2018ride-height\u2019<\/a><\/li><li class='ez-toc-page-1 ez-toc-heading-level-3'><a class=\"ez-toc-link ez-toc-heading-5\" href=\"https:\/\/www.boxrepsol.com\/es\/motogp\/cambios-reglamento-motogp-2027\/#Combustible_100_renovable\" >Combustible 100% renovable<\/a><\/li><li class='ez-toc-page-1 ez-toc-heading-level-3'><a class=\"ez-toc-link ez-toc-heading-6\" href=\"https:\/\/www.boxrepsol.com\/es\/motogp\/cambios-reglamento-motogp-2027\/#Datos_GPS\" >Datos GPS<\/a><\/li><li class='ez-toc-page-1 ez-toc-heading-level-3'><a class=\"ez-toc-link ez-toc-heading-7\" href=\"https:\/\/www.boxrepsol.com\/es\/motogp\/cambios-reglamento-motogp-2027\/#Sistema_de_concesiones\" >Sistema de concesiones<\/a><\/li><\/ul><\/li><\/ul><\/nav><\/div>\n<h2 class=\"wp-block-heading\"><span class=\"ez-toc-section\" id=\"%C2%BFCuales_son_los_cambios_del_reglamento_de_MotoGP_para_2027\"><\/span><strong>\u00bfCu\u00e1les son los cambios del reglamento de MotoGP para 2027?<\/strong><span class=\"ez-toc-section-end\"><\/span><\/h2>\n\n\n\n<p>Las modificaciones, algunas de ellas bastante rompedoras, <strong>han sido ya anunciadas por parte de Dorna<\/strong> y, todas y cada una de las f\u00e1bricas participantes en la categor\u00eda reina, deber\u00e1n acogerse a ellas a partir de 2027.<\/p>\n\n\n\n<figure class=\"wp-block-image size-full\"><img loading=\"lazy\" decoding=\"async\" width=\"600\" height=\"400\" src=\"https:\/\/bxrepsol.s3.eu-west-1.amazonaws.com\/static\/2024\/05\/08062353\/6.jpg\" alt=\"Luca Marini y Joan Mir en el GP de Las Am\u00e9ricas\" class=\"wp-image-115924\" srcset=\"https:\/\/bxrepsol.s3.eu-west-1.amazonaws.com\/static\/2024\/05\/08062353\/6.jpg 600w, https:\/\/bxrepsol.s3.eu-west-1.amazonaws.com\/static\/2024\/05\/08062353\/6-300x200.jpg 300w\" sizes=\"auto, (max-width: 600px) 100vw, 600px\" \/><\/figure>\n\n\n\n<p><\/p>\n\n\n\n<h3 class=\"wp-block-heading\"><span class=\"ez-toc-section\" id=\"Reduccion_de_cilindrada_en_las_motos_de_1000cc_a_850cc\"><\/span><strong>Reducci\u00f3n de cilindrada en las motos: de 1000cc a 850cc<\/strong><span class=\"ez-toc-section-end\"><\/span><\/h3>\n\n\n\n<p>La mayor variaci\u00f3n ser\u00e1 la <a href=\"https:\/\/www.boxrepsol.com\/es\/motogp\/las-diferentes-cilindradas-del-mundial-motogp\/\">reducci\u00f3n de la cilindrada<\/a>, <strong>pasando de 1000 a 850 cent\u00edmetros c\u00fabicos<\/strong>. Con este cambio, la potencia y velocidades m\u00e1ximas ser\u00e1n menores, haciendo <strong>as\u00ed un deporte m\u00e1s seguro para el piloto<\/strong>. El di\u00e1metro m\u00e1ximo tambi\u00e9n se ver\u00e1 reducido, pasando de <strong>81 a 75 mil\u00edmetros<\/strong>, limitando as\u00ed el rendimiento del motor.<\/p>\n\n\n\n<h3 class=\"wp-block-heading\"><span class=\"ez-toc-section\" id=\"Mayor_control_de_los_elementos_aerodinamicos\"><\/span><strong>Mayor control de los elementos aerodin\u00e1micos <\/strong><span class=\"ez-toc-section-end\"><\/span><\/h3>\n\n\n\n<p>Con este nuevo reglamento, <strong>la aerodin\u00e1mica<\/strong> tambi\u00e9n sufrir\u00e1 modificaciones. Con el objetivo de minimizar sus efectos negativos, a partir de la temporada 2027, la aerodin\u00e1mica estar\u00e1 m\u00e1s controlada y, por ende, se ver\u00e1 reducida <strong>en cuanto a dimensiones de los <\/strong><a href=\"https:\/\/www.boxrepsol.com\/es\/motogp\/importancia-winglets-motogp\/\"><strong>winglets<\/strong><\/a><strong> <\/strong>se refiere.<\/p>\n\n\n\n<figure class=\"wp-block-image size-full\"><img loading=\"lazy\" decoding=\"async\" width=\"600\" height=\"400\" src=\"https:\/\/bxrepsol.s3.eu-west-1.amazonaws.com\/static\/2024\/05\/08061946\/5.jpg\" alt=\"Aletas de la Honda RC213V\" class=\"wp-image-115918\" srcset=\"https:\/\/bxrepsol.s3.eu-west-1.amazonaws.com\/static\/2024\/05\/08061946\/5.jpg 600w, https:\/\/bxrepsol.s3.eu-west-1.amazonaws.com\/static\/2024\/05\/08061946\/5-300x200.jpg 300w\" sizes=\"auto, (max-width: 600px) 100vw, 600px\" \/><\/figure>\n\n\n\n<p>La anchura de la parte superior del <a href=\"https:\/\/www.boxrepsol.com\/es\/tecnologia\/carenado-moto-que-es\/\">carenado<\/a> delantero ser\u00e1 <strong>50 mil\u00edmetros m\u00e1s estrecha,<\/strong> mientras que el morro <strong>se retrasar\u00e1 50 mil\u00edmetros<\/strong>, reduciendo as\u00ed el efecto de la aerodin\u00e1mica en las rectas y zonas de frenado. El objetivo de esta modificaci\u00f3n es claro: <strong>que<\/strong> <strong>haya m\u00e1s adelantamientos en las carreras<\/strong>, generando a\u00fan m\u00e1s espect\u00e1culo.<\/p>\n\n\n\n<h3 class=\"wp-block-heading\"><span class=\"ez-toc-section\" id=\"Prohibicion_de_dispositivos_%E2%80%98holeshot_y_%E2%80%98ride-height\"><\/span><strong>Prohibici\u00f3n de dispositivos: \u2018holeshot\u2019 y \u2018ride-height\u2019<\/strong><span class=\"ez-toc-section-end\"><\/span><\/h3>\n\n\n\n<p>Otra diferencia que las motos de 2027 tendr\u00e1n respecto a las actuales, ser\u00e1 la <strong>prohibici\u00f3n de todos los dispositivos <\/strong><a href=\"https:\/\/www.boxrepsol.com\/es\/motogp\/como-funciona-el-dispositivo-holeshot-de-motogp\/\">&#8216;holeshot&#8217;<\/a><strong> y &#8216;ride-height&#8217;, lo que provocar\u00e1 que<\/strong> el deporte sea m\u00e1s seguro, especialmente en las salidas de carrera. Adem\u00e1s, la eliminaci\u00f3n de ambos dispositivos permitir\u00e1 que <strong>las habilidades de los pilotos tengan mayor protagonismo<\/strong> y, por lo tanto, el \u2018show\u2019 sea mayor, tal y como ocurrir\u00e1 con la reducci\u00f3n de la aerodin\u00e1mica.<\/p>\n\n\n\n<figure class=\"wp-block-image size-full\"><img loading=\"lazy\" decoding=\"async\" width=\"600\" height=\"400\" src=\"https:\/\/bxrepsol.s3.eu-west-1.amazonaws.com\/static\/2024\/05\/08060239\/2-1.jpg\" alt=\"Imagen de carrera GP Qatar 2024\" class=\"wp-image-115907\" srcset=\"https:\/\/bxrepsol.s3.eu-west-1.amazonaws.com\/static\/2024\/05\/08060239\/2-1.jpg 600w, https:\/\/bxrepsol.s3.eu-west-1.amazonaws.com\/static\/2024\/05\/08060239\/2-1-300x200.jpg 300w\" sizes=\"auto, (max-width: 600px) 100vw, 600px\" \/><\/figure>\n\n\n\n<p><\/p>\n\n\n\n<h3 class=\"wp-block-heading\"><span class=\"ez-toc-section\" id=\"Combustible_100_renovable\"><\/span><strong>Combustible 100% renovable<\/strong><span class=\"ez-toc-section-end\"><\/span><\/h3>\n\n\n\n<p>Todas las MotoGP estar\u00e1n sujetas a un <strong>combustible 100% sostenible<\/strong> a partir de 2027, frente al40% con el que el deporte est\u00e1 compitiendo desde este 2024. Por otro lado, <strong>la capacidad del dep\u00f3sito tambi\u00e9n se ver\u00e1 reducida de 22 a 20 litros<\/strong>, aunque para las <a href=\"https:\/\/www.boxrepsol.com\/es\/motogp\/carreras-al-sprint-la-evolucion-de-motogp\/\">carreras al sprint<\/a> solo podr\u00e1n llenarlo <strong>hasta los once litros<\/strong>.<\/p>\n\n\n\n<figure class=\"wp-block-image size-full\"><img loading=\"lazy\" decoding=\"async\" width=\"600\" height=\"400\" src=\"https:\/\/bxrepsol.s3.eu-west-1.amazonaws.com\/static\/2024\/05\/08061714\/4.jpg\" alt=\"Combustibles Renovables Repsol Honda Team\" class=\"wp-image-115915\" srcset=\"https:\/\/bxrepsol.s3.eu-west-1.amazonaws.com\/static\/2024\/05\/08061714\/4.jpg 600w, https:\/\/bxrepsol.s3.eu-west-1.amazonaws.com\/static\/2024\/05\/08061714\/4-300x200.jpg 300w\" sizes=\"auto, (max-width: 600px) 100vw, 600px\" \/><\/figure>\n\n\n\n<p><\/p>\n\n\n\n<h3 class=\"wp-block-heading\"><span class=\"ez-toc-section\" id=\"Datos_GPS\"><\/span><strong>Datos GPS<\/strong><span class=\"ez-toc-section-end\"><\/span><\/h3>\n\n\n\n<p>Con la intenci\u00f3n de reducir las diferencias en pista entre f\u00e1bricas y pilotos, <strong>los datos GPS de todos los pilotos estar\u00e1n disponibles para todos los equipos <\/strong>despu\u00e9s de cada sesi\u00f3n. De esta manera, todos los equipos de la parrilla podr\u00e1n analizar qu\u00e9 cosas funcionan en el resto de boxes y qu\u00e9 cosas pueden implantar para acercarse a ellos.<\/p>\n\n\n\n<h3 class=\"wp-block-heading\"><span class=\"ez-toc-section\" id=\"Sistema_de_concesiones\"><\/span><strong>Sistema de concesiones<\/strong><span class=\"ez-toc-section-end\"><\/span><\/h3>\n\n\n\n<p><strong>En cuanto a las concesiones, se mantendr\u00e1, por ahora, el <\/strong><a href=\"https:\/\/www.boxrepsol.com\/es\/motogp\/como-funcionan-concesiones-motogp\/\">sistema de concesiones de 2023<\/a><strong>. Con el nuevo reglamento, todos los fabricantes empezar\u00e1n la temporada 2027<\/strong> <strong>en el rango B<\/strong>. A mitad de temporada ser\u00e1n evaluados de nuevo y en verano de ese mismo a\u00f1o, podr\u00e1n subir o bajar de rango para tener acceso a m\u00e1s o menos concesiones.<\/p>\n\n\n\n<figure class=\"wp-block-image size-full\"><img loading=\"lazy\" decoding=\"async\" width=\"600\" height=\"400\" src=\"https:\/\/bxrepsol.s3.eu-west-1.amazonaws.com\/static\/2024\/05\/08061346\/3-1.jpg\" alt=\"Imagen de carrera GP Espa\u00f1a 2024\" class=\"wp-image-115911\" srcset=\"https:\/\/bxrepsol.s3.eu-west-1.amazonaws.com\/static\/2024\/05\/08061346\/3-1.jpg 600w, https:\/\/bxrepsol.s3.eu-west-1.amazonaws.com\/static\/2024\/05\/08061346\/3-1-300x200.jpg 300w\" sizes=\"auto, (max-width: 600px) 100vw, 600px\" \/><\/figure>\n","protected":false},"excerpt":{"rendered":"<p>Tal y como se esperaba, MotoGP ha anunciado una serie de cambios importantes en su reglamento para la categor\u00eda reina que entrar\u00edan en vigor en tres a\u00f1os, es decir en la temporada 2027 de MotoGP. Estos cambios se implementar\u00e1n con el fin de aumentar la seguridad de los pilotos y la igualdad entre sus f\u00e1bricas. <\/p>\n","protected":false},"author":43146,"featured_media":115904,"comment_status":"open","ping_status":"open","sticky":false,"template":"","format":"standard","meta":{"footnotes":""},"categories":[4],"tags":[7],"class_list":["post-115900","post","type-post","status-publish","format-standard","hentry","category-motogp","tag-motogp"],"yoast_head":"<!-- This site is optimized with the Yoast SEO plugin v27.3 - https:\/\/yoast.com\/product\/yoast-seo-wordpress\/ -->\n<title>MotoGP anuncia su nuevo reglamento para 2027 - Box Repsol<\/title>\n<meta name=\"description\" content=\"MotoGP prepara una revoluci\u00f3n para 2027. Consulta los cambios de la categor\u00eda reina para aumentar la seguridad de los pilotos y la igualdad entre f\u00e1bricas.\" \/>\n<link rel=\"canonical\" href=\"https:\/\/www.boxrepsol.com\/es\/motogp\/cambios-reglamento-motogp-2027\/\" \/>\n<meta property=\"og:locale\" content=\"es_ES\" \/>\n<meta property=\"og:type\" content=\"article\" \/>\n<meta property=\"og:title\" content=\"MotoGP anuncia su nuevo reglamento para 2027 - Box Repsol\" \/>\n<meta property=\"og:description\" content=\"MotoGP prepara una revoluci\u00f3n para 2027. Consulta los cambios de la categor\u00eda reina para aumentar la seguridad de los pilotos y la igualdad entre f\u00e1bricas.\" \/>\n<meta property=\"og:url\" content=\"https:\/\/www.boxrepsol.com\/es\/motogp\/cambios-reglamento-motogp-2027\/\" \/>\n<meta property=\"og:site_name\" content=\"Box Repsol\" \/>\n<meta property=\"article:publisher\" content=\"https:\/\/www.facebook.com\/BoxRepsol\" \/>\n<meta property=\"article:author\" content=\"https:\/\/www.facebook.com\/BoxRepsol\/\" \/>\n<meta property=\"article:published_time\" content=\"2024-05-08T08:20:49+00:00\" \/>\n<meta property=\"article:modified_time\" content=\"2024-05-08T08:24:19+00:00\" \/>\n<meta property=\"og:image\" content=\"https:\/\/bxrepsol.s3.eu-west-1.amazonaws.com\/static\/2024\/05\/08060009\/1-2.jpg\" \/>\n\t<meta property=\"og:image:width\" content=\"1200\" \/>\n\t<meta property=\"og:image:height\" content=\"650\" \/>\n\t<meta property=\"og:image:type\" content=\"image\/jpeg\" \/>\n<meta name=\"author\" content=\"Redacci\u00f3n Box Repsol\" \/>\n<meta name=\"twitter:card\" content=\"summary_large_image\" \/>\n<meta name=\"twitter:creator\" content=\"@https:\/\/twitter.com\/box_repsol\" \/>\n<meta name=\"twitter:site\" content=\"@box_repsol\" \/>\n<meta name=\"twitter:label1\" content=\"Written by\" \/>\n\t<meta name=\"twitter:data1\" content=\"Redacci\u00f3n Box Repsol\" \/>\n\t<meta name=\"twitter:label2\" content=\"Est. reading time\" \/>\n\t<meta name=\"twitter:data2\" content=\"3 minutos\" \/>\n<script type=\"application\/ld+json\" class=\"yoast-schema-graph\">{\"@context\":\"https:\\\/\\\/schema.org\",\"@graph\":[{\"@type\":\"Article\",\"@id\":\"https:\\\/\\\/www.boxrepsol.com\\\/es\\\/motogp\\\/cambios-reglamento-motogp-2027\\\/#article\",\"isPartOf\":{\"@id\":\"https:\\\/\\\/www.boxrepsol.com\\\/es\\\/motogp\\\/cambios-reglamento-motogp-2027\\\/\"},\"author\":{\"name\":\"Redacci\u00f3n Box Repsol\",\"@id\":\"https:\\\/\\\/www.boxrepsol.com\\\/es\\\/#\\\/schema\\\/person\\\/c5c2138f2cca251b0ad92b7086bb60b7\"},\"headline\":\"MotoGP propone un revolucionario reglamento para 2027\",\"datePublished\":\"2024-05-08T08:20:49+00:00\",\"dateModified\":\"2024-05-08T08:24:19+00:00\",\"mainEntityOfPage\":{\"@id\":\"https:\\\/\\\/www.boxrepsol.com\\\/es\\\/motogp\\\/cambios-reglamento-motogp-2027\\\/\"},\"wordCount\":511,\"commentCount\":4,\"publisher\":{\"@id\":\"https:\\\/\\\/www.boxrepsol.com\\\/es\\\/#organization\"},\"image\":{\"@id\":\"https:\\\/\\\/www.boxrepsol.com\\\/es\\\/motogp\\\/cambios-reglamento-motogp-2027\\\/#primaryimage\"},\"thumbnailUrl\":\"https:\\\/\\\/bxrepsol.s3.eu-west-1.amazonaws.com\\\/static\\\/2024\\\/05\\\/08060009\\\/1-2.jpg\",\"keywords\":[\"MotoGP\"],\"articleSection\":[\"MotoGP\"],\"inLanguage\":\"es\",\"potentialAction\":[{\"@type\":\"CommentAction\",\"name\":\"Comment\",\"target\":[\"https:\\\/\\\/www.boxrepsol.com\\\/es\\\/motogp\\\/cambios-reglamento-motogp-2027\\\/#respond\"]}]},{\"@type\":\"WebPage\",\"@id\":\"https:\\\/\\\/www.boxrepsol.com\\\/es\\\/motogp\\\/cambios-reglamento-motogp-2027\\\/\",\"url\":\"https:\\\/\\\/www.boxrepsol.com\\\/es\\\/motogp\\\/cambios-reglamento-motogp-2027\\\/\",\"name\":\"MotoGP anuncia su nuevo reglamento para 2027 - Box Repsol\",\"isPartOf\":{\"@id\":\"https:\\\/\\\/www.boxrepsol.com\\\/es\\\/#website\"},\"primaryImageOfPage\":{\"@id\":\"https:\\\/\\\/www.boxrepsol.com\\\/es\\\/motogp\\\/cambios-reglamento-motogp-2027\\\/#primaryimage\"},\"image\":{\"@id\":\"https:\\\/\\\/www.boxrepsol.com\\\/es\\\/motogp\\\/cambios-reglamento-motogp-2027\\\/#primaryimage\"},\"thumbnailUrl\":\"https:\\\/\\\/bxrepsol.s3.eu-west-1.amazonaws.com\\\/static\\\/2024\\\/05\\\/08060009\\\/1-2.jpg\",\"datePublished\":\"2024-05-08T08:20:49+00:00\",\"dateModified\":\"2024-05-08T08:24:19+00:00\",\"description\":\"MotoGP prepara una revoluci\u00f3n para 2027. Consulta los cambios de la categor\u00eda reina para aumentar la seguridad de los pilotos y la igualdad entre f\u00e1bricas.\",\"breadcrumb\":{\"@id\":\"https:\\\/\\\/www.boxrepsol.com\\\/es\\\/motogp\\\/cambios-reglamento-motogp-2027\\\/#breadcrumb\"},\"inLanguage\":\"es\",\"potentialAction\":[{\"@type\":\"ReadAction\",\"target\":[\"https:\\\/\\\/www.boxrepsol.com\\\/es\\\/motogp\\\/cambios-reglamento-motogp-2027\\\/\"]}]},{\"@type\":\"ImageObject\",\"inLanguage\":\"es\",\"@id\":\"https:\\\/\\\/www.boxrepsol.com\\\/es\\\/motogp\\\/cambios-reglamento-motogp-2027\\\/#primaryimage\",\"url\":\"https:\\\/\\\/bxrepsol.s3.eu-west-1.amazonaws.com\\\/static\\\/2024\\\/05\\\/08060009\\\/1-2.jpg\",\"contentUrl\":\"https:\\\/\\\/bxrepsol.s3.eu-west-1.amazonaws.com\\\/static\\\/2024\\\/05\\\/08060009\\\/1-2.jpg\",\"width\":1200,\"height\":650,\"caption\":\"Parrilla de MotoGP 2024\"},{\"@type\":\"BreadcrumbList\",\"@id\":\"https:\\\/\\\/www.boxrepsol.com\\\/es\\\/motogp\\\/cambios-reglamento-motogp-2027\\\/#breadcrumb\",\"itemListElement\":[{\"@type\":\"ListItem\",\"position\":1,\"name\":\"Home\",\"item\":\"https:\\\/\\\/www.boxrepsol.com\\\/es\\\/\"},{\"@type\":\"ListItem\",\"position\":2,\"name\":\"MotoGP propone un revolucionario reglamento para 2027\"}]},{\"@type\":\"WebSite\",\"@id\":\"https:\\\/\\\/www.boxrepsol.com\\\/es\\\/#website\",\"url\":\"https:\\\/\\\/www.boxrepsol.com\\\/es\\\/\",\"name\":\"Box Repsol\",\"description\":\"Box Repsol Site\",\"publisher\":{\"@id\":\"https:\\\/\\\/www.boxrepsol.com\\\/es\\\/#organization\"},\"potentialAction\":[{\"@type\":\"SearchAction\",\"target\":{\"@type\":\"EntryPoint\",\"urlTemplate\":\"https:\\\/\\\/www.boxrepsol.com\\\/es\\\/?s={search_term_string}\"},\"query-input\":{\"@type\":\"PropertyValueSpecification\",\"valueRequired\":true,\"valueName\":\"search_term_string\"}}],\"inLanguage\":\"es\"},{\"@type\":\"Organization\",\"@id\":\"https:\\\/\\\/www.boxrepsol.com\\\/es\\\/#organization\",\"name\":\"Box Repsol\",\"url\":\"https:\\\/\\\/www.boxrepsol.com\\\/es\\\/\",\"logo\":{\"@type\":\"ImageObject\",\"inLanguage\":\"es\",\"@id\":\"https:\\\/\\\/www.boxrepsol.com\\\/es\\\/#\\\/schema\\\/logo\\\/image\\\/\",\"url\":\"https:\\\/\\\/bxrepsol.s3.eu-west-1.amazonaws.com\\\/static\\\/2025\\\/07\\\/30083337\\\/favicon-96x96-1.png\",\"contentUrl\":\"https:\\\/\\\/bxrepsol.s3.eu-west-1.amazonaws.com\\\/static\\\/2025\\\/07\\\/30083337\\\/favicon-96x96-1.png\",\"width\":96,\"height\":96,\"caption\":\"Box Repsol\"},\"image\":{\"@id\":\"https:\\\/\\\/www.boxrepsol.com\\\/es\\\/#\\\/schema\\\/logo\\\/image\\\/\"},\"sameAs\":[\"https:\\\/\\\/www.facebook.com\\\/BoxRepsol\",\"https:\\\/\\\/x.com\\\/box_repsol\",\"http:\\\/\\\/instagram.com\\\/box_repsol\",\"https:\\\/\\\/www.youtube.com\\\/user\\\/RepsolCompeticion\",\"https:\\\/\\\/www.flickr.com\\\/photos\\\/box_repsol\\\/\"]},{\"@type\":\"Person\",\"@id\":\"https:\\\/\\\/www.boxrepsol.com\\\/es\\\/#\\\/schema\\\/person\\\/c5c2138f2cca251b0ad92b7086bb60b7\",\"name\":\"Redacci\u00f3n Box Repsol\",\"image\":{\"@type\":\"ImageObject\",\"inLanguage\":\"es\",\"@id\":\"https:\\\/\\\/secure.gravatar.com\\\/avatar\\\/adf7b77e38b4419baf32c7e9c21dde01f4e40df611f0978e3006fc4ba0aaab7e?s=96&d=mm&r=g\",\"url\":\"https:\\\/\\\/secure.gravatar.com\\\/avatar\\\/adf7b77e38b4419baf32c7e9c21dde01f4e40df611f0978e3006fc4ba0aaab7e?s=96&d=mm&r=g\",\"contentUrl\":\"https:\\\/\\\/secure.gravatar.com\\\/avatar\\\/adf7b77e38b4419baf32c7e9c21dde01f4e40df611f0978e3006fc4ba0aaab7e?s=96&d=mm&r=g\",\"caption\":\"Redacci\u00f3n Box Repsol\"},\"description\":\"Box Repsol lo forma un equipo de periodistas, community managers, dise\u00f1adores y fot\u00f3grafos con m\u00e1s de 20 a\u00f1os de experiencia en el mundo del motorsport. Hemos vivido el primer mundial de un espa\u00f1ol en la categor\u00eda reina de motociclismo con \u00c1lex Crivill\u00e9, estuvimos en las victorias de Pedrosa y los t\u00edtulos de M\u00e1rquez, acompa\u00f1amos en \u00c1frica a Nani Roma y Marc Coma en sus conquistas del Dakar y hemos vibrado con los t\u00edtulos de Toni Bou en Trial. Adem\u00e1s, en nuestro equipo contamos con expertos en el mundo de las dos y cuatro ruedas tanto de la calle y las carreteras, como de los circuitos. Periodistas que han trabajado en revistas y publicaciones para hacerte llegar desde rutas y consejos de mantenimiento, a curiosidades y trucos de pilotaje.\",\"sameAs\":[\"https:\\\/\\\/www.facebook.com\\\/BoxRepsol\\\/\",\"https:\\\/\\\/www.instagram.com\\\/box_repsol\\\/\",\"https:\\\/\\\/x.com\\\/https:\\\/\\\/twitter.com\\\/box_repsol\",\"https:\\\/\\\/www.youtube.com\\\/@Boxrepsol\"],\"url\":\"https:\\\/\\\/www.boxrepsol.com\\\/es\\\/author\\\/redaccion-box-repsol\\\/\"}]}<\/script>\n<!-- \/ Yoast SEO plugin. -->","yoast_head_json":{"title":"MotoGP anuncia su nuevo reglamento para 2027 - Box Repsol","description":"MotoGP prepara una revoluci\u00f3n para 2027. Consulta los cambios de la categor\u00eda reina para aumentar la seguridad de los pilotos y la igualdad entre f\u00e1bricas.","canonical":"https:\/\/www.boxrepsol.com\/es\/motogp\/cambios-reglamento-motogp-2027\/","og_locale":"es_ES","og_type":"article","og_title":"MotoGP anuncia su nuevo reglamento para 2027 - Box Repsol","og_description":"MotoGP prepara una revoluci\u00f3n para 2027. Consulta los cambios de la categor\u00eda reina para aumentar la seguridad de los pilotos y la igualdad entre f\u00e1bricas.","og_url":"https:\/\/www.boxrepsol.com\/es\/motogp\/cambios-reglamento-motogp-2027\/","og_site_name":"Box Repsol","article_publisher":"https:\/\/www.facebook.com\/BoxRepsol","article_author":"https:\/\/www.facebook.com\/BoxRepsol\/","article_published_time":"2024-05-08T08:20:49+00:00","article_modified_time":"2024-05-08T08:24:19+00:00","og_image":[{"width":1200,"height":650,"url":"https:\/\/bxrepsol.s3.eu-west-1.amazonaws.com\/static\/2024\/05\/08060009\/1-2.jpg","type":"image\/jpeg"}],"author":"Redacci\u00f3n Box Repsol","twitter_card":"summary_large_image","twitter_creator":"@https:\/\/twitter.com\/box_repsol","twitter_site":"@box_repsol","twitter_misc":{"Written by":"Redacci\u00f3n Box Repsol","Est. reading time":"3 minutos"},"schema":{"@context":"https:\/\/schema.org","@graph":[{"@type":"Article","@id":"https:\/\/www.boxrepsol.com\/es\/motogp\/cambios-reglamento-motogp-2027\/#article","isPartOf":{"@id":"https:\/\/www.boxrepsol.com\/es\/motogp\/cambios-reglamento-motogp-2027\/"},"author":{"name":"Redacci\u00f3n Box Repsol","@id":"https:\/\/www.boxrepsol.com\/es\/#\/schema\/person\/c5c2138f2cca251b0ad92b7086bb60b7"},"headline":"MotoGP propone un revolucionario reglamento para 2027","datePublished":"2024-05-08T08:20:49+00:00","dateModified":"2024-05-08T08:24:19+00:00","mainEntityOfPage":{"@id":"https:\/\/www.boxrepsol.com\/es\/motogp\/cambios-reglamento-motogp-2027\/"},"wordCount":511,"commentCount":4,"publisher":{"@id":"https:\/\/www.boxrepsol.com\/es\/#organization"},"image":{"@id":"https:\/\/www.boxrepsol.com\/es\/motogp\/cambios-reglamento-motogp-2027\/#primaryimage"},"thumbnailUrl":"https:\/\/bxrepsol.s3.eu-west-1.amazonaws.com\/static\/2024\/05\/08060009\/1-2.jpg","keywords":["MotoGP"],"articleSection":["MotoGP"],"inLanguage":"es","potentialAction":[{"@type":"CommentAction","name":"Comment","target":["https:\/\/www.boxrepsol.com\/es\/motogp\/cambios-reglamento-motogp-2027\/#respond"]}]},{"@type":"WebPage","@id":"https:\/\/www.boxrepsol.com\/es\/motogp\/cambios-reglamento-motogp-2027\/","url":"https:\/\/www.boxrepsol.com\/es\/motogp\/cambios-reglamento-motogp-2027\/","name":"MotoGP anuncia su nuevo reglamento para 2027 - Box Repsol","isPartOf":{"@id":"https:\/\/www.boxrepsol.com\/es\/#website"},"primaryImageOfPage":{"@id":"https:\/\/www.boxrepsol.com\/es\/motogp\/cambios-reglamento-motogp-2027\/#primaryimage"},"image":{"@id":"https:\/\/www.boxrepsol.com\/es\/motogp\/cambios-reglamento-motogp-2027\/#primaryimage"},"thumbnailUrl":"https:\/\/bxrepsol.s3.eu-west-1.amazonaws.com\/static\/2024\/05\/08060009\/1-2.jpg","datePublished":"2024-05-08T08:20:49+00:00","dateModified":"2024-05-08T08:24:19+00:00","description":"MotoGP prepara una revoluci\u00f3n para 2027. Consulta los cambios de la categor\u00eda reina para aumentar la seguridad de los pilotos y la igualdad entre f\u00e1bricas.","breadcrumb":{"@id":"https:\/\/www.boxrepsol.com\/es\/motogp\/cambios-reglamento-motogp-2027\/#breadcrumb"},"inLanguage":"es","potentialAction":[{"@type":"ReadAction","target":["https:\/\/www.boxrepsol.com\/es\/motogp\/cambios-reglamento-motogp-2027\/"]}]},{"@type":"ImageObject","inLanguage":"es","@id":"https:\/\/www.boxrepsol.com\/es\/motogp\/cambios-reglamento-motogp-2027\/#primaryimage","url":"https:\/\/bxrepsol.s3.eu-west-1.amazonaws.com\/static\/2024\/05\/08060009\/1-2.jpg","contentUrl":"https:\/\/bxrepsol.s3.eu-west-1.amazonaws.com\/static\/2024\/05\/08060009\/1-2.jpg","width":1200,"height":650,"caption":"Parrilla de MotoGP 2024"},{"@type":"BreadcrumbList","@id":"https:\/\/www.boxrepsol.com\/es\/motogp\/cambios-reglamento-motogp-2027\/#breadcrumb","itemListElement":[{"@type":"ListItem","position":1,"name":"Home","item":"https:\/\/www.boxrepsol.com\/es\/"},{"@type":"ListItem","position":2,"name":"MotoGP propone un revolucionario reglamento para 2027"}]},{"@type":"WebSite","@id":"https:\/\/www.boxrepsol.com\/es\/#website","url":"https:\/\/www.boxrepsol.com\/es\/","name":"Box Repsol","description":"Box Repsol Site","publisher":{"@id":"https:\/\/www.boxrepsol.com\/es\/#organization"},"potentialAction":[{"@type":"SearchAction","target":{"@type":"EntryPoint","urlTemplate":"https:\/\/www.boxrepsol.com\/es\/?s={search_term_string}"},"query-input":{"@type":"PropertyValueSpecification","valueRequired":true,"valueName":"search_term_string"}}],"inLanguage":"es"},{"@type":"Organization","@id":"https:\/\/www.boxrepsol.com\/es\/#organization","name":"Box Repsol","url":"https:\/\/www.boxrepsol.com\/es\/","logo":{"@type":"ImageObject","inLanguage":"es","@id":"https:\/\/www.boxrepsol.com\/es\/#\/schema\/logo\/image\/","url":"https:\/\/bxrepsol.s3.eu-west-1.amazonaws.com\/static\/2025\/07\/30083337\/favicon-96x96-1.png","contentUrl":"https:\/\/bxrepsol.s3.eu-west-1.amazonaws.com\/static\/2025\/07\/30083337\/favicon-96x96-1.png","width":96,"height":96,"caption":"Box Repsol"},"image":{"@id":"https:\/\/www.boxrepsol.com\/es\/#\/schema\/logo\/image\/"},"sameAs":["https:\/\/www.facebook.com\/BoxRepsol","https:\/\/x.com\/box_repsol","http:\/\/instagram.com\/box_repsol","https:\/\/www.youtube.com\/user\/RepsolCompeticion","https:\/\/www.flickr.com\/photos\/box_repsol\/"]},{"@type":"Person","@id":"https:\/\/www.boxrepsol.com\/es\/#\/schema\/person\/c5c2138f2cca251b0ad92b7086bb60b7","name":"Redacci\u00f3n Box Repsol","image":{"@type":"ImageObject","inLanguage":"es","@id":"https:\/\/secure.gravatar.com\/avatar\/adf7b77e38b4419baf32c7e9c21dde01f4e40df611f0978e3006fc4ba0aaab7e?s=96&d=mm&r=g","url":"https:\/\/secure.gravatar.com\/avatar\/adf7b77e38b4419baf32c7e9c21dde01f4e40df611f0978e3006fc4ba0aaab7e?s=96&d=mm&r=g","contentUrl":"https:\/\/secure.gravatar.com\/avatar\/adf7b77e38b4419baf32c7e9c21dde01f4e40df611f0978e3006fc4ba0aaab7e?s=96&d=mm&r=g","caption":"Redacci\u00f3n Box Repsol"},"description":"Box Repsol lo forma un equipo de periodistas, community managers, dise\u00f1adores y fot\u00f3grafos con m\u00e1s de 20 a\u00f1os de experiencia en el mundo del motorsport. Hemos vivido el primer mundial de un espa\u00f1ol en la categor\u00eda reina de motociclismo con \u00c1lex Crivill\u00e9, estuvimos en las victorias de Pedrosa y los t\u00edtulos de M\u00e1rquez, acompa\u00f1amos en \u00c1frica a Nani Roma y Marc Coma en sus conquistas del Dakar y hemos vibrado con los t\u00edtulos de Toni Bou en Trial. Adem\u00e1s, en nuestro equipo contamos con expertos en el mundo de las dos y cuatro ruedas tanto de la calle y las carreteras, como de los circuitos. Periodistas que han trabajado en revistas y publicaciones para hacerte llegar desde rutas y consejos de mantenimiento, a curiosidades y trucos de pilotaje.","sameAs":["https:\/\/www.facebook.com\/BoxRepsol\/","https:\/\/www.instagram.com\/box_repsol\/","https:\/\/x.com\/https:\/\/twitter.com\/box_repsol","https:\/\/www.youtube.com\/@Boxrepsol"],"url":"https:\/\/www.boxrepsol.com\/es\/author\/redaccion-box-repsol\/"}]}},"_links":{"self":[{"href":"https:\/\/www.boxrepsol.com\/es\/wp-json\/wp\/v2\/posts\/115900","targetHints":{"allow":["GET"]}}],"collection":[{"href":"https:\/\/www.boxrepsol.com\/es\/wp-json\/wp\/v2\/posts"}],"about":[{"href":"https:\/\/www.boxrepsol.com\/es\/wp-json\/wp\/v2\/types\/post"}],"author":[{"embeddable":true,"href":"https:\/\/www.boxrepsol.com\/es\/wp-json\/wp\/v2\/users\/43146"}],"replies":[{"embeddable":true,"href":"https:\/\/www.boxrepsol.com\/es\/wp-json\/wp\/v2\/comments?post=115900"}],"version-history":[{"count":11,"href":"https:\/\/www.boxrepsol.com\/es\/wp-json\/wp\/v2\/posts\/115900\/revisions"}],"predecessor-version":[{"id":115927,"href":"https:\/\/www.boxrepsol.com\/es\/wp-json\/wp\/v2\/posts\/115900\/revisions\/115927"}],"wp:featuredmedia":[{"embeddable":true,"href":"https:\/\/www.boxrepsol.com\/es\/wp-json\/wp\/v2\/media\/115904"}],"wp:attachment":[{"href":"https:\/\/www.boxrepsol.com\/es\/wp-json\/wp\/v2\/media?parent=115900"}],"wp:term":[{"taxonomy":"category","embeddable":true,"href":"https:\/\/www.boxrepsol.com\/es\/wp-json\/wp\/v2\/categories?post=115900"},{"taxonomy":"post_tag","embeddable":true,"href":"https:\/\/www.boxrepsol.com\/es\/wp-json\/wp\/v2\/tags?post=115900"}],"curies":[{"name":"wp","href":"https:\/\/api.w.org\/{rel}","templated":true}]}}