{"id":115505,"date":"2024-04-27T11:36:11","date_gmt":"2024-04-27T13:36:11","guid":{"rendered":"https:\/\/www.boxrepsol.com\/?p=115505"},"modified":"2025-07-24T06:56:29","modified_gmt":"2025-07-24T08:56:29","slug":"resultados-de-la-carrera-sprint-del-gp-de-espana-de-motogp-2024","status":"publish","type":"post","link":"https:\/\/www.boxrepsol.com\/es\/motogp\/resultados-de-la-carrera-sprint-del-gp-de-espana-de-motogp-2024\/","title":{"rendered":"Resultados de la carrera sprint del GP de Espa\u00f1a de MotoGP"},"content":{"rendered":"<figure class=\"wp-block-post-featured-image\"><img loading=\"lazy\" decoding=\"async\" width=\"700\" height=\"350\" src=\"https:\/\/bxrepsol.s3.eu-west-1.amazonaws.com\/static\/2024\/04\/27101719\/118105355_OJR2189.png\" class=\"attachment-post-thumbnail size-post-thumbnail wp-post-image\" alt=\"\" style=\"object-fit:cover;\" srcset=\"https:\/\/bxrepsol.s3.eu-west-1.amazonaws.com\/static\/2024\/04\/27101719\/118105355_OJR2189.png 700w, https:\/\/bxrepsol.s3.eu-west-1.amazonaws.com\/static\/2024\/04\/27101719\/118105355_OJR2189-300x150.png 300w\" sizes=\"auto, (max-width: 700px) 100vw, 700px\" \/><\/figure>\n\n\n<p><strong>Jorge Mart\u00edn (Ducati) <\/strong>se alza con la victoria de la carrera al sprint del<strong> Gran Premio de Espa\u00f1a<\/strong>. Tras 12 vueltas de infarto en el ic\u00f3nico trazado de Jerez, el piloto del equipo italiano se ha impuesto a sus rivales logrando una nueva victoria de s\u00e1bado. Pedro Acosta (GasGas) y Fabio Quartararo (Yamaha) han cerrado el podio de una loca carrera con catorce ca\u00eddas. <\/p>\n\n\n\n<p>El resto de pilotos que se han mantenido en la lucha y que han cerrado el <strong>Top 9<\/strong> han sido Dani Pedrosa, Franco Morbidelli, Ra\u00fal Fern\u00e1ndez, Marc M\u00e1rquez, Augusto Fern\u00e1ndez y Miguel Oliveira.<\/p>\n\n\n\n<p>Con este resultado Jorge Mart\u00edn gana terreno sobre Pedro Acosta con una diferencia de 29 puntos en la <strong>clasificaci\u00f3n general<\/strong>. <\/p>\n\n\n\n<p>Los pilotos de la categor\u00eda reina volver\u00e1n a colocarse en parrilla de salida ma\u00f1ana a las <strong>14:00 (CEST) <\/strong>para la<strong> carrera principal<\/strong> del fin de semana. <\/p>\n\n\n\n<div id=\"ez-toc-container\" class=\"ez-toc-v2_0_82_2 counter-hierarchy ez-toc-counter ez-toc-grey ez-toc-container-direction\">\n<div class=\"ez-toc-title-container\">\n<p class=\"ez-toc-title\" style=\"cursor:inherit\">\u00cdndice<\/p>\n<span class=\"ez-toc-title-toggle\"><a href=\"#\" class=\"ez-toc-pull-right ez-toc-btn ez-toc-btn-xs ez-toc-btn-default ez-toc-toggle\" aria-label=\"Toggle Table of Content\"><span class=\"ez-toc-js-icon-con\"><span class=\"\"><span class=\"eztoc-hide\" style=\"display:none;\">Toggle<\/span><span class=\"ez-toc-icon-toggle-span\"><svg style=\"fill: #999;color:#999\" xmlns=\"http:\/\/www.w3.org\/2000\/svg\" class=\"list-377408\" width=\"20px\" height=\"20px\" viewBox=\"0 0 24 24\" fill=\"none\"><path d=\"M6 6H4v2h2V6zm14 0H8v2h12V6zM4 11h2v2H4v-2zm16 0H8v2h12v-2zM4 16h2v2H4v-2zm16 0H8v2h12v-2z\" fill=\"currentColor\"><\/path><\/svg><svg style=\"fill: #999;color:#999\" class=\"arrow-unsorted-368013\" xmlns=\"http:\/\/www.w3.org\/2000\/svg\" width=\"10px\" height=\"10px\" viewBox=\"0 0 24 24\" version=\"1.2\" baseProfile=\"tiny\"><path d=\"M18.2 9.3l-6.2-6.3-6.2 6.3c-.2.2-.3.4-.3.7s.1.5.3.7c.2.2.4.3.7.3h11c.3 0 .5-.1.7-.3.2-.2.3-.5.3-.7s-.1-.5-.3-.7zM5.8 14.7l6.2 6.3 6.2-6.3c.2-.2.3-.5.3-.7s-.1-.5-.3-.7c-.2-.2-.4-.3-.7-.3h-11c-.3 0-.5.1-.7.3-.2.2-.3.5-.3.7s.1.5.3.7z\"\/><\/svg><\/span><\/span><\/span><\/a><\/span><\/div>\n<nav><ul class='ez-toc-list ez-toc-list-level-1 ' ><ul class='ez-toc-list-level-3' ><li class='ez-toc-heading-level-3'><a class=\"ez-toc-link ez-toc-heading-1\" href=\"https:\/\/www.boxrepsol.com\/es\/motogp\/resultados-de-la-carrera-sprint-del-gp-de-espana-de-motogp-2024\/#Joan_Mir_y_Luca_Marini_completan_una_agridulce_carrera_al_sprint\" >Joan Mir y Luca Marini completan una agridulce carrera al sprint<\/a><\/li><li class='ez-toc-page-1 ez-toc-heading-level-3'><a class=\"ez-toc-link ez-toc-heading-2\" href=\"https:\/\/www.boxrepsol.com\/es\/motogp\/resultados-de-la-carrera-sprint-del-gp-de-espana-de-motogp-2024\/#Resultados_de_la_carrera_sprint_GP_de_Espana_12_vueltas\" >Resultados de la carrera sprint: GP de Espa\u00f1a (12 vueltas)<\/a><\/li><li class='ez-toc-page-1 ez-toc-heading-level-3'><a class=\"ez-toc-link ez-toc-heading-3\" href=\"https:\/\/www.boxrepsol.com\/es\/motogp\/resultados-de-la-carrera-sprint-del-gp-de-espana-de-motogp-2024\/#Clasificacion_General\" >Clasificaci\u00f3n General<\/a><\/li><\/ul><\/li><li class='ez-toc-page-1 ez-toc-heading-level-2'><a class=\"ez-toc-link ez-toc-heading-4\" href=\"https:\/\/www.boxrepsol.com\/es\/motogp\/resultados-de-la-carrera-sprint-del-gp-de-espana-de-motogp-2024\/#Declaraciones\" >Declaraciones<\/a><\/li><li class='ez-toc-page-1 ez-toc-heading-level-2'><a class=\"ez-toc-link ez-toc-heading-5\" href=\"https:\/\/www.boxrepsol.com\/es\/motogp\/resultados-de-la-carrera-sprint-del-gp-de-espana-de-motogp-2024\/#Joan_Mir\" >Joan Mir<\/a><\/li><li class='ez-toc-page-1 ez-toc-heading-level-2'><a class=\"ez-toc-link ez-toc-heading-6\" href=\"https:\/\/www.boxrepsol.com\/es\/motogp\/resultados-de-la-carrera-sprint-del-gp-de-espana-de-motogp-2024\/#Luca_Marini\" >Luca Marini<\/a><\/li><\/ul><\/nav><\/div>\n<h3 class=\"wp-block-heading\"><span class=\"ez-toc-section\" id=\"Joan_Mir_y_Luca_Marini_completan_una_agridulce_carrera_al_sprint\"><\/span><strong>Joan Mir y Luca Marini completan una agridulce carrera al sprint<\/strong><span class=\"ez-toc-section-end\"><\/span><\/h3>\n\n\n\n<p>Partiendo desde la vig\u00e9sima plaza, <strong>Joan Mir<\/strong> ha protagonizado una buena salida que le ha permitido escalar posiciones en los primeros compases de la carrera. Tras una serie de ca\u00eddas de los rivales, el piloto mallorqu\u00edn ha sabido aprovechar la situaci\u00f3n para terminar la carrera en la<strong> d\u00e9cima posici\u00f3n<\/strong>. Sin embargo, debido a diversas sanciones a otros pilotos, Joan ha logrado un punto en la general escalando hasta la <strong>novena plaza<\/strong>.<\/p>\n\n\n\n<p>Por otro lado, <strong>Luca Marini<\/strong> ha mantenido, del mismo modo, un buen ritmo con el que ha podido rozar posiciones positivas para el equipo. Sin embargo, en los \u00faltimos compases de la carrera ha sido uno de los pilotos que se han ido al suelo.<\/p>\n\n\n\n<p>Ambos pilotos trabajar\u00e1n duro con el equipo para mejorar sus sensaciones de cara a la carrera principal de ma\u00f1ana. <\/p>\n\n\n\n<h3 class=\"wp-block-heading\"><span class=\"ez-toc-section\" id=\"Resultados_de_la_carrera_sprint_GP_de_Espana_12_vueltas\"><\/span><strong>Resultados de la carrera sprint: GP de Espa\u00f1a (12 vueltas)<\/strong><span class=\"ez-toc-section-end\"><\/span><\/h3>\n\n\n\n<figure class=\"wp-block-table is-style-stripes\"><table><tbody><tr><td><strong>PILOTO<\/strong><\/td><td><strong>EQUIPO<\/strong><\/td><td><strong>TIEMPO<\/strong><\/td><\/tr><tr><td>1. Jorge Mart\u00edn<\/td><td>DUCATI<\/td><td>19:52.682<\/td><\/tr><tr><td>2. Pedro Acosta<\/td><td>GASGAS<\/td><td>+2.970<\/td><\/tr><tr><td>3. Dani Pedrosa<\/td><td>KTM<\/td><td>+7.102<\/td><\/tr><tr><td>4. Franco Morbidelli<\/td><td>DUCATI<\/td><td>+8.841<\/td><\/tr><tr><td>5. Fabio Quartararo<\/td><td>YAMAHA<\/td><td>+7.052*<\/td><\/tr><tr><td>6. Marc M\u00e1rquez<\/td><td>DUCATI<\/td><td>+18.131<\/td><\/tr><tr><td>7. Augusto Fern\u00e1ndez<\/td><td>GASGAS<\/td><td>+18.278<\/td><\/tr><tr><td>8. Miguel Oliveira<\/td><td>APRILIA<\/td><td>+18.418<\/td><\/tr><tr><td><strong>9.<\/strong> <strong>Joan Mir<\/strong><\/td><td><strong>REPSOL HONDA<\/strong><\/td><td><strong>+18.553<\/strong><\/td><\/tr><tr><td><strong>DNF<\/strong> <strong>Luca Marini<\/strong><\/td><td><strong>REPSOL HONDA<\/strong><\/td><td><strong>+1 lap<\/strong><\/td><\/tr><\/tbody><\/table><\/figure>\n\n\n\n<h3 class=\"wp-block-heading\"><span class=\"ez-toc-section\" id=\"Clasificacion_General\"><\/span><strong>Clasificaci\u00f3n General<\/strong><span class=\"ez-toc-section-end\"><\/span><\/h3>\n\n\n\n<figure class=\"wp-block-table is-style-stripes\"><table><tbody><tr><td><strong>PILOTO<\/strong><\/td><td><strong>EQUIPO<\/strong><\/td><td><strong>PUNTOS<\/strong><\/td><\/tr><tr><td>1. Jorge Mart\u00edn<\/td><td>DUCATI<\/td><td>92<\/td><\/tr><tr><td>2. Pedro Acosta<\/td><td>GASGAS<\/td><td>63<\/td><\/tr><tr><td>3. Enea Bastianini<\/td><td>DUCATI<\/td><td>59<\/td><\/tr><tr><td>4. Maverick Vi\u00f1ales<\/td><td>APRILIA<\/td><td>56<\/td><\/tr><tr><td>5. Pecco Bagnaia<\/td><td>DUCATI<\/td><td>50<\/td><\/tr><tr><td>6. Brad Binder<\/td><td>KTM<\/td><td>49<\/td><\/tr><tr><td>7. Marc M\u00e1rquez<\/td><td>DUCATI<\/td><td>40<\/td><\/tr><tr><td>8. Aleix Espargar\u00f3 <\/td><td>APRILIA<\/td><td>39<\/td><\/tr><tr><td>9. Fabio Di Giannantonio<\/td><td>DUCATI<\/td><td>25<\/td><\/tr><tr><td>10. Fabio Quartararo<\/td><td>YAMAHA<\/td><td>24<\/td><\/tr><tr><td><strong>16. Joan Mir<\/strong><\/td><td><strong>REPSOL HONDA<\/strong><\/td><td><strong>8<\/strong><\/td><\/tr><\/tbody><\/table><\/figure>\n\n\n\n<div id=\"42081c58-fd5f-467b-9b13-cb84de944523\" class=\"br-slider-box\"><div class=\"wp-block-create-block-repsol-carousel br-slider\"><a target=\"_blank\" href=\"https:\/\/bxrepsol.s3.eu-west-1.amazonaws.com\/static\/2024\/04\/27130641\/118101617_A1A0181.jpg\" data-index=\"0\" rel=\"noopener\"><img decoding=\"async\" src=\"https:\/\/bxrepsol.s3.eu-west-1.amazonaws.com\/static\/2024\/04\/27130641\/118101617_A1A0181.jpg\"\/><\/a><a target=\"_blank\" href=\"https:\/\/bxrepsol.s3.eu-west-1.amazonaws.com\/static\/2024\/04\/27130643\/118105209_OJR2119.jpg\" data-index=\"1\" rel=\"noopener\"><img decoding=\"async\" src=\"https:\/\/bxrepsol.s3.eu-west-1.amazonaws.com\/static\/2024\/04\/27130643\/118105209_OJR2119.jpg\"\/><\/a><a target=\"_blank\" href=\"https:\/\/bxrepsol.s3.eu-west-1.amazonaws.com\/static\/2024\/04\/27130639\/118101229_OJR0584.jpg\" data-index=\"2\" rel=\"noopener\"><img decoding=\"async\" src=\"https:\/\/bxrepsol.s3.eu-west-1.amazonaws.com\/static\/2024\/04\/27130639\/118101229_OJR0584.jpg\"\/><\/a><a target=\"_blank\" href=\"https:\/\/bxrepsol.s3.eu-west-1.amazonaws.com\/static\/2024\/04\/27130645\/118105401_OJR2209.jpg\" data-index=\"3\" rel=\"noopener\"><img decoding=\"async\" src=\"https:\/\/bxrepsol.s3.eu-west-1.amazonaws.com\/static\/2024\/04\/27130645\/118105401_OJR2209.jpg\"\/><\/a><a target=\"_blank\" href=\"https:\/\/bxrepsol.s3.eu-west-1.amazonaws.com\/static\/2024\/04\/27130647\/118151037_OJR3669.jpg\" data-index=\"4\" rel=\"noopener\"><img decoding=\"async\" src=\"https:\/\/bxrepsol.s3.eu-west-1.amazonaws.com\/static\/2024\/04\/27130647\/118151037_OJR3669.jpg\"\/><\/a><\/div><div class=\"br-slider-buttons\"><button class=\"arrow rds-icon arrow--left rds-icon-Arrow_left\"><\/button><button class=\"arrow rds-icon arrow--right rds-icon-Arrow_right\"><\/button><\/div><\/div>\n\n\n\n<h2 class=\"wp-block-heading\"><span class=\"ez-toc-section\" id=\"Declaraciones\"><\/span><strong>Declaraciones<\/strong><span class=\"ez-toc-section-end\"><\/span><\/h2>\n\n\n\n<h2 class=\"wp-block-heading\"><span class=\"ez-toc-section\" id=\"Joan_Mir\"><\/span><strong>Joan Mir<\/strong><span class=\"ez-toc-section-end\"><\/span><\/h2>\n\n\n\n<p>\u00abHoy me he sentido mucho mejor con la moto y he pilotado bien. Las condiciones no eran f\u00e1ciles, con algunas zonas mojadas a\u00fan en pista, y la carrera ha sido ca\u00f3tica. He hecho una gran salida y he adelantado a un par de pilotos, separ\u00e1ndome del grupo que ten\u00eda detr\u00e1s y he estado con Ra\u00fal Fern\u00e1ndez la mayor parte de la carrera. Luego he tenido un contacto con Marc M\u00e1rquez y he perdido tres o cuatro posiciones. El a\u00f1o pasado hubo un incidente similar entre Quartararo y yo y recib\u00ed una doble long lap penalty en la siguiente carrera\u00bb.<\/p>\n\n\n\n<h2 class=\"wp-block-heading\"><span class=\"ez-toc-section\" id=\"Luca_Marini\"><\/span><strong>Luca Marini<\/strong><span class=\"ez-toc-section-end\"><\/span><\/h2>\n\n\n\n<p>\u00abHa sido una carrera loca, hab\u00eda muchas zonas mojadas y el viento era muy fuerte. Era muy f\u00e1cil cometer un error y, sobre todo en la carrera Sprint, donde todo el mundo empuja mucho e intenta adelantar, es bastante dif\u00edcil. Especialmente para nosotros, que tenemos dificultades en condiciones \u00abnormales\u00bb, ha sido muy duro. Me he ca\u00eddo solo, como muchos otros pilotos, en la curva cinco. Hab\u00eda mucho viento y una gran zona mojada en el exterior. Estoy bien y lo intentaremos de nuevo ma\u00f1ana\u00bb.<\/p>\n","protected":false},"excerpt":{"rendered":"<p>Jorge Mart\u00edn se hace con la victoria de la carrera al sprint en Jerez<\/p>\n","protected":false},"author":43146,"featured_media":115508,"comment_status":"open","ping_status":"open","sticky":false,"template":"","format":"standard","meta":{"footnotes":""},"categories":[4],"tags":[333,467,271,422,434],"class_list":["post-115505","post","type-post","status-publish","format-standard","hentry","category-motogp","tag-competicion","tag-gp-espana","tag-joan-mir","tag-luca-marini","tag-motogp-2024"],"yoast_head":"<!-- This site is optimized with the Yoast SEO plugin v27.3 - https:\/\/yoast.com\/product\/yoast-seo-wordpress\/ -->\n<title>Resultados de la carrera sprint del GP de Espa\u00f1a de MotoGP - Box Repsol<\/title>\n<meta name=\"description\" content=\"Cr\u00f3nica y resultados de la carrera sprint del GP de Espa\u00f1a 2024, celebrado en el Circuito de Jerez-\u00c1ngel Nieto.\" \/>\n<link rel=\"canonical\" href=\"https:\/\/www.boxrepsol.com\/es\/motogp\/resultados-de-la-carrera-sprint-del-gp-de-espana-de-motogp-2024\/\" \/>\n<meta property=\"og:locale\" content=\"es_ES\" \/>\n<meta property=\"og:type\" content=\"article\" \/>\n<meta property=\"og:title\" content=\"Resultados de la carrera sprint del GP de Espa\u00f1a de MotoGP - Box Repsol\" \/>\n<meta property=\"og:description\" content=\"Cr\u00f3nica y resultados de la carrera sprint del GP de Espa\u00f1a 2024, celebrado en el Circuito de Jerez-\u00c1ngel Nieto.\" \/>\n<meta property=\"og:url\" content=\"https:\/\/www.boxrepsol.com\/es\/motogp\/resultados-de-la-carrera-sprint-del-gp-de-espana-de-motogp-2024\/\" \/>\n<meta property=\"og:site_name\" content=\"Box Repsol\" \/>\n<meta property=\"article:publisher\" content=\"https:\/\/www.facebook.com\/BoxRepsol\" \/>\n<meta property=\"article:author\" content=\"https:\/\/www.facebook.com\/BoxRepsol\/\" \/>\n<meta property=\"article:published_time\" content=\"2024-04-27T13:36:11+00:00\" \/>\n<meta property=\"article:modified_time\" content=\"2025-07-24T08:56:29+00:00\" \/>\n<meta property=\"og:image\" content=\"https:\/\/bxrepsol.s3.eu-west-1.amazonaws.com\/static\/2024\/04\/27101719\/118105355_OJR2189.png\" \/>\n\t<meta property=\"og:image:width\" content=\"700\" \/>\n\t<meta property=\"og:image:height\" content=\"350\" \/>\n\t<meta property=\"og:image:type\" content=\"image\/png\" \/>\n<meta name=\"author\" content=\"Redacci\u00f3n Box Repsol\" \/>\n<meta name=\"twitter:card\" content=\"summary_large_image\" \/>\n<meta name=\"twitter:creator\" content=\"@https:\/\/twitter.com\/box_repsol\" \/>\n<meta name=\"twitter:site\" content=\"@box_repsol\" \/>\n<meta name=\"twitter:label1\" content=\"Written by\" \/>\n\t<meta name=\"twitter:data1\" content=\"Redacci\u00f3n Box Repsol\" \/>\n\t<meta name=\"twitter:label2\" content=\"Est. reading time\" \/>\n\t<meta name=\"twitter:data2\" content=\"3 minutos\" \/>\n<script type=\"application\/ld+json\" class=\"yoast-schema-graph\">{\"@context\":\"https:\\\/\\\/schema.org\",\"@graph\":[{\"@type\":\"Article\",\"@id\":\"https:\\\/\\\/www.boxrepsol.com\\\/es\\\/motogp\\\/resultados-de-la-carrera-sprint-del-gp-de-espana-de-motogp-2024\\\/#article\",\"isPartOf\":{\"@id\":\"https:\\\/\\\/www.boxrepsol.com\\\/es\\\/motogp\\\/resultados-de-la-carrera-sprint-del-gp-de-espana-de-motogp-2024\\\/\"},\"author\":{\"name\":\"Redacci\u00f3n Box Repsol\",\"@id\":\"https:\\\/\\\/www.boxrepsol.com\\\/es\\\/#\\\/schema\\\/person\\\/c5c2138f2cca251b0ad92b7086bb60b7\"},\"headline\":\"Resultados de la carrera sprint del GP de Espa\u00f1a de MotoGP\",\"datePublished\":\"2024-04-27T13:36:11+00:00\",\"dateModified\":\"2025-07-24T08:56:29+00:00\",\"mainEntityOfPage\":{\"@id\":\"https:\\\/\\\/www.boxrepsol.com\\\/es\\\/motogp\\\/resultados-de-la-carrera-sprint-del-gp-de-espana-de-motogp-2024\\\/\"},\"wordCount\":617,\"commentCount\":0,\"publisher\":{\"@id\":\"https:\\\/\\\/www.boxrepsol.com\\\/es\\\/#organization\"},\"image\":{\"@id\":\"https:\\\/\\\/www.boxrepsol.com\\\/es\\\/motogp\\\/resultados-de-la-carrera-sprint-del-gp-de-espana-de-motogp-2024\\\/#primaryimage\"},\"thumbnailUrl\":\"https:\\\/\\\/bxrepsol.s3.eu-west-1.amazonaws.com\\\/static\\\/2024\\\/04\\\/27101719\\\/118105355_OJR2189.png\",\"keywords\":[\"Competici\u00f3n\",\"GP Espa\u00f1a\",\"Joan Mir\",\"Luca Marini\",\"MotoGP 2024\"],\"articleSection\":[\"MotoGP\"],\"inLanguage\":\"es\",\"potentialAction\":[{\"@type\":\"CommentAction\",\"name\":\"Comment\",\"target\":[\"https:\\\/\\\/www.boxrepsol.com\\\/es\\\/motogp\\\/resultados-de-la-carrera-sprint-del-gp-de-espana-de-motogp-2024\\\/#respond\"]}]},{\"@type\":\"WebPage\",\"@id\":\"https:\\\/\\\/www.boxrepsol.com\\\/es\\\/motogp\\\/resultados-de-la-carrera-sprint-del-gp-de-espana-de-motogp-2024\\\/\",\"url\":\"https:\\\/\\\/www.boxrepsol.com\\\/es\\\/motogp\\\/resultados-de-la-carrera-sprint-del-gp-de-espana-de-motogp-2024\\\/\",\"name\":\"Resultados de la carrera sprint del GP de Espa\u00f1a de MotoGP - Box Repsol\",\"isPartOf\":{\"@id\":\"https:\\\/\\\/www.boxrepsol.com\\\/es\\\/#website\"},\"primaryImageOfPage\":{\"@id\":\"https:\\\/\\\/www.boxrepsol.com\\\/es\\\/motogp\\\/resultados-de-la-carrera-sprint-del-gp-de-espana-de-motogp-2024\\\/#primaryimage\"},\"image\":{\"@id\":\"https:\\\/\\\/www.boxrepsol.com\\\/es\\\/motogp\\\/resultados-de-la-carrera-sprint-del-gp-de-espana-de-motogp-2024\\\/#primaryimage\"},\"thumbnailUrl\":\"https:\\\/\\\/bxrepsol.s3.eu-west-1.amazonaws.com\\\/static\\\/2024\\\/04\\\/27101719\\\/118105355_OJR2189.png\",\"datePublished\":\"2024-04-27T13:36:11+00:00\",\"dateModified\":\"2025-07-24T08:56:29+00:00\",\"description\":\"Cr\u00f3nica y resultados de la carrera sprint del GP de Espa\u00f1a 2024, celebrado en el Circuito de Jerez-\u00c1ngel Nieto.\",\"breadcrumb\":{\"@id\":\"https:\\\/\\\/www.boxrepsol.com\\\/es\\\/motogp\\\/resultados-de-la-carrera-sprint-del-gp-de-espana-de-motogp-2024\\\/#breadcrumb\"},\"inLanguage\":\"es\",\"potentialAction\":[{\"@type\":\"ReadAction\",\"target\":[\"https:\\\/\\\/www.boxrepsol.com\\\/es\\\/motogp\\\/resultados-de-la-carrera-sprint-del-gp-de-espana-de-motogp-2024\\\/\"]}]},{\"@type\":\"ImageObject\",\"inLanguage\":\"es\",\"@id\":\"https:\\\/\\\/www.boxrepsol.com\\\/es\\\/motogp\\\/resultados-de-la-carrera-sprint-del-gp-de-espana-de-motogp-2024\\\/#primaryimage\",\"url\":\"https:\\\/\\\/bxrepsol.s3.eu-west-1.amazonaws.com\\\/static\\\/2024\\\/04\\\/27101719\\\/118105355_OJR2189.png\",\"contentUrl\":\"https:\\\/\\\/bxrepsol.s3.eu-west-1.amazonaws.com\\\/static\\\/2024\\\/04\\\/27101719\\\/118105355_OJR2189.png\",\"width\":700,\"height\":350},{\"@type\":\"BreadcrumbList\",\"@id\":\"https:\\\/\\\/www.boxrepsol.com\\\/es\\\/motogp\\\/resultados-de-la-carrera-sprint-del-gp-de-espana-de-motogp-2024\\\/#breadcrumb\",\"itemListElement\":[{\"@type\":\"ListItem\",\"position\":1,\"name\":\"Home\",\"item\":\"https:\\\/\\\/www.boxrepsol.com\\\/es\\\/\"},{\"@type\":\"ListItem\",\"position\":2,\"name\":\"Resultados de la carrera sprint del GP de Espa\u00f1a de MotoGP\"}]},{\"@type\":\"WebSite\",\"@id\":\"https:\\\/\\\/www.boxrepsol.com\\\/es\\\/#website\",\"url\":\"https:\\\/\\\/www.boxrepsol.com\\\/es\\\/\",\"name\":\"Box Repsol\",\"description\":\"Box Repsol Site\",\"publisher\":{\"@id\":\"https:\\\/\\\/www.boxrepsol.com\\\/es\\\/#organization\"},\"potentialAction\":[{\"@type\":\"SearchAction\",\"target\":{\"@type\":\"EntryPoint\",\"urlTemplate\":\"https:\\\/\\\/www.boxrepsol.com\\\/es\\\/?s={search_term_string}\"},\"query-input\":{\"@type\":\"PropertyValueSpecification\",\"valueRequired\":true,\"valueName\":\"search_term_string\"}}],\"inLanguage\":\"es\"},{\"@type\":\"Organization\",\"@id\":\"https:\\\/\\\/www.boxrepsol.com\\\/es\\\/#organization\",\"name\":\"Box Repsol\",\"url\":\"https:\\\/\\\/www.boxrepsol.com\\\/es\\\/\",\"logo\":{\"@type\":\"ImageObject\",\"inLanguage\":\"es\",\"@id\":\"https:\\\/\\\/www.boxrepsol.com\\\/es\\\/#\\\/schema\\\/logo\\\/image\\\/\",\"url\":\"https:\\\/\\\/bxrepsol.s3.eu-west-1.amazonaws.com\\\/static\\\/2025\\\/07\\\/30083337\\\/favicon-96x96-1.png\",\"contentUrl\":\"https:\\\/\\\/bxrepsol.s3.eu-west-1.amazonaws.com\\\/static\\\/2025\\\/07\\\/30083337\\\/favicon-96x96-1.png\",\"width\":96,\"height\":96,\"caption\":\"Box Repsol\"},\"image\":{\"@id\":\"https:\\\/\\\/www.boxrepsol.com\\\/es\\\/#\\\/schema\\\/logo\\\/image\\\/\"},\"sameAs\":[\"https:\\\/\\\/www.facebook.com\\\/BoxRepsol\",\"https:\\\/\\\/x.com\\\/box_repsol\",\"http:\\\/\\\/instagram.com\\\/box_repsol\",\"https:\\\/\\\/www.youtube.com\\\/user\\\/RepsolCompeticion\",\"https:\\\/\\\/www.flickr.com\\\/photos\\\/box_repsol\\\/\"]},{\"@type\":\"Person\",\"@id\":\"https:\\\/\\\/www.boxrepsol.com\\\/es\\\/#\\\/schema\\\/person\\\/c5c2138f2cca251b0ad92b7086bb60b7\",\"name\":\"Redacci\u00f3n Box Repsol\",\"image\":{\"@type\":\"ImageObject\",\"inLanguage\":\"es\",\"@id\":\"https:\\\/\\\/secure.gravatar.com\\\/avatar\\\/adf7b77e38b4419baf32c7e9c21dde01f4e40df611f0978e3006fc4ba0aaab7e?s=96&d=mm&r=g\",\"url\":\"https:\\\/\\\/secure.gravatar.com\\\/avatar\\\/adf7b77e38b4419baf32c7e9c21dde01f4e40df611f0978e3006fc4ba0aaab7e?s=96&d=mm&r=g\",\"contentUrl\":\"https:\\\/\\\/secure.gravatar.com\\\/avatar\\\/adf7b77e38b4419baf32c7e9c21dde01f4e40df611f0978e3006fc4ba0aaab7e?s=96&d=mm&r=g\",\"caption\":\"Redacci\u00f3n Box Repsol\"},\"description\":\"Box Repsol lo forma un equipo de periodistas, community managers, dise\u00f1adores y fot\u00f3grafos con m\u00e1s de 20 a\u00f1os de experiencia en el mundo del motorsport. Hemos vivido el primer mundial de un espa\u00f1ol en la categor\u00eda reina de motociclismo con \u00c1lex Crivill\u00e9, estuvimos en las victorias de Pedrosa y los t\u00edtulos de M\u00e1rquez, acompa\u00f1amos en \u00c1frica a Nani Roma y Marc Coma en sus conquistas del Dakar y hemos vibrado con los t\u00edtulos de Toni Bou en Trial. Adem\u00e1s, en nuestro equipo contamos con expertos en el mundo de las dos y cuatro ruedas tanto de la calle y las carreteras, como de los circuitos. Periodistas que han trabajado en revistas y publicaciones para hacerte llegar desde rutas y consejos de mantenimiento, a curiosidades y trucos de pilotaje.\",\"sameAs\":[\"https:\\\/\\\/www.facebook.com\\\/BoxRepsol\\\/\",\"https:\\\/\\\/www.instagram.com\\\/box_repsol\\\/\",\"https:\\\/\\\/x.com\\\/https:\\\/\\\/twitter.com\\\/box_repsol\",\"https:\\\/\\\/www.youtube.com\\\/@Boxrepsol\"],\"url\":\"https:\\\/\\\/www.boxrepsol.com\\\/es\\\/author\\\/redaccion-box-repsol\\\/\"}]}<\/script>\n<!-- \/ Yoast SEO plugin. -->","yoast_head_json":{"title":"Resultados de la carrera sprint del GP de Espa\u00f1a de MotoGP - Box Repsol","description":"Cr\u00f3nica y resultados de la carrera sprint del GP de Espa\u00f1a 2024, celebrado en el Circuito de Jerez-\u00c1ngel Nieto.","canonical":"https:\/\/www.boxrepsol.com\/es\/motogp\/resultados-de-la-carrera-sprint-del-gp-de-espana-de-motogp-2024\/","og_locale":"es_ES","og_type":"article","og_title":"Resultados de la carrera sprint del GP de Espa\u00f1a de MotoGP - Box Repsol","og_description":"Cr\u00f3nica y resultados de la carrera sprint del GP de Espa\u00f1a 2024, celebrado en el Circuito de Jerez-\u00c1ngel Nieto.","og_url":"https:\/\/www.boxrepsol.com\/es\/motogp\/resultados-de-la-carrera-sprint-del-gp-de-espana-de-motogp-2024\/","og_site_name":"Box Repsol","article_publisher":"https:\/\/www.facebook.com\/BoxRepsol","article_author":"https:\/\/www.facebook.com\/BoxRepsol\/","article_published_time":"2024-04-27T13:36:11+00:00","article_modified_time":"2025-07-24T08:56:29+00:00","og_image":[{"width":700,"height":350,"url":"https:\/\/bxrepsol.s3.eu-west-1.amazonaws.com\/static\/2024\/04\/27101719\/118105355_OJR2189.png","type":"image\/png"}],"author":"Redacci\u00f3n Box Repsol","twitter_card":"summary_large_image","twitter_creator":"@https:\/\/twitter.com\/box_repsol","twitter_site":"@box_repsol","twitter_misc":{"Written by":"Redacci\u00f3n Box Repsol","Est. reading time":"3 minutos"},"schema":{"@context":"https:\/\/schema.org","@graph":[{"@type":"Article","@id":"https:\/\/www.boxrepsol.com\/es\/motogp\/resultados-de-la-carrera-sprint-del-gp-de-espana-de-motogp-2024\/#article","isPartOf":{"@id":"https:\/\/www.boxrepsol.com\/es\/motogp\/resultados-de-la-carrera-sprint-del-gp-de-espana-de-motogp-2024\/"},"author":{"name":"Redacci\u00f3n Box Repsol","@id":"https:\/\/www.boxrepsol.com\/es\/#\/schema\/person\/c5c2138f2cca251b0ad92b7086bb60b7"},"headline":"Resultados de la carrera sprint del GP de Espa\u00f1a de MotoGP","datePublished":"2024-04-27T13:36:11+00:00","dateModified":"2025-07-24T08:56:29+00:00","mainEntityOfPage":{"@id":"https:\/\/www.boxrepsol.com\/es\/motogp\/resultados-de-la-carrera-sprint-del-gp-de-espana-de-motogp-2024\/"},"wordCount":617,"commentCount":0,"publisher":{"@id":"https:\/\/www.boxrepsol.com\/es\/#organization"},"image":{"@id":"https:\/\/www.boxrepsol.com\/es\/motogp\/resultados-de-la-carrera-sprint-del-gp-de-espana-de-motogp-2024\/#primaryimage"},"thumbnailUrl":"https:\/\/bxrepsol.s3.eu-west-1.amazonaws.com\/static\/2024\/04\/27101719\/118105355_OJR2189.png","keywords":["Competici\u00f3n","GP Espa\u00f1a","Joan Mir","Luca Marini","MotoGP 2024"],"articleSection":["MotoGP"],"inLanguage":"es","potentialAction":[{"@type":"CommentAction","name":"Comment","target":["https:\/\/www.boxrepsol.com\/es\/motogp\/resultados-de-la-carrera-sprint-del-gp-de-espana-de-motogp-2024\/#respond"]}]},{"@type":"WebPage","@id":"https:\/\/www.boxrepsol.com\/es\/motogp\/resultados-de-la-carrera-sprint-del-gp-de-espana-de-motogp-2024\/","url":"https:\/\/www.boxrepsol.com\/es\/motogp\/resultados-de-la-carrera-sprint-del-gp-de-espana-de-motogp-2024\/","name":"Resultados de la carrera sprint del GP de Espa\u00f1a de MotoGP - Box Repsol","isPartOf":{"@id":"https:\/\/www.boxrepsol.com\/es\/#website"},"primaryImageOfPage":{"@id":"https:\/\/www.boxrepsol.com\/es\/motogp\/resultados-de-la-carrera-sprint-del-gp-de-espana-de-motogp-2024\/#primaryimage"},"image":{"@id":"https:\/\/www.boxrepsol.com\/es\/motogp\/resultados-de-la-carrera-sprint-del-gp-de-espana-de-motogp-2024\/#primaryimage"},"thumbnailUrl":"https:\/\/bxrepsol.s3.eu-west-1.amazonaws.com\/static\/2024\/04\/27101719\/118105355_OJR2189.png","datePublished":"2024-04-27T13:36:11+00:00","dateModified":"2025-07-24T08:56:29+00:00","description":"Cr\u00f3nica y resultados de la carrera sprint del GP de Espa\u00f1a 2024, celebrado en el Circuito de Jerez-\u00c1ngel Nieto.","breadcrumb":{"@id":"https:\/\/www.boxrepsol.com\/es\/motogp\/resultados-de-la-carrera-sprint-del-gp-de-espana-de-motogp-2024\/#breadcrumb"},"inLanguage":"es","potentialAction":[{"@type":"ReadAction","target":["https:\/\/www.boxrepsol.com\/es\/motogp\/resultados-de-la-carrera-sprint-del-gp-de-espana-de-motogp-2024\/"]}]},{"@type":"ImageObject","inLanguage":"es","@id":"https:\/\/www.boxrepsol.com\/es\/motogp\/resultados-de-la-carrera-sprint-del-gp-de-espana-de-motogp-2024\/#primaryimage","url":"https:\/\/bxrepsol.s3.eu-west-1.amazonaws.com\/static\/2024\/04\/27101719\/118105355_OJR2189.png","contentUrl":"https:\/\/bxrepsol.s3.eu-west-1.amazonaws.com\/static\/2024\/04\/27101719\/118105355_OJR2189.png","width":700,"height":350},{"@type":"BreadcrumbList","@id":"https:\/\/www.boxrepsol.com\/es\/motogp\/resultados-de-la-carrera-sprint-del-gp-de-espana-de-motogp-2024\/#breadcrumb","itemListElement":[{"@type":"ListItem","position":1,"name":"Home","item":"https:\/\/www.boxrepsol.com\/es\/"},{"@type":"ListItem","position":2,"name":"Resultados de la carrera sprint del GP de Espa\u00f1a de MotoGP"}]},{"@type":"WebSite","@id":"https:\/\/www.boxrepsol.com\/es\/#website","url":"https:\/\/www.boxrepsol.com\/es\/","name":"Box Repsol","description":"Box Repsol Site","publisher":{"@id":"https:\/\/www.boxrepsol.com\/es\/#organization"},"potentialAction":[{"@type":"SearchAction","target":{"@type":"EntryPoint","urlTemplate":"https:\/\/www.boxrepsol.com\/es\/?s={search_term_string}"},"query-input":{"@type":"PropertyValueSpecification","valueRequired":true,"valueName":"search_term_string"}}],"inLanguage":"es"},{"@type":"Organization","@id":"https:\/\/www.boxrepsol.com\/es\/#organization","name":"Box Repsol","url":"https:\/\/www.boxrepsol.com\/es\/","logo":{"@type":"ImageObject","inLanguage":"es","@id":"https:\/\/www.boxrepsol.com\/es\/#\/schema\/logo\/image\/","url":"https:\/\/bxrepsol.s3.eu-west-1.amazonaws.com\/static\/2025\/07\/30083337\/favicon-96x96-1.png","contentUrl":"https:\/\/bxrepsol.s3.eu-west-1.amazonaws.com\/static\/2025\/07\/30083337\/favicon-96x96-1.png","width":96,"height":96,"caption":"Box Repsol"},"image":{"@id":"https:\/\/www.boxrepsol.com\/es\/#\/schema\/logo\/image\/"},"sameAs":["https:\/\/www.facebook.com\/BoxRepsol","https:\/\/x.com\/box_repsol","http:\/\/instagram.com\/box_repsol","https:\/\/www.youtube.com\/user\/RepsolCompeticion","https:\/\/www.flickr.com\/photos\/box_repsol\/"]},{"@type":"Person","@id":"https:\/\/www.boxrepsol.com\/es\/#\/schema\/person\/c5c2138f2cca251b0ad92b7086bb60b7","name":"Redacci\u00f3n Box Repsol","image":{"@type":"ImageObject","inLanguage":"es","@id":"https:\/\/secure.gravatar.com\/avatar\/adf7b77e38b4419baf32c7e9c21dde01f4e40df611f0978e3006fc4ba0aaab7e?s=96&d=mm&r=g","url":"https:\/\/secure.gravatar.com\/avatar\/adf7b77e38b4419baf32c7e9c21dde01f4e40df611f0978e3006fc4ba0aaab7e?s=96&d=mm&r=g","contentUrl":"https:\/\/secure.gravatar.com\/avatar\/adf7b77e38b4419baf32c7e9c21dde01f4e40df611f0978e3006fc4ba0aaab7e?s=96&d=mm&r=g","caption":"Redacci\u00f3n Box Repsol"},"description":"Box Repsol lo forma un equipo de periodistas, community managers, dise\u00f1adores y fot\u00f3grafos con m\u00e1s de 20 a\u00f1os de experiencia en el mundo del motorsport. Hemos vivido el primer mundial de un espa\u00f1ol en la categor\u00eda reina de motociclismo con \u00c1lex Crivill\u00e9, estuvimos en las victorias de Pedrosa y los t\u00edtulos de M\u00e1rquez, acompa\u00f1amos en \u00c1frica a Nani Roma y Marc Coma en sus conquistas del Dakar y hemos vibrado con los t\u00edtulos de Toni Bou en Trial. Adem\u00e1s, en nuestro equipo contamos con expertos en el mundo de las dos y cuatro ruedas tanto de la calle y las carreteras, como de los circuitos. Periodistas que han trabajado en revistas y publicaciones para hacerte llegar desde rutas y consejos de mantenimiento, a curiosidades y trucos de pilotaje.","sameAs":["https:\/\/www.facebook.com\/BoxRepsol\/","https:\/\/www.instagram.com\/box_repsol\/","https:\/\/x.com\/https:\/\/twitter.com\/box_repsol","https:\/\/www.youtube.com\/@Boxrepsol"],"url":"https:\/\/www.boxrepsol.com\/es\/author\/redaccion-box-repsol\/"}]}},"_links":{"self":[{"href":"https:\/\/www.boxrepsol.com\/es\/wp-json\/wp\/v2\/posts\/115505","targetHints":{"allow":["GET"]}}],"collection":[{"href":"https:\/\/www.boxrepsol.com\/es\/wp-json\/wp\/v2\/posts"}],"about":[{"href":"https:\/\/www.boxrepsol.com\/es\/wp-json\/wp\/v2\/types\/post"}],"author":[{"embeddable":true,"href":"https:\/\/www.boxrepsol.com\/es\/wp-json\/wp\/v2\/users\/43146"}],"replies":[{"embeddable":true,"href":"https:\/\/www.boxrepsol.com\/es\/wp-json\/wp\/v2\/comments?post=115505"}],"version-history":[{"count":10,"href":"https:\/\/www.boxrepsol.com\/es\/wp-json\/wp\/v2\/posts\/115505\/revisions"}],"predecessor-version":[{"id":115572,"href":"https:\/\/www.boxrepsol.com\/es\/wp-json\/wp\/v2\/posts\/115505\/revisions\/115572"}],"wp:featuredmedia":[{"embeddable":true,"href":"https:\/\/www.boxrepsol.com\/es\/wp-json\/wp\/v2\/media\/115508"}],"wp:attachment":[{"href":"https:\/\/www.boxrepsol.com\/es\/wp-json\/wp\/v2\/media?parent=115505"}],"wp:term":[{"taxonomy":"category","embeddable":true,"href":"https:\/\/www.boxrepsol.com\/es\/wp-json\/wp\/v2\/categories?post=115505"},{"taxonomy":"post_tag","embeddable":true,"href":"https:\/\/www.boxrepsol.com\/es\/wp-json\/wp\/v2\/tags?post=115505"}],"curies":[{"name":"wp","href":"https:\/\/api.w.org\/{rel}","templated":true}]}}