{"id":115379,"date":"2024-04-25T08:12:51","date_gmt":"2024-04-25T10:12:51","guid":{"rendered":"https:\/\/www.boxrepsol.com\/?p=115379"},"modified":"2025-06-23T07:05:25","modified_gmt":"2025-06-23T09:05:25","slug":"multa-por-no-llevar-la-l","status":"publish","type":"post","link":"https:\/\/www.boxrepsol.com\/es\/vive-tu-moto\/multa-por-no-llevar-la-l\/","title":{"rendered":"\u00bfCu\u00e1nto es la multa por no llevar la L?"},"content":{"rendered":"<figure class=\"wp-block-post-featured-image\"><img loading=\"lazy\" decoding=\"async\" width=\"700\" height=\"350\" src=\"https:\/\/bxrepsol.s3.eu-west-1.amazonaws.com\/static\/2024\/04\/25080735\/Foto-7.0.jpg\" class=\"attachment-post-thumbnail size-post-thumbnail wp-post-image\" alt=\"Motos aparcadas en la calle\" style=\"object-fit:cover;\" srcset=\"https:\/\/bxrepsol.s3.eu-west-1.amazonaws.com\/static\/2024\/04\/25080735\/Foto-7.0.jpg 700w, https:\/\/bxrepsol.s3.eu-west-1.amazonaws.com\/static\/2024\/04\/25080735\/Foto-7.0-300x150.jpg 300w\" sizes=\"auto, (max-width: 700px) 100vw, 700px\" \/><\/figure>\n\n\n<p>La letra \u201cL\u201d de la placa tiene su origen en la <strong>palabra inglesa \u201c<em>Learner<\/em>\u201d<\/strong>, que en espa\u00f1ol significa \u201caprendiz\u201d o \u201cnovato\u201d, y est\u00e1 asociada al verbo \u201c<em>to learn<\/em>\u201d, cuyo significado es \u201caprender\u201d. Por tanto, la \u201cL\u201d se utiliza en muchos pa\u00edses, <strong>aunque tambi\u00e9n hay algunos que prefieren utilizar su propio idioma<\/strong>. As\u00ed, por ejemplo, en Italia se usa la \u201cP\u201d de \u201c<em>principiante<\/em>\u201d y en Francia la \u201cA\u201d de \u201c<em>apprenti<\/em>\u201d.<\/p>\n\n\n\n<div id=\"ez-toc-container\" class=\"ez-toc-v2_0_82_2 counter-hierarchy ez-toc-counter ez-toc-grey ez-toc-container-direction\">\n<div class=\"ez-toc-title-container\">\n<p class=\"ez-toc-title\" style=\"cursor:inherit\">\u00cdndice<\/p>\n<span class=\"ez-toc-title-toggle\"><a href=\"#\" class=\"ez-toc-pull-right ez-toc-btn ez-toc-btn-xs ez-toc-btn-default ez-toc-toggle\" aria-label=\"Toggle Table of Content\"><span class=\"ez-toc-js-icon-con\"><span class=\"\"><span class=\"eztoc-hide\" style=\"display:none;\">Toggle<\/span><span class=\"ez-toc-icon-toggle-span\"><svg style=\"fill: #999;color:#999\" xmlns=\"http:\/\/www.w3.org\/2000\/svg\" class=\"list-377408\" width=\"20px\" height=\"20px\" viewBox=\"0 0 24 24\" fill=\"none\"><path d=\"M6 6H4v2h2V6zm14 0H8v2h12V6zM4 11h2v2H4v-2zm16 0H8v2h12v-2zM4 16h2v2H4v-2zm16 0H8v2h12v-2z\" fill=\"currentColor\"><\/path><\/svg><svg style=\"fill: #999;color:#999\" class=\"arrow-unsorted-368013\" xmlns=\"http:\/\/www.w3.org\/2000\/svg\" width=\"10px\" height=\"10px\" viewBox=\"0 0 24 24\" version=\"1.2\" baseProfile=\"tiny\"><path d=\"M18.2 9.3l-6.2-6.3-6.2 6.3c-.2.2-.3.4-.3.7s.1.5.3.7c.2.2.4.3.7.3h11c.3 0 .5-.1.7-.3.2-.2.3-.5.3-.7s-.1-.5-.3-.7zM5.8 14.7l6.2 6.3 6.2-6.3c.2-.2.3-.5.3-.7s-.1-.5-.3-.7c-.2-.2-.4-.3-.7-.3h-11c-.3 0-.5.1-.7.3-.2.2-.3.5-.3.7s.1.5.3.7z\"\/><\/svg><\/span><\/span><\/span><\/a><\/span><\/div>\n<nav><ul class='ez-toc-list ez-toc-list-level-1 ' ><li class='ez-toc-page-1 ez-toc-heading-level-2'><a class=\"ez-toc-link ez-toc-heading-1\" href=\"https:\/\/www.boxrepsol.com\/es\/vive-tu-moto\/multa-por-no-llevar-la-l\/#%C2%BFCual_es_la_multa_por_no_llevar_la_L\" >\u00bfCu\u00e1l es la multa por no llevar la L?<\/a><ul class='ez-toc-list-level-3' ><li class='ez-toc-heading-level-3'><a class=\"ez-toc-link ez-toc-heading-2\" href=\"https:\/\/www.boxrepsol.com\/es\/vive-tu-moto\/multa-por-no-llevar-la-l\/#Multa_por_llevar_la_L_sin_ser_novel\" >Multa por llevar la L sin ser novel<\/a><\/li><\/ul><\/li><li class='ez-toc-page-1 ez-toc-heading-level-2'><a class=\"ez-toc-link ez-toc-heading-3\" href=\"https:\/\/www.boxrepsol.com\/es\/vive-tu-moto\/multa-por-no-llevar-la-l\/#%C2%BFDonde_se_puede_adquirir_o_comprar_la_L\" >\u00bfD\u00f3nde se puede adquirir o comprar la L?<\/a><ul class='ez-toc-list-level-3' ><li class='ez-toc-heading-level-3'><a class=\"ez-toc-link ez-toc-heading-4\" href=\"https:\/\/www.boxrepsol.com\/es\/vive-tu-moto\/multa-por-no-llevar-la-l\/#%C2%BFQue_caracteristicas_debe_tener_la_senal_V-13_de_moto\" >\u00bfQu\u00e9 caracter\u00edsticas debe tener la se\u00f1al V-13 de moto?<\/a><\/li><\/ul><\/li><li class='ez-toc-page-1 ez-toc-heading-level-2'><a class=\"ez-toc-link ez-toc-heading-5\" href=\"https:\/\/www.boxrepsol.com\/es\/vive-tu-moto\/multa-por-no-llevar-la-l\/#%C2%BFDonde_se_pone_la_L_en_la_moto\" >\u00bfD\u00f3nde se pone la L en la moto?<\/a><\/li><\/ul><\/nav><\/div>\n<h2 class=\"wp-block-heading\"><span class=\"ez-toc-section\" id=\"%C2%BFCual_es_la_multa_por_no_llevar_la_L\"><\/span><strong>\u00bfCu\u00e1l es la multa por no llevar la L?<\/strong><span class=\"ez-toc-section-end\"><\/span><\/h2>\n\n\n\n<p>El objetivo de esta placa es indicar que <strong>la persona que conduce <\/strong><strong>la moto <\/strong><strong>es novata o tiene poca experiencia <\/strong>y, por tanto, se le debe prestar una mayor atenci\u00f3n. Adem\u00e1s de las motos, <strong>la \u201cL\u201d tambi\u00e9n la deben llevar <\/strong><a href=\"https:\/\/www.boxrepsol.com\/es\/vive-tu-moto\/todo-lo-que-necesitas-saber-sobre-ciclomotores-en-espana\/\"><strong>ciclomotores<\/strong><\/a><strong>,<\/strong><strong> triciclos y veh\u00edculos de movilidad reducida<\/strong>, siempre que el carnet de conducir de su conductor tenga menos de un a\u00f1o de antig\u00fcedad.&nbsp;<\/p>\n\n\n\n<p>En el caso de ser un conductor con un permiso de conducir con menos de un a\u00f1o de antig\u00fcedad, y circular con una moto sin la \u201cL\u201d, la Direcci\u00f3n General de Tr\u00e1fico establece que la <strong>multa es de 100 euros sin p\u00e9rdida de puntos del carnet<\/strong>.<\/p>\n\n\n\n<figure class=\"wp-block-image size-full\"><img loading=\"lazy\" decoding=\"async\" width=\"600\" height=\"400\" src=\"https:\/\/bxrepsol.s3.eu-west-1.amazonaws.com\/static\/2024\/04\/25081038\/Foto-6-2.jpg\" alt=\"Kawasaki Ninja 400 con la L\" class=\"wp-image-115394\" srcset=\"https:\/\/bxrepsol.s3.eu-west-1.amazonaws.com\/static\/2024\/04\/25081038\/Foto-6-2.jpg 600w, https:\/\/bxrepsol.s3.eu-west-1.amazonaws.com\/static\/2024\/04\/25081038\/Foto-6-2-300x200.jpg 300w\" sizes=\"auto, (max-width: 600px) 100vw, 600px\" \/><\/figure>\n\n\n\n<p>Una aclaraci\u00f3n al respecto es que la <strong>se\u00f1al V-13 o \u201cL\u201d<\/strong> solo hay que llevarla a la vista <strong>durante el primer a\u00f1o<\/strong>, indistintamente del tipo de permiso de conducir o del tipo de veh\u00edculo. Por citar un ejemplo, si tu carnet de conducir B de coche tiene 10 a\u00f1os y decides sacarte <a href=\"https:\/\/www.boxrepsol.com\/es\/cultura-motera\/carnet-moto-a1\/\">el A1 de moto<\/a>, <strong>no ser\u00e1 necesario<\/strong> que lleves la L durante el primer a\u00f1o mientras conduzcas una moto.<\/p>\n\n\n\n<h3 class=\"wp-block-heading\"><span class=\"ez-toc-section\" id=\"Multa_por_llevar_la_L_sin_ser_novel\"><\/span><strong>Multa por llevar la L sin ser novel<\/strong><span class=\"ez-toc-section-end\"><\/span><\/h3>\n\n\n\n<p>La Direcci\u00f3n General de Tr\u00e1fico es clara al respecto y advierte que todos los conductores noveles deben llevar la L mientras conducen un veh\u00edculo <strong>durante un a\u00f1o completo<\/strong> a partir de que superen la prueba pr\u00e1ctica del examen de conducir. Una vez cumplido este periodo de tiempo, ya no necesitar\u00e1n portarla en su veh\u00edculo.<\/p>\n\n\n\n<figure class=\"wp-block-image size-full\"><img loading=\"lazy\" decoding=\"async\" width=\"600\" height=\"400\" src=\"https:\/\/bxrepsol.s3.eu-west-1.amazonaws.com\/static\/2024\/04\/25081109\/Foto-1-apertura-3.jpg\" alt=\"Suzuki con la L\" class=\"wp-image-115396\" srcset=\"https:\/\/bxrepsol.s3.eu-west-1.amazonaws.com\/static\/2024\/04\/25081109\/Foto-1-apertura-3.jpg 600w, https:\/\/bxrepsol.s3.eu-west-1.amazonaws.com\/static\/2024\/04\/25081109\/Foto-1-apertura-3-300x200.jpg 300w\" sizes=\"auto, (max-width: 600px) 100vw, 600px\" \/><\/figure>\n\n\n\n<p>Del mismo modo, corres el riesgo de ser sancionado si ya has superado el a\u00f1o de experiencia y <strong>sigues circulando con la se\u00f1al<\/strong>. Igualmente, te pueden multar si circulas con la se\u00f1al V-13 y eres un conductor experto. Esto no es raro que suceda en el caso de compartir veh\u00edculos dentro del \u00e1mbito familiar, en empresas, etc. En estos casos <strong>la multa es tambi\u00e9n de 100 euros y no conlleva p\u00e9rdida de puntos.<\/strong><\/p>\n\n\n\n<h2 class=\"wp-block-heading\"><span class=\"ez-toc-section\" id=\"%C2%BFDonde_se_puede_adquirir_o_comprar_la_L\"><\/span><strong>\u00bfD\u00f3nde se puede adquirir o comprar la L?<\/strong><span class=\"ez-toc-section-end\"><\/span><\/h2>\n\n\n\n<p>En el caso de que obtengas el permiso de conducir a trav\u00e9s de una autoescuela, muchas veces la \u201cL\u201d est\u00e1 incluida en el precio o te la regalan cuando apruebas. De no ser as\u00ed o si obtienes el carnet por libre, <strong>la se\u00f1al V-13 se puede adquirir en tiendas especializadas<\/strong> en placas de matr\u00edcula o por internet. Siempre hay que <strong>comprobar<\/strong> <strong>que est\u00e9 homologada<\/strong> y que sus medidas sean las correctas. El precio de una se\u00f1al V-13 ronda los 10 euros.<\/p>\n\n\n\n<figure class=\"wp-block-image size-full\"><img loading=\"lazy\" decoding=\"async\" width=\"600\" height=\"400\" src=\"https:\/\/bxrepsol.s3.eu-west-1.amazonaws.com\/static\/2024\/04\/25081134\/Foto-5-2.jpg\" alt=\"Identificaci\u00f3n de la L\" class=\"wp-image-115398\" srcset=\"https:\/\/bxrepsol.s3.eu-west-1.amazonaws.com\/static\/2024\/04\/25081134\/Foto-5-2.jpg 600w, https:\/\/bxrepsol.s3.eu-west-1.amazonaws.com\/static\/2024\/04\/25081134\/Foto-5-2-300x200.jpg 300w\" sizes=\"auto, (max-width: 600px) 100vw, 600px\" \/><\/figure>\n\n\n\n<p><\/p>\n\n\n\n<h3 class=\"wp-block-heading\"><span class=\"ez-toc-section\" id=\"%C2%BFQue_caracteristicas_debe_tener_la_senal_V-13_de_moto\"><\/span><strong>\u00bfQu\u00e9 caracter\u00edsticas debe tener la se\u00f1al V-13 de moto?<\/strong><span class=\"ez-toc-section-end\"><\/span><\/h3>\n\n\n\n<p>La <strong>se\u00f1al V-13 espec\u00edfica para moto<\/strong> es de menor tama\u00f1o que la que se debe utilizar en coches o en veh\u00edculos mayores. Mide <strong>13 cm de alto y 10 cm de ancho<\/strong> (19,5 x 15 cm la de coche), y la letra \u201dL\u201d debe tener 10 cm de altura y 7 cm de anchura, adem\u00e1s de un trazo de 2 cm.<\/p>\n\n\n\n<p>La placa tiene que estar fabricada en aluminio de 1,4 mm de grosor, con las esquinas redondeadas y en su borde superior izquierdo <strong>debe aparecer el c\u00f3digo de la homologaci\u00f3n<\/strong>. Asimismo, la superficie tiene que estar cubierta con un material reflectante (nivel 2), con el fondo de color verde, y la letra de blanco. Los bordes deben ir en relieve a modo de marco y en su caso van lacados en blanco mate.<\/p>\n\n\n\n<figure class=\"wp-block-image size-full\"><img loading=\"lazy\" decoding=\"async\" width=\"600\" height=\"400\" src=\"https:\/\/bxrepsol.s3.eu-west-1.amazonaws.com\/static\/2024\/04\/25081154\/Foto-4-3.jpg\" alt=\"Comparativa L de coche y de moto\" class=\"wp-image-115400\" srcset=\"https:\/\/bxrepsol.s3.eu-west-1.amazonaws.com\/static\/2024\/04\/25081154\/Foto-4-3.jpg 600w, https:\/\/bxrepsol.s3.eu-west-1.amazonaws.com\/static\/2024\/04\/25081154\/Foto-4-3-300x200.jpg 300w\" sizes=\"auto, (max-width: 600px) 100vw, 600px\" \/><\/figure>\n\n\n\n<p><\/p>\n\n\n\n<h2 class=\"wp-block-heading\"><span class=\"ez-toc-section\" id=\"%C2%BFDonde_se_pone_la_L_en_la_moto\"><\/span><strong>\u00bfD\u00f3nde se pone la L en la moto?<\/strong><span class=\"ez-toc-section-end\"><\/span><\/h2>\n\n\n\n<p>Si en los coches debe ir colocada en un lugar visible en el lado izquierdo de la parte trasera, en las motos se debe poner tambi\u00e9n <strong>en la parte trasera<\/strong>, pero en su caso puede ir centrada. Lo m\u00e1s apropiado es <strong>colocarla por debajo de la placa de matr\u00edcula<\/strong>, aunque, dependiendo del <a href=\"https:\/\/www.boxrepsol.com\/es\/vive-tu-moto\/tipos-de-moto-cual-es-el-tuyo\/\">tipo de moto<\/a>, es posible que no haya espacio en esta zona. Entonces puede ir instalada sobre el subchasis o la parte trasera del asiento, y tambi\u00e9n puede ir desplazada hacia el lateral izquierdo, siempre que est\u00e9 bien fijada y sea <strong>f\u00e1cilmente visible por los veh\u00edculos<\/strong> que circulan detr\u00e1s.<\/p>\n\n\n\n<figure class=\"wp-block-image size-full\"><img loading=\"lazy\" decoding=\"async\" width=\"600\" height=\"400\" src=\"https:\/\/bxrepsol.s3.eu-west-1.amazonaws.com\/static\/2024\/04\/25081004\/Foto-8-1.jpg\" alt=\"Yamaha YZF-R3 con la L\" class=\"wp-image-115390\" srcset=\"https:\/\/bxrepsol.s3.eu-west-1.amazonaws.com\/static\/2024\/04\/25081004\/Foto-8-1.jpg 600w, https:\/\/bxrepsol.s3.eu-west-1.amazonaws.com\/static\/2024\/04\/25081004\/Foto-8-1-300x200.jpg 300w\" sizes=\"auto, (max-width: 600px) 100vw, 600px\" \/><\/figure>\n","protected":false},"excerpt":{"rendered":"<p>La popularmente llamada L, denominada se\u00f1al V-13 por el Reglamento General de Veh\u00edculos, es una placa homologada cuya finalidad es la de indicar que un veh\u00edculo est\u00e1 siendo conducido por una persona cuyo permiso de conducir tiene menos de un a\u00f1o de antig\u00fcedad. Por supuesto, las motos tambi\u00e9n est\u00e1n incluidas en esta normativa y deben llevarla.<\/p>\n","protected":false},"author":41267,"featured_media":115384,"comment_status":"open","ping_status":"open","sticky":false,"template":"","format":"standard","meta":{"footnotes":""},"categories":[122],"tags":[585,346],"class_list":["post-115379","post","type-post","status-publish","format-standard","hentry","category-vive-tu-moto","tag-conduccion","tag-seguridad"],"yoast_head":"<!-- This site is optimized with the Yoast SEO plugin v27.3 - https:\/\/yoast.com\/product\/yoast-seo-wordpress\/ -->\n<title>Multa por no llevar la L siendo conductor novel - Box Repsol<\/title>\n<meta name=\"description\" content=\"Descubre las consecuencias de no llevar la &#039;L&#039; al conducir. Todo sobre las multas, el reglamento y las caracter\u00edsticas que debe cumplir para su correcta homologaci\u00f3n. \u00a1Lee m\u00e1s aqu\u00ed!\" \/>\n<link rel=\"canonical\" href=\"https:\/\/www.boxrepsol.com\/es\/vive-tu-moto\/multa-por-no-llevar-la-l\/\" \/>\n<meta property=\"og:locale\" content=\"es_ES\" \/>\n<meta property=\"og:type\" content=\"article\" \/>\n<meta property=\"og:title\" content=\"Multa por no llevar la L siendo conductor novel - Box Repsol\" \/>\n<meta property=\"og:description\" content=\"Descubre las consecuencias de no llevar la &#039;L&#039; al conducir. Todo sobre las multas, el reglamento y las caracter\u00edsticas que debe cumplir para su correcta homologaci\u00f3n. \u00a1Lee m\u00e1s aqu\u00ed!\" \/>\n<meta property=\"og:url\" content=\"https:\/\/www.boxrepsol.com\/es\/vive-tu-moto\/multa-por-no-llevar-la-l\/\" \/>\n<meta property=\"og:site_name\" content=\"Box Repsol\" \/>\n<meta property=\"article:publisher\" content=\"https:\/\/www.facebook.com\/BoxRepsol\" \/>\n<meta property=\"article:published_time\" content=\"2024-04-25T10:12:51+00:00\" \/>\n<meta property=\"article:modified_time\" content=\"2025-06-23T09:05:25+00:00\" \/>\n<meta property=\"og:image\" content=\"https:\/\/bxrepsol.s3.eu-west-1.amazonaws.com\/static\/2024\/04\/25080735\/Foto-7.0.jpg\" \/>\n\t<meta property=\"og:image:width\" content=\"700\" \/>\n\t<meta property=\"og:image:height\" content=\"350\" \/>\n\t<meta property=\"og:image:type\" content=\"image\/jpeg\" \/>\n<meta name=\"author\" content=\"V\u00edctor Gancedo\" \/>\n<meta name=\"twitter:card\" content=\"summary_large_image\" \/>\n<meta name=\"twitter:creator\" content=\"@box_repsol\" \/>\n<meta name=\"twitter:site\" content=\"@box_repsol\" \/>\n<meta name=\"twitter:label1\" content=\"Written by\" \/>\n\t<meta name=\"twitter:data1\" content=\"V\u00edctor Gancedo\" \/>\n\t<meta name=\"twitter:label2\" content=\"Est. reading time\" \/>\n\t<meta name=\"twitter:data2\" content=\"4 minutos\" \/>\n<script type=\"application\/ld+json\" class=\"yoast-schema-graph\">{\"@context\":\"https:\\\/\\\/schema.org\",\"@graph\":[{\"@type\":\"Article\",\"@id\":\"https:\\\/\\\/www.boxrepsol.com\\\/es\\\/vive-tu-moto\\\/multa-por-no-llevar-la-l\\\/#article\",\"isPartOf\":{\"@id\":\"https:\\\/\\\/www.boxrepsol.com\\\/es\\\/vive-tu-moto\\\/multa-por-no-llevar-la-l\\\/\"},\"author\":{\"name\":\"V\u00edctor Gancedo\",\"@id\":\"https:\\\/\\\/www.boxrepsol.com\\\/es\\\/#\\\/schema\\\/person\\\/40c28bf318bbbe8fe3848b194b7385ca\"},\"headline\":\"\u00bfCu\u00e1nto es la multa por no llevar la L?\",\"datePublished\":\"2024-04-25T10:12:51+00:00\",\"dateModified\":\"2025-06-23T09:05:25+00:00\",\"mainEntityOfPage\":{\"@id\":\"https:\\\/\\\/www.boxrepsol.com\\\/es\\\/vive-tu-moto\\\/multa-por-no-llevar-la-l\\\/\"},\"wordCount\":788,\"commentCount\":1,\"publisher\":{\"@id\":\"https:\\\/\\\/www.boxrepsol.com\\\/es\\\/#organization\"},\"image\":{\"@id\":\"https:\\\/\\\/www.boxrepsol.com\\\/es\\\/vive-tu-moto\\\/multa-por-no-llevar-la-l\\\/#primaryimage\"},\"thumbnailUrl\":\"https:\\\/\\\/bxrepsol.s3.eu-west-1.amazonaws.com\\\/static\\\/2024\\\/04\\\/25080735\\\/Foto-7.0.jpg\",\"keywords\":[\"conducci\u00f3n\",\"Seguridad\"],\"articleSection\":[\"Vive tu moto\"],\"inLanguage\":\"es\",\"potentialAction\":[{\"@type\":\"CommentAction\",\"name\":\"Comment\",\"target\":[\"https:\\\/\\\/www.boxrepsol.com\\\/es\\\/vive-tu-moto\\\/multa-por-no-llevar-la-l\\\/#respond\"]}]},{\"@type\":\"WebPage\",\"@id\":\"https:\\\/\\\/www.boxrepsol.com\\\/es\\\/vive-tu-moto\\\/multa-por-no-llevar-la-l\\\/\",\"url\":\"https:\\\/\\\/www.boxrepsol.com\\\/es\\\/vive-tu-moto\\\/multa-por-no-llevar-la-l\\\/\",\"name\":\"Multa por no llevar la L siendo conductor novel - Box Repsol\",\"isPartOf\":{\"@id\":\"https:\\\/\\\/www.boxrepsol.com\\\/es\\\/#website\"},\"primaryImageOfPage\":{\"@id\":\"https:\\\/\\\/www.boxrepsol.com\\\/es\\\/vive-tu-moto\\\/multa-por-no-llevar-la-l\\\/#primaryimage\"},\"image\":{\"@id\":\"https:\\\/\\\/www.boxrepsol.com\\\/es\\\/vive-tu-moto\\\/multa-por-no-llevar-la-l\\\/#primaryimage\"},\"thumbnailUrl\":\"https:\\\/\\\/bxrepsol.s3.eu-west-1.amazonaws.com\\\/static\\\/2024\\\/04\\\/25080735\\\/Foto-7.0.jpg\",\"datePublished\":\"2024-04-25T10:12:51+00:00\",\"dateModified\":\"2025-06-23T09:05:25+00:00\",\"description\":\"Descubre las consecuencias de no llevar la 'L' al conducir. Todo sobre las multas, el reglamento y las caracter\u00edsticas que debe cumplir para su correcta homologaci\u00f3n. \u00a1Lee m\u00e1s aqu\u00ed!\",\"breadcrumb\":{\"@id\":\"https:\\\/\\\/www.boxrepsol.com\\\/es\\\/vive-tu-moto\\\/multa-por-no-llevar-la-l\\\/#breadcrumb\"},\"inLanguage\":\"es\",\"potentialAction\":[{\"@type\":\"ReadAction\",\"target\":[\"https:\\\/\\\/www.boxrepsol.com\\\/es\\\/vive-tu-moto\\\/multa-por-no-llevar-la-l\\\/\"]}]},{\"@type\":\"ImageObject\",\"inLanguage\":\"es\",\"@id\":\"https:\\\/\\\/www.boxrepsol.com\\\/es\\\/vive-tu-moto\\\/multa-por-no-llevar-la-l\\\/#primaryimage\",\"url\":\"https:\\\/\\\/bxrepsol.s3.eu-west-1.amazonaws.com\\\/static\\\/2024\\\/04\\\/25080735\\\/Foto-7.0.jpg\",\"contentUrl\":\"https:\\\/\\\/bxrepsol.s3.eu-west-1.amazonaws.com\\\/static\\\/2024\\\/04\\\/25080735\\\/Foto-7.0.jpg\",\"width\":700,\"height\":350,\"caption\":\"Motos aparcadas en la calle\"},{\"@type\":\"BreadcrumbList\",\"@id\":\"https:\\\/\\\/www.boxrepsol.com\\\/es\\\/vive-tu-moto\\\/multa-por-no-llevar-la-l\\\/#breadcrumb\",\"itemListElement\":[{\"@type\":\"ListItem\",\"position\":1,\"name\":\"Home\",\"item\":\"https:\\\/\\\/www.boxrepsol.com\\\/es\\\/\"},{\"@type\":\"ListItem\",\"position\":2,\"name\":\"\u00bfCu\u00e1nto es la multa por no llevar la L?\"}]},{\"@type\":\"WebSite\",\"@id\":\"https:\\\/\\\/www.boxrepsol.com\\\/es\\\/#website\",\"url\":\"https:\\\/\\\/www.boxrepsol.com\\\/es\\\/\",\"name\":\"Box Repsol\",\"description\":\"Box Repsol Site\",\"publisher\":{\"@id\":\"https:\\\/\\\/www.boxrepsol.com\\\/es\\\/#organization\"},\"potentialAction\":[{\"@type\":\"SearchAction\",\"target\":{\"@type\":\"EntryPoint\",\"urlTemplate\":\"https:\\\/\\\/www.boxrepsol.com\\\/es\\\/?s={search_term_string}\"},\"query-input\":{\"@type\":\"PropertyValueSpecification\",\"valueRequired\":true,\"valueName\":\"search_term_string\"}}],\"inLanguage\":\"es\"},{\"@type\":\"Organization\",\"@id\":\"https:\\\/\\\/www.boxrepsol.com\\\/es\\\/#organization\",\"name\":\"Box Repsol\",\"url\":\"https:\\\/\\\/www.boxrepsol.com\\\/es\\\/\",\"logo\":{\"@type\":\"ImageObject\",\"inLanguage\":\"es\",\"@id\":\"https:\\\/\\\/www.boxrepsol.com\\\/es\\\/#\\\/schema\\\/logo\\\/image\\\/\",\"url\":\"https:\\\/\\\/bxrepsol.s3.eu-west-1.amazonaws.com\\\/static\\\/2025\\\/07\\\/30083337\\\/favicon-96x96-1.png\",\"contentUrl\":\"https:\\\/\\\/bxrepsol.s3.eu-west-1.amazonaws.com\\\/static\\\/2025\\\/07\\\/30083337\\\/favicon-96x96-1.png\",\"width\":96,\"height\":96,\"caption\":\"Box Repsol\"},\"image\":{\"@id\":\"https:\\\/\\\/www.boxrepsol.com\\\/es\\\/#\\\/schema\\\/logo\\\/image\\\/\"},\"sameAs\":[\"https:\\\/\\\/www.facebook.com\\\/BoxRepsol\",\"https:\\\/\\\/x.com\\\/box_repsol\",\"http:\\\/\\\/instagram.com\\\/box_repsol\",\"https:\\\/\\\/www.youtube.com\\\/user\\\/RepsolCompeticion\",\"https:\\\/\\\/www.flickr.com\\\/photos\\\/box_repsol\\\/\"]},{\"@type\":\"Person\",\"@id\":\"https:\\\/\\\/www.boxrepsol.com\\\/es\\\/#\\\/schema\\\/person\\\/40c28bf318bbbe8fe3848b194b7385ca\",\"name\":\"V\u00edctor Gancedo\",\"image\":{\"@type\":\"ImageObject\",\"inLanguage\":\"es\",\"@id\":\"https:\\\/\\\/secure.gravatar.com\\\/avatar\\\/cd1439a66fca5d3425cd2a7b13f32cd43e25022a0436c1235ef2a28e14fa660a?s=96&d=mm&r=g\",\"url\":\"https:\\\/\\\/secure.gravatar.com\\\/avatar\\\/cd1439a66fca5d3425cd2a7b13f32cd43e25022a0436c1235ef2a28e14fa660a?s=96&d=mm&r=g\",\"contentUrl\":\"https:\\\/\\\/secure.gravatar.com\\\/avatar\\\/cd1439a66fca5d3425cd2a7b13f32cd43e25022a0436c1235ef2a28e14fa660a?s=96&d=mm&r=g\",\"caption\":\"V\u00edctor Gancedo\"},\"description\":\"Periodista especializado en el mundo de las motos, V\u00edctor ha probado pr\u00e1cticamente todas las que han salido al mercado desde 1990. En su larga trayectoria, ha desempe\u00f1ado cargos como los de Jefe de Pruebas de la revista Motociclismo o Responsable de Pruebas del \u00c1rea de Motos del Grupo Motorpress-Ib\u00e9rica, hoy llamado Sport Life Ib\u00e9rica, al cual sigue vinculado.\",\"sameAs\":[\"https:\\\/\\\/www.instagram.com\\\/vfgancedo\"],\"url\":\"https:\\\/\\\/www.boxrepsol.com\\\/es\\\/author\\\/victor_gancedo\\\/\"}]}<\/script>\n<!-- \/ Yoast SEO plugin. -->","yoast_head_json":{"title":"Multa por no llevar la L siendo conductor novel - Box Repsol","description":"Descubre las consecuencias de no llevar la 'L' al conducir. Todo sobre las multas, el reglamento y las caracter\u00edsticas que debe cumplir para su correcta homologaci\u00f3n. \u00a1Lee m\u00e1s aqu\u00ed!","canonical":"https:\/\/www.boxrepsol.com\/es\/vive-tu-moto\/multa-por-no-llevar-la-l\/","og_locale":"es_ES","og_type":"article","og_title":"Multa por no llevar la L siendo conductor novel - Box Repsol","og_description":"Descubre las consecuencias de no llevar la 'L' al conducir. Todo sobre las multas, el reglamento y las caracter\u00edsticas que debe cumplir para su correcta homologaci\u00f3n. \u00a1Lee m\u00e1s aqu\u00ed!","og_url":"https:\/\/www.boxrepsol.com\/es\/vive-tu-moto\/multa-por-no-llevar-la-l\/","og_site_name":"Box Repsol","article_publisher":"https:\/\/www.facebook.com\/BoxRepsol","article_published_time":"2024-04-25T10:12:51+00:00","article_modified_time":"2025-06-23T09:05:25+00:00","og_image":[{"width":700,"height":350,"url":"https:\/\/bxrepsol.s3.eu-west-1.amazonaws.com\/static\/2024\/04\/25080735\/Foto-7.0.jpg","type":"image\/jpeg"}],"author":"V\u00edctor Gancedo","twitter_card":"summary_large_image","twitter_creator":"@box_repsol","twitter_site":"@box_repsol","twitter_misc":{"Written by":"V\u00edctor Gancedo","Est. reading time":"4 minutos"},"schema":{"@context":"https:\/\/schema.org","@graph":[{"@type":"Article","@id":"https:\/\/www.boxrepsol.com\/es\/vive-tu-moto\/multa-por-no-llevar-la-l\/#article","isPartOf":{"@id":"https:\/\/www.boxrepsol.com\/es\/vive-tu-moto\/multa-por-no-llevar-la-l\/"},"author":{"name":"V\u00edctor Gancedo","@id":"https:\/\/www.boxrepsol.com\/es\/#\/schema\/person\/40c28bf318bbbe8fe3848b194b7385ca"},"headline":"\u00bfCu\u00e1nto es la multa por no llevar la L?","datePublished":"2024-04-25T10:12:51+00:00","dateModified":"2025-06-23T09:05:25+00:00","mainEntityOfPage":{"@id":"https:\/\/www.boxrepsol.com\/es\/vive-tu-moto\/multa-por-no-llevar-la-l\/"},"wordCount":788,"commentCount":1,"publisher":{"@id":"https:\/\/www.boxrepsol.com\/es\/#organization"},"image":{"@id":"https:\/\/www.boxrepsol.com\/es\/vive-tu-moto\/multa-por-no-llevar-la-l\/#primaryimage"},"thumbnailUrl":"https:\/\/bxrepsol.s3.eu-west-1.amazonaws.com\/static\/2024\/04\/25080735\/Foto-7.0.jpg","keywords":["conducci\u00f3n","Seguridad"],"articleSection":["Vive tu moto"],"inLanguage":"es","potentialAction":[{"@type":"CommentAction","name":"Comment","target":["https:\/\/www.boxrepsol.com\/es\/vive-tu-moto\/multa-por-no-llevar-la-l\/#respond"]}]},{"@type":"WebPage","@id":"https:\/\/www.boxrepsol.com\/es\/vive-tu-moto\/multa-por-no-llevar-la-l\/","url":"https:\/\/www.boxrepsol.com\/es\/vive-tu-moto\/multa-por-no-llevar-la-l\/","name":"Multa por no llevar la L siendo conductor novel - Box Repsol","isPartOf":{"@id":"https:\/\/www.boxrepsol.com\/es\/#website"},"primaryImageOfPage":{"@id":"https:\/\/www.boxrepsol.com\/es\/vive-tu-moto\/multa-por-no-llevar-la-l\/#primaryimage"},"image":{"@id":"https:\/\/www.boxrepsol.com\/es\/vive-tu-moto\/multa-por-no-llevar-la-l\/#primaryimage"},"thumbnailUrl":"https:\/\/bxrepsol.s3.eu-west-1.amazonaws.com\/static\/2024\/04\/25080735\/Foto-7.0.jpg","datePublished":"2024-04-25T10:12:51+00:00","dateModified":"2025-06-23T09:05:25+00:00","description":"Descubre las consecuencias de no llevar la 'L' al conducir. Todo sobre las multas, el reglamento y las caracter\u00edsticas que debe cumplir para su correcta homologaci\u00f3n. \u00a1Lee m\u00e1s aqu\u00ed!","breadcrumb":{"@id":"https:\/\/www.boxrepsol.com\/es\/vive-tu-moto\/multa-por-no-llevar-la-l\/#breadcrumb"},"inLanguage":"es","potentialAction":[{"@type":"ReadAction","target":["https:\/\/www.boxrepsol.com\/es\/vive-tu-moto\/multa-por-no-llevar-la-l\/"]}]},{"@type":"ImageObject","inLanguage":"es","@id":"https:\/\/www.boxrepsol.com\/es\/vive-tu-moto\/multa-por-no-llevar-la-l\/#primaryimage","url":"https:\/\/bxrepsol.s3.eu-west-1.amazonaws.com\/static\/2024\/04\/25080735\/Foto-7.0.jpg","contentUrl":"https:\/\/bxrepsol.s3.eu-west-1.amazonaws.com\/static\/2024\/04\/25080735\/Foto-7.0.jpg","width":700,"height":350,"caption":"Motos aparcadas en la calle"},{"@type":"BreadcrumbList","@id":"https:\/\/www.boxrepsol.com\/es\/vive-tu-moto\/multa-por-no-llevar-la-l\/#breadcrumb","itemListElement":[{"@type":"ListItem","position":1,"name":"Home","item":"https:\/\/www.boxrepsol.com\/es\/"},{"@type":"ListItem","position":2,"name":"\u00bfCu\u00e1nto es la multa por no llevar la L?"}]},{"@type":"WebSite","@id":"https:\/\/www.boxrepsol.com\/es\/#website","url":"https:\/\/www.boxrepsol.com\/es\/","name":"Box Repsol","description":"Box Repsol Site","publisher":{"@id":"https:\/\/www.boxrepsol.com\/es\/#organization"},"potentialAction":[{"@type":"SearchAction","target":{"@type":"EntryPoint","urlTemplate":"https:\/\/www.boxrepsol.com\/es\/?s={search_term_string}"},"query-input":{"@type":"PropertyValueSpecification","valueRequired":true,"valueName":"search_term_string"}}],"inLanguage":"es"},{"@type":"Organization","@id":"https:\/\/www.boxrepsol.com\/es\/#organization","name":"Box Repsol","url":"https:\/\/www.boxrepsol.com\/es\/","logo":{"@type":"ImageObject","inLanguage":"es","@id":"https:\/\/www.boxrepsol.com\/es\/#\/schema\/logo\/image\/","url":"https:\/\/bxrepsol.s3.eu-west-1.amazonaws.com\/static\/2025\/07\/30083337\/favicon-96x96-1.png","contentUrl":"https:\/\/bxrepsol.s3.eu-west-1.amazonaws.com\/static\/2025\/07\/30083337\/favicon-96x96-1.png","width":96,"height":96,"caption":"Box Repsol"},"image":{"@id":"https:\/\/www.boxrepsol.com\/es\/#\/schema\/logo\/image\/"},"sameAs":["https:\/\/www.facebook.com\/BoxRepsol","https:\/\/x.com\/box_repsol","http:\/\/instagram.com\/box_repsol","https:\/\/www.youtube.com\/user\/RepsolCompeticion","https:\/\/www.flickr.com\/photos\/box_repsol\/"]},{"@type":"Person","@id":"https:\/\/www.boxrepsol.com\/es\/#\/schema\/person\/40c28bf318bbbe8fe3848b194b7385ca","name":"V\u00edctor Gancedo","image":{"@type":"ImageObject","inLanguage":"es","@id":"https:\/\/secure.gravatar.com\/avatar\/cd1439a66fca5d3425cd2a7b13f32cd43e25022a0436c1235ef2a28e14fa660a?s=96&d=mm&r=g","url":"https:\/\/secure.gravatar.com\/avatar\/cd1439a66fca5d3425cd2a7b13f32cd43e25022a0436c1235ef2a28e14fa660a?s=96&d=mm&r=g","contentUrl":"https:\/\/secure.gravatar.com\/avatar\/cd1439a66fca5d3425cd2a7b13f32cd43e25022a0436c1235ef2a28e14fa660a?s=96&d=mm&r=g","caption":"V\u00edctor Gancedo"},"description":"Periodista especializado en el mundo de las motos, V\u00edctor ha probado pr\u00e1cticamente todas las que han salido al mercado desde 1990. En su larga trayectoria, ha desempe\u00f1ado cargos como los de Jefe de Pruebas de la revista Motociclismo o Responsable de Pruebas del \u00c1rea de Motos del Grupo Motorpress-Ib\u00e9rica, hoy llamado Sport Life Ib\u00e9rica, al cual sigue vinculado.","sameAs":["https:\/\/www.instagram.com\/vfgancedo"],"url":"https:\/\/www.boxrepsol.com\/es\/author\/victor_gancedo\/"}]}},"_links":{"self":[{"href":"https:\/\/www.boxrepsol.com\/es\/wp-json\/wp\/v2\/posts\/115379","targetHints":{"allow":["GET"]}}],"collection":[{"href":"https:\/\/www.boxrepsol.com\/es\/wp-json\/wp\/v2\/posts"}],"about":[{"href":"https:\/\/www.boxrepsol.com\/es\/wp-json\/wp\/v2\/types\/post"}],"author":[{"embeddable":true,"href":"https:\/\/www.boxrepsol.com\/es\/wp-json\/wp\/v2\/users\/41267"}],"replies":[{"embeddable":true,"href":"https:\/\/www.boxrepsol.com\/es\/wp-json\/wp\/v2\/comments?post=115379"}],"version-history":[{"count":3,"href":"https:\/\/www.boxrepsol.com\/es\/wp-json\/wp\/v2\/posts\/115379\/revisions"}],"predecessor-version":[{"id":115407,"href":"https:\/\/www.boxrepsol.com\/es\/wp-json\/wp\/v2\/posts\/115379\/revisions\/115407"}],"wp:featuredmedia":[{"embeddable":true,"href":"https:\/\/www.boxrepsol.com\/es\/wp-json\/wp\/v2\/media\/115384"}],"wp:attachment":[{"href":"https:\/\/www.boxrepsol.com\/es\/wp-json\/wp\/v2\/media?parent=115379"}],"wp:term":[{"taxonomy":"category","embeddable":true,"href":"https:\/\/www.boxrepsol.com\/es\/wp-json\/wp\/v2\/categories?post=115379"},{"taxonomy":"post_tag","embeddable":true,"href":"https:\/\/www.boxrepsol.com\/es\/wp-json\/wp\/v2\/tags?post=115379"}],"curies":[{"name":"wp","href":"https:\/\/api.w.org\/{rel}","templated":true}]}}