{"id":114994,"date":"2024-04-15T13:09:45","date_gmt":"2024-04-15T15:09:45","guid":{"rendered":"https:\/\/www.boxrepsol.com\/?p=114994"},"modified":"2025-06-25T09:17:58","modified_gmt":"2025-06-25T11:17:58","slug":"concentracion-motera-lago-sanabria","status":"publish","type":"post","link":"https:\/\/www.boxrepsol.com\/es\/vive-tu-moto\/concentracion-motera-lago-sanabria\/","title":{"rendered":"31\u00aa Concentraci\u00f3n Internacional de Motos Lago de Sanabria"},"content":{"rendered":"<figure style=\"aspect-ratio:16\/9;\" class=\"wp-block-post-featured-image\"><img loading=\"lazy\" decoding=\"async\" width=\"700\" height=\"350\" src=\"https:\/\/bxrepsol.s3.eu-west-1.amazonaws.com\/static\/2024\/04\/15125311\/Foto-portada.jpg\" class=\"attachment-post-thumbnail size-post-thumbnail wp-post-image\" alt=\"Concentraci\u00f3n Sanabria 1\" style=\"width:100%;height:100%;object-fit:cover;\" srcset=\"https:\/\/bxrepsol.s3.eu-west-1.amazonaws.com\/static\/2024\/04\/15125311\/Foto-portada.jpg 700w, https:\/\/bxrepsol.s3.eu-west-1.amazonaws.com\/static\/2024\/04\/15125311\/Foto-portada-300x150.jpg 300w\" sizes=\"auto, (max-width: 700px) 100vw, 700px\" \/><\/figure>\n\n\n<p>Con treinta y un a\u00f1os de vida, la <strong>Concentraci\u00f3n Internacional de Motos Lago de Sanabria<\/strong> se ha convertido en uno de los eventos cl\u00e1sicos del <strong>calendario de mototurismo en Espa\u00f1a<\/strong>.<\/p>\n\n\n\n<div id=\"ez-toc-container\" class=\"ez-toc-v2_0_82_2 counter-hierarchy ez-toc-counter ez-toc-grey ez-toc-container-direction\">\n<div class=\"ez-toc-title-container\">\n<p class=\"ez-toc-title\" style=\"cursor:inherit\">\u00cdndice<\/p>\n<span class=\"ez-toc-title-toggle\"><a href=\"#\" class=\"ez-toc-pull-right ez-toc-btn ez-toc-btn-xs ez-toc-btn-default ez-toc-toggle\" aria-label=\"Toggle Table of Content\"><span class=\"ez-toc-js-icon-con\"><span class=\"\"><span class=\"eztoc-hide\" style=\"display:none;\">Toggle<\/span><span class=\"ez-toc-icon-toggle-span\"><svg style=\"fill: #999;color:#999\" xmlns=\"http:\/\/www.w3.org\/2000\/svg\" class=\"list-377408\" width=\"20px\" height=\"20px\" viewBox=\"0 0 24 24\" fill=\"none\"><path d=\"M6 6H4v2h2V6zm14 0H8v2h12V6zM4 11h2v2H4v-2zm16 0H8v2h12v-2zM4 16h2v2H4v-2zm16 0H8v2h12v-2z\" fill=\"currentColor\"><\/path><\/svg><svg style=\"fill: #999;color:#999\" class=\"arrow-unsorted-368013\" xmlns=\"http:\/\/www.w3.org\/2000\/svg\" width=\"10px\" height=\"10px\" viewBox=\"0 0 24 24\" version=\"1.2\" baseProfile=\"tiny\"><path d=\"M18.2 9.3l-6.2-6.3-6.2 6.3c-.2.2-.3.4-.3.7s.1.5.3.7c.2.2.4.3.7.3h11c.3 0 .5-.1.7-.3.2-.2.3-.5.3-.7s-.1-.5-.3-.7zM5.8 14.7l6.2 6.3 6.2-6.3c.2-.2.3-.5.3-.7s-.1-.5-.3-.7c-.2-.2-.4-.3-.7-.3h-11c-.3 0-.5.1-.7.3-.2.2-.3.5-.3.7s.1.5.3.7z\"\/><\/svg><\/span><\/span><\/span><\/a><\/span><\/div>\n<nav><ul class='ez-toc-list ez-toc-list-level-1 ' ><li class='ez-toc-page-1 ez-toc-heading-level-2'><a class=\"ez-toc-link ez-toc-heading-1\" href=\"https:\/\/www.boxrepsol.com\/es\/vive-tu-moto\/concentracion-motera-lago-sanabria\/#Origen_de_la_Concentracion_Internacional_de_Motos_Lago_de_Sanabria\" >Origen de la Concentraci\u00f3n Internacional de Motos Lago de Sanabria<\/a><\/li><li class='ez-toc-page-1 ez-toc-heading-level-2'><a class=\"ez-toc-link ez-toc-heading-2\" href=\"https:\/\/www.boxrepsol.com\/es\/vive-tu-moto\/concentracion-motera-lago-sanabria\/#Fechas_de_la_concentracion_Lago_de_Sanabria_2025\" >Fechas de la concentraci\u00f3n Lago de Sanabria 2025<\/a><\/li><li class='ez-toc-page-1 ez-toc-heading-level-2'><a class=\"ez-toc-link ez-toc-heading-3\" href=\"https:\/\/www.boxrepsol.com\/es\/vive-tu-moto\/concentracion-motera-lago-sanabria\/#Programacion_de_la_XXXI_Concentracion_Internacional_Lago_de_Sanabria\" >Programaci\u00f3n de la XXXI Concentraci\u00f3n Internacional Lago de Sanabria<\/a><ul class='ez-toc-list-level-3' ><li class='ez-toc-heading-level-3'><a class=\"ez-toc-link ez-toc-heading-4\" href=\"https:\/\/www.boxrepsol.com\/es\/vive-tu-moto\/concentracion-motera-lago-sanabria\/#Viernes_11_de_julio_de_2025\" >Viernes 11 de julio de 2025<\/a><\/li><li class='ez-toc-page-1 ez-toc-heading-level-3'><a class=\"ez-toc-link ez-toc-heading-5\" href=\"https:\/\/www.boxrepsol.com\/es\/vive-tu-moto\/concentracion-motera-lago-sanabria\/#Sabado_12_de_julio_de_2025\" >S\u00e1bado 12 de julio de 2025<\/a><\/li><li class='ez-toc-page-1 ez-toc-heading-level-3'><a class=\"ez-toc-link ez-toc-heading-6\" href=\"https:\/\/www.boxrepsol.com\/es\/vive-tu-moto\/concentracion-motera-lago-sanabria\/#Domingo_13_de_julio_de_2025\" >Domingo 13 de julio de 2025<\/a><\/li><\/ul><\/li><\/ul><\/nav><\/div>\n<h2 class=\"wp-block-heading\"><span class=\"ez-toc-section\" id=\"Origen_de_la_Concentracion_Internacional_de_Motos_Lago_de_Sanabria\"><\/span>Origen de la Concentraci\u00f3n Internacional de Motos Lago de Sanabria<span class=\"ez-toc-section-end\"><\/span><\/h2>\n\n\n\n<p>No son muchos los eventos que pueden decir que <strong>cuentan con m\u00e1s de tres d\u00e9cadas de vida<\/strong>, m\u00e1s de treinta a\u00f1os de existencia a trav\u00e9s de las m\u00e1s diversas circunstancias. La <strong>Concentraci\u00f3n de Motos de Sanabria ech\u00f3 a andar en 1992<\/strong>, y desde entonces se ha abierto hueco en el amplio calendario del mototurismo espa\u00f1ol para asentarse como <strong>una de las citas fundamentales de la temporada<\/strong>.<\/p>\n\n\n<div class=\"wp-block-image\">\n<figure class=\"aligncenter size-full is-resized\"><img loading=\"lazy\" decoding=\"async\" width=\"644\" height=\"900\" src=\"https:\/\/bxrepsol.s3.eu-west-1.amazonaws.com\/static\/2024\/04\/23063421\/cartel-concentracion-motos-sanabria.jpg\" alt=\"Cartel Concentraci\u00f3n motos Sanabria 2025\" class=\"wp-image-126159\" style=\"width:432px;height:auto\" srcset=\"https:\/\/bxrepsol.s3.eu-west-1.amazonaws.com\/static\/2024\/04\/23063421\/cartel-concentracion-motos-sanabria.jpg 644w, https:\/\/bxrepsol.s3.eu-west-1.amazonaws.com\/static\/2024\/04\/23063421\/cartel-concentracion-motos-sanabria-215x300.jpg 215w\" sizes=\"auto, (max-width: 644px) 100vw, 644px\" \/><\/figure>\n<\/div>\n\n\n<p>La <strong>Concentraci\u00f3n Internacional de Motos del Lago de Sanabria<\/strong> recibe visitantes de todos los rincones de Espa\u00f1a y tambi\u00e9n muchos que llegan desde el extranjero, atra\u00eddos por el rico y variado paisaje de esta comarca zamorana.<\/p>\n\n\n\n<h2 class=\"wp-block-heading\"><span class=\"ez-toc-section\" id=\"Fechas_de_la_concentracion_Lago_de_Sanabria_2025\"><\/span>Fechas de la concentraci\u00f3n Lago de Sanabria 2025<span class=\"ez-toc-section-end\"><\/span><\/h2>\n\n\n\n<p>En su 31\u00aa edici\u00f3n, la <a href=\"https:\/\/www.boxrepsol.com\/es\/vive-tu-moto\/concentraciones-festivales-moteros-espana-julio\/\">concentraci\u00f3n motera<\/a> se va a celebrar ya entrado el verano, <strong>los d\u00edas 11, 12 y 13 de julio de 2025, <\/strong>en plena can\u00edcula para buena parte del pa\u00eds, pero el entorno del espectacular lago de Sanabria propicia unas <strong>temperaturas mucho m\u00e1s agradables y llevaderas<\/strong>, que contribuyen a que la experiencia de la concentraci\u00f3n resulte plenamente gratificante para todos sus visitantes. De ah\u00ed la alta frecuencia de viajeros que repiten edici\u00f3n tras edici\u00f3n.<\/p>\n\n\n<div class=\"wp-block-image\">\n<figure class=\"aligncenter size-full\"><img loading=\"lazy\" decoding=\"async\" width=\"600\" height=\"400\" src=\"https:\/\/bxrepsol.s3.eu-west-1.amazonaws.com\/static\/2024\/04\/15130307\/Foto-7-1.jpg\" alt=\"Lago de Sanabria\" class=\"wp-image-115002\" srcset=\"https:\/\/bxrepsol.s3.eu-west-1.amazonaws.com\/static\/2024\/04\/15130307\/Foto-7-1.jpg 600w, https:\/\/bxrepsol.s3.eu-west-1.amazonaws.com\/static\/2024\/04\/15130307\/Foto-7-1-300x200.jpg 300w\" sizes=\"auto, (max-width: 600px) 100vw, 600px\" \/><\/figure>\n<\/div>\n\n\n<p><\/p>\n\n\n\n<h2 class=\"wp-block-heading\"><span class=\"ez-toc-section\" id=\"Programacion_de_la_XXXI_Concentracion_Internacional_Lago_de_Sanabria\"><\/span>Programaci\u00f3n de la XXXI Concentraci\u00f3n Internacional Lago de Sanabria<span class=\"ez-toc-section-end\"><\/span><\/h2>\n\n\n\n<p>A continuaci\u00f3n, desglosamos la <strong>programaci\u00f3n prevista <\/strong>para los tres d\u00edas que tendr\u00e1 lugar el evento en tierras zamoranas. <\/p>\n\n\n\n<h3 class=\"wp-block-heading\"><span class=\"ez-toc-section\" id=\"Viernes_11_de_julio_de_2025\"><\/span>Viernes 11 de julio de 2025<span class=\"ez-toc-section-end\"><\/span><\/h3>\n\n\n\n<ul class=\"wp-block-list\">\n<li><strong>15:00<\/strong> \u2013 Apertura de la zona de acampada<\/li>\n\n\n\n<li><strong>15:00<\/strong> \u2013 Apertura de inscripciones<\/li>\n\n\n\n<li><strong>19:00<\/strong> \u2013 Ruta moto-tur\u00edstica a Barrio de Lomba (32,2 km)\n<ul class=\"wp-block-list\">\n<li>Al finalizar, pincho motero con refresco<\/li>\n<\/ul>\n<\/li>\n\n\n\n<li>Regreso libre<\/li>\n\n\n\n<li><strong>24:00<\/strong> \u2013 Exhibici\u00f3n Stunt Riding (Exhibiciones 666)<\/li>\n\n\n\n<li><strong>00:30 <\/strong>\u2013 Cierre de inscripciones<\/li>\n\n\n\n<li><strong>01:00 <\/strong>\u2013 Macro disco m\u00f3vil con DJ Bodro<\/li>\n<\/ul>\n\n\n<div class=\"wp-block-image\">\n<figure class=\"aligncenter size-full\"><img loading=\"lazy\" decoding=\"async\" width=\"600\" height=\"400\" src=\"https:\/\/bxrepsol.s3.eu-west-1.amazonaws.com\/static\/2024\/04\/15130359\/Foto-5.jpg\" alt=\"Concentraci\u00f3n nocturna en Sanabria\" class=\"wp-image-115004\" srcset=\"https:\/\/bxrepsol.s3.eu-west-1.amazonaws.com\/static\/2024\/04\/15130359\/Foto-5.jpg 600w, https:\/\/bxrepsol.s3.eu-west-1.amazonaws.com\/static\/2024\/04\/15130359\/Foto-5-300x200.jpg 300w\" sizes=\"auto, (max-width: 600px) 100vw, 600px\" \/><\/figure>\n<\/div>\n\n\n<p><\/p>\n\n\n\n<h3 class=\"wp-block-heading\"><span class=\"ez-toc-section\" id=\"Sabado_12_de_julio_de_2025\"><\/span>S\u00e1bado 12 de julio de 2025<span class=\"ez-toc-section-end\"><\/span><\/h3>\n\n\n\n<ul class=\"wp-block-list\">\n<li><strong>10:00<\/strong> \u2013 Apertura de inscripciones<\/li>\n\n\n\n<li><strong>11:15 <\/strong>\u2013 Ruta moto-tur\u00edstica Playa de Villardeciervos (54 km)\n<ul class=\"wp-block-list\">\n<li>Al finalizar, pincho motero con refresco<\/li>\n<\/ul>\n<\/li>\n\n\n\n<li>Regreso libre<\/li>\n\n\n\n<li><strong>16:00<\/strong> \u2013 Actividades en la carpa de la DXT<\/li>\n\n\n\n<li><strong>16:30 <\/strong>\u2013 Entrega de bienvenida a los participantes de la ruta moto-tur\u00edstica solidaria<\/li>\n\n\n\n<li><strong>16:45<\/strong> \u2013 Banda de gaitas Manteos y Monteras<\/li>\n\n\n\n<li><strong>17:00 <\/strong>\u2013 Exhibici\u00f3n Stunt Riding (Exhibiciones 666)<\/li>\n\n\n\n<li><strong>17:15 <\/strong>\u2013 Exhibici\u00f3n Freestyle Motocross (Diogo Ribeiro, Greg Rowbottom, Ricardo Santos)<\/li>\n\n\n\n<li><strong>18:30 a 20:30<\/strong> \u2013 Ca\u00f1a de cerveza en San Mart\u00edn, El Recreo, La Terraza y El Chivitero \/ Limonada Villa Liceras<\/li>\n\n\n\n<li><strong>18:45 <\/strong>\u2013 Charla: Seguridad en moto<\/li>\n\n\n\n<li><strong>19:00<\/strong> \u2013 Exhibici\u00f3n Freestyle Motocross<\/li>\n\n\n\n<li><strong>22:00<\/strong> \u2013 Cierre de inscripciones<\/li>\n\n\n\n<li><strong>23:15 <\/strong>\u2013 Ofrenda a amigos moteros en el monumento de la concentraci\u00f3n<\/li>\n\n\n\n<li><strong>23:30 <\/strong>\u2013 Marcha de antorchas hasta la playa Los Enanos (rico chocolate)<\/li>\n\n\n\n<li><strong>00:30<\/strong> \u2013 Exhibici\u00f3n Stunt Riding (Exhibiciones 666)<\/li>\n\n\n\n<li><strong>01:00<\/strong> \u2013 Macrodiscoteca Alefran 2.0 \u201cHasta que el cuerpo aguante\u201d<\/li>\n<\/ul>\n\n\n<div class=\"wp-block-image\">\n<figure class=\"aligncenter size-full\"><img loading=\"lazy\" decoding=\"async\" width=\"600\" height=\"400\" src=\"https:\/\/bxrepsol.s3.eu-west-1.amazonaws.com\/static\/2024\/04\/15130512\/Foto-3-1.jpg\" alt=\"Comarca de Sanabria\" class=\"wp-image-115008\" srcset=\"https:\/\/bxrepsol.s3.eu-west-1.amazonaws.com\/static\/2024\/04\/15130512\/Foto-3-1.jpg 600w, https:\/\/bxrepsol.s3.eu-west-1.amazonaws.com\/static\/2024\/04\/15130512\/Foto-3-1-300x200.jpg 300w\" sizes=\"auto, (max-width: 600px) 100vw, 600px\" \/><\/figure>\n<\/div>\n\n\n<p><\/p>\n\n\n\n<h3 class=\"wp-block-heading\"><span class=\"ez-toc-section\" id=\"Domingo_13_de_julio_de_2025\"><\/span>Domingo 13 de julio de 2025<span class=\"ez-toc-section-end\"><\/span><\/h3>\n\n\n\n<ul class=\"wp-block-list\">\n<li><strong>10:00<\/strong> \u2013 Toque de diana, nos lavamos la cara y nos vamos<\/li>\n\n\n\n<li><strong>11:30<\/strong> \u2013 Ruta moto-tur\u00edstica a La Alcobilla (17 km)\n<ul class=\"wp-block-list\">\n<li>Al finalizar, pincho motero con refresco<\/li>\n<\/ul>\n<\/li>\n\n\n\n<li>Regreso libre<\/li>\n\n\n\n<li><strong>13:15<\/strong> \u2013 Entrega de trofeos, sorteo de regalos entre los inscritos presentes<\/li>\n\n\n\n<li>Despedida de la concentraci\u00f3n motera de Sanabria 2025<\/li>\n<\/ul>\n\n\n\n<p><\/p>\n","protected":false},"excerpt":{"rendered":"<p>\u00bfEst\u00e1s pensando en asistir a alguna concentraci\u00f3n motera este verano? Del 11 al 13 de julio se celebra la Concentraci\u00f3n Internacional de Motos Lago de Sanabria, uno de los eventos m\u00e1s destacados del calendario en nuestro pa\u00eds. Conoce aqu\u00ed todos los detalles.<\/p>\n","protected":false},"author":41268,"featured_media":114997,"comment_status":"open","ping_status":"open","sticky":false,"template":"","format":"standard","meta":{"footnotes":""},"categories":[122],"tags":[584,460],"class_list":["post-114994","post","type-post","status-publish","format-standard","hentry","category-vive-tu-moto","tag-legado","tag-ruta-motera"],"yoast_head":"<!-- This site is optimized with the Yoast SEO plugin v27.3 - https:\/\/yoast.com\/product\/yoast-seo-wordpress\/ -->\n<title>XXXI Concentraci\u00f3n de Motos Lago de Sanabria - Box Repsol<\/title>\n<meta name=\"description\" content=\"Explora la emoci\u00f3n y la camarader\u00eda en la Concentraci\u00f3n de motos Lago de Sanabria 2025. Descubre su programaci\u00f3n y c\u00f3mo vivir esta experiencia \u00fanica.\" \/>\n<link rel=\"canonical\" href=\"https:\/\/www.boxrepsol.com\/es\/vive-tu-moto\/concentracion-motera-lago-sanabria\/\" \/>\n<meta property=\"og:locale\" content=\"es_ES\" \/>\n<meta property=\"og:type\" content=\"article\" \/>\n<meta property=\"og:title\" content=\"XXXI Concentraci\u00f3n de Motos Lago de Sanabria - Box Repsol\" \/>\n<meta property=\"og:description\" content=\"Explora la emoci\u00f3n y la camarader\u00eda en la Concentraci\u00f3n de motos Lago de Sanabria 2025. Descubre su programaci\u00f3n y c\u00f3mo vivir esta experiencia \u00fanica.\" \/>\n<meta property=\"og:url\" content=\"https:\/\/www.boxrepsol.com\/es\/vive-tu-moto\/concentracion-motera-lago-sanabria\/\" \/>\n<meta property=\"og:site_name\" content=\"Box Repsol\" \/>\n<meta property=\"article:publisher\" content=\"https:\/\/www.facebook.com\/BoxRepsol\" \/>\n<meta property=\"article:published_time\" content=\"2024-04-15T15:09:45+00:00\" \/>\n<meta property=\"article:modified_time\" content=\"2025-06-25T11:17:58+00:00\" \/>\n<meta property=\"og:image\" content=\"https:\/\/bxrepsol.s3.eu-west-1.amazonaws.com\/static\/2024\/04\/15125311\/Foto-portada.jpg\" \/>\n\t<meta property=\"og:image:width\" content=\"700\" \/>\n\t<meta property=\"og:image:height\" content=\"350\" \/>\n\t<meta property=\"og:image:type\" content=\"image\/jpeg\" \/>\n<meta name=\"author\" content=\"Juan Pedro de la Torre\" \/>\n<meta name=\"twitter:card\" content=\"summary_large_image\" \/>\n<meta name=\"twitter:creator\" content=\"@https:\/\/twitter.com\/JPdelaTorre1965\" \/>\n<meta name=\"twitter:site\" content=\"@box_repsol\" \/>\n<meta name=\"twitter:label1\" content=\"Written by\" \/>\n\t<meta name=\"twitter:data1\" content=\"Juan Pedro de la Torre\" \/>\n\t<meta name=\"twitter:label2\" content=\"Est. reading time\" \/>\n\t<meta name=\"twitter:data2\" content=\"2 minutos\" \/>\n<script type=\"application\/ld+json\" class=\"yoast-schema-graph\">{\"@context\":\"https:\\\/\\\/schema.org\",\"@graph\":[{\"@type\":\"Article\",\"@id\":\"https:\\\/\\\/www.boxrepsol.com\\\/es\\\/vive-tu-moto\\\/concentracion-motera-lago-sanabria\\\/#article\",\"isPartOf\":{\"@id\":\"https:\\\/\\\/www.boxrepsol.com\\\/es\\\/vive-tu-moto\\\/concentracion-motera-lago-sanabria\\\/\"},\"author\":{\"name\":\"Juan Pedro de la Torre\",\"@id\":\"https:\\\/\\\/www.boxrepsol.com\\\/es\\\/#\\\/schema\\\/person\\\/26abce1d675df22d63ac9e9d5f23e4aa\"},\"headline\":\"31\u00aa Concentraci\u00f3n Internacional de Motos Lago de Sanabria\",\"datePublished\":\"2024-04-15T15:09:45+00:00\",\"dateModified\":\"2025-06-25T11:17:58+00:00\",\"mainEntityOfPage\":{\"@id\":\"https:\\\/\\\/www.boxrepsol.com\\\/es\\\/vive-tu-moto\\\/concentracion-motera-lago-sanabria\\\/\"},\"wordCount\":504,\"commentCount\":2,\"publisher\":{\"@id\":\"https:\\\/\\\/www.boxrepsol.com\\\/es\\\/#organization\"},\"image\":{\"@id\":\"https:\\\/\\\/www.boxrepsol.com\\\/es\\\/vive-tu-moto\\\/concentracion-motera-lago-sanabria\\\/#primaryimage\"},\"thumbnailUrl\":\"https:\\\/\\\/bxrepsol.s3.eu-west-1.amazonaws.com\\\/static\\\/2024\\\/04\\\/15125311\\\/Foto-portada.jpg\",\"keywords\":[\"legado\",\"ruta motera\"],\"articleSection\":[\"Vive tu moto\"],\"inLanguage\":\"es\",\"potentialAction\":[{\"@type\":\"CommentAction\",\"name\":\"Comment\",\"target\":[\"https:\\\/\\\/www.boxrepsol.com\\\/es\\\/vive-tu-moto\\\/concentracion-motera-lago-sanabria\\\/#respond\"]}]},{\"@type\":\"WebPage\",\"@id\":\"https:\\\/\\\/www.boxrepsol.com\\\/es\\\/vive-tu-moto\\\/concentracion-motera-lago-sanabria\\\/\",\"url\":\"https:\\\/\\\/www.boxrepsol.com\\\/es\\\/vive-tu-moto\\\/concentracion-motera-lago-sanabria\\\/\",\"name\":\"XXXI Concentraci\u00f3n de Motos Lago de Sanabria - Box Repsol\",\"isPartOf\":{\"@id\":\"https:\\\/\\\/www.boxrepsol.com\\\/es\\\/#website\"},\"primaryImageOfPage\":{\"@id\":\"https:\\\/\\\/www.boxrepsol.com\\\/es\\\/vive-tu-moto\\\/concentracion-motera-lago-sanabria\\\/#primaryimage\"},\"image\":{\"@id\":\"https:\\\/\\\/www.boxrepsol.com\\\/es\\\/vive-tu-moto\\\/concentracion-motera-lago-sanabria\\\/#primaryimage\"},\"thumbnailUrl\":\"https:\\\/\\\/bxrepsol.s3.eu-west-1.amazonaws.com\\\/static\\\/2024\\\/04\\\/15125311\\\/Foto-portada.jpg\",\"datePublished\":\"2024-04-15T15:09:45+00:00\",\"dateModified\":\"2025-06-25T11:17:58+00:00\",\"description\":\"Explora la emoci\u00f3n y la camarader\u00eda en la Concentraci\u00f3n de motos Lago de Sanabria 2025. Descubre su programaci\u00f3n y c\u00f3mo vivir esta experiencia \u00fanica.\",\"breadcrumb\":{\"@id\":\"https:\\\/\\\/www.boxrepsol.com\\\/es\\\/vive-tu-moto\\\/concentracion-motera-lago-sanabria\\\/#breadcrumb\"},\"inLanguage\":\"es\",\"potentialAction\":[{\"@type\":\"ReadAction\",\"target\":[\"https:\\\/\\\/www.boxrepsol.com\\\/es\\\/vive-tu-moto\\\/concentracion-motera-lago-sanabria\\\/\"]}]},{\"@type\":\"ImageObject\",\"inLanguage\":\"es\",\"@id\":\"https:\\\/\\\/www.boxrepsol.com\\\/es\\\/vive-tu-moto\\\/concentracion-motera-lago-sanabria\\\/#primaryimage\",\"url\":\"https:\\\/\\\/bxrepsol.s3.eu-west-1.amazonaws.com\\\/static\\\/2024\\\/04\\\/15125311\\\/Foto-portada.jpg\",\"contentUrl\":\"https:\\\/\\\/bxrepsol.s3.eu-west-1.amazonaws.com\\\/static\\\/2024\\\/04\\\/15125311\\\/Foto-portada.jpg\",\"width\":700,\"height\":350,\"caption\":\"Concentraci\u00f3n Sanabria 1\"},{\"@type\":\"BreadcrumbList\",\"@id\":\"https:\\\/\\\/www.boxrepsol.com\\\/es\\\/vive-tu-moto\\\/concentracion-motera-lago-sanabria\\\/#breadcrumb\",\"itemListElement\":[{\"@type\":\"ListItem\",\"position\":1,\"name\":\"Home\",\"item\":\"https:\\\/\\\/www.boxrepsol.com\\\/es\\\/\"},{\"@type\":\"ListItem\",\"position\":2,\"name\":\"31\u00aa Concentraci\u00f3n Internacional de Motos Lago de Sanabria\"}]},{\"@type\":\"WebSite\",\"@id\":\"https:\\\/\\\/www.boxrepsol.com\\\/es\\\/#website\",\"url\":\"https:\\\/\\\/www.boxrepsol.com\\\/es\\\/\",\"name\":\"Box Repsol\",\"description\":\"Box Repsol Site\",\"publisher\":{\"@id\":\"https:\\\/\\\/www.boxrepsol.com\\\/es\\\/#organization\"},\"potentialAction\":[{\"@type\":\"SearchAction\",\"target\":{\"@type\":\"EntryPoint\",\"urlTemplate\":\"https:\\\/\\\/www.boxrepsol.com\\\/es\\\/?s={search_term_string}\"},\"query-input\":{\"@type\":\"PropertyValueSpecification\",\"valueRequired\":true,\"valueName\":\"search_term_string\"}}],\"inLanguage\":\"es\"},{\"@type\":\"Organization\",\"@id\":\"https:\\\/\\\/www.boxrepsol.com\\\/es\\\/#organization\",\"name\":\"Box Repsol\",\"url\":\"https:\\\/\\\/www.boxrepsol.com\\\/es\\\/\",\"logo\":{\"@type\":\"ImageObject\",\"inLanguage\":\"es\",\"@id\":\"https:\\\/\\\/www.boxrepsol.com\\\/es\\\/#\\\/schema\\\/logo\\\/image\\\/\",\"url\":\"https:\\\/\\\/bxrepsol.s3.eu-west-1.amazonaws.com\\\/static\\\/2025\\\/07\\\/30083337\\\/favicon-96x96-1.png\",\"contentUrl\":\"https:\\\/\\\/bxrepsol.s3.eu-west-1.amazonaws.com\\\/static\\\/2025\\\/07\\\/30083337\\\/favicon-96x96-1.png\",\"width\":96,\"height\":96,\"caption\":\"Box Repsol\"},\"image\":{\"@id\":\"https:\\\/\\\/www.boxrepsol.com\\\/es\\\/#\\\/schema\\\/logo\\\/image\\\/\"},\"sameAs\":[\"https:\\\/\\\/www.facebook.com\\\/BoxRepsol\",\"https:\\\/\\\/x.com\\\/box_repsol\",\"http:\\\/\\\/instagram.com\\\/box_repsol\",\"https:\\\/\\\/www.youtube.com\\\/user\\\/RepsolCompeticion\",\"https:\\\/\\\/www.flickr.com\\\/photos\\\/box_repsol\\\/\"]},{\"@type\":\"Person\",\"@id\":\"https:\\\/\\\/www.boxrepsol.com\\\/es\\\/#\\\/schema\\\/person\\\/26abce1d675df22d63ac9e9d5f23e4aa\",\"name\":\"Juan Pedro de la Torre\",\"image\":{\"@type\":\"ImageObject\",\"inLanguage\":\"es\",\"@id\":\"https:\\\/\\\/secure.gravatar.com\\\/avatar\\\/e81f780ee2930d7be330cb34304decf0e9bc66bec0158805a0fe2726f4517224?s=96&d=mm&r=g\",\"url\":\"https:\\\/\\\/secure.gravatar.com\\\/avatar\\\/e81f780ee2930d7be330cb34304decf0e9bc66bec0158805a0fe2726f4517224?s=96&d=mm&r=g\",\"contentUrl\":\"https:\\\/\\\/secure.gravatar.com\\\/avatar\\\/e81f780ee2930d7be330cb34304decf0e9bc66bec0158805a0fe2726f4517224?s=96&d=mm&r=g\",\"caption\":\"Juan Pedro de la Torre\"},\"description\":\"Se inici\u00f3 en el diario Marca en 1988 y posteriormente pas\u00f3 a la revista Motociclismo, donde llegar\u00eda a ser director de deporte. Despu\u00e9s fue editor y director de Motoworld.es y Sport Bikes y colabor\u00f3 con varios medios. Adem\u00e1s, ha publicado una docena de libros y actualmente trabaja como colaborador para Motociclismo, El Confidencial y Box Repsol.\",\"sameAs\":[\"https:\\\/\\\/x.com\\\/https:\\\/\\\/twitter.com\\\/JPdelaTorre1965\",\"https:\\\/\\\/youtube.com\\\/@juanpedrodelatorremotoworld\"],\"url\":\"https:\\\/\\\/www.boxrepsol.com\\\/es\\\/author\\\/juanpedro_delatorre\\\/\"}]}<\/script>\n<!-- \/ Yoast SEO plugin. -->","yoast_head_json":{"title":"XXXI Concentraci\u00f3n de Motos Lago de Sanabria - Box Repsol","description":"Explora la emoci\u00f3n y la camarader\u00eda en la Concentraci\u00f3n de motos Lago de Sanabria 2025. Descubre su programaci\u00f3n y c\u00f3mo vivir esta experiencia \u00fanica.","canonical":"https:\/\/www.boxrepsol.com\/es\/vive-tu-moto\/concentracion-motera-lago-sanabria\/","og_locale":"es_ES","og_type":"article","og_title":"XXXI Concentraci\u00f3n de Motos Lago de Sanabria - Box Repsol","og_description":"Explora la emoci\u00f3n y la camarader\u00eda en la Concentraci\u00f3n de motos Lago de Sanabria 2025. Descubre su programaci\u00f3n y c\u00f3mo vivir esta experiencia \u00fanica.","og_url":"https:\/\/www.boxrepsol.com\/es\/vive-tu-moto\/concentracion-motera-lago-sanabria\/","og_site_name":"Box Repsol","article_publisher":"https:\/\/www.facebook.com\/BoxRepsol","article_published_time":"2024-04-15T15:09:45+00:00","article_modified_time":"2025-06-25T11:17:58+00:00","og_image":[{"width":700,"height":350,"url":"https:\/\/bxrepsol.s3.eu-west-1.amazonaws.com\/static\/2024\/04\/15125311\/Foto-portada.jpg","type":"image\/jpeg"}],"author":"Juan Pedro de la Torre","twitter_card":"summary_large_image","twitter_creator":"@https:\/\/twitter.com\/JPdelaTorre1965","twitter_site":"@box_repsol","twitter_misc":{"Written by":"Juan Pedro de la Torre","Est. reading time":"2 minutos"},"schema":{"@context":"https:\/\/schema.org","@graph":[{"@type":"Article","@id":"https:\/\/www.boxrepsol.com\/es\/vive-tu-moto\/concentracion-motera-lago-sanabria\/#article","isPartOf":{"@id":"https:\/\/www.boxrepsol.com\/es\/vive-tu-moto\/concentracion-motera-lago-sanabria\/"},"author":{"name":"Juan Pedro de la Torre","@id":"https:\/\/www.boxrepsol.com\/es\/#\/schema\/person\/26abce1d675df22d63ac9e9d5f23e4aa"},"headline":"31\u00aa Concentraci\u00f3n Internacional de Motos Lago de Sanabria","datePublished":"2024-04-15T15:09:45+00:00","dateModified":"2025-06-25T11:17:58+00:00","mainEntityOfPage":{"@id":"https:\/\/www.boxrepsol.com\/es\/vive-tu-moto\/concentracion-motera-lago-sanabria\/"},"wordCount":504,"commentCount":2,"publisher":{"@id":"https:\/\/www.boxrepsol.com\/es\/#organization"},"image":{"@id":"https:\/\/www.boxrepsol.com\/es\/vive-tu-moto\/concentracion-motera-lago-sanabria\/#primaryimage"},"thumbnailUrl":"https:\/\/bxrepsol.s3.eu-west-1.amazonaws.com\/static\/2024\/04\/15125311\/Foto-portada.jpg","keywords":["legado","ruta motera"],"articleSection":["Vive tu moto"],"inLanguage":"es","potentialAction":[{"@type":"CommentAction","name":"Comment","target":["https:\/\/www.boxrepsol.com\/es\/vive-tu-moto\/concentracion-motera-lago-sanabria\/#respond"]}]},{"@type":"WebPage","@id":"https:\/\/www.boxrepsol.com\/es\/vive-tu-moto\/concentracion-motera-lago-sanabria\/","url":"https:\/\/www.boxrepsol.com\/es\/vive-tu-moto\/concentracion-motera-lago-sanabria\/","name":"XXXI Concentraci\u00f3n de Motos Lago de Sanabria - Box Repsol","isPartOf":{"@id":"https:\/\/www.boxrepsol.com\/es\/#website"},"primaryImageOfPage":{"@id":"https:\/\/www.boxrepsol.com\/es\/vive-tu-moto\/concentracion-motera-lago-sanabria\/#primaryimage"},"image":{"@id":"https:\/\/www.boxrepsol.com\/es\/vive-tu-moto\/concentracion-motera-lago-sanabria\/#primaryimage"},"thumbnailUrl":"https:\/\/bxrepsol.s3.eu-west-1.amazonaws.com\/static\/2024\/04\/15125311\/Foto-portada.jpg","datePublished":"2024-04-15T15:09:45+00:00","dateModified":"2025-06-25T11:17:58+00:00","description":"Explora la emoci\u00f3n y la camarader\u00eda en la Concentraci\u00f3n de motos Lago de Sanabria 2025. Descubre su programaci\u00f3n y c\u00f3mo vivir esta experiencia \u00fanica.","breadcrumb":{"@id":"https:\/\/www.boxrepsol.com\/es\/vive-tu-moto\/concentracion-motera-lago-sanabria\/#breadcrumb"},"inLanguage":"es","potentialAction":[{"@type":"ReadAction","target":["https:\/\/www.boxrepsol.com\/es\/vive-tu-moto\/concentracion-motera-lago-sanabria\/"]}]},{"@type":"ImageObject","inLanguage":"es","@id":"https:\/\/www.boxrepsol.com\/es\/vive-tu-moto\/concentracion-motera-lago-sanabria\/#primaryimage","url":"https:\/\/bxrepsol.s3.eu-west-1.amazonaws.com\/static\/2024\/04\/15125311\/Foto-portada.jpg","contentUrl":"https:\/\/bxrepsol.s3.eu-west-1.amazonaws.com\/static\/2024\/04\/15125311\/Foto-portada.jpg","width":700,"height":350,"caption":"Concentraci\u00f3n Sanabria 1"},{"@type":"BreadcrumbList","@id":"https:\/\/www.boxrepsol.com\/es\/vive-tu-moto\/concentracion-motera-lago-sanabria\/#breadcrumb","itemListElement":[{"@type":"ListItem","position":1,"name":"Home","item":"https:\/\/www.boxrepsol.com\/es\/"},{"@type":"ListItem","position":2,"name":"31\u00aa Concentraci\u00f3n Internacional de Motos Lago de Sanabria"}]},{"@type":"WebSite","@id":"https:\/\/www.boxrepsol.com\/es\/#website","url":"https:\/\/www.boxrepsol.com\/es\/","name":"Box Repsol","description":"Box Repsol Site","publisher":{"@id":"https:\/\/www.boxrepsol.com\/es\/#organization"},"potentialAction":[{"@type":"SearchAction","target":{"@type":"EntryPoint","urlTemplate":"https:\/\/www.boxrepsol.com\/es\/?s={search_term_string}"},"query-input":{"@type":"PropertyValueSpecification","valueRequired":true,"valueName":"search_term_string"}}],"inLanguage":"es"},{"@type":"Organization","@id":"https:\/\/www.boxrepsol.com\/es\/#organization","name":"Box Repsol","url":"https:\/\/www.boxrepsol.com\/es\/","logo":{"@type":"ImageObject","inLanguage":"es","@id":"https:\/\/www.boxrepsol.com\/es\/#\/schema\/logo\/image\/","url":"https:\/\/bxrepsol.s3.eu-west-1.amazonaws.com\/static\/2025\/07\/30083337\/favicon-96x96-1.png","contentUrl":"https:\/\/bxrepsol.s3.eu-west-1.amazonaws.com\/static\/2025\/07\/30083337\/favicon-96x96-1.png","width":96,"height":96,"caption":"Box Repsol"},"image":{"@id":"https:\/\/www.boxrepsol.com\/es\/#\/schema\/logo\/image\/"},"sameAs":["https:\/\/www.facebook.com\/BoxRepsol","https:\/\/x.com\/box_repsol","http:\/\/instagram.com\/box_repsol","https:\/\/www.youtube.com\/user\/RepsolCompeticion","https:\/\/www.flickr.com\/photos\/box_repsol\/"]},{"@type":"Person","@id":"https:\/\/www.boxrepsol.com\/es\/#\/schema\/person\/26abce1d675df22d63ac9e9d5f23e4aa","name":"Juan Pedro de la Torre","image":{"@type":"ImageObject","inLanguage":"es","@id":"https:\/\/secure.gravatar.com\/avatar\/e81f780ee2930d7be330cb34304decf0e9bc66bec0158805a0fe2726f4517224?s=96&d=mm&r=g","url":"https:\/\/secure.gravatar.com\/avatar\/e81f780ee2930d7be330cb34304decf0e9bc66bec0158805a0fe2726f4517224?s=96&d=mm&r=g","contentUrl":"https:\/\/secure.gravatar.com\/avatar\/e81f780ee2930d7be330cb34304decf0e9bc66bec0158805a0fe2726f4517224?s=96&d=mm&r=g","caption":"Juan Pedro de la Torre"},"description":"Se inici\u00f3 en el diario Marca en 1988 y posteriormente pas\u00f3 a la revista Motociclismo, donde llegar\u00eda a ser director de deporte. Despu\u00e9s fue editor y director de Motoworld.es y Sport Bikes y colabor\u00f3 con varios medios. Adem\u00e1s, ha publicado una docena de libros y actualmente trabaja como colaborador para Motociclismo, El Confidencial y Box Repsol.","sameAs":["https:\/\/x.com\/https:\/\/twitter.com\/JPdelaTorre1965","https:\/\/youtube.com\/@juanpedrodelatorremotoworld"],"url":"https:\/\/www.boxrepsol.com\/es\/author\/juanpedro_delatorre\/"}]}},"_links":{"self":[{"href":"https:\/\/www.boxrepsol.com\/es\/wp-json\/wp\/v2\/posts\/114994","targetHints":{"allow":["GET"]}}],"collection":[{"href":"https:\/\/www.boxrepsol.com\/es\/wp-json\/wp\/v2\/posts"}],"about":[{"href":"https:\/\/www.boxrepsol.com\/es\/wp-json\/wp\/v2\/types\/post"}],"author":[{"embeddable":true,"href":"https:\/\/www.boxrepsol.com\/es\/wp-json\/wp\/v2\/users\/41268"}],"replies":[{"embeddable":true,"href":"https:\/\/www.boxrepsol.com\/es\/wp-json\/wp\/v2\/comments?post=114994"}],"version-history":[{"count":8,"href":"https:\/\/www.boxrepsol.com\/es\/wp-json\/wp\/v2\/posts\/114994\/revisions"}],"predecessor-version":[{"id":126163,"href":"https:\/\/www.boxrepsol.com\/es\/wp-json\/wp\/v2\/posts\/114994\/revisions\/126163"}],"wp:featuredmedia":[{"embeddable":true,"href":"https:\/\/www.boxrepsol.com\/es\/wp-json\/wp\/v2\/media\/114997"}],"wp:attachment":[{"href":"https:\/\/www.boxrepsol.com\/es\/wp-json\/wp\/v2\/media?parent=114994"}],"wp:term":[{"taxonomy":"category","embeddable":true,"href":"https:\/\/www.boxrepsol.com\/es\/wp-json\/wp\/v2\/categories?post=114994"},{"taxonomy":"post_tag","embeddable":true,"href":"https:\/\/www.boxrepsol.com\/es\/wp-json\/wp\/v2\/tags?post=114994"}],"curies":[{"name":"wp","href":"https:\/\/api.w.org\/{rel}","templated":true}]}}