{"id":114610,"date":"2024-04-08T09:46:26","date_gmt":"2024-04-08T11:46:26","guid":{"rendered":"https:\/\/www.boxrepsol.com\/?p=114610"},"modified":"2025-09-04T12:39:09","modified_gmt":"2025-09-04T14:39:09","slug":"ruta-transcantabrica-moto","status":"publish","type":"post","link":"https:\/\/www.boxrepsol.com\/es\/cultura-motera\/ruta-transcantabrica-moto\/","title":{"rendered":"Transcant\u00e1brica en moto: ruta, etapas y recorrido"},"content":{"rendered":"<figure style=\"aspect-ratio:16\/9;\" class=\"wp-block-post-featured-image\"><img loading=\"lazy\" decoding=\"async\" width=\"700\" height=\"350\" src=\"https:\/\/bxrepsol.s3.eu-west-1.amazonaws.com\/static\/2024\/04\/08094203\/E1.jpg\" class=\"attachment-post-thumbnail size-post-thumbnail wp-post-image\" alt=\"\" style=\"width:100%;height:100%;object-fit:cover;\" srcset=\"https:\/\/bxrepsol.s3.eu-west-1.amazonaws.com\/static\/2024\/04\/08094203\/E1.jpg 700w, https:\/\/bxrepsol.s3.eu-west-1.amazonaws.com\/static\/2024\/04\/08094203\/E1-300x150.jpg 300w\" sizes=\"auto, (max-width: 700px) 100vw, 700px\" \/><\/figure>\n\n\n<p class=\"has-text-align-right\">Foto: revista Motoclismo<\/p>\n\n\n\n<p>Quiz\u00e1s no tiene la fama de los Pirineos, pero existen una gran cantidad de <a href=\"https:\/\/www.boxrepsol.com\/es\/vive-tu-moto\/rutas-de-moto-por-cantabria\/\">rutas por la Cordillera Cant\u00e1brica<\/a> que son un aut\u00e9ntico para\u00edso para disfrutar a los mandos de una moto. Sus reviradas carreteras, <strong>con m\u00faltiples puertos de monta\u00f1a y paisajes impresionantes<\/strong>, poco o nada tienen que envidiar a los de la cadena monta\u00f1osa que separa Espa\u00f1a de Francia.<\/p>\n\n\n\n<p><strong><div id=\"ez-toc-container\" class=\"ez-toc-v2_0_82_2 counter-hierarchy ez-toc-counter ez-toc-grey ez-toc-container-direction\">\n<div class=\"ez-toc-title-container\">\n<p class=\"ez-toc-title\" style=\"cursor:inherit\">\u00cdndice<\/p>\n<span class=\"ez-toc-title-toggle\"><a href=\"#\" class=\"ez-toc-pull-right ez-toc-btn ez-toc-btn-xs ez-toc-btn-default ez-toc-toggle\" aria-label=\"Toggle Table of Content\"><span class=\"ez-toc-js-icon-con\"><span class=\"\"><span class=\"eztoc-hide\" style=\"display:none;\">Toggle<\/span><span class=\"ez-toc-icon-toggle-span\"><svg style=\"fill: #999;color:#999\" xmlns=\"http:\/\/www.w3.org\/2000\/svg\" class=\"list-377408\" width=\"20px\" height=\"20px\" viewBox=\"0 0 24 24\" fill=\"none\"><path d=\"M6 6H4v2h2V6zm14 0H8v2h12V6zM4 11h2v2H4v-2zm16 0H8v2h12v-2zM4 16h2v2H4v-2zm16 0H8v2h12v-2z\" fill=\"currentColor\"><\/path><\/svg><svg style=\"fill: #999;color:#999\" class=\"arrow-unsorted-368013\" xmlns=\"http:\/\/www.w3.org\/2000\/svg\" width=\"10px\" height=\"10px\" viewBox=\"0 0 24 24\" version=\"1.2\" baseProfile=\"tiny\"><path d=\"M18.2 9.3l-6.2-6.3-6.2 6.3c-.2.2-.3.4-.3.7s.1.5.3.7c.2.2.4.3.7.3h11c.3 0 .5-.1.7-.3.2-.2.3-.5.3-.7s-.1-.5-.3-.7zM5.8 14.7l6.2 6.3 6.2-6.3c.2-.2.3-.5.3-.7s-.1-.5-.3-.7c-.2-.2-.4-.3-.7-.3h-11c-.3 0-.5.1-.7.3-.2.2-.3.5-.3.7s.1.5.3.7z\"\/><\/svg><\/span><\/span><\/span><\/a><\/span><\/div>\n<nav><ul class='ez-toc-list ez-toc-list-level-1 ' ><li class='ez-toc-page-1 ez-toc-heading-level-2'><a class=\"ez-toc-link ez-toc-heading-1\" href=\"https:\/\/www.boxrepsol.com\/es\/cultura-motera\/ruta-transcantabrica-moto\/#%C2%BFCuanto_dura_la_ruta_transcantabrica_en_moto\" >\u00bfCu\u00e1nto dura la ruta transcant\u00e1brica en moto?<\/a><\/li><li class='ez-toc-page-1 ez-toc-heading-level-2'><a class=\"ez-toc-link ez-toc-heading-2\" href=\"https:\/\/www.boxrepsol.com\/es\/cultura-motera\/ruta-transcantabrica-moto\/#Etapas_de_la_Transcantabrica\" >Etapas de la Transcant\u00e1brica<\/a><ul class='ez-toc-list-level-3' ><li class='ez-toc-heading-level-3'><a class=\"ez-toc-link ez-toc-heading-3\" href=\"https:\/\/www.boxrepsol.com\/es\/cultura-motera\/ruta-transcantabrica-moto\/#Aguilar_de_Campoo-Teverga_5_h_17_mim_%E2%80%93_284_km\" >Aguilar de Campoo-Teverga (5 h 17 mim \u2013 284 km)<\/a><\/li><li class='ez-toc-page-1 ez-toc-heading-level-3'><a class=\"ez-toc-link ez-toc-heading-4\" href=\"https:\/\/www.boxrepsol.com\/es\/cultura-motera\/ruta-transcantabrica-moto\/#Teverga-Lugo_5_h_38_min_%E2%80%93_290_km\" >Teverga-Lugo (5 h 38 min \u2013 290 km)<\/a><\/li><\/ul><\/li><\/ul><\/nav><\/div>\n<\/strong><\/p>\n\n\n\n<p>La Cordillera Cant\u00e1brica es una formaci\u00f3n monta\u00f1osa que <strong>se localiza en el norte de la pen\u00ednsula ib\u00e9rica<\/strong> y que discurre paralela al mar Cant\u00e1brico. Aunque existen algunas discrepancias acerca de su extensi\u00f3n, hoy en d\u00eda se considera que la cordillera comienza al este entre Cantabria y Palencia, y termina al oeste en Lugo, con Le\u00f3n y Asturias en su zona central. De este modo, <strong>se extiende por cinco provincias y hasta cuatro comunidades<\/strong> distintas.<\/p>\n\n\n\n<p><\/p>\n\n\n\n<h2 class=\"wp-block-heading\"><span class=\"ez-toc-section\" id=\"%C2%BFCuanto_dura_la_ruta_transcantabrica_en_moto\"><\/span>\u00bfCu\u00e1nto dura la ruta transcant\u00e1brica en moto?<span class=\"ez-toc-section-end\"><\/span><\/h2>\n\n\n\n<p>Para recorrerla en moto, lo correcto es <strong>emplear un<\/strong> <strong>m\u00ednimo de dos d\u00edas<\/strong>, aunque es cierto que, si quieres conocerla en profundidad y coronar todos sus puertos, deber\u00e1s destinar m\u00e1s d\u00edas.<\/p>\n\n\n\n<p>De todos modos, la ruta transcant\u00e1brica que te proponemos, <strong>empieza en la localidad palentina de Aguilar de Campoo y termina en la ciudad de Lugo<\/strong>, es muy variada y transcurre por los que hemos considerado como los lugares m\u00e1s emblem\u00e1ticos de la cordillera.<\/p>\n\n\n<div class=\"wp-block-image\">\n<figure class=\"aligncenter size-full\"><img loading=\"lazy\" decoding=\"async\" width=\"600\" height=\"400\" src=\"https:\/\/bxrepsol.s3.eu-west-1.amazonaws.com\/static\/2024\/04\/08094209\/E2.jpg\" alt=\"Moto en ruta por Palencia\" class=\"wp-image-114617\" srcset=\"https:\/\/bxrepsol.s3.eu-west-1.amazonaws.com\/static\/2024\/04\/08094209\/E2.jpg 600w, https:\/\/bxrepsol.s3.eu-west-1.amazonaws.com\/static\/2024\/04\/08094209\/E2-300x200.jpg 300w\" sizes=\"auto, (max-width: 600px) 100vw, 600px\" \/><\/figure>\n<\/div>\n\n\n<p>Con cerca de <strong>300 km cada d\u00eda y m\u00e1s de 5 horas sobre la moto<\/strong>, de acuerdo a lo que indica Google Maps, te aseguramos que vas a quedar m\u00e1s que satisfecho y contento al final de cada una de las dos jornadas. Para pernoctar entre el primer y segundo d\u00eda hemos escogido <strong>San Mart\u00edn de Teverga<\/strong>, un pueblo asturiano que no es especialmente grande, pero que posee todos los servicios, con <strong>buenos restaurantes y distintos alojamientos en los que dormir<\/strong>. Del mismo modo, te aconsejamos que <a href=\"https:\/\/www.boxrepsol.com\/es\/vive-tu-moto\/10-consejos-para-salir-de-ruta-en-moto\/\">prepares tu moto para la ruta<\/a> y que cada jornada la dividas como m\u00ednimo en dos partes e incluso en tres, y para ello te vamos a recomendar algunos sitios para comer o tomar un caf\u00e9.\u00a0\u00a0<\/p>\n\n\n\n<h2 class=\"wp-block-heading\"><span class=\"ez-toc-section\" id=\"Etapas_de_la_Transcantabrica\"><\/span>Etapas de la Transcant\u00e1brica<span class=\"ez-toc-section-end\"><\/span><\/h2>\n\n\n\n<p>Como has podido leer, en el itinerario que hemos trazado <strong>no est\u00e1n incluidos todos los puertos<\/strong> o altos de monta\u00f1a de la cordillera, pero <strong>s\u00ed<\/strong> <strong>la mayor\u00eda de los m\u00e1s emblem\u00e1ticos<\/strong> como San Glorio, Tarna, Las Se\u00f1ales, San Isidro o La Cobertoria, incluidos en la ruta del primer d\u00eda, y San Lorenzo, Somiedo, Leitariegos o el Acebo, en la del segundo.<\/p>\n\n\n<div class=\"wp-block-image\">\n<figure class=\"aligncenter size-full\"><img loading=\"lazy\" decoding=\"async\" width=\"600\" height=\"402\" src=\"https:\/\/bxrepsol.s3.eu-west-1.amazonaws.com\/static\/2024\/04\/08094212\/E3.jpg\" alt=\"Puerto de Las Se\u00f1ales\" class=\"wp-image-114619\" srcset=\"https:\/\/bxrepsol.s3.eu-west-1.amazonaws.com\/static\/2024\/04\/08094212\/E3.jpg 600w, https:\/\/bxrepsol.s3.eu-west-1.amazonaws.com\/static\/2024\/04\/08094212\/E3-300x201.jpg 300w\" sizes=\"auto, (max-width: 600px) 100vw, 600px\" \/><\/figure>\n<\/div>\n\n\n<p>Para realizar esta ruta debes tener en cuenta que la Cordillera Cant\u00e1brica es <strong>una de las zonas m\u00e1s fr\u00edas y h\u00famedas<\/strong> de Espa\u00f1a, por lo que es recomendable que planees este viaje para hacerlo <strong>entre mayo y septiembre<\/strong>, siendo los meses de junio y julio los m\u00e1s apropiados. Aun as\u00ed, tienes que saber que a\u00fan en pleno verano las temperaturas nocturnas pueden descender por debajo de los 10 \u00b0C y no es improbable que llueva en alg\u00fan momento.<\/p>\n\n\n<div class=\"wp-block-image\">\n<figure class=\"aligncenter size-full\"><img loading=\"lazy\" decoding=\"async\" width=\"600\" height=\"400\" src=\"https:\/\/bxrepsol.s3.eu-west-1.amazonaws.com\/static\/2024\/04\/08094215\/E4.jpg\" alt=\"Vacas en la carretera\" class=\"wp-image-114621\" srcset=\"https:\/\/bxrepsol.s3.eu-west-1.amazonaws.com\/static\/2024\/04\/08094215\/E4.jpg 600w, https:\/\/bxrepsol.s3.eu-west-1.amazonaws.com\/static\/2024\/04\/08094215\/E4-300x200.jpg 300w\" sizes=\"auto, (max-width: 600px) 100vw, 600px\" \/><\/figure>\n<\/div>\n\n\n<p><\/p>\n\n\n\n<h3 class=\"wp-block-heading\"><span class=\"ez-toc-section\" id=\"Aguilar_de_Campoo-Teverga_5_h_17_mim_%E2%80%93_284_km\"><\/span><a href=\"https:\/\/www.google.es\/maps\/dir\/Aguilar+de+Campoo,+34800,+Palencia\/Potes,+39570,+Cantabria\/Puerto+de+San+Glorio\/Puerto+de+Tarna,+33995+Caso,+Asturias\/Puerto+de+Las+Se%C3%B1ales\/Puerto+de+San+Isidro\/Pola+de+Lena,+33630+Lena,+Asturias\/Alto+La+Cobertoria+(1.173+m)\/Teverga,+Asturias\/@42.9865914,-5.119577,9.25z\/data=!4m56!4m55!1m5!1m1!1s0xd48f2cf866c81b7:0xc72c3caa87087e95!2m2!1d-4.2622141!2d42.7931905!1m5!1m1!1s0xd49b3dde66acefb:0x520e9f3fdcb58e2!2m2!1d-4.6236113!2d43.1535975!1m5!1m1!1s0xd4835288df8d35b:0xa07cafaa5d666463!2m2!1d-4.7659314!2d43.0669469!1m5!1m1!1s0xd362d7ad2cf5ac5:0xfba5ce66bfe9147d!2m2!1d-5.2183486!2d43.0848835!1m5!1m1!1s0xd363295c19df469:0xcdd398390b3f1e03!2m2!1d-5.243366!2d43.075573!1m5!1m1!1s0xd36355e7bfe756b:0x3592587e5d9d8e33!2m2!1d-5.3888836!2d43.0654914!1m5!1m1!1s0xd36fa3cd44ea047:0xe8cd821656fc5f1e!2m2!1d-5.8292909!2d43.1591428!1m5!1m1!1s0xd36e5292d463fbb:0x30a56fa135077b99!2m2!1d-5.9060422!2d43.1434389!1m5!1m1!1s0xd36dce1c50aab8b:0x404f58273cb0690!2m2!1d-6.0965651!2d43.161964!3e0?entry=tts\">Aguilar de Campoo-Teverga (5 h 17 mim \u2013 284 km)<\/a><span class=\"ez-toc-section-end\"><\/span><\/h3>\n\n\n\n<p>Aguilar de Campoo (CL-626) \u2013 Cervera de Pisuerga (CL-627 y CA-184) \u2013 Potes (N-621) \u2013 Puerto de San Glorio (N-621) \u2013 Boca de Hu\u00e9rgano (N-621) \u2013 Ria\u00f1o (N-625 y CL-635) \u2013 Puerto de Tarna (LE-333) \u2013 Puerto de Las Se\u00f1ales (LE-333) \u2013 Puebla de Lillo (LE-331) \u2013 Puerto de San Isidro (AS-112) \u2013 Valdeoreyo (A-66 o AS-375) \u2013 Pola de Lena (AS-230) \u2013 Alto La Cobertoria (AS-230) \u2013 B\u00e1rzana (AS-229) \u2013 Caranga de Abajo (AS-228)- San Mart\u00edn de Teverga<\/p>\n\n\n<div class=\"wp-block-image\">\n<figure class=\"aligncenter size-full\"><a href=\"https:\/\/maps.app.goo.gl\/RC7bEo3z4kDkP9Ss8\"><img loading=\"lazy\" decoding=\"async\" width=\"600\" height=\"400\" src=\"https:\/\/bxrepsol.s3.eu-west-1.amazonaws.com\/static\/2024\/04\/08093628\/imagen2-.jpg\" alt=\"Mapa ruta Aguilar de Campoo-Teverga\" class=\"wp-image-114613\" srcset=\"https:\/\/bxrepsol.s3.eu-west-1.amazonaws.com\/static\/2024\/04\/08093628\/imagen2-.jpg 600w, https:\/\/bxrepsol.s3.eu-west-1.amazonaws.com\/static\/2024\/04\/08093628\/imagen2--300x200.jpg 300w\" sizes=\"auto, (max-width: 600px) 100vw, 600px\" \/><\/a><\/figure>\n<\/div>\n\n\n<p>Arrancamos por la ma\u00f1ana en <strong>Aguilar de Campoo<\/strong>, localidad famosa por su olor a galleta. Y es que en esta poblaci\u00f3n del norte de Palencia se producen muchas de las galletas que consumimos habitualmente en Espa\u00f1a. Comenzamos el recorrido por la <strong>CL-626<\/strong> que discurre cerca del gran embalse de Aguilar. Al llegar a <strong>Cervera de Pisuerga<\/strong> continuamos por la<strong> CL-627, <\/strong>que pasa por el desfiladero de la Hoz y el mirador de Piedrasluengas, y que cambia a <strong>CA-184<\/strong> al entrar en Cantabria. Recorremos una parte del <strong>Valle del Li\u00e9bana<\/strong> mientras disfrutamos de un entorno muy verde hasta llegar a Potes, donde tomamos la N-621 hacia el puerto de San Glorio, una subida con muchas curvas y muy buen asfalto que merece la pena conocer.<\/p>\n\n\n<div class=\"wp-block-image\">\n<figure class=\"aligncenter size-full\"><img loading=\"lazy\" decoding=\"async\" width=\"600\" height=\"400\" src=\"https:\/\/bxrepsol.s3.eu-west-1.amazonaws.com\/static\/2024\/04\/08094219\/E5.jpg\" alt=\"Valle del Li\u00e9bana y Picos de Europa\" class=\"wp-image-114623\" srcset=\"https:\/\/bxrepsol.s3.eu-west-1.amazonaws.com\/static\/2024\/04\/08094219\/E5.jpg 600w, https:\/\/bxrepsol.s3.eu-west-1.amazonaws.com\/static\/2024\/04\/08094219\/E5-300x200.jpg 300w\" sizes=\"auto, (max-width: 600px) 100vw, 600px\" \/><\/figure>\n<\/div>\n\n\n<p>Justo al coronar el puerto nos adentramos en la provincia de Le\u00f3n y <strong>en la bajada<\/strong> <strong>conviene tomarse las cosas con m\u00e1s calma<\/strong>, porque el asfalto no es igual. Continuamos por la misma carretera hasta llegar a <strong>Boca de Hu\u00e9rgano<\/strong>, en cuya traves\u00eda disponemos de varios restaurantes de f\u00e1cil acceso, en los que podemos tomar un caf\u00e9. Igualmente, podemos seguir unos pocos kil\u00f3metros y parar en <strong>El Mentidero de Ria\u00f1o<\/strong>, famoso por su tortilla de patatas y tostadas variadas. Antes de continuar, merece la pena gozar con las vistas hacia el embalse de Ria\u00f1o y su espectacular entorno dominado por el esbelto Pico Gilbo, conocido tambi\u00e9n como <em>\u201cel Cervino leon\u00e9s\u201d<\/em>.<\/p>\n\n\n<div class=\"wp-block-image\">\n<figure class=\"aligncenter size-full\"><img loading=\"lazy\" decoding=\"async\" width=\"600\" height=\"400\" src=\"https:\/\/bxrepsol.s3.eu-west-1.amazonaws.com\/static\/2024\/04\/08094222\/E6.jpg\" alt=\"El Cervino leon\u00e9s\" class=\"wp-image-114625\" srcset=\"https:\/\/bxrepsol.s3.eu-west-1.amazonaws.com\/static\/2024\/04\/08094222\/E6.jpg 600w, https:\/\/bxrepsol.s3.eu-west-1.amazonaws.com\/static\/2024\/04\/08094222\/E6-300x200.jpg 300w\" sizes=\"auto, (max-width: 600px) 100vw, 600px\" \/><\/figure>\n<\/div>\n\n\n<p>La ruta contin\u00faa por la <strong>CL-635<\/strong> que asciende hasta el <strong>puerto de Tarna<\/strong> y que es otra carretera espectacular para recorrerla a los <a href=\"https:\/\/www.boxrepsol.com\/es\/vive-tu-moto\/cuales-son-los-mandos-de-una-moto-donde-se-encuentran-son-iguales-para-todas-las-motos\/\">mandos de una moto<\/a>. El paisaje del <strong>Parque Regional Monta\u00f1a de Ria\u00f1o y Mampodre<\/strong> es muy bonito, pero en este tramo merece la pena concentrarse en la conducci\u00f3n y disfrutar de nuestra m\u00e1quina. Justo al llegar a la cima del puerto nos desviamos hacia la izquierda por la <strong>LE-333<\/strong>. A escasos 3 km llegamos al puerto de las Se\u00f1ales por un tramo de carretera estrecho y parcheado, por el que no conviene correr mucho. Este s\u00ed es un buen momento para apreciar el paisaje monta\u00f1oso y mirar a la derecha hacia los impresionantes <strong>Picos de Europa<\/strong>, los \u201cvecinos grandes\u201d de la Cordillera Cant\u00e1brica y una muy buena opci\u00f3n para <a href=\"https:\/\/www.boxrepsol.com\/es\/vive-tu-moto\/rutas-en-moto-en-primavera\/\">hacer una ruta en primavera<\/a>. Continuamos por la carretera hasta llegar a <strong>Puebla de Lillo<\/strong>, donde podemos parar a comer en alguno de sus restaurantes como pueden ser Madrid o Mirasierra.<\/p>\n\n\n<div class=\"wp-block-image\">\n<figure class=\"aligncenter size-full\"><img loading=\"lazy\" decoding=\"async\" width=\"600\" height=\"400\" src=\"https:\/\/bxrepsol.s3.eu-west-1.amazonaws.com\/static\/2024\/04\/08094224\/E7.jpg\" alt=\"Picos de Europa\" class=\"wp-image-114627\" srcset=\"https:\/\/bxrepsol.s3.eu-west-1.amazonaws.com\/static\/2024\/04\/08094224\/E7.jpg 600w, https:\/\/bxrepsol.s3.eu-west-1.amazonaws.com\/static\/2024\/04\/08094224\/E7-300x200.jpg 300w\" sizes=\"auto, (max-width: 600px) 100vw, 600px\" \/><\/figure>\n<\/div>\n\n\n<p>Tras reponer fuerzas, el itinerario contin\u00faa por la LE-331 que nos lleva hasta el <strong>puerto de San Isidro<\/strong>. Tanto la subida por la vertiente leonesa, como la bajada por el lado asturiano hasta llegar a (AS-112), son de ese tipo de <strong>carreteras que no vamos a olvidar y en las que se disfruta mucho.<\/strong> M\u00e1s adelante podemos coger un tramo de la autov\u00eda a-66 o circular por la AS-375 que discurre junto a ella y, en ambos casos, vamos a llegar a <strong>Pola de Lena<\/strong>. Sin apenas descanso, giramos a la derecha hacia la AS230, una carretera m\u00edtica para los motoristas asturianos, muy retorcida y muy t\u00e9cnica, que sube hasta el alto la Cobertoria. El descenso tampoco nos va a dejar indiferentes e igualmente es preferible que vayamos muy concentrados y gozando de la conducci\u00f3n. La carretera cambia a AS-229 en <strong>B\u00e1rzana<\/strong> y nos lleva hasta el cruce con la AS-228, en el que giramos hacia la izquierda con rumbo hacia <strong>San Mart\u00edn de Teverga<\/strong>, el lugar elegido para nuestro merecido descanso. Este \u00faltimo tramo de carretera, sin apenas cambios de nivel, discurre junto al <strong>r\u00edo<\/strong> <strong>Teverga<\/strong> y la conocida senda del Oso, muy popular entre los aficionados al senderismo.<\/p>\n\n\n\n<p><\/p>\n\n\n\n<p><\/p>\n\n\n\n<h3 class=\"wp-block-heading\"><span class=\"ez-toc-section\" id=\"Teverga-Lugo_5_h_38_min_%E2%80%93_290_km\"><\/span><u><a href=\"https:\/\/www.google.es\/maps\/dir\/Teverga,+Asturias\/Puerto+de+San+Lorenzo+(1347+m.)\/El+Puerto,+33840+Somiedo,+Asturias\/San+Miguel+de+Laciana\/Puerto+de+Leitariegos\/Cangas+del+Narcea\/Barbeitos,+27118+A+Fonsagrada,+Lugo\/Lugo\/@43.0161712,-6.8003018,9.5z\/data=!4m60!4m59!1m5!1m1!1s0xd36dce1c50aab8b:0x404f58273cb0690!2m2!1d-6.0965651!2d43.161964!1m5!1m1!1s0xd36db1fd8cd6963:0x239171fbff661a48!2m2!1d-6.1950115!2d43.1411719!1m10!1m1!1s0xd36d822ef224365:0x99825bfe53afa6b3!2m2!1d-6.2278518!2d43.0263573!3m4!1m2!1d-6.2139538!2d42.9565014!3s0xd3726476b699653:0x7a25cece4ce7a109!1m5!1m1!1s0xd372be751540975:0xb5521804b6fb325c!2m2!1d-6.3282768!2d42.9415631!1m5!1m1!1s0xd312aa8990f28b3:0x6ae8067656255a09!2m2!1d-6.4179985!2d42.9985826!1m10!1m1!1s0xd3130616ba9087f:0x295d4f8bb436e69c!2m2!1d-6.5498404!2d43.1773837!3m4!1m2!1d-6.6607674!2d42.9577329!3s0xd30d8c8e859734f:0x9fef455abf08ee16!1m5!1m1!1s0xd310927835f7743:0xa71b3c141e219e94!2m2!1d-7.0197715!2d43.1533763!1m5!1m1!1s0xd31ce80b130876d:0x1f305fbf2867050c!2m2!1d-7.5567582!2d43.0097384!3e0?entry=tts\">Teverga-Lugo (5 h 38 min \u2013 290 km)<\/a><\/u><span class=\"ez-toc-section-end\"><\/span><\/h3>\n\n\n\n<p>San Mart\u00edn de Teverga (AS-265) \u2013 Puerto de San Lorenzo (AS-265) \u2013 La Riera (AS-227) &#8211; Puerto de Somiedo (LE-495) \u2013 Vega de Viejos (CL-626) \u2013 Villablino (CL-626) \u2013 Caboalles de Abajo (LE-497) \u2013 Puerto de Leitariegos (AS-213) \u2013 Cangas del Narcea (AS-15) \u2013 Rebollar (AS-212) \u2013 San Antol\u00edn de Ibias (AS-210) \u2013 Marentes (LU-702 y LU-P-3601) \u2013 Alto del Acebo (LU-701) \u2013 Fonsagrada (LU-530) \u2013 Lugo<\/p>\n\n\n<div class=\"wp-block-image\">\n<figure class=\"aligncenter size-full\"><a href=\"https:\/\/maps.app.goo.gl\/GFtT36s1DbsRQCuz7\"><img loading=\"lazy\" decoding=\"async\" width=\"600\" height=\"401\" src=\"https:\/\/bxrepsol.s3.eu-west-1.amazonaws.com\/static\/2024\/04\/08093416\/unnamed-file.jpg\" alt=\"Mapa ruta Lugo-Teverga\" class=\"wp-image-114611\" srcset=\"https:\/\/bxrepsol.s3.eu-west-1.amazonaws.com\/static\/2024\/04\/08093416\/unnamed-file.jpg 600w, https:\/\/bxrepsol.s3.eu-west-1.amazonaws.com\/static\/2024\/04\/08093416\/unnamed-file-300x201.jpg 300w\" sizes=\"auto, (max-width: 600px) 100vw, 600px\" \/><\/a><\/figure>\n<\/div>\n\n\n<p>Tras haber descansado, comenzamos de nuevo nuestra ruta transcant\u00e1brica en moto y nos ponemos otra vez en \u201cmodo curvas\u201d, pues justo en San Mart\u00edn de Teverga comienza el <strong>ascenso al puerto de<\/strong> <strong>San Lorenzo<\/strong> por la AS-265. La primera parte es muy bonita, con muchos cambios de direcci\u00f3n, pero sin apenas curvas cerradas. Sin embargo, antes de coronar deberemos trazar varias paellas y estar atentos porque podemos encontrarnos con vacas o caballos sueltos por la carretera, especialmente a primera hora de la ma\u00f1ana. La bajada es similar, con un asfalto con buen agarre, y nos lleva hasta el cruce de la Riera, donde tomamos la AS-227 que al principio discurre muy encajonada entre monta\u00f1as y luego comienza a ascender hacia el <strong>puerto de Somiedo<\/strong>.<\/p>\n\n\n<div class=\"wp-block-image\">\n<figure class=\"aligncenter size-full\"><img loading=\"lazy\" decoding=\"async\" width=\"600\" height=\"400\" src=\"https:\/\/bxrepsol.s3.eu-west-1.amazonaws.com\/static\/2024\/04\/08094232\/E9.jpg\" alt=\"Yamaha XT 600\" class=\"wp-image-114631\" srcset=\"https:\/\/bxrepsol.s3.eu-west-1.amazonaws.com\/static\/2024\/04\/08094232\/E9.jpg 600w, https:\/\/bxrepsol.s3.eu-west-1.amazonaws.com\/static\/2024\/04\/08094232\/E9-300x200.jpg 300w\" sizes=\"auto, (max-width: 600px) 100vw, 600px\" \/><\/figure>\n<\/div>\n\n\n<p>Al ser parque natural, <strong>es una zona muy tur\u00edstica<\/strong>, por lo que en algunas \u00e9pocas del a\u00f1o podemos encontrar tr\u00e1fico lento provocado por veh\u00edculos semipesados. Antes de llegar a la cima del puerto, entre las localidades de Pola de Somiedo y La Peral, hay varios sitios conocidos entre los aficionados a la fauna silvestre y en los que <strong>no es dif\u00edcil avistar osos<\/strong>. Justo arriba del puerto entramos de nuevo en la provincia de Le\u00f3n y descendemos por la LE-495 hasta <strong>Vega de Viejos<\/strong>. Aqu\u00ed tomamos una carretera estrecha, pero recientemente asfaltada, hasta llegar al cruce con la CL-626, punto en el que termina el <strong>valle de Babia<\/strong> y comienza el <strong>valle de Laciana<\/strong>, ambos declarados Reservas de la Biosfera. La carretera nos lleva hasta Villablino, la \u201ccapital\u201d del \u00faltimo valle citado, donde podemos parar a tomar un caf\u00e9 en alguno de sus m\u00faltiples bares. El Asador Marga puede ser el elegido y en \u00e9l podemos aprovechar para probar embutidos t\u00edpicos de Le\u00f3n como el chorizo o la cecina, entre otros.<\/p>\n\n\n<div class=\"wp-block-image\">\n<figure class=\"aligncenter size-full\"><img loading=\"lazy\" decoding=\"async\" width=\"600\" height=\"400\" src=\"https:\/\/bxrepsol.s3.eu-west-1.amazonaws.com\/static\/2024\/04\/08094234\/E10.jpg\" alt=\"Lomo y chorizo\" class=\"wp-image-114633\" srcset=\"https:\/\/bxrepsol.s3.eu-west-1.amazonaws.com\/static\/2024\/04\/08094234\/E10.jpg 600w, https:\/\/bxrepsol.s3.eu-west-1.amazonaws.com\/static\/2024\/04\/08094234\/E10-300x200.jpg 300w\" sizes=\"auto, (max-width: 600px) 100vw, 600px\" \/><\/figure>\n<\/div>\n\n\n<p>Tras el avituallamiento continuamos nuestra ruta transcat\u00e1brica por la CL-626 hasta <strong>Caboalles de Abajo<\/strong>, donde comienza la LE-497 que asciende al <strong>puerto de Leitariegos<\/strong> y en la que se han celebrado m\u00faltiples pruebas del Campeonato de Espa\u00f1a de Monta\u00f1a, caracterizado por carreras en subida. Tanto en el ascenso al puerto por la vertiente leonesa, como en el descenso por el lado asturiano, la carretera es amplia y con curvas de todo tipo, por lo que <strong>hay que prestar especial atenci\u00f3n al veloc\u00edmetro.<\/strong><\/p>\n\n\n\n<p>Una vez llegados a <strong>Cangas de Narcea<\/strong> por la AS-213, nos desviamos hacia la izquierda por la AS-15 que pasa por la Reserva Natural de Muniellos. Poco antes de llegar a <strong>Dega\u00f1a<\/strong> giramos a la derecha hacia la AS-212. Es una carretera entretenida y con muy poco tr\u00e1fico, en la que podemos buscar un restaurante para comer. Tenemos la opci\u00f3n de parar en Sisterna en el Restaurante Tixileiro, un establecimiento en el que se come \u201ca la carta\u201d, o continuar hasta <strong>San Antol\u00edn de Ibias<\/strong> y degustar un men\u00fa en el restaurante Hermanos Leiguarda.<\/p>\n\n\n<div class=\"wp-block-image\">\n<figure class=\"aligncenter size-full\"><img loading=\"lazy\" decoding=\"async\" width=\"600\" height=\"400\" src=\"https:\/\/bxrepsol.s3.eu-west-1.amazonaws.com\/static\/2024\/04\/08094237\/E11.jpg\" alt=\"Inicio del Puerto de Leitariegos\" class=\"wp-image-114635\" srcset=\"https:\/\/bxrepsol.s3.eu-west-1.amazonaws.com\/static\/2024\/04\/08094237\/E11.jpg 600w, https:\/\/bxrepsol.s3.eu-west-1.amazonaws.com\/static\/2024\/04\/08094237\/E11-300x200.jpg 300w\" sizes=\"auto, (max-width: 600px) 100vw, 600px\" \/><\/figure>\n<\/div>\n\n\n<p>Continuamos por la AS-210 hasta Marentes, localidad que nos da acceso a la provincia de Lugo por la LU-702 y que tras cruzar el <strong>puente de Boadil<\/strong> construido sobre la cola del embalse de Salime, se convierte en LU-P-3602, una <strong>carretera con buen asfalto y repleta de curvas <\/strong>que nos lleva hasta el alto del Acebo y en la que es probable que no coincidamos con ning\u00fan otro veh\u00edculo. Aqu\u00ed seguimos hasta Fonsagrada por la LU-701, una carretera revirada, pero m\u00e1s amplia, donde tomaremos la LU-530 que nos lleva hasta Lugo, <strong>el punto final de nuestra ruta transcant\u00e1brica<\/strong>. Como recompensa, podemos cenar degustando un rico \u201c<em>pulpo \u00e1 feira con cachelos<\/em>\u201d en alguno de los m\u00faltiples restaurantes que hay en esta ciudad gallega.<\/p>\n\n\n<div class=\"wp-block-image\">\n<figure class=\"aligncenter size-full\"><img loading=\"lazy\" decoding=\"async\" width=\"600\" height=\"400\" src=\"https:\/\/bxrepsol.s3.eu-west-1.amazonaws.com\/static\/2024\/04\/08094342\/E12.jpg\" alt=\"Pulpo a la gallega\" class=\"wp-image-114637\" srcset=\"https:\/\/bxrepsol.s3.eu-west-1.amazonaws.com\/static\/2024\/04\/08094342\/E12.jpg 600w, https:\/\/bxrepsol.s3.eu-west-1.amazonaws.com\/static\/2024\/04\/08094342\/E12-300x200.jpg 300w\" sizes=\"auto, (max-width: 600px) 100vw, 600px\" \/><\/figure>\n<\/div>","protected":false},"excerpt":{"rendered":"<p>\u00bfEres amante de las rutas en moto? Si buscas un nuevo recorrido para realizar en un fin de semana y te gustar\u00eda hacerlo rodeado de naturaleza, esta es tu ruta.<\/p>\n","protected":false},"author":41267,"featured_media":114615,"comment_status":"open","ping_status":"open","sticky":false,"template":"","format":"standard","meta":{"footnotes":""},"categories":[160],"tags":[589,460],"class_list":["post-114610","post","type-post","status-publish","format-standard","hentry","category-cultura-motera","tag-mototurismo","tag-ruta-motera"],"yoast_head":"<!-- This site is optimized with the Yoast SEO plugin v27.3 - https:\/\/yoast.com\/product\/yoast-seo-wordpress\/ -->\n<title>Ruta Transcant\u00e1brica en moto: Etapas y recorrido - Box Repsol<\/title>\n<meta name=\"description\" content=\"Emb\u00e1rcate en una incre\u00edble aventura con la ruta transcant\u00e1brica: paisajes asombrosos, pueblos encantadores y un viaje inolvidable en tu moto.\" \/>\n<link rel=\"canonical\" href=\"https:\/\/www.boxrepsol.com\/es\/cultura-motera\/ruta-transcantabrica-moto\/\" \/>\n<meta property=\"og:locale\" content=\"es_ES\" \/>\n<meta property=\"og:type\" content=\"article\" \/>\n<meta property=\"og:title\" content=\"Ruta Transcant\u00e1brica en moto: Etapas y recorrido - Box Repsol\" \/>\n<meta property=\"og:description\" content=\"Emb\u00e1rcate en una incre\u00edble aventura con la ruta transcant\u00e1brica: paisajes asombrosos, pueblos encantadores y un viaje inolvidable en tu moto.\" \/>\n<meta property=\"og:url\" content=\"https:\/\/www.boxrepsol.com\/es\/cultura-motera\/ruta-transcantabrica-moto\/\" \/>\n<meta property=\"og:site_name\" content=\"Box Repsol\" \/>\n<meta property=\"article:publisher\" content=\"https:\/\/www.facebook.com\/BoxRepsol\" \/>\n<meta property=\"article:published_time\" content=\"2024-04-08T11:46:26+00:00\" \/>\n<meta property=\"article:modified_time\" content=\"2025-09-04T14:39:09+00:00\" \/>\n<meta property=\"og:image\" content=\"https:\/\/bxrepsol.s3.eu-west-1.amazonaws.com\/static\/2024\/04\/08094203\/E1.jpg\" \/>\n\t<meta property=\"og:image:width\" content=\"700\" \/>\n\t<meta property=\"og:image:height\" content=\"350\" \/>\n\t<meta property=\"og:image:type\" content=\"image\/jpeg\" \/>\n<meta name=\"author\" content=\"V\u00edctor Gancedo\" \/>\n<meta name=\"twitter:card\" content=\"summary_large_image\" \/>\n<meta name=\"twitter:creator\" content=\"@box_repsol\" \/>\n<meta name=\"twitter:site\" content=\"@box_repsol\" \/>\n<meta name=\"twitter:label1\" content=\"Written by\" \/>\n\t<meta name=\"twitter:data1\" content=\"V\u00edctor Gancedo\" \/>\n\t<meta name=\"twitter:label2\" content=\"Est. reading time\" \/>\n\t<meta name=\"twitter:data2\" content=\"10 minutos\" \/>\n<script type=\"application\/ld+json\" class=\"yoast-schema-graph\">{\"@context\":\"https:\\\/\\\/schema.org\",\"@graph\":[{\"@type\":\"Article\",\"@id\":\"https:\\\/\\\/www.boxrepsol.com\\\/es\\\/cultura-motera\\\/ruta-transcantabrica-moto\\\/#article\",\"isPartOf\":{\"@id\":\"https:\\\/\\\/www.boxrepsol.com\\\/es\\\/cultura-motera\\\/ruta-transcantabrica-moto\\\/\"},\"author\":{\"name\":\"V\u00edctor Gancedo\",\"@id\":\"https:\\\/\\\/www.boxrepsol.com\\\/es\\\/#\\\/schema\\\/person\\\/40c28bf318bbbe8fe3848b194b7385ca\"},\"headline\":\"Transcant\u00e1brica en moto: ruta, etapas y recorrido\",\"datePublished\":\"2024-04-08T11:46:26+00:00\",\"dateModified\":\"2025-09-04T14:39:09+00:00\",\"mainEntityOfPage\":{\"@id\":\"https:\\\/\\\/www.boxrepsol.com\\\/es\\\/cultura-motera\\\/ruta-transcantabrica-moto\\\/\"},\"wordCount\":1925,\"commentCount\":1,\"publisher\":{\"@id\":\"https:\\\/\\\/www.boxrepsol.com\\\/es\\\/#organization\"},\"image\":{\"@id\":\"https:\\\/\\\/www.boxrepsol.com\\\/es\\\/cultura-motera\\\/ruta-transcantabrica-moto\\\/#primaryimage\"},\"thumbnailUrl\":\"https:\\\/\\\/bxrepsol.s3.eu-west-1.amazonaws.com\\\/static\\\/2024\\\/04\\\/08094203\\\/E1.jpg\",\"keywords\":[\"Mototurismo\",\"ruta motera\"],\"articleSection\":[\"Cultura Motera\"],\"inLanguage\":\"es\",\"potentialAction\":[{\"@type\":\"CommentAction\",\"name\":\"Comment\",\"target\":[\"https:\\\/\\\/www.boxrepsol.com\\\/es\\\/cultura-motera\\\/ruta-transcantabrica-moto\\\/#respond\"]}]},{\"@type\":\"WebPage\",\"@id\":\"https:\\\/\\\/www.boxrepsol.com\\\/es\\\/cultura-motera\\\/ruta-transcantabrica-moto\\\/\",\"url\":\"https:\\\/\\\/www.boxrepsol.com\\\/es\\\/cultura-motera\\\/ruta-transcantabrica-moto\\\/\",\"name\":\"Ruta Transcant\u00e1brica en moto: Etapas y recorrido - Box Repsol\",\"isPartOf\":{\"@id\":\"https:\\\/\\\/www.boxrepsol.com\\\/es\\\/#website\"},\"primaryImageOfPage\":{\"@id\":\"https:\\\/\\\/www.boxrepsol.com\\\/es\\\/cultura-motera\\\/ruta-transcantabrica-moto\\\/#primaryimage\"},\"image\":{\"@id\":\"https:\\\/\\\/www.boxrepsol.com\\\/es\\\/cultura-motera\\\/ruta-transcantabrica-moto\\\/#primaryimage\"},\"thumbnailUrl\":\"https:\\\/\\\/bxrepsol.s3.eu-west-1.amazonaws.com\\\/static\\\/2024\\\/04\\\/08094203\\\/E1.jpg\",\"datePublished\":\"2024-04-08T11:46:26+00:00\",\"dateModified\":\"2025-09-04T14:39:09+00:00\",\"description\":\"Emb\u00e1rcate en una incre\u00edble aventura con la ruta transcant\u00e1brica: paisajes asombrosos, pueblos encantadores y un viaje inolvidable en tu moto.\",\"breadcrumb\":{\"@id\":\"https:\\\/\\\/www.boxrepsol.com\\\/es\\\/cultura-motera\\\/ruta-transcantabrica-moto\\\/#breadcrumb\"},\"inLanguage\":\"es\",\"potentialAction\":[{\"@type\":\"ReadAction\",\"target\":[\"https:\\\/\\\/www.boxrepsol.com\\\/es\\\/cultura-motera\\\/ruta-transcantabrica-moto\\\/\"]}]},{\"@type\":\"ImageObject\",\"inLanguage\":\"es\",\"@id\":\"https:\\\/\\\/www.boxrepsol.com\\\/es\\\/cultura-motera\\\/ruta-transcantabrica-moto\\\/#primaryimage\",\"url\":\"https:\\\/\\\/bxrepsol.s3.eu-west-1.amazonaws.com\\\/static\\\/2024\\\/04\\\/08094203\\\/E1.jpg\",\"contentUrl\":\"https:\\\/\\\/bxrepsol.s3.eu-west-1.amazonaws.com\\\/static\\\/2024\\\/04\\\/08094203\\\/E1.jpg\",\"width\":700,\"height\":350},{\"@type\":\"BreadcrumbList\",\"@id\":\"https:\\\/\\\/www.boxrepsol.com\\\/es\\\/cultura-motera\\\/ruta-transcantabrica-moto\\\/#breadcrumb\",\"itemListElement\":[{\"@type\":\"ListItem\",\"position\":1,\"name\":\"Home\",\"item\":\"https:\\\/\\\/www.boxrepsol.com\\\/es\\\/\"},{\"@type\":\"ListItem\",\"position\":2,\"name\":\"Transcant\u00e1brica en moto: ruta, etapas y recorrido\"}]},{\"@type\":\"WebSite\",\"@id\":\"https:\\\/\\\/www.boxrepsol.com\\\/es\\\/#website\",\"url\":\"https:\\\/\\\/www.boxrepsol.com\\\/es\\\/\",\"name\":\"Box Repsol\",\"description\":\"Box Repsol Site\",\"publisher\":{\"@id\":\"https:\\\/\\\/www.boxrepsol.com\\\/es\\\/#organization\"},\"potentialAction\":[{\"@type\":\"SearchAction\",\"target\":{\"@type\":\"EntryPoint\",\"urlTemplate\":\"https:\\\/\\\/www.boxrepsol.com\\\/es\\\/?s={search_term_string}\"},\"query-input\":{\"@type\":\"PropertyValueSpecification\",\"valueRequired\":true,\"valueName\":\"search_term_string\"}}],\"inLanguage\":\"es\"},{\"@type\":\"Organization\",\"@id\":\"https:\\\/\\\/www.boxrepsol.com\\\/es\\\/#organization\",\"name\":\"Box Repsol\",\"url\":\"https:\\\/\\\/www.boxrepsol.com\\\/es\\\/\",\"logo\":{\"@type\":\"ImageObject\",\"inLanguage\":\"es\",\"@id\":\"https:\\\/\\\/www.boxrepsol.com\\\/es\\\/#\\\/schema\\\/logo\\\/image\\\/\",\"url\":\"https:\\\/\\\/bxrepsol.s3.eu-west-1.amazonaws.com\\\/static\\\/2025\\\/07\\\/30083337\\\/favicon-96x96-1.png\",\"contentUrl\":\"https:\\\/\\\/bxrepsol.s3.eu-west-1.amazonaws.com\\\/static\\\/2025\\\/07\\\/30083337\\\/favicon-96x96-1.png\",\"width\":96,\"height\":96,\"caption\":\"Box Repsol\"},\"image\":{\"@id\":\"https:\\\/\\\/www.boxrepsol.com\\\/es\\\/#\\\/schema\\\/logo\\\/image\\\/\"},\"sameAs\":[\"https:\\\/\\\/www.facebook.com\\\/BoxRepsol\",\"https:\\\/\\\/x.com\\\/box_repsol\",\"http:\\\/\\\/instagram.com\\\/box_repsol\",\"https:\\\/\\\/www.youtube.com\\\/user\\\/RepsolCompeticion\",\"https:\\\/\\\/www.flickr.com\\\/photos\\\/box_repsol\\\/\"]},{\"@type\":\"Person\",\"@id\":\"https:\\\/\\\/www.boxrepsol.com\\\/es\\\/#\\\/schema\\\/person\\\/40c28bf318bbbe8fe3848b194b7385ca\",\"name\":\"V\u00edctor Gancedo\",\"image\":{\"@type\":\"ImageObject\",\"inLanguage\":\"es\",\"@id\":\"https:\\\/\\\/secure.gravatar.com\\\/avatar\\\/cd1439a66fca5d3425cd2a7b13f32cd43e25022a0436c1235ef2a28e14fa660a?s=96&d=mm&r=g\",\"url\":\"https:\\\/\\\/secure.gravatar.com\\\/avatar\\\/cd1439a66fca5d3425cd2a7b13f32cd43e25022a0436c1235ef2a28e14fa660a?s=96&d=mm&r=g\",\"contentUrl\":\"https:\\\/\\\/secure.gravatar.com\\\/avatar\\\/cd1439a66fca5d3425cd2a7b13f32cd43e25022a0436c1235ef2a28e14fa660a?s=96&d=mm&r=g\",\"caption\":\"V\u00edctor Gancedo\"},\"description\":\"Periodista especializado en el mundo de las motos, V\u00edctor ha probado pr\u00e1cticamente todas las que han salido al mercado desde 1990. En su larga trayectoria, ha desempe\u00f1ado cargos como los de Jefe de Pruebas de la revista Motociclismo o Responsable de Pruebas del \u00c1rea de Motos del Grupo Motorpress-Ib\u00e9rica, hoy llamado Sport Life Ib\u00e9rica, al cual sigue vinculado.\",\"sameAs\":[\"https:\\\/\\\/www.instagram.com\\\/vfgancedo\"],\"url\":\"https:\\\/\\\/www.boxrepsol.com\\\/es\\\/author\\\/victor_gancedo\\\/\"}]}<\/script>\n<!-- \/ Yoast SEO plugin. -->","yoast_head_json":{"title":"Ruta Transcant\u00e1brica en moto: Etapas y recorrido - Box Repsol","description":"Emb\u00e1rcate en una incre\u00edble aventura con la ruta transcant\u00e1brica: paisajes asombrosos, pueblos encantadores y un viaje inolvidable en tu moto.","canonical":"https:\/\/www.boxrepsol.com\/es\/cultura-motera\/ruta-transcantabrica-moto\/","og_locale":"es_ES","og_type":"article","og_title":"Ruta Transcant\u00e1brica en moto: Etapas y recorrido - Box Repsol","og_description":"Emb\u00e1rcate en una incre\u00edble aventura con la ruta transcant\u00e1brica: paisajes asombrosos, pueblos encantadores y un viaje inolvidable en tu moto.","og_url":"https:\/\/www.boxrepsol.com\/es\/cultura-motera\/ruta-transcantabrica-moto\/","og_site_name":"Box Repsol","article_publisher":"https:\/\/www.facebook.com\/BoxRepsol","article_published_time":"2024-04-08T11:46:26+00:00","article_modified_time":"2025-09-04T14:39:09+00:00","og_image":[{"width":700,"height":350,"url":"https:\/\/bxrepsol.s3.eu-west-1.amazonaws.com\/static\/2024\/04\/08094203\/E1.jpg","type":"image\/jpeg"}],"author":"V\u00edctor Gancedo","twitter_card":"summary_large_image","twitter_creator":"@box_repsol","twitter_site":"@box_repsol","twitter_misc":{"Written by":"V\u00edctor Gancedo","Est. reading time":"10 minutos"},"schema":{"@context":"https:\/\/schema.org","@graph":[{"@type":"Article","@id":"https:\/\/www.boxrepsol.com\/es\/cultura-motera\/ruta-transcantabrica-moto\/#article","isPartOf":{"@id":"https:\/\/www.boxrepsol.com\/es\/cultura-motera\/ruta-transcantabrica-moto\/"},"author":{"name":"V\u00edctor Gancedo","@id":"https:\/\/www.boxrepsol.com\/es\/#\/schema\/person\/40c28bf318bbbe8fe3848b194b7385ca"},"headline":"Transcant\u00e1brica en moto: ruta, etapas y recorrido","datePublished":"2024-04-08T11:46:26+00:00","dateModified":"2025-09-04T14:39:09+00:00","mainEntityOfPage":{"@id":"https:\/\/www.boxrepsol.com\/es\/cultura-motera\/ruta-transcantabrica-moto\/"},"wordCount":1925,"commentCount":1,"publisher":{"@id":"https:\/\/www.boxrepsol.com\/es\/#organization"},"image":{"@id":"https:\/\/www.boxrepsol.com\/es\/cultura-motera\/ruta-transcantabrica-moto\/#primaryimage"},"thumbnailUrl":"https:\/\/bxrepsol.s3.eu-west-1.amazonaws.com\/static\/2024\/04\/08094203\/E1.jpg","keywords":["Mototurismo","ruta motera"],"articleSection":["Cultura Motera"],"inLanguage":"es","potentialAction":[{"@type":"CommentAction","name":"Comment","target":["https:\/\/www.boxrepsol.com\/es\/cultura-motera\/ruta-transcantabrica-moto\/#respond"]}]},{"@type":"WebPage","@id":"https:\/\/www.boxrepsol.com\/es\/cultura-motera\/ruta-transcantabrica-moto\/","url":"https:\/\/www.boxrepsol.com\/es\/cultura-motera\/ruta-transcantabrica-moto\/","name":"Ruta Transcant\u00e1brica en moto: Etapas y recorrido - Box Repsol","isPartOf":{"@id":"https:\/\/www.boxrepsol.com\/es\/#website"},"primaryImageOfPage":{"@id":"https:\/\/www.boxrepsol.com\/es\/cultura-motera\/ruta-transcantabrica-moto\/#primaryimage"},"image":{"@id":"https:\/\/www.boxrepsol.com\/es\/cultura-motera\/ruta-transcantabrica-moto\/#primaryimage"},"thumbnailUrl":"https:\/\/bxrepsol.s3.eu-west-1.amazonaws.com\/static\/2024\/04\/08094203\/E1.jpg","datePublished":"2024-04-08T11:46:26+00:00","dateModified":"2025-09-04T14:39:09+00:00","description":"Emb\u00e1rcate en una incre\u00edble aventura con la ruta transcant\u00e1brica: paisajes asombrosos, pueblos encantadores y un viaje inolvidable en tu moto.","breadcrumb":{"@id":"https:\/\/www.boxrepsol.com\/es\/cultura-motera\/ruta-transcantabrica-moto\/#breadcrumb"},"inLanguage":"es","potentialAction":[{"@type":"ReadAction","target":["https:\/\/www.boxrepsol.com\/es\/cultura-motera\/ruta-transcantabrica-moto\/"]}]},{"@type":"ImageObject","inLanguage":"es","@id":"https:\/\/www.boxrepsol.com\/es\/cultura-motera\/ruta-transcantabrica-moto\/#primaryimage","url":"https:\/\/bxrepsol.s3.eu-west-1.amazonaws.com\/static\/2024\/04\/08094203\/E1.jpg","contentUrl":"https:\/\/bxrepsol.s3.eu-west-1.amazonaws.com\/static\/2024\/04\/08094203\/E1.jpg","width":700,"height":350},{"@type":"BreadcrumbList","@id":"https:\/\/www.boxrepsol.com\/es\/cultura-motera\/ruta-transcantabrica-moto\/#breadcrumb","itemListElement":[{"@type":"ListItem","position":1,"name":"Home","item":"https:\/\/www.boxrepsol.com\/es\/"},{"@type":"ListItem","position":2,"name":"Transcant\u00e1brica en moto: ruta, etapas y recorrido"}]},{"@type":"WebSite","@id":"https:\/\/www.boxrepsol.com\/es\/#website","url":"https:\/\/www.boxrepsol.com\/es\/","name":"Box Repsol","description":"Box Repsol Site","publisher":{"@id":"https:\/\/www.boxrepsol.com\/es\/#organization"},"potentialAction":[{"@type":"SearchAction","target":{"@type":"EntryPoint","urlTemplate":"https:\/\/www.boxrepsol.com\/es\/?s={search_term_string}"},"query-input":{"@type":"PropertyValueSpecification","valueRequired":true,"valueName":"search_term_string"}}],"inLanguage":"es"},{"@type":"Organization","@id":"https:\/\/www.boxrepsol.com\/es\/#organization","name":"Box Repsol","url":"https:\/\/www.boxrepsol.com\/es\/","logo":{"@type":"ImageObject","inLanguage":"es","@id":"https:\/\/www.boxrepsol.com\/es\/#\/schema\/logo\/image\/","url":"https:\/\/bxrepsol.s3.eu-west-1.amazonaws.com\/static\/2025\/07\/30083337\/favicon-96x96-1.png","contentUrl":"https:\/\/bxrepsol.s3.eu-west-1.amazonaws.com\/static\/2025\/07\/30083337\/favicon-96x96-1.png","width":96,"height":96,"caption":"Box Repsol"},"image":{"@id":"https:\/\/www.boxrepsol.com\/es\/#\/schema\/logo\/image\/"},"sameAs":["https:\/\/www.facebook.com\/BoxRepsol","https:\/\/x.com\/box_repsol","http:\/\/instagram.com\/box_repsol","https:\/\/www.youtube.com\/user\/RepsolCompeticion","https:\/\/www.flickr.com\/photos\/box_repsol\/"]},{"@type":"Person","@id":"https:\/\/www.boxrepsol.com\/es\/#\/schema\/person\/40c28bf318bbbe8fe3848b194b7385ca","name":"V\u00edctor Gancedo","image":{"@type":"ImageObject","inLanguage":"es","@id":"https:\/\/secure.gravatar.com\/avatar\/cd1439a66fca5d3425cd2a7b13f32cd43e25022a0436c1235ef2a28e14fa660a?s=96&d=mm&r=g","url":"https:\/\/secure.gravatar.com\/avatar\/cd1439a66fca5d3425cd2a7b13f32cd43e25022a0436c1235ef2a28e14fa660a?s=96&d=mm&r=g","contentUrl":"https:\/\/secure.gravatar.com\/avatar\/cd1439a66fca5d3425cd2a7b13f32cd43e25022a0436c1235ef2a28e14fa660a?s=96&d=mm&r=g","caption":"V\u00edctor Gancedo"},"description":"Periodista especializado en el mundo de las motos, V\u00edctor ha probado pr\u00e1cticamente todas las que han salido al mercado desde 1990. En su larga trayectoria, ha desempe\u00f1ado cargos como los de Jefe de Pruebas de la revista Motociclismo o Responsable de Pruebas del \u00c1rea de Motos del Grupo Motorpress-Ib\u00e9rica, hoy llamado Sport Life Ib\u00e9rica, al cual sigue vinculado.","sameAs":["https:\/\/www.instagram.com\/vfgancedo"],"url":"https:\/\/www.boxrepsol.com\/es\/author\/victor_gancedo\/"}]}},"_links":{"self":[{"href":"https:\/\/www.boxrepsol.com\/es\/wp-json\/wp\/v2\/posts\/114610","targetHints":{"allow":["GET"]}}],"collection":[{"href":"https:\/\/www.boxrepsol.com\/es\/wp-json\/wp\/v2\/posts"}],"about":[{"href":"https:\/\/www.boxrepsol.com\/es\/wp-json\/wp\/v2\/types\/post"}],"author":[{"embeddable":true,"href":"https:\/\/www.boxrepsol.com\/es\/wp-json\/wp\/v2\/users\/41267"}],"replies":[{"embeddable":true,"href":"https:\/\/www.boxrepsol.com\/es\/wp-json\/wp\/v2\/comments?post=114610"}],"version-history":[{"count":13,"href":"https:\/\/www.boxrepsol.com\/es\/wp-json\/wp\/v2\/posts\/114610\/revisions"}],"predecessor-version":[{"id":127068,"href":"https:\/\/www.boxrepsol.com\/es\/wp-json\/wp\/v2\/posts\/114610\/revisions\/127068"}],"wp:featuredmedia":[{"embeddable":true,"href":"https:\/\/www.boxrepsol.com\/es\/wp-json\/wp\/v2\/media\/114615"}],"wp:attachment":[{"href":"https:\/\/www.boxrepsol.com\/es\/wp-json\/wp\/v2\/media?parent=114610"}],"wp:term":[{"taxonomy":"category","embeddable":true,"href":"https:\/\/www.boxrepsol.com\/es\/wp-json\/wp\/v2\/categories?post=114610"},{"taxonomy":"post_tag","embeddable":true,"href":"https:\/\/www.boxrepsol.com\/es\/wp-json\/wp\/v2\/tags?post=114610"}],"curies":[{"name":"wp","href":"https:\/\/api.w.org\/{rel}","templated":true}]}}