{"id":113549,"date":"2024-03-14T08:55:31","date_gmt":"2024-03-14T10:55:31","guid":{"rendered":"https:\/\/www.boxrepsol.com\/?p=113549"},"modified":"2024-03-21T11:12:21","modified_gmt":"2024-03-21T13:12:21","slug":"mejores-museos-motos","status":"publish","type":"post","link":"https:\/\/www.boxrepsol.com\/es\/vive-tu-moto\/mejores-museos-motos\/","title":{"rendered":"Los mejores museos de motos"},"content":{"rendered":"\n<div class=\"wp-block-columns is-layout-flex wp-container-core-columns-is-layout-9d6595d7 wp-block-columns-is-layout-flex\">\n<div class=\"wp-block-column is-layout-flow wp-block-column-is-layout-flow\" style=\"flex-basis:100%\"><figure class=\"wp-block-post-featured-image\"><img loading=\"lazy\" decoding=\"async\" width=\"700\" height=\"350\" src=\"https:\/\/bxrepsol.s3.eu-west-1.amazonaws.com\/static\/2024\/03\/14072126\/Montesa-Museo-de-la-Moto-Bassella-2020-7-1200x789-1.jpg\" class=\"attachment-post-thumbnail size-post-thumbnail wp-post-image\" alt=\"\" style=\"object-fit:cover;\" srcset=\"https:\/\/bxrepsol.s3.eu-west-1.amazonaws.com\/static\/2024\/03\/14072126\/Montesa-Museo-de-la-Moto-Bassella-2020-7-1200x789-1.jpg 700w, https:\/\/bxrepsol.s3.eu-west-1.amazonaws.com\/static\/2024\/03\/14072126\/Montesa-Museo-de-la-Moto-Bassella-2020-7-1200x789-1-300x150.jpg 300w\" sizes=\"auto, (max-width: 700px) 100vw, 700px\" \/><\/figure><\/div>\n<\/div>\n\n\n\n<p>Espa\u00f1a es uno de los para\u00edsos motociclistas del mundo. Adem\u00e1s de vivir con intensidad y pasi\u00f3n las carreras y de disfrutar de un\u00a0pasado brillante en lo industrial, contamos con una excelente geograf\u00eda para disfrutar de la moto. Pero, adem\u00e1s, todo ese \u00e9xito ha dejado un rastro de cultura motociclista que se manifiesta en un buen n\u00famero de exposiciones y museos dedicados al mundo de las dos ruedas.<\/p>\n\n\n\n<p><strong><div id=\"ez-toc-container\" class=\"ez-toc-v2_0_82_2 counter-hierarchy ez-toc-counter ez-toc-grey ez-toc-container-direction\">\n<div class=\"ez-toc-title-container\">\n<p class=\"ez-toc-title\" style=\"cursor:inherit\">\u00cdndice<\/p>\n<span class=\"ez-toc-title-toggle\"><a href=\"#\" class=\"ez-toc-pull-right ez-toc-btn ez-toc-btn-xs ez-toc-btn-default ez-toc-toggle\" aria-label=\"Toggle Table of Content\"><span class=\"ez-toc-js-icon-con\"><span class=\"\"><span class=\"eztoc-hide\" style=\"display:none;\">Toggle<\/span><span class=\"ez-toc-icon-toggle-span\"><svg style=\"fill: #999;color:#999\" xmlns=\"http:\/\/www.w3.org\/2000\/svg\" class=\"list-377408\" width=\"20px\" height=\"20px\" viewBox=\"0 0 24 24\" fill=\"none\"><path d=\"M6 6H4v2h2V6zm14 0H8v2h12V6zM4 11h2v2H4v-2zm16 0H8v2h12v-2zM4 16h2v2H4v-2zm16 0H8v2h12v-2z\" fill=\"currentColor\"><\/path><\/svg><svg style=\"fill: #999;color:#999\" class=\"arrow-unsorted-368013\" xmlns=\"http:\/\/www.w3.org\/2000\/svg\" width=\"10px\" height=\"10px\" viewBox=\"0 0 24 24\" version=\"1.2\" baseProfile=\"tiny\"><path d=\"M18.2 9.3l-6.2-6.3-6.2 6.3c-.2.2-.3.4-.3.7s.1.5.3.7c.2.2.4.3.7.3h11c.3 0 .5-.1.7-.3.2-.2.3-.5.3-.7s-.1-.5-.3-.7zM5.8 14.7l6.2 6.3 6.2-6.3c.2-.2.3-.5.3-.7s-.1-.5-.3-.7c-.2-.2-.4-.3-.7-.3h-11c-.3 0-.5.1-.7.3-.2.2-.3.5-.3.7s.1.5.3.7z\"\/><\/svg><\/span><\/span><\/span><\/a><\/span><\/div>\n<nav><ul class='ez-toc-list ez-toc-list-level-1 ' ><li class='ez-toc-page-1 ez-toc-heading-level-2'><a class=\"ez-toc-link ez-toc-heading-1\" href=\"https:\/\/www.boxrepsol.com\/es\/vive-tu-moto\/mejores-museos-motos\/#Los_7_mejores_museos_de_motocicletas_en_Espana\" >Los 7 mejores museos de motocicletas en Espa\u00f1a<\/a><ul class='ez-toc-list-level-3' ><li class='ez-toc-heading-level-3'><a class=\"ez-toc-link ez-toc-heading-2\" href=\"https:\/\/www.boxrepsol.com\/es\/vive-tu-moto\/mejores-museos-motos\/#Museo_Motos_Made_in_Spain\" >Museo Motos Made in Spain<\/a><\/li><li class='ez-toc-page-1 ez-toc-heading-level-3'><a class=\"ez-toc-link ez-toc-heading-3\" href=\"https:\/\/www.boxrepsol.com\/es\/vive-tu-moto\/mejores-museos-motos\/#Museu_Moto_Bassella\" >Museu Moto Bassella<\/a><\/li><li class='ez-toc-page-1 ez-toc-heading-level-3'><a class=\"ez-toc-link ez-toc-heading-4\" href=\"https:\/\/www.boxrepsol.com\/es\/vive-tu-moto\/mejores-museos-motos\/#Museo_de_Motos_de_La_Puebla_de_Montalban\" >Museo de Motos de La Puebla de Montalb\u00e1n<\/a><\/li><li class='ez-toc-page-1 ez-toc-heading-level-3'><a class=\"ez-toc-link ez-toc-heading-5\" href=\"https:\/\/www.boxrepsol.com\/es\/vive-tu-moto\/mejores-museos-motos\/#Museo_de_la_Moto_Clasica_de_Hervas\" >Museo de la Moto Cl\u00e1sica de Herv\u00e1s<\/a><\/li><li class='ez-toc-page-1 ez-toc-heading-level-3'><a class=\"ez-toc-link ez-toc-heading-6\" href=\"https:\/\/www.boxrepsol.com\/es\/vive-tu-moto\/mejores-museos-motos\/#Museo_de_Carruajes_y_Motocicletas_de_Zamar\" >Museo de Carruajes y Motocicletas de Zamar&nbsp;<\/a><\/li><li class='ez-toc-page-1 ez-toc-heading-level-3'><a class=\"ez-toc-link ez-toc-heading-7\" href=\"https:\/\/www.boxrepsol.com\/es\/vive-tu-moto\/mejores-museos-motos\/#Museo_de_Motocicletas_Veteranas_Jesus_de_Mingo\" >Museo de Motocicletas Veteranas Jes\u00fas de Mingo&nbsp;<\/a><\/li><\/ul><\/li><li class='ez-toc-page-1 ez-toc-heading-level-2'><a class=\"ez-toc-link ez-toc-heading-8\" href=\"https:\/\/www.boxrepsol.com\/es\/vive-tu-moto\/mejores-museos-motos\/#Los_3_mejores_museos_de_motos_por_el_mundo\" >Los 3 mejores museos de motos por el mundo<\/a><ul class='ez-toc-list-level-3' ><li class='ez-toc-heading-level-3'><a class=\"ez-toc-link ez-toc-heading-9\" href=\"https:\/\/www.boxrepsol.com\/es\/vive-tu-moto\/mejores-museos-motos\/#Motegi_Honda_Collection_Hall\" >Motegi Honda Collection Hall<\/a><\/li><li class='ez-toc-page-1 ez-toc-heading-level-3'><a class=\"ez-toc-link ez-toc-heading-10\" href=\"https:\/\/www.boxrepsol.com\/es\/vive-tu-moto\/mejores-museos-motos\/#Collezzione_Moto_Poggi\" >Collezzione Moto Poggi<\/a><\/li><li class='ez-toc-page-1 ez-toc-heading-level-3'><a class=\"ez-toc-link ez-toc-heading-11\" href=\"https:\/\/www.boxrepsol.com\/es\/vive-tu-moto\/mejores-museos-motos\/#Barber_Vintage_Motorsports_Museum\" >Barber Vintage Motorsports Museum<\/a><\/li><\/ul><\/li><\/ul><\/nav><\/div>\n<\/strong><\/p>\n\n\n\n<p>Vamos a dar un repaso a una variada muestra de los&nbsp;<strong>museos m\u00e1s destacados<\/strong>&nbsp;que podemos encontrar en nuestro pa\u00eds.<\/p>\n\n\n\n<h2 class=\"wp-block-heading\"><span class=\"ez-toc-section\" id=\"Los_7_mejores_museos_de_motocicletas_en_Espana\"><\/span>Los 7 mejores museos de motocicletas en Espa\u00f1a<span class=\"ez-toc-section-end\"><\/span><\/h2>\n\n\n\n<p><\/p>\n\n\n\n<h3 class=\"wp-block-heading\"><span class=\"ez-toc-section\" id=\"Museo_Motos_Made_in_Spain\"><\/span><strong>Museo Motos Made in Spain<\/strong><span class=\"ez-toc-section-end\"><\/span><\/h3>\n\n\n\n<p>Inaugurado en 2022, se encuentra ubicado en la&nbsp;<strong>antigua Gal de Alcal\u00e1 de Henares<\/strong>, y recientemente ha conseguido renovar su acuerdo con el ayuntamiento alcala\u00edno para constituirse en una muestra estable. En su exposici\u00f3n hay 300 unidades de motos fabricadas en Espa\u00f1a, revisadas y en perfecto orden de marcha, con una frecuente renovaci\u00f3n de modelos gracias a su enorme fondo, de&nbsp;<strong>m\u00e1s de mil unidades<\/strong>&nbsp;<strong>disponibles<\/strong>. Adem\u00e1s de la exposici\u00f3n permanente, en el museo tambi\u00e9n hay cabida para muestras temporales.<\/p>\n\n\n\n<p>El museo se nutre fundamentalmente de&nbsp;<strong>las colecciones de los<\/strong>&nbsp;<strong>hermanos Lozano y de Nacho Medina<\/strong>, adem\u00e1s de otros coleccionistas que han cedido diversos modelos para la muestra.<\/p>\n\n\n\n<p>Se puede visitar los viernes, de 16 a 20 horas, s\u00e1bados de 10 a 14 horas y de 16 a 20 horas, y domingos de 10 a 14 horas y de 16 a 19 horas.<\/p>\n\n\n\n<p>Las tarifas son muy variadas: Adultos: 10 \u20ac (Entrada general, 6 \u20ac. Entrada exposici\u00f3n temporal, 4 \u20ac). Ni\u00f1os, hasta 13 a\u00f1os: 5 \u20ac (Entrada general, 3 \u20ac. Entrada exposici\u00f3n temporal, 2 \u20ac). Menores de 6 a\u00f1os: gratis empadronados en Alcal\u00e1 de Henares: 5 \u20ac (Entrada general, 3 \u20ac. Entrada exposici\u00f3n temporal, 2 \u20ac).&nbsp;<strong>Venta solo en taquilla, imprescindible presentar DNI<\/strong>. Entradas de ni\u00f1os y empadronados, solo venta en taquilla.<\/p>\n\n\n\n<p>Direcci\u00f3n: <a href=\"https:\/\/maps.app.goo.gl\/5vAHpDUkJvX9C7Y27\" target=\"_blank\" rel=\"noreferrer noopener\">Calle Rusia 7. 28802 Alcal\u00e1 de Henares (Madrid).<\/a><\/p>\n\n\n\n<p><\/p>\n\n\n\n<figure class=\"wp-block-image size-full is-resized\"><img loading=\"lazy\" decoding=\"async\" width=\"600\" height=\"400\" src=\"https:\/\/bxrepsol.s3.eu-west-1.amazonaws.com\/static\/2024\/03\/14072608\/museo.jpg\" alt=\"\" class=\"wp-image-113556\" style=\"width:600px;height:auto\" srcset=\"https:\/\/bxrepsol.s3.eu-west-1.amazonaws.com\/static\/2024\/03\/14072608\/museo.jpg 600w, https:\/\/bxrepsol.s3.eu-west-1.amazonaws.com\/static\/2024\/03\/14072608\/museo-300x200.jpg 300w\" sizes=\"auto, (max-width: 600px) 100vw, 600px\" \/><\/figure>\n\n\n\n<p><\/p>\n\n\n\n<h3 class=\"wp-block-heading\"><span class=\"ez-toc-section\" id=\"Museu_Moto_Bassella\"><\/span><strong>Museu Moto Bassella<\/strong><span class=\"ez-toc-section-end\"><\/span><\/h3>\n\n\n\n<p>Inaugurado en 2002, el Museu de Bassella se nutre de una extensa&nbsp;<strong>colecci\u00f3n de motos nacionales y extranjeras<\/strong>&nbsp;restauradas por Mario Soler a lo largo de toda una vida. Est\u00e1 situado en Bassella (Lleida) y se trata de un edificio singular, situado en un punto estrat\u00e9gico a mitad de camino entre Barcelona y Andorra. Cuenta con una amplia&nbsp;<strong>colecci\u00f3n de m\u00e1s de 190 motos<\/strong>&nbsp;y de forma peri\u00f3dica acoge muestras temporales.<\/p>\n\n\n\n<p>Adem\u00e1s de la colecci\u00f3n de&nbsp;<a href=\"https:\/\/www.boxrepsol.com\/es\/cultura-motera\/cuando-una-moto-historica-cuando-clasica-no-es-lo-mismo\/\">motos cl\u00e1sicas<\/a>, el museo cuenta con una gran cantidad de elementos complementarios, como carteler\u00eda, fotos, equipamiento y accesorios de diferentes \u00e9pocas.<\/p>\n\n\n\n<p>Adem\u00e1s, entre sus propuestas, desarrolla una amplia variedad de&nbsp;<strong>actividades culturales<\/strong>&nbsp;y de ocio en torno al mundo de la moto.<\/p>\n\n\n\n<p><strong>La tarifa de acceso es 9 \u20ac.<\/strong><\/p>\n\n\n\n<p>Direcci\u00f3n:&nbsp;<a href=\"https:\/\/maps.app.goo.gl\/RYxEkEfhtpJKdzBn9\" target=\"_blank\" rel=\"noreferrer noopener\">Carretera C-14 km. 134. 25289 Bassella (Lleida).<\/a><\/p>\n\n\n\n<blockquote class=\"instagram-media\" data-instgrm-captioned data-instgrm-permalink=\"https:\/\/www.instagram.com\/p\/CvPwjQ2oZNB\/?utm_source=ig_embed&amp;utm_campaign=loading\" data-instgrm-version=\"14\" style=\" background:#FFF; border:0; border-radius:3px; box-shadow:0 0 1px 0 rgba(0,0,0,0.5),0 1px 10px 0 rgba(0,0,0,0.15); margin: 1px; max-width:540px; min-width:326px; padding:0; width:99.375%; width:-webkit-calc(100% - 2px); width:calc(100% - 2px);\"><div style=\"padding:16px;\"> <a href=\"https:\/\/www.instagram.com\/p\/CvPwjQ2oZNB\/?utm_source=ig_embed&amp;utm_campaign=loading\" style=\" background:#FFFFFF; line-height:0; padding:0 0; text-align:center; text-decoration:none; width:100%;\" target=\"_blank\" rel=\"noopener\"> <div style=\" display: flex; flex-direction: row; align-items: center;\"> <div style=\"background-color: #F4F4F4; border-radius: 50%; flex-grow: 0; height: 40px; margin-right: 14px; width: 40px;\"><\/div> <div style=\"display: flex; flex-direction: column; flex-grow: 1; justify-content: center;\"> <div style=\" background-color: #F4F4F4; border-radius: 4px; flex-grow: 0; height: 14px; margin-bottom: 6px; width: 100px;\"><\/div> <div style=\" background-color: #F4F4F4; border-radius: 4px; flex-grow: 0; height: 14px; width: 60px;\"><\/div><\/div><\/div><div style=\"padding: 19% 0;\"><\/div> <div style=\"display:block; height:50px; margin:0 auto 12px; width:50px;\"><svg width=\"50px\" height=\"50px\" viewBox=\"0 0 60 60\" version=\"1.1\" xmlns=\"https:\/\/www.w3.org\/2000\/svg\" xmlns:xlink=\"https:\/\/www.w3.org\/1999\/xlink\"><g stroke=\"none\" stroke-width=\"1\" fill=\"none\" fill-rule=\"evenodd\"><g transform=\"translate(-511.000000, -20.000000)\" fill=\"#000000\"><g><path d=\"M556.869,30.41 C554.814,30.41 553.148,32.076 553.148,34.131 C553.148,36.186 554.814,37.852 556.869,37.852 C558.924,37.852 560.59,36.186 560.59,34.131 C560.59,32.076 558.924,30.41 556.869,30.41 M541,60.657 C535.114,60.657 530.342,55.887 530.342,50 C530.342,44.114 535.114,39.342 541,39.342 C546.887,39.342 551.658,44.114 551.658,50 C551.658,55.887 546.887,60.657 541,60.657 M541,33.886 C532.1,33.886 524.886,41.1 524.886,50 C524.886,58.899 532.1,66.113 541,66.113 C549.9,66.113 557.115,58.899 557.115,50 C557.115,41.1 549.9,33.886 541,33.886 M565.378,62.101 C565.244,65.022 564.756,66.606 564.346,67.663 C563.803,69.06 563.154,70.057 562.106,71.106 C561.058,72.155 560.06,72.803 558.662,73.347 C557.607,73.757 556.021,74.244 553.102,74.378 C549.944,74.521 548.997,74.552 541,74.552 C533.003,74.552 532.056,74.521 528.898,74.378 C525.979,74.244 524.393,73.757 523.338,73.347 C521.94,72.803 520.942,72.155 519.894,71.106 C518.846,70.057 518.197,69.06 517.654,67.663 C517.244,66.606 516.755,65.022 516.623,62.101 C516.479,58.943 516.448,57.996 516.448,50 C516.448,42.003 516.479,41.056 516.623,37.899 C516.755,34.978 517.244,33.391 517.654,32.338 C518.197,30.938 518.846,29.942 519.894,28.894 C520.942,27.846 521.94,27.196 523.338,26.654 C524.393,26.244 525.979,25.756 528.898,25.623 C532.057,25.479 533.004,25.448 541,25.448 C548.997,25.448 549.943,25.479 553.102,25.623 C556.021,25.756 557.607,26.244 558.662,26.654 C560.06,27.196 561.058,27.846 562.106,28.894 C563.154,29.942 563.803,30.938 564.346,32.338 C564.756,33.391 565.244,34.978 565.378,37.899 C565.522,41.056 565.552,42.003 565.552,50 C565.552,57.996 565.522,58.943 565.378,62.101 M570.82,37.631 C570.674,34.438 570.167,32.258 569.425,30.349 C568.659,28.377 567.633,26.702 565.965,25.035 C564.297,23.368 562.623,22.342 560.652,21.575 C558.743,20.834 556.562,20.326 553.369,20.18 C550.169,20.033 549.148,20 541,20 C532.853,20 531.831,20.033 528.631,20.18 C525.438,20.326 523.257,20.834 521.349,21.575 C519.376,22.342 517.703,23.368 516.035,25.035 C514.368,26.702 513.342,28.377 512.574,30.349 C511.834,32.258 511.326,34.438 511.181,37.631 C511.035,40.831 511,41.851 511,50 C511,58.147 511.035,59.17 511.181,62.369 C511.326,65.562 511.834,67.743 512.574,69.651 C513.342,71.625 514.368,73.296 516.035,74.965 C517.703,76.634 519.376,77.658 521.349,78.425 C523.257,79.167 525.438,79.673 528.631,79.82 C531.831,79.965 532.853,80.001 541,80.001 C549.148,80.001 550.169,79.965 553.369,79.82 C556.562,79.673 558.743,79.167 560.652,78.425 C562.623,77.658 564.297,76.634 565.965,74.965 C567.633,73.296 568.659,71.625 569.425,69.651 C570.167,67.743 570.674,65.562 570.82,62.369 C570.966,59.17 571,58.147 571,50 C571,41.851 570.966,40.831 570.82,37.631\"><\/path><\/g><\/g><\/g><\/svg><\/div><div style=\"padding-top: 8px;\"> <div style=\" color:#3897f0; font-family:Arial,sans-serif; font-size:14px; font-style:normal; font-weight:550; line-height:18px;\">Ver esta publicaci\u00f3n en Instagram<\/div><\/div><div style=\"padding: 12.5% 0;\"><\/div> <div style=\"display: flex; flex-direction: row; margin-bottom: 14px; align-items: center;\"><div> <div style=\"background-color: #F4F4F4; border-radius: 50%; height: 12.5px; width: 12.5px; transform: translateX(0px) translateY(7px);\"><\/div> <div style=\"background-color: #F4F4F4; height: 12.5px; transform: rotate(-45deg) translateX(3px) translateY(1px); width: 12.5px; flex-grow: 0; margin-right: 14px; margin-left: 2px;\"><\/div> <div style=\"background-color: #F4F4F4; border-radius: 50%; height: 12.5px; width: 12.5px; transform: translateX(9px) translateY(-18px);\"><\/div><\/div><div style=\"margin-left: 8px;\"> <div style=\" background-color: #F4F4F4; border-radius: 50%; flex-grow: 0; height: 20px; width: 20px;\"><\/div> <div style=\" width: 0; height: 0; border-top: 2px solid transparent; border-left: 6px solid #f4f4f4; border-bottom: 2px solid transparent; transform: translateX(16px) translateY(-4px) rotate(30deg)\"><\/div><\/div><div style=\"margin-left: auto;\"> <div style=\" width: 0px; border-top: 8px solid #F4F4F4; border-right: 8px solid transparent; transform: translateY(16px);\"><\/div> <div style=\" background-color: #F4F4F4; flex-grow: 0; height: 12px; width: 16px; transform: translateY(-4px);\"><\/div> <div style=\" width: 0; height: 0; border-top: 8px solid #F4F4F4; border-left: 8px solid transparent; transform: translateY(-4px) translateX(8px);\"><\/div><\/div><\/div> <div style=\"display: flex; flex-direction: column; flex-grow: 1; justify-content: center; margin-bottom: 24px;\"> <div style=\" background-color: #F4F4F4; border-radius: 4px; flex-grow: 0; height: 14px; margin-bottom: 6px; width: 224px;\"><\/div> <div style=\" background-color: #F4F4F4; border-radius: 4px; flex-grow: 0; height: 14px; width: 144px;\"><\/div><\/div><\/a><p style=\" color:#c9c8cd; font-family:Arial,sans-serif; font-size:14px; line-height:17px; margin-bottom:0; margin-top:8px; overflow:hidden; padding:8px 0 7px; text-align:center; text-overflow:ellipsis; white-space:nowrap;\"><a href=\"https:\/\/www.instagram.com\/p\/CvPwjQ2oZNB\/?utm_source=ig_embed&amp;utm_campaign=loading\" style=\" color:#c9c8cd; font-family:Arial,sans-serif; font-size:14px; font-style:normal; font-weight:normal; line-height:17px; text-decoration:none;\" target=\"_blank\" rel=\"noopener\">Una publicaci\u00f3n compartida de Museu Moto Bassella (Lleida) (@museumoto)<\/a><\/p><\/div><\/blockquote> <script async src=\"\/\/www.instagram.com\/embed.js\"><\/script>\n\n\n\n<h3 class=\"wp-block-heading\"><span class=\"ez-toc-section\" id=\"Museo_de_Motos_de_La_Puebla_de_Montalban\"><\/span><strong>Museo de Motos de La Puebla de Montalb\u00e1n<\/strong><span class=\"ez-toc-section-end\"><\/span><\/h3>\n\n\n\n<p>Esta colecci\u00f3n recopilada por&nbsp;<strong>Juan Antonio Garc\u00eda<\/strong>, aficionado al motociclismo que se ha encargado de restaurar estas motos, re\u00fane en el antiguo cine Mar\u00eda Cristina de La Puebla de Montalb\u00e1n (Toledo)&nbsp;<strong>130 unidades<\/strong>&nbsp;<strong>del m\u00e1s diverso origen,<\/strong>&nbsp;que abarca desde 1924 hasta 1982.<\/p>\n\n\n\n<p>El museo solo&nbsp;<strong>abre los meses de abril, mayo, septiembre y octubre<\/strong>,&nbsp;s\u00e1bados y festivos de 10 a 14 horas, y de martes a viernes para grupos mediante cita previa en el 639 103 517.<\/p>\n\n\n\n<p>Direcci\u00f3n:&nbsp;<a href=\"https:\/\/maps.app.goo.gl\/366ocPcnL4WCccQ37\" target=\"_blank\" rel=\"noreferrer noopener\">C\/ Se\u00f1or Cura, 7. 45516 La Puebla de Montalb\u00e1n (Toledo)<\/a><\/p>\n\n\n\n<blockquote class=\"instagram-media\" data-instgrm-captioned data-instgrm-permalink=\"https:\/\/www.instagram.com\/p\/Cy5Mi3HMf1G\/?utm_source=ig_embed&amp;utm_campaign=loading\" data-instgrm-version=\"14\" style=\" background:#FFF; border:0; border-radius:3px; box-shadow:0 0 1px 0 rgba(0,0,0,0.5),0 1px 10px 0 rgba(0,0,0,0.15); margin: 1px; max-width:540px; min-width:326px; padding:0; width:99.375%; width:-webkit-calc(100% - 2px); width:calc(100% - 2px);\"><div style=\"padding:16px;\"> <a href=\"https:\/\/www.instagram.com\/p\/Cy5Mi3HMf1G\/?utm_source=ig_embed&amp;utm_campaign=loading\" style=\" background:#FFFFFF; line-height:0; padding:0 0; text-align:center; text-decoration:none; width:100%;\" target=\"_blank\" rel=\"noopener\"> <div style=\" display: flex; flex-direction: row; align-items: center;\"> <div style=\"background-color: #F4F4F4; border-radius: 50%; flex-grow: 0; height: 40px; margin-right: 14px; width: 40px;\"><\/div> <div style=\"display: flex; flex-direction: column; flex-grow: 1; justify-content: center;\"> <div style=\" background-color: #F4F4F4; border-radius: 4px; flex-grow: 0; height: 14px; margin-bottom: 6px; width: 100px;\"><\/div> <div style=\" background-color: #F4F4F4; border-radius: 4px; flex-grow: 0; height: 14px; width: 60px;\"><\/div><\/div><\/div><div style=\"padding: 19% 0;\"><\/div> <div style=\"display:block; height:50px; margin:0 auto 12px; width:50px;\"><svg width=\"50px\" height=\"50px\" viewBox=\"0 0 60 60\" version=\"1.1\" xmlns=\"https:\/\/www.w3.org\/2000\/svg\" xmlns:xlink=\"https:\/\/www.w3.org\/1999\/xlink\"><g stroke=\"none\" stroke-width=\"1\" fill=\"none\" fill-rule=\"evenodd\"><g transform=\"translate(-511.000000, -20.000000)\" fill=\"#000000\"><g><path d=\"M556.869,30.41 C554.814,30.41 553.148,32.076 553.148,34.131 C553.148,36.186 554.814,37.852 556.869,37.852 C558.924,37.852 560.59,36.186 560.59,34.131 C560.59,32.076 558.924,30.41 556.869,30.41 M541,60.657 C535.114,60.657 530.342,55.887 530.342,50 C530.342,44.114 535.114,39.342 541,39.342 C546.887,39.342 551.658,44.114 551.658,50 C551.658,55.887 546.887,60.657 541,60.657 M541,33.886 C532.1,33.886 524.886,41.1 524.886,50 C524.886,58.899 532.1,66.113 541,66.113 C549.9,66.113 557.115,58.899 557.115,50 C557.115,41.1 549.9,33.886 541,33.886 M565.378,62.101 C565.244,65.022 564.756,66.606 564.346,67.663 C563.803,69.06 563.154,70.057 562.106,71.106 C561.058,72.155 560.06,72.803 558.662,73.347 C557.607,73.757 556.021,74.244 553.102,74.378 C549.944,74.521 548.997,74.552 541,74.552 C533.003,74.552 532.056,74.521 528.898,74.378 C525.979,74.244 524.393,73.757 523.338,73.347 C521.94,72.803 520.942,72.155 519.894,71.106 C518.846,70.057 518.197,69.06 517.654,67.663 C517.244,66.606 516.755,65.022 516.623,62.101 C516.479,58.943 516.448,57.996 516.448,50 C516.448,42.003 516.479,41.056 516.623,37.899 C516.755,34.978 517.244,33.391 517.654,32.338 C518.197,30.938 518.846,29.942 519.894,28.894 C520.942,27.846 521.94,27.196 523.338,26.654 C524.393,26.244 525.979,25.756 528.898,25.623 C532.057,25.479 533.004,25.448 541,25.448 C548.997,25.448 549.943,25.479 553.102,25.623 C556.021,25.756 557.607,26.244 558.662,26.654 C560.06,27.196 561.058,27.846 562.106,28.894 C563.154,29.942 563.803,30.938 564.346,32.338 C564.756,33.391 565.244,34.978 565.378,37.899 C565.522,41.056 565.552,42.003 565.552,50 C565.552,57.996 565.522,58.943 565.378,62.101 M570.82,37.631 C570.674,34.438 570.167,32.258 569.425,30.349 C568.659,28.377 567.633,26.702 565.965,25.035 C564.297,23.368 562.623,22.342 560.652,21.575 C558.743,20.834 556.562,20.326 553.369,20.18 C550.169,20.033 549.148,20 541,20 C532.853,20 531.831,20.033 528.631,20.18 C525.438,20.326 523.257,20.834 521.349,21.575 C519.376,22.342 517.703,23.368 516.035,25.035 C514.368,26.702 513.342,28.377 512.574,30.349 C511.834,32.258 511.326,34.438 511.181,37.631 C511.035,40.831 511,41.851 511,50 C511,58.147 511.035,59.17 511.181,62.369 C511.326,65.562 511.834,67.743 512.574,69.651 C513.342,71.625 514.368,73.296 516.035,74.965 C517.703,76.634 519.376,77.658 521.349,78.425 C523.257,79.167 525.438,79.673 528.631,79.82 C531.831,79.965 532.853,80.001 541,80.001 C549.148,80.001 550.169,79.965 553.369,79.82 C556.562,79.673 558.743,79.167 560.652,78.425 C562.623,77.658 564.297,76.634 565.965,74.965 C567.633,73.296 568.659,71.625 569.425,69.651 C570.167,67.743 570.674,65.562 570.82,62.369 C570.966,59.17 571,58.147 571,50 C571,41.851 570.966,40.831 570.82,37.631\"><\/path><\/g><\/g><\/g><\/svg><\/div><div style=\"padding-top: 8px;\"> <div style=\" color:#3897f0; font-family:Arial,sans-serif; font-size:14px; font-style:normal; font-weight:550; line-height:18px;\">Ver esta publicaci\u00f3n en Instagram<\/div><\/div><div style=\"padding: 12.5% 0;\"><\/div> <div style=\"display: flex; flex-direction: row; margin-bottom: 14px; align-items: center;\"><div> <div style=\"background-color: #F4F4F4; border-radius: 50%; height: 12.5px; width: 12.5px; transform: translateX(0px) translateY(7px);\"><\/div> <div style=\"background-color: #F4F4F4; height: 12.5px; transform: rotate(-45deg) translateX(3px) translateY(1px); width: 12.5px; flex-grow: 0; margin-right: 14px; margin-left: 2px;\"><\/div> <div style=\"background-color: #F4F4F4; border-radius: 50%; height: 12.5px; width: 12.5px; transform: translateX(9px) translateY(-18px);\"><\/div><\/div><div style=\"margin-left: 8px;\"> <div style=\" background-color: #F4F4F4; border-radius: 50%; flex-grow: 0; height: 20px; width: 20px;\"><\/div> <div style=\" width: 0; height: 0; border-top: 2px solid transparent; border-left: 6px solid #f4f4f4; border-bottom: 2px solid transparent; transform: translateX(16px) translateY(-4px) rotate(30deg)\"><\/div><\/div><div style=\"margin-left: auto;\"> <div style=\" width: 0px; border-top: 8px solid #F4F4F4; border-right: 8px solid transparent; transform: translateY(16px);\"><\/div> <div style=\" background-color: #F4F4F4; flex-grow: 0; height: 12px; width: 16px; transform: translateY(-4px);\"><\/div> <div style=\" width: 0; height: 0; border-top: 8px solid #F4F4F4; border-left: 8px solid transparent; transform: translateY(-4px) translateX(8px);\"><\/div><\/div><\/div> <div style=\"display: flex; flex-direction: column; flex-grow: 1; justify-content: center; margin-bottom: 24px;\"> <div style=\" background-color: #F4F4F4; border-radius: 4px; flex-grow: 0; height: 14px; margin-bottom: 6px; width: 224px;\"><\/div> <div style=\" background-color: #F4F4F4; border-radius: 4px; flex-grow: 0; height: 14px; width: 144px;\"><\/div><\/div><\/a><p style=\" color:#c9c8cd; font-family:Arial,sans-serif; font-size:14px; line-height:17px; margin-bottom:0; margin-top:8px; overflow:hidden; padding:8px 0 7px; text-align:center; text-overflow:ellipsis; white-space:nowrap;\"><a href=\"https:\/\/www.instagram.com\/p\/Cy5Mi3HMf1G\/?utm_source=ig_embed&amp;utm_campaign=loading\" style=\" color:#c9c8cd; font-family:Arial,sans-serif; font-size:14px; font-style:normal; font-weight:normal; line-height:17px; text-decoration:none;\" target=\"_blank\" rel=\"noopener\">Una publicaci\u00f3n compartida de Museo De Motos Juan Antonio Garc\u00eda (@museodemotos)<\/a><\/p><\/div><\/blockquote> <script async src=\"\/\/www.instagram.com\/embed.js\"><\/script>\n\n\n\n<h3 class=\"wp-block-heading\"><span class=\"ez-toc-section\" id=\"Museo_de_la_Moto_Clasica_de_Hervas\"><\/span><strong>Museo de la Moto Cl\u00e1sica de Herv\u00e1s<\/strong><span class=\"ez-toc-section-end\"><\/span><\/h3>\n\n\n\n<p>En la localidad cacere\u00f1a de Herv\u00e1s se encuentra el&nbsp;<strong>Museo de la Moto y el Coche Cl\u00e1sico,&nbsp;<\/strong>nacido del trabajo del restaurador Juan Gil, que ha logrado reunir en un complejo de singular belleza m\u00e1s de&nbsp;<strong>300 motocicletas<\/strong>&nbsp;<strong>y coches cl\u00e1sicos<\/strong>.&nbsp;En esta colecci\u00f3n podr\u00e1s encontrar&nbsp;<a href=\"https:\/\/www.boxrepsol.com\/es\/vive-tu-moto\/moto-de-cada-generacion\/\">motos de cada generaci\u00f3n<\/a>&nbsp;desde la d\u00e9cada de los a\u00f1os \u201820, hasta los a\u00f1os \u201870.<\/p>\n\n\n\n<p>Esta amplia colecci\u00f3n est\u00e1 repartida a lo largo de ocho majestuosos pabellones situados junto a un antiguo molino de aceite, y rodeados de una frondosa naturaleza que hace del entorno un lugar verdaderamente acogedor.<\/p>\n\n\n\n<p>La muestra abre en dos horarios. En invierno (de octubre a junio), de lunes a viernes de 10:30 a 13:30 horas y de 16 a 19 horas, y s\u00e1bados y domingos de 10:30 a 14:30 horas y de 16 a 19:30 horas. En verano (de julio a septiembre) de lunes a domingo de 10:30 a 14:30 horas y de 17 a 21 horas.<\/p>\n\n\n\n<p>Direcci\u00f3n:&nbsp;<a href=\"https:\/\/maps.app.goo.gl\/Kf3dVJCyZ7UmmbKz7\" target=\"_blank\" rel=\"noreferrer noopener\">Ctra. la Garganta km 0,200. 10700 Herv\u00e1s (C\u00e1ceres)<\/a><\/p>\n\n\n\n<figure class=\"wp-block-embed is-type-video is-provider-youtube wp-block-embed-youtube wp-embed-aspect-16-9 wp-has-aspect-ratio\"><div class=\"wp-block-embed__wrapper\">\n<iframe loading=\"lazy\" title=\"Museo de la Moto y el Coche Cl\u00e1sico de Herv\u00e1s\" width=\"500\" height=\"281\" src=\"https:\/\/www.youtube.com\/embed\/gxXURFkHm-M?feature=oembed\" frameborder=\"0\" allow=\"accelerometer; autoplay; clipboard-write; encrypted-media; gyroscope; picture-in-picture; web-share\" referrerpolicy=\"strict-origin-when-cross-origin\" allowfullscreen><\/iframe>\n<\/div><\/figure>\n\n\n\n<h3 class=\"wp-block-heading\"><span class=\"ez-toc-section\" id=\"Museo_de_Carruajes_y_Motocicletas_de_Zamar\"><\/span><strong>Museo de Carruajes y Motocicletas de Zamar&nbsp;<\/strong><span class=\"ez-toc-section-end\"><\/span><\/h3>\n\n\n\n<p>El&nbsp;<strong>Museo de Carruajes y Motocicletas Zamar<\/strong>&nbsp;se encuentra en el municipio de El Algar, en Cartagena (Murcia). Est\u00e1 centrado en una amplia y valiosa colecci\u00f3n de carruajes, que comparte su espacio con una variada muestra de&nbsp;<strong>motos de<\/strong>&nbsp;<strong>diferentes \u00e9pocas<\/strong>.<\/p>\n\n\n\n<p>Su horario de apertura es de&nbsp;<strong>lunes a s\u00e1bado de 11 a 14 horas<\/strong>. Festivos y domingos cerrado<\/p>\n\n\n\n<p>Direcci\u00f3n:&nbsp;<a href=\"https:\/\/maps.app.goo.gl\/59TCE1hsd49kAptV9\" target=\"_blank\" rel=\"noreferrer noopener\">Ctra. La Uni\u00f3n, km. 2 30366 El Algar-Cartagena (Murcia)<\/a><\/p>\n\n\n\n<figure class=\"wp-block-image size-full\"><img loading=\"lazy\" decoding=\"async\" width=\"720\" height=\"479\" src=\"https:\/\/bxrepsol.s3.eu-west-1.amazonaws.com\/static\/2024\/03\/14103701\/Cartagena_Museo_de_Carruajes_Exposicion_de_motos.jpg\" alt=\"Exposici\u00f3n de motos en el museo de carruajes y motocicletas de Zamar.\" class=\"wp-image-113581\" srcset=\"https:\/\/bxrepsol.s3.eu-west-1.amazonaws.com\/static\/2024\/03\/14103701\/Cartagena_Museo_de_Carruajes_Exposicion_de_motos.jpg 720w, https:\/\/bxrepsol.s3.eu-west-1.amazonaws.com\/static\/2024\/03\/14103701\/Cartagena_Museo_de_Carruajes_Exposicion_de_motos-300x200.jpg 300w\" sizes=\"auto, (max-width: 720px) 100vw, 720px\" \/><figcaption class=\"wp-element-caption\">foto: www.regmurcia.com<\/figcaption><\/figure>\n\n\n\n<h3 class=\"wp-block-heading\"><span class=\"ez-toc-section\" id=\"Museo_de_Motocicletas_Veteranas_Jesus_de_Mingo\"><\/span><strong>Museo de Motocicletas Veteranas Jes\u00fas de Mingo&nbsp;<\/strong><span class=\"ez-toc-section-end\"><\/span><\/h3>\n\n\n\n<p>Situado en la localidad alcarre\u00f1a de Cifuentes,&nbsp;<strong>esta colecci\u00f3n rinde homenaje a<\/strong>&nbsp;<strong>Jes\u00fas de Mingo<\/strong>, abuelo de los promotores del museo, que ya en los a\u00f1os 20 del pasado siglo comenz\u00f3 a&nbsp;<strong>recopilar todo&nbsp;<\/strong><a href=\"https:\/\/www.boxrepsol.com\/es\/vive-tu-moto\/tipos-de-moto-cual-es-el-tuyo\/\"><strong>tipo de motos<\/strong><\/a><strong>.&nbsp;<\/strong>La muestra se compone de&nbsp;<strong>80 modelos en perfecto estado de conservaci\u00f3n,<\/strong>&nbsp;acompa\u00f1adas de todo tipo de elementos y accesorios relacionados con la automoci\u00f3n.<\/p>\n\n\n\n<p>Se puede visitar de abril a octubre, s\u00e1bados y domingos de 12 a 14 horas y de 17 a 20 horas.&nbsp;<strong>El resto del a\u00f1o se debe acudir con cita previa<\/strong>&nbsp;(650 017 874 \/ 627 559 130 \/ 699 260 305).<\/p>\n\n\n\n<p>Direcci\u00f3n:&nbsp;<a href=\"https:\/\/maps.app.goo.gl\/YfNC9pVxoGfJ5r6d9\" target=\"_blank\" rel=\"noreferrer noopener\">Plaza Mayor. 19420 Cifuentes (Guadalajara)<\/a><\/p>\n\n\n\n<figure class=\"wp-block-image size-full\"><img loading=\"lazy\" decoding=\"async\" width=\"512\" height=\"338\" src=\"https:\/\/bxrepsol.s3.eu-west-1.amazonaws.com\/static\/2024\/03\/14104015\/1354467316.jpg\" alt=\"Motos de la exposici\u00f3n del museo de motocicletas veteranas Jes\u00fas de Mingo\" class=\"wp-image-113583\" srcset=\"https:\/\/bxrepsol.s3.eu-west-1.amazonaws.com\/static\/2024\/03\/14104015\/1354467316.jpg 512w, https:\/\/bxrepsol.s3.eu-west-1.amazonaws.com\/static\/2024\/03\/14104015\/1354467316-300x198.jpg 300w\" sizes=\"auto, (max-width: 512px) 100vw, 512px\" \/><figcaption class=\"wp-element-caption\">Foto: www.feva.es<\/figcaption><\/figure>\n\n\n\n<h2 class=\"wp-block-heading\"><span class=\"ez-toc-section\" id=\"Los_3_mejores_museos_de_motos_por_el_mundo\"><\/span>Los 3 mejores museos de motos por el mundo<span class=\"ez-toc-section-end\"><\/span><\/h2>\n\n\n\n<p>Fuera de Espa\u00f1a hay importantes colecciones dedicadas a la historia motociclista. Hay infinidad de ellas, pero vamos a citar a&nbsp;<strong>las tres m\u00e1s destacadas en Asia, Europa y Am\u00e9rica<\/strong>:<\/p>\n\n\n\n<p><\/p>\n\n\n\n<h3 class=\"wp-block-heading\"><span class=\"ez-toc-section\" id=\"Motegi_Honda_Collection_Hall\"><\/span><strong>Motegi Honda Collection Hall<\/strong><span class=\"ez-toc-section-end\"><\/span><\/h3>\n\n\n\n<p><\/p>\n\n\n\n<p>El circuito de Motegi, escenario del Gran Premio de Jap\u00f3n de MotoGP, cuenta con&nbsp;<strong>una de las mejores exposiciones motociclistas<\/strong>&nbsp;que alguien pueda contemplar, el&nbsp;<a href=\"https:\/\/www.boxrepsol.com\/es\/cultura-motera\/honda-collection-hall-el-paraiso-de-las-dos-ruedas\/\">Motegi Honda Collection Hall<\/a>, donde re\u00fane un gran n\u00famero de&nbsp;<strong>motos y coches realizados por Honda<\/strong>, tanto de producci\u00f3n como de carreras, adem\u00e1s de otros veh\u00edculos procedentes de diferentes marcas cuya presencia en la muestra obedece a una significaci\u00f3n especial.<\/p>\n\n\n\n<p>Se inaugur\u00f3 en 1998 coincidiendo con la apertura del circuito y cuenta con 350 modelos<strong>&nbsp;<\/strong>en su exposici\u00f3n, que han hecho historia en el mundial de motociclismo. Jap\u00f3n est\u00e1 muy lejos, pero si quieres darte una vuelta por la muestra, puedes hacerlo a trav\u00e9s de la valiosa experiencia de&nbsp;<a href=\"https:\/\/www.google.com\/maps\/@36.5265683,140.2265664,2a,75y,193.16h,82.88t\/data=!3m7!1e1!3m5!1stqMhp-Ylaoa-bKdAmjLsuQ!2e0!3e5!7i13312!8i6656?hl=ca&amp;entry=ttu\">Google Street View<\/a>, que permite realizar un&nbsp;<strong>recorrido virtual<\/strong>&nbsp;de 360\u00ba a lo largo del museo.<\/p>\n\n\n\n<figure class=\"wp-block-image size-full\"><img loading=\"lazy\" decoding=\"async\" width=\"600\" height=\"400\" src=\"https:\/\/bxrepsol.s3.eu-west-1.amazonaws.com\/static\/2024\/03\/14104552\/16Japon18MgpREPSOL_JOC0166.jpg\" alt=\"Marc M\u00e1rquez posando junto a su moto en el Museo de Honda de Motegi.\" class=\"wp-image-113586\" srcset=\"https:\/\/bxrepsol.s3.eu-west-1.amazonaws.com\/static\/2024\/03\/14104552\/16Japon18MgpREPSOL_JOC0166.jpg 600w, https:\/\/bxrepsol.s3.eu-west-1.amazonaws.com\/static\/2024\/03\/14104552\/16Japon18MgpREPSOL_JOC0166-300x200.jpg 300w\" sizes=\"auto, (max-width: 600px) 100vw, 600px\" \/><\/figure>\n\n\n\n<h3 class=\"wp-block-heading\"><span class=\"ez-toc-section\" id=\"Collezzione_Moto_Poggi\"><\/span><strong>Collezzione Moto Poggi<\/strong><span class=\"ez-toc-section-end\"><\/span><\/h3>\n\n\n\n<p><\/p>\n\n\n\n<p>Situado en la&nbsp;<strong>Emilio-Romagna<\/strong>, la regi\u00f3n italiana con mayor tradici\u00f3n motociclista, se encuentra en la localidad de&nbsp;<strong>Villanova di Castenaso<\/strong>, en la provincia de Bolonia, y es fruto del trabajo de Pierluigi Poggi, afamado coleccionista de motocicletas.<\/p>\n\n\n\n<p>La colecci\u00f3n se centra en la&nbsp;<strong>historia de las motos de carreras Yamaha<\/strong>&nbsp;e incluye desde las primeras motos de competici\u00f3n de Yamaha, como la YDS-1R de 1959, a numerosos ejemplares de TZ de 250 a 750 cc, y las poderosas YZR 500 de \u201cdos tiempos\u201d.&nbsp;<strong>Re\u00fane m\u00e1s de 60 ejemplares<\/strong>&nbsp;totalmente conservados y restaurados.<\/p>\n\n\n\n<blockquote class=\"instagram-media\" data-instgrm-captioned data-instgrm-permalink=\"https:\/\/www.instagram.com\/p\/Bkkec6ZBF19\/?utm_source=ig_embed&amp;utm_campaign=loading\" data-instgrm-version=\"14\" style=\" background:#FFF; border:0; border-radius:3px; box-shadow:0 0 1px 0 rgba(0,0,0,0.5),0 1px 10px 0 rgba(0,0,0,0.15); margin: 1px; max-width:540px; min-width:326px; padding:0; width:99.375%; width:-webkit-calc(100% - 2px); width:calc(100% - 2px);\"><div style=\"padding:16px;\"> <a href=\"https:\/\/www.instagram.com\/p\/Bkkec6ZBF19\/?utm_source=ig_embed&amp;utm_campaign=loading\" style=\" background:#FFFFFF; line-height:0; padding:0 0; text-align:center; text-decoration:none; width:100%;\" target=\"_blank\" rel=\"noopener\"> <div style=\" display: flex; flex-direction: row; align-items: center;\"> <div style=\"background-color: #F4F4F4; border-radius: 50%; flex-grow: 0; height: 40px; margin-right: 14px; width: 40px;\"><\/div> <div style=\"display: flex; flex-direction: column; flex-grow: 1; justify-content: center;\"> <div style=\" background-color: #F4F4F4; border-radius: 4px; flex-grow: 0; height: 14px; margin-bottom: 6px; width: 100px;\"><\/div> <div style=\" background-color: #F4F4F4; border-radius: 4px; flex-grow: 0; height: 14px; width: 60px;\"><\/div><\/div><\/div><div style=\"padding: 19% 0;\"><\/div> <div style=\"display:block; height:50px; margin:0 auto 12px; width:50px;\"><svg width=\"50px\" height=\"50px\" viewBox=\"0 0 60 60\" version=\"1.1\" xmlns=\"https:\/\/www.w3.org\/2000\/svg\" xmlns:xlink=\"https:\/\/www.w3.org\/1999\/xlink\"><g stroke=\"none\" stroke-width=\"1\" fill=\"none\" fill-rule=\"evenodd\"><g transform=\"translate(-511.000000, -20.000000)\" fill=\"#000000\"><g><path d=\"M556.869,30.41 C554.814,30.41 553.148,32.076 553.148,34.131 C553.148,36.186 554.814,37.852 556.869,37.852 C558.924,37.852 560.59,36.186 560.59,34.131 C560.59,32.076 558.924,30.41 556.869,30.41 M541,60.657 C535.114,60.657 530.342,55.887 530.342,50 C530.342,44.114 535.114,39.342 541,39.342 C546.887,39.342 551.658,44.114 551.658,50 C551.658,55.887 546.887,60.657 541,60.657 M541,33.886 C532.1,33.886 524.886,41.1 524.886,50 C524.886,58.899 532.1,66.113 541,66.113 C549.9,66.113 557.115,58.899 557.115,50 C557.115,41.1 549.9,33.886 541,33.886 M565.378,62.101 C565.244,65.022 564.756,66.606 564.346,67.663 C563.803,69.06 563.154,70.057 562.106,71.106 C561.058,72.155 560.06,72.803 558.662,73.347 C557.607,73.757 556.021,74.244 553.102,74.378 C549.944,74.521 548.997,74.552 541,74.552 C533.003,74.552 532.056,74.521 528.898,74.378 C525.979,74.244 524.393,73.757 523.338,73.347 C521.94,72.803 520.942,72.155 519.894,71.106 C518.846,70.057 518.197,69.06 517.654,67.663 C517.244,66.606 516.755,65.022 516.623,62.101 C516.479,58.943 516.448,57.996 516.448,50 C516.448,42.003 516.479,41.056 516.623,37.899 C516.755,34.978 517.244,33.391 517.654,32.338 C518.197,30.938 518.846,29.942 519.894,28.894 C520.942,27.846 521.94,27.196 523.338,26.654 C524.393,26.244 525.979,25.756 528.898,25.623 C532.057,25.479 533.004,25.448 541,25.448 C548.997,25.448 549.943,25.479 553.102,25.623 C556.021,25.756 557.607,26.244 558.662,26.654 C560.06,27.196 561.058,27.846 562.106,28.894 C563.154,29.942 563.803,30.938 564.346,32.338 C564.756,33.391 565.244,34.978 565.378,37.899 C565.522,41.056 565.552,42.003 565.552,50 C565.552,57.996 565.522,58.943 565.378,62.101 M570.82,37.631 C570.674,34.438 570.167,32.258 569.425,30.349 C568.659,28.377 567.633,26.702 565.965,25.035 C564.297,23.368 562.623,22.342 560.652,21.575 C558.743,20.834 556.562,20.326 553.369,20.18 C550.169,20.033 549.148,20 541,20 C532.853,20 531.831,20.033 528.631,20.18 C525.438,20.326 523.257,20.834 521.349,21.575 C519.376,22.342 517.703,23.368 516.035,25.035 C514.368,26.702 513.342,28.377 512.574,30.349 C511.834,32.258 511.326,34.438 511.181,37.631 C511.035,40.831 511,41.851 511,50 C511,58.147 511.035,59.17 511.181,62.369 C511.326,65.562 511.834,67.743 512.574,69.651 C513.342,71.625 514.368,73.296 516.035,74.965 C517.703,76.634 519.376,77.658 521.349,78.425 C523.257,79.167 525.438,79.673 528.631,79.82 C531.831,79.965 532.853,80.001 541,80.001 C549.148,80.001 550.169,79.965 553.369,79.82 C556.562,79.673 558.743,79.167 560.652,78.425 C562.623,77.658 564.297,76.634 565.965,74.965 C567.633,73.296 568.659,71.625 569.425,69.651 C570.167,67.743 570.674,65.562 570.82,62.369 C570.966,59.17 571,58.147 571,50 C571,41.851 570.966,40.831 570.82,37.631\"><\/path><\/g><\/g><\/g><\/svg><\/div><div style=\"padding-top: 8px;\"> <div style=\" color:#3897f0; font-family:Arial,sans-serif; font-size:14px; font-style:normal; font-weight:550; line-height:18px;\">Ver esta publicaci\u00f3n en Instagram<\/div><\/div><div style=\"padding: 12.5% 0;\"><\/div> <div style=\"display: flex; flex-direction: row; margin-bottom: 14px; align-items: center;\"><div> <div style=\"background-color: #F4F4F4; border-radius: 50%; height: 12.5px; width: 12.5px; transform: translateX(0px) translateY(7px);\"><\/div> <div style=\"background-color: #F4F4F4; height: 12.5px; transform: rotate(-45deg) translateX(3px) translateY(1px); width: 12.5px; flex-grow: 0; margin-right: 14px; margin-left: 2px;\"><\/div> <div style=\"background-color: #F4F4F4; border-radius: 50%; height: 12.5px; width: 12.5px; transform: translateX(9px) translateY(-18px);\"><\/div><\/div><div style=\"margin-left: 8px;\"> <div style=\" background-color: #F4F4F4; border-radius: 50%; flex-grow: 0; height: 20px; width: 20px;\"><\/div> <div style=\" width: 0; height: 0; border-top: 2px solid transparent; border-left: 6px solid #f4f4f4; border-bottom: 2px solid transparent; transform: translateX(16px) translateY(-4px) rotate(30deg)\"><\/div><\/div><div style=\"margin-left: auto;\"> <div style=\" width: 0px; border-top: 8px solid #F4F4F4; border-right: 8px solid transparent; transform: translateY(16px);\"><\/div> <div style=\" background-color: #F4F4F4; flex-grow: 0; height: 12px; width: 16px; transform: translateY(-4px);\"><\/div> <div style=\" width: 0; height: 0; border-top: 8px solid #F4F4F4; border-left: 8px solid transparent; transform: translateY(-4px) translateX(8px);\"><\/div><\/div><\/div> <div style=\"display: flex; flex-direction: column; flex-grow: 1; justify-content: center; margin-bottom: 24px;\"> <div style=\" background-color: #F4F4F4; border-radius: 4px; flex-grow: 0; height: 14px; margin-bottom: 6px; width: 224px;\"><\/div> <div style=\" background-color: #F4F4F4; border-radius: 4px; flex-grow: 0; height: 14px; width: 144px;\"><\/div><\/div><\/a><p style=\" color:#c9c8cd; font-family:Arial,sans-serif; font-size:14px; line-height:17px; margin-bottom:0; margin-top:8px; overflow:hidden; padding:8px 0 7px; text-align:center; text-overflow:ellipsis; white-space:nowrap;\"><a href=\"https:\/\/www.instagram.com\/p\/Bkkec6ZBF19\/?utm_source=ig_embed&amp;utm_campaign=loading\" style=\" color:#c9c8cd; font-family:Arial,sans-serif; font-size:14px; font-style:normal; font-weight:normal; line-height:17px; text-decoration:none;\" target=\"_blank\" rel=\"noopener\">Una publicaci\u00f3n compartida de Jindrich Faborsky (@jednoustopou)<\/a><\/p><\/div><\/blockquote> <script async src=\"\/\/www.instagram.com\/embed.js\"><\/script>\n\n\n\n<h3 class=\"wp-block-heading\"><span class=\"ez-toc-section\" id=\"Barber_Vintage_Motorsports_Museum\"><\/span><strong>Barber Vintage Motorsports Museum<\/strong><span class=\"ez-toc-section-end\"><\/span><\/h3>\n\n\n\n<p><\/p>\n\n\n\n<p>Es, probablemente, el&nbsp;<strong>museo de automoci\u00f3n m\u00e1s descomunal del mundo<\/strong>. Situado en el enclave del Barber Motorsport Raceway, uno de los circuitos de velocidad con mayor actividad en Estados Unidos, fue fundado por George Barber en Birmingham, Alabama (EE.UU). En un amplio, funcional y vanguardista edificio, la colecci\u00f3n Barber&nbsp;<strong>re\u00fane m\u00e1s de 900 modelos de todo tipo.<\/strong><\/p>\n\n\n\n<p>Puedes encontrar&nbsp;<strong>motos de carreras de todas las \u00e9pocas<\/strong>&nbsp;y todo tipo de motos de producci\u00f3n, lo que permite realizar un largo recorrido a trav\u00e9s de la&nbsp;<strong>historia de la industria motociclista<\/strong>&nbsp;en una sola visita. Aunque dada su magnitud, el Barber Vintage Motorsport Museum requiere m\u00e1s de una visita.<\/p>\n\n\n\n<figure class=\"wp-block-image size-full\"><img loading=\"lazy\" decoding=\"async\" width=\"600\" height=\"400\" src=\"https:\/\/bxrepsol.s3.eu-west-1.amazonaws.com\/static\/2024\/03\/14072654\/museos.jpg\" alt=\"\" class=\"wp-image-113558\" srcset=\"https:\/\/bxrepsol.s3.eu-west-1.amazonaws.com\/static\/2024\/03\/14072654\/museos.jpg 600w, https:\/\/bxrepsol.s3.eu-west-1.amazonaws.com\/static\/2024\/03\/14072654\/museos-300x200.jpg 300w\" sizes=\"auto, (max-width: 600px) 100vw, 600px\" \/><\/figure>\n","protected":false},"excerpt":{"rendered":"<p>\u00bfTe gustar\u00eda conocer el origen de las motocicletas de hoy en d\u00eda? Descubre la esencia motera en algunos de los mejores museos de motos de Espa\u00f1a y del resto del mundo.<\/p>\n","protected":false},"author":41268,"featured_media":113553,"comment_status":"open","ping_status":"open","sticky":false,"template":"","format":"standard","meta":{"footnotes":""},"categories":[122],"tags":[],"class_list":["post-113549","post","type-post","status-publish","format-standard","hentry","category-vive-tu-moto"],"yoast_head":"<!-- This site is optimized with the Yoast SEO plugin v27.3 - https:\/\/yoast.com\/product\/yoast-seo-wordpress\/ -->\n<title>Descubre los mejores museos de motos de Espa\u00f1a - Box Repsol<\/title>\n<meta name=\"description\" content=\"Descubre los museos de motocicletas m\u00e1s impresionantes del mundo. Disfruta de un apasionante viaje a trav\u00e9s de la historia del mundo de las dos ruedas.\" \/>\n<link rel=\"canonical\" href=\"https:\/\/www.boxrepsol.com\/es\/vive-tu-moto\/mejores-museos-motos\/\" \/>\n<meta property=\"og:locale\" content=\"es_ES\" \/>\n<meta property=\"og:type\" content=\"article\" \/>\n<meta property=\"og:title\" content=\"Descubre los mejores museos de motos de Espa\u00f1a - Box Repsol\" \/>\n<meta property=\"og:description\" content=\"Descubre los museos de motocicletas m\u00e1s impresionantes del mundo. Disfruta de un apasionante viaje a trav\u00e9s de la historia del mundo de las dos ruedas.\" \/>\n<meta property=\"og:url\" content=\"https:\/\/www.boxrepsol.com\/es\/vive-tu-moto\/mejores-museos-motos\/\" \/>\n<meta property=\"og:site_name\" content=\"Box Repsol\" \/>\n<meta property=\"article:publisher\" content=\"https:\/\/www.facebook.com\/BoxRepsol\" \/>\n<meta property=\"article:published_time\" content=\"2024-03-14T10:55:31+00:00\" \/>\n<meta property=\"article:modified_time\" content=\"2024-03-21T13:12:21+00:00\" \/>\n<meta property=\"og:image\" content=\"https:\/\/bxrepsol.s3.eu-west-1.amazonaws.com\/static\/2024\/03\/14072126\/Montesa-Museo-de-la-Moto-Bassella-2020-7-1200x789-1.jpg\" \/>\n\t<meta property=\"og:image:width\" content=\"700\" \/>\n\t<meta property=\"og:image:height\" content=\"350\" \/>\n\t<meta property=\"og:image:type\" content=\"image\/jpeg\" \/>\n<meta name=\"author\" content=\"Juan Pedro de la Torre\" \/>\n<meta name=\"twitter:card\" content=\"summary_large_image\" \/>\n<meta name=\"twitter:creator\" content=\"@https:\/\/twitter.com\/JPdelaTorre1965\" \/>\n<meta name=\"twitter:site\" content=\"@box_repsol\" \/>\n<meta name=\"twitter:label1\" content=\"Written by\" \/>\n\t<meta name=\"twitter:data1\" content=\"Juan Pedro de la Torre\" \/>\n\t<meta name=\"twitter:label2\" content=\"Est. reading time\" \/>\n\t<meta name=\"twitter:data2\" content=\"7 minutos\" \/>\n<script type=\"application\/ld+json\" class=\"yoast-schema-graph\">{\"@context\":\"https:\\\/\\\/schema.org\",\"@graph\":[{\"@type\":\"Article\",\"@id\":\"https:\\\/\\\/www.boxrepsol.com\\\/es\\\/vive-tu-moto\\\/mejores-museos-motos\\\/#article\",\"isPartOf\":{\"@id\":\"https:\\\/\\\/www.boxrepsol.com\\\/es\\\/vive-tu-moto\\\/mejores-museos-motos\\\/\"},\"author\":{\"name\":\"Juan Pedro de la Torre\",\"@id\":\"https:\\\/\\\/www.boxrepsol.com\\\/es\\\/#\\\/schema\\\/person\\\/26abce1d675df22d63ac9e9d5f23e4aa\"},\"headline\":\"Los mejores museos de motos\",\"datePublished\":\"2024-03-14T10:55:31+00:00\",\"dateModified\":\"2024-03-21T13:12:21+00:00\",\"mainEntityOfPage\":{\"@id\":\"https:\\\/\\\/www.boxrepsol.com\\\/es\\\/vive-tu-moto\\\/mejores-museos-motos\\\/\"},\"wordCount\":1451,\"commentCount\":1,\"publisher\":{\"@id\":\"https:\\\/\\\/www.boxrepsol.com\\\/es\\\/#organization\"},\"image\":{\"@id\":\"https:\\\/\\\/www.boxrepsol.com\\\/es\\\/vive-tu-moto\\\/mejores-museos-motos\\\/#primaryimage\"},\"thumbnailUrl\":\"https:\\\/\\\/bxrepsol.s3.eu-west-1.amazonaws.com\\\/static\\\/2024\\\/03\\\/14072126\\\/Montesa-Museo-de-la-Moto-Bassella-2020-7-1200x789-1.jpg\",\"articleSection\":[\"Vive tu moto\"],\"inLanguage\":\"es\",\"potentialAction\":[{\"@type\":\"CommentAction\",\"name\":\"Comment\",\"target\":[\"https:\\\/\\\/www.boxrepsol.com\\\/es\\\/vive-tu-moto\\\/mejores-museos-motos\\\/#respond\"]}]},{\"@type\":\"WebPage\",\"@id\":\"https:\\\/\\\/www.boxrepsol.com\\\/es\\\/vive-tu-moto\\\/mejores-museos-motos\\\/\",\"url\":\"https:\\\/\\\/www.boxrepsol.com\\\/es\\\/vive-tu-moto\\\/mejores-museos-motos\\\/\",\"name\":\"Descubre los mejores museos de motos de Espa\u00f1a - Box Repsol\",\"isPartOf\":{\"@id\":\"https:\\\/\\\/www.boxrepsol.com\\\/es\\\/#website\"},\"primaryImageOfPage\":{\"@id\":\"https:\\\/\\\/www.boxrepsol.com\\\/es\\\/vive-tu-moto\\\/mejores-museos-motos\\\/#primaryimage\"},\"image\":{\"@id\":\"https:\\\/\\\/www.boxrepsol.com\\\/es\\\/vive-tu-moto\\\/mejores-museos-motos\\\/#primaryimage\"},\"thumbnailUrl\":\"https:\\\/\\\/bxrepsol.s3.eu-west-1.amazonaws.com\\\/static\\\/2024\\\/03\\\/14072126\\\/Montesa-Museo-de-la-Moto-Bassella-2020-7-1200x789-1.jpg\",\"datePublished\":\"2024-03-14T10:55:31+00:00\",\"dateModified\":\"2024-03-21T13:12:21+00:00\",\"description\":\"Descubre los museos de motocicletas m\u00e1s impresionantes del mundo. Disfruta de un apasionante viaje a trav\u00e9s de la historia del mundo de las dos ruedas.\",\"breadcrumb\":{\"@id\":\"https:\\\/\\\/www.boxrepsol.com\\\/es\\\/vive-tu-moto\\\/mejores-museos-motos\\\/#breadcrumb\"},\"inLanguage\":\"es\",\"potentialAction\":[{\"@type\":\"ReadAction\",\"target\":[\"https:\\\/\\\/www.boxrepsol.com\\\/es\\\/vive-tu-moto\\\/mejores-museos-motos\\\/\"]}]},{\"@type\":\"ImageObject\",\"inLanguage\":\"es\",\"@id\":\"https:\\\/\\\/www.boxrepsol.com\\\/es\\\/vive-tu-moto\\\/mejores-museos-motos\\\/#primaryimage\",\"url\":\"https:\\\/\\\/bxrepsol.s3.eu-west-1.amazonaws.com\\\/static\\\/2024\\\/03\\\/14072126\\\/Montesa-Museo-de-la-Moto-Bassella-2020-7-1200x789-1.jpg\",\"contentUrl\":\"https:\\\/\\\/bxrepsol.s3.eu-west-1.amazonaws.com\\\/static\\\/2024\\\/03\\\/14072126\\\/Montesa-Museo-de-la-Moto-Bassella-2020-7-1200x789-1.jpg\",\"width\":700,\"height\":350},{\"@type\":\"BreadcrumbList\",\"@id\":\"https:\\\/\\\/www.boxrepsol.com\\\/es\\\/vive-tu-moto\\\/mejores-museos-motos\\\/#breadcrumb\",\"itemListElement\":[{\"@type\":\"ListItem\",\"position\":1,\"name\":\"Home\",\"item\":\"https:\\\/\\\/www.boxrepsol.com\\\/es\\\/\"},{\"@type\":\"ListItem\",\"position\":2,\"name\":\"Los mejores museos de motos\"}]},{\"@type\":\"WebSite\",\"@id\":\"https:\\\/\\\/www.boxrepsol.com\\\/es\\\/#website\",\"url\":\"https:\\\/\\\/www.boxrepsol.com\\\/es\\\/\",\"name\":\"Box Repsol\",\"description\":\"Box Repsol Site\",\"publisher\":{\"@id\":\"https:\\\/\\\/www.boxrepsol.com\\\/es\\\/#organization\"},\"potentialAction\":[{\"@type\":\"SearchAction\",\"target\":{\"@type\":\"EntryPoint\",\"urlTemplate\":\"https:\\\/\\\/www.boxrepsol.com\\\/es\\\/?s={search_term_string}\"},\"query-input\":{\"@type\":\"PropertyValueSpecification\",\"valueRequired\":true,\"valueName\":\"search_term_string\"}}],\"inLanguage\":\"es\"},{\"@type\":\"Organization\",\"@id\":\"https:\\\/\\\/www.boxrepsol.com\\\/es\\\/#organization\",\"name\":\"Box Repsol\",\"url\":\"https:\\\/\\\/www.boxrepsol.com\\\/es\\\/\",\"logo\":{\"@type\":\"ImageObject\",\"inLanguage\":\"es\",\"@id\":\"https:\\\/\\\/www.boxrepsol.com\\\/es\\\/#\\\/schema\\\/logo\\\/image\\\/\",\"url\":\"https:\\\/\\\/bxrepsol.s3.eu-west-1.amazonaws.com\\\/static\\\/2025\\\/07\\\/30083337\\\/favicon-96x96-1.png\",\"contentUrl\":\"https:\\\/\\\/bxrepsol.s3.eu-west-1.amazonaws.com\\\/static\\\/2025\\\/07\\\/30083337\\\/favicon-96x96-1.png\",\"width\":96,\"height\":96,\"caption\":\"Box Repsol\"},\"image\":{\"@id\":\"https:\\\/\\\/www.boxrepsol.com\\\/es\\\/#\\\/schema\\\/logo\\\/image\\\/\"},\"sameAs\":[\"https:\\\/\\\/www.facebook.com\\\/BoxRepsol\",\"https:\\\/\\\/x.com\\\/box_repsol\",\"http:\\\/\\\/instagram.com\\\/box_repsol\",\"https:\\\/\\\/www.youtube.com\\\/user\\\/RepsolCompeticion\",\"https:\\\/\\\/www.flickr.com\\\/photos\\\/box_repsol\\\/\"]},{\"@type\":\"Person\",\"@id\":\"https:\\\/\\\/www.boxrepsol.com\\\/es\\\/#\\\/schema\\\/person\\\/26abce1d675df22d63ac9e9d5f23e4aa\",\"name\":\"Juan Pedro de la Torre\",\"image\":{\"@type\":\"ImageObject\",\"inLanguage\":\"es\",\"@id\":\"https:\\\/\\\/secure.gravatar.com\\\/avatar\\\/e81f780ee2930d7be330cb34304decf0e9bc66bec0158805a0fe2726f4517224?s=96&d=mm&r=g\",\"url\":\"https:\\\/\\\/secure.gravatar.com\\\/avatar\\\/e81f780ee2930d7be330cb34304decf0e9bc66bec0158805a0fe2726f4517224?s=96&d=mm&r=g\",\"contentUrl\":\"https:\\\/\\\/secure.gravatar.com\\\/avatar\\\/e81f780ee2930d7be330cb34304decf0e9bc66bec0158805a0fe2726f4517224?s=96&d=mm&r=g\",\"caption\":\"Juan Pedro de la Torre\"},\"description\":\"Se inici\u00f3 en el diario Marca en 1988 y posteriormente pas\u00f3 a la revista Motociclismo, donde llegar\u00eda a ser director de deporte. Despu\u00e9s fue editor y director de Motoworld.es y Sport Bikes y colabor\u00f3 con varios medios. Adem\u00e1s, ha publicado una docena de libros y actualmente trabaja como colaborador para Motociclismo, El Confidencial y Box Repsol.\",\"sameAs\":[\"https:\\\/\\\/x.com\\\/https:\\\/\\\/twitter.com\\\/JPdelaTorre1965\",\"https:\\\/\\\/youtube.com\\\/@juanpedrodelatorremotoworld\"],\"url\":\"https:\\\/\\\/www.boxrepsol.com\\\/es\\\/author\\\/juanpedro_delatorre\\\/\"}]}<\/script>\n<!-- \/ Yoast SEO plugin. -->","yoast_head_json":{"title":"Descubre los mejores museos de motos de Espa\u00f1a - Box Repsol","description":"Descubre los museos de motocicletas m\u00e1s impresionantes del mundo. Disfruta de un apasionante viaje a trav\u00e9s de la historia del mundo de las dos ruedas.","canonical":"https:\/\/www.boxrepsol.com\/es\/vive-tu-moto\/mejores-museos-motos\/","og_locale":"es_ES","og_type":"article","og_title":"Descubre los mejores museos de motos de Espa\u00f1a - Box Repsol","og_description":"Descubre los museos de motocicletas m\u00e1s impresionantes del mundo. Disfruta de un apasionante viaje a trav\u00e9s de la historia del mundo de las dos ruedas.","og_url":"https:\/\/www.boxrepsol.com\/es\/vive-tu-moto\/mejores-museos-motos\/","og_site_name":"Box Repsol","article_publisher":"https:\/\/www.facebook.com\/BoxRepsol","article_published_time":"2024-03-14T10:55:31+00:00","article_modified_time":"2024-03-21T13:12:21+00:00","og_image":[{"width":700,"height":350,"url":"https:\/\/bxrepsol.s3.eu-west-1.amazonaws.com\/static\/2024\/03\/14072126\/Montesa-Museo-de-la-Moto-Bassella-2020-7-1200x789-1.jpg","type":"image\/jpeg"}],"author":"Juan Pedro de la Torre","twitter_card":"summary_large_image","twitter_creator":"@https:\/\/twitter.com\/JPdelaTorre1965","twitter_site":"@box_repsol","twitter_misc":{"Written by":"Juan Pedro de la Torre","Est. reading time":"7 minutos"},"schema":{"@context":"https:\/\/schema.org","@graph":[{"@type":"Article","@id":"https:\/\/www.boxrepsol.com\/es\/vive-tu-moto\/mejores-museos-motos\/#article","isPartOf":{"@id":"https:\/\/www.boxrepsol.com\/es\/vive-tu-moto\/mejores-museos-motos\/"},"author":{"name":"Juan Pedro de la Torre","@id":"https:\/\/www.boxrepsol.com\/es\/#\/schema\/person\/26abce1d675df22d63ac9e9d5f23e4aa"},"headline":"Los mejores museos de motos","datePublished":"2024-03-14T10:55:31+00:00","dateModified":"2024-03-21T13:12:21+00:00","mainEntityOfPage":{"@id":"https:\/\/www.boxrepsol.com\/es\/vive-tu-moto\/mejores-museos-motos\/"},"wordCount":1451,"commentCount":1,"publisher":{"@id":"https:\/\/www.boxrepsol.com\/es\/#organization"},"image":{"@id":"https:\/\/www.boxrepsol.com\/es\/vive-tu-moto\/mejores-museos-motos\/#primaryimage"},"thumbnailUrl":"https:\/\/bxrepsol.s3.eu-west-1.amazonaws.com\/static\/2024\/03\/14072126\/Montesa-Museo-de-la-Moto-Bassella-2020-7-1200x789-1.jpg","articleSection":["Vive tu moto"],"inLanguage":"es","potentialAction":[{"@type":"CommentAction","name":"Comment","target":["https:\/\/www.boxrepsol.com\/es\/vive-tu-moto\/mejores-museos-motos\/#respond"]}]},{"@type":"WebPage","@id":"https:\/\/www.boxrepsol.com\/es\/vive-tu-moto\/mejores-museos-motos\/","url":"https:\/\/www.boxrepsol.com\/es\/vive-tu-moto\/mejores-museos-motos\/","name":"Descubre los mejores museos de motos de Espa\u00f1a - Box Repsol","isPartOf":{"@id":"https:\/\/www.boxrepsol.com\/es\/#website"},"primaryImageOfPage":{"@id":"https:\/\/www.boxrepsol.com\/es\/vive-tu-moto\/mejores-museos-motos\/#primaryimage"},"image":{"@id":"https:\/\/www.boxrepsol.com\/es\/vive-tu-moto\/mejores-museos-motos\/#primaryimage"},"thumbnailUrl":"https:\/\/bxrepsol.s3.eu-west-1.amazonaws.com\/static\/2024\/03\/14072126\/Montesa-Museo-de-la-Moto-Bassella-2020-7-1200x789-1.jpg","datePublished":"2024-03-14T10:55:31+00:00","dateModified":"2024-03-21T13:12:21+00:00","description":"Descubre los museos de motocicletas m\u00e1s impresionantes del mundo. Disfruta de un apasionante viaje a trav\u00e9s de la historia del mundo de las dos ruedas.","breadcrumb":{"@id":"https:\/\/www.boxrepsol.com\/es\/vive-tu-moto\/mejores-museos-motos\/#breadcrumb"},"inLanguage":"es","potentialAction":[{"@type":"ReadAction","target":["https:\/\/www.boxrepsol.com\/es\/vive-tu-moto\/mejores-museos-motos\/"]}]},{"@type":"ImageObject","inLanguage":"es","@id":"https:\/\/www.boxrepsol.com\/es\/vive-tu-moto\/mejores-museos-motos\/#primaryimage","url":"https:\/\/bxrepsol.s3.eu-west-1.amazonaws.com\/static\/2024\/03\/14072126\/Montesa-Museo-de-la-Moto-Bassella-2020-7-1200x789-1.jpg","contentUrl":"https:\/\/bxrepsol.s3.eu-west-1.amazonaws.com\/static\/2024\/03\/14072126\/Montesa-Museo-de-la-Moto-Bassella-2020-7-1200x789-1.jpg","width":700,"height":350},{"@type":"BreadcrumbList","@id":"https:\/\/www.boxrepsol.com\/es\/vive-tu-moto\/mejores-museos-motos\/#breadcrumb","itemListElement":[{"@type":"ListItem","position":1,"name":"Home","item":"https:\/\/www.boxrepsol.com\/es\/"},{"@type":"ListItem","position":2,"name":"Los mejores museos de motos"}]},{"@type":"WebSite","@id":"https:\/\/www.boxrepsol.com\/es\/#website","url":"https:\/\/www.boxrepsol.com\/es\/","name":"Box Repsol","description":"Box Repsol Site","publisher":{"@id":"https:\/\/www.boxrepsol.com\/es\/#organization"},"potentialAction":[{"@type":"SearchAction","target":{"@type":"EntryPoint","urlTemplate":"https:\/\/www.boxrepsol.com\/es\/?s={search_term_string}"},"query-input":{"@type":"PropertyValueSpecification","valueRequired":true,"valueName":"search_term_string"}}],"inLanguage":"es"},{"@type":"Organization","@id":"https:\/\/www.boxrepsol.com\/es\/#organization","name":"Box Repsol","url":"https:\/\/www.boxrepsol.com\/es\/","logo":{"@type":"ImageObject","inLanguage":"es","@id":"https:\/\/www.boxrepsol.com\/es\/#\/schema\/logo\/image\/","url":"https:\/\/bxrepsol.s3.eu-west-1.amazonaws.com\/static\/2025\/07\/30083337\/favicon-96x96-1.png","contentUrl":"https:\/\/bxrepsol.s3.eu-west-1.amazonaws.com\/static\/2025\/07\/30083337\/favicon-96x96-1.png","width":96,"height":96,"caption":"Box Repsol"},"image":{"@id":"https:\/\/www.boxrepsol.com\/es\/#\/schema\/logo\/image\/"},"sameAs":["https:\/\/www.facebook.com\/BoxRepsol","https:\/\/x.com\/box_repsol","http:\/\/instagram.com\/box_repsol","https:\/\/www.youtube.com\/user\/RepsolCompeticion","https:\/\/www.flickr.com\/photos\/box_repsol\/"]},{"@type":"Person","@id":"https:\/\/www.boxrepsol.com\/es\/#\/schema\/person\/26abce1d675df22d63ac9e9d5f23e4aa","name":"Juan Pedro de la Torre","image":{"@type":"ImageObject","inLanguage":"es","@id":"https:\/\/secure.gravatar.com\/avatar\/e81f780ee2930d7be330cb34304decf0e9bc66bec0158805a0fe2726f4517224?s=96&d=mm&r=g","url":"https:\/\/secure.gravatar.com\/avatar\/e81f780ee2930d7be330cb34304decf0e9bc66bec0158805a0fe2726f4517224?s=96&d=mm&r=g","contentUrl":"https:\/\/secure.gravatar.com\/avatar\/e81f780ee2930d7be330cb34304decf0e9bc66bec0158805a0fe2726f4517224?s=96&d=mm&r=g","caption":"Juan Pedro de la Torre"},"description":"Se inici\u00f3 en el diario Marca en 1988 y posteriormente pas\u00f3 a la revista Motociclismo, donde llegar\u00eda a ser director de deporte. Despu\u00e9s fue editor y director de Motoworld.es y Sport Bikes y colabor\u00f3 con varios medios. Adem\u00e1s, ha publicado una docena de libros y actualmente trabaja como colaborador para Motociclismo, El Confidencial y Box Repsol.","sameAs":["https:\/\/x.com\/https:\/\/twitter.com\/JPdelaTorre1965","https:\/\/youtube.com\/@juanpedrodelatorremotoworld"],"url":"https:\/\/www.boxrepsol.com\/es\/author\/juanpedro_delatorre\/"}]}},"_links":{"self":[{"href":"https:\/\/www.boxrepsol.com\/es\/wp-json\/wp\/v2\/posts\/113549","targetHints":{"allow":["GET"]}}],"collection":[{"href":"https:\/\/www.boxrepsol.com\/es\/wp-json\/wp\/v2\/posts"}],"about":[{"href":"https:\/\/www.boxrepsol.com\/es\/wp-json\/wp\/v2\/types\/post"}],"author":[{"embeddable":true,"href":"https:\/\/www.boxrepsol.com\/es\/wp-json\/wp\/v2\/users\/41268"}],"replies":[{"embeddable":true,"href":"https:\/\/www.boxrepsol.com\/es\/wp-json\/wp\/v2\/comments?post=113549"}],"version-history":[{"count":20,"href":"https:\/\/www.boxrepsol.com\/es\/wp-json\/wp\/v2\/posts\/113549\/revisions"}],"predecessor-version":[{"id":113966,"href":"https:\/\/www.boxrepsol.com\/es\/wp-json\/wp\/v2\/posts\/113549\/revisions\/113966"}],"wp:featuredmedia":[{"embeddable":true,"href":"https:\/\/www.boxrepsol.com\/es\/wp-json\/wp\/v2\/media\/113553"}],"wp:attachment":[{"href":"https:\/\/www.boxrepsol.com\/es\/wp-json\/wp\/v2\/media?parent=113549"}],"wp:term":[{"taxonomy":"category","embeddable":true,"href":"https:\/\/www.boxrepsol.com\/es\/wp-json\/wp\/v2\/categories?post=113549"},{"taxonomy":"post_tag","embeddable":true,"href":"https:\/\/www.boxrepsol.com\/es\/wp-json\/wp\/v2\/tags?post=113549"}],"curies":[{"name":"wp","href":"https:\/\/api.w.org\/{rel}","templated":true}]}}