{"id":113271,"date":"2024-03-09T10:28:00","date_gmt":"2024-03-09T12:28:00","guid":{"rendered":"https:\/\/www.boxrepsol.com\/?p=113271"},"modified":"2024-04-04T07:13:26","modified_gmt":"2024-04-04T09:13:26","slug":"resultados-de-la-clasificacion-del-gp-de-catar-de-motogp","status":"publish","type":"post","link":"https:\/\/www.boxrepsol.com\/es\/motogp\/resultados-de-la-clasificacion-del-gp-de-catar-de-motogp\/","title":{"rendered":"Resultados de la clasificaci\u00f3n del GP de Catar de MotoGP"},"content":{"rendered":"<figure class=\"wp-block-post-featured-image\"><img loading=\"lazy\" decoding=\"async\" width=\"700\" height=\"350\" src=\"https:\/\/bxrepsol.s3.eu-west-1.amazonaws.com\/static\/2024\/03\/09091046\/cronica.jpg\" class=\"attachment-post-thumbnail size-post-thumbnail wp-post-image\" alt=\"\" style=\"object-fit:cover;\" srcset=\"https:\/\/bxrepsol.s3.eu-west-1.amazonaws.com\/static\/2024\/03\/09091046\/cronica.jpg 700w, https:\/\/bxrepsol.s3.eu-west-1.amazonaws.com\/static\/2024\/03\/09091046\/cronica-300x150.jpg 300w\" sizes=\"auto, (max-width: 700px) 100vw, 700px\" \/><\/figure>\n\n\n<p>El <strong>Gran Premio de Catar <\/strong>ha acogido una primera ma\u00f1ana de s\u00e1bado intensa para los pilotos de la categor\u00eda reina. Tras el cambio de sesiones en el <a href=\"https:\/\/www.boxrepsol.com\/es\/motogp\/resultados-de-los-entrenamientos-del-gp-de-catar-de-motogp-2\/\">d\u00eda de ayer<\/a>, el paso directo a la Q2 se ha decidido justo antes del arranque de la sesi\u00f3n clasificatoria.<\/p>\n\n\n\n<p><strong><div id=\"ez-toc-container\" class=\"ez-toc-v2_0_82_2 counter-hierarchy ez-toc-counter ez-toc-grey ez-toc-container-direction\">\n<div class=\"ez-toc-title-container\">\n<p class=\"ez-toc-title\" style=\"cursor:inherit\">\u00cdndice<\/p>\n<span class=\"ez-toc-title-toggle\"><a href=\"#\" class=\"ez-toc-pull-right ez-toc-btn ez-toc-btn-xs ez-toc-btn-default ez-toc-toggle\" aria-label=\"Toggle Table of Content\"><span class=\"ez-toc-js-icon-con\"><span class=\"\"><span class=\"eztoc-hide\" style=\"display:none;\">Toggle<\/span><span class=\"ez-toc-icon-toggle-span\"><svg style=\"fill: #999;color:#999\" xmlns=\"http:\/\/www.w3.org\/2000\/svg\" class=\"list-377408\" width=\"20px\" height=\"20px\" viewBox=\"0 0 24 24\" fill=\"none\"><path d=\"M6 6H4v2h2V6zm14 0H8v2h12V6zM4 11h2v2H4v-2zm16 0H8v2h12v-2zM4 16h2v2H4v-2zm16 0H8v2h12v-2z\" fill=\"currentColor\"><\/path><\/svg><svg style=\"fill: #999;color:#999\" class=\"arrow-unsorted-368013\" xmlns=\"http:\/\/www.w3.org\/2000\/svg\" width=\"10px\" height=\"10px\" viewBox=\"0 0 24 24\" version=\"1.2\" baseProfile=\"tiny\"><path d=\"M18.2 9.3l-6.2-6.3-6.2 6.3c-.2.2-.3.4-.3.7s.1.5.3.7c.2.2.4.3.7.3h11c.3 0 .5-.1.7-.3.2-.2.3-.5.3-.7s-.1-.5-.3-.7zM5.8 14.7l6.2 6.3 6.2-6.3c.2-.2.3-.5.3-.7s-.1-.5-.3-.7c-.2-.2-.4-.3-.7-.3h-11c-.3 0-.5.1-.7.3-.2.2-.3.5-.3.7s.1.5.3.7z\"\/><\/svg><\/span><\/span><\/span><\/a><\/span><\/div>\n<nav><ul class='ez-toc-list ez-toc-list-level-1 ' ><li class='ez-toc-page-1 ez-toc-heading-level-3'><a class=\"ez-toc-link ez-toc-heading-1\" href=\"https:\/\/www.boxrepsol.com\/es\/motogp\/resultados-de-la-clasificacion-del-gp-de-catar-de-motogp\/#Manana_intensa_en_Catar_para_Joan_Mir_y_Luca_Marini\" >Ma\u00f1ana intensa en Catar para Joan Mir y Luca Marini<\/a><\/li><li class='ez-toc-page-1 ez-toc-heading-level-3'><a class=\"ez-toc-link ez-toc-heading-2\" href=\"https:\/\/www.boxrepsol.com\/es\/motogp\/resultados-de-la-clasificacion-del-gp-de-catar-de-motogp\/#Clasificacion_del_GP_de_Catar_de_MotoGP\" >Clasificaci\u00f3n del GP de Catar de MotoGP<\/a><\/li><\/ul><\/nav><\/div>\n<\/strong><\/p>\n\n\n\n<p>La tarde en Lusail ha arrancado con tiempos de r\u00e9cord para gran parte de los pilotos. Ese mejor tiempo se lo ha llevado <strong>Jorge Mart\u00edn (Ducati)<\/strong>, logrando una nueva pole en la categor\u00eda con un registro de <strong>1:50.789<\/strong>. Aleix Espargar\u00f3 (Aprilia) y Enea Bastianini (Ducati) cierran la primera l\u00ednea en Catar. <\/p>\n\n\n\n<p>El <strong>Top 10<\/strong> lo han completado Brad Binder (KTM), Pecco Bagnaia (Ducati), Marc M\u00e1rquez (Ducati), Fabio Di Giannantonio (Ducati), Pedro Acosta (GasGas), \u00c1lex M\u00e1rquez (Ducati) y Maverick Vi\u00f1ales (Aprilia). <\/p>\n\n\n\n<p>El sem\u00e1foro de Catar se apagar\u00e1 esta tarde a las <strong>17:00 (hora peninsular) <\/strong>con la carrera al <strong>sprint<\/strong> a 11 vueltas. <\/p>\n\n\n\n<h3 class=\"wp-block-heading\"><span class=\"ez-toc-section\" id=\"Manana_intensa_en_Catar_para_Joan_Mir_y_Luca_Marini\"><\/span><strong>Ma\u00f1ana intensa en Catar para Joan Mir y Luca Marini<\/strong><span class=\"ez-toc-section-end\"><\/span><\/h3>\n\n\n\n<p>Afrontando este at\u00edpico s\u00e1bado, ambos pilotos del <strong>equipo Repsol Honda <\/strong>se han visto obligados a pasar por la Q1 tras no lograr quedar entre los diez primero pilotos en la pr\u00e1ctica de la ma\u00f1ana. <\/p>\n\n\n\n<p><strong>Joan Mir<\/strong>, se ha acercado en diversas ocasiones al corte, pero una leve ca\u00edda en los \u00faltimos compases de la Q1, le ha impedido mejorar su tiempo y pasar a la Q2, finalizando con una <strong>s\u00e9ptima posici\u00f3n<\/strong>. Con este resultado, el piloto mallorqu\u00edn saldr\u00e1 desde la <strong>decimos\u00e9ptima plaza<\/strong>, tanto en la carrera sprint de esta tarde, como en la principal de ma\u00f1ana. <\/p>\n\n\n\n<p>Por su parte, <strong>Luca Marini<\/strong>, sigue trabajando en su adaptaci\u00f3n a la Honda en su primer Gran Premio con el equipo. A pesar de seguir una estrategia con la que estaba satisfecho ayer, el piloto del <strong>equipo Repsol Honda<\/strong> no ha conseguido mejorar su tiempo y pasar a la lucha por la pole. Con una<strong> und\u00e9cima posici\u00f3n<\/strong> en la sesi\u00f3n, partir\u00e1 en ambas carreras del fin de semana desde la \u00faltima fila de parrilla.<\/p>\n\n\n\n<h3 class=\"wp-block-heading\"><span class=\"ez-toc-section\" id=\"Clasificacion_del_GP_de_Catar_de_MotoGP\"><\/span><strong>Clasificaci\u00f3n del GP de Catar de MotoGP<\/strong><span class=\"ez-toc-section-end\"><\/span><\/h3>\n\n\n\n<figure class=\"wp-block-table is-style-stripes\"><table><tbody><tr><td><strong>PILOTO<\/strong><\/td><td><strong>EQUIPO<\/strong><\/td><td><strong>TIEMPO<\/strong><\/td><\/tr><tr><td>1. Jorge Mart\u00edn<\/td><td>DUCATI<\/td><td>1:50.789<\/td><\/tr><tr><td>2. Aleix Espargar\u00f3<\/td><td>APRILIA<\/td><td>+0.083<\/td><\/tr><tr><td>3. Enea Bastianini <\/td><td>DUCATI<\/td><td>+0.086<\/td><\/tr><tr><td>4. Brad Binder<\/td><td>KTM<\/td><td>+0.124<\/td><\/tr><tr><td>5. Pecco Baganaia <\/td><td>DUCATI<\/td><td>+0.139<\/td><\/tr><tr><td>6. Marc M\u00e1rquez<\/td><td>DUCATI<\/td><td>+0.172<\/td><\/tr><tr><td>7. Fabio Di Giannantonio<\/td><td>DUCATI<\/td><td>+0.230<\/td><\/tr><tr><td>8. Pedro Acosta<\/td><td>GASGAS<\/td><td>+0.341<\/td><\/tr><tr><td>9. \u00c1lex M\u00e1rquez<\/td><td>DUCATI<\/td><td>+0.477<\/td><\/tr><tr><td>10. Maverick Vi\u00f1ales<\/td><td>APRILIA<\/td><td>+0.517<\/td><\/tr><tr><td><strong>17. Joan Mir<\/strong><\/td><td><strong>REPSOL HONDA<\/strong><\/td><td><strong>+0.590*<\/strong><\/td><\/tr><tr><td><strong>21. Luca Marini<\/strong><\/td><td><strong>REPSOL HONDA<\/strong><\/td><td><strong>+1.516*<\/strong><\/td><\/tr><\/tbody><\/table><\/figure>\n","protected":false},"excerpt":{"rendered":"<p>Jorge Mart\u00edn se hace con la primera pole de la temporada 2024 de MotoGP<\/p>\n","protected":false},"author":43146,"featured_media":113272,"comment_status":"open","ping_status":"open","sticky":false,"template":"","format":"standard","meta":{"footnotes":""},"categories":[4],"tags":[407,271,422,434],"class_list":["post-113271","post","type-post","status-publish","format-standard","hentry","category-motogp","tag-gp-catar","tag-joan-mir","tag-luca-marini","tag-motogp-2024"],"yoast_head":"<!-- This site is optimized with the Yoast SEO plugin v27.3 - https:\/\/yoast.com\/product\/yoast-seo-wordpress\/ -->\n<title>Resultados de la clasificaci\u00f3n del GP de Catar de MotoGP - Box Repsol<\/title>\n<meta name=\"description\" content=\"Clasificaci\u00f3n del GP de Catar de MotoGP en el Circuito Internacional de Lusail.\" \/>\n<link rel=\"canonical\" href=\"https:\/\/www.boxrepsol.com\/es\/motogp\/resultados-de-la-clasificacion-del-gp-de-catar-de-motogp\/\" \/>\n<meta property=\"og:locale\" content=\"es_ES\" \/>\n<meta property=\"og:type\" content=\"article\" \/>\n<meta property=\"og:title\" content=\"Resultados de la clasificaci\u00f3n del GP de Catar de MotoGP - Box Repsol\" \/>\n<meta property=\"og:description\" content=\"Clasificaci\u00f3n del GP de Catar de MotoGP en el Circuito Internacional de Lusail.\" \/>\n<meta property=\"og:url\" content=\"https:\/\/www.boxrepsol.com\/es\/motogp\/resultados-de-la-clasificacion-del-gp-de-catar-de-motogp\/\" \/>\n<meta property=\"og:site_name\" content=\"Box Repsol\" \/>\n<meta property=\"article:publisher\" content=\"https:\/\/www.facebook.com\/BoxRepsol\" \/>\n<meta property=\"article:author\" content=\"https:\/\/www.facebook.com\/BoxRepsol\/\" \/>\n<meta property=\"article:published_time\" content=\"2024-03-09T12:28:00+00:00\" \/>\n<meta property=\"article:modified_time\" content=\"2024-04-04T09:13:26+00:00\" \/>\n<meta property=\"og:image\" content=\"https:\/\/bxrepsol.s3.eu-west-1.amazonaws.com\/static\/2024\/03\/09091046\/cronica.jpg\" \/>\n\t<meta property=\"og:image:width\" content=\"700\" \/>\n\t<meta property=\"og:image:height\" content=\"350\" \/>\n\t<meta property=\"og:image:type\" content=\"image\/jpeg\" \/>\n<meta name=\"author\" content=\"Redacci\u00f3n Box Repsol\" \/>\n<meta name=\"twitter:card\" content=\"summary_large_image\" \/>\n<meta name=\"twitter:creator\" content=\"@https:\/\/twitter.com\/box_repsol\" \/>\n<meta name=\"twitter:site\" content=\"@box_repsol\" \/>\n<meta name=\"twitter:label1\" content=\"Written by\" \/>\n\t<meta name=\"twitter:data1\" content=\"Redacci\u00f3n Box Repsol\" \/>\n\t<meta name=\"twitter:label2\" content=\"Est. reading time\" \/>\n\t<meta name=\"twitter:data2\" content=\"2 minutos\" \/>\n<script type=\"application\/ld+json\" class=\"yoast-schema-graph\">{\"@context\":\"https:\\\/\\\/schema.org\",\"@graph\":[{\"@type\":\"Article\",\"@id\":\"https:\\\/\\\/www.boxrepsol.com\\\/es\\\/motogp\\\/resultados-de-la-clasificacion-del-gp-de-catar-de-motogp\\\/#article\",\"isPartOf\":{\"@id\":\"https:\\\/\\\/www.boxrepsol.com\\\/es\\\/motogp\\\/resultados-de-la-clasificacion-del-gp-de-catar-de-motogp\\\/\"},\"author\":{\"name\":\"Redacci\u00f3n Box Repsol\",\"@id\":\"https:\\\/\\\/www.boxrepsol.com\\\/es\\\/#\\\/schema\\\/person\\\/c5c2138f2cca251b0ad92b7086bb60b7\"},\"headline\":\"Resultados de la clasificaci\u00f3n del GP de Catar de MotoGP\",\"datePublished\":\"2024-03-09T12:28:00+00:00\",\"dateModified\":\"2024-04-04T09:13:26+00:00\",\"mainEntityOfPage\":{\"@id\":\"https:\\\/\\\/www.boxrepsol.com\\\/es\\\/motogp\\\/resultados-de-la-clasificacion-del-gp-de-catar-de-motogp\\\/\"},\"wordCount\":418,\"commentCount\":0,\"publisher\":{\"@id\":\"https:\\\/\\\/www.boxrepsol.com\\\/es\\\/#organization\"},\"image\":{\"@id\":\"https:\\\/\\\/www.boxrepsol.com\\\/es\\\/motogp\\\/resultados-de-la-clasificacion-del-gp-de-catar-de-motogp\\\/#primaryimage\"},\"thumbnailUrl\":\"https:\\\/\\\/bxrepsol.s3.eu-west-1.amazonaws.com\\\/static\\\/2024\\\/03\\\/09091046\\\/cronica.jpg\",\"keywords\":[\"GP Catar\",\"Joan Mir\",\"Luca Marini\",\"MotoGP 2024\"],\"articleSection\":[\"MotoGP\"],\"inLanguage\":\"es\",\"potentialAction\":[{\"@type\":\"CommentAction\",\"name\":\"Comment\",\"target\":[\"https:\\\/\\\/www.boxrepsol.com\\\/es\\\/motogp\\\/resultados-de-la-clasificacion-del-gp-de-catar-de-motogp\\\/#respond\"]}]},{\"@type\":\"WebPage\",\"@id\":\"https:\\\/\\\/www.boxrepsol.com\\\/es\\\/motogp\\\/resultados-de-la-clasificacion-del-gp-de-catar-de-motogp\\\/\",\"url\":\"https:\\\/\\\/www.boxrepsol.com\\\/es\\\/motogp\\\/resultados-de-la-clasificacion-del-gp-de-catar-de-motogp\\\/\",\"name\":\"Resultados de la clasificaci\u00f3n del GP de Catar de MotoGP - Box Repsol\",\"isPartOf\":{\"@id\":\"https:\\\/\\\/www.boxrepsol.com\\\/es\\\/#website\"},\"primaryImageOfPage\":{\"@id\":\"https:\\\/\\\/www.boxrepsol.com\\\/es\\\/motogp\\\/resultados-de-la-clasificacion-del-gp-de-catar-de-motogp\\\/#primaryimage\"},\"image\":{\"@id\":\"https:\\\/\\\/www.boxrepsol.com\\\/es\\\/motogp\\\/resultados-de-la-clasificacion-del-gp-de-catar-de-motogp\\\/#primaryimage\"},\"thumbnailUrl\":\"https:\\\/\\\/bxrepsol.s3.eu-west-1.amazonaws.com\\\/static\\\/2024\\\/03\\\/09091046\\\/cronica.jpg\",\"datePublished\":\"2024-03-09T12:28:00+00:00\",\"dateModified\":\"2024-04-04T09:13:26+00:00\",\"description\":\"Clasificaci\u00f3n del GP de Catar de MotoGP en el Circuito Internacional de Lusail.\",\"breadcrumb\":{\"@id\":\"https:\\\/\\\/www.boxrepsol.com\\\/es\\\/motogp\\\/resultados-de-la-clasificacion-del-gp-de-catar-de-motogp\\\/#breadcrumb\"},\"inLanguage\":\"es\",\"potentialAction\":[{\"@type\":\"ReadAction\",\"target\":[\"https:\\\/\\\/www.boxrepsol.com\\\/es\\\/motogp\\\/resultados-de-la-clasificacion-del-gp-de-catar-de-motogp\\\/\"]}]},{\"@type\":\"ImageObject\",\"inLanguage\":\"es\",\"@id\":\"https:\\\/\\\/www.boxrepsol.com\\\/es\\\/motogp\\\/resultados-de-la-clasificacion-del-gp-de-catar-de-motogp\\\/#primaryimage\",\"url\":\"https:\\\/\\\/bxrepsol.s3.eu-west-1.amazonaws.com\\\/static\\\/2024\\\/03\\\/09091046\\\/cronica.jpg\",\"contentUrl\":\"https:\\\/\\\/bxrepsol.s3.eu-west-1.amazonaws.com\\\/static\\\/2024\\\/03\\\/09091046\\\/cronica.jpg\",\"width\":700,\"height\":350},{\"@type\":\"BreadcrumbList\",\"@id\":\"https:\\\/\\\/www.boxrepsol.com\\\/es\\\/motogp\\\/resultados-de-la-clasificacion-del-gp-de-catar-de-motogp\\\/#breadcrumb\",\"itemListElement\":[{\"@type\":\"ListItem\",\"position\":1,\"name\":\"Home\",\"item\":\"https:\\\/\\\/www.boxrepsol.com\\\/es\\\/\"},{\"@type\":\"ListItem\",\"position\":2,\"name\":\"Resultados de la clasificaci\u00f3n del GP de Catar de MotoGP\"}]},{\"@type\":\"WebSite\",\"@id\":\"https:\\\/\\\/www.boxrepsol.com\\\/es\\\/#website\",\"url\":\"https:\\\/\\\/www.boxrepsol.com\\\/es\\\/\",\"name\":\"Box Repsol\",\"description\":\"Box Repsol Site\",\"publisher\":{\"@id\":\"https:\\\/\\\/www.boxrepsol.com\\\/es\\\/#organization\"},\"potentialAction\":[{\"@type\":\"SearchAction\",\"target\":{\"@type\":\"EntryPoint\",\"urlTemplate\":\"https:\\\/\\\/www.boxrepsol.com\\\/es\\\/?s={search_term_string}\"},\"query-input\":{\"@type\":\"PropertyValueSpecification\",\"valueRequired\":true,\"valueName\":\"search_term_string\"}}],\"inLanguage\":\"es\"},{\"@type\":\"Organization\",\"@id\":\"https:\\\/\\\/www.boxrepsol.com\\\/es\\\/#organization\",\"name\":\"Box Repsol\",\"url\":\"https:\\\/\\\/www.boxrepsol.com\\\/es\\\/\",\"logo\":{\"@type\":\"ImageObject\",\"inLanguage\":\"es\",\"@id\":\"https:\\\/\\\/www.boxrepsol.com\\\/es\\\/#\\\/schema\\\/logo\\\/image\\\/\",\"url\":\"https:\\\/\\\/bxrepsol.s3.eu-west-1.amazonaws.com\\\/static\\\/2025\\\/07\\\/30083337\\\/favicon-96x96-1.png\",\"contentUrl\":\"https:\\\/\\\/bxrepsol.s3.eu-west-1.amazonaws.com\\\/static\\\/2025\\\/07\\\/30083337\\\/favicon-96x96-1.png\",\"width\":96,\"height\":96,\"caption\":\"Box Repsol\"},\"image\":{\"@id\":\"https:\\\/\\\/www.boxrepsol.com\\\/es\\\/#\\\/schema\\\/logo\\\/image\\\/\"},\"sameAs\":[\"https:\\\/\\\/www.facebook.com\\\/BoxRepsol\",\"https:\\\/\\\/x.com\\\/box_repsol\",\"http:\\\/\\\/instagram.com\\\/box_repsol\",\"https:\\\/\\\/www.youtube.com\\\/user\\\/RepsolCompeticion\",\"https:\\\/\\\/www.flickr.com\\\/photos\\\/box_repsol\\\/\"]},{\"@type\":\"Person\",\"@id\":\"https:\\\/\\\/www.boxrepsol.com\\\/es\\\/#\\\/schema\\\/person\\\/c5c2138f2cca251b0ad92b7086bb60b7\",\"name\":\"Redacci\u00f3n Box Repsol\",\"image\":{\"@type\":\"ImageObject\",\"inLanguage\":\"es\",\"@id\":\"https:\\\/\\\/secure.gravatar.com\\\/avatar\\\/adf7b77e38b4419baf32c7e9c21dde01f4e40df611f0978e3006fc4ba0aaab7e?s=96&d=mm&r=g\",\"url\":\"https:\\\/\\\/secure.gravatar.com\\\/avatar\\\/adf7b77e38b4419baf32c7e9c21dde01f4e40df611f0978e3006fc4ba0aaab7e?s=96&d=mm&r=g\",\"contentUrl\":\"https:\\\/\\\/secure.gravatar.com\\\/avatar\\\/adf7b77e38b4419baf32c7e9c21dde01f4e40df611f0978e3006fc4ba0aaab7e?s=96&d=mm&r=g\",\"caption\":\"Redacci\u00f3n Box Repsol\"},\"description\":\"Box Repsol lo forma un equipo de periodistas, community managers, dise\u00f1adores y fot\u00f3grafos con m\u00e1s de 20 a\u00f1os de experiencia en el mundo del motorsport. Hemos vivido el primer mundial de un espa\u00f1ol en la categor\u00eda reina de motociclismo con \u00c1lex Crivill\u00e9, estuvimos en las victorias de Pedrosa y los t\u00edtulos de M\u00e1rquez, acompa\u00f1amos en \u00c1frica a Nani Roma y Marc Coma en sus conquistas del Dakar y hemos vibrado con los t\u00edtulos de Toni Bou en Trial. Adem\u00e1s, en nuestro equipo contamos con expertos en el mundo de las dos y cuatro ruedas tanto de la calle y las carreteras, como de los circuitos. Periodistas que han trabajado en revistas y publicaciones para hacerte llegar desde rutas y consejos de mantenimiento, a curiosidades y trucos de pilotaje.\",\"sameAs\":[\"https:\\\/\\\/www.facebook.com\\\/BoxRepsol\\\/\",\"https:\\\/\\\/www.instagram.com\\\/box_repsol\\\/\",\"https:\\\/\\\/x.com\\\/https:\\\/\\\/twitter.com\\\/box_repsol\",\"https:\\\/\\\/www.youtube.com\\\/@Boxrepsol\"],\"url\":\"https:\\\/\\\/www.boxrepsol.com\\\/es\\\/author\\\/redaccion-box-repsol\\\/\"}]}<\/script>\n<!-- \/ Yoast SEO plugin. -->","yoast_head_json":{"title":"Resultados de la clasificaci\u00f3n del GP de Catar de MotoGP - Box Repsol","description":"Clasificaci\u00f3n del GP de Catar de MotoGP en el Circuito Internacional de Lusail.","canonical":"https:\/\/www.boxrepsol.com\/es\/motogp\/resultados-de-la-clasificacion-del-gp-de-catar-de-motogp\/","og_locale":"es_ES","og_type":"article","og_title":"Resultados de la clasificaci\u00f3n del GP de Catar de MotoGP - Box Repsol","og_description":"Clasificaci\u00f3n del GP de Catar de MotoGP en el Circuito Internacional de Lusail.","og_url":"https:\/\/www.boxrepsol.com\/es\/motogp\/resultados-de-la-clasificacion-del-gp-de-catar-de-motogp\/","og_site_name":"Box Repsol","article_publisher":"https:\/\/www.facebook.com\/BoxRepsol","article_author":"https:\/\/www.facebook.com\/BoxRepsol\/","article_published_time":"2024-03-09T12:28:00+00:00","article_modified_time":"2024-04-04T09:13:26+00:00","og_image":[{"width":700,"height":350,"url":"https:\/\/bxrepsol.s3.eu-west-1.amazonaws.com\/static\/2024\/03\/09091046\/cronica.jpg","type":"image\/jpeg"}],"author":"Redacci\u00f3n Box Repsol","twitter_card":"summary_large_image","twitter_creator":"@https:\/\/twitter.com\/box_repsol","twitter_site":"@box_repsol","twitter_misc":{"Written by":"Redacci\u00f3n Box Repsol","Est. reading time":"2 minutos"},"schema":{"@context":"https:\/\/schema.org","@graph":[{"@type":"Article","@id":"https:\/\/www.boxrepsol.com\/es\/motogp\/resultados-de-la-clasificacion-del-gp-de-catar-de-motogp\/#article","isPartOf":{"@id":"https:\/\/www.boxrepsol.com\/es\/motogp\/resultados-de-la-clasificacion-del-gp-de-catar-de-motogp\/"},"author":{"name":"Redacci\u00f3n Box Repsol","@id":"https:\/\/www.boxrepsol.com\/es\/#\/schema\/person\/c5c2138f2cca251b0ad92b7086bb60b7"},"headline":"Resultados de la clasificaci\u00f3n del GP de Catar de MotoGP","datePublished":"2024-03-09T12:28:00+00:00","dateModified":"2024-04-04T09:13:26+00:00","mainEntityOfPage":{"@id":"https:\/\/www.boxrepsol.com\/es\/motogp\/resultados-de-la-clasificacion-del-gp-de-catar-de-motogp\/"},"wordCount":418,"commentCount":0,"publisher":{"@id":"https:\/\/www.boxrepsol.com\/es\/#organization"},"image":{"@id":"https:\/\/www.boxrepsol.com\/es\/motogp\/resultados-de-la-clasificacion-del-gp-de-catar-de-motogp\/#primaryimage"},"thumbnailUrl":"https:\/\/bxrepsol.s3.eu-west-1.amazonaws.com\/static\/2024\/03\/09091046\/cronica.jpg","keywords":["GP Catar","Joan Mir","Luca Marini","MotoGP 2024"],"articleSection":["MotoGP"],"inLanguage":"es","potentialAction":[{"@type":"CommentAction","name":"Comment","target":["https:\/\/www.boxrepsol.com\/es\/motogp\/resultados-de-la-clasificacion-del-gp-de-catar-de-motogp\/#respond"]}]},{"@type":"WebPage","@id":"https:\/\/www.boxrepsol.com\/es\/motogp\/resultados-de-la-clasificacion-del-gp-de-catar-de-motogp\/","url":"https:\/\/www.boxrepsol.com\/es\/motogp\/resultados-de-la-clasificacion-del-gp-de-catar-de-motogp\/","name":"Resultados de la clasificaci\u00f3n del GP de Catar de MotoGP - Box Repsol","isPartOf":{"@id":"https:\/\/www.boxrepsol.com\/es\/#website"},"primaryImageOfPage":{"@id":"https:\/\/www.boxrepsol.com\/es\/motogp\/resultados-de-la-clasificacion-del-gp-de-catar-de-motogp\/#primaryimage"},"image":{"@id":"https:\/\/www.boxrepsol.com\/es\/motogp\/resultados-de-la-clasificacion-del-gp-de-catar-de-motogp\/#primaryimage"},"thumbnailUrl":"https:\/\/bxrepsol.s3.eu-west-1.amazonaws.com\/static\/2024\/03\/09091046\/cronica.jpg","datePublished":"2024-03-09T12:28:00+00:00","dateModified":"2024-04-04T09:13:26+00:00","description":"Clasificaci\u00f3n del GP de Catar de MotoGP en el Circuito Internacional de Lusail.","breadcrumb":{"@id":"https:\/\/www.boxrepsol.com\/es\/motogp\/resultados-de-la-clasificacion-del-gp-de-catar-de-motogp\/#breadcrumb"},"inLanguage":"es","potentialAction":[{"@type":"ReadAction","target":["https:\/\/www.boxrepsol.com\/es\/motogp\/resultados-de-la-clasificacion-del-gp-de-catar-de-motogp\/"]}]},{"@type":"ImageObject","inLanguage":"es","@id":"https:\/\/www.boxrepsol.com\/es\/motogp\/resultados-de-la-clasificacion-del-gp-de-catar-de-motogp\/#primaryimage","url":"https:\/\/bxrepsol.s3.eu-west-1.amazonaws.com\/static\/2024\/03\/09091046\/cronica.jpg","contentUrl":"https:\/\/bxrepsol.s3.eu-west-1.amazonaws.com\/static\/2024\/03\/09091046\/cronica.jpg","width":700,"height":350},{"@type":"BreadcrumbList","@id":"https:\/\/www.boxrepsol.com\/es\/motogp\/resultados-de-la-clasificacion-del-gp-de-catar-de-motogp\/#breadcrumb","itemListElement":[{"@type":"ListItem","position":1,"name":"Home","item":"https:\/\/www.boxrepsol.com\/es\/"},{"@type":"ListItem","position":2,"name":"Resultados de la clasificaci\u00f3n del GP de Catar de MotoGP"}]},{"@type":"WebSite","@id":"https:\/\/www.boxrepsol.com\/es\/#website","url":"https:\/\/www.boxrepsol.com\/es\/","name":"Box Repsol","description":"Box Repsol Site","publisher":{"@id":"https:\/\/www.boxrepsol.com\/es\/#organization"},"potentialAction":[{"@type":"SearchAction","target":{"@type":"EntryPoint","urlTemplate":"https:\/\/www.boxrepsol.com\/es\/?s={search_term_string}"},"query-input":{"@type":"PropertyValueSpecification","valueRequired":true,"valueName":"search_term_string"}}],"inLanguage":"es"},{"@type":"Organization","@id":"https:\/\/www.boxrepsol.com\/es\/#organization","name":"Box Repsol","url":"https:\/\/www.boxrepsol.com\/es\/","logo":{"@type":"ImageObject","inLanguage":"es","@id":"https:\/\/www.boxrepsol.com\/es\/#\/schema\/logo\/image\/","url":"https:\/\/bxrepsol.s3.eu-west-1.amazonaws.com\/static\/2025\/07\/30083337\/favicon-96x96-1.png","contentUrl":"https:\/\/bxrepsol.s3.eu-west-1.amazonaws.com\/static\/2025\/07\/30083337\/favicon-96x96-1.png","width":96,"height":96,"caption":"Box Repsol"},"image":{"@id":"https:\/\/www.boxrepsol.com\/es\/#\/schema\/logo\/image\/"},"sameAs":["https:\/\/www.facebook.com\/BoxRepsol","https:\/\/x.com\/box_repsol","http:\/\/instagram.com\/box_repsol","https:\/\/www.youtube.com\/user\/RepsolCompeticion","https:\/\/www.flickr.com\/photos\/box_repsol\/"]},{"@type":"Person","@id":"https:\/\/www.boxrepsol.com\/es\/#\/schema\/person\/c5c2138f2cca251b0ad92b7086bb60b7","name":"Redacci\u00f3n Box Repsol","image":{"@type":"ImageObject","inLanguage":"es","@id":"https:\/\/secure.gravatar.com\/avatar\/adf7b77e38b4419baf32c7e9c21dde01f4e40df611f0978e3006fc4ba0aaab7e?s=96&d=mm&r=g","url":"https:\/\/secure.gravatar.com\/avatar\/adf7b77e38b4419baf32c7e9c21dde01f4e40df611f0978e3006fc4ba0aaab7e?s=96&d=mm&r=g","contentUrl":"https:\/\/secure.gravatar.com\/avatar\/adf7b77e38b4419baf32c7e9c21dde01f4e40df611f0978e3006fc4ba0aaab7e?s=96&d=mm&r=g","caption":"Redacci\u00f3n Box Repsol"},"description":"Box Repsol lo forma un equipo de periodistas, community managers, dise\u00f1adores y fot\u00f3grafos con m\u00e1s de 20 a\u00f1os de experiencia en el mundo del motorsport. Hemos vivido el primer mundial de un espa\u00f1ol en la categor\u00eda reina de motociclismo con \u00c1lex Crivill\u00e9, estuvimos en las victorias de Pedrosa y los t\u00edtulos de M\u00e1rquez, acompa\u00f1amos en \u00c1frica a Nani Roma y Marc Coma en sus conquistas del Dakar y hemos vibrado con los t\u00edtulos de Toni Bou en Trial. Adem\u00e1s, en nuestro equipo contamos con expertos en el mundo de las dos y cuatro ruedas tanto de la calle y las carreteras, como de los circuitos. Periodistas que han trabajado en revistas y publicaciones para hacerte llegar desde rutas y consejos de mantenimiento, a curiosidades y trucos de pilotaje.","sameAs":["https:\/\/www.facebook.com\/BoxRepsol\/","https:\/\/www.instagram.com\/box_repsol\/","https:\/\/x.com\/https:\/\/twitter.com\/box_repsol","https:\/\/www.youtube.com\/@Boxrepsol"],"url":"https:\/\/www.boxrepsol.com\/es\/author\/redaccion-box-repsol\/"}]}},"_links":{"self":[{"href":"https:\/\/www.boxrepsol.com\/es\/wp-json\/wp\/v2\/posts\/113271","targetHints":{"allow":["GET"]}}],"collection":[{"href":"https:\/\/www.boxrepsol.com\/es\/wp-json\/wp\/v2\/posts"}],"about":[{"href":"https:\/\/www.boxrepsol.com\/es\/wp-json\/wp\/v2\/types\/post"}],"author":[{"embeddable":true,"href":"https:\/\/www.boxrepsol.com\/es\/wp-json\/wp\/v2\/users\/43146"}],"replies":[{"embeddable":true,"href":"https:\/\/www.boxrepsol.com\/es\/wp-json\/wp\/v2\/comments?post=113271"}],"version-history":[{"count":4,"href":"https:\/\/www.boxrepsol.com\/es\/wp-json\/wp\/v2\/posts\/113271\/revisions"}],"predecessor-version":[{"id":114369,"href":"https:\/\/www.boxrepsol.com\/es\/wp-json\/wp\/v2\/posts\/113271\/revisions\/114369"}],"wp:featuredmedia":[{"embeddable":true,"href":"https:\/\/www.boxrepsol.com\/es\/wp-json\/wp\/v2\/media\/113272"}],"wp:attachment":[{"href":"https:\/\/www.boxrepsol.com\/es\/wp-json\/wp\/v2\/media?parent=113271"}],"wp:term":[{"taxonomy":"category","embeddable":true,"href":"https:\/\/www.boxrepsol.com\/es\/wp-json\/wp\/v2\/categories?post=113271"},{"taxonomy":"post_tag","embeddable":true,"href":"https:\/\/www.boxrepsol.com\/es\/wp-json\/wp\/v2\/tags?post=113271"}],"curies":[{"name":"wp","href":"https:\/\/api.w.org\/{rel}","templated":true}]}}