{"id":113237,"date":"2024-03-08T15:59:58","date_gmt":"2024-03-08T17:59:58","guid":{"rendered":"https:\/\/www.boxrepsol.com\/?p=113237"},"modified":"2024-04-04T07:13:56","modified_gmt":"2024-04-04T09:13:56","slug":"resultados-de-los-entrenamientos-del-gp-de-catar-de-motogp-2","status":"publish","type":"post","link":"https:\/\/www.boxrepsol.com\/es\/motogp\/resultados-de-los-entrenamientos-del-gp-de-catar-de-motogp-2\/","title":{"rendered":"Resultados de los entrenamientos del GP de Catar de MotoGP"},"content":{"rendered":"<figure class=\"wp-block-post-featured-image\"><img loading=\"lazy\" decoding=\"async\" width=\"700\" height=\"350\" src=\"https:\/\/bxrepsol.s3.eu-west-1.amazonaws.com\/static\/2024\/03\/08125007\/portadacronica.png\" class=\"attachment-post-thumbnail size-post-thumbnail wp-post-image\" alt=\"\" style=\"object-fit:cover;\" srcset=\"https:\/\/bxrepsol.s3.eu-west-1.amazonaws.com\/static\/2024\/03\/08125007\/portadacronica.png 700w, https:\/\/bxrepsol.s3.eu-west-1.amazonaws.com\/static\/2024\/03\/08125007\/portadacronica-300x150.png 300w\" sizes=\"auto, (max-width: 700px) 100vw, 700px\" \/><\/figure>\n\n\n<p>El <strong>Circuito Internacional de Lusail <\/strong>regresa como escenario de la cita inaugural de una temporada de MotoGP. Los pilotos de la categor\u00eda reina han regresado al circuito catar\u00ed, donde rodaron en los <strong>test oficiales <\/strong>hace pocas semanas, para dar el pistoletazo de salida a una nueva campa\u00f1a del campeonato del mundo.<\/p>\n\n\n\n<p><strong><div id=\"ez-toc-container\" class=\"ez-toc-v2_0_82_2 counter-hierarchy ez-toc-counter ez-toc-grey ez-toc-container-direction\">\n<div class=\"ez-toc-title-container\">\n<p class=\"ez-toc-title\" style=\"cursor:inherit\">\u00cdndice<\/p>\n<span class=\"ez-toc-title-toggle\"><a href=\"#\" class=\"ez-toc-pull-right ez-toc-btn ez-toc-btn-xs ez-toc-btn-default ez-toc-toggle\" aria-label=\"Toggle Table of Content\"><span class=\"ez-toc-js-icon-con\"><span class=\"\"><span class=\"eztoc-hide\" style=\"display:none;\">Toggle<\/span><span class=\"ez-toc-icon-toggle-span\"><svg style=\"fill: #999;color:#999\" xmlns=\"http:\/\/www.w3.org\/2000\/svg\" class=\"list-377408\" width=\"20px\" height=\"20px\" viewBox=\"0 0 24 24\" fill=\"none\"><path d=\"M6 6H4v2h2V6zm14 0H8v2h12V6zM4 11h2v2H4v-2zm16 0H8v2h12v-2zM4 16h2v2H4v-2zm16 0H8v2h12v-2z\" fill=\"currentColor\"><\/path><\/svg><svg style=\"fill: #999;color:#999\" class=\"arrow-unsorted-368013\" xmlns=\"http:\/\/www.w3.org\/2000\/svg\" width=\"10px\" height=\"10px\" viewBox=\"0 0 24 24\" version=\"1.2\" baseProfile=\"tiny\"><path d=\"M18.2 9.3l-6.2-6.3-6.2 6.3c-.2.2-.3.4-.3.7s.1.5.3.7c.2.2.4.3.7.3h11c.3 0 .5-.1.7-.3.2-.2.3-.5.3-.7s-.1-.5-.3-.7zM5.8 14.7l6.2 6.3 6.2-6.3c.2-.2.3-.5.3-.7s-.1-.5-.3-.7c-.2-.2-.4-.3-.7-.3h-11c-.3 0-.5.1-.7.3-.2.2-.3.5-.3.7s.1.5.3.7z\"\/><\/svg><\/span><\/span><\/span><\/a><\/span><\/div>\n<nav><ul class='ez-toc-list ez-toc-list-level-1 ' ><ul class='ez-toc-list-level-3' ><li class='ez-toc-heading-level-3'><a class=\"ez-toc-link ez-toc-heading-1\" href=\"https:\/\/www.boxrepsol.com\/es\/motogp\/resultados-de-los-entrenamientos-del-gp-de-catar-de-motogp-2\/#Primer_dia_completado_para_el_equipo_Repsol_Honda\" >Primer d\u00eda completado para el equipo Repsol Honda<\/a><\/li><li class='ez-toc-page-1 ez-toc-heading-level-3'><a class=\"ez-toc-link ez-toc-heading-2\" href=\"https:\/\/www.boxrepsol.com\/es\/motogp\/resultados-de-los-entrenamientos-del-gp-de-catar-de-motogp-2\/#Clasificacion_de_los_entrenamientos_del_GP_de_Catar_2024\" >Clasificaci\u00f3n de los entrenamientos del GP de Catar 2024<\/a><\/li><\/ul><\/li><li class='ez-toc-page-1 ez-toc-heading-level-2'><a class=\"ez-toc-link ez-toc-heading-3\" href=\"https:\/\/www.boxrepsol.com\/es\/motogp\/resultados-de-los-entrenamientos-del-gp-de-catar-de-motogp-2\/#Declaraciones\" >Declaraciones<\/a><ul class='ez-toc-list-level-3' ><li class='ez-toc-heading-level-3'><a class=\"ez-toc-link ez-toc-heading-4\" href=\"https:\/\/www.boxrepsol.com\/es\/motogp\/resultados-de-los-entrenamientos-del-gp-de-catar-de-motogp-2\/#Joan_Mir\" >Joan Mir<\/a><\/li><li class='ez-toc-page-1 ez-toc-heading-level-3'><a class=\"ez-toc-link ez-toc-heading-5\" href=\"https:\/\/www.boxrepsol.com\/es\/motogp\/resultados-de-los-entrenamientos-del-gp-de-catar-de-motogp-2\/#Luca_Marini\" >Luca Marini<\/a><\/li><\/ul><\/li><\/ul><\/nav><\/div>\n<\/strong><\/p>\n\n\n\n<p>Catar ha protagonizado un at\u00edpico viernes en el que las condiciones meteorol\u00f3gicas han obligado a modificar las sesiones de MotoGP: la pr\u00e1ctica ha sido reemplazada por una segunda sesi\u00f3n de entrenamientos libres que no ha determinado el paso directo a la Q2. <\/p>\n\n\n\n<p>Estas condiciones no han permitido a los pilotos mejorar sus tiempos de la ma\u00f1ana, por lo que <strong>Jorge Mart\u00edn (Ducati)<\/strong> se ha mantenido como el piloto m\u00e1s r\u00e1pido del d\u00eda con un registro de <strong>1:52.624<\/strong>. En una tabla de tiempos muy ajustada -17 pilotos en un segundo- Aleix Espargar\u00f3 (Aprilia) y Pedro Acosta (GasGas) han cerrado el <strong>Top 3 <\/strong>de la jornada.<\/p>\n\n\n\n<p>El <strong>Top 10<\/strong> lo han completado Marc M\u00e1rquez (Ducati), Brad Binder (KTM), Johann Zarco (Honda), Enea Bastianini (Ducati), Fabio Di Giannantonio (Ducati), Jack Miller (KTM) y Pecco Bagnaia (Ducati).<\/p>\n\n\n\n<p>En el primer <strong>s\u00e1bado<\/strong> de sprint del a\u00f1o, la acci\u00f3n para los pilotos de MotoGP dar\u00e1 comienzo a las <strong>11:40 <\/strong>con la pr\u00e1ctica. La <strong>clasificaci\u00f3n<\/strong> ser\u00e1 a las <strong>12:40<\/strong>, mientras que la carrera al <strong>sprint<\/strong> arrancar\u00e1 a las <strong>17:00<\/strong>.<\/p>\n\n\n\n<h3 class=\"wp-block-heading\"><span class=\"ez-toc-section\" id=\"Primer_dia_completado_para_el_equipo_Repsol_Honda\"><\/span><strong>Primer d\u00eda completado para el equipo Repsol Honda<\/strong><span class=\"ez-toc-section-end\"><\/span><\/h3>\n\n\n\n<p>Ambos pilotos del <strong>equipo Repsol Honda<\/strong> han comenzado el fin de semana con la mentalidad de ir de menos a m\u00e1s. Joan y Luca han cerrado el primer entreno del d\u00eda en las decimosexta y decimos\u00e9ptima posici\u00f3n respectivamente.<\/p>\n\n\n\n<p>Ante las condiciones de lluvia de la FP2, los pilotos del equipo Repsol Honda no han logrado mejorar tampoco sus tiempos de la ma\u00f1ana. Tanto <strong>Joan<\/strong> como <strong>Luca<\/strong> trabajar\u00e1n duro en el d\u00eda de ma\u00f1ana para luchar por el paso directo a la Q2 y por un buen resultado en la primera carrera al sprint del a\u00f1o. <\/p>\n\n\n\n<h3 class=\"wp-block-heading\"><span class=\"ez-toc-section\" id=\"Clasificacion_de_los_entrenamientos_del_GP_de_Catar_2024\"><\/span><strong>Clasificaci\u00f3n de los entrenamientos del GP de Catar 2024<\/strong><span class=\"ez-toc-section-end\"><\/span><\/h3>\n\n\n\n<figure class=\"wp-block-table is-style-stripes\"><table><tbody><tr><td><strong>PILOTO<\/strong><\/td><td><strong>EQUIPO<\/strong><\/td><td><strong>TIEMPO<\/strong><\/td><\/tr><tr><td>1. Jorge Mart\u00edn<\/td><td>DUCATI<\/td><td>1:52.624<\/td><\/tr><tr><td>2. Aleix Espargar\u00f3<\/td><td>APRILIA<\/td><td>+0.047<\/td><\/tr><tr><td>3. Pedro Acosta<\/td><td>GASGAS<\/td><td>+0.071<\/td><\/tr><tr><td>4. Marc M\u00e1rquez<\/td><td>DUCATI<\/td><td>+0.177<\/td><\/tr><tr><td>5. Brad Binder<\/td><td>KTM<\/td><td>+0.265<\/td><\/tr><tr><td>6. Johann Zarco<\/td><td>HONDA<\/td><td>+0.303<\/td><\/tr><tr><td>7. Enea Bastianini<\/td><td>DUCATI<\/td><td>+0.326<\/td><\/tr><tr><td>8. Fabio Di Giannantonio<\/td><td>DUCATI<\/td><td>+0.363<\/td><\/tr><tr><td>9. Jack Miller<\/td><td>KTM<\/td><td>+0.407<\/td><\/tr><tr><td>10. Pecco Bagnaia<\/td><td>DUCATI<\/td><td>+0.597<\/td><\/tr><tr><td><strong>16.<\/strong> <strong>Joan Mir<\/strong><\/td><td><strong>REPSOL HONDA<\/strong><\/td><td><strong>+0.811<\/strong><\/td><\/tr><tr><td><strong>17.<\/strong> <strong>Luca Marini<\/strong><\/td><td><strong>REPSOL HONDA<\/strong><\/td><td><strong>+0.984<\/strong><\/td><\/tr><\/tbody><\/table><\/figure>\n\n\n\n<div id=\"e387c32e-e980-4072-a007-679dbcf6cb1d\" class=\"br-slider-box\"><div class=\"wp-block-create-block-repsol-carousel br-slider\"><a target=\"_blank\" href=\"https:\/\/bxrepsol.s3.eu-west-1.amazonaws.com\/static\/2024\/03\/08163921\/068155518_JRB6529comp.jpg\" data-index=\"0\" rel=\"noopener\"><img decoding=\"async\" src=\"https:\/\/bxrepsol.s3.eu-west-1.amazonaws.com\/static\/2024\/03\/08163921\/068155518_JRB6529comp.jpg\"\/><\/a><a target=\"_blank\" href=\"https:\/\/bxrepsol.s3.eu-west-1.amazonaws.com\/static\/2024\/03\/08163927\/068204201_JRB8814crop.jpg\" data-index=\"1\" rel=\"noopener\"><img decoding=\"async\" src=\"https:\/\/bxrepsol.s3.eu-west-1.amazonaws.com\/static\/2024\/03\/08163927\/068204201_JRB8814crop.jpg\"\/><\/a><a target=\"_blank\" href=\"https:\/\/bxrepsol.s3.eu-west-1.amazonaws.com\/static\/2024\/03\/08163925\/068163644_JRB7672comp.jpg\" data-index=\"2\" rel=\"noopener\"><img decoding=\"async\" src=\"https:\/\/bxrepsol.s3.eu-west-1.amazonaws.com\/static\/2024\/03\/08163925\/068163644_JRB7672comp.jpg\"\/><\/a><a target=\"_blank\" href=\"https:\/\/bxrepsol.s3.eu-west-1.amazonaws.com\/static\/2024\/03\/08163922\/068160711_JRB6821comp.jpg\" data-index=\"3\" rel=\"noopener\"><img decoding=\"async\" src=\"https:\/\/bxrepsol.s3.eu-west-1.amazonaws.com\/static\/2024\/03\/08163922\/068160711_JRB6821comp.jpg\"\/><\/a><a target=\"_blank\" href=\"https:\/\/bxrepsol.s3.eu-west-1.amazonaws.com\/static\/2024\/03\/08163929\/068205441_JRB9311comp.jpg\" data-index=\"4\" rel=\"noopener\"><img decoding=\"async\" src=\"https:\/\/bxrepsol.s3.eu-west-1.amazonaws.com\/static\/2024\/03\/08163929\/068205441_JRB9311comp.jpg\"\/><\/a><\/div><div class=\"br-slider-buttons\"><button class=\"arrow rds-icon arrow--left rds-icon-Arrow_left\"><\/button><button class=\"arrow rds-icon arrow--right rds-icon-Arrow_right\"><\/button><\/div><\/div>\n\n\n\n<h2 class=\"wp-block-heading\"><span class=\"ez-toc-section\" id=\"Declaraciones\"><\/span><strong>Declaraciones<\/strong><span class=\"ez-toc-section-end\"><\/span><\/h2>\n\n\n\n<h3 class=\"wp-block-heading\"><span class=\"ez-toc-section\" id=\"Joan_Mir\"><\/span><strong>Joan Mir<\/strong><span class=\"ez-toc-section-end\"><\/span><\/h3>\n\n\n\n<p>\u00abHa sido un poco inesperado este inicio de temporada, pero en MotoGP todo puede pasar. Con la situaci\u00f3n de hoy, poco hemos podido trabajar en la segunda sesi\u00f3n. Debido a la lluvia, el espray que se levantaba junto al polvo dificultaba mucho la visi\u00f3n, pero ha sido agradable rodar en mojado por primera vez aqu\u00ed. Veamos qu\u00e9 tiempo se espera para los pr\u00f3ximos dos d\u00edas. Ma\u00f1ana intentaremos dar lo m\u00e1ximo de nosotros en un d\u00eda que se presenta bastante atareado, ya que arrancamos con la Practice, buscando un time attack y pasando directamente a las tandas clasificatorias. Ya tenemos una idea de los tests de qu\u00e9 podemos esperar, as\u00ed que vamos a dar lo mejor que tenemos\u00bb.<\/p>\n\n\n\n<h3 class=\"wp-block-heading\"><span class=\"ez-toc-section\" id=\"Luca_Marini\"><\/span><strong>Luca Marini<\/strong><span class=\"ez-toc-section-end\"><\/span><\/h3>\n\n\n\n<p>\u00abHoy ha sido un d\u00eda positivo; la diferencia con el primero ha sido m\u00e1s baja que en el test y, aunque la posici\u00f3n no ha mejorado, estamos contentos porque nos estamos centrando en ajustar la moto. Ma\u00f1ana veremos el rendimiento del compuesto blando trasero, porque no hemos podido trabajar con ellos y es algo que tenemos que pulir. Ma\u00f1ana ser\u00e1 un d\u00eda muy intenso, porque todos los pilotos estamos muy cerca, en un segundo. Hoy hemos encontrado algo y creo que a\u00fan hay m\u00e1s por venir, ha sido un buen d\u00eda acerc\u00e1ndonos al primero con tan solo dos entrenamientos\u00bb.<\/p>\n","protected":false},"excerpt":{"rendered":"<p>Jorge Mart\u00edn se anota el mejor tiempo del primer d\u00eda de acci\u00f3n de la temporada 2024 en Catar <\/p>\n","protected":false},"author":43146,"featured_media":113238,"comment_status":"open","ping_status":"open","sticky":false,"template":"","format":"standard","meta":{"footnotes":""},"categories":[4],"tags":[407,271,422,434],"class_list":["post-113237","post","type-post","status-publish","format-standard","hentry","category-motogp","tag-gp-catar","tag-joan-mir","tag-luca-marini","tag-motogp-2024"],"yoast_head":"<!-- This site is optimized with the Yoast SEO plugin v27.3 - https:\/\/yoast.com\/product\/yoast-seo-wordpress\/ -->\n<title>Resultados de los entrenamientos del GP de Catar de MotoGP - Box Repsol<\/title>\n<meta name=\"description\" content=\"Cr\u00f3nica y resultados de los entrenamientos del GP de Catar de MotoGP, disputado en el Circuito Internacional de Lusail.\" \/>\n<link rel=\"canonical\" href=\"https:\/\/www.boxrepsol.com\/es\/motogp\/resultados-de-los-entrenamientos-del-gp-de-catar-de-motogp-2\/\" \/>\n<meta property=\"og:locale\" content=\"es_ES\" \/>\n<meta property=\"og:type\" content=\"article\" \/>\n<meta property=\"og:title\" content=\"Resultados de los entrenamientos del GP de Catar de MotoGP - Box Repsol\" \/>\n<meta property=\"og:description\" content=\"Cr\u00f3nica y resultados de los entrenamientos del GP de Catar de MotoGP, disputado en el Circuito Internacional de Lusail.\" \/>\n<meta property=\"og:url\" content=\"https:\/\/www.boxrepsol.com\/es\/motogp\/resultados-de-los-entrenamientos-del-gp-de-catar-de-motogp-2\/\" \/>\n<meta property=\"og:site_name\" content=\"Box Repsol\" \/>\n<meta property=\"article:publisher\" content=\"https:\/\/www.facebook.com\/BoxRepsol\" \/>\n<meta property=\"article:author\" content=\"https:\/\/www.facebook.com\/BoxRepsol\/\" \/>\n<meta property=\"article:published_time\" content=\"2024-03-08T17:59:58+00:00\" \/>\n<meta property=\"article:modified_time\" content=\"2024-04-04T09:13:56+00:00\" \/>\n<meta property=\"og:image\" content=\"https:\/\/bxrepsol.s3.eu-west-1.amazonaws.com\/static\/2024\/03\/08125007\/portadacronica.png\" \/>\n\t<meta property=\"og:image:width\" content=\"700\" \/>\n\t<meta property=\"og:image:height\" content=\"350\" \/>\n\t<meta property=\"og:image:type\" content=\"image\/png\" \/>\n<meta name=\"author\" content=\"Redacci\u00f3n Box Repsol\" \/>\n<meta name=\"twitter:card\" content=\"summary_large_image\" \/>\n<meta name=\"twitter:creator\" content=\"@https:\/\/twitter.com\/box_repsol\" \/>\n<meta name=\"twitter:site\" content=\"@box_repsol\" \/>\n<meta name=\"twitter:label1\" content=\"Written by\" \/>\n\t<meta name=\"twitter:data1\" content=\"Redacci\u00f3n Box Repsol\" \/>\n\t<meta name=\"twitter:label2\" content=\"Est. reading time\" \/>\n\t<meta name=\"twitter:data2\" content=\"3 minutos\" \/>\n<script type=\"application\/ld+json\" class=\"yoast-schema-graph\">{\"@context\":\"https:\\\/\\\/schema.org\",\"@graph\":[{\"@type\":\"Article\",\"@id\":\"https:\\\/\\\/www.boxrepsol.com\\\/es\\\/motogp\\\/resultados-de-los-entrenamientos-del-gp-de-catar-de-motogp-2\\\/#article\",\"isPartOf\":{\"@id\":\"https:\\\/\\\/www.boxrepsol.com\\\/es\\\/motogp\\\/resultados-de-los-entrenamientos-del-gp-de-catar-de-motogp-2\\\/\"},\"author\":{\"name\":\"Redacci\u00f3n Box Repsol\",\"@id\":\"https:\\\/\\\/www.boxrepsol.com\\\/es\\\/#\\\/schema\\\/person\\\/c5c2138f2cca251b0ad92b7086bb60b7\"},\"headline\":\"Resultados de los entrenamientos del GP de Catar de MotoGP\",\"datePublished\":\"2024-03-08T17:59:58+00:00\",\"dateModified\":\"2024-04-04T09:13:56+00:00\",\"mainEntityOfPage\":{\"@id\":\"https:\\\/\\\/www.boxrepsol.com\\\/es\\\/motogp\\\/resultados-de-los-entrenamientos-del-gp-de-catar-de-motogp-2\\\/\"},\"wordCount\":650,\"commentCount\":0,\"publisher\":{\"@id\":\"https:\\\/\\\/www.boxrepsol.com\\\/es\\\/#organization\"},\"image\":{\"@id\":\"https:\\\/\\\/www.boxrepsol.com\\\/es\\\/motogp\\\/resultados-de-los-entrenamientos-del-gp-de-catar-de-motogp-2\\\/#primaryimage\"},\"thumbnailUrl\":\"https:\\\/\\\/bxrepsol.s3.eu-west-1.amazonaws.com\\\/static\\\/2024\\\/03\\\/08125007\\\/portadacronica.png\",\"keywords\":[\"GP Catar\",\"Joan Mir\",\"Luca Marini\",\"MotoGP 2024\"],\"articleSection\":[\"MotoGP\"],\"inLanguage\":\"es\",\"potentialAction\":[{\"@type\":\"CommentAction\",\"name\":\"Comment\",\"target\":[\"https:\\\/\\\/www.boxrepsol.com\\\/es\\\/motogp\\\/resultados-de-los-entrenamientos-del-gp-de-catar-de-motogp-2\\\/#respond\"]}]},{\"@type\":\"WebPage\",\"@id\":\"https:\\\/\\\/www.boxrepsol.com\\\/es\\\/motogp\\\/resultados-de-los-entrenamientos-del-gp-de-catar-de-motogp-2\\\/\",\"url\":\"https:\\\/\\\/www.boxrepsol.com\\\/es\\\/motogp\\\/resultados-de-los-entrenamientos-del-gp-de-catar-de-motogp-2\\\/\",\"name\":\"Resultados de los entrenamientos del GP de Catar de MotoGP - Box Repsol\",\"isPartOf\":{\"@id\":\"https:\\\/\\\/www.boxrepsol.com\\\/es\\\/#website\"},\"primaryImageOfPage\":{\"@id\":\"https:\\\/\\\/www.boxrepsol.com\\\/es\\\/motogp\\\/resultados-de-los-entrenamientos-del-gp-de-catar-de-motogp-2\\\/#primaryimage\"},\"image\":{\"@id\":\"https:\\\/\\\/www.boxrepsol.com\\\/es\\\/motogp\\\/resultados-de-los-entrenamientos-del-gp-de-catar-de-motogp-2\\\/#primaryimage\"},\"thumbnailUrl\":\"https:\\\/\\\/bxrepsol.s3.eu-west-1.amazonaws.com\\\/static\\\/2024\\\/03\\\/08125007\\\/portadacronica.png\",\"datePublished\":\"2024-03-08T17:59:58+00:00\",\"dateModified\":\"2024-04-04T09:13:56+00:00\",\"description\":\"Cr\u00f3nica y resultados de los entrenamientos del GP de Catar de MotoGP, disputado en el Circuito Internacional de Lusail.\",\"breadcrumb\":{\"@id\":\"https:\\\/\\\/www.boxrepsol.com\\\/es\\\/motogp\\\/resultados-de-los-entrenamientos-del-gp-de-catar-de-motogp-2\\\/#breadcrumb\"},\"inLanguage\":\"es\",\"potentialAction\":[{\"@type\":\"ReadAction\",\"target\":[\"https:\\\/\\\/www.boxrepsol.com\\\/es\\\/motogp\\\/resultados-de-los-entrenamientos-del-gp-de-catar-de-motogp-2\\\/\"]}]},{\"@type\":\"ImageObject\",\"inLanguage\":\"es\",\"@id\":\"https:\\\/\\\/www.boxrepsol.com\\\/es\\\/motogp\\\/resultados-de-los-entrenamientos-del-gp-de-catar-de-motogp-2\\\/#primaryimage\",\"url\":\"https:\\\/\\\/bxrepsol.s3.eu-west-1.amazonaws.com\\\/static\\\/2024\\\/03\\\/08125007\\\/portadacronica.png\",\"contentUrl\":\"https:\\\/\\\/bxrepsol.s3.eu-west-1.amazonaws.com\\\/static\\\/2024\\\/03\\\/08125007\\\/portadacronica.png\",\"width\":700,\"height\":350},{\"@type\":\"BreadcrumbList\",\"@id\":\"https:\\\/\\\/www.boxrepsol.com\\\/es\\\/motogp\\\/resultados-de-los-entrenamientos-del-gp-de-catar-de-motogp-2\\\/#breadcrumb\",\"itemListElement\":[{\"@type\":\"ListItem\",\"position\":1,\"name\":\"Home\",\"item\":\"https:\\\/\\\/www.boxrepsol.com\\\/es\\\/\"},{\"@type\":\"ListItem\",\"position\":2,\"name\":\"Resultados de los entrenamientos del GP de Catar de MotoGP\"}]},{\"@type\":\"WebSite\",\"@id\":\"https:\\\/\\\/www.boxrepsol.com\\\/es\\\/#website\",\"url\":\"https:\\\/\\\/www.boxrepsol.com\\\/es\\\/\",\"name\":\"Box Repsol\",\"description\":\"Box Repsol Site\",\"publisher\":{\"@id\":\"https:\\\/\\\/www.boxrepsol.com\\\/es\\\/#organization\"},\"potentialAction\":[{\"@type\":\"SearchAction\",\"target\":{\"@type\":\"EntryPoint\",\"urlTemplate\":\"https:\\\/\\\/www.boxrepsol.com\\\/es\\\/?s={search_term_string}\"},\"query-input\":{\"@type\":\"PropertyValueSpecification\",\"valueRequired\":true,\"valueName\":\"search_term_string\"}}],\"inLanguage\":\"es\"},{\"@type\":\"Organization\",\"@id\":\"https:\\\/\\\/www.boxrepsol.com\\\/es\\\/#organization\",\"name\":\"Box Repsol\",\"url\":\"https:\\\/\\\/www.boxrepsol.com\\\/es\\\/\",\"logo\":{\"@type\":\"ImageObject\",\"inLanguage\":\"es\",\"@id\":\"https:\\\/\\\/www.boxrepsol.com\\\/es\\\/#\\\/schema\\\/logo\\\/image\\\/\",\"url\":\"https:\\\/\\\/bxrepsol.s3.eu-west-1.amazonaws.com\\\/static\\\/2025\\\/07\\\/30083337\\\/favicon-96x96-1.png\",\"contentUrl\":\"https:\\\/\\\/bxrepsol.s3.eu-west-1.amazonaws.com\\\/static\\\/2025\\\/07\\\/30083337\\\/favicon-96x96-1.png\",\"width\":96,\"height\":96,\"caption\":\"Box Repsol\"},\"image\":{\"@id\":\"https:\\\/\\\/www.boxrepsol.com\\\/es\\\/#\\\/schema\\\/logo\\\/image\\\/\"},\"sameAs\":[\"https:\\\/\\\/www.facebook.com\\\/BoxRepsol\",\"https:\\\/\\\/x.com\\\/box_repsol\",\"http:\\\/\\\/instagram.com\\\/box_repsol\",\"https:\\\/\\\/www.youtube.com\\\/user\\\/RepsolCompeticion\",\"https:\\\/\\\/www.flickr.com\\\/photos\\\/box_repsol\\\/\"]},{\"@type\":\"Person\",\"@id\":\"https:\\\/\\\/www.boxrepsol.com\\\/es\\\/#\\\/schema\\\/person\\\/c5c2138f2cca251b0ad92b7086bb60b7\",\"name\":\"Redacci\u00f3n Box Repsol\",\"image\":{\"@type\":\"ImageObject\",\"inLanguage\":\"es\",\"@id\":\"https:\\\/\\\/secure.gravatar.com\\\/avatar\\\/adf7b77e38b4419baf32c7e9c21dde01f4e40df611f0978e3006fc4ba0aaab7e?s=96&d=mm&r=g\",\"url\":\"https:\\\/\\\/secure.gravatar.com\\\/avatar\\\/adf7b77e38b4419baf32c7e9c21dde01f4e40df611f0978e3006fc4ba0aaab7e?s=96&d=mm&r=g\",\"contentUrl\":\"https:\\\/\\\/secure.gravatar.com\\\/avatar\\\/adf7b77e38b4419baf32c7e9c21dde01f4e40df611f0978e3006fc4ba0aaab7e?s=96&d=mm&r=g\",\"caption\":\"Redacci\u00f3n Box Repsol\"},\"description\":\"Box Repsol lo forma un equipo de periodistas, community managers, dise\u00f1adores y fot\u00f3grafos con m\u00e1s de 20 a\u00f1os de experiencia en el mundo del motorsport. Hemos vivido el primer mundial de un espa\u00f1ol en la categor\u00eda reina de motociclismo con \u00c1lex Crivill\u00e9, estuvimos en las victorias de Pedrosa y los t\u00edtulos de M\u00e1rquez, acompa\u00f1amos en \u00c1frica a Nani Roma y Marc Coma en sus conquistas del Dakar y hemos vibrado con los t\u00edtulos de Toni Bou en Trial. Adem\u00e1s, en nuestro equipo contamos con expertos en el mundo de las dos y cuatro ruedas tanto de la calle y las carreteras, como de los circuitos. Periodistas que han trabajado en revistas y publicaciones para hacerte llegar desde rutas y consejos de mantenimiento, a curiosidades y trucos de pilotaje.\",\"sameAs\":[\"https:\\\/\\\/www.facebook.com\\\/BoxRepsol\\\/\",\"https:\\\/\\\/www.instagram.com\\\/box_repsol\\\/\",\"https:\\\/\\\/x.com\\\/https:\\\/\\\/twitter.com\\\/box_repsol\",\"https:\\\/\\\/www.youtube.com\\\/@Boxrepsol\"],\"url\":\"https:\\\/\\\/www.boxrepsol.com\\\/es\\\/author\\\/redaccion-box-repsol\\\/\"}]}<\/script>\n<!-- \/ Yoast SEO plugin. -->","yoast_head_json":{"title":"Resultados de los entrenamientos del GP de Catar de MotoGP - Box Repsol","description":"Cr\u00f3nica y resultados de los entrenamientos del GP de Catar de MotoGP, disputado en el Circuito Internacional de Lusail.","canonical":"https:\/\/www.boxrepsol.com\/es\/motogp\/resultados-de-los-entrenamientos-del-gp-de-catar-de-motogp-2\/","og_locale":"es_ES","og_type":"article","og_title":"Resultados de los entrenamientos del GP de Catar de MotoGP - Box Repsol","og_description":"Cr\u00f3nica y resultados de los entrenamientos del GP de Catar de MotoGP, disputado en el Circuito Internacional de Lusail.","og_url":"https:\/\/www.boxrepsol.com\/es\/motogp\/resultados-de-los-entrenamientos-del-gp-de-catar-de-motogp-2\/","og_site_name":"Box Repsol","article_publisher":"https:\/\/www.facebook.com\/BoxRepsol","article_author":"https:\/\/www.facebook.com\/BoxRepsol\/","article_published_time":"2024-03-08T17:59:58+00:00","article_modified_time":"2024-04-04T09:13:56+00:00","og_image":[{"width":700,"height":350,"url":"https:\/\/bxrepsol.s3.eu-west-1.amazonaws.com\/static\/2024\/03\/08125007\/portadacronica.png","type":"image\/png"}],"author":"Redacci\u00f3n Box Repsol","twitter_card":"summary_large_image","twitter_creator":"@https:\/\/twitter.com\/box_repsol","twitter_site":"@box_repsol","twitter_misc":{"Written by":"Redacci\u00f3n Box Repsol","Est. reading time":"3 minutos"},"schema":{"@context":"https:\/\/schema.org","@graph":[{"@type":"Article","@id":"https:\/\/www.boxrepsol.com\/es\/motogp\/resultados-de-los-entrenamientos-del-gp-de-catar-de-motogp-2\/#article","isPartOf":{"@id":"https:\/\/www.boxrepsol.com\/es\/motogp\/resultados-de-los-entrenamientos-del-gp-de-catar-de-motogp-2\/"},"author":{"name":"Redacci\u00f3n Box Repsol","@id":"https:\/\/www.boxrepsol.com\/es\/#\/schema\/person\/c5c2138f2cca251b0ad92b7086bb60b7"},"headline":"Resultados de los entrenamientos del GP de Catar de MotoGP","datePublished":"2024-03-08T17:59:58+00:00","dateModified":"2024-04-04T09:13:56+00:00","mainEntityOfPage":{"@id":"https:\/\/www.boxrepsol.com\/es\/motogp\/resultados-de-los-entrenamientos-del-gp-de-catar-de-motogp-2\/"},"wordCount":650,"commentCount":0,"publisher":{"@id":"https:\/\/www.boxrepsol.com\/es\/#organization"},"image":{"@id":"https:\/\/www.boxrepsol.com\/es\/motogp\/resultados-de-los-entrenamientos-del-gp-de-catar-de-motogp-2\/#primaryimage"},"thumbnailUrl":"https:\/\/bxrepsol.s3.eu-west-1.amazonaws.com\/static\/2024\/03\/08125007\/portadacronica.png","keywords":["GP Catar","Joan Mir","Luca Marini","MotoGP 2024"],"articleSection":["MotoGP"],"inLanguage":"es","potentialAction":[{"@type":"CommentAction","name":"Comment","target":["https:\/\/www.boxrepsol.com\/es\/motogp\/resultados-de-los-entrenamientos-del-gp-de-catar-de-motogp-2\/#respond"]}]},{"@type":"WebPage","@id":"https:\/\/www.boxrepsol.com\/es\/motogp\/resultados-de-los-entrenamientos-del-gp-de-catar-de-motogp-2\/","url":"https:\/\/www.boxrepsol.com\/es\/motogp\/resultados-de-los-entrenamientos-del-gp-de-catar-de-motogp-2\/","name":"Resultados de los entrenamientos del GP de Catar de MotoGP - Box Repsol","isPartOf":{"@id":"https:\/\/www.boxrepsol.com\/es\/#website"},"primaryImageOfPage":{"@id":"https:\/\/www.boxrepsol.com\/es\/motogp\/resultados-de-los-entrenamientos-del-gp-de-catar-de-motogp-2\/#primaryimage"},"image":{"@id":"https:\/\/www.boxrepsol.com\/es\/motogp\/resultados-de-los-entrenamientos-del-gp-de-catar-de-motogp-2\/#primaryimage"},"thumbnailUrl":"https:\/\/bxrepsol.s3.eu-west-1.amazonaws.com\/static\/2024\/03\/08125007\/portadacronica.png","datePublished":"2024-03-08T17:59:58+00:00","dateModified":"2024-04-04T09:13:56+00:00","description":"Cr\u00f3nica y resultados de los entrenamientos del GP de Catar de MotoGP, disputado en el Circuito Internacional de Lusail.","breadcrumb":{"@id":"https:\/\/www.boxrepsol.com\/es\/motogp\/resultados-de-los-entrenamientos-del-gp-de-catar-de-motogp-2\/#breadcrumb"},"inLanguage":"es","potentialAction":[{"@type":"ReadAction","target":["https:\/\/www.boxrepsol.com\/es\/motogp\/resultados-de-los-entrenamientos-del-gp-de-catar-de-motogp-2\/"]}]},{"@type":"ImageObject","inLanguage":"es","@id":"https:\/\/www.boxrepsol.com\/es\/motogp\/resultados-de-los-entrenamientos-del-gp-de-catar-de-motogp-2\/#primaryimage","url":"https:\/\/bxrepsol.s3.eu-west-1.amazonaws.com\/static\/2024\/03\/08125007\/portadacronica.png","contentUrl":"https:\/\/bxrepsol.s3.eu-west-1.amazonaws.com\/static\/2024\/03\/08125007\/portadacronica.png","width":700,"height":350},{"@type":"BreadcrumbList","@id":"https:\/\/www.boxrepsol.com\/es\/motogp\/resultados-de-los-entrenamientos-del-gp-de-catar-de-motogp-2\/#breadcrumb","itemListElement":[{"@type":"ListItem","position":1,"name":"Home","item":"https:\/\/www.boxrepsol.com\/es\/"},{"@type":"ListItem","position":2,"name":"Resultados de los entrenamientos del GP de Catar de MotoGP"}]},{"@type":"WebSite","@id":"https:\/\/www.boxrepsol.com\/es\/#website","url":"https:\/\/www.boxrepsol.com\/es\/","name":"Box Repsol","description":"Box Repsol Site","publisher":{"@id":"https:\/\/www.boxrepsol.com\/es\/#organization"},"potentialAction":[{"@type":"SearchAction","target":{"@type":"EntryPoint","urlTemplate":"https:\/\/www.boxrepsol.com\/es\/?s={search_term_string}"},"query-input":{"@type":"PropertyValueSpecification","valueRequired":true,"valueName":"search_term_string"}}],"inLanguage":"es"},{"@type":"Organization","@id":"https:\/\/www.boxrepsol.com\/es\/#organization","name":"Box Repsol","url":"https:\/\/www.boxrepsol.com\/es\/","logo":{"@type":"ImageObject","inLanguage":"es","@id":"https:\/\/www.boxrepsol.com\/es\/#\/schema\/logo\/image\/","url":"https:\/\/bxrepsol.s3.eu-west-1.amazonaws.com\/static\/2025\/07\/30083337\/favicon-96x96-1.png","contentUrl":"https:\/\/bxrepsol.s3.eu-west-1.amazonaws.com\/static\/2025\/07\/30083337\/favicon-96x96-1.png","width":96,"height":96,"caption":"Box Repsol"},"image":{"@id":"https:\/\/www.boxrepsol.com\/es\/#\/schema\/logo\/image\/"},"sameAs":["https:\/\/www.facebook.com\/BoxRepsol","https:\/\/x.com\/box_repsol","http:\/\/instagram.com\/box_repsol","https:\/\/www.youtube.com\/user\/RepsolCompeticion","https:\/\/www.flickr.com\/photos\/box_repsol\/"]},{"@type":"Person","@id":"https:\/\/www.boxrepsol.com\/es\/#\/schema\/person\/c5c2138f2cca251b0ad92b7086bb60b7","name":"Redacci\u00f3n Box Repsol","image":{"@type":"ImageObject","inLanguage":"es","@id":"https:\/\/secure.gravatar.com\/avatar\/adf7b77e38b4419baf32c7e9c21dde01f4e40df611f0978e3006fc4ba0aaab7e?s=96&d=mm&r=g","url":"https:\/\/secure.gravatar.com\/avatar\/adf7b77e38b4419baf32c7e9c21dde01f4e40df611f0978e3006fc4ba0aaab7e?s=96&d=mm&r=g","contentUrl":"https:\/\/secure.gravatar.com\/avatar\/adf7b77e38b4419baf32c7e9c21dde01f4e40df611f0978e3006fc4ba0aaab7e?s=96&d=mm&r=g","caption":"Redacci\u00f3n Box Repsol"},"description":"Box Repsol lo forma un equipo de periodistas, community managers, dise\u00f1adores y fot\u00f3grafos con m\u00e1s de 20 a\u00f1os de experiencia en el mundo del motorsport. Hemos vivido el primer mundial de un espa\u00f1ol en la categor\u00eda reina de motociclismo con \u00c1lex Crivill\u00e9, estuvimos en las victorias de Pedrosa y los t\u00edtulos de M\u00e1rquez, acompa\u00f1amos en \u00c1frica a Nani Roma y Marc Coma en sus conquistas del Dakar y hemos vibrado con los t\u00edtulos de Toni Bou en Trial. Adem\u00e1s, en nuestro equipo contamos con expertos en el mundo de las dos y cuatro ruedas tanto de la calle y las carreteras, como de los circuitos. Periodistas que han trabajado en revistas y publicaciones para hacerte llegar desde rutas y consejos de mantenimiento, a curiosidades y trucos de pilotaje.","sameAs":["https:\/\/www.facebook.com\/BoxRepsol\/","https:\/\/www.instagram.com\/box_repsol\/","https:\/\/x.com\/https:\/\/twitter.com\/box_repsol","https:\/\/www.youtube.com\/@Boxrepsol"],"url":"https:\/\/www.boxrepsol.com\/es\/author\/redaccion-box-repsol\/"}]}},"_links":{"self":[{"href":"https:\/\/www.boxrepsol.com\/es\/wp-json\/wp\/v2\/posts\/113237","targetHints":{"allow":["GET"]}}],"collection":[{"href":"https:\/\/www.boxrepsol.com\/es\/wp-json\/wp\/v2\/posts"}],"about":[{"href":"https:\/\/www.boxrepsol.com\/es\/wp-json\/wp\/v2\/types\/post"}],"author":[{"embeddable":true,"href":"https:\/\/www.boxrepsol.com\/es\/wp-json\/wp\/v2\/users\/43146"}],"replies":[{"embeddable":true,"href":"https:\/\/www.boxrepsol.com\/es\/wp-json\/wp\/v2\/comments?post=113237"}],"version-history":[{"count":6,"href":"https:\/\/www.boxrepsol.com\/es\/wp-json\/wp\/v2\/posts\/113237\/revisions"}],"predecessor-version":[{"id":114370,"href":"https:\/\/www.boxrepsol.com\/es\/wp-json\/wp\/v2\/posts\/113237\/revisions\/114370"}],"wp:featuredmedia":[{"embeddable":true,"href":"https:\/\/www.boxrepsol.com\/es\/wp-json\/wp\/v2\/media\/113238"}],"wp:attachment":[{"href":"https:\/\/www.boxrepsol.com\/es\/wp-json\/wp\/v2\/media?parent=113237"}],"wp:term":[{"taxonomy":"category","embeddable":true,"href":"https:\/\/www.boxrepsol.com\/es\/wp-json\/wp\/v2\/categories?post=113237"},{"taxonomy":"post_tag","embeddable":true,"href":"https:\/\/www.boxrepsol.com\/es\/wp-json\/wp\/v2\/tags?post=113237"}],"curies":[{"name":"wp","href":"https:\/\/api.w.org\/{rel}","templated":true}]}}