{"id":112542,"date":"2024-02-23T08:43:48","date_gmt":"2024-02-23T10:43:48","guid":{"rendered":"https:\/\/www.boxrepsol.com\/?p=112542"},"modified":"2025-03-18T12:47:24","modified_gmt":"2025-03-18T14:47:24","slug":"como-calcular-valor-venal-moto","status":"publish","type":"post","link":"https:\/\/www.boxrepsol.com\/es\/cultura-motera\/como-calcular-valor-venal-moto\/","title":{"rendered":"\u00bfQu\u00e9 es y c\u00f3mo se calcula el valor venal de una moto?"},"content":{"rendered":"\n<p>En caso de accidente, lo primero y m\u00e1s importante es que <strong>consigas salir indemne y para ello siempre recomendamos seguir el <\/strong><a href=\"https:\/\/www.boxrepsol.com\/es\/cultura-motera\/conoce-el-protocolo-pas\/\"><strong>protocolo PAS<\/strong><\/a>, independientemente del estado en que quede tu moto. Y si afortunadamente no has tenido secuelas f\u00edsicas del mismo, es hora de pensar en tu m\u00e1quina. A veces, los da\u00f1os materiales son suficientemente cuantiosos para que <strong>el seguro decida no cubrir la reparaci\u00f3n y compensarte con el<\/strong> <strong>valor venal<\/strong> de la moto.<\/p>\n\n\n<figure class=\"wp-block-post-featured-image\"><img loading=\"lazy\" decoding=\"async\" width=\"700\" height=\"350\" src=\"https:\/\/bxrepsol.s3.eu-west-1.amazonaws.com\/static\/2024\/02\/23083946\/1.jpg\" class=\"attachment-post-thumbnail size-post-thumbnail wp-post-image\" alt=\"\" style=\"object-fit:cover;\" srcset=\"https:\/\/bxrepsol.s3.eu-west-1.amazonaws.com\/static\/2024\/02\/23083946\/1.jpg 700w, https:\/\/bxrepsol.s3.eu-west-1.amazonaws.com\/static\/2024\/02\/23083946\/1-300x150.jpg 300w\" sizes=\"auto, (max-width: 700px) 100vw, 700px\" \/><\/figure>\n\n\n<p><\/p>\n\n\n\n<div id=\"ez-toc-container\" class=\"ez-toc-v2_0_82_2 counter-hierarchy ez-toc-counter ez-toc-grey ez-toc-container-direction\">\n<div class=\"ez-toc-title-container\">\n<p class=\"ez-toc-title\" style=\"cursor:inherit\">\u00cdndice<\/p>\n<span class=\"ez-toc-title-toggle\"><a href=\"#\" class=\"ez-toc-pull-right ez-toc-btn ez-toc-btn-xs ez-toc-btn-default ez-toc-toggle\" aria-label=\"Toggle Table of Content\"><span class=\"ez-toc-js-icon-con\"><span class=\"\"><span class=\"eztoc-hide\" style=\"display:none;\">Toggle<\/span><span class=\"ez-toc-icon-toggle-span\"><svg style=\"fill: #999;color:#999\" xmlns=\"http:\/\/www.w3.org\/2000\/svg\" class=\"list-377408\" width=\"20px\" height=\"20px\" viewBox=\"0 0 24 24\" fill=\"none\"><path d=\"M6 6H4v2h2V6zm14 0H8v2h12V6zM4 11h2v2H4v-2zm16 0H8v2h12v-2zM4 16h2v2H4v-2zm16 0H8v2h12v-2z\" fill=\"currentColor\"><\/path><\/svg><svg style=\"fill: #999;color:#999\" class=\"arrow-unsorted-368013\" xmlns=\"http:\/\/www.w3.org\/2000\/svg\" width=\"10px\" height=\"10px\" viewBox=\"0 0 24 24\" version=\"1.2\" baseProfile=\"tiny\"><path d=\"M18.2 9.3l-6.2-6.3-6.2 6.3c-.2.2-.3.4-.3.7s.1.5.3.7c.2.2.4.3.7.3h11c.3 0 .5-.1.7-.3.2-.2.3-.5.3-.7s-.1-.5-.3-.7zM5.8 14.7l6.2 6.3 6.2-6.3c.2-.2.3-.5.3-.7s-.1-.5-.3-.7c-.2-.2-.4-.3-.7-.3h-11c-.3 0-.5.1-.7.3-.2.2-.3.5-.3.7s.1.5.3.7z\"\/><\/svg><\/span><\/span><\/span><\/a><\/span><\/div>\n<nav><ul class='ez-toc-list ez-toc-list-level-1 ' ><li class='ez-toc-page-1 ez-toc-heading-level-2'><a class=\"ez-toc-link ez-toc-heading-1\" href=\"https:\/\/www.boxrepsol.com\/es\/cultura-motera\/como-calcular-valor-venal-moto\/#%C2%BFQue_es_el_valor_venal_de_una_moto\" >\u00bfQu\u00e9 es el valor venal de una moto?<\/a><\/li><li class='ez-toc-page-1 ez-toc-heading-level-2'><a class=\"ez-toc-link ez-toc-heading-2\" href=\"https:\/\/www.boxrepsol.com\/es\/cultura-motera\/como-calcular-valor-venal-moto\/#Factores_que_influyen_en_el_valor_venal_de_tu_moto\" >Factores que influyen en el valor venal de tu moto<\/a><\/li><li class='ez-toc-page-1 ez-toc-heading-level-2'><a class=\"ez-toc-link ez-toc-heading-3\" href=\"https:\/\/www.boxrepsol.com\/es\/cultura-motera\/como-calcular-valor-venal-moto\/#%C2%BFComo_calcular_el_valor_venal_de_tu_moto\" >\u00bfC\u00f3mo calcular el valor venal de tu moto?<\/a><ul class='ez-toc-list-level-3' ><li class='ez-toc-heading-level-3'><a class=\"ez-toc-link ez-toc-heading-4\" href=\"https:\/\/www.boxrepsol.com\/es\/cultura-motera\/como-calcular-valor-venal-moto\/#Consulta_las_tablas_oficiales_del_Ministerio_de_Hacienda\" >Consulta las tablas oficiales del Ministerio de Hacienda<\/a><\/li><li class='ez-toc-page-1 ez-toc-heading-level-3'><a class=\"ez-toc-link ez-toc-heading-5\" href=\"https:\/\/www.boxrepsol.com\/es\/cultura-motera\/como-calcular-valor-venal-moto\/#Determina_la_antiguedad_de_la_moto\" >Determina la antig\u00fcedad de la moto<\/a><\/li><li class='ez-toc-page-1 ez-toc-heading-level-3'><a class=\"ez-toc-link ez-toc-heading-6\" href=\"https:\/\/www.boxrepsol.com\/es\/cultura-motera\/como-calcular-valor-venal-moto\/#Calcula_el_valor_venal\" >Calcula el valor venal<\/a><\/li><\/ul><\/li><li class='ez-toc-page-1 ez-toc-heading-level-2'><a class=\"ez-toc-link ez-toc-heading-7\" href=\"https:\/\/www.boxrepsol.com\/es\/cultura-motera\/como-calcular-valor-venal-moto\/#Valorar_la_moto_segun_su_cilindrada\" >Valorar la moto seg\u00fan su cilindrada<\/a><ul class='ez-toc-list-level-3' ><li class='ez-toc-heading-level-3'><a class=\"ez-toc-link ez-toc-heading-8\" href=\"https:\/\/www.boxrepsol.com\/es\/cultura-motera\/como-calcular-valor-venal-moto\/#Tabla_de_Valor_Venal_de_Motos\" >Tabla de Valor Venal de Motos<\/a><\/li><\/ul><\/li><li class='ez-toc-page-1 ez-toc-heading-level-2'><a class=\"ez-toc-link ez-toc-heading-9\" href=\"https:\/\/www.boxrepsol.com\/es\/cultura-motera\/como-calcular-valor-venal-moto\/#%C2%BFSe_puede_tasar_una_moto_por_la_matricula\" >\u00bfSe puede tasar una moto por la matr\u00edcula?<\/a><ul class='ez-toc-list-level-3' ><li class='ez-toc-heading-level-3'><a class=\"ez-toc-link ez-toc-heading-10\" href=\"https:\/\/www.boxrepsol.com\/es\/cultura-motera\/como-calcular-valor-venal-moto\/#Tabla_de_Depreciacion_de_Motos_por_Anos_de_Uso\" >Tabla de Depreciaci\u00f3n de Motos por A\u00f1os de Uso<\/a><\/li><\/ul><\/li><\/ul><\/nav><\/div>\n<h2 class=\"wp-block-heading\"><span class=\"ez-toc-section\" id=\"%C2%BFQue_es_el_valor_venal_de_una_moto\"><\/span>\u00bfQu\u00e9 es el valor venal de una moto?<span class=\"ez-toc-section-end\"><\/span><\/h2>\n\n\n\n<p>El&nbsp;<strong>valor venal de una moto<\/strong>&nbsp;es el precio estimado que&nbsp;podr\u00eda alcanzar en&nbsp;el mercado de&nbsp;segunda mano&nbsp;justo antes de&nbsp;un siniestro, como&nbsp;un accidente, robo&nbsp;o incendio. Este&nbsp;valor se utiliza frecuentemente en&nbsp;el \u00e1mbito de&nbsp;los seguros para&nbsp;calcular indemnizaciones y&nbsp;tambi\u00e9n en transacciones relacionadas con impuestos, como el&nbsp;Impuesto sobre Transmisiones Patrimoniales o el&nbsp;Impuesto de Circulaci\u00f3n<\/p>\n\n\n\n<p><\/p>\n\n\n\n<h2 class=\"wp-block-heading\"><span class=\"ez-toc-section\" id=\"Factores_que_influyen_en_el_valor_venal_de_tu_moto\"><\/span>Factores que influyen en el valor venal de tu moto<span class=\"ez-toc-section-end\"><\/span><\/h2>\n\n\n\n<p>El valor venal de una moto es <strong>el valor de esa moto<\/strong> <strong>antes de producirse el siniestro. <\/strong>Es decir, el&nbsp;valor el valor venal de una moto representa el precio estimado que tendr\u00eda en el mercado justo antes de un siniestro, como un accidente o robo. En otras palabras, es el valor que se le asignar\u00eda si se pusiera a la venta. Este c\u00e1lculo depende de varios factores clave:<\/p>\n\n\n\n<ul class=\"wp-block-list\">\n<li><strong>Antig\u00fcedad<\/strong>: A medida que pasa el tiempo, la moto pierde valor debido a la depreciaci\u00f3n.<\/li>\n\n\n\n<li><strong>Cilindrada<\/strong>: Las tablas oficiales establecen valores base seg\u00fan la capacidad del motor.<\/li>\n\n\n\n<li><strong>Accesorios declarados<\/strong>: Los elementos adicionales registrados en la p\u00f3liza del seguro pueden incrementar este valor.<\/li>\n\n\n\n<li><strong>Marca y modelo<\/strong>: Las caracter\u00edsticas espec\u00edficas de la moto tambi\u00e9n influyen en su valoraci\u00f3n.<\/li>\n<\/ul>\n\n\n\n<p>Es importante destacar que el valor venal <strong>no considera aspectos como el kilometraje o el mantenimiento <\/strong>realizado.<\/p>\n\n\n<div class=\"wp-block-image\">\n<figure class=\"aligncenter size-full\"><img loading=\"lazy\" decoding=\"async\" width=\"600\" height=\"400\" src=\"https:\/\/bxrepsol.s3.eu-west-1.amazonaws.com\/static\/2024\/02\/23083957\/2.jpg\" alt=\"moto en perfecto estado \" class=\"wp-image-112547\" srcset=\"https:\/\/bxrepsol.s3.eu-west-1.amazonaws.com\/static\/2024\/02\/23083957\/2.jpg 600w, https:\/\/bxrepsol.s3.eu-west-1.amazonaws.com\/static\/2024\/02\/23083957\/2-300x200.jpg 300w\" sizes=\"auto, (max-width: 600px) 100vw, 600px\" \/><\/figure>\n<\/div>\n\n\n<p><\/p>\n\n\n\n<h2 class=\"wp-block-heading\"><span class=\"ez-toc-section\" id=\"%C2%BFComo_calcular_el_valor_venal_de_tu_moto\"><\/span>\u00bfC\u00f3mo calcular el valor venal de tu moto?<span class=\"ez-toc-section-end\"><\/span><\/h2>\n\n\n\n<p><strong>Calcular el valor venal de una&nbsp;moto<\/strong> es un proceso sencillo que&nbsp;se basa en consultar tablas oficiales y aplicar porcentajes de depreciaci\u00f3n seg\u00fan la antig\u00fcedad del&nbsp;veh\u00edculo. Aqu\u00ed&nbsp;te explicamos c\u00f3mo&nbsp;hacerlo:<\/p>\n\n\n\n<h3 class=\"wp-block-heading\"><span class=\"ez-toc-section\" id=\"Consulta_las_tablas_oficiales_del_Ministerio_de_Hacienda\"><\/span><strong>Consulta las tablas oficiales del Ministerio de Hacienda<\/strong><span class=\"ez-toc-section-end\"><\/span><\/h3>\n\n\n\n<p>Cada a\u00f1o, Hacienda publica en el <strong>BOE <\/strong>unas tablas que establecen los <strong>valores base de las motos<\/strong> seg\u00fan su cilindrada. Por ejemplo:<\/p>\n\n\n\n<ul class=\"wp-block-list\">\n<li>Hasta 50 c.c.: 600 \u20ac<\/li>\n\n\n\n<li>De 125,01 a 150 c.c.: 1.200 \u20ac<\/li>\n\n\n\n<li>De 750,01 a 1.000 c.c.: 7.500 \u20ac<\/li>\n<\/ul>\n\n\n\n<p>Estas tablas son la referencia inicial para determinar el precio medio de venta.<\/p>\n\n\n\n<h3 class=\"wp-block-heading\"><span class=\"ez-toc-section\" id=\"Determina_la_antiguedad_de_la_moto\"><\/span>Determina la antig\u00fcedad de la moto <span class=\"ez-toc-section-end\"><\/span><\/h3>\n\n\n\n<p>Identifica la fecha de la <a href=\"https:\/\/www.boxrepsol.com\/es\/cultura-motera\/como-matricular-una-moto-nueva\/\">primera matriculaci\u00f3n del veh\u00edculo<\/a>. Seg\u00fan los a\u00f1os transcurridos desde entonces, se aplica un porcentaje de depreciaci\u00f3n al valor base. Por ejemplo:<\/p>\n\n\n\n<ul class=\"wp-block-list\">\n<li>Hasta 1 a\u00f1o: 100%<\/li>\n\n\n\n<li>M\u00e1s de 5 a\u00f1os: 39%<\/li>\n\n\n\n<li>M\u00e1s de 12 a\u00f1os: 10%<\/li>\n<\/ul>\n\n\n\n<h3 class=\"wp-block-heading\"><span class=\"ez-toc-section\" id=\"Calcula_el_valor_venal\"><\/span>Calcula el valor venal <span class=\"ez-toc-section-end\"><\/span><\/h3>\n\n\n\n<p>Multiplica el valor base (seg\u00fan la cilindrada) por el porcentaje correspondiente a la antig\u00fcedad. Por ejemplo:<\/p>\n\n\n\n<ul class=\"wp-block-list\">\n<li>Una moto de 750 c.c., con un valor base de 9.300 \u20ac, y m\u00e1s de cinco a\u00f1os de antig\u00fcedad (39%), tendr\u00eda un valor venal de:<\/li>\n<\/ul>\n\n\n\n<p class=\"has-text-align-center\"><strong>9.300\u00d70,39=3.627\u2009\u20ac9.300\u00d70,39=3.627\u20ac<\/strong><\/p>\n\n\n\n<p><\/p>\n\n\n\n<h2 class=\"wp-block-heading\"><span class=\"ez-toc-section\" id=\"Valorar_la_moto_segun_su_cilindrada\"><\/span>Valorar la moto seg\u00fan su cilindrada<span class=\"ez-toc-section-end\"><\/span><\/h2>\n\n\n\n<p>Tambi\u00e9n se puede calcular el <strong>valor de una moto seg\u00fan su cilindrada<\/strong>, independientemente de la marca o el <a href=\"https:\/\/www.boxrepsol.com\/es\/vive-tu-moto\/tipos-de-moto-cual-es-el-tuyo\/\">tipo de moto<\/a> del que se trate:<\/p>\n\n\n\n<!DOCTYPE html>\n<html lang=\"es\">\n<head>\n    <meta charset=\"UTF-8\">\n    <meta name=\"viewport\" content=\"width=device-width, initial-scale=1.0\">\n    <title>Tabla de Valor Venal de Motos<\/title>\n    <style>\n        body {\n            font-family: Arial, sans-serif;\n            background-color: #ffffff; \/* Blanco *\/\n            color: #041e42; \/* Azul petr\u00f3leo *\/\n        }\n        table {\n            width: 100%;\n            border-collapse: collapse;\n            margin: 20px 0;\n        }\n        th, td {\n            border: 1px solid #041e42; \/* Azul petr\u00f3leo *\/\n            text-align: center;\n            padding: 10px;\n        }\n        th {\n            background-color: #ff8200; \/* Naranja Repsol *\/\n            color: #ffffff; \/* Blanco *\/\n        }\n        tr:nth-child(even) {\n            background-color: #f9f9f9; \/* Gris claro *\/\n        }\n        tr:nth-child(odd) {\n            background-color: #ffffff; \/* Blanco *\/\n        }\n    <\/style>\n<\/head>\n<body>\n    <h3><span class=\"ez-toc-section\" id=\"Tabla_de_Valor_Venal_de_Motos\"><\/span>Tabla de Valor Venal de Motos<span class=\"ez-toc-section-end\"><\/span><\/h3>\n    <table>\n        <thead>\n            <tr>\n                <th>Cilindrada<\/th>\n                <th>Valor Venal (\u20ac)<\/th>\n            <\/tr>\n        <\/thead>\n        <tbody>\n            <tr>\n                <td>Hasta 50 cc<\/td>\n                <td>600<\/td>\n            <\/tr>\n            <tr>\n                <td>De 50,1 cc hasta 75 cc<\/td>\n                <td>750<\/td>\n            <\/tr>\n            <tr>\n                <td>De 75,01 cc hasta 125 cc<\/td>\n                <td>1.100<\/td>\n            <\/tr>\n            <tr>\n                <td>De 125,01 cc hasta 150 cc<\/td>\n                <td>1.200<\/td>\n            <\/tr>\n            <tr>\n                <td>De 150,01 cc hasta 200 cc<\/td>\n                <td>1.300<\/td>\n            <\/tr>\n            <tr>\n                <td>De 200,01 cc hasta 250 cc<\/td>\n                <td>1.500<\/td>\n            <\/tr>\n            <tr>\n                <td>De 250,01 cc hasta 350 cc<\/td>\n                <td>2.200<\/td>\n            <\/tr>\n            <tr>\n                <td>De 361,01 cc hasta 450 cc<\/td>\n                <td>2.700<\/td>\n            <\/tr>\n            <tr>\n                <td>De 450,01 cc hasta 550 cc<\/td>\n                <td>3.000<\/td>\n            <\/tr>\n            <tr>\n                <td>De 550,01 cc hasta 750 cc<\/td>\n                <td>5.000<\/td>\n            <\/tr>\n            <tr>\n                <td>De 750,01 cc hasta 1.000 cc<\/td>\n                <td>7.500<\/td>\n            <\/tr>\n            <tr>\n                <td>De 1.000,01 cc hasta 1.200 cc<\/td>\n                <td>9.500<\/td>\n            <\/tr>\n            <tr>\n                <td>De 1.200 cc y superior cilindrada<\/td>\n                <td>12.000<\/td>\n            <\/tr>\n        <\/tbody>\n    <\/table>\n<\/body>\n<\/html>\n\n\n\n<h2 class=\"wp-block-heading\"><span class=\"ez-toc-section\" id=\"%C2%BFSe_puede_tasar_una_moto_por_la_matricula\"><\/span>\u00bfSe puede tasar una moto por la matr\u00edcula?<span class=\"ez-toc-section-end\"><\/span><\/h2>\n\n\n\n<p>S\u00ed, se puede <strong>tasar una moto utilizando la matr\u00edcula<\/strong> como punto de partida. La matr\u00edcula permite obtener informaci\u00f3n clave como la <strong>marca, modelo, versi\u00f3n y, lo m\u00e1s importante, la fecha de primera matriculaci\u00f3n.<\/strong> Este \u00faltimo dato es esencial para calcular el valor venal de la moto, ya que determina el porcentaje de depreciaci\u00f3n aplicable seg\u00fan su antig\u00fcedad.<\/p>\n\n\n\n<!DOCTYPE html>\n<html lang=\"es\">\n<head>\n    <meta charset=\"UTF-8\">\n    <meta name=\"viewport\" content=\"width=device-width, initial-scale=1.0\">\n    <title>Tabla de Depreciaci\u00f3n de Motos<\/title>\n    <style>\n        body {\n            font-family: Arial, sans-serif;\n            background-color: #ffffff; \/* Blanco *\/\n            color: #041e42; \/* Azul petr\u00f3leo *\/\n        }\n        table {\n            width: 100%;\n            border-collapse: collapse;\n            margin: 20px 0;\n        }\n        th, td {\n            border: 1px solid #041e42; \/* Azul petr\u00f3leo *\/\n            text-align: center;\n            padding: 10px;\n        }\n        th {\n            background-color: #ff8200; \/* Naranja Repsol *\/\n            color: #ffffff; \/* Blanco *\/\n        }\n        tr:nth-child(even) {\n            background-color: #f9f9f9; \/* Gris claro *\/\n        }\n        tr:nth-child(odd) {\n            background-color: #ffffff; \/* Blanco *\/\n        }\n    <\/style>\n<\/head>\n<body>\n    <h3><span class=\"ez-toc-section\" id=\"Tabla_de_Depreciacion_de_Motos_por_Anos_de_Uso\"><\/span>Tabla de Depreciaci\u00f3n de Motos por A\u00f1os de Uso<span class=\"ez-toc-section-end\"><\/span><\/h3>\n    <table>\n        <thead>\n            <tr>\n                <th>A\u00f1os de Uso<\/th>\n                <th>Porcentaje (%)<\/th>\n            <\/tr>\n        <\/thead>\n        <tbody>\n            <tr>\n                <td>Hasta 1 a\u00f1o<\/td>\n                <td>100<\/td>\n            <\/tr>\n            <tr>\n                <td>M\u00e1s de 1 a\u00f1o, hasta 2<\/td>\n                <td>84<\/td>\n            <\/tr>\n            <tr>\n                <td>M\u00e1s de 2 a\u00f1os, hasta 3<\/td>\n                <td>67<\/td>\n            <\/tr>\n            <tr>\n                <td>M\u00e1s de 3 a\u00f1os, hasta 4<\/td>\n                <td>56<\/td>\n            <\/tr>\n            <tr>\n                <td>M\u00e1s de 4 a\u00f1os, hasta 5<\/td>\n                <td>47<\/td>\n            <\/tr>\n            <tr>\n                <td>M\u00e1s de 5 a\u00f1os, hasta 6<\/td>\n                <td>39<\/td>\n            <\/tr>\n            <tr>\n                <td>M\u00e1s de 6 a\u00f1os, hasta 7<\/td>\n                <td>34<\/td>\n            <\/tr>\n            <tr>\n                <td>M\u00e1s de 7 a\u00f1os, hasta 8<\/td>\n                <td>28<\/td>\n            <\/tr>\n            <tr>\n                <td>M\u00e1s de 8 a\u00f1os, hasta 9<\/td>\n                <td>24<\/td>\n            <\/tr>\n            <tr>\n                <td>M\u00e1s de 9 a\u00f1os, hasta 10<\/td>\n                <td>19<\/td>\n            <\/tr>\n            <tr>\n                <td>M\u00e1s de 10 a\u00f1os, hasta 11<\/td>\n                <td>17<\/td>\n            <\/tr>\n            <tr>\n                <td>M\u00e1s de 11 a\u00f1os, hasta 12<\/td>\n                <td>13<\/td>\n            <\/tr>\n            <tr>\n                <td>M\u00e1s de 12 a\u00f1os<\/td>\n                <td>10<\/td>\n            <\/tr>\n        <\/tbody>\n    <\/table>\n<\/body>\n<\/html>\n\n\n\n<p>Cuanto m\u00e1s antigua sea una moto, <strong>m\u00e1s bajo ser\u00e1 su valor venal<\/strong>, y ese es el motivo por el que en ocasiones una aseguradora declara siniestro total un veh\u00edculo <strong>que podr\u00eda<\/strong> <strong>seguir circulando<\/strong>, porque el coste de la reparaci\u00f3n supera el valor venal.<\/p>\n\n\n\n<p><\/p>\n","protected":false},"excerpt":{"rendered":"<p>Cuando se produce un accidente y en el siniestro se producen cuantiosos da\u00f1os en tu moto, el seguro puede decidir que no merece la pena la reparaci\u00f3n, y prefiere compensarte econ\u00f3micamente esa p\u00e9rdida, pag\u00e1ndote su valor venal. Pero \u00bfqu\u00e9 es eso?<\/p>\n","protected":false},"author":41268,"featured_media":112545,"comment_status":"open","ping_status":"open","sticky":false,"template":"","format":"standard","meta":{"footnotes":""},"categories":[160],"tags":[425],"class_list":["post-112542","post","type-post","status-publish","format-standard","hentry","category-cultura-motera","tag-consejos-de-trafico"],"yoast_head":"<!-- This site is optimized with the Yoast SEO plugin v27.3 - https:\/\/yoast.com\/product\/yoast-seo-wordpress\/ -->\n<title>C\u00f3mo calcular el valor venal de una moto en 2025 - Box Repsol<\/title>\n<meta name=\"description\" content=\"Descubre qu\u00e9 es el valor venal de una moto, c\u00f3mo calcularlo f\u00e1cilmente y por qu\u00e9 es clave para seguros e indemnizaciones.\" \/>\n<link rel=\"canonical\" href=\"https:\/\/www.boxrepsol.com\/es\/cultura-motera\/como-calcular-valor-venal-moto\/\" \/>\n<meta property=\"og:locale\" content=\"es_ES\" \/>\n<meta property=\"og:type\" content=\"article\" \/>\n<meta property=\"og:title\" content=\"C\u00f3mo calcular el valor venal de una moto en 2025 - Box Repsol\" \/>\n<meta property=\"og:description\" content=\"Descubre qu\u00e9 es el valor venal de una moto, c\u00f3mo calcularlo f\u00e1cilmente y por qu\u00e9 es clave para seguros e indemnizaciones.\" \/>\n<meta property=\"og:url\" content=\"https:\/\/www.boxrepsol.com\/es\/cultura-motera\/como-calcular-valor-venal-moto\/\" \/>\n<meta property=\"og:site_name\" content=\"Box Repsol\" \/>\n<meta property=\"article:publisher\" content=\"https:\/\/www.facebook.com\/BoxRepsol\" \/>\n<meta property=\"article:published_time\" content=\"2024-02-23T10:43:48+00:00\" \/>\n<meta property=\"article:modified_time\" content=\"2025-03-18T14:47:24+00:00\" \/>\n<meta property=\"og:image\" content=\"https:\/\/bxrepsol.s3.eu-west-1.amazonaws.com\/static\/2024\/02\/23083946\/1.jpg\" \/>\n\t<meta property=\"og:image:width\" content=\"700\" \/>\n\t<meta property=\"og:image:height\" content=\"350\" \/>\n\t<meta property=\"og:image:type\" content=\"image\/jpeg\" \/>\n<meta name=\"author\" content=\"Juan Pedro de la Torre\" \/>\n<meta name=\"twitter:card\" content=\"summary_large_image\" \/>\n<meta name=\"twitter:creator\" content=\"@https:\/\/twitter.com\/JPdelaTorre1965\" \/>\n<meta name=\"twitter:site\" content=\"@box_repsol\" \/>\n<meta name=\"twitter:label1\" content=\"Written by\" \/>\n\t<meta name=\"twitter:data1\" content=\"Juan Pedro de la Torre\" \/>\n\t<meta name=\"twitter:label2\" content=\"Est. reading time\" \/>\n\t<meta name=\"twitter:data2\" content=\"4 minutos\" \/>\n<script type=\"application\/ld+json\" class=\"yoast-schema-graph\">{\"@context\":\"https:\\\/\\\/schema.org\",\"@graph\":[{\"@type\":\"Article\",\"@id\":\"https:\\\/\\\/www.boxrepsol.com\\\/es\\\/cultura-motera\\\/como-calcular-valor-venal-moto\\\/#article\",\"isPartOf\":{\"@id\":\"https:\\\/\\\/www.boxrepsol.com\\\/es\\\/cultura-motera\\\/como-calcular-valor-venal-moto\\\/\"},\"author\":{\"name\":\"Juan Pedro de la Torre\",\"@id\":\"https:\\\/\\\/www.boxrepsol.com\\\/es\\\/#\\\/schema\\\/person\\\/26abce1d675df22d63ac9e9d5f23e4aa\"},\"headline\":\"\u00bfQu\u00e9 es y c\u00f3mo se calcula el valor venal de una moto?\",\"datePublished\":\"2024-02-23T10:43:48+00:00\",\"dateModified\":\"2025-03-18T14:47:24+00:00\",\"mainEntityOfPage\":{\"@id\":\"https:\\\/\\\/www.boxrepsol.com\\\/es\\\/cultura-motera\\\/como-calcular-valor-venal-moto\\\/\"},\"wordCount\":871,\"commentCount\":5,\"publisher\":{\"@id\":\"https:\\\/\\\/www.boxrepsol.com\\\/es\\\/#organization\"},\"image\":{\"@id\":\"https:\\\/\\\/www.boxrepsol.com\\\/es\\\/cultura-motera\\\/como-calcular-valor-venal-moto\\\/#primaryimage\"},\"thumbnailUrl\":\"https:\\\/\\\/bxrepsol.s3.eu-west-1.amazonaws.com\\\/static\\\/2024\\\/02\\\/23083946\\\/1.jpg\",\"keywords\":[\"Consejos tr\u00e1fico\"],\"articleSection\":[\"Cultura Motera\"],\"inLanguage\":\"es\",\"potentialAction\":[{\"@type\":\"CommentAction\",\"name\":\"Comment\",\"target\":[\"https:\\\/\\\/www.boxrepsol.com\\\/es\\\/cultura-motera\\\/como-calcular-valor-venal-moto\\\/#respond\"]}]},{\"@type\":\"WebPage\",\"@id\":\"https:\\\/\\\/www.boxrepsol.com\\\/es\\\/cultura-motera\\\/como-calcular-valor-venal-moto\\\/\",\"url\":\"https:\\\/\\\/www.boxrepsol.com\\\/es\\\/cultura-motera\\\/como-calcular-valor-venal-moto\\\/\",\"name\":\"C\u00f3mo calcular el valor venal de una moto en 2025 - Box Repsol\",\"isPartOf\":{\"@id\":\"https:\\\/\\\/www.boxrepsol.com\\\/es\\\/#website\"},\"primaryImageOfPage\":{\"@id\":\"https:\\\/\\\/www.boxrepsol.com\\\/es\\\/cultura-motera\\\/como-calcular-valor-venal-moto\\\/#primaryimage\"},\"image\":{\"@id\":\"https:\\\/\\\/www.boxrepsol.com\\\/es\\\/cultura-motera\\\/como-calcular-valor-venal-moto\\\/#primaryimage\"},\"thumbnailUrl\":\"https:\\\/\\\/bxrepsol.s3.eu-west-1.amazonaws.com\\\/static\\\/2024\\\/02\\\/23083946\\\/1.jpg\",\"datePublished\":\"2024-02-23T10:43:48+00:00\",\"dateModified\":\"2025-03-18T14:47:24+00:00\",\"description\":\"Descubre qu\u00e9 es el valor venal de una moto, c\u00f3mo calcularlo f\u00e1cilmente y por qu\u00e9 es clave para seguros e indemnizaciones.\",\"breadcrumb\":{\"@id\":\"https:\\\/\\\/www.boxrepsol.com\\\/es\\\/cultura-motera\\\/como-calcular-valor-venal-moto\\\/#breadcrumb\"},\"inLanguage\":\"es\",\"potentialAction\":[{\"@type\":\"ReadAction\",\"target\":[\"https:\\\/\\\/www.boxrepsol.com\\\/es\\\/cultura-motera\\\/como-calcular-valor-venal-moto\\\/\"]}]},{\"@type\":\"ImageObject\",\"inLanguage\":\"es\",\"@id\":\"https:\\\/\\\/www.boxrepsol.com\\\/es\\\/cultura-motera\\\/como-calcular-valor-venal-moto\\\/#primaryimage\",\"url\":\"https:\\\/\\\/bxrepsol.s3.eu-west-1.amazonaws.com\\\/static\\\/2024\\\/02\\\/23083946\\\/1.jpg\",\"contentUrl\":\"https:\\\/\\\/bxrepsol.s3.eu-west-1.amazonaws.com\\\/static\\\/2024\\\/02\\\/23083946\\\/1.jpg\",\"width\":700,\"height\":350},{\"@type\":\"BreadcrumbList\",\"@id\":\"https:\\\/\\\/www.boxrepsol.com\\\/es\\\/cultura-motera\\\/como-calcular-valor-venal-moto\\\/#breadcrumb\",\"itemListElement\":[{\"@type\":\"ListItem\",\"position\":1,\"name\":\"Home\",\"item\":\"https:\\\/\\\/www.boxrepsol.com\\\/es\\\/\"},{\"@type\":\"ListItem\",\"position\":2,\"name\":\"\u00bfQu\u00e9 es y c\u00f3mo se calcula el valor venal de una moto?\"}]},{\"@type\":\"WebSite\",\"@id\":\"https:\\\/\\\/www.boxrepsol.com\\\/es\\\/#website\",\"url\":\"https:\\\/\\\/www.boxrepsol.com\\\/es\\\/\",\"name\":\"Box Repsol\",\"description\":\"Box Repsol Site\",\"publisher\":{\"@id\":\"https:\\\/\\\/www.boxrepsol.com\\\/es\\\/#organization\"},\"potentialAction\":[{\"@type\":\"SearchAction\",\"target\":{\"@type\":\"EntryPoint\",\"urlTemplate\":\"https:\\\/\\\/www.boxrepsol.com\\\/es\\\/?s={search_term_string}\"},\"query-input\":{\"@type\":\"PropertyValueSpecification\",\"valueRequired\":true,\"valueName\":\"search_term_string\"}}],\"inLanguage\":\"es\"},{\"@type\":\"Organization\",\"@id\":\"https:\\\/\\\/www.boxrepsol.com\\\/es\\\/#organization\",\"name\":\"Box Repsol\",\"url\":\"https:\\\/\\\/www.boxrepsol.com\\\/es\\\/\",\"logo\":{\"@type\":\"ImageObject\",\"inLanguage\":\"es\",\"@id\":\"https:\\\/\\\/www.boxrepsol.com\\\/es\\\/#\\\/schema\\\/logo\\\/image\\\/\",\"url\":\"https:\\\/\\\/bxrepsol.s3.eu-west-1.amazonaws.com\\\/static\\\/2025\\\/07\\\/30083337\\\/favicon-96x96-1.png\",\"contentUrl\":\"https:\\\/\\\/bxrepsol.s3.eu-west-1.amazonaws.com\\\/static\\\/2025\\\/07\\\/30083337\\\/favicon-96x96-1.png\",\"width\":96,\"height\":96,\"caption\":\"Box Repsol\"},\"image\":{\"@id\":\"https:\\\/\\\/www.boxrepsol.com\\\/es\\\/#\\\/schema\\\/logo\\\/image\\\/\"},\"sameAs\":[\"https:\\\/\\\/www.facebook.com\\\/BoxRepsol\",\"https:\\\/\\\/x.com\\\/box_repsol\",\"http:\\\/\\\/instagram.com\\\/box_repsol\",\"https:\\\/\\\/www.youtube.com\\\/user\\\/RepsolCompeticion\",\"https:\\\/\\\/www.flickr.com\\\/photos\\\/box_repsol\\\/\"]},{\"@type\":\"Person\",\"@id\":\"https:\\\/\\\/www.boxrepsol.com\\\/es\\\/#\\\/schema\\\/person\\\/26abce1d675df22d63ac9e9d5f23e4aa\",\"name\":\"Juan Pedro de la Torre\",\"image\":{\"@type\":\"ImageObject\",\"inLanguage\":\"es\",\"@id\":\"https:\\\/\\\/secure.gravatar.com\\\/avatar\\\/e81f780ee2930d7be330cb34304decf0e9bc66bec0158805a0fe2726f4517224?s=96&d=mm&r=g\",\"url\":\"https:\\\/\\\/secure.gravatar.com\\\/avatar\\\/e81f780ee2930d7be330cb34304decf0e9bc66bec0158805a0fe2726f4517224?s=96&d=mm&r=g\",\"contentUrl\":\"https:\\\/\\\/secure.gravatar.com\\\/avatar\\\/e81f780ee2930d7be330cb34304decf0e9bc66bec0158805a0fe2726f4517224?s=96&d=mm&r=g\",\"caption\":\"Juan Pedro de la Torre\"},\"description\":\"Se inici\u00f3 en el diario Marca en 1988 y posteriormente pas\u00f3 a la revista Motociclismo, donde llegar\u00eda a ser director de deporte. Despu\u00e9s fue editor y director de Motoworld.es y Sport Bikes y colabor\u00f3 con varios medios. Adem\u00e1s, ha publicado una docena de libros y actualmente trabaja como colaborador para Motociclismo, El Confidencial y Box Repsol.\",\"sameAs\":[\"https:\\\/\\\/x.com\\\/https:\\\/\\\/twitter.com\\\/JPdelaTorre1965\",\"https:\\\/\\\/youtube.com\\\/@juanpedrodelatorremotoworld\"],\"url\":\"https:\\\/\\\/www.boxrepsol.com\\\/es\\\/author\\\/juanpedro_delatorre\\\/\"}]}<\/script>\n<!-- \/ Yoast SEO plugin. -->","yoast_head_json":{"title":"C\u00f3mo calcular el valor venal de una moto en 2025 - Box Repsol","description":"Descubre qu\u00e9 es el valor venal de una moto, c\u00f3mo calcularlo f\u00e1cilmente y por qu\u00e9 es clave para seguros e indemnizaciones.","canonical":"https:\/\/www.boxrepsol.com\/es\/cultura-motera\/como-calcular-valor-venal-moto\/","og_locale":"es_ES","og_type":"article","og_title":"C\u00f3mo calcular el valor venal de una moto en 2025 - Box Repsol","og_description":"Descubre qu\u00e9 es el valor venal de una moto, c\u00f3mo calcularlo f\u00e1cilmente y por qu\u00e9 es clave para seguros e indemnizaciones.","og_url":"https:\/\/www.boxrepsol.com\/es\/cultura-motera\/como-calcular-valor-venal-moto\/","og_site_name":"Box Repsol","article_publisher":"https:\/\/www.facebook.com\/BoxRepsol","article_published_time":"2024-02-23T10:43:48+00:00","article_modified_time":"2025-03-18T14:47:24+00:00","og_image":[{"width":700,"height":350,"url":"https:\/\/bxrepsol.s3.eu-west-1.amazonaws.com\/static\/2024\/02\/23083946\/1.jpg","type":"image\/jpeg"}],"author":"Juan Pedro de la Torre","twitter_card":"summary_large_image","twitter_creator":"@https:\/\/twitter.com\/JPdelaTorre1965","twitter_site":"@box_repsol","twitter_misc":{"Written by":"Juan Pedro de la Torre","Est. reading time":"4 minutos"},"schema":{"@context":"https:\/\/schema.org","@graph":[{"@type":"Article","@id":"https:\/\/www.boxrepsol.com\/es\/cultura-motera\/como-calcular-valor-venal-moto\/#article","isPartOf":{"@id":"https:\/\/www.boxrepsol.com\/es\/cultura-motera\/como-calcular-valor-venal-moto\/"},"author":{"name":"Juan Pedro de la Torre","@id":"https:\/\/www.boxrepsol.com\/es\/#\/schema\/person\/26abce1d675df22d63ac9e9d5f23e4aa"},"headline":"\u00bfQu\u00e9 es y c\u00f3mo se calcula el valor venal de una moto?","datePublished":"2024-02-23T10:43:48+00:00","dateModified":"2025-03-18T14:47:24+00:00","mainEntityOfPage":{"@id":"https:\/\/www.boxrepsol.com\/es\/cultura-motera\/como-calcular-valor-venal-moto\/"},"wordCount":871,"commentCount":5,"publisher":{"@id":"https:\/\/www.boxrepsol.com\/es\/#organization"},"image":{"@id":"https:\/\/www.boxrepsol.com\/es\/cultura-motera\/como-calcular-valor-venal-moto\/#primaryimage"},"thumbnailUrl":"https:\/\/bxrepsol.s3.eu-west-1.amazonaws.com\/static\/2024\/02\/23083946\/1.jpg","keywords":["Consejos tr\u00e1fico"],"articleSection":["Cultura Motera"],"inLanguage":"es","potentialAction":[{"@type":"CommentAction","name":"Comment","target":["https:\/\/www.boxrepsol.com\/es\/cultura-motera\/como-calcular-valor-venal-moto\/#respond"]}]},{"@type":"WebPage","@id":"https:\/\/www.boxrepsol.com\/es\/cultura-motera\/como-calcular-valor-venal-moto\/","url":"https:\/\/www.boxrepsol.com\/es\/cultura-motera\/como-calcular-valor-venal-moto\/","name":"C\u00f3mo calcular el valor venal de una moto en 2025 - Box Repsol","isPartOf":{"@id":"https:\/\/www.boxrepsol.com\/es\/#website"},"primaryImageOfPage":{"@id":"https:\/\/www.boxrepsol.com\/es\/cultura-motera\/como-calcular-valor-venal-moto\/#primaryimage"},"image":{"@id":"https:\/\/www.boxrepsol.com\/es\/cultura-motera\/como-calcular-valor-venal-moto\/#primaryimage"},"thumbnailUrl":"https:\/\/bxrepsol.s3.eu-west-1.amazonaws.com\/static\/2024\/02\/23083946\/1.jpg","datePublished":"2024-02-23T10:43:48+00:00","dateModified":"2025-03-18T14:47:24+00:00","description":"Descubre qu\u00e9 es el valor venal de una moto, c\u00f3mo calcularlo f\u00e1cilmente y por qu\u00e9 es clave para seguros e indemnizaciones.","breadcrumb":{"@id":"https:\/\/www.boxrepsol.com\/es\/cultura-motera\/como-calcular-valor-venal-moto\/#breadcrumb"},"inLanguage":"es","potentialAction":[{"@type":"ReadAction","target":["https:\/\/www.boxrepsol.com\/es\/cultura-motera\/como-calcular-valor-venal-moto\/"]}]},{"@type":"ImageObject","inLanguage":"es","@id":"https:\/\/www.boxrepsol.com\/es\/cultura-motera\/como-calcular-valor-venal-moto\/#primaryimage","url":"https:\/\/bxrepsol.s3.eu-west-1.amazonaws.com\/static\/2024\/02\/23083946\/1.jpg","contentUrl":"https:\/\/bxrepsol.s3.eu-west-1.amazonaws.com\/static\/2024\/02\/23083946\/1.jpg","width":700,"height":350},{"@type":"BreadcrumbList","@id":"https:\/\/www.boxrepsol.com\/es\/cultura-motera\/como-calcular-valor-venal-moto\/#breadcrumb","itemListElement":[{"@type":"ListItem","position":1,"name":"Home","item":"https:\/\/www.boxrepsol.com\/es\/"},{"@type":"ListItem","position":2,"name":"\u00bfQu\u00e9 es y c\u00f3mo se calcula el valor venal de una moto?"}]},{"@type":"WebSite","@id":"https:\/\/www.boxrepsol.com\/es\/#website","url":"https:\/\/www.boxrepsol.com\/es\/","name":"Box Repsol","description":"Box Repsol Site","publisher":{"@id":"https:\/\/www.boxrepsol.com\/es\/#organization"},"potentialAction":[{"@type":"SearchAction","target":{"@type":"EntryPoint","urlTemplate":"https:\/\/www.boxrepsol.com\/es\/?s={search_term_string}"},"query-input":{"@type":"PropertyValueSpecification","valueRequired":true,"valueName":"search_term_string"}}],"inLanguage":"es"},{"@type":"Organization","@id":"https:\/\/www.boxrepsol.com\/es\/#organization","name":"Box Repsol","url":"https:\/\/www.boxrepsol.com\/es\/","logo":{"@type":"ImageObject","inLanguage":"es","@id":"https:\/\/www.boxrepsol.com\/es\/#\/schema\/logo\/image\/","url":"https:\/\/bxrepsol.s3.eu-west-1.amazonaws.com\/static\/2025\/07\/30083337\/favicon-96x96-1.png","contentUrl":"https:\/\/bxrepsol.s3.eu-west-1.amazonaws.com\/static\/2025\/07\/30083337\/favicon-96x96-1.png","width":96,"height":96,"caption":"Box Repsol"},"image":{"@id":"https:\/\/www.boxrepsol.com\/es\/#\/schema\/logo\/image\/"},"sameAs":["https:\/\/www.facebook.com\/BoxRepsol","https:\/\/x.com\/box_repsol","http:\/\/instagram.com\/box_repsol","https:\/\/www.youtube.com\/user\/RepsolCompeticion","https:\/\/www.flickr.com\/photos\/box_repsol\/"]},{"@type":"Person","@id":"https:\/\/www.boxrepsol.com\/es\/#\/schema\/person\/26abce1d675df22d63ac9e9d5f23e4aa","name":"Juan Pedro de la Torre","image":{"@type":"ImageObject","inLanguage":"es","@id":"https:\/\/secure.gravatar.com\/avatar\/e81f780ee2930d7be330cb34304decf0e9bc66bec0158805a0fe2726f4517224?s=96&d=mm&r=g","url":"https:\/\/secure.gravatar.com\/avatar\/e81f780ee2930d7be330cb34304decf0e9bc66bec0158805a0fe2726f4517224?s=96&d=mm&r=g","contentUrl":"https:\/\/secure.gravatar.com\/avatar\/e81f780ee2930d7be330cb34304decf0e9bc66bec0158805a0fe2726f4517224?s=96&d=mm&r=g","caption":"Juan Pedro de la Torre"},"description":"Se inici\u00f3 en el diario Marca en 1988 y posteriormente pas\u00f3 a la revista Motociclismo, donde llegar\u00eda a ser director de deporte. Despu\u00e9s fue editor y director de Motoworld.es y Sport Bikes y colabor\u00f3 con varios medios. Adem\u00e1s, ha publicado una docena de libros y actualmente trabaja como colaborador para Motociclismo, El Confidencial y Box Repsol.","sameAs":["https:\/\/x.com\/https:\/\/twitter.com\/JPdelaTorre1965","https:\/\/youtube.com\/@juanpedrodelatorremotoworld"],"url":"https:\/\/www.boxrepsol.com\/es\/author\/juanpedro_delatorre\/"}]}},"_links":{"self":[{"href":"https:\/\/www.boxrepsol.com\/es\/wp-json\/wp\/v2\/posts\/112542","targetHints":{"allow":["GET"]}}],"collection":[{"href":"https:\/\/www.boxrepsol.com\/es\/wp-json\/wp\/v2\/posts"}],"about":[{"href":"https:\/\/www.boxrepsol.com\/es\/wp-json\/wp\/v2\/types\/post"}],"author":[{"embeddable":true,"href":"https:\/\/www.boxrepsol.com\/es\/wp-json\/wp\/v2\/users\/41268"}],"replies":[{"embeddable":true,"href":"https:\/\/www.boxrepsol.com\/es\/wp-json\/wp\/v2\/comments?post=112542"}],"version-history":[{"count":12,"href":"https:\/\/www.boxrepsol.com\/es\/wp-json\/wp\/v2\/posts\/112542\/revisions"}],"predecessor-version":[{"id":124344,"href":"https:\/\/www.boxrepsol.com\/es\/wp-json\/wp\/v2\/posts\/112542\/revisions\/124344"}],"wp:featuredmedia":[{"embeddable":true,"href":"https:\/\/www.boxrepsol.com\/es\/wp-json\/wp\/v2\/media\/112545"}],"wp:attachment":[{"href":"https:\/\/www.boxrepsol.com\/es\/wp-json\/wp\/v2\/media?parent=112542"}],"wp:term":[{"taxonomy":"category","embeddable":true,"href":"https:\/\/www.boxrepsol.com\/es\/wp-json\/wp\/v2\/categories?post=112542"},{"taxonomy":"post_tag","embeddable":true,"href":"https:\/\/www.boxrepsol.com\/es\/wp-json\/wp\/v2\/tags?post=112542"}],"curies":[{"name":"wp","href":"https:\/\/api.w.org\/{rel}","templated":true}]}}