{"id":112369,"date":"2024-02-19T10:59:51","date_gmt":"2024-02-19T12:59:51","guid":{"rendered":"https:\/\/www.boxrepsol.com\/?p=112369"},"modified":"2024-03-19T13:08:17","modified_gmt":"2024-03-19T15:08:17","slug":"senal-de-emergencia-obligatoria-moto","status":"publish","type":"post","link":"https:\/\/www.boxrepsol.com\/es\/vive-tu-moto\/senal-de-emergencia-obligatoria-moto\/","title":{"rendered":"Una motocicleta puede disponer de se\u00f1al de emergencia"},"content":{"rendered":"<figure class=\"wp-block-post-featured-image\"><img loading=\"lazy\" decoding=\"async\" width=\"700\" height=\"350\" src=\"https:\/\/bxrepsol.s3.eu-west-1.amazonaws.com\/static\/2024\/02\/19104734\/portada-3.jpg\" class=\"attachment-post-thumbnail size-post-thumbnail wp-post-image\" alt=\"\" style=\"object-fit:cover;\" srcset=\"https:\/\/bxrepsol.s3.eu-west-1.amazonaws.com\/static\/2024\/02\/19104734\/portada-3.jpg 700w, https:\/\/bxrepsol.s3.eu-west-1.amazonaws.com\/static\/2024\/02\/19104734\/portada-3-300x150.jpg 300w\" sizes=\"auto, (max-width: 700px) 100vw, 700px\" \/><\/figure>\n\n\n<p>Los tri\u00e1ngulos reflectantes de emergencia tienen los d\u00edas contados. A partir del&nbsp;<strong>1 de enero de 2026<\/strong>&nbsp;tendr\u00e1n que ser sustituidos definitivamente por una luz o baliza de emergencia llamada&nbsp;<strong>V16<\/strong>. Actualmente, esta luz ya se puede utilizar mientras un veh\u00edculo est\u00e9 detenido en una carretera por aver\u00eda o&nbsp;<a href=\"https:\/\/www.boxrepsol.com\/es\/cultura-motera\/conoce-el-protocolo-pas\/\">accidente<\/a>, pero hasta la fecha comentada&nbsp;<strong>todav\u00eda siguen siendo v\u00e1lidos los tri\u00e1ngulos de emergencia<\/strong>.<\/p>\n\n\n\n<div id=\"ez-toc-container\" class=\"ez-toc-v2_0_82_2 counter-hierarchy ez-toc-counter ez-toc-grey ez-toc-container-direction\">\n<div class=\"ez-toc-title-container\">\n<p class=\"ez-toc-title\" style=\"cursor:inherit\">\u00cdndice<\/p>\n<span class=\"ez-toc-title-toggle\"><a href=\"#\" class=\"ez-toc-pull-right ez-toc-btn ez-toc-btn-xs ez-toc-btn-default ez-toc-toggle\" aria-label=\"Toggle Table of Content\"><span class=\"ez-toc-js-icon-con\"><span class=\"\"><span class=\"eztoc-hide\" style=\"display:none;\">Toggle<\/span><span class=\"ez-toc-icon-toggle-span\"><svg style=\"fill: #999;color:#999\" xmlns=\"http:\/\/www.w3.org\/2000\/svg\" class=\"list-377408\" width=\"20px\" height=\"20px\" viewBox=\"0 0 24 24\" fill=\"none\"><path d=\"M6 6H4v2h2V6zm14 0H8v2h12V6zM4 11h2v2H4v-2zm16 0H8v2h12v-2zM4 16h2v2H4v-2zm16 0H8v2h12v-2z\" fill=\"currentColor\"><\/path><\/svg><svg style=\"fill: #999;color:#999\" class=\"arrow-unsorted-368013\" xmlns=\"http:\/\/www.w3.org\/2000\/svg\" width=\"10px\" height=\"10px\" viewBox=\"0 0 24 24\" version=\"1.2\" baseProfile=\"tiny\"><path d=\"M18.2 9.3l-6.2-6.3-6.2 6.3c-.2.2-.3.4-.3.7s.1.5.3.7c.2.2.4.3.7.3h11c.3 0 .5-.1.7-.3.2-.2.3-.5.3-.7s-.1-.5-.3-.7zM5.8 14.7l6.2 6.3 6.2-6.3c.2-.2.3-.5.3-.7s-.1-.5-.3-.7c-.2-.2-.4-.3-.7-.3h-11c-.3 0-.5.1-.7.3-.2.2-.3.5-.3.7s.1.5.3.7z\"\/><\/svg><\/span><\/span><\/span><\/a><\/span><\/div>\n<nav><ul class='ez-toc-list ez-toc-list-level-1 ' ><li class='ez-toc-page-1 ez-toc-heading-level-2'><a class=\"ez-toc-link ez-toc-heading-1\" href=\"https:\/\/www.boxrepsol.com\/es\/vive-tu-moto\/senal-de-emergencia-obligatoria-moto\/#Normativa_sobre_las_luces_de_emergencia_en_motocicletas\" >Normativa sobre las luces de emergencia en motocicletas<\/a><ul class='ez-toc-list-level-3' ><li class='ez-toc-heading-level-3'><a class=\"ez-toc-link ez-toc-heading-2\" href=\"https:\/\/www.boxrepsol.com\/es\/vive-tu-moto\/senal-de-emergencia-obligatoria-moto\/#%C2%BFQue_es_la_luz_de_emergencia_V-16\" >\u00bfQu\u00e9 es la luz de emergencia V-16?<\/a><\/li><\/ul><\/li><li class='ez-toc-page-1 ez-toc-heading-level-2'><a class=\"ez-toc-link ez-toc-heading-3\" href=\"https:\/\/www.boxrepsol.com\/es\/vive-tu-moto\/senal-de-emergencia-obligatoria-moto\/#%C2%BFSera_obligatoria_la_luz_de_emergencia_V16_para_las_motos\" >\u00bfSer\u00e1 obligatoria la luz de emergencia V16 para las motos?<\/a><ul class='ez-toc-list-level-3' ><li class='ez-toc-heading-level-3'><a class=\"ez-toc-link ez-toc-heading-4\" href=\"https:\/\/www.boxrepsol.com\/es\/vive-tu-moto\/senal-de-emergencia-obligatoria-moto\/#%C2%BFComo_deben_utilizar_los_motoristas_la_baliza_de_emergencia_V16\" >\u00bfC\u00f3mo deben utilizar los motoristas la baliza de emergencia V16?<\/a><\/li><li class='ez-toc-page-1 ez-toc-heading-level-3'><a class=\"ez-toc-link ez-toc-heading-5\" href=\"https:\/\/www.boxrepsol.com\/es\/vive-tu-moto\/senal-de-emergencia-obligatoria-moto\/#%C2%BFSeran_multados_los_motoristas_por_no_utilizar_la_baliza_de_emergencia\" >\u00bfSer\u00e1n multados los motoristas por no utilizar la baliza de emergencia?<\/a><\/li><\/ul><\/li><li class='ez-toc-page-1 ez-toc-heading-level-2'><a class=\"ez-toc-link ez-toc-heading-6\" href=\"https:\/\/www.boxrepsol.com\/es\/vive-tu-moto\/senal-de-emergencia-obligatoria-moto\/#%C2%BFComo_se_debe_actuar_al_sufrir_una_averia_o_un_accidente_mientras_se_circula_en_moto\" >\u00bfC\u00f3mo se debe actuar al sufrir una aver\u00eda o un accidente mientras se circula en moto?<\/a><\/li><\/ul><\/nav><\/div>\n<h2 class=\"wp-block-heading\"><span class=\"ez-toc-section\" id=\"Normativa_sobre_las_luces_de_emergencia_en_motocicletas\"><\/span>Normativa sobre las luces de emergencia en motocicletas<span class=\"ez-toc-section-end\"><\/span><\/h2>\n\n\n\n<p>Hasta ahora, el&nbsp;\u00fanico avisador de emergencia&nbsp;que pod\u00edan utilizar los motoristas eran los&nbsp;<strong>intermitentes de sus motos<\/strong>. Al ser veh\u00edculos \u201cpeque\u00f1os\u201d, es inviable la obligatoriedad de que lleven tri\u00e1ngulos reflectantes.<\/p>\n\n\n\n<figure class=\"wp-block-image size-full\"><img loading=\"lazy\" decoding=\"async\" width=\"600\" height=\"400\" src=\"https:\/\/bxrepsol.s3.eu-west-1.amazonaws.com\/static\/2024\/02\/19104755\/Foto-2-6.jpg\" alt=\"\" class=\"wp-image-112377\" srcset=\"https:\/\/bxrepsol.s3.eu-west-1.amazonaws.com\/static\/2024\/02\/19104755\/Foto-2-6.jpg 600w, https:\/\/bxrepsol.s3.eu-west-1.amazonaws.com\/static\/2024\/02\/19104755\/Foto-2-6-300x200.jpg 300w\" sizes=\"auto, (max-width: 600px) 100vw, 600px\" \/><figcaption class=\"wp-element-caption\">Foto: Motorbike Magazine<\/figcaption><\/figure>\n\n\n\n<h3 class=\"wp-block-heading\"><span class=\"ez-toc-section\" id=\"%C2%BFQue_es_la_luz_de_emergencia_V-16\"><\/span>\u00bfQu\u00e9 es la luz de emergencia V-16?<span class=\"ez-toc-section-end\"><\/span><\/h3>\n\n\n\n<p>Es un&nbsp;<strong>dispositivo luminoso que emite luz<\/strong>&nbsp;del color llamado amarillo auto. Horizontalmente cubre un&nbsp;<strong>campo de visi\u00f3n de 360\u00b0<\/strong>&nbsp;y verticalmente un campo de \u00b18\u00b0 hacia arriba y hacia abajo. Est\u00e1 preparada para funcionar a temperaturas entre -10\u00b0 C y 50\u00b0 C, y su alimentaci\u00f3n es aut\u00f3noma gracias a una bater\u00eda o pilas que garantizan su uso al cabo, como m\u00ednimo, de 18 meses. Adem\u00e1s, la citada bater\u00eda se puede recargar utilizando una fuente de alimentaci\u00f3n del propio veh\u00edculo. La baliza V16&nbsp;<strong>emite una luz de alta intensidad de manera intermitente y continua<\/strong>&nbsp;durante 30 minutos como m\u00ednimo.<\/p>\n\n\n\n<p>Del mismo modo, a partir de 2026, todas las luces V16 deben incluir un&nbsp;<strong>sistema de geolocalizaci\u00f3n<\/strong>&nbsp;que, al activarse, env\u00eda su ubicaci\u00f3n cada&nbsp;100 segundos, avisando de su situaci\u00f3n a otros usuarios de la v\u00eda. Para que cumpla correctamente&nbsp;con su misi\u00f3n se tiene que&nbsp;<strong>colocar de manera estable sobre una superficie plana<\/strong>&nbsp;y debe soportar, sin ser desplazada, corrientes de aire con una presi\u00f3n atmosf\u00e9rica de hasta 180 Pa (Pascales). Para ello,&nbsp;<strong>en su parte inferior<\/strong>&nbsp;<strong>incluye un im\u00e1n<\/strong>&nbsp;que puede pegarse a diferentes elementos met\u00e1licos como pueden ser la chapa de acero de las carrocer\u00edas de los coches o de la mayor\u00eda de los dep\u00f3sitos de las motos.<\/p>\n\n\n\n<p>La baliza de emergencia est\u00e1&nbsp;<strong>ideada para se\u00f1alar el lugar en el que hay un veh\u00edculo detenido<\/strong>, alertando as\u00ed al resto de usuarios de la misma v\u00eda del peligro que ello supone.&nbsp;<\/p>\n\n\n\n<figure class=\"wp-block-image size-full\"><img loading=\"lazy\" decoding=\"async\" width=\"600\" height=\"400\" src=\"https:\/\/bxrepsol.s3.eu-west-1.amazonaws.com\/static\/2024\/02\/19105017\/Foto-3-3.jpg\" alt=\"Moto con luz de emergencia\" class=\"wp-image-112386\" srcset=\"https:\/\/bxrepsol.s3.eu-west-1.amazonaws.com\/static\/2024\/02\/19105017\/Foto-3-3.jpg 600w, https:\/\/bxrepsol.s3.eu-west-1.amazonaws.com\/static\/2024\/02\/19105017\/Foto-3-3-300x200.jpg 300w\" sizes=\"auto, (max-width: 600px) 100vw, 600px\" \/><\/figure>\n\n\n\n<h2 class=\"wp-block-heading\"><span class=\"ez-toc-section\" id=\"%C2%BFSera_obligatoria_la_luz_de_emergencia_V16_para_las_motos\"><\/span>\u00bfSer\u00e1 obligatoria la luz de emergencia V16 para las motos?<span class=\"ez-toc-section-end\"><\/span><\/h2>\n\n\n\n<p>La nueva baliza de emergencia&nbsp;<strong>no ser\u00e1 obligatoria para las motos<\/strong>, pero s\u00ed muy recomendable. Por su dise\u00f1o y m\u00faltiples ventajas, la nueva luz V16 es mucho m\u00e1s&nbsp;<strong>f\u00e1cil de transportar<\/strong>&nbsp;<strong>en una moto<\/strong>&nbsp;que los actuales tri\u00e1ngulos y es un elemento muy interesante para ser utilizado en caso necesario.<\/p>\n\n\n\n<h3 class=\"wp-block-heading\"><span class=\"ez-toc-section\" id=\"%C2%BFComo_deben_utilizar_los_motoristas_la_baliza_de_emergencia_V16\"><\/span>\u00bfC\u00f3mo deben utilizar los motoristas la baliza de emergencia V16?<span class=\"ez-toc-section-end\"><\/span><\/h3>\n\n\n\n<p>Aunque corre el rumor que podr\u00eda llegar ser obligatoria, la reforma de la normativa de circulaci\u00f3n que la DGT ha realizado no especifica que la utilizaci\u00f3n de la luz V16 sea obligatoria para las motos en caso de emergencia. Sin embargo, debido a su&nbsp;<strong>peque\u00f1o tama\u00f1o y peso contenido<\/strong>&nbsp;(m\u00e1s o menos 70 x 55 mm y 190 gr dependiendo del modelo), es un componente que ya acompa\u00f1a a muchos motoristas habitualmente, indistintamente de si conducen una moto o un&nbsp;<a href=\"https:\/\/www.boxrepsol.com\/es\/vive-tu-moto\/todo-lo-que-necesitas-saber-sobre-ciclomotores-en-espana\/\">ciclomotor<\/a>.<\/p>\n\n\n\n<p>Lo que s\u00ed es cierto es que, a pesar de no ser obligatoria,&nbsp;<strong>s\u00ed est\u00e1 permitido que los motoristas la utilicen<\/strong>&nbsp;en caso de aver\u00eda o accidente. De este modo son m\u00e1s f\u00e1ciles de localizar y\/o divisar gracias a que su luz tiene un alcance de 1.000 metros.<\/p>\n\n\n\n<figure class=\"wp-block-image size-full\"><img loading=\"lazy\" decoding=\"async\" width=\"600\" height=\"400\" src=\"https:\/\/bxrepsol.s3.eu-west-1.amazonaws.com\/static\/2024\/02\/19104950\/Foto-4-6.jpg\" alt=\"Freno de mano y acelerador de moto\" class=\"wp-image-112384\" srcset=\"https:\/\/bxrepsol.s3.eu-west-1.amazonaws.com\/static\/2024\/02\/19104950\/Foto-4-6.jpg 600w, https:\/\/bxrepsol.s3.eu-west-1.amazonaws.com\/static\/2024\/02\/19104950\/Foto-4-6-300x200.jpg 300w\" sizes=\"auto, (max-width: 600px) 100vw, 600px\" \/><\/figure>\n\n\n\n<p>La <strong>forma de utilizar la baliza de emergencia<\/strong>&nbsp;en una moto debe ser similar a la de un turismo, aunque es verdad que no&nbsp;todos los&nbsp;<a href=\"https:\/\/www.boxrepsol.com\/es\/vive-tu-moto\/tipos-de-moto-cual-es-el-tuyo\/\">tipos de motos<\/a>&nbsp;poseen elementos met\u00e1licos en la carrocer\u00eda, ya que incluso el dep\u00f3sito de algunas puede ser de aluminio o de pl\u00e1stico, y estos materiales no atraen a un im\u00e1n. Aunque este no se adhiera, adem\u00e1s del dep\u00f3sito, otros lugares de la moto indicados para este fin son la parte superior de&nbsp;las&nbsp;zonas de&nbsp;<a href=\"https:\/\/www.boxrepsol.com\/es\/vive-tu-moto\/como-llevar-tu-equipaje-en-moto\/\">equipaje de la moto<\/a>&nbsp;o del ba\u00fal trasero. Otra buena soluci\u00f3n es fijarla con un peque\u00f1o soporte espec\u00edfico a uno de los pu\u00f1os del manillar.&nbsp;<\/p>\n\n\n\n<p>En el caso de no encontrar el sitio adecuado en el conjunto de una moto, se puede&nbsp;<strong>colocar en alg\u00fan elemento<\/strong>&nbsp;<strong>cercano a la v\u00eda<\/strong>&nbsp;como pueden ser se\u00f1ales o guardarra\u00edles, intentando siempre que quede en una posici\u00f3n elevada para que se pueda ver con facilidad desde lejos. Esto es muy importante&nbsp;<strong>especialmente de noche o en sitios oscuros,<\/strong>&nbsp;como pueden ser los t\u00faneles.<\/p>\n\n\n\n<h3 class=\"wp-block-heading\"><span class=\"ez-toc-section\" id=\"%C2%BFSeran_multados_los_motoristas_por_no_utilizar_la_baliza_de_emergencia\"><\/span>\u00bfSer\u00e1n multados los motoristas por no utilizar la baliza de emergencia?<span class=\"ez-toc-section-end\"><\/span><\/h3>\n\n\n\n<p>Si no se producen cambios en la normativa de Tr\u00e1fico y mientas no sea un elemento obligatorio para los motoristas, estos&nbsp;<strong>no ser\u00e1n multados por no utilizar la luz V16<\/strong>&nbsp;en caso de accidente o&nbsp;<a href=\"https:\/\/www.boxrepsol.com\/es\/vive-tu-moto\/que-hacer-si-no-arranca-moto\/\">aver\u00eda de la moto<\/a>, ya que su uso no es obligatorio, aunque s\u00ed recomendable.<\/p>\n\n\n\n<h2 class=\"wp-block-heading\"><span class=\"ez-toc-section\" id=\"%C2%BFComo_se_debe_actuar_al_sufrir_una_averia_o_un_accidente_mientras_se_circula_en_moto\"><\/span>\u00bfC\u00f3mo se debe actuar al sufrir una aver\u00eda o un accidente mientras se circula en moto?<span class=\"ez-toc-section-end\"><\/span><\/h2>\n\n\n\n<p>Siempre que sea posible, lo primero que debe hacer un motorista&nbsp;<strong>en caso de&nbsp;<\/strong><a href=\"https:\/\/www.boxrepsol.com\/es\/vive-tu-moto\/averias-electricas-en-moto\/\"><strong>aver\u00eda el\u00e9ctrica<\/strong><\/a><strong>&nbsp;o accidente es<\/strong>&nbsp;<strong>abandonar la v\u00eda<\/strong>, y situarse en un lugar alejado del tr\u00e1fico para asegurar su integridad y no crear situaciones que conlleven riesgos.<\/p>\n\n\n\n<p>Para evitar atropellos u otros accidentes, la Direcci\u00f3n General de Tr\u00e1fico recomienda que los motoristas act\u00faen con&nbsp;<strong>rapidez y tranquilidad<\/strong>&nbsp;al mismo tiempo, en el caso de quedarse parados en v\u00edas p\u00fablicas por unos u otros motivos. Adem\u00e1s, siempre deben actuar con la necesaria precauci\u00f3n.<\/p>\n\n\n\n<figure class=\"wp-block-image size-full\"><img loading=\"lazy\" decoding=\"async\" width=\"600\" height=\"400\" src=\"https:\/\/bxrepsol.s3.eu-west-1.amazonaws.com\/static\/2024\/02\/19104903\/Foto-5-7.jpg\" alt=\"Moto con caballete\" class=\"wp-image-112382\" srcset=\"https:\/\/bxrepsol.s3.eu-west-1.amazonaws.com\/static\/2024\/02\/19104903\/Foto-5-7.jpg 600w, https:\/\/bxrepsol.s3.eu-west-1.amazonaws.com\/static\/2024\/02\/19104903\/Foto-5-7-300x200.jpg 300w\" sizes=\"auto, (max-width: 600px) 100vw, 600px\" \/><\/figure>\n\n\n\n<p><strong>La<\/strong> <strong>propia&nbsp;<\/strong><a href=\"https:\/\/www.dgt.es\/inicio\/\"><strong>DGT<\/strong><\/a>&nbsp;ha compartido con los motoristas estas&nbsp;<strong>cuatro recomendaciones<\/strong>:<\/p>\n\n\n\n<ol class=\"wp-block-list\">\n<li><strong>Situarse fuera de la v\u00eda<\/strong>&nbsp;y hacerlo cuanto antes. Si se produce un fallo mec\u00e1nico en la moto y su conductor se ve forzado a detenerse en la calzada o en el arc\u00e9n de la v\u00eda,&nbsp;<strong>siempre lo deber\u00e1 hacer con seguridad<\/strong>. Para ello es importante ubicarse en un punto fuera de la v\u00eda y, si es posible, con la moto. De esta forma se evita el peligro que supone convertirse en un obst\u00e1culo para el resto de conductores. Adem\u00e1s, los motoristas pueden hacer uso de una baliza V16 que emita una se\u00f1al lum\u00ednica de advertencia.<\/li>\n\n\n\n<li><strong>Mantenerse visible<\/strong>. Resulta fundamental que el resto de los conductores de esa v\u00eda puedan identificar con rapidez al motorista detenido en ella. Lo ideal es que se equipe <a href=\"https:\/\/www.boxrepsol.com\/es\/cultura-motera\/chaleco-reflectante-obligatorio-moto\/\">con un chaleco reflectante<\/a> o, al menos, que se deje puesto el casco en todo momento.<\/li>\n\n\n\n<li><strong>No abandonar el lugar seguro<\/strong>&nbsp;fuera de la v\u00eda. Bajo ning\u00fan concepto se debe salir del espacio de seguridad en el que se ha colocado el motorista y la moto. Este siempre debe ser el que se encuentre lo m\u00e1s alejado posible a la v\u00eda.<\/li>\n\n\n\n<li><strong>Pedir ayuda<\/strong>. Cuando la situaci\u00f3n ya est\u00e9 controlada y el motorista se encuentre a salvo en un lugar seguro, se deber\u00e1 llamar al 112. En caso de accidente se debe proceder del mismo modo.&nbsp;<\/li>\n<\/ol>\n\n\n\n<figure class=\"wp-block-image size-full\"><img loading=\"lazy\" decoding=\"async\" width=\"600\" height=\"400\" src=\"https:\/\/bxrepsol.s3.eu-west-1.amazonaws.com\/static\/2024\/02\/19105313\/Foto-6-2.jpg\" alt=\"Luz de emergencia para moto\" class=\"wp-image-112388\" srcset=\"https:\/\/bxrepsol.s3.eu-west-1.amazonaws.com\/static\/2024\/02\/19105313\/Foto-6-2.jpg 600w, https:\/\/bxrepsol.s3.eu-west-1.amazonaws.com\/static\/2024\/02\/19105313\/Foto-6-2-300x200.jpg 300w\" sizes=\"auto, (max-width: 600px) 100vw, 600px\" \/><\/figure>\n","protected":false},"excerpt":{"rendered":"<p>\u00bfDebes llevar tri\u00e1ngulos de emergencia en la moto? \u00bfQu\u00e9 es la luz de emergencia V16? Aprende c\u00f3mo debes comunicar situaciones de emergencia en la carretera.<\/p>\n","protected":false},"author":41267,"featured_media":112375,"comment_status":"open","ping_status":"open","sticky":false,"template":"","format":"standard","meta":{"footnotes":""},"categories":[122],"tags":[425],"class_list":["post-112369","post","type-post","status-publish","format-standard","hentry","category-vive-tu-moto","tag-consejos-de-trafico"],"yoast_head":"<!-- This site is optimized with the Yoast SEO plugin v27.3 - https:\/\/yoast.com\/product\/yoast-seo-wordpress\/ -->\n<title>\u00bfDebes tener una se\u00f1al de emergencia en tu moto? - Box Repsol<\/title>\n<meta name=\"description\" content=\"Aprende cu\u00e1ndo y c\u00f3mo debes utilizar esta importante se\u00f1al de emergencia obligatoria en moto para comunicar situaciones de emergencia en la carretera.\" \/>\n<link rel=\"canonical\" href=\"https:\/\/www.boxrepsol.com\/es\/vive-tu-moto\/senal-de-emergencia-obligatoria-moto\/\" \/>\n<meta property=\"og:locale\" content=\"es_ES\" \/>\n<meta property=\"og:type\" content=\"article\" \/>\n<meta property=\"og:title\" content=\"\u00bfDebes tener una se\u00f1al de emergencia en tu moto? - Box Repsol\" \/>\n<meta property=\"og:description\" content=\"Aprende cu\u00e1ndo y c\u00f3mo debes utilizar esta importante se\u00f1al de emergencia obligatoria en moto para comunicar situaciones de emergencia en la carretera.\" \/>\n<meta property=\"og:url\" content=\"https:\/\/www.boxrepsol.com\/es\/vive-tu-moto\/senal-de-emergencia-obligatoria-moto\/\" \/>\n<meta property=\"og:site_name\" content=\"Box Repsol\" \/>\n<meta property=\"article:publisher\" content=\"https:\/\/www.facebook.com\/BoxRepsol\" \/>\n<meta property=\"article:published_time\" content=\"2024-02-19T12:59:51+00:00\" \/>\n<meta property=\"article:modified_time\" content=\"2024-03-19T15:08:17+00:00\" \/>\n<meta property=\"og:image\" content=\"https:\/\/bxrepsol.s3.eu-west-1.amazonaws.com\/static\/2024\/02\/19104734\/portada-3.jpg\" \/>\n\t<meta property=\"og:image:width\" content=\"700\" \/>\n\t<meta property=\"og:image:height\" content=\"350\" \/>\n\t<meta property=\"og:image:type\" content=\"image\/jpeg\" \/>\n<meta name=\"author\" content=\"V\u00edctor Gancedo\" \/>\n<meta name=\"twitter:card\" content=\"summary_large_image\" \/>\n<meta name=\"twitter:creator\" content=\"@box_repsol\" \/>\n<meta name=\"twitter:site\" content=\"@box_repsol\" \/>\n<meta name=\"twitter:label1\" content=\"Written by\" \/>\n\t<meta name=\"twitter:data1\" content=\"V\u00edctor Gancedo\" \/>\n\t<meta name=\"twitter:label2\" content=\"Est. reading time\" \/>\n\t<meta name=\"twitter:data2\" content=\"6 minutos\" \/>\n<script type=\"application\/ld+json\" class=\"yoast-schema-graph\">{\"@context\":\"https:\\\/\\\/schema.org\",\"@graph\":[{\"@type\":\"Article\",\"@id\":\"https:\\\/\\\/www.boxrepsol.com\\\/es\\\/vive-tu-moto\\\/senal-de-emergencia-obligatoria-moto\\\/#article\",\"isPartOf\":{\"@id\":\"https:\\\/\\\/www.boxrepsol.com\\\/es\\\/vive-tu-moto\\\/senal-de-emergencia-obligatoria-moto\\\/\"},\"author\":{\"name\":\"V\u00edctor Gancedo\",\"@id\":\"https:\\\/\\\/www.boxrepsol.com\\\/es\\\/#\\\/schema\\\/person\\\/40c28bf318bbbe8fe3848b194b7385ca\"},\"headline\":\"Una motocicleta puede disponer de se\u00f1al de emergencia\",\"datePublished\":\"2024-02-19T12:59:51+00:00\",\"dateModified\":\"2024-03-19T15:08:17+00:00\",\"mainEntityOfPage\":{\"@id\":\"https:\\\/\\\/www.boxrepsol.com\\\/es\\\/vive-tu-moto\\\/senal-de-emergencia-obligatoria-moto\\\/\"},\"wordCount\":1279,\"commentCount\":1,\"publisher\":{\"@id\":\"https:\\\/\\\/www.boxrepsol.com\\\/es\\\/#organization\"},\"image\":{\"@id\":\"https:\\\/\\\/www.boxrepsol.com\\\/es\\\/vive-tu-moto\\\/senal-de-emergencia-obligatoria-moto\\\/#primaryimage\"},\"thumbnailUrl\":\"https:\\\/\\\/bxrepsol.s3.eu-west-1.amazonaws.com\\\/static\\\/2024\\\/02\\\/19104734\\\/portada-3.jpg\",\"keywords\":[\"Consejos tr\u00e1fico\"],\"articleSection\":[\"Vive tu moto\"],\"inLanguage\":\"es\",\"potentialAction\":[{\"@type\":\"CommentAction\",\"name\":\"Comment\",\"target\":[\"https:\\\/\\\/www.boxrepsol.com\\\/es\\\/vive-tu-moto\\\/senal-de-emergencia-obligatoria-moto\\\/#respond\"]}]},{\"@type\":\"WebPage\",\"@id\":\"https:\\\/\\\/www.boxrepsol.com\\\/es\\\/vive-tu-moto\\\/senal-de-emergencia-obligatoria-moto\\\/\",\"url\":\"https:\\\/\\\/www.boxrepsol.com\\\/es\\\/vive-tu-moto\\\/senal-de-emergencia-obligatoria-moto\\\/\",\"name\":\"\u00bfDebes tener una se\u00f1al de emergencia en tu moto? - Box Repsol\",\"isPartOf\":{\"@id\":\"https:\\\/\\\/www.boxrepsol.com\\\/es\\\/#website\"},\"primaryImageOfPage\":{\"@id\":\"https:\\\/\\\/www.boxrepsol.com\\\/es\\\/vive-tu-moto\\\/senal-de-emergencia-obligatoria-moto\\\/#primaryimage\"},\"image\":{\"@id\":\"https:\\\/\\\/www.boxrepsol.com\\\/es\\\/vive-tu-moto\\\/senal-de-emergencia-obligatoria-moto\\\/#primaryimage\"},\"thumbnailUrl\":\"https:\\\/\\\/bxrepsol.s3.eu-west-1.amazonaws.com\\\/static\\\/2024\\\/02\\\/19104734\\\/portada-3.jpg\",\"datePublished\":\"2024-02-19T12:59:51+00:00\",\"dateModified\":\"2024-03-19T15:08:17+00:00\",\"description\":\"Aprende cu\u00e1ndo y c\u00f3mo debes utilizar esta importante se\u00f1al de emergencia obligatoria en moto para comunicar situaciones de emergencia en la carretera.\",\"breadcrumb\":{\"@id\":\"https:\\\/\\\/www.boxrepsol.com\\\/es\\\/vive-tu-moto\\\/senal-de-emergencia-obligatoria-moto\\\/#breadcrumb\"},\"inLanguage\":\"es\",\"potentialAction\":[{\"@type\":\"ReadAction\",\"target\":[\"https:\\\/\\\/www.boxrepsol.com\\\/es\\\/vive-tu-moto\\\/senal-de-emergencia-obligatoria-moto\\\/\"]}]},{\"@type\":\"ImageObject\",\"inLanguage\":\"es\",\"@id\":\"https:\\\/\\\/www.boxrepsol.com\\\/es\\\/vive-tu-moto\\\/senal-de-emergencia-obligatoria-moto\\\/#primaryimage\",\"url\":\"https:\\\/\\\/bxrepsol.s3.eu-west-1.amazonaws.com\\\/static\\\/2024\\\/02\\\/19104734\\\/portada-3.jpg\",\"contentUrl\":\"https:\\\/\\\/bxrepsol.s3.eu-west-1.amazonaws.com\\\/static\\\/2024\\\/02\\\/19104734\\\/portada-3.jpg\",\"width\":700,\"height\":350},{\"@type\":\"BreadcrumbList\",\"@id\":\"https:\\\/\\\/www.boxrepsol.com\\\/es\\\/vive-tu-moto\\\/senal-de-emergencia-obligatoria-moto\\\/#breadcrumb\",\"itemListElement\":[{\"@type\":\"ListItem\",\"position\":1,\"name\":\"Home\",\"item\":\"https:\\\/\\\/www.boxrepsol.com\\\/es\\\/\"},{\"@type\":\"ListItem\",\"position\":2,\"name\":\"Una motocicleta puede disponer de se\u00f1al de emergencia\"}]},{\"@type\":\"WebSite\",\"@id\":\"https:\\\/\\\/www.boxrepsol.com\\\/es\\\/#website\",\"url\":\"https:\\\/\\\/www.boxrepsol.com\\\/es\\\/\",\"name\":\"Box Repsol\",\"description\":\"Box Repsol Site\",\"publisher\":{\"@id\":\"https:\\\/\\\/www.boxrepsol.com\\\/es\\\/#organization\"},\"potentialAction\":[{\"@type\":\"SearchAction\",\"target\":{\"@type\":\"EntryPoint\",\"urlTemplate\":\"https:\\\/\\\/www.boxrepsol.com\\\/es\\\/?s={search_term_string}\"},\"query-input\":{\"@type\":\"PropertyValueSpecification\",\"valueRequired\":true,\"valueName\":\"search_term_string\"}}],\"inLanguage\":\"es\"},{\"@type\":\"Organization\",\"@id\":\"https:\\\/\\\/www.boxrepsol.com\\\/es\\\/#organization\",\"name\":\"Box Repsol\",\"url\":\"https:\\\/\\\/www.boxrepsol.com\\\/es\\\/\",\"logo\":{\"@type\":\"ImageObject\",\"inLanguage\":\"es\",\"@id\":\"https:\\\/\\\/www.boxrepsol.com\\\/es\\\/#\\\/schema\\\/logo\\\/image\\\/\",\"url\":\"https:\\\/\\\/bxrepsol.s3.eu-west-1.amazonaws.com\\\/static\\\/2025\\\/07\\\/30083337\\\/favicon-96x96-1.png\",\"contentUrl\":\"https:\\\/\\\/bxrepsol.s3.eu-west-1.amazonaws.com\\\/static\\\/2025\\\/07\\\/30083337\\\/favicon-96x96-1.png\",\"width\":96,\"height\":96,\"caption\":\"Box Repsol\"},\"image\":{\"@id\":\"https:\\\/\\\/www.boxrepsol.com\\\/es\\\/#\\\/schema\\\/logo\\\/image\\\/\"},\"sameAs\":[\"https:\\\/\\\/www.facebook.com\\\/BoxRepsol\",\"https:\\\/\\\/x.com\\\/box_repsol\",\"http:\\\/\\\/instagram.com\\\/box_repsol\",\"https:\\\/\\\/www.youtube.com\\\/user\\\/RepsolCompeticion\",\"https:\\\/\\\/www.flickr.com\\\/photos\\\/box_repsol\\\/\"]},{\"@type\":\"Person\",\"@id\":\"https:\\\/\\\/www.boxrepsol.com\\\/es\\\/#\\\/schema\\\/person\\\/40c28bf318bbbe8fe3848b194b7385ca\",\"name\":\"V\u00edctor Gancedo\",\"image\":{\"@type\":\"ImageObject\",\"inLanguage\":\"es\",\"@id\":\"https:\\\/\\\/secure.gravatar.com\\\/avatar\\\/cd1439a66fca5d3425cd2a7b13f32cd43e25022a0436c1235ef2a28e14fa660a?s=96&d=mm&r=g\",\"url\":\"https:\\\/\\\/secure.gravatar.com\\\/avatar\\\/cd1439a66fca5d3425cd2a7b13f32cd43e25022a0436c1235ef2a28e14fa660a?s=96&d=mm&r=g\",\"contentUrl\":\"https:\\\/\\\/secure.gravatar.com\\\/avatar\\\/cd1439a66fca5d3425cd2a7b13f32cd43e25022a0436c1235ef2a28e14fa660a?s=96&d=mm&r=g\",\"caption\":\"V\u00edctor Gancedo\"},\"description\":\"Periodista especializado en el mundo de las motos, V\u00edctor ha probado pr\u00e1cticamente todas las que han salido al mercado desde 1990. En su larga trayectoria, ha desempe\u00f1ado cargos como los de Jefe de Pruebas de la revista Motociclismo o Responsable de Pruebas del \u00c1rea de Motos del Grupo Motorpress-Ib\u00e9rica, hoy llamado Sport Life Ib\u00e9rica, al cual sigue vinculado.\",\"sameAs\":[\"https:\\\/\\\/www.instagram.com\\\/vfgancedo\"],\"url\":\"https:\\\/\\\/www.boxrepsol.com\\\/es\\\/author\\\/victor_gancedo\\\/\"}]}<\/script>\n<!-- \/ Yoast SEO plugin. -->","yoast_head_json":{"title":"\u00bfDebes tener una se\u00f1al de emergencia en tu moto? - Box Repsol","description":"Aprende cu\u00e1ndo y c\u00f3mo debes utilizar esta importante se\u00f1al de emergencia obligatoria en moto para comunicar situaciones de emergencia en la carretera.","canonical":"https:\/\/www.boxrepsol.com\/es\/vive-tu-moto\/senal-de-emergencia-obligatoria-moto\/","og_locale":"es_ES","og_type":"article","og_title":"\u00bfDebes tener una se\u00f1al de emergencia en tu moto? - Box Repsol","og_description":"Aprende cu\u00e1ndo y c\u00f3mo debes utilizar esta importante se\u00f1al de emergencia obligatoria en moto para comunicar situaciones de emergencia en la carretera.","og_url":"https:\/\/www.boxrepsol.com\/es\/vive-tu-moto\/senal-de-emergencia-obligatoria-moto\/","og_site_name":"Box Repsol","article_publisher":"https:\/\/www.facebook.com\/BoxRepsol","article_published_time":"2024-02-19T12:59:51+00:00","article_modified_time":"2024-03-19T15:08:17+00:00","og_image":[{"width":700,"height":350,"url":"https:\/\/bxrepsol.s3.eu-west-1.amazonaws.com\/static\/2024\/02\/19104734\/portada-3.jpg","type":"image\/jpeg"}],"author":"V\u00edctor Gancedo","twitter_card":"summary_large_image","twitter_creator":"@box_repsol","twitter_site":"@box_repsol","twitter_misc":{"Written by":"V\u00edctor Gancedo","Est. reading time":"6 minutos"},"schema":{"@context":"https:\/\/schema.org","@graph":[{"@type":"Article","@id":"https:\/\/www.boxrepsol.com\/es\/vive-tu-moto\/senal-de-emergencia-obligatoria-moto\/#article","isPartOf":{"@id":"https:\/\/www.boxrepsol.com\/es\/vive-tu-moto\/senal-de-emergencia-obligatoria-moto\/"},"author":{"name":"V\u00edctor Gancedo","@id":"https:\/\/www.boxrepsol.com\/es\/#\/schema\/person\/40c28bf318bbbe8fe3848b194b7385ca"},"headline":"Una motocicleta puede disponer de se\u00f1al de emergencia","datePublished":"2024-02-19T12:59:51+00:00","dateModified":"2024-03-19T15:08:17+00:00","mainEntityOfPage":{"@id":"https:\/\/www.boxrepsol.com\/es\/vive-tu-moto\/senal-de-emergencia-obligatoria-moto\/"},"wordCount":1279,"commentCount":1,"publisher":{"@id":"https:\/\/www.boxrepsol.com\/es\/#organization"},"image":{"@id":"https:\/\/www.boxrepsol.com\/es\/vive-tu-moto\/senal-de-emergencia-obligatoria-moto\/#primaryimage"},"thumbnailUrl":"https:\/\/bxrepsol.s3.eu-west-1.amazonaws.com\/static\/2024\/02\/19104734\/portada-3.jpg","keywords":["Consejos tr\u00e1fico"],"articleSection":["Vive tu moto"],"inLanguage":"es","potentialAction":[{"@type":"CommentAction","name":"Comment","target":["https:\/\/www.boxrepsol.com\/es\/vive-tu-moto\/senal-de-emergencia-obligatoria-moto\/#respond"]}]},{"@type":"WebPage","@id":"https:\/\/www.boxrepsol.com\/es\/vive-tu-moto\/senal-de-emergencia-obligatoria-moto\/","url":"https:\/\/www.boxrepsol.com\/es\/vive-tu-moto\/senal-de-emergencia-obligatoria-moto\/","name":"\u00bfDebes tener una se\u00f1al de emergencia en tu moto? - Box Repsol","isPartOf":{"@id":"https:\/\/www.boxrepsol.com\/es\/#website"},"primaryImageOfPage":{"@id":"https:\/\/www.boxrepsol.com\/es\/vive-tu-moto\/senal-de-emergencia-obligatoria-moto\/#primaryimage"},"image":{"@id":"https:\/\/www.boxrepsol.com\/es\/vive-tu-moto\/senal-de-emergencia-obligatoria-moto\/#primaryimage"},"thumbnailUrl":"https:\/\/bxrepsol.s3.eu-west-1.amazonaws.com\/static\/2024\/02\/19104734\/portada-3.jpg","datePublished":"2024-02-19T12:59:51+00:00","dateModified":"2024-03-19T15:08:17+00:00","description":"Aprende cu\u00e1ndo y c\u00f3mo debes utilizar esta importante se\u00f1al de emergencia obligatoria en moto para comunicar situaciones de emergencia en la carretera.","breadcrumb":{"@id":"https:\/\/www.boxrepsol.com\/es\/vive-tu-moto\/senal-de-emergencia-obligatoria-moto\/#breadcrumb"},"inLanguage":"es","potentialAction":[{"@type":"ReadAction","target":["https:\/\/www.boxrepsol.com\/es\/vive-tu-moto\/senal-de-emergencia-obligatoria-moto\/"]}]},{"@type":"ImageObject","inLanguage":"es","@id":"https:\/\/www.boxrepsol.com\/es\/vive-tu-moto\/senal-de-emergencia-obligatoria-moto\/#primaryimage","url":"https:\/\/bxrepsol.s3.eu-west-1.amazonaws.com\/static\/2024\/02\/19104734\/portada-3.jpg","contentUrl":"https:\/\/bxrepsol.s3.eu-west-1.amazonaws.com\/static\/2024\/02\/19104734\/portada-3.jpg","width":700,"height":350},{"@type":"BreadcrumbList","@id":"https:\/\/www.boxrepsol.com\/es\/vive-tu-moto\/senal-de-emergencia-obligatoria-moto\/#breadcrumb","itemListElement":[{"@type":"ListItem","position":1,"name":"Home","item":"https:\/\/www.boxrepsol.com\/es\/"},{"@type":"ListItem","position":2,"name":"Una motocicleta puede disponer de se\u00f1al de emergencia"}]},{"@type":"WebSite","@id":"https:\/\/www.boxrepsol.com\/es\/#website","url":"https:\/\/www.boxrepsol.com\/es\/","name":"Box Repsol","description":"Box Repsol Site","publisher":{"@id":"https:\/\/www.boxrepsol.com\/es\/#organization"},"potentialAction":[{"@type":"SearchAction","target":{"@type":"EntryPoint","urlTemplate":"https:\/\/www.boxrepsol.com\/es\/?s={search_term_string}"},"query-input":{"@type":"PropertyValueSpecification","valueRequired":true,"valueName":"search_term_string"}}],"inLanguage":"es"},{"@type":"Organization","@id":"https:\/\/www.boxrepsol.com\/es\/#organization","name":"Box Repsol","url":"https:\/\/www.boxrepsol.com\/es\/","logo":{"@type":"ImageObject","inLanguage":"es","@id":"https:\/\/www.boxrepsol.com\/es\/#\/schema\/logo\/image\/","url":"https:\/\/bxrepsol.s3.eu-west-1.amazonaws.com\/static\/2025\/07\/30083337\/favicon-96x96-1.png","contentUrl":"https:\/\/bxrepsol.s3.eu-west-1.amazonaws.com\/static\/2025\/07\/30083337\/favicon-96x96-1.png","width":96,"height":96,"caption":"Box Repsol"},"image":{"@id":"https:\/\/www.boxrepsol.com\/es\/#\/schema\/logo\/image\/"},"sameAs":["https:\/\/www.facebook.com\/BoxRepsol","https:\/\/x.com\/box_repsol","http:\/\/instagram.com\/box_repsol","https:\/\/www.youtube.com\/user\/RepsolCompeticion","https:\/\/www.flickr.com\/photos\/box_repsol\/"]},{"@type":"Person","@id":"https:\/\/www.boxrepsol.com\/es\/#\/schema\/person\/40c28bf318bbbe8fe3848b194b7385ca","name":"V\u00edctor Gancedo","image":{"@type":"ImageObject","inLanguage":"es","@id":"https:\/\/secure.gravatar.com\/avatar\/cd1439a66fca5d3425cd2a7b13f32cd43e25022a0436c1235ef2a28e14fa660a?s=96&d=mm&r=g","url":"https:\/\/secure.gravatar.com\/avatar\/cd1439a66fca5d3425cd2a7b13f32cd43e25022a0436c1235ef2a28e14fa660a?s=96&d=mm&r=g","contentUrl":"https:\/\/secure.gravatar.com\/avatar\/cd1439a66fca5d3425cd2a7b13f32cd43e25022a0436c1235ef2a28e14fa660a?s=96&d=mm&r=g","caption":"V\u00edctor Gancedo"},"description":"Periodista especializado en el mundo de las motos, V\u00edctor ha probado pr\u00e1cticamente todas las que han salido al mercado desde 1990. En su larga trayectoria, ha desempe\u00f1ado cargos como los de Jefe de Pruebas de la revista Motociclismo o Responsable de Pruebas del \u00c1rea de Motos del Grupo Motorpress-Ib\u00e9rica, hoy llamado Sport Life Ib\u00e9rica, al cual sigue vinculado.","sameAs":["https:\/\/www.instagram.com\/vfgancedo"],"url":"https:\/\/www.boxrepsol.com\/es\/author\/victor_gancedo\/"}]}},"_links":{"self":[{"href":"https:\/\/www.boxrepsol.com\/es\/wp-json\/wp\/v2\/posts\/112369","targetHints":{"allow":["GET"]}}],"collection":[{"href":"https:\/\/www.boxrepsol.com\/es\/wp-json\/wp\/v2\/posts"}],"about":[{"href":"https:\/\/www.boxrepsol.com\/es\/wp-json\/wp\/v2\/types\/post"}],"author":[{"embeddable":true,"href":"https:\/\/www.boxrepsol.com\/es\/wp-json\/wp\/v2\/users\/41267"}],"replies":[{"embeddable":true,"href":"https:\/\/www.boxrepsol.com\/es\/wp-json\/wp\/v2\/comments?post=112369"}],"version-history":[{"count":8,"href":"https:\/\/www.boxrepsol.com\/es\/wp-json\/wp\/v2\/posts\/112369\/revisions"}],"predecessor-version":[{"id":113682,"href":"https:\/\/www.boxrepsol.com\/es\/wp-json\/wp\/v2\/posts\/112369\/revisions\/113682"}],"wp:featuredmedia":[{"embeddable":true,"href":"https:\/\/www.boxrepsol.com\/es\/wp-json\/wp\/v2\/media\/112375"}],"wp:attachment":[{"href":"https:\/\/www.boxrepsol.com\/es\/wp-json\/wp\/v2\/media?parent=112369"}],"wp:term":[{"taxonomy":"category","embeddable":true,"href":"https:\/\/www.boxrepsol.com\/es\/wp-json\/wp\/v2\/categories?post=112369"},{"taxonomy":"post_tag","embeddable":true,"href":"https:\/\/www.boxrepsol.com\/es\/wp-json\/wp\/v2\/tags?post=112369"}],"curies":[{"name":"wp","href":"https:\/\/api.w.org\/{rel}","templated":true}]}}