{"id":112313,"date":"2024-02-20T10:45:12","date_gmt":"2024-02-20T12:45:12","guid":{"rendered":"https:\/\/www.boxrepsol.com\/?p=112313"},"modified":"2025-06-26T06:09:23","modified_gmt":"2025-06-26T08:09:23","slug":"chaleco-reflectante-obligatorio-moto","status":"publish","type":"post","link":"https:\/\/www.boxrepsol.com\/es\/cultura-motera\/chaleco-reflectante-obligatorio-moto\/","title":{"rendered":"\u00bfCu\u00e1ndo es obligatorio llevar un chaleco reflectante en la moto?"},"content":{"rendered":"<figure class=\"wp-block-post-featured-image\"><img loading=\"lazy\" decoding=\"async\" width=\"750\" height=\"375\" src=\"https:\/\/bxrepsol.s3.eu-west-1.amazonaws.com\/static\/2024\/02\/20102551\/Foto-portada-recortada.jpg\" class=\"attachment-post-thumbnail size-post-thumbnail wp-post-image\" alt=\"Motorista con chaleco reflectante\" style=\"object-fit:cover;\" srcset=\"https:\/\/bxrepsol.s3.eu-west-1.amazonaws.com\/static\/2024\/02\/20102551\/Foto-portada-recortada.jpg 750w, https:\/\/bxrepsol.s3.eu-west-1.amazonaws.com\/static\/2024\/02\/20102551\/Foto-portada-recortada-300x150.jpg 300w\" sizes=\"auto, (max-width: 750px) 100vw, 750px\" \/><\/figure>\n\n\n<p>La normativa sobre chaleco reflectante <strong>nos obliga a pon\u00e9rnoslo a todos cuando nos encontremos en una situaci\u00f3n de emergencia<\/strong>, si, por ejemplo, nuestra moto ha sufrido una <a href=\"https:\/\/www.boxrepsol.com\/es\/vive-tu-moto\/averias-electricas-en-moto\/\">aver\u00eda<\/a> o ha tenido un accidente, debemos pon\u00e9rnoslo al salir del veh\u00edculo y situarnos en la calzada o el arc\u00e9n de una v\u00eda interurbana. Hay que utilizarlo, en cualquier caso, incluso si abandonamos el veh\u00edculo y nos situamos tras un guardarra\u00edl a la espera de recibir asistencia.<\/p>\n\n\n\n<p><strong><div id=\"ez-toc-container\" class=\"ez-toc-v2_0_82_2 counter-hierarchy ez-toc-counter ez-toc-grey ez-toc-container-direction\">\n<div class=\"ez-toc-title-container\">\n<p class=\"ez-toc-title\" style=\"cursor:inherit\">\u00cdndice<\/p>\n<span class=\"ez-toc-title-toggle\"><a href=\"#\" class=\"ez-toc-pull-right ez-toc-btn ez-toc-btn-xs ez-toc-btn-default ez-toc-toggle\" aria-label=\"Toggle Table of Content\"><span class=\"ez-toc-js-icon-con\"><span class=\"\"><span class=\"eztoc-hide\" style=\"display:none;\">Toggle<\/span><span class=\"ez-toc-icon-toggle-span\"><svg style=\"fill: #999;color:#999\" xmlns=\"http:\/\/www.w3.org\/2000\/svg\" class=\"list-377408\" width=\"20px\" height=\"20px\" viewBox=\"0 0 24 24\" fill=\"none\"><path d=\"M6 6H4v2h2V6zm14 0H8v2h12V6zM4 11h2v2H4v-2zm16 0H8v2h12v-2zM4 16h2v2H4v-2zm16 0H8v2h12v-2z\" fill=\"currentColor\"><\/path><\/svg><svg style=\"fill: #999;color:#999\" class=\"arrow-unsorted-368013\" xmlns=\"http:\/\/www.w3.org\/2000\/svg\" width=\"10px\" height=\"10px\" viewBox=\"0 0 24 24\" version=\"1.2\" baseProfile=\"tiny\"><path d=\"M18.2 9.3l-6.2-6.3-6.2 6.3c-.2.2-.3.4-.3.7s.1.5.3.7c.2.2.4.3.7.3h11c.3 0 .5-.1.7-.3.2-.2.3-.5.3-.7s-.1-.5-.3-.7zM5.8 14.7l6.2 6.3 6.2-6.3c.2-.2.3-.5.3-.7s-.1-.5-.3-.7c-.2-.2-.4-.3-.7-.3h-11c-.3 0-.5.1-.7.3-.2.2-.3.5-.3.7s.1.5.3.7z\"\/><\/svg><\/span><\/span><\/span><\/a><\/span><\/div>\n<nav><ul class='ez-toc-list ez-toc-list-level-1 ' ><li class='ez-toc-page-1 ez-toc-heading-level-2'><a class=\"ez-toc-link ez-toc-heading-1\" href=\"https:\/\/www.boxrepsol.com\/es\/cultura-motera\/chaleco-reflectante-obligatorio-moto\/#%C2%BFCuando_es_obligatorio_llevar_un_chaleco_reflectante_en_la_moto\" >\u00bfCu\u00e1ndo es obligatorio llevar un chaleco reflectante en la moto?<\/a><\/li><li class='ez-toc-page-1 ez-toc-heading-level-2'><a class=\"ez-toc-link ez-toc-heading-2\" href=\"https:\/\/www.boxrepsol.com\/es\/cultura-motera\/chaleco-reflectante-obligatorio-moto\/#%C2%BFCual_es_la_multa_por_no_utilizar_el_chaleco_reflectante\" >\u00bfCu\u00e1l es la multa por no utilizar el chaleco reflectante?<\/a><\/li><li class='ez-toc-page-1 ez-toc-heading-level-2'><a class=\"ez-toc-link ez-toc-heading-3\" href=\"https:\/\/www.boxrepsol.com\/es\/cultura-motera\/chaleco-reflectante-obligatorio-moto\/#%C2%BFPor_que_es_importante_utilizar_un_chaleco_reflectante_en_la_moto\" >\u00bfPor qu\u00e9 es importante utilizar un chaleco reflectante en la moto?<\/a><\/li><li class='ez-toc-page-1 ez-toc-heading-level-2'><a class=\"ez-toc-link ez-toc-heading-4\" href=\"https:\/\/www.boxrepsol.com\/es\/cultura-motera\/chaleco-reflectante-obligatorio-moto\/#Importancia_de_los_elementos_reflectantes\" >Importancia de los elementos reflectantes<\/a><\/li><\/ul><\/nav><\/div>\n<\/strong><\/p>\n\n\n\n<p>El chaleco es un <strong>elemento de seguridad<\/strong> <strong>preventivo<\/strong>, porque nos hace m\u00e1s visibles frente al resto de los usuarios de la v\u00eda, y permite que estos puedan percibir nuestra presencia con cierta anticipaci\u00f3n.<\/p>\n\n\n\n<p>Todas las personas que se apeen del veh\u00edculo est\u00e1n <strong>obligadas a usar el chaleco reflectante<\/strong>, y eso quiere decir que, si s\u00f3lo se dispusiera de un \u00fanico chaleco en el veh\u00edculo, <strong>s\u00f3lo podr\u00eda salir una persona<\/strong> y el resto deber\u00eda permanecer dentro.<\/p>\n\n\n\n<p>El chaleco est\u00e1 regulado y debe cumplir una serie de requisitos. Por lo <strong>general es de color amarillo<\/strong>, pero no siempre tiene por qu\u00e9 ser as\u00ed. Tambi\u00e9n hay chalecos de color naranja e incluso en algunos casos de color rojo. Debe llevar <strong>dos bandas horizontales reflectantes<\/strong> de, como m\u00ednimo, cinco cent\u00edmetros de anchura, y&nbsp;estar certificado seg\u00fan la <strong>Normativa Europea (EN-471).<\/strong><\/p>\n\n\n<div class=\"wp-block-image\">\n<figure class=\"aligncenter size-full\"><img loading=\"lazy\" decoding=\"async\" width=\"600\" height=\"400\" src=\"https:\/\/bxrepsol.s3.eu-west-1.amazonaws.com\/static\/2024\/02\/20104111\/Foto-1.jpg\" alt=\"Chaleco reflectante naranja\" class=\"wp-image-112441\" srcset=\"https:\/\/bxrepsol.s3.eu-west-1.amazonaws.com\/static\/2024\/02\/20104111\/Foto-1.jpg 600w, https:\/\/bxrepsol.s3.eu-west-1.amazonaws.com\/static\/2024\/02\/20104111\/Foto-1-300x200.jpg 300w\" sizes=\"auto, (max-width: 600px) 100vw, 600px\" \/><\/figure>\n<\/div>\n\n\n<h2 class=\"wp-block-heading\"><span class=\"ez-toc-section\" id=\"%C2%BFCuando_es_obligatorio_llevar_un_chaleco_reflectante_en_la_moto\"><\/span><strong>\u00bfCu\u00e1ndo es obligatorio llevar un chaleco reflectante en la moto?<\/strong><span class=\"ez-toc-section-end\"><\/span><\/h2>\n\n\n\n<p>Cuando circulamos en moto tenemos <strong>id\u00e9nticas obligaciones que, en cualquier otro veh\u00edculo<\/strong>, por tanto, si nos detenemos en una v\u00eda interurbana por cualquier tipo de circunstancia y nos vemos obligados a apearnos de nuestra moto, deber\u00edamos ponernos el chaleco reflectante. Sin embargo, la norma resulta un tanto contradictoria, porque por un lado entiende la limitada capacidad de <a href=\"https:\/\/www.boxrepsol.com\/es\/vive-tu-moto\/como-llevar-tu-equipaje-en-moto\/\">equipaje de una moto<\/a>, y <strong>exime a estos de la obligaci\u00f3n de llevar en el veh\u00edculo el chaleco<\/strong>, como es obligatorio en los coches. Pero, por otro lado, en el momento que nos detenemos y descendemos de nuestra moto, nos convertimos en peatones, y por tanto <strong>estamos obligados a<\/strong> <strong>emplear el chaleco <\/strong>si nos movemos por el arc\u00e9n, tal como se establece en la normativa sobre su uso.<\/p>\n\n\n\n<p><strong>La DGT recomienda a los motoristas llevar siempre un chaleco<\/strong>, pero si no se dispone de \u00e9l <strong>no te multar\u00e1n<\/strong>. Eso s\u00ed, si te ves obligado a detenerte en el arc\u00e9n de una v\u00eda,<strong> no podr\u00e1s abandonar tu moto y caminar por el arc\u00e9n<\/strong> en busca de ayuda, porque en esa circunstancia s\u00ed te multar\u00e1n por no llevar el chaleco\u2026 En definitiva: lo ideal es encontrar un espacio para el chaleco en tu moto, o en tu <a href=\"https:\/\/www.boxrepsol.com\/es\/vive-tu-moto\/equipamiento-para-montar-en-moto\/\">equipamiento<\/a>.<\/p>\n\n\n<div class=\"wp-block-image\">\n<figure class=\"aligncenter size-full\"><img loading=\"lazy\" decoding=\"async\" width=\"600\" height=\"400\" src=\"https:\/\/bxrepsol.s3.eu-west-1.amazonaws.com\/static\/2024\/02\/20104137\/Foto-2-7.jpg\" alt=\"Motorista con chaleco caminando por el arc\u00e9n\" class=\"wp-image-112443\" srcset=\"https:\/\/bxrepsol.s3.eu-west-1.amazonaws.com\/static\/2024\/02\/20104137\/Foto-2-7.jpg 600w, https:\/\/bxrepsol.s3.eu-west-1.amazonaws.com\/static\/2024\/02\/20104137\/Foto-2-7-300x200.jpg 300w\" sizes=\"auto, (max-width: 600px) 100vw, 600px\" \/><\/figure>\n<\/div>\n\n\n<p>Aunque no es obligatorio llevarlo puesto cuando circulamos, <strong>s\u00ed<\/strong> <strong>se recomienda<\/strong> <strong>utilizarlo en marcha<\/strong>, en especial en zonas de baja visibilidad o con mala climatolog\u00eda, porque nos hace m\u00e1s visibles al resto de los usuarios del tr\u00e1fico, y por tanto se convierte en un elemento extra de seguridad.<\/p>\n\n\n\n<h2 class=\"wp-block-heading\"><span class=\"ez-toc-section\" id=\"%C2%BFCual_es_la_multa_por_no_utilizar_el_chaleco_reflectante\"><\/span><strong>\u00bfCu\u00e1l es la multa por no utilizar el chaleco reflectante?<\/strong><span class=\"ez-toc-section-end\"><\/span><\/h2>\n\n\n\n<p>No llevar el chaleco reflectante cuando es obligatorio hacer uso de \u00e9l, <strong>conlleva una<\/strong> <strong>sanci\u00f3n de 200\u20ac,<\/strong> con lo cual no es un tema que carezca de importancia. La multa no devenga p\u00e9rdida de puntos, afortunadamente, pero es una cuesti\u00f3n lo suficientemente importante como para no tom\u00e1rnoslo a la ligera.<\/p>\n\n\n\n<h2 class=\"wp-block-heading\"><span class=\"ez-toc-section\" id=\"%C2%BFPor_que_es_importante_utilizar_un_chaleco_reflectante_en_la_moto\"><\/span><strong>\u00bfPor qu\u00e9 es importante utilizar un chaleco reflectante en la moto?<\/strong><span class=\"ez-toc-section-end\"><\/span><\/h2>\n\n\n\n<p>El chaleco reflectante es <strong>un elemento de seguridad<\/strong>. En moto resulta a\u00fan m\u00e1s importante porque ampl\u00eda y define de mejor manera la presencia del motorista en la v\u00eda, especialmente cuando circulamos en condiciones de visibilidad baja, <strong>permitiendo que nuestra presencia se pueda detectar con mayor antelaci\u00f3n<\/strong>.<\/p>\n\n\n\n<p>Resulta especialmente <strong>\u00fatil para hacernos ver ante los usuarios<\/strong> que circulan por detr\u00e1s de nosotros. Hay que tener en cuenta que la moto es un veh\u00edculo de reducidas dimensiones, y su superficie frontal y trasera son especialmente peque\u00f1as. La parte trasera de una moto est\u00e1 se\u00f1alizada con la luz de posici\u00f3n del piloto trasero y los <a href=\"https:\/\/www.boxrepsol.com\/es\/tecnologia\/catadioptrico-de-moto\/\">catadi\u00f3ptricos<\/a>, pero si el conductor lleva puesto un chaleco, las tiras reflectantes del mismo aumentan la superficie se\u00f1alizada, definiendo de mejor manera el contorno de la moto y su conductor.<\/p>\n\n\n<div class=\"wp-block-image\">\n<figure class=\"aligncenter size-full\"><img loading=\"lazy\" decoding=\"async\" width=\"600\" height=\"400\" src=\"https:\/\/bxrepsol.s3.eu-west-1.amazonaws.com\/static\/2024\/02\/20104202\/Foto-3-4.jpg\" alt=\"Motorista circulando con chaleco reflectante\" class=\"wp-image-112445\" srcset=\"https:\/\/bxrepsol.s3.eu-west-1.amazonaws.com\/static\/2024\/02\/20104202\/Foto-3-4.jpg 600w, https:\/\/bxrepsol.s3.eu-west-1.amazonaws.com\/static\/2024\/02\/20104202\/Foto-3-4-300x200.jpg 300w\" sizes=\"auto, (max-width: 600px) 100vw, 600px\" \/><\/figure>\n<\/div>\n\n\n<p><\/p>\n\n\n\n<h2 class=\"wp-block-heading\"><span class=\"ez-toc-section\" id=\"Importancia_de_los_elementos_reflectantes\"><\/span><strong>Importancia de los elementos reflectantes<\/strong><span class=\"ez-toc-section-end\"><\/span><\/h2>\n\n\n\n<p>Hay muchas formas de incorporar<strong> elementos reflectantes en el equipamiento motociclista<\/strong>. La m\u00e1s b\u00e1sica es simplemente llevar puesto sobre nuestra ropa el chaleco reflectante.<\/p>\n\n\n\n<p>El equipamiento motociclista ya contempla la necesidad de dar mayor visibilidad al motorista, y por lo general las prendas que se emplean, ya sean cascos, chaquetas o cazadoras, <a href=\"https:\/\/www.boxrepsol.com\/es\/tecnologia\/todo-sobre-los-guantes-calefactables\/\">guantes calefactables<\/a>, pantalones y <a href=\"https:\/\/www.boxrepsol.com\/es\/vive-tu-moto\/elegir-tus-botas-montar-moto\/\">botas para moto<\/a>, la mayor\u00eda suele disponer de alg\u00fan tipo de elemento reflectante con el objetivo de <strong>incrementar la visibilidad del motorista frente a otros usuarios de la v\u00eda.<\/strong><\/p>\n\n\n\n<p>Un complemento perfecto para la seguridad es el empleo de <a href=\"https:\/\/www.boxrepsol.com\/es\/tecnologia\/airbag-moto-elemento-clave-la-seguridad\/\">chalecos con airbag<\/a>, que adem\u00e1s vienen equipados con las correspondientes tiras reflectantes, lo que <strong>hace que se potencie y multiplique el efecto preventivo de la prenda<\/strong>, porque se convierte en un elemento activo de seguridad con la incorporaci\u00f3n del sistema de airbag.<\/p>\n","protected":false},"excerpt":{"rendered":"<p>Aunque su uso se ha planteado para situaciones de emergencia, el chaleco reflectante es una herramienta eficaz que puede contribuir a mejorar la seguridad de los motoristas.<\/p>\n","protected":false},"author":41268,"featured_media":112439,"comment_status":"open","ping_status":"open","sticky":false,"template":"","format":"standard","meta":{"footnotes":""},"categories":[160],"tags":[585,346],"class_list":["post-112313","post","type-post","status-publish","format-standard","hentry","category-cultura-motera","tag-conduccion","tag-seguridad"],"yoast_head":"<!-- This site is optimized with the Yoast SEO plugin v27.3 - https:\/\/yoast.com\/product\/yoast-seo-wordpress\/ -->\n<title>El chaleco reflectante en moto: \u00bfcu\u00e1ndo es obligatorio? - Box Repsol<\/title>\n<meta name=\"description\" content=\"\u00bfEs obligatorio llevar chaleco reflectante en moto? Resolvemos esta duda y te proporcionamos toda la informaci\u00f3n relevante en nuestro \u00faltimo art\u00edculo.\" \/>\n<link rel=\"canonical\" href=\"https:\/\/www.boxrepsol.com\/es\/cultura-motera\/chaleco-reflectante-obligatorio-moto\/\" \/>\n<meta property=\"og:locale\" content=\"es_ES\" \/>\n<meta property=\"og:type\" content=\"article\" \/>\n<meta property=\"og:title\" content=\"El chaleco reflectante en moto: \u00bfcu\u00e1ndo es obligatorio? - Box Repsol\" \/>\n<meta property=\"og:description\" content=\"\u00bfEs obligatorio llevar chaleco reflectante en moto? Resolvemos esta duda y te proporcionamos toda la informaci\u00f3n relevante en nuestro \u00faltimo art\u00edculo.\" \/>\n<meta property=\"og:url\" content=\"https:\/\/www.boxrepsol.com\/es\/cultura-motera\/chaleco-reflectante-obligatorio-moto\/\" \/>\n<meta property=\"og:site_name\" content=\"Box Repsol\" \/>\n<meta property=\"article:publisher\" content=\"https:\/\/www.facebook.com\/BoxRepsol\" \/>\n<meta property=\"article:published_time\" content=\"2024-02-20T12:45:12+00:00\" \/>\n<meta property=\"article:modified_time\" content=\"2025-06-26T08:09:23+00:00\" \/>\n<meta property=\"og:image\" content=\"https:\/\/bxrepsol.s3.eu-west-1.amazonaws.com\/static\/2024\/02\/20102551\/Foto-portada-recortada.jpg\" \/>\n\t<meta property=\"og:image:width\" content=\"750\" \/>\n\t<meta property=\"og:image:height\" content=\"375\" \/>\n\t<meta property=\"og:image:type\" content=\"image\/jpeg\" \/>\n<meta name=\"author\" content=\"Juan Pedro de la Torre\" \/>\n<meta name=\"twitter:card\" content=\"summary_large_image\" \/>\n<meta name=\"twitter:creator\" content=\"@https:\/\/twitter.com\/JPdelaTorre1965\" \/>\n<meta name=\"twitter:site\" content=\"@box_repsol\" \/>\n<meta name=\"twitter:label1\" content=\"Written by\" \/>\n\t<meta name=\"twitter:data1\" content=\"Juan Pedro de la Torre\" \/>\n\t<meta name=\"twitter:label2\" content=\"Est. reading time\" \/>\n\t<meta name=\"twitter:data2\" content=\"4 minutos\" \/>\n<script type=\"application\/ld+json\" class=\"yoast-schema-graph\">{\"@context\":\"https:\\\/\\\/schema.org\",\"@graph\":[{\"@type\":\"Article\",\"@id\":\"https:\\\/\\\/www.boxrepsol.com\\\/es\\\/cultura-motera\\\/chaleco-reflectante-obligatorio-moto\\\/#article\",\"isPartOf\":{\"@id\":\"https:\\\/\\\/www.boxrepsol.com\\\/es\\\/cultura-motera\\\/chaleco-reflectante-obligatorio-moto\\\/\"},\"author\":{\"name\":\"Juan Pedro de la Torre\",\"@id\":\"https:\\\/\\\/www.boxrepsol.com\\\/es\\\/#\\\/schema\\\/person\\\/26abce1d675df22d63ac9e9d5f23e4aa\"},\"headline\":\"\u00bfCu\u00e1ndo es obligatorio llevar un chaleco reflectante en la moto?\",\"datePublished\":\"2024-02-20T12:45:12+00:00\",\"dateModified\":\"2025-06-26T08:09:23+00:00\",\"mainEntityOfPage\":{\"@id\":\"https:\\\/\\\/www.boxrepsol.com\\\/es\\\/cultura-motera\\\/chaleco-reflectante-obligatorio-moto\\\/\"},\"wordCount\":892,\"commentCount\":14,\"publisher\":{\"@id\":\"https:\\\/\\\/www.boxrepsol.com\\\/es\\\/#organization\"},\"image\":{\"@id\":\"https:\\\/\\\/www.boxrepsol.com\\\/es\\\/cultura-motera\\\/chaleco-reflectante-obligatorio-moto\\\/#primaryimage\"},\"thumbnailUrl\":\"https:\\\/\\\/bxrepsol.s3.eu-west-1.amazonaws.com\\\/static\\\/2024\\\/02\\\/20102551\\\/Foto-portada-recortada.jpg\",\"keywords\":[\"conducci\u00f3n\",\"Seguridad\"],\"articleSection\":[\"Cultura Motera\"],\"inLanguage\":\"es\",\"potentialAction\":[{\"@type\":\"CommentAction\",\"name\":\"Comment\",\"target\":[\"https:\\\/\\\/www.boxrepsol.com\\\/es\\\/cultura-motera\\\/chaleco-reflectante-obligatorio-moto\\\/#respond\"]}]},{\"@type\":\"WebPage\",\"@id\":\"https:\\\/\\\/www.boxrepsol.com\\\/es\\\/cultura-motera\\\/chaleco-reflectante-obligatorio-moto\\\/\",\"url\":\"https:\\\/\\\/www.boxrepsol.com\\\/es\\\/cultura-motera\\\/chaleco-reflectante-obligatorio-moto\\\/\",\"name\":\"El chaleco reflectante en moto: \u00bfcu\u00e1ndo es obligatorio? - Box Repsol\",\"isPartOf\":{\"@id\":\"https:\\\/\\\/www.boxrepsol.com\\\/es\\\/#website\"},\"primaryImageOfPage\":{\"@id\":\"https:\\\/\\\/www.boxrepsol.com\\\/es\\\/cultura-motera\\\/chaleco-reflectante-obligatorio-moto\\\/#primaryimage\"},\"image\":{\"@id\":\"https:\\\/\\\/www.boxrepsol.com\\\/es\\\/cultura-motera\\\/chaleco-reflectante-obligatorio-moto\\\/#primaryimage\"},\"thumbnailUrl\":\"https:\\\/\\\/bxrepsol.s3.eu-west-1.amazonaws.com\\\/static\\\/2024\\\/02\\\/20102551\\\/Foto-portada-recortada.jpg\",\"datePublished\":\"2024-02-20T12:45:12+00:00\",\"dateModified\":\"2025-06-26T08:09:23+00:00\",\"description\":\"\u00bfEs obligatorio llevar chaleco reflectante en moto? Resolvemos esta duda y te proporcionamos toda la informaci\u00f3n relevante en nuestro \u00faltimo art\u00edculo.\",\"breadcrumb\":{\"@id\":\"https:\\\/\\\/www.boxrepsol.com\\\/es\\\/cultura-motera\\\/chaleco-reflectante-obligatorio-moto\\\/#breadcrumb\"},\"inLanguage\":\"es\",\"potentialAction\":[{\"@type\":\"ReadAction\",\"target\":[\"https:\\\/\\\/www.boxrepsol.com\\\/es\\\/cultura-motera\\\/chaleco-reflectante-obligatorio-moto\\\/\"]}]},{\"@type\":\"ImageObject\",\"inLanguage\":\"es\",\"@id\":\"https:\\\/\\\/www.boxrepsol.com\\\/es\\\/cultura-motera\\\/chaleco-reflectante-obligatorio-moto\\\/#primaryimage\",\"url\":\"https:\\\/\\\/bxrepsol.s3.eu-west-1.amazonaws.com\\\/static\\\/2024\\\/02\\\/20102551\\\/Foto-portada-recortada.jpg\",\"contentUrl\":\"https:\\\/\\\/bxrepsol.s3.eu-west-1.amazonaws.com\\\/static\\\/2024\\\/02\\\/20102551\\\/Foto-portada-recortada.jpg\",\"width\":750,\"height\":375,\"caption\":\"Motorista con chaleco reflectante\"},{\"@type\":\"BreadcrumbList\",\"@id\":\"https:\\\/\\\/www.boxrepsol.com\\\/es\\\/cultura-motera\\\/chaleco-reflectante-obligatorio-moto\\\/#breadcrumb\",\"itemListElement\":[{\"@type\":\"ListItem\",\"position\":1,\"name\":\"Home\",\"item\":\"https:\\\/\\\/www.boxrepsol.com\\\/es\\\/\"},{\"@type\":\"ListItem\",\"position\":2,\"name\":\"\u00bfCu\u00e1ndo es obligatorio llevar un chaleco reflectante en la moto?\"}]},{\"@type\":\"WebSite\",\"@id\":\"https:\\\/\\\/www.boxrepsol.com\\\/es\\\/#website\",\"url\":\"https:\\\/\\\/www.boxrepsol.com\\\/es\\\/\",\"name\":\"Box Repsol\",\"description\":\"Box Repsol Site\",\"publisher\":{\"@id\":\"https:\\\/\\\/www.boxrepsol.com\\\/es\\\/#organization\"},\"potentialAction\":[{\"@type\":\"SearchAction\",\"target\":{\"@type\":\"EntryPoint\",\"urlTemplate\":\"https:\\\/\\\/www.boxrepsol.com\\\/es\\\/?s={search_term_string}\"},\"query-input\":{\"@type\":\"PropertyValueSpecification\",\"valueRequired\":true,\"valueName\":\"search_term_string\"}}],\"inLanguage\":\"es\"},{\"@type\":\"Organization\",\"@id\":\"https:\\\/\\\/www.boxrepsol.com\\\/es\\\/#organization\",\"name\":\"Box Repsol\",\"url\":\"https:\\\/\\\/www.boxrepsol.com\\\/es\\\/\",\"logo\":{\"@type\":\"ImageObject\",\"inLanguage\":\"es\",\"@id\":\"https:\\\/\\\/www.boxrepsol.com\\\/es\\\/#\\\/schema\\\/logo\\\/image\\\/\",\"url\":\"https:\\\/\\\/bxrepsol.s3.eu-west-1.amazonaws.com\\\/static\\\/2025\\\/07\\\/30083337\\\/favicon-96x96-1.png\",\"contentUrl\":\"https:\\\/\\\/bxrepsol.s3.eu-west-1.amazonaws.com\\\/static\\\/2025\\\/07\\\/30083337\\\/favicon-96x96-1.png\",\"width\":96,\"height\":96,\"caption\":\"Box Repsol\"},\"image\":{\"@id\":\"https:\\\/\\\/www.boxrepsol.com\\\/es\\\/#\\\/schema\\\/logo\\\/image\\\/\"},\"sameAs\":[\"https:\\\/\\\/www.facebook.com\\\/BoxRepsol\",\"https:\\\/\\\/x.com\\\/box_repsol\",\"http:\\\/\\\/instagram.com\\\/box_repsol\",\"https:\\\/\\\/www.youtube.com\\\/user\\\/RepsolCompeticion\",\"https:\\\/\\\/www.flickr.com\\\/photos\\\/box_repsol\\\/\"]},{\"@type\":\"Person\",\"@id\":\"https:\\\/\\\/www.boxrepsol.com\\\/es\\\/#\\\/schema\\\/person\\\/26abce1d675df22d63ac9e9d5f23e4aa\",\"name\":\"Juan Pedro de la Torre\",\"image\":{\"@type\":\"ImageObject\",\"inLanguage\":\"es\",\"@id\":\"https:\\\/\\\/secure.gravatar.com\\\/avatar\\\/e81f780ee2930d7be330cb34304decf0e9bc66bec0158805a0fe2726f4517224?s=96&d=mm&r=g\",\"url\":\"https:\\\/\\\/secure.gravatar.com\\\/avatar\\\/e81f780ee2930d7be330cb34304decf0e9bc66bec0158805a0fe2726f4517224?s=96&d=mm&r=g\",\"contentUrl\":\"https:\\\/\\\/secure.gravatar.com\\\/avatar\\\/e81f780ee2930d7be330cb34304decf0e9bc66bec0158805a0fe2726f4517224?s=96&d=mm&r=g\",\"caption\":\"Juan Pedro de la Torre\"},\"description\":\"Se inici\u00f3 en el diario Marca en 1988 y posteriormente pas\u00f3 a la revista Motociclismo, donde llegar\u00eda a ser director de deporte. Despu\u00e9s fue editor y director de Motoworld.es y Sport Bikes y colabor\u00f3 con varios medios. Adem\u00e1s, ha publicado una docena de libros y actualmente trabaja como colaborador para Motociclismo, El Confidencial y Box Repsol.\",\"sameAs\":[\"https:\\\/\\\/x.com\\\/https:\\\/\\\/twitter.com\\\/JPdelaTorre1965\",\"https:\\\/\\\/youtube.com\\\/@juanpedrodelatorremotoworld\"],\"url\":\"https:\\\/\\\/www.boxrepsol.com\\\/es\\\/author\\\/juanpedro_delatorre\\\/\"}]}<\/script>\n<!-- \/ Yoast SEO plugin. -->","yoast_head_json":{"title":"El chaleco reflectante en moto: \u00bfcu\u00e1ndo es obligatorio? - Box Repsol","description":"\u00bfEs obligatorio llevar chaleco reflectante en moto? Resolvemos esta duda y te proporcionamos toda la informaci\u00f3n relevante en nuestro \u00faltimo art\u00edculo.","canonical":"https:\/\/www.boxrepsol.com\/es\/cultura-motera\/chaleco-reflectante-obligatorio-moto\/","og_locale":"es_ES","og_type":"article","og_title":"El chaleco reflectante en moto: \u00bfcu\u00e1ndo es obligatorio? - Box Repsol","og_description":"\u00bfEs obligatorio llevar chaleco reflectante en moto? Resolvemos esta duda y te proporcionamos toda la informaci\u00f3n relevante en nuestro \u00faltimo art\u00edculo.","og_url":"https:\/\/www.boxrepsol.com\/es\/cultura-motera\/chaleco-reflectante-obligatorio-moto\/","og_site_name":"Box Repsol","article_publisher":"https:\/\/www.facebook.com\/BoxRepsol","article_published_time":"2024-02-20T12:45:12+00:00","article_modified_time":"2025-06-26T08:09:23+00:00","og_image":[{"width":750,"height":375,"url":"https:\/\/bxrepsol.s3.eu-west-1.amazonaws.com\/static\/2024\/02\/20102551\/Foto-portada-recortada.jpg","type":"image\/jpeg"}],"author":"Juan Pedro de la Torre","twitter_card":"summary_large_image","twitter_creator":"@https:\/\/twitter.com\/JPdelaTorre1965","twitter_site":"@box_repsol","twitter_misc":{"Written by":"Juan Pedro de la Torre","Est. reading time":"4 minutos"},"schema":{"@context":"https:\/\/schema.org","@graph":[{"@type":"Article","@id":"https:\/\/www.boxrepsol.com\/es\/cultura-motera\/chaleco-reflectante-obligatorio-moto\/#article","isPartOf":{"@id":"https:\/\/www.boxrepsol.com\/es\/cultura-motera\/chaleco-reflectante-obligatorio-moto\/"},"author":{"name":"Juan Pedro de la Torre","@id":"https:\/\/www.boxrepsol.com\/es\/#\/schema\/person\/26abce1d675df22d63ac9e9d5f23e4aa"},"headline":"\u00bfCu\u00e1ndo es obligatorio llevar un chaleco reflectante en la moto?","datePublished":"2024-02-20T12:45:12+00:00","dateModified":"2025-06-26T08:09:23+00:00","mainEntityOfPage":{"@id":"https:\/\/www.boxrepsol.com\/es\/cultura-motera\/chaleco-reflectante-obligatorio-moto\/"},"wordCount":892,"commentCount":14,"publisher":{"@id":"https:\/\/www.boxrepsol.com\/es\/#organization"},"image":{"@id":"https:\/\/www.boxrepsol.com\/es\/cultura-motera\/chaleco-reflectante-obligatorio-moto\/#primaryimage"},"thumbnailUrl":"https:\/\/bxrepsol.s3.eu-west-1.amazonaws.com\/static\/2024\/02\/20102551\/Foto-portada-recortada.jpg","keywords":["conducci\u00f3n","Seguridad"],"articleSection":["Cultura Motera"],"inLanguage":"es","potentialAction":[{"@type":"CommentAction","name":"Comment","target":["https:\/\/www.boxrepsol.com\/es\/cultura-motera\/chaleco-reflectante-obligatorio-moto\/#respond"]}]},{"@type":"WebPage","@id":"https:\/\/www.boxrepsol.com\/es\/cultura-motera\/chaleco-reflectante-obligatorio-moto\/","url":"https:\/\/www.boxrepsol.com\/es\/cultura-motera\/chaleco-reflectante-obligatorio-moto\/","name":"El chaleco reflectante en moto: \u00bfcu\u00e1ndo es obligatorio? - Box Repsol","isPartOf":{"@id":"https:\/\/www.boxrepsol.com\/es\/#website"},"primaryImageOfPage":{"@id":"https:\/\/www.boxrepsol.com\/es\/cultura-motera\/chaleco-reflectante-obligatorio-moto\/#primaryimage"},"image":{"@id":"https:\/\/www.boxrepsol.com\/es\/cultura-motera\/chaleco-reflectante-obligatorio-moto\/#primaryimage"},"thumbnailUrl":"https:\/\/bxrepsol.s3.eu-west-1.amazonaws.com\/static\/2024\/02\/20102551\/Foto-portada-recortada.jpg","datePublished":"2024-02-20T12:45:12+00:00","dateModified":"2025-06-26T08:09:23+00:00","description":"\u00bfEs obligatorio llevar chaleco reflectante en moto? Resolvemos esta duda y te proporcionamos toda la informaci\u00f3n relevante en nuestro \u00faltimo art\u00edculo.","breadcrumb":{"@id":"https:\/\/www.boxrepsol.com\/es\/cultura-motera\/chaleco-reflectante-obligatorio-moto\/#breadcrumb"},"inLanguage":"es","potentialAction":[{"@type":"ReadAction","target":["https:\/\/www.boxrepsol.com\/es\/cultura-motera\/chaleco-reflectante-obligatorio-moto\/"]}]},{"@type":"ImageObject","inLanguage":"es","@id":"https:\/\/www.boxrepsol.com\/es\/cultura-motera\/chaleco-reflectante-obligatorio-moto\/#primaryimage","url":"https:\/\/bxrepsol.s3.eu-west-1.amazonaws.com\/static\/2024\/02\/20102551\/Foto-portada-recortada.jpg","contentUrl":"https:\/\/bxrepsol.s3.eu-west-1.amazonaws.com\/static\/2024\/02\/20102551\/Foto-portada-recortada.jpg","width":750,"height":375,"caption":"Motorista con chaleco reflectante"},{"@type":"BreadcrumbList","@id":"https:\/\/www.boxrepsol.com\/es\/cultura-motera\/chaleco-reflectante-obligatorio-moto\/#breadcrumb","itemListElement":[{"@type":"ListItem","position":1,"name":"Home","item":"https:\/\/www.boxrepsol.com\/es\/"},{"@type":"ListItem","position":2,"name":"\u00bfCu\u00e1ndo es obligatorio llevar un chaleco reflectante en la moto?"}]},{"@type":"WebSite","@id":"https:\/\/www.boxrepsol.com\/es\/#website","url":"https:\/\/www.boxrepsol.com\/es\/","name":"Box Repsol","description":"Box Repsol Site","publisher":{"@id":"https:\/\/www.boxrepsol.com\/es\/#organization"},"potentialAction":[{"@type":"SearchAction","target":{"@type":"EntryPoint","urlTemplate":"https:\/\/www.boxrepsol.com\/es\/?s={search_term_string}"},"query-input":{"@type":"PropertyValueSpecification","valueRequired":true,"valueName":"search_term_string"}}],"inLanguage":"es"},{"@type":"Organization","@id":"https:\/\/www.boxrepsol.com\/es\/#organization","name":"Box Repsol","url":"https:\/\/www.boxrepsol.com\/es\/","logo":{"@type":"ImageObject","inLanguage":"es","@id":"https:\/\/www.boxrepsol.com\/es\/#\/schema\/logo\/image\/","url":"https:\/\/bxrepsol.s3.eu-west-1.amazonaws.com\/static\/2025\/07\/30083337\/favicon-96x96-1.png","contentUrl":"https:\/\/bxrepsol.s3.eu-west-1.amazonaws.com\/static\/2025\/07\/30083337\/favicon-96x96-1.png","width":96,"height":96,"caption":"Box Repsol"},"image":{"@id":"https:\/\/www.boxrepsol.com\/es\/#\/schema\/logo\/image\/"},"sameAs":["https:\/\/www.facebook.com\/BoxRepsol","https:\/\/x.com\/box_repsol","http:\/\/instagram.com\/box_repsol","https:\/\/www.youtube.com\/user\/RepsolCompeticion","https:\/\/www.flickr.com\/photos\/box_repsol\/"]},{"@type":"Person","@id":"https:\/\/www.boxrepsol.com\/es\/#\/schema\/person\/26abce1d675df22d63ac9e9d5f23e4aa","name":"Juan Pedro de la Torre","image":{"@type":"ImageObject","inLanguage":"es","@id":"https:\/\/secure.gravatar.com\/avatar\/e81f780ee2930d7be330cb34304decf0e9bc66bec0158805a0fe2726f4517224?s=96&d=mm&r=g","url":"https:\/\/secure.gravatar.com\/avatar\/e81f780ee2930d7be330cb34304decf0e9bc66bec0158805a0fe2726f4517224?s=96&d=mm&r=g","contentUrl":"https:\/\/secure.gravatar.com\/avatar\/e81f780ee2930d7be330cb34304decf0e9bc66bec0158805a0fe2726f4517224?s=96&d=mm&r=g","caption":"Juan Pedro de la Torre"},"description":"Se inici\u00f3 en el diario Marca en 1988 y posteriormente pas\u00f3 a la revista Motociclismo, donde llegar\u00eda a ser director de deporte. Despu\u00e9s fue editor y director de Motoworld.es y Sport Bikes y colabor\u00f3 con varios medios. Adem\u00e1s, ha publicado una docena de libros y actualmente trabaja como colaborador para Motociclismo, El Confidencial y Box Repsol.","sameAs":["https:\/\/x.com\/https:\/\/twitter.com\/JPdelaTorre1965","https:\/\/youtube.com\/@juanpedrodelatorremotoworld"],"url":"https:\/\/www.boxrepsol.com\/es\/author\/juanpedro_delatorre\/"}]}},"_links":{"self":[{"href":"https:\/\/www.boxrepsol.com\/es\/wp-json\/wp\/v2\/posts\/112313","targetHints":{"allow":["GET"]}}],"collection":[{"href":"https:\/\/www.boxrepsol.com\/es\/wp-json\/wp\/v2\/posts"}],"about":[{"href":"https:\/\/www.boxrepsol.com\/es\/wp-json\/wp\/v2\/types\/post"}],"author":[{"embeddable":true,"href":"https:\/\/www.boxrepsol.com\/es\/wp-json\/wp\/v2\/users\/41268"}],"replies":[{"embeddable":true,"href":"https:\/\/www.boxrepsol.com\/es\/wp-json\/wp\/v2\/comments?post=112313"}],"version-history":[{"count":5,"href":"https:\/\/www.boxrepsol.com\/es\/wp-json\/wp\/v2\/posts\/112313\/revisions"}],"predecessor-version":[{"id":114245,"href":"https:\/\/www.boxrepsol.com\/es\/wp-json\/wp\/v2\/posts\/112313\/revisions\/114245"}],"wp:featuredmedia":[{"embeddable":true,"href":"https:\/\/www.boxrepsol.com\/es\/wp-json\/wp\/v2\/media\/112439"}],"wp:attachment":[{"href":"https:\/\/www.boxrepsol.com\/es\/wp-json\/wp\/v2\/media?parent=112313"}],"wp:term":[{"taxonomy":"category","embeddable":true,"href":"https:\/\/www.boxrepsol.com\/es\/wp-json\/wp\/v2\/categories?post=112313"},{"taxonomy":"post_tag","embeddable":true,"href":"https:\/\/www.boxrepsol.com\/es\/wp-json\/wp\/v2\/tags?post=112313"}],"curies":[{"name":"wp","href":"https:\/\/api.w.org\/{rel}","templated":true}]}}