{"id":110275,"date":"2024-01-16T14:45:43","date_gmt":"2024-01-16T16:45:43","guid":{"rendered":"https:\/\/www.boxrepsol.com\/?p=110275"},"modified":"2024-04-08T06:50:04","modified_gmt":"2024-04-08T08:50:04","slug":"resultados-de-la-novena-etapa-del-rally-dakar-2024","status":"publish","type":"post","link":"https:\/\/www.boxrepsol.com\/es\/rally\/resultados-de-la-novena-etapa-del-rally-dakar-2024\/","title":{"rendered":"Resultados de la novena etapa del Rally Dakar 2024"},"content":{"rendered":"<figure class=\"wp-block-post-featured-image\"><img loading=\"lazy\" decoding=\"async\" width=\"1280\" height=\"600\" src=\"https:\/\/bxrepsol.s3.eu-west-1.amazonaws.com\/static\/2024\/01\/16135954\/CRONICAWEB-1.png\" class=\"attachment-post-thumbnail size-post-thumbnail wp-post-image\" alt=\"\" style=\"object-fit:cover;\" srcset=\"https:\/\/bxrepsol.s3.eu-west-1.amazonaws.com\/static\/2024\/01\/16135954\/CRONICAWEB-1.png 1280w, https:\/\/bxrepsol.s3.eu-west-1.amazonaws.com\/static\/2024\/01\/16135954\/CRONICAWEB-1-300x141.png 300w, https:\/\/bxrepsol.s3.eu-west-1.amazonaws.com\/static\/2024\/01\/16135954\/CRONICAWEB-1-1024x480.png 1024w, https:\/\/bxrepsol.s3.eu-west-1.amazonaws.com\/static\/2024\/01\/16135954\/CRONICAWEB-1-768x360.png 768w\" sizes=\"auto, (max-width: 1280px) 100vw, 1280px\" \/><\/figure>\n\n\n<p>El piloto franc\u00e9s de Prodrive, <strong>Sebastien Loeb<\/strong> no cesa en la lucha por el t\u00edtulo y se hace con su <strong>cuarta victoria<\/strong> en esta 46\u00aa edici\u00f3n del Dakar. Con este resultado, Loeb no solo mantiene su posici\u00f3n en la general, sino que recorta distancia con el l\u00edder, Carlos Sainz (P2 en la etapa de hoy). Este Top3 de la novena etapa la cierra Serradori.<br><br>El <strong>Top10<\/strong> de estos 417 kil\u00f3metros de especial <strong>Hail-Alula<\/strong> lo han completado De Mevius, Botterill, Peterhansel, <strong>Moraes<\/strong>, Ekstr\u00f6m, Dumas y Prokop.<br><br>Uno de los principales protagonistas de este deporte, <strong>Nasser Al-Attiyah <\/strong>se ha visto obligado a abandonar definitivamente de este Dakar 2024.<\/p>\n\n\n\n<figure class=\"wp-block-video\"><video height=\"720\" style=\"aspect-ratio: 1280 \/ 720;\" width=\"1280\" controls src=\"https:\/\/bxrepsol.s3.eu-west-1.amazonaws.com\/static\/2024\/01\/16153400\/Isidre_Esteve_Dakar24_Etapa_9_ESP.mp4\"><\/video><\/figure>\n\n\n\n<h3 class=\"wp-block-heading\"><strong>El Repsol Toyota Rally Team y el Toyota Gazoo Racing mantienen su buen rendimiento<\/strong><\/h3>\n\n\n\n<p><strong>Isidre Esteve<\/strong> y<strong> Txema Villalobos <\/strong>han completado una novena etapa satisfactoria sin contratiempos mec\u00e1nicos, lo que les ha permitido mejorar en dos plazas su posici\u00f3n de ayer con una P32.<\/p>\n\n\n\n<p>Sobreponi\u00e9ndose las dificultades que ha acarreado la altitud de la especial, el piloto del <strong>Repsol Toyota Rally Team<\/strong> ha firmado un buen d\u00eda con el que se posiciona 82\u00ba en la general, recuperando tres plazas respecto <a href=\"https:\/\/www.boxrepsol.com\/es\/rally\/resultados-de-la-octava-etapa-del-rally-dakar-2024\/\">a la octava etapa.<\/a> &nbsp;<br><br>Por lo que respecta a los pilotos del <strong>Toyota Gazoo Racing<\/strong>, <strong>Moraes <\/strong>ha sufrido algo m\u00e1s respecto a la etapa anterior y ha descendido de las primeras posiciones con una P7. No obstante, el piloto brasile\u00f1o mantiene su <strong>tercera posici\u00f3n en la general<\/strong>.<\/p>\n\n\n\n<p><strong>Seth Quintero<\/strong> firma, por su parte, una ardua etapa que ha cerrado con una P15. Con este resultado el piloto se posiciona como 87\u00ba en la clasificaci\u00f3n general ante la d\u00e9cima etapa en Alula.<\/p>\n\n\n\n<div id=\"a9f99679-9bfb-4c92-9796-07dc9d60f278\" class=\"br-slider-box\"><div class=\"wp-block-create-block-repsol-carousel br-slider\"><a target=\"_blank\" href=\"https:\/\/bxrepsol.s3.eu-west-1.amazonaws.com\/static\/2024\/01\/16142430\/CRONICA-scaled.jpg\" data-index=\"0\" rel=\"noopener\"><img decoding=\"async\" src=\"https:\/\/bxrepsol.s3.eu-west-1.amazonaws.com\/static\/2024\/01\/16142430\/CRONICA-scaled.jpg\"\/><\/a><a target=\"_blank\" href=\"https:\/\/bxrepsol.s3.eu-west-1.amazonaws.com\/static\/2024\/01\/16142513\/GD-ODFoasAABtpf-scaled.jpg\" data-index=\"1\" rel=\"noopener\"><img decoding=\"async\" src=\"https:\/\/bxrepsol.s3.eu-west-1.amazonaws.com\/static\/2024\/01\/16142513\/GD-ODFoasAABtpf-scaled.jpg\"\/><\/a><a target=\"_blank\" href=\"https:\/\/bxrepsol.s3.eu-west-1.amazonaws.com\/static\/2024\/01\/16142502\/Dakar24_E9_Isidre_Esteve_1-scaled.jpg\" data-index=\"2\" rel=\"noopener\"><img decoding=\"async\" src=\"https:\/\/bxrepsol.s3.eu-west-1.amazonaws.com\/static\/2024\/01\/16142502\/Dakar24_E9_Isidre_Esteve_1-scaled.jpg\"\/><\/a><a target=\"_blank\" href=\"https:\/\/bxrepsol.s3.eu-west-1.amazonaws.com\/static\/2024\/01\/16142518\/GD-OEHKakAApgab-scaled.jpg\" data-index=\"3\" rel=\"noopener\"><img decoding=\"async\" src=\"https:\/\/bxrepsol.s3.eu-west-1.amazonaws.com\/static\/2024\/01\/16142518\/GD-OEHKakAApgab-scaled.jpg\"\/><\/a><a target=\"_blank\" href=\"https:\/\/bxrepsol.s3.eu-west-1.amazonaws.com\/static\/2024\/01\/16142509\/Dakar24_E9_Isidre_Esteve_2-scaled.jpg\" data-index=\"4\" rel=\"noopener\"><img decoding=\"async\" src=\"https:\/\/bxrepsol.s3.eu-west-1.amazonaws.com\/static\/2024\/01\/16142509\/Dakar24_E9_Isidre_Esteve_2-scaled.jpg\"\/><\/a><\/div><div class=\"br-slider-buttons\"><button class=\"arrow rds-icon arrow--left rds-icon-Arrow_left\"><\/button><button class=\"arrow rds-icon arrow--right rds-icon-Arrow_right\"><\/button><\/div><\/div>\n\n\n\n<p><strong>Clasificaci\u00f3n Etapa 9<\/strong><\/p>\n\n\n\n<p><strong>1.<\/strong>&nbsp;Sebastien Loeb (Prodrive) +4\u201917:33\u2019\u2019<\/p>\n\n\n\n<p><strong>2.<\/strong>&nbsp;Carlos Sainz (Audi) +04\u201914\u2019\u2019<\/p>\n\n\n\n<p><strong>3.<\/strong>&nbsp;Mathieu Serradori (Century) +04\u201943\u2019\u2019<\/p>\n\n\n\n<p><strong>4.<\/strong>&nbsp;Guillaume De Mevius (Toyota) +09\u201952\u2019\u2019<\/p>\n\n\n\n<p><strong>5. <\/strong>Guy David Botterill (Toyota) +10\u201901\u2019\u2019<\/p>\n\n\n\n<p><strong>\u2026<\/strong><\/p>\n\n\n\n<p><strong>7. Lucas Moraes (Toyota) +11\u201903\u2019\u2019<\/strong><\/p>\n\n\n\n<p><strong>15. Seth Quintero (Toyota)<\/strong> <strong>+20&#8217;21\u00bb<\/strong><\/p>\n\n\n\n<p><strong>34. Isidre Esteve (Repsol Toyota) +43\u201929\u2019\u2019<\/strong><\/p>\n\n\n\n<p>_____________________<\/p>\n\n\n\n<p><strong>Clasificaci\u00f3n general<\/strong><\/p>\n\n\n\n<p><strong>1.&nbsp;<\/strong>Carlos Sainz (Audi) 37h 50\u201957\u2019\u2019<\/p>\n\n\n\n<p><strong>2.&nbsp;<\/strong>Sebastien Loeb (Prodrive) +20\u201933\u2019\u2019<\/p>\n\n\n\n<p><strong>3. Lucas Moraes (Toyota) +1h 12\u201902&#8217;\u2019<\/strong><\/p>\n\n\n\n<p><strong>4.<\/strong>&nbsp;Guillaume De Mevius (Toyota) +1h 39\u201956\u2019\u2019<\/p>\n\n\n\n<p><strong>5.<\/strong>&nbsp;Mathieu Serradori (Century) +2h 03\u201944\u2019\u2019<\/p>\n\n\n\n<p><strong>\u2026<\/strong><\/p>\n\n\n\n<p><strong>82. Isidre Esteve (Repsol Toyota) +26h 49\u201902\u2019\u2019<\/strong><\/p>\n\n\n\n<p><strong>90. Seth Quintero (Toyota) +41h 22\u201904\u2019\u2019<\/strong><\/p>\n","protected":false},"excerpt":{"rendered":"<p>Sebastien Loeb reafirma sus buenas sensaciones en esta edici\u00f3n del Dakar con una nueva victoria. La dupla de Isidre Esteve y Txema Villalobos mejoran la etapa de ayer con una P32.<\/p>\n","protected":false},"author":43146,"featured_media":110276,"comment_status":"open","ping_status":"open","sticky":false,"template":"","format":"standard","meta":{"footnotes":""},"categories":[27],"tags":[427,29],"class_list":["post-110275","post","type-post","status-publish","format-standard","hentry","category-rally","tag-dakar-2024","tag-isidre-esteve"],"yoast_head":"<!-- This site is optimized with the Yoast SEO plugin v27.3 - https:\/\/yoast.com\/product\/yoast-seo-wordpress\/ -->\n<title>Resultados de la novena etapa del Rally Dakar 2024 - Box Repsol<\/title>\n<meta name=\"description\" content=\"Consulta los resultados de la novena etapa del Rally Dakar 2024 y la clasificaci\u00f3n general tras la jornada de hoy\" \/>\n<link rel=\"canonical\" href=\"https:\/\/www.boxrepsol.com\/es\/rally\/resultados-de-la-novena-etapa-del-rally-dakar-2024\/\" \/>\n<meta property=\"og:locale\" content=\"es_ES\" \/>\n<meta property=\"og:type\" content=\"article\" \/>\n<meta property=\"og:title\" content=\"Resultados de la novena etapa del Rally Dakar 2024 - Box Repsol\" \/>\n<meta property=\"og:description\" content=\"Consulta los resultados de la novena etapa del Rally Dakar 2024 y la clasificaci\u00f3n general tras la jornada de hoy\" \/>\n<meta property=\"og:url\" content=\"https:\/\/www.boxrepsol.com\/es\/rally\/resultados-de-la-novena-etapa-del-rally-dakar-2024\/\" \/>\n<meta property=\"og:site_name\" content=\"Box Repsol\" \/>\n<meta property=\"article:publisher\" content=\"https:\/\/www.facebook.com\/BoxRepsol\" \/>\n<meta property=\"article:author\" content=\"https:\/\/www.facebook.com\/BoxRepsol\/\" \/>\n<meta property=\"article:published_time\" content=\"2024-01-16T16:45:43+00:00\" \/>\n<meta property=\"article:modified_time\" content=\"2024-04-08T08:50:04+00:00\" \/>\n<meta property=\"og:image\" content=\"https:\/\/bxrepsol.s3.eu-west-1.amazonaws.com\/static\/2024\/01\/16135954\/CRONICAWEB-1.png\" \/>\n\t<meta property=\"og:image:width\" content=\"1280\" \/>\n\t<meta property=\"og:image:height\" content=\"600\" \/>\n\t<meta property=\"og:image:type\" content=\"image\/png\" \/>\n<meta name=\"author\" content=\"Redacci\u00f3n Box Repsol\" \/>\n<meta name=\"twitter:card\" content=\"summary_large_image\" \/>\n<meta name=\"twitter:creator\" content=\"@https:\/\/twitter.com\/box_repsol\" \/>\n<meta name=\"twitter:site\" content=\"@box_repsol\" \/>\n<meta name=\"twitter:label1\" content=\"Written by\" \/>\n\t<meta name=\"twitter:data1\" content=\"Redacci\u00f3n Box Repsol\" \/>\n\t<meta name=\"twitter:label2\" content=\"Est. reading time\" \/>\n\t<meta name=\"twitter:data2\" content=\"2 minutos\" \/>\n<script type=\"application\/ld+json\" class=\"yoast-schema-graph\">{\"@context\":\"https:\\\/\\\/schema.org\",\"@graph\":[{\"@type\":\"Article\",\"@id\":\"https:\\\/\\\/www.boxrepsol.com\\\/es\\\/rally\\\/resultados-de-la-novena-etapa-del-rally-dakar-2024\\\/#article\",\"isPartOf\":{\"@id\":\"https:\\\/\\\/www.boxrepsol.com\\\/es\\\/rally\\\/resultados-de-la-novena-etapa-del-rally-dakar-2024\\\/\"},\"author\":{\"name\":\"Redacci\u00f3n Box Repsol\",\"@id\":\"https:\\\/\\\/www.boxrepsol.com\\\/es\\\/#\\\/schema\\\/person\\\/c5c2138f2cca251b0ad92b7086bb60b7\"},\"headline\":\"Resultados de la novena etapa del Rally Dakar 2024\",\"datePublished\":\"2024-01-16T16:45:43+00:00\",\"dateModified\":\"2024-04-08T08:50:04+00:00\",\"mainEntityOfPage\":{\"@id\":\"https:\\\/\\\/www.boxrepsol.com\\\/es\\\/rally\\\/resultados-de-la-novena-etapa-del-rally-dakar-2024\\\/\"},\"wordCount\":357,\"commentCount\":0,\"publisher\":{\"@id\":\"https:\\\/\\\/www.boxrepsol.com\\\/es\\\/#organization\"},\"image\":{\"@id\":\"https:\\\/\\\/www.boxrepsol.com\\\/es\\\/rally\\\/resultados-de-la-novena-etapa-del-rally-dakar-2024\\\/#primaryimage\"},\"thumbnailUrl\":\"https:\\\/\\\/bxrepsol.s3.eu-west-1.amazonaws.com\\\/static\\\/2024\\\/01\\\/16135954\\\/CRONICAWEB-1.png\",\"keywords\":[\"Dakar 2024\",\"Isidre Esteve\"],\"articleSection\":[\"Rally\"],\"inLanguage\":\"es\",\"potentialAction\":[{\"@type\":\"CommentAction\",\"name\":\"Comment\",\"target\":[\"https:\\\/\\\/www.boxrepsol.com\\\/es\\\/rally\\\/resultados-de-la-novena-etapa-del-rally-dakar-2024\\\/#respond\"]}]},{\"@type\":\"WebPage\",\"@id\":\"https:\\\/\\\/www.boxrepsol.com\\\/es\\\/rally\\\/resultados-de-la-novena-etapa-del-rally-dakar-2024\\\/\",\"url\":\"https:\\\/\\\/www.boxrepsol.com\\\/es\\\/rally\\\/resultados-de-la-novena-etapa-del-rally-dakar-2024\\\/\",\"name\":\"Resultados de la novena etapa del Rally Dakar 2024 - Box Repsol\",\"isPartOf\":{\"@id\":\"https:\\\/\\\/www.boxrepsol.com\\\/es\\\/#website\"},\"primaryImageOfPage\":{\"@id\":\"https:\\\/\\\/www.boxrepsol.com\\\/es\\\/rally\\\/resultados-de-la-novena-etapa-del-rally-dakar-2024\\\/#primaryimage\"},\"image\":{\"@id\":\"https:\\\/\\\/www.boxrepsol.com\\\/es\\\/rally\\\/resultados-de-la-novena-etapa-del-rally-dakar-2024\\\/#primaryimage\"},\"thumbnailUrl\":\"https:\\\/\\\/bxrepsol.s3.eu-west-1.amazonaws.com\\\/static\\\/2024\\\/01\\\/16135954\\\/CRONICAWEB-1.png\",\"datePublished\":\"2024-01-16T16:45:43+00:00\",\"dateModified\":\"2024-04-08T08:50:04+00:00\",\"description\":\"Consulta los resultados de la novena etapa del Rally Dakar 2024 y la clasificaci\u00f3n general tras la jornada de hoy\",\"breadcrumb\":{\"@id\":\"https:\\\/\\\/www.boxrepsol.com\\\/es\\\/rally\\\/resultados-de-la-novena-etapa-del-rally-dakar-2024\\\/#breadcrumb\"},\"inLanguage\":\"es\",\"potentialAction\":[{\"@type\":\"ReadAction\",\"target\":[\"https:\\\/\\\/www.boxrepsol.com\\\/es\\\/rally\\\/resultados-de-la-novena-etapa-del-rally-dakar-2024\\\/\"]}]},{\"@type\":\"ImageObject\",\"inLanguage\":\"es\",\"@id\":\"https:\\\/\\\/www.boxrepsol.com\\\/es\\\/rally\\\/resultados-de-la-novena-etapa-del-rally-dakar-2024\\\/#primaryimage\",\"url\":\"https:\\\/\\\/bxrepsol.s3.eu-west-1.amazonaws.com\\\/static\\\/2024\\\/01\\\/16135954\\\/CRONICAWEB-1.png\",\"contentUrl\":\"https:\\\/\\\/bxrepsol.s3.eu-west-1.amazonaws.com\\\/static\\\/2024\\\/01\\\/16135954\\\/CRONICAWEB-1.png\",\"width\":1280,\"height\":600},{\"@type\":\"BreadcrumbList\",\"@id\":\"https:\\\/\\\/www.boxrepsol.com\\\/es\\\/rally\\\/resultados-de-la-novena-etapa-del-rally-dakar-2024\\\/#breadcrumb\",\"itemListElement\":[{\"@type\":\"ListItem\",\"position\":1,\"name\":\"Home\",\"item\":\"https:\\\/\\\/www.boxrepsol.com\\\/es\\\/\"},{\"@type\":\"ListItem\",\"position\":2,\"name\":\"Resultados de la novena etapa del Rally Dakar 2024\"}]},{\"@type\":\"WebSite\",\"@id\":\"https:\\\/\\\/www.boxrepsol.com\\\/es\\\/#website\",\"url\":\"https:\\\/\\\/www.boxrepsol.com\\\/es\\\/\",\"name\":\"Box Repsol\",\"description\":\"Box Repsol Site\",\"publisher\":{\"@id\":\"https:\\\/\\\/www.boxrepsol.com\\\/es\\\/#organization\"},\"potentialAction\":[{\"@type\":\"SearchAction\",\"target\":{\"@type\":\"EntryPoint\",\"urlTemplate\":\"https:\\\/\\\/www.boxrepsol.com\\\/es\\\/?s={search_term_string}\"},\"query-input\":{\"@type\":\"PropertyValueSpecification\",\"valueRequired\":true,\"valueName\":\"search_term_string\"}}],\"inLanguage\":\"es\"},{\"@type\":\"Organization\",\"@id\":\"https:\\\/\\\/www.boxrepsol.com\\\/es\\\/#organization\",\"name\":\"Box Repsol\",\"url\":\"https:\\\/\\\/www.boxrepsol.com\\\/es\\\/\",\"logo\":{\"@type\":\"ImageObject\",\"inLanguage\":\"es\",\"@id\":\"https:\\\/\\\/www.boxrepsol.com\\\/es\\\/#\\\/schema\\\/logo\\\/image\\\/\",\"url\":\"https:\\\/\\\/bxrepsol.s3.eu-west-1.amazonaws.com\\\/static\\\/2025\\\/07\\\/30083337\\\/favicon-96x96-1.png\",\"contentUrl\":\"https:\\\/\\\/bxrepsol.s3.eu-west-1.amazonaws.com\\\/static\\\/2025\\\/07\\\/30083337\\\/favicon-96x96-1.png\",\"width\":96,\"height\":96,\"caption\":\"Box Repsol\"},\"image\":{\"@id\":\"https:\\\/\\\/www.boxrepsol.com\\\/es\\\/#\\\/schema\\\/logo\\\/image\\\/\"},\"sameAs\":[\"https:\\\/\\\/www.facebook.com\\\/BoxRepsol\",\"https:\\\/\\\/x.com\\\/box_repsol\",\"http:\\\/\\\/instagram.com\\\/box_repsol\",\"https:\\\/\\\/www.youtube.com\\\/user\\\/RepsolCompeticion\",\"https:\\\/\\\/www.flickr.com\\\/photos\\\/box_repsol\\\/\"]},{\"@type\":\"Person\",\"@id\":\"https:\\\/\\\/www.boxrepsol.com\\\/es\\\/#\\\/schema\\\/person\\\/c5c2138f2cca251b0ad92b7086bb60b7\",\"name\":\"Redacci\u00f3n Box Repsol\",\"image\":{\"@type\":\"ImageObject\",\"inLanguage\":\"es\",\"@id\":\"https:\\\/\\\/secure.gravatar.com\\\/avatar\\\/adf7b77e38b4419baf32c7e9c21dde01f4e40df611f0978e3006fc4ba0aaab7e?s=96&d=mm&r=g\",\"url\":\"https:\\\/\\\/secure.gravatar.com\\\/avatar\\\/adf7b77e38b4419baf32c7e9c21dde01f4e40df611f0978e3006fc4ba0aaab7e?s=96&d=mm&r=g\",\"contentUrl\":\"https:\\\/\\\/secure.gravatar.com\\\/avatar\\\/adf7b77e38b4419baf32c7e9c21dde01f4e40df611f0978e3006fc4ba0aaab7e?s=96&d=mm&r=g\",\"caption\":\"Redacci\u00f3n Box Repsol\"},\"description\":\"Box Repsol lo forma un equipo de periodistas, community managers, dise\u00f1adores y fot\u00f3grafos con m\u00e1s de 20 a\u00f1os de experiencia en el mundo del motorsport. Hemos vivido el primer mundial de un espa\u00f1ol en la categor\u00eda reina de motociclismo con \u00c1lex Crivill\u00e9, estuvimos en las victorias de Pedrosa y los t\u00edtulos de M\u00e1rquez, acompa\u00f1amos en \u00c1frica a Nani Roma y Marc Coma en sus conquistas del Dakar y hemos vibrado con los t\u00edtulos de Toni Bou en Trial. Adem\u00e1s, en nuestro equipo contamos con expertos en el mundo de las dos y cuatro ruedas tanto de la calle y las carreteras, como de los circuitos. Periodistas que han trabajado en revistas y publicaciones para hacerte llegar desde rutas y consejos de mantenimiento, a curiosidades y trucos de pilotaje.\",\"sameAs\":[\"https:\\\/\\\/www.facebook.com\\\/BoxRepsol\\\/\",\"https:\\\/\\\/www.instagram.com\\\/box_repsol\\\/\",\"https:\\\/\\\/x.com\\\/https:\\\/\\\/twitter.com\\\/box_repsol\",\"https:\\\/\\\/www.youtube.com\\\/@Boxrepsol\"],\"url\":\"https:\\\/\\\/www.boxrepsol.com\\\/es\\\/author\\\/redaccion-box-repsol\\\/\"}]}<\/script>\n<!-- \/ Yoast SEO plugin. -->","yoast_head_json":{"title":"Resultados de la novena etapa del Rally Dakar 2024 - Box Repsol","description":"Consulta los resultados de la novena etapa del Rally Dakar 2024 y la clasificaci\u00f3n general tras la jornada de hoy","canonical":"https:\/\/www.boxrepsol.com\/es\/rally\/resultados-de-la-novena-etapa-del-rally-dakar-2024\/","og_locale":"es_ES","og_type":"article","og_title":"Resultados de la novena etapa del Rally Dakar 2024 - Box Repsol","og_description":"Consulta los resultados de la novena etapa del Rally Dakar 2024 y la clasificaci\u00f3n general tras la jornada de hoy","og_url":"https:\/\/www.boxrepsol.com\/es\/rally\/resultados-de-la-novena-etapa-del-rally-dakar-2024\/","og_site_name":"Box Repsol","article_publisher":"https:\/\/www.facebook.com\/BoxRepsol","article_author":"https:\/\/www.facebook.com\/BoxRepsol\/","article_published_time":"2024-01-16T16:45:43+00:00","article_modified_time":"2024-04-08T08:50:04+00:00","og_image":[{"width":1280,"height":600,"url":"https:\/\/bxrepsol.s3.eu-west-1.amazonaws.com\/static\/2024\/01\/16135954\/CRONICAWEB-1.png","type":"image\/png"}],"author":"Redacci\u00f3n Box Repsol","twitter_card":"summary_large_image","twitter_creator":"@https:\/\/twitter.com\/box_repsol","twitter_site":"@box_repsol","twitter_misc":{"Written by":"Redacci\u00f3n Box Repsol","Est. reading time":"2 minutos"},"schema":{"@context":"https:\/\/schema.org","@graph":[{"@type":"Article","@id":"https:\/\/www.boxrepsol.com\/es\/rally\/resultados-de-la-novena-etapa-del-rally-dakar-2024\/#article","isPartOf":{"@id":"https:\/\/www.boxrepsol.com\/es\/rally\/resultados-de-la-novena-etapa-del-rally-dakar-2024\/"},"author":{"name":"Redacci\u00f3n Box Repsol","@id":"https:\/\/www.boxrepsol.com\/es\/#\/schema\/person\/c5c2138f2cca251b0ad92b7086bb60b7"},"headline":"Resultados de la novena etapa del Rally Dakar 2024","datePublished":"2024-01-16T16:45:43+00:00","dateModified":"2024-04-08T08:50:04+00:00","mainEntityOfPage":{"@id":"https:\/\/www.boxrepsol.com\/es\/rally\/resultados-de-la-novena-etapa-del-rally-dakar-2024\/"},"wordCount":357,"commentCount":0,"publisher":{"@id":"https:\/\/www.boxrepsol.com\/es\/#organization"},"image":{"@id":"https:\/\/www.boxrepsol.com\/es\/rally\/resultados-de-la-novena-etapa-del-rally-dakar-2024\/#primaryimage"},"thumbnailUrl":"https:\/\/bxrepsol.s3.eu-west-1.amazonaws.com\/static\/2024\/01\/16135954\/CRONICAWEB-1.png","keywords":["Dakar 2024","Isidre Esteve"],"articleSection":["Rally"],"inLanguage":"es","potentialAction":[{"@type":"CommentAction","name":"Comment","target":["https:\/\/www.boxrepsol.com\/es\/rally\/resultados-de-la-novena-etapa-del-rally-dakar-2024\/#respond"]}]},{"@type":"WebPage","@id":"https:\/\/www.boxrepsol.com\/es\/rally\/resultados-de-la-novena-etapa-del-rally-dakar-2024\/","url":"https:\/\/www.boxrepsol.com\/es\/rally\/resultados-de-la-novena-etapa-del-rally-dakar-2024\/","name":"Resultados de la novena etapa del Rally Dakar 2024 - Box Repsol","isPartOf":{"@id":"https:\/\/www.boxrepsol.com\/es\/#website"},"primaryImageOfPage":{"@id":"https:\/\/www.boxrepsol.com\/es\/rally\/resultados-de-la-novena-etapa-del-rally-dakar-2024\/#primaryimage"},"image":{"@id":"https:\/\/www.boxrepsol.com\/es\/rally\/resultados-de-la-novena-etapa-del-rally-dakar-2024\/#primaryimage"},"thumbnailUrl":"https:\/\/bxrepsol.s3.eu-west-1.amazonaws.com\/static\/2024\/01\/16135954\/CRONICAWEB-1.png","datePublished":"2024-01-16T16:45:43+00:00","dateModified":"2024-04-08T08:50:04+00:00","description":"Consulta los resultados de la novena etapa del Rally Dakar 2024 y la clasificaci\u00f3n general tras la jornada de hoy","breadcrumb":{"@id":"https:\/\/www.boxrepsol.com\/es\/rally\/resultados-de-la-novena-etapa-del-rally-dakar-2024\/#breadcrumb"},"inLanguage":"es","potentialAction":[{"@type":"ReadAction","target":["https:\/\/www.boxrepsol.com\/es\/rally\/resultados-de-la-novena-etapa-del-rally-dakar-2024\/"]}]},{"@type":"ImageObject","inLanguage":"es","@id":"https:\/\/www.boxrepsol.com\/es\/rally\/resultados-de-la-novena-etapa-del-rally-dakar-2024\/#primaryimage","url":"https:\/\/bxrepsol.s3.eu-west-1.amazonaws.com\/static\/2024\/01\/16135954\/CRONICAWEB-1.png","contentUrl":"https:\/\/bxrepsol.s3.eu-west-1.amazonaws.com\/static\/2024\/01\/16135954\/CRONICAWEB-1.png","width":1280,"height":600},{"@type":"BreadcrumbList","@id":"https:\/\/www.boxrepsol.com\/es\/rally\/resultados-de-la-novena-etapa-del-rally-dakar-2024\/#breadcrumb","itemListElement":[{"@type":"ListItem","position":1,"name":"Home","item":"https:\/\/www.boxrepsol.com\/es\/"},{"@type":"ListItem","position":2,"name":"Resultados de la novena etapa del Rally Dakar 2024"}]},{"@type":"WebSite","@id":"https:\/\/www.boxrepsol.com\/es\/#website","url":"https:\/\/www.boxrepsol.com\/es\/","name":"Box Repsol","description":"Box Repsol Site","publisher":{"@id":"https:\/\/www.boxrepsol.com\/es\/#organization"},"potentialAction":[{"@type":"SearchAction","target":{"@type":"EntryPoint","urlTemplate":"https:\/\/www.boxrepsol.com\/es\/?s={search_term_string}"},"query-input":{"@type":"PropertyValueSpecification","valueRequired":true,"valueName":"search_term_string"}}],"inLanguage":"es"},{"@type":"Organization","@id":"https:\/\/www.boxrepsol.com\/es\/#organization","name":"Box Repsol","url":"https:\/\/www.boxrepsol.com\/es\/","logo":{"@type":"ImageObject","inLanguage":"es","@id":"https:\/\/www.boxrepsol.com\/es\/#\/schema\/logo\/image\/","url":"https:\/\/bxrepsol.s3.eu-west-1.amazonaws.com\/static\/2025\/07\/30083337\/favicon-96x96-1.png","contentUrl":"https:\/\/bxrepsol.s3.eu-west-1.amazonaws.com\/static\/2025\/07\/30083337\/favicon-96x96-1.png","width":96,"height":96,"caption":"Box Repsol"},"image":{"@id":"https:\/\/www.boxrepsol.com\/es\/#\/schema\/logo\/image\/"},"sameAs":["https:\/\/www.facebook.com\/BoxRepsol","https:\/\/x.com\/box_repsol","http:\/\/instagram.com\/box_repsol","https:\/\/www.youtube.com\/user\/RepsolCompeticion","https:\/\/www.flickr.com\/photos\/box_repsol\/"]},{"@type":"Person","@id":"https:\/\/www.boxrepsol.com\/es\/#\/schema\/person\/c5c2138f2cca251b0ad92b7086bb60b7","name":"Redacci\u00f3n Box Repsol","image":{"@type":"ImageObject","inLanguage":"es","@id":"https:\/\/secure.gravatar.com\/avatar\/adf7b77e38b4419baf32c7e9c21dde01f4e40df611f0978e3006fc4ba0aaab7e?s=96&d=mm&r=g","url":"https:\/\/secure.gravatar.com\/avatar\/adf7b77e38b4419baf32c7e9c21dde01f4e40df611f0978e3006fc4ba0aaab7e?s=96&d=mm&r=g","contentUrl":"https:\/\/secure.gravatar.com\/avatar\/adf7b77e38b4419baf32c7e9c21dde01f4e40df611f0978e3006fc4ba0aaab7e?s=96&d=mm&r=g","caption":"Redacci\u00f3n Box Repsol"},"description":"Box Repsol lo forma un equipo de periodistas, community managers, dise\u00f1adores y fot\u00f3grafos con m\u00e1s de 20 a\u00f1os de experiencia en el mundo del motorsport. Hemos vivido el primer mundial de un espa\u00f1ol en la categor\u00eda reina de motociclismo con \u00c1lex Crivill\u00e9, estuvimos en las victorias de Pedrosa y los t\u00edtulos de M\u00e1rquez, acompa\u00f1amos en \u00c1frica a Nani Roma y Marc Coma en sus conquistas del Dakar y hemos vibrado con los t\u00edtulos de Toni Bou en Trial. Adem\u00e1s, en nuestro equipo contamos con expertos en el mundo de las dos y cuatro ruedas tanto de la calle y las carreteras, como de los circuitos. Periodistas que han trabajado en revistas y publicaciones para hacerte llegar desde rutas y consejos de mantenimiento, a curiosidades y trucos de pilotaje.","sameAs":["https:\/\/www.facebook.com\/BoxRepsol\/","https:\/\/www.instagram.com\/box_repsol\/","https:\/\/x.com\/https:\/\/twitter.com\/box_repsol","https:\/\/www.youtube.com\/@Boxrepsol"],"url":"https:\/\/www.boxrepsol.com\/es\/author\/redaccion-box-repsol\/"}]}},"_links":{"self":[{"href":"https:\/\/www.boxrepsol.com\/es\/wp-json\/wp\/v2\/posts\/110275","targetHints":{"allow":["GET"]}}],"collection":[{"href":"https:\/\/www.boxrepsol.com\/es\/wp-json\/wp\/v2\/posts"}],"about":[{"href":"https:\/\/www.boxrepsol.com\/es\/wp-json\/wp\/v2\/types\/post"}],"author":[{"embeddable":true,"href":"https:\/\/www.boxrepsol.com\/es\/wp-json\/wp\/v2\/users\/43146"}],"replies":[{"embeddable":true,"href":"https:\/\/www.boxrepsol.com\/es\/wp-json\/wp\/v2\/comments?post=110275"}],"version-history":[{"count":3,"href":"https:\/\/www.boxrepsol.com\/es\/wp-json\/wp\/v2\/posts\/110275\/revisions"}],"predecessor-version":[{"id":110303,"href":"https:\/\/www.boxrepsol.com\/es\/wp-json\/wp\/v2\/posts\/110275\/revisions\/110303"}],"wp:featuredmedia":[{"embeddable":true,"href":"https:\/\/www.boxrepsol.com\/es\/wp-json\/wp\/v2\/media\/110276"}],"wp:attachment":[{"href":"https:\/\/www.boxrepsol.com\/es\/wp-json\/wp\/v2\/media?parent=110275"}],"wp:term":[{"taxonomy":"category","embeddable":true,"href":"https:\/\/www.boxrepsol.com\/es\/wp-json\/wp\/v2\/categories?post=110275"},{"taxonomy":"post_tag","embeddable":true,"href":"https:\/\/www.boxrepsol.com\/es\/wp-json\/wp\/v2\/tags?post=110275"}],"curies":[{"name":"wp","href":"https:\/\/api.w.org\/{rel}","templated":true}]}}